{"id":100042,"date":"2024-06-15T02:55:00","date_gmt":"2024-06-15T00:55:00","guid":{"rendered":"https:\/\/www.sonnenseite.com\/?p=100042"},"modified":"2024-06-15T11:09:59","modified_gmt":"2024-06-15T09:09:59","slug":"e-autos-zoelle-schaden-dem-klimaschutz-und-der-gesundheit","status":"publish","type":"post","link":"https:\/\/www.sonnenseite.com\/de\/politik\/e-autos-zoelle-schaden-dem-klimaschutz-und-der-gesundheit\/","title":{"rendered":"E-Auto-Z\u00f6lle schaden dem Klimaschutz und der Gesundheit"},"content":{"rendered":"\n<p>Sowie der sozialen Gerechtigkeit und am Ende auch der EU-Automobilindustrie. EU-Kommissionspr\u00e4sidentin von der Leyen (CDU) <a href=\"https:\/\/www.tagesschau.de\/ausland\/europa\/eu-zoelle-eautos-china-100.html\" target=\"_blank\" rel=\"noreferrer noopener\">hat angek\u00fcndigt Z\u00f6lle auf importierte chinesische Elektroautos einzuf\u00fchren.<\/a><\/p>\n\n\n\n<p>Dies wird unter anderem dazu f\u00fchren, dass die Abl\u00f6sung der Autos mit fossilen Verbrennungsmotoren l\u00e4nger dauert und somit der hohe Verbrauch von klima- und gesundheitssch\u00e4digendem Benzin und Diesel im Verkehrssektor anhalten wird. Die E-Auto-Z\u00f6lle werden der europ\u00e4ischen Autoindustrie nicht helfen \u2013 sie hat im Vorfeld diese Z\u00f6lle auch abgelehnt \u2013 sondern dienen einzig und alleine dem Absatz der fossilen Treibstoffe Benzin und Diesel. Die Mineral\u00f6lkonzerne haben sich offensichtlich mit ihren Interessen in der EU-Kommission wieder durchgesetzt.<\/p>\n\n\n\n<h4 class=\"wp-block-heading\">E-Autos sind Beitrag zum Klimaschutz<\/h4>\n\n\n\n<p>Klimaschutz, Gesundheitsschutz und der EU-Green-Deal spielen f\u00fcr von der Leyen offensichtlich keine Rolle. Selbst angesichts der immensen Wetterextreme der j\u00fcngsten Zeit verhindert sie weiterhin die dringend notwendige Senkung von CO\u2082-Emissionen, gerade im Verkehrssektor. Sie handelt, als g\u00e4be es keine zunehmenden Sch\u00e4den, <a href=\"https:\/\/www.tagesschau.de\/inland\/regional\/hochwasser-sueddeutschland-versicherung-100.html\" target=\"_blank\" rel=\"noreferrer noopener\">wie zum Beispiel die 2 Milliarden Euro Schadensbilanz f\u00fcr versicherte Sch\u00e4den im j\u00fcngsten Hochwasser in S\u00fcddeutschland.<\/a><\/p>\n\n\n\n<p>Mit dem anhaltenden Aussto\u00df von Klimagasen aus Verbrennungsmotoren wird das Aufheizen der Erdatmosph\u00e4re weiter gehen.<\/p>\n\n\n\n<h4 class=\"wp-block-heading\">E-Autos sind Beitrag f\u00fcr den Gesundheitsschutz<\/h4>\n\n\n\n<p>Auch die Krankheitsheitsbelastung, verursacht durch den Verkehrssektor, ist immens. <a href=\"https:\/\/www3.ntu.edu.sg\/CorpComms2\/research%20papers\/PM2.5.pdf\" target=\"_blank\" rel=\"noreferrer noopener\">Gerade wurde eine neue Studie ver\u00f6ffentlicht, wonach die Luftbelastung weltweit in den letzten 40 Jahren etwa 135 Millionen vorzeitige Todesf\u00e4lle verursachte.<\/a><\/p>\n\n\n\n<p>Erheblich ist auch der Verkehr mit Verbrennungsmotoren an der Luftverschmutzung beteiligt.<\/p>\n\n\n\n<p>Wo ist eigentlich die Stimme unseres Gesundheitsministers Lauterbauch in dieser Debatte? Er m\u00fcsste doch genau darauf dr\u00e4ngen, dass die Luft mit E-Autos sauberer wird, <a href=\"https:\/\/www.lung.org\/clean-air\/electric-vehicle-report\" target=\"_blank\" rel=\"noreferrer noopener\">so wie es die amerikanischen Lungen\u00e4rzte l\u00e4ngst in einer Studie von 2023 gefordert haben.<\/a><\/p>\n\n\n\n<p>Dann k\u00f6nnte er seinen stetig wachsenden Haushalt im Gesundheitswesen besser im Zaum halten. Denn wenn die Menschen aufgrund sauberer Luft und geringerer L\u00e4rmbelastung ges\u00fcnder sind, reduzieren sich automatisch auch die Kosten f\u00fcr Krankenbehandlungen.<\/p>\n\n\n\n<h4 class=\"wp-block-heading\">Unverst\u00e4ndnis bei der Ampelkoalition und dem Verband der Automobilindustrie<\/h4>\n\n\n\n<p>Die angek\u00fcndigten Z\u00f6lle der EU-Kommission dienen allein den Interessen der klimasch\u00e4dlichen Erd\u00f6lindustrie. <a href=\"https:\/\/www.euractiv.de\/section\/handel-und-industrie\/news\/deutschland-wehrt-sich-gegen-eu-elektrofahrzeugzoelle\/\" target=\"_blank\" rel=\"noreferrer noopener\">Selbst die f\u00fchrenden deutschen Automobilkonzerne haben sich gegen die E-Auto-Z\u00f6lle ausgesprochen.<\/a> Auch die deutschen Minister Wissing und Habeck sind gegen die Z\u00f6lle.<\/p>\n\n\n\n<p>Sie alle f\u00fcrchten wohl zurecht, dass China nun auch Z\u00f6lle auf deutsche Autos erheben k\u00f6nnte. Ich vermute, dass diese Z\u00f6lle vor allem auf Autos mit Verbrennungsmotoren abzielen werden, da in China die Luftreinhaltepolitik weiter an vorderster Front der Staatsziele steht.<\/p>\n\n\n\n<p>Genau das wird VW, BMW und Daimler stark treffen, da der chinesische Markt ihr gr\u00f6\u00dfter Absatzmarkt ist. Jedoch wandelt sich der chinesische Automobilmarkt rasant zu einem Markt f\u00fcr Elektrofahrzeuge. Im n\u00e4chsten Jahr wird erwartet, dass 50 % der Neuverk\u00e4ufe nur noch E-Autos sein werden.<\/p>\n\n\n\n<p>Gerade konnte ich die Stra\u00dfen in der 20-Millionen-Metropole Shanghai erleben. Nach meiner nicht repr\u00e4sentativen Beobachtung tragen die gr\u00fcnen Nummernschilder von E-Autos bereits zu einem Anteil von 50 % bei. Diese gr\u00fcnen Nummernschilder geh\u00f6ren jedoch haupts\u00e4chlich zu chinesischen Autos und Tesla. Die blauen Nummernschilder der Verbrennungsmotoren sind oft an Fahrzeugen von VW, Daimler, Ford oder Toyota zu sehen.<\/p>\n\n\n\n<p>Falls China ernsthafte Z\u00f6lle auf europ\u00e4ische und US-amerikanische Autos einf\u00fchrt \u2013 Pr\u00e4sident Biden hat gerade erst Z\u00f6lle auf chinesische E-Autos eingef\u00fchrt \u2013 wird der riesige chinesische Automarkt auf absehbare Zeit kaum noch Fahrzeuge aus Europa und den USA aufnehmen. Dies k\u00f6nnte dazu f\u00fchren, dass die Automobilkonzerne mit Verbrennungsmotoren schwer getroffen werden, was insbesondere f\u00fcr die deutsche Industrie ein ernsthaftes Problem darstellen w\u00fcrde. Bereits jetzt m\u00fcssen Autozulieferer in Deutschland Entlassungen vornehmen, da die deutschen Hersteller auf dem wachsenden Markt f\u00fcr E-Autos international und national kaum Fu\u00df fassen k\u00f6nnen.<\/p>\n\n\n\n<h4 class=\"wp-block-heading\">In China ist die Luft- und L\u00e4rmbelastung dank der E-Mobile deutlich zur\u00fcck gegangen<\/h4>\n\n\n\n<p>Aber in Shanghai, Peking und anderen Gro\u00dfst\u00e4dten Chinas wird sich eine Entwicklung fortsetzen, die ich heute im Vergleich zu meinen Besuchen vor 10 Jahren bewusst beobachte: Die Luft wird noch sauberer und der L\u00e4rm auf den Stra\u00dfen noch geringer. Man kann heute in Shanghai direkt an den gro\u00dfen verkehrsreichen Stra\u00dfen in einem Stra\u00dfencaf\u00e9 sitzen \u2013 es ist ruhig, kein einziges l\u00e4rmendes Motorrad st\u00f6rt die Stille. Die vielen E-Autos gleiten fast lautlos dahin, die Luft ist angenehm zum Atmen.<\/p>\n\n\n\n<p>Doch in der EU m\u00fcssen wir noch lange auf solche Zust\u00e4nde warten, wenn die E-Auto-Z\u00f6lle tats\u00e4chlich greifen. Die europ\u00e4ische Autoindustrie ist nach wie vor viel zu schwach im Bereich der E-Autos<a href=\"https:\/\/www.autozeitung.de\/vw-id-1-2022-e-motor-reichweite-197640.html\" target=\"_blank\" rel=\"noreferrer noopener\">. VW hat gerade erst wieder eine seiner vielen bisher kaum umgesetzten Ank\u00fcndigungen gemacht und plant erst bis 2027 ein kosteng\u00fcnstiges und f\u00fcr alle erschwingliches E-Auto auf den Markt zu bringen.<\/a><\/p>\n\n\n\n<p>Die Chinesen dr\u00e4ngen aber heute schon mit ihren kosteng\u00fcnstigen, kleineren E-Autos gerade auf den europ\u00e4ischen Markt.<\/p>\n\n\n\n<h4 class=\"wp-block-heading\">G\u00fcnstige E-Autos senken die Mobilit\u00e4tskosten f\u00fcr Geringverdiener<\/h4>\n\n\n\n<p>Genau hier werden die Z\u00f6lle zu einem sozialen Problem. Die Z\u00f6lle auf chinesische E-Autos werden die Preise f\u00fcr umweltfreundliche Elektroautos nach oben treiben. Dadurch bleiben Geringverdienern meist nur die in der Anschaffung billigeren, aber in den Betriebskosten teureren Verbrenner. Diese verursachen h\u00f6here Kosten durch teures Benzin oder Diesel, h\u00e4ufige Reparaturen, \u00d6lwechsel und hohe KFZ-Steuer. Somit sind die E-Auto-Z\u00f6lle gerade f\u00fcr die mittleren und unteren Einkommensschichten ein echtes soziales Problem.<\/p>\n\n\n\n<h4 class=\"wp-block-heading\">W\u00e4re es nicht gro\u00dfartig, wenn die Chinesen mit ihren Steuergeldern bei uns Klimaschutz, saubere Luft und g\u00fcnstige E-Autos subventionieren w\u00fcrden?<\/h4>\n\n\n\n<p>Wenn es tats\u00e4chlich so ist, wie behauptet wird, dass die chinesischen E-Autos vom Staat stark subventioniert sind, w\u00e4re es doch positiv, wenn diese Subventionen auch bei uns dazu beitragen k\u00f6nnten, dass alle ein erschwingliches, umweltfreundliches Auto kaufen k\u00f6nnen. Zudem w\u00fcrde dies den dringend notwendigen Klimaschutz im Verkehrssektor f\u00f6rdern und zu einer Reduktion der gesundheitssch\u00e4dlichen Luftverschmutzung und L\u00e4rmbelastung beitragen \u2013 alles finanziert vom chinesischen Steuerzahler.<\/p>\n\n\n\n<p>Deutschland scheint offensichtlich nicht genug Steuergelder zu haben, um Klimaschutz und Gesundheitsvorsorge im Verkehrssektor zu subventionieren. Jedenfalls hat die Ampelkoalition aus diesem Grund die Kaufpr\u00e4mien f\u00fcr E-Autos abgeschafft, was zu einem starken R\u00fcckgang der E-Auto-K\u00e4ufe gef\u00fchrt hat.<\/p>\n\n\n\n<p>Bemerkenswert ist auch, dass der ehemalige schwedische Ministerpr\u00e4sident Carl Bildt, jetzt Co-Vorsitzender des Europ\u00e4ischen Rates f\u00fcr Ausw\u00e4rtige Beziehungen, genau darauf hingewiesen hat. In der China Daily vom 13. Juni 2024 wird er zitiert, dass er kein Problem damit h\u00e4tte, wenn chinesische Steuerzahler die Entwicklung Europas in Richtung einer dringend ben\u00f6tigten sauberen Transformation subventionieren w\u00fcrden.<\/p>\n\n\n\n<h4 class=\"wp-block-heading\">Die europ\u00e4ischen Solarz\u00f6lle f\u00fchrten zum Niedergang der europ\u00e4ischen Solarindustrie<\/h4>\n\n\n\n<p>\u00dcbrigens: Die entscheidenden Lehren sollte man aus den europ\u00e4ischen Solarz\u00f6llen im letzten Jahrzehnt ziehen. Um 2013 wurden die Solarz\u00f6lle gegen chinesische Solarmodule vor allem auf Betreiben des gro\u00dfen Solarkonzernes Solarworld eingef\u00fchrt, um die europ\u00e4ische Solarindustrie vor der wachsenden chinesischen Konkurrenz zu sch\u00fctzen. Um 2018 wurden die Z\u00f6lle wieder abgeschafft, Solarworld ging in Konkurs und auch die meisten anderen europ\u00e4ischen Hersteller. Heute werden etwa 90 % aller Solarmodule und Zellen der Welt in China produziert. Die Z\u00f6lle hatten das glatte Gegenteil bewirkt: Niedergang der europ\u00e4ischen Solarindustrie und Solarinvestitionen. Es gab nur einen einzigen Profiteur dabei: die fossile und atomare Wirtschaft, deren Gesch\u00e4fte noch viele Jahre auf hohem Niveau weitergingen, da der Ausbau einer Solarwirtschaft in hohem Ma\u00dfe ausgebremst wurde.<\/p>\n\n\n\n<p>Was ist das nur f\u00fcr eine klima- und gesundheitsfeindliche Politik von Frau von der Leyen? Sie treibt die Konfrontation mit China weiter voran und das in einer Welt, in der wir doch schon genug anwachsende Konflikte haben, die immer h\u00e4ufiger in Kriegen enden. Kooperation und Zusammenarbeit \u00fcber Grenzen hinweg f\u00fchren zum Frieden, nicht das Anheizen weiterer (Handels-)Konfrontationen.<\/p>\n\n\n<h5 class=\"green\">Quelle<\/h5>\r\n\n\n\n<p><a href=\"http:\/\/www.hans-josef-fell.de\/\" target=\"_blank\" rel=\"noreferrer noopener\">Hans-Josef Fell 2024<\/a>&nbsp;|&nbsp;<a href=\"http:\/\/energywatchgroup.org\/\" target=\"_blank\" rel=\"noreferrer noopener\">Pr\u00e4sident der Energy Watch Group (EWG) und Autor des EEG<\/a><\/p>\n<div class=\"shariff shariff-align-flex-start shariff-widget-align-flex-start\"><div class=\"ShariffHeadline\">Diese Meldung teilen<\/div><ul class=\"shariff-buttons theme-round orientation-horizontal buttonsize-medium\"><li class=\"shariff-button facebook shariff-nocustomcolor\" style=\"background-color:#4273c8;border-radius:1%\"><a href=\"https:\/\/www.facebook.com\/sharer\/sharer.php?u=https%3A%2F%2Fwww.sonnenseite.com%2Fde%2Fpolitik%2Fe-autos-zoelle-schaden-dem-klimaschutz-und-der-gesundheit%2F\" title=\"Bei Facebook teilen\" aria-label=\"Bei Facebook teilen\" role=\"button\" rel=\"nofollow\" class=\"shariff-link\" style=\";border-radius:1%; background-color:#3b5998; color:#fff\" target=\"_blank\"><span class=\"shariff-icon\" style=\"\"><svg width=\"32px\" height=\"20px\" xmlns=\"http:\/\/www.w3.org\/2000\/svg\" viewBox=\"0 0 18 32\"><path fill=\"#3b5998\" d=\"M17.1 0.2v4.7h-2.8q-1.5 0-2.1 0.6t-0.5 1.9v3.4h5.2l-0.7 5.3h-4.5v13.6h-5.5v-13.6h-4.5v-5.3h4.5v-3.9q0-3.3 1.9-5.2t5-1.8q2.6 0 4.1 0.2z\"\/><\/svg><\/span><\/a><\/li><li class=\"shariff-button twitter shariff-nocustomcolor\" style=\"background-color:#595959;border-radius:1%\"><a href=\"https:\/\/twitter.com\/share?url=https%3A%2F%2Fwww.sonnenseite.com%2Fde%2Fpolitik%2Fe-autos-zoelle-schaden-dem-klimaschutz-und-der-gesundheit%2F&text=E-Auto-Z%C3%B6lle%20schaden%20dem%20Klimaschutz%20und%20der%20Gesundheit\" title=\"Bei X teilen\" aria-label=\"Bei X teilen\" role=\"button\" rel=\"noopener nofollow\" class=\"shariff-link\" style=\";border-radius:1%; background-color:#000; color:#fff\" target=\"_blank\"><span class=\"shariff-icon\" style=\"\"><svg width=\"32px\" height=\"20px\" xmlns=\"http:\/\/www.w3.org\/2000\/svg\" viewBox=\"0 0 24 24\"><path fill=\"#000\" d=\"M14.258 10.152L23.176 0h-2.113l-7.747 8.813L7.133 0H0l9.352 13.328L0 23.973h2.113l8.176-9.309 6.531 9.309h7.133zm-2.895 3.293l-.949-1.328L2.875 1.56h3.246l6.086 8.523.945 1.328 7.91 11.078h-3.246zm0 0\"\/><\/svg><\/span><\/a><\/li><li class=\"shariff-button xing shariff-nocustomcolor\" style=\"background-color:#29888a;border-radius:1%\"><a href=\"https:\/\/www.xing.com\/spi\/shares\/new?url=https%3A%2F%2Fwww.sonnenseite.com%2Fde%2Fpolitik%2Fe-autos-zoelle-schaden-dem-klimaschutz-und-der-gesundheit%2F\" title=\"Bei XING teilen\" aria-label=\"Bei XING teilen\" role=\"button\" rel=\"noopener nofollow\" class=\"shariff-link\" style=\";border-radius:1%; background-color:#126567; color:#fff\" target=\"_blank\"><span class=\"shariff-icon\" style=\"\"><svg width=\"32px\" height=\"20px\" xmlns=\"http:\/\/www.w3.org\/2000\/svg\" viewBox=\"0 0 25 32\"><path fill=\"#126567\" d=\"M10.7 11.9q-0.2 0.3-4.6 8.2-0.5 0.8-1.2 0.8h-4.3q-0.4 0-0.5-0.3t0-0.6l4.5-8q0 0 0 0l-2.9-5q-0.2-0.4 0-0.7 0.2-0.3 0.5-0.3h4.3q0.7 0 1.2 0.8zM25.1 0.4q0.2 0.3 0 0.7l-9.4 16.7 6 11q0.2 0.4 0 0.6-0.2 0.3-0.6 0.3h-4.3q-0.7 0-1.2-0.8l-6-11.1q0.3-0.6 9.5-16.8 0.4-0.8 1.2-0.8h4.3q0.4 0 0.5 0.3z\"\/><\/svg><\/span><\/a><\/li><li class=\"shariff-button linkedin shariff-nocustomcolor\" style=\"background-color:#1488bf;border-radius:1%\"><a href=\"https:\/\/www.linkedin.com\/sharing\/share-offsite\/?url=https%3A%2F%2Fwww.sonnenseite.com%2Fde%2Fpolitik%2Fe-autos-zoelle-schaden-dem-klimaschutz-und-der-gesundheit%2F\" title=\"Bei LinkedIn teilen\" aria-label=\"Bei LinkedIn teilen\" role=\"button\" rel=\"noopener nofollow\" class=\"shariff-link\" style=\";border-radius:1%; background-color:#0077b5; color:#fff\" target=\"_blank\"><span class=\"shariff-icon\" style=\"\"><svg width=\"32px\" height=\"20px\" xmlns=\"http:\/\/www.w3.org\/2000\/svg\" viewBox=\"0 0 27 32\"><path fill=\"#0077b5\" d=\"M6.2 11.2v17.7h-5.9v-17.7h5.9zM6.6 5.7q0 1.3-0.9 2.2t-2.4 0.9h0q-1.5 0-2.4-0.9t-0.9-2.2 0.9-2.2 2.4-0.9 2.4 0.9 0.9 2.2zM27.4 18.7v10.1h-5.9v-9.5q0-1.9-0.7-2.9t-2.3-1.1q-1.1 0-1.9 0.6t-1.2 1.5q-0.2 0.5-0.2 1.4v9.9h-5.9q0-7.1 0-11.6t0-5.3l0-0.9h5.9v2.6h0q0.4-0.6 0.7-1t1-0.9 1.6-0.8 2-0.3q3 0 4.9 2t1.9 6z\"\/><\/svg><\/span><\/a><\/li><li class=\"shariff-button printer shariff-nocustomcolor\" style=\"background-color:#a8a8a8;border-radius:1%\"><a href=\"javascript:window.print()\" title=\"drucken\" aria-label=\"drucken\" role=\"button\" rel=\"noopener nofollow\" class=\"shariff-link\" style=\";border-radius:1%; background-color:#999; color:#fff\"><span class=\"shariff-icon\" style=\"\"><svg width=\"32px\" height=\"20px\" xmlns=\"http:\/\/www.w3.org\/2000\/svg\" viewBox=\"0 0 30 32\"><path fill=\"#999\" d=\"M6.8 27.4h16v-4.6h-16v4.6zM6.8 16h16v-6.8h-2.8q-0.7 0-1.2-0.5t-0.5-1.2v-2.8h-11.4v11.4zM27.4 17.2q0-0.5-0.3-0.8t-0.8-0.4-0.8 0.4-0.3 0.8 0.3 0.8 0.8 0.3 0.8-0.3 0.3-0.8zM29.7 17.2v7.4q0 0.2-0.2 0.4t-0.4 0.2h-4v2.8q0 0.7-0.5 1.2t-1.2 0.5h-17.2q-0.7 0-1.2-0.5t-0.5-1.2v-2.8h-4q-0.2 0-0.4-0.2t-0.2-0.4v-7.4q0-1.4 1-2.4t2.4-1h1.2v-9.7q0-0.7 0.5-1.2t1.2-0.5h12q0.7 0 1.6 0.4t1.3 0.8l2.7 2.7q0.5 0.5 0.9 1.4t0.4 1.6v4.6h1.1q1.4 0 2.4 1t1 2.4z\"\/><\/svg><\/span><\/a><\/li><li class=\"shariff-button mailto shariff-nocustomcolor\" style=\"background-color:#a8a8a8;border-radius:1%\"><a href=\"mailto:?body=https%3A%2F%2Fwww.sonnenseite.com%2Fde%2Fpolitik%2Fe-autos-zoelle-schaden-dem-klimaschutz-und-der-gesundheit%2F&subject=E-Auto-Z%C3%B6lle%20schaden%20dem%20Klimaschutz%20und%20der%20Gesundheit\" title=\"Per E-Mail versenden\" aria-label=\"Per E-Mail versenden\" role=\"button\" rel=\"noopener nofollow\" class=\"shariff-link\" style=\";border-radius:1%; background-color:#999; color:#fff\"><span class=\"shariff-icon\" style=\"\"><svg width=\"32px\" height=\"20px\" xmlns=\"http:\/\/www.w3.org\/2000\/svg\" viewBox=\"0 0 32 32\"><path fill=\"#999\" d=\"M32 12.7v14.2q0 1.2-0.8 2t-2 0.9h-26.3q-1.2 0-2-0.9t-0.8-2v-14.2q0.8 0.9 1.8 1.6 6.5 4.4 8.9 6.1 1 0.8 1.6 1.2t1.7 0.9 2 0.4h0.1q0.9 0 2-0.4t1.7-0.9 1.6-1.2q3-2.2 8.9-6.1 1-0.7 1.8-1.6zM32 7.4q0 1.4-0.9 2.7t-2.2 2.2q-6.7 4.7-8.4 5.8-0.2 0.1-0.7 0.5t-1 0.7-0.9 0.6-1.1 0.5-0.9 0.2h-0.1q-0.4 0-0.9-0.2t-1.1-0.5-0.9-0.6-1-0.7-0.7-0.5q-1.6-1.1-4.7-3.2t-3.6-2.6q-1.1-0.7-2.1-2t-1-2.5q0-1.4 0.7-2.3t2.1-0.9h26.3q1.2 0 2 0.8t0.9 2z\"\/><\/svg><\/span><\/a><\/li><\/ul><\/div>","protected":false},"excerpt":{"rendered":"<p>Sowie der sozialen Gerechtigkeit und am Ende auch der EU-Automobilindustrie. EU-Kommissionspr\u00e4sidentin von der Leyen (CDU) hat [&hellip;]<\/p>\n","protected":false},"author":3,"featured_media":22341,"comment_status":"closed","ping_status":"closed","sticky":false,"template":"","format":"standard","meta":{"inline_featured_image":false,"footnotes":""},"categories":[21],"tags":[],"class_list":["post-100042","post","type-post","status-publish","format-standard","has-post-thumbnail","hentry","category-politik"],"yoast_head":"<!-- This site is optimized with the Yoast SEO plugin v26.5 - https:\/\/yoast.com\/wordpress\/plugins\/seo\/ -->\n<title>E-Auto-Z\u00f6lle schaden dem Klimaschutz und der Gesundheit - Sonnenseite - \u00d6kologische Kommunikation mit Franz Alt<\/title>\n<meta name=\"description\" content=\"Sowie der sozialen Gerechtigkeit und am Ende auch der EU-Automobilindustrie. EU-Kommissionspr\u00e4sidentin von der Leyen (CDU) hat angek\u00fcndigt Z\u00f6lle auf\" \/>\n<meta name=\"robots\" content=\"index, follow, max-snippet:-1, max-image-preview:large, max-video-preview:-1\" \/>\n<link rel=\"canonical\" href=\"https:\/\/www.sonnenseite.com\/de\/politik\/e-autos-zoelle-schaden-dem-klimaschutz-und-der-gesundheit\/\" \/>\n<meta property=\"og:locale\" content=\"de_DE\" \/>\n<meta property=\"og:type\" content=\"article\" \/>\n<meta property=\"og:title\" content=\"E-Auto-Z\u00f6lle schaden dem Klimaschutz und der Gesundheit - Sonnenseite - \u00d6kologische Kommunikation mit Franz Alt\" \/>\n<meta property=\"og:description\" content=\"Sowie der sozialen Gerechtigkeit und am Ende auch der EU-Automobilindustrie. EU-Kommissionspr\u00e4sidentin von der Leyen (CDU) hat angek\u00fcndigt Z\u00f6lle auf\" \/>\n<meta property=\"og:url\" content=\"https:\/\/www.sonnenseite.com\/de\/politik\/e-autos-zoelle-schaden-dem-klimaschutz-und-der-gesundheit\/\" \/>\n<meta property=\"og:site_name\" content=\"Sonnenseite\" \/>\n<meta property=\"article:publisher\" content=\"https:\/\/www.facebook.com\/pages\/Franz-Alt-SONNENSEITECOM\/221072987903953?fref=ts\" \/>\n<meta property=\"article:published_time\" content=\"2024-06-15T00:55:00+00:00\" \/>\n<meta property=\"article:modified_time\" content=\"2024-06-15T09:09:59+00:00\" \/>\n<meta property=\"og:image\" content=\"https:\/\/www.sonnenseite.com\/wp-content\/uploads\/2017\/12\/eAuto_e6.jpg\" \/>\n\t<meta property=\"og:image:width\" content=\"770\" \/>\n\t<meta property=\"og:image:height\" content=\"420\" \/>\n\t<meta property=\"og:image:type\" content=\"image\/jpeg\" \/>\n<meta name=\"author\" content=\"Bigi Alt\" \/>\n<meta name=\"twitter:card\" content=\"summary_large_image\" \/>\n<meta name=\"twitter:creator\" content=\"@franzalt\" \/>\n<meta name=\"twitter:site\" content=\"@franzalt\" \/>\n<meta name=\"twitter:label1\" content=\"Verfasst von\" \/>\n\t<meta name=\"twitter:data1\" content=\"Bigi Alt\" \/>\n\t<meta name=\"twitter:label2\" content=\"Gesch\u00e4tzte Lesezeit\" \/>\n\t<meta name=\"twitter:data2\" content=\"7\u00a0Minuten\" \/>\n<script type=\"application\/ld+json\" class=\"yoast-schema-graph\">{\"@context\":\"https:\/\/schema.org\",\"@graph\":[{\"@type\":\"Article\",\"@id\":\"https:\/\/www.sonnenseite.com\/de\/politik\/e-autos-zoelle-schaden-dem-klimaschutz-und-der-gesundheit\/#article\",\"isPartOf\":{\"@id\":\"https:\/\/www.sonnenseite.com\/de\/politik\/e-autos-zoelle-schaden-dem-klimaschutz-und-der-gesundheit\/\"},\"author\":{\"name\":\"Bigi Alt\",\"@id\":\"https:\/\/www.sonnenseite.com\/de\/#\/schema\/person\/50fda0e926597684c7cc6695238a4eb9\"},\"headline\":\"E-Auto-Z\u00f6lle schaden dem Klimaschutz und der Gesundheit\",\"datePublished\":\"2024-06-15T00:55:00+00:00\",\"dateModified\":\"2024-06-15T09:09:59+00:00\",\"mainEntityOfPage\":{\"@id\":\"https:\/\/www.sonnenseite.com\/de\/politik\/e-autos-zoelle-schaden-dem-klimaschutz-und-der-gesundheit\/\"},\"wordCount\":1314,\"publisher\":{\"@id\":\"https:\/\/www.sonnenseite.com\/de\/#organization\"},\"image\":{\"@id\":\"https:\/\/www.sonnenseite.com\/de\/politik\/e-autos-zoelle-schaden-dem-klimaschutz-und-der-gesundheit\/#primaryimage\"},\"thumbnailUrl\":\"https:\/\/www.sonnenseite.com\/wp-content\/uploads\/2017\/12\/eAuto_e6.jpg\",\"articleSection\":[\"Politik\"],\"inLanguage\":\"de\"},{\"@type\":\"WebPage\",\"@id\":\"https:\/\/www.sonnenseite.com\/de\/politik\/e-autos-zoelle-schaden-dem-klimaschutz-und-der-gesundheit\/\",\"url\":\"https:\/\/www.sonnenseite.com\/de\/politik\/e-autos-zoelle-schaden-dem-klimaschutz-und-der-gesundheit\/\",\"name\":\"E-Auto-Z\u00f6lle schaden dem Klimaschutz und der Gesundheit - Sonnenseite - \u00d6kologische Kommunikation mit Franz Alt\",\"isPartOf\":{\"@id\":\"https:\/\/www.sonnenseite.com\/de\/#website\"},\"primaryImageOfPage\":{\"@id\":\"https:\/\/www.sonnenseite.com\/de\/politik\/e-autos-zoelle-schaden-dem-klimaschutz-und-der-gesundheit\/#primaryimage\"},\"image\":{\"@id\":\"https:\/\/www.sonnenseite.com\/de\/politik\/e-autos-zoelle-schaden-dem-klimaschutz-und-der-gesundheit\/#primaryimage\"},\"thumbnailUrl\":\"https:\/\/www.sonnenseite.com\/wp-content\/uploads\/2017\/12\/eAuto_e6.jpg\",\"datePublished\":\"2024-06-15T00:55:00+00:00\",\"dateModified\":\"2024-06-15T09:09:59+00:00\",\"description\":\"Sowie der sozialen Gerechtigkeit und am Ende auch der EU-Automobilindustrie. EU-Kommissionspr\u00e4sidentin von der Leyen (CDU) hat angek\u00fcndigt Z\u00f6lle auf\",\"breadcrumb\":{\"@id\":\"https:\/\/www.sonnenseite.com\/de\/politik\/e-autos-zoelle-schaden-dem-klimaschutz-und-der-gesundheit\/#breadcrumb\"},\"inLanguage\":\"de\",\"potentialAction\":[{\"@type\":\"ReadAction\",\"target\":[\"https:\/\/www.sonnenseite.com\/de\/politik\/e-autos-zoelle-schaden-dem-klimaschutz-und-der-gesundheit\/\"]}]},{\"@type\":\"ImageObject\",\"inLanguage\":\"de\",\"@id\":\"https:\/\/www.sonnenseite.com\/de\/politik\/e-autos-zoelle-schaden-dem-klimaschutz-und-der-gesundheit\/#primaryimage\",\"url\":\"https:\/\/www.sonnenseite.com\/wp-content\/uploads\/2017\/12\/eAuto_e6.jpg\",\"contentUrl\":\"https:\/\/www.sonnenseite.com\/wp-content\/uploads\/2017\/12\/eAuto_e6.jpg\",\"width\":770,\"height\":420,\"caption\":\"BYD Company Limited | Der BYDi e6\"},{\"@type\":\"BreadcrumbList\",\"@id\":\"https:\/\/www.sonnenseite.com\/de\/politik\/e-autos-zoelle-schaden-dem-klimaschutz-und-der-gesundheit\/#breadcrumb\",\"itemListElement\":[{\"@type\":\"ListItem\",\"position\":1,\"name\":\"Startseite\",\"item\":\"https:\/\/www.sonnenseite.com\/de\/\"},{\"@type\":\"ListItem\",\"position\":2,\"name\":\"E-Auto-Z\u00f6lle schaden dem Klimaschutz und der Gesundheit\"}]},{\"@type\":\"WebSite\",\"@id\":\"https:\/\/www.sonnenseite.com\/de\/#website\",\"url\":\"https:\/\/www.sonnenseite.com\/de\/\",\"name\":\"Sonnenseite\",\"description\":\"\u00d6kologische Kommunikation mit Franz Alt\",\"publisher\":{\"@id\":\"https:\/\/www.sonnenseite.com\/de\/#organization\"},\"potentialAction\":[{\"@type\":\"SearchAction\",\"target\":{\"@type\":\"EntryPoint\",\"urlTemplate\":\"https:\/\/www.sonnenseite.com\/de\/?s={search_term_string}\"},\"query-input\":{\"@type\":\"PropertyValueSpecification\",\"valueRequired\":true,\"valueName\":\"search_term_string\"}}],\"inLanguage\":\"de\"},{\"@type\":\"Organization\",\"@id\":\"https:\/\/www.sonnenseite.com\/de\/#organization\",\"name\":\"Sonnenseite\",\"url\":\"https:\/\/www.sonnenseite.com\/de\/\",\"logo\":{\"@type\":\"ImageObject\",\"inLanguage\":\"de\",\"@id\":\"https:\/\/www.sonnenseite.com\/de\/#\/schema\/logo\/image\/\",\"url\":\"https:\/\/www.sonnenseite.com\/wp-content\/uploads\/2020\/05\/Sonnenseite_Logo.png\",\"contentUrl\":\"https:\/\/www.sonnenseite.com\/wp-content\/uploads\/2020\/05\/Sonnenseite_Logo.png\",\"width\":377,\"height\":90,\"caption\":\"Sonnenseite\"},\"image\":{\"@id\":\"https:\/\/www.sonnenseite.com\/de\/#\/schema\/logo\/image\/\"},\"sameAs\":[\"https:\/\/www.facebook.com\/pages\/Franz-Alt-SONNENSEITECOM\/221072987903953?fref=ts\",\"https:\/\/x.com\/franzalt\",\"http:\/\/www.youtube.com\/results?search_query&amp;amp;quot;franz_alt&amp;amp;quot;&amp;amp;amp;amp;search_type&amp;amp;amp;amp;aq=f\"]},{\"@type\":\"Person\",\"@id\":\"https:\/\/www.sonnenseite.com\/de\/#\/schema\/person\/50fda0e926597684c7cc6695238a4eb9\",\"name\":\"Bigi Alt\"}]}<\/script>\n<!-- \/ Yoast SEO plugin. -->","yoast_head_json":{"title":"E-Auto-Z\u00f6lle schaden dem Klimaschutz und der Gesundheit - Sonnenseite - \u00d6kologische Kommunikation mit Franz Alt","description":"Sowie der sozialen Gerechtigkeit und am Ende auch der EU-Automobilindustrie. EU-Kommissionspr\u00e4sidentin von der Leyen (CDU) hat angek\u00fcndigt Z\u00f6lle auf","robots":{"index":"index","follow":"follow","max-snippet":"max-snippet:-1","max-image-preview":"max-image-preview:large","max-video-preview":"max-video-preview:-1"},"canonical":"https:\/\/www.sonnenseite.com\/de\/politik\/e-autos-zoelle-schaden-dem-klimaschutz-und-der-gesundheit\/","og_locale":"de_DE","og_type":"article","og_title":"E-Auto-Z\u00f6lle schaden dem Klimaschutz und der Gesundheit - Sonnenseite - \u00d6kologische Kommunikation mit Franz Alt","og_description":"Sowie der sozialen Gerechtigkeit und am Ende auch der EU-Automobilindustrie. EU-Kommissionspr\u00e4sidentin von der Leyen (CDU) hat angek\u00fcndigt Z\u00f6lle auf","og_url":"https:\/\/www.sonnenseite.com\/de\/politik\/e-autos-zoelle-schaden-dem-klimaschutz-und-der-gesundheit\/","og_site_name":"Sonnenseite","article_publisher":"https:\/\/www.facebook.com\/pages\/Franz-Alt-SONNENSEITECOM\/221072987903953?fref=ts","article_published_time":"2024-06-15T00:55:00+00:00","article_modified_time":"2024-06-15T09:09:59+00:00","og_image":[{"width":770,"height":420,"url":"https:\/\/www.sonnenseite.com\/wp-content\/uploads\/2017\/12\/eAuto_e6.jpg","type":"image\/jpeg"}],"author":"Bigi Alt","twitter_card":"summary_large_image","twitter_creator":"@franzalt","twitter_site":"@franzalt","twitter_misc":{"Verfasst von":"Bigi Alt","Gesch\u00e4tzte Lesezeit":"7\u00a0Minuten"},"schema":{"@context":"https:\/\/schema.org","@graph":[{"@type":"Article","@id":"https:\/\/www.sonnenseite.com\/de\/politik\/e-autos-zoelle-schaden-dem-klimaschutz-und-der-gesundheit\/#article","isPartOf":{"@id":"https:\/\/www.sonnenseite.com\/de\/politik\/e-autos-zoelle-schaden-dem-klimaschutz-und-der-gesundheit\/"},"author":{"name":"Bigi Alt","@id":"https:\/\/www.sonnenseite.com\/de\/#\/schema\/person\/50fda0e926597684c7cc6695238a4eb9"},"headline":"E-Auto-Z\u00f6lle schaden dem Klimaschutz und der Gesundheit","datePublished":"2024-06-15T00:55:00+00:00","dateModified":"2024-06-15T09:09:59+00:00","mainEntityOfPage":{"@id":"https:\/\/www.sonnenseite.com\/de\/politik\/e-autos-zoelle-schaden-dem-klimaschutz-und-der-gesundheit\/"},"wordCount":1314,"publisher":{"@id":"https:\/\/www.sonnenseite.com\/de\/#organization"},"image":{"@id":"https:\/\/www.sonnenseite.com\/de\/politik\/e-autos-zoelle-schaden-dem-klimaschutz-und-der-gesundheit\/#primaryimage"},"thumbnailUrl":"https:\/\/www.sonnenseite.com\/wp-content\/uploads\/2017\/12\/eAuto_e6.jpg","articleSection":["Politik"],"inLanguage":"de"},{"@type":"WebPage","@id":"https:\/\/www.sonnenseite.com\/de\/politik\/e-autos-zoelle-schaden-dem-klimaschutz-und-der-gesundheit\/","url":"https:\/\/www.sonnenseite.com\/de\/politik\/e-autos-zoelle-schaden-dem-klimaschutz-und-der-gesundheit\/","name":"E-Auto-Z\u00f6lle schaden dem Klimaschutz und der Gesundheit - Sonnenseite - \u00d6kologische Kommunikation mit Franz Alt","isPartOf":{"@id":"https:\/\/www.sonnenseite.com\/de\/#website"},"primaryImageOfPage":{"@id":"https:\/\/www.sonnenseite.com\/de\/politik\/e-autos-zoelle-schaden-dem-klimaschutz-und-der-gesundheit\/#primaryimage"},"image":{"@id":"https:\/\/www.sonnenseite.com\/de\/politik\/e-autos-zoelle-schaden-dem-klimaschutz-und-der-gesundheit\/#primaryimage"},"thumbnailUrl":"https:\/\/www.sonnenseite.com\/wp-content\/uploads\/2017\/12\/eAuto_e6.jpg","datePublished":"2024-06-15T00:55:00+00:00","dateModified":"2024-06-15T09:09:59+00:00","description":"Sowie der sozialen Gerechtigkeit und am Ende auch der EU-Automobilindustrie. EU-Kommissionspr\u00e4sidentin von der Leyen (CDU) hat angek\u00fcndigt Z\u00f6lle auf","breadcrumb":{"@id":"https:\/\/www.sonnenseite.com\/de\/politik\/e-autos-zoelle-schaden-dem-klimaschutz-und-der-gesundheit\/#breadcrumb"},"inLanguage":"de","potentialAction":[{"@type":"ReadAction","target":["https:\/\/www.sonnenseite.com\/de\/politik\/e-autos-zoelle-schaden-dem-klimaschutz-und-der-gesundheit\/"]}]},{"@type":"ImageObject","inLanguage":"de","@id":"https:\/\/www.sonnenseite.com\/de\/politik\/e-autos-zoelle-schaden-dem-klimaschutz-und-der-gesundheit\/#primaryimage","url":"https:\/\/www.sonnenseite.com\/wp-content\/uploads\/2017\/12\/eAuto_e6.jpg","contentUrl":"https:\/\/www.sonnenseite.com\/wp-content\/uploads\/2017\/12\/eAuto_e6.jpg","width":770,"height":420,"caption":"BYD Company Limited | Der BYDi e6"},{"@type":"BreadcrumbList","@id":"https:\/\/www.sonnenseite.com\/de\/politik\/e-autos-zoelle-schaden-dem-klimaschutz-und-der-gesundheit\/#breadcrumb","itemListElement":[{"@type":"ListItem","position":1,"name":"Startseite","item":"https:\/\/www.sonnenseite.com\/de\/"},{"@type":"ListItem","position":2,"name":"E-Auto-Z\u00f6lle schaden dem Klimaschutz und der Gesundheit"}]},{"@type":"WebSite","@id":"https:\/\/www.sonnenseite.com\/de\/#website","url":"https:\/\/www.sonnenseite.com\/de\/","name":"Sonnenseite","description":"\u00d6kologische Kommunikation mit Franz Alt","publisher":{"@id":"https:\/\/www.sonnenseite.com\/de\/#organization"},"potentialAction":[{"@type":"SearchAction","target":{"@type":"EntryPoint","urlTemplate":"https:\/\/www.sonnenseite.com\/de\/?s={search_term_string}"},"query-input":{"@type":"PropertyValueSpecification","valueRequired":true,"valueName":"search_term_string"}}],"inLanguage":"de"},{"@type":"Organization","@id":"https:\/\/www.sonnenseite.com\/de\/#organization","name":"Sonnenseite","url":"https:\/\/www.sonnenseite.com\/de\/","logo":{"@type":"ImageObject","inLanguage":"de","@id":"https:\/\/www.sonnenseite.com\/de\/#\/schema\/logo\/image\/","url":"https:\/\/www.sonnenseite.com\/wp-content\/uploads\/2020\/05\/Sonnenseite_Logo.png","contentUrl":"https:\/\/www.sonnenseite.com\/wp-content\/uploads\/2020\/05\/Sonnenseite_Logo.png","width":377,"height":90,"caption":"Sonnenseite"},"image":{"@id":"https:\/\/www.sonnenseite.com\/de\/#\/schema\/logo\/image\/"},"sameAs":["https:\/\/www.facebook.com\/pages\/Franz-Alt-SONNENSEITECOM\/221072987903953?fref=ts","https:\/\/x.com\/franzalt","http:\/\/www.youtube.com\/results?search_query&amp;amp;quot;franz_alt&amp;amp;quot;&amp;amp;amp;amp;search_type&amp;amp;amp;amp;aq=f"]},{"@type":"Person","@id":"https:\/\/www.sonnenseite.com\/de\/#\/schema\/person\/50fda0e926597684c7cc6695238a4eb9","name":"Bigi Alt"}]}},"_links":{"self":[{"href":"https:\/\/www.sonnenseite.com\/de\/wp-json\/wp\/v2\/posts\/100042","targetHints":{"allow":["GET"]}}],"collection":[{"href":"https:\/\/www.sonnenseite.com\/de\/wp-json\/wp\/v2\/posts"}],"about":[{"href":"https:\/\/www.sonnenseite.com\/de\/wp-json\/wp\/v2\/types\/post"}],"author":[{"embeddable":true,"href":"https:\/\/www.sonnenseite.com\/de\/wp-json\/wp\/v2\/users\/3"}],"replies":[{"embeddable":true,"href":"https:\/\/www.sonnenseite.com\/de\/wp-json\/wp\/v2\/comments?post=100042"}],"version-history":[{"count":4,"href":"https:\/\/www.sonnenseite.com\/de\/wp-json\/wp\/v2\/posts\/100042\/revisions"}],"predecessor-version":[{"id":100047,"href":"https:\/\/www.sonnenseite.com\/de\/wp-json\/wp\/v2\/posts\/100042\/revisions\/100047"}],"wp:featuredmedia":[{"embeddable":true,"href":"https:\/\/www.sonnenseite.com\/de\/wp-json\/wp\/v2\/media\/22341"}],"wp:attachment":[{"href":"https:\/\/www.sonnenseite.com\/de\/wp-json\/wp\/v2\/media?parent=100042"}],"wp:term":[{"taxonomy":"category","embeddable":true,"href":"https:\/\/www.sonnenseite.com\/de\/wp-json\/wp\/v2\/categories?post=100042"},{"taxonomy":"post_tag","embeddable":true,"href":"https:\/\/www.sonnenseite.com\/de\/wp-json\/wp\/v2\/tags?post=100042"}],"curies":[{"name":"wp","href":"https:\/\/api.w.org\/{rel}","templated":true}]}}