{"id":100048,"date":"2024-06-15T17:02:48","date_gmt":"2024-06-15T15:02:48","guid":{"rendered":"https:\/\/www.sonnenseite.com\/?p=100048"},"modified":"2024-07-01T09:23:17","modified_gmt":"2024-07-01T07:23:17","slug":"frieden-in-europa-ist-moeglich","status":"publish","type":"post","link":"https:\/\/www.sonnenseite.com\/de\/franz-alt\/kommentare-interviews\/frieden-in-europa-ist-moeglich\/","title":{"rendered":"Frieden in Europa ist m\u00f6glich \u00a0\u00a0"},"content":{"rendered":"\n<p>Mit seinem \u201eEuropean Green Deal\u201c macht die EU den Versuch, Europa als ersten Kontinent klimaneutral zu bekommen. Auf dem Weg zur solaren Weltrevolution sollte die EU weiterhin die treibende Kraft sein. <\/p>\n\n\n\n<p>Dabei hat Deutschland als f\u00fchrende Wirtschaftsnation und als Land des ersten Erneuerbaren Energien-Gesetzes sowie durch technologische Fortschritte bei der Energieeffizienz und bei Speichertechnologien eine Vorbildfunktion. In einem ersten Schritt sollte ein neues, verbindliches Treibhausgasminderungsziel f\u00fcr 2040 beschlossen werden. Das hei\u00dft: eine Minderung von mindestens 90-95% im Vergleich zu 1990 schl\u00e4gt der Bundesverband Erneuerbare Energien (BEE) vor. Im Einklang mit dem Pariser Klimaschutzabkommen sollte auch ein Meilenstein f\u00fcr 2035 festgelegt werden. <\/p>\n\n\n\n<p>\u201eZwischenziele sind wichtige Wegmarken, die Orientierung geben. Es ist entscheidend, dass diese Ziele EU-weit und f\u00fcr jeden Mitgliedstaat bindend sind, um eine koh\u00e4rente und effiziente Vorgehensweise zu gew\u00e4hrleisten,\u201c so Simone Peter vom BEE. \u201eDas Treibhausgasminderungsziel sollte mit ambitionierten Zielen f\u00fcr den Ausbau der Erneuerbaren Energien und die Steigerung der Energieeffizienz unterlegt werden, damit es rechtzeitig erreicht werden kann.\u201c<\/p>\n\n\n\n<h4 class=\"wp-block-heading\">Wer oder was ist \u00fcbrigens Europa? <\/h4>\n\n\n\n<p>Der <a href=\"https:\/\/www.sonnenseite.com\/wp-content\/uploads\/2023\/04\/Hans-Hedrich-Sieben-Schritte-zum-Frieden.pdf\">Friedensforscher Hans Hedrich<\/a> gibt diese Antwort: \u201eSiebenhundertf\u00fcnzig Millionen Einwohner, zehneinhalb Millionen Quadratkilometer Fl\u00e4che, ein paar Tausend Jahre Geschichte, neunzig Sprachen, f\u00fcnfzig L\u00e4nder, ein Kontinent: Europas Vielfalt ist sprichw\u00f6rtlich. Sprichw\u00f6rtlich sch\u00f6n aber auch sprichw\u00f6rtlich schwierig, wenn\u2019s um das gute und gerechte Zusammenleben in dieser Vielfalt geht. Wenn das Schwierige zu schwierig wird und ins Schreckliche kippt, nennt sich das Krieg. Davon hatten Europa und die Europ\u00e4er einige. Und fanden danach immer wieder den Weg zur\u00fcck zum Frieden, oder versuchten es zumindest: 2015, 1995, 1975, 1945, 1815. Vielleicht auch 2025? Nun \u2018haben\u2019 wir diesen neuen Krieg in Europa (Ukraine F.A.) und finden trotz der historischen Erfahrung mit Krieg doch nicht den Weg zur\u00fcck zum Frieden. Was ist nur geschehen?\u201d<\/p>\n\n\n\n<p>Verhandlungen mit dem Aggressor Putin \u00fcber die Ukraine kann und wird es erst geben, wenn auch der Westen und die NATO bereit sind, \u00fcber ihre Fehler nach Ende des Kalten Kriegs zu sprechen. Am Ende des Kalten Krieges hatte die NATO 16 Mitglieder, heute sind es durch die NATO-Osterweiterung, durch die NATO-Norderweiterung und durch die NATO-S\u00fcderweiterung 32 Mitglieder im\u00a0 westlichen B\u00fcndnis. <\/p>\n\n\n\n<p>Diese Entwicklung st\u00f6rt uns im Westen nat\u00fcrlich kaum. Wie aber wirkt sie auf einen Machtpolitiker wie Putin, der sich eingekreist f\u00fchlen muss? Haben wir noch die Phantasie, uns in ihn hinein zu versetzen? Das w\u00e4re praktizierte \u201eFeindesliebe\u201d wie sie Jesus in seiner Bergpredigt vorschl\u00e4gt. \u201eFeindesliebe\u201d hei\u00dft ja nicht: Lass dir alles bieten. Aber \u201eFeindesliebe\u201d hei\u00dft ganz konkret und praktisch: Sei kl\u00fcger als dein Feind \u2013 mache du den ersten Schritt auf ihn zu! <\/p>\n\n\n\n<p>Der erste Schritt hei\u00dft Waffenstillstand, der zweite Entsendung von UNO-Friedenstruppen, der dritte Friedensverhandlungen und der vierte: wie einst im Saarland nach den zweiten Weltkrieg ein Referendum, also eine Volksabstimmung zur staatlichen Zugeh\u00f6rigkeit. Vielleicht in etwa zehn Jahren.<\/p>\n\n\n\n<p>Adenauer und De Gaulle hatten damals vereinbart: Das Saarland geh\u00f6rt zu Frankreich, wenn die Saarl\u00e4nder entsprechend abstimmen und Deutschland erkennt dann diese Abstimmung an. Und umgekehrt: Sollten die Saarl\u00e4nder sich f\u00fcr Deutschland entscheiden, dann erkennt Frankreich diese Abstimmung an. <\/p>\n\n\n\n<p>Warum sollte zwischen Russen und Ukrainern nicht m\u00f6glich sein, was zwischen Deutschen und Franzosen nach Jahrhunderten Feindschaft und Kriegen, \u201eErbfeindschaft\u201d nannten das noch meine Eltern, auch m\u00f6glich war? Wenn aber wie jetzt beide Kriegsparteien nicht oder noch nicht an den Verhandlungstisch wollen, weil sie sich immer noch Vorteile auf dem Schlachtfeld erhoffen, dann m\u00fcssen Dritte versuchen, Verhandlungen herbei zu verhandeln. Dieser schreckliche und erbarmungslose Krieg darf nicht l\u00e4nger auf den Schultern der ukrainischen Bev\u00f6lkerung ausgetragen werden.<\/p>\n\n\n<h5 class=\"green\">Quelle<\/h5>\r\n\n\n\n<p><a href=\"mailto:franzalt@sonnenseite.com\">Franz Alt 2024<\/a><\/p>\n<div class=\"shariff shariff-align-flex-start shariff-widget-align-flex-start\"><div class=\"ShariffHeadline\">Diese Meldung teilen<\/div><ul class=\"shariff-buttons theme-round orientation-horizontal buttonsize-medium\"><li class=\"shariff-button facebook shariff-nocustomcolor\" style=\"background-color:#4273c8;border-radius:1%\"><a href=\"https:\/\/www.facebook.com\/sharer\/sharer.php?u=https%3A%2F%2Fwww.sonnenseite.com%2Fde%2Ffranz-alt%2Fkommentare-interviews%2Ffrieden-in-europa-ist-moeglich%2F\" title=\"Bei Facebook teilen\" aria-label=\"Bei Facebook teilen\" role=\"button\" rel=\"nofollow\" class=\"shariff-link\" style=\";border-radius:1%; background-color:#3b5998; color:#fff\" target=\"_blank\"><span class=\"shariff-icon\" style=\"\"><svg width=\"32px\" height=\"20px\" xmlns=\"http:\/\/www.w3.org\/2000\/svg\" viewBox=\"0 0 18 32\"><path fill=\"#3b5998\" d=\"M17.1 0.2v4.7h-2.8q-1.5 0-2.1 0.6t-0.5 1.9v3.4h5.2l-0.7 5.3h-4.5v13.6h-5.5v-13.6h-4.5v-5.3h4.5v-3.9q0-3.3 1.9-5.2t5-1.8q2.6 0 4.1 0.2z\"\/><\/svg><\/span><\/a><\/li><li class=\"shariff-button twitter shariff-nocustomcolor\" style=\"background-color:#595959;border-radius:1%\"><a href=\"https:\/\/twitter.com\/share?url=https%3A%2F%2Fwww.sonnenseite.com%2Fde%2Ffranz-alt%2Fkommentare-interviews%2Ffrieden-in-europa-ist-moeglich%2F&text=Frieden%20in%20Europa%20ist%20m%C3%B6glich%20%C2%A0%C2%A0\" title=\"Bei X teilen\" aria-label=\"Bei X teilen\" role=\"button\" rel=\"noopener nofollow\" class=\"shariff-link\" style=\";border-radius:1%; background-color:#000; color:#fff\" target=\"_blank\"><span class=\"shariff-icon\" style=\"\"><svg width=\"32px\" height=\"20px\" xmlns=\"http:\/\/www.w3.org\/2000\/svg\" viewBox=\"0 0 24 24\"><path fill=\"#000\" d=\"M14.258 10.152L23.176 0h-2.113l-7.747 8.813L7.133 0H0l9.352 13.328L0 23.973h2.113l8.176-9.309 6.531 9.309h7.133zm-2.895 3.293l-.949-1.328L2.875 1.56h3.246l6.086 8.523.945 1.328 7.91 11.078h-3.246zm0 0\"\/><\/svg><\/span><\/a><\/li><li class=\"shariff-button xing shariff-nocustomcolor\" style=\"background-color:#29888a;border-radius:1%\"><a href=\"https:\/\/www.xing.com\/spi\/shares\/new?url=https%3A%2F%2Fwww.sonnenseite.com%2Fde%2Ffranz-alt%2Fkommentare-interviews%2Ffrieden-in-europa-ist-moeglich%2F\" title=\"Bei XING teilen\" aria-label=\"Bei XING teilen\" role=\"button\" rel=\"noopener nofollow\" class=\"shariff-link\" style=\";border-radius:1%; background-color:#126567; color:#fff\" target=\"_blank\"><span class=\"shariff-icon\" style=\"\"><svg width=\"32px\" height=\"20px\" xmlns=\"http:\/\/www.w3.org\/2000\/svg\" viewBox=\"0 0 25 32\"><path fill=\"#126567\" d=\"M10.7 11.9q-0.2 0.3-4.6 8.2-0.5 0.8-1.2 0.8h-4.3q-0.4 0-0.5-0.3t0-0.6l4.5-8q0 0 0 0l-2.9-5q-0.2-0.4 0-0.7 0.2-0.3 0.5-0.3h4.3q0.7 0 1.2 0.8zM25.1 0.4q0.2 0.3 0 0.7l-9.4 16.7 6 11q0.2 0.4 0 0.6-0.2 0.3-0.6 0.3h-4.3q-0.7 0-1.2-0.8l-6-11.1q0.3-0.6 9.5-16.8 0.4-0.8 1.2-0.8h4.3q0.4 0 0.5 0.3z\"\/><\/svg><\/span><\/a><\/li><li class=\"shariff-button linkedin shariff-nocustomcolor\" style=\"background-color:#1488bf;border-radius:1%\"><a href=\"https:\/\/www.linkedin.com\/sharing\/share-offsite\/?url=https%3A%2F%2Fwww.sonnenseite.com%2Fde%2Ffranz-alt%2Fkommentare-interviews%2Ffrieden-in-europa-ist-moeglich%2F\" title=\"Bei LinkedIn teilen\" aria-label=\"Bei LinkedIn teilen\" role=\"button\" rel=\"noopener nofollow\" class=\"shariff-link\" style=\";border-radius:1%; background-color:#0077b5; color:#fff\" target=\"_blank\"><span class=\"shariff-icon\" style=\"\"><svg width=\"32px\" height=\"20px\" xmlns=\"http:\/\/www.w3.org\/2000\/svg\" viewBox=\"0 0 27 32\"><path fill=\"#0077b5\" d=\"M6.2 11.2v17.7h-5.9v-17.7h5.9zM6.6 5.7q0 1.3-0.9 2.2t-2.4 0.9h0q-1.5 0-2.4-0.9t-0.9-2.2 0.9-2.2 2.4-0.9 2.4 0.9 0.9 2.2zM27.4 18.7v10.1h-5.9v-9.5q0-1.9-0.7-2.9t-2.3-1.1q-1.1 0-1.9 0.6t-1.2 1.5q-0.2 0.5-0.2 1.4v9.9h-5.9q0-7.1 0-11.6t0-5.3l0-0.9h5.9v2.6h0q0.4-0.6 0.7-1t1-0.9 1.6-0.8 2-0.3q3 0 4.9 2t1.9 6z\"\/><\/svg><\/span><\/a><\/li><li class=\"shariff-button printer shariff-nocustomcolor\" style=\"background-color:#a8a8a8;border-radius:1%\"><a href=\"javascript:window.print()\" title=\"drucken\" aria-label=\"drucken\" role=\"button\" rel=\"noopener nofollow\" class=\"shariff-link\" style=\";border-radius:1%; background-color:#999; color:#fff\"><span class=\"shariff-icon\" style=\"\"><svg width=\"32px\" height=\"20px\" xmlns=\"http:\/\/www.w3.org\/2000\/svg\" viewBox=\"0 0 30 32\"><path fill=\"#999\" d=\"M6.8 27.4h16v-4.6h-16v4.6zM6.8 16h16v-6.8h-2.8q-0.7 0-1.2-0.5t-0.5-1.2v-2.8h-11.4v11.4zM27.4 17.2q0-0.5-0.3-0.8t-0.8-0.4-0.8 0.4-0.3 0.8 0.3 0.8 0.8 0.3 0.8-0.3 0.3-0.8zM29.7 17.2v7.4q0 0.2-0.2 0.4t-0.4 0.2h-4v2.8q0 0.7-0.5 1.2t-1.2 0.5h-17.2q-0.7 0-1.2-0.5t-0.5-1.2v-2.8h-4q-0.2 0-0.4-0.2t-0.2-0.4v-7.4q0-1.4 1-2.4t2.4-1h1.2v-9.7q0-0.7 0.5-1.2t1.2-0.5h12q0.7 0 1.6 0.4t1.3 0.8l2.7 2.7q0.5 0.5 0.9 1.4t0.4 1.6v4.6h1.1q1.4 0 2.4 1t1 2.4z\"\/><\/svg><\/span><\/a><\/li><li class=\"shariff-button mailto shariff-nocustomcolor\" style=\"background-color:#a8a8a8;border-radius:1%\"><a href=\"mailto:?body=https%3A%2F%2Fwww.sonnenseite.com%2Fde%2Ffranz-alt%2Fkommentare-interviews%2Ffrieden-in-europa-ist-moeglich%2F&subject=Frieden%20in%20Europa%20ist%20m%C3%B6glich%20%C2%A0%C2%A0\" title=\"Per E-Mail versenden\" aria-label=\"Per E-Mail versenden\" role=\"button\" rel=\"noopener nofollow\" class=\"shariff-link\" style=\";border-radius:1%; background-color:#999; color:#fff\"><span class=\"shariff-icon\" style=\"\"><svg width=\"32px\" height=\"20px\" xmlns=\"http:\/\/www.w3.org\/2000\/svg\" viewBox=\"0 0 32 32\"><path fill=\"#999\" d=\"M32 12.7v14.2q0 1.2-0.8 2t-2 0.9h-26.3q-1.2 0-2-0.9t-0.8-2v-14.2q0.8 0.9 1.8 1.6 6.5 4.4 8.9 6.1 1 0.8 1.6 1.2t1.7 0.9 2 0.4h0.1q0.9 0 2-0.4t1.7-0.9 1.6-1.2q3-2.2 8.9-6.1 1-0.7 1.8-1.6zM32 7.4q0 1.4-0.9 2.7t-2.2 2.2q-6.7 4.7-8.4 5.8-0.2 0.1-0.7 0.5t-1 0.7-0.9 0.6-1.1 0.5-0.9 0.2h-0.1q-0.4 0-0.9-0.2t-1.1-0.5-0.9-0.6-1-0.7-0.7-0.5q-1.6-1.1-4.7-3.2t-3.6-2.6q-1.1-0.7-2.1-2t-1-2.5q0-1.4 0.7-2.3t2.1-0.9h26.3q1.2 0 2 0.8t0.9 2z\"\/><\/svg><\/span><\/a><\/li><\/ul><\/div>","protected":false},"excerpt":{"rendered":"<p>Mit seinem \u201eEuropean Green Deal\u201c macht die EU den Versuch, Europa als ersten Kontinent klimaneutral zu [&hellip;]<\/p>\n","protected":false},"author":3,"featured_media":100051,"comment_status":"closed","ping_status":"closed","sticky":false,"template":"","format":"standard","meta":{"inline_featured_image":false,"footnotes":""},"categories":[29],"tags":[],"class_list":["post-100048","post","type-post","status-publish","format-standard","has-post-thumbnail","hentry","category-kommentare-interviews"],"yoast_head":"<!-- This site is optimized with the Yoast SEO plugin v26.5 - https:\/\/yoast.com\/wordpress\/plugins\/seo\/ -->\n<title>Frieden in Europa ist m\u00f6glich \u00a0\u00a0 - Sonnenseite - \u00d6kologische Kommunikation mit Franz Alt<\/title>\n<meta name=\"description\" content=\"Mit seinem \u201eEuropean Green Deal\u201c macht die EU den Versuch, Europa als ersten Kontinent klimaneutral zu bekommen. Auf dem Weg zur solaren Weltrevolution\" \/>\n<meta name=\"robots\" content=\"index, follow, max-snippet:-1, max-image-preview:large, max-video-preview:-1\" \/>\n<link rel=\"canonical\" href=\"https:\/\/www.sonnenseite.com\/de\/franz-alt\/kommentare-interviews\/frieden-in-europa-ist-moeglich\/\" \/>\n<meta property=\"og:locale\" content=\"de_DE\" \/>\n<meta property=\"og:type\" content=\"article\" \/>\n<meta property=\"og:title\" content=\"Frieden in Europa ist m\u00f6glich \u00a0\u00a0 - Sonnenseite - \u00d6kologische Kommunikation mit Franz Alt\" \/>\n<meta property=\"og:description\" content=\"Mit seinem \u201eEuropean Green Deal\u201c macht die EU den Versuch, Europa als ersten Kontinent klimaneutral zu bekommen. Auf dem Weg zur solaren Weltrevolution\" \/>\n<meta property=\"og:url\" content=\"https:\/\/www.sonnenseite.com\/de\/franz-alt\/kommentare-interviews\/frieden-in-europa-ist-moeglich\/\" \/>\n<meta property=\"og:site_name\" content=\"Sonnenseite\" \/>\n<meta property=\"article:publisher\" content=\"https:\/\/www.facebook.com\/pages\/Franz-Alt-SONNENSEITECOM\/221072987903953?fref=ts\" \/>\n<meta property=\"article:published_time\" content=\"2024-06-15T15:02:48+00:00\" \/>\n<meta property=\"article:modified_time\" content=\"2024-07-01T07:23:17+00:00\" \/>\n<meta property=\"og:image\" content=\"https:\/\/www.sonnenseite.com\/wp-content\/uploads\/2024\/06\/Europa_MarkoAliaksandr_Taube.jpg\" \/>\n\t<meta property=\"og:image:width\" content=\"770\" \/>\n\t<meta property=\"og:image:height\" content=\"420\" \/>\n\t<meta property=\"og:image:type\" content=\"image\/jpeg\" \/>\n<meta name=\"author\" content=\"Bigi Alt\" \/>\n<meta name=\"twitter:card\" content=\"summary_large_image\" \/>\n<meta name=\"twitter:creator\" content=\"@franzalt\" \/>\n<meta name=\"twitter:site\" content=\"@franzalt\" \/>\n<meta name=\"twitter:label1\" content=\"Verfasst von\" \/>\n\t<meta name=\"twitter:data1\" content=\"Bigi Alt\" \/>\n\t<meta name=\"twitter:label2\" content=\"Gesch\u00e4tzte Lesezeit\" \/>\n\t<meta name=\"twitter:data2\" content=\"4\u00a0Minuten\" \/>\n<script type=\"application\/ld+json\" class=\"yoast-schema-graph\">{\"@context\":\"https:\/\/schema.org\",\"@graph\":[{\"@type\":\"Article\",\"@id\":\"https:\/\/www.sonnenseite.com\/de\/franz-alt\/kommentare-interviews\/frieden-in-europa-ist-moeglich\/#article\",\"isPartOf\":{\"@id\":\"https:\/\/www.sonnenseite.com\/de\/franz-alt\/kommentare-interviews\/frieden-in-europa-ist-moeglich\/\"},\"author\":{\"name\":\"Bigi Alt\",\"@id\":\"https:\/\/www.sonnenseite.com\/de\/#\/schema\/person\/50fda0e926597684c7cc6695238a4eb9\"},\"headline\":\"Frieden in Europa ist m\u00f6glich \u00a0\u00a0\",\"datePublished\":\"2024-06-15T15:02:48+00:00\",\"dateModified\":\"2024-07-01T07:23:17+00:00\",\"mainEntityOfPage\":{\"@id\":\"https:\/\/www.sonnenseite.com\/de\/franz-alt\/kommentare-interviews\/frieden-in-europa-ist-moeglich\/\"},\"wordCount\":608,\"publisher\":{\"@id\":\"https:\/\/www.sonnenseite.com\/de\/#organization\"},\"image\":{\"@id\":\"https:\/\/www.sonnenseite.com\/de\/franz-alt\/kommentare-interviews\/frieden-in-europa-ist-moeglich\/#primaryimage\"},\"thumbnailUrl\":\"https:\/\/www.sonnenseite.com\/wp-content\/uploads\/2024\/06\/Europa_MarkoAliaksandr_Taube.jpg\",\"articleSection\":[\"Kommentare &amp; Interviews\"],\"inLanguage\":\"de\"},{\"@type\":\"WebPage\",\"@id\":\"https:\/\/www.sonnenseite.com\/de\/franz-alt\/kommentare-interviews\/frieden-in-europa-ist-moeglich\/\",\"url\":\"https:\/\/www.sonnenseite.com\/de\/franz-alt\/kommentare-interviews\/frieden-in-europa-ist-moeglich\/\",\"name\":\"Frieden in Europa ist m\u00f6glich \u00a0\u00a0 - Sonnenseite - \u00d6kologische Kommunikation mit Franz Alt\",\"isPartOf\":{\"@id\":\"https:\/\/www.sonnenseite.com\/de\/#website\"},\"primaryImageOfPage\":{\"@id\":\"https:\/\/www.sonnenseite.com\/de\/franz-alt\/kommentare-interviews\/frieden-in-europa-ist-moeglich\/#primaryimage\"},\"image\":{\"@id\":\"https:\/\/www.sonnenseite.com\/de\/franz-alt\/kommentare-interviews\/frieden-in-europa-ist-moeglich\/#primaryimage\"},\"thumbnailUrl\":\"https:\/\/www.sonnenseite.com\/wp-content\/uploads\/2024\/06\/Europa_MarkoAliaksandr_Taube.jpg\",\"datePublished\":\"2024-06-15T15:02:48+00:00\",\"dateModified\":\"2024-07-01T07:23:17+00:00\",\"description\":\"Mit seinem \u201eEuropean Green Deal\u201c macht die EU den Versuch, Europa als ersten Kontinent klimaneutral zu bekommen. Auf dem Weg zur solaren Weltrevolution\",\"breadcrumb\":{\"@id\":\"https:\/\/www.sonnenseite.com\/de\/franz-alt\/kommentare-interviews\/frieden-in-europa-ist-moeglich\/#breadcrumb\"},\"inLanguage\":\"de\",\"potentialAction\":[{\"@type\":\"ReadAction\",\"target\":[\"https:\/\/www.sonnenseite.com\/de\/franz-alt\/kommentare-interviews\/frieden-in-europa-ist-moeglich\/\"]}]},{\"@type\":\"ImageObject\",\"inLanguage\":\"de\",\"@id\":\"https:\/\/www.sonnenseite.com\/de\/franz-alt\/kommentare-interviews\/frieden-in-europa-ist-moeglich\/#primaryimage\",\"url\":\"https:\/\/www.sonnenseite.com\/wp-content\/uploads\/2024\/06\/Europa_MarkoAliaksandr_Taube.jpg\",\"contentUrl\":\"https:\/\/www.sonnenseite.com\/wp-content\/uploads\/2024\/06\/Europa_MarkoAliaksandr_Taube.jpg\",\"width\":770,\"height\":420,\"caption\":\"Depositphotos.com \/ MarkoAliaksandr | pixabay.com \/ lker-Free-Vector-Images\"},{\"@type\":\"BreadcrumbList\",\"@id\":\"https:\/\/www.sonnenseite.com\/de\/franz-alt\/kommentare-interviews\/frieden-in-europa-ist-moeglich\/#breadcrumb\",\"itemListElement\":[{\"@type\":\"ListItem\",\"position\":1,\"name\":\"Startseite\",\"item\":\"https:\/\/www.sonnenseite.com\/de\/\"},{\"@type\":\"ListItem\",\"position\":2,\"name\":\"Frieden in Europa ist m\u00f6glich \u00a0\u00a0\"}]},{\"@type\":\"WebSite\",\"@id\":\"https:\/\/www.sonnenseite.com\/de\/#website\",\"url\":\"https:\/\/www.sonnenseite.com\/de\/\",\"name\":\"Sonnenseite\",\"description\":\"\u00d6kologische Kommunikation mit Franz Alt\",\"publisher\":{\"@id\":\"https:\/\/www.sonnenseite.com\/de\/#organization\"},\"potentialAction\":[{\"@type\":\"SearchAction\",\"target\":{\"@type\":\"EntryPoint\",\"urlTemplate\":\"https:\/\/www.sonnenseite.com\/de\/?s={search_term_string}\"},\"query-input\":{\"@type\":\"PropertyValueSpecification\",\"valueRequired\":true,\"valueName\":\"search_term_string\"}}],\"inLanguage\":\"de\"},{\"@type\":\"Organization\",\"@id\":\"https:\/\/www.sonnenseite.com\/de\/#organization\",\"name\":\"Sonnenseite\",\"url\":\"https:\/\/www.sonnenseite.com\/de\/\",\"logo\":{\"@type\":\"ImageObject\",\"inLanguage\":\"de\",\"@id\":\"https:\/\/www.sonnenseite.com\/de\/#\/schema\/logo\/image\/\",\"url\":\"https:\/\/www.sonnenseite.com\/wp-content\/uploads\/2020\/05\/Sonnenseite_Logo.png\",\"contentUrl\":\"https:\/\/www.sonnenseite.com\/wp-content\/uploads\/2020\/05\/Sonnenseite_Logo.png\",\"width\":377,\"height\":90,\"caption\":\"Sonnenseite\"},\"image\":{\"@id\":\"https:\/\/www.sonnenseite.com\/de\/#\/schema\/logo\/image\/\"},\"sameAs\":[\"https:\/\/www.facebook.com\/pages\/Franz-Alt-SONNENSEITECOM\/221072987903953?fref=ts\",\"https:\/\/x.com\/franzalt\",\"http:\/\/www.youtube.com\/results?search_query&amp;amp;quot;franz_alt&amp;amp;quot;&amp;amp;amp;amp;search_type&amp;amp;amp;amp;aq=f\"]},{\"@type\":\"Person\",\"@id\":\"https:\/\/www.sonnenseite.com\/de\/#\/schema\/person\/50fda0e926597684c7cc6695238a4eb9\",\"name\":\"Bigi Alt\"}]}<\/script>\n<!-- \/ Yoast SEO plugin. -->","yoast_head_json":{"title":"Frieden in Europa ist m\u00f6glich \u00a0\u00a0 - Sonnenseite - \u00d6kologische Kommunikation mit Franz Alt","description":"Mit seinem \u201eEuropean Green Deal\u201c macht die EU den Versuch, Europa als ersten Kontinent klimaneutral zu bekommen. Auf dem Weg zur solaren Weltrevolution","robots":{"index":"index","follow":"follow","max-snippet":"max-snippet:-1","max-image-preview":"max-image-preview:large","max-video-preview":"max-video-preview:-1"},"canonical":"https:\/\/www.sonnenseite.com\/de\/franz-alt\/kommentare-interviews\/frieden-in-europa-ist-moeglich\/","og_locale":"de_DE","og_type":"article","og_title":"Frieden in Europa ist m\u00f6glich \u00a0\u00a0 - Sonnenseite - \u00d6kologische Kommunikation mit Franz Alt","og_description":"Mit seinem \u201eEuropean Green Deal\u201c macht die EU den Versuch, Europa als ersten Kontinent klimaneutral zu bekommen. Auf dem Weg zur solaren Weltrevolution","og_url":"https:\/\/www.sonnenseite.com\/de\/franz-alt\/kommentare-interviews\/frieden-in-europa-ist-moeglich\/","og_site_name":"Sonnenseite","article_publisher":"https:\/\/www.facebook.com\/pages\/Franz-Alt-SONNENSEITECOM\/221072987903953?fref=ts","article_published_time":"2024-06-15T15:02:48+00:00","article_modified_time":"2024-07-01T07:23:17+00:00","og_image":[{"width":770,"height":420,"url":"https:\/\/www.sonnenseite.com\/wp-content\/uploads\/2024\/06\/Europa_MarkoAliaksandr_Taube.jpg","type":"image\/jpeg"}],"author":"Bigi Alt","twitter_card":"summary_large_image","twitter_creator":"@franzalt","twitter_site":"@franzalt","twitter_misc":{"Verfasst von":"Bigi Alt","Gesch\u00e4tzte Lesezeit":"4\u00a0Minuten"},"schema":{"@context":"https:\/\/schema.org","@graph":[{"@type":"Article","@id":"https:\/\/www.sonnenseite.com\/de\/franz-alt\/kommentare-interviews\/frieden-in-europa-ist-moeglich\/#article","isPartOf":{"@id":"https:\/\/www.sonnenseite.com\/de\/franz-alt\/kommentare-interviews\/frieden-in-europa-ist-moeglich\/"},"author":{"name":"Bigi Alt","@id":"https:\/\/www.sonnenseite.com\/de\/#\/schema\/person\/50fda0e926597684c7cc6695238a4eb9"},"headline":"Frieden in Europa ist m\u00f6glich \u00a0\u00a0","datePublished":"2024-06-15T15:02:48+00:00","dateModified":"2024-07-01T07:23:17+00:00","mainEntityOfPage":{"@id":"https:\/\/www.sonnenseite.com\/de\/franz-alt\/kommentare-interviews\/frieden-in-europa-ist-moeglich\/"},"wordCount":608,"publisher":{"@id":"https:\/\/www.sonnenseite.com\/de\/#organization"},"image":{"@id":"https:\/\/www.sonnenseite.com\/de\/franz-alt\/kommentare-interviews\/frieden-in-europa-ist-moeglich\/#primaryimage"},"thumbnailUrl":"https:\/\/www.sonnenseite.com\/wp-content\/uploads\/2024\/06\/Europa_MarkoAliaksandr_Taube.jpg","articleSection":["Kommentare &amp; Interviews"],"inLanguage":"de"},{"@type":"WebPage","@id":"https:\/\/www.sonnenseite.com\/de\/franz-alt\/kommentare-interviews\/frieden-in-europa-ist-moeglich\/","url":"https:\/\/www.sonnenseite.com\/de\/franz-alt\/kommentare-interviews\/frieden-in-europa-ist-moeglich\/","name":"Frieden in Europa ist m\u00f6glich \u00a0\u00a0 - Sonnenseite - \u00d6kologische Kommunikation mit Franz Alt","isPartOf":{"@id":"https:\/\/www.sonnenseite.com\/de\/#website"},"primaryImageOfPage":{"@id":"https:\/\/www.sonnenseite.com\/de\/franz-alt\/kommentare-interviews\/frieden-in-europa-ist-moeglich\/#primaryimage"},"image":{"@id":"https:\/\/www.sonnenseite.com\/de\/franz-alt\/kommentare-interviews\/frieden-in-europa-ist-moeglich\/#primaryimage"},"thumbnailUrl":"https:\/\/www.sonnenseite.com\/wp-content\/uploads\/2024\/06\/Europa_MarkoAliaksandr_Taube.jpg","datePublished":"2024-06-15T15:02:48+00:00","dateModified":"2024-07-01T07:23:17+00:00","description":"Mit seinem \u201eEuropean Green Deal\u201c macht die EU den Versuch, Europa als ersten Kontinent klimaneutral zu bekommen. Auf dem Weg zur solaren Weltrevolution","breadcrumb":{"@id":"https:\/\/www.sonnenseite.com\/de\/franz-alt\/kommentare-interviews\/frieden-in-europa-ist-moeglich\/#breadcrumb"},"inLanguage":"de","potentialAction":[{"@type":"ReadAction","target":["https:\/\/www.sonnenseite.com\/de\/franz-alt\/kommentare-interviews\/frieden-in-europa-ist-moeglich\/"]}]},{"@type":"ImageObject","inLanguage":"de","@id":"https:\/\/www.sonnenseite.com\/de\/franz-alt\/kommentare-interviews\/frieden-in-europa-ist-moeglich\/#primaryimage","url":"https:\/\/www.sonnenseite.com\/wp-content\/uploads\/2024\/06\/Europa_MarkoAliaksandr_Taube.jpg","contentUrl":"https:\/\/www.sonnenseite.com\/wp-content\/uploads\/2024\/06\/Europa_MarkoAliaksandr_Taube.jpg","width":770,"height":420,"caption":"Depositphotos.com \/ MarkoAliaksandr | pixabay.com \/ lker-Free-Vector-Images"},{"@type":"BreadcrumbList","@id":"https:\/\/www.sonnenseite.com\/de\/franz-alt\/kommentare-interviews\/frieden-in-europa-ist-moeglich\/#breadcrumb","itemListElement":[{"@type":"ListItem","position":1,"name":"Startseite","item":"https:\/\/www.sonnenseite.com\/de\/"},{"@type":"ListItem","position":2,"name":"Frieden in Europa ist m\u00f6glich \u00a0\u00a0"}]},{"@type":"WebSite","@id":"https:\/\/www.sonnenseite.com\/de\/#website","url":"https:\/\/www.sonnenseite.com\/de\/","name":"Sonnenseite","description":"\u00d6kologische Kommunikation mit Franz Alt","publisher":{"@id":"https:\/\/www.sonnenseite.com\/de\/#organization"},"potentialAction":[{"@type":"SearchAction","target":{"@type":"EntryPoint","urlTemplate":"https:\/\/www.sonnenseite.com\/de\/?s={search_term_string}"},"query-input":{"@type":"PropertyValueSpecification","valueRequired":true,"valueName":"search_term_string"}}],"inLanguage":"de"},{"@type":"Organization","@id":"https:\/\/www.sonnenseite.com\/de\/#organization","name":"Sonnenseite","url":"https:\/\/www.sonnenseite.com\/de\/","logo":{"@type":"ImageObject","inLanguage":"de","@id":"https:\/\/www.sonnenseite.com\/de\/#\/schema\/logo\/image\/","url":"https:\/\/www.sonnenseite.com\/wp-content\/uploads\/2020\/05\/Sonnenseite_Logo.png","contentUrl":"https:\/\/www.sonnenseite.com\/wp-content\/uploads\/2020\/05\/Sonnenseite_Logo.png","width":377,"height":90,"caption":"Sonnenseite"},"image":{"@id":"https:\/\/www.sonnenseite.com\/de\/#\/schema\/logo\/image\/"},"sameAs":["https:\/\/www.facebook.com\/pages\/Franz-Alt-SONNENSEITECOM\/221072987903953?fref=ts","https:\/\/x.com\/franzalt","http:\/\/www.youtube.com\/results?search_query&amp;amp;quot;franz_alt&amp;amp;quot;&amp;amp;amp;amp;search_type&amp;amp;amp;amp;aq=f"]},{"@type":"Person","@id":"https:\/\/www.sonnenseite.com\/de\/#\/schema\/person\/50fda0e926597684c7cc6695238a4eb9","name":"Bigi Alt"}]}},"_links":{"self":[{"href":"https:\/\/www.sonnenseite.com\/de\/wp-json\/wp\/v2\/posts\/100048","targetHints":{"allow":["GET"]}}],"collection":[{"href":"https:\/\/www.sonnenseite.com\/de\/wp-json\/wp\/v2\/posts"}],"about":[{"href":"https:\/\/www.sonnenseite.com\/de\/wp-json\/wp\/v2\/types\/post"}],"author":[{"embeddable":true,"href":"https:\/\/www.sonnenseite.com\/de\/wp-json\/wp\/v2\/users\/3"}],"replies":[{"embeddable":true,"href":"https:\/\/www.sonnenseite.com\/de\/wp-json\/wp\/v2\/comments?post=100048"}],"version-history":[{"count":2,"href":"https:\/\/www.sonnenseite.com\/de\/wp-json\/wp\/v2\/posts\/100048\/revisions"}],"predecessor-version":[{"id":100050,"href":"https:\/\/www.sonnenseite.com\/de\/wp-json\/wp\/v2\/posts\/100048\/revisions\/100050"}],"wp:featuredmedia":[{"embeddable":true,"href":"https:\/\/www.sonnenseite.com\/de\/wp-json\/wp\/v2\/media\/100051"}],"wp:attachment":[{"href":"https:\/\/www.sonnenseite.com\/de\/wp-json\/wp\/v2\/media?parent=100048"}],"wp:term":[{"taxonomy":"category","embeddable":true,"href":"https:\/\/www.sonnenseite.com\/de\/wp-json\/wp\/v2\/categories?post=100048"},{"taxonomy":"post_tag","embeddable":true,"href":"https:\/\/www.sonnenseite.com\/de\/wp-json\/wp\/v2\/tags?post=100048"}],"curies":[{"name":"wp","href":"https:\/\/api.w.org\/{rel}","templated":true}]}}