{"id":100292,"date":"2024-06-29T16:25:50","date_gmt":"2024-06-29T14:25:50","guid":{"rendered":"https:\/\/www.sonnenseite.com\/?p=100292"},"modified":"2024-07-08T10:03:05","modified_gmt":"2024-07-08T08:03:05","slug":"wie-der-klimawandel-uns-krank-macht","status":"publish","type":"post","link":"https:\/\/www.sonnenseite.com\/de\/franz-alt\/kommentare-interviews\/wie-der-klimawandel-uns-krank-macht\/","title":{"rendered":"Wie der Klimawandel uns krank macht"},"content":{"rendered":"\n<p>Der Klimawandel macht vielen Menschen Angst. Krankhaft ist diese Angst allerdings erst, wenn sie so gro\u00df ist, dass der Alltag nicht mehr bew\u00e4ltigt werden kann. <\/p>\n\n\n\n<p>Dann handelt es sich um eine Angstst\u00f6rung, sagt Martina Winkler, Ober\u00e4rztin am Radical Park in Bernau am Chiemsee und Fach\u00e4rztin f\u00fcr Psychosomatische Medizin.<\/p>\n\n\n\n<h4 class=\"wp-block-heading\">Hitzewellen, D\u00fcrre, \u00dcberschwemmungen &#8211; die Folgen des Klimawandels k\u00f6nnen sich auch auf unsere Psyche auswirken<\/h4>\n\n\n\n<p>&nbsp;In einer k\u00fcrzlich im Deutschen \u00c4rzteblatt ver\u00f6ffentlichten <a href=\"https:\/\/www.aerzteblatt.de\/nachrichten\/151291\/Klimawandel-Haeufige-Sorge-in-der-Psychotherapie\" target=\"_blank\" rel=\"noreferrer noopener\">Umfrage<\/a> gaben 71 Prozent von 573 Psychotherapeuten an, dass ihre Patienten Sorgen bez\u00fcglich der Klimakrise \u00e4u\u00dferten. 41 Prozent dieser Therapeuten hatten mindestens einen Patienten, der die Behandlung aufgrund von Klimaangst, ver\u00e4nderter Gef\u00fchlslage und Depressionen begonnen hat.<\/p>\n\n\n\n<p>Dass die Klimaangst in der Bev\u00f6lkerung aufgrund des Klimawandels immer mehr zunimmt, best\u00e4tigt auch Andreas Meyer-Lindenberg, Pr\u00e4sident der Deutschen Gesellschaft f\u00fcr Psychiatrie und Psychotherapie, Psychosomatik und Nervenheilkunde (DGPPN). Mit jedem Grad, das die Durchschnittstemperatur ansteigt, steige auch das &#8222;Ausma\u00df an psychischen St\u00f6rungen an&#8220; &#8211; und zwar um etwa 0,9 Prozent, sagt er. Bei 80 Millionen Bundesb\u00fcrgern sei das schon eine ganze Menge, so Meyer-Lindenberg, &#8222;wenn man sich \u00fcberlegt, dass wir jetzt schon deutlich mehr als ein Grad \u00fcber dem langj\u00e4hrigen Mittel der Temperaturen sind&#8220;.<\/p>\n\n\n\n<p>Speziell Hitze macht uns nicht nur anf\u00e4lliger f\u00fcr psychische St\u00f6rungen. Sie macht uns auch aggressiver: Es werde im Stra\u00dfenverkehr mehr gehupt, wenn es hei\u00df wird. Hunde bissen mehr. Aggressive Kommentare auf Social-Media-Plattformen n\u00e4hmen bei Hitze zu. All das zeigten Studien, sagt Meyer-Lindenberg.<\/p>\n\n\n\n<p>Besonders ohnehin schon psychisch kranke Menschen sind bei Hitze auch physisch gef\u00e4hrdet. Bei ihnen verdreifache sich laut Meyer-Lindenberg die Sterblichkeit bei Hitzewellen.<\/p>\n\n\n\n<p>Die Aussagen des Psychiaters finden sich auch im Positionspapier zum Thema &#8222;Klimawandel und psychische Gesundheit&#8220;, das die DGPPN bereits im Jahr 2023 ver\u00f6ffentlicht hat, wieder. Posttraumatische Belastungsst\u00f6rungen, Angstst\u00f6rungen oder Depressionen werden hier als Auswirkung auf die psychische Gesundheit aufgrund des Klimawandels vor allem genannt.<\/p>\n\n\n\n<p>Auch sollen laut dem Papier unter anderem F\u00e4higkeiten wie die Aufmerksamkeit, die Ged\u00e4chtnisleistung und die Rechenleistung aufgrund der Luftverschmutzung und dem damit einhergehenden Klimawandel beeintr\u00e4chtigt werden k\u00f6nnen.<\/p>\n\n\n\n<p>Wie sehr und wie lange Naturkatastrophen aufgrund des Klimawandels unsere seelische Gesundheit belasten k\u00f6nnen, verdeutlicht der Psychiater Meyer-Lindenberg an folgendem Beispiel: Nach dem im Jahr 2005 an der US-amerikanischen Golfk\u00fcste w\u00fctenden Hurrikan Katrina seien auch ein Jahr sp\u00e4ter noch &#8222;mehr als zwei Drittel der Bev\u00f6lkerung mit einer posttraumatischen Belastungsst\u00f6rung diagnostizierbar&#8220; gewesen. Und &#8222;auch lange danach&#8220; gab es immer noch &#8222;einen Anstieg von Angstst\u00f6rungen aber auch von Suchterkrankungen&#8220;, sagt Meyer-Lindenberg.<\/p>\n\n\n\n<h4 class=\"wp-block-heading\">Was gegen die Klimaangst hilft<\/h4>\n\n\n\n<p>Der Klimawandel macht vielen Menschen Angst. Das sei durchaus normal, sagt Meyer-Lindenberg.<\/p>\n\n\n\n<p>Krankhaft ist das erst, wenn die Angst so gro\u00df ist, dass der Alltag nicht mehr bew\u00e4ltigt werden kann. Dann handelt es sich laut Melanie Winkler um eine Angstst\u00f6rung. Winkler ist Ober\u00e4rztin am Medical Park in Bernau am Chiemsee und Fach\u00e4rztin f\u00fcr Psychosomatische Medizin und Psychotherapie.<\/p>\n\n\n\n<p>Um seine Angst richtig einzuordnen und zu lernen, mit ihr umzugehen, r\u00e4t die \u00c4rztin dazu, &#8222;einen Realit\u00e4tscheck zu machen&#8220;. Das hei\u00dft, zu pr\u00fcfen: &#8222;Was von der Angst ist real und tats\u00e4chlich begr\u00fcndbar &#8211; und was ist \u00fcbersteigert&#8220;. Unser Gehirn sei schlie\u00dflich &#8222;\u00e4nderbar&#8220;. Und so k\u00f6nnten wir das &#8222;im positiven Sinne beeinflussen, um Dinge besser bew\u00e4ltigen zu k\u00f6nnen, die auf uns zukommen&#8220;, erkl\u00e4rt die Medizinerin.<\/p>\n\n\n<h5 class=\"green\">Quelle<\/h5>\r\n\n\n\n<p><a href=\"mailto:franzalt@sonnenseite.com\">Franz Alt 2024<\/a><\/p>\n<div class=\"shariff shariff-align-flex-start shariff-widget-align-flex-start\"><div class=\"ShariffHeadline\">Diese Meldung teilen<\/div><ul class=\"shariff-buttons theme-round orientation-horizontal buttonsize-medium\"><li class=\"shariff-button facebook shariff-nocustomcolor\" style=\"background-color:#4273c8;border-radius:1%\"><a href=\"https:\/\/www.facebook.com\/sharer\/sharer.php?u=https%3A%2F%2Fwww.sonnenseite.com%2Fde%2Ffranz-alt%2Fkommentare-interviews%2Fwie-der-klimawandel-uns-krank-macht%2F\" title=\"Bei Facebook teilen\" aria-label=\"Bei Facebook teilen\" role=\"button\" rel=\"nofollow\" class=\"shariff-link\" style=\";border-radius:1%; background-color:#3b5998; color:#fff\" target=\"_blank\"><span class=\"shariff-icon\" style=\"\"><svg width=\"32px\" height=\"20px\" xmlns=\"http:\/\/www.w3.org\/2000\/svg\" viewBox=\"0 0 18 32\"><path fill=\"#3b5998\" d=\"M17.1 0.2v4.7h-2.8q-1.5 0-2.1 0.6t-0.5 1.9v3.4h5.2l-0.7 5.3h-4.5v13.6h-5.5v-13.6h-4.5v-5.3h4.5v-3.9q0-3.3 1.9-5.2t5-1.8q2.6 0 4.1 0.2z\"\/><\/svg><\/span><\/a><\/li><li class=\"shariff-button twitter shariff-nocustomcolor\" style=\"background-color:#595959;border-radius:1%\"><a href=\"https:\/\/twitter.com\/share?url=https%3A%2F%2Fwww.sonnenseite.com%2Fde%2Ffranz-alt%2Fkommentare-interviews%2Fwie-der-klimawandel-uns-krank-macht%2F&text=Wie%20der%20Klimawandel%20uns%20krank%20macht\" title=\"Bei X teilen\" aria-label=\"Bei X teilen\" role=\"button\" rel=\"noopener nofollow\" class=\"shariff-link\" style=\";border-radius:1%; background-color:#000; color:#fff\" target=\"_blank\"><span class=\"shariff-icon\" style=\"\"><svg width=\"32px\" height=\"20px\" xmlns=\"http:\/\/www.w3.org\/2000\/svg\" viewBox=\"0 0 24 24\"><path fill=\"#000\" d=\"M14.258 10.152L23.176 0h-2.113l-7.747 8.813L7.133 0H0l9.352 13.328L0 23.973h2.113l8.176-9.309 6.531 9.309h7.133zm-2.895 3.293l-.949-1.328L2.875 1.56h3.246l6.086 8.523.945 1.328 7.91 11.078h-3.246zm0 0\"\/><\/svg><\/span><\/a><\/li><li class=\"shariff-button xing shariff-nocustomcolor\" style=\"background-color:#29888a;border-radius:1%\"><a href=\"https:\/\/www.xing.com\/spi\/shares\/new?url=https%3A%2F%2Fwww.sonnenseite.com%2Fde%2Ffranz-alt%2Fkommentare-interviews%2Fwie-der-klimawandel-uns-krank-macht%2F\" title=\"Bei XING teilen\" aria-label=\"Bei XING teilen\" role=\"button\" rel=\"noopener nofollow\" class=\"shariff-link\" style=\";border-radius:1%; background-color:#126567; color:#fff\" target=\"_blank\"><span class=\"shariff-icon\" style=\"\"><svg width=\"32px\" height=\"20px\" xmlns=\"http:\/\/www.w3.org\/2000\/svg\" viewBox=\"0 0 25 32\"><path fill=\"#126567\" d=\"M10.7 11.9q-0.2 0.3-4.6 8.2-0.5 0.8-1.2 0.8h-4.3q-0.4 0-0.5-0.3t0-0.6l4.5-8q0 0 0 0l-2.9-5q-0.2-0.4 0-0.7 0.2-0.3 0.5-0.3h4.3q0.7 0 1.2 0.8zM25.1 0.4q0.2 0.3 0 0.7l-9.4 16.7 6 11q0.2 0.4 0 0.6-0.2 0.3-0.6 0.3h-4.3q-0.7 0-1.2-0.8l-6-11.1q0.3-0.6 9.5-16.8 0.4-0.8 1.2-0.8h4.3q0.4 0 0.5 0.3z\"\/><\/svg><\/span><\/a><\/li><li class=\"shariff-button linkedin shariff-nocustomcolor\" style=\"background-color:#1488bf;border-radius:1%\"><a href=\"https:\/\/www.linkedin.com\/sharing\/share-offsite\/?url=https%3A%2F%2Fwww.sonnenseite.com%2Fde%2Ffranz-alt%2Fkommentare-interviews%2Fwie-der-klimawandel-uns-krank-macht%2F\" title=\"Bei LinkedIn teilen\" aria-label=\"Bei LinkedIn teilen\" role=\"button\" rel=\"noopener nofollow\" class=\"shariff-link\" style=\";border-radius:1%; background-color:#0077b5; color:#fff\" target=\"_blank\"><span class=\"shariff-icon\" style=\"\"><svg width=\"32px\" height=\"20px\" xmlns=\"http:\/\/www.w3.org\/2000\/svg\" viewBox=\"0 0 27 32\"><path fill=\"#0077b5\" d=\"M6.2 11.2v17.7h-5.9v-17.7h5.9zM6.6 5.7q0 1.3-0.9 2.2t-2.4 0.9h0q-1.5 0-2.4-0.9t-0.9-2.2 0.9-2.2 2.4-0.9 2.4 0.9 0.9 2.2zM27.4 18.7v10.1h-5.9v-9.5q0-1.9-0.7-2.9t-2.3-1.1q-1.1 0-1.9 0.6t-1.2 1.5q-0.2 0.5-0.2 1.4v9.9h-5.9q0-7.1 0-11.6t0-5.3l0-0.9h5.9v2.6h0q0.4-0.6 0.7-1t1-0.9 1.6-0.8 2-0.3q3 0 4.9 2t1.9 6z\"\/><\/svg><\/span><\/a><\/li><li class=\"shariff-button printer shariff-nocustomcolor\" style=\"background-color:#a8a8a8;border-radius:1%\"><a href=\"javascript:window.print()\" title=\"drucken\" aria-label=\"drucken\" role=\"button\" rel=\"noopener nofollow\" class=\"shariff-link\" style=\";border-radius:1%; background-color:#999; color:#fff\"><span class=\"shariff-icon\" style=\"\"><svg width=\"32px\" height=\"20px\" xmlns=\"http:\/\/www.w3.org\/2000\/svg\" viewBox=\"0 0 30 32\"><path fill=\"#999\" d=\"M6.8 27.4h16v-4.6h-16v4.6zM6.8 16h16v-6.8h-2.8q-0.7 0-1.2-0.5t-0.5-1.2v-2.8h-11.4v11.4zM27.4 17.2q0-0.5-0.3-0.8t-0.8-0.4-0.8 0.4-0.3 0.8 0.3 0.8 0.8 0.3 0.8-0.3 0.3-0.8zM29.7 17.2v7.4q0 0.2-0.2 0.4t-0.4 0.2h-4v2.8q0 0.7-0.5 1.2t-1.2 0.5h-17.2q-0.7 0-1.2-0.5t-0.5-1.2v-2.8h-4q-0.2 0-0.4-0.2t-0.2-0.4v-7.4q0-1.4 1-2.4t2.4-1h1.2v-9.7q0-0.7 0.5-1.2t1.2-0.5h12q0.7 0 1.6 0.4t1.3 0.8l2.7 2.7q0.5 0.5 0.9 1.4t0.4 1.6v4.6h1.1q1.4 0 2.4 1t1 2.4z\"\/><\/svg><\/span><\/a><\/li><li class=\"shariff-button mailto shariff-nocustomcolor\" style=\"background-color:#a8a8a8;border-radius:1%\"><a href=\"mailto:?body=https%3A%2F%2Fwww.sonnenseite.com%2Fde%2Ffranz-alt%2Fkommentare-interviews%2Fwie-der-klimawandel-uns-krank-macht%2F&subject=Wie%20der%20Klimawandel%20uns%20krank%20macht\" title=\"Per E-Mail versenden\" aria-label=\"Per E-Mail versenden\" role=\"button\" rel=\"noopener nofollow\" class=\"shariff-link\" style=\";border-radius:1%; background-color:#999; color:#fff\"><span class=\"shariff-icon\" style=\"\"><svg width=\"32px\" height=\"20px\" xmlns=\"http:\/\/www.w3.org\/2000\/svg\" viewBox=\"0 0 32 32\"><path fill=\"#999\" d=\"M32 12.7v14.2q0 1.2-0.8 2t-2 0.9h-26.3q-1.2 0-2-0.9t-0.8-2v-14.2q0.8 0.9 1.8 1.6 6.5 4.4 8.9 6.1 1 0.8 1.6 1.2t1.7 0.9 2 0.4h0.1q0.9 0 2-0.4t1.7-0.9 1.6-1.2q3-2.2 8.9-6.1 1-0.7 1.8-1.6zM32 7.4q0 1.4-0.9 2.7t-2.2 2.2q-6.7 4.7-8.4 5.8-0.2 0.1-0.7 0.5t-1 0.7-0.9 0.6-1.1 0.5-0.9 0.2h-0.1q-0.4 0-0.9-0.2t-1.1-0.5-0.9-0.6-1-0.7-0.7-0.5q-1.6-1.1-4.7-3.2t-3.6-2.6q-1.1-0.7-2.1-2t-1-2.5q0-1.4 0.7-2.3t2.1-0.9h26.3q1.2 0 2 0.8t0.9 2z\"\/><\/svg><\/span><\/a><\/li><\/ul><\/div>","protected":false},"excerpt":{"rendered":"<p>Der Klimawandel macht vielen Menschen Angst. Krankhaft ist diese Angst allerdings erst, wenn sie so gro\u00df [&hellip;]<\/p>\n","protected":false},"author":3,"featured_media":4862,"comment_status":"closed","ping_status":"closed","sticky":false,"template":"","format":"standard","meta":{"inline_featured_image":false,"footnotes":""},"categories":[29],"tags":[],"class_list":["post-100292","post","type-post","status-publish","format-standard","has-post-thumbnail","hentry","category-kommentare-interviews"],"yoast_head":"<!-- This site is optimized with the Yoast SEO plugin v26.5 - https:\/\/yoast.com\/wordpress\/plugins\/seo\/ -->\n<title>Wie der Klimawandel uns krank macht - Sonnenseite - \u00d6kologische Kommunikation mit Franz Alt<\/title>\n<meta name=\"description\" content=\"Der Klimawandel macht vielen Menschen Angst. Krankhaft ist diese Angst allerdings erst, wenn sie so gro\u00df ist, dass der Alltag nicht mehr bew\u00e4ltigt werden\" \/>\n<meta name=\"robots\" content=\"index, follow, max-snippet:-1, max-image-preview:large, max-video-preview:-1\" \/>\n<link rel=\"canonical\" href=\"https:\/\/www.sonnenseite.com\/de\/franz-alt\/kommentare-interviews\/wie-der-klimawandel-uns-krank-macht\/\" \/>\n<meta property=\"og:locale\" content=\"de_DE\" \/>\n<meta property=\"og:type\" content=\"article\" \/>\n<meta property=\"og:title\" content=\"Wie der Klimawandel uns krank macht - Sonnenseite - \u00d6kologische Kommunikation mit Franz Alt\" \/>\n<meta property=\"og:description\" content=\"Der Klimawandel macht vielen Menschen Angst. Krankhaft ist diese Angst allerdings erst, wenn sie so gro\u00df ist, dass der Alltag nicht mehr bew\u00e4ltigt werden\" \/>\n<meta property=\"og:url\" content=\"https:\/\/www.sonnenseite.com\/de\/franz-alt\/kommentare-interviews\/wie-der-klimawandel-uns-krank-macht\/\" \/>\n<meta property=\"og:site_name\" content=\"Sonnenseite\" \/>\n<meta property=\"article:publisher\" content=\"https:\/\/www.facebook.com\/pages\/Franz-Alt-SONNENSEITECOM\/221072987903953?fref=ts\" \/>\n<meta property=\"article:published_time\" content=\"2024-06-29T14:25:50+00:00\" \/>\n<meta property=\"article:modified_time\" content=\"2024-07-08T08:03:05+00:00\" \/>\n<meta property=\"og:image\" content=\"https:\/\/www.sonnenseite.com\/wp-content\/uploads\/2019\/12\/Klimaschutz_Lunge_maximsamos-.jpg\" \/>\n\t<meta property=\"og:image:width\" content=\"770\" \/>\n\t<meta property=\"og:image:height\" content=\"420\" \/>\n\t<meta property=\"og:image:type\" content=\"image\/jpeg\" \/>\n<meta name=\"author\" content=\"Bigi Alt\" \/>\n<meta name=\"twitter:card\" content=\"summary_large_image\" \/>\n<meta name=\"twitter:creator\" content=\"@franzalt\" \/>\n<meta name=\"twitter:site\" content=\"@franzalt\" \/>\n<meta name=\"twitter:label1\" content=\"Verfasst von\" \/>\n\t<meta name=\"twitter:data1\" content=\"Bigi Alt\" \/>\n\t<meta name=\"twitter:label2\" content=\"Gesch\u00e4tzte Lesezeit\" \/>\n\t<meta name=\"twitter:data2\" content=\"3\u00a0Minuten\" \/>\n<script type=\"application\/ld+json\" class=\"yoast-schema-graph\">{\"@context\":\"https:\/\/schema.org\",\"@graph\":[{\"@type\":\"Article\",\"@id\":\"https:\/\/www.sonnenseite.com\/de\/franz-alt\/kommentare-interviews\/wie-der-klimawandel-uns-krank-macht\/#article\",\"isPartOf\":{\"@id\":\"https:\/\/www.sonnenseite.com\/de\/franz-alt\/kommentare-interviews\/wie-der-klimawandel-uns-krank-macht\/\"},\"author\":{\"name\":\"Bigi Alt\",\"@id\":\"https:\/\/www.sonnenseite.com\/de\/#\/schema\/person\/50fda0e926597684c7cc6695238a4eb9\"},\"headline\":\"Wie der Klimawandel uns krank macht\",\"datePublished\":\"2024-06-29T14:25:50+00:00\",\"dateModified\":\"2024-07-08T08:03:05+00:00\",\"mainEntityOfPage\":{\"@id\":\"https:\/\/www.sonnenseite.com\/de\/franz-alt\/kommentare-interviews\/wie-der-klimawandel-uns-krank-macht\/\"},\"wordCount\":578,\"publisher\":{\"@id\":\"https:\/\/www.sonnenseite.com\/de\/#organization\"},\"image\":{\"@id\":\"https:\/\/www.sonnenseite.com\/de\/franz-alt\/kommentare-interviews\/wie-der-klimawandel-uns-krank-macht\/#primaryimage\"},\"thumbnailUrl\":\"https:\/\/www.sonnenseite.com\/wp-content\/uploads\/2019\/12\/Klimaschutz_Lunge_maximsamos-.jpg\",\"articleSection\":[\"Kommentare &amp; Interviews\"],\"inLanguage\":\"de\"},{\"@type\":\"WebPage\",\"@id\":\"https:\/\/www.sonnenseite.com\/de\/franz-alt\/kommentare-interviews\/wie-der-klimawandel-uns-krank-macht\/\",\"url\":\"https:\/\/www.sonnenseite.com\/de\/franz-alt\/kommentare-interviews\/wie-der-klimawandel-uns-krank-macht\/\",\"name\":\"Wie der Klimawandel uns krank macht - Sonnenseite - \u00d6kologische Kommunikation mit Franz Alt\",\"isPartOf\":{\"@id\":\"https:\/\/www.sonnenseite.com\/de\/#website\"},\"primaryImageOfPage\":{\"@id\":\"https:\/\/www.sonnenseite.com\/de\/franz-alt\/kommentare-interviews\/wie-der-klimawandel-uns-krank-macht\/#primaryimage\"},\"image\":{\"@id\":\"https:\/\/www.sonnenseite.com\/de\/franz-alt\/kommentare-interviews\/wie-der-klimawandel-uns-krank-macht\/#primaryimage\"},\"thumbnailUrl\":\"https:\/\/www.sonnenseite.com\/wp-content\/uploads\/2019\/12\/Klimaschutz_Lunge_maximsamos-.jpg\",\"datePublished\":\"2024-06-29T14:25:50+00:00\",\"dateModified\":\"2024-07-08T08:03:05+00:00\",\"description\":\"Der Klimawandel macht vielen Menschen Angst. Krankhaft ist diese Angst allerdings erst, wenn sie so gro\u00df ist, dass der Alltag nicht mehr bew\u00e4ltigt werden\",\"breadcrumb\":{\"@id\":\"https:\/\/www.sonnenseite.com\/de\/franz-alt\/kommentare-interviews\/wie-der-klimawandel-uns-krank-macht\/#breadcrumb\"},\"inLanguage\":\"de\",\"potentialAction\":[{\"@type\":\"ReadAction\",\"target\":[\"https:\/\/www.sonnenseite.com\/de\/franz-alt\/kommentare-interviews\/wie-der-klimawandel-uns-krank-macht\/\"]}]},{\"@type\":\"ImageObject\",\"inLanguage\":\"de\",\"@id\":\"https:\/\/www.sonnenseite.com\/de\/franz-alt\/kommentare-interviews\/wie-der-klimawandel-uns-krank-macht\/#primaryimage\",\"url\":\"https:\/\/www.sonnenseite.com\/wp-content\/uploads\/2019\/12\/Klimaschutz_Lunge_maximsamos-.jpg\",\"contentUrl\":\"https:\/\/www.sonnenseite.com\/wp-content\/uploads\/2019\/12\/Klimaschutz_Lunge_maximsamos-.jpg\",\"width\":770,\"height\":420,\"caption\":\"Depositphotos | maximsa\"},{\"@type\":\"BreadcrumbList\",\"@id\":\"https:\/\/www.sonnenseite.com\/de\/franz-alt\/kommentare-interviews\/wie-der-klimawandel-uns-krank-macht\/#breadcrumb\",\"itemListElement\":[{\"@type\":\"ListItem\",\"position\":1,\"name\":\"Startseite\",\"item\":\"https:\/\/www.sonnenseite.com\/de\/\"},{\"@type\":\"ListItem\",\"position\":2,\"name\":\"Wie der Klimawandel uns krank macht\"}]},{\"@type\":\"WebSite\",\"@id\":\"https:\/\/www.sonnenseite.com\/de\/#website\",\"url\":\"https:\/\/www.sonnenseite.com\/de\/\",\"name\":\"Sonnenseite\",\"description\":\"\u00d6kologische Kommunikation mit Franz Alt\",\"publisher\":{\"@id\":\"https:\/\/www.sonnenseite.com\/de\/#organization\"},\"potentialAction\":[{\"@type\":\"SearchAction\",\"target\":{\"@type\":\"EntryPoint\",\"urlTemplate\":\"https:\/\/www.sonnenseite.com\/de\/?s={search_term_string}\"},\"query-input\":{\"@type\":\"PropertyValueSpecification\",\"valueRequired\":true,\"valueName\":\"search_term_string\"}}],\"inLanguage\":\"de\"},{\"@type\":\"Organization\",\"@id\":\"https:\/\/www.sonnenseite.com\/de\/#organization\",\"name\":\"Sonnenseite\",\"url\":\"https:\/\/www.sonnenseite.com\/de\/\",\"logo\":{\"@type\":\"ImageObject\",\"inLanguage\":\"de\",\"@id\":\"https:\/\/www.sonnenseite.com\/de\/#\/schema\/logo\/image\/\",\"url\":\"https:\/\/www.sonnenseite.com\/wp-content\/uploads\/2020\/05\/Sonnenseite_Logo.png\",\"contentUrl\":\"https:\/\/www.sonnenseite.com\/wp-content\/uploads\/2020\/05\/Sonnenseite_Logo.png\",\"width\":377,\"height\":90,\"caption\":\"Sonnenseite\"},\"image\":{\"@id\":\"https:\/\/www.sonnenseite.com\/de\/#\/schema\/logo\/image\/\"},\"sameAs\":[\"https:\/\/www.facebook.com\/pages\/Franz-Alt-SONNENSEITECOM\/221072987903953?fref=ts\",\"https:\/\/x.com\/franzalt\",\"http:\/\/www.youtube.com\/results?search_query&amp;amp;quot;franz_alt&amp;amp;quot;&amp;amp;amp;amp;search_type&amp;amp;amp;amp;aq=f\"]},{\"@type\":\"Person\",\"@id\":\"https:\/\/www.sonnenseite.com\/de\/#\/schema\/person\/50fda0e926597684c7cc6695238a4eb9\",\"name\":\"Bigi Alt\"}]}<\/script>\n<!-- \/ Yoast SEO plugin. -->","yoast_head_json":{"title":"Wie der Klimawandel uns krank macht - Sonnenseite - \u00d6kologische Kommunikation mit Franz Alt","description":"Der Klimawandel macht vielen Menschen Angst. Krankhaft ist diese Angst allerdings erst, wenn sie so gro\u00df ist, dass der Alltag nicht mehr bew\u00e4ltigt werden","robots":{"index":"index","follow":"follow","max-snippet":"max-snippet:-1","max-image-preview":"max-image-preview:large","max-video-preview":"max-video-preview:-1"},"canonical":"https:\/\/www.sonnenseite.com\/de\/franz-alt\/kommentare-interviews\/wie-der-klimawandel-uns-krank-macht\/","og_locale":"de_DE","og_type":"article","og_title":"Wie der Klimawandel uns krank macht - Sonnenseite - \u00d6kologische Kommunikation mit Franz Alt","og_description":"Der Klimawandel macht vielen Menschen Angst. Krankhaft ist diese Angst allerdings erst, wenn sie so gro\u00df ist, dass der Alltag nicht mehr bew\u00e4ltigt werden","og_url":"https:\/\/www.sonnenseite.com\/de\/franz-alt\/kommentare-interviews\/wie-der-klimawandel-uns-krank-macht\/","og_site_name":"Sonnenseite","article_publisher":"https:\/\/www.facebook.com\/pages\/Franz-Alt-SONNENSEITECOM\/221072987903953?fref=ts","article_published_time":"2024-06-29T14:25:50+00:00","article_modified_time":"2024-07-08T08:03:05+00:00","og_image":[{"width":770,"height":420,"url":"https:\/\/www.sonnenseite.com\/wp-content\/uploads\/2019\/12\/Klimaschutz_Lunge_maximsamos-.jpg","type":"image\/jpeg"}],"author":"Bigi Alt","twitter_card":"summary_large_image","twitter_creator":"@franzalt","twitter_site":"@franzalt","twitter_misc":{"Verfasst von":"Bigi Alt","Gesch\u00e4tzte Lesezeit":"3\u00a0Minuten"},"schema":{"@context":"https:\/\/schema.org","@graph":[{"@type":"Article","@id":"https:\/\/www.sonnenseite.com\/de\/franz-alt\/kommentare-interviews\/wie-der-klimawandel-uns-krank-macht\/#article","isPartOf":{"@id":"https:\/\/www.sonnenseite.com\/de\/franz-alt\/kommentare-interviews\/wie-der-klimawandel-uns-krank-macht\/"},"author":{"name":"Bigi Alt","@id":"https:\/\/www.sonnenseite.com\/de\/#\/schema\/person\/50fda0e926597684c7cc6695238a4eb9"},"headline":"Wie der Klimawandel uns krank macht","datePublished":"2024-06-29T14:25:50+00:00","dateModified":"2024-07-08T08:03:05+00:00","mainEntityOfPage":{"@id":"https:\/\/www.sonnenseite.com\/de\/franz-alt\/kommentare-interviews\/wie-der-klimawandel-uns-krank-macht\/"},"wordCount":578,"publisher":{"@id":"https:\/\/www.sonnenseite.com\/de\/#organization"},"image":{"@id":"https:\/\/www.sonnenseite.com\/de\/franz-alt\/kommentare-interviews\/wie-der-klimawandel-uns-krank-macht\/#primaryimage"},"thumbnailUrl":"https:\/\/www.sonnenseite.com\/wp-content\/uploads\/2019\/12\/Klimaschutz_Lunge_maximsamos-.jpg","articleSection":["Kommentare &amp; Interviews"],"inLanguage":"de"},{"@type":"WebPage","@id":"https:\/\/www.sonnenseite.com\/de\/franz-alt\/kommentare-interviews\/wie-der-klimawandel-uns-krank-macht\/","url":"https:\/\/www.sonnenseite.com\/de\/franz-alt\/kommentare-interviews\/wie-der-klimawandel-uns-krank-macht\/","name":"Wie der Klimawandel uns krank macht - Sonnenseite - \u00d6kologische Kommunikation mit Franz Alt","isPartOf":{"@id":"https:\/\/www.sonnenseite.com\/de\/#website"},"primaryImageOfPage":{"@id":"https:\/\/www.sonnenseite.com\/de\/franz-alt\/kommentare-interviews\/wie-der-klimawandel-uns-krank-macht\/#primaryimage"},"image":{"@id":"https:\/\/www.sonnenseite.com\/de\/franz-alt\/kommentare-interviews\/wie-der-klimawandel-uns-krank-macht\/#primaryimage"},"thumbnailUrl":"https:\/\/www.sonnenseite.com\/wp-content\/uploads\/2019\/12\/Klimaschutz_Lunge_maximsamos-.jpg","datePublished":"2024-06-29T14:25:50+00:00","dateModified":"2024-07-08T08:03:05+00:00","description":"Der Klimawandel macht vielen Menschen Angst. Krankhaft ist diese Angst allerdings erst, wenn sie so gro\u00df ist, dass der Alltag nicht mehr bew\u00e4ltigt werden","breadcrumb":{"@id":"https:\/\/www.sonnenseite.com\/de\/franz-alt\/kommentare-interviews\/wie-der-klimawandel-uns-krank-macht\/#breadcrumb"},"inLanguage":"de","potentialAction":[{"@type":"ReadAction","target":["https:\/\/www.sonnenseite.com\/de\/franz-alt\/kommentare-interviews\/wie-der-klimawandel-uns-krank-macht\/"]}]},{"@type":"ImageObject","inLanguage":"de","@id":"https:\/\/www.sonnenseite.com\/de\/franz-alt\/kommentare-interviews\/wie-der-klimawandel-uns-krank-macht\/#primaryimage","url":"https:\/\/www.sonnenseite.com\/wp-content\/uploads\/2019\/12\/Klimaschutz_Lunge_maximsamos-.jpg","contentUrl":"https:\/\/www.sonnenseite.com\/wp-content\/uploads\/2019\/12\/Klimaschutz_Lunge_maximsamos-.jpg","width":770,"height":420,"caption":"Depositphotos | maximsa"},{"@type":"BreadcrumbList","@id":"https:\/\/www.sonnenseite.com\/de\/franz-alt\/kommentare-interviews\/wie-der-klimawandel-uns-krank-macht\/#breadcrumb","itemListElement":[{"@type":"ListItem","position":1,"name":"Startseite","item":"https:\/\/www.sonnenseite.com\/de\/"},{"@type":"ListItem","position":2,"name":"Wie der Klimawandel uns krank macht"}]},{"@type":"WebSite","@id":"https:\/\/www.sonnenseite.com\/de\/#website","url":"https:\/\/www.sonnenseite.com\/de\/","name":"Sonnenseite","description":"\u00d6kologische Kommunikation mit Franz Alt","publisher":{"@id":"https:\/\/www.sonnenseite.com\/de\/#organization"},"potentialAction":[{"@type":"SearchAction","target":{"@type":"EntryPoint","urlTemplate":"https:\/\/www.sonnenseite.com\/de\/?s={search_term_string}"},"query-input":{"@type":"PropertyValueSpecification","valueRequired":true,"valueName":"search_term_string"}}],"inLanguage":"de"},{"@type":"Organization","@id":"https:\/\/www.sonnenseite.com\/de\/#organization","name":"Sonnenseite","url":"https:\/\/www.sonnenseite.com\/de\/","logo":{"@type":"ImageObject","inLanguage":"de","@id":"https:\/\/www.sonnenseite.com\/de\/#\/schema\/logo\/image\/","url":"https:\/\/www.sonnenseite.com\/wp-content\/uploads\/2020\/05\/Sonnenseite_Logo.png","contentUrl":"https:\/\/www.sonnenseite.com\/wp-content\/uploads\/2020\/05\/Sonnenseite_Logo.png","width":377,"height":90,"caption":"Sonnenseite"},"image":{"@id":"https:\/\/www.sonnenseite.com\/de\/#\/schema\/logo\/image\/"},"sameAs":["https:\/\/www.facebook.com\/pages\/Franz-Alt-SONNENSEITECOM\/221072987903953?fref=ts","https:\/\/x.com\/franzalt","http:\/\/www.youtube.com\/results?search_query&amp;amp;quot;franz_alt&amp;amp;quot;&amp;amp;amp;amp;search_type&amp;amp;amp;amp;aq=f"]},{"@type":"Person","@id":"https:\/\/www.sonnenseite.com\/de\/#\/schema\/person\/50fda0e926597684c7cc6695238a4eb9","name":"Bigi Alt"}]}},"_links":{"self":[{"href":"https:\/\/www.sonnenseite.com\/de\/wp-json\/wp\/v2\/posts\/100292","targetHints":{"allow":["GET"]}}],"collection":[{"href":"https:\/\/www.sonnenseite.com\/de\/wp-json\/wp\/v2\/posts"}],"about":[{"href":"https:\/\/www.sonnenseite.com\/de\/wp-json\/wp\/v2\/types\/post"}],"author":[{"embeddable":true,"href":"https:\/\/www.sonnenseite.com\/de\/wp-json\/wp\/v2\/users\/3"}],"replies":[{"embeddable":true,"href":"https:\/\/www.sonnenseite.com\/de\/wp-json\/wp\/v2\/comments?post=100292"}],"version-history":[{"count":1,"href":"https:\/\/www.sonnenseite.com\/de\/wp-json\/wp\/v2\/posts\/100292\/revisions"}],"predecessor-version":[{"id":100294,"href":"https:\/\/www.sonnenseite.com\/de\/wp-json\/wp\/v2\/posts\/100292\/revisions\/100294"}],"wp:featuredmedia":[{"embeddable":true,"href":"https:\/\/www.sonnenseite.com\/de\/wp-json\/wp\/v2\/media\/4862"}],"wp:attachment":[{"href":"https:\/\/www.sonnenseite.com\/de\/wp-json\/wp\/v2\/media?parent=100292"}],"wp:term":[{"taxonomy":"category","embeddable":true,"href":"https:\/\/www.sonnenseite.com\/de\/wp-json\/wp\/v2\/categories?post=100292"},{"taxonomy":"post_tag","embeddable":true,"href":"https:\/\/www.sonnenseite.com\/de\/wp-json\/wp\/v2\/tags?post=100292"}],"curies":[{"name":"wp","href":"https:\/\/api.w.org\/{rel}","templated":true}]}}