{"id":100573,"date":"2024-07-13T04:53:00","date_gmt":"2024-07-13T02:53:00","guid":{"rendered":"https:\/\/www.sonnenseite.com\/?p=100573"},"modified":"2024-07-28T09:17:43","modified_gmt":"2024-07-28T07:17:43","slug":"vom-klima-vertrieben","status":"publish","type":"post","link":"https:\/\/www.sonnenseite.com\/de\/umwelt\/vom-klima-vertrieben\/","title":{"rendered":"Vom Klima vertrieben"},"content":{"rendered":"\n<p>Mehr als 116 Millionen Menschen waren 2023 laut UNHCR weltweit auf der Flucht \u2013 vor Gewalt, Krieg, zunehmend aber auch infolge von Klimaextremen, ansteigendem Meeresspiegel und Verteilungsk\u00e4mpfen, die etwa durch Wassermangel entstehen. Von <a href=\"https:\/\/www.mpg.de\/22179595\/klimawandel-migration\">Christian Jakob \/ Max-Planck-Gesellschaft 2024<\/a><\/p>\n\n\n\n<p>Doch Klimafolgen kannten die Sch\u00f6pfer der Genfer Fl\u00fcchtlingskonvention von 1951 noch nicht als einen Grund, die Heimat zu verlassen. Das V\u00f6lkerrecht und die Migrationsforschung zeigen auf, wie mit Migration als Folge des Klimawandels umgegangen werden k\u00f6nnte.<\/p>\n\n\n\n<p>Kausea Natano selbst bekam eine Muschelkette \u00fcber das Hawaiihemd geh\u00e4ngt, Australiens Premierminister Anthony Albanese hatte ihm aber noch etwas viel Wertvolleres mitgebracht. Im November 2023 besuchte Albanese den Pr\u00e4sidenten des pazifischen Inselstaats Tuvalu. Und in einem tropischen Garten, beschattet von Palmen, unterzeichneten die beiden einen Vertrag, welcher den 11\u2009000 Einwohnerinnen und Einwohnern von Tuvalu das Recht gibt, nach Australien umzusiedeln, wenn der Klimawandel die Inseln unbewohnbar macht. Sie \u201everdienen die M\u00f6glichkeit, anderswo zu leben, zu studieren und zu arbeiten, wenn sich die Auswirkungen des Klimawandels versch\u00e4rfen\u201c, sagte Albanese.<\/p>\n\n\n\n<p>Die australische Offerte \u2013 die auf Bitten Tuvalus zustande kam \u2013 folgte nicht aus Rechtsanspr\u00fcchen der Tuvaluer oder weil sie es sich \u201everdient\u201c h\u00e4tten. Australien machte ihnen das Zugest\u00e4ndnis, weil es das so wollte. Was aber ist mit den Millionen \u201eklimawandelinduziert Vertriebenen\u201c \u2013 so der etwas umst\u00e4ndliche Fachbegriff \u2013 der Zukunft?<\/p>\n\n\n\n<h4 class=\"wp-block-heading\">Die Heimat eines Drittels der Menschheit k\u00f6nnte unbewohnbar werden<\/h4>\n\n\n\n<p>\u201eDer Klimawandel k\u00f6nnte Hauptfluchtgrund werden\u201c, sagte Ant\u00f3nio Guterres, damals als Hoher Fl\u00fcchtlingskommissar der UN, bereits 2009 auf dem Weltklimagipfel in Kopenhagen. Den UN zufolge vertrieben Fluten, St\u00fcrme, D\u00fcrren und Feuer im Jahr 2019 rund 22 Millionen Menschen und 2023 sogar 32 Millionen. Vergangenes Jahr zeigte die Studie eines Teams um Timothy Lenton von der Universit\u00e4t Exeter die Folgen des Schrumpfens der sogenannten Temperaturnische \u2013 also der Regionen, deren Jahresdurchschnittstemperaturen menschliche Besiedlung erlauben. Das ist von etwa minus 5 bis 35 Grad m\u00f6glich, optimal sind 11 bis 15 Grad. Gebiete au\u00dferhalb der Nische gelten \u2013 vor allem bei einer Kombination aus hohen Temperaturen und hoher Luftfeuchtigkeit \u2013 als teils lebensgef\u00e4hrlich.&nbsp; Bei einer Erderw\u00e4rmung von 2,7 Grad w\u00fcrden zum Ende des Jahrhunderts Regionen au\u00dferhalb der Nische liegen, in denen heute etwa ein Drittel der Menschheit lebt. Das betr\u00e4fe unter anderem Menschen in Indien, Nigeria, Indonesien, Pakistan und auf den Philippinen sowie gro\u00dfe Gebiete etwa von Burkina Faso, Mali oder Katar.<\/p>\n\n\n\n<p>Allerdings l\u00e4sst sich Klimaflucht von anderen Flucht- und Migrationsdynamiken kaum abgrenzen. \u201eVertreibung und Flucht haben viele Gr\u00fcnde, es gibt nicht den einen, singul\u00e4ren Faktor\u201c, sagt Steven Vertovec, Sozialanthropologe und Gr\u00fcndungsdirektor des Max-Planck-Instituts zur Erforschung multireligi\u00f6ser und multiethnischer Gesellschaften in G\u00f6ttingen: \u201eGrund A, Folge B \u2013 das ist ein viel zu simples, lineares Denken.\u201c Es sei schwierig, harte Kriterien aufzustellen, wie es sie etwa f\u00fcr politische Fl\u00fcchtlinge gebe. Beim Klimawandel mischen sich die direkten Klimafolgen mit Ph\u00e4nomenen wie Nahrungsunsicherheit oder Gewalt. Schon die Benennung sei nicht leicht. \u201e\u00dcberlebensmigration\u201c laute ein Vorschlag. \u201eAuch da kommt es aber auf die Abstufungen an \u2013 Mobilit\u00e4tsformen, bei denen das Leben nicht akut bedroht ist, w\u00fcrden nicht erfasst.\u201c Auch der viel verwendete Begriff \u201eVertreibung\u201c \u00fcberzeugt Vertovec nicht: \u201eDie Autonomie der Menschen bei ihren eigenen Handlungen und Entscheidungen in Bezug auf die Migration wird dabei oft \u00fcbersehen.\u201c<\/p>\n\n\n\n<p>Entsprechend skeptisch ist Vertovec auch bei den teils enorm auseinanderklaffenden Prognosen. \u201eDie sind oft Nonsens\u201c, sagt er. \u201eManche behaupten, es werde mehr als eine Milliarde Klimamigranten geben, andere nehmen einfach die ganze Sahelregion und sagen, das seien m\u00f6gliche Klimafl\u00fcchtende. Dabei kommen verr\u00fcckte Zahlen heraus.\u201c Internationale Organisationen seien gefordert, sich auf der Grundlage von Prognosen vorzubereiten. Doch viele dieser Prognosen w\u00fcrden \u201eweniger zur Vorbereitung als zur Abschreckung benutzt\u201c.<\/p>\n\n\n\n<p>Klar ist, der Klimawandel wird zunehmend ein Faktor, der Menschen zwingen wird, ihre Heimat zu verlassen. F\u00fcr viele wird er vielleicht sogar zum Hauptgrund f\u00fcr die Migration. Sie brauchen eine Perspektive: K\u00f6nnen sie nur darauf hoffen, dass irgendwer sie schon freiwillig nimmt \u2013 wie die Tuvaluer? Oder bestehen harte Rechtsanspr\u00fcche?<\/p>\n\n\n\n<p>Ein Recht auf Schutz und Aufnahme ergibt sich aus der UN-Fl\u00fcchtlingskonvention von 1951 (GFK). Diese kennt f\u00fcnf Fluchtgr\u00fcnde: begr\u00fcndete Furcht vor Verfolgung wegen Rasse, Religion, Nationalit\u00e4t, Zugeh\u00f6rigkeit zu einer bestimmten sozialen Gruppe oder wegen politischer \u00dcberzeugung. Klimafl\u00fcchtende fallen also nicht darunter. Die Juristin Laura Kraft forscht am Max-Planck-Institut f\u00fcr ausl\u00e4ndisches \u00f6ffentliches Recht und V\u00f6lkerrecht in Heidelberg. Sie sagt, es w\u00e4re angesichts des gegenw\u00e4rtigen politischen Klimas riskant, die GFK um den Fluchtgrund \u201eklimawandelinduzierte Vertreibung\u201c zu erg\u00e4nzen. \u201eMan w\u00fcrde die B\u00fcchse der Pandora \u00f6ffnen, weil wieder neu \u00fcber schon bestehende Schutzstandards verhandelt werden k\u00f6nnte.\u201c<\/p>\n\n\n\n<h4 class=\"wp-block-heading\">Schutzanspruch durch Zusatzprotokoll der Fl\u00fcchtlingskonvention<\/h4>\n\n\n<div class=\"wp-block-image\">\n<figure class=\"aligncenter size-full is-resized\"><img loading=\"lazy\" decoding=\"async\" width=\"770\" height=\"420\" src=\"https:\/\/www.sonnenseite.com\/wp-content\/uploads\/2016\/03\/inselfieber.jpg\" alt=\"Fotolia.com\" class=\"wp-image-38520\" style=\"width:634px;height:auto\" title=\"Versinkende Inseln: In hundert Jahren wird der Pazifik Inselstaaten wie Tuvalu komplett \u00fcberfluten, warnen Klimaforschende \u2013 die Staaten k\u00e4mpfen um ihre Existenz.\u00a0\" srcset=\"https:\/\/www.sonnenseite.com\/wp-content\/uploads\/2016\/03\/inselfieber.jpg 770w, https:\/\/www.sonnenseite.com\/wp-content\/uploads\/2016\/03\/inselfieber-300x164.jpg 300w, https:\/\/www.sonnenseite.com\/wp-content\/uploads\/2016\/03\/inselfieber-768x419.jpg 768w\" sizes=\"auto, (max-width: 770px) 100vw, 770px\" \/><figcaption class=\"wp-element-caption\">\u00a9 Fotolia.com | Versinkende Inseln: In hundert Jahren wird der Pazifik Inselstaaten wie Tuvalu komplett \u00fcberfluten, warnen Klimaforschende \u2013 die Staaten k\u00e4mpfen um ihre Existenz. &nbsp;<\/figcaption><\/figure>\n<\/div>\n\n\n<p>Weniger riskant w\u00e4re die Festschreibung eines Schutzanspruchs f\u00fcr Klimamigranten und -migrantinnen per Zusatzprotokoll. \u201eDen bestehenden vertraglichen Schutz einschr\u00e4nken kann ein Zusatzprotokoll nicht\u201c, sagt Kraft. Bindend aber w\u00e4re es nur f\u00fcr die Unterzeichnerstaaten, und nur wenige Regierungen w\u00fcrden derzeit wohl eine solche Selbstverpflichtung eingehen.<\/p>\n\n\n\n<p>Begr\u00fcndet aber m\u00f6glicherweise bereits existierendes Recht einen Schutzanspruch f\u00fcr Klimafl\u00fcchtende? Der Erste, der diese Frage ernsthaft zu kl\u00e4ren versuchte, ist Ioane Teitiota, ein B\u00fcrger des Inselstaates Kiribati. Er zog 2007 nach Neuseeland und arbeitete dort als Kohlpfl\u00fccker. Als 2010 sein Arbeitsvisum auslief, beantragte er Asyl, da Kiribati \u00fcberflutet zu werden drohe. Er berief sich auf die GFK und auf das sogenannte Non-Refoulement-Gebot. Dieses verbietet Zur\u00fcckweisungen, wenn etwa das im sogenannten UN-Zivilpakt garantierte Recht auf Leben gef\u00e4hrdet ist. 196 Staaten, darunter Neuseeland, haben den Pakt unterzeichnet. Doch Neuseeland lehnte Teitiotas Antrag ab: Keine der beiden Normen sei anwendbar, sein Leben nicht unmittelbar gef\u00e4hrdet.<\/p>\n\n\n\n<p>Teitiota wurde samt Familie 2015 nach Kiribati abgeschoben und zog vor den UN-Menschenrechtsausschuss. Der wies die Beschwerde 2020 zur\u00fcck, weil Teitiotas Leben in Kiribati zum Zeitpunkt der Abschiebung nicht bedroht gewesen sei. Der Ausschuss stellte aber erstmals fest, dass Abschiebungen dann gegen den Zivilpakt versto\u00dfen k\u00f6nnen, wenn die Betroffenen vom Klimawandel verursachten Bedingungen ausgesetzt sind, die ihr Recht auf Leben gef\u00e4hrden. F\u00fcr den UN-Ausschuss ein \u201ehistorischer Fall\u201c, der Asylantr\u00e4ge zum Klimawandel erm\u00f6gliche \u2013 so bewertete das Gremium seine eigene Entscheidung im Januar 2020. Die Zahl der \u201eklimawandelinduziert Vertriebenen\u201c wird in Zukunft jedoch solche Ausma\u00dfe annehmen, dass m\u00f6gliche Aufnahmestaaten dieser Auslegung des Zivilpakts kaum dauerhaft folgen d\u00fcrften.<\/p>\n\n\n\n<p>Das menschenrechtliche Non-Refoulement-Gebot ergibt sich au\u00dferdem auch aus der Europ\u00e4ischen Menschenrechtskonvention (EMRK). \u201eEine Abschiebung in Gebiete, die von klimawandelbedingten D\u00fcrren, Hitzewellen oder Flutkatastrophen betroffen sind, k\u00f6nnte als unmenschliche oder erniedrigende Behandlung anzusehen sein und damit einen Schutzanspruch aus EU-Recht oder nationalem Recht in Verbindung mit Artikel 3 EMRK begr\u00fcnden\u201c, sagt Laura Kraft.<\/p>\n\n\n\n<p>Doch weder der f\u00fcr die Europ\u00e4ische Menschenrechtskonvention zust\u00e4ndige Europ\u00e4ische Gerichtshof f\u00fcr Menschenrechte (EGMR) noch der f\u00fcr das EU-Recht zust\u00e4ndige Europ\u00e4ische Gerichtshof (EuGH) haben bisher Entscheidungen zu dieser Frage getroffen. In manchen Abschiebef\u00e4llen hat der EuGH entschieden, dass eine allgemein schlechte humanit\u00e4re Situation f\u00fcr einen Schutzanspruch nicht ausreiche. Nach europ\u00e4ischem Sekund\u00e4rrecht muss ein Akteur die \u201eunmenschliche oder erniedrigende Behandlung\u201c aktiv oder zumindest schuldhaft herbeif\u00fchren \u2013 also etwa, wenn eine Miliz Krankenh\u00e4user zerst\u00f6rt und damit den Gesundheitsschutz verunm\u00f6glicht.<\/p>\n\n\n\n<h4 class=\"wp-block-heading\">Als Verursacher des Klimawandels k\u00f6nnten Industriestaaten in die Pflicht genommen werden<\/h4>\n\n\n\n<p>Die Juristin Kraft h\u00e4lt es f\u00fcr wahrscheinlich, dass der EuGH auch bei der Klage eines Klimamigranten an diesem Akteurserfordernis festh\u00e4lt. Zu kl\u00e4ren bleibt dann auch, ob etwa Industriestaaten, die besonders viele Treibhausgase emittiert haben, als solche Akteure verstanden werden \u2013 und deshalb zur Aufnahme von Migrantinnen und Migranten verpflichtet werden k\u00f6nnten. F\u00fcr den EGMR ist im Rahmen von Artikel 3 der Europ\u00e4ischen Menschenrechtskonvention ein Akteur nicht unbedingt erforderlich \u2013 und auch nicht f\u00fcr die deutschen Verwaltungsgerichte, wenn sie sich bei Abschiebef\u00e4llen auf die Rechtsprechung des Menschenrechtsgerichtshofs beziehen. In solchen F\u00e4llen bewerten sie allein die allgemeine humanit\u00e4re Lage in einem Herkunftsland, etwa auf Grundlage von L\u00e4nderberichten des Ausw\u00e4rtigen Amtes. Entscheidend sei aber, so Laura Kraft, dass die individuelle Situation eines Abgeschobenen so schlimm w\u00e4re, dass sie als \u201eunmenschlich\u201c zu gelten h\u00e4tte.<\/p>\n\n\n\n<p>Reichen dazu bestimmte klimatisch-\u00f6kologische Bedingungen? Und ab welcher Schwelle genau? Wie stark etwa m\u00fcssten Ernteertr\u00e4ge durch die Erderhitzung zur\u00fcckgehen, damit ein Mensch nicht blo\u00df als armer Bauer und Wirtschaftsmigrant gilt, der eine ohnehin karge Gegend auf der Suche nach einem besseren Einkommen verl\u00e4sst? Welche individuellen Faktoren m\u00fcssen hinzukommen, um eine besondere Verletzlichkeit und Schutzbed\u00fcrftigkeit, die sogenannte Vulnerabilit\u00e4t, zu begr\u00fcnden?<\/p>\n\n\n\n<p>\u201eAntworten auf diese Fragen werden Gerichte in konkreten Einzelf\u00e4llen geben, durch die Auslegung des Rechts und seine Anwendung in individuellen Lebenssachverhalten\u201c, sagt Kraft. Das aus den Menschenrechten abgeleitete Non-Refoulement-Gebot sch\u00fctzt jedoch nur vor einer Abschiebung. Es begr\u00fcndet kein Recht auf Einreise. Ohne ein Visum aber ist die Einreise f\u00fcr Menschen aus dem Globalen S\u00fcden nur irregul\u00e4r m\u00f6glich \u2013 und so oft teuer und sehr gef\u00e4hrlich.<\/p>\n\n\n\n<p>Ein Vorsto\u00df zur Etablierung eines erweiterten Fl\u00fcchtlingsbegriffs ist die 1969 von der Organisation f\u00fcr Afrikanische Einheit (OAU) verabschiedete afrikanische Fl\u00fcchtlingskonvention. Sie sieht auch Menschen als schutzberechtigt an, in deren L\u00e4ndern ein Ereignis die \u201e\u00f6ffentliche Ordnung ernsthaft st\u00f6rt\u201c. 2011 haben Kenia und \u00c4thiopien auf dieser Grundlage Menschen aus Somalia aufgenommen, wo Trockenheit, Hunger, Unsicherheit und ein bewaffneter Konflikt herrschten. Andere afrikanische Staaten dagegen haben es in der Vergangenheit abgelehnt, Umweltereignisse als \u201eernsthafte St\u00f6rung der \u00f6ffentlichen Ordnung\u201c im Sinne der Konvention zu werten. Das UN-Fl\u00fcchtlingshilfswerk UNHCR kann qua Mandat die Fl\u00fcchtlingseigenschaft einer Person offiziell feststellen. Das Mandat sieht daf\u00fcr auch eine \u00fcber die Genfer Fl\u00fcchtlingskonvention hinausgehende Definition vor, die jener der OAU \u00e4hnelt \u2013 also auch greifen k\u00f6nnte, wenn etwa anhaltende Missernten die \u00f6ffentliche Ordnung erheblich st\u00f6rten. Allerdings: Wer vom UNHCR anerkannt wird, darf zwar in dessen Fl\u00fcchtlingslagern leben, hat aber keine Aufnahmeanspr\u00fcche gegen\u00fcber einem Drittstaat.<\/p>\n\n\n\n<p>Die V\u00f6lkerrechtlerin Anne Peters, Direktorin am Max-Planck-Institut f\u00fcr ausl\u00e4ndisches \u00f6ffentliches Recht und V\u00f6lkerrecht, h\u00e4lt neue v\u00f6lkerrechtliche Normen als Antwort auf die Klimamobilit\u00e4t nicht f\u00fcr n\u00f6tig. \u201eEs gibt schon juristische Ansatzpunkte, um die Situation fair zu regeln\u201c, sagt sie. Insbesondere die internationalen Menschenrechte k\u00f6nnen herangezogen werden, sagt Peters. Deren relativ gute Durchsetzbarkeit sei auch einer der Gr\u00fcnde daf\u00fcr, dass viele der Klimaklagen sich auf Menschenrechte berufen, auch um staatliche Ma\u00dfnahmen zur Reduktion von Treibhausgasemissionen einzufordern. \u201eAber Menschenrechte gelten immer f\u00fcr den Einzelnen\u201c, sagt Peters.<\/p>\n\n\n\n<p>Anhaltspunkte zur Kl\u00e4rung von Bleiberechten bietet auch der 2018 verabschiedete UN-Migrationspakt. Er enth\u00e4lt einen Abschnitt zu \u201eNaturkatastrophen und nachteiligen Auswirkungen des Klimawandels\u201c. Darin versprechen die Unterzeichnerstaaten Unterst\u00fctzung f\u00fcr Ma\u00dfnahmen der Anpassung und Resilienz in Staaten, die nachteilig vom Klimawandel betroffen sind, sichern den Zugang zu humanit\u00e4rer Hilfe zu und k\u00fcndigen Zusammenarbeit bei der Gestaltung von Umsiedlungsma\u00dfnahmen und der Visapolitik an. \u201eDieser Abschnitt ist ein wichtiger Bezugspunkt in der Diskussion um klimabedingte Mobilit\u00e4t\u201c, so Peters \u2013 der Migrationspakt ist allerdings kein formeller V\u00f6lkerrechtsvertrag, sondern soft law. Internationale Vereinbarungen wie der Migrationspakt oder auch das Pariser Klimaabkommen sind auch deshalb schwer durchzusetzen, weil internationale Organisationen auf Akzeptanz und Finanzierung der Mitgliedstaaten angewiesen sind. \u201eUnd diese Akzeptanz wollen die Organisationen und internationale Gerichte oft nicht aufs Spiel setzen\u201c, sagt Peters. Werde das internationale Recht zu ambitioniert, gebe es oft keinen ausreichenden Willen zur Kooperation.<\/p>\n\n\n\n<p>So bleiben derzeit Formen freiwilliger Zusammenarbeit wie die Platform on Disaster Displacement, ein 2012 gegr\u00fcndeter Zusammenschluss von 15 Staaten, um Klimamigranten zu helfen. Der vom Bundestag eingerichtete und vom Bundesinnenministerium finanzierte Sachverst\u00e4ndigenrat f\u00fcr Integration und Migration verwies in seinem Jahresgutachten 2023 darauf, dass die \u201eunmittelbar notwendigen\u201c Reaktionen auf die zunehmende Klimaflucht \u201eam ehesten von nationalen Regierungen zu erwarten\u201c seien. Das Gremium regte daher drei neue Instrumente an, etwa einen \u201eKlima-Pass\u201c als humanit\u00e4res Daueraufenthaltsrecht f\u00fcr extrem Betroffene oder eine zeitlich beschr\u00e4nkte \u201eKlima-Card\u201c f\u00fcr weniger Bedrohte. Das \u201eKlima-Arbeitsvisum\u201c schlie\u00dflich soll Menschen aus weniger betroffenen L\u00e4ndern den Zugang zum deutschen Arbeitsmarkt erleichtern.<\/p>\n\n\n\n<h4 class=\"wp-block-heading\">Menschen brauchen ein Recht, in ihrer Heimat zu bleiben<\/h4>\n\n\n<div class=\"wp-block-image\">\n<figure class=\"alignleft size-full is-resized\"><img loading=\"lazy\" decoding=\"async\" width=\"770\" height=\"420\" src=\"https:\/\/www.sonnenseite.com\/wp-content\/uploads\/2024\/07\/Fluechtling_R_radekprocyk-1.jpg\" alt=\"Depositphotos.com | R_radekprocyk\" class=\"wp-image-100577\" style=\"width:442px;height:auto\" srcset=\"https:\/\/www.sonnenseite.com\/wp-content\/uploads\/2024\/07\/Fluechtling_R_radekprocyk-1.jpg 770w, https:\/\/www.sonnenseite.com\/wp-content\/uploads\/2024\/07\/Fluechtling_R_radekprocyk-1-300x164.jpg 300w, https:\/\/www.sonnenseite.com\/wp-content\/uploads\/2024\/07\/Fluechtling_R_radekprocyk-1-768x419.jpg 768w\" sizes=\"auto, (max-width: 770px) 100vw, 770px\" \/><figcaption class=\"wp-element-caption\">\u00a9 Depositphotos.com | R_radekprocyk<\/figcaption><\/figure>\n<\/div>\n\n\n<p>Die Psychologin Birgit Leyendecker von der Universit\u00e4t Bochum ist Stellvertretende Vorsitzende des Sachverst\u00e4ndigenrats. Sie glaubt, dass neben Instrumenten zur Aufnahme von Klimafl\u00fcchtenden deren \u201eRecht, zu bleiben\u201c in den Herkunftsregionen unterst\u00fctzt werden m\u00fcsse. \u201eDas wird emotional untersch\u00e4tzt\u201c, sagt sie. Schon f\u00fcr die Menschen im Ahrtal sei es sehr schwierig gewesen, zu erfahren, dass sie ihr Haus nicht an derselben Stelle wieder aufbauen k\u00f6nnen. \u201eDie Heimatverwurzelung ist oftmals sehr stark\u201c, so Leyendecker. \u201eDas \u201aRecht, zu gehen\u2018 kann daher nur die Ultima Ratio sein.\u201c F\u00fcr Leyendecker folgt daraus, dass die Industriestaaten mehr in Adaptionsmechanismen in den besonders vom Klimawandel betroffenen Regionen investieren m\u00fcssen.<\/p>\n\n\n\n<p>Das sieht auch Steven Vertovec so. \u201eEs ist klar, dass viele Menschen zuerst in die Randzonen der gro\u00dfen St\u00e4dte ihrer eigenen Regionen gehen werden.\u201c Diese m\u00fcssten sich auf die wachsenden Anforderungen vorbereiten k\u00f6nnen. \u201eDas Ganze ist vor allem ein Planungsproblem: Wie bekommen Menschen in den Randzonen der Metropolen Zugang zu Wasser und sanit\u00e4ren Einrichtungen, wie kann die Nahrungsversorgung sichergestellt werden?\u201c Den internationalen Schutz auf diesen Ausbau der Infrastruktur zu erweitern \u2013 das h\u00e4lt Vertovec f\u00fcr eine der wichtigsten Aufgaben.&nbsp;<\/p>\n\n\n\n<p><strong>Auf den Punkt gebracht<\/strong><\/p>\n\n\n\n<ul class=\"wp-block-list\">\n<li>Migration eindeutig auf den Klimawandel zur\u00fcckzuf\u00fchren, ist schwierig \u2013 mehrere Faktoren beeinflussen die Mobilit\u00e4t. Aus diesem Grund ist auch kaum zu prognostizieren, wie viele Menschen k\u00fcnftig vor allem aufgrund des Klimawandels ihre Heimat verlassen werden. Klar ist allerdings, dass ihre Zahl steigen wird.<\/li>\n\n\n\n<li>Das bisherige internationale Fl\u00fcchtlingsrecht kennt keinen Schutzanspruch f\u00fcr Opfer des Klimawandels. Einen solchen neu zu verankern, ist schwierig. Ob der im V\u00f6lker-, EU- und im nationalen Recht verankerte Grundsatz der Nichtzur\u00fcckweisung (Non-Refoulement) auch f\u00fcr Klimamigrantinnen und -migranten greift, ist vorstellbar, bisher allerdings nicht ausreichend gerichtlich gekl\u00e4rt.<\/li>\n\n\n\n<li>Rechtsanspr\u00fcche f\u00fcr Opfer des Klimawandels gegen\u00fcber dessen Hauptverursachern k\u00f6nnen eventuell aus dem bestehenden Recht abgeleitet werden. Die M\u00f6glichkeiten der Rechtsdurchsetzung sind aber schwach.<\/li>\n\n\n\n<li>Notwendig sind verbindliche Verpflichtungen f\u00fcr die Hilfe bei der Anpassung an den Klimawandel\u2013 vor allem in den Metropolen des Globalen S\u00fcdens, die absehbar die Hauptziele der Klimamigration sein werden.<\/li>\n<\/ul>\n\n\n<h5 class=\"green\">Quelle<\/h5>\r\n\n\n\n<p><a href=\"https:\/\/www.mpg.de\/22179595\/klimawandel-migration\">MAX-PLANCK-GESELLSCHAFT 2024 &#8211; Text: Christian Jakob<\/a> | Der Text erscheint in der MaxPlanckForschung 02\/24 | Danke f\u00fcr die Genehmigung des Abdrucks!<\/p>\n<div class=\"shariff shariff-align-flex-start shariff-widget-align-flex-start\"><div class=\"ShariffHeadline\">Diese Meldung teilen<\/div><ul class=\"shariff-buttons theme-round orientation-horizontal buttonsize-medium\"><li class=\"shariff-button facebook shariff-nocustomcolor\" style=\"background-color:#4273c8;border-radius:1%\"><a href=\"https:\/\/www.facebook.com\/sharer\/sharer.php?u=https%3A%2F%2Fwww.sonnenseite.com%2Fde%2Fumwelt%2Fvom-klima-vertrieben%2F\" title=\"Bei Facebook teilen\" aria-label=\"Bei Facebook teilen\" role=\"button\" rel=\"nofollow\" class=\"shariff-link\" style=\";border-radius:1%; background-color:#3b5998; color:#fff\" target=\"_blank\"><span class=\"shariff-icon\" style=\"\"><svg width=\"32px\" height=\"20px\" xmlns=\"http:\/\/www.w3.org\/2000\/svg\" viewBox=\"0 0 18 32\"><path fill=\"#3b5998\" d=\"M17.1 0.2v4.7h-2.8q-1.5 0-2.1 0.6t-0.5 1.9v3.4h5.2l-0.7 5.3h-4.5v13.6h-5.5v-13.6h-4.5v-5.3h4.5v-3.9q0-3.3 1.9-5.2t5-1.8q2.6 0 4.1 0.2z\"\/><\/svg><\/span><\/a><\/li><li class=\"shariff-button twitter shariff-nocustomcolor\" style=\"background-color:#595959;border-radius:1%\"><a href=\"https:\/\/twitter.com\/share?url=https%3A%2F%2Fwww.sonnenseite.com%2Fde%2Fumwelt%2Fvom-klima-vertrieben%2F&text=Vom%20Klima%20vertrieben\" title=\"Bei X teilen\" aria-label=\"Bei X teilen\" role=\"button\" rel=\"noopener nofollow\" class=\"shariff-link\" style=\";border-radius:1%; background-color:#000; color:#fff\" target=\"_blank\"><span class=\"shariff-icon\" style=\"\"><svg width=\"32px\" height=\"20px\" xmlns=\"http:\/\/www.w3.org\/2000\/svg\" viewBox=\"0 0 24 24\"><path fill=\"#000\" d=\"M14.258 10.152L23.176 0h-2.113l-7.747 8.813L7.133 0H0l9.352 13.328L0 23.973h2.113l8.176-9.309 6.531 9.309h7.133zm-2.895 3.293l-.949-1.328L2.875 1.56h3.246l6.086 8.523.945 1.328 7.91 11.078h-3.246zm0 0\"\/><\/svg><\/span><\/a><\/li><li class=\"shariff-button xing shariff-nocustomcolor\" style=\"background-color:#29888a;border-radius:1%\"><a href=\"https:\/\/www.xing.com\/spi\/shares\/new?url=https%3A%2F%2Fwww.sonnenseite.com%2Fde%2Fumwelt%2Fvom-klima-vertrieben%2F\" title=\"Bei XING teilen\" aria-label=\"Bei XING teilen\" role=\"button\" rel=\"noopener nofollow\" class=\"shariff-link\" style=\";border-radius:1%; background-color:#126567; color:#fff\" target=\"_blank\"><span class=\"shariff-icon\" style=\"\"><svg width=\"32px\" height=\"20px\" xmlns=\"http:\/\/www.w3.org\/2000\/svg\" viewBox=\"0 0 25 32\"><path fill=\"#126567\" d=\"M10.7 11.9q-0.2 0.3-4.6 8.2-0.5 0.8-1.2 0.8h-4.3q-0.4 0-0.5-0.3t0-0.6l4.5-8q0 0 0 0l-2.9-5q-0.2-0.4 0-0.7 0.2-0.3 0.5-0.3h4.3q0.7 0 1.2 0.8zM25.1 0.4q0.2 0.3 0 0.7l-9.4 16.7 6 11q0.2 0.4 0 0.6-0.2 0.3-0.6 0.3h-4.3q-0.7 0-1.2-0.8l-6-11.1q0.3-0.6 9.5-16.8 0.4-0.8 1.2-0.8h4.3q0.4 0 0.5 0.3z\"\/><\/svg><\/span><\/a><\/li><li class=\"shariff-button linkedin shariff-nocustomcolor\" style=\"background-color:#1488bf;border-radius:1%\"><a href=\"https:\/\/www.linkedin.com\/sharing\/share-offsite\/?url=https%3A%2F%2Fwww.sonnenseite.com%2Fde%2Fumwelt%2Fvom-klima-vertrieben%2F\" title=\"Bei LinkedIn teilen\" aria-label=\"Bei LinkedIn teilen\" role=\"button\" rel=\"noopener nofollow\" class=\"shariff-link\" style=\";border-radius:1%; background-color:#0077b5; color:#fff\" target=\"_blank\"><span class=\"shariff-icon\" style=\"\"><svg width=\"32px\" height=\"20px\" xmlns=\"http:\/\/www.w3.org\/2000\/svg\" viewBox=\"0 0 27 32\"><path fill=\"#0077b5\" d=\"M6.2 11.2v17.7h-5.9v-17.7h5.9zM6.6 5.7q0 1.3-0.9 2.2t-2.4 0.9h0q-1.5 0-2.4-0.9t-0.9-2.2 0.9-2.2 2.4-0.9 2.4 0.9 0.9 2.2zM27.4 18.7v10.1h-5.9v-9.5q0-1.9-0.7-2.9t-2.3-1.1q-1.1 0-1.9 0.6t-1.2 1.5q-0.2 0.5-0.2 1.4v9.9h-5.9q0-7.1 0-11.6t0-5.3l0-0.9h5.9v2.6h0q0.4-0.6 0.7-1t1-0.9 1.6-0.8 2-0.3q3 0 4.9 2t1.9 6z\"\/><\/svg><\/span><\/a><\/li><li class=\"shariff-button printer shariff-nocustomcolor\" style=\"background-color:#a8a8a8;border-radius:1%\"><a href=\"javascript:window.print()\" title=\"drucken\" aria-label=\"drucken\" role=\"button\" rel=\"noopener nofollow\" class=\"shariff-link\" style=\";border-radius:1%; background-color:#999; color:#fff\"><span class=\"shariff-icon\" style=\"\"><svg width=\"32px\" height=\"20px\" xmlns=\"http:\/\/www.w3.org\/2000\/svg\" viewBox=\"0 0 30 32\"><path fill=\"#999\" d=\"M6.8 27.4h16v-4.6h-16v4.6zM6.8 16h16v-6.8h-2.8q-0.7 0-1.2-0.5t-0.5-1.2v-2.8h-11.4v11.4zM27.4 17.2q0-0.5-0.3-0.8t-0.8-0.4-0.8 0.4-0.3 0.8 0.3 0.8 0.8 0.3 0.8-0.3 0.3-0.8zM29.7 17.2v7.4q0 0.2-0.2 0.4t-0.4 0.2h-4v2.8q0 0.7-0.5 1.2t-1.2 0.5h-17.2q-0.7 0-1.2-0.5t-0.5-1.2v-2.8h-4q-0.2 0-0.4-0.2t-0.2-0.4v-7.4q0-1.4 1-2.4t2.4-1h1.2v-9.7q0-0.7 0.5-1.2t1.2-0.5h12q0.7 0 1.6 0.4t1.3 0.8l2.7 2.7q0.5 0.5 0.9 1.4t0.4 1.6v4.6h1.1q1.4 0 2.4 1t1 2.4z\"\/><\/svg><\/span><\/a><\/li><li class=\"shariff-button mailto shariff-nocustomcolor\" style=\"background-color:#a8a8a8;border-radius:1%\"><a href=\"mailto:?body=https%3A%2F%2Fwww.sonnenseite.com%2Fde%2Fumwelt%2Fvom-klima-vertrieben%2F&subject=Vom%20Klima%20vertrieben\" title=\"Per E-Mail versenden\" aria-label=\"Per E-Mail versenden\" role=\"button\" rel=\"noopener nofollow\" class=\"shariff-link\" style=\";border-radius:1%; background-color:#999; color:#fff\"><span class=\"shariff-icon\" style=\"\"><svg width=\"32px\" height=\"20px\" xmlns=\"http:\/\/www.w3.org\/2000\/svg\" viewBox=\"0 0 32 32\"><path fill=\"#999\" d=\"M32 12.7v14.2q0 1.2-0.8 2t-2 0.9h-26.3q-1.2 0-2-0.9t-0.8-2v-14.2q0.8 0.9 1.8 1.6 6.5 4.4 8.9 6.1 1 0.8 1.6 1.2t1.7 0.9 2 0.4h0.1q0.9 0 2-0.4t1.7-0.9 1.6-1.2q3-2.2 8.9-6.1 1-0.7 1.8-1.6zM32 7.4q0 1.4-0.9 2.7t-2.2 2.2q-6.7 4.7-8.4 5.8-0.2 0.1-0.7 0.5t-1 0.7-0.9 0.6-1.1 0.5-0.9 0.2h-0.1q-0.4 0-0.9-0.2t-1.1-0.5-0.9-0.6-1-0.7-0.7-0.5q-1.6-1.1-4.7-3.2t-3.6-2.6q-1.1-0.7-2.1-2t-1-2.5q0-1.4 0.7-2.3t2.1-0.9h26.3q1.2 0 2 0.8t0.9 2z\"\/><\/svg><\/span><\/a><\/li><\/ul><\/div>","protected":false},"excerpt":{"rendered":"<p>Mehr als 116 Millionen Menschen waren 2023 laut UNHCR weltweit auf der Flucht \u2013 vor Gewalt, [&hellip;]<\/p>\n","protected":false},"author":3,"featured_media":21905,"comment_status":"closed","ping_status":"closed","sticky":false,"template":"","format":"standard","meta":{"inline_featured_image":false,"footnotes":""},"categories":[23],"tags":[],"class_list":["post-100573","post","type-post","status-publish","format-standard","has-post-thumbnail","hentry","category-umwelt"],"yoast_head":"<!-- This site is optimized with the Yoast SEO plugin v26.5 - https:\/\/yoast.com\/wordpress\/plugins\/seo\/ -->\n<title>Vom Klima vertrieben - Sonnenseite - \u00d6kologische Kommunikation mit Franz Alt<\/title>\n<meta name=\"description\" content=\"Mehr als 116 Millionen Menschen waren 2023 laut UNHCR weltweit auf der Flucht \u2013 vor Gewalt, Krieg, zunehmend aber auch infolge von Klimaextremen,\" \/>\n<meta name=\"robots\" content=\"index, follow, max-snippet:-1, max-image-preview:large, max-video-preview:-1\" \/>\n<link rel=\"canonical\" href=\"https:\/\/www.sonnenseite.com\/de\/umwelt\/vom-klima-vertrieben\/\" \/>\n<meta property=\"og:locale\" content=\"de_DE\" \/>\n<meta property=\"og:type\" content=\"article\" \/>\n<meta property=\"og:title\" content=\"Vom Klima vertrieben - Sonnenseite - \u00d6kologische Kommunikation mit Franz Alt\" \/>\n<meta property=\"og:description\" content=\"Mehr als 116 Millionen Menschen waren 2023 laut UNHCR weltweit auf der Flucht \u2013 vor Gewalt, Krieg, zunehmend aber auch infolge von Klimaextremen,\" \/>\n<meta property=\"og:url\" content=\"https:\/\/www.sonnenseite.com\/de\/umwelt\/vom-klima-vertrieben\/\" \/>\n<meta property=\"og:site_name\" content=\"Sonnenseite\" \/>\n<meta property=\"article:publisher\" content=\"https:\/\/www.facebook.com\/pages\/Franz-Alt-SONNENSEITECOM\/221072987903953?fref=ts\" \/>\n<meta property=\"article:published_time\" content=\"2024-07-13T02:53:00+00:00\" \/>\n<meta property=\"article:modified_time\" content=\"2024-07-28T07:17:43+00:00\" \/>\n<meta property=\"og:image\" content=\"https:\/\/www.sonnenseite.com\/wp-content\/uploads\/2017\/12\/Fluechtlinge_route55.jpg\" \/>\n\t<meta property=\"og:image:width\" content=\"770\" \/>\n\t<meta property=\"og:image:height\" content=\"420\" \/>\n\t<meta property=\"og:image:type\" content=\"image\/jpeg\" \/>\n<meta name=\"author\" content=\"Bigi Alt\" \/>\n<meta name=\"twitter:card\" content=\"summary_large_image\" \/>\n<meta name=\"twitter:creator\" content=\"@franzalt\" \/>\n<meta name=\"twitter:site\" content=\"@franzalt\" \/>\n<meta name=\"twitter:label1\" content=\"Verfasst von\" \/>\n\t<meta name=\"twitter:data1\" content=\"Bigi Alt\" \/>\n\t<meta name=\"twitter:label2\" content=\"Gesch\u00e4tzte Lesezeit\" \/>\n\t<meta name=\"twitter:data2\" content=\"13\u00a0Minuten\" \/>\n<script type=\"application\/ld+json\" class=\"yoast-schema-graph\">{\"@context\":\"https:\/\/schema.org\",\"@graph\":[{\"@type\":\"Article\",\"@id\":\"https:\/\/www.sonnenseite.com\/de\/umwelt\/vom-klima-vertrieben\/#article\",\"isPartOf\":{\"@id\":\"https:\/\/www.sonnenseite.com\/de\/umwelt\/vom-klima-vertrieben\/\"},\"author\":{\"name\":\"Bigi Alt\",\"@id\":\"https:\/\/www.sonnenseite.com\/de\/#\/schema\/person\/50fda0e926597684c7cc6695238a4eb9\"},\"headline\":\"Vom Klima vertrieben\",\"datePublished\":\"2024-07-13T02:53:00+00:00\",\"dateModified\":\"2024-07-28T07:17:43+00:00\",\"mainEntityOfPage\":{\"@id\":\"https:\/\/www.sonnenseite.com\/de\/umwelt\/vom-klima-vertrieben\/\"},\"wordCount\":2405,\"publisher\":{\"@id\":\"https:\/\/www.sonnenseite.com\/de\/#organization\"},\"image\":{\"@id\":\"https:\/\/www.sonnenseite.com\/de\/umwelt\/vom-klima-vertrieben\/#primaryimage\"},\"thumbnailUrl\":\"https:\/\/www.sonnenseite.com\/wp-content\/uploads\/2017\/12\/Fluechtlinge_route55.jpg\",\"articleSection\":[\"Umwelt\"],\"inLanguage\":\"de\"},{\"@type\":\"WebPage\",\"@id\":\"https:\/\/www.sonnenseite.com\/de\/umwelt\/vom-klima-vertrieben\/\",\"url\":\"https:\/\/www.sonnenseite.com\/de\/umwelt\/vom-klima-vertrieben\/\",\"name\":\"Vom Klima vertrieben - Sonnenseite - \u00d6kologische Kommunikation mit Franz Alt\",\"isPartOf\":{\"@id\":\"https:\/\/www.sonnenseite.com\/de\/#website\"},\"primaryImageOfPage\":{\"@id\":\"https:\/\/www.sonnenseite.com\/de\/umwelt\/vom-klima-vertrieben\/#primaryimage\"},\"image\":{\"@id\":\"https:\/\/www.sonnenseite.com\/de\/umwelt\/vom-klima-vertrieben\/#primaryimage\"},\"thumbnailUrl\":\"https:\/\/www.sonnenseite.com\/wp-content\/uploads\/2017\/12\/Fluechtlinge_route55.jpg\",\"datePublished\":\"2024-07-13T02:53:00+00:00\",\"dateModified\":\"2024-07-28T07:17:43+00:00\",\"description\":\"Mehr als 116 Millionen Menschen waren 2023 laut UNHCR weltweit auf der Flucht \u2013 vor Gewalt, Krieg, zunehmend aber auch infolge von Klimaextremen,\",\"breadcrumb\":{\"@id\":\"https:\/\/www.sonnenseite.com\/de\/umwelt\/vom-klima-vertrieben\/#breadcrumb\"},\"inLanguage\":\"de\",\"potentialAction\":[{\"@type\":\"ReadAction\",\"target\":[\"https:\/\/www.sonnenseite.com\/de\/umwelt\/vom-klima-vertrieben\/\"]}]},{\"@type\":\"ImageObject\",\"inLanguage\":\"de\",\"@id\":\"https:\/\/www.sonnenseite.com\/de\/umwelt\/vom-klima-vertrieben\/#primaryimage\",\"url\":\"https:\/\/www.sonnenseite.com\/wp-content\/uploads\/2017\/12\/Fluechtlinge_route55.jpg\",\"contentUrl\":\"https:\/\/www.sonnenseite.com\/wp-content\/uploads\/2017\/12\/Fluechtlinge_route55.jpg\",\"width\":770,\"height\":420,\"caption\":\"Fotolia.com | Route55\"},{\"@type\":\"BreadcrumbList\",\"@id\":\"https:\/\/www.sonnenseite.com\/de\/umwelt\/vom-klima-vertrieben\/#breadcrumb\",\"itemListElement\":[{\"@type\":\"ListItem\",\"position\":1,\"name\":\"Startseite\",\"item\":\"https:\/\/www.sonnenseite.com\/de\/\"},{\"@type\":\"ListItem\",\"position\":2,\"name\":\"Vom Klima vertrieben\"}]},{\"@type\":\"WebSite\",\"@id\":\"https:\/\/www.sonnenseite.com\/de\/#website\",\"url\":\"https:\/\/www.sonnenseite.com\/de\/\",\"name\":\"Sonnenseite\",\"description\":\"\u00d6kologische Kommunikation mit Franz Alt\",\"publisher\":{\"@id\":\"https:\/\/www.sonnenseite.com\/de\/#organization\"},\"potentialAction\":[{\"@type\":\"SearchAction\",\"target\":{\"@type\":\"EntryPoint\",\"urlTemplate\":\"https:\/\/www.sonnenseite.com\/de\/?s={search_term_string}\"},\"query-input\":{\"@type\":\"PropertyValueSpecification\",\"valueRequired\":true,\"valueName\":\"search_term_string\"}}],\"inLanguage\":\"de\"},{\"@type\":\"Organization\",\"@id\":\"https:\/\/www.sonnenseite.com\/de\/#organization\",\"name\":\"Sonnenseite\",\"url\":\"https:\/\/www.sonnenseite.com\/de\/\",\"logo\":{\"@type\":\"ImageObject\",\"inLanguage\":\"de\",\"@id\":\"https:\/\/www.sonnenseite.com\/de\/#\/schema\/logo\/image\/\",\"url\":\"https:\/\/www.sonnenseite.com\/wp-content\/uploads\/2020\/05\/Sonnenseite_Logo.png\",\"contentUrl\":\"https:\/\/www.sonnenseite.com\/wp-content\/uploads\/2020\/05\/Sonnenseite_Logo.png\",\"width\":377,\"height\":90,\"caption\":\"Sonnenseite\"},\"image\":{\"@id\":\"https:\/\/www.sonnenseite.com\/de\/#\/schema\/logo\/image\/\"},\"sameAs\":[\"https:\/\/www.facebook.com\/pages\/Franz-Alt-SONNENSEITECOM\/221072987903953?fref=ts\",\"https:\/\/x.com\/franzalt\",\"http:\/\/www.youtube.com\/results?search_query&amp;amp;quot;franz_alt&amp;amp;quot;&amp;amp;amp;amp;search_type&amp;amp;amp;amp;aq=f\"]},{\"@type\":\"Person\",\"@id\":\"https:\/\/www.sonnenseite.com\/de\/#\/schema\/person\/50fda0e926597684c7cc6695238a4eb9\",\"name\":\"Bigi Alt\"}]}<\/script>\n<!-- \/ Yoast SEO plugin. -->","yoast_head_json":{"title":"Vom Klima vertrieben - Sonnenseite - \u00d6kologische Kommunikation mit Franz Alt","description":"Mehr als 116 Millionen Menschen waren 2023 laut UNHCR weltweit auf der Flucht \u2013 vor Gewalt, Krieg, zunehmend aber auch infolge von Klimaextremen,","robots":{"index":"index","follow":"follow","max-snippet":"max-snippet:-1","max-image-preview":"max-image-preview:large","max-video-preview":"max-video-preview:-1"},"canonical":"https:\/\/www.sonnenseite.com\/de\/umwelt\/vom-klima-vertrieben\/","og_locale":"de_DE","og_type":"article","og_title":"Vom Klima vertrieben - Sonnenseite - \u00d6kologische Kommunikation mit Franz Alt","og_description":"Mehr als 116 Millionen Menschen waren 2023 laut UNHCR weltweit auf der Flucht \u2013 vor Gewalt, Krieg, zunehmend aber auch infolge von Klimaextremen,","og_url":"https:\/\/www.sonnenseite.com\/de\/umwelt\/vom-klima-vertrieben\/","og_site_name":"Sonnenseite","article_publisher":"https:\/\/www.facebook.com\/pages\/Franz-Alt-SONNENSEITECOM\/221072987903953?fref=ts","article_published_time":"2024-07-13T02:53:00+00:00","article_modified_time":"2024-07-28T07:17:43+00:00","og_image":[{"width":770,"height":420,"url":"https:\/\/www.sonnenseite.com\/wp-content\/uploads\/2017\/12\/Fluechtlinge_route55.jpg","type":"image\/jpeg"}],"author":"Bigi Alt","twitter_card":"summary_large_image","twitter_creator":"@franzalt","twitter_site":"@franzalt","twitter_misc":{"Verfasst von":"Bigi Alt","Gesch\u00e4tzte Lesezeit":"13\u00a0Minuten"},"schema":{"@context":"https:\/\/schema.org","@graph":[{"@type":"Article","@id":"https:\/\/www.sonnenseite.com\/de\/umwelt\/vom-klima-vertrieben\/#article","isPartOf":{"@id":"https:\/\/www.sonnenseite.com\/de\/umwelt\/vom-klima-vertrieben\/"},"author":{"name":"Bigi Alt","@id":"https:\/\/www.sonnenseite.com\/de\/#\/schema\/person\/50fda0e926597684c7cc6695238a4eb9"},"headline":"Vom Klima vertrieben","datePublished":"2024-07-13T02:53:00+00:00","dateModified":"2024-07-28T07:17:43+00:00","mainEntityOfPage":{"@id":"https:\/\/www.sonnenseite.com\/de\/umwelt\/vom-klima-vertrieben\/"},"wordCount":2405,"publisher":{"@id":"https:\/\/www.sonnenseite.com\/de\/#organization"},"image":{"@id":"https:\/\/www.sonnenseite.com\/de\/umwelt\/vom-klima-vertrieben\/#primaryimage"},"thumbnailUrl":"https:\/\/www.sonnenseite.com\/wp-content\/uploads\/2017\/12\/Fluechtlinge_route55.jpg","articleSection":["Umwelt"],"inLanguage":"de"},{"@type":"WebPage","@id":"https:\/\/www.sonnenseite.com\/de\/umwelt\/vom-klima-vertrieben\/","url":"https:\/\/www.sonnenseite.com\/de\/umwelt\/vom-klima-vertrieben\/","name":"Vom Klima vertrieben - Sonnenseite - \u00d6kologische Kommunikation mit Franz Alt","isPartOf":{"@id":"https:\/\/www.sonnenseite.com\/de\/#website"},"primaryImageOfPage":{"@id":"https:\/\/www.sonnenseite.com\/de\/umwelt\/vom-klima-vertrieben\/#primaryimage"},"image":{"@id":"https:\/\/www.sonnenseite.com\/de\/umwelt\/vom-klima-vertrieben\/#primaryimage"},"thumbnailUrl":"https:\/\/www.sonnenseite.com\/wp-content\/uploads\/2017\/12\/Fluechtlinge_route55.jpg","datePublished":"2024-07-13T02:53:00+00:00","dateModified":"2024-07-28T07:17:43+00:00","description":"Mehr als 116 Millionen Menschen waren 2023 laut UNHCR weltweit auf der Flucht \u2013 vor Gewalt, Krieg, zunehmend aber auch infolge von Klimaextremen,","breadcrumb":{"@id":"https:\/\/www.sonnenseite.com\/de\/umwelt\/vom-klima-vertrieben\/#breadcrumb"},"inLanguage":"de","potentialAction":[{"@type":"ReadAction","target":["https:\/\/www.sonnenseite.com\/de\/umwelt\/vom-klima-vertrieben\/"]}]},{"@type":"ImageObject","inLanguage":"de","@id":"https:\/\/www.sonnenseite.com\/de\/umwelt\/vom-klima-vertrieben\/#primaryimage","url":"https:\/\/www.sonnenseite.com\/wp-content\/uploads\/2017\/12\/Fluechtlinge_route55.jpg","contentUrl":"https:\/\/www.sonnenseite.com\/wp-content\/uploads\/2017\/12\/Fluechtlinge_route55.jpg","width":770,"height":420,"caption":"Fotolia.com | Route55"},{"@type":"BreadcrumbList","@id":"https:\/\/www.sonnenseite.com\/de\/umwelt\/vom-klima-vertrieben\/#breadcrumb","itemListElement":[{"@type":"ListItem","position":1,"name":"Startseite","item":"https:\/\/www.sonnenseite.com\/de\/"},{"@type":"ListItem","position":2,"name":"Vom Klima vertrieben"}]},{"@type":"WebSite","@id":"https:\/\/www.sonnenseite.com\/de\/#website","url":"https:\/\/www.sonnenseite.com\/de\/","name":"Sonnenseite","description":"\u00d6kologische Kommunikation mit Franz Alt","publisher":{"@id":"https:\/\/www.sonnenseite.com\/de\/#organization"},"potentialAction":[{"@type":"SearchAction","target":{"@type":"EntryPoint","urlTemplate":"https:\/\/www.sonnenseite.com\/de\/?s={search_term_string}"},"query-input":{"@type":"PropertyValueSpecification","valueRequired":true,"valueName":"search_term_string"}}],"inLanguage":"de"},{"@type":"Organization","@id":"https:\/\/www.sonnenseite.com\/de\/#organization","name":"Sonnenseite","url":"https:\/\/www.sonnenseite.com\/de\/","logo":{"@type":"ImageObject","inLanguage":"de","@id":"https:\/\/www.sonnenseite.com\/de\/#\/schema\/logo\/image\/","url":"https:\/\/www.sonnenseite.com\/wp-content\/uploads\/2020\/05\/Sonnenseite_Logo.png","contentUrl":"https:\/\/www.sonnenseite.com\/wp-content\/uploads\/2020\/05\/Sonnenseite_Logo.png","width":377,"height":90,"caption":"Sonnenseite"},"image":{"@id":"https:\/\/www.sonnenseite.com\/de\/#\/schema\/logo\/image\/"},"sameAs":["https:\/\/www.facebook.com\/pages\/Franz-Alt-SONNENSEITECOM\/221072987903953?fref=ts","https:\/\/x.com\/franzalt","http:\/\/www.youtube.com\/results?search_query&amp;amp;quot;franz_alt&amp;amp;quot;&amp;amp;amp;amp;search_type&amp;amp;amp;amp;aq=f"]},{"@type":"Person","@id":"https:\/\/www.sonnenseite.com\/de\/#\/schema\/person\/50fda0e926597684c7cc6695238a4eb9","name":"Bigi Alt"}]}},"_links":{"self":[{"href":"https:\/\/www.sonnenseite.com\/de\/wp-json\/wp\/v2\/posts\/100573","targetHints":{"allow":["GET"]}}],"collection":[{"href":"https:\/\/www.sonnenseite.com\/de\/wp-json\/wp\/v2\/posts"}],"about":[{"href":"https:\/\/www.sonnenseite.com\/de\/wp-json\/wp\/v2\/types\/post"}],"author":[{"embeddable":true,"href":"https:\/\/www.sonnenseite.com\/de\/wp-json\/wp\/v2\/users\/3"}],"replies":[{"embeddable":true,"href":"https:\/\/www.sonnenseite.com\/de\/wp-json\/wp\/v2\/comments?post=100573"}],"version-history":[{"count":3,"href":"https:\/\/www.sonnenseite.com\/de\/wp-json\/wp\/v2\/posts\/100573\/revisions"}],"predecessor-version":[{"id":100580,"href":"https:\/\/www.sonnenseite.com\/de\/wp-json\/wp\/v2\/posts\/100573\/revisions\/100580"}],"wp:featuredmedia":[{"embeddable":true,"href":"https:\/\/www.sonnenseite.com\/de\/wp-json\/wp\/v2\/media\/21905"}],"wp:attachment":[{"href":"https:\/\/www.sonnenseite.com\/de\/wp-json\/wp\/v2\/media?parent=100573"}],"wp:term":[{"taxonomy":"category","embeddable":true,"href":"https:\/\/www.sonnenseite.com\/de\/wp-json\/wp\/v2\/categories?post=100573"},{"taxonomy":"post_tag","embeddable":true,"href":"https:\/\/www.sonnenseite.com\/de\/wp-json\/wp\/v2\/tags?post=100573"}],"curies":[{"name":"wp","href":"https:\/\/api.w.org\/{rel}","templated":true}]}}