{"id":100678,"date":"2024-07-19T02:37:00","date_gmt":"2024-07-19T00:37:00","guid":{"rendered":"https:\/\/www.sonnenseite.com\/?p=100678"},"modified":"2024-07-17T13:38:17","modified_gmt":"2024-07-17T11:38:17","slug":"know-how-aus-oberoesterreich-fuer-e-schnell-ladeparks-mit-variablem-sonnenstrompreis","status":"publish","type":"post","link":"https:\/\/www.sonnenseite.com\/de\/mobilitaet\/know-how-aus-oberoesterreich-fuer-e-schnell-ladeparks-mit-variablem-sonnenstrompreis\/","title":{"rendered":"Know-how aus Ober\u00f6sterreich f\u00fcr E-Schnell-Ladeparks mit variablem Sonnenstrompreis"},"content":{"rendered":"\n<p>Am 17. Juli wurde in Freistadt der Solar Sky Park er\u00f6ffnet, ein Gemeinschaftsprojekt von eww Anlagentechnik und den Freist\u00e4dter Unternehmen Innovametall und neoom.<\/p>\n\n\n\n<p>22 Schnell-Ladepunkte bis 300 kW machen den Solar Sky Park im Inkoba Gebiet Freistadt S\u00fcd zum gr\u00f6\u00dften Schnell-Ladepark im M\u00fchlviertel. Die Ladepunkte sind mit Photovoltaik-Paneelen \u00fcberdacht, mit der PV-Produktion von Innovametall gekoppelt und f\u00fcr variable Sonnenstrom-Tarife per Bankomatzahlung vorbereitet. Die Motivation dahinter: Bei hoher Sonnenstromerzeugung sinken die Preise an den Lades\u00e4ulen. Die Kooperation der drei Unternehmen in Freistadt ist erst der Anfang, k\u00fcnftig soll es in ganz \u00d6sterreich Solar Sky Parks geben.<br><br>\u201eUnsere Rolle beim Solar Sky Park besteht vor allem in der elektrischen Ausstattung, der Ladetechnik, dem Energiekonzept und Lastmanagement. Das Besondere daran: Die Kunden erhalten ein fixfertiges System, das sich v\u00f6llig variabel best\u00fccken und nachtr\u00e4glich sehr einfach erweitern l\u00e4sst \u2013 egal ob normale Ladepunkte oder Schnelllader\u201c, so Markus Zeppetzauer, der verantwortliche Bereichsleiter bei <a href=\"https:\/\/www.eww.at\/\" target=\"_blank\" rel=\"noreferrer noopener\">eww<\/a> Anlagentechnik, bei der Er\u00f6ffnung.<br><br>Durch das Plug-and-play-System sei der Aufwand f\u00fcr die Inbetriebnahme minimal, das garantiere schnelle Umsetzung und maximale Kosteneffizienz. \u201eAuch die Anbindung an die eigene PV-Stromproduktion erledigt die eww Anlagentechnik, was die Vermarktung des selbst erzeugten Sonnenstroms \u00fcber den Solar Sky Park zu attraktiven, auch variablen Preisen erlaubt\u201c, so Markus Zeppetzauer weiter.<br><br>Integriert ist ein Outdoor-Energiespeicher samt Energiemanagementsystem von <a href=\"https:\/\/neoom.com\" target=\"_blank\" rel=\"noreferrer noopener\">neoom<\/a> aus Freistadt. Das modulare Konzept des Speichers macht eine einfache und schnelle Installation und Inbetriebnahme m\u00f6glich, garantiert durch Vorinstallation schon vor der Lieferung.<br><br>F\u00fcr eine einfach Umsetzung der PV-Parkplatz\u00fcberdachung sorgt <a href=\"https:\/\/www.innovametall.at\/loesungen\/solar-sky-park\" target=\"_blank\" rel=\"noreferrer noopener\">INNOVAMETALL<\/a> aus Freistadt, mit Modulbauweise ist eine freie Zufahrt ohne st\u00f6rende S\u00e4ulen inklusive Anfahrschutz m\u00f6glich. &#8222;Erfunden&#8220; wurde das System von Klaus Pichlbauer von der INNOVAMETALL GmbH. Es wird nicht nur Energie von der Sonne vor Ort erzeugt, sondern gleichzeitig ist Schutz vor Hagel, Hitze, Schnee und Regen gegeben.<br><br><strong>Schnell und modular<\/strong><br><br>Die drei Unternehmen wollen das System Solar Sky Park gemeinsam vermarkten \u2013 denn es bietet viele Vorteile im Vergleich zu bisherigen L\u00f6sungen: \u201eUnser Ladepark ben\u00f6tigt nur sehr oberfl\u00e4chliche Grabungen, daher ist er innerhalb weniger Tage einsatzbereit. Au\u00dferdem bieten wir von der Planung bis zur Abrechnung alles aus einer Hand\u201c, erkl\u00e4rt Markus Zeppetzauer das Konzept. Eines ist fix: Der Solar Sky Park verwandelt einfache Parkpl\u00e4tze in zukunftsf\u00e4hige und leistungsstarke Ladeparks mit vielf\u00e4ltigen Mobilit\u00e4tsangeboten, integriert werden k\u00f6nnen z.B. auch Fahrradboxen, Paketstationen und andere Servicel\u00f6sungen. Netzausbau ist daf\u00fcr nicht notwendig.<\/p>\n\n\n<h5 class=\"green\">Quelle<\/h5>\r\n\n\n\n<p><a href=\"https:\/\/www.oekonews.at\/?mdoc_id=1195346\">oekonews.at \/ holler 2024<\/a> | <a href=\"https:\/\/www.eww.at\/ueber-uns\/news-detail\/know-how-aus-wels-fuer-muehlviertels-groessten-schnell-ladepark\">eww gruppe 2024<\/a><\/p>\n<div class=\"shariff shariff-align-flex-start shariff-widget-align-flex-start\"><div class=\"ShariffHeadline\">Diese Meldung teilen<\/div><ul class=\"shariff-buttons theme-round orientation-horizontal buttonsize-medium\"><li class=\"shariff-button facebook shariff-nocustomcolor\" style=\"background-color:#4273c8;border-radius:1%\"><a href=\"https:\/\/www.facebook.com\/sharer\/sharer.php?u=https%3A%2F%2Fwww.sonnenseite.com%2Fde%2Fmobilitaet%2Fknow-how-aus-oberoesterreich-fuer-e-schnell-ladeparks-mit-variablem-sonnenstrompreis%2F\" title=\"Bei Facebook teilen\" aria-label=\"Bei Facebook teilen\" role=\"button\" rel=\"nofollow\" class=\"shariff-link\" style=\";border-radius:1%; background-color:#3b5998; color:#fff\" target=\"_blank\"><span class=\"shariff-icon\" style=\"\"><svg width=\"32px\" height=\"20px\" xmlns=\"http:\/\/www.w3.org\/2000\/svg\" viewBox=\"0 0 18 32\"><path fill=\"#3b5998\" d=\"M17.1 0.2v4.7h-2.8q-1.5 0-2.1 0.6t-0.5 1.9v3.4h5.2l-0.7 5.3h-4.5v13.6h-5.5v-13.6h-4.5v-5.3h4.5v-3.9q0-3.3 1.9-5.2t5-1.8q2.6 0 4.1 0.2z\"\/><\/svg><\/span><\/a><\/li><li class=\"shariff-button twitter shariff-nocustomcolor\" style=\"background-color:#595959;border-radius:1%\"><a href=\"https:\/\/twitter.com\/share?url=https%3A%2F%2Fwww.sonnenseite.com%2Fde%2Fmobilitaet%2Fknow-how-aus-oberoesterreich-fuer-e-schnell-ladeparks-mit-variablem-sonnenstrompreis%2F&text=Know-how%20aus%20Ober%C3%B6sterreich%20f%C3%BCr%20E-Schnell-Ladeparks%20mit%20variablem%20Sonnenstrompreis\" title=\"Bei X teilen\" aria-label=\"Bei X teilen\" role=\"button\" rel=\"noopener nofollow\" class=\"shariff-link\" style=\";border-radius:1%; background-color:#000; color:#fff\" target=\"_blank\"><span class=\"shariff-icon\" style=\"\"><svg width=\"32px\" height=\"20px\" xmlns=\"http:\/\/www.w3.org\/2000\/svg\" viewBox=\"0 0 24 24\"><path fill=\"#000\" d=\"M14.258 10.152L23.176 0h-2.113l-7.747 8.813L7.133 0H0l9.352 13.328L0 23.973h2.113l8.176-9.309 6.531 9.309h7.133zm-2.895 3.293l-.949-1.328L2.875 1.56h3.246l6.086 8.523.945 1.328 7.91 11.078h-3.246zm0 0\"\/><\/svg><\/span><\/a><\/li><li class=\"shariff-button xing shariff-nocustomcolor\" style=\"background-color:#29888a;border-radius:1%\"><a href=\"https:\/\/www.xing.com\/spi\/shares\/new?url=https%3A%2F%2Fwww.sonnenseite.com%2Fde%2Fmobilitaet%2Fknow-how-aus-oberoesterreich-fuer-e-schnell-ladeparks-mit-variablem-sonnenstrompreis%2F\" title=\"Bei XING teilen\" aria-label=\"Bei XING teilen\" role=\"button\" rel=\"noopener nofollow\" class=\"shariff-link\" style=\";border-radius:1%; background-color:#126567; color:#fff\" target=\"_blank\"><span class=\"shariff-icon\" style=\"\"><svg width=\"32px\" height=\"20px\" xmlns=\"http:\/\/www.w3.org\/2000\/svg\" viewBox=\"0 0 25 32\"><path fill=\"#126567\" d=\"M10.7 11.9q-0.2 0.3-4.6 8.2-0.5 0.8-1.2 0.8h-4.3q-0.4 0-0.5-0.3t0-0.6l4.5-8q0 0 0 0l-2.9-5q-0.2-0.4 0-0.7 0.2-0.3 0.5-0.3h4.3q0.7 0 1.2 0.8zM25.1 0.4q0.2 0.3 0 0.7l-9.4 16.7 6 11q0.2 0.4 0 0.6-0.2 0.3-0.6 0.3h-4.3q-0.7 0-1.2-0.8l-6-11.1q0.3-0.6 9.5-16.8 0.4-0.8 1.2-0.8h4.3q0.4 0 0.5 0.3z\"\/><\/svg><\/span><\/a><\/li><li class=\"shariff-button linkedin shariff-nocustomcolor\" style=\"background-color:#1488bf;border-radius:1%\"><a href=\"https:\/\/www.linkedin.com\/sharing\/share-offsite\/?url=https%3A%2F%2Fwww.sonnenseite.com%2Fde%2Fmobilitaet%2Fknow-how-aus-oberoesterreich-fuer-e-schnell-ladeparks-mit-variablem-sonnenstrompreis%2F\" title=\"Bei LinkedIn teilen\" aria-label=\"Bei LinkedIn teilen\" role=\"button\" rel=\"noopener nofollow\" class=\"shariff-link\" style=\";border-radius:1%; background-color:#0077b5; color:#fff\" target=\"_blank\"><span class=\"shariff-icon\" style=\"\"><svg width=\"32px\" height=\"20px\" xmlns=\"http:\/\/www.w3.org\/2000\/svg\" viewBox=\"0 0 27 32\"><path fill=\"#0077b5\" d=\"M6.2 11.2v17.7h-5.9v-17.7h5.9zM6.6 5.7q0 1.3-0.9 2.2t-2.4 0.9h0q-1.5 0-2.4-0.9t-0.9-2.2 0.9-2.2 2.4-0.9 2.4 0.9 0.9 2.2zM27.4 18.7v10.1h-5.9v-9.5q0-1.9-0.7-2.9t-2.3-1.1q-1.1 0-1.9 0.6t-1.2 1.5q-0.2 0.5-0.2 1.4v9.9h-5.9q0-7.1 0-11.6t0-5.3l0-0.9h5.9v2.6h0q0.4-0.6 0.7-1t1-0.9 1.6-0.8 2-0.3q3 0 4.9 2t1.9 6z\"\/><\/svg><\/span><\/a><\/li><li class=\"shariff-button printer shariff-nocustomcolor\" style=\"background-color:#a8a8a8;border-radius:1%\"><a href=\"javascript:window.print()\" title=\"drucken\" aria-label=\"drucken\" role=\"button\" rel=\"noopener nofollow\" class=\"shariff-link\" style=\";border-radius:1%; background-color:#999; color:#fff\"><span class=\"shariff-icon\" style=\"\"><svg width=\"32px\" height=\"20px\" xmlns=\"http:\/\/www.w3.org\/2000\/svg\" viewBox=\"0 0 30 32\"><path fill=\"#999\" d=\"M6.8 27.4h16v-4.6h-16v4.6zM6.8 16h16v-6.8h-2.8q-0.7 0-1.2-0.5t-0.5-1.2v-2.8h-11.4v11.4zM27.4 17.2q0-0.5-0.3-0.8t-0.8-0.4-0.8 0.4-0.3 0.8 0.3 0.8 0.8 0.3 0.8-0.3 0.3-0.8zM29.7 17.2v7.4q0 0.2-0.2 0.4t-0.4 0.2h-4v2.8q0 0.7-0.5 1.2t-1.2 0.5h-17.2q-0.7 0-1.2-0.5t-0.5-1.2v-2.8h-4q-0.2 0-0.4-0.2t-0.2-0.4v-7.4q0-1.4 1-2.4t2.4-1h1.2v-9.7q0-0.7 0.5-1.2t1.2-0.5h12q0.7 0 1.6 0.4t1.3 0.8l2.7 2.7q0.5 0.5 0.9 1.4t0.4 1.6v4.6h1.1q1.4 0 2.4 1t1 2.4z\"\/><\/svg><\/span><\/a><\/li><li class=\"shariff-button mailto shariff-nocustomcolor\" style=\"background-color:#a8a8a8;border-radius:1%\"><a href=\"mailto:?body=https%3A%2F%2Fwww.sonnenseite.com%2Fde%2Fmobilitaet%2Fknow-how-aus-oberoesterreich-fuer-e-schnell-ladeparks-mit-variablem-sonnenstrompreis%2F&subject=Know-how%20aus%20Ober%C3%B6sterreich%20f%C3%BCr%20E-Schnell-Ladeparks%20mit%20variablem%20Sonnenstrompreis\" title=\"Per E-Mail versenden\" aria-label=\"Per E-Mail versenden\" role=\"button\" rel=\"noopener nofollow\" class=\"shariff-link\" style=\";border-radius:1%; background-color:#999; color:#fff\"><span class=\"shariff-icon\" style=\"\"><svg width=\"32px\" height=\"20px\" xmlns=\"http:\/\/www.w3.org\/2000\/svg\" viewBox=\"0 0 32 32\"><path fill=\"#999\" d=\"M32 12.7v14.2q0 1.2-0.8 2t-2 0.9h-26.3q-1.2 0-2-0.9t-0.8-2v-14.2q0.8 0.9 1.8 1.6 6.5 4.4 8.9 6.1 1 0.8 1.6 1.2t1.7 0.9 2 0.4h0.1q0.9 0 2-0.4t1.7-0.9 1.6-1.2q3-2.2 8.9-6.1 1-0.7 1.8-1.6zM32 7.4q0 1.4-0.9 2.7t-2.2 2.2q-6.7 4.7-8.4 5.8-0.2 0.1-0.7 0.5t-1 0.7-0.9 0.6-1.1 0.5-0.9 0.2h-0.1q-0.4 0-0.9-0.2t-1.1-0.5-0.9-0.6-1-0.7-0.7-0.5q-1.6-1.1-4.7-3.2t-3.6-2.6q-1.1-0.7-2.1-2t-1-2.5q0-1.4 0.7-2.3t2.1-0.9h26.3q1.2 0 2 0.8t0.9 2z\"\/><\/svg><\/span><\/a><\/li><\/ul><\/div>","protected":false},"excerpt":{"rendered":"<p>Am 17. Juli wurde in Freistadt der Solar Sky Park er\u00f6ffnet, ein Gemeinschaftsprojekt von eww Anlagentechnik [&hellip;]<\/p>\n","protected":false},"author":3,"featured_media":100680,"comment_status":"closed","ping_status":"closed","sticky":false,"template":"","format":"standard","meta":{"inline_featured_image":false,"footnotes":""},"categories":[25],"tags":[],"class_list":["post-100678","post","type-post","status-publish","format-standard","has-post-thumbnail","hentry","category-mobilitaet"],"yoast_head":"<!-- This site is optimized with the Yoast SEO plugin v26.5 - https:\/\/yoast.com\/wordpress\/plugins\/seo\/ -->\n<title>Know-how aus Ober\u00f6sterreich f\u00fcr E-Schnell-Ladeparks mit variablem Sonnenstrompreis - Sonnenseite - \u00d6kologische Kommunikation mit Franz Alt<\/title>\n<meta name=\"description\" content=\"Am 17. Juli wurde in Freistadt der Solar Sky Park er\u00f6ffnet, ein Gemeinschaftsprojekt von eww Anlagentechnik und den Freist\u00e4dter Unternehmen Innovametall\" \/>\n<meta name=\"robots\" content=\"index, follow, max-snippet:-1, max-image-preview:large, max-video-preview:-1\" \/>\n<link rel=\"canonical\" href=\"https:\/\/www.sonnenseite.com\/de\/mobilitaet\/know-how-aus-oberoesterreich-fuer-e-schnell-ladeparks-mit-variablem-sonnenstrompreis\/\" \/>\n<meta property=\"og:locale\" content=\"de_DE\" \/>\n<meta property=\"og:type\" content=\"article\" \/>\n<meta property=\"og:title\" content=\"Know-how aus Ober\u00f6sterreich f\u00fcr E-Schnell-Ladeparks mit variablem Sonnenstrompreis - Sonnenseite - \u00d6kologische Kommunikation mit Franz Alt\" \/>\n<meta property=\"og:description\" content=\"Am 17. Juli wurde in Freistadt der Solar Sky Park er\u00f6ffnet, ein Gemeinschaftsprojekt von eww Anlagentechnik und den Freist\u00e4dter Unternehmen Innovametall\" \/>\n<meta property=\"og:url\" content=\"https:\/\/www.sonnenseite.com\/de\/mobilitaet\/know-how-aus-oberoesterreich-fuer-e-schnell-ladeparks-mit-variablem-sonnenstrompreis\/\" \/>\n<meta property=\"og:site_name\" content=\"Sonnenseite\" \/>\n<meta property=\"article:publisher\" content=\"https:\/\/www.facebook.com\/pages\/Franz-Alt-SONNENSEITECOM\/221072987903953?fref=ts\" \/>\n<meta property=\"article:published_time\" content=\"2024-07-19T00:37:00+00:00\" \/>\n<meta property=\"og:image\" content=\"https:\/\/www.sonnenseite.com\/wp-content\/uploads\/2024\/07\/eww_SolarSkyPark02.jpg\" \/>\n\t<meta property=\"og:image:width\" content=\"770\" \/>\n\t<meta property=\"og:image:height\" content=\"420\" \/>\n\t<meta property=\"og:image:type\" content=\"image\/jpeg\" \/>\n<meta name=\"author\" content=\"Bigi Alt\" \/>\n<meta name=\"twitter:card\" content=\"summary_large_image\" \/>\n<meta name=\"twitter:creator\" content=\"@franzalt\" \/>\n<meta name=\"twitter:site\" content=\"@franzalt\" \/>\n<meta name=\"twitter:label1\" content=\"Verfasst von\" \/>\n\t<meta name=\"twitter:data1\" content=\"Bigi Alt\" \/>\n\t<meta name=\"twitter:label2\" content=\"Gesch\u00e4tzte Lesezeit\" \/>\n\t<meta name=\"twitter:data2\" content=\"3\u00a0Minuten\" \/>\n<script type=\"application\/ld+json\" class=\"yoast-schema-graph\">{\"@context\":\"https:\/\/schema.org\",\"@graph\":[{\"@type\":\"Article\",\"@id\":\"https:\/\/www.sonnenseite.com\/de\/mobilitaet\/know-how-aus-oberoesterreich-fuer-e-schnell-ladeparks-mit-variablem-sonnenstrompreis\/#article\",\"isPartOf\":{\"@id\":\"https:\/\/www.sonnenseite.com\/de\/mobilitaet\/know-how-aus-oberoesterreich-fuer-e-schnell-ladeparks-mit-variablem-sonnenstrompreis\/\"},\"author\":{\"name\":\"Bigi Alt\",\"@id\":\"https:\/\/www.sonnenseite.com\/de\/#\/schema\/person\/50fda0e926597684c7cc6695238a4eb9\"},\"headline\":\"Know-how aus Ober\u00f6sterreich f\u00fcr E-Schnell-Ladeparks mit variablem Sonnenstrompreis\",\"datePublished\":\"2024-07-19T00:37:00+00:00\",\"mainEntityOfPage\":{\"@id\":\"https:\/\/www.sonnenseite.com\/de\/mobilitaet\/know-how-aus-oberoesterreich-fuer-e-schnell-ladeparks-mit-variablem-sonnenstrompreis\/\"},\"wordCount\":422,\"publisher\":{\"@id\":\"https:\/\/www.sonnenseite.com\/de\/#organization\"},\"image\":{\"@id\":\"https:\/\/www.sonnenseite.com\/de\/mobilitaet\/know-how-aus-oberoesterreich-fuer-e-schnell-ladeparks-mit-variablem-sonnenstrompreis\/#primaryimage\"},\"thumbnailUrl\":\"https:\/\/www.sonnenseite.com\/wp-content\/uploads\/2024\/07\/eww_SolarSkyPark02.jpg\",\"articleSection\":[\"Mobilit\u00e4t\"],\"inLanguage\":\"de\"},{\"@type\":\"WebPage\",\"@id\":\"https:\/\/www.sonnenseite.com\/de\/mobilitaet\/know-how-aus-oberoesterreich-fuer-e-schnell-ladeparks-mit-variablem-sonnenstrompreis\/\",\"url\":\"https:\/\/www.sonnenseite.com\/de\/mobilitaet\/know-how-aus-oberoesterreich-fuer-e-schnell-ladeparks-mit-variablem-sonnenstrompreis\/\",\"name\":\"Know-how aus Ober\u00f6sterreich f\u00fcr E-Schnell-Ladeparks mit variablem Sonnenstrompreis - Sonnenseite - \u00d6kologische Kommunikation mit Franz Alt\",\"isPartOf\":{\"@id\":\"https:\/\/www.sonnenseite.com\/de\/#website\"},\"primaryImageOfPage\":{\"@id\":\"https:\/\/www.sonnenseite.com\/de\/mobilitaet\/know-how-aus-oberoesterreich-fuer-e-schnell-ladeparks-mit-variablem-sonnenstrompreis\/#primaryimage\"},\"image\":{\"@id\":\"https:\/\/www.sonnenseite.com\/de\/mobilitaet\/know-how-aus-oberoesterreich-fuer-e-schnell-ladeparks-mit-variablem-sonnenstrompreis\/#primaryimage\"},\"thumbnailUrl\":\"https:\/\/www.sonnenseite.com\/wp-content\/uploads\/2024\/07\/eww_SolarSkyPark02.jpg\",\"datePublished\":\"2024-07-19T00:37:00+00:00\",\"description\":\"Am 17. Juli wurde in Freistadt der Solar Sky Park er\u00f6ffnet, ein Gemeinschaftsprojekt von eww Anlagentechnik und den Freist\u00e4dter Unternehmen Innovametall\",\"breadcrumb\":{\"@id\":\"https:\/\/www.sonnenseite.com\/de\/mobilitaet\/know-how-aus-oberoesterreich-fuer-e-schnell-ladeparks-mit-variablem-sonnenstrompreis\/#breadcrumb\"},\"inLanguage\":\"de\",\"potentialAction\":[{\"@type\":\"ReadAction\",\"target\":[\"https:\/\/www.sonnenseite.com\/de\/mobilitaet\/know-how-aus-oberoesterreich-fuer-e-schnell-ladeparks-mit-variablem-sonnenstrompreis\/\"]}]},{\"@type\":\"ImageObject\",\"inLanguage\":\"de\",\"@id\":\"https:\/\/www.sonnenseite.com\/de\/mobilitaet\/know-how-aus-oberoesterreich-fuer-e-schnell-ladeparks-mit-variablem-sonnenstrompreis\/#primaryimage\",\"url\":\"https:\/\/www.sonnenseite.com\/wp-content\/uploads\/2024\/07\/eww_SolarSkyPark02.jpg\",\"contentUrl\":\"https:\/\/www.sonnenseite.com\/wp-content\/uploads\/2024\/07\/eww_SolarSkyPark02.jpg\",\"width\":770,\"height\":420,\"caption\":\"eww.at \/ Innovative Schnellladung beim Solar Sky Park in Freistadt\"},{\"@type\":\"BreadcrumbList\",\"@id\":\"https:\/\/www.sonnenseite.com\/de\/mobilitaet\/know-how-aus-oberoesterreich-fuer-e-schnell-ladeparks-mit-variablem-sonnenstrompreis\/#breadcrumb\",\"itemListElement\":[{\"@type\":\"ListItem\",\"position\":1,\"name\":\"Startseite\",\"item\":\"https:\/\/www.sonnenseite.com\/de\/\"},{\"@type\":\"ListItem\",\"position\":2,\"name\":\"Know-how aus Ober\u00f6sterreich f\u00fcr E-Schnell-Ladeparks mit variablem Sonnenstrompreis\"}]},{\"@type\":\"WebSite\",\"@id\":\"https:\/\/www.sonnenseite.com\/de\/#website\",\"url\":\"https:\/\/www.sonnenseite.com\/de\/\",\"name\":\"Sonnenseite\",\"description\":\"\u00d6kologische Kommunikation mit Franz Alt\",\"publisher\":{\"@id\":\"https:\/\/www.sonnenseite.com\/de\/#organization\"},\"potentialAction\":[{\"@type\":\"SearchAction\",\"target\":{\"@type\":\"EntryPoint\",\"urlTemplate\":\"https:\/\/www.sonnenseite.com\/de\/?s={search_term_string}\"},\"query-input\":{\"@type\":\"PropertyValueSpecification\",\"valueRequired\":true,\"valueName\":\"search_term_string\"}}],\"inLanguage\":\"de\"},{\"@type\":\"Organization\",\"@id\":\"https:\/\/www.sonnenseite.com\/de\/#organization\",\"name\":\"Sonnenseite\",\"url\":\"https:\/\/www.sonnenseite.com\/de\/\",\"logo\":{\"@type\":\"ImageObject\",\"inLanguage\":\"de\",\"@id\":\"https:\/\/www.sonnenseite.com\/de\/#\/schema\/logo\/image\/\",\"url\":\"https:\/\/www.sonnenseite.com\/wp-content\/uploads\/2020\/05\/Sonnenseite_Logo.png\",\"contentUrl\":\"https:\/\/www.sonnenseite.com\/wp-content\/uploads\/2020\/05\/Sonnenseite_Logo.png\",\"width\":377,\"height\":90,\"caption\":\"Sonnenseite\"},\"image\":{\"@id\":\"https:\/\/www.sonnenseite.com\/de\/#\/schema\/logo\/image\/\"},\"sameAs\":[\"https:\/\/www.facebook.com\/pages\/Franz-Alt-SONNENSEITECOM\/221072987903953?fref=ts\",\"https:\/\/x.com\/franzalt\",\"http:\/\/www.youtube.com\/results?search_query&amp;amp;quot;franz_alt&amp;amp;quot;&amp;amp;amp;amp;search_type&amp;amp;amp;amp;aq=f\"]},{\"@type\":\"Person\",\"@id\":\"https:\/\/www.sonnenseite.com\/de\/#\/schema\/person\/50fda0e926597684c7cc6695238a4eb9\",\"name\":\"Bigi Alt\"}]}<\/script>\n<!-- \/ Yoast SEO plugin. -->","yoast_head_json":{"title":"Know-how aus Ober\u00f6sterreich f\u00fcr E-Schnell-Ladeparks mit variablem Sonnenstrompreis - Sonnenseite - \u00d6kologische Kommunikation mit Franz Alt","description":"Am 17. Juli wurde in Freistadt der Solar Sky Park er\u00f6ffnet, ein Gemeinschaftsprojekt von eww Anlagentechnik und den Freist\u00e4dter Unternehmen Innovametall","robots":{"index":"index","follow":"follow","max-snippet":"max-snippet:-1","max-image-preview":"max-image-preview:large","max-video-preview":"max-video-preview:-1"},"canonical":"https:\/\/www.sonnenseite.com\/de\/mobilitaet\/know-how-aus-oberoesterreich-fuer-e-schnell-ladeparks-mit-variablem-sonnenstrompreis\/","og_locale":"de_DE","og_type":"article","og_title":"Know-how aus Ober\u00f6sterreich f\u00fcr E-Schnell-Ladeparks mit variablem Sonnenstrompreis - Sonnenseite - \u00d6kologische Kommunikation mit Franz Alt","og_description":"Am 17. Juli wurde in Freistadt der Solar Sky Park er\u00f6ffnet, ein Gemeinschaftsprojekt von eww Anlagentechnik und den Freist\u00e4dter Unternehmen Innovametall","og_url":"https:\/\/www.sonnenseite.com\/de\/mobilitaet\/know-how-aus-oberoesterreich-fuer-e-schnell-ladeparks-mit-variablem-sonnenstrompreis\/","og_site_name":"Sonnenseite","article_publisher":"https:\/\/www.facebook.com\/pages\/Franz-Alt-SONNENSEITECOM\/221072987903953?fref=ts","article_published_time":"2024-07-19T00:37:00+00:00","og_image":[{"width":770,"height":420,"url":"https:\/\/www.sonnenseite.com\/wp-content\/uploads\/2024\/07\/eww_SolarSkyPark02.jpg","type":"image\/jpeg"}],"author":"Bigi Alt","twitter_card":"summary_large_image","twitter_creator":"@franzalt","twitter_site":"@franzalt","twitter_misc":{"Verfasst von":"Bigi Alt","Gesch\u00e4tzte Lesezeit":"3\u00a0Minuten"},"schema":{"@context":"https:\/\/schema.org","@graph":[{"@type":"Article","@id":"https:\/\/www.sonnenseite.com\/de\/mobilitaet\/know-how-aus-oberoesterreich-fuer-e-schnell-ladeparks-mit-variablem-sonnenstrompreis\/#article","isPartOf":{"@id":"https:\/\/www.sonnenseite.com\/de\/mobilitaet\/know-how-aus-oberoesterreich-fuer-e-schnell-ladeparks-mit-variablem-sonnenstrompreis\/"},"author":{"name":"Bigi Alt","@id":"https:\/\/www.sonnenseite.com\/de\/#\/schema\/person\/50fda0e926597684c7cc6695238a4eb9"},"headline":"Know-how aus Ober\u00f6sterreich f\u00fcr E-Schnell-Ladeparks mit variablem Sonnenstrompreis","datePublished":"2024-07-19T00:37:00+00:00","mainEntityOfPage":{"@id":"https:\/\/www.sonnenseite.com\/de\/mobilitaet\/know-how-aus-oberoesterreich-fuer-e-schnell-ladeparks-mit-variablem-sonnenstrompreis\/"},"wordCount":422,"publisher":{"@id":"https:\/\/www.sonnenseite.com\/de\/#organization"},"image":{"@id":"https:\/\/www.sonnenseite.com\/de\/mobilitaet\/know-how-aus-oberoesterreich-fuer-e-schnell-ladeparks-mit-variablem-sonnenstrompreis\/#primaryimage"},"thumbnailUrl":"https:\/\/www.sonnenseite.com\/wp-content\/uploads\/2024\/07\/eww_SolarSkyPark02.jpg","articleSection":["Mobilit\u00e4t"],"inLanguage":"de"},{"@type":"WebPage","@id":"https:\/\/www.sonnenseite.com\/de\/mobilitaet\/know-how-aus-oberoesterreich-fuer-e-schnell-ladeparks-mit-variablem-sonnenstrompreis\/","url":"https:\/\/www.sonnenseite.com\/de\/mobilitaet\/know-how-aus-oberoesterreich-fuer-e-schnell-ladeparks-mit-variablem-sonnenstrompreis\/","name":"Know-how aus Ober\u00f6sterreich f\u00fcr E-Schnell-Ladeparks mit variablem Sonnenstrompreis - Sonnenseite - \u00d6kologische Kommunikation mit Franz Alt","isPartOf":{"@id":"https:\/\/www.sonnenseite.com\/de\/#website"},"primaryImageOfPage":{"@id":"https:\/\/www.sonnenseite.com\/de\/mobilitaet\/know-how-aus-oberoesterreich-fuer-e-schnell-ladeparks-mit-variablem-sonnenstrompreis\/#primaryimage"},"image":{"@id":"https:\/\/www.sonnenseite.com\/de\/mobilitaet\/know-how-aus-oberoesterreich-fuer-e-schnell-ladeparks-mit-variablem-sonnenstrompreis\/#primaryimage"},"thumbnailUrl":"https:\/\/www.sonnenseite.com\/wp-content\/uploads\/2024\/07\/eww_SolarSkyPark02.jpg","datePublished":"2024-07-19T00:37:00+00:00","description":"Am 17. Juli wurde in Freistadt der Solar Sky Park er\u00f6ffnet, ein Gemeinschaftsprojekt von eww Anlagentechnik und den Freist\u00e4dter Unternehmen Innovametall","breadcrumb":{"@id":"https:\/\/www.sonnenseite.com\/de\/mobilitaet\/know-how-aus-oberoesterreich-fuer-e-schnell-ladeparks-mit-variablem-sonnenstrompreis\/#breadcrumb"},"inLanguage":"de","potentialAction":[{"@type":"ReadAction","target":["https:\/\/www.sonnenseite.com\/de\/mobilitaet\/know-how-aus-oberoesterreich-fuer-e-schnell-ladeparks-mit-variablem-sonnenstrompreis\/"]}]},{"@type":"ImageObject","inLanguage":"de","@id":"https:\/\/www.sonnenseite.com\/de\/mobilitaet\/know-how-aus-oberoesterreich-fuer-e-schnell-ladeparks-mit-variablem-sonnenstrompreis\/#primaryimage","url":"https:\/\/www.sonnenseite.com\/wp-content\/uploads\/2024\/07\/eww_SolarSkyPark02.jpg","contentUrl":"https:\/\/www.sonnenseite.com\/wp-content\/uploads\/2024\/07\/eww_SolarSkyPark02.jpg","width":770,"height":420,"caption":"eww.at \/ Innovative Schnellladung beim Solar Sky Park in Freistadt"},{"@type":"BreadcrumbList","@id":"https:\/\/www.sonnenseite.com\/de\/mobilitaet\/know-how-aus-oberoesterreich-fuer-e-schnell-ladeparks-mit-variablem-sonnenstrompreis\/#breadcrumb","itemListElement":[{"@type":"ListItem","position":1,"name":"Startseite","item":"https:\/\/www.sonnenseite.com\/de\/"},{"@type":"ListItem","position":2,"name":"Know-how aus Ober\u00f6sterreich f\u00fcr E-Schnell-Ladeparks mit variablem Sonnenstrompreis"}]},{"@type":"WebSite","@id":"https:\/\/www.sonnenseite.com\/de\/#website","url":"https:\/\/www.sonnenseite.com\/de\/","name":"Sonnenseite","description":"\u00d6kologische Kommunikation mit Franz Alt","publisher":{"@id":"https:\/\/www.sonnenseite.com\/de\/#organization"},"potentialAction":[{"@type":"SearchAction","target":{"@type":"EntryPoint","urlTemplate":"https:\/\/www.sonnenseite.com\/de\/?s={search_term_string}"},"query-input":{"@type":"PropertyValueSpecification","valueRequired":true,"valueName":"search_term_string"}}],"inLanguage":"de"},{"@type":"Organization","@id":"https:\/\/www.sonnenseite.com\/de\/#organization","name":"Sonnenseite","url":"https:\/\/www.sonnenseite.com\/de\/","logo":{"@type":"ImageObject","inLanguage":"de","@id":"https:\/\/www.sonnenseite.com\/de\/#\/schema\/logo\/image\/","url":"https:\/\/www.sonnenseite.com\/wp-content\/uploads\/2020\/05\/Sonnenseite_Logo.png","contentUrl":"https:\/\/www.sonnenseite.com\/wp-content\/uploads\/2020\/05\/Sonnenseite_Logo.png","width":377,"height":90,"caption":"Sonnenseite"},"image":{"@id":"https:\/\/www.sonnenseite.com\/de\/#\/schema\/logo\/image\/"},"sameAs":["https:\/\/www.facebook.com\/pages\/Franz-Alt-SONNENSEITECOM\/221072987903953?fref=ts","https:\/\/x.com\/franzalt","http:\/\/www.youtube.com\/results?search_query&amp;amp;quot;franz_alt&amp;amp;quot;&amp;amp;amp;amp;search_type&amp;amp;amp;amp;aq=f"]},{"@type":"Person","@id":"https:\/\/www.sonnenseite.com\/de\/#\/schema\/person\/50fda0e926597684c7cc6695238a4eb9","name":"Bigi Alt"}]}},"_links":{"self":[{"href":"https:\/\/www.sonnenseite.com\/de\/wp-json\/wp\/v2\/posts\/100678","targetHints":{"allow":["GET"]}}],"collection":[{"href":"https:\/\/www.sonnenseite.com\/de\/wp-json\/wp\/v2\/posts"}],"about":[{"href":"https:\/\/www.sonnenseite.com\/de\/wp-json\/wp\/v2\/types\/post"}],"author":[{"embeddable":true,"href":"https:\/\/www.sonnenseite.com\/de\/wp-json\/wp\/v2\/users\/3"}],"replies":[{"embeddable":true,"href":"https:\/\/www.sonnenseite.com\/de\/wp-json\/wp\/v2\/comments?post=100678"}],"version-history":[{"count":2,"href":"https:\/\/www.sonnenseite.com\/de\/wp-json\/wp\/v2\/posts\/100678\/revisions"}],"predecessor-version":[{"id":100682,"href":"https:\/\/www.sonnenseite.com\/de\/wp-json\/wp\/v2\/posts\/100678\/revisions\/100682"}],"wp:featuredmedia":[{"embeddable":true,"href":"https:\/\/www.sonnenseite.com\/de\/wp-json\/wp\/v2\/media\/100680"}],"wp:attachment":[{"href":"https:\/\/www.sonnenseite.com\/de\/wp-json\/wp\/v2\/media?parent=100678"}],"wp:term":[{"taxonomy":"category","embeddable":true,"href":"https:\/\/www.sonnenseite.com\/de\/wp-json\/wp\/v2\/categories?post=100678"},{"taxonomy":"post_tag","embeddable":true,"href":"https:\/\/www.sonnenseite.com\/de\/wp-json\/wp\/v2\/tags?post=100678"}],"curies":[{"name":"wp","href":"https:\/\/api.w.org\/{rel}","templated":true}]}}