{"id":101164,"date":"2024-08-14T02:12:00","date_gmt":"2024-08-14T00:12:00","guid":{"rendered":"https:\/\/www.sonnenseite.com\/?p=101164"},"modified":"2024-08-12T17:13:12","modified_gmt":"2024-08-12T15:13:12","slug":"klimavertraegliches-fliegen","status":"publish","type":"post","link":"https:\/\/www.sonnenseite.com\/de\/wissenschaft\/klimavertraegliches-fliegen\/","title":{"rendered":"Klimavertr\u00e4gliches Fliegen"},"content":{"rendered":"\n<p>DLR pr\u00e4miert Studierende f\u00fcr umweltfreundliches Kurzstreckenflugzeug.<\/p>\n\n\n\n<ul class=\"wp-block-list\">\n<li>Die Studierenden der TU Berlin haben mit ihrem Konzept CHARGE die Jury \u00fcberzeugt und den ersten Platz bei der DLR Design Challenge 2024 gewonnen.<\/li>\n\n\n\n<li>Aufgabe der diesj\u00e4hrigen DLR Design Challenge war es, ein \u00f6kologisches und gleichzeitig wirtschaftliches Kurzstreckenflugzeug zu entwerfen.<\/li>\n\n\n\n<li>Schwerpunkte: Luftfahrt, Klimavertr\u00e4gliches Fliegen, Nachwuchs, Digitalisierung<\/li>\n<\/ul>\n\n\n\n<p>Die Jury des Deutschen Zentrums f\u00fcr Luft- und Raumfahrt (DLR) hat dem Studierenden-Team der TU Berlin den ersten Platz der achten DLR Design Challenge verliehen. Das Siegerteam setzte sich bei der Abschlussveranstaltung am 8. August 2024 am DLR-Standort Hamburg-Finkenwerder gegen\u00fcber den f\u00fcnf anderen teilnehmenden Teams durch.<\/p>\n\n\n\n<p>Um den Luftverkehr in den n\u00e4chsten Jahrzenten klimavertr\u00e4glich zu gestalten, m\u00fcssen innovative Technologien vorangetrieben werden. Da Kurzstreckenfl\u00fcge einen signifikanten Anteil an den aktuellen CO<sub>2<\/sub>-Emissionen der Luftfahrt verursachen, griff die DLR Design Challenge 2024 dieses Thema auf. Die Aufgabe war der Entwurf eines emissionsarmen Luftfahrzeugs f\u00fcr die zuk\u00fcnftige Mobilit\u00e4t auf der Kurzstrecke.<\/p>\n\n\n\n<p>\u201eDie Luftfahrt befindet sich gegenw\u00e4rtig in einem der intensivsten Transformationsprozesse ihrer Geschichte. Deshalb besteht ein erheblicher Forschungs- und Entwicklungsbedarf. Dabei sieht sich das DLR als Architekt und Integrator der Luftfahrtforschung\u201c, betont Prof. Dr.-Ing. Anke Kaysser-Pyzalla, Vorstandsvorsitzende des DLR, \u201eUnabdingbar f\u00fcr unsere Arbeit ist der Austausch von Wissen, neue und disruptive Denkans\u00e4tze, sowie Technologieoffenheit. All das haben die Teilnehmenden der DLR Design Challenge 2024 erfolgreich gezeigt beim Entwurf eines umweltfreundlichen und wirtschaftlich effizienten Kurzstreckenflugzeuges f\u00fcr das Jahr 2050.\u201c<\/p>\n\n\n\n<h4 class=\"wp-block-heading\" id=\"90a612e9-f320-471b-abf4-7abf3874a25a\">Know-how, Kreativit\u00e4t und Teamgeist als Schl\u00fcsselkompetenzen<\/h4>\n\n\n\n<p>Sechs Studierenden-Teams pr\u00e4sentierten bei der Abschlussveranstaltung des Wettbewerbs ihre Entw\u00fcrfe, f\u00fcr die sie rund vier Monate Zeit hatten. Dabei durchliefen die Studierenden Prozesse wie beim echten Entwurf von Flugzeugen: Von der ersten Konzeptidee \u00fcber die detaillierte Ausarbeitung technischer Aspekte und deren Berechnung bis hin zur \u00fcberzeugenden Pr\u00e4sentation vor der Fachjury. Sie sammelten wertvolle Erfahrung und verkn\u00fcpften ihr erlangtes Wissen mit praktischen F\u00e4higkeiten, indem sie unter realistischen Bedingungen arbeiteten und aktuelle Herausforderungen der Luftfahrtindustrie meisterten. Die Aufgabe erforderte nicht nur technisches Know-how, sondern auch Kreativit\u00e4t und Teamarbeit.<\/p>\n\n\n\n<p>Im Laufe des Projekts investierten die Studierenden mehrere hundert Stunden in die Entwicklung ihrer Konzepte und werden langfristig von den umfassenden Erfahrungen sowie den Kontakten zu Experten aus der Branche profitieren. Die Design Challenge wurde zusammen von den DLR-Instituten f\u00fcr Systemarchitekturen in der Luftfahrt&nbsp;und Aerodynamik und Str\u00f6mungstechnik ausgerichtet.<\/p>\n\n\n\n<p>Der erste Platz der DLR Design Challenge 2024 ging an das Team der TU Berlin. Ihr Konzept CHARGE \u00fcberzeugte die Jury mit einem Bericht, in dem alle Designentscheidungen ausf\u00fchrlich begr\u00fcndet und erl\u00e4utert wurden. Alle wichtigen Disziplinen wurden ausf\u00fchrlich abgedeckt, und der Einsatz innovativer Technologien wurde mit soliden Untersuchungen gerechtfertigt. Die TU Braunschweig landete auf dem zweiten Platz. Ihr Team punktete mit seinem Konzept VoltAirs-95 besonders durch die hohe Plausibilit\u00e4t, bei dem eine sehr gute Balance zwischen Innovation und bew\u00e4hrter Technologien vorlag. Platz drei belegte Team HYPER der DHBW Ravensburg. Es pr\u00e4sentierte ein solide durchdachtes Konzept, was wenige Fragen der Jury offen lie\u00df. Die ausf\u00fchrliche Untersuchung des Antriebskonzept fiel besonders positiv auf. &#8222;Insgesamt wurden alle eingereichten Entw\u00fcrfe f\u00fcr innovativ und sehr kreativ befunden, so dass alle Teams als Gewinner gelten&#8220;, so die Jury w\u00e4hrend der Preisverleihung.<\/p>\n\n\n\n<h4 class=\"wp-block-heading\" id=\"501f665c-bd56-4bd4-9ee9-cb75b49705e7\">Weniger CO<sub>2<\/sub> durch mehr Effizienz auf Kurzstrecken<\/h4>\n\n\n\n<p>F\u00fcr das zu entwerfende Luftfahrzeug geh\u00f6rte zur Aufgabenstellung, die Indienststellung bis zum Jahr 2050 einzuplanen. Ein vorgegebenes Netzwerk an europ\u00e4ischen Regionalrouten soll durch das neue Flugzeug \u00f6kologisch und gleichzeitig wirtschaftlich bedienen werden k\u00f6nnen. Den Teilnehmenden war es durch eine Analyse des Netzwerks selbst \u00fcberlassen, die Reichweite und Passagierkapazit\u00e4t zu w\u00e4hlen und somit beide Anforderungen optimal auszuf\u00fcllen. Dazu war die Wahl des Energietr\u00e4gers ebenfalls offen: Es konnte zwischen Wasserstoff, Elektrizit\u00e4t und nachhaltigem Flugkraftstoff in hybrider Anwendung entschieden werden.<\/p>\n\n\n\n<ul class=\"wp-block-list\">\n<li><a href=\"https:\/\/www.dlr.de\/de\/aktuelles\/nachrichten\/2024\/studierende-entwerfen-umweltfreundliches-kurzstreckenflugzeug\">Die eingereichten Flugzeugentw\u00fcrfe im \u00dcberblick<\/a><\/li>\n<\/ul>\n\n\n<h5 class=\"green\">Quelle<\/h5>\r\n\n\n\n<p><a href=\"https:\/\/www.dlr.de\/de\/aktuelles\/nachrichten\/2024\/studierende-entwerfen-umweltfreundliches-kurzstreckenflugzeug\">DLR 2024<\/a><\/p>\n<div class=\"shariff shariff-align-flex-start shariff-widget-align-flex-start\"><div class=\"ShariffHeadline\">Diese Meldung teilen<\/div><ul class=\"shariff-buttons theme-round orientation-horizontal buttonsize-medium\"><li class=\"shariff-button facebook shariff-nocustomcolor\" style=\"background-color:#4273c8;border-radius:1%\"><a href=\"https:\/\/www.facebook.com\/sharer\/sharer.php?u=https%3A%2F%2Fwww.sonnenseite.com%2Fde%2Fwissenschaft%2Fklimavertraegliches-fliegen%2F\" title=\"Bei Facebook teilen\" aria-label=\"Bei Facebook teilen\" role=\"button\" rel=\"nofollow\" class=\"shariff-link\" style=\";border-radius:1%; background-color:#3b5998; color:#fff\" target=\"_blank\"><span class=\"shariff-icon\" style=\"\"><svg width=\"32px\" height=\"20px\" xmlns=\"http:\/\/www.w3.org\/2000\/svg\" viewBox=\"0 0 18 32\"><path fill=\"#3b5998\" d=\"M17.1 0.2v4.7h-2.8q-1.5 0-2.1 0.6t-0.5 1.9v3.4h5.2l-0.7 5.3h-4.5v13.6h-5.5v-13.6h-4.5v-5.3h4.5v-3.9q0-3.3 1.9-5.2t5-1.8q2.6 0 4.1 0.2z\"\/><\/svg><\/span><\/a><\/li><li class=\"shariff-button twitter shariff-nocustomcolor\" style=\"background-color:#595959;border-radius:1%\"><a href=\"https:\/\/twitter.com\/share?url=https%3A%2F%2Fwww.sonnenseite.com%2Fde%2Fwissenschaft%2Fklimavertraegliches-fliegen%2F&text=Klimavertr%C3%A4gliches%20Fliegen\" title=\"Bei X teilen\" aria-label=\"Bei X teilen\" role=\"button\" rel=\"noopener nofollow\" class=\"shariff-link\" style=\";border-radius:1%; background-color:#000; color:#fff\" target=\"_blank\"><span class=\"shariff-icon\" style=\"\"><svg width=\"32px\" height=\"20px\" xmlns=\"http:\/\/www.w3.org\/2000\/svg\" viewBox=\"0 0 24 24\"><path fill=\"#000\" d=\"M14.258 10.152L23.176 0h-2.113l-7.747 8.813L7.133 0H0l9.352 13.328L0 23.973h2.113l8.176-9.309 6.531 9.309h7.133zm-2.895 3.293l-.949-1.328L2.875 1.56h3.246l6.086 8.523.945 1.328 7.91 11.078h-3.246zm0 0\"\/><\/svg><\/span><\/a><\/li><li class=\"shariff-button xing shariff-nocustomcolor\" style=\"background-color:#29888a;border-radius:1%\"><a href=\"https:\/\/www.xing.com\/spi\/shares\/new?url=https%3A%2F%2Fwww.sonnenseite.com%2Fde%2Fwissenschaft%2Fklimavertraegliches-fliegen%2F\" title=\"Bei XING teilen\" aria-label=\"Bei XING teilen\" role=\"button\" rel=\"noopener nofollow\" class=\"shariff-link\" style=\";border-radius:1%; background-color:#126567; color:#fff\" target=\"_blank\"><span class=\"shariff-icon\" style=\"\"><svg width=\"32px\" height=\"20px\" xmlns=\"http:\/\/www.w3.org\/2000\/svg\" viewBox=\"0 0 25 32\"><path fill=\"#126567\" d=\"M10.7 11.9q-0.2 0.3-4.6 8.2-0.5 0.8-1.2 0.8h-4.3q-0.4 0-0.5-0.3t0-0.6l4.5-8q0 0 0 0l-2.9-5q-0.2-0.4 0-0.7 0.2-0.3 0.5-0.3h4.3q0.7 0 1.2 0.8zM25.1 0.4q0.2 0.3 0 0.7l-9.4 16.7 6 11q0.2 0.4 0 0.6-0.2 0.3-0.6 0.3h-4.3q-0.7 0-1.2-0.8l-6-11.1q0.3-0.6 9.5-16.8 0.4-0.8 1.2-0.8h4.3q0.4 0 0.5 0.3z\"\/><\/svg><\/span><\/a><\/li><li class=\"shariff-button linkedin shariff-nocustomcolor\" style=\"background-color:#1488bf;border-radius:1%\"><a href=\"https:\/\/www.linkedin.com\/sharing\/share-offsite\/?url=https%3A%2F%2Fwww.sonnenseite.com%2Fde%2Fwissenschaft%2Fklimavertraegliches-fliegen%2F\" title=\"Bei LinkedIn teilen\" aria-label=\"Bei LinkedIn teilen\" role=\"button\" rel=\"noopener nofollow\" class=\"shariff-link\" style=\";border-radius:1%; background-color:#0077b5; color:#fff\" target=\"_blank\"><span class=\"shariff-icon\" style=\"\"><svg width=\"32px\" height=\"20px\" xmlns=\"http:\/\/www.w3.org\/2000\/svg\" viewBox=\"0 0 27 32\"><path fill=\"#0077b5\" d=\"M6.2 11.2v17.7h-5.9v-17.7h5.9zM6.6 5.7q0 1.3-0.9 2.2t-2.4 0.9h0q-1.5 0-2.4-0.9t-0.9-2.2 0.9-2.2 2.4-0.9 2.4 0.9 0.9 2.2zM27.4 18.7v10.1h-5.9v-9.5q0-1.9-0.7-2.9t-2.3-1.1q-1.1 0-1.9 0.6t-1.2 1.5q-0.2 0.5-0.2 1.4v9.9h-5.9q0-7.1 0-11.6t0-5.3l0-0.9h5.9v2.6h0q0.4-0.6 0.7-1t1-0.9 1.6-0.8 2-0.3q3 0 4.9 2t1.9 6z\"\/><\/svg><\/span><\/a><\/li><li class=\"shariff-button printer shariff-nocustomcolor\" style=\"background-color:#a8a8a8;border-radius:1%\"><a href=\"javascript:window.print()\" title=\"drucken\" aria-label=\"drucken\" role=\"button\" rel=\"noopener nofollow\" class=\"shariff-link\" style=\";border-radius:1%; background-color:#999; color:#fff\"><span class=\"shariff-icon\" style=\"\"><svg width=\"32px\" height=\"20px\" xmlns=\"http:\/\/www.w3.org\/2000\/svg\" viewBox=\"0 0 30 32\"><path fill=\"#999\" d=\"M6.8 27.4h16v-4.6h-16v4.6zM6.8 16h16v-6.8h-2.8q-0.7 0-1.2-0.5t-0.5-1.2v-2.8h-11.4v11.4zM27.4 17.2q0-0.5-0.3-0.8t-0.8-0.4-0.8 0.4-0.3 0.8 0.3 0.8 0.8 0.3 0.8-0.3 0.3-0.8zM29.7 17.2v7.4q0 0.2-0.2 0.4t-0.4 0.2h-4v2.8q0 0.7-0.5 1.2t-1.2 0.5h-17.2q-0.7 0-1.2-0.5t-0.5-1.2v-2.8h-4q-0.2 0-0.4-0.2t-0.2-0.4v-7.4q0-1.4 1-2.4t2.4-1h1.2v-9.7q0-0.7 0.5-1.2t1.2-0.5h12q0.7 0 1.6 0.4t1.3 0.8l2.7 2.7q0.5 0.5 0.9 1.4t0.4 1.6v4.6h1.1q1.4 0 2.4 1t1 2.4z\"\/><\/svg><\/span><\/a><\/li><li class=\"shariff-button mailto shariff-nocustomcolor\" style=\"background-color:#a8a8a8;border-radius:1%\"><a href=\"mailto:?body=https%3A%2F%2Fwww.sonnenseite.com%2Fde%2Fwissenschaft%2Fklimavertraegliches-fliegen%2F&subject=Klimavertr%C3%A4gliches%20Fliegen\" title=\"Per E-Mail versenden\" aria-label=\"Per E-Mail versenden\" role=\"button\" rel=\"noopener nofollow\" class=\"shariff-link\" style=\";border-radius:1%; background-color:#999; color:#fff\"><span class=\"shariff-icon\" style=\"\"><svg width=\"32px\" height=\"20px\" xmlns=\"http:\/\/www.w3.org\/2000\/svg\" viewBox=\"0 0 32 32\"><path fill=\"#999\" d=\"M32 12.7v14.2q0 1.2-0.8 2t-2 0.9h-26.3q-1.2 0-2-0.9t-0.8-2v-14.2q0.8 0.9 1.8 1.6 6.5 4.4 8.9 6.1 1 0.8 1.6 1.2t1.7 0.9 2 0.4h0.1q0.9 0 2-0.4t1.7-0.9 1.6-1.2q3-2.2 8.9-6.1 1-0.7 1.8-1.6zM32 7.4q0 1.4-0.9 2.7t-2.2 2.2q-6.7 4.7-8.4 5.8-0.2 0.1-0.7 0.5t-1 0.7-0.9 0.6-1.1 0.5-0.9 0.2h-0.1q-0.4 0-0.9-0.2t-1.1-0.5-0.9-0.6-1-0.7-0.7-0.5q-1.6-1.1-4.7-3.2t-3.6-2.6q-1.1-0.7-2.1-2t-1-2.5q0-1.4 0.7-2.3t2.1-0.9h26.3q1.2 0 2 0.8t0.9 2z\"\/><\/svg><\/span><\/a><\/li><\/ul><\/div>","protected":false},"excerpt":{"rendered":"<p>DLR pr\u00e4miert Studierende f\u00fcr umweltfreundliches Kurzstreckenflugzeug. Die Jury des Deutschen Zentrums f\u00fcr Luft- und Raumfahrt (DLR) [&hellip;]<\/p>\n","protected":false},"author":3,"featured_media":101165,"comment_status":"closed","ping_status":"closed","sticky":false,"template":"","format":"standard","meta":{"inline_featured_image":false,"footnotes":""},"categories":[26],"tags":[],"class_list":["post-101164","post","type-post","status-publish","format-standard","has-post-thumbnail","hentry","category-wissenschaft"],"yoast_head":"<!-- This site is optimized with the Yoast SEO plugin v26.5 - https:\/\/yoast.com\/wordpress\/plugins\/seo\/ -->\n<title>Klimavertr\u00e4gliches Fliegen - Sonnenseite - \u00d6kologische Kommunikation mit Franz Alt<\/title>\n<meta name=\"description\" content=\"DLR pr\u00e4miert Studierende f\u00fcr umweltfreundliches Kurzstreckenflugzeug. Die Studierenden der TU Berlin haben mit ihrem Konzept CHARGE die Jury \u00fcberzeugt und\" \/>\n<meta name=\"robots\" content=\"index, follow, max-snippet:-1, max-image-preview:large, max-video-preview:-1\" \/>\n<link rel=\"canonical\" href=\"https:\/\/www.sonnenseite.com\/de\/wissenschaft\/klimavertraegliches-fliegen\/\" \/>\n<meta property=\"og:locale\" content=\"de_DE\" \/>\n<meta property=\"og:type\" content=\"article\" \/>\n<meta property=\"og:title\" content=\"Klimavertr\u00e4gliches Fliegen - Sonnenseite - \u00d6kologische Kommunikation mit Franz Alt\" \/>\n<meta property=\"og:description\" content=\"DLR pr\u00e4miert Studierende f\u00fcr umweltfreundliches Kurzstreckenflugzeug. Die Studierenden der TU Berlin haben mit ihrem Konzept CHARGE die Jury \u00fcberzeugt und\" \/>\n<meta property=\"og:url\" content=\"https:\/\/www.sonnenseite.com\/de\/wissenschaft\/klimavertraegliches-fliegen\/\" \/>\n<meta property=\"og:site_name\" content=\"Sonnenseite\" \/>\n<meta property=\"article:publisher\" content=\"https:\/\/www.facebook.com\/pages\/Franz-Alt-SONNENSEITECOM\/221072987903953?fref=ts\" \/>\n<meta property=\"article:published_time\" content=\"2024-08-14T00:12:00+00:00\" \/>\n<meta property=\"og:image\" content=\"https:\/\/www.sonnenseite.com\/wp-content\/uploads\/2024\/08\/TU-Berlin_CHARGE.jpg\" \/>\n\t<meta property=\"og:image:width\" content=\"770\" \/>\n\t<meta property=\"og:image:height\" content=\"420\" \/>\n\t<meta property=\"og:image:type\" content=\"image\/jpeg\" \/>\n<meta name=\"author\" content=\"Bigi Alt\" \/>\n<meta name=\"twitter:card\" content=\"summary_large_image\" \/>\n<meta name=\"twitter:creator\" content=\"@franzalt\" \/>\n<meta name=\"twitter:site\" content=\"@franzalt\" \/>\n<meta name=\"twitter:label1\" content=\"Verfasst von\" \/>\n\t<meta name=\"twitter:data1\" content=\"Bigi Alt\" \/>\n\t<meta name=\"twitter:label2\" content=\"Gesch\u00e4tzte Lesezeit\" \/>\n\t<meta name=\"twitter:data2\" content=\"4\u00a0Minuten\" \/>\n<script type=\"application\/ld+json\" class=\"yoast-schema-graph\">{\"@context\":\"https:\/\/schema.org\",\"@graph\":[{\"@type\":\"Article\",\"@id\":\"https:\/\/www.sonnenseite.com\/de\/wissenschaft\/klimavertraegliches-fliegen\/#article\",\"isPartOf\":{\"@id\":\"https:\/\/www.sonnenseite.com\/de\/wissenschaft\/klimavertraegliches-fliegen\/\"},\"author\":{\"name\":\"Bigi Alt\",\"@id\":\"https:\/\/www.sonnenseite.com\/de\/#\/schema\/person\/50fda0e926597684c7cc6695238a4eb9\"},\"headline\":\"Klimavertr\u00e4gliches Fliegen\",\"datePublished\":\"2024-08-14T00:12:00+00:00\",\"mainEntityOfPage\":{\"@id\":\"https:\/\/www.sonnenseite.com\/de\/wissenschaft\/klimavertraegliches-fliegen\/\"},\"wordCount\":640,\"publisher\":{\"@id\":\"https:\/\/www.sonnenseite.com\/de\/#organization\"},\"image\":{\"@id\":\"https:\/\/www.sonnenseite.com\/de\/wissenschaft\/klimavertraegliches-fliegen\/#primaryimage\"},\"thumbnailUrl\":\"https:\/\/www.sonnenseite.com\/wp-content\/uploads\/2024\/08\/TU-Berlin_CHARGE.jpg\",\"articleSection\":[\"Wissenschaft\"],\"inLanguage\":\"de\"},{\"@type\":\"WebPage\",\"@id\":\"https:\/\/www.sonnenseite.com\/de\/wissenschaft\/klimavertraegliches-fliegen\/\",\"url\":\"https:\/\/www.sonnenseite.com\/de\/wissenschaft\/klimavertraegliches-fliegen\/\",\"name\":\"Klimavertr\u00e4gliches Fliegen - Sonnenseite - \u00d6kologische Kommunikation mit Franz Alt\",\"isPartOf\":{\"@id\":\"https:\/\/www.sonnenseite.com\/de\/#website\"},\"primaryImageOfPage\":{\"@id\":\"https:\/\/www.sonnenseite.com\/de\/wissenschaft\/klimavertraegliches-fliegen\/#primaryimage\"},\"image\":{\"@id\":\"https:\/\/www.sonnenseite.com\/de\/wissenschaft\/klimavertraegliches-fliegen\/#primaryimage\"},\"thumbnailUrl\":\"https:\/\/www.sonnenseite.com\/wp-content\/uploads\/2024\/08\/TU-Berlin_CHARGE.jpg\",\"datePublished\":\"2024-08-14T00:12:00+00:00\",\"description\":\"DLR pr\u00e4miert Studierende f\u00fcr umweltfreundliches Kurzstreckenflugzeug. Die Studierenden der TU Berlin haben mit ihrem Konzept CHARGE die Jury \u00fcberzeugt und\",\"breadcrumb\":{\"@id\":\"https:\/\/www.sonnenseite.com\/de\/wissenschaft\/klimavertraegliches-fliegen\/#breadcrumb\"},\"inLanguage\":\"de\",\"potentialAction\":[{\"@type\":\"ReadAction\",\"target\":[\"https:\/\/www.sonnenseite.com\/de\/wissenschaft\/klimavertraegliches-fliegen\/\"]}]},{\"@type\":\"ImageObject\",\"inLanguage\":\"de\",\"@id\":\"https:\/\/www.sonnenseite.com\/de\/wissenschaft\/klimavertraegliches-fliegen\/#primaryimage\",\"url\":\"https:\/\/www.sonnenseite.com\/wp-content\/uploads\/2024\/08\/TU-Berlin_CHARGE.jpg\",\"contentUrl\":\"https:\/\/www.sonnenseite.com\/wp-content\/uploads\/2024\/08\/TU-Berlin_CHARGE.jpg\",\"width\":770,\"height\":420,\"caption\":\"TU Berlin\/CHARGE | CHARGE (Carbon-neutral High-efficiency Aircraft for ReGional Electric flight) setzt auf die Kombination aus einer Box-Wing Konfiguration mit verteilten elektrischen Antrieben (DEP) um eine hohe aerodynamische und propulsive Effizienz zu erzielen. F\u00fcr die Energieversorgung setzt das Konzept ausschlie\u00dflich auf Batterien aufgrund des au\u00dferordentlich hohen Wirkungsgrades. CHARGE soll 110 Passagiere auf einer Strecke von bis zu 894 Kilometern transportieren k\u00f6nnen.\"},{\"@type\":\"BreadcrumbList\",\"@id\":\"https:\/\/www.sonnenseite.com\/de\/wissenschaft\/klimavertraegliches-fliegen\/#breadcrumb\",\"itemListElement\":[{\"@type\":\"ListItem\",\"position\":1,\"name\":\"Startseite\",\"item\":\"https:\/\/www.sonnenseite.com\/de\/\"},{\"@type\":\"ListItem\",\"position\":2,\"name\":\"Klimavertr\u00e4gliches Fliegen\"}]},{\"@type\":\"WebSite\",\"@id\":\"https:\/\/www.sonnenseite.com\/de\/#website\",\"url\":\"https:\/\/www.sonnenseite.com\/de\/\",\"name\":\"Sonnenseite\",\"description\":\"\u00d6kologische Kommunikation mit Franz Alt\",\"publisher\":{\"@id\":\"https:\/\/www.sonnenseite.com\/de\/#organization\"},\"potentialAction\":[{\"@type\":\"SearchAction\",\"target\":{\"@type\":\"EntryPoint\",\"urlTemplate\":\"https:\/\/www.sonnenseite.com\/de\/?s={search_term_string}\"},\"query-input\":{\"@type\":\"PropertyValueSpecification\",\"valueRequired\":true,\"valueName\":\"search_term_string\"}}],\"inLanguage\":\"de\"},{\"@type\":\"Organization\",\"@id\":\"https:\/\/www.sonnenseite.com\/de\/#organization\",\"name\":\"Sonnenseite\",\"url\":\"https:\/\/www.sonnenseite.com\/de\/\",\"logo\":{\"@type\":\"ImageObject\",\"inLanguage\":\"de\",\"@id\":\"https:\/\/www.sonnenseite.com\/de\/#\/schema\/logo\/image\/\",\"url\":\"https:\/\/www.sonnenseite.com\/wp-content\/uploads\/2020\/05\/Sonnenseite_Logo.png\",\"contentUrl\":\"https:\/\/www.sonnenseite.com\/wp-content\/uploads\/2020\/05\/Sonnenseite_Logo.png\",\"width\":377,\"height\":90,\"caption\":\"Sonnenseite\"},\"image\":{\"@id\":\"https:\/\/www.sonnenseite.com\/de\/#\/schema\/logo\/image\/\"},\"sameAs\":[\"https:\/\/www.facebook.com\/pages\/Franz-Alt-SONNENSEITECOM\/221072987903953?fref=ts\",\"https:\/\/x.com\/franzalt\",\"http:\/\/www.youtube.com\/results?search_query&amp;amp;quot;franz_alt&amp;amp;quot;&amp;amp;amp;amp;search_type&amp;amp;amp;amp;aq=f\"]},{\"@type\":\"Person\",\"@id\":\"https:\/\/www.sonnenseite.com\/de\/#\/schema\/person\/50fda0e926597684c7cc6695238a4eb9\",\"name\":\"Bigi Alt\"}]}<\/script>\n<!-- \/ Yoast SEO plugin. -->","yoast_head_json":{"title":"Klimavertr\u00e4gliches Fliegen - Sonnenseite - \u00d6kologische Kommunikation mit Franz Alt","description":"DLR pr\u00e4miert Studierende f\u00fcr umweltfreundliches Kurzstreckenflugzeug. Die Studierenden der TU Berlin haben mit ihrem Konzept CHARGE die Jury \u00fcberzeugt und","robots":{"index":"index","follow":"follow","max-snippet":"max-snippet:-1","max-image-preview":"max-image-preview:large","max-video-preview":"max-video-preview:-1"},"canonical":"https:\/\/www.sonnenseite.com\/de\/wissenschaft\/klimavertraegliches-fliegen\/","og_locale":"de_DE","og_type":"article","og_title":"Klimavertr\u00e4gliches Fliegen - Sonnenseite - \u00d6kologische Kommunikation mit Franz Alt","og_description":"DLR pr\u00e4miert Studierende f\u00fcr umweltfreundliches Kurzstreckenflugzeug. Die Studierenden der TU Berlin haben mit ihrem Konzept CHARGE die Jury \u00fcberzeugt und","og_url":"https:\/\/www.sonnenseite.com\/de\/wissenschaft\/klimavertraegliches-fliegen\/","og_site_name":"Sonnenseite","article_publisher":"https:\/\/www.facebook.com\/pages\/Franz-Alt-SONNENSEITECOM\/221072987903953?fref=ts","article_published_time":"2024-08-14T00:12:00+00:00","og_image":[{"width":770,"height":420,"url":"https:\/\/www.sonnenseite.com\/wp-content\/uploads\/2024\/08\/TU-Berlin_CHARGE.jpg","type":"image\/jpeg"}],"author":"Bigi Alt","twitter_card":"summary_large_image","twitter_creator":"@franzalt","twitter_site":"@franzalt","twitter_misc":{"Verfasst von":"Bigi Alt","Gesch\u00e4tzte Lesezeit":"4\u00a0Minuten"},"schema":{"@context":"https:\/\/schema.org","@graph":[{"@type":"Article","@id":"https:\/\/www.sonnenseite.com\/de\/wissenschaft\/klimavertraegliches-fliegen\/#article","isPartOf":{"@id":"https:\/\/www.sonnenseite.com\/de\/wissenschaft\/klimavertraegliches-fliegen\/"},"author":{"name":"Bigi Alt","@id":"https:\/\/www.sonnenseite.com\/de\/#\/schema\/person\/50fda0e926597684c7cc6695238a4eb9"},"headline":"Klimavertr\u00e4gliches Fliegen","datePublished":"2024-08-14T00:12:00+00:00","mainEntityOfPage":{"@id":"https:\/\/www.sonnenseite.com\/de\/wissenschaft\/klimavertraegliches-fliegen\/"},"wordCount":640,"publisher":{"@id":"https:\/\/www.sonnenseite.com\/de\/#organization"},"image":{"@id":"https:\/\/www.sonnenseite.com\/de\/wissenschaft\/klimavertraegliches-fliegen\/#primaryimage"},"thumbnailUrl":"https:\/\/www.sonnenseite.com\/wp-content\/uploads\/2024\/08\/TU-Berlin_CHARGE.jpg","articleSection":["Wissenschaft"],"inLanguage":"de"},{"@type":"WebPage","@id":"https:\/\/www.sonnenseite.com\/de\/wissenschaft\/klimavertraegliches-fliegen\/","url":"https:\/\/www.sonnenseite.com\/de\/wissenschaft\/klimavertraegliches-fliegen\/","name":"Klimavertr\u00e4gliches Fliegen - Sonnenseite - \u00d6kologische Kommunikation mit Franz Alt","isPartOf":{"@id":"https:\/\/www.sonnenseite.com\/de\/#website"},"primaryImageOfPage":{"@id":"https:\/\/www.sonnenseite.com\/de\/wissenschaft\/klimavertraegliches-fliegen\/#primaryimage"},"image":{"@id":"https:\/\/www.sonnenseite.com\/de\/wissenschaft\/klimavertraegliches-fliegen\/#primaryimage"},"thumbnailUrl":"https:\/\/www.sonnenseite.com\/wp-content\/uploads\/2024\/08\/TU-Berlin_CHARGE.jpg","datePublished":"2024-08-14T00:12:00+00:00","description":"DLR pr\u00e4miert Studierende f\u00fcr umweltfreundliches Kurzstreckenflugzeug. Die Studierenden der TU Berlin haben mit ihrem Konzept CHARGE die Jury \u00fcberzeugt und","breadcrumb":{"@id":"https:\/\/www.sonnenseite.com\/de\/wissenschaft\/klimavertraegliches-fliegen\/#breadcrumb"},"inLanguage":"de","potentialAction":[{"@type":"ReadAction","target":["https:\/\/www.sonnenseite.com\/de\/wissenschaft\/klimavertraegliches-fliegen\/"]}]},{"@type":"ImageObject","inLanguage":"de","@id":"https:\/\/www.sonnenseite.com\/de\/wissenschaft\/klimavertraegliches-fliegen\/#primaryimage","url":"https:\/\/www.sonnenseite.com\/wp-content\/uploads\/2024\/08\/TU-Berlin_CHARGE.jpg","contentUrl":"https:\/\/www.sonnenseite.com\/wp-content\/uploads\/2024\/08\/TU-Berlin_CHARGE.jpg","width":770,"height":420,"caption":"TU Berlin\/CHARGE | CHARGE (Carbon-neutral High-efficiency Aircraft for ReGional Electric flight) setzt auf die Kombination aus einer Box-Wing Konfiguration mit verteilten elektrischen Antrieben (DEP) um eine hohe aerodynamische und propulsive Effizienz zu erzielen. F\u00fcr die Energieversorgung setzt das Konzept ausschlie\u00dflich auf Batterien aufgrund des au\u00dferordentlich hohen Wirkungsgrades. CHARGE soll 110 Passagiere auf einer Strecke von bis zu 894 Kilometern transportieren k\u00f6nnen."},{"@type":"BreadcrumbList","@id":"https:\/\/www.sonnenseite.com\/de\/wissenschaft\/klimavertraegliches-fliegen\/#breadcrumb","itemListElement":[{"@type":"ListItem","position":1,"name":"Startseite","item":"https:\/\/www.sonnenseite.com\/de\/"},{"@type":"ListItem","position":2,"name":"Klimavertr\u00e4gliches Fliegen"}]},{"@type":"WebSite","@id":"https:\/\/www.sonnenseite.com\/de\/#website","url":"https:\/\/www.sonnenseite.com\/de\/","name":"Sonnenseite","description":"\u00d6kologische Kommunikation mit Franz Alt","publisher":{"@id":"https:\/\/www.sonnenseite.com\/de\/#organization"},"potentialAction":[{"@type":"SearchAction","target":{"@type":"EntryPoint","urlTemplate":"https:\/\/www.sonnenseite.com\/de\/?s={search_term_string}"},"query-input":{"@type":"PropertyValueSpecification","valueRequired":true,"valueName":"search_term_string"}}],"inLanguage":"de"},{"@type":"Organization","@id":"https:\/\/www.sonnenseite.com\/de\/#organization","name":"Sonnenseite","url":"https:\/\/www.sonnenseite.com\/de\/","logo":{"@type":"ImageObject","inLanguage":"de","@id":"https:\/\/www.sonnenseite.com\/de\/#\/schema\/logo\/image\/","url":"https:\/\/www.sonnenseite.com\/wp-content\/uploads\/2020\/05\/Sonnenseite_Logo.png","contentUrl":"https:\/\/www.sonnenseite.com\/wp-content\/uploads\/2020\/05\/Sonnenseite_Logo.png","width":377,"height":90,"caption":"Sonnenseite"},"image":{"@id":"https:\/\/www.sonnenseite.com\/de\/#\/schema\/logo\/image\/"},"sameAs":["https:\/\/www.facebook.com\/pages\/Franz-Alt-SONNENSEITECOM\/221072987903953?fref=ts","https:\/\/x.com\/franzalt","http:\/\/www.youtube.com\/results?search_query&amp;amp;quot;franz_alt&amp;amp;quot;&amp;amp;amp;amp;search_type&amp;amp;amp;amp;aq=f"]},{"@type":"Person","@id":"https:\/\/www.sonnenseite.com\/de\/#\/schema\/person\/50fda0e926597684c7cc6695238a4eb9","name":"Bigi Alt"}]}},"_links":{"self":[{"href":"https:\/\/www.sonnenseite.com\/de\/wp-json\/wp\/v2\/posts\/101164","targetHints":{"allow":["GET"]}}],"collection":[{"href":"https:\/\/www.sonnenseite.com\/de\/wp-json\/wp\/v2\/posts"}],"about":[{"href":"https:\/\/www.sonnenseite.com\/de\/wp-json\/wp\/v2\/types\/post"}],"author":[{"embeddable":true,"href":"https:\/\/www.sonnenseite.com\/de\/wp-json\/wp\/v2\/users\/3"}],"replies":[{"embeddable":true,"href":"https:\/\/www.sonnenseite.com\/de\/wp-json\/wp\/v2\/comments?post=101164"}],"version-history":[{"count":1,"href":"https:\/\/www.sonnenseite.com\/de\/wp-json\/wp\/v2\/posts\/101164\/revisions"}],"predecessor-version":[{"id":101167,"href":"https:\/\/www.sonnenseite.com\/de\/wp-json\/wp\/v2\/posts\/101164\/revisions\/101167"}],"wp:featuredmedia":[{"embeddable":true,"href":"https:\/\/www.sonnenseite.com\/de\/wp-json\/wp\/v2\/media\/101165"}],"wp:attachment":[{"href":"https:\/\/www.sonnenseite.com\/de\/wp-json\/wp\/v2\/media?parent=101164"}],"wp:term":[{"taxonomy":"category","embeddable":true,"href":"https:\/\/www.sonnenseite.com\/de\/wp-json\/wp\/v2\/categories?post=101164"},{"taxonomy":"post_tag","embeddable":true,"href":"https:\/\/www.sonnenseite.com\/de\/wp-json\/wp\/v2\/tags?post=101164"}],"curies":[{"name":"wp","href":"https:\/\/api.w.org\/{rel}","templated":true}]}}