{"id":101201,"date":"2024-08-17T02:38:00","date_gmt":"2024-08-17T00:38:00","guid":{"rendered":"https:\/\/www.sonnenseite.com\/?p=101201"},"modified":"2024-08-14T09:39:13","modified_gmt":"2024-08-14T07:39:13","slug":"kuehle-wohnung-auch-an-heissen-tagen","status":"publish","type":"post","link":"https:\/\/www.sonnenseite.com\/de\/tipps\/kuehle-wohnung-auch-an-heissen-tagen\/","title":{"rendered":"K\u00fchle Wohnung auch an hei\u00dfen Tagen"},"content":{"rendered":"\n<p>Serie: DBU-Initiative \u201eZukunft Zuhause\u201c gibt Tipps f\u00fcr den Sommer.<\/p>\n\n\n\n<p>Im Sommer ist die Hitze in manchen H\u00e4usern kaum zum Aushalten. Linderung bringt K\u00fchlung an hei\u00dfen Tagen \u2013 umso mehr, wenn sich auf diese Weise energieintensive Klimaanlagen er\u00fcbrigen. <\/p>\n\n\n\n<p>Welche L\u00f6sungen es gibt, stellt die Deutsche Bundesstiftung Umwelt (DBU) im n\u00e4chsten Teil einer Serie vor \u2013 im Zusammenhang mit ihrer nationalen Informationskampagne \u201e<a href=\"https:\/\/www.zukunft-zuhause.net\/\" target=\"_blank\" rel=\"noreferrer noopener\">Zukunft Zuhause \u2013 Nachhaltig sanieren<\/a>\u201c. Sie soll einen kompakten und unabh\u00e4ngigen \u00dcberblick zum Thema Sanierung vermitteln. Adressaten sind Hausbesitzerinnen und Hausbesitzer, die ihre Ein- oder Zweifamilienh\u00e4user energetisch fit f\u00fcr die Zukunft machen wollen \u2013 von D\u00e4mmung bis Photovoltaik.<\/p>\n\n\n\n<h4 class=\"wp-block-heading\">Gut ged\u00e4mmtes Haus: im Winter warm, im Sommer k\u00fchl<\/h4>\n\n\n\n<p>An hei\u00dfen Sommertagen k\u00f6nnen Au\u00dfenw\u00e4nde von Geb\u00e4uden extrem hei\u00df werden \u2013 mit Temperaturen von bis zu 70 Grad Celsius und auf dem Dach sogar \u00fcber 80 Grad Celsius. Eine kluge D\u00e4mmung kann schon viel bewirken. Denn sind Geb\u00e4ude nicht ged\u00e4mmt, kommt vor allem die Hitze vom Dach schnell im Inneren an. Der Aufenthalt im Inneren wird dann nicht nur unangenehm, sondern kann zu einer ernsthaften gesundheitlichen Belastung werden. Wegen der Klimakrise werden Hitzewellen voraussichtlich zunehmen \u2013 ein effektiver W\u00e4rmeschutz f\u00fcr das eigene Zuhause wird deshalb immer wichtiger. Denn ein gut ged\u00e4mmtes Haus bietet nicht nur im Winter Vorteile, sondern h\u00e4lt auch im Sommer die Innenr\u00e4ume k\u00fchl. \u201eBesonders wichtig ist dabei die D\u00e4mmung von Dach und Fassade, da sie ansonsten am meisten Sonnenw\u00e4rme aufnehmen und ins Innere leiten\u201c, sagt DBU-Referent Andreas <strong>Skrypietz<\/strong>.<\/p>\n\n\n\n<h4 class=\"wp-block-heading\">Naturd\u00e4mmstoffe von Hanfwolle bis Holzfaser und Markisen mit Sensoren<\/h4>\n\n\n\n<p>F\u00fcr die D\u00e4mmung des Dachs nutzt man nach seinen Worten am besten flexible, weiche Materialien wie Mineralwolle oder Naturd\u00e4mmstoffe wie Zellulose, Hanfwolle und Holzfaser. Diese k\u00f6nnen zwischen oder unter die Sparren platziert werden. Auch eine D\u00e4mmung der Fassade lohnt sich. Daf\u00fcr werden D\u00e4mmplatten an der Au\u00dfenseite der Fassade angebracht und mit einem Putz oder einer Verkleidung versehen. Als Materialien bieten sich etwa Styropor-, Minerald\u00e4mm- und Holzweichfaserplatten an. Diese kommen auch zum Einsatz, wenn das Dach neu eingedeckt wird und eine Aufsparrend\u00e4mmung den W\u00e4rmeschutz des bestehenden Dachstuhles verbessert. Viel Hitze gelangt zudem durch Fenster und Glast\u00fcren in die Wohnr\u00e4ume. Damit weniger Sonnenstrahlen eindringen, kann man zum Beispiel \u00fcberh\u00e4ngende Balkone oder Dachvorspr\u00fcnge bauen, die Schatten spenden. \u201eAuch Rolll\u00e4den, Markisen und Raffstores bieten guten Schutz vor intensiver Sonneneinstrahlung\u201c, sagt Skrypietz. An Dachfenstern k\u00f6nnen Rolll\u00e4den, Au\u00dfenrollos oder Dachfenstermarkisen angebracht werden. Verf\u00fcgbar sind mittlerweile auch Markisen, die \u00fcber Sensoren erkennen, wie viel Licht in den Raum f\u00e4llt. So l\u00e4sst sich der Hitzeschutz automatisch anpassen.<\/p>\n\n\n\n<h4 class=\"wp-block-heading\">Reflektierende Sonnenschutzfolien innen und au\u00dfen auf Fenster anbringen<\/h4>\n\n\n\n<p>Sind keine baulichen Ver\u00e4nderungen m\u00f6glich, ist ein Sonnenschutz von innen sinnvoll. Ein Manko: Innen angebrachte Rollos, Plissees, Lamellen oder Faltstores reflektieren im Vergleich zum \u00e4u\u00dferen Sonnenschutz lediglich einen Teil der W\u00e4rme. \u201eEin \u00e4u\u00dferer Sonnenschutz ist effektiver\u201c, sagt Skrypietz. Preisg\u00fcnstige Option seien reflektierende Sonnenschutzfolien, die von innen oder au\u00dfen auf Fenster aufgebracht werden und UV-Strahlen sowie W\u00e4rme blockieren. K\u00fchlung von Geb\u00e4uden erm\u00f6glichen auch B\u00e4ume oder Kletterpflanzen, die an Au\u00dfenw\u00e4nden und vor Fenstern wachsen und Schatten spenden. Skrypietz: \u201eAuch eine Dach- und Fassadenbegr\u00fcnung lohnt sich. Sie bietet Isolation gegen Hitze und verbessert das Mikroklima um das Geb\u00e4ude.\u201c<\/p>\n\n\n\n<h4 class=\"wp-block-heading\">Auf die Wahl der Baustoffe kommt es an<\/h4>\n\n\n\n<p>Bereits bei der Wahl des Baustoffs sollte man laut Skrypietz den Schutz gegen W\u00e4rme oder gar Hitze ber\u00fccksichtigen und auf Materialien wie Kalksandstein, Holz, Ziegel und Stein setzen. Denn nat\u00fcrliche Materialien verbessern nicht nur das Raumklima, sondern regulieren auch die Luftfeuchtigkeit und speichern W\u00e4rme. Steinmaterial auf dem Fu\u00dfboden helfe, den Raum k\u00fchl zu halten. Ventilatoren seien zudem eine relativ nachhaltige Option zur K\u00fchlung, \u201eda sie deutlich weniger Energie als Klimaanlagen verbrauchen und die gef\u00fchlte Temperatur durch Luftzirkulation senken\u201c. Hochwertige Ventilatoren haben laut Skrypietz eine lange Lebensdauer und verursachen weniger Treibhausgasemissionen. Eine Rolle spielt dabei nat\u00fcrlich auch der Strommix des jeweiligen Haushaltes.<\/p>\n\n\n\n<h4 class=\"wp-block-heading\">W\u00e4rmepumpen auch zum K\u00fchlen<\/h4>\n\n\n\n<p>Einige W\u00e4rmepumpen sind nicht nur zum Heizen da, sondern auch zum K\u00fchlen. Im Winter zieht die W\u00e4rmepumpe W\u00e4rme aus externen Quellen wie Luft, Wasser und Boden und gibt sie zum Heizen in den Innenraum ab. Im Sommer funktioniert dieser Prozess umgekehrt: Die W\u00e4rmepumpe entzieht dem Innenraum W\u00e4rme und leitet sie nach au\u00dfen. Auch das richtige L\u00fcften ist wichtig f\u00fcr die Raumk\u00fchlung. Am besten \u00f6ffnet man die Fenster in den k\u00fchlen Morgenstunden und w\u00e4hrend der Nacht. Auf diese Weise gelangt die warme Luft mit der gespeicherten W\u00e4rme in W\u00e4nden, B\u00f6den und Decken nach drau\u00dfen. Die Folge: Die Raumtemperaturen sinken, und es entsteht ein W\u00e4rmepuffer, der die Hitze des kommenden Tages abmildert. W\u00e4rmeschutz spart also Energie, weil man dank Sonnenschutzvorrichtungen und Geb\u00e4uded\u00e4mmung auf energieintensive Klimaanlagen verzichten kann. D\u00e4mmung verl\u00e4ngert zudem die Lebensdauer von Geb\u00e4uden, indem sie vor Temperaturschwankungen, Feuchtigkeit und anderen Umwelteinfl\u00fcssen sch\u00fctzt.<\/p>\n\n\n\n<h4 class=\"wp-block-heading\">Gesetzliche Vorgaben und F\u00f6rderm\u00f6glichkeiten<\/h4>\n\n\n\n<p>Neubauten m\u00fcssen die Vorgaben zum Schutz gegen W\u00e4rme im <a href=\"https:\/\/www.geg-info.de\/geg\/014_%A7_sommerlicher_waermeschutz.htm\" target=\"_blank\" rel=\"noreferrer noopener\">Geb\u00e4udeenergiegesetz (GEG<\/a>) erf\u00fcllen. Diese gelten auch f\u00fcr Anbauten an Bestandsgeb\u00e4uden, wenn diese 50 Quadratmeter \u00fcberschreiten. Zusch\u00fcsse f\u00fcr energieeffiziente Bauweise erteilt das <a href=\"https:\/\/www.bafa.de\/DE\/Home\/home_node.html\" target=\"_blank\" rel=\"noreferrer noopener\">Bundesamt f\u00fcr Wirtschaft und Ausfuhrkontrolle<\/a> (BAFA). Die Unterst\u00fctzung betr\u00e4gt dabei 15 Prozent der f\u00f6rderf\u00e4higen Kosten. Mit einem g\u00fcltigen individuellen Sanierungsfahrplan, dem sogenannten iSFP, erh\u00f6ht sich dieser Zuschuss auf 20 Prozent. Nur in Kombination mit der BAFA-Zuschusszusage f\u00fcr den sommerlichen W\u00e4rmeschutz kann ein <a href=\"https:\/\/www.kfw.de\/inlandsfoerderung\/Privatpersonen\/Bestehende-Immobilie\/F%C3%B6rderprodukte\/Einzelma%C3%9Fnahmen-Erg%C3%A4nzungskredit-Wohngeb%C3%A4ude-(358-359)\/\" target=\"_blank\" rel=\"noreferrer noopener\">KfW-Erg\u00e4nzungskredit<\/a> beantragt werden. Eigent\u00fcmerinnen und Eigent\u00fcmer k\u00f6nnen zudem maximal <a href=\"https:\/\/www.kfw.de\/inlandsfoerderung\/Privatpersonen\/Bestehende-Immobilie\/F\u00f6rderprodukte\/Bundesf\u00f6rderung-f\u00fcr-effiziente-Geb\u00e4ude-Wohngeb\u00e4ude-Kredit-(261-262)\/\" target=\"_blank\" rel=\"noreferrer noopener\">150.000 Euro Kredit<\/a> f\u00fcr eine Effizienzhaus-Sanierung inklusive W\u00e4rmeschutz bekommen. Skrypietz: \u201eW\u00e4rmeschutz lohnt sich mehrfach: Er spart Energie, Geld und steigert das Wohlbefinden in den eigenen vier W\u00e4nden.\u201c<\/p>\n\n\n\n<h4 class=\"wp-block-heading\"><strong><a href=\"https:\/\/www.dbu.de\/news\/serie-zur-dbu-initiative-zukunft-zuhause\/\">DBU-Initiative \u201eZukunft Zuhause \u2013 Nachhaltig sanieren\u201c:<\/a><\/strong><\/h4>\n\n\n\n<ul class=\"wp-block-list\">\n<li><a href=\"https:\/\/www.dbu.de\/news\/energieeffizienz-wird-zu-einem-schluesselfaktor\/\" target=\"_blank\" rel=\"noreferrer noopener\">\u201eEnergieeffizienz wird zu einem Schl\u00fcsselfaktor\u201c<\/a> (v. 26.04.2022)<\/li>\n\n\n\n<li><a href=\"https:\/\/www.dbu.de\/news\/heizen-im-eigenen-haus-mit-erneuerbaren-energien\/\" target=\"_blank\" rel=\"noreferrer noopener\">Heizen im eigenen Haus mit Erneuerbaren Energien<\/a> (v. 24.05.2022)<\/li>\n\n\n\n<li><a href=\"https:\/\/www.dbu.de\/news\/warum-sich-eine-sanierung-lohnt\/\" target=\"_blank\" rel=\"noreferrer noopener\">Warum sich eine Sanierung lohnt<\/a> (v. 02.02.2024)<\/li>\n\n\n\n<li><a href=\"https:\/\/www.dbu.de\/news\/herausforderung-heizen-im-fruehjahr\/\" target=\"_blank\" rel=\"noreferrer noopener\">Herausforderung Heizen im Fr\u00fchjahr<\/a> (v. 17.05.2024)<\/li>\n\n\n\n<li><a href=\"https:\/\/www.dbu.de\/news\/photovoltaik-oder-solarthermie-strom-und-waerme-aus-sonnenenergie\/\" target=\"_blank\" rel=\"noreferrer noopener\">Photovoltaik oder Solarthermie: Strom und W\u00e4rme aus Sonnenenergie<\/a> (v. 30.07.2024)<\/li>\n\n\n\n<li><a href=\"https:\/\/www.dbu.de\/news\/klima-schonen-und-geld-sparen-auf-die-richtige-daemmung-kommt-es-an\/\" target=\"_blank\" rel=\"noreferrer noopener\">Klima schonen und Geld sparen: Auf die richtige D\u00e4mmung kommt es an<\/a> (v. 01.08.2024)<\/li>\n\n\n\n<li><a href=\"https:\/\/www.dbu.de\/news\/kuehle-wohnung-auch-an-heissen-tagen\/\" target=\"_blank\" rel=\"noreferrer noopener\">K\u00fchle Wohnung auch an hei\u00dfen Tagen <\/a>(v. 05.08.2024)<\/li>\n<\/ul>\n\n\n<h5 class=\"green\">Quelle<\/h5>\r\n\n\n\n<p><a href=\"https:\/\/www.dbu.de\/news\/kuehle-wohnung-auch-an-heissen-tagen\/\">Deutsche Bundesstiftung Umwelt (DBU) 2024<\/a><\/p>\n<div class=\"shariff shariff-align-flex-start shariff-widget-align-flex-start\"><div class=\"ShariffHeadline\">Diese Meldung teilen<\/div><ul class=\"shariff-buttons theme-round orientation-horizontal buttonsize-medium\"><li class=\"shariff-button facebook shariff-nocustomcolor\" style=\"background-color:#4273c8;border-radius:1%\"><a href=\"https:\/\/www.facebook.com\/sharer\/sharer.php?u=https%3A%2F%2Fwww.sonnenseite.com%2Fde%2Ftipps%2Fkuehle-wohnung-auch-an-heissen-tagen%2F\" title=\"Bei Facebook teilen\" aria-label=\"Bei Facebook teilen\" role=\"button\" rel=\"nofollow\" class=\"shariff-link\" style=\";border-radius:1%; background-color:#3b5998; color:#fff\" target=\"_blank\"><span class=\"shariff-icon\" style=\"\"><svg width=\"32px\" height=\"20px\" xmlns=\"http:\/\/www.w3.org\/2000\/svg\" viewBox=\"0 0 18 32\"><path fill=\"#3b5998\" d=\"M17.1 0.2v4.7h-2.8q-1.5 0-2.1 0.6t-0.5 1.9v3.4h5.2l-0.7 5.3h-4.5v13.6h-5.5v-13.6h-4.5v-5.3h4.5v-3.9q0-3.3 1.9-5.2t5-1.8q2.6 0 4.1 0.2z\"\/><\/svg><\/span><\/a><\/li><li class=\"shariff-button twitter shariff-nocustomcolor\" style=\"background-color:#595959;border-radius:1%\"><a href=\"https:\/\/twitter.com\/share?url=https%3A%2F%2Fwww.sonnenseite.com%2Fde%2Ftipps%2Fkuehle-wohnung-auch-an-heissen-tagen%2F&text=K%C3%BChle%20Wohnung%20auch%20an%20hei%C3%9Fen%20Tagen\" title=\"Bei X teilen\" aria-label=\"Bei X teilen\" role=\"button\" rel=\"noopener nofollow\" class=\"shariff-link\" style=\";border-radius:1%; background-color:#000; color:#fff\" target=\"_blank\"><span class=\"shariff-icon\" style=\"\"><svg width=\"32px\" height=\"20px\" xmlns=\"http:\/\/www.w3.org\/2000\/svg\" viewBox=\"0 0 24 24\"><path fill=\"#000\" d=\"M14.258 10.152L23.176 0h-2.113l-7.747 8.813L7.133 0H0l9.352 13.328L0 23.973h2.113l8.176-9.309 6.531 9.309h7.133zm-2.895 3.293l-.949-1.328L2.875 1.56h3.246l6.086 8.523.945 1.328 7.91 11.078h-3.246zm0 0\"\/><\/svg><\/span><\/a><\/li><li class=\"shariff-button xing shariff-nocustomcolor\" style=\"background-color:#29888a;border-radius:1%\"><a href=\"https:\/\/www.xing.com\/spi\/shares\/new?url=https%3A%2F%2Fwww.sonnenseite.com%2Fde%2Ftipps%2Fkuehle-wohnung-auch-an-heissen-tagen%2F\" title=\"Bei XING teilen\" aria-label=\"Bei XING teilen\" role=\"button\" rel=\"noopener nofollow\" class=\"shariff-link\" style=\";border-radius:1%; background-color:#126567; color:#fff\" target=\"_blank\"><span class=\"shariff-icon\" style=\"\"><svg width=\"32px\" height=\"20px\" xmlns=\"http:\/\/www.w3.org\/2000\/svg\" viewBox=\"0 0 25 32\"><path fill=\"#126567\" d=\"M10.7 11.9q-0.2 0.3-4.6 8.2-0.5 0.8-1.2 0.8h-4.3q-0.4 0-0.5-0.3t0-0.6l4.5-8q0 0 0 0l-2.9-5q-0.2-0.4 0-0.7 0.2-0.3 0.5-0.3h4.3q0.7 0 1.2 0.8zM25.1 0.4q0.2 0.3 0 0.7l-9.4 16.7 6 11q0.2 0.4 0 0.6-0.2 0.3-0.6 0.3h-4.3q-0.7 0-1.2-0.8l-6-11.1q0.3-0.6 9.5-16.8 0.4-0.8 1.2-0.8h4.3q0.4 0 0.5 0.3z\"\/><\/svg><\/span><\/a><\/li><li class=\"shariff-button linkedin shariff-nocustomcolor\" style=\"background-color:#1488bf;border-radius:1%\"><a href=\"https:\/\/www.linkedin.com\/sharing\/share-offsite\/?url=https%3A%2F%2Fwww.sonnenseite.com%2Fde%2Ftipps%2Fkuehle-wohnung-auch-an-heissen-tagen%2F\" title=\"Bei LinkedIn teilen\" aria-label=\"Bei LinkedIn teilen\" role=\"button\" rel=\"noopener nofollow\" class=\"shariff-link\" style=\";border-radius:1%; background-color:#0077b5; color:#fff\" target=\"_blank\"><span class=\"shariff-icon\" style=\"\"><svg width=\"32px\" height=\"20px\" xmlns=\"http:\/\/www.w3.org\/2000\/svg\" viewBox=\"0 0 27 32\"><path fill=\"#0077b5\" d=\"M6.2 11.2v17.7h-5.9v-17.7h5.9zM6.6 5.7q0 1.3-0.9 2.2t-2.4 0.9h0q-1.5 0-2.4-0.9t-0.9-2.2 0.9-2.2 2.4-0.9 2.4 0.9 0.9 2.2zM27.4 18.7v10.1h-5.9v-9.5q0-1.9-0.7-2.9t-2.3-1.1q-1.1 0-1.9 0.6t-1.2 1.5q-0.2 0.5-0.2 1.4v9.9h-5.9q0-7.1 0-11.6t0-5.3l0-0.9h5.9v2.6h0q0.4-0.6 0.7-1t1-0.9 1.6-0.8 2-0.3q3 0 4.9 2t1.9 6z\"\/><\/svg><\/span><\/a><\/li><li class=\"shariff-button printer shariff-nocustomcolor\" style=\"background-color:#a8a8a8;border-radius:1%\"><a href=\"javascript:window.print()\" title=\"drucken\" aria-label=\"drucken\" role=\"button\" rel=\"noopener nofollow\" class=\"shariff-link\" style=\";border-radius:1%; background-color:#999; color:#fff\"><span class=\"shariff-icon\" style=\"\"><svg width=\"32px\" height=\"20px\" xmlns=\"http:\/\/www.w3.org\/2000\/svg\" viewBox=\"0 0 30 32\"><path fill=\"#999\" d=\"M6.8 27.4h16v-4.6h-16v4.6zM6.8 16h16v-6.8h-2.8q-0.7 0-1.2-0.5t-0.5-1.2v-2.8h-11.4v11.4zM27.4 17.2q0-0.5-0.3-0.8t-0.8-0.4-0.8 0.4-0.3 0.8 0.3 0.8 0.8 0.3 0.8-0.3 0.3-0.8zM29.7 17.2v7.4q0 0.2-0.2 0.4t-0.4 0.2h-4v2.8q0 0.7-0.5 1.2t-1.2 0.5h-17.2q-0.7 0-1.2-0.5t-0.5-1.2v-2.8h-4q-0.2 0-0.4-0.2t-0.2-0.4v-7.4q0-1.4 1-2.4t2.4-1h1.2v-9.7q0-0.7 0.5-1.2t1.2-0.5h12q0.7 0 1.6 0.4t1.3 0.8l2.7 2.7q0.5 0.5 0.9 1.4t0.4 1.6v4.6h1.1q1.4 0 2.4 1t1 2.4z\"\/><\/svg><\/span><\/a><\/li><li class=\"shariff-button mailto shariff-nocustomcolor\" style=\"background-color:#a8a8a8;border-radius:1%\"><a href=\"mailto:?body=https%3A%2F%2Fwww.sonnenseite.com%2Fde%2Ftipps%2Fkuehle-wohnung-auch-an-heissen-tagen%2F&subject=K%C3%BChle%20Wohnung%20auch%20an%20hei%C3%9Fen%20Tagen\" title=\"Per E-Mail versenden\" aria-label=\"Per E-Mail versenden\" role=\"button\" rel=\"noopener nofollow\" class=\"shariff-link\" style=\";border-radius:1%; background-color:#999; color:#fff\"><span class=\"shariff-icon\" style=\"\"><svg width=\"32px\" height=\"20px\" xmlns=\"http:\/\/www.w3.org\/2000\/svg\" viewBox=\"0 0 32 32\"><path fill=\"#999\" d=\"M32 12.7v14.2q0 1.2-0.8 2t-2 0.9h-26.3q-1.2 0-2-0.9t-0.8-2v-14.2q0.8 0.9 1.8 1.6 6.5 4.4 8.9 6.1 1 0.8 1.6 1.2t1.7 0.9 2 0.4h0.1q0.9 0 2-0.4t1.7-0.9 1.6-1.2q3-2.2 8.9-6.1 1-0.7 1.8-1.6zM32 7.4q0 1.4-0.9 2.7t-2.2 2.2q-6.7 4.7-8.4 5.8-0.2 0.1-0.7 0.5t-1 0.7-0.9 0.6-1.1 0.5-0.9 0.2h-0.1q-0.4 0-0.9-0.2t-1.1-0.5-0.9-0.6-1-0.7-0.7-0.5q-1.6-1.1-4.7-3.2t-3.6-2.6q-1.1-0.7-2.1-2t-1-2.5q0-1.4 0.7-2.3t2.1-0.9h26.3q1.2 0 2 0.8t0.9 2z\"\/><\/svg><\/span><\/a><\/li><\/ul><\/div>","protected":false},"excerpt":{"rendered":"<p>Serie: DBU-Initiative \u201eZukunft Zuhause\u201c gibt Tipps f\u00fcr den Sommer. Im Sommer ist die Hitze in manchen [&hellip;]<\/p>\n","protected":false},"author":3,"featured_media":101203,"comment_status":"closed","ping_status":"closed","sticky":false,"template":"","format":"standard","meta":{"inline_featured_image":false,"footnotes":""},"categories":[28],"tags":[],"class_list":["post-101201","post","type-post","status-publish","format-standard","has-post-thumbnail","hentry","category-tipps"],"yoast_head":"<!-- This site is optimized with the Yoast SEO plugin v26.5 - https:\/\/yoast.com\/wordpress\/plugins\/seo\/ -->\n<title>K\u00fchle Wohnung auch an hei\u00dfen Tagen - Sonnenseite - \u00d6kologische Kommunikation mit Franz Alt<\/title>\n<meta name=\"description\" content=\"Serie: DBU-Initiative \u201eZukunft Zuhause\u201c gibt Tipps f\u00fcr den Sommer. Im Sommer ist die Hitze in manchen H\u00e4usern kaum zum Aushalten. Linderung bringt K\u00fchlung\" \/>\n<meta name=\"robots\" content=\"index, follow, max-snippet:-1, max-image-preview:large, max-video-preview:-1\" \/>\n<link rel=\"canonical\" href=\"https:\/\/www.sonnenseite.com\/de\/tipps\/kuehle-wohnung-auch-an-heissen-tagen\/\" \/>\n<meta property=\"og:locale\" content=\"de_DE\" \/>\n<meta property=\"og:type\" content=\"article\" \/>\n<meta property=\"og:title\" content=\"K\u00fchle Wohnung auch an hei\u00dfen Tagen - Sonnenseite - \u00d6kologische Kommunikation mit Franz Alt\" \/>\n<meta property=\"og:description\" content=\"Serie: DBU-Initiative \u201eZukunft Zuhause\u201c gibt Tipps f\u00fcr den Sommer. Im Sommer ist die Hitze in manchen H\u00e4usern kaum zum Aushalten. Linderung bringt K\u00fchlung\" \/>\n<meta property=\"og:url\" content=\"https:\/\/www.sonnenseite.com\/de\/tipps\/kuehle-wohnung-auch-an-heissen-tagen\/\" \/>\n<meta property=\"og:site_name\" content=\"Sonnenseite\" \/>\n<meta property=\"article:publisher\" content=\"https:\/\/www.facebook.com\/pages\/Franz-Alt-SONNENSEITECOM\/221072987903953?fref=ts\" \/>\n<meta property=\"article:published_time\" content=\"2024-08-17T00:38:00+00:00\" \/>\n<meta property=\"og:image\" content=\"https:\/\/www.sonnenseite.com\/wp-content\/uploads\/2024\/08\/Hitze_Jalousie_DQGGGGE.jpg\" \/>\n\t<meta property=\"og:image:width\" content=\"770\" \/>\n\t<meta property=\"og:image:height\" content=\"420\" \/>\n\t<meta property=\"og:image:type\" content=\"image\/jpeg\" \/>\n<meta name=\"author\" content=\"Bigi Alt\" \/>\n<meta name=\"twitter:card\" content=\"summary_large_image\" \/>\n<meta name=\"twitter:creator\" content=\"@franzalt\" \/>\n<meta name=\"twitter:site\" content=\"@franzalt\" \/>\n<meta name=\"twitter:label1\" content=\"Verfasst von\" \/>\n\t<meta name=\"twitter:data1\" content=\"Bigi Alt\" \/>\n\t<meta name=\"twitter:label2\" content=\"Gesch\u00e4tzte Lesezeit\" \/>\n\t<meta name=\"twitter:data2\" content=\"6\u00a0Minuten\" \/>\n<script type=\"application\/ld+json\" class=\"yoast-schema-graph\">{\"@context\":\"https:\/\/schema.org\",\"@graph\":[{\"@type\":\"Article\",\"@id\":\"https:\/\/www.sonnenseite.com\/de\/tipps\/kuehle-wohnung-auch-an-heissen-tagen\/#article\",\"isPartOf\":{\"@id\":\"https:\/\/www.sonnenseite.com\/de\/tipps\/kuehle-wohnung-auch-an-heissen-tagen\/\"},\"author\":{\"name\":\"Bigi Alt\",\"@id\":\"https:\/\/www.sonnenseite.com\/de\/#\/schema\/person\/50fda0e926597684c7cc6695238a4eb9\"},\"headline\":\"K\u00fchle Wohnung auch an hei\u00dfen Tagen\",\"datePublished\":\"2024-08-17T00:38:00+00:00\",\"mainEntityOfPage\":{\"@id\":\"https:\/\/www.sonnenseite.com\/de\/tipps\/kuehle-wohnung-auch-an-heissen-tagen\/\"},\"wordCount\":1072,\"publisher\":{\"@id\":\"https:\/\/www.sonnenseite.com\/de\/#organization\"},\"image\":{\"@id\":\"https:\/\/www.sonnenseite.com\/de\/tipps\/kuehle-wohnung-auch-an-heissen-tagen\/#primaryimage\"},\"thumbnailUrl\":\"https:\/\/www.sonnenseite.com\/wp-content\/uploads\/2024\/08\/Hitze_Jalousie_DQGGGGE.jpg\",\"articleSection\":[\"Tipps\"],\"inLanguage\":\"de\"},{\"@type\":\"WebPage\",\"@id\":\"https:\/\/www.sonnenseite.com\/de\/tipps\/kuehle-wohnung-auch-an-heissen-tagen\/\",\"url\":\"https:\/\/www.sonnenseite.com\/de\/tipps\/kuehle-wohnung-auch-an-heissen-tagen\/\",\"name\":\"K\u00fchle Wohnung auch an hei\u00dfen Tagen - Sonnenseite - \u00d6kologische Kommunikation mit Franz Alt\",\"isPartOf\":{\"@id\":\"https:\/\/www.sonnenseite.com\/de\/#website\"},\"primaryImageOfPage\":{\"@id\":\"https:\/\/www.sonnenseite.com\/de\/tipps\/kuehle-wohnung-auch-an-heissen-tagen\/#primaryimage\"},\"image\":{\"@id\":\"https:\/\/www.sonnenseite.com\/de\/tipps\/kuehle-wohnung-auch-an-heissen-tagen\/#primaryimage\"},\"thumbnailUrl\":\"https:\/\/www.sonnenseite.com\/wp-content\/uploads\/2024\/08\/Hitze_Jalousie_DQGGGGE.jpg\",\"datePublished\":\"2024-08-17T00:38:00+00:00\",\"description\":\"Serie: DBU-Initiative \u201eZukunft Zuhause\u201c gibt Tipps f\u00fcr den Sommer. Im Sommer ist die Hitze in manchen H\u00e4usern kaum zum Aushalten. Linderung bringt K\u00fchlung\",\"breadcrumb\":{\"@id\":\"https:\/\/www.sonnenseite.com\/de\/tipps\/kuehle-wohnung-auch-an-heissen-tagen\/#breadcrumb\"},\"inLanguage\":\"de\",\"potentialAction\":[{\"@type\":\"ReadAction\",\"target\":[\"https:\/\/www.sonnenseite.com\/de\/tipps\/kuehle-wohnung-auch-an-heissen-tagen\/\"]}]},{\"@type\":\"ImageObject\",\"inLanguage\":\"de\",\"@id\":\"https:\/\/www.sonnenseite.com\/de\/tipps\/kuehle-wohnung-auch-an-heissen-tagen\/#primaryimage\",\"url\":\"https:\/\/www.sonnenseite.com\/wp-content\/uploads\/2024\/08\/Hitze_Jalousie_DQGGGGE.jpg\",\"contentUrl\":\"https:\/\/www.sonnenseite.com\/wp-content\/uploads\/2024\/08\/Hitze_Jalousie_DQGGGGE.jpg\",\"width\":770,\"height\":420,\"caption\":\"pixabay.com | DQGGGGE\"},{\"@type\":\"BreadcrumbList\",\"@id\":\"https:\/\/www.sonnenseite.com\/de\/tipps\/kuehle-wohnung-auch-an-heissen-tagen\/#breadcrumb\",\"itemListElement\":[{\"@type\":\"ListItem\",\"position\":1,\"name\":\"Startseite\",\"item\":\"https:\/\/www.sonnenseite.com\/de\/\"},{\"@type\":\"ListItem\",\"position\":2,\"name\":\"K\u00fchle Wohnung auch an hei\u00dfen Tagen\"}]},{\"@type\":\"WebSite\",\"@id\":\"https:\/\/www.sonnenseite.com\/de\/#website\",\"url\":\"https:\/\/www.sonnenseite.com\/de\/\",\"name\":\"Sonnenseite\",\"description\":\"\u00d6kologische Kommunikation mit Franz Alt\",\"publisher\":{\"@id\":\"https:\/\/www.sonnenseite.com\/de\/#organization\"},\"potentialAction\":[{\"@type\":\"SearchAction\",\"target\":{\"@type\":\"EntryPoint\",\"urlTemplate\":\"https:\/\/www.sonnenseite.com\/de\/?s={search_term_string}\"},\"query-input\":{\"@type\":\"PropertyValueSpecification\",\"valueRequired\":true,\"valueName\":\"search_term_string\"}}],\"inLanguage\":\"de\"},{\"@type\":\"Organization\",\"@id\":\"https:\/\/www.sonnenseite.com\/de\/#organization\",\"name\":\"Sonnenseite\",\"url\":\"https:\/\/www.sonnenseite.com\/de\/\",\"logo\":{\"@type\":\"ImageObject\",\"inLanguage\":\"de\",\"@id\":\"https:\/\/www.sonnenseite.com\/de\/#\/schema\/logo\/image\/\",\"url\":\"https:\/\/www.sonnenseite.com\/wp-content\/uploads\/2020\/05\/Sonnenseite_Logo.png\",\"contentUrl\":\"https:\/\/www.sonnenseite.com\/wp-content\/uploads\/2020\/05\/Sonnenseite_Logo.png\",\"width\":377,\"height\":90,\"caption\":\"Sonnenseite\"},\"image\":{\"@id\":\"https:\/\/www.sonnenseite.com\/de\/#\/schema\/logo\/image\/\"},\"sameAs\":[\"https:\/\/www.facebook.com\/pages\/Franz-Alt-SONNENSEITECOM\/221072987903953?fref=ts\",\"https:\/\/x.com\/franzalt\",\"http:\/\/www.youtube.com\/results?search_query&amp;amp;quot;franz_alt&amp;amp;quot;&amp;amp;amp;amp;search_type&amp;amp;amp;amp;aq=f\"]},{\"@type\":\"Person\",\"@id\":\"https:\/\/www.sonnenseite.com\/de\/#\/schema\/person\/50fda0e926597684c7cc6695238a4eb9\",\"name\":\"Bigi Alt\"}]}<\/script>\n<!-- \/ Yoast SEO plugin. -->","yoast_head_json":{"title":"K\u00fchle Wohnung auch an hei\u00dfen Tagen - Sonnenseite - \u00d6kologische Kommunikation mit Franz Alt","description":"Serie: DBU-Initiative \u201eZukunft Zuhause\u201c gibt Tipps f\u00fcr den Sommer. Im Sommer ist die Hitze in manchen H\u00e4usern kaum zum Aushalten. Linderung bringt K\u00fchlung","robots":{"index":"index","follow":"follow","max-snippet":"max-snippet:-1","max-image-preview":"max-image-preview:large","max-video-preview":"max-video-preview:-1"},"canonical":"https:\/\/www.sonnenseite.com\/de\/tipps\/kuehle-wohnung-auch-an-heissen-tagen\/","og_locale":"de_DE","og_type":"article","og_title":"K\u00fchle Wohnung auch an hei\u00dfen Tagen - Sonnenseite - \u00d6kologische Kommunikation mit Franz Alt","og_description":"Serie: DBU-Initiative \u201eZukunft Zuhause\u201c gibt Tipps f\u00fcr den Sommer. Im Sommer ist die Hitze in manchen H\u00e4usern kaum zum Aushalten. Linderung bringt K\u00fchlung","og_url":"https:\/\/www.sonnenseite.com\/de\/tipps\/kuehle-wohnung-auch-an-heissen-tagen\/","og_site_name":"Sonnenseite","article_publisher":"https:\/\/www.facebook.com\/pages\/Franz-Alt-SONNENSEITECOM\/221072987903953?fref=ts","article_published_time":"2024-08-17T00:38:00+00:00","og_image":[{"width":770,"height":420,"url":"https:\/\/www.sonnenseite.com\/wp-content\/uploads\/2024\/08\/Hitze_Jalousie_DQGGGGE.jpg","type":"image\/jpeg"}],"author":"Bigi Alt","twitter_card":"summary_large_image","twitter_creator":"@franzalt","twitter_site":"@franzalt","twitter_misc":{"Verfasst von":"Bigi Alt","Gesch\u00e4tzte Lesezeit":"6\u00a0Minuten"},"schema":{"@context":"https:\/\/schema.org","@graph":[{"@type":"Article","@id":"https:\/\/www.sonnenseite.com\/de\/tipps\/kuehle-wohnung-auch-an-heissen-tagen\/#article","isPartOf":{"@id":"https:\/\/www.sonnenseite.com\/de\/tipps\/kuehle-wohnung-auch-an-heissen-tagen\/"},"author":{"name":"Bigi Alt","@id":"https:\/\/www.sonnenseite.com\/de\/#\/schema\/person\/50fda0e926597684c7cc6695238a4eb9"},"headline":"K\u00fchle Wohnung auch an hei\u00dfen Tagen","datePublished":"2024-08-17T00:38:00+00:00","mainEntityOfPage":{"@id":"https:\/\/www.sonnenseite.com\/de\/tipps\/kuehle-wohnung-auch-an-heissen-tagen\/"},"wordCount":1072,"publisher":{"@id":"https:\/\/www.sonnenseite.com\/de\/#organization"},"image":{"@id":"https:\/\/www.sonnenseite.com\/de\/tipps\/kuehle-wohnung-auch-an-heissen-tagen\/#primaryimage"},"thumbnailUrl":"https:\/\/www.sonnenseite.com\/wp-content\/uploads\/2024\/08\/Hitze_Jalousie_DQGGGGE.jpg","articleSection":["Tipps"],"inLanguage":"de"},{"@type":"WebPage","@id":"https:\/\/www.sonnenseite.com\/de\/tipps\/kuehle-wohnung-auch-an-heissen-tagen\/","url":"https:\/\/www.sonnenseite.com\/de\/tipps\/kuehle-wohnung-auch-an-heissen-tagen\/","name":"K\u00fchle Wohnung auch an hei\u00dfen Tagen - Sonnenseite - \u00d6kologische Kommunikation mit Franz Alt","isPartOf":{"@id":"https:\/\/www.sonnenseite.com\/de\/#website"},"primaryImageOfPage":{"@id":"https:\/\/www.sonnenseite.com\/de\/tipps\/kuehle-wohnung-auch-an-heissen-tagen\/#primaryimage"},"image":{"@id":"https:\/\/www.sonnenseite.com\/de\/tipps\/kuehle-wohnung-auch-an-heissen-tagen\/#primaryimage"},"thumbnailUrl":"https:\/\/www.sonnenseite.com\/wp-content\/uploads\/2024\/08\/Hitze_Jalousie_DQGGGGE.jpg","datePublished":"2024-08-17T00:38:00+00:00","description":"Serie: DBU-Initiative \u201eZukunft Zuhause\u201c gibt Tipps f\u00fcr den Sommer. Im Sommer ist die Hitze in manchen H\u00e4usern kaum zum Aushalten. Linderung bringt K\u00fchlung","breadcrumb":{"@id":"https:\/\/www.sonnenseite.com\/de\/tipps\/kuehle-wohnung-auch-an-heissen-tagen\/#breadcrumb"},"inLanguage":"de","potentialAction":[{"@type":"ReadAction","target":["https:\/\/www.sonnenseite.com\/de\/tipps\/kuehle-wohnung-auch-an-heissen-tagen\/"]}]},{"@type":"ImageObject","inLanguage":"de","@id":"https:\/\/www.sonnenseite.com\/de\/tipps\/kuehle-wohnung-auch-an-heissen-tagen\/#primaryimage","url":"https:\/\/www.sonnenseite.com\/wp-content\/uploads\/2024\/08\/Hitze_Jalousie_DQGGGGE.jpg","contentUrl":"https:\/\/www.sonnenseite.com\/wp-content\/uploads\/2024\/08\/Hitze_Jalousie_DQGGGGE.jpg","width":770,"height":420,"caption":"pixabay.com | DQGGGGE"},{"@type":"BreadcrumbList","@id":"https:\/\/www.sonnenseite.com\/de\/tipps\/kuehle-wohnung-auch-an-heissen-tagen\/#breadcrumb","itemListElement":[{"@type":"ListItem","position":1,"name":"Startseite","item":"https:\/\/www.sonnenseite.com\/de\/"},{"@type":"ListItem","position":2,"name":"K\u00fchle Wohnung auch an hei\u00dfen Tagen"}]},{"@type":"WebSite","@id":"https:\/\/www.sonnenseite.com\/de\/#website","url":"https:\/\/www.sonnenseite.com\/de\/","name":"Sonnenseite","description":"\u00d6kologische Kommunikation mit Franz Alt","publisher":{"@id":"https:\/\/www.sonnenseite.com\/de\/#organization"},"potentialAction":[{"@type":"SearchAction","target":{"@type":"EntryPoint","urlTemplate":"https:\/\/www.sonnenseite.com\/de\/?s={search_term_string}"},"query-input":{"@type":"PropertyValueSpecification","valueRequired":true,"valueName":"search_term_string"}}],"inLanguage":"de"},{"@type":"Organization","@id":"https:\/\/www.sonnenseite.com\/de\/#organization","name":"Sonnenseite","url":"https:\/\/www.sonnenseite.com\/de\/","logo":{"@type":"ImageObject","inLanguage":"de","@id":"https:\/\/www.sonnenseite.com\/de\/#\/schema\/logo\/image\/","url":"https:\/\/www.sonnenseite.com\/wp-content\/uploads\/2020\/05\/Sonnenseite_Logo.png","contentUrl":"https:\/\/www.sonnenseite.com\/wp-content\/uploads\/2020\/05\/Sonnenseite_Logo.png","width":377,"height":90,"caption":"Sonnenseite"},"image":{"@id":"https:\/\/www.sonnenseite.com\/de\/#\/schema\/logo\/image\/"},"sameAs":["https:\/\/www.facebook.com\/pages\/Franz-Alt-SONNENSEITECOM\/221072987903953?fref=ts","https:\/\/x.com\/franzalt","http:\/\/www.youtube.com\/results?search_query&amp;amp;quot;franz_alt&amp;amp;quot;&amp;amp;amp;amp;search_type&amp;amp;amp;amp;aq=f"]},{"@type":"Person","@id":"https:\/\/www.sonnenseite.com\/de\/#\/schema\/person\/50fda0e926597684c7cc6695238a4eb9","name":"Bigi Alt"}]}},"_links":{"self":[{"href":"https:\/\/www.sonnenseite.com\/de\/wp-json\/wp\/v2\/posts\/101201","targetHints":{"allow":["GET"]}}],"collection":[{"href":"https:\/\/www.sonnenseite.com\/de\/wp-json\/wp\/v2\/posts"}],"about":[{"href":"https:\/\/www.sonnenseite.com\/de\/wp-json\/wp\/v2\/types\/post"}],"author":[{"embeddable":true,"href":"https:\/\/www.sonnenseite.com\/de\/wp-json\/wp\/v2\/users\/3"}],"replies":[{"embeddable":true,"href":"https:\/\/www.sonnenseite.com\/de\/wp-json\/wp\/v2\/comments?post=101201"}],"version-history":[{"count":1,"href":"https:\/\/www.sonnenseite.com\/de\/wp-json\/wp\/v2\/posts\/101201\/revisions"}],"predecessor-version":[{"id":101202,"href":"https:\/\/www.sonnenseite.com\/de\/wp-json\/wp\/v2\/posts\/101201\/revisions\/101202"}],"wp:featuredmedia":[{"embeddable":true,"href":"https:\/\/www.sonnenseite.com\/de\/wp-json\/wp\/v2\/media\/101203"}],"wp:attachment":[{"href":"https:\/\/www.sonnenseite.com\/de\/wp-json\/wp\/v2\/media?parent=101201"}],"wp:term":[{"taxonomy":"category","embeddable":true,"href":"https:\/\/www.sonnenseite.com\/de\/wp-json\/wp\/v2\/categories?post=101201"},{"taxonomy":"post_tag","embeddable":true,"href":"https:\/\/www.sonnenseite.com\/de\/wp-json\/wp\/v2\/tags?post=101201"}],"curies":[{"name":"wp","href":"https:\/\/api.w.org\/{rel}","templated":true}]}}