{"id":101219,"date":"2024-08-15T02:56:00","date_gmt":"2024-08-15T00:56:00","guid":{"rendered":"https:\/\/www.sonnenseite.com\/?p=101219"},"modified":"2024-08-26T17:32:26","modified_gmt":"2024-08-26T15:32:26","slug":"ausbau-der-solarenergie-viel-licht-aber-auch-schatten","status":"publish","type":"post","link":"https:\/\/www.sonnenseite.com\/de\/energie\/ausbau-der-solarenergie-viel-licht-aber-auch-schatten\/","title":{"rendered":"Ausbau der Solarenergie: viel Licht, aber auch Schatten"},"content":{"rendered":"\n<p>Solarenergie in Deutschland boomt \u2013 effiziente Integration ins Stromsystem wird wichtiger.<\/p>\n\n\n\n<p>Ausbau von Photovoltaikanlagen liegt derzeit \u00fcber den Zielen der Bundesregierung \u2013 Haupttreiber ist der Zubau bei Geb\u00e4udeanlagen \u2013 Bayern auf Platz eins \u2013 Herausforderungen sind Ausbau auf Freifl\u00e4chen, effiziente Integration in das Stromsystem und Importabh\u00e4ngigkeit bei Modulen<\/p>\n\n\n\n<p>Der Ausbau der Photovoltaik (PV) in Deutschland hat Fahrt aufgenommen und liegt derzeit sogar \u00fcber dem von der Bundesregierung angestrebten Wachstumspfad. Zurzeit sind knapp 91 Gigawatt installiert, anvisiert waren 88 f\u00fcr das gesamte Jahr 2024. Haupttreiber dieser Entwicklung sind vor allem Aufdachanlagen. Zwar nimmt auch die Zahl der PV-Anlagen auf Freifl\u00e4chen zu, doch gibt es in diesem Segment noch viel Potenzial f\u00fcr weiteren Ausbau. \u00dcberproportional viele PV-Anlagen werden im S\u00fcden Deutschlands zugebaut. Dies sind die wichtigsten Ergebnisse des aktuellen Ampel-Monitors Energiewende des Deutschen Instituts f\u00fcr Wirtschaftsforschung (DIW Berlin). Der Ampelmonitor stellt wichtige Energiewende-Ziele der Bundesregierung dar und gleicht ihre Erreichung mit aktuellen Trends ab.<\/p>\n\n\n<div class=\"wp-block-image\">\n<figure class=\"aligncenter size-full\"><a href=\"https:\/\/www.sonnenseite.com\/wp-content\/uploads\/2024\/08\/DIW-Energiewende-Infografik01.jpg\"><img loading=\"lazy\" decoding=\"async\" width=\"1600\" height=\"800\" src=\"https:\/\/www.sonnenseite.com\/wp-content\/uploads\/2024\/08\/DIW-Energiewende-Infografik01.jpg\" alt=\"\" class=\"wp-image-101223\" srcset=\"https:\/\/www.sonnenseite.com\/wp-content\/uploads\/2024\/08\/DIW-Energiewende-Infografik01.jpg 1600w, https:\/\/www.sonnenseite.com\/wp-content\/uploads\/2024\/08\/DIW-Energiewende-Infografik01-300x150.jpg 300w, https:\/\/www.sonnenseite.com\/wp-content\/uploads\/2024\/08\/DIW-Energiewende-Infografik01-1024x512.jpg 1024w, https:\/\/www.sonnenseite.com\/wp-content\/uploads\/2024\/08\/DIW-Energiewende-Infografik01-768x384.jpg 768w, https:\/\/www.sonnenseite.com\/wp-content\/uploads\/2024\/08\/DIW-Energiewende-Infografik01-1536x768.jpg 1536w\" sizes=\"auto, (max-width: 1600px) 100vw, 1600px\" \/><\/a><\/figure>\n<\/div>\n\n\n<p><\/p>\n\n\n\n<p>Die Beschleunigung der Energiewende ist erkl\u00e4rtes Ziel der Ampel-Koalition. Eine Schl\u00fcsseltechnologie ist hierbei die Solarenergie, die derzeit \u2013 auch weltweit \u2013 einen regelrechten Boom erlebt. \u201eW\u00e4hrend kleinere PV-Anlagen auf Geb\u00e4uden vor allem wegen der Eigenverbrauchsvorteile sehr gefragt sind, gibt es auch bei den Freifl\u00e4chenanlagen in Deutschland noch viel Potenzial\u201c, berichtet Studienautor Wolf-Peter Schill, der zusammen mit Alexander Roth den Ampel-Monitor Energiewende konzipiert hat und stetig aktualisiert. Bei den Solaranlagen auf Freifl\u00e4chen geht der Ausbau langsamer voran als bei den Geb\u00e4udeanlagen. \u201eDie Bundesregierung sollte erw\u00e4gen, die Ausschreibungsmengen im Freifl\u00e4chensegment nochmals zu erh\u00f6hen. Dies k\u00f6nnte auch dazu beitragen, die Ausbaukosten geringer zu halten, da Freifl\u00e4chen- im Vergleich zu Aufdachanlagen g\u00fcnstiger sind\u201c, erg\u00e4nzt Studienautor Felix Schmidt.<\/p>\n\n\n\n<blockquote class=\"wp-block-quote is-layout-flow wp-block-quote-is-layout-flow\">\n<p>\u201eEine Herausforderung ist, die im Tages- und Jahresverlauf stark schwankenden Solarstrommengen effizient in den Strommarkt zu integrieren.\u201c  Alexander Roth<\/p>\n<\/blockquote>\n\n\n\n<p>Die Zahl der medial zuletzt stark pr\u00e4senten Balkonkraftwerke hat in den vergangenen beiden Jahren mit einem derzeitigen Gesamtbestand von rund 600.000 Anlagen zwar sehr stark zugenommen; aufgrund der kleinen Modulgr\u00f6\u00dfen machen alle Balkonanlagen aber nur 0,5 Prozent der gesamten PV-Leistung in Deutschland aus. Regional ist die installierte PV-Leistung sehr ungleich auf die Bundesl\u00e4nder verteilt. Bayern ist mit einem Viertel der in Deutschland installierten Leistung Vorreiter. Am geringsten ist die PV-Leistung in den drei Stadtstaaten.<\/p>\n\n\n\n<h4 class=\"wp-block-heading\">PV-Strom muss effizient in das Stromsystem integriert werden<\/h4>\n\n\n\n<p>Mit dem zunehmenden PV-Ausbau wachsen auch die Herausforderungen f\u00fcr das Stromsystem. Parallel mit dem Ausbau der Solaranlagen sind die am Gro\u00dfhandelsmarkt erzielbaren Preise f\u00fcr Solarstrom gesunken. Dies deutet darauf hin, dass die Flexibilit\u00e4t im Stromsektor langsamer gewachsen ist als die Photovoltaik-Leistung. Ausgepr\u00e4gte Niedrigpreisphasen in den Stunden der h\u00f6chsten Solarstromeinspeisung zeigen, dass die vorhandenen Speicher nicht ausreichen oder nicht so betrieben werden, dass sie Preisdifferenzen gl\u00e4tten. \u201eEine Herausforderung ist, die im Tages- und Jahresverlauf stark schwankenden Solarstrommengen effizient in den Strommarkt zu integrieren. Damit Speicher im Eigenverbrauchsbereich systemdienlich betrieben werden, m\u00fcssen bessere Preisanreize gesetzt werden\u201c, erkl\u00e4rt Studienautor Alexander Roth.<\/p>\n\n\n\n<p>Neben den wachsenden Herausforderungen bei der Netz- und Marktintegration hat der PV-Ausbau noch eine weitere Schattenseite. Das Wachstum der Photovoltaik in Deutschland ist mittlerweile stark auf Importe aus China angewiesen. Eine Option zur Absicherung gegen m\u00f6gliche Engp\u00e4sse beim Bezug von Solarmodulen aus China w\u00e4re der Aufbau einer Modul-Reserve. Dazu k\u00f6nnten Module auf dem Weltmarkt gekauft und eingelagert werden, die beispielsweise dem geplanten Zubau von einem bis zwei Jahren entsprechen. \u201eM\u00f6glich ist aber auch eine weitere Steigerung des Ausbaus, solange der Weltmarkt mit Modulen regelrecht \u00fcberschwemmt ist\u201c, erl\u00e4utert DIW-\u00d6konom Wolf-Peter Schill. \u201eDenn jedes heute bereits installierte Panel mindert die Notwendigkeit sp\u00e4terer Importe.\u201c<\/p>\n\n\n\n<ul class=\"wp-block-list\">\n<li><a href=\"https:\/\/www.diw.de\/de\/diw_01.c.911061.de\/publikationen\/wochenberichte\/2024_33_1\/ausbau_der_solarenergie__viel_licht__aber_auch_schatten.html\">Studie im DIW Wochenbericht 33\/2024<\/a><\/li>\n\n\n\n<li><a href=\"https:\/\/www.diw.de\/de\/diw_01.c.911063.de\/publikationen\/wochenberichte\/2024_33_2\/ausbau_der_solarenergie_boomt_derzeit_____weitere_schritte_zur_markt-_und_netzintegration_aber_notwendig__interview.html\">Interview mit Felix Schmidt<\/a><\/li>\n\n\n\n<li><a href=\"https:\/\/www.diw.de\/documents\/medien%20audio\/458\/diw_01.c.911238.de\/wb33-24_interview_schmidt_ampel-monitor.mp3\">O-Ton von Felix Schmidt &#8222;Ausbau der Solarenergie boomt derzeit \u2013 weitere Schritte zur Markt- und Netzintegration aber notwendig&#8220; &#8211; Interview mit Felix Schmidt<\/a><\/li>\n<\/ul>\n\n\n<h5 class=\"green\">Quelle<\/h5>\r\n\n\n\n<p><a href=\"https:\/\/www.diw.de\/de\/diw_01.c.911027.de\/solarenergie_in_deutschland_boomt_____effiziente_integration_ins_stromsystem_wird_wichtiger.html\">DIW Berlin 2024<\/a><\/p>\n\n\n\n<p><a href=\"https:\/\/www.diw.de\/documents\/medien audio\/458\/diw_01.c.911238.de\/wb33-24_interview_schmidt_ampel-monitor.mp3\"><\/a><\/p>\n<div class=\"shariff shariff-align-flex-start shariff-widget-align-flex-start\"><div class=\"ShariffHeadline\">Diese Meldung teilen<\/div><ul class=\"shariff-buttons theme-round orientation-horizontal buttonsize-medium\"><li class=\"shariff-button facebook shariff-nocustomcolor\" style=\"background-color:#4273c8;border-radius:1%\"><a href=\"https:\/\/www.facebook.com\/sharer\/sharer.php?u=https%3A%2F%2Fwww.sonnenseite.com%2Fde%2Fenergie%2Fausbau-der-solarenergie-viel-licht-aber-auch-schatten%2F\" title=\"Bei Facebook teilen\" aria-label=\"Bei Facebook teilen\" role=\"button\" rel=\"nofollow\" class=\"shariff-link\" style=\";border-radius:1%; background-color:#3b5998; color:#fff\" target=\"_blank\"><span class=\"shariff-icon\" style=\"\"><svg width=\"32px\" height=\"20px\" xmlns=\"http:\/\/www.w3.org\/2000\/svg\" viewBox=\"0 0 18 32\"><path fill=\"#3b5998\" d=\"M17.1 0.2v4.7h-2.8q-1.5 0-2.1 0.6t-0.5 1.9v3.4h5.2l-0.7 5.3h-4.5v13.6h-5.5v-13.6h-4.5v-5.3h4.5v-3.9q0-3.3 1.9-5.2t5-1.8q2.6 0 4.1 0.2z\"\/><\/svg><\/span><\/a><\/li><li class=\"shariff-button twitter shariff-nocustomcolor\" style=\"background-color:#595959;border-radius:1%\"><a href=\"https:\/\/twitter.com\/share?url=https%3A%2F%2Fwww.sonnenseite.com%2Fde%2Fenergie%2Fausbau-der-solarenergie-viel-licht-aber-auch-schatten%2F&text=Ausbau%20der%20Solarenergie%3A%20viel%20Licht%2C%20aber%20auch%20Schatten\" title=\"Bei X teilen\" aria-label=\"Bei X teilen\" role=\"button\" rel=\"noopener nofollow\" class=\"shariff-link\" style=\";border-radius:1%; background-color:#000; color:#fff\" target=\"_blank\"><span class=\"shariff-icon\" style=\"\"><svg width=\"32px\" height=\"20px\" xmlns=\"http:\/\/www.w3.org\/2000\/svg\" viewBox=\"0 0 24 24\"><path fill=\"#000\" d=\"M14.258 10.152L23.176 0h-2.113l-7.747 8.813L7.133 0H0l9.352 13.328L0 23.973h2.113l8.176-9.309 6.531 9.309h7.133zm-2.895 3.293l-.949-1.328L2.875 1.56h3.246l6.086 8.523.945 1.328 7.91 11.078h-3.246zm0 0\"\/><\/svg><\/span><\/a><\/li><li class=\"shariff-button xing shariff-nocustomcolor\" style=\"background-color:#29888a;border-radius:1%\"><a href=\"https:\/\/www.xing.com\/spi\/shares\/new?url=https%3A%2F%2Fwww.sonnenseite.com%2Fde%2Fenergie%2Fausbau-der-solarenergie-viel-licht-aber-auch-schatten%2F\" title=\"Bei XING teilen\" aria-label=\"Bei XING teilen\" role=\"button\" rel=\"noopener nofollow\" class=\"shariff-link\" style=\";border-radius:1%; background-color:#126567; color:#fff\" target=\"_blank\"><span class=\"shariff-icon\" style=\"\"><svg width=\"32px\" height=\"20px\" xmlns=\"http:\/\/www.w3.org\/2000\/svg\" viewBox=\"0 0 25 32\"><path fill=\"#126567\" d=\"M10.7 11.9q-0.2 0.3-4.6 8.2-0.5 0.8-1.2 0.8h-4.3q-0.4 0-0.5-0.3t0-0.6l4.5-8q0 0 0 0l-2.9-5q-0.2-0.4 0-0.7 0.2-0.3 0.5-0.3h4.3q0.7 0 1.2 0.8zM25.1 0.4q0.2 0.3 0 0.7l-9.4 16.7 6 11q0.2 0.4 0 0.6-0.2 0.3-0.6 0.3h-4.3q-0.7 0-1.2-0.8l-6-11.1q0.3-0.6 9.5-16.8 0.4-0.8 1.2-0.8h4.3q0.4 0 0.5 0.3z\"\/><\/svg><\/span><\/a><\/li><li class=\"shariff-button linkedin shariff-nocustomcolor\" style=\"background-color:#1488bf;border-radius:1%\"><a href=\"https:\/\/www.linkedin.com\/sharing\/share-offsite\/?url=https%3A%2F%2Fwww.sonnenseite.com%2Fde%2Fenergie%2Fausbau-der-solarenergie-viel-licht-aber-auch-schatten%2F\" title=\"Bei LinkedIn teilen\" aria-label=\"Bei LinkedIn teilen\" role=\"button\" rel=\"noopener nofollow\" class=\"shariff-link\" style=\";border-radius:1%; background-color:#0077b5; color:#fff\" target=\"_blank\"><span class=\"shariff-icon\" style=\"\"><svg width=\"32px\" height=\"20px\" xmlns=\"http:\/\/www.w3.org\/2000\/svg\" viewBox=\"0 0 27 32\"><path fill=\"#0077b5\" d=\"M6.2 11.2v17.7h-5.9v-17.7h5.9zM6.6 5.7q0 1.3-0.9 2.2t-2.4 0.9h0q-1.5 0-2.4-0.9t-0.9-2.2 0.9-2.2 2.4-0.9 2.4 0.9 0.9 2.2zM27.4 18.7v10.1h-5.9v-9.5q0-1.9-0.7-2.9t-2.3-1.1q-1.1 0-1.9 0.6t-1.2 1.5q-0.2 0.5-0.2 1.4v9.9h-5.9q0-7.1 0-11.6t0-5.3l0-0.9h5.9v2.6h0q0.4-0.6 0.7-1t1-0.9 1.6-0.8 2-0.3q3 0 4.9 2t1.9 6z\"\/><\/svg><\/span><\/a><\/li><li class=\"shariff-button printer shariff-nocustomcolor\" style=\"background-color:#a8a8a8;border-radius:1%\"><a href=\"javascript:window.print()\" title=\"drucken\" aria-label=\"drucken\" role=\"button\" rel=\"noopener nofollow\" class=\"shariff-link\" style=\";border-radius:1%; background-color:#999; color:#fff\"><span class=\"shariff-icon\" style=\"\"><svg width=\"32px\" height=\"20px\" xmlns=\"http:\/\/www.w3.org\/2000\/svg\" viewBox=\"0 0 30 32\"><path fill=\"#999\" d=\"M6.8 27.4h16v-4.6h-16v4.6zM6.8 16h16v-6.8h-2.8q-0.7 0-1.2-0.5t-0.5-1.2v-2.8h-11.4v11.4zM27.4 17.2q0-0.5-0.3-0.8t-0.8-0.4-0.8 0.4-0.3 0.8 0.3 0.8 0.8 0.3 0.8-0.3 0.3-0.8zM29.7 17.2v7.4q0 0.2-0.2 0.4t-0.4 0.2h-4v2.8q0 0.7-0.5 1.2t-1.2 0.5h-17.2q-0.7 0-1.2-0.5t-0.5-1.2v-2.8h-4q-0.2 0-0.4-0.2t-0.2-0.4v-7.4q0-1.4 1-2.4t2.4-1h1.2v-9.7q0-0.7 0.5-1.2t1.2-0.5h12q0.7 0 1.6 0.4t1.3 0.8l2.7 2.7q0.5 0.5 0.9 1.4t0.4 1.6v4.6h1.1q1.4 0 2.4 1t1 2.4z\"\/><\/svg><\/span><\/a><\/li><li class=\"shariff-button mailto shariff-nocustomcolor\" style=\"background-color:#a8a8a8;border-radius:1%\"><a href=\"mailto:?body=https%3A%2F%2Fwww.sonnenseite.com%2Fde%2Fenergie%2Fausbau-der-solarenergie-viel-licht-aber-auch-schatten%2F&subject=Ausbau%20der%20Solarenergie%3A%20viel%20Licht%2C%20aber%20auch%20Schatten\" title=\"Per E-Mail versenden\" aria-label=\"Per E-Mail versenden\" role=\"button\" rel=\"noopener nofollow\" class=\"shariff-link\" style=\";border-radius:1%; background-color:#999; color:#fff\"><span class=\"shariff-icon\" style=\"\"><svg width=\"32px\" height=\"20px\" xmlns=\"http:\/\/www.w3.org\/2000\/svg\" viewBox=\"0 0 32 32\"><path fill=\"#999\" d=\"M32 12.7v14.2q0 1.2-0.8 2t-2 0.9h-26.3q-1.2 0-2-0.9t-0.8-2v-14.2q0.8 0.9 1.8 1.6 6.5 4.4 8.9 6.1 1 0.8 1.6 1.2t1.7 0.9 2 0.4h0.1q0.9 0 2-0.4t1.7-0.9 1.6-1.2q3-2.2 8.9-6.1 1-0.7 1.8-1.6zM32 7.4q0 1.4-0.9 2.7t-2.2 2.2q-6.7 4.7-8.4 5.8-0.2 0.1-0.7 0.5t-1 0.7-0.9 0.6-1.1 0.5-0.9 0.2h-0.1q-0.4 0-0.9-0.2t-1.1-0.5-0.9-0.6-1-0.7-0.7-0.5q-1.6-1.1-4.7-3.2t-3.6-2.6q-1.1-0.7-2.1-2t-1-2.5q0-1.4 0.7-2.3t2.1-0.9h26.3q1.2 0 2 0.8t0.9 2z\"\/><\/svg><\/span><\/a><\/li><\/ul><\/div>","protected":false},"excerpt":{"rendered":"<p>Solarenergie in Deutschland boomt \u2013 effiziente Integration ins Stromsystem wird wichtiger. Ausbau von Photovoltaikanlagen liegt derzeit [&hellip;]<\/p>\n","protected":false},"author":3,"featured_media":77702,"comment_status":"closed","ping_status":"closed","sticky":false,"template":"","format":"standard","meta":{"inline_featured_image":false,"footnotes":""},"categories":[22],"tags":[],"class_list":["post-101219","post","type-post","status-publish","format-standard","has-post-thumbnail","hentry","category-energie"],"yoast_head":"<!-- This site is optimized with the Yoast SEO plugin v26.5 - https:\/\/yoast.com\/wordpress\/plugins\/seo\/ -->\n<title>Ausbau der Solarenergie: viel Licht, aber auch Schatten - Sonnenseite - \u00d6kologische Kommunikation mit Franz Alt<\/title>\n<meta name=\"description\" content=\"Solarenergie in Deutschland boomt \u2013 effiziente Integration ins Stromsystem wird wichtiger. Ausbau von Photovoltaikanlagen liegt derzeit \u00fcber den Zielen\" \/>\n<meta name=\"robots\" content=\"index, follow, max-snippet:-1, max-image-preview:large, max-video-preview:-1\" \/>\n<link rel=\"canonical\" href=\"https:\/\/www.sonnenseite.com\/de\/energie\/ausbau-der-solarenergie-viel-licht-aber-auch-schatten\/\" \/>\n<meta property=\"og:locale\" content=\"de_DE\" \/>\n<meta property=\"og:type\" content=\"article\" \/>\n<meta property=\"og:title\" content=\"Ausbau der Solarenergie: viel Licht, aber auch Schatten - Sonnenseite - \u00d6kologische Kommunikation mit Franz Alt\" \/>\n<meta property=\"og:description\" content=\"Solarenergie in Deutschland boomt \u2013 effiziente Integration ins Stromsystem wird wichtiger. Ausbau von Photovoltaikanlagen liegt derzeit \u00fcber den Zielen\" \/>\n<meta property=\"og:url\" content=\"https:\/\/www.sonnenseite.com\/de\/energie\/ausbau-der-solarenergie-viel-licht-aber-auch-schatten\/\" \/>\n<meta property=\"og:site_name\" content=\"Sonnenseite\" \/>\n<meta property=\"article:publisher\" content=\"https:\/\/www.facebook.com\/pages\/Franz-Alt-SONNENSEITECOM\/221072987903953?fref=ts\" \/>\n<meta property=\"article:published_time\" content=\"2024-08-15T00:56:00+00:00\" \/>\n<meta property=\"article:modified_time\" content=\"2024-08-26T15:32:26+00:00\" \/>\n<meta property=\"og:image\" content=\"https:\/\/www.sonnenseite.com\/wp-content\/uploads\/2021\/12\/Solarzellen_catalby.jpg\" \/>\n\t<meta property=\"og:image:width\" content=\"770\" \/>\n\t<meta property=\"og:image:height\" content=\"420\" \/>\n\t<meta property=\"og:image:type\" content=\"image\/jpeg\" \/>\n<meta name=\"author\" content=\"Bigi Alt\" \/>\n<meta name=\"twitter:card\" content=\"summary_large_image\" \/>\n<meta name=\"twitter:creator\" content=\"@franzalt\" \/>\n<meta name=\"twitter:site\" content=\"@franzalt\" \/>\n<meta name=\"twitter:label1\" content=\"Verfasst von\" \/>\n\t<meta name=\"twitter:data1\" content=\"Bigi Alt\" \/>\n\t<meta name=\"twitter:label2\" content=\"Gesch\u00e4tzte Lesezeit\" \/>\n\t<meta name=\"twitter:data2\" content=\"4\u00a0Minuten\" \/>\n<script type=\"application\/ld+json\" class=\"yoast-schema-graph\">{\"@context\":\"https:\/\/schema.org\",\"@graph\":[{\"@type\":\"Article\",\"@id\":\"https:\/\/www.sonnenseite.com\/de\/energie\/ausbau-der-solarenergie-viel-licht-aber-auch-schatten\/#article\",\"isPartOf\":{\"@id\":\"https:\/\/www.sonnenseite.com\/de\/energie\/ausbau-der-solarenergie-viel-licht-aber-auch-schatten\/\"},\"author\":{\"name\":\"Bigi Alt\",\"@id\":\"https:\/\/www.sonnenseite.com\/de\/#\/schema\/person\/50fda0e926597684c7cc6695238a4eb9\"},\"headline\":\"Ausbau der Solarenergie: viel Licht, aber auch Schatten\",\"datePublished\":\"2024-08-15T00:56:00+00:00\",\"dateModified\":\"2024-08-26T15:32:26+00:00\",\"mainEntityOfPage\":{\"@id\":\"https:\/\/www.sonnenseite.com\/de\/energie\/ausbau-der-solarenergie-viel-licht-aber-auch-schatten\/\"},\"wordCount\":636,\"publisher\":{\"@id\":\"https:\/\/www.sonnenseite.com\/de\/#organization\"},\"image\":{\"@id\":\"https:\/\/www.sonnenseite.com\/de\/energie\/ausbau-der-solarenergie-viel-licht-aber-auch-schatten\/#primaryimage\"},\"thumbnailUrl\":\"https:\/\/www.sonnenseite.com\/wp-content\/uploads\/2021\/12\/Solarzellen_catalby.jpg\",\"articleSection\":[\"Energie\"],\"inLanguage\":\"de\"},{\"@type\":\"WebPage\",\"@id\":\"https:\/\/www.sonnenseite.com\/de\/energie\/ausbau-der-solarenergie-viel-licht-aber-auch-schatten\/\",\"url\":\"https:\/\/www.sonnenseite.com\/de\/energie\/ausbau-der-solarenergie-viel-licht-aber-auch-schatten\/\",\"name\":\"Ausbau der Solarenergie: viel Licht, aber auch Schatten - Sonnenseite - \u00d6kologische Kommunikation mit Franz Alt\",\"isPartOf\":{\"@id\":\"https:\/\/www.sonnenseite.com\/de\/#website\"},\"primaryImageOfPage\":{\"@id\":\"https:\/\/www.sonnenseite.com\/de\/energie\/ausbau-der-solarenergie-viel-licht-aber-auch-schatten\/#primaryimage\"},\"image\":{\"@id\":\"https:\/\/www.sonnenseite.com\/de\/energie\/ausbau-der-solarenergie-viel-licht-aber-auch-schatten\/#primaryimage\"},\"thumbnailUrl\":\"https:\/\/www.sonnenseite.com\/wp-content\/uploads\/2021\/12\/Solarzellen_catalby.jpg\",\"datePublished\":\"2024-08-15T00:56:00+00:00\",\"dateModified\":\"2024-08-26T15:32:26+00:00\",\"description\":\"Solarenergie in Deutschland boomt \u2013 effiziente Integration ins Stromsystem wird wichtiger. Ausbau von Photovoltaikanlagen liegt derzeit \u00fcber den Zielen\",\"breadcrumb\":{\"@id\":\"https:\/\/www.sonnenseite.com\/de\/energie\/ausbau-der-solarenergie-viel-licht-aber-auch-schatten\/#breadcrumb\"},\"inLanguage\":\"de\",\"potentialAction\":[{\"@type\":\"ReadAction\",\"target\":[\"https:\/\/www.sonnenseite.com\/de\/energie\/ausbau-der-solarenergie-viel-licht-aber-auch-schatten\/\"]}]},{\"@type\":\"ImageObject\",\"inLanguage\":\"de\",\"@id\":\"https:\/\/www.sonnenseite.com\/de\/energie\/ausbau-der-solarenergie-viel-licht-aber-auch-schatten\/#primaryimage\",\"url\":\"https:\/\/www.sonnenseite.com\/wp-content\/uploads\/2021\/12\/Solarzellen_catalby.jpg\",\"contentUrl\":\"https:\/\/www.sonnenseite.com\/wp-content\/uploads\/2021\/12\/Solarzellen_catalby.jpg\",\"width\":770,\"height\":420,\"caption\":\"Depositphotos.com | catalby | Symbolbild\"},{\"@type\":\"BreadcrumbList\",\"@id\":\"https:\/\/www.sonnenseite.com\/de\/energie\/ausbau-der-solarenergie-viel-licht-aber-auch-schatten\/#breadcrumb\",\"itemListElement\":[{\"@type\":\"ListItem\",\"position\":1,\"name\":\"Startseite\",\"item\":\"https:\/\/www.sonnenseite.com\/de\/\"},{\"@type\":\"ListItem\",\"position\":2,\"name\":\"Ausbau der Solarenergie: viel Licht, aber auch Schatten\"}]},{\"@type\":\"WebSite\",\"@id\":\"https:\/\/www.sonnenseite.com\/de\/#website\",\"url\":\"https:\/\/www.sonnenseite.com\/de\/\",\"name\":\"Sonnenseite\",\"description\":\"\u00d6kologische Kommunikation mit Franz Alt\",\"publisher\":{\"@id\":\"https:\/\/www.sonnenseite.com\/de\/#organization\"},\"potentialAction\":[{\"@type\":\"SearchAction\",\"target\":{\"@type\":\"EntryPoint\",\"urlTemplate\":\"https:\/\/www.sonnenseite.com\/de\/?s={search_term_string}\"},\"query-input\":{\"@type\":\"PropertyValueSpecification\",\"valueRequired\":true,\"valueName\":\"search_term_string\"}}],\"inLanguage\":\"de\"},{\"@type\":\"Organization\",\"@id\":\"https:\/\/www.sonnenseite.com\/de\/#organization\",\"name\":\"Sonnenseite\",\"url\":\"https:\/\/www.sonnenseite.com\/de\/\",\"logo\":{\"@type\":\"ImageObject\",\"inLanguage\":\"de\",\"@id\":\"https:\/\/www.sonnenseite.com\/de\/#\/schema\/logo\/image\/\",\"url\":\"https:\/\/www.sonnenseite.com\/wp-content\/uploads\/2020\/05\/Sonnenseite_Logo.png\",\"contentUrl\":\"https:\/\/www.sonnenseite.com\/wp-content\/uploads\/2020\/05\/Sonnenseite_Logo.png\",\"width\":377,\"height\":90,\"caption\":\"Sonnenseite\"},\"image\":{\"@id\":\"https:\/\/www.sonnenseite.com\/de\/#\/schema\/logo\/image\/\"},\"sameAs\":[\"https:\/\/www.facebook.com\/pages\/Franz-Alt-SONNENSEITECOM\/221072987903953?fref=ts\",\"https:\/\/x.com\/franzalt\",\"http:\/\/www.youtube.com\/results?search_query&amp;amp;quot;franz_alt&amp;amp;quot;&amp;amp;amp;amp;search_type&amp;amp;amp;amp;aq=f\"]},{\"@type\":\"Person\",\"@id\":\"https:\/\/www.sonnenseite.com\/de\/#\/schema\/person\/50fda0e926597684c7cc6695238a4eb9\",\"name\":\"Bigi Alt\"}]}<\/script>\n<!-- \/ Yoast SEO plugin. -->","yoast_head_json":{"title":"Ausbau der Solarenergie: viel Licht, aber auch Schatten - Sonnenseite - \u00d6kologische Kommunikation mit Franz Alt","description":"Solarenergie in Deutschland boomt \u2013 effiziente Integration ins Stromsystem wird wichtiger. Ausbau von Photovoltaikanlagen liegt derzeit \u00fcber den Zielen","robots":{"index":"index","follow":"follow","max-snippet":"max-snippet:-1","max-image-preview":"max-image-preview:large","max-video-preview":"max-video-preview:-1"},"canonical":"https:\/\/www.sonnenseite.com\/de\/energie\/ausbau-der-solarenergie-viel-licht-aber-auch-schatten\/","og_locale":"de_DE","og_type":"article","og_title":"Ausbau der Solarenergie: viel Licht, aber auch Schatten - Sonnenseite - \u00d6kologische Kommunikation mit Franz Alt","og_description":"Solarenergie in Deutschland boomt \u2013 effiziente Integration ins Stromsystem wird wichtiger. Ausbau von Photovoltaikanlagen liegt derzeit \u00fcber den Zielen","og_url":"https:\/\/www.sonnenseite.com\/de\/energie\/ausbau-der-solarenergie-viel-licht-aber-auch-schatten\/","og_site_name":"Sonnenseite","article_publisher":"https:\/\/www.facebook.com\/pages\/Franz-Alt-SONNENSEITECOM\/221072987903953?fref=ts","article_published_time":"2024-08-15T00:56:00+00:00","article_modified_time":"2024-08-26T15:32:26+00:00","og_image":[{"width":770,"height":420,"url":"https:\/\/www.sonnenseite.com\/wp-content\/uploads\/2021\/12\/Solarzellen_catalby.jpg","type":"image\/jpeg"}],"author":"Bigi Alt","twitter_card":"summary_large_image","twitter_creator":"@franzalt","twitter_site":"@franzalt","twitter_misc":{"Verfasst von":"Bigi Alt","Gesch\u00e4tzte Lesezeit":"4\u00a0Minuten"},"schema":{"@context":"https:\/\/schema.org","@graph":[{"@type":"Article","@id":"https:\/\/www.sonnenseite.com\/de\/energie\/ausbau-der-solarenergie-viel-licht-aber-auch-schatten\/#article","isPartOf":{"@id":"https:\/\/www.sonnenseite.com\/de\/energie\/ausbau-der-solarenergie-viel-licht-aber-auch-schatten\/"},"author":{"name":"Bigi Alt","@id":"https:\/\/www.sonnenseite.com\/de\/#\/schema\/person\/50fda0e926597684c7cc6695238a4eb9"},"headline":"Ausbau der Solarenergie: viel Licht, aber auch Schatten","datePublished":"2024-08-15T00:56:00+00:00","dateModified":"2024-08-26T15:32:26+00:00","mainEntityOfPage":{"@id":"https:\/\/www.sonnenseite.com\/de\/energie\/ausbau-der-solarenergie-viel-licht-aber-auch-schatten\/"},"wordCount":636,"publisher":{"@id":"https:\/\/www.sonnenseite.com\/de\/#organization"},"image":{"@id":"https:\/\/www.sonnenseite.com\/de\/energie\/ausbau-der-solarenergie-viel-licht-aber-auch-schatten\/#primaryimage"},"thumbnailUrl":"https:\/\/www.sonnenseite.com\/wp-content\/uploads\/2021\/12\/Solarzellen_catalby.jpg","articleSection":["Energie"],"inLanguage":"de"},{"@type":"WebPage","@id":"https:\/\/www.sonnenseite.com\/de\/energie\/ausbau-der-solarenergie-viel-licht-aber-auch-schatten\/","url":"https:\/\/www.sonnenseite.com\/de\/energie\/ausbau-der-solarenergie-viel-licht-aber-auch-schatten\/","name":"Ausbau der Solarenergie: viel Licht, aber auch Schatten - Sonnenseite - \u00d6kologische Kommunikation mit Franz Alt","isPartOf":{"@id":"https:\/\/www.sonnenseite.com\/de\/#website"},"primaryImageOfPage":{"@id":"https:\/\/www.sonnenseite.com\/de\/energie\/ausbau-der-solarenergie-viel-licht-aber-auch-schatten\/#primaryimage"},"image":{"@id":"https:\/\/www.sonnenseite.com\/de\/energie\/ausbau-der-solarenergie-viel-licht-aber-auch-schatten\/#primaryimage"},"thumbnailUrl":"https:\/\/www.sonnenseite.com\/wp-content\/uploads\/2021\/12\/Solarzellen_catalby.jpg","datePublished":"2024-08-15T00:56:00+00:00","dateModified":"2024-08-26T15:32:26+00:00","description":"Solarenergie in Deutschland boomt \u2013 effiziente Integration ins Stromsystem wird wichtiger. Ausbau von Photovoltaikanlagen liegt derzeit \u00fcber den Zielen","breadcrumb":{"@id":"https:\/\/www.sonnenseite.com\/de\/energie\/ausbau-der-solarenergie-viel-licht-aber-auch-schatten\/#breadcrumb"},"inLanguage":"de","potentialAction":[{"@type":"ReadAction","target":["https:\/\/www.sonnenseite.com\/de\/energie\/ausbau-der-solarenergie-viel-licht-aber-auch-schatten\/"]}]},{"@type":"ImageObject","inLanguage":"de","@id":"https:\/\/www.sonnenseite.com\/de\/energie\/ausbau-der-solarenergie-viel-licht-aber-auch-schatten\/#primaryimage","url":"https:\/\/www.sonnenseite.com\/wp-content\/uploads\/2021\/12\/Solarzellen_catalby.jpg","contentUrl":"https:\/\/www.sonnenseite.com\/wp-content\/uploads\/2021\/12\/Solarzellen_catalby.jpg","width":770,"height":420,"caption":"Depositphotos.com | catalby | Symbolbild"},{"@type":"BreadcrumbList","@id":"https:\/\/www.sonnenseite.com\/de\/energie\/ausbau-der-solarenergie-viel-licht-aber-auch-schatten\/#breadcrumb","itemListElement":[{"@type":"ListItem","position":1,"name":"Startseite","item":"https:\/\/www.sonnenseite.com\/de\/"},{"@type":"ListItem","position":2,"name":"Ausbau der Solarenergie: viel Licht, aber auch Schatten"}]},{"@type":"WebSite","@id":"https:\/\/www.sonnenseite.com\/de\/#website","url":"https:\/\/www.sonnenseite.com\/de\/","name":"Sonnenseite","description":"\u00d6kologische Kommunikation mit Franz Alt","publisher":{"@id":"https:\/\/www.sonnenseite.com\/de\/#organization"},"potentialAction":[{"@type":"SearchAction","target":{"@type":"EntryPoint","urlTemplate":"https:\/\/www.sonnenseite.com\/de\/?s={search_term_string}"},"query-input":{"@type":"PropertyValueSpecification","valueRequired":true,"valueName":"search_term_string"}}],"inLanguage":"de"},{"@type":"Organization","@id":"https:\/\/www.sonnenseite.com\/de\/#organization","name":"Sonnenseite","url":"https:\/\/www.sonnenseite.com\/de\/","logo":{"@type":"ImageObject","inLanguage":"de","@id":"https:\/\/www.sonnenseite.com\/de\/#\/schema\/logo\/image\/","url":"https:\/\/www.sonnenseite.com\/wp-content\/uploads\/2020\/05\/Sonnenseite_Logo.png","contentUrl":"https:\/\/www.sonnenseite.com\/wp-content\/uploads\/2020\/05\/Sonnenseite_Logo.png","width":377,"height":90,"caption":"Sonnenseite"},"image":{"@id":"https:\/\/www.sonnenseite.com\/de\/#\/schema\/logo\/image\/"},"sameAs":["https:\/\/www.facebook.com\/pages\/Franz-Alt-SONNENSEITECOM\/221072987903953?fref=ts","https:\/\/x.com\/franzalt","http:\/\/www.youtube.com\/results?search_query&amp;amp;quot;franz_alt&amp;amp;quot;&amp;amp;amp;amp;search_type&amp;amp;amp;amp;aq=f"]},{"@type":"Person","@id":"https:\/\/www.sonnenseite.com\/de\/#\/schema\/person\/50fda0e926597684c7cc6695238a4eb9","name":"Bigi Alt"}]}},"_links":{"self":[{"href":"https:\/\/www.sonnenseite.com\/de\/wp-json\/wp\/v2\/posts\/101219","targetHints":{"allow":["GET"]}}],"collection":[{"href":"https:\/\/www.sonnenseite.com\/de\/wp-json\/wp\/v2\/posts"}],"about":[{"href":"https:\/\/www.sonnenseite.com\/de\/wp-json\/wp\/v2\/types\/post"}],"author":[{"embeddable":true,"href":"https:\/\/www.sonnenseite.com\/de\/wp-json\/wp\/v2\/users\/3"}],"replies":[{"embeddable":true,"href":"https:\/\/www.sonnenseite.com\/de\/wp-json\/wp\/v2\/comments?post=101219"}],"version-history":[{"count":4,"href":"https:\/\/www.sonnenseite.com\/de\/wp-json\/wp\/v2\/posts\/101219\/revisions"}],"predecessor-version":[{"id":101227,"href":"https:\/\/www.sonnenseite.com\/de\/wp-json\/wp\/v2\/posts\/101219\/revisions\/101227"}],"wp:featuredmedia":[{"embeddable":true,"href":"https:\/\/www.sonnenseite.com\/de\/wp-json\/wp\/v2\/media\/77702"}],"wp:attachment":[{"href":"https:\/\/www.sonnenseite.com\/de\/wp-json\/wp\/v2\/media?parent=101219"}],"wp:term":[{"taxonomy":"category","embeddable":true,"href":"https:\/\/www.sonnenseite.com\/de\/wp-json\/wp\/v2\/categories?post=101219"},{"taxonomy":"post_tag","embeddable":true,"href":"https:\/\/www.sonnenseite.com\/de\/wp-json\/wp\/v2\/tags?post=101219"}],"curies":[{"name":"wp","href":"https:\/\/api.w.org\/{rel}","templated":true}]}}