{"id":101328,"date":"2024-08-20T10:58:59","date_gmt":"2024-08-20T08:58:59","guid":{"rendered":"https:\/\/www.sonnenseite.com\/?p=101328"},"modified":"2024-08-20T10:59:00","modified_gmt":"2024-08-20T08:59:00","slug":"budget-2025-ampel-transformiert-haushaltsloch-in-den-klimafonds","status":"publish","type":"post","link":"https:\/\/www.sonnenseite.com\/de\/politik\/budget-2025-ampel-transformiert-haushaltsloch-in-den-klimafonds\/","title":{"rendered":"Budget 2025: Ampel transformiert Haushaltsloch in den Klimafonds"},"content":{"rendered":"\n<p>Die Haushalts-&#8222;L\u00fccke&#8220; von zw\u00f6lf Milliarden Euro hat die Koalition in den bereits schwer gebeutelten Klima- und Transformationsfonds verschoben. Der Fonds steht damit 2025 bis zu zwei Dritteln auf unsicheren F\u00fc\u00dfen.<\/p>\n\n\n\n<p>Bei <a href=\"https:\/\/www.tagesschau.de\/eilmeldung\/ampel-einigung-haushalt-100.html\" target=\"_blank\" rel=\"noreferrer noopener\">ihrer Einigung<\/a> am vergangenen Freitag \u00fcber den Haushalt 2025 lie\u00dfen die Ampel-Parteien eine &#8222;L\u00fccke&#8220; von zw\u00f6lf Milliarden Euro offen. Wer sich fragte, wo das klaffende Finanzloch sich wiederfinde, erhielt am Montag teilweise Aufkl\u00e4rung.<\/p>\n\n\n\n<p>Da wurde die&nbsp;\u2013 <em>Klimareporter\u00b0<\/em> vorliegende&nbsp;\u2013 <a href=\"https:\/\/www.klimareporter.de\/images\/dokumente\/2024\/08\/20240816-kabinettsvorlage-hh-2025.pdf\" target=\"_blank\" rel=\"noreferrer noopener\">Kabinettsvorlage<\/a> bekannt, mit der der bereits <a href=\"https:\/\/www.klimareporter.de\/deutschland\/schmerzhafte-kuerzungen-im-klimafonds\" target=\"_blank\" rel=\"noreferrer noopener\">beschlossene Haushalt<\/a> f\u00fcr 2025 nochmals ge\u00e4ndert und speziell im Klima- und Transformationsfonds (<a href=\"https:\/\/de.wikipedia.org\/wiki\/Klima-_und_Transformationsfonds\" target=\"_blank\" rel=\"noreferrer noopener\">KTF<\/a>) einige Milliarden nicht nur hin- und hergeschoben, sondern offenbar auch als Luftbuchungen eingetragen wurden.<\/p>\n\n\n\n<p>In der Vorlage beziffert die Ampel die Ausgaben des KTF im kommenden Jahr auf 34,5 Milliarden Euro. Etwas weniger als die H\u00e4lfte davon, knapp 16 Milliarden, sollen der F\u00f6rderung des Geb\u00e4ude-Klimaschutzes dienen.<\/p>\n\n\n\n<p>Weitere Milliarden sind f\u00fcr die Unterst\u00fctzung der Mikroelektronik, die Entlastung stromintensiver Unternehmen, die klimafreundliche Mobilit\u00e4t und den <a href=\"https:\/\/www.klimareporter.de\/finanzen-wirtschaft\/das-kapital-scheut-den-wasserstoff-noch\" target=\"_blank\" rel=\"noreferrer noopener\">Wasserstoff-Hochlauf<\/a> vorgesehen. Da stellt sich die Frage, ob das alles wirklich den Schutz des Klimas voranbringt.<\/p>\n\n\n\n<h4 class=\"wp-block-heading\">Klimafonds wird um vier Milliarden gek\u00fcrzt<\/h4>\n\n\n\n<p>\u00dcber das Wichtigste schweigt die Koalition sich allerdings weitgehend aus: Wo im KTF-Budget wird gek\u00fcrzt und wo nur umgeschichtet?<\/p>\n\n\n\n<p>Im Vergleich zum Vorjahr werden 2025 die KTF-Ausgaben um etwa vier Milliarden Euro gek\u00fcrzt, bilanziert <a href=\"https:\/\/de.wikipedia.org\/wiki\/Brigitte_Knopf\" target=\"_blank\" rel=\"noreferrer noopener\">Brigitte Knopf<\/a>, Direktorin des neuen Thinktanks <a href=\"https:\/\/zukunft-klimasozial.de\/\" target=\"_blank\" rel=\"noreferrer noopener\">Zukunft Klima Sozial<\/a>. Die K\u00fcrzungen verteilten sich sehr unterschiedlich auf die Programme, bei einigen gebe es starke Einschnitte, andere seien aber auch aufgestockt worden, erkl\u00e4rt die&nbsp;renommierte Klimawissenschaftlerin gegen\u00fcber <em>Klimareporter\u00b0<\/em>.<\/p>\n\n\n\n<p>Am st\u00e4rksten wird die Geb\u00e4udeklimaf\u00f6rderung zur\u00fcckgefahren. Dort werden es 2,3 bis 2,4 Milliarden Euro weniger als 2024 sein, gibt Knopf an. Das zeigt auch eine von der Deutschen Umwelthilfe (DUH) <a href=\"https:\/\/x.com\/eeestaudt\/status\/1825448750187254208\" target=\"_blank\" rel=\"noreferrer noopener\">vorgelegte<\/a> Aufstellung f\u00fcr den Bereich der W\u00e4rme- und Geb\u00e4udepolitik.<\/p>\n\n\n<div class=\"wp-block-image\">\n<figure class=\"aligncenter size-full\"><a href=\"https:\/\/www.sonnenseite.com\/wp-content\/uploads\/2024\/08\/duh-uebersicht-ktf-waerme-gebaeudepolitik.webp\"><img loading=\"lazy\" decoding=\"async\" width=\"985\" height=\"648\" src=\"https:\/\/www.sonnenseite.com\/wp-content\/uploads\/2024\/08\/duh-uebersicht-ktf-waerme-gebaeudepolitik.webp\" alt=\"\" class=\"wp-image-101329\" srcset=\"https:\/\/www.sonnenseite.com\/wp-content\/uploads\/2024\/08\/duh-uebersicht-ktf-waerme-gebaeudepolitik.webp 985w, https:\/\/www.sonnenseite.com\/wp-content\/uploads\/2024\/08\/duh-uebersicht-ktf-waerme-gebaeudepolitik-300x197.webp 300w, https:\/\/www.sonnenseite.com\/wp-content\/uploads\/2024\/08\/duh-uebersicht-ktf-waerme-gebaeudepolitik-768x505.webp 768w\" sizes=\"auto, (max-width: 985px) 100vw, 985px\" \/><\/a><\/figure>\n<\/div>\n\n\n<p>W\u00e4rme- und geb\u00e4udepolitische Haushaltstitel im Klima- und Transformationsfonds der Bundesregierung. (Tabelle: <a href=\"https:\/\/x.com\/eeestaudt\/status\/1825448750187254208\" target=\"_blank\" rel=\"noreferrer noopener\">DUH<\/a>)<\/p>\n\n\n\n<p>Die K\u00fcrzungen in diesem Bereich h\u00e4lt Knopf f\u00fcr besonders problematisch. &#8222;Zum einen geht es mit dem Klimaschutz im Geb\u00e4udesektor nur schleppend voran, zum anderen m\u00fcssen wir einen fossilen Lock\u2011in bei Haushalten vermeiden&#8220;, so ihre Begr\u00fcndung.<\/p>\n\n\n\n<p>Bei der Geb\u00e4udef\u00f6rderung komme es nun noch st\u00e4rker darauf an, die Mittel <a href=\"https:\/\/www.klimareporter.de\/gebaeude\/die-waermewende-muss-eine-soziale-waermewende-sein\" target=\"_blank\" rel=\"noreferrer noopener\">gezielt denjenigen<\/a> zugutekommen zu lassen, die eine F\u00f6rderung <a href=\"https:\/\/www.klimareporter.de\/gebaeude\/wer-die-sanierung-der-haeuser-bezahlen-soll\" target=\"_blank\" rel=\"noreferrer noopener\">wirklich ben\u00f6tigen<\/a>, betont Knopf.<\/p>\n\n\n\n<h4 class=\"wp-block-heading\">Reichere Haushalte w\u00fcrden unter Zuschuss-Stopp nicht leiden<\/h4>\n\n\n\n<p>Statt einer &#8222;Sanierungsrate im Sinkflug&#8220; seien bessere F\u00f6rderkonditionen und eine soziale Reform der Geb\u00e4udef\u00f6rderung n\u00f6tig, fordert DUH-Gesch\u00e4ftsf\u00fchrer <a href=\"https:\/\/de.wikipedia.org\/wiki\/Sascha_M%C3%BCller-Kraenner\" target=\"_blank\" rel=\"noreferrer noopener\">Sascha M\u00fcller-Kraenner<\/a>. Diese F\u00f6rderung m\u00fcsse auf mindestens 25 Milliarden Euro aufgestockt werden. &#8222;Mit der aktuellen Finanzgrundlage verschlie\u00dft die Bundesregierung weiterhin die Augen vor Energiearmut und Wohnungskrise&#8220;, betont M\u00fcller-Kraenner gegen\u00fcber <em>Klimareporter\u00b0<\/em>.<\/p>\n\n\n\n<p>Ein F\u00f6rderstopp, weil das Geld im KTF aufgebraucht ist, h\u00e4tte \u00fcbrigens nicht nur klimapolitische Folgen, machen Fachleute deutlich. Sind die F\u00f6rdert\u00f6pfe leer, fehlen Mittel etwa f\u00fcr die energetische Geb\u00e4udesanierung.<\/p>\n\n\n\n<ul class=\"wp-block-list\">\n<li><a href=\"https:\/\/www.klimareporter.de\/deutschland\/ampel-transformiert-haushaltsloch-in-den-klimafonds\">Hier k\u00f6nnen Sie den Bericht weiterlesen<\/a><\/li>\n<\/ul>\n\n\n<h5 class=\"green\">Quelle<\/h5>\r\n\n\n\n<p>Der Bericht wurde von der\u00a0<a href=\"https:\/\/www.klimareporter.de\/deutschland\/ampel-transformiert-haushaltsloch-in-den-klimafonds\">Redaktion \u201eklimareporter.de\u201c (J\u00f6rg Staude) 2024<\/a>\u00a0verfasst &#8211; der Artikel darf nicht ohne Genehmigung\u00a0(<a href=\"mailto:post@klimareporter.de\">post@klimareporter.de<\/a>) weiterverbreitet werden!\u00a0<\/p>\n<div class=\"shariff shariff-align-flex-start shariff-widget-align-flex-start\"><div class=\"ShariffHeadline\">Diese Meldung teilen<\/div><ul class=\"shariff-buttons theme-round orientation-horizontal buttonsize-medium\"><li class=\"shariff-button facebook shariff-nocustomcolor\" style=\"background-color:#4273c8;border-radius:1%\"><a href=\"https:\/\/www.facebook.com\/sharer\/sharer.php?u=https%3A%2F%2Fwww.sonnenseite.com%2Fde%2Fpolitik%2Fbudget-2025-ampel-transformiert-haushaltsloch-in-den-klimafonds%2F\" title=\"Bei Facebook teilen\" aria-label=\"Bei Facebook teilen\" role=\"button\" rel=\"nofollow\" class=\"shariff-link\" style=\";border-radius:1%; background-color:#3b5998; color:#fff\" target=\"_blank\"><span class=\"shariff-icon\" style=\"\"><svg width=\"32px\" height=\"20px\" xmlns=\"http:\/\/www.w3.org\/2000\/svg\" viewBox=\"0 0 18 32\"><path fill=\"#3b5998\" d=\"M17.1 0.2v4.7h-2.8q-1.5 0-2.1 0.6t-0.5 1.9v3.4h5.2l-0.7 5.3h-4.5v13.6h-5.5v-13.6h-4.5v-5.3h4.5v-3.9q0-3.3 1.9-5.2t5-1.8q2.6 0 4.1 0.2z\"\/><\/svg><\/span><\/a><\/li><li class=\"shariff-button twitter shariff-nocustomcolor\" style=\"background-color:#595959;border-radius:1%\"><a href=\"https:\/\/twitter.com\/share?url=https%3A%2F%2Fwww.sonnenseite.com%2Fde%2Fpolitik%2Fbudget-2025-ampel-transformiert-haushaltsloch-in-den-klimafonds%2F&text=Budget%202025%3A%20Ampel%20transformiert%20Haushaltsloch%20in%20den%20Klimafonds\" title=\"Bei X teilen\" aria-label=\"Bei X teilen\" role=\"button\" rel=\"noopener nofollow\" class=\"shariff-link\" style=\";border-radius:1%; background-color:#000; color:#fff\" target=\"_blank\"><span class=\"shariff-icon\" style=\"\"><svg width=\"32px\" height=\"20px\" xmlns=\"http:\/\/www.w3.org\/2000\/svg\" viewBox=\"0 0 24 24\"><path fill=\"#000\" d=\"M14.258 10.152L23.176 0h-2.113l-7.747 8.813L7.133 0H0l9.352 13.328L0 23.973h2.113l8.176-9.309 6.531 9.309h7.133zm-2.895 3.293l-.949-1.328L2.875 1.56h3.246l6.086 8.523.945 1.328 7.91 11.078h-3.246zm0 0\"\/><\/svg><\/span><\/a><\/li><li class=\"shariff-button xing shariff-nocustomcolor\" style=\"background-color:#29888a;border-radius:1%\"><a href=\"https:\/\/www.xing.com\/spi\/shares\/new?url=https%3A%2F%2Fwww.sonnenseite.com%2Fde%2Fpolitik%2Fbudget-2025-ampel-transformiert-haushaltsloch-in-den-klimafonds%2F\" title=\"Bei XING teilen\" aria-label=\"Bei XING teilen\" role=\"button\" rel=\"noopener nofollow\" class=\"shariff-link\" style=\";border-radius:1%; background-color:#126567; color:#fff\" target=\"_blank\"><span class=\"shariff-icon\" style=\"\"><svg width=\"32px\" height=\"20px\" xmlns=\"http:\/\/www.w3.org\/2000\/svg\" viewBox=\"0 0 25 32\"><path fill=\"#126567\" d=\"M10.7 11.9q-0.2 0.3-4.6 8.2-0.5 0.8-1.2 0.8h-4.3q-0.4 0-0.5-0.3t0-0.6l4.5-8q0 0 0 0l-2.9-5q-0.2-0.4 0-0.7 0.2-0.3 0.5-0.3h4.3q0.7 0 1.2 0.8zM25.1 0.4q0.2 0.3 0 0.7l-9.4 16.7 6 11q0.2 0.4 0 0.6-0.2 0.3-0.6 0.3h-4.3q-0.7 0-1.2-0.8l-6-11.1q0.3-0.6 9.5-16.8 0.4-0.8 1.2-0.8h4.3q0.4 0 0.5 0.3z\"\/><\/svg><\/span><\/a><\/li><li class=\"shariff-button linkedin shariff-nocustomcolor\" style=\"background-color:#1488bf;border-radius:1%\"><a href=\"https:\/\/www.linkedin.com\/sharing\/share-offsite\/?url=https%3A%2F%2Fwww.sonnenseite.com%2Fde%2Fpolitik%2Fbudget-2025-ampel-transformiert-haushaltsloch-in-den-klimafonds%2F\" title=\"Bei LinkedIn teilen\" aria-label=\"Bei LinkedIn teilen\" role=\"button\" rel=\"noopener nofollow\" class=\"shariff-link\" style=\";border-radius:1%; background-color:#0077b5; color:#fff\" target=\"_blank\"><span class=\"shariff-icon\" style=\"\"><svg width=\"32px\" height=\"20px\" xmlns=\"http:\/\/www.w3.org\/2000\/svg\" viewBox=\"0 0 27 32\"><path fill=\"#0077b5\" d=\"M6.2 11.2v17.7h-5.9v-17.7h5.9zM6.6 5.7q0 1.3-0.9 2.2t-2.4 0.9h0q-1.5 0-2.4-0.9t-0.9-2.2 0.9-2.2 2.4-0.9 2.4 0.9 0.9 2.2zM27.4 18.7v10.1h-5.9v-9.5q0-1.9-0.7-2.9t-2.3-1.1q-1.1 0-1.9 0.6t-1.2 1.5q-0.2 0.5-0.2 1.4v9.9h-5.9q0-7.1 0-11.6t0-5.3l0-0.9h5.9v2.6h0q0.4-0.6 0.7-1t1-0.9 1.6-0.8 2-0.3q3 0 4.9 2t1.9 6z\"\/><\/svg><\/span><\/a><\/li><li class=\"shariff-button printer shariff-nocustomcolor\" style=\"background-color:#a8a8a8;border-radius:1%\"><a href=\"javascript:window.print()\" title=\"drucken\" aria-label=\"drucken\" role=\"button\" rel=\"noopener nofollow\" class=\"shariff-link\" style=\";border-radius:1%; background-color:#999; color:#fff\"><span class=\"shariff-icon\" style=\"\"><svg width=\"32px\" height=\"20px\" xmlns=\"http:\/\/www.w3.org\/2000\/svg\" viewBox=\"0 0 30 32\"><path fill=\"#999\" d=\"M6.8 27.4h16v-4.6h-16v4.6zM6.8 16h16v-6.8h-2.8q-0.7 0-1.2-0.5t-0.5-1.2v-2.8h-11.4v11.4zM27.4 17.2q0-0.5-0.3-0.8t-0.8-0.4-0.8 0.4-0.3 0.8 0.3 0.8 0.8 0.3 0.8-0.3 0.3-0.8zM29.7 17.2v7.4q0 0.2-0.2 0.4t-0.4 0.2h-4v2.8q0 0.7-0.5 1.2t-1.2 0.5h-17.2q-0.7 0-1.2-0.5t-0.5-1.2v-2.8h-4q-0.2 0-0.4-0.2t-0.2-0.4v-7.4q0-1.4 1-2.4t2.4-1h1.2v-9.7q0-0.7 0.5-1.2t1.2-0.5h12q0.7 0 1.6 0.4t1.3 0.8l2.7 2.7q0.5 0.5 0.9 1.4t0.4 1.6v4.6h1.1q1.4 0 2.4 1t1 2.4z\"\/><\/svg><\/span><\/a><\/li><li class=\"shariff-button mailto shariff-nocustomcolor\" style=\"background-color:#a8a8a8;border-radius:1%\"><a href=\"mailto:?body=https%3A%2F%2Fwww.sonnenseite.com%2Fde%2Fpolitik%2Fbudget-2025-ampel-transformiert-haushaltsloch-in-den-klimafonds%2F&subject=Budget%202025%3A%20Ampel%20transformiert%20Haushaltsloch%20in%20den%20Klimafonds\" title=\"Per E-Mail versenden\" aria-label=\"Per E-Mail versenden\" role=\"button\" rel=\"noopener nofollow\" class=\"shariff-link\" style=\";border-radius:1%; background-color:#999; color:#fff\"><span class=\"shariff-icon\" style=\"\"><svg width=\"32px\" height=\"20px\" xmlns=\"http:\/\/www.w3.org\/2000\/svg\" viewBox=\"0 0 32 32\"><path fill=\"#999\" d=\"M32 12.7v14.2q0 1.2-0.8 2t-2 0.9h-26.3q-1.2 0-2-0.9t-0.8-2v-14.2q0.8 0.9 1.8 1.6 6.5 4.4 8.9 6.1 1 0.8 1.6 1.2t1.7 0.9 2 0.4h0.1q0.9 0 2-0.4t1.7-0.9 1.6-1.2q3-2.2 8.9-6.1 1-0.7 1.8-1.6zM32 7.4q0 1.4-0.9 2.7t-2.2 2.2q-6.7 4.7-8.4 5.8-0.2 0.1-0.7 0.5t-1 0.7-0.9 0.6-1.1 0.5-0.9 0.2h-0.1q-0.4 0-0.9-0.2t-1.1-0.5-0.9-0.6-1-0.7-0.7-0.5q-1.6-1.1-4.7-3.2t-3.6-2.6q-1.1-0.7-2.1-2t-1-2.5q0-1.4 0.7-2.3t2.1-0.9h26.3q1.2 0 2 0.8t0.9 2z\"\/><\/svg><\/span><\/a><\/li><\/ul><\/div>","protected":false},"excerpt":{"rendered":"<p>Die Haushalts-&#8222;L\u00fccke&#8220; von zw\u00f6lf Milliarden Euro hat die Koalition in den bereits schwer gebeutelten Klima- und [&hellip;]<\/p>\n","protected":false},"author":3,"featured_media":6006,"comment_status":"closed","ping_status":"closed","sticky":false,"template":"","format":"standard","meta":{"inline_featured_image":false,"footnotes":""},"categories":[21],"tags":[],"class_list":["post-101328","post","type-post","status-publish","format-standard","has-post-thumbnail","hentry","category-politik"],"yoast_head":"<!-- This site is optimized with the Yoast SEO plugin v26.5 - https:\/\/yoast.com\/wordpress\/plugins\/seo\/ -->\n<title>Budget 2025: Ampel transformiert Haushaltsloch in den Klimafonds - Sonnenseite - \u00d6kologische Kommunikation mit Franz Alt<\/title>\n<meta name=\"description\" content=\"Die Haushalts-&quot;L\u00fccke&quot; von zw\u00f6lf Milliarden Euro hat die Koalition in den bereits schwer gebeutelten Klima- und Transformationsfonds verschoben. Der Fonds\" \/>\n<meta name=\"robots\" content=\"index, follow, max-snippet:-1, max-image-preview:large, max-video-preview:-1\" \/>\n<link rel=\"canonical\" href=\"https:\/\/www.sonnenseite.com\/de\/politik\/budget-2025-ampel-transformiert-haushaltsloch-in-den-klimafonds\/\" \/>\n<meta property=\"og:locale\" content=\"de_DE\" \/>\n<meta property=\"og:type\" content=\"article\" \/>\n<meta property=\"og:title\" content=\"Budget 2025: Ampel transformiert Haushaltsloch in den Klimafonds - Sonnenseite - \u00d6kologische Kommunikation mit Franz Alt\" \/>\n<meta property=\"og:description\" content=\"Die Haushalts-&quot;L\u00fccke&quot; von zw\u00f6lf Milliarden Euro hat die Koalition in den bereits schwer gebeutelten Klima- und Transformationsfonds verschoben. Der Fonds\" \/>\n<meta property=\"og:url\" content=\"https:\/\/www.sonnenseite.com\/de\/politik\/budget-2025-ampel-transformiert-haushaltsloch-in-den-klimafonds\/\" \/>\n<meta property=\"og:site_name\" content=\"Sonnenseite\" \/>\n<meta property=\"article:publisher\" content=\"https:\/\/www.facebook.com\/pages\/Franz-Alt-SONNENSEITECOM\/221072987903953?fref=ts\" \/>\n<meta property=\"article:published_time\" content=\"2024-08-20T08:58:59+00:00\" \/>\n<meta property=\"article:modified_time\" content=\"2024-08-20T08:59:00+00:00\" \/>\n<meta property=\"og:image\" content=\"https:\/\/www.sonnenseite.com\/wp-content\/uploads\/2019\/10\/Geld_gruen_geralt.jpg\" \/>\n\t<meta property=\"og:image:width\" content=\"770\" \/>\n\t<meta property=\"og:image:height\" content=\"420\" \/>\n\t<meta property=\"og:image:type\" content=\"image\/jpeg\" \/>\n<meta name=\"author\" content=\"Bigi Alt\" \/>\n<meta name=\"twitter:card\" content=\"summary_large_image\" \/>\n<meta name=\"twitter:creator\" content=\"@franzalt\" \/>\n<meta name=\"twitter:site\" content=\"@franzalt\" \/>\n<meta name=\"twitter:label1\" content=\"Verfasst von\" \/>\n\t<meta name=\"twitter:data1\" content=\"Bigi Alt\" \/>\n\t<meta name=\"twitter:label2\" content=\"Gesch\u00e4tzte Lesezeit\" \/>\n\t<meta name=\"twitter:data2\" content=\"3\u00a0Minuten\" \/>\n<script type=\"application\/ld+json\" class=\"yoast-schema-graph\">{\"@context\":\"https:\/\/schema.org\",\"@graph\":[{\"@type\":\"Article\",\"@id\":\"https:\/\/www.sonnenseite.com\/de\/politik\/budget-2025-ampel-transformiert-haushaltsloch-in-den-klimafonds\/#article\",\"isPartOf\":{\"@id\":\"https:\/\/www.sonnenseite.com\/de\/politik\/budget-2025-ampel-transformiert-haushaltsloch-in-den-klimafonds\/\"},\"author\":{\"name\":\"Bigi Alt\",\"@id\":\"https:\/\/www.sonnenseite.com\/de\/#\/schema\/person\/50fda0e926597684c7cc6695238a4eb9\"},\"headline\":\"Budget 2025: Ampel transformiert Haushaltsloch in den Klimafonds\",\"datePublished\":\"2024-08-20T08:58:59+00:00\",\"dateModified\":\"2024-08-20T08:59:00+00:00\",\"mainEntityOfPage\":{\"@id\":\"https:\/\/www.sonnenseite.com\/de\/politik\/budget-2025-ampel-transformiert-haushaltsloch-in-den-klimafonds\/\"},\"wordCount\":529,\"publisher\":{\"@id\":\"https:\/\/www.sonnenseite.com\/de\/#organization\"},\"image\":{\"@id\":\"https:\/\/www.sonnenseite.com\/de\/politik\/budget-2025-ampel-transformiert-haushaltsloch-in-den-klimafonds\/#primaryimage\"},\"thumbnailUrl\":\"https:\/\/www.sonnenseite.com\/wp-content\/uploads\/2019\/10\/Geld_gruen_geralt.jpg\",\"articleSection\":[\"Politik\"],\"inLanguage\":\"de\"},{\"@type\":\"WebPage\",\"@id\":\"https:\/\/www.sonnenseite.com\/de\/politik\/budget-2025-ampel-transformiert-haushaltsloch-in-den-klimafonds\/\",\"url\":\"https:\/\/www.sonnenseite.com\/de\/politik\/budget-2025-ampel-transformiert-haushaltsloch-in-den-klimafonds\/\",\"name\":\"Budget 2025: Ampel transformiert Haushaltsloch in den Klimafonds - Sonnenseite - \u00d6kologische Kommunikation mit Franz Alt\",\"isPartOf\":{\"@id\":\"https:\/\/www.sonnenseite.com\/de\/#website\"},\"primaryImageOfPage\":{\"@id\":\"https:\/\/www.sonnenseite.com\/de\/politik\/budget-2025-ampel-transformiert-haushaltsloch-in-den-klimafonds\/#primaryimage\"},\"image\":{\"@id\":\"https:\/\/www.sonnenseite.com\/de\/politik\/budget-2025-ampel-transformiert-haushaltsloch-in-den-klimafonds\/#primaryimage\"},\"thumbnailUrl\":\"https:\/\/www.sonnenseite.com\/wp-content\/uploads\/2019\/10\/Geld_gruen_geralt.jpg\",\"datePublished\":\"2024-08-20T08:58:59+00:00\",\"dateModified\":\"2024-08-20T08:59:00+00:00\",\"description\":\"Die Haushalts-\\\"L\u00fccke\\\" von zw\u00f6lf Milliarden Euro hat die Koalition in den bereits schwer gebeutelten Klima- und Transformationsfonds verschoben. Der Fonds\",\"breadcrumb\":{\"@id\":\"https:\/\/www.sonnenseite.com\/de\/politik\/budget-2025-ampel-transformiert-haushaltsloch-in-den-klimafonds\/#breadcrumb\"},\"inLanguage\":\"de\",\"potentialAction\":[{\"@type\":\"ReadAction\",\"target\":[\"https:\/\/www.sonnenseite.com\/de\/politik\/budget-2025-ampel-transformiert-haushaltsloch-in-den-klimafonds\/\"]}]},{\"@type\":\"ImageObject\",\"inLanguage\":\"de\",\"@id\":\"https:\/\/www.sonnenseite.com\/de\/politik\/budget-2025-ampel-transformiert-haushaltsloch-in-den-klimafonds\/#primaryimage\",\"url\":\"https:\/\/www.sonnenseite.com\/wp-content\/uploads\/2019\/10\/Geld_gruen_geralt.jpg\",\"contentUrl\":\"https:\/\/www.sonnenseite.com\/wp-content\/uploads\/2019\/10\/Geld_gruen_geralt.jpg\",\"width\":770,\"height\":420,\"caption\":\"pixabay.com | geralt\"},{\"@type\":\"BreadcrumbList\",\"@id\":\"https:\/\/www.sonnenseite.com\/de\/politik\/budget-2025-ampel-transformiert-haushaltsloch-in-den-klimafonds\/#breadcrumb\",\"itemListElement\":[{\"@type\":\"ListItem\",\"position\":1,\"name\":\"Startseite\",\"item\":\"https:\/\/www.sonnenseite.com\/de\/\"},{\"@type\":\"ListItem\",\"position\":2,\"name\":\"Budget 2025: Ampel transformiert Haushaltsloch in den Klimafonds\"}]},{\"@type\":\"WebSite\",\"@id\":\"https:\/\/www.sonnenseite.com\/de\/#website\",\"url\":\"https:\/\/www.sonnenseite.com\/de\/\",\"name\":\"Sonnenseite\",\"description\":\"\u00d6kologische Kommunikation mit Franz Alt\",\"publisher\":{\"@id\":\"https:\/\/www.sonnenseite.com\/de\/#organization\"},\"potentialAction\":[{\"@type\":\"SearchAction\",\"target\":{\"@type\":\"EntryPoint\",\"urlTemplate\":\"https:\/\/www.sonnenseite.com\/de\/?s={search_term_string}\"},\"query-input\":{\"@type\":\"PropertyValueSpecification\",\"valueRequired\":true,\"valueName\":\"search_term_string\"}}],\"inLanguage\":\"de\"},{\"@type\":\"Organization\",\"@id\":\"https:\/\/www.sonnenseite.com\/de\/#organization\",\"name\":\"Sonnenseite\",\"url\":\"https:\/\/www.sonnenseite.com\/de\/\",\"logo\":{\"@type\":\"ImageObject\",\"inLanguage\":\"de\",\"@id\":\"https:\/\/www.sonnenseite.com\/de\/#\/schema\/logo\/image\/\",\"url\":\"https:\/\/www.sonnenseite.com\/wp-content\/uploads\/2020\/05\/Sonnenseite_Logo.png\",\"contentUrl\":\"https:\/\/www.sonnenseite.com\/wp-content\/uploads\/2020\/05\/Sonnenseite_Logo.png\",\"width\":377,\"height\":90,\"caption\":\"Sonnenseite\"},\"image\":{\"@id\":\"https:\/\/www.sonnenseite.com\/de\/#\/schema\/logo\/image\/\"},\"sameAs\":[\"https:\/\/www.facebook.com\/pages\/Franz-Alt-SONNENSEITECOM\/221072987903953?fref=ts\",\"https:\/\/x.com\/franzalt\",\"http:\/\/www.youtube.com\/results?search_query&amp;amp;quot;franz_alt&amp;amp;quot;&amp;amp;amp;amp;search_type&amp;amp;amp;amp;aq=f\"]},{\"@type\":\"Person\",\"@id\":\"https:\/\/www.sonnenseite.com\/de\/#\/schema\/person\/50fda0e926597684c7cc6695238a4eb9\",\"name\":\"Bigi Alt\"}]}<\/script>\n<!-- \/ Yoast SEO plugin. -->","yoast_head_json":{"title":"Budget 2025: Ampel transformiert Haushaltsloch in den Klimafonds - Sonnenseite - \u00d6kologische Kommunikation mit Franz Alt","description":"Die Haushalts-\"L\u00fccke\" von zw\u00f6lf Milliarden Euro hat die Koalition in den bereits schwer gebeutelten Klima- und Transformationsfonds verschoben. Der Fonds","robots":{"index":"index","follow":"follow","max-snippet":"max-snippet:-1","max-image-preview":"max-image-preview:large","max-video-preview":"max-video-preview:-1"},"canonical":"https:\/\/www.sonnenseite.com\/de\/politik\/budget-2025-ampel-transformiert-haushaltsloch-in-den-klimafonds\/","og_locale":"de_DE","og_type":"article","og_title":"Budget 2025: Ampel transformiert Haushaltsloch in den Klimafonds - Sonnenseite - \u00d6kologische Kommunikation mit Franz Alt","og_description":"Die Haushalts-\"L\u00fccke\" von zw\u00f6lf Milliarden Euro hat die Koalition in den bereits schwer gebeutelten Klima- und Transformationsfonds verschoben. Der Fonds","og_url":"https:\/\/www.sonnenseite.com\/de\/politik\/budget-2025-ampel-transformiert-haushaltsloch-in-den-klimafonds\/","og_site_name":"Sonnenseite","article_publisher":"https:\/\/www.facebook.com\/pages\/Franz-Alt-SONNENSEITECOM\/221072987903953?fref=ts","article_published_time":"2024-08-20T08:58:59+00:00","article_modified_time":"2024-08-20T08:59:00+00:00","og_image":[{"width":770,"height":420,"url":"https:\/\/www.sonnenseite.com\/wp-content\/uploads\/2019\/10\/Geld_gruen_geralt.jpg","type":"image\/jpeg"}],"author":"Bigi Alt","twitter_card":"summary_large_image","twitter_creator":"@franzalt","twitter_site":"@franzalt","twitter_misc":{"Verfasst von":"Bigi Alt","Gesch\u00e4tzte Lesezeit":"3\u00a0Minuten"},"schema":{"@context":"https:\/\/schema.org","@graph":[{"@type":"Article","@id":"https:\/\/www.sonnenseite.com\/de\/politik\/budget-2025-ampel-transformiert-haushaltsloch-in-den-klimafonds\/#article","isPartOf":{"@id":"https:\/\/www.sonnenseite.com\/de\/politik\/budget-2025-ampel-transformiert-haushaltsloch-in-den-klimafonds\/"},"author":{"name":"Bigi Alt","@id":"https:\/\/www.sonnenseite.com\/de\/#\/schema\/person\/50fda0e926597684c7cc6695238a4eb9"},"headline":"Budget 2025: Ampel transformiert Haushaltsloch in den Klimafonds","datePublished":"2024-08-20T08:58:59+00:00","dateModified":"2024-08-20T08:59:00+00:00","mainEntityOfPage":{"@id":"https:\/\/www.sonnenseite.com\/de\/politik\/budget-2025-ampel-transformiert-haushaltsloch-in-den-klimafonds\/"},"wordCount":529,"publisher":{"@id":"https:\/\/www.sonnenseite.com\/de\/#organization"},"image":{"@id":"https:\/\/www.sonnenseite.com\/de\/politik\/budget-2025-ampel-transformiert-haushaltsloch-in-den-klimafonds\/#primaryimage"},"thumbnailUrl":"https:\/\/www.sonnenseite.com\/wp-content\/uploads\/2019\/10\/Geld_gruen_geralt.jpg","articleSection":["Politik"],"inLanguage":"de"},{"@type":"WebPage","@id":"https:\/\/www.sonnenseite.com\/de\/politik\/budget-2025-ampel-transformiert-haushaltsloch-in-den-klimafonds\/","url":"https:\/\/www.sonnenseite.com\/de\/politik\/budget-2025-ampel-transformiert-haushaltsloch-in-den-klimafonds\/","name":"Budget 2025: Ampel transformiert Haushaltsloch in den Klimafonds - Sonnenseite - \u00d6kologische Kommunikation mit Franz Alt","isPartOf":{"@id":"https:\/\/www.sonnenseite.com\/de\/#website"},"primaryImageOfPage":{"@id":"https:\/\/www.sonnenseite.com\/de\/politik\/budget-2025-ampel-transformiert-haushaltsloch-in-den-klimafonds\/#primaryimage"},"image":{"@id":"https:\/\/www.sonnenseite.com\/de\/politik\/budget-2025-ampel-transformiert-haushaltsloch-in-den-klimafonds\/#primaryimage"},"thumbnailUrl":"https:\/\/www.sonnenseite.com\/wp-content\/uploads\/2019\/10\/Geld_gruen_geralt.jpg","datePublished":"2024-08-20T08:58:59+00:00","dateModified":"2024-08-20T08:59:00+00:00","description":"Die Haushalts-\"L\u00fccke\" von zw\u00f6lf Milliarden Euro hat die Koalition in den bereits schwer gebeutelten Klima- und Transformationsfonds verschoben. Der Fonds","breadcrumb":{"@id":"https:\/\/www.sonnenseite.com\/de\/politik\/budget-2025-ampel-transformiert-haushaltsloch-in-den-klimafonds\/#breadcrumb"},"inLanguage":"de","potentialAction":[{"@type":"ReadAction","target":["https:\/\/www.sonnenseite.com\/de\/politik\/budget-2025-ampel-transformiert-haushaltsloch-in-den-klimafonds\/"]}]},{"@type":"ImageObject","inLanguage":"de","@id":"https:\/\/www.sonnenseite.com\/de\/politik\/budget-2025-ampel-transformiert-haushaltsloch-in-den-klimafonds\/#primaryimage","url":"https:\/\/www.sonnenseite.com\/wp-content\/uploads\/2019\/10\/Geld_gruen_geralt.jpg","contentUrl":"https:\/\/www.sonnenseite.com\/wp-content\/uploads\/2019\/10\/Geld_gruen_geralt.jpg","width":770,"height":420,"caption":"pixabay.com | geralt"},{"@type":"BreadcrumbList","@id":"https:\/\/www.sonnenseite.com\/de\/politik\/budget-2025-ampel-transformiert-haushaltsloch-in-den-klimafonds\/#breadcrumb","itemListElement":[{"@type":"ListItem","position":1,"name":"Startseite","item":"https:\/\/www.sonnenseite.com\/de\/"},{"@type":"ListItem","position":2,"name":"Budget 2025: Ampel transformiert Haushaltsloch in den Klimafonds"}]},{"@type":"WebSite","@id":"https:\/\/www.sonnenseite.com\/de\/#website","url":"https:\/\/www.sonnenseite.com\/de\/","name":"Sonnenseite","description":"\u00d6kologische Kommunikation mit Franz Alt","publisher":{"@id":"https:\/\/www.sonnenseite.com\/de\/#organization"},"potentialAction":[{"@type":"SearchAction","target":{"@type":"EntryPoint","urlTemplate":"https:\/\/www.sonnenseite.com\/de\/?s={search_term_string}"},"query-input":{"@type":"PropertyValueSpecification","valueRequired":true,"valueName":"search_term_string"}}],"inLanguage":"de"},{"@type":"Organization","@id":"https:\/\/www.sonnenseite.com\/de\/#organization","name":"Sonnenseite","url":"https:\/\/www.sonnenseite.com\/de\/","logo":{"@type":"ImageObject","inLanguage":"de","@id":"https:\/\/www.sonnenseite.com\/de\/#\/schema\/logo\/image\/","url":"https:\/\/www.sonnenseite.com\/wp-content\/uploads\/2020\/05\/Sonnenseite_Logo.png","contentUrl":"https:\/\/www.sonnenseite.com\/wp-content\/uploads\/2020\/05\/Sonnenseite_Logo.png","width":377,"height":90,"caption":"Sonnenseite"},"image":{"@id":"https:\/\/www.sonnenseite.com\/de\/#\/schema\/logo\/image\/"},"sameAs":["https:\/\/www.facebook.com\/pages\/Franz-Alt-SONNENSEITECOM\/221072987903953?fref=ts","https:\/\/x.com\/franzalt","http:\/\/www.youtube.com\/results?search_query&amp;amp;quot;franz_alt&amp;amp;quot;&amp;amp;amp;amp;search_type&amp;amp;amp;amp;aq=f"]},{"@type":"Person","@id":"https:\/\/www.sonnenseite.com\/de\/#\/schema\/person\/50fda0e926597684c7cc6695238a4eb9","name":"Bigi Alt"}]}},"_links":{"self":[{"href":"https:\/\/www.sonnenseite.com\/de\/wp-json\/wp\/v2\/posts\/101328","targetHints":{"allow":["GET"]}}],"collection":[{"href":"https:\/\/www.sonnenseite.com\/de\/wp-json\/wp\/v2\/posts"}],"about":[{"href":"https:\/\/www.sonnenseite.com\/de\/wp-json\/wp\/v2\/types\/post"}],"author":[{"embeddable":true,"href":"https:\/\/www.sonnenseite.com\/de\/wp-json\/wp\/v2\/users\/3"}],"replies":[{"embeddable":true,"href":"https:\/\/www.sonnenseite.com\/de\/wp-json\/wp\/v2\/comments?post=101328"}],"version-history":[{"count":1,"href":"https:\/\/www.sonnenseite.com\/de\/wp-json\/wp\/v2\/posts\/101328\/revisions"}],"predecessor-version":[{"id":101331,"href":"https:\/\/www.sonnenseite.com\/de\/wp-json\/wp\/v2\/posts\/101328\/revisions\/101331"}],"wp:featuredmedia":[{"embeddable":true,"href":"https:\/\/www.sonnenseite.com\/de\/wp-json\/wp\/v2\/media\/6006"}],"wp:attachment":[{"href":"https:\/\/www.sonnenseite.com\/de\/wp-json\/wp\/v2\/media?parent=101328"}],"wp:term":[{"taxonomy":"category","embeddable":true,"href":"https:\/\/www.sonnenseite.com\/de\/wp-json\/wp\/v2\/categories?post=101328"},{"taxonomy":"post_tag","embeddable":true,"href":"https:\/\/www.sonnenseite.com\/de\/wp-json\/wp\/v2\/tags?post=101328"}],"curies":[{"name":"wp","href":"https:\/\/api.w.org\/{rel}","templated":true}]}}