{"id":101549,"date":"2024-09-28T17:21:00","date_gmt":"2024-09-28T15:21:00","guid":{"rendered":"https:\/\/www.sonnenseite.com\/?p=101549"},"modified":"2024-10-13T08:52:06","modified_gmt":"2024-10-13T06:52:06","slug":"wie-lernen-wir-und-wie-lernen-gesellschaften","status":"publish","type":"post","link":"https:\/\/www.sonnenseite.com\/de\/franz-alt\/kommentare-interviews\/wie-lernen-wir-und-wie-lernen-gesellschaften\/","title":{"rendered":"Wie lernen wir und wie lernen Gesellschaften?"},"content":{"rendered":"\n<p>Die Basis einer jeden \u00f6kologischen Wende ist ein Urvertrauen in die Sch\u00f6pfung. Wir werden lernen m\u00fcssen, mit der Natur und nicht mehr gegen die Natur und damit gegen uns selbst zu wirtschaften und zu arbeiten.<\/p>\n\n\n<div class=\"wp-block-image\">\n<figure class=\"alignleft size-full is-resized\"><img loading=\"lazy\" decoding=\"async\" width=\"770\" height=\"420\" src=\"https:\/\/www.sonnenseite.com\/wp-content\/uploads\/2023\/07\/FA_DirkWaechter02.jpg\" alt=\"Dirk W\u00e4chter\" class=\"wp-image-92770\" style=\"width:324px;height:auto\" srcset=\"https:\/\/www.sonnenseite.com\/wp-content\/uploads\/2023\/07\/FA_DirkWaechter02.jpg 770w, https:\/\/www.sonnenseite.com\/wp-content\/uploads\/2023\/07\/FA_DirkWaechter02-300x164.jpg 300w, https:\/\/www.sonnenseite.com\/wp-content\/uploads\/2023\/07\/FA_DirkWaechter02-768x419.jpg 768w\" sizes=\"auto, (max-width: 770px) 100vw, 770px\" \/><figcaption class=\"wp-element-caption\">\u00a9 Dirk W\u00e4chter <\/figcaption><\/figure>\n<\/div>\n\n\n<p>Es geht heute prim\u00e4r um Sch\u00f6pfungsfrieden, der in der Teilhabe des Menschen an Gottes Sch\u00f6pfertum seinen tiefsten Sinn findet. Das ist der eigentliche Grund meiner engagierten Mitarbeit an einem neuen Zeitalter, am Solarzeitalter&nbsp; \u2013 auch noch mit 86.<\/p>\n\n\n\n<p>Diese \u00dcbung ist eine ungeheure Bereicherung: Das Solarspektrum hat spirituelle, politische, \u00f6konomische, \u00f6kologische, kulturelle, technische, ideelle, wissenschaftliche und ganz pers\u00f6nliche Dimensionen. Ich habe mit der Energie im Kohlenkeller \u2013als Sohn eines Kohlenh\u00e4ndlers \u2013 angefangen, warb f\u00fcr Atomenergie, stieg sp\u00e4ter \u2013 es ging nach oben \u2013 aufs Solardach und greife jetzt \u2013 im hohen Alter nach den Sternen \u2013 beim \u00dcbergang in die geistige Welt.<\/p>\n\n\n\n<p>Auch ich war also Teil des Problems, das wir heute haben. Schon deshalb muss ich mich jetzt bem\u00fchen, Teil der L\u00f6sung zu werden. Sonst h\u00e4tte ich nichts gelernt in meinem Leben. Lernoffen sein bis zum Schluss: Das ist der Sinn unseres Hierseins. Ich war oft ein Sp\u00e4tz\u00fcnder in meinem Leben. Daraus habe ich allerdings gelernt, dass es nie zu sp\u00e4t ist f\u00fcr eine Umkehr.<\/p>\n\n\n\n<p>Mahatmas Gandhi geh\u00f6rt zu den ganz gro\u00dfen und erfolgreichen Pers\u00f6nlichkeiten unserer Geschichte. Doch in einem Punkt m\u00f6chte ich ihm widersprechen, wenn er sagt: \u201eDie Geschichte lehrt die Menschen, dass die Geschichte die Menschen nichts lehrt\u201c. Manchmal lernen wir doch etwas. Meistens sind es Minderheiten, die lernf\u00e4hig sind und f\u00fcr Fortschritt sorgen. Und sehr oft sind Leiderfahrungen die Voraussetzung f\u00fcrs Lernen. So war es auch bei der vor 100 Jahren noch unvorstellbaren deutsch-franz\u00f6sischen Freundschaft, heute Basis der Europ\u00e4ischen Union.<\/p>\n\n\n\n<p>F\u00fcr mich als politischer Journalist und Publizist ist die gro\u00dfe Frage: Welche politischen Zukunftsideen bestimmen die geistige Hegemonie in der Gesellschaft? Dabei bin ich nur mir selbst und meinem Gewissen verantwortlich. Es gilt: Klartext reden und schreiben. Das hei\u00dft jedoch nicht, undifferenziert reden und schreiben.<\/p>\n\n\n\n<p>Aus welchen spirituellen Quellen wollen wir sch\u00f6pfen, wenn die gro\u00dfe Wende gelingen soll? <a href=\"https:\/\/www.sonnenseite.com\/de\/franz-alt\/kommentare-interviews\/der-gruene-papst-und-der-gruene-dalai-lama\/\">Papst Franziskus wie auch der Dalai Lama sagen<\/a>: Religi\u00f6s ist, wer mitarbeitet an der Bewahrung der Sch\u00f6pfung. Die notwendige Wende-Energie kommt von oben und von innen. Die einzig wichtige Zukunfts-Religion ist ein gutes menschliches Herz \u2013 voller Empathie f\u00fcr unser Kinder und Enkel. Liebe ist dabei ein belebendes und lebensspendendes Element. Liebe ist Energie. Energie ist Liebe. Und die gr\u00f6\u00dfte Religion ist die Menschlichkeit. Die st\u00e4rkste Kraft im Universum ist die Liebe.<\/p>\n\n\n\n<p>In Mozarts \u201eZauberfl\u00f6te\u201c \u2013 wohl sein bedeutendstes Werk zum Thema Wandlung \u2013 hei\u00dft dieser Zauber so: \u201eZwei Herzen, die von Liebe brennen, kann Menschenohnmacht niemals trennen. Verloren ist der Feinde M\u00fch, die G\u00f6tter selbst besch\u00fctzen sie.\u201c Dieser Zauber der \u201eZauberfl\u00f6te\u201c wirkt bis heute \u2013 ein Ideal von Liebe und Humanit\u00e4t. Mozart schrieb seine Zauberfl\u00f6te in der Hoch-Zeit der Aufkl\u00e4rung. Die Aufkl\u00e4rung wollte uns \u2013 nach Kant \u2013 aus unserer \u201eselbstverschuldeten Unm\u00fcndigkeit befreien\u201c: \u201eUnm\u00fcndigkeit ist das Unverm\u00f6gen, sich seines Verstandes ohne Leitung eines anderen zu bedienen\u201c. Heute \u2013 knapp eineinhalb Jahrhunderte sp\u00e4ter \u2013 bedarf unsere Verstandeseinseitigkeit oder Seelenlosigkeit&nbsp; einer neuen Aufkl\u00e4rung \u2013 sozusagen einer Aufkl\u00e4rung der Aufkl\u00e4rung, einer zweiten Aufkl\u00e4rung.<\/p>\n\n\n\n<p>Die \u201eZauberfl\u00f6te\u201c ist eine therapeutische Oper so wie die Bibel ein therapeutisches Buch ist \u2013 eine Anleitung zur Wandlung und Umkehr, eine M\u00f6glichkeit zur Transformation, zur \u00c4nderung. Der Wunsch, uns zu ver\u00e4ndern, taucht oft in unseren Tr\u00e4umen auf. Tr\u00e4ume k\u00f6nnen Warnsignale und Stoppschilder sein, Wegweiser in eine andere, eine neue Richtung. Im Laufe unseres Lebens und unserer \u201eErziehung\u201c geht viel kindliche Phantasie verloren und unsere Tr\u00e4ume werden \u00e4rmer. Dennoch lebt in den Tr\u00e4umen auch vieler Erwachsener das \u201einnere Kind\u201c weiter und st\u00e4rkt die Hoffnung, dass das letzte Kapitel der Menschheit nicht die atomare Apokalypse oder Klimazerst\u00f6rung sein muss. Unsere seelischen Qualit\u00e4ten bef\u00e4higen uns, die Umwelt zu retten und Frieden zu organisieren, Macht, Kapital und Geldgier zu z\u00e4hmen und Leid zu begrenzen. Kriege, Gewalt und Umweltzerst\u00f6rung sind so wenig Naturgesetze wie die Ausbeutung armer L\u00e4nder durch reiche.<\/p>\n\n\n\n<p>Mal ist es ein nachhaltiger Traum, mal ein anregendes Buch, mal ein ernstes Gespr\u00e4ch, mal eine Meditation oder ein Gebet, mal ein tiefes seelisches Erlebnis, das uns ber\u00fchrt und verwandelt und den Weg in eine neue Menschlichkeit zeigt. Oft sind es Situationen der Verzweiflung oder Krisen, die eine geistige Transformation, eine Ver\u00e4nderung, eine neue Chance, in uns ausl\u00f6sen. Selbst das Erlebnis der Todesangst kann eine Verwandlung in neue Lebenslust und Lebensenergie bewirken. Viele Nahtoderfahrene, die auch durch die Todesangst gegangen sind, berichten davon.<\/p>\n\n\n\n<p>Transformation braucht Information. Wir k\u00f6nnen in vielen Bereichen anders denken, empfinden und handeln. Ich will Lust auf Zukunft vermitteln, indem konkrete und bereits praktizierte L\u00f6sungsvorschl\u00e4ge aufgezeigt werden ohne die dr\u00e4ngenden Probleme zu verdr\u00e4ngen. Es geht um das Vertrauen in einen \u201ehumanistischen Futurismus\u201c (Matthias Horx). Die Erkenntnis w\u00e4chst, dass Menschlichkeit die gr\u00f6\u00dfte Religion ist.<\/p>\n\n\n<div class=\"wp-block-image\">\n<figure class=\"alignright size-full is-resized\"><img loading=\"lazy\" decoding=\"async\" width=\"400\" height=\"719\" src=\"https:\/\/www.sonnenseite.com\/wp-content\/uploads\/2020\/03\/DalaiLama_Appell_Umwelt400.jpg\" alt=\"Benevento Publishing\" class=\"wp-image-2239\" style=\"width:196px;height:auto\" srcset=\"https:\/\/www.sonnenseite.com\/wp-content\/uploads\/2020\/03\/DalaiLama_Appell_Umwelt400.jpg 400w, https:\/\/www.sonnenseite.com\/wp-content\/uploads\/2020\/03\/DalaiLama_Appell_Umwelt400-167x300.jpg 167w\" sizes=\"auto, (max-width: 400px) 100vw, 400px\" \/><\/figure>\n<\/div>\n\n\n<p>Der Dalai Lama sagt: \u201eEs ist gut, dass junge Menschen auf der ganzen Welt heute f\u00fcr ein gutes Klima demonstrieren. Sie zeigen damit einen realistischen Blick auf ihre eigene Zukunft. Wir Erwachsene sollten die jungen Menschen unterst\u00fctzen\u201c. Es sei immer noch m\u00f6glich, dass <a href=\"https:\/\/www.sonnenseite.com\/de\/franz-alt\/kommentare-interviews\/dalai-lama-aich-bin-ein-grnera\/\">das 21. Jahrhundert ein Jahrhundert des Friedens und der Umweltpolitik<\/a> werde. Dieses unser Jahrhundert werde gro\u00dfe Schwierigkeiten f\u00fcr uns bringen. \u201eJeder w\u00fcnscht sich Frieden \u2013 auch unsere \u201eFeinde\u201c, sagt der Dalai Lama. \u201eDer Frieden f\u00e4llt nicht vom Himmel. Zerst\u00f6rerische Handlungen entstehen aus destruktiven Gef\u00fchlen. Unsere Welt ben\u00f6tigt deshalb Wissen \u00fcber unseren Verstand und \u00fcber unsere Gef\u00fchle. Wir m\u00fcssen dringend lernen, mit unseren Gef\u00fchlen umzugehen. Durch inneren Frieden finden wir zu einem gl\u00fccklichen Leben. Der wahre Sinn des Lebens besteht im Gl\u00fcck\u201c.<\/p>\n\n\n\n<p>Die globale Digitalisierung sowie die wachsende Welt-Verantwortung werden die heute notwendigen Transformationen beschleunigen.<\/p>\n\n\n\n<p>Die wichtigsten politischen Transformationen, die wir jetzt brauchen: Die Energiewende, die Verkehrswende, die Bauwende, die Wasserwende, die Waldwende und die Arbeitswende. <\/p>\n\n\n\n<p><a href=\"https:\/\/www.amazon.de\/gp\/product\/357908707X\/ref=as_li_tl?ie=UTF8&amp;camp=1638&amp;creative=6742&amp;creativeASIN=357908707X&amp;linkCode=as2&amp;tag=drfranzaltferns&amp;linkId=b576c6e871c2a44f2e69f137edbaf8f1\">Und vor allem: Lust auf Zukunft!<\/a><\/p>\n\n\n\n<p><\/p>\n\n\n<h5 class=\"green\">Quelle<\/h5>\r\n\n\n\n<p><a href=\"mailto:franzalt@sonnenseite.com\">Franz Alt 2024<\/a><\/p>\n<div class=\"shariff shariff-align-flex-start shariff-widget-align-flex-start\"><div class=\"ShariffHeadline\">Diese Meldung teilen<\/div><ul class=\"shariff-buttons theme-round orientation-horizontal buttonsize-medium\"><li class=\"shariff-button facebook shariff-nocustomcolor\" style=\"background-color:#4273c8;border-radius:1%\"><a href=\"https:\/\/www.facebook.com\/sharer\/sharer.php?u=https%3A%2F%2Fwww.sonnenseite.com%2Fde%2Ffranz-alt%2Fkommentare-interviews%2Fwie-lernen-wir-und-wie-lernen-gesellschaften%2F\" title=\"Bei Facebook teilen\" aria-label=\"Bei Facebook teilen\" role=\"button\" rel=\"nofollow\" class=\"shariff-link\" style=\";border-radius:1%; background-color:#3b5998; color:#fff\" target=\"_blank\"><span class=\"shariff-icon\" style=\"\"><svg width=\"32px\" height=\"20px\" xmlns=\"http:\/\/www.w3.org\/2000\/svg\" viewBox=\"0 0 18 32\"><path fill=\"#3b5998\" d=\"M17.1 0.2v4.7h-2.8q-1.5 0-2.1 0.6t-0.5 1.9v3.4h5.2l-0.7 5.3h-4.5v13.6h-5.5v-13.6h-4.5v-5.3h4.5v-3.9q0-3.3 1.9-5.2t5-1.8q2.6 0 4.1 0.2z\"\/><\/svg><\/span><\/a><\/li><li class=\"shariff-button twitter shariff-nocustomcolor\" style=\"background-color:#595959;border-radius:1%\"><a href=\"https:\/\/twitter.com\/share?url=https%3A%2F%2Fwww.sonnenseite.com%2Fde%2Ffranz-alt%2Fkommentare-interviews%2Fwie-lernen-wir-und-wie-lernen-gesellschaften%2F&text=Wie%20lernen%20wir%20und%20wie%20lernen%20Gesellschaften%3F\" title=\"Bei X teilen\" aria-label=\"Bei X teilen\" role=\"button\" rel=\"noopener nofollow\" class=\"shariff-link\" style=\";border-radius:1%; background-color:#000; color:#fff\" target=\"_blank\"><span class=\"shariff-icon\" style=\"\"><svg width=\"32px\" height=\"20px\" xmlns=\"http:\/\/www.w3.org\/2000\/svg\" viewBox=\"0 0 24 24\"><path fill=\"#000\" d=\"M14.258 10.152L23.176 0h-2.113l-7.747 8.813L7.133 0H0l9.352 13.328L0 23.973h2.113l8.176-9.309 6.531 9.309h7.133zm-2.895 3.293l-.949-1.328L2.875 1.56h3.246l6.086 8.523.945 1.328 7.91 11.078h-3.246zm0 0\"\/><\/svg><\/span><\/a><\/li><li class=\"shariff-button xing shariff-nocustomcolor\" style=\"background-color:#29888a;border-radius:1%\"><a href=\"https:\/\/www.xing.com\/spi\/shares\/new?url=https%3A%2F%2Fwww.sonnenseite.com%2Fde%2Ffranz-alt%2Fkommentare-interviews%2Fwie-lernen-wir-und-wie-lernen-gesellschaften%2F\" title=\"Bei XING teilen\" aria-label=\"Bei XING teilen\" role=\"button\" rel=\"noopener nofollow\" class=\"shariff-link\" style=\";border-radius:1%; background-color:#126567; color:#fff\" target=\"_blank\"><span class=\"shariff-icon\" style=\"\"><svg width=\"32px\" height=\"20px\" xmlns=\"http:\/\/www.w3.org\/2000\/svg\" viewBox=\"0 0 25 32\"><path fill=\"#126567\" d=\"M10.7 11.9q-0.2 0.3-4.6 8.2-0.5 0.8-1.2 0.8h-4.3q-0.4 0-0.5-0.3t0-0.6l4.5-8q0 0 0 0l-2.9-5q-0.2-0.4 0-0.7 0.2-0.3 0.5-0.3h4.3q0.7 0 1.2 0.8zM25.1 0.4q0.2 0.3 0 0.7l-9.4 16.7 6 11q0.2 0.4 0 0.6-0.2 0.3-0.6 0.3h-4.3q-0.7 0-1.2-0.8l-6-11.1q0.3-0.6 9.5-16.8 0.4-0.8 1.2-0.8h4.3q0.4 0 0.5 0.3z\"\/><\/svg><\/span><\/a><\/li><li class=\"shariff-button linkedin shariff-nocustomcolor\" style=\"background-color:#1488bf;border-radius:1%\"><a href=\"https:\/\/www.linkedin.com\/sharing\/share-offsite\/?url=https%3A%2F%2Fwww.sonnenseite.com%2Fde%2Ffranz-alt%2Fkommentare-interviews%2Fwie-lernen-wir-und-wie-lernen-gesellschaften%2F\" title=\"Bei LinkedIn teilen\" aria-label=\"Bei LinkedIn teilen\" role=\"button\" rel=\"noopener nofollow\" class=\"shariff-link\" style=\";border-radius:1%; background-color:#0077b5; color:#fff\" target=\"_blank\"><span class=\"shariff-icon\" style=\"\"><svg width=\"32px\" height=\"20px\" xmlns=\"http:\/\/www.w3.org\/2000\/svg\" viewBox=\"0 0 27 32\"><path fill=\"#0077b5\" d=\"M6.2 11.2v17.7h-5.9v-17.7h5.9zM6.6 5.7q0 1.3-0.9 2.2t-2.4 0.9h0q-1.5 0-2.4-0.9t-0.9-2.2 0.9-2.2 2.4-0.9 2.4 0.9 0.9 2.2zM27.4 18.7v10.1h-5.9v-9.5q0-1.9-0.7-2.9t-2.3-1.1q-1.1 0-1.9 0.6t-1.2 1.5q-0.2 0.5-0.2 1.4v9.9h-5.9q0-7.1 0-11.6t0-5.3l0-0.9h5.9v2.6h0q0.4-0.6 0.7-1t1-0.9 1.6-0.8 2-0.3q3 0 4.9 2t1.9 6z\"\/><\/svg><\/span><\/a><\/li><li class=\"shariff-button printer shariff-nocustomcolor\" style=\"background-color:#a8a8a8;border-radius:1%\"><a href=\"javascript:window.print()\" title=\"drucken\" aria-label=\"drucken\" role=\"button\" rel=\"noopener nofollow\" class=\"shariff-link\" style=\";border-radius:1%; background-color:#999; color:#fff\"><span class=\"shariff-icon\" style=\"\"><svg width=\"32px\" height=\"20px\" xmlns=\"http:\/\/www.w3.org\/2000\/svg\" viewBox=\"0 0 30 32\"><path fill=\"#999\" d=\"M6.8 27.4h16v-4.6h-16v4.6zM6.8 16h16v-6.8h-2.8q-0.7 0-1.2-0.5t-0.5-1.2v-2.8h-11.4v11.4zM27.4 17.2q0-0.5-0.3-0.8t-0.8-0.4-0.8 0.4-0.3 0.8 0.3 0.8 0.8 0.3 0.8-0.3 0.3-0.8zM29.7 17.2v7.4q0 0.2-0.2 0.4t-0.4 0.2h-4v2.8q0 0.7-0.5 1.2t-1.2 0.5h-17.2q-0.7 0-1.2-0.5t-0.5-1.2v-2.8h-4q-0.2 0-0.4-0.2t-0.2-0.4v-7.4q0-1.4 1-2.4t2.4-1h1.2v-9.7q0-0.7 0.5-1.2t1.2-0.5h12q0.7 0 1.6 0.4t1.3 0.8l2.7 2.7q0.5 0.5 0.9 1.4t0.4 1.6v4.6h1.1q1.4 0 2.4 1t1 2.4z\"\/><\/svg><\/span><\/a><\/li><li class=\"shariff-button mailto shariff-nocustomcolor\" style=\"background-color:#a8a8a8;border-radius:1%\"><a href=\"mailto:?body=https%3A%2F%2Fwww.sonnenseite.com%2Fde%2Ffranz-alt%2Fkommentare-interviews%2Fwie-lernen-wir-und-wie-lernen-gesellschaften%2F&subject=Wie%20lernen%20wir%20und%20wie%20lernen%20Gesellschaften%3F\" title=\"Per E-Mail versenden\" aria-label=\"Per E-Mail versenden\" role=\"button\" rel=\"noopener nofollow\" class=\"shariff-link\" style=\";border-radius:1%; background-color:#999; color:#fff\"><span class=\"shariff-icon\" style=\"\"><svg width=\"32px\" height=\"20px\" xmlns=\"http:\/\/www.w3.org\/2000\/svg\" viewBox=\"0 0 32 32\"><path fill=\"#999\" d=\"M32 12.7v14.2q0 1.2-0.8 2t-2 0.9h-26.3q-1.2 0-2-0.9t-0.8-2v-14.2q0.8 0.9 1.8 1.6 6.5 4.4 8.9 6.1 1 0.8 1.6 1.2t1.7 0.9 2 0.4h0.1q0.9 0 2-0.4t1.7-0.9 1.6-1.2q3-2.2 8.9-6.1 1-0.7 1.8-1.6zM32 7.4q0 1.4-0.9 2.7t-2.2 2.2q-6.7 4.7-8.4 5.8-0.2 0.1-0.7 0.5t-1 0.7-0.9 0.6-1.1 0.5-0.9 0.2h-0.1q-0.4 0-0.9-0.2t-1.1-0.5-0.9-0.6-1-0.7-0.7-0.5q-1.6-1.1-4.7-3.2t-3.6-2.6q-1.1-0.7-2.1-2t-1-2.5q0-1.4 0.7-2.3t2.1-0.9h26.3q1.2 0 2 0.8t0.9 2z\"\/><\/svg><\/span><\/a><\/li><\/ul><\/div>","protected":false},"excerpt":{"rendered":"<p>Die Basis einer jeden \u00f6kologischen Wende ist ein Urvertrauen in die Sch\u00f6pfung. Wir werden lernen m\u00fcssen, [&hellip;]<\/p>\n","protected":false},"author":3,"featured_media":85560,"comment_status":"closed","ping_status":"closed","sticky":false,"template":"","format":"standard","meta":{"inline_featured_image":false,"footnotes":""},"categories":[29],"tags":[],"class_list":["post-101549","post","type-post","status-publish","format-standard","has-post-thumbnail","hentry","category-kommentare-interviews"],"yoast_head":"<!-- This site is optimized with the Yoast SEO plugin v26.5 - https:\/\/yoast.com\/wordpress\/plugins\/seo\/ -->\n<title>Wie lernen wir und wie lernen Gesellschaften? - Sonnenseite - \u00d6kologische Kommunikation mit Franz Alt<\/title>\n<meta name=\"description\" content=\"Die Basis einer jeden \u00f6kologischen Wende ist ein Urvertrauen in die Sch\u00f6pfung. Wir werden lernen m\u00fcssen, mit der Natur und nicht mehr gegen die Natur und\" \/>\n<meta name=\"robots\" content=\"index, follow, max-snippet:-1, max-image-preview:large, max-video-preview:-1\" \/>\n<link rel=\"canonical\" href=\"https:\/\/www.sonnenseite.com\/de\/franz-alt\/kommentare-interviews\/wie-lernen-wir-und-wie-lernen-gesellschaften\/\" \/>\n<meta property=\"og:locale\" content=\"de_DE\" \/>\n<meta property=\"og:type\" content=\"article\" \/>\n<meta property=\"og:title\" content=\"Wie lernen wir und wie lernen Gesellschaften? - Sonnenseite - \u00d6kologische Kommunikation mit Franz Alt\" \/>\n<meta property=\"og:description\" content=\"Die Basis einer jeden \u00f6kologischen Wende ist ein Urvertrauen in die Sch\u00f6pfung. Wir werden lernen m\u00fcssen, mit der Natur und nicht mehr gegen die Natur und\" \/>\n<meta property=\"og:url\" content=\"https:\/\/www.sonnenseite.com\/de\/franz-alt\/kommentare-interviews\/wie-lernen-wir-und-wie-lernen-gesellschaften\/\" \/>\n<meta property=\"og:site_name\" content=\"Sonnenseite\" \/>\n<meta property=\"article:publisher\" content=\"https:\/\/www.facebook.com\/pages\/Franz-Alt-SONNENSEITECOM\/221072987903953?fref=ts\" \/>\n<meta property=\"article:published_time\" content=\"2024-09-28T15:21:00+00:00\" \/>\n<meta property=\"article:modified_time\" content=\"2024-10-13T06:52:06+00:00\" \/>\n<meta property=\"og:image\" content=\"https:\/\/www.sonnenseite.com\/wp-content\/uploads\/2022\/09\/Info-Netz_nmedia.jpg\" \/>\n\t<meta property=\"og:image:width\" content=\"770\" \/>\n\t<meta property=\"og:image:height\" content=\"420\" \/>\n\t<meta property=\"og:image:type\" content=\"image\/jpeg\" \/>\n<meta name=\"author\" content=\"Bigi Alt\" \/>\n<meta name=\"twitter:card\" content=\"summary_large_image\" \/>\n<meta name=\"twitter:creator\" content=\"@franzalt\" \/>\n<meta name=\"twitter:site\" content=\"@franzalt\" \/>\n<meta name=\"twitter:label1\" content=\"Verfasst von\" \/>\n\t<meta name=\"twitter:data1\" content=\"Bigi Alt\" \/>\n\t<meta name=\"twitter:label2\" content=\"Gesch\u00e4tzte Lesezeit\" \/>\n\t<meta name=\"twitter:data2\" content=\"6\u00a0Minuten\" \/>\n<script type=\"application\/ld+json\" class=\"yoast-schema-graph\">{\"@context\":\"https:\/\/schema.org\",\"@graph\":[{\"@type\":\"Article\",\"@id\":\"https:\/\/www.sonnenseite.com\/de\/franz-alt\/kommentare-interviews\/wie-lernen-wir-und-wie-lernen-gesellschaften\/#article\",\"isPartOf\":{\"@id\":\"https:\/\/www.sonnenseite.com\/de\/franz-alt\/kommentare-interviews\/wie-lernen-wir-und-wie-lernen-gesellschaften\/\"},\"author\":{\"name\":\"Bigi Alt\",\"@id\":\"https:\/\/www.sonnenseite.com\/de\/#\/schema\/person\/50fda0e926597684c7cc6695238a4eb9\"},\"headline\":\"Wie lernen wir und wie lernen Gesellschaften?\",\"datePublished\":\"2024-09-28T15:21:00+00:00\",\"dateModified\":\"2024-10-13T06:52:06+00:00\",\"mainEntityOfPage\":{\"@id\":\"https:\/\/www.sonnenseite.com\/de\/franz-alt\/kommentare-interviews\/wie-lernen-wir-und-wie-lernen-gesellschaften\/\"},\"wordCount\":1042,\"publisher\":{\"@id\":\"https:\/\/www.sonnenseite.com\/de\/#organization\"},\"image\":{\"@id\":\"https:\/\/www.sonnenseite.com\/de\/franz-alt\/kommentare-interviews\/wie-lernen-wir-und-wie-lernen-gesellschaften\/#primaryimage\"},\"thumbnailUrl\":\"https:\/\/www.sonnenseite.com\/wp-content\/uploads\/2022\/09\/Info-Netz_nmedia.jpg\",\"articleSection\":[\"Kommentare &amp; Interviews\"],\"inLanguage\":\"de\"},{\"@type\":\"WebPage\",\"@id\":\"https:\/\/www.sonnenseite.com\/de\/franz-alt\/kommentare-interviews\/wie-lernen-wir-und-wie-lernen-gesellschaften\/\",\"url\":\"https:\/\/www.sonnenseite.com\/de\/franz-alt\/kommentare-interviews\/wie-lernen-wir-und-wie-lernen-gesellschaften\/\",\"name\":\"Wie lernen wir und wie lernen Gesellschaften? - Sonnenseite - \u00d6kologische Kommunikation mit Franz Alt\",\"isPartOf\":{\"@id\":\"https:\/\/www.sonnenseite.com\/de\/#website\"},\"primaryImageOfPage\":{\"@id\":\"https:\/\/www.sonnenseite.com\/de\/franz-alt\/kommentare-interviews\/wie-lernen-wir-und-wie-lernen-gesellschaften\/#primaryimage\"},\"image\":{\"@id\":\"https:\/\/www.sonnenseite.com\/de\/franz-alt\/kommentare-interviews\/wie-lernen-wir-und-wie-lernen-gesellschaften\/#primaryimage\"},\"thumbnailUrl\":\"https:\/\/www.sonnenseite.com\/wp-content\/uploads\/2022\/09\/Info-Netz_nmedia.jpg\",\"datePublished\":\"2024-09-28T15:21:00+00:00\",\"dateModified\":\"2024-10-13T06:52:06+00:00\",\"description\":\"Die Basis einer jeden \u00f6kologischen Wende ist ein Urvertrauen in die Sch\u00f6pfung. Wir werden lernen m\u00fcssen, mit der Natur und nicht mehr gegen die Natur und\",\"breadcrumb\":{\"@id\":\"https:\/\/www.sonnenseite.com\/de\/franz-alt\/kommentare-interviews\/wie-lernen-wir-und-wie-lernen-gesellschaften\/#breadcrumb\"},\"inLanguage\":\"de\",\"potentialAction\":[{\"@type\":\"ReadAction\",\"target\":[\"https:\/\/www.sonnenseite.com\/de\/franz-alt\/kommentare-interviews\/wie-lernen-wir-und-wie-lernen-gesellschaften\/\"]}]},{\"@type\":\"ImageObject\",\"inLanguage\":\"de\",\"@id\":\"https:\/\/www.sonnenseite.com\/de\/franz-alt\/kommentare-interviews\/wie-lernen-wir-und-wie-lernen-gesellschaften\/#primaryimage\",\"url\":\"https:\/\/www.sonnenseite.com\/wp-content\/uploads\/2022\/09\/Info-Netz_nmedia.jpg\",\"contentUrl\":\"https:\/\/www.sonnenseite.com\/wp-content\/uploads\/2022\/09\/Info-Netz_nmedia.jpg\",\"width\":770,\"height\":420,\"caption\":\"Depositphotos.com | nmedia\"},{\"@type\":\"BreadcrumbList\",\"@id\":\"https:\/\/www.sonnenseite.com\/de\/franz-alt\/kommentare-interviews\/wie-lernen-wir-und-wie-lernen-gesellschaften\/#breadcrumb\",\"itemListElement\":[{\"@type\":\"ListItem\",\"position\":1,\"name\":\"Startseite\",\"item\":\"https:\/\/www.sonnenseite.com\/de\/\"},{\"@type\":\"ListItem\",\"position\":2,\"name\":\"Wie lernen wir und wie lernen Gesellschaften?\"}]},{\"@type\":\"WebSite\",\"@id\":\"https:\/\/www.sonnenseite.com\/de\/#website\",\"url\":\"https:\/\/www.sonnenseite.com\/de\/\",\"name\":\"Sonnenseite\",\"description\":\"\u00d6kologische Kommunikation mit Franz Alt\",\"publisher\":{\"@id\":\"https:\/\/www.sonnenseite.com\/de\/#organization\"},\"potentialAction\":[{\"@type\":\"SearchAction\",\"target\":{\"@type\":\"EntryPoint\",\"urlTemplate\":\"https:\/\/www.sonnenseite.com\/de\/?s={search_term_string}\"},\"query-input\":{\"@type\":\"PropertyValueSpecification\",\"valueRequired\":true,\"valueName\":\"search_term_string\"}}],\"inLanguage\":\"de\"},{\"@type\":\"Organization\",\"@id\":\"https:\/\/www.sonnenseite.com\/de\/#organization\",\"name\":\"Sonnenseite\",\"url\":\"https:\/\/www.sonnenseite.com\/de\/\",\"logo\":{\"@type\":\"ImageObject\",\"inLanguage\":\"de\",\"@id\":\"https:\/\/www.sonnenseite.com\/de\/#\/schema\/logo\/image\/\",\"url\":\"https:\/\/www.sonnenseite.com\/wp-content\/uploads\/2020\/05\/Sonnenseite_Logo.png\",\"contentUrl\":\"https:\/\/www.sonnenseite.com\/wp-content\/uploads\/2020\/05\/Sonnenseite_Logo.png\",\"width\":377,\"height\":90,\"caption\":\"Sonnenseite\"},\"image\":{\"@id\":\"https:\/\/www.sonnenseite.com\/de\/#\/schema\/logo\/image\/\"},\"sameAs\":[\"https:\/\/www.facebook.com\/pages\/Franz-Alt-SONNENSEITECOM\/221072987903953?fref=ts\",\"https:\/\/x.com\/franzalt\",\"http:\/\/www.youtube.com\/results?search_query&amp;amp;quot;franz_alt&amp;amp;quot;&amp;amp;amp;amp;search_type&amp;amp;amp;amp;aq=f\"]},{\"@type\":\"Person\",\"@id\":\"https:\/\/www.sonnenseite.com\/de\/#\/schema\/person\/50fda0e926597684c7cc6695238a4eb9\",\"name\":\"Bigi Alt\"}]}<\/script>\n<!-- \/ Yoast SEO plugin. -->","yoast_head_json":{"title":"Wie lernen wir und wie lernen Gesellschaften? - Sonnenseite - \u00d6kologische Kommunikation mit Franz Alt","description":"Die Basis einer jeden \u00f6kologischen Wende ist ein Urvertrauen in die Sch\u00f6pfung. Wir werden lernen m\u00fcssen, mit der Natur und nicht mehr gegen die Natur und","robots":{"index":"index","follow":"follow","max-snippet":"max-snippet:-1","max-image-preview":"max-image-preview:large","max-video-preview":"max-video-preview:-1"},"canonical":"https:\/\/www.sonnenseite.com\/de\/franz-alt\/kommentare-interviews\/wie-lernen-wir-und-wie-lernen-gesellschaften\/","og_locale":"de_DE","og_type":"article","og_title":"Wie lernen wir und wie lernen Gesellschaften? - Sonnenseite - \u00d6kologische Kommunikation mit Franz Alt","og_description":"Die Basis einer jeden \u00f6kologischen Wende ist ein Urvertrauen in die Sch\u00f6pfung. Wir werden lernen m\u00fcssen, mit der Natur und nicht mehr gegen die Natur und","og_url":"https:\/\/www.sonnenseite.com\/de\/franz-alt\/kommentare-interviews\/wie-lernen-wir-und-wie-lernen-gesellschaften\/","og_site_name":"Sonnenseite","article_publisher":"https:\/\/www.facebook.com\/pages\/Franz-Alt-SONNENSEITECOM\/221072987903953?fref=ts","article_published_time":"2024-09-28T15:21:00+00:00","article_modified_time":"2024-10-13T06:52:06+00:00","og_image":[{"width":770,"height":420,"url":"https:\/\/www.sonnenseite.com\/wp-content\/uploads\/2022\/09\/Info-Netz_nmedia.jpg","type":"image\/jpeg"}],"author":"Bigi Alt","twitter_card":"summary_large_image","twitter_creator":"@franzalt","twitter_site":"@franzalt","twitter_misc":{"Verfasst von":"Bigi Alt","Gesch\u00e4tzte Lesezeit":"6\u00a0Minuten"},"schema":{"@context":"https:\/\/schema.org","@graph":[{"@type":"Article","@id":"https:\/\/www.sonnenseite.com\/de\/franz-alt\/kommentare-interviews\/wie-lernen-wir-und-wie-lernen-gesellschaften\/#article","isPartOf":{"@id":"https:\/\/www.sonnenseite.com\/de\/franz-alt\/kommentare-interviews\/wie-lernen-wir-und-wie-lernen-gesellschaften\/"},"author":{"name":"Bigi Alt","@id":"https:\/\/www.sonnenseite.com\/de\/#\/schema\/person\/50fda0e926597684c7cc6695238a4eb9"},"headline":"Wie lernen wir und wie lernen Gesellschaften?","datePublished":"2024-09-28T15:21:00+00:00","dateModified":"2024-10-13T06:52:06+00:00","mainEntityOfPage":{"@id":"https:\/\/www.sonnenseite.com\/de\/franz-alt\/kommentare-interviews\/wie-lernen-wir-und-wie-lernen-gesellschaften\/"},"wordCount":1042,"publisher":{"@id":"https:\/\/www.sonnenseite.com\/de\/#organization"},"image":{"@id":"https:\/\/www.sonnenseite.com\/de\/franz-alt\/kommentare-interviews\/wie-lernen-wir-und-wie-lernen-gesellschaften\/#primaryimage"},"thumbnailUrl":"https:\/\/www.sonnenseite.com\/wp-content\/uploads\/2022\/09\/Info-Netz_nmedia.jpg","articleSection":["Kommentare &amp; Interviews"],"inLanguage":"de"},{"@type":"WebPage","@id":"https:\/\/www.sonnenseite.com\/de\/franz-alt\/kommentare-interviews\/wie-lernen-wir-und-wie-lernen-gesellschaften\/","url":"https:\/\/www.sonnenseite.com\/de\/franz-alt\/kommentare-interviews\/wie-lernen-wir-und-wie-lernen-gesellschaften\/","name":"Wie lernen wir und wie lernen Gesellschaften? - Sonnenseite - \u00d6kologische Kommunikation mit Franz Alt","isPartOf":{"@id":"https:\/\/www.sonnenseite.com\/de\/#website"},"primaryImageOfPage":{"@id":"https:\/\/www.sonnenseite.com\/de\/franz-alt\/kommentare-interviews\/wie-lernen-wir-und-wie-lernen-gesellschaften\/#primaryimage"},"image":{"@id":"https:\/\/www.sonnenseite.com\/de\/franz-alt\/kommentare-interviews\/wie-lernen-wir-und-wie-lernen-gesellschaften\/#primaryimage"},"thumbnailUrl":"https:\/\/www.sonnenseite.com\/wp-content\/uploads\/2022\/09\/Info-Netz_nmedia.jpg","datePublished":"2024-09-28T15:21:00+00:00","dateModified":"2024-10-13T06:52:06+00:00","description":"Die Basis einer jeden \u00f6kologischen Wende ist ein Urvertrauen in die Sch\u00f6pfung. Wir werden lernen m\u00fcssen, mit der Natur und nicht mehr gegen die Natur und","breadcrumb":{"@id":"https:\/\/www.sonnenseite.com\/de\/franz-alt\/kommentare-interviews\/wie-lernen-wir-und-wie-lernen-gesellschaften\/#breadcrumb"},"inLanguage":"de","potentialAction":[{"@type":"ReadAction","target":["https:\/\/www.sonnenseite.com\/de\/franz-alt\/kommentare-interviews\/wie-lernen-wir-und-wie-lernen-gesellschaften\/"]}]},{"@type":"ImageObject","inLanguage":"de","@id":"https:\/\/www.sonnenseite.com\/de\/franz-alt\/kommentare-interviews\/wie-lernen-wir-und-wie-lernen-gesellschaften\/#primaryimage","url":"https:\/\/www.sonnenseite.com\/wp-content\/uploads\/2022\/09\/Info-Netz_nmedia.jpg","contentUrl":"https:\/\/www.sonnenseite.com\/wp-content\/uploads\/2022\/09\/Info-Netz_nmedia.jpg","width":770,"height":420,"caption":"Depositphotos.com | nmedia"},{"@type":"BreadcrumbList","@id":"https:\/\/www.sonnenseite.com\/de\/franz-alt\/kommentare-interviews\/wie-lernen-wir-und-wie-lernen-gesellschaften\/#breadcrumb","itemListElement":[{"@type":"ListItem","position":1,"name":"Startseite","item":"https:\/\/www.sonnenseite.com\/de\/"},{"@type":"ListItem","position":2,"name":"Wie lernen wir und wie lernen Gesellschaften?"}]},{"@type":"WebSite","@id":"https:\/\/www.sonnenseite.com\/de\/#website","url":"https:\/\/www.sonnenseite.com\/de\/","name":"Sonnenseite","description":"\u00d6kologische Kommunikation mit Franz Alt","publisher":{"@id":"https:\/\/www.sonnenseite.com\/de\/#organization"},"potentialAction":[{"@type":"SearchAction","target":{"@type":"EntryPoint","urlTemplate":"https:\/\/www.sonnenseite.com\/de\/?s={search_term_string}"},"query-input":{"@type":"PropertyValueSpecification","valueRequired":true,"valueName":"search_term_string"}}],"inLanguage":"de"},{"@type":"Organization","@id":"https:\/\/www.sonnenseite.com\/de\/#organization","name":"Sonnenseite","url":"https:\/\/www.sonnenseite.com\/de\/","logo":{"@type":"ImageObject","inLanguage":"de","@id":"https:\/\/www.sonnenseite.com\/de\/#\/schema\/logo\/image\/","url":"https:\/\/www.sonnenseite.com\/wp-content\/uploads\/2020\/05\/Sonnenseite_Logo.png","contentUrl":"https:\/\/www.sonnenseite.com\/wp-content\/uploads\/2020\/05\/Sonnenseite_Logo.png","width":377,"height":90,"caption":"Sonnenseite"},"image":{"@id":"https:\/\/www.sonnenseite.com\/de\/#\/schema\/logo\/image\/"},"sameAs":["https:\/\/www.facebook.com\/pages\/Franz-Alt-SONNENSEITECOM\/221072987903953?fref=ts","https:\/\/x.com\/franzalt","http:\/\/www.youtube.com\/results?search_query&amp;amp;quot;franz_alt&amp;amp;quot;&amp;amp;amp;amp;search_type&amp;amp;amp;amp;aq=f"]},{"@type":"Person","@id":"https:\/\/www.sonnenseite.com\/de\/#\/schema\/person\/50fda0e926597684c7cc6695238a4eb9","name":"Bigi Alt"}]}},"_links":{"self":[{"href":"https:\/\/www.sonnenseite.com\/de\/wp-json\/wp\/v2\/posts\/101549","targetHints":{"allow":["GET"]}}],"collection":[{"href":"https:\/\/www.sonnenseite.com\/de\/wp-json\/wp\/v2\/posts"}],"about":[{"href":"https:\/\/www.sonnenseite.com\/de\/wp-json\/wp\/v2\/types\/post"}],"author":[{"embeddable":true,"href":"https:\/\/www.sonnenseite.com\/de\/wp-json\/wp\/v2\/users\/3"}],"replies":[{"embeddable":true,"href":"https:\/\/www.sonnenseite.com\/de\/wp-json\/wp\/v2\/comments?post=101549"}],"version-history":[{"count":6,"href":"https:\/\/www.sonnenseite.com\/de\/wp-json\/wp\/v2\/posts\/101549\/revisions"}],"predecessor-version":[{"id":102203,"href":"https:\/\/www.sonnenseite.com\/de\/wp-json\/wp\/v2\/posts\/101549\/revisions\/102203"}],"wp:featuredmedia":[{"embeddable":true,"href":"https:\/\/www.sonnenseite.com\/de\/wp-json\/wp\/v2\/media\/85560"}],"wp:attachment":[{"href":"https:\/\/www.sonnenseite.com\/de\/wp-json\/wp\/v2\/media?parent=101549"}],"wp:term":[{"taxonomy":"category","embeddable":true,"href":"https:\/\/www.sonnenseite.com\/de\/wp-json\/wp\/v2\/categories?post=101549"},{"taxonomy":"post_tag","embeddable":true,"href":"https:\/\/www.sonnenseite.com\/de\/wp-json\/wp\/v2\/tags?post=101549"}],"curies":[{"name":"wp","href":"https:\/\/api.w.org\/{rel}","templated":true}]}}