{"id":102131,"date":"2024-09-27T09:31:41","date_gmt":"2024-09-27T07:31:41","guid":{"rendered":"https:\/\/www.sonnenseite.com\/?p=102131"},"modified":"2024-10-13T08:52:41","modified_gmt":"2024-10-13T06:52:41","slug":"extremwetter-vom-jahrhunderthochwasser-zum-hochwasserjahrhundert","status":"publish","type":"post","link":"https:\/\/www.sonnenseite.com\/de\/umwelt\/extremwetter-vom-jahrhunderthochwasser-zum-hochwasserjahrhundert\/","title":{"rendered":"Extremwetter: Vom &#8222;Jahrhundert\u00adhochwasser&#8220; zum &#8222;Hochwasser\u00adjahrhundert&#8220;"},"content":{"rendered":"\n<p>Neue Fakten zum Klimawandel pr\u00e4sentiert der <a href=\"https:\/\/extremwetterkongress.org\/\">Extremwetter-Kongress<\/a>. 2024 gab es nicht nur Hitzerekorde, auch andere Wetterextreme wurden intensiver. Fachleute fordern deutlich mehr Anpassung und Tempo beim Klimaschutz. Von Christina Mikalo<\/p>\n\n\n\n<p>Dieses Jahr kam vielen der Sommer in Deutschland k\u00fchl und verregnet vor. Die Messdaten zeigen jedoch eine andere Realit\u00e4t.<\/p>\n\n\n\n<p>Laut einem aktuellen <a href=\"https:\/\/extremwetterkongress.org\/wp-content\/uploads\/2024\/09\/Faktenpapier_Extremwetter_DWD_EWK2024_09.pdf\" target=\"_blank\" rel=\"noreferrer noopener\">Faktenpapier<\/a> des Deutschen Wetterdienstes (DWD) zu Extremwetter waren 2022 und 2023 die hei\u00dfesten Jahre seit Beginn der systematischen Messungen Mitte des 19. Jahrhunderts \u2013 und in diesem Jahr setzt sich der Trend fort.<\/p>\n\n\n\n<p><a href=\"https:\/\/www.dwd.de\/DE\/klimaumwelt\/copernicus_workshop\/anspech\/_node_kontakt.html\" target=\"_blank\" rel=\"noreferrer noopener\">Tobias Fuchs<\/a>, DWD-Vorstand f\u00fcr Klima und Umwelt, stellte diese Erkenntnisse auf dem 14. <a href=\"https:\/\/extremwetterkongress.org\/\" target=\"_blank\" rel=\"noreferrer noopener\">Extremwetterkongress<\/a> vor, der diese Woche in Hamburg l\u00e4uft. &#8222;Die Ergebnisse weisen leider immer in dieselbe Richtung&#8220;, sagte Fuchs. &#8222;Der Klimawandel beschleunigt sich, die Wetterextreme treten intensiver und oft auch h\u00e4ufiger auf.&#8220;<\/p>\n\n\n\n<p>Fuchs zufolge hat es hierzulande seit Beginn der fl\u00e4chendeckenden Erfassung des Niederschlags im Jahr 1881 noch nie eine so regenreiche Phase gegeben wie von Juni 2023 bis Juni 2024.<\/p>\n\n\n\n<p>Die Jahresmitteltemperatur in Deutschland ist laut den Angaben seit 1881 um 1,8 Grad Celsius gestiegen, was deutlich \u00fcber dem globalen Durchschnitt von 1,1 bis 1,2 Grad liegt. Fuchs erl\u00e4uterte, dass sich Landregionen generell schneller erw\u00e4rmen als Meeresregionen.<\/p>\n\n\n\n<p>Er wies auch auf die Rolle des Klimaph\u00e4nomens <a href=\"https:\/\/wiki.bildungsserver.de\/klimawandel\/index.php\/ENSO\" target=\"_blank\" rel=\"noreferrer noopener\">El&nbsp;Ni\u00f1o<\/a> hin, das W\u00e4rme aus den Meeren in die Atmosph\u00e4re abgibt und dadurch zur globalen Temperatursteigerung beitr\u00e4gt.<\/p>\n\n\n\n<h4 class=\"wp-block-heading\">Ein nasses Fr\u00fchjahr stoppt den Trend nicht<\/h4>\n\n\n\n<p>Laut dem Faktenpapier lagen die Temperaturen von Juni bis August aber auch weltweit \u00fcber dem bisherigen Rekordwert von 2023. Die starken Waldbr\u00e4nde in den USA, die viel zu hohen Wassertemperaturen im Mittelmeer und die <a href=\"https:\/\/www.klimareporter.de\/erdsystem\/der-staerkste-regen-aller-zeiten\" target=\"_blank\" rel=\"noreferrer noopener\">starken Regenf\u00e4lle<\/a> in Zentraleuropa sind zumindest anteilig darauf zur\u00fcckzuf\u00fchren. Auf der Zugspitze nahm die Zahl der frostfreien Tage im Sommer deutlich zu.<\/p>\n\n\n\n<p>Zus\u00e4tzlich kommt es auch zu st\u00e4rkerer Hitzebelastung. Die Zahl der <a href=\"https:\/\/www.dwd.de\/DE\/service\/lexikon\/Functions\/glossar.html?lv3=101162&amp;lv2=101094\" target=\"_blank\" rel=\"noreferrer noopener\">hei\u00dfen Tage<\/a> in Deutschland mit Temperaturspitzen ab 30 Grad hat sich seit den 1950er Jahren von drei auf durchschnittlich elf Tage im Jahr erh\u00f6ht. Ohne wirksamen Klimaschutz k\u00f6nnte sich die hei\u00dfe Phase zwischen 2031 und 2060 ausweiten, besonders in Nord- und S\u00fcddeutschland.<\/p>\n\n\n<div class=\"wp-block-image\">\n<figure class=\"alignleft size-full is-resized\"><a href=\"https:\/\/www.sonnenseite.com\/wp-content\/uploads\/2024\/09\/AndreasSchwarzkopf_2018_Freiburg.jpg\"><img loading=\"lazy\" decoding=\"async\" width=\"749\" height=\"500\" src=\"https:\/\/www.sonnenseite.com\/wp-content\/uploads\/2024\/09\/AndreasSchwarzkopf_2018_Freiburg.jpg\" alt=\"\" class=\"wp-image-102133\" style=\"width:411px;height:auto\" srcset=\"https:\/\/www.sonnenseite.com\/wp-content\/uploads\/2024\/09\/AndreasSchwarzkopf_2018_Freiburg.jpg 749w, https:\/\/www.sonnenseite.com\/wp-content\/uploads\/2024\/09\/AndreasSchwarzkopf_2018_Freiburg-300x200.jpg 300w\" sizes=\"auto, (max-width: 749px) 100vw, 749px\" \/><\/a><figcaption class=\"wp-element-caption\">Kein Wasser, kein Rasen, kein k\u00fchles Fleckchen: Hitzewellen wie 2018, hier im s\u00fcdbadischen Freiburg, wird es \u00f6fter geben. (Bild: Andreas Schwarzkopf\/\u200bWikimedia Commons)<\/figcaption><\/figure>\n<\/div>\n\n\n<p><a href=\"https:\/\/www.klimareporter.de\/images\/karo3imgmanager\/resized\/6401-6500\/Trockener_Gewerbekanal_am_KG_I_im_D__rresommer_2018_in_Freiburg-6410-1100-733-80-c.webp\"><\/a>Fuchs warnte: &#8222;In einer <a href=\"https:\/\/www.klimareporter.de\/gesellschaft\/wenn-die-heimat-keine-geborgenheit-mehr-bietet\" target=\"_blank\" rel=\"noreferrer noopener\">Stadt wie Freiburg<\/a> k\u00f6nnte an fast jedem zehnten Tag die 30-Grad-Marke \u00fcberschritten werden.&#8220; Hitzewellen gef\u00e4hrden besonders verletzliche Gruppen wie Kinder und \u00c4ltere und f\u00fchren zu schnelleren Verdunstungsraten, was D\u00fcrren beg\u00fcnstigt. Der DWD verzeichnet eine Zunahme trockener Fr\u00fchjahre und Sommer.<\/p>\n\n\n\n<p>Fuchs betonte, dass Ausnahmen wie das vergangene nasse Fr\u00fchjahr diesen Trend nicht widerlegen. Um sich anzupassen, m\u00fcsse die Landwirtschaft hitze- und trockenheitsresistente Pflanzen anbauen. Auch der Wasserverbrauch m\u00fcsse gesenkt werden.<\/p>\n\n\n\n<p>Positiv wird bewertet, dass im ersten Halbjahr 2024 <a href=\"https:\/\/www.umweltbundesamt.de\/presse\/pressemitteilungen\/erstes-halbjahr-2024-erneuerbare-stromerzeugung\" target=\"_blank\" rel=\"noreferrer noopener\">\u00fcber 60 Prozent<\/a> der Netto-Stromerzeugung aus erneuerbaren Energien stammten. Doch die Fortschritte reichten nicht aus. Der Meteorologe <a href=\"https:\/\/www.klimareporter.de\/gesellschaft\/wir-pumpen-immer-mehr-energie-in-die-atmosphaere\" target=\"_blank\" rel=\"noreferrer noopener\">Sven Pl\u00f6ger<\/a> warnte: Die Menschheit emittiert mehr CO<sub>2<\/sub> als je zuvor und bewegt sich auf einem Pfad zu 2,7 Grad globaler Erw\u00e4rmung im Vergleich zum vorindustriellen Niveau.<\/p>\n\n\n\n<h4 class=\"wp-block-heading\">Ruf nach mehr Bildung und besserer Kommunikation<\/h4>\n\n\n\n<p>Pl\u00f6ger sieht \u00c4ngste vor Wohlstandsverlust als Hemmnis f\u00fcr den Klimaschutz. Auch der Hinweis auf <a href=\"https:\/\/www.klimareporter.de\/international\/quaschning-erklaert-china-ist-schuld\" target=\"_blank\" rel=\"noreferrer noopener\">andere L\u00e4nder<\/a>, die mehr emittieren w\u00fcrden als Deutschland, sei nicht hilfreich. &#8222;Wir tragen eine Verantwortung, die wir nicht ausreichend wahrnehmen&#8220;, betonte der Meteorologe.<\/p>\n\n\n\n<p>Bildung und bessere <a href=\"https:\/\/www.klimareporter.de\/tag\/klimakommunikation\" target=\"_blank\" rel=\"noreferrer noopener\">Kommunikation<\/a> sind ihm zufolge notwendig, um falsche Klimabehauptungen zu entlarven. Insbesondere m\u00fcsse mehr \u00fcber die Chancen von Klimaanpassung und Klimaschutz gesprochen werden.<\/p>\n\n\n\n<p>Auch der Arzt und Wissenschaftsjournalist <a href=\"https:\/\/de.wikipedia.org\/wiki\/Eckart_von_Hirschhausen\" target=\"_blank\" rel=\"noreferrer noopener\">Eckart von Hirschhausen<\/a> forderte einen Perspektivwechsel in der Kommunikation. Statt von &#8222;Jahrhunderthochwasser&#8220; solle man lieber von einem &#8222;Hochwasserjahrhundert&#8220; sprechen.<\/p>\n\n\n\n<p>Zudem verwies Hirschhausen darauf, dass die Klimakrise nach Ansicht von WHO, \u00c4rztekammer und anderen Fachorganisationen die mit Abstand gr\u00f6\u00dfte <a href=\"https:\/\/www.klimareporter.de\/gesellschaft\/gesundheitsexpertinnen-fordern-ausstieg-aus-fossilen-energien\" target=\"_blank\" rel=\"noreferrer noopener\">Gesundheitsgefahr<\/a> des 21. Jahrhunderts sei. Eine verst\u00e4rkte Thematisierung der gesundheitlichen Risiken k\u00f6nne mehr Menschen zum Handeln bewegen, auch m\u00fcssten die Verhinderer des Klimaschutzes mehr in den Fokus ger\u00fcckt werden.<\/p>\n\n\n\n<p><a href=\"https:\/\/www.econ-referenten.de\/redner\/frank-boettcher\/\" target=\"_blank\" rel=\"noreferrer noopener\">Frank B\u00f6ttcher<\/a>, Meteorologe und Organisator der Veranstaltung, pl\u00e4dierte f\u00fcr ver\u00e4nderte Rahmenbedingungen: Produkte, die den Planeten sch\u00e4digen, m\u00fcssten teurer sein als nachhaltige Alternativen.<\/p>\n\n\n\n<p>Die Gesellschaft m\u00fcsse gemeinsam auf Ver\u00e4nderung hinarbeiten. &#8222;Wenn wir das nicht schaffen, fliegt uns das System um die Ohren&#8220;, warnte B\u00f6ttcher, blieb jedoch optimistisch, dass die Menschheit den Wandel schaffen k\u00f6nnte.<\/p>\n\n\n\n<p>Der Extremwetterkongress findet zum ersten Mal zusammen mit der <a href=\"https:\/\/klimamanagementtagung.de\/\" target=\"_blank\" rel=\"noreferrer noopener\">Deutschen Klimamanagementtagung<\/a> statt. In \u00fcber 40 Workshops geht es um konkrete Klimaschutz- und Anpassungsma\u00dfnahmen, etwa um Starkregenvorsorge, kommunale W\u00e4rmeplanung und Klimafolgekosten.<\/p>\n\n\n<h5 class=\"green\">Quelle<\/h5>\r\n\n\n\n<p>Der Bericht wurde von der\u00a0<a href=\"https:\/\/www.klimareporter.de\/gesellschaft\/vom-jahrhunderthochwasser-zum-hochwasserjahrhundert\">Redaktion \u201eklimareporter.de\u201c (Christina Mikalo) 2024<\/a>\u00a0verfasst &#8211; der Artikel darf nicht ohne Genehmigung\u00a0(<a href=\"mailto:post@klimareporter.de\">post@klimareporter.de<\/a>) weiterverbreitet werden!\u00a0(Bild: <a href=\"https:\/\/commons.wikimedia.org\/wiki\/File:Trockener_Gewerbekanal_am_KG_I_im_D%C3%BCrresommer_2018_in_Freiburg.jpg\" target=\"_blank\" rel=\"noreferrer noopener\">Andreas Schwarzkopf\/\u200bWikimedia Commons<\/a>)<\/p>\n<div class=\"shariff shariff-align-flex-start shariff-widget-align-flex-start\"><div class=\"ShariffHeadline\">Diese Meldung teilen<\/div><ul class=\"shariff-buttons theme-round orientation-horizontal buttonsize-medium\"><li class=\"shariff-button facebook shariff-nocustomcolor\" style=\"background-color:#4273c8;border-radius:1%\"><a href=\"https:\/\/www.facebook.com\/sharer\/sharer.php?u=https%3A%2F%2Fwww.sonnenseite.com%2Fde%2Fumwelt%2Fextremwetter-vom-jahrhunderthochwasser-zum-hochwasserjahrhundert%2F\" title=\"Bei Facebook teilen\" aria-label=\"Bei Facebook teilen\" role=\"button\" rel=\"nofollow\" class=\"shariff-link\" style=\";border-radius:1%; background-color:#3b5998; color:#fff\" target=\"_blank\"><span class=\"shariff-icon\" style=\"\"><svg width=\"32px\" height=\"20px\" xmlns=\"http:\/\/www.w3.org\/2000\/svg\" viewBox=\"0 0 18 32\"><path fill=\"#3b5998\" d=\"M17.1 0.2v4.7h-2.8q-1.5 0-2.1 0.6t-0.5 1.9v3.4h5.2l-0.7 5.3h-4.5v13.6h-5.5v-13.6h-4.5v-5.3h4.5v-3.9q0-3.3 1.9-5.2t5-1.8q2.6 0 4.1 0.2z\"\/><\/svg><\/span><\/a><\/li><li class=\"shariff-button twitter shariff-nocustomcolor\" style=\"background-color:#595959;border-radius:1%\"><a href=\"https:\/\/twitter.com\/share?url=https%3A%2F%2Fwww.sonnenseite.com%2Fde%2Fumwelt%2Fextremwetter-vom-jahrhunderthochwasser-zum-hochwasserjahrhundert%2F&text=Extremwetter%3A%20Vom%20%E2%80%9EJahrhundert%C2%ADhochwasser%E2%80%9C%20zum%20%E2%80%9EHochwasser%C2%ADjahrhundert%E2%80%9C\" title=\"Bei X teilen\" aria-label=\"Bei X teilen\" role=\"button\" rel=\"noopener nofollow\" class=\"shariff-link\" style=\";border-radius:1%; background-color:#000; color:#fff\" target=\"_blank\"><span class=\"shariff-icon\" style=\"\"><svg width=\"32px\" height=\"20px\" xmlns=\"http:\/\/www.w3.org\/2000\/svg\" viewBox=\"0 0 24 24\"><path fill=\"#000\" d=\"M14.258 10.152L23.176 0h-2.113l-7.747 8.813L7.133 0H0l9.352 13.328L0 23.973h2.113l8.176-9.309 6.531 9.309h7.133zm-2.895 3.293l-.949-1.328L2.875 1.56h3.246l6.086 8.523.945 1.328 7.91 11.078h-3.246zm0 0\"\/><\/svg><\/span><\/a><\/li><li class=\"shariff-button xing shariff-nocustomcolor\" style=\"background-color:#29888a;border-radius:1%\"><a href=\"https:\/\/www.xing.com\/spi\/shares\/new?url=https%3A%2F%2Fwww.sonnenseite.com%2Fde%2Fumwelt%2Fextremwetter-vom-jahrhunderthochwasser-zum-hochwasserjahrhundert%2F\" title=\"Bei XING teilen\" aria-label=\"Bei XING teilen\" role=\"button\" rel=\"noopener nofollow\" class=\"shariff-link\" style=\";border-radius:1%; background-color:#126567; color:#fff\" target=\"_blank\"><span class=\"shariff-icon\" style=\"\"><svg width=\"32px\" height=\"20px\" xmlns=\"http:\/\/www.w3.org\/2000\/svg\" viewBox=\"0 0 25 32\"><path fill=\"#126567\" d=\"M10.7 11.9q-0.2 0.3-4.6 8.2-0.5 0.8-1.2 0.8h-4.3q-0.4 0-0.5-0.3t0-0.6l4.5-8q0 0 0 0l-2.9-5q-0.2-0.4 0-0.7 0.2-0.3 0.5-0.3h4.3q0.7 0 1.2 0.8zM25.1 0.4q0.2 0.3 0 0.7l-9.4 16.7 6 11q0.2 0.4 0 0.6-0.2 0.3-0.6 0.3h-4.3q-0.7 0-1.2-0.8l-6-11.1q0.3-0.6 9.5-16.8 0.4-0.8 1.2-0.8h4.3q0.4 0 0.5 0.3z\"\/><\/svg><\/span><\/a><\/li><li class=\"shariff-button linkedin shariff-nocustomcolor\" style=\"background-color:#1488bf;border-radius:1%\"><a href=\"https:\/\/www.linkedin.com\/sharing\/share-offsite\/?url=https%3A%2F%2Fwww.sonnenseite.com%2Fde%2Fumwelt%2Fextremwetter-vom-jahrhunderthochwasser-zum-hochwasserjahrhundert%2F\" title=\"Bei LinkedIn teilen\" aria-label=\"Bei LinkedIn teilen\" role=\"button\" rel=\"noopener nofollow\" class=\"shariff-link\" style=\";border-radius:1%; background-color:#0077b5; color:#fff\" target=\"_blank\"><span class=\"shariff-icon\" style=\"\"><svg width=\"32px\" height=\"20px\" xmlns=\"http:\/\/www.w3.org\/2000\/svg\" viewBox=\"0 0 27 32\"><path fill=\"#0077b5\" d=\"M6.2 11.2v17.7h-5.9v-17.7h5.9zM6.6 5.7q0 1.3-0.9 2.2t-2.4 0.9h0q-1.5 0-2.4-0.9t-0.9-2.2 0.9-2.2 2.4-0.9 2.4 0.9 0.9 2.2zM27.4 18.7v10.1h-5.9v-9.5q0-1.9-0.7-2.9t-2.3-1.1q-1.1 0-1.9 0.6t-1.2 1.5q-0.2 0.5-0.2 1.4v9.9h-5.9q0-7.1 0-11.6t0-5.3l0-0.9h5.9v2.6h0q0.4-0.6 0.7-1t1-0.9 1.6-0.8 2-0.3q3 0 4.9 2t1.9 6z\"\/><\/svg><\/span><\/a><\/li><li class=\"shariff-button printer shariff-nocustomcolor\" style=\"background-color:#a8a8a8;border-radius:1%\"><a href=\"javascript:window.print()\" title=\"drucken\" aria-label=\"drucken\" role=\"button\" rel=\"noopener nofollow\" class=\"shariff-link\" style=\";border-radius:1%; background-color:#999; color:#fff\"><span class=\"shariff-icon\" style=\"\"><svg width=\"32px\" height=\"20px\" xmlns=\"http:\/\/www.w3.org\/2000\/svg\" viewBox=\"0 0 30 32\"><path fill=\"#999\" d=\"M6.8 27.4h16v-4.6h-16v4.6zM6.8 16h16v-6.8h-2.8q-0.7 0-1.2-0.5t-0.5-1.2v-2.8h-11.4v11.4zM27.4 17.2q0-0.5-0.3-0.8t-0.8-0.4-0.8 0.4-0.3 0.8 0.3 0.8 0.8 0.3 0.8-0.3 0.3-0.8zM29.7 17.2v7.4q0 0.2-0.2 0.4t-0.4 0.2h-4v2.8q0 0.7-0.5 1.2t-1.2 0.5h-17.2q-0.7 0-1.2-0.5t-0.5-1.2v-2.8h-4q-0.2 0-0.4-0.2t-0.2-0.4v-7.4q0-1.4 1-2.4t2.4-1h1.2v-9.7q0-0.7 0.5-1.2t1.2-0.5h12q0.7 0 1.6 0.4t1.3 0.8l2.7 2.7q0.5 0.5 0.9 1.4t0.4 1.6v4.6h1.1q1.4 0 2.4 1t1 2.4z\"\/><\/svg><\/span><\/a><\/li><li class=\"shariff-button mailto shariff-nocustomcolor\" style=\"background-color:#a8a8a8;border-radius:1%\"><a href=\"mailto:?body=https%3A%2F%2Fwww.sonnenseite.com%2Fde%2Fumwelt%2Fextremwetter-vom-jahrhunderthochwasser-zum-hochwasserjahrhundert%2F&subject=Extremwetter%3A%20Vom%20%E2%80%9EJahrhundert%C2%ADhochwasser%E2%80%9C%20zum%20%E2%80%9EHochwasser%C2%ADjahrhundert%E2%80%9C\" title=\"Per E-Mail versenden\" aria-label=\"Per E-Mail versenden\" role=\"button\" rel=\"noopener nofollow\" class=\"shariff-link\" style=\";border-radius:1%; background-color:#999; color:#fff\"><span class=\"shariff-icon\" style=\"\"><svg width=\"32px\" height=\"20px\" xmlns=\"http:\/\/www.w3.org\/2000\/svg\" viewBox=\"0 0 32 32\"><path fill=\"#999\" d=\"M32 12.7v14.2q0 1.2-0.8 2t-2 0.9h-26.3q-1.2 0-2-0.9t-0.8-2v-14.2q0.8 0.9 1.8 1.6 6.5 4.4 8.9 6.1 1 0.8 1.6 1.2t1.7 0.9 2 0.4h0.1q0.9 0 2-0.4t1.7-0.9 1.6-1.2q3-2.2 8.9-6.1 1-0.7 1.8-1.6zM32 7.4q0 1.4-0.9 2.7t-2.2 2.2q-6.7 4.7-8.4 5.8-0.2 0.1-0.7 0.5t-1 0.7-0.9 0.6-1.1 0.5-0.9 0.2h-0.1q-0.4 0-0.9-0.2t-1.1-0.5-0.9-0.6-1-0.7-0.7-0.5q-1.6-1.1-4.7-3.2t-3.6-2.6q-1.1-0.7-2.1-2t-1-2.5q0-1.4 0.7-2.3t2.1-0.9h26.3q1.2 0 2 0.8t0.9 2z\"\/><\/svg><\/span><\/a><\/li><\/ul><\/div>","protected":false},"excerpt":{"rendered":"<p>Neue Fakten zum Klimawandel pr\u00e4sentiert der Extremwetter-Kongress. 2024 gab es nicht nur Hitzerekorde, auch andere Wetterextreme [&hellip;]<\/p>\n","protected":false},"author":3,"featured_media":72927,"comment_status":"closed","ping_status":"closed","sticky":false,"template":"","format":"standard","meta":{"inline_featured_image":false,"footnotes":""},"categories":[23],"tags":[],"class_list":["post-102131","post","type-post","status-publish","format-standard","has-post-thumbnail","hentry","category-umwelt"],"yoast_head":"<!-- This site is optimized with the Yoast SEO plugin v26.5 - https:\/\/yoast.com\/wordpress\/plugins\/seo\/ -->\n<title>Extremwetter: Vom &quot;Jahrhundert\u00adhochwasser&quot; zum &quot;Hochwasser\u00adjahrhundert&quot; - Sonnenseite - \u00d6kologische Kommunikation mit Franz Alt<\/title>\n<meta name=\"description\" content=\"Neue Fakten zum Klimawandel pr\u00e4sentiert der Extremwetter-Kongress. 2024 gab es nicht nur Hitzerekorde, auch andere Wetterextreme wurden intensiver.\" \/>\n<meta name=\"robots\" content=\"index, follow, max-snippet:-1, max-image-preview:large, max-video-preview:-1\" \/>\n<link rel=\"canonical\" href=\"https:\/\/www.sonnenseite.com\/de\/umwelt\/extremwetter-vom-jahrhunderthochwasser-zum-hochwasserjahrhundert\/\" \/>\n<meta property=\"og:locale\" content=\"de_DE\" \/>\n<meta property=\"og:type\" content=\"article\" \/>\n<meta property=\"og:title\" content=\"Extremwetter: Vom &quot;Jahrhundert\u00adhochwasser&quot; zum &quot;Hochwasser\u00adjahrhundert&quot; - Sonnenseite - \u00d6kologische Kommunikation mit Franz Alt\" \/>\n<meta property=\"og:description\" content=\"Neue Fakten zum Klimawandel pr\u00e4sentiert der Extremwetter-Kongress. 2024 gab es nicht nur Hitzerekorde, auch andere Wetterextreme wurden intensiver.\" \/>\n<meta property=\"og:url\" content=\"https:\/\/www.sonnenseite.com\/de\/umwelt\/extremwetter-vom-jahrhunderthochwasser-zum-hochwasserjahrhundert\/\" \/>\n<meta property=\"og:site_name\" content=\"Sonnenseite\" \/>\n<meta property=\"article:publisher\" content=\"https:\/\/www.facebook.com\/pages\/Franz-Alt-SONNENSEITECOM\/221072987903953?fref=ts\" \/>\n<meta property=\"article:published_time\" content=\"2024-09-27T07:31:41+00:00\" \/>\n<meta property=\"article:modified_time\" content=\"2024-10-13T06:52:41+00:00\" \/>\n<meta property=\"og:image\" content=\"https:\/\/www.sonnenseite.com\/wp-content\/uploads\/2021\/07\/Hochwasser_MarkusDistelrath.jpg\" \/>\n\t<meta property=\"og:image:width\" content=\"770\" \/>\n\t<meta property=\"og:image:height\" content=\"420\" \/>\n\t<meta property=\"og:image:type\" content=\"image\/jpeg\" \/>\n<meta name=\"author\" content=\"Bigi Alt\" \/>\n<meta name=\"twitter:card\" content=\"summary_large_image\" \/>\n<meta name=\"twitter:creator\" content=\"@franzalt\" \/>\n<meta name=\"twitter:site\" content=\"@franzalt\" \/>\n<meta name=\"twitter:label1\" content=\"Verfasst von\" \/>\n\t<meta name=\"twitter:data1\" content=\"Bigi Alt\" \/>\n\t<meta name=\"twitter:label2\" content=\"Gesch\u00e4tzte Lesezeit\" \/>\n\t<meta name=\"twitter:data2\" content=\"5\u00a0Minuten\" \/>\n<script type=\"application\/ld+json\" class=\"yoast-schema-graph\">{\"@context\":\"https:\/\/schema.org\",\"@graph\":[{\"@type\":\"Article\",\"@id\":\"https:\/\/www.sonnenseite.com\/de\/umwelt\/extremwetter-vom-jahrhunderthochwasser-zum-hochwasserjahrhundert\/#article\",\"isPartOf\":{\"@id\":\"https:\/\/www.sonnenseite.com\/de\/umwelt\/extremwetter-vom-jahrhunderthochwasser-zum-hochwasserjahrhundert\/\"},\"author\":{\"name\":\"Bigi Alt\",\"@id\":\"https:\/\/www.sonnenseite.com\/de\/#\/schema\/person\/50fda0e926597684c7cc6695238a4eb9\"},\"headline\":\"Extremwetter: Vom &#8222;Jahrhundert\u00adhochwasser&#8220; zum &#8222;Hochwasser\u00adjahrhundert&#8220;\",\"datePublished\":\"2024-09-27T07:31:41+00:00\",\"dateModified\":\"2024-10-13T06:52:41+00:00\",\"mainEntityOfPage\":{\"@id\":\"https:\/\/www.sonnenseite.com\/de\/umwelt\/extremwetter-vom-jahrhunderthochwasser-zum-hochwasserjahrhundert\/\"},\"wordCount\":783,\"publisher\":{\"@id\":\"https:\/\/www.sonnenseite.com\/de\/#organization\"},\"image\":{\"@id\":\"https:\/\/www.sonnenseite.com\/de\/umwelt\/extremwetter-vom-jahrhunderthochwasser-zum-hochwasserjahrhundert\/#primaryimage\"},\"thumbnailUrl\":\"https:\/\/www.sonnenseite.com\/wp-content\/uploads\/2021\/07\/Hochwasser_MarkusDistelrath.jpg\",\"articleSection\":[\"Umwelt\"],\"inLanguage\":\"de\"},{\"@type\":\"WebPage\",\"@id\":\"https:\/\/www.sonnenseite.com\/de\/umwelt\/extremwetter-vom-jahrhunderthochwasser-zum-hochwasserjahrhundert\/\",\"url\":\"https:\/\/www.sonnenseite.com\/de\/umwelt\/extremwetter-vom-jahrhunderthochwasser-zum-hochwasserjahrhundert\/\",\"name\":\"Extremwetter: Vom \\\"Jahrhundert\u00adhochwasser\\\" zum \\\"Hochwasser\u00adjahrhundert\\\" - Sonnenseite - \u00d6kologische Kommunikation mit Franz Alt\",\"isPartOf\":{\"@id\":\"https:\/\/www.sonnenseite.com\/de\/#website\"},\"primaryImageOfPage\":{\"@id\":\"https:\/\/www.sonnenseite.com\/de\/umwelt\/extremwetter-vom-jahrhunderthochwasser-zum-hochwasserjahrhundert\/#primaryimage\"},\"image\":{\"@id\":\"https:\/\/www.sonnenseite.com\/de\/umwelt\/extremwetter-vom-jahrhunderthochwasser-zum-hochwasserjahrhundert\/#primaryimage\"},\"thumbnailUrl\":\"https:\/\/www.sonnenseite.com\/wp-content\/uploads\/2021\/07\/Hochwasser_MarkusDistelrath.jpg\",\"datePublished\":\"2024-09-27T07:31:41+00:00\",\"dateModified\":\"2024-10-13T06:52:41+00:00\",\"description\":\"Neue Fakten zum Klimawandel pr\u00e4sentiert der Extremwetter-Kongress. 2024 gab es nicht nur Hitzerekorde, auch andere Wetterextreme wurden intensiver.\",\"breadcrumb\":{\"@id\":\"https:\/\/www.sonnenseite.com\/de\/umwelt\/extremwetter-vom-jahrhunderthochwasser-zum-hochwasserjahrhundert\/#breadcrumb\"},\"inLanguage\":\"de\",\"potentialAction\":[{\"@type\":\"ReadAction\",\"target\":[\"https:\/\/www.sonnenseite.com\/de\/umwelt\/extremwetter-vom-jahrhunderthochwasser-zum-hochwasserjahrhundert\/\"]}]},{\"@type\":\"ImageObject\",\"inLanguage\":\"de\",\"@id\":\"https:\/\/www.sonnenseite.com\/de\/umwelt\/extremwetter-vom-jahrhunderthochwasser-zum-hochwasserjahrhundert\/#primaryimage\",\"url\":\"https:\/\/www.sonnenseite.com\/wp-content\/uploads\/2021\/07\/Hochwasser_MarkusDistelrath.jpg\",\"contentUrl\":\"https:\/\/www.sonnenseite.com\/wp-content\/uploads\/2021\/07\/Hochwasser_MarkusDistelrath.jpg\",\"width\":770,\"height\":420,\"caption\":\"pixabay.com | Markus Distelrath\"},{\"@type\":\"BreadcrumbList\",\"@id\":\"https:\/\/www.sonnenseite.com\/de\/umwelt\/extremwetter-vom-jahrhunderthochwasser-zum-hochwasserjahrhundert\/#breadcrumb\",\"itemListElement\":[{\"@type\":\"ListItem\",\"position\":1,\"name\":\"Startseite\",\"item\":\"https:\/\/www.sonnenseite.com\/de\/\"},{\"@type\":\"ListItem\",\"position\":2,\"name\":\"Extremwetter: Vom &#8222;Jahrhundert\u00adhochwasser&#8220; zum &#8222;Hochwasser\u00adjahrhundert&#8220;\"}]},{\"@type\":\"WebSite\",\"@id\":\"https:\/\/www.sonnenseite.com\/de\/#website\",\"url\":\"https:\/\/www.sonnenseite.com\/de\/\",\"name\":\"Sonnenseite\",\"description\":\"\u00d6kologische Kommunikation mit Franz Alt\",\"publisher\":{\"@id\":\"https:\/\/www.sonnenseite.com\/de\/#organization\"},\"potentialAction\":[{\"@type\":\"SearchAction\",\"target\":{\"@type\":\"EntryPoint\",\"urlTemplate\":\"https:\/\/www.sonnenseite.com\/de\/?s={search_term_string}\"},\"query-input\":{\"@type\":\"PropertyValueSpecification\",\"valueRequired\":true,\"valueName\":\"search_term_string\"}}],\"inLanguage\":\"de\"},{\"@type\":\"Organization\",\"@id\":\"https:\/\/www.sonnenseite.com\/de\/#organization\",\"name\":\"Sonnenseite\",\"url\":\"https:\/\/www.sonnenseite.com\/de\/\",\"logo\":{\"@type\":\"ImageObject\",\"inLanguage\":\"de\",\"@id\":\"https:\/\/www.sonnenseite.com\/de\/#\/schema\/logo\/image\/\",\"url\":\"https:\/\/www.sonnenseite.com\/wp-content\/uploads\/2020\/05\/Sonnenseite_Logo.png\",\"contentUrl\":\"https:\/\/www.sonnenseite.com\/wp-content\/uploads\/2020\/05\/Sonnenseite_Logo.png\",\"width\":377,\"height\":90,\"caption\":\"Sonnenseite\"},\"image\":{\"@id\":\"https:\/\/www.sonnenseite.com\/de\/#\/schema\/logo\/image\/\"},\"sameAs\":[\"https:\/\/www.facebook.com\/pages\/Franz-Alt-SONNENSEITECOM\/221072987903953?fref=ts\",\"https:\/\/x.com\/franzalt\",\"http:\/\/www.youtube.com\/results?search_query&amp;amp;quot;franz_alt&amp;amp;quot;&amp;amp;amp;amp;search_type&amp;amp;amp;amp;aq=f\"]},{\"@type\":\"Person\",\"@id\":\"https:\/\/www.sonnenseite.com\/de\/#\/schema\/person\/50fda0e926597684c7cc6695238a4eb9\",\"name\":\"Bigi Alt\"}]}<\/script>\n<!-- \/ Yoast SEO plugin. -->","yoast_head_json":{"title":"Extremwetter: Vom \"Jahrhundert\u00adhochwasser\" zum \"Hochwasser\u00adjahrhundert\" - Sonnenseite - \u00d6kologische Kommunikation mit Franz Alt","description":"Neue Fakten zum Klimawandel pr\u00e4sentiert der Extremwetter-Kongress. 2024 gab es nicht nur Hitzerekorde, auch andere Wetterextreme wurden intensiver.","robots":{"index":"index","follow":"follow","max-snippet":"max-snippet:-1","max-image-preview":"max-image-preview:large","max-video-preview":"max-video-preview:-1"},"canonical":"https:\/\/www.sonnenseite.com\/de\/umwelt\/extremwetter-vom-jahrhunderthochwasser-zum-hochwasserjahrhundert\/","og_locale":"de_DE","og_type":"article","og_title":"Extremwetter: Vom \"Jahrhundert\u00adhochwasser\" zum \"Hochwasser\u00adjahrhundert\" - Sonnenseite - \u00d6kologische Kommunikation mit Franz Alt","og_description":"Neue Fakten zum Klimawandel pr\u00e4sentiert der Extremwetter-Kongress. 2024 gab es nicht nur Hitzerekorde, auch andere Wetterextreme wurden intensiver.","og_url":"https:\/\/www.sonnenseite.com\/de\/umwelt\/extremwetter-vom-jahrhunderthochwasser-zum-hochwasserjahrhundert\/","og_site_name":"Sonnenseite","article_publisher":"https:\/\/www.facebook.com\/pages\/Franz-Alt-SONNENSEITECOM\/221072987903953?fref=ts","article_published_time":"2024-09-27T07:31:41+00:00","article_modified_time":"2024-10-13T06:52:41+00:00","og_image":[{"width":770,"height":420,"url":"https:\/\/www.sonnenseite.com\/wp-content\/uploads\/2021\/07\/Hochwasser_MarkusDistelrath.jpg","type":"image\/jpeg"}],"author":"Bigi Alt","twitter_card":"summary_large_image","twitter_creator":"@franzalt","twitter_site":"@franzalt","twitter_misc":{"Verfasst von":"Bigi Alt","Gesch\u00e4tzte Lesezeit":"5\u00a0Minuten"},"schema":{"@context":"https:\/\/schema.org","@graph":[{"@type":"Article","@id":"https:\/\/www.sonnenseite.com\/de\/umwelt\/extremwetter-vom-jahrhunderthochwasser-zum-hochwasserjahrhundert\/#article","isPartOf":{"@id":"https:\/\/www.sonnenseite.com\/de\/umwelt\/extremwetter-vom-jahrhunderthochwasser-zum-hochwasserjahrhundert\/"},"author":{"name":"Bigi Alt","@id":"https:\/\/www.sonnenseite.com\/de\/#\/schema\/person\/50fda0e926597684c7cc6695238a4eb9"},"headline":"Extremwetter: Vom &#8222;Jahrhundert\u00adhochwasser&#8220; zum &#8222;Hochwasser\u00adjahrhundert&#8220;","datePublished":"2024-09-27T07:31:41+00:00","dateModified":"2024-10-13T06:52:41+00:00","mainEntityOfPage":{"@id":"https:\/\/www.sonnenseite.com\/de\/umwelt\/extremwetter-vom-jahrhunderthochwasser-zum-hochwasserjahrhundert\/"},"wordCount":783,"publisher":{"@id":"https:\/\/www.sonnenseite.com\/de\/#organization"},"image":{"@id":"https:\/\/www.sonnenseite.com\/de\/umwelt\/extremwetter-vom-jahrhunderthochwasser-zum-hochwasserjahrhundert\/#primaryimage"},"thumbnailUrl":"https:\/\/www.sonnenseite.com\/wp-content\/uploads\/2021\/07\/Hochwasser_MarkusDistelrath.jpg","articleSection":["Umwelt"],"inLanguage":"de"},{"@type":"WebPage","@id":"https:\/\/www.sonnenseite.com\/de\/umwelt\/extremwetter-vom-jahrhunderthochwasser-zum-hochwasserjahrhundert\/","url":"https:\/\/www.sonnenseite.com\/de\/umwelt\/extremwetter-vom-jahrhunderthochwasser-zum-hochwasserjahrhundert\/","name":"Extremwetter: Vom \"Jahrhundert\u00adhochwasser\" zum \"Hochwasser\u00adjahrhundert\" - Sonnenseite - \u00d6kologische Kommunikation mit Franz Alt","isPartOf":{"@id":"https:\/\/www.sonnenseite.com\/de\/#website"},"primaryImageOfPage":{"@id":"https:\/\/www.sonnenseite.com\/de\/umwelt\/extremwetter-vom-jahrhunderthochwasser-zum-hochwasserjahrhundert\/#primaryimage"},"image":{"@id":"https:\/\/www.sonnenseite.com\/de\/umwelt\/extremwetter-vom-jahrhunderthochwasser-zum-hochwasserjahrhundert\/#primaryimage"},"thumbnailUrl":"https:\/\/www.sonnenseite.com\/wp-content\/uploads\/2021\/07\/Hochwasser_MarkusDistelrath.jpg","datePublished":"2024-09-27T07:31:41+00:00","dateModified":"2024-10-13T06:52:41+00:00","description":"Neue Fakten zum Klimawandel pr\u00e4sentiert der Extremwetter-Kongress. 2024 gab es nicht nur Hitzerekorde, auch andere Wetterextreme wurden intensiver.","breadcrumb":{"@id":"https:\/\/www.sonnenseite.com\/de\/umwelt\/extremwetter-vom-jahrhunderthochwasser-zum-hochwasserjahrhundert\/#breadcrumb"},"inLanguage":"de","potentialAction":[{"@type":"ReadAction","target":["https:\/\/www.sonnenseite.com\/de\/umwelt\/extremwetter-vom-jahrhunderthochwasser-zum-hochwasserjahrhundert\/"]}]},{"@type":"ImageObject","inLanguage":"de","@id":"https:\/\/www.sonnenseite.com\/de\/umwelt\/extremwetter-vom-jahrhunderthochwasser-zum-hochwasserjahrhundert\/#primaryimage","url":"https:\/\/www.sonnenseite.com\/wp-content\/uploads\/2021\/07\/Hochwasser_MarkusDistelrath.jpg","contentUrl":"https:\/\/www.sonnenseite.com\/wp-content\/uploads\/2021\/07\/Hochwasser_MarkusDistelrath.jpg","width":770,"height":420,"caption":"pixabay.com | Markus Distelrath"},{"@type":"BreadcrumbList","@id":"https:\/\/www.sonnenseite.com\/de\/umwelt\/extremwetter-vom-jahrhunderthochwasser-zum-hochwasserjahrhundert\/#breadcrumb","itemListElement":[{"@type":"ListItem","position":1,"name":"Startseite","item":"https:\/\/www.sonnenseite.com\/de\/"},{"@type":"ListItem","position":2,"name":"Extremwetter: Vom &#8222;Jahrhundert\u00adhochwasser&#8220; zum &#8222;Hochwasser\u00adjahrhundert&#8220;"}]},{"@type":"WebSite","@id":"https:\/\/www.sonnenseite.com\/de\/#website","url":"https:\/\/www.sonnenseite.com\/de\/","name":"Sonnenseite","description":"\u00d6kologische Kommunikation mit Franz Alt","publisher":{"@id":"https:\/\/www.sonnenseite.com\/de\/#organization"},"potentialAction":[{"@type":"SearchAction","target":{"@type":"EntryPoint","urlTemplate":"https:\/\/www.sonnenseite.com\/de\/?s={search_term_string}"},"query-input":{"@type":"PropertyValueSpecification","valueRequired":true,"valueName":"search_term_string"}}],"inLanguage":"de"},{"@type":"Organization","@id":"https:\/\/www.sonnenseite.com\/de\/#organization","name":"Sonnenseite","url":"https:\/\/www.sonnenseite.com\/de\/","logo":{"@type":"ImageObject","inLanguage":"de","@id":"https:\/\/www.sonnenseite.com\/de\/#\/schema\/logo\/image\/","url":"https:\/\/www.sonnenseite.com\/wp-content\/uploads\/2020\/05\/Sonnenseite_Logo.png","contentUrl":"https:\/\/www.sonnenseite.com\/wp-content\/uploads\/2020\/05\/Sonnenseite_Logo.png","width":377,"height":90,"caption":"Sonnenseite"},"image":{"@id":"https:\/\/www.sonnenseite.com\/de\/#\/schema\/logo\/image\/"},"sameAs":["https:\/\/www.facebook.com\/pages\/Franz-Alt-SONNENSEITECOM\/221072987903953?fref=ts","https:\/\/x.com\/franzalt","http:\/\/www.youtube.com\/results?search_query&amp;amp;quot;franz_alt&amp;amp;quot;&amp;amp;amp;amp;search_type&amp;amp;amp;amp;aq=f"]},{"@type":"Person","@id":"https:\/\/www.sonnenseite.com\/de\/#\/schema\/person\/50fda0e926597684c7cc6695238a4eb9","name":"Bigi Alt"}]}},"_links":{"self":[{"href":"https:\/\/www.sonnenseite.com\/de\/wp-json\/wp\/v2\/posts\/102131","targetHints":{"allow":["GET"]}}],"collection":[{"href":"https:\/\/www.sonnenseite.com\/de\/wp-json\/wp\/v2\/posts"}],"about":[{"href":"https:\/\/www.sonnenseite.com\/de\/wp-json\/wp\/v2\/types\/post"}],"author":[{"embeddable":true,"href":"https:\/\/www.sonnenseite.com\/de\/wp-json\/wp\/v2\/users\/3"}],"replies":[{"embeddable":true,"href":"https:\/\/www.sonnenseite.com\/de\/wp-json\/wp\/v2\/comments?post=102131"}],"version-history":[{"count":2,"href":"https:\/\/www.sonnenseite.com\/de\/wp-json\/wp\/v2\/posts\/102131\/revisions"}],"predecessor-version":[{"id":102135,"href":"https:\/\/www.sonnenseite.com\/de\/wp-json\/wp\/v2\/posts\/102131\/revisions\/102135"}],"wp:featuredmedia":[{"embeddable":true,"href":"https:\/\/www.sonnenseite.com\/de\/wp-json\/wp\/v2\/media\/72927"}],"wp:attachment":[{"href":"https:\/\/www.sonnenseite.com\/de\/wp-json\/wp\/v2\/media?parent=102131"}],"wp:term":[{"taxonomy":"category","embeddable":true,"href":"https:\/\/www.sonnenseite.com\/de\/wp-json\/wp\/v2\/categories?post=102131"},{"taxonomy":"post_tag","embeddable":true,"href":"https:\/\/www.sonnenseite.com\/de\/wp-json\/wp\/v2\/tags?post=102131"}],"curies":[{"name":"wp","href":"https:\/\/api.w.org\/{rel}","templated":true}]}}