{"id":102293,"date":"2024-10-02T10:23:58","date_gmt":"2024-10-02T08:23:58","guid":{"rendered":"https:\/\/www.sonnenseite.com\/?p=102293"},"modified":"2024-10-02T10:23:59","modified_gmt":"2024-10-02T08:23:59","slug":"faktencheck-deutschlands-artenvielfalt-ist-bedroht","status":"publish","type":"post","link":"https:\/\/www.sonnenseite.com\/de\/umwelt\/faktencheck-deutschlands-artenvielfalt-ist-bedroht\/","title":{"rendered":"Faktencheck: Deutschlands Artenvielfalt ist bedroht"},"content":{"rendered":"\n<p>Erste umfassende Analyse zur Artenvielfalt in Deutschland: Mehr als 10.000 Arten sind gef\u00e4hrdet.  Faktencheck Artenvielfalt zeigt erstmals, wie es um die biologische Vielfalt in Deutschland steht.<\/p>\n\n\n\n<p>Welche Arten in welchem Ausma\u00df betroffen sind, zeigt der &#8222;Faktencheck Artenvielfalt&#8220;. Der Bericht ist die erste umfassende Bestandsanalyse zur Artenvielfalt in Deutschland. Mehr als 150 Wissenschaftlerinnen und Wissenschaftler haben hierf\u00fcr \u00fcber 6.000 Publikationen ausgewertet. Forschende der Martin-Luther-Universit\u00e4t Halle-Wittenberg (MLU) waren daran ma\u00dfgeblich beteiligt. Demnach ist knapp ein Drittel der untersuchten heimischen Tier-, Pflanzen- und Pilzarten gef\u00e4hrdet, etwa drei Prozent bereits ausgestorben. Mehr als die H\u00e4lfte der nat\u00fcrlichen Lebensraumtypen in Deutschland weist zudem einen \u00f6kologisch ung\u00fcnstigen Zustand auf, t\u00e4glich verschwinden weitere wertvolle Habitatfl\u00e4chen.<\/p>\n\n\n\n<p>In kaum einem Land wird so viel zur biologischen Vielfalt geforscht wie in Deutschland. F\u00fcr den Faktencheck Artenvielfalt (FA) haben mehr als 150 Wissenschaftler*innen von 75 Institutionen und Verb\u00e4nden nun die Erkenntnisse aus \u00fcber 6.000 Publikationen ausgewertet und in einer eigens daf\u00fcr entwickelten Datenbank zusammengef\u00fchrt. Um langfristige Entwicklungen zu erkennen, haben sie einen bisher noch nicht dagewesenen Datensatz von rund 15.000 Trends aus knapp 6.200 Zeitreihen erstellt und analysiert. &#8222;Der Faktencheck Artenvielfalt ist weltweit eines der ersten Beispiele, wie gro\u00dfe internationale Berichte &#8211; wie die globalen und regionalen Assessments des Weltbiodiversit\u00e4tsrates IPBES &#8211; auf einen nationalen Kontext zugeschnitten aussehen k\u00f6nnen; mit dem Ziel, Handlungsoptionen f\u00fcr die konkrete nationale und subnationale Politik aufzuzeigen und zu entwickeln&#8220;, erkl\u00e4rt Christian Wirth, Professor an der Universit\u00e4t Leipzig und einer der Mitherausgeber des FA.<\/p>\n\n\n\n<p>Die Ergebnisse sind ern\u00fcchternd. Insgesamt sind 60 Prozent der 93 untersuchten Lebensraumtypen in einem unzureichenden oder schlechten Zustand. Am schlechtesten steht es um ehemals artenreiche \u00c4cker und Gr\u00fcnland, Moore, Moorw\u00e4lder, S\u00fcmpfe und Quellen. Der FA stellt nur wenige positive Entwicklungen fest, wie beispielsweise in Laubw\u00e4ldern &#8211; doch diese werden akut vom Klimawandel bedroht.<\/p>\n\n\n\n<h4 class=\"wp-block-heading\">10.000 Arten in Deutschland sind bestandsgef\u00e4hrdet\u00a0<\/h4>\n\n\n\n<p>Von den 72.000 bekannten in Deutschland heimischen Tier-, Pflanzen- und Pilzarten wurden bislang erst 40 Prozent auf die Gef\u00e4hrdung der Population hin untersucht. Von diesen Arten ist fast ein Drittel bestandsgef\u00e4hrdet. Die Gef\u00e4hrdung nimmt zu bei Arten des Agrar- und Offenlandes und in anderen, vor allem in artenreichen Gruppen wie Insekten, Weichtiere oder Pflanzen. &#8222;Die Zeitreihen zeigen, dass sich die Trends der Lebensr\u00e4ume und Populationen nun auch in der biologischen Vielfalt von Lebensgemeinschaften niederschlagen. Naturnahe Lebensgemeinschaften beginnen an Arten zu verarmen. Gleichzeitig sehen wir eine beschleunigte Verschiebung hin zu neuartigen Lebensgemeinschaften mit zunehmendem Anteil gebietsfremder Arten&#8220;, sagt Jori Maylin Marx, Wissenschaftlerin an der Universit\u00e4t Leipzig und Mitherausgeberin des FA.&nbsp;<\/p>\n\n\n\n<p>Besonders wenige Daten gibt es \u00fcber die Bodenbiodiversit\u00e4t und die Artenvielfalt in den stetig wachsenden urbanen R\u00e4umen. &#8222;Wo die Datengrundlage vorhanden ist, stellen wir ein anderes Problem fest: Es gibt kein einheitliches arten- und lebensraum\u00fcbergreifendes System, um biologische Vielfalt zu erfassen. Das erschwert die Verkn\u00fcpfung von Daten &#8211; und damit die wissenschaftliche Auswertung. Au\u00dferdem fehlen Langzeitdokumentationen. Der Gro\u00dfteil der von uns ausgewerteten Zeitreihen war zu kurz, um statistisch signifikante Trends zu ergeben&#8220;, erkl\u00e4rt Helge Bruelheide, Professor an der Martin-Luther-Universit\u00e4t Halle-Wittenberg (MLU) und Mitherausgeber des FA. &#8222;Durch die unzureichende Datengrundlage sind auch die genauen Ursachen des Verlusts biologischer Vielfalt nur ungen\u00fcgend bekannt. Das liegt vor allem daran, dass die von uns Menschen verursachten Einfl\u00fcsse bislang entweder gar nicht oder nur unvollst\u00e4ndig und in den meisten F\u00e4llen unabh\u00e4ngig von der Erfassung der biologischen Vielfalt erhoben werden&#8220;, erg\u00e4nzt Josef Settele, Leiter des Departments Naturschutzforschung am Helmholtz-Zentrum f\u00fcr Umweltforschung (UFZ), au\u00dferplanm\u00e4\u00dfiger Professor an der MLU und Mitherausgeber des FA.<\/p>\n\n\n\n<h4 class=\"wp-block-heading\">Mit gezielten Ma\u00dfnahmen den Biodiversit\u00e4tsverlust stoppen\u00a0<\/h4>\n\n\n\n<p>Klar belegbar ist, dass der Verlust von Lebensr\u00e4umen und die Intensivierung der Nutzung von Kulturlandschaften den st\u00e4rksten negativen Effekt auf die biologische Vielfalt haben, auch erste Auswirkungen des Klimawandels werden sichtbar. Die Intensivierung der Landwirtschaft hat negative Effekte in fast allen Lebensr\u00e4umen, nicht nur im Agar- und Offenland, und bietet damit den gr\u00f6\u00dften Hebel f\u00fcr biodiversit\u00e4tssch\u00fctzende Ans\u00e4tze. Der FA zeigt auch positive Entwicklungen einiger Artengruppen und Lebensr\u00e4ume, zum Beispiel durch die Verbesserung der Wasserqualit\u00e4t unserer Fl\u00fcsse und die F\u00f6rderung nat\u00fcrlicher Strukturelemente in W\u00e4ldern und in der Agrarlandschaft. &#8222;Das zeigt, dass wir mit gezielten Ma\u00dfnahmen den Biodiversit\u00e4tsverlust stoppen k\u00f6nnen&#8220;, erkl\u00e4rt Nina Farwig, Professorin an der Philipps-Universit\u00e4t Marburg und FA-Mitherausgeberin. &#8222;F\u00fcr eine echte Trendwende m\u00fcssen wir die Natur verst\u00e4rkt wiederherstellen. Vor allem aber m\u00fcssen wir lernen, mit der Natur zu wirtschaften &#8211; nicht gegen sie. Das kann auch bedeuten, dass wir \u00f6kologische Folgekosten in Wirtschaftsberichten bilanzieren. Vor allem m\u00fcssen neue biodiversit\u00e4tsbasierte Landnutzungssysteme entwickelt werden. Moderne Technologien k\u00f6nnen hierbei helfen.&#8220;<\/p>\n\n\n\n<p>Rechtliche und f\u00f6rderpolitische Instrumente der Naturschutzpolitik sind unzureichend umgesetzt oder vollzogen, oft durch eine fehlende Abstimmung mit anderen Nutzungsinteressen, kritisiert der FA. F\u00f6rderungen kn\u00fcpfen oft an die reine Durchf\u00fchrung biodiversit\u00e4tsf\u00f6rdernder Ma\u00dfnahmen an, dagegen versprechen erfolgsbasierte finanzielle Anreize einen gr\u00f6\u00dferen positiven Einfluss. Eine gr\u00f6\u00dfere Verbindlichkeit k\u00f6nnte der Biodiversit\u00e4tsschutz auch dadurch erhalten, wenn er an h\u00f6herrangige Rechte gekn\u00fcpft w\u00fcrde, beispielsweise in Form eines Menschenrechts auf gesunde Umwelt oder eines grundgesetzlich gew\u00e4hrleisteten Eigenrechts der Natur. F\u00fcr das hierzu notwendige weitreichende Umdenken liefert der FA Empfehlungen, denn die Wissenschaftler*innen haben erfolgreiche Projekte analysiert, um die Bedingungen f\u00fcr Transformation zu verstehen. Sie identifizieren eine Vielfalt von Motivationen und Akteur*innen, gelungene Partizipation und auch \u00f6konomischen Nutzen als entscheidende Faktoren f\u00fcr erfolgreiche Ans\u00e4tze.<\/p>\n\n\n\n<h4 class=\"wp-block-heading\">Biologische Vielfalt zahlt sich aus<\/h4>\n\n\n\n<p>Biologisch vielf\u00e4ltige \u00d6kosysteme sind leistungsf\u00e4higer und stabiler. Sie versorgen Menschen mit Nahrungsmitteln und Rohstoffen, sie halten die N\u00e4hrstoffkreisl\u00e4ufe aufrecht, sch\u00fctzen das Klima, halten das Wasser in der Landschaft. &#8222;Der Erhalt der Biodiversit\u00e4t sichert unser Wohlergehen, aber auch das Wirtschaften. Sch\u00fctzen wir die biologische Vielfalt, sch\u00fctzen wir also uns selbst&#8220;, erkl\u00e4rt Volker Mosbrugger, Sprecher der Forschungsinitiative zum Erhalt der Artenvielfalt (FEdA), in der das Bundesministerium f\u00fcr Bildung und Forschung den Faktencheck Artenvielfalt gef\u00f6rdert hat. &#8222;Mit dem Faktencheck Artenvielfalt ist ein h\u00f6chst beeindruckendes Referenz- und Nachschlagewerk entstanden, das die wissenschaftliche Basis legt, um praxisnahe, wirksame Ma\u00dfnahmen zum Biodiversit\u00e4tserhalt in Deutschland zu ergreifen.&#8220;<\/p>\n\n\n<div class=\"wp-block-image\">\n<figure class=\"alignright size-full is-resized\"><a href=\"https:\/\/www.sonnenseite.com\/wp-content\/uploads\/2024\/10\/Faktencheck_Artenvielfalt_oekom.jpg\"><img loading=\"lazy\" decoding=\"async\" width=\"400\" height=\"565\" src=\"https:\/\/www.sonnenseite.com\/wp-content\/uploads\/2024\/10\/Faktencheck_Artenvielfalt_oekom.jpg\" alt=\"\" class=\"wp-image-102295\" style=\"width:240px;height:auto\" srcset=\"https:\/\/www.sonnenseite.com\/wp-content\/uploads\/2024\/10\/Faktencheck_Artenvielfalt_oekom.jpg 400w, https:\/\/www.sonnenseite.com\/wp-content\/uploads\/2024\/10\/Faktencheck_Artenvielfalt_oekom-212x300.jpg 212w\" sizes=\"auto, (max-width: 400px) 100vw, 400px\" \/><\/a><\/figure>\n<\/div>\n\n\n<p>Der wissenschaftliche Bericht &#8222;Faktencheck Artenvielfalt. Bestandsaufnahme und Perspektiven f\u00fcr den Erhalt der biologischen Vielfalt in Deutschland&#8220; ist heute im oekom-Verlag erschienen und steht online zum kostenlosen Download bereit. Er wird flankiert von einer Zusammenfassung f\u00fcr die gesellschaftliche Entscheidungsfindung.<\/p>\n\n\n\n<ul class=\"wp-block-list\">\n<li>Weitere Informationen zum Faktencheck unter <a href=\"https:\/\/www.feda.bio\/faktencheck\" target=\"_blank\" rel=\"noreferrer noopener\">www.feda.bio\/faktencheck<\/a><\/li>\n\n\n\n<li>&#8222;Faktencheck Artenvielfalt. Bestandsaufnahme und Perspektiven f\u00fcr den Erhalt der biologischen Vielfalt in Deutschland.\u00a0oekom-Verlag, 2024. ISBN: 978-3-98726-095-7; doi: <a href=\"https:\/\/doi.org\/10.14512\/9783987263361\" target=\"_blank\" rel=\"noreferrer noopener\">10.14512\/9783987263361<\/a><\/li>\n\n\n\n<li>&#8222;Faktencheck Artenvielfalt. Bestandsaufnahme und Perspektiven f\u00fcr den Erhalt der biologischen Vielfalt in Deutschland&#8220; Zusammenfassung f\u00fcr die gesellschaftliche Entscheidungsfindung.\u00a0oekom-Verlag, 2024. ISBN: 978-3-98726-096-4; doi: <a href=\"https:\/\/doi.org\/10.14512\/9783987263378\" target=\"_blank\" rel=\"noreferrer noopener\">10.14512\/9783987263378<\/a><\/li>\n<\/ul>\n\n\n<h5 class=\"green\">Quelle<\/h5>\r\n\n\n\n<p><a href=\"https:\/\/pressemitteilungen.pr.uni-halle.de\/index.php?modus=pmanzeige&amp;pm_id=5807\">Martin-Luther-Universit\u00e4t Halle-Wittenberg (MLU) 2020<\/a><\/p>\n<div class=\"shariff shariff-align-flex-start shariff-widget-align-flex-start\"><div class=\"ShariffHeadline\">Diese Meldung teilen<\/div><ul class=\"shariff-buttons theme-round orientation-horizontal buttonsize-medium\"><li class=\"shariff-button facebook shariff-nocustomcolor\" style=\"background-color:#4273c8;border-radius:1%\"><a href=\"https:\/\/www.facebook.com\/sharer\/sharer.php?u=https%3A%2F%2Fwww.sonnenseite.com%2Fde%2Fumwelt%2Ffaktencheck-deutschlands-artenvielfalt-ist-bedroht%2F\" title=\"Bei Facebook teilen\" aria-label=\"Bei Facebook teilen\" role=\"button\" rel=\"nofollow\" class=\"shariff-link\" style=\";border-radius:1%; background-color:#3b5998; color:#fff\" target=\"_blank\"><span class=\"shariff-icon\" style=\"\"><svg width=\"32px\" height=\"20px\" xmlns=\"http:\/\/www.w3.org\/2000\/svg\" viewBox=\"0 0 18 32\"><path fill=\"#3b5998\" d=\"M17.1 0.2v4.7h-2.8q-1.5 0-2.1 0.6t-0.5 1.9v3.4h5.2l-0.7 5.3h-4.5v13.6h-5.5v-13.6h-4.5v-5.3h4.5v-3.9q0-3.3 1.9-5.2t5-1.8q2.6 0 4.1 0.2z\"\/><\/svg><\/span><\/a><\/li><li class=\"shariff-button twitter shariff-nocustomcolor\" style=\"background-color:#595959;border-radius:1%\"><a href=\"https:\/\/twitter.com\/share?url=https%3A%2F%2Fwww.sonnenseite.com%2Fde%2Fumwelt%2Ffaktencheck-deutschlands-artenvielfalt-ist-bedroht%2F&text=Faktencheck%3A%20Deutschlands%20Artenvielfalt%20ist%20bedroht\" title=\"Bei X teilen\" aria-label=\"Bei X teilen\" role=\"button\" rel=\"noopener nofollow\" class=\"shariff-link\" style=\";border-radius:1%; background-color:#000; color:#fff\" target=\"_blank\"><span class=\"shariff-icon\" style=\"\"><svg width=\"32px\" height=\"20px\" xmlns=\"http:\/\/www.w3.org\/2000\/svg\" viewBox=\"0 0 24 24\"><path fill=\"#000\" d=\"M14.258 10.152L23.176 0h-2.113l-7.747 8.813L7.133 0H0l9.352 13.328L0 23.973h2.113l8.176-9.309 6.531 9.309h7.133zm-2.895 3.293l-.949-1.328L2.875 1.56h3.246l6.086 8.523.945 1.328 7.91 11.078h-3.246zm0 0\"\/><\/svg><\/span><\/a><\/li><li class=\"shariff-button xing shariff-nocustomcolor\" style=\"background-color:#29888a;border-radius:1%\"><a href=\"https:\/\/www.xing.com\/spi\/shares\/new?url=https%3A%2F%2Fwww.sonnenseite.com%2Fde%2Fumwelt%2Ffaktencheck-deutschlands-artenvielfalt-ist-bedroht%2F\" title=\"Bei XING teilen\" aria-label=\"Bei XING teilen\" role=\"button\" rel=\"noopener nofollow\" class=\"shariff-link\" style=\";border-radius:1%; background-color:#126567; color:#fff\" target=\"_blank\"><span class=\"shariff-icon\" style=\"\"><svg width=\"32px\" height=\"20px\" xmlns=\"http:\/\/www.w3.org\/2000\/svg\" viewBox=\"0 0 25 32\"><path fill=\"#126567\" d=\"M10.7 11.9q-0.2 0.3-4.6 8.2-0.5 0.8-1.2 0.8h-4.3q-0.4 0-0.5-0.3t0-0.6l4.5-8q0 0 0 0l-2.9-5q-0.2-0.4 0-0.7 0.2-0.3 0.5-0.3h4.3q0.7 0 1.2 0.8zM25.1 0.4q0.2 0.3 0 0.7l-9.4 16.7 6 11q0.2 0.4 0 0.6-0.2 0.3-0.6 0.3h-4.3q-0.7 0-1.2-0.8l-6-11.1q0.3-0.6 9.5-16.8 0.4-0.8 1.2-0.8h4.3q0.4 0 0.5 0.3z\"\/><\/svg><\/span><\/a><\/li><li class=\"shariff-button linkedin shariff-nocustomcolor\" style=\"background-color:#1488bf;border-radius:1%\"><a href=\"https:\/\/www.linkedin.com\/sharing\/share-offsite\/?url=https%3A%2F%2Fwww.sonnenseite.com%2Fde%2Fumwelt%2Ffaktencheck-deutschlands-artenvielfalt-ist-bedroht%2F\" title=\"Bei LinkedIn teilen\" aria-label=\"Bei LinkedIn teilen\" role=\"button\" rel=\"noopener nofollow\" class=\"shariff-link\" style=\";border-radius:1%; background-color:#0077b5; color:#fff\" target=\"_blank\"><span class=\"shariff-icon\" style=\"\"><svg width=\"32px\" height=\"20px\" xmlns=\"http:\/\/www.w3.org\/2000\/svg\" viewBox=\"0 0 27 32\"><path fill=\"#0077b5\" d=\"M6.2 11.2v17.7h-5.9v-17.7h5.9zM6.6 5.7q0 1.3-0.9 2.2t-2.4 0.9h0q-1.5 0-2.4-0.9t-0.9-2.2 0.9-2.2 2.4-0.9 2.4 0.9 0.9 2.2zM27.4 18.7v10.1h-5.9v-9.5q0-1.9-0.7-2.9t-2.3-1.1q-1.1 0-1.9 0.6t-1.2 1.5q-0.2 0.5-0.2 1.4v9.9h-5.9q0-7.1 0-11.6t0-5.3l0-0.9h5.9v2.6h0q0.4-0.6 0.7-1t1-0.9 1.6-0.8 2-0.3q3 0 4.9 2t1.9 6z\"\/><\/svg><\/span><\/a><\/li><li class=\"shariff-button printer shariff-nocustomcolor\" style=\"background-color:#a8a8a8;border-radius:1%\"><a href=\"javascript:window.print()\" title=\"drucken\" aria-label=\"drucken\" role=\"button\" rel=\"noopener nofollow\" class=\"shariff-link\" style=\";border-radius:1%; background-color:#999; color:#fff\"><span class=\"shariff-icon\" style=\"\"><svg width=\"32px\" height=\"20px\" xmlns=\"http:\/\/www.w3.org\/2000\/svg\" viewBox=\"0 0 30 32\"><path fill=\"#999\" d=\"M6.8 27.4h16v-4.6h-16v4.6zM6.8 16h16v-6.8h-2.8q-0.7 0-1.2-0.5t-0.5-1.2v-2.8h-11.4v11.4zM27.4 17.2q0-0.5-0.3-0.8t-0.8-0.4-0.8 0.4-0.3 0.8 0.3 0.8 0.8 0.3 0.8-0.3 0.3-0.8zM29.7 17.2v7.4q0 0.2-0.2 0.4t-0.4 0.2h-4v2.8q0 0.7-0.5 1.2t-1.2 0.5h-17.2q-0.7 0-1.2-0.5t-0.5-1.2v-2.8h-4q-0.2 0-0.4-0.2t-0.2-0.4v-7.4q0-1.4 1-2.4t2.4-1h1.2v-9.7q0-0.7 0.5-1.2t1.2-0.5h12q0.7 0 1.6 0.4t1.3 0.8l2.7 2.7q0.5 0.5 0.9 1.4t0.4 1.6v4.6h1.1q1.4 0 2.4 1t1 2.4z\"\/><\/svg><\/span><\/a><\/li><li class=\"shariff-button mailto shariff-nocustomcolor\" style=\"background-color:#a8a8a8;border-radius:1%\"><a href=\"mailto:?body=https%3A%2F%2Fwww.sonnenseite.com%2Fde%2Fumwelt%2Ffaktencheck-deutschlands-artenvielfalt-ist-bedroht%2F&subject=Faktencheck%3A%20Deutschlands%20Artenvielfalt%20ist%20bedroht\" title=\"Per E-Mail versenden\" aria-label=\"Per E-Mail versenden\" role=\"button\" rel=\"noopener nofollow\" class=\"shariff-link\" style=\";border-radius:1%; background-color:#999; color:#fff\"><span class=\"shariff-icon\" style=\"\"><svg width=\"32px\" height=\"20px\" xmlns=\"http:\/\/www.w3.org\/2000\/svg\" viewBox=\"0 0 32 32\"><path fill=\"#999\" d=\"M32 12.7v14.2q0 1.2-0.8 2t-2 0.9h-26.3q-1.2 0-2-0.9t-0.8-2v-14.2q0.8 0.9 1.8 1.6 6.5 4.4 8.9 6.1 1 0.8 1.6 1.2t1.7 0.9 2 0.4h0.1q0.9 0 2-0.4t1.7-0.9 1.6-1.2q3-2.2 8.9-6.1 1-0.7 1.8-1.6zM32 7.4q0 1.4-0.9 2.7t-2.2 2.2q-6.7 4.7-8.4 5.8-0.2 0.1-0.7 0.5t-1 0.7-0.9 0.6-1.1 0.5-0.9 0.2h-0.1q-0.4 0-0.9-0.2t-1.1-0.5-0.9-0.6-1-0.7-0.7-0.5q-1.6-1.1-4.7-3.2t-3.6-2.6q-1.1-0.7-2.1-2t-1-2.5q0-1.4 0.7-2.3t2.1-0.9h26.3q1.2 0 2 0.8t0.9 2z\"\/><\/svg><\/span><\/a><\/li><\/ul><\/div>","protected":false},"excerpt":{"rendered":"<p>Erste umfassende Analyse zur Artenvielfalt in Deutschland: Mehr als 10.000 Arten sind gef\u00e4hrdet. Faktencheck Artenvielfalt zeigt [&hellip;]<\/p>\n","protected":false},"author":3,"featured_media":102297,"comment_status":"closed","ping_status":"closed","sticky":false,"template":"","format":"standard","meta":{"inline_featured_image":false,"footnotes":""},"categories":[23],"tags":[],"class_list":["post-102293","post","type-post","status-publish","format-standard","has-post-thumbnail","hentry","category-umwelt"],"yoast_head":"<!-- This site is optimized with the Yoast SEO plugin v26.5 - https:\/\/yoast.com\/wordpress\/plugins\/seo\/ -->\n<title>Faktencheck: Deutschlands Artenvielfalt ist bedroht - Sonnenseite - \u00d6kologische Kommunikation mit Franz Alt<\/title>\n<meta name=\"description\" content=\"Erste umfassende Analyse zur Artenvielfalt in Deutschland: Mehr als 10.000 Arten sind gef\u00e4hrdet. Faktencheck Artenvielfalt zeigt erstmals, wie es um die\" \/>\n<meta name=\"robots\" content=\"index, follow, max-snippet:-1, max-image-preview:large, max-video-preview:-1\" \/>\n<link rel=\"canonical\" href=\"https:\/\/www.sonnenseite.com\/de\/umwelt\/faktencheck-deutschlands-artenvielfalt-ist-bedroht\/\" \/>\n<meta property=\"og:locale\" content=\"de_DE\" \/>\n<meta property=\"og:type\" content=\"article\" \/>\n<meta property=\"og:title\" content=\"Faktencheck: Deutschlands Artenvielfalt ist bedroht - Sonnenseite - \u00d6kologische Kommunikation mit Franz Alt\" \/>\n<meta property=\"og:description\" content=\"Erste umfassende Analyse zur Artenvielfalt in Deutschland: Mehr als 10.000 Arten sind gef\u00e4hrdet. Faktencheck Artenvielfalt zeigt erstmals, wie es um die\" \/>\n<meta property=\"og:url\" content=\"https:\/\/www.sonnenseite.com\/de\/umwelt\/faktencheck-deutschlands-artenvielfalt-ist-bedroht\/\" \/>\n<meta property=\"og:site_name\" content=\"Sonnenseite\" \/>\n<meta property=\"article:publisher\" content=\"https:\/\/www.facebook.com\/pages\/Franz-Alt-SONNENSEITECOM\/221072987903953?fref=ts\" \/>\n<meta property=\"article:published_time\" content=\"2024-10-02T08:23:58+00:00\" \/>\n<meta property=\"article:modified_time\" content=\"2024-10-02T08:23:59+00:00\" \/>\n<meta property=\"og:image\" content=\"https:\/\/www.sonnenseite.com\/wp-content\/uploads\/2024\/10\/Faktencheck_Artenvielfalt_oekom770.jpg\" \/>\n\t<meta property=\"og:image:width\" content=\"770\" \/>\n\t<meta property=\"og:image:height\" content=\"420\" \/>\n\t<meta property=\"og:image:type\" content=\"image\/jpeg\" \/>\n<meta name=\"author\" content=\"Bigi Alt\" \/>\n<meta name=\"twitter:card\" content=\"summary_large_image\" \/>\n<meta name=\"twitter:creator\" content=\"@franzalt\" \/>\n<meta name=\"twitter:site\" content=\"@franzalt\" \/>\n<meta name=\"twitter:label1\" content=\"Verfasst von\" \/>\n\t<meta name=\"twitter:data1\" content=\"Bigi Alt\" \/>\n\t<meta name=\"twitter:label2\" content=\"Gesch\u00e4tzte Lesezeit\" \/>\n\t<meta name=\"twitter:data2\" content=\"7\u00a0Minuten\" \/>\n<script type=\"application\/ld+json\" class=\"yoast-schema-graph\">{\"@context\":\"https:\/\/schema.org\",\"@graph\":[{\"@type\":\"Article\",\"@id\":\"https:\/\/www.sonnenseite.com\/de\/umwelt\/faktencheck-deutschlands-artenvielfalt-ist-bedroht\/#article\",\"isPartOf\":{\"@id\":\"https:\/\/www.sonnenseite.com\/de\/umwelt\/faktencheck-deutschlands-artenvielfalt-ist-bedroht\/\"},\"author\":{\"name\":\"Bigi Alt\",\"@id\":\"https:\/\/www.sonnenseite.com\/de\/#\/schema\/person\/50fda0e926597684c7cc6695238a4eb9\"},\"headline\":\"Faktencheck: Deutschlands Artenvielfalt ist bedroht\",\"datePublished\":\"2024-10-02T08:23:58+00:00\",\"dateModified\":\"2024-10-02T08:23:59+00:00\",\"mainEntityOfPage\":{\"@id\":\"https:\/\/www.sonnenseite.com\/de\/umwelt\/faktencheck-deutschlands-artenvielfalt-ist-bedroht\/\"},\"wordCount\":1150,\"publisher\":{\"@id\":\"https:\/\/www.sonnenseite.com\/de\/#organization\"},\"image\":{\"@id\":\"https:\/\/www.sonnenseite.com\/de\/umwelt\/faktencheck-deutschlands-artenvielfalt-ist-bedroht\/#primaryimage\"},\"thumbnailUrl\":\"https:\/\/www.sonnenseite.com\/wp-content\/uploads\/2024\/10\/Faktencheck_Artenvielfalt_oekom770.jpg\",\"articleSection\":[\"Umwelt\"],\"inLanguage\":\"de\"},{\"@type\":\"WebPage\",\"@id\":\"https:\/\/www.sonnenseite.com\/de\/umwelt\/faktencheck-deutschlands-artenvielfalt-ist-bedroht\/\",\"url\":\"https:\/\/www.sonnenseite.com\/de\/umwelt\/faktencheck-deutschlands-artenvielfalt-ist-bedroht\/\",\"name\":\"Faktencheck: Deutschlands Artenvielfalt ist bedroht - Sonnenseite - \u00d6kologische Kommunikation mit Franz Alt\",\"isPartOf\":{\"@id\":\"https:\/\/www.sonnenseite.com\/de\/#website\"},\"primaryImageOfPage\":{\"@id\":\"https:\/\/www.sonnenseite.com\/de\/umwelt\/faktencheck-deutschlands-artenvielfalt-ist-bedroht\/#primaryimage\"},\"image\":{\"@id\":\"https:\/\/www.sonnenseite.com\/de\/umwelt\/faktencheck-deutschlands-artenvielfalt-ist-bedroht\/#primaryimage\"},\"thumbnailUrl\":\"https:\/\/www.sonnenseite.com\/wp-content\/uploads\/2024\/10\/Faktencheck_Artenvielfalt_oekom770.jpg\",\"datePublished\":\"2024-10-02T08:23:58+00:00\",\"dateModified\":\"2024-10-02T08:23:59+00:00\",\"description\":\"Erste umfassende Analyse zur Artenvielfalt in Deutschland: Mehr als 10.000 Arten sind gef\u00e4hrdet. Faktencheck Artenvielfalt zeigt erstmals, wie es um die\",\"breadcrumb\":{\"@id\":\"https:\/\/www.sonnenseite.com\/de\/umwelt\/faktencheck-deutschlands-artenvielfalt-ist-bedroht\/#breadcrumb\"},\"inLanguage\":\"de\",\"potentialAction\":[{\"@type\":\"ReadAction\",\"target\":[\"https:\/\/www.sonnenseite.com\/de\/umwelt\/faktencheck-deutschlands-artenvielfalt-ist-bedroht\/\"]}]},{\"@type\":\"ImageObject\",\"inLanguage\":\"de\",\"@id\":\"https:\/\/www.sonnenseite.com\/de\/umwelt\/faktencheck-deutschlands-artenvielfalt-ist-bedroht\/#primaryimage\",\"url\":\"https:\/\/www.sonnenseite.com\/wp-content\/uploads\/2024\/10\/Faktencheck_Artenvielfalt_oekom770.jpg\",\"contentUrl\":\"https:\/\/www.sonnenseite.com\/wp-content\/uploads\/2024\/10\/Faktencheck_Artenvielfalt_oekom770.jpg\",\"width\":770,\"height\":420,\"caption\":\"Faktencheck Artenvielfalt | oekom verlag\"},{\"@type\":\"BreadcrumbList\",\"@id\":\"https:\/\/www.sonnenseite.com\/de\/umwelt\/faktencheck-deutschlands-artenvielfalt-ist-bedroht\/#breadcrumb\",\"itemListElement\":[{\"@type\":\"ListItem\",\"position\":1,\"name\":\"Startseite\",\"item\":\"https:\/\/www.sonnenseite.com\/de\/\"},{\"@type\":\"ListItem\",\"position\":2,\"name\":\"Faktencheck: Deutschlands Artenvielfalt ist bedroht\"}]},{\"@type\":\"WebSite\",\"@id\":\"https:\/\/www.sonnenseite.com\/de\/#website\",\"url\":\"https:\/\/www.sonnenseite.com\/de\/\",\"name\":\"Sonnenseite\",\"description\":\"\u00d6kologische Kommunikation mit Franz Alt\",\"publisher\":{\"@id\":\"https:\/\/www.sonnenseite.com\/de\/#organization\"},\"potentialAction\":[{\"@type\":\"SearchAction\",\"target\":{\"@type\":\"EntryPoint\",\"urlTemplate\":\"https:\/\/www.sonnenseite.com\/de\/?s={search_term_string}\"},\"query-input\":{\"@type\":\"PropertyValueSpecification\",\"valueRequired\":true,\"valueName\":\"search_term_string\"}}],\"inLanguage\":\"de\"},{\"@type\":\"Organization\",\"@id\":\"https:\/\/www.sonnenseite.com\/de\/#organization\",\"name\":\"Sonnenseite\",\"url\":\"https:\/\/www.sonnenseite.com\/de\/\",\"logo\":{\"@type\":\"ImageObject\",\"inLanguage\":\"de\",\"@id\":\"https:\/\/www.sonnenseite.com\/de\/#\/schema\/logo\/image\/\",\"url\":\"https:\/\/www.sonnenseite.com\/wp-content\/uploads\/2020\/05\/Sonnenseite_Logo.png\",\"contentUrl\":\"https:\/\/www.sonnenseite.com\/wp-content\/uploads\/2020\/05\/Sonnenseite_Logo.png\",\"width\":377,\"height\":90,\"caption\":\"Sonnenseite\"},\"image\":{\"@id\":\"https:\/\/www.sonnenseite.com\/de\/#\/schema\/logo\/image\/\"},\"sameAs\":[\"https:\/\/www.facebook.com\/pages\/Franz-Alt-SONNENSEITECOM\/221072987903953?fref=ts\",\"https:\/\/x.com\/franzalt\",\"http:\/\/www.youtube.com\/results?search_query&amp;amp;quot;franz_alt&amp;amp;quot;&amp;amp;amp;amp;search_type&amp;amp;amp;amp;aq=f\"]},{\"@type\":\"Person\",\"@id\":\"https:\/\/www.sonnenseite.com\/de\/#\/schema\/person\/50fda0e926597684c7cc6695238a4eb9\",\"name\":\"Bigi Alt\"}]}<\/script>\n<!-- \/ Yoast SEO plugin. -->","yoast_head_json":{"title":"Faktencheck: Deutschlands Artenvielfalt ist bedroht - Sonnenseite - \u00d6kologische Kommunikation mit Franz Alt","description":"Erste umfassende Analyse zur Artenvielfalt in Deutschland: Mehr als 10.000 Arten sind gef\u00e4hrdet. Faktencheck Artenvielfalt zeigt erstmals, wie es um die","robots":{"index":"index","follow":"follow","max-snippet":"max-snippet:-1","max-image-preview":"max-image-preview:large","max-video-preview":"max-video-preview:-1"},"canonical":"https:\/\/www.sonnenseite.com\/de\/umwelt\/faktencheck-deutschlands-artenvielfalt-ist-bedroht\/","og_locale":"de_DE","og_type":"article","og_title":"Faktencheck: Deutschlands Artenvielfalt ist bedroht - Sonnenseite - \u00d6kologische Kommunikation mit Franz Alt","og_description":"Erste umfassende Analyse zur Artenvielfalt in Deutschland: Mehr als 10.000 Arten sind gef\u00e4hrdet. Faktencheck Artenvielfalt zeigt erstmals, wie es um die","og_url":"https:\/\/www.sonnenseite.com\/de\/umwelt\/faktencheck-deutschlands-artenvielfalt-ist-bedroht\/","og_site_name":"Sonnenseite","article_publisher":"https:\/\/www.facebook.com\/pages\/Franz-Alt-SONNENSEITECOM\/221072987903953?fref=ts","article_published_time":"2024-10-02T08:23:58+00:00","article_modified_time":"2024-10-02T08:23:59+00:00","og_image":[{"width":770,"height":420,"url":"https:\/\/www.sonnenseite.com\/wp-content\/uploads\/2024\/10\/Faktencheck_Artenvielfalt_oekom770.jpg","type":"image\/jpeg"}],"author":"Bigi Alt","twitter_card":"summary_large_image","twitter_creator":"@franzalt","twitter_site":"@franzalt","twitter_misc":{"Verfasst von":"Bigi Alt","Gesch\u00e4tzte Lesezeit":"7\u00a0Minuten"},"schema":{"@context":"https:\/\/schema.org","@graph":[{"@type":"Article","@id":"https:\/\/www.sonnenseite.com\/de\/umwelt\/faktencheck-deutschlands-artenvielfalt-ist-bedroht\/#article","isPartOf":{"@id":"https:\/\/www.sonnenseite.com\/de\/umwelt\/faktencheck-deutschlands-artenvielfalt-ist-bedroht\/"},"author":{"name":"Bigi Alt","@id":"https:\/\/www.sonnenseite.com\/de\/#\/schema\/person\/50fda0e926597684c7cc6695238a4eb9"},"headline":"Faktencheck: Deutschlands Artenvielfalt ist bedroht","datePublished":"2024-10-02T08:23:58+00:00","dateModified":"2024-10-02T08:23:59+00:00","mainEntityOfPage":{"@id":"https:\/\/www.sonnenseite.com\/de\/umwelt\/faktencheck-deutschlands-artenvielfalt-ist-bedroht\/"},"wordCount":1150,"publisher":{"@id":"https:\/\/www.sonnenseite.com\/de\/#organization"},"image":{"@id":"https:\/\/www.sonnenseite.com\/de\/umwelt\/faktencheck-deutschlands-artenvielfalt-ist-bedroht\/#primaryimage"},"thumbnailUrl":"https:\/\/www.sonnenseite.com\/wp-content\/uploads\/2024\/10\/Faktencheck_Artenvielfalt_oekom770.jpg","articleSection":["Umwelt"],"inLanguage":"de"},{"@type":"WebPage","@id":"https:\/\/www.sonnenseite.com\/de\/umwelt\/faktencheck-deutschlands-artenvielfalt-ist-bedroht\/","url":"https:\/\/www.sonnenseite.com\/de\/umwelt\/faktencheck-deutschlands-artenvielfalt-ist-bedroht\/","name":"Faktencheck: Deutschlands Artenvielfalt ist bedroht - Sonnenseite - \u00d6kologische Kommunikation mit Franz Alt","isPartOf":{"@id":"https:\/\/www.sonnenseite.com\/de\/#website"},"primaryImageOfPage":{"@id":"https:\/\/www.sonnenseite.com\/de\/umwelt\/faktencheck-deutschlands-artenvielfalt-ist-bedroht\/#primaryimage"},"image":{"@id":"https:\/\/www.sonnenseite.com\/de\/umwelt\/faktencheck-deutschlands-artenvielfalt-ist-bedroht\/#primaryimage"},"thumbnailUrl":"https:\/\/www.sonnenseite.com\/wp-content\/uploads\/2024\/10\/Faktencheck_Artenvielfalt_oekom770.jpg","datePublished":"2024-10-02T08:23:58+00:00","dateModified":"2024-10-02T08:23:59+00:00","description":"Erste umfassende Analyse zur Artenvielfalt in Deutschland: Mehr als 10.000 Arten sind gef\u00e4hrdet. Faktencheck Artenvielfalt zeigt erstmals, wie es um die","breadcrumb":{"@id":"https:\/\/www.sonnenseite.com\/de\/umwelt\/faktencheck-deutschlands-artenvielfalt-ist-bedroht\/#breadcrumb"},"inLanguage":"de","potentialAction":[{"@type":"ReadAction","target":["https:\/\/www.sonnenseite.com\/de\/umwelt\/faktencheck-deutschlands-artenvielfalt-ist-bedroht\/"]}]},{"@type":"ImageObject","inLanguage":"de","@id":"https:\/\/www.sonnenseite.com\/de\/umwelt\/faktencheck-deutschlands-artenvielfalt-ist-bedroht\/#primaryimage","url":"https:\/\/www.sonnenseite.com\/wp-content\/uploads\/2024\/10\/Faktencheck_Artenvielfalt_oekom770.jpg","contentUrl":"https:\/\/www.sonnenseite.com\/wp-content\/uploads\/2024\/10\/Faktencheck_Artenvielfalt_oekom770.jpg","width":770,"height":420,"caption":"Faktencheck Artenvielfalt | oekom verlag"},{"@type":"BreadcrumbList","@id":"https:\/\/www.sonnenseite.com\/de\/umwelt\/faktencheck-deutschlands-artenvielfalt-ist-bedroht\/#breadcrumb","itemListElement":[{"@type":"ListItem","position":1,"name":"Startseite","item":"https:\/\/www.sonnenseite.com\/de\/"},{"@type":"ListItem","position":2,"name":"Faktencheck: Deutschlands Artenvielfalt ist bedroht"}]},{"@type":"WebSite","@id":"https:\/\/www.sonnenseite.com\/de\/#website","url":"https:\/\/www.sonnenseite.com\/de\/","name":"Sonnenseite","description":"\u00d6kologische Kommunikation mit Franz Alt","publisher":{"@id":"https:\/\/www.sonnenseite.com\/de\/#organization"},"potentialAction":[{"@type":"SearchAction","target":{"@type":"EntryPoint","urlTemplate":"https:\/\/www.sonnenseite.com\/de\/?s={search_term_string}"},"query-input":{"@type":"PropertyValueSpecification","valueRequired":true,"valueName":"search_term_string"}}],"inLanguage":"de"},{"@type":"Organization","@id":"https:\/\/www.sonnenseite.com\/de\/#organization","name":"Sonnenseite","url":"https:\/\/www.sonnenseite.com\/de\/","logo":{"@type":"ImageObject","inLanguage":"de","@id":"https:\/\/www.sonnenseite.com\/de\/#\/schema\/logo\/image\/","url":"https:\/\/www.sonnenseite.com\/wp-content\/uploads\/2020\/05\/Sonnenseite_Logo.png","contentUrl":"https:\/\/www.sonnenseite.com\/wp-content\/uploads\/2020\/05\/Sonnenseite_Logo.png","width":377,"height":90,"caption":"Sonnenseite"},"image":{"@id":"https:\/\/www.sonnenseite.com\/de\/#\/schema\/logo\/image\/"},"sameAs":["https:\/\/www.facebook.com\/pages\/Franz-Alt-SONNENSEITECOM\/221072987903953?fref=ts","https:\/\/x.com\/franzalt","http:\/\/www.youtube.com\/results?search_query&amp;amp;quot;franz_alt&amp;amp;quot;&amp;amp;amp;amp;search_type&amp;amp;amp;amp;aq=f"]},{"@type":"Person","@id":"https:\/\/www.sonnenseite.com\/de\/#\/schema\/person\/50fda0e926597684c7cc6695238a4eb9","name":"Bigi Alt"}]}},"_links":{"self":[{"href":"https:\/\/www.sonnenseite.com\/de\/wp-json\/wp\/v2\/posts\/102293","targetHints":{"allow":["GET"]}}],"collection":[{"href":"https:\/\/www.sonnenseite.com\/de\/wp-json\/wp\/v2\/posts"}],"about":[{"href":"https:\/\/www.sonnenseite.com\/de\/wp-json\/wp\/v2\/types\/post"}],"author":[{"embeddable":true,"href":"https:\/\/www.sonnenseite.com\/de\/wp-json\/wp\/v2\/users\/3"}],"replies":[{"embeddable":true,"href":"https:\/\/www.sonnenseite.com\/de\/wp-json\/wp\/v2\/comments?post=102293"}],"version-history":[{"count":3,"href":"https:\/\/www.sonnenseite.com\/de\/wp-json\/wp\/v2\/posts\/102293\/revisions"}],"predecessor-version":[{"id":102300,"href":"https:\/\/www.sonnenseite.com\/de\/wp-json\/wp\/v2\/posts\/102293\/revisions\/102300"}],"wp:featuredmedia":[{"embeddable":true,"href":"https:\/\/www.sonnenseite.com\/de\/wp-json\/wp\/v2\/media\/102297"}],"wp:attachment":[{"href":"https:\/\/www.sonnenseite.com\/de\/wp-json\/wp\/v2\/media?parent=102293"}],"wp:term":[{"taxonomy":"category","embeddable":true,"href":"https:\/\/www.sonnenseite.com\/de\/wp-json\/wp\/v2\/categories?post=102293"},{"taxonomy":"post_tag","embeddable":true,"href":"https:\/\/www.sonnenseite.com\/de\/wp-json\/wp\/v2\/tags?post=102293"}],"curies":[{"name":"wp","href":"https:\/\/api.w.org\/{rel}","templated":true}]}}