{"id":102648,"date":"2024-10-19T09:59:48","date_gmt":"2024-10-19T07:59:48","guid":{"rendered":"https:\/\/www.sonnenseite.com\/?p=102648"},"modified":"2024-10-19T09:59:49","modified_gmt":"2024-10-19T07:59:49","slug":"plastik-schaedigt-die-bienen","status":"publish","type":"post","link":"https:\/\/www.sonnenseite.com\/de\/umwelt\/plastik-schaedigt-die-bienen\/","title":{"rendered":"Plastik sch\u00e4digt die Bienen"},"content":{"rendered":"\n<p>Nutzinsekten nehmen Nano- und Mikroplastik \u00fcber Nahrung und Luft auf. Das kann laut einer Studie ihre Funktionen als Best\u00e4uber beeintr\u00e4chtigen. Das Forschungsteam sieht Risiken f\u00fcr die globale Ern\u00e4hrungssicherheit.<a href=\"\/\/www.klimareporter.de\/erdsystem\/plastik-schaedigt-die-bienen\" target=\"_blank\" rel=\"noreferrer noopener\"><\/a><a href=\"mailto:?subject=Lesetipp%3A%20Plastik%20sch%C3%A4digt%20die%20Bienen%20%E2%80%93%20Klimareporter%C2%B0&amp;body=Plastik%20sch%C3%A4digt%20die%20Bienen%20%E2%80%93%20https%3A%2F%2Fwww.klimareporter.de%2Ferdsystem%2Fplastik-schaedigt-die-bienen%0D%0ANutzinsekten%20nehmen%20Nano-%20und%20Mikroplastik%20%C3%BCber%20Nahrung%20und%20Luft%20auf%2C%20das%20kann%20laut%20einer%20Studie%20ihre%20Funktionen%20als%20Best%C3%A4uber%20beeintr%C3%A4chtigen.\"><\/a><\/p>\n\n\n\n<p>Bienen spielen <a href=\"https:\/\/www.klimareporter.de\/erdsystem\/insekten-verschwinden-in-ihrer-gesamtheit\" target=\"_blank\" rel=\"noreferrer noopener\">wie andere Bl\u00fctenbest\u00e4uber<\/a> eine zentrale Rolle in der Natur und f\u00fcr die Landwirtschaft. Doch die kleinen, unscheinbaren Insekten sind zunehmend bedroht, und bei einem weiteren R\u00fcckgang der Populationen w\u00fcrden nicht nur Wiesen und W\u00e4lder um einiges karger, auch die Nahrungsmittelversorgung f\u00fcr die stetig wachsende Weltbev\u00f6lkerung w\u00e4re ernsthaft bedroht.<\/p>\n\n\n\n<p>Fachleute f\u00fchren den bisherigen R\u00fcckgang der Bienen auf einen Mix an Ursachen zur\u00fcck, darunter Krankheitserreger wie die Varroamilbe und die Folgen der industriellen Landwirtschaft. Ein internationales Forschungsteam weist nun auf einen weiteren Risikofaktor hin: die Belastung der Umwelt durch Nano- und Mikroplastikpartikel.<\/p>\n\n\n\n<p>Die teils extrem kleinen und mit blo\u00dfem Auge nicht sichtbaren Partikel k\u00f6nnen zunehmend nicht nur in st\u00e4dtischen Gebieten, sondern auch in Naturgebieten und auf landwirtschaftlich genutzten Fl\u00e4chen <a href=\"https:\/\/www.agrarheute.com\/management\/betriebsfuehrung\/boeden-massiv-mikroplastik-belastet-ursachen-folgen-610972\" target=\"_blank\" rel=\"noreferrer noopener\">nachgewiesen werden<\/a>, wo Bienen und andere Nutzinsekten mit ihnen in Kontakt kommen.<\/p>\n\n\n\n<p>Mikroplastik ist per Definition zwischen einem <a href=\"https:\/\/www.desoi.de\/catalog\/de\/service\/injektions-abc\/mikrometer-m-10713\/\" target=\"_blank\" rel=\"noreferrer noopener\">Mikrometer<\/a> und f\u00fcnf Millimetern gro\u00df, noch kleinere Partikel werden als <a href=\"https:\/\/de.wikipedia.org\/wiki\/Nanoplastik\" target=\"_blank\" rel=\"noreferrer noopener\">Nanoplastik<\/a> bezeichnet. Quellen der Partikel sind laut Umweltbundesamt unter anderem <a href=\"https:\/\/www.klimareporter.de\/technik\/reifen-fuer-gewaesser-giftig\" target=\"_blank\" rel=\"noreferrer noopener\">Reifenabrieb<\/a>, Textil-Mikrofasern, Kunststoffbeh\u00e4lter wie etwa <a href=\"https:\/\/www.klimareporter.de\/gesellschaft\/mehrweg-als-ausweg\" target=\"_blank\" rel=\"noreferrer noopener\">Plastikflaschen<\/a> sowie Medizinprodukte.<\/p>\n\n\n\n<p>Die Partikel sind inzwischen <a href=\"https:\/\/www.klimareporter.de\/erdsystem\/erdoel-in-der-nahrungskette\" target=\"_blank\" rel=\"noreferrer noopener\">auf der ganzen Welt<\/a> in der Umwelt nachweisbar, sogar <a href=\"https:\/\/www.klimareporter.de\/erdsystem\/plaste-on-the-rocks\" target=\"_blank\" rel=\"noreferrer noopener\">in&nbsp;der Arktis<\/a> wurden sie gefunden.<\/p>\n\n\n\n<h4 class=\"wp-block-heading\">Organsch\u00e4den und Verhaltens\u00e4nderungen<\/h4>\n\n\n\n<p>Das Forschungsteam fand nun heraus: Nehmen die Insekten Plastikpartikel \u00fcber die Nahrung oder die Luft auf, kann das ihre Organe sch\u00e4digen und Verhaltensver\u00e4nderungen verursachen. Die Folge ist, dass sie wichtige \u00f6kologische Funktionen wie die Best\u00e4ubung und Sch\u00e4dlingsbek\u00e4mpfung nicht l\u00e4nger gut erf\u00fcllen k\u00f6nnen.<\/p>\n\n\n\n<p>Die Plastikverschmutzung berge daher &#8222;erhebliche Risiken f\u00fcr die Artenvielfalt, die landwirtschaftliche Produktion und die globale Ern\u00e4hrungssicherheit&#8220;, so eine <a href=\"https:\/\/uni-freiburg.de\/plastikverschmutzung-schaedigt-bienen\/\" target=\"_blank\" rel=\"noreferrer noopener\">Mitteilung der Universit\u00e4t Freiburg<\/a>, die neben der <a href=\"https:\/\/en.wikipedia.org\/wiki\/Westlake_University\" target=\"_blank\" rel=\"noreferrer noopener\">Westsee-Universit\u00e4t<\/a> im chinesischen Hangzhou und der Uni T\u00fcbingen an der Untersuchung beteiligt war. Erschienen ist die <a href=\"https:\/\/www.nature.com\/articles\/s41467-024-52734-3\" target=\"_blank\" rel=\"noreferrer noopener\">Studie<\/a> jetzt im Fachjournal <em>Nature Communications<\/em>.<a href=\"https:\/\/www.klimareporter.de\/images\/karo3imgmanager\/resized\/5301-5400\/bumblebee_1043067_1280-5386-1100-733-80-c.webp\"><\/a><\/p>\n\n\n\n<p>Dass die Plastikpartikel sch\u00e4dliche Effekte auf Gew\u00e4sser haben, ist seit L\u00e4ngerem <a href=\"https:\/\/www.klimareporter.de\/technik\/reifen-fuer-gewaesser-giftig\" target=\"_blank\" rel=\"noreferrer noopener\">bekannt<\/a>. Es fehlte aber bislang an systematischen \u00dcbersichtsarbeiten, wie sie sich auf Agrar-\u00d6kosysteme auswirken.<\/p>\n\n\n\n<p>Diese L\u00fccke hat das Forschungsteam nun geschlossen, in dem es 21 Einzelstudien zusammenfasste. So lie\u00dfen sich die Hauptquellen identifizieren, aus denen Partikel auf Agrarfl\u00e4chen gelangen: Plastikfolien, D\u00fcngemittel, verschmutztes Wasser und Ablagerungen, die \u00fcber die Luft herangeweht werden.<\/p>\n\n\n\n<p>Die Plastikteilchen reichern sich laut Studie nicht nur in B\u00f6den an, sondern werden auch von Best\u00e4ubern sowie von Nutzinsekten, die Sch\u00e4dlinge klein halten, \u00fcber die Luft und die Nahrung aufgenommen oder im Nestbau verwendet.<\/p>\n\n\n\n<p>Das Forschungsteam stellte fest, dass es durch die Partikelaufnahme bei Bienen etwa zu Sch\u00e4den am Verdauungssystem, zur Schw\u00e4chung des Immunsystems und zu Verhaltens\u00e4nderungen kommen kann. Dadurch w\u00fcrden die Tiere anf\u00e4lliger f\u00fcr Krankheiten und k\u00f6nnten Pflanzen m\u00f6glicherweise weniger effektiv best\u00e4uben.<\/p>\n\n\n\n<h4 class=\"wp-block-heading\">Wechselwirkung zwischen Mikroplastik und sch\u00e4dlichen Viren<\/h4>\n\n\n\n<p>&#8222;Wir finden Mikroplastik im Darm von Bienen und sehen, wie Wildbienen Plastik zum Nestbau nutzen&#8220;, erl\u00e4uterte die Freiburger Naturschutz-Professorin <a href=\"https:\/\/de.wikipedia.org\/wiki\/Alexandra-Maria_Klein\" target=\"_blank\" rel=\"noreferrer noopener\">Alexandra-Maria Klein<\/a>, eine Mitautorin der Studie. &#8222;Wir m\u00fcssen daher dringend erforschen, welche Wechselwirkung dies mit anderen Stressoren wie dem Klimawandel f\u00fcr die Bienen und ihre Best\u00e4ubungsleistungen hat.&#8220;<\/p>\n\n\n\n<p>Die&nbsp;Wissenschaftlerinnen und Wissenschaftler warnen, dass eine sinkende Best\u00e4ubungsleistung sich nachteilig auf den Ertrag von Nutzpflanzen auswirken wird. Die Plastikverschmutzung k\u00f6nne so bestehende Unsicherheiten bei der globalen Nahrungsmittelversorgung weiter versch\u00e4rfen.<\/p>\n\n\n\n<p>Dar\u00fcber hinaus verst\u00e4rke die Belastung mit den Partikeln auch die Gefahren, die von anderen Umweltstressoren ausgehen&nbsp;\u2013 wie Pestiziden, chemischer Verschmutzung, Pilzen und Krankheitserregern. In einigen Gebieten bildeten sich sogar &#8222;Hotspots&#8220; der Wechselwirkung zwischen Plastikpartikeln und sch\u00e4dlichen Viren. Dort k\u00f6nne es zu besonders gravierenderen Effekten auf die Best\u00e4uber und damit auf die Stabilit\u00e4t des Nahrungsmittelsystems kommen.<\/p>\n\n\n\n<p>Das Forschungsteam betont jedoch auch die Beschr\u00e4nkungen der bisherigen Untersuchungen. So gebe es kaum Daten zu wichtigen Best\u00e4ubern und N\u00fctzlingen wie Hummeln und Marienk\u00e4fern. Zudem sei es bei der derzeitigen Datenlage nicht m\u00f6glich, die Wirkungen verschiedener Gr\u00f6\u00dfen und Mengen der Plastikpartikel differenziert zu beschreiben.<\/p>\n\n\n\n<p>Um das <a href=\"https:\/\/www.klimareporter.de\/international\/der-plastik-muellstrom-muss-schon-an-der-quelle-bekaempft-werden\" target=\"_blank\" rel=\"noreferrer noopener\">wachsende Problem<\/a> der Plastikverschmutzung besser zu verstehen und L\u00f6sungen daf\u00fcr finden zu k\u00f6nnen, brauche es daher dringend weitere Forschung. Allerdings, so Alexandra-Maria Klein: Schon jetzt sei klar, dass bei der Plastikverschmutzung dringend politisch gegengesteuert werden m\u00fcsse.<\/p>\n\n\n\n<p>Das Problem erscheint in der Tat dringlich. In den letzten Jahren sind weltweit immer mehr Bienenpopulationen <a href=\"https:\/\/www.klimareporter.de\/erdsystem\/insekten-noch-viel-wertvoller\" target=\"_blank\" rel=\"noreferrer noopener\">weggestorben<\/a>. So gibt es <a href=\"https:\/\/www.nabu.de\/tiere-und-pflanzen\/insekten-und-spinnen\/hautfluegler\/bienen\/13676.html\" target=\"_blank\" rel=\"noreferrer noopener\">nach Angaben<\/a> des Naturschutzbundes Deutschland (Nabu) in Europa etwa zehn Prozent weniger Bienen als noch vor einigen Jahren, in den USA ist ein R\u00fcckgang von 30 Prozent zu verzeichnen, und im Nahen Osten sind es sogar 85 Prozent.<\/p>\n\n\n<h5 class=\"green\">Quelle<\/h5>\r\n\n\n\n<p>Der Bericht wurde von der\u00a0<a href=\"https:\/\/www.klimareporter.de\/erdsystem\/plastik-schaedigt-die-bienen\">Redaktion \u201eklimareporter.de\u201c (Joachim Wille) 2024<\/a>\u00a0verfasst &#8211; der Artikel darf nicht ohne Genehmigung\u00a0(<a href=\"mailto:post@klimareporter.de\">post@klimareporter.de<\/a>) weiterverbreitet werden!\u00a0<\/p>\n<div class=\"shariff shariff-align-flex-start shariff-widget-align-flex-start\"><div class=\"ShariffHeadline\">Diese Meldung teilen<\/div><ul class=\"shariff-buttons theme-round orientation-horizontal buttonsize-medium\"><li class=\"shariff-button facebook shariff-nocustomcolor\" style=\"background-color:#4273c8;border-radius:1%\"><a href=\"https:\/\/www.facebook.com\/sharer\/sharer.php?u=https%3A%2F%2Fwww.sonnenseite.com%2Fde%2Fumwelt%2Fplastik-schaedigt-die-bienen%2F\" title=\"Bei Facebook teilen\" aria-label=\"Bei Facebook teilen\" role=\"button\" rel=\"nofollow\" class=\"shariff-link\" style=\";border-radius:1%; background-color:#3b5998; color:#fff\" target=\"_blank\"><span class=\"shariff-icon\" style=\"\"><svg width=\"32px\" height=\"20px\" xmlns=\"http:\/\/www.w3.org\/2000\/svg\" viewBox=\"0 0 18 32\"><path fill=\"#3b5998\" d=\"M17.1 0.2v4.7h-2.8q-1.5 0-2.1 0.6t-0.5 1.9v3.4h5.2l-0.7 5.3h-4.5v13.6h-5.5v-13.6h-4.5v-5.3h4.5v-3.9q0-3.3 1.9-5.2t5-1.8q2.6 0 4.1 0.2z\"\/><\/svg><\/span><\/a><\/li><li class=\"shariff-button twitter shariff-nocustomcolor\" style=\"background-color:#595959;border-radius:1%\"><a href=\"https:\/\/twitter.com\/share?url=https%3A%2F%2Fwww.sonnenseite.com%2Fde%2Fumwelt%2Fplastik-schaedigt-die-bienen%2F&text=Plastik%20sch%C3%A4digt%20die%20Bienen\" title=\"Bei X teilen\" aria-label=\"Bei X teilen\" role=\"button\" rel=\"noopener nofollow\" class=\"shariff-link\" style=\";border-radius:1%; background-color:#000; color:#fff\" target=\"_blank\"><span class=\"shariff-icon\" style=\"\"><svg width=\"32px\" height=\"20px\" xmlns=\"http:\/\/www.w3.org\/2000\/svg\" viewBox=\"0 0 24 24\"><path fill=\"#000\" d=\"M14.258 10.152L23.176 0h-2.113l-7.747 8.813L7.133 0H0l9.352 13.328L0 23.973h2.113l8.176-9.309 6.531 9.309h7.133zm-2.895 3.293l-.949-1.328L2.875 1.56h3.246l6.086 8.523.945 1.328 7.91 11.078h-3.246zm0 0\"\/><\/svg><\/span><\/a><\/li><li class=\"shariff-button xing shariff-nocustomcolor\" style=\"background-color:#29888a;border-radius:1%\"><a href=\"https:\/\/www.xing.com\/spi\/shares\/new?url=https%3A%2F%2Fwww.sonnenseite.com%2Fde%2Fumwelt%2Fplastik-schaedigt-die-bienen%2F\" title=\"Bei XING teilen\" aria-label=\"Bei XING teilen\" role=\"button\" rel=\"noopener nofollow\" class=\"shariff-link\" style=\";border-radius:1%; background-color:#126567; color:#fff\" target=\"_blank\"><span class=\"shariff-icon\" style=\"\"><svg width=\"32px\" height=\"20px\" xmlns=\"http:\/\/www.w3.org\/2000\/svg\" viewBox=\"0 0 25 32\"><path fill=\"#126567\" d=\"M10.7 11.9q-0.2 0.3-4.6 8.2-0.5 0.8-1.2 0.8h-4.3q-0.4 0-0.5-0.3t0-0.6l4.5-8q0 0 0 0l-2.9-5q-0.2-0.4 0-0.7 0.2-0.3 0.5-0.3h4.3q0.7 0 1.2 0.8zM25.1 0.4q0.2 0.3 0 0.7l-9.4 16.7 6 11q0.2 0.4 0 0.6-0.2 0.3-0.6 0.3h-4.3q-0.7 0-1.2-0.8l-6-11.1q0.3-0.6 9.5-16.8 0.4-0.8 1.2-0.8h4.3q0.4 0 0.5 0.3z\"\/><\/svg><\/span><\/a><\/li><li class=\"shariff-button linkedin shariff-nocustomcolor\" style=\"background-color:#1488bf;border-radius:1%\"><a href=\"https:\/\/www.linkedin.com\/sharing\/share-offsite\/?url=https%3A%2F%2Fwww.sonnenseite.com%2Fde%2Fumwelt%2Fplastik-schaedigt-die-bienen%2F\" title=\"Bei LinkedIn teilen\" aria-label=\"Bei LinkedIn teilen\" role=\"button\" rel=\"noopener nofollow\" class=\"shariff-link\" style=\";border-radius:1%; background-color:#0077b5; color:#fff\" target=\"_blank\"><span class=\"shariff-icon\" style=\"\"><svg width=\"32px\" height=\"20px\" xmlns=\"http:\/\/www.w3.org\/2000\/svg\" viewBox=\"0 0 27 32\"><path fill=\"#0077b5\" d=\"M6.2 11.2v17.7h-5.9v-17.7h5.9zM6.6 5.7q0 1.3-0.9 2.2t-2.4 0.9h0q-1.5 0-2.4-0.9t-0.9-2.2 0.9-2.2 2.4-0.9 2.4 0.9 0.9 2.2zM27.4 18.7v10.1h-5.9v-9.5q0-1.9-0.7-2.9t-2.3-1.1q-1.1 0-1.9 0.6t-1.2 1.5q-0.2 0.5-0.2 1.4v9.9h-5.9q0-7.1 0-11.6t0-5.3l0-0.9h5.9v2.6h0q0.4-0.6 0.7-1t1-0.9 1.6-0.8 2-0.3q3 0 4.9 2t1.9 6z\"\/><\/svg><\/span><\/a><\/li><li class=\"shariff-button printer shariff-nocustomcolor\" style=\"background-color:#a8a8a8;border-radius:1%\"><a href=\"javascript:window.print()\" title=\"drucken\" aria-label=\"drucken\" role=\"button\" rel=\"noopener nofollow\" class=\"shariff-link\" style=\";border-radius:1%; background-color:#999; color:#fff\"><span class=\"shariff-icon\" style=\"\"><svg width=\"32px\" height=\"20px\" xmlns=\"http:\/\/www.w3.org\/2000\/svg\" viewBox=\"0 0 30 32\"><path fill=\"#999\" d=\"M6.8 27.4h16v-4.6h-16v4.6zM6.8 16h16v-6.8h-2.8q-0.7 0-1.2-0.5t-0.5-1.2v-2.8h-11.4v11.4zM27.4 17.2q0-0.5-0.3-0.8t-0.8-0.4-0.8 0.4-0.3 0.8 0.3 0.8 0.8 0.3 0.8-0.3 0.3-0.8zM29.7 17.2v7.4q0 0.2-0.2 0.4t-0.4 0.2h-4v2.8q0 0.7-0.5 1.2t-1.2 0.5h-17.2q-0.7 0-1.2-0.5t-0.5-1.2v-2.8h-4q-0.2 0-0.4-0.2t-0.2-0.4v-7.4q0-1.4 1-2.4t2.4-1h1.2v-9.7q0-0.7 0.5-1.2t1.2-0.5h12q0.7 0 1.6 0.4t1.3 0.8l2.7 2.7q0.5 0.5 0.9 1.4t0.4 1.6v4.6h1.1q1.4 0 2.4 1t1 2.4z\"\/><\/svg><\/span><\/a><\/li><li class=\"shariff-button mailto shariff-nocustomcolor\" style=\"background-color:#a8a8a8;border-radius:1%\"><a href=\"mailto:?body=https%3A%2F%2Fwww.sonnenseite.com%2Fde%2Fumwelt%2Fplastik-schaedigt-die-bienen%2F&subject=Plastik%20sch%C3%A4digt%20die%20Bienen\" title=\"Per E-Mail versenden\" aria-label=\"Per E-Mail versenden\" role=\"button\" rel=\"noopener nofollow\" class=\"shariff-link\" style=\";border-radius:1%; background-color:#999; color:#fff\"><span class=\"shariff-icon\" style=\"\"><svg width=\"32px\" height=\"20px\" xmlns=\"http:\/\/www.w3.org\/2000\/svg\" viewBox=\"0 0 32 32\"><path fill=\"#999\" d=\"M32 12.7v14.2q0 1.2-0.8 2t-2 0.9h-26.3q-1.2 0-2-0.9t-0.8-2v-14.2q0.8 0.9 1.8 1.6 6.5 4.4 8.9 6.1 1 0.8 1.6 1.2t1.7 0.9 2 0.4h0.1q0.9 0 2-0.4t1.7-0.9 1.6-1.2q3-2.2 8.9-6.1 1-0.7 1.8-1.6zM32 7.4q0 1.4-0.9 2.7t-2.2 2.2q-6.7 4.7-8.4 5.8-0.2 0.1-0.7 0.5t-1 0.7-0.9 0.6-1.1 0.5-0.9 0.2h-0.1q-0.4 0-0.9-0.2t-1.1-0.5-0.9-0.6-1-0.7-0.7-0.5q-1.6-1.1-4.7-3.2t-3.6-2.6q-1.1-0.7-2.1-2t-1-2.5q0-1.4 0.7-2.3t2.1-0.9h26.3q1.2 0 2 0.8t0.9 2z\"\/><\/svg><\/span><\/a><\/li><\/ul><\/div>","protected":false},"excerpt":{"rendered":"<p>Nutzinsekten nehmen Nano- und Mikroplastik \u00fcber Nahrung und Luft auf. Das kann laut einer Studie ihre [&hellip;]<\/p>\n","protected":false},"author":3,"featured_media":102649,"comment_status":"closed","ping_status":"closed","sticky":false,"template":"","format":"standard","meta":{"inline_featured_image":false,"footnotes":""},"categories":[23],"tags":[],"class_list":["post-102648","post","type-post","status-publish","format-standard","has-post-thumbnail","hentry","category-umwelt"],"yoast_head":"<!-- This site is optimized with the Yoast SEO plugin v26.5 - https:\/\/yoast.com\/wordpress\/plugins\/seo\/ -->\n<title>Plastik sch\u00e4digt die Bienen - Sonnenseite - \u00d6kologische Kommunikation mit Franz Alt<\/title>\n<meta name=\"description\" content=\"Nutzinsekten nehmen Nano- und Mikroplastik \u00fcber Nahrung und Luft auf. Das kann laut einer Studie ihre Funktionen als Best\u00e4uber beeintr\u00e4chtigen. Das\" \/>\n<meta name=\"robots\" content=\"index, follow, max-snippet:-1, max-image-preview:large, max-video-preview:-1\" \/>\n<link rel=\"canonical\" href=\"https:\/\/www.sonnenseite.com\/de\/umwelt\/plastik-schaedigt-die-bienen\/\" \/>\n<meta property=\"og:locale\" content=\"de_DE\" \/>\n<meta property=\"og:type\" content=\"article\" \/>\n<meta property=\"og:title\" content=\"Plastik sch\u00e4digt die Bienen - Sonnenseite - \u00d6kologische Kommunikation mit Franz Alt\" \/>\n<meta property=\"og:description\" content=\"Nutzinsekten nehmen Nano- und Mikroplastik \u00fcber Nahrung und Luft auf. Das kann laut einer Studie ihre Funktionen als Best\u00e4uber beeintr\u00e4chtigen. Das\" \/>\n<meta property=\"og:url\" content=\"https:\/\/www.sonnenseite.com\/de\/umwelt\/plastik-schaedigt-die-bienen\/\" \/>\n<meta property=\"og:site_name\" content=\"Sonnenseite\" \/>\n<meta property=\"article:publisher\" content=\"https:\/\/www.facebook.com\/pages\/Franz-Alt-SONNENSEITECOM\/221072987903953?fref=ts\" \/>\n<meta property=\"article:published_time\" content=\"2024-10-19T07:59:48+00:00\" \/>\n<meta property=\"article:modified_time\" content=\"2024-10-19T07:59:49+00:00\" \/>\n<meta property=\"og:image\" content=\"https:\/\/www.sonnenseite.com\/wp-content\/uploads\/2024\/10\/Hummel_Celles.jpg\" \/>\n\t<meta property=\"og:image:width\" content=\"770\" \/>\n\t<meta property=\"og:image:height\" content=\"420\" \/>\n\t<meta property=\"og:image:type\" content=\"image\/jpeg\" \/>\n<meta name=\"author\" content=\"Bigi Alt\" \/>\n<meta name=\"twitter:card\" content=\"summary_large_image\" \/>\n<meta name=\"twitter:creator\" content=\"@franzalt\" \/>\n<meta name=\"twitter:site\" content=\"@franzalt\" \/>\n<meta name=\"twitter:label1\" content=\"Verfasst von\" \/>\n\t<meta name=\"twitter:data1\" content=\"Bigi Alt\" \/>\n\t<meta name=\"twitter:label2\" content=\"Gesch\u00e4tzte Lesezeit\" \/>\n\t<meta name=\"twitter:data2\" content=\"5\u00a0Minuten\" \/>\n<script type=\"application\/ld+json\" class=\"yoast-schema-graph\">{\"@context\":\"https:\/\/schema.org\",\"@graph\":[{\"@type\":\"Article\",\"@id\":\"https:\/\/www.sonnenseite.com\/de\/umwelt\/plastik-schaedigt-die-bienen\/#article\",\"isPartOf\":{\"@id\":\"https:\/\/www.sonnenseite.com\/de\/umwelt\/plastik-schaedigt-die-bienen\/\"},\"author\":{\"name\":\"Bigi Alt\",\"@id\":\"https:\/\/www.sonnenseite.com\/de\/#\/schema\/person\/50fda0e926597684c7cc6695238a4eb9\"},\"headline\":\"Plastik sch\u00e4digt die Bienen\",\"datePublished\":\"2024-10-19T07:59:48+00:00\",\"dateModified\":\"2024-10-19T07:59:49+00:00\",\"mainEntityOfPage\":{\"@id\":\"https:\/\/www.sonnenseite.com\/de\/umwelt\/plastik-schaedigt-die-bienen\/\"},\"wordCount\":826,\"publisher\":{\"@id\":\"https:\/\/www.sonnenseite.com\/de\/#organization\"},\"image\":{\"@id\":\"https:\/\/www.sonnenseite.com\/de\/umwelt\/plastik-schaedigt-die-bienen\/#primaryimage\"},\"thumbnailUrl\":\"https:\/\/www.sonnenseite.com\/wp-content\/uploads\/2024\/10\/Hummel_Celles.jpg\",\"articleSection\":[\"Umwelt\"],\"inLanguage\":\"de\"},{\"@type\":\"WebPage\",\"@id\":\"https:\/\/www.sonnenseite.com\/de\/umwelt\/plastik-schaedigt-die-bienen\/\",\"url\":\"https:\/\/www.sonnenseite.com\/de\/umwelt\/plastik-schaedigt-die-bienen\/\",\"name\":\"Plastik sch\u00e4digt die Bienen - Sonnenseite - \u00d6kologische Kommunikation mit Franz Alt\",\"isPartOf\":{\"@id\":\"https:\/\/www.sonnenseite.com\/de\/#website\"},\"primaryImageOfPage\":{\"@id\":\"https:\/\/www.sonnenseite.com\/de\/umwelt\/plastik-schaedigt-die-bienen\/#primaryimage\"},\"image\":{\"@id\":\"https:\/\/www.sonnenseite.com\/de\/umwelt\/plastik-schaedigt-die-bienen\/#primaryimage\"},\"thumbnailUrl\":\"https:\/\/www.sonnenseite.com\/wp-content\/uploads\/2024\/10\/Hummel_Celles.jpg\",\"datePublished\":\"2024-10-19T07:59:48+00:00\",\"dateModified\":\"2024-10-19T07:59:49+00:00\",\"description\":\"Nutzinsekten nehmen Nano- und Mikroplastik \u00fcber Nahrung und Luft auf. Das kann laut einer Studie ihre Funktionen als Best\u00e4uber beeintr\u00e4chtigen. Das\",\"breadcrumb\":{\"@id\":\"https:\/\/www.sonnenseite.com\/de\/umwelt\/plastik-schaedigt-die-bienen\/#breadcrumb\"},\"inLanguage\":\"de\",\"potentialAction\":[{\"@type\":\"ReadAction\",\"target\":[\"https:\/\/www.sonnenseite.com\/de\/umwelt\/plastik-schaedigt-die-bienen\/\"]}]},{\"@type\":\"ImageObject\",\"inLanguage\":\"de\",\"@id\":\"https:\/\/www.sonnenseite.com\/de\/umwelt\/plastik-schaedigt-die-bienen\/#primaryimage\",\"url\":\"https:\/\/www.sonnenseite.com\/wp-content\/uploads\/2024\/10\/Hummel_Celles.jpg\",\"contentUrl\":\"https:\/\/www.sonnenseite.com\/wp-content\/uploads\/2024\/10\/Hummel_Celles.jpg\",\"width\":770,\"height\":420,\"caption\":\"pixabay.com | Celles | Auch Hummeln wie diese Apfelbl\u00fcten-Besucherin geh\u00f6ren zu den Bienen. Die Vielfalt der Best\u00e4uberinsekten ist aber sehr viel gr\u00f6\u00dfer.\"},{\"@type\":\"BreadcrumbList\",\"@id\":\"https:\/\/www.sonnenseite.com\/de\/umwelt\/plastik-schaedigt-die-bienen\/#breadcrumb\",\"itemListElement\":[{\"@type\":\"ListItem\",\"position\":1,\"name\":\"Startseite\",\"item\":\"https:\/\/www.sonnenseite.com\/de\/\"},{\"@type\":\"ListItem\",\"position\":2,\"name\":\"Plastik sch\u00e4digt die Bienen\"}]},{\"@type\":\"WebSite\",\"@id\":\"https:\/\/www.sonnenseite.com\/de\/#website\",\"url\":\"https:\/\/www.sonnenseite.com\/de\/\",\"name\":\"Sonnenseite\",\"description\":\"\u00d6kologische Kommunikation mit Franz Alt\",\"publisher\":{\"@id\":\"https:\/\/www.sonnenseite.com\/de\/#organization\"},\"potentialAction\":[{\"@type\":\"SearchAction\",\"target\":{\"@type\":\"EntryPoint\",\"urlTemplate\":\"https:\/\/www.sonnenseite.com\/de\/?s={search_term_string}\"},\"query-input\":{\"@type\":\"PropertyValueSpecification\",\"valueRequired\":true,\"valueName\":\"search_term_string\"}}],\"inLanguage\":\"de\"},{\"@type\":\"Organization\",\"@id\":\"https:\/\/www.sonnenseite.com\/de\/#organization\",\"name\":\"Sonnenseite\",\"url\":\"https:\/\/www.sonnenseite.com\/de\/\",\"logo\":{\"@type\":\"ImageObject\",\"inLanguage\":\"de\",\"@id\":\"https:\/\/www.sonnenseite.com\/de\/#\/schema\/logo\/image\/\",\"url\":\"https:\/\/www.sonnenseite.com\/wp-content\/uploads\/2020\/05\/Sonnenseite_Logo.png\",\"contentUrl\":\"https:\/\/www.sonnenseite.com\/wp-content\/uploads\/2020\/05\/Sonnenseite_Logo.png\",\"width\":377,\"height\":90,\"caption\":\"Sonnenseite\"},\"image\":{\"@id\":\"https:\/\/www.sonnenseite.com\/de\/#\/schema\/logo\/image\/\"},\"sameAs\":[\"https:\/\/www.facebook.com\/pages\/Franz-Alt-SONNENSEITECOM\/221072987903953?fref=ts\",\"https:\/\/x.com\/franzalt\",\"http:\/\/www.youtube.com\/results?search_query&amp;amp;quot;franz_alt&amp;amp;quot;&amp;amp;amp;amp;search_type&amp;amp;amp;amp;aq=f\"]},{\"@type\":\"Person\",\"@id\":\"https:\/\/www.sonnenseite.com\/de\/#\/schema\/person\/50fda0e926597684c7cc6695238a4eb9\",\"name\":\"Bigi Alt\"}]}<\/script>\n<!-- \/ Yoast SEO plugin. -->","yoast_head_json":{"title":"Plastik sch\u00e4digt die Bienen - Sonnenseite - \u00d6kologische Kommunikation mit Franz Alt","description":"Nutzinsekten nehmen Nano- und Mikroplastik \u00fcber Nahrung und Luft auf. Das kann laut einer Studie ihre Funktionen als Best\u00e4uber beeintr\u00e4chtigen. Das","robots":{"index":"index","follow":"follow","max-snippet":"max-snippet:-1","max-image-preview":"max-image-preview:large","max-video-preview":"max-video-preview:-1"},"canonical":"https:\/\/www.sonnenseite.com\/de\/umwelt\/plastik-schaedigt-die-bienen\/","og_locale":"de_DE","og_type":"article","og_title":"Plastik sch\u00e4digt die Bienen - Sonnenseite - \u00d6kologische Kommunikation mit Franz Alt","og_description":"Nutzinsekten nehmen Nano- und Mikroplastik \u00fcber Nahrung und Luft auf. Das kann laut einer Studie ihre Funktionen als Best\u00e4uber beeintr\u00e4chtigen. Das","og_url":"https:\/\/www.sonnenseite.com\/de\/umwelt\/plastik-schaedigt-die-bienen\/","og_site_name":"Sonnenseite","article_publisher":"https:\/\/www.facebook.com\/pages\/Franz-Alt-SONNENSEITECOM\/221072987903953?fref=ts","article_published_time":"2024-10-19T07:59:48+00:00","article_modified_time":"2024-10-19T07:59:49+00:00","og_image":[{"width":770,"height":420,"url":"https:\/\/www.sonnenseite.com\/wp-content\/uploads\/2024\/10\/Hummel_Celles.jpg","type":"image\/jpeg"}],"author":"Bigi Alt","twitter_card":"summary_large_image","twitter_creator":"@franzalt","twitter_site":"@franzalt","twitter_misc":{"Verfasst von":"Bigi Alt","Gesch\u00e4tzte Lesezeit":"5\u00a0Minuten"},"schema":{"@context":"https:\/\/schema.org","@graph":[{"@type":"Article","@id":"https:\/\/www.sonnenseite.com\/de\/umwelt\/plastik-schaedigt-die-bienen\/#article","isPartOf":{"@id":"https:\/\/www.sonnenseite.com\/de\/umwelt\/plastik-schaedigt-die-bienen\/"},"author":{"name":"Bigi Alt","@id":"https:\/\/www.sonnenseite.com\/de\/#\/schema\/person\/50fda0e926597684c7cc6695238a4eb9"},"headline":"Plastik sch\u00e4digt die Bienen","datePublished":"2024-10-19T07:59:48+00:00","dateModified":"2024-10-19T07:59:49+00:00","mainEntityOfPage":{"@id":"https:\/\/www.sonnenseite.com\/de\/umwelt\/plastik-schaedigt-die-bienen\/"},"wordCount":826,"publisher":{"@id":"https:\/\/www.sonnenseite.com\/de\/#organization"},"image":{"@id":"https:\/\/www.sonnenseite.com\/de\/umwelt\/plastik-schaedigt-die-bienen\/#primaryimage"},"thumbnailUrl":"https:\/\/www.sonnenseite.com\/wp-content\/uploads\/2024\/10\/Hummel_Celles.jpg","articleSection":["Umwelt"],"inLanguage":"de"},{"@type":"WebPage","@id":"https:\/\/www.sonnenseite.com\/de\/umwelt\/plastik-schaedigt-die-bienen\/","url":"https:\/\/www.sonnenseite.com\/de\/umwelt\/plastik-schaedigt-die-bienen\/","name":"Plastik sch\u00e4digt die Bienen - Sonnenseite - \u00d6kologische Kommunikation mit Franz Alt","isPartOf":{"@id":"https:\/\/www.sonnenseite.com\/de\/#website"},"primaryImageOfPage":{"@id":"https:\/\/www.sonnenseite.com\/de\/umwelt\/plastik-schaedigt-die-bienen\/#primaryimage"},"image":{"@id":"https:\/\/www.sonnenseite.com\/de\/umwelt\/plastik-schaedigt-die-bienen\/#primaryimage"},"thumbnailUrl":"https:\/\/www.sonnenseite.com\/wp-content\/uploads\/2024\/10\/Hummel_Celles.jpg","datePublished":"2024-10-19T07:59:48+00:00","dateModified":"2024-10-19T07:59:49+00:00","description":"Nutzinsekten nehmen Nano- und Mikroplastik \u00fcber Nahrung und Luft auf. Das kann laut einer Studie ihre Funktionen als Best\u00e4uber beeintr\u00e4chtigen. Das","breadcrumb":{"@id":"https:\/\/www.sonnenseite.com\/de\/umwelt\/plastik-schaedigt-die-bienen\/#breadcrumb"},"inLanguage":"de","potentialAction":[{"@type":"ReadAction","target":["https:\/\/www.sonnenseite.com\/de\/umwelt\/plastik-schaedigt-die-bienen\/"]}]},{"@type":"ImageObject","inLanguage":"de","@id":"https:\/\/www.sonnenseite.com\/de\/umwelt\/plastik-schaedigt-die-bienen\/#primaryimage","url":"https:\/\/www.sonnenseite.com\/wp-content\/uploads\/2024\/10\/Hummel_Celles.jpg","contentUrl":"https:\/\/www.sonnenseite.com\/wp-content\/uploads\/2024\/10\/Hummel_Celles.jpg","width":770,"height":420,"caption":"pixabay.com | Celles | Auch Hummeln wie diese Apfelbl\u00fcten-Besucherin geh\u00f6ren zu den Bienen. Die Vielfalt der Best\u00e4uberinsekten ist aber sehr viel gr\u00f6\u00dfer."},{"@type":"BreadcrumbList","@id":"https:\/\/www.sonnenseite.com\/de\/umwelt\/plastik-schaedigt-die-bienen\/#breadcrumb","itemListElement":[{"@type":"ListItem","position":1,"name":"Startseite","item":"https:\/\/www.sonnenseite.com\/de\/"},{"@type":"ListItem","position":2,"name":"Plastik sch\u00e4digt die Bienen"}]},{"@type":"WebSite","@id":"https:\/\/www.sonnenseite.com\/de\/#website","url":"https:\/\/www.sonnenseite.com\/de\/","name":"Sonnenseite","description":"\u00d6kologische Kommunikation mit Franz Alt","publisher":{"@id":"https:\/\/www.sonnenseite.com\/de\/#organization"},"potentialAction":[{"@type":"SearchAction","target":{"@type":"EntryPoint","urlTemplate":"https:\/\/www.sonnenseite.com\/de\/?s={search_term_string}"},"query-input":{"@type":"PropertyValueSpecification","valueRequired":true,"valueName":"search_term_string"}}],"inLanguage":"de"},{"@type":"Organization","@id":"https:\/\/www.sonnenseite.com\/de\/#organization","name":"Sonnenseite","url":"https:\/\/www.sonnenseite.com\/de\/","logo":{"@type":"ImageObject","inLanguage":"de","@id":"https:\/\/www.sonnenseite.com\/de\/#\/schema\/logo\/image\/","url":"https:\/\/www.sonnenseite.com\/wp-content\/uploads\/2020\/05\/Sonnenseite_Logo.png","contentUrl":"https:\/\/www.sonnenseite.com\/wp-content\/uploads\/2020\/05\/Sonnenseite_Logo.png","width":377,"height":90,"caption":"Sonnenseite"},"image":{"@id":"https:\/\/www.sonnenseite.com\/de\/#\/schema\/logo\/image\/"},"sameAs":["https:\/\/www.facebook.com\/pages\/Franz-Alt-SONNENSEITECOM\/221072987903953?fref=ts","https:\/\/x.com\/franzalt","http:\/\/www.youtube.com\/results?search_query&amp;amp;quot;franz_alt&amp;amp;quot;&amp;amp;amp;amp;search_type&amp;amp;amp;amp;aq=f"]},{"@type":"Person","@id":"https:\/\/www.sonnenseite.com\/de\/#\/schema\/person\/50fda0e926597684c7cc6695238a4eb9","name":"Bigi Alt"}]}},"_links":{"self":[{"href":"https:\/\/www.sonnenseite.com\/de\/wp-json\/wp\/v2\/posts\/102648","targetHints":{"allow":["GET"]}}],"collection":[{"href":"https:\/\/www.sonnenseite.com\/de\/wp-json\/wp\/v2\/posts"}],"about":[{"href":"https:\/\/www.sonnenseite.com\/de\/wp-json\/wp\/v2\/types\/post"}],"author":[{"embeddable":true,"href":"https:\/\/www.sonnenseite.com\/de\/wp-json\/wp\/v2\/users\/3"}],"replies":[{"embeddable":true,"href":"https:\/\/www.sonnenseite.com\/de\/wp-json\/wp\/v2\/comments?post=102648"}],"version-history":[{"count":1,"href":"https:\/\/www.sonnenseite.com\/de\/wp-json\/wp\/v2\/posts\/102648\/revisions"}],"predecessor-version":[{"id":102651,"href":"https:\/\/www.sonnenseite.com\/de\/wp-json\/wp\/v2\/posts\/102648\/revisions\/102651"}],"wp:featuredmedia":[{"embeddable":true,"href":"https:\/\/www.sonnenseite.com\/de\/wp-json\/wp\/v2\/media\/102649"}],"wp:attachment":[{"href":"https:\/\/www.sonnenseite.com\/de\/wp-json\/wp\/v2\/media?parent=102648"}],"wp:term":[{"taxonomy":"category","embeddable":true,"href":"https:\/\/www.sonnenseite.com\/de\/wp-json\/wp\/v2\/categories?post=102648"},{"taxonomy":"post_tag","embeddable":true,"href":"https:\/\/www.sonnenseite.com\/de\/wp-json\/wp\/v2\/tags?post=102648"}],"curies":[{"name":"wp","href":"https:\/\/api.w.org\/{rel}","templated":true}]}}