{"id":102784,"date":"2024-10-26T02:41:00","date_gmt":"2024-10-26T00:41:00","guid":{"rendered":"https:\/\/www.sonnenseite.com\/?p=102784"},"modified":"2024-10-25T14:08:52","modified_gmt":"2024-10-25T12:08:52","slug":"cop29-un-klimakonferenz-in-baku-2024","status":"publish","type":"post","link":"https:\/\/www.sonnenseite.com\/de\/politik\/cop29-un-klimakonferenz-in-baku-2024\/","title":{"rendered":"COP29: UN-Klimakonferenz in Baku 2024"},"content":{"rendered":"\n<p>Vom 11. bis 22. November 2024 findet in Aserbaidschan die Weltklimakonferenz (COP29) statt. Auf dieser Seite finden Sie alle Informationen rund um die Konferenz und die Positionen von Germanwatch.<\/p>\n\n\n\n<p>Die Klimakrise hat sich 2024 dramatisch versch\u00e4rft \u2013 doch gleichzeitig gibt es Grund zur Hoffnung: \u00dcberall auf der Welt haben Regierungen und Unternehmen in den letzten Jahren in Erneuerbare Energien, Speicher und Elektromobilit\u00e4t investiert, w\u00e4hrend die globale Nachfrage nach Kohle, \u00d6l und Gas stagniert. Durch gute Anpassungsma\u00dfnahmen an den Klimawandel sterben heute weniger Menschen bei Extremwetterereignissen als fr\u00fcher.&nbsp;<br><br>Ein Wendepunkt ist also in Sicht \u2013 aber: Der fossile Abwehrkampf ist massiv. Die Zeit dr\u00e4ngt, um den Wandel noch sozial gerecht und wirtschaftlich erfolgreich meistern zu k\u00f6nnen. Die Dynamik des Wandels zeigt sich bislang vor allem in den reichen L\u00e4ndern. In vielen \u00e4rmeren L\u00e4ndern f\u00fchrt der Klimawandel schon heute zu extremen Kosten \u2013 Geld, das dann f\u00fcr Zukunftstechnologien, aber auch f\u00fcr Anpassung an den Klimawandel fehlt.<br><br>Ma\u00dfnahmen zum Klimaschutz und zur Anpassung funktionieren, aber sie kosten. Deswegen steht das Thema Klimafinanzierung im Fokus der diesj\u00e4hrigen Weltklimakonferenz.&nbsp;<\/p>\n\n\n\n<h3 class=\"wp-block-heading\">Die neun Germanwatch-Forderungen zur COP<\/h3>\n\n\n<div class=\"wp-block-image\">\n<figure class=\"alignleft\"><img decoding=\"async\" src=\"https:\/\/www.germanwatch.org\/sites\/default\/files\/styles\/gw_icon\/public\/01_forderung_klimafinanzierung_staerken.png?itok=OhBA-wEN\" alt=\"Illustration mit H\u00e4nden, die eine Weltkugel halten, die mit Geld gef\u00fcllt ist.\"\/><\/figure>\n<\/div>\n\n\n<p><strong>1. Klimafinanzierung st\u00e4rken:<\/strong> Wir brauchen ein neues, faires und umfassendes Klimafinanzierungsziel f\u00fcr die Zeit nach 2025. \u00c4rmere L\u00e4nder brauchen die Sicherheit, dass die Weltgemeinschaft sie unterst\u00fctzt \u2013 bei der Transformation, bei der Anpassung an den Klimawandel und beim Umgang mit klimawandelbedingten Sch\u00e4den und Verlusten. Damit das gelingt, m\u00fcssen alle finanzstarken L\u00e4nder mehr beitragen &#8211; auch Deutschland.<\/p>\n\n\n<div class=\"wp-block-image\">\n<figure class=\"alignleft\"><img decoding=\"async\" src=\"https:\/\/www.germanwatch.org\/sites\/default\/files\/styles\/gw_icon\/public\/02_forderung_indikatoren_entwickeln_0.png?itok=JI33DAnf\" alt=\"Illustration mit einer Lupe und einer Person, die eine Liste abhakt\"\/><\/figure>\n<\/div>\n\n\n<p><strong>2. Indikatoren zur Anpassung an den Klimawandel entwickeln: <\/strong>Wir setzen uns daf\u00fcr ein, klare, skalierbare und umfassende Indikatoren f\u00fcr die Anpassung an den Klimawandel zu entwickeln. Nur so lassen sich Fortschritte verfolgen, L\u00fccken schlie\u00dfen und das Geld aus der Klimafinanzierung dahin lenken, wo es wirkt.<\/p>\n\n\n<div class=\"wp-block-image\">\n<figure class=\"alignleft\"><img decoding=\"async\" src=\"https:\/\/www.germanwatch.org\/sites\/default\/files\/styles\/gw_icon\/public\/03_forderung_nationale_klimaziele.png?itok=Etfl2QJH\" alt=\"Illustration eine Person auf einem Weg mit einer Fahne am Ende\"\/><\/figure>\n<\/div>\n\n\n<p><strong>3. Nationale Klimaziele sch\u00e4rfen: <\/strong>Alle f\u00fcnf Jahre m\u00fcssen sich L\u00e4nder neue nationale Klimaziele setzen \u2013 so wurde es im Pariser Klimaabkommen vereinbart. Bisher reichen diese nationalen Klimaziele aber nicht aus. Wir fordern: Nationale Klimaziele m\u00fcssen in Zukunft so konkret und ambitioniert sein, dass wir die Pariser 1,5\u00b0C-Grenze einhalten k\u00f6nnen.<\/p>\n\n\n<div class=\"wp-block-image\">\n<figure class=\"alignleft\"><img decoding=\"async\" src=\"https:\/\/www.germanwatch.org\/sites\/default\/files\/styles\/gw_icon\/public\/04_forderung_fonds_verluste_schaeden.png?itok=y4AfWC2X\" alt=\"Illustartion von einem Beutel der Geld auf einer halben Weltkugel verteilt.\"\/><\/figure>\n<\/div>\n\n\n<p><strong>4. Fonds f\u00fcr Verluste und Sch\u00e4den f\u00fcllen: <\/strong>Der Klimawandel verursacht Verluste und Sch\u00e4den. Damit besonders betroffene und verletzliche L\u00e4nder sie bew\u00e4ltigen k\u00f6nnen, hat die Weltklimakonferenz 2022 in \u00c4gypten einen Fonds eingerichtet. Ein echter Meilenstein \u2013 doch jetzt braucht es eine Strategie, um diesen Fonds auch zu f\u00fcllen. Hierbei muss gelten: Wer viel zum Klimawandel beitr\u00e4gt und die wirtschaftliche Kapazit\u00e4t daf\u00fcr hat, sollte auch viel in den Fonds einzahlen.<\/p>\n\n\n<div class=\"wp-block-image\">\n<figure class=\"alignleft\"><img decoding=\"async\" src=\"https:\/\/www.germanwatch.org\/sites\/default\/files\/styles\/gw_icon\/public\/05_forderung_abkehr_fossile_brennstoffe.png?itok=Uf6PZLSU\" alt=\"Illustration von einer Person, die sich sich von Schornsteinen und \u00d6lf\u00e4ssern abwendet.\"\/><\/figure>\n<\/div>\n\n\n<p><strong>5. Abkehr von fossilen Brennstoffen umsetzen: <\/strong>Die Weltklimakonferenz hat sich 2023 in Dubai auf die Abkehr von fossilen Brennstoffen geeinigt und beschlossen: Weltweit sollen sich Erneuerbare Energien bis 2030 verdreifachen und die Energieeffizienz verdoppeln. Ein wichtiges Signal \u2013 aber jetzt m\u00fcssen konkrete Ma\u00dfnahmen folgen. Die L\u00e4nder m\u00fcssen neue Kohle-, \u00d6l- und Gasprojekte sofort beenden und klimasch\u00e4dliche Subventionen in Klimaschutz und Anpassung umlenken.<\/p>\n\n\n<div class=\"wp-block-image\">\n<figure class=\"alignleft\"><img decoding=\"async\" src=\"https:\/\/www.germanwatch.org\/sites\/default\/files\/styles\/gw_icon\/public\/06_forderung_klimaschutz_sozial_gerecht.png?itok=_JjpStfB\" alt=\"Illustration einer Wage: links sind B\u00e4ume und rechts stehen zwei Personen.\"\/><\/figure>\n<\/div>\n\n\n<p><strong>6. Klimaschutz sozial gerecht gestalten: <\/strong>Das 2023 gestartete <em>Just Transition Work Programme <\/em>soll f\u00fcr einen sozial gerechten Weg zur Klimaneutralit\u00e4t sorgen, macht aber nur langsame Fortschritte. Auf der Klimakonferenz in Baku erwarten wir konkrete und verbindliche Vereinbarungen.<\/p>\n\n\n\n<div style=\"height:12px\" aria-hidden=\"true\" class=\"wp-block-spacer\"><\/div>\n\n\n<div class=\"wp-block-image\">\n<figure class=\"alignleft\"><img decoding=\"async\" src=\"https:\/\/www.germanwatch.org\/sites\/default\/files\/styles\/gw_icon\/public\/07_forderung_ernaehrungssysteme_mitdenken.png?itok=Z5p6ZvUl\" alt=\"Illustration eines Kreises mit Lebensmitteln, in der Mitte sind B\u00e4ume und Bl\u00e4tter\"\/><\/figure>\n<\/div>\n\n\n<p><strong>7. Ern\u00e4hrungssysteme mitdenken: <\/strong>Die Art, wie wir Nahrung produzieren, verarbeiten und konsumieren, verursacht ein Drittel der weltweiten Treibhausgas-Emissionen \u2013 wir m\u00fcssen sie also dringend ver\u00e4ndern. Sowohl das neue Klimafinanzierungsziel als auch die nationalen Klimaziele m\u00fcssen deshalb auch diesen Bereich umfassen. Es geht hierbei nicht nur um den Klima- und Artenschutz, sondern auch um unsere Ern\u00e4hrungssicherheit.<\/p>\n\n\n<div class=\"wp-block-image\">\n<figure class=\"alignleft\"><img decoding=\"async\" src=\"https:\/\/www.germanwatch.org\/sites\/default\/files\/styles\/gw_icon\/public\/08_forderung_menschenrechte.png?itok=cX1Uchhp\" alt=\"Illustration von Personen, die Plakate mit Paragraphenzeichen hochhalten.\"\/><\/figure>\n<\/div>\n\n\n<p><strong>8. Menschenrechte und Zivilgesellschaft st\u00e4rken: <\/strong>Angesichts der besorgniserregenden Menschenrechtslage in Aserbaidschan fordern wir, dass die COP29 ein Forum f\u00fcr freien Meinungsaustausch bietet und die Stimmen der Zivilgesellschaft respektiert werden \u2013 auch au\u00dferhalb der Konferenzanlagen.<\/p>\n\n\n<div class=\"wp-block-image\">\n<figure class=\"alignleft\"><img decoding=\"async\" src=\"https:\/\/www.germanwatch.org\/sites\/default\/files\/styles\/gw_icon\/public\/09_forderung_bundesregierung.png?itok=MJv7qAv-\" alt=\"Illustration des Reichstags in Berlin\"\/><\/figure>\n<\/div>\n\n\n<p><strong>9. Den Anschluss nicht verlieren: <\/strong>Unz\u00e4hlige L\u00e4nder und Unternehmen gehen mit gro\u00dfen Schritten erfolgreich Richtung Klimaneutralit\u00e4t. Deutschland darf den Anschluss nicht verlieren. Die Bundesregierung muss Erneuerbare Energien weiter ausbauen \u2013 und die Nutzung fossiler Brennstoffe und den Energieverbrauch senken. Deutschland muss bei Zukunftstechnologien wie W\u00e4rmepumpen und Elektromobilit\u00e4t wettbewerbsf\u00e4hig bleiben. Daf\u00fcr braucht es Investitionen \u2013 und somit eine Reform der Schuldenbremse.<\/p>\n\n\n\n<h3 class=\"wp-block-heading\">Was ist die Weltklimakonferenz?<\/h3>\n\n\n\n<p>Wie funktioniert eine Weltklimakonferenz und warum gibt es sie eigentlich? Wer kommt zu den Verhandlungen und was wird dort besprochen? Die Antworten auf diese und weitere Fragen im Video:<\/p>\n\n\n\n<figure class=\"wp-block-embed aligncenter is-type-video is-provider-youtube wp-block-embed-youtube wp-embed-aspect-16-9 wp-has-aspect-ratio\"><div class=\"wp-block-embed__wrapper\">\n<iframe loading=\"lazy\" title=\"Die Weltklimakonferenz COP | Germanwatch\" width=\"640\" height=\"360\" src=\"https:\/\/www.youtube.com\/embed\/f5Vqv1Kugyg?start=1&#038;feature=oembed\" frameborder=\"0\" allow=\"accelerometer; autoplay; clipboard-write; encrypted-media; gyroscope; picture-in-picture; web-share\" referrerpolicy=\"strict-origin-when-cross-origin\" allowfullscreen><\/iframe>\n<\/div><\/figure>\n\n\n\n<h4 class=\"wp-block-heading\">Klimafinanzierung ohne L\u00fccken \u2013 Erwartungen an die COP29<\/h4>\n\n\n\n<ul class=\"wp-block-list\">\n<li><a href=\"https:\/\/www.germanwatch.org\/sites\/default\/files\/germanwatch_mind_the_gap_erwartungen_an_die_cop29_2024_1.pdf\" target=\"_blank\" rel=\"noreferrer noopener\">Download: Erwartungen an die COP29 [PDF; 0,5 MB]<\/a><\/li>\n\n\n\n<li><a href=\"https:\/\/www.germanwatch.org\/de\/cop29\">Themenseite zur COP29<\/a><\/li>\n<\/ul>\n\n\n<h5 class=\"green\">Quelle<\/h5>\r\n\n\n\n<p><a href=\"https:\/\/www.germanwatch.org\/de\/cop29\">GERMANWATCH 2024<\/a><\/p>\n<div class=\"shariff shariff-align-flex-start shariff-widget-align-flex-start\"><div class=\"ShariffHeadline\">Diese Meldung teilen<\/div><ul class=\"shariff-buttons theme-round orientation-horizontal buttonsize-medium\"><li class=\"shariff-button facebook shariff-nocustomcolor\" style=\"background-color:#4273c8;border-radius:1%\"><a href=\"https:\/\/www.facebook.com\/sharer\/sharer.php?u=https%3A%2F%2Fwww.sonnenseite.com%2Fde%2Fpolitik%2Fcop29-un-klimakonferenz-in-baku-2024%2F\" title=\"Bei Facebook teilen\" aria-label=\"Bei Facebook teilen\" role=\"button\" rel=\"nofollow\" class=\"shariff-link\" style=\";border-radius:1%; background-color:#3b5998; color:#fff\" target=\"_blank\"><span class=\"shariff-icon\" style=\"\"><svg width=\"32px\" height=\"20px\" xmlns=\"http:\/\/www.w3.org\/2000\/svg\" viewBox=\"0 0 18 32\"><path fill=\"#3b5998\" d=\"M17.1 0.2v4.7h-2.8q-1.5 0-2.1 0.6t-0.5 1.9v3.4h5.2l-0.7 5.3h-4.5v13.6h-5.5v-13.6h-4.5v-5.3h4.5v-3.9q0-3.3 1.9-5.2t5-1.8q2.6 0 4.1 0.2z\"\/><\/svg><\/span><\/a><\/li><li class=\"shariff-button twitter shariff-nocustomcolor\" style=\"background-color:#595959;border-radius:1%\"><a href=\"https:\/\/twitter.com\/share?url=https%3A%2F%2Fwww.sonnenseite.com%2Fde%2Fpolitik%2Fcop29-un-klimakonferenz-in-baku-2024%2F&text=COP29%3A%20UN-Klimakonferenz%20in%20Baku%202024\" title=\"Bei X teilen\" aria-label=\"Bei X teilen\" role=\"button\" rel=\"noopener nofollow\" class=\"shariff-link\" style=\";border-radius:1%; background-color:#000; color:#fff\" target=\"_blank\"><span class=\"shariff-icon\" style=\"\"><svg width=\"32px\" height=\"20px\" xmlns=\"http:\/\/www.w3.org\/2000\/svg\" viewBox=\"0 0 24 24\"><path fill=\"#000\" d=\"M14.258 10.152L23.176 0h-2.113l-7.747 8.813L7.133 0H0l9.352 13.328L0 23.973h2.113l8.176-9.309 6.531 9.309h7.133zm-2.895 3.293l-.949-1.328L2.875 1.56h3.246l6.086 8.523.945 1.328 7.91 11.078h-3.246zm0 0\"\/><\/svg><\/span><\/a><\/li><li class=\"shariff-button xing shariff-nocustomcolor\" style=\"background-color:#29888a;border-radius:1%\"><a href=\"https:\/\/www.xing.com\/spi\/shares\/new?url=https%3A%2F%2Fwww.sonnenseite.com%2Fde%2Fpolitik%2Fcop29-un-klimakonferenz-in-baku-2024%2F\" title=\"Bei XING teilen\" aria-label=\"Bei XING teilen\" role=\"button\" rel=\"noopener nofollow\" class=\"shariff-link\" style=\";border-radius:1%; background-color:#126567; color:#fff\" target=\"_blank\"><span class=\"shariff-icon\" style=\"\"><svg width=\"32px\" height=\"20px\" xmlns=\"http:\/\/www.w3.org\/2000\/svg\" viewBox=\"0 0 25 32\"><path fill=\"#126567\" d=\"M10.7 11.9q-0.2 0.3-4.6 8.2-0.5 0.8-1.2 0.8h-4.3q-0.4 0-0.5-0.3t0-0.6l4.5-8q0 0 0 0l-2.9-5q-0.2-0.4 0-0.7 0.2-0.3 0.5-0.3h4.3q0.7 0 1.2 0.8zM25.1 0.4q0.2 0.3 0 0.7l-9.4 16.7 6 11q0.2 0.4 0 0.6-0.2 0.3-0.6 0.3h-4.3q-0.7 0-1.2-0.8l-6-11.1q0.3-0.6 9.5-16.8 0.4-0.8 1.2-0.8h4.3q0.4 0 0.5 0.3z\"\/><\/svg><\/span><\/a><\/li><li class=\"shariff-button linkedin shariff-nocustomcolor\" style=\"background-color:#1488bf;border-radius:1%\"><a href=\"https:\/\/www.linkedin.com\/sharing\/share-offsite\/?url=https%3A%2F%2Fwww.sonnenseite.com%2Fde%2Fpolitik%2Fcop29-un-klimakonferenz-in-baku-2024%2F\" title=\"Bei LinkedIn teilen\" aria-label=\"Bei LinkedIn teilen\" role=\"button\" rel=\"noopener nofollow\" class=\"shariff-link\" style=\";border-radius:1%; background-color:#0077b5; color:#fff\" target=\"_blank\"><span class=\"shariff-icon\" style=\"\"><svg width=\"32px\" height=\"20px\" xmlns=\"http:\/\/www.w3.org\/2000\/svg\" viewBox=\"0 0 27 32\"><path fill=\"#0077b5\" d=\"M6.2 11.2v17.7h-5.9v-17.7h5.9zM6.6 5.7q0 1.3-0.9 2.2t-2.4 0.9h0q-1.5 0-2.4-0.9t-0.9-2.2 0.9-2.2 2.4-0.9 2.4 0.9 0.9 2.2zM27.4 18.7v10.1h-5.9v-9.5q0-1.9-0.7-2.9t-2.3-1.1q-1.1 0-1.9 0.6t-1.2 1.5q-0.2 0.5-0.2 1.4v9.9h-5.9q0-7.1 0-11.6t0-5.3l0-0.9h5.9v2.6h0q0.4-0.6 0.7-1t1-0.9 1.6-0.8 2-0.3q3 0 4.9 2t1.9 6z\"\/><\/svg><\/span><\/a><\/li><li class=\"shariff-button printer shariff-nocustomcolor\" style=\"background-color:#a8a8a8;border-radius:1%\"><a href=\"javascript:window.print()\" title=\"drucken\" aria-label=\"drucken\" role=\"button\" rel=\"noopener nofollow\" class=\"shariff-link\" style=\";border-radius:1%; background-color:#999; color:#fff\"><span class=\"shariff-icon\" style=\"\"><svg width=\"32px\" height=\"20px\" xmlns=\"http:\/\/www.w3.org\/2000\/svg\" viewBox=\"0 0 30 32\"><path fill=\"#999\" d=\"M6.8 27.4h16v-4.6h-16v4.6zM6.8 16h16v-6.8h-2.8q-0.7 0-1.2-0.5t-0.5-1.2v-2.8h-11.4v11.4zM27.4 17.2q0-0.5-0.3-0.8t-0.8-0.4-0.8 0.4-0.3 0.8 0.3 0.8 0.8 0.3 0.8-0.3 0.3-0.8zM29.7 17.2v7.4q0 0.2-0.2 0.4t-0.4 0.2h-4v2.8q0 0.7-0.5 1.2t-1.2 0.5h-17.2q-0.7 0-1.2-0.5t-0.5-1.2v-2.8h-4q-0.2 0-0.4-0.2t-0.2-0.4v-7.4q0-1.4 1-2.4t2.4-1h1.2v-9.7q0-0.7 0.5-1.2t1.2-0.5h12q0.7 0 1.6 0.4t1.3 0.8l2.7 2.7q0.5 0.5 0.9 1.4t0.4 1.6v4.6h1.1q1.4 0 2.4 1t1 2.4z\"\/><\/svg><\/span><\/a><\/li><li class=\"shariff-button mailto shariff-nocustomcolor\" style=\"background-color:#a8a8a8;border-radius:1%\"><a href=\"mailto:?body=https%3A%2F%2Fwww.sonnenseite.com%2Fde%2Fpolitik%2Fcop29-un-klimakonferenz-in-baku-2024%2F&subject=COP29%3A%20UN-Klimakonferenz%20in%20Baku%202024\" title=\"Per E-Mail versenden\" aria-label=\"Per E-Mail versenden\" role=\"button\" rel=\"noopener nofollow\" class=\"shariff-link\" style=\";border-radius:1%; background-color:#999; color:#fff\"><span class=\"shariff-icon\" style=\"\"><svg width=\"32px\" height=\"20px\" xmlns=\"http:\/\/www.w3.org\/2000\/svg\" viewBox=\"0 0 32 32\"><path fill=\"#999\" d=\"M32 12.7v14.2q0 1.2-0.8 2t-2 0.9h-26.3q-1.2 0-2-0.9t-0.8-2v-14.2q0.8 0.9 1.8 1.6 6.5 4.4 8.9 6.1 1 0.8 1.6 1.2t1.7 0.9 2 0.4h0.1q0.9 0 2-0.4t1.7-0.9 1.6-1.2q3-2.2 8.9-6.1 1-0.7 1.8-1.6zM32 7.4q0 1.4-0.9 2.7t-2.2 2.2q-6.7 4.7-8.4 5.8-0.2 0.1-0.7 0.5t-1 0.7-0.9 0.6-1.1 0.5-0.9 0.2h-0.1q-0.4 0-0.9-0.2t-1.1-0.5-0.9-0.6-1-0.7-0.7-0.5q-1.6-1.1-4.7-3.2t-3.6-2.6q-1.1-0.7-2.1-2t-1-2.5q0-1.4 0.7-2.3t2.1-0.9h26.3q1.2 0 2 0.8t0.9 2z\"\/><\/svg><\/span><\/a><\/li><\/ul><\/div>","protected":false},"excerpt":{"rendered":"<p>Vom 11. bis 22. November 2024 findet in Aserbaidschan die Weltklimakonferenz (COP29) statt. Auf dieser Seite [&hellip;]<\/p>\n","protected":false},"author":3,"featured_media":102785,"comment_status":"closed","ping_status":"closed","sticky":false,"template":"","format":"standard","meta":{"inline_featured_image":false,"footnotes":""},"categories":[21],"tags":[],"class_list":["post-102784","post","type-post","status-publish","format-standard","has-post-thumbnail","hentry","category-politik"],"yoast_head":"<!-- This site is optimized with the Yoast SEO plugin v26.5 - https:\/\/yoast.com\/wordpress\/plugins\/seo\/ -->\n<title>COP29: UN-Klimakonferenz in Baku 2024 - Sonnenseite - \u00d6kologische Kommunikation mit Franz Alt<\/title>\n<meta name=\"description\" content=\"Vom 11. bis 22. November 2024 findet in Aserbaidschan die Weltklimakonferenz (COP29) statt. Auf dieser Seite finden Sie alle Informationen rund um die\" \/>\n<meta name=\"robots\" content=\"index, follow, max-snippet:-1, max-image-preview:large, max-video-preview:-1\" \/>\n<link rel=\"canonical\" href=\"https:\/\/www.sonnenseite.com\/de\/politik\/cop29-un-klimakonferenz-in-baku-2024\/\" \/>\n<meta property=\"og:locale\" content=\"de_DE\" \/>\n<meta property=\"og:type\" content=\"article\" \/>\n<meta property=\"og:title\" content=\"COP29: UN-Klimakonferenz in Baku 2024 - Sonnenseite - \u00d6kologische Kommunikation mit Franz Alt\" \/>\n<meta property=\"og:description\" content=\"Vom 11. bis 22. November 2024 findet in Aserbaidschan die Weltklimakonferenz (COP29) statt. Auf dieser Seite finden Sie alle Informationen rund um die\" \/>\n<meta property=\"og:url\" content=\"https:\/\/www.sonnenseite.com\/de\/politik\/cop29-un-klimakonferenz-in-baku-2024\/\" \/>\n<meta property=\"og:site_name\" content=\"Sonnenseite\" \/>\n<meta property=\"article:publisher\" content=\"https:\/\/www.facebook.com\/pages\/Franz-Alt-SONNENSEITECOM\/221072987903953?fref=ts\" \/>\n<meta property=\"article:published_time\" content=\"2024-10-26T00:41:00+00:00\" \/>\n<meta property=\"og:image\" content=\"https:\/\/www.sonnenseite.com\/wp-content\/uploads\/2024\/10\/Baku_Krasnevsky.jpg\" \/>\n\t<meta property=\"og:image:width\" content=\"770\" \/>\n\t<meta property=\"og:image:height\" content=\"420\" \/>\n\t<meta property=\"og:image:type\" content=\"image\/jpeg\" \/>\n<meta name=\"author\" content=\"Bigi Alt\" \/>\n<meta name=\"twitter:card\" content=\"summary_large_image\" \/>\n<meta name=\"twitter:creator\" content=\"@franzalt\" \/>\n<meta name=\"twitter:site\" content=\"@franzalt\" \/>\n<meta name=\"twitter:label1\" content=\"Verfasst von\" \/>\n\t<meta name=\"twitter:data1\" content=\"Bigi Alt\" \/>\n\t<meta name=\"twitter:label2\" content=\"Gesch\u00e4tzte Lesezeit\" \/>\n\t<meta name=\"twitter:data2\" content=\"6\u00a0Minuten\" \/>\n<script type=\"application\/ld+json\" class=\"yoast-schema-graph\">{\"@context\":\"https:\/\/schema.org\",\"@graph\":[{\"@type\":\"Article\",\"@id\":\"https:\/\/www.sonnenseite.com\/de\/politik\/cop29-un-klimakonferenz-in-baku-2024\/#article\",\"isPartOf\":{\"@id\":\"https:\/\/www.sonnenseite.com\/de\/politik\/cop29-un-klimakonferenz-in-baku-2024\/\"},\"author\":{\"name\":\"Bigi Alt\",\"@id\":\"https:\/\/www.sonnenseite.com\/de\/#\/schema\/person\/50fda0e926597684c7cc6695238a4eb9\"},\"headline\":\"COP29: UN-Klimakonferenz in Baku 2024\",\"datePublished\":\"2024-10-26T00:41:00+00:00\",\"mainEntityOfPage\":{\"@id\":\"https:\/\/www.sonnenseite.com\/de\/politik\/cop29-un-klimakonferenz-in-baku-2024\/\"},\"wordCount\":751,\"publisher\":{\"@id\":\"https:\/\/www.sonnenseite.com\/de\/#organization\"},\"image\":{\"@id\":\"https:\/\/www.sonnenseite.com\/de\/politik\/cop29-un-klimakonferenz-in-baku-2024\/#primaryimage\"},\"thumbnailUrl\":\"https:\/\/www.sonnenseite.com\/wp-content\/uploads\/2024\/10\/Baku_Krasnevsky.jpg\",\"articleSection\":[\"Politik\"],\"inLanguage\":\"de\"},{\"@type\":\"WebPage\",\"@id\":\"https:\/\/www.sonnenseite.com\/de\/politik\/cop29-un-klimakonferenz-in-baku-2024\/\",\"url\":\"https:\/\/www.sonnenseite.com\/de\/politik\/cop29-un-klimakonferenz-in-baku-2024\/\",\"name\":\"COP29: UN-Klimakonferenz in Baku 2024 - Sonnenseite - \u00d6kologische Kommunikation mit Franz Alt\",\"isPartOf\":{\"@id\":\"https:\/\/www.sonnenseite.com\/de\/#website\"},\"primaryImageOfPage\":{\"@id\":\"https:\/\/www.sonnenseite.com\/de\/politik\/cop29-un-klimakonferenz-in-baku-2024\/#primaryimage\"},\"image\":{\"@id\":\"https:\/\/www.sonnenseite.com\/de\/politik\/cop29-un-klimakonferenz-in-baku-2024\/#primaryimage\"},\"thumbnailUrl\":\"https:\/\/www.sonnenseite.com\/wp-content\/uploads\/2024\/10\/Baku_Krasnevsky.jpg\",\"datePublished\":\"2024-10-26T00:41:00+00:00\",\"description\":\"Vom 11. bis 22. November 2024 findet in Aserbaidschan die Weltklimakonferenz (COP29) statt. Auf dieser Seite finden Sie alle Informationen rund um die\",\"breadcrumb\":{\"@id\":\"https:\/\/www.sonnenseite.com\/de\/politik\/cop29-un-klimakonferenz-in-baku-2024\/#breadcrumb\"},\"inLanguage\":\"de\",\"potentialAction\":[{\"@type\":\"ReadAction\",\"target\":[\"https:\/\/www.sonnenseite.com\/de\/politik\/cop29-un-klimakonferenz-in-baku-2024\/\"]}]},{\"@type\":\"ImageObject\",\"inLanguage\":\"de\",\"@id\":\"https:\/\/www.sonnenseite.com\/de\/politik\/cop29-un-klimakonferenz-in-baku-2024\/#primaryimage\",\"url\":\"https:\/\/www.sonnenseite.com\/wp-content\/uploads\/2024\/10\/Baku_Krasnevsky.jpg\",\"contentUrl\":\"https:\/\/www.sonnenseite.com\/wp-content\/uploads\/2024\/10\/Baku_Krasnevsky.jpg\",\"width\":770,\"height\":420,\"caption\":\"Depositphotos.com | Krasnevsky | Baku Aserbaidschan\"},{\"@type\":\"BreadcrumbList\",\"@id\":\"https:\/\/www.sonnenseite.com\/de\/politik\/cop29-un-klimakonferenz-in-baku-2024\/#breadcrumb\",\"itemListElement\":[{\"@type\":\"ListItem\",\"position\":1,\"name\":\"Startseite\",\"item\":\"https:\/\/www.sonnenseite.com\/de\/\"},{\"@type\":\"ListItem\",\"position\":2,\"name\":\"COP29: UN-Klimakonferenz in Baku 2024\"}]},{\"@type\":\"WebSite\",\"@id\":\"https:\/\/www.sonnenseite.com\/de\/#website\",\"url\":\"https:\/\/www.sonnenseite.com\/de\/\",\"name\":\"Sonnenseite\",\"description\":\"\u00d6kologische Kommunikation mit Franz Alt\",\"publisher\":{\"@id\":\"https:\/\/www.sonnenseite.com\/de\/#organization\"},\"potentialAction\":[{\"@type\":\"SearchAction\",\"target\":{\"@type\":\"EntryPoint\",\"urlTemplate\":\"https:\/\/www.sonnenseite.com\/de\/?s={search_term_string}\"},\"query-input\":{\"@type\":\"PropertyValueSpecification\",\"valueRequired\":true,\"valueName\":\"search_term_string\"}}],\"inLanguage\":\"de\"},{\"@type\":\"Organization\",\"@id\":\"https:\/\/www.sonnenseite.com\/de\/#organization\",\"name\":\"Sonnenseite\",\"url\":\"https:\/\/www.sonnenseite.com\/de\/\",\"logo\":{\"@type\":\"ImageObject\",\"inLanguage\":\"de\",\"@id\":\"https:\/\/www.sonnenseite.com\/de\/#\/schema\/logo\/image\/\",\"url\":\"https:\/\/www.sonnenseite.com\/wp-content\/uploads\/2020\/05\/Sonnenseite_Logo.png\",\"contentUrl\":\"https:\/\/www.sonnenseite.com\/wp-content\/uploads\/2020\/05\/Sonnenseite_Logo.png\",\"width\":377,\"height\":90,\"caption\":\"Sonnenseite\"},\"image\":{\"@id\":\"https:\/\/www.sonnenseite.com\/de\/#\/schema\/logo\/image\/\"},\"sameAs\":[\"https:\/\/www.facebook.com\/pages\/Franz-Alt-SONNENSEITECOM\/221072987903953?fref=ts\",\"https:\/\/x.com\/franzalt\",\"http:\/\/www.youtube.com\/results?search_query&amp;amp;quot;franz_alt&amp;amp;quot;&amp;amp;amp;amp;search_type&amp;amp;amp;amp;aq=f\"]},{\"@type\":\"Person\",\"@id\":\"https:\/\/www.sonnenseite.com\/de\/#\/schema\/person\/50fda0e926597684c7cc6695238a4eb9\",\"name\":\"Bigi Alt\"}]}<\/script>\n<!-- \/ Yoast SEO plugin. -->","yoast_head_json":{"title":"COP29: UN-Klimakonferenz in Baku 2024 - Sonnenseite - \u00d6kologische Kommunikation mit Franz Alt","description":"Vom 11. bis 22. November 2024 findet in Aserbaidschan die Weltklimakonferenz (COP29) statt. Auf dieser Seite finden Sie alle Informationen rund um die","robots":{"index":"index","follow":"follow","max-snippet":"max-snippet:-1","max-image-preview":"max-image-preview:large","max-video-preview":"max-video-preview:-1"},"canonical":"https:\/\/www.sonnenseite.com\/de\/politik\/cop29-un-klimakonferenz-in-baku-2024\/","og_locale":"de_DE","og_type":"article","og_title":"COP29: UN-Klimakonferenz in Baku 2024 - Sonnenseite - \u00d6kologische Kommunikation mit Franz Alt","og_description":"Vom 11. bis 22. November 2024 findet in Aserbaidschan die Weltklimakonferenz (COP29) statt. Auf dieser Seite finden Sie alle Informationen rund um die","og_url":"https:\/\/www.sonnenseite.com\/de\/politik\/cop29-un-klimakonferenz-in-baku-2024\/","og_site_name":"Sonnenseite","article_publisher":"https:\/\/www.facebook.com\/pages\/Franz-Alt-SONNENSEITECOM\/221072987903953?fref=ts","article_published_time":"2024-10-26T00:41:00+00:00","og_image":[{"width":770,"height":420,"url":"https:\/\/www.sonnenseite.com\/wp-content\/uploads\/2024\/10\/Baku_Krasnevsky.jpg","type":"image\/jpeg"}],"author":"Bigi Alt","twitter_card":"summary_large_image","twitter_creator":"@franzalt","twitter_site":"@franzalt","twitter_misc":{"Verfasst von":"Bigi Alt","Gesch\u00e4tzte Lesezeit":"6\u00a0Minuten"},"schema":{"@context":"https:\/\/schema.org","@graph":[{"@type":"Article","@id":"https:\/\/www.sonnenseite.com\/de\/politik\/cop29-un-klimakonferenz-in-baku-2024\/#article","isPartOf":{"@id":"https:\/\/www.sonnenseite.com\/de\/politik\/cop29-un-klimakonferenz-in-baku-2024\/"},"author":{"name":"Bigi Alt","@id":"https:\/\/www.sonnenseite.com\/de\/#\/schema\/person\/50fda0e926597684c7cc6695238a4eb9"},"headline":"COP29: UN-Klimakonferenz in Baku 2024","datePublished":"2024-10-26T00:41:00+00:00","mainEntityOfPage":{"@id":"https:\/\/www.sonnenseite.com\/de\/politik\/cop29-un-klimakonferenz-in-baku-2024\/"},"wordCount":751,"publisher":{"@id":"https:\/\/www.sonnenseite.com\/de\/#organization"},"image":{"@id":"https:\/\/www.sonnenseite.com\/de\/politik\/cop29-un-klimakonferenz-in-baku-2024\/#primaryimage"},"thumbnailUrl":"https:\/\/www.sonnenseite.com\/wp-content\/uploads\/2024\/10\/Baku_Krasnevsky.jpg","articleSection":["Politik"],"inLanguage":"de"},{"@type":"WebPage","@id":"https:\/\/www.sonnenseite.com\/de\/politik\/cop29-un-klimakonferenz-in-baku-2024\/","url":"https:\/\/www.sonnenseite.com\/de\/politik\/cop29-un-klimakonferenz-in-baku-2024\/","name":"COP29: UN-Klimakonferenz in Baku 2024 - Sonnenseite - \u00d6kologische Kommunikation mit Franz Alt","isPartOf":{"@id":"https:\/\/www.sonnenseite.com\/de\/#website"},"primaryImageOfPage":{"@id":"https:\/\/www.sonnenseite.com\/de\/politik\/cop29-un-klimakonferenz-in-baku-2024\/#primaryimage"},"image":{"@id":"https:\/\/www.sonnenseite.com\/de\/politik\/cop29-un-klimakonferenz-in-baku-2024\/#primaryimage"},"thumbnailUrl":"https:\/\/www.sonnenseite.com\/wp-content\/uploads\/2024\/10\/Baku_Krasnevsky.jpg","datePublished":"2024-10-26T00:41:00+00:00","description":"Vom 11. bis 22. November 2024 findet in Aserbaidschan die Weltklimakonferenz (COP29) statt. Auf dieser Seite finden Sie alle Informationen rund um die","breadcrumb":{"@id":"https:\/\/www.sonnenseite.com\/de\/politik\/cop29-un-klimakonferenz-in-baku-2024\/#breadcrumb"},"inLanguage":"de","potentialAction":[{"@type":"ReadAction","target":["https:\/\/www.sonnenseite.com\/de\/politik\/cop29-un-klimakonferenz-in-baku-2024\/"]}]},{"@type":"ImageObject","inLanguage":"de","@id":"https:\/\/www.sonnenseite.com\/de\/politik\/cop29-un-klimakonferenz-in-baku-2024\/#primaryimage","url":"https:\/\/www.sonnenseite.com\/wp-content\/uploads\/2024\/10\/Baku_Krasnevsky.jpg","contentUrl":"https:\/\/www.sonnenseite.com\/wp-content\/uploads\/2024\/10\/Baku_Krasnevsky.jpg","width":770,"height":420,"caption":"Depositphotos.com | Krasnevsky | Baku Aserbaidschan"},{"@type":"BreadcrumbList","@id":"https:\/\/www.sonnenseite.com\/de\/politik\/cop29-un-klimakonferenz-in-baku-2024\/#breadcrumb","itemListElement":[{"@type":"ListItem","position":1,"name":"Startseite","item":"https:\/\/www.sonnenseite.com\/de\/"},{"@type":"ListItem","position":2,"name":"COP29: UN-Klimakonferenz in Baku 2024"}]},{"@type":"WebSite","@id":"https:\/\/www.sonnenseite.com\/de\/#website","url":"https:\/\/www.sonnenseite.com\/de\/","name":"Sonnenseite","description":"\u00d6kologische Kommunikation mit Franz Alt","publisher":{"@id":"https:\/\/www.sonnenseite.com\/de\/#organization"},"potentialAction":[{"@type":"SearchAction","target":{"@type":"EntryPoint","urlTemplate":"https:\/\/www.sonnenseite.com\/de\/?s={search_term_string}"},"query-input":{"@type":"PropertyValueSpecification","valueRequired":true,"valueName":"search_term_string"}}],"inLanguage":"de"},{"@type":"Organization","@id":"https:\/\/www.sonnenseite.com\/de\/#organization","name":"Sonnenseite","url":"https:\/\/www.sonnenseite.com\/de\/","logo":{"@type":"ImageObject","inLanguage":"de","@id":"https:\/\/www.sonnenseite.com\/de\/#\/schema\/logo\/image\/","url":"https:\/\/www.sonnenseite.com\/wp-content\/uploads\/2020\/05\/Sonnenseite_Logo.png","contentUrl":"https:\/\/www.sonnenseite.com\/wp-content\/uploads\/2020\/05\/Sonnenseite_Logo.png","width":377,"height":90,"caption":"Sonnenseite"},"image":{"@id":"https:\/\/www.sonnenseite.com\/de\/#\/schema\/logo\/image\/"},"sameAs":["https:\/\/www.facebook.com\/pages\/Franz-Alt-SONNENSEITECOM\/221072987903953?fref=ts","https:\/\/x.com\/franzalt","http:\/\/www.youtube.com\/results?search_query&amp;amp;quot;franz_alt&amp;amp;quot;&amp;amp;amp;amp;search_type&amp;amp;amp;amp;aq=f"]},{"@type":"Person","@id":"https:\/\/www.sonnenseite.com\/de\/#\/schema\/person\/50fda0e926597684c7cc6695238a4eb9","name":"Bigi Alt"}]}},"_links":{"self":[{"href":"https:\/\/www.sonnenseite.com\/de\/wp-json\/wp\/v2\/posts\/102784","targetHints":{"allow":["GET"]}}],"collection":[{"href":"https:\/\/www.sonnenseite.com\/de\/wp-json\/wp\/v2\/posts"}],"about":[{"href":"https:\/\/www.sonnenseite.com\/de\/wp-json\/wp\/v2\/types\/post"}],"author":[{"embeddable":true,"href":"https:\/\/www.sonnenseite.com\/de\/wp-json\/wp\/v2\/users\/3"}],"replies":[{"embeddable":true,"href":"https:\/\/www.sonnenseite.com\/de\/wp-json\/wp\/v2\/comments?post=102784"}],"version-history":[{"count":3,"href":"https:\/\/www.sonnenseite.com\/de\/wp-json\/wp\/v2\/posts\/102784\/revisions"}],"predecessor-version":[{"id":102789,"href":"https:\/\/www.sonnenseite.com\/de\/wp-json\/wp\/v2\/posts\/102784\/revisions\/102789"}],"wp:featuredmedia":[{"embeddable":true,"href":"https:\/\/www.sonnenseite.com\/de\/wp-json\/wp\/v2\/media\/102785"}],"wp:attachment":[{"href":"https:\/\/www.sonnenseite.com\/de\/wp-json\/wp\/v2\/media?parent=102784"}],"wp:term":[{"taxonomy":"category","embeddable":true,"href":"https:\/\/www.sonnenseite.com\/de\/wp-json\/wp\/v2\/categories?post=102784"},{"taxonomy":"post_tag","embeddable":true,"href":"https:\/\/www.sonnenseite.com\/de\/wp-json\/wp\/v2\/tags?post=102784"}],"curies":[{"name":"wp","href":"https:\/\/api.w.org\/{rel}","templated":true}]}}