{"id":102842,"date":"2024-10-29T02:43:00","date_gmt":"2024-10-29T01:43:00","guid":{"rendered":"https:\/\/www.sonnenseite.com\/?p=102842"},"modified":"2024-10-28T14:45:45","modified_gmt":"2024-10-28T13:45:45","slug":"atommuellreport-besorgniserregende-zustaende-bei-atommuelllagerung","status":"publish","type":"post","link":"https:\/\/www.sonnenseite.com\/de\/umwelt\/atommuellreport-besorgniserregende-zustaende-bei-atommuelllagerung\/","title":{"rendered":"Atomm\u00fcllreport: besorgniserregende Zust\u00e4nde bei Atomm\u00fclllagerung"},"content":{"rendered":"\n<p>Rostende Atomm\u00fcllf\u00e4sser, Zwischenlager ohne Genehmigung, unzureichende Endlagersuche<em><strong>:<\/strong><\/em> Mit dem neuen <em>Sorgenbericht des Atomm\u00fcllreports<\/em> legen Anti-Atom-Organisationen erstmals einen l\u00fcckenlosen \u00dcberblick \u00fcber die Atomm\u00fclllagerung in Deutschland vor. Auf 468 Seiten dokumentiert der Bericht, wo Atomm\u00fcll produziert wurde und wird, wo er lagert, wohin er transportiert wurde und welche Sicherheitsprobleme bestehen. Die Organisationen fordern von der Bundesregierung, die Gefahren ernst zu nehmen und endlich eine vorausschauende, umfassende und sichere Atomm\u00fcllpolitik zu betreiben.<\/p>\n\n\n\n<p>Der v\u00f6llig \u00fcberarbeitete Bericht <em>Atomm\u00fcll \u2013 Eine Bestandsaufnahme f\u00fcr die Bundesrepublik Deutschland<\/em> verzeichnet \u00fcber 216 Atomanlagen an 71 Standorten\u2013 darunter 84 aktuell in Betrieb befindliche sowie 56 stillgelegte oder bereits im R\u00fcckbau befindliche Anlagen. Besonders besorgniserregend: Viele dieser Standorte weisen nach jahrzehntelanger Nutzung erhebliche Sicherheitsdefizite auf.<\/p>\n\n\n\n<p>Mit dem <em>Sorgenbericht<\/em> liegt eine historische und standortspezifische Gesamtschau der Atomm\u00fcllproduktion in Deutschland vor. Er benennt detailliert die zahlreichen Probleme an den einzelnen Standorten und soll als zeitgeschichtliches Dokument sowie als Arbeitsinstrument f\u00fcr k\u00fcnftige Generationen dienen.<\/p>\n\n\n\n<p>\u201eMit der Gesamtschau \u00fcbernehmen wir eine Aufgabe, die Staat und Industrie bisher vers\u00e4umt haben\u201c, kritisiert Ursula Sch\u00f6nberger, Autorin des Berichts. \u201eDer k\u00fcrzlich vorgelegte Entwurf der Bundesregierung f\u00fcr das <em>Nationale Entsorgungsprogramm<\/em> benenntkeine konkreten Probleme. Kein Wort \u00fcber rostende F\u00e4sser, kein Wort \u00fcber die erheblichen Probleme bei der Stilllegung des Endlagers Morsleben und der R\u00e4umung des Endlagers ASSE II. Kein einziges Wort \u00fcber die Freigabe radioaktiver Abf\u00e4lle in den ganz normalen Wirtschaftskreislauf.\u201c<\/p>\n\n\n\n<p>Helge Bauer von .ausgestrahlt kritisiert die andauernde Verschiebung von Atomm\u00fcll quer durch das Land, wie etwa den geplanten Transport von 152 Castoren vom Forschungszentrum J\u00fclich nach Ahaus. \u201eDas Hin-und Herschieben des Atomm\u00fclls mit Transporten quer durch Deutschland ist verantwortungloses Handeln nach dem Sankt-Florians-Prinzip und keine L\u00f6sung. Die maximal sichere Lagerung muss am aktuellen Standort erfolgen, aber alle Zwischenlager zeigen gravierende Sicherheitsdefizite. Die Regierung muss ein Konzept zur Atomm\u00fcll-Zwischenlagerung vorlegen, bei dem die Minimierung von Gefahren f\u00fcr die Bev\u00f6lkerung die oberste Priorit\u00e4t hat.\u201c<\/p>\n\n\n\n<p>Die Organisationen sehen in der Bestandsaufnahme eine klare Aufforderung an die Politik. Hauke Doerk, Referent f\u00fcr Energiepolitik am Umweltinstitut M\u00fcnchen fordert die Bundesregierung auf, den Sorgenbericht als Ansto\u00df f\u00fcr eine neue Atomm\u00fcllstrategie zu nehmen: \u201eDie Zeit der Flickschusterei muss vorbei sein. Anstatt die Probleme weiter auf kommende Generationen abzuw\u00e4lzen, brauchen wir eine transparente Strategie, die die bestehenden Sicherheitsrisiken ernst nimmt, die Gefahren minimiert und konsequent den Schutz der Menschen in den Mittelpunkt stellt.\u201c<\/p>\n\n\n\n<p>Der Bericht <em>Atomm\u00fcll \u2013 Eine Bestandsaufnahme f\u00fcr die Bundesrepublik Deutschland<\/em> ist per E-Mail an <a href=\"mailto:info@atommuellreport.de\">info@atommuellreport.de<\/a> bestellbar, Unkostenbeitrag 30 Euro.<\/p>\n\n\n\n<figure class=\"wp-block-video aligncenter\"><video controls src=\"https:\/\/www.atommuellreport.de\/fileadmin\/Dateien\/video\/atommuellreport.mp4\"><\/video><\/figure>\n\n\n<h5 class=\"green\">Quelle<\/h5>\r\n\n\n\n<p>Das ist eine gemeinsame Presseinformation von <a href=\"https:\/\/www.atommuellreport.de\/fachportal-und-datensammlung.html\">Atomm\u00fcllreport<\/a>, <a href=\"http:\/\/www.ausgestrahlt.de\">.ausgestrahlt<\/a> und dem Umweltinstitut M\u00fcnchen 2024<\/p>\n<div class=\"shariff shariff-align-flex-start shariff-widget-align-flex-start\"><div class=\"ShariffHeadline\">Diese Meldung teilen<\/div><ul class=\"shariff-buttons theme-round orientation-horizontal buttonsize-medium\"><li class=\"shariff-button facebook shariff-nocustomcolor\" style=\"background-color:#4273c8;border-radius:1%\"><a href=\"https:\/\/www.facebook.com\/sharer\/sharer.php?u=https%3A%2F%2Fwww.sonnenseite.com%2Fde%2Fumwelt%2Fatommuellreport-besorgniserregende-zustaende-bei-atommuelllagerung%2F\" title=\"Bei Facebook teilen\" aria-label=\"Bei Facebook teilen\" role=\"button\" rel=\"nofollow\" class=\"shariff-link\" style=\";border-radius:1%; background-color:#3b5998; color:#fff\" target=\"_blank\"><span class=\"shariff-icon\" style=\"\"><svg width=\"32px\" height=\"20px\" xmlns=\"http:\/\/www.w3.org\/2000\/svg\" viewBox=\"0 0 18 32\"><path fill=\"#3b5998\" d=\"M17.1 0.2v4.7h-2.8q-1.5 0-2.1 0.6t-0.5 1.9v3.4h5.2l-0.7 5.3h-4.5v13.6h-5.5v-13.6h-4.5v-5.3h4.5v-3.9q0-3.3 1.9-5.2t5-1.8q2.6 0 4.1 0.2z\"\/><\/svg><\/span><\/a><\/li><li class=\"shariff-button twitter shariff-nocustomcolor\" style=\"background-color:#595959;border-radius:1%\"><a href=\"https:\/\/twitter.com\/share?url=https%3A%2F%2Fwww.sonnenseite.com%2Fde%2Fumwelt%2Fatommuellreport-besorgniserregende-zustaende-bei-atommuelllagerung%2F&text=Atomm%C3%BCllreport%3A%20besorgniserregende%20Zust%C3%A4nde%20bei%20Atomm%C3%BClllagerung\" title=\"Bei X teilen\" aria-label=\"Bei X teilen\" role=\"button\" rel=\"noopener nofollow\" class=\"shariff-link\" style=\";border-radius:1%; background-color:#000; color:#fff\" target=\"_blank\"><span class=\"shariff-icon\" style=\"\"><svg width=\"32px\" height=\"20px\" xmlns=\"http:\/\/www.w3.org\/2000\/svg\" viewBox=\"0 0 24 24\"><path fill=\"#000\" d=\"M14.258 10.152L23.176 0h-2.113l-7.747 8.813L7.133 0H0l9.352 13.328L0 23.973h2.113l8.176-9.309 6.531 9.309h7.133zm-2.895 3.293l-.949-1.328L2.875 1.56h3.246l6.086 8.523.945 1.328 7.91 11.078h-3.246zm0 0\"\/><\/svg><\/span><\/a><\/li><li class=\"shariff-button xing shariff-nocustomcolor\" style=\"background-color:#29888a;border-radius:1%\"><a href=\"https:\/\/www.xing.com\/spi\/shares\/new?url=https%3A%2F%2Fwww.sonnenseite.com%2Fde%2Fumwelt%2Fatommuellreport-besorgniserregende-zustaende-bei-atommuelllagerung%2F\" title=\"Bei XING teilen\" aria-label=\"Bei XING teilen\" role=\"button\" rel=\"noopener nofollow\" class=\"shariff-link\" style=\";border-radius:1%; background-color:#126567; color:#fff\" target=\"_blank\"><span class=\"shariff-icon\" style=\"\"><svg width=\"32px\" height=\"20px\" xmlns=\"http:\/\/www.w3.org\/2000\/svg\" viewBox=\"0 0 25 32\"><path fill=\"#126567\" d=\"M10.7 11.9q-0.2 0.3-4.6 8.2-0.5 0.8-1.2 0.8h-4.3q-0.4 0-0.5-0.3t0-0.6l4.5-8q0 0 0 0l-2.9-5q-0.2-0.4 0-0.7 0.2-0.3 0.5-0.3h4.3q0.7 0 1.2 0.8zM25.1 0.4q0.2 0.3 0 0.7l-9.4 16.7 6 11q0.2 0.4 0 0.6-0.2 0.3-0.6 0.3h-4.3q-0.7 0-1.2-0.8l-6-11.1q0.3-0.6 9.5-16.8 0.4-0.8 1.2-0.8h4.3q0.4 0 0.5 0.3z\"\/><\/svg><\/span><\/a><\/li><li class=\"shariff-button linkedin shariff-nocustomcolor\" style=\"background-color:#1488bf;border-radius:1%\"><a href=\"https:\/\/www.linkedin.com\/sharing\/share-offsite\/?url=https%3A%2F%2Fwww.sonnenseite.com%2Fde%2Fumwelt%2Fatommuellreport-besorgniserregende-zustaende-bei-atommuelllagerung%2F\" title=\"Bei LinkedIn teilen\" aria-label=\"Bei LinkedIn teilen\" role=\"button\" rel=\"noopener nofollow\" class=\"shariff-link\" style=\";border-radius:1%; background-color:#0077b5; color:#fff\" target=\"_blank\"><span class=\"shariff-icon\" style=\"\"><svg width=\"32px\" height=\"20px\" xmlns=\"http:\/\/www.w3.org\/2000\/svg\" viewBox=\"0 0 27 32\"><path fill=\"#0077b5\" d=\"M6.2 11.2v17.7h-5.9v-17.7h5.9zM6.6 5.7q0 1.3-0.9 2.2t-2.4 0.9h0q-1.5 0-2.4-0.9t-0.9-2.2 0.9-2.2 2.4-0.9 2.4 0.9 0.9 2.2zM27.4 18.7v10.1h-5.9v-9.5q0-1.9-0.7-2.9t-2.3-1.1q-1.1 0-1.9 0.6t-1.2 1.5q-0.2 0.5-0.2 1.4v9.9h-5.9q0-7.1 0-11.6t0-5.3l0-0.9h5.9v2.6h0q0.4-0.6 0.7-1t1-0.9 1.6-0.8 2-0.3q3 0 4.9 2t1.9 6z\"\/><\/svg><\/span><\/a><\/li><li class=\"shariff-button printer shariff-nocustomcolor\" style=\"background-color:#a8a8a8;border-radius:1%\"><a href=\"javascript:window.print()\" title=\"drucken\" aria-label=\"drucken\" role=\"button\" rel=\"noopener nofollow\" class=\"shariff-link\" style=\";border-radius:1%; background-color:#999; color:#fff\"><span class=\"shariff-icon\" style=\"\"><svg width=\"32px\" height=\"20px\" xmlns=\"http:\/\/www.w3.org\/2000\/svg\" viewBox=\"0 0 30 32\"><path fill=\"#999\" d=\"M6.8 27.4h16v-4.6h-16v4.6zM6.8 16h16v-6.8h-2.8q-0.7 0-1.2-0.5t-0.5-1.2v-2.8h-11.4v11.4zM27.4 17.2q0-0.5-0.3-0.8t-0.8-0.4-0.8 0.4-0.3 0.8 0.3 0.8 0.8 0.3 0.8-0.3 0.3-0.8zM29.7 17.2v7.4q0 0.2-0.2 0.4t-0.4 0.2h-4v2.8q0 0.7-0.5 1.2t-1.2 0.5h-17.2q-0.7 0-1.2-0.5t-0.5-1.2v-2.8h-4q-0.2 0-0.4-0.2t-0.2-0.4v-7.4q0-1.4 1-2.4t2.4-1h1.2v-9.7q0-0.7 0.5-1.2t1.2-0.5h12q0.7 0 1.6 0.4t1.3 0.8l2.7 2.7q0.5 0.5 0.9 1.4t0.4 1.6v4.6h1.1q1.4 0 2.4 1t1 2.4z\"\/><\/svg><\/span><\/a><\/li><li class=\"shariff-button mailto shariff-nocustomcolor\" style=\"background-color:#a8a8a8;border-radius:1%\"><a href=\"mailto:?body=https%3A%2F%2Fwww.sonnenseite.com%2Fde%2Fumwelt%2Fatommuellreport-besorgniserregende-zustaende-bei-atommuelllagerung%2F&subject=Atomm%C3%BCllreport%3A%20besorgniserregende%20Zust%C3%A4nde%20bei%20Atomm%C3%BClllagerung\" title=\"Per E-Mail versenden\" aria-label=\"Per E-Mail versenden\" role=\"button\" rel=\"noopener nofollow\" class=\"shariff-link\" style=\";border-radius:1%; background-color:#999; color:#fff\"><span class=\"shariff-icon\" style=\"\"><svg width=\"32px\" height=\"20px\" xmlns=\"http:\/\/www.w3.org\/2000\/svg\" viewBox=\"0 0 32 32\"><path fill=\"#999\" d=\"M32 12.7v14.2q0 1.2-0.8 2t-2 0.9h-26.3q-1.2 0-2-0.9t-0.8-2v-14.2q0.8 0.9 1.8 1.6 6.5 4.4 8.9 6.1 1 0.8 1.6 1.2t1.7 0.9 2 0.4h0.1q0.9 0 2-0.4t1.7-0.9 1.6-1.2q3-2.2 8.9-6.1 1-0.7 1.8-1.6zM32 7.4q0 1.4-0.9 2.7t-2.2 2.2q-6.7 4.7-8.4 5.8-0.2 0.1-0.7 0.5t-1 0.7-0.9 0.6-1.1 0.5-0.9 0.2h-0.1q-0.4 0-0.9-0.2t-1.1-0.5-0.9-0.6-1-0.7-0.7-0.5q-1.6-1.1-4.7-3.2t-3.6-2.6q-1.1-0.7-2.1-2t-1-2.5q0-1.4 0.7-2.3t2.1-0.9h26.3q1.2 0 2 0.8t0.9 2z\"\/><\/svg><\/span><\/a><\/li><\/ul><\/div>","protected":false},"excerpt":{"rendered":"<p>Rostende Atomm\u00fcllf\u00e4sser, Zwischenlager ohne Genehmigung, unzureichende Endlagersuche: Mit dem neuen Sorgenbericht des Atomm\u00fcllreports legen Anti-Atom-Organisationen erstmals [&hellip;]<\/p>\n","protected":false},"author":3,"featured_media":4407,"comment_status":"closed","ping_status":"closed","sticky":false,"template":"","format":"standard","meta":{"inline_featured_image":false,"footnotes":""},"categories":[23],"tags":[],"class_list":["post-102842","post","type-post","status-publish","format-standard","has-post-thumbnail","hentry","category-umwelt"],"yoast_head":"<!-- This site is optimized with the Yoast SEO plugin v26.5 - https:\/\/yoast.com\/wordpress\/plugins\/seo\/ -->\n<title>Atomm\u00fcllreport: besorgniserregende Zust\u00e4nde bei Atomm\u00fclllagerung - Sonnenseite - \u00d6kologische Kommunikation mit Franz Alt<\/title>\n<meta name=\"description\" content=\"Rostende Atomm\u00fcllf\u00e4sser, Zwischenlager ohne Genehmigung, unzureichende Endlagersuche: Mit dem neuen Sorgenbericht des Atomm\u00fcllreports legen\" \/>\n<meta name=\"robots\" content=\"index, follow, max-snippet:-1, max-image-preview:large, max-video-preview:-1\" \/>\n<link rel=\"canonical\" href=\"https:\/\/www.sonnenseite.com\/de\/umwelt\/atommuellreport-besorgniserregende-zustaende-bei-atommuelllagerung\/\" \/>\n<meta property=\"og:locale\" content=\"de_DE\" \/>\n<meta property=\"og:type\" content=\"article\" \/>\n<meta property=\"og:title\" content=\"Atomm\u00fcllreport: besorgniserregende Zust\u00e4nde bei Atomm\u00fclllagerung - Sonnenseite - \u00d6kologische Kommunikation mit Franz Alt\" \/>\n<meta property=\"og:description\" content=\"Rostende Atomm\u00fcllf\u00e4sser, Zwischenlager ohne Genehmigung, unzureichende Endlagersuche: Mit dem neuen Sorgenbericht des Atomm\u00fcllreports legen\" \/>\n<meta property=\"og:url\" content=\"https:\/\/www.sonnenseite.com\/de\/umwelt\/atommuellreport-besorgniserregende-zustaende-bei-atommuelllagerung\/\" \/>\n<meta property=\"og:site_name\" content=\"Sonnenseite\" \/>\n<meta property=\"article:publisher\" content=\"https:\/\/www.facebook.com\/pages\/Franz-Alt-SONNENSEITECOM\/221072987903953?fref=ts\" \/>\n<meta property=\"article:published_time\" content=\"2024-10-29T01:43:00+00:00\" \/>\n<meta property=\"og:image\" content=\"https:\/\/www.sonnenseite.com\/wp-content\/uploads\/2019\/12\/Atommuell_rabedirkwennigsen.jpg\" \/>\n\t<meta property=\"og:image:width\" content=\"770\" \/>\n\t<meta property=\"og:image:height\" content=\"420\" \/>\n\t<meta property=\"og:image:type\" content=\"image\/jpeg\" \/>\n<meta name=\"author\" content=\"Bigi Alt\" \/>\n<meta name=\"twitter:card\" content=\"summary_large_image\" \/>\n<meta name=\"twitter:creator\" content=\"@franzalt\" \/>\n<meta name=\"twitter:site\" content=\"@franzalt\" \/>\n<meta name=\"twitter:label1\" content=\"Verfasst von\" \/>\n\t<meta name=\"twitter:data1\" content=\"Bigi Alt\" \/>\n\t<meta name=\"twitter:label2\" content=\"Gesch\u00e4tzte Lesezeit\" \/>\n\t<meta name=\"twitter:data2\" content=\"3\u00a0Minuten\" \/>\n<script type=\"application\/ld+json\" class=\"yoast-schema-graph\">{\"@context\":\"https:\/\/schema.org\",\"@graph\":[{\"@type\":\"Article\",\"@id\":\"https:\/\/www.sonnenseite.com\/de\/umwelt\/atommuellreport-besorgniserregende-zustaende-bei-atommuelllagerung\/#article\",\"isPartOf\":{\"@id\":\"https:\/\/www.sonnenseite.com\/de\/umwelt\/atommuellreport-besorgniserregende-zustaende-bei-atommuelllagerung\/\"},\"author\":{\"name\":\"Bigi Alt\",\"@id\":\"https:\/\/www.sonnenseite.com\/de\/#\/schema\/person\/50fda0e926597684c7cc6695238a4eb9\"},\"headline\":\"Atomm\u00fcllreport: besorgniserregende Zust\u00e4nde bei Atomm\u00fclllagerung\",\"datePublished\":\"2024-10-29T01:43:00+00:00\",\"mainEntityOfPage\":{\"@id\":\"https:\/\/www.sonnenseite.com\/de\/umwelt\/atommuellreport-besorgniserregende-zustaende-bei-atommuelllagerung\/\"},\"wordCount\":446,\"publisher\":{\"@id\":\"https:\/\/www.sonnenseite.com\/de\/#organization\"},\"image\":{\"@id\":\"https:\/\/www.sonnenseite.com\/de\/umwelt\/atommuellreport-besorgniserregende-zustaende-bei-atommuelllagerung\/#primaryimage\"},\"thumbnailUrl\":\"https:\/\/www.sonnenseite.com\/wp-content\/uploads\/2019\/12\/Atommuell_rabedirkwennigsen.jpg\",\"articleSection\":[\"Umwelt\"],\"inLanguage\":\"de\"},{\"@type\":\"WebPage\",\"@id\":\"https:\/\/www.sonnenseite.com\/de\/umwelt\/atommuellreport-besorgniserregende-zustaende-bei-atommuelllagerung\/\",\"url\":\"https:\/\/www.sonnenseite.com\/de\/umwelt\/atommuellreport-besorgniserregende-zustaende-bei-atommuelllagerung\/\",\"name\":\"Atomm\u00fcllreport: besorgniserregende Zust\u00e4nde bei Atomm\u00fclllagerung - Sonnenseite - \u00d6kologische Kommunikation mit Franz Alt\",\"isPartOf\":{\"@id\":\"https:\/\/www.sonnenseite.com\/de\/#website\"},\"primaryImageOfPage\":{\"@id\":\"https:\/\/www.sonnenseite.com\/de\/umwelt\/atommuellreport-besorgniserregende-zustaende-bei-atommuelllagerung\/#primaryimage\"},\"image\":{\"@id\":\"https:\/\/www.sonnenseite.com\/de\/umwelt\/atommuellreport-besorgniserregende-zustaende-bei-atommuelllagerung\/#primaryimage\"},\"thumbnailUrl\":\"https:\/\/www.sonnenseite.com\/wp-content\/uploads\/2019\/12\/Atommuell_rabedirkwennigsen.jpg\",\"datePublished\":\"2024-10-29T01:43:00+00:00\",\"description\":\"Rostende Atomm\u00fcllf\u00e4sser, Zwischenlager ohne Genehmigung, unzureichende Endlagersuche: Mit dem neuen Sorgenbericht des Atomm\u00fcllreports legen\",\"breadcrumb\":{\"@id\":\"https:\/\/www.sonnenseite.com\/de\/umwelt\/atommuellreport-besorgniserregende-zustaende-bei-atommuelllagerung\/#breadcrumb\"},\"inLanguage\":\"de\",\"potentialAction\":[{\"@type\":\"ReadAction\",\"target\":[\"https:\/\/www.sonnenseite.com\/de\/umwelt\/atommuellreport-besorgniserregende-zustaende-bei-atommuelllagerung\/\"]}]},{\"@type\":\"ImageObject\",\"inLanguage\":\"de\",\"@id\":\"https:\/\/www.sonnenseite.com\/de\/umwelt\/atommuellreport-besorgniserregende-zustaende-bei-atommuelllagerung\/#primaryimage\",\"url\":\"https:\/\/www.sonnenseite.com\/wp-content\/uploads\/2019\/12\/Atommuell_rabedirkwennigsen.jpg\",\"contentUrl\":\"https:\/\/www.sonnenseite.com\/wp-content\/uploads\/2019\/12\/Atommuell_rabedirkwennigsen.jpg\",\"width\":770,\"height\":420,\"caption\":\"pixabay.com | rabedirkwennigsen\"},{\"@type\":\"BreadcrumbList\",\"@id\":\"https:\/\/www.sonnenseite.com\/de\/umwelt\/atommuellreport-besorgniserregende-zustaende-bei-atommuelllagerung\/#breadcrumb\",\"itemListElement\":[{\"@type\":\"ListItem\",\"position\":1,\"name\":\"Startseite\",\"item\":\"https:\/\/www.sonnenseite.com\/de\/\"},{\"@type\":\"ListItem\",\"position\":2,\"name\":\"Atomm\u00fcllreport: besorgniserregende Zust\u00e4nde bei Atomm\u00fclllagerung\"}]},{\"@type\":\"WebSite\",\"@id\":\"https:\/\/www.sonnenseite.com\/de\/#website\",\"url\":\"https:\/\/www.sonnenseite.com\/de\/\",\"name\":\"Sonnenseite\",\"description\":\"\u00d6kologische Kommunikation mit Franz Alt\",\"publisher\":{\"@id\":\"https:\/\/www.sonnenseite.com\/de\/#organization\"},\"potentialAction\":[{\"@type\":\"SearchAction\",\"target\":{\"@type\":\"EntryPoint\",\"urlTemplate\":\"https:\/\/www.sonnenseite.com\/de\/?s={search_term_string}\"},\"query-input\":{\"@type\":\"PropertyValueSpecification\",\"valueRequired\":true,\"valueName\":\"search_term_string\"}}],\"inLanguage\":\"de\"},{\"@type\":\"Organization\",\"@id\":\"https:\/\/www.sonnenseite.com\/de\/#organization\",\"name\":\"Sonnenseite\",\"url\":\"https:\/\/www.sonnenseite.com\/de\/\",\"logo\":{\"@type\":\"ImageObject\",\"inLanguage\":\"de\",\"@id\":\"https:\/\/www.sonnenseite.com\/de\/#\/schema\/logo\/image\/\",\"url\":\"https:\/\/www.sonnenseite.com\/wp-content\/uploads\/2020\/05\/Sonnenseite_Logo.png\",\"contentUrl\":\"https:\/\/www.sonnenseite.com\/wp-content\/uploads\/2020\/05\/Sonnenseite_Logo.png\",\"width\":377,\"height\":90,\"caption\":\"Sonnenseite\"},\"image\":{\"@id\":\"https:\/\/www.sonnenseite.com\/de\/#\/schema\/logo\/image\/\"},\"sameAs\":[\"https:\/\/www.facebook.com\/pages\/Franz-Alt-SONNENSEITECOM\/221072987903953?fref=ts\",\"https:\/\/x.com\/franzalt\",\"http:\/\/www.youtube.com\/results?search_query&amp;amp;quot;franz_alt&amp;amp;quot;&amp;amp;amp;amp;search_type&amp;amp;amp;amp;aq=f\"]},{\"@type\":\"Person\",\"@id\":\"https:\/\/www.sonnenseite.com\/de\/#\/schema\/person\/50fda0e926597684c7cc6695238a4eb9\",\"name\":\"Bigi Alt\"}]}<\/script>\n<!-- \/ Yoast SEO plugin. -->","yoast_head_json":{"title":"Atomm\u00fcllreport: besorgniserregende Zust\u00e4nde bei Atomm\u00fclllagerung - Sonnenseite - \u00d6kologische Kommunikation mit Franz Alt","description":"Rostende Atomm\u00fcllf\u00e4sser, Zwischenlager ohne Genehmigung, unzureichende Endlagersuche: Mit dem neuen Sorgenbericht des Atomm\u00fcllreports legen","robots":{"index":"index","follow":"follow","max-snippet":"max-snippet:-1","max-image-preview":"max-image-preview:large","max-video-preview":"max-video-preview:-1"},"canonical":"https:\/\/www.sonnenseite.com\/de\/umwelt\/atommuellreport-besorgniserregende-zustaende-bei-atommuelllagerung\/","og_locale":"de_DE","og_type":"article","og_title":"Atomm\u00fcllreport: besorgniserregende Zust\u00e4nde bei Atomm\u00fclllagerung - Sonnenseite - \u00d6kologische Kommunikation mit Franz Alt","og_description":"Rostende Atomm\u00fcllf\u00e4sser, Zwischenlager ohne Genehmigung, unzureichende Endlagersuche: Mit dem neuen Sorgenbericht des Atomm\u00fcllreports legen","og_url":"https:\/\/www.sonnenseite.com\/de\/umwelt\/atommuellreport-besorgniserregende-zustaende-bei-atommuelllagerung\/","og_site_name":"Sonnenseite","article_publisher":"https:\/\/www.facebook.com\/pages\/Franz-Alt-SONNENSEITECOM\/221072987903953?fref=ts","article_published_time":"2024-10-29T01:43:00+00:00","og_image":[{"width":770,"height":420,"url":"https:\/\/www.sonnenseite.com\/wp-content\/uploads\/2019\/12\/Atommuell_rabedirkwennigsen.jpg","type":"image\/jpeg"}],"author":"Bigi Alt","twitter_card":"summary_large_image","twitter_creator":"@franzalt","twitter_site":"@franzalt","twitter_misc":{"Verfasst von":"Bigi Alt","Gesch\u00e4tzte Lesezeit":"3\u00a0Minuten"},"schema":{"@context":"https:\/\/schema.org","@graph":[{"@type":"Article","@id":"https:\/\/www.sonnenseite.com\/de\/umwelt\/atommuellreport-besorgniserregende-zustaende-bei-atommuelllagerung\/#article","isPartOf":{"@id":"https:\/\/www.sonnenseite.com\/de\/umwelt\/atommuellreport-besorgniserregende-zustaende-bei-atommuelllagerung\/"},"author":{"name":"Bigi Alt","@id":"https:\/\/www.sonnenseite.com\/de\/#\/schema\/person\/50fda0e926597684c7cc6695238a4eb9"},"headline":"Atomm\u00fcllreport: besorgniserregende Zust\u00e4nde bei Atomm\u00fclllagerung","datePublished":"2024-10-29T01:43:00+00:00","mainEntityOfPage":{"@id":"https:\/\/www.sonnenseite.com\/de\/umwelt\/atommuellreport-besorgniserregende-zustaende-bei-atommuelllagerung\/"},"wordCount":446,"publisher":{"@id":"https:\/\/www.sonnenseite.com\/de\/#organization"},"image":{"@id":"https:\/\/www.sonnenseite.com\/de\/umwelt\/atommuellreport-besorgniserregende-zustaende-bei-atommuelllagerung\/#primaryimage"},"thumbnailUrl":"https:\/\/www.sonnenseite.com\/wp-content\/uploads\/2019\/12\/Atommuell_rabedirkwennigsen.jpg","articleSection":["Umwelt"],"inLanguage":"de"},{"@type":"WebPage","@id":"https:\/\/www.sonnenseite.com\/de\/umwelt\/atommuellreport-besorgniserregende-zustaende-bei-atommuelllagerung\/","url":"https:\/\/www.sonnenseite.com\/de\/umwelt\/atommuellreport-besorgniserregende-zustaende-bei-atommuelllagerung\/","name":"Atomm\u00fcllreport: besorgniserregende Zust\u00e4nde bei Atomm\u00fclllagerung - Sonnenseite - \u00d6kologische Kommunikation mit Franz Alt","isPartOf":{"@id":"https:\/\/www.sonnenseite.com\/de\/#website"},"primaryImageOfPage":{"@id":"https:\/\/www.sonnenseite.com\/de\/umwelt\/atommuellreport-besorgniserregende-zustaende-bei-atommuelllagerung\/#primaryimage"},"image":{"@id":"https:\/\/www.sonnenseite.com\/de\/umwelt\/atommuellreport-besorgniserregende-zustaende-bei-atommuelllagerung\/#primaryimage"},"thumbnailUrl":"https:\/\/www.sonnenseite.com\/wp-content\/uploads\/2019\/12\/Atommuell_rabedirkwennigsen.jpg","datePublished":"2024-10-29T01:43:00+00:00","description":"Rostende Atomm\u00fcllf\u00e4sser, Zwischenlager ohne Genehmigung, unzureichende Endlagersuche: Mit dem neuen Sorgenbericht des Atomm\u00fcllreports legen","breadcrumb":{"@id":"https:\/\/www.sonnenseite.com\/de\/umwelt\/atommuellreport-besorgniserregende-zustaende-bei-atommuelllagerung\/#breadcrumb"},"inLanguage":"de","potentialAction":[{"@type":"ReadAction","target":["https:\/\/www.sonnenseite.com\/de\/umwelt\/atommuellreport-besorgniserregende-zustaende-bei-atommuelllagerung\/"]}]},{"@type":"ImageObject","inLanguage":"de","@id":"https:\/\/www.sonnenseite.com\/de\/umwelt\/atommuellreport-besorgniserregende-zustaende-bei-atommuelllagerung\/#primaryimage","url":"https:\/\/www.sonnenseite.com\/wp-content\/uploads\/2019\/12\/Atommuell_rabedirkwennigsen.jpg","contentUrl":"https:\/\/www.sonnenseite.com\/wp-content\/uploads\/2019\/12\/Atommuell_rabedirkwennigsen.jpg","width":770,"height":420,"caption":"pixabay.com | rabedirkwennigsen"},{"@type":"BreadcrumbList","@id":"https:\/\/www.sonnenseite.com\/de\/umwelt\/atommuellreport-besorgniserregende-zustaende-bei-atommuelllagerung\/#breadcrumb","itemListElement":[{"@type":"ListItem","position":1,"name":"Startseite","item":"https:\/\/www.sonnenseite.com\/de\/"},{"@type":"ListItem","position":2,"name":"Atomm\u00fcllreport: besorgniserregende Zust\u00e4nde bei Atomm\u00fclllagerung"}]},{"@type":"WebSite","@id":"https:\/\/www.sonnenseite.com\/de\/#website","url":"https:\/\/www.sonnenseite.com\/de\/","name":"Sonnenseite","description":"\u00d6kologische Kommunikation mit Franz Alt","publisher":{"@id":"https:\/\/www.sonnenseite.com\/de\/#organization"},"potentialAction":[{"@type":"SearchAction","target":{"@type":"EntryPoint","urlTemplate":"https:\/\/www.sonnenseite.com\/de\/?s={search_term_string}"},"query-input":{"@type":"PropertyValueSpecification","valueRequired":true,"valueName":"search_term_string"}}],"inLanguage":"de"},{"@type":"Organization","@id":"https:\/\/www.sonnenseite.com\/de\/#organization","name":"Sonnenseite","url":"https:\/\/www.sonnenseite.com\/de\/","logo":{"@type":"ImageObject","inLanguage":"de","@id":"https:\/\/www.sonnenseite.com\/de\/#\/schema\/logo\/image\/","url":"https:\/\/www.sonnenseite.com\/wp-content\/uploads\/2020\/05\/Sonnenseite_Logo.png","contentUrl":"https:\/\/www.sonnenseite.com\/wp-content\/uploads\/2020\/05\/Sonnenseite_Logo.png","width":377,"height":90,"caption":"Sonnenseite"},"image":{"@id":"https:\/\/www.sonnenseite.com\/de\/#\/schema\/logo\/image\/"},"sameAs":["https:\/\/www.facebook.com\/pages\/Franz-Alt-SONNENSEITECOM\/221072987903953?fref=ts","https:\/\/x.com\/franzalt","http:\/\/www.youtube.com\/results?search_query&amp;amp;quot;franz_alt&amp;amp;quot;&amp;amp;amp;amp;search_type&amp;amp;amp;amp;aq=f"]},{"@type":"Person","@id":"https:\/\/www.sonnenseite.com\/de\/#\/schema\/person\/50fda0e926597684c7cc6695238a4eb9","name":"Bigi Alt"}]}},"_links":{"self":[{"href":"https:\/\/www.sonnenseite.com\/de\/wp-json\/wp\/v2\/posts\/102842","targetHints":{"allow":["GET"]}}],"collection":[{"href":"https:\/\/www.sonnenseite.com\/de\/wp-json\/wp\/v2\/posts"}],"about":[{"href":"https:\/\/www.sonnenseite.com\/de\/wp-json\/wp\/v2\/types\/post"}],"author":[{"embeddable":true,"href":"https:\/\/www.sonnenseite.com\/de\/wp-json\/wp\/v2\/users\/3"}],"replies":[{"embeddable":true,"href":"https:\/\/www.sonnenseite.com\/de\/wp-json\/wp\/v2\/comments?post=102842"}],"version-history":[{"count":2,"href":"https:\/\/www.sonnenseite.com\/de\/wp-json\/wp\/v2\/posts\/102842\/revisions"}],"predecessor-version":[{"id":102844,"href":"https:\/\/www.sonnenseite.com\/de\/wp-json\/wp\/v2\/posts\/102842\/revisions\/102844"}],"wp:featuredmedia":[{"embeddable":true,"href":"https:\/\/www.sonnenseite.com\/de\/wp-json\/wp\/v2\/media\/4407"}],"wp:attachment":[{"href":"https:\/\/www.sonnenseite.com\/de\/wp-json\/wp\/v2\/media?parent=102842"}],"wp:term":[{"taxonomy":"category","embeddable":true,"href":"https:\/\/www.sonnenseite.com\/de\/wp-json\/wp\/v2\/categories?post=102842"},{"taxonomy":"post_tag","embeddable":true,"href":"https:\/\/www.sonnenseite.com\/de\/wp-json\/wp\/v2\/tags?post=102842"}],"curies":[{"name":"wp","href":"https:\/\/api.w.org\/{rel}","templated":true}]}}