{"id":102872,"date":"2024-10-30T02:12:00","date_gmt":"2024-10-30T01:12:00","guid":{"rendered":"https:\/\/www.sonnenseite.com\/?p=102872"},"modified":"2024-10-29T13:43:57","modified_gmt":"2024-10-29T12:43:57","slug":"energiebilanz-der-temperierung-von-fahrgastraum-antrieb-und-batterien-in-zuegen-ein-genauer-blick-lohnt","status":"publish","type":"post","link":"https:\/\/www.sonnenseite.com\/de\/mobilitaet\/energiebilanz-der-temperierung-von-fahrgastraum-antrieb-und-batterien-in-zuegen-ein-genauer-blick-lohnt\/","title":{"rendered":"Energiebilanz der Temperierung von Fahrgastraum, Antrieb und Batterien in Z\u00fcgen: Ein genauer Blick lohnt"},"content":{"rendered":"\n<p>Der Antrieb eines Schienenfahrzeugs ist der gr\u00f6\u00dfte Energieverbraucher im Betrieb, gefolgt von den Systemen zur Temperierung von Fahrgastraum und Antrieb \u2013 unabh\u00e4ngig von der Antriebsart der Z\u00fcge. <\/p>\n\n\n\n<p>Bei elektrisch betriebenen, aber nicht \u00fcber Oberleitungen oder Stromschienen mit Energie versorgten Z\u00fcgen m\u00fcssen zus\u00e4tzlich Batterien oder Brennstoffzellen in einer optimalen Betriebstemperatur gehalten werden. Viele Bahnbetreiber ziehen den Einsatz solcher Z\u00fcge f\u00fcr die knapp 40 Prozent noch nicht elektrifizierten Streckenabschnitte in Deutschland in Betracht. Bei diesen Z\u00fcgen hat der Gesamtenergieverbrauch gro\u00dfen Einfluss auf Reichweite und m\u00f6gliche Einsatzzeiten.<\/p>\n\n\n\n<p>Welche Strategie f\u00fcr das Temperaturmanagement von Antrieb, Innenraum und eventuellen Energiespeichern an Bord die geeignetste ist, h\u00e4ngt insbesondere von Antriebskonzept, Klima und Einsatzbedingungen ab. Marcos Escamilla S\u00e1nchez\u2018 Masterarbeit zum Potenzial eines integrierten Thermomanagements, die am Fraunhofer IWU als \u00bbExzellente Abschlussarbeit 2024\u00ab ausgezeichnet wurde, kommt zu dem Ergebnis: Die im Hamburger S-Bahn-Betrieb eingesetzte DB-Baureihe 490 verf\u00fcgt dank W\u00e4rmepumpe und Abw\u00e4rmenutzung aus den Traktions- und Hilfsbetrieben \u00fcber ein so effizientes Thermomanagementsystem, dass eine kontinuierliche Weiterentwicklung am sinnvollsten erscheint. Bei dieser Baureihe handelt es sich um einen klassischen Elektrotriebzug ohne Traktionsbatterie. Der Wirkungsgrad (Coefficient of Performance) des Systems ist \u00fcber den Jahresverlauf dank der energieeffizienten Heizung bzw. Klimatisierung insgesamt hoch.<\/p>\n\n\n<div class=\"wp-block-image\">\n<figure class=\"aligncenter size-large\"><img loading=\"lazy\" decoding=\"async\" width=\"1024\" height=\"541\" src=\"https:\/\/www.sonnenseite.com\/wp-content\/uploads\/2024\/10\/Energie_Visualisierung_Quellen_Senken-1024x541.png\" alt=\"\" class=\"wp-image-102874\" srcset=\"https:\/\/www.sonnenseite.com\/wp-content\/uploads\/2024\/10\/Energie_Visualisierung_Quellen_Senken-1024x541.png 1024w, https:\/\/www.sonnenseite.com\/wp-content\/uploads\/2024\/10\/Energie_Visualisierung_Quellen_Senken-300x159.png 300w, https:\/\/www.sonnenseite.com\/wp-content\/uploads\/2024\/10\/Energie_Visualisierung_Quellen_Senken-768x406.png 768w, https:\/\/www.sonnenseite.com\/wp-content\/uploads\/2024\/10\/Energie_Visualisierung_Quellen_Senken-1536x812.png 1536w, https:\/\/www.sonnenseite.com\/wp-content\/uploads\/2024\/10\/Energie_Visualisierung_Quellen_Senken.png 1678w\" sizes=\"auto, (max-width: 1024px) 100vw, 1024px\" \/><figcaption class=\"wp-element-caption\">\u00a9 ALSTOM Transportation Germany GmbH | Antrieb, Fahrgastraum und \u2013 je nach Antriebssystem \u2013 der Energiespeicher eines Zuges m\u00fcssen permanent im jeweils idealen Temperaturfenster gehalten werden<\/figcaption><\/figure>\n<\/div>\n\n\n<p>S\u00e1nchez arbeitet mittlerweile als Systemingenieur beim Schienenfahrzeughersteller Alstom. Gemeinsam mit dem Spezialisten f\u00fcr Klimatechnik und Ausr\u00fcstung von batteriebetriebenen Nutzfahrzeugen W\u00f6lfle GmbH untersuchte er, unter welchen Betriebsbedingungen ein integriertes Thermomanagementsystem Effizienzvorteile haben kann. Die Idee: ein Gesamtsystem so auszulegen, dass Antrieb und \u2013 wo vorhanden \u2013 Batterien und Leistungselektronik in einem Wasserkreislauf zusammengeschaltet und mit einer W\u00e4rmepumpe oder Kaltwasserklimaanlage gekoppelt werden. Dies soll alle Temperaturszenarien abdecken: Fahrgastraum und Batterie m\u00fcssen im Winter eher erw\u00e4rmt und im Sommer eher gek\u00fchlt werden; die Abw\u00e4rme des Antriebs l\u00e4sst sich zwar im Winter nutzen, im Sommer muss sie jedoch aus dem System abgef\u00fchrt werden. <\/p>\n\n\n\n<p><strong>Das Ergebnis:<\/strong> Eine kaltwassergest\u00fctzte Klimaanlage mit W\u00e4rmepumpe und Abw\u00e4rmenutzung bietet im Hamburger Jahresmittel kaum Effizienzgewinn; sie k\u00f6nnte ihre Vorteile jedoch in besonders kalten Regionen ausspielen \u2013 also dort, wo im Gesamtjahresverlauf oft geheizt, aber eher selten gek\u00fchlt werden muss. Den besten Coefficient of Performance weist das Modell f\u00fcr einen Fahrzeugbetrieb mit h\u00e4ufigen Beschleunigungs- und Bremsvorg\u00e4ngen, kurzen Fahrstrecken und h\u00e4ufigen Zwischenhalten aus, was insbesondere dem Betriebsprofil von S- und U-Bahnen entspricht. Ein integriertes Thermomanagementsystem k\u00f6nnte au\u00dferdem Gewicht einsparen und mit weniger HVAC-Komponenten (Heating, Ventilation, Air Conditioning) auskommen.<\/p>\n\n\n\n<p>S\u00e1nchez ist sich sicher: Energiebilanz und Einsetzbarkeit von batterieelektrischen Zugsystemen oder Z\u00fcgen mit Wasserstoff-Brennstoffzellenantrieb, deren Energiespeicher nahezu permanent gek\u00fchlt oder erw\u00e4rmt werden m\u00fcssen, w\u00fcrden von einem integrierten Thermomanagementsystem sehr profitieren.<\/p>\n\n\n<h5 class=\"green\">Quelle<\/h5>\r\n\n\n\n<p><a href=\"https:\/\/www.iwu.fraunhofer.de\/de\/presse-und-medien\/presseinformationen\/2024-Energiebilanz-von-Zuegen-ein-genauer-Blick-lohnt.html\">Fraunhofer-Institut f\u00fcr Werkzeugmaschinen und Umformtechnik IWU 2024<\/a><\/p>\n<div class=\"shariff shariff-align-flex-start shariff-widget-align-flex-start\"><div class=\"ShariffHeadline\">Diese Meldung teilen<\/div><ul class=\"shariff-buttons theme-round orientation-horizontal buttonsize-medium\"><li class=\"shariff-button facebook shariff-nocustomcolor\" style=\"background-color:#4273c8;border-radius:1%\"><a href=\"https:\/\/www.facebook.com\/sharer\/sharer.php?u=https%3A%2F%2Fwww.sonnenseite.com%2Fde%2Fmobilitaet%2Fenergiebilanz-der-temperierung-von-fahrgastraum-antrieb-und-batterien-in-zuegen-ein-genauer-blick-lohnt%2F\" title=\"Bei Facebook teilen\" aria-label=\"Bei Facebook teilen\" role=\"button\" rel=\"nofollow\" class=\"shariff-link\" style=\";border-radius:1%; background-color:#3b5998; color:#fff\" target=\"_blank\"><span class=\"shariff-icon\" style=\"\"><svg width=\"32px\" height=\"20px\" xmlns=\"http:\/\/www.w3.org\/2000\/svg\" viewBox=\"0 0 18 32\"><path fill=\"#3b5998\" d=\"M17.1 0.2v4.7h-2.8q-1.5 0-2.1 0.6t-0.5 1.9v3.4h5.2l-0.7 5.3h-4.5v13.6h-5.5v-13.6h-4.5v-5.3h4.5v-3.9q0-3.3 1.9-5.2t5-1.8q2.6 0 4.1 0.2z\"\/><\/svg><\/span><\/a><\/li><li class=\"shariff-button twitter shariff-nocustomcolor\" style=\"background-color:#595959;border-radius:1%\"><a href=\"https:\/\/twitter.com\/share?url=https%3A%2F%2Fwww.sonnenseite.com%2Fde%2Fmobilitaet%2Fenergiebilanz-der-temperierung-von-fahrgastraum-antrieb-und-batterien-in-zuegen-ein-genauer-blick-lohnt%2F&text=Energiebilanz%20der%20Temperierung%20von%20Fahrgastraum%2C%20Antrieb%20und%20Batterien%20in%20Z%C3%BCgen%3A%20Ein%20genauer%20Blick%20lohnt\" title=\"Bei X teilen\" aria-label=\"Bei X teilen\" role=\"button\" rel=\"noopener nofollow\" class=\"shariff-link\" style=\";border-radius:1%; background-color:#000; color:#fff\" target=\"_blank\"><span class=\"shariff-icon\" style=\"\"><svg width=\"32px\" height=\"20px\" xmlns=\"http:\/\/www.w3.org\/2000\/svg\" viewBox=\"0 0 24 24\"><path fill=\"#000\" d=\"M14.258 10.152L23.176 0h-2.113l-7.747 8.813L7.133 0H0l9.352 13.328L0 23.973h2.113l8.176-9.309 6.531 9.309h7.133zm-2.895 3.293l-.949-1.328L2.875 1.56h3.246l6.086 8.523.945 1.328 7.91 11.078h-3.246zm0 0\"\/><\/svg><\/span><\/a><\/li><li class=\"shariff-button xing shariff-nocustomcolor\" style=\"background-color:#29888a;border-radius:1%\"><a href=\"https:\/\/www.xing.com\/spi\/shares\/new?url=https%3A%2F%2Fwww.sonnenseite.com%2Fde%2Fmobilitaet%2Fenergiebilanz-der-temperierung-von-fahrgastraum-antrieb-und-batterien-in-zuegen-ein-genauer-blick-lohnt%2F\" title=\"Bei XING teilen\" aria-label=\"Bei XING teilen\" role=\"button\" rel=\"noopener nofollow\" class=\"shariff-link\" style=\";border-radius:1%; background-color:#126567; color:#fff\" target=\"_blank\"><span class=\"shariff-icon\" style=\"\"><svg width=\"32px\" height=\"20px\" xmlns=\"http:\/\/www.w3.org\/2000\/svg\" viewBox=\"0 0 25 32\"><path fill=\"#126567\" d=\"M10.7 11.9q-0.2 0.3-4.6 8.2-0.5 0.8-1.2 0.8h-4.3q-0.4 0-0.5-0.3t0-0.6l4.5-8q0 0 0 0l-2.9-5q-0.2-0.4 0-0.7 0.2-0.3 0.5-0.3h4.3q0.7 0 1.2 0.8zM25.1 0.4q0.2 0.3 0 0.7l-9.4 16.7 6 11q0.2 0.4 0 0.6-0.2 0.3-0.6 0.3h-4.3q-0.7 0-1.2-0.8l-6-11.1q0.3-0.6 9.5-16.8 0.4-0.8 1.2-0.8h4.3q0.4 0 0.5 0.3z\"\/><\/svg><\/span><\/a><\/li><li class=\"shariff-button linkedin shariff-nocustomcolor\" style=\"background-color:#1488bf;border-radius:1%\"><a href=\"https:\/\/www.linkedin.com\/sharing\/share-offsite\/?url=https%3A%2F%2Fwww.sonnenseite.com%2Fde%2Fmobilitaet%2Fenergiebilanz-der-temperierung-von-fahrgastraum-antrieb-und-batterien-in-zuegen-ein-genauer-blick-lohnt%2F\" title=\"Bei LinkedIn teilen\" aria-label=\"Bei LinkedIn teilen\" role=\"button\" rel=\"noopener nofollow\" class=\"shariff-link\" style=\";border-radius:1%; background-color:#0077b5; color:#fff\" target=\"_blank\"><span class=\"shariff-icon\" style=\"\"><svg width=\"32px\" height=\"20px\" xmlns=\"http:\/\/www.w3.org\/2000\/svg\" viewBox=\"0 0 27 32\"><path fill=\"#0077b5\" d=\"M6.2 11.2v17.7h-5.9v-17.7h5.9zM6.6 5.7q0 1.3-0.9 2.2t-2.4 0.9h0q-1.5 0-2.4-0.9t-0.9-2.2 0.9-2.2 2.4-0.9 2.4 0.9 0.9 2.2zM27.4 18.7v10.1h-5.9v-9.5q0-1.9-0.7-2.9t-2.3-1.1q-1.1 0-1.9 0.6t-1.2 1.5q-0.2 0.5-0.2 1.4v9.9h-5.9q0-7.1 0-11.6t0-5.3l0-0.9h5.9v2.6h0q0.4-0.6 0.7-1t1-0.9 1.6-0.8 2-0.3q3 0 4.9 2t1.9 6z\"\/><\/svg><\/span><\/a><\/li><li class=\"shariff-button printer shariff-nocustomcolor\" style=\"background-color:#a8a8a8;border-radius:1%\"><a href=\"javascript:window.print()\" title=\"drucken\" aria-label=\"drucken\" role=\"button\" rel=\"noopener nofollow\" class=\"shariff-link\" style=\";border-radius:1%; background-color:#999; color:#fff\"><span class=\"shariff-icon\" style=\"\"><svg width=\"32px\" height=\"20px\" xmlns=\"http:\/\/www.w3.org\/2000\/svg\" viewBox=\"0 0 30 32\"><path fill=\"#999\" d=\"M6.8 27.4h16v-4.6h-16v4.6zM6.8 16h16v-6.8h-2.8q-0.7 0-1.2-0.5t-0.5-1.2v-2.8h-11.4v11.4zM27.4 17.2q0-0.5-0.3-0.8t-0.8-0.4-0.8 0.4-0.3 0.8 0.3 0.8 0.8 0.3 0.8-0.3 0.3-0.8zM29.7 17.2v7.4q0 0.2-0.2 0.4t-0.4 0.2h-4v2.8q0 0.7-0.5 1.2t-1.2 0.5h-17.2q-0.7 0-1.2-0.5t-0.5-1.2v-2.8h-4q-0.2 0-0.4-0.2t-0.2-0.4v-7.4q0-1.4 1-2.4t2.4-1h1.2v-9.7q0-0.7 0.5-1.2t1.2-0.5h12q0.7 0 1.6 0.4t1.3 0.8l2.7 2.7q0.5 0.5 0.9 1.4t0.4 1.6v4.6h1.1q1.4 0 2.4 1t1 2.4z\"\/><\/svg><\/span><\/a><\/li><li class=\"shariff-button mailto shariff-nocustomcolor\" style=\"background-color:#a8a8a8;border-radius:1%\"><a href=\"mailto:?body=https%3A%2F%2Fwww.sonnenseite.com%2Fde%2Fmobilitaet%2Fenergiebilanz-der-temperierung-von-fahrgastraum-antrieb-und-batterien-in-zuegen-ein-genauer-blick-lohnt%2F&subject=Energiebilanz%20der%20Temperierung%20von%20Fahrgastraum%2C%20Antrieb%20und%20Batterien%20in%20Z%C3%BCgen%3A%20Ein%20genauer%20Blick%20lohnt\" title=\"Per E-Mail versenden\" aria-label=\"Per E-Mail versenden\" role=\"button\" rel=\"noopener nofollow\" class=\"shariff-link\" style=\";border-radius:1%; background-color:#999; color:#fff\"><span class=\"shariff-icon\" style=\"\"><svg width=\"32px\" height=\"20px\" xmlns=\"http:\/\/www.w3.org\/2000\/svg\" viewBox=\"0 0 32 32\"><path fill=\"#999\" d=\"M32 12.7v14.2q0 1.2-0.8 2t-2 0.9h-26.3q-1.2 0-2-0.9t-0.8-2v-14.2q0.8 0.9 1.8 1.6 6.5 4.4 8.9 6.1 1 0.8 1.6 1.2t1.7 0.9 2 0.4h0.1q0.9 0 2-0.4t1.7-0.9 1.6-1.2q3-2.2 8.9-6.1 1-0.7 1.8-1.6zM32 7.4q0 1.4-0.9 2.7t-2.2 2.2q-6.7 4.7-8.4 5.8-0.2 0.1-0.7 0.5t-1 0.7-0.9 0.6-1.1 0.5-0.9 0.2h-0.1q-0.4 0-0.9-0.2t-1.1-0.5-0.9-0.6-1-0.7-0.7-0.5q-1.6-1.1-4.7-3.2t-3.6-2.6q-1.1-0.7-2.1-2t-1-2.5q0-1.4 0.7-2.3t2.1-0.9h26.3q1.2 0 2 0.8t0.9 2z\"\/><\/svg><\/span><\/a><\/li><\/ul><\/div>","protected":false},"excerpt":{"rendered":"<p>Der Antrieb eines Schienenfahrzeugs ist der gr\u00f6\u00dfte Energieverbraucher im Betrieb, gefolgt von den Systemen zur Temperierung [&hellip;]<\/p>\n","protected":false},"author":3,"featured_media":16838,"comment_status":"closed","ping_status":"closed","sticky":false,"template":"","format":"standard","meta":{"inline_featured_image":false,"footnotes":""},"categories":[25],"tags":[],"class_list":["post-102872","post","type-post","status-publish","format-standard","has-post-thumbnail","hentry","category-mobilitaet"],"yoast_head":"<!-- This site is optimized with the Yoast SEO plugin v26.5 - https:\/\/yoast.com\/wordpress\/plugins\/seo\/ -->\n<title>Energiebilanz der Temperierung von Fahrgastraum, Antrieb und Batterien in Z\u00fcgen: Ein genauer Blick lohnt - Sonnenseite - \u00d6kologische Kommunikation mit Franz Alt<\/title>\n<meta name=\"description\" content=\"Der Antrieb eines Schienenfahrzeugs ist der gr\u00f6\u00dfte Energieverbraucher im Betrieb, gefolgt von den Systemen zur Temperierung von Fahrgastraum und Antrieb \u2013\" \/>\n<meta name=\"robots\" content=\"index, follow, max-snippet:-1, max-image-preview:large, max-video-preview:-1\" \/>\n<link rel=\"canonical\" href=\"https:\/\/www.sonnenseite.com\/de\/mobilitaet\/energiebilanz-der-temperierung-von-fahrgastraum-antrieb-und-batterien-in-zuegen-ein-genauer-blick-lohnt\/\" \/>\n<meta property=\"og:locale\" content=\"de_DE\" \/>\n<meta property=\"og:type\" content=\"article\" \/>\n<meta property=\"og:title\" content=\"Energiebilanz der Temperierung von Fahrgastraum, Antrieb und Batterien in Z\u00fcgen: Ein genauer Blick lohnt - Sonnenseite - \u00d6kologische Kommunikation mit Franz Alt\" \/>\n<meta property=\"og:description\" content=\"Der Antrieb eines Schienenfahrzeugs ist der gr\u00f6\u00dfte Energieverbraucher im Betrieb, gefolgt von den Systemen zur Temperierung von Fahrgastraum und Antrieb \u2013\" \/>\n<meta property=\"og:url\" content=\"https:\/\/www.sonnenseite.com\/de\/mobilitaet\/energiebilanz-der-temperierung-von-fahrgastraum-antrieb-und-batterien-in-zuegen-ein-genauer-blick-lohnt\/\" \/>\n<meta property=\"og:site_name\" content=\"Sonnenseite\" \/>\n<meta property=\"article:publisher\" content=\"https:\/\/www.facebook.com\/pages\/Franz-Alt-SONNENSEITECOM\/221072987903953?fref=ts\" \/>\n<meta property=\"article:published_time\" content=\"2024-10-30T01:12:00+00:00\" \/>\n<meta property=\"og:image\" content=\"https:\/\/www.sonnenseite.com\/wp-content\/uploads\/2018\/07\/Bahn_Uwe-Schwarz.jpg\" \/>\n\t<meta property=\"og:image:width\" content=\"770\" \/>\n\t<meta property=\"og:image:height\" content=\"420\" \/>\n\t<meta property=\"og:image:type\" content=\"image\/jpeg\" \/>\n<meta name=\"author\" content=\"Bigi Alt\" \/>\n<meta name=\"twitter:card\" content=\"summary_large_image\" \/>\n<meta name=\"twitter:creator\" content=\"@franzalt\" \/>\n<meta name=\"twitter:site\" content=\"@franzalt\" \/>\n<meta name=\"twitter:label1\" content=\"Verfasst von\" \/>\n\t<meta name=\"twitter:data1\" content=\"Bigi Alt\" \/>\n\t<meta name=\"twitter:label2\" content=\"Gesch\u00e4tzte Lesezeit\" \/>\n\t<meta name=\"twitter:data2\" content=\"3\u00a0Minuten\" \/>\n<script type=\"application\/ld+json\" class=\"yoast-schema-graph\">{\"@context\":\"https:\/\/schema.org\",\"@graph\":[{\"@type\":\"Article\",\"@id\":\"https:\/\/www.sonnenseite.com\/de\/mobilitaet\/energiebilanz-der-temperierung-von-fahrgastraum-antrieb-und-batterien-in-zuegen-ein-genauer-blick-lohnt\/#article\",\"isPartOf\":{\"@id\":\"https:\/\/www.sonnenseite.com\/de\/mobilitaet\/energiebilanz-der-temperierung-von-fahrgastraum-antrieb-und-batterien-in-zuegen-ein-genauer-blick-lohnt\/\"},\"author\":{\"name\":\"Bigi Alt\",\"@id\":\"https:\/\/www.sonnenseite.com\/de\/#\/schema\/person\/50fda0e926597684c7cc6695238a4eb9\"},\"headline\":\"Energiebilanz der Temperierung von Fahrgastraum, Antrieb und Batterien in Z\u00fcgen: Ein genauer Blick lohnt\",\"datePublished\":\"2024-10-30T01:12:00+00:00\",\"mainEntityOfPage\":{\"@id\":\"https:\/\/www.sonnenseite.com\/de\/mobilitaet\/energiebilanz-der-temperierung-von-fahrgastraum-antrieb-und-batterien-in-zuegen-ein-genauer-blick-lohnt\/\"},\"wordCount\":489,\"publisher\":{\"@id\":\"https:\/\/www.sonnenseite.com\/de\/#organization\"},\"image\":{\"@id\":\"https:\/\/www.sonnenseite.com\/de\/mobilitaet\/energiebilanz-der-temperierung-von-fahrgastraum-antrieb-und-batterien-in-zuegen-ein-genauer-blick-lohnt\/#primaryimage\"},\"thumbnailUrl\":\"https:\/\/www.sonnenseite.com\/wp-content\/uploads\/2018\/07\/Bahn_Uwe-Schwarz.jpg\",\"articleSection\":[\"Mobilit\u00e4t\"],\"inLanguage\":\"de\"},{\"@type\":\"WebPage\",\"@id\":\"https:\/\/www.sonnenseite.com\/de\/mobilitaet\/energiebilanz-der-temperierung-von-fahrgastraum-antrieb-und-batterien-in-zuegen-ein-genauer-blick-lohnt\/\",\"url\":\"https:\/\/www.sonnenseite.com\/de\/mobilitaet\/energiebilanz-der-temperierung-von-fahrgastraum-antrieb-und-batterien-in-zuegen-ein-genauer-blick-lohnt\/\",\"name\":\"Energiebilanz der Temperierung von Fahrgastraum, Antrieb und Batterien in Z\u00fcgen: Ein genauer Blick lohnt - Sonnenseite - \u00d6kologische Kommunikation mit Franz Alt\",\"isPartOf\":{\"@id\":\"https:\/\/www.sonnenseite.com\/de\/#website\"},\"primaryImageOfPage\":{\"@id\":\"https:\/\/www.sonnenseite.com\/de\/mobilitaet\/energiebilanz-der-temperierung-von-fahrgastraum-antrieb-und-batterien-in-zuegen-ein-genauer-blick-lohnt\/#primaryimage\"},\"image\":{\"@id\":\"https:\/\/www.sonnenseite.com\/de\/mobilitaet\/energiebilanz-der-temperierung-von-fahrgastraum-antrieb-und-batterien-in-zuegen-ein-genauer-blick-lohnt\/#primaryimage\"},\"thumbnailUrl\":\"https:\/\/www.sonnenseite.com\/wp-content\/uploads\/2018\/07\/Bahn_Uwe-Schwarz.jpg\",\"datePublished\":\"2024-10-30T01:12:00+00:00\",\"description\":\"Der Antrieb eines Schienenfahrzeugs ist der gr\u00f6\u00dfte Energieverbraucher im Betrieb, gefolgt von den Systemen zur Temperierung von Fahrgastraum und Antrieb \u2013\",\"breadcrumb\":{\"@id\":\"https:\/\/www.sonnenseite.com\/de\/mobilitaet\/energiebilanz-der-temperierung-von-fahrgastraum-antrieb-und-batterien-in-zuegen-ein-genauer-blick-lohnt\/#breadcrumb\"},\"inLanguage\":\"de\",\"potentialAction\":[{\"@type\":\"ReadAction\",\"target\":[\"https:\/\/www.sonnenseite.com\/de\/mobilitaet\/energiebilanz-der-temperierung-von-fahrgastraum-antrieb-und-batterien-in-zuegen-ein-genauer-blick-lohnt\/\"]}]},{\"@type\":\"ImageObject\",\"inLanguage\":\"de\",\"@id\":\"https:\/\/www.sonnenseite.com\/de\/mobilitaet\/energiebilanz-der-temperierung-von-fahrgastraum-antrieb-und-batterien-in-zuegen-ein-genauer-blick-lohnt\/#primaryimage\",\"url\":\"https:\/\/www.sonnenseite.com\/wp-content\/uploads\/2018\/07\/Bahn_Uwe-Schwarz.jpg\",\"contentUrl\":\"https:\/\/www.sonnenseite.com\/wp-content\/uploads\/2018\/07\/Bahn_Uwe-Schwarz.jpg\",\"width\":770,\"height\":420,\"caption\":\"pixelio.de | Uwe-Schwarz\"},{\"@type\":\"BreadcrumbList\",\"@id\":\"https:\/\/www.sonnenseite.com\/de\/mobilitaet\/energiebilanz-der-temperierung-von-fahrgastraum-antrieb-und-batterien-in-zuegen-ein-genauer-blick-lohnt\/#breadcrumb\",\"itemListElement\":[{\"@type\":\"ListItem\",\"position\":1,\"name\":\"Startseite\",\"item\":\"https:\/\/www.sonnenseite.com\/de\/\"},{\"@type\":\"ListItem\",\"position\":2,\"name\":\"Energiebilanz der Temperierung von Fahrgastraum, Antrieb und Batterien in Z\u00fcgen: Ein genauer Blick lohnt\"}]},{\"@type\":\"WebSite\",\"@id\":\"https:\/\/www.sonnenseite.com\/de\/#website\",\"url\":\"https:\/\/www.sonnenseite.com\/de\/\",\"name\":\"Sonnenseite\",\"description\":\"\u00d6kologische Kommunikation mit Franz Alt\",\"publisher\":{\"@id\":\"https:\/\/www.sonnenseite.com\/de\/#organization\"},\"potentialAction\":[{\"@type\":\"SearchAction\",\"target\":{\"@type\":\"EntryPoint\",\"urlTemplate\":\"https:\/\/www.sonnenseite.com\/de\/?s={search_term_string}\"},\"query-input\":{\"@type\":\"PropertyValueSpecification\",\"valueRequired\":true,\"valueName\":\"search_term_string\"}}],\"inLanguage\":\"de\"},{\"@type\":\"Organization\",\"@id\":\"https:\/\/www.sonnenseite.com\/de\/#organization\",\"name\":\"Sonnenseite\",\"url\":\"https:\/\/www.sonnenseite.com\/de\/\",\"logo\":{\"@type\":\"ImageObject\",\"inLanguage\":\"de\",\"@id\":\"https:\/\/www.sonnenseite.com\/de\/#\/schema\/logo\/image\/\",\"url\":\"https:\/\/www.sonnenseite.com\/wp-content\/uploads\/2020\/05\/Sonnenseite_Logo.png\",\"contentUrl\":\"https:\/\/www.sonnenseite.com\/wp-content\/uploads\/2020\/05\/Sonnenseite_Logo.png\",\"width\":377,\"height\":90,\"caption\":\"Sonnenseite\"},\"image\":{\"@id\":\"https:\/\/www.sonnenseite.com\/de\/#\/schema\/logo\/image\/\"},\"sameAs\":[\"https:\/\/www.facebook.com\/pages\/Franz-Alt-SONNENSEITECOM\/221072987903953?fref=ts\",\"https:\/\/x.com\/franzalt\",\"http:\/\/www.youtube.com\/results?search_query&amp;amp;quot;franz_alt&amp;amp;quot;&amp;amp;amp;amp;search_type&amp;amp;amp;amp;aq=f\"]},{\"@type\":\"Person\",\"@id\":\"https:\/\/www.sonnenseite.com\/de\/#\/schema\/person\/50fda0e926597684c7cc6695238a4eb9\",\"name\":\"Bigi Alt\"}]}<\/script>\n<!-- \/ Yoast SEO plugin. -->","yoast_head_json":{"title":"Energiebilanz der Temperierung von Fahrgastraum, Antrieb und Batterien in Z\u00fcgen: Ein genauer Blick lohnt - Sonnenseite - \u00d6kologische Kommunikation mit Franz Alt","description":"Der Antrieb eines Schienenfahrzeugs ist der gr\u00f6\u00dfte Energieverbraucher im Betrieb, gefolgt von den Systemen zur Temperierung von Fahrgastraum und Antrieb \u2013","robots":{"index":"index","follow":"follow","max-snippet":"max-snippet:-1","max-image-preview":"max-image-preview:large","max-video-preview":"max-video-preview:-1"},"canonical":"https:\/\/www.sonnenseite.com\/de\/mobilitaet\/energiebilanz-der-temperierung-von-fahrgastraum-antrieb-und-batterien-in-zuegen-ein-genauer-blick-lohnt\/","og_locale":"de_DE","og_type":"article","og_title":"Energiebilanz der Temperierung von Fahrgastraum, Antrieb und Batterien in Z\u00fcgen: Ein genauer Blick lohnt - Sonnenseite - \u00d6kologische Kommunikation mit Franz Alt","og_description":"Der Antrieb eines Schienenfahrzeugs ist der gr\u00f6\u00dfte Energieverbraucher im Betrieb, gefolgt von den Systemen zur Temperierung von Fahrgastraum und Antrieb \u2013","og_url":"https:\/\/www.sonnenseite.com\/de\/mobilitaet\/energiebilanz-der-temperierung-von-fahrgastraum-antrieb-und-batterien-in-zuegen-ein-genauer-blick-lohnt\/","og_site_name":"Sonnenseite","article_publisher":"https:\/\/www.facebook.com\/pages\/Franz-Alt-SONNENSEITECOM\/221072987903953?fref=ts","article_published_time":"2024-10-30T01:12:00+00:00","og_image":[{"width":770,"height":420,"url":"https:\/\/www.sonnenseite.com\/wp-content\/uploads\/2018\/07\/Bahn_Uwe-Schwarz.jpg","type":"image\/jpeg"}],"author":"Bigi Alt","twitter_card":"summary_large_image","twitter_creator":"@franzalt","twitter_site":"@franzalt","twitter_misc":{"Verfasst von":"Bigi Alt","Gesch\u00e4tzte Lesezeit":"3\u00a0Minuten"},"schema":{"@context":"https:\/\/schema.org","@graph":[{"@type":"Article","@id":"https:\/\/www.sonnenseite.com\/de\/mobilitaet\/energiebilanz-der-temperierung-von-fahrgastraum-antrieb-und-batterien-in-zuegen-ein-genauer-blick-lohnt\/#article","isPartOf":{"@id":"https:\/\/www.sonnenseite.com\/de\/mobilitaet\/energiebilanz-der-temperierung-von-fahrgastraum-antrieb-und-batterien-in-zuegen-ein-genauer-blick-lohnt\/"},"author":{"name":"Bigi Alt","@id":"https:\/\/www.sonnenseite.com\/de\/#\/schema\/person\/50fda0e926597684c7cc6695238a4eb9"},"headline":"Energiebilanz der Temperierung von Fahrgastraum, Antrieb und Batterien in Z\u00fcgen: Ein genauer Blick lohnt","datePublished":"2024-10-30T01:12:00+00:00","mainEntityOfPage":{"@id":"https:\/\/www.sonnenseite.com\/de\/mobilitaet\/energiebilanz-der-temperierung-von-fahrgastraum-antrieb-und-batterien-in-zuegen-ein-genauer-blick-lohnt\/"},"wordCount":489,"publisher":{"@id":"https:\/\/www.sonnenseite.com\/de\/#organization"},"image":{"@id":"https:\/\/www.sonnenseite.com\/de\/mobilitaet\/energiebilanz-der-temperierung-von-fahrgastraum-antrieb-und-batterien-in-zuegen-ein-genauer-blick-lohnt\/#primaryimage"},"thumbnailUrl":"https:\/\/www.sonnenseite.com\/wp-content\/uploads\/2018\/07\/Bahn_Uwe-Schwarz.jpg","articleSection":["Mobilit\u00e4t"],"inLanguage":"de"},{"@type":"WebPage","@id":"https:\/\/www.sonnenseite.com\/de\/mobilitaet\/energiebilanz-der-temperierung-von-fahrgastraum-antrieb-und-batterien-in-zuegen-ein-genauer-blick-lohnt\/","url":"https:\/\/www.sonnenseite.com\/de\/mobilitaet\/energiebilanz-der-temperierung-von-fahrgastraum-antrieb-und-batterien-in-zuegen-ein-genauer-blick-lohnt\/","name":"Energiebilanz der Temperierung von Fahrgastraum, Antrieb und Batterien in Z\u00fcgen: Ein genauer Blick lohnt - Sonnenseite - \u00d6kologische Kommunikation mit Franz Alt","isPartOf":{"@id":"https:\/\/www.sonnenseite.com\/de\/#website"},"primaryImageOfPage":{"@id":"https:\/\/www.sonnenseite.com\/de\/mobilitaet\/energiebilanz-der-temperierung-von-fahrgastraum-antrieb-und-batterien-in-zuegen-ein-genauer-blick-lohnt\/#primaryimage"},"image":{"@id":"https:\/\/www.sonnenseite.com\/de\/mobilitaet\/energiebilanz-der-temperierung-von-fahrgastraum-antrieb-und-batterien-in-zuegen-ein-genauer-blick-lohnt\/#primaryimage"},"thumbnailUrl":"https:\/\/www.sonnenseite.com\/wp-content\/uploads\/2018\/07\/Bahn_Uwe-Schwarz.jpg","datePublished":"2024-10-30T01:12:00+00:00","description":"Der Antrieb eines Schienenfahrzeugs ist der gr\u00f6\u00dfte Energieverbraucher im Betrieb, gefolgt von den Systemen zur Temperierung von Fahrgastraum und Antrieb \u2013","breadcrumb":{"@id":"https:\/\/www.sonnenseite.com\/de\/mobilitaet\/energiebilanz-der-temperierung-von-fahrgastraum-antrieb-und-batterien-in-zuegen-ein-genauer-blick-lohnt\/#breadcrumb"},"inLanguage":"de","potentialAction":[{"@type":"ReadAction","target":["https:\/\/www.sonnenseite.com\/de\/mobilitaet\/energiebilanz-der-temperierung-von-fahrgastraum-antrieb-und-batterien-in-zuegen-ein-genauer-blick-lohnt\/"]}]},{"@type":"ImageObject","inLanguage":"de","@id":"https:\/\/www.sonnenseite.com\/de\/mobilitaet\/energiebilanz-der-temperierung-von-fahrgastraum-antrieb-und-batterien-in-zuegen-ein-genauer-blick-lohnt\/#primaryimage","url":"https:\/\/www.sonnenseite.com\/wp-content\/uploads\/2018\/07\/Bahn_Uwe-Schwarz.jpg","contentUrl":"https:\/\/www.sonnenseite.com\/wp-content\/uploads\/2018\/07\/Bahn_Uwe-Schwarz.jpg","width":770,"height":420,"caption":"pixelio.de | Uwe-Schwarz"},{"@type":"BreadcrumbList","@id":"https:\/\/www.sonnenseite.com\/de\/mobilitaet\/energiebilanz-der-temperierung-von-fahrgastraum-antrieb-und-batterien-in-zuegen-ein-genauer-blick-lohnt\/#breadcrumb","itemListElement":[{"@type":"ListItem","position":1,"name":"Startseite","item":"https:\/\/www.sonnenseite.com\/de\/"},{"@type":"ListItem","position":2,"name":"Energiebilanz der Temperierung von Fahrgastraum, Antrieb und Batterien in Z\u00fcgen: Ein genauer Blick lohnt"}]},{"@type":"WebSite","@id":"https:\/\/www.sonnenseite.com\/de\/#website","url":"https:\/\/www.sonnenseite.com\/de\/","name":"Sonnenseite","description":"\u00d6kologische Kommunikation mit Franz Alt","publisher":{"@id":"https:\/\/www.sonnenseite.com\/de\/#organization"},"potentialAction":[{"@type":"SearchAction","target":{"@type":"EntryPoint","urlTemplate":"https:\/\/www.sonnenseite.com\/de\/?s={search_term_string}"},"query-input":{"@type":"PropertyValueSpecification","valueRequired":true,"valueName":"search_term_string"}}],"inLanguage":"de"},{"@type":"Organization","@id":"https:\/\/www.sonnenseite.com\/de\/#organization","name":"Sonnenseite","url":"https:\/\/www.sonnenseite.com\/de\/","logo":{"@type":"ImageObject","inLanguage":"de","@id":"https:\/\/www.sonnenseite.com\/de\/#\/schema\/logo\/image\/","url":"https:\/\/www.sonnenseite.com\/wp-content\/uploads\/2020\/05\/Sonnenseite_Logo.png","contentUrl":"https:\/\/www.sonnenseite.com\/wp-content\/uploads\/2020\/05\/Sonnenseite_Logo.png","width":377,"height":90,"caption":"Sonnenseite"},"image":{"@id":"https:\/\/www.sonnenseite.com\/de\/#\/schema\/logo\/image\/"},"sameAs":["https:\/\/www.facebook.com\/pages\/Franz-Alt-SONNENSEITECOM\/221072987903953?fref=ts","https:\/\/x.com\/franzalt","http:\/\/www.youtube.com\/results?search_query&amp;amp;quot;franz_alt&amp;amp;quot;&amp;amp;amp;amp;search_type&amp;amp;amp;amp;aq=f"]},{"@type":"Person","@id":"https:\/\/www.sonnenseite.com\/de\/#\/schema\/person\/50fda0e926597684c7cc6695238a4eb9","name":"Bigi Alt"}]}},"_links":{"self":[{"href":"https:\/\/www.sonnenseite.com\/de\/wp-json\/wp\/v2\/posts\/102872","targetHints":{"allow":["GET"]}}],"collection":[{"href":"https:\/\/www.sonnenseite.com\/de\/wp-json\/wp\/v2\/posts"}],"about":[{"href":"https:\/\/www.sonnenseite.com\/de\/wp-json\/wp\/v2\/types\/post"}],"author":[{"embeddable":true,"href":"https:\/\/www.sonnenseite.com\/de\/wp-json\/wp\/v2\/users\/3"}],"replies":[{"embeddable":true,"href":"https:\/\/www.sonnenseite.com\/de\/wp-json\/wp\/v2\/comments?post=102872"}],"version-history":[{"count":2,"href":"https:\/\/www.sonnenseite.com\/de\/wp-json\/wp\/v2\/posts\/102872\/revisions"}],"predecessor-version":[{"id":102876,"href":"https:\/\/www.sonnenseite.com\/de\/wp-json\/wp\/v2\/posts\/102872\/revisions\/102876"}],"wp:featuredmedia":[{"embeddable":true,"href":"https:\/\/www.sonnenseite.com\/de\/wp-json\/wp\/v2\/media\/16838"}],"wp:attachment":[{"href":"https:\/\/www.sonnenseite.com\/de\/wp-json\/wp\/v2\/media?parent=102872"}],"wp:term":[{"taxonomy":"category","embeddable":true,"href":"https:\/\/www.sonnenseite.com\/de\/wp-json\/wp\/v2\/categories?post=102872"},{"taxonomy":"post_tag","embeddable":true,"href":"https:\/\/www.sonnenseite.com\/de\/wp-json\/wp\/v2\/tags?post=102872"}],"curies":[{"name":"wp","href":"https:\/\/api.w.org\/{rel}","templated":true}]}}