{"id":102945,"date":"2024-11-01T08:28:57","date_gmt":"2024-11-01T07:28:57","guid":{"rendered":"https:\/\/www.sonnenseite.com\/?p=102945"},"modified":"2024-11-01T08:28:58","modified_gmt":"2024-11-01T07:28:58","slug":"markus-soeder-plant-beteiligung-an-atomkraftwerken-in-tschechien-und-frankreich","status":"publish","type":"post","link":"https:\/\/www.sonnenseite.com\/de\/politik\/markus-soeder-plant-beteiligung-an-atomkraftwerken-in-tschechien-und-frankreich\/","title":{"rendered":"Markus S\u00f6der plant Beteiligung an Atomkraftwerken in Tschechien und Frankreich"},"content":{"rendered":"\n<p>Markus S\u00f6der, der Vorsitzende der CSU, sorgte k\u00fcrzlich f\u00fcr Aufsehen mit seinem Plan, durch staatliche Beteiligungen \u2013 also mithilfe von Steuergeldern \u2013 an franz\u00f6sischen und tschechischen Atomkraftwerken g\u00fcnstigen Atomstrom nach Bayern zu holen. <a href=\"https:\/\/www.augsburger-allgemeine.de\/politik\/fdp-kritisiert-soeders-atomenergie-plaene-als-absurd-103126725\" target=\"_blank\" rel=\"noreferrer noopener\">Der Vorschlag ist so absurd, dass ihn selbst die atomkraftfreundliche FDP zerriss.<\/a><\/p>\n\n\n\n<p>S\u00f6der schielte wohl vor allem auf den geplanten Neubau von zwei Reaktorbl\u00f6cken im tschechischen Dukovany, dessen Kosten von der dortigen Regierung auf rund 16 Milliarden Euro gesch\u00e4tzt werden. <a href=\"https:\/\/www.sueddeutsche.de\/panorama\/atomkraft-merz-will-mit-frankreich-ueber-beteiligungen-reden-li.3136900\" target=\"_blank\" rel=\"noreferrer noopener\">Auch CDU-Vorsitzender Merz hat sich inzwischen f\u00fcr eine Beteiligung Deutschland an franz\u00f6sischer Atomkraft ausgesprochen.<\/a><\/p>\n\n\n\n<h4 class=\"wp-block-heading\">Wie sieht denn die Realisierungschance dieser zwei geplanten neuen Bl\u00f6cke in Dukovany \u00fcberhaupt aus?<\/h4>\n\n\n\n<p>Bereits um 2010 hatte die tschechische Regierung beschlossen, neue Reaktoren in Dukovany und Temel\u00edn zu bauen. Die Ausschreibungen dazu wurden jedoch Mitte der 2010er Jahre eingestellt, da sich herausstellte, dass die Bl\u00f6cke weder vom Staat noch von privater Hand finanzierbar waren.<\/p>\n\n\n\n<p>Sp\u00e4ter fasste die Regierung erneut den Beschluss, den Bau neuer Atomreaktoren \u00fcber eine internationale Ausschreibung anzugehen. Anfang dieses Jahres erhielt der koreanische Reaktorbauer Korea Hydro &amp; Nuclear Power (KHNP), ein Tochterunternehmen des koreanischen Energieversorgers KEPCO, den Zuschlag. Die Mitbewerber EDF aus Frankreich und Westinghouse aus den USA gingen leer aus, da KHNP deutlich g\u00fcnstiger war.<\/p>\n\n\n\n<p>Doch trotz des Zuschlags ist die Planung des Reaktors, geschweige denn der Bau, noch lange nicht gesichert, auch wenn Atomkraftbef\u00fcrworter behaupten, dass in Tschechien bald neue Atomreaktoren gebaut w\u00fcrden.<\/p>\n\n\n\n<h4 class=\"wp-block-heading\">Anh\u00f6rung im koreanischen Parlament zeigt erhebliche Zweifel an der Finanzierbarkeit<\/h4>\n\n\n\n<p>In Korea gibt es statt einhelliger Freude \u00fcber ein lukratives Exportgesch\u00e4ft erhebliche Zweifel an der Umsetzung. Dies wurde in einer Anh\u00f6rung im koreanischen Parlament am 14. Oktober deutlich. Es besteht die Bef\u00fcrchtung, dass KHNP mit einem Dumpingpreis zwar die Ausschreibung gewann, jedoch die Verschuldung des staatlichen Mutterkonzerns KEPCO und damit auch die Staatsverschuldung weiter erh\u00f6hen k\u00f6nnte.<\/p>\n\n\n\n<p><a href=\"https:\/\/ekonomickydenik.cz\/spor-s-westinghousem-jsme-v-ceskem-jadernem-tendru-podcenili-priznal-sef-korejske-khnp\/\" target=\"_blank\" rel=\"noreferrer noopener\">Es stehen zudem hohe, bislang nicht einkalkulierte Lizenzgeb\u00fchren im Raum, die inzwischen von Westinghouse gegen\u00fcber KHNP geltend gemacht wurden.<\/a><\/p>\n\n\n\n<p>Abgeordnete der Opposition warnten, dass das tschechische Projekt f\u00fcr KHNP ebenso verlustreich sein k\u00f6nnte wie der Bau von vier Reaktorbl\u00f6cken des Kernkraftwerks Barakah in den Vereinigten Arabischen Emiraten. Dort wurde das Projekt durch zus\u00e4tzliche Zahlungen von 1,3 Milliarden Dollar an Westinghouse f\u00fcr Lizenzrechte sowie durch Streitigkeiten mit den Auftragnehmern Hyundai Engineering &amp; Construction und Samsung C&amp;T \u00fcber Mehrkosten in H\u00f6he von etwa 360 Millionen Dollar massiv verteuert.<\/p>\n\n\n\n<p>Der KHNP-Mutterkonzern KEPCO ist bereits hoch verschuldet, aktuell belaufen sich die Schulden auf \u00fcber 140 Milliarden US-Dollar \u2013 eine Summe, die h\u00f6her ist als die Staatsverschuldung der Tschechischen Republik. Damit \u00fcbersteigen die Schulden von KEPCO sogar die bereits enormen Verbindlichkeiten der franz\u00f6sischen Atomfirma EDF, die bei rund 64 Milliarden Euro liegen.<\/p>\n\n\n\n<p>Atomenergie ist also kein lukratives Gesch\u00e4ft, wie viele behaupten, sondern ein Fass ohne Boden, das zu hohen Unternehmens- und Staatsverschuldungen f\u00fchrt \u2013 wie die Beispiele Frankreich und Korea zeigen.<\/p>\n\n\n\n<h4 class=\"wp-block-heading\">Wo geht der tschechische Atomm\u00fcll hin?<\/h4>\n\n\n\n<p>Auch in Tschechien gibt es \u2013 wie in Frankreich oder Deutschland \u2013 bis heute kein Endlager f\u00fcr Atomm\u00fcll. Niemand wei\u00df, wie der Atomm\u00fcll langfristig und verantwortungsvoll entsorgt werden soll, ohne k\u00fcnftige Generationen zu gef\u00e4hrden.<\/p>\n\n\n\n<p><a href=\"https:\/\/www.ausgestrahlt.de\/presse\/uebersicht\/atommullreport-besorgniserregende-zustande-bei-ato\/\" target=\"_blank\" rel=\"noreferrer noopener\">Obwohl die Debatte in Deutschland weitgehend aus der \u00d6ffentlichkeit verschwunden ist, werden die Probleme mit dem bereits angefallenen Atomm\u00fcll immer gravierender.<\/a> Der k\u00fcrzlich erschienene \u201eSorgenbericht Atomm\u00fcll\u201c zeigt die gravierenden M\u00e4ngel der aktuellen Atomm\u00fclllager in Deutschland auf: rostende Atomm\u00fcllf\u00e4sser, Zwischenlager ohne Genehmigung und eine unzureichende Suche nach Endlagerstandorten.<\/p>\n\n\n\n<p><a href=\"http:\/\/www.tyden.cz\/rubriky\/domaci\/planovany-pruzkum-pro-uloziste-radioaktivniho-odpadu-celi-odporu-tri-obci_569044.html\" target=\"_blank\" rel=\"noreferrer noopener\">Die tschechische Regierung hat nun drei Orte in die engere Auswahl f\u00fcr ein Atomm\u00fcllendlager genommen.<\/a> Alle drei Gemeinden wollen sich vor Gericht dagegen wehren, dass Voruntersuchungen bei ihnen stattfinden sollen.<\/p>\n\n\n\n<p>Es handelt sich um Brezov\u00fd Potok in der Region B\u00f6hmerwald, Janoch bei Temel\u00edn in der Region Budweis und Horka in der Region T\u0159eb\u00ed\u010d.<\/p>\n\n\n\n<p>Der Widerstand dieser tschechischen Gemeinden ist \u00e4hnlich dem in Bayern. <a href=\"https:\/\/www.tagesspiegel.de\/politik\/atomkraft-debatte-soder-gegen-atommull-endlager-in-bayern-9671357.html\" target=\"_blank\" rel=\"noreferrer noopener\">Auch Ministerpr\u00e4sident S\u00f6der lehnt weiterhin ein Atomm\u00fcllendlager in Bayern ab.<\/a><\/p>\n\n\n\n<p>Zwar will S\u00f6der tschechischen, franz\u00f6sischen und deutschen Atomstrom, lehnt aber die Endlagerung von Atomm\u00fcll in Bayern ab, obwohl Bayern einen L\u00f6wenanteil des deutschen Atomm\u00fclls produziert hat. Welch dreiste Verantwortungslosigkeit!<\/p>\n\n\n\n<p>Besonders erschreckend ist, dass die Freien W\u00e4hler, die CSU, die AfD und andere Populisten S\u00f6ders und Merz\u2018 absurden Vorsto\u00df auch noch wohlwollend unterst\u00fctzen.<\/p>\n\n\n<h5 class=\"green\">Quelle<\/h5>\r\n\n\n\n<p><a href=\"http:\/\/www.hans-josef-fell.de\/\" target=\"_blank\" rel=\"noreferrer noopener\">Hans-Josef Fell 2024<\/a>\u00a0|\u00a0<a href=\"http:\/\/energywatchgroup.org\/\" target=\"_blank\" rel=\"noreferrer noopener\">Pr\u00e4sident der Energy Watch Group (EWG) und Autor des EEG<\/a><\/p>\n<div class=\"shariff shariff-align-flex-start shariff-widget-align-flex-start\"><div class=\"ShariffHeadline\">Diese Meldung teilen<\/div><ul class=\"shariff-buttons theme-round orientation-horizontal buttonsize-medium\"><li class=\"shariff-button facebook shariff-nocustomcolor\" style=\"background-color:#4273c8;border-radius:1%\"><a href=\"https:\/\/www.facebook.com\/sharer\/sharer.php?u=https%3A%2F%2Fwww.sonnenseite.com%2Fde%2Fpolitik%2Fmarkus-soeder-plant-beteiligung-an-atomkraftwerken-in-tschechien-und-frankreich%2F\" title=\"Bei Facebook teilen\" aria-label=\"Bei Facebook teilen\" role=\"button\" rel=\"nofollow\" class=\"shariff-link\" style=\";border-radius:1%; background-color:#3b5998; color:#fff\" target=\"_blank\"><span class=\"shariff-icon\" style=\"\"><svg width=\"32px\" height=\"20px\" xmlns=\"http:\/\/www.w3.org\/2000\/svg\" viewBox=\"0 0 18 32\"><path fill=\"#3b5998\" d=\"M17.1 0.2v4.7h-2.8q-1.5 0-2.1 0.6t-0.5 1.9v3.4h5.2l-0.7 5.3h-4.5v13.6h-5.5v-13.6h-4.5v-5.3h4.5v-3.9q0-3.3 1.9-5.2t5-1.8q2.6 0 4.1 0.2z\"\/><\/svg><\/span><\/a><\/li><li class=\"shariff-button twitter shariff-nocustomcolor\" style=\"background-color:#595959;border-radius:1%\"><a href=\"https:\/\/twitter.com\/share?url=https%3A%2F%2Fwww.sonnenseite.com%2Fde%2Fpolitik%2Fmarkus-soeder-plant-beteiligung-an-atomkraftwerken-in-tschechien-und-frankreich%2F&text=Markus%20S%C3%B6der%20plant%20Beteiligung%20an%20Atomkraftwerken%20in%20Tschechien%20und%20Frankreich\" title=\"Bei X teilen\" aria-label=\"Bei X teilen\" role=\"button\" rel=\"noopener nofollow\" class=\"shariff-link\" style=\";border-radius:1%; background-color:#000; color:#fff\" target=\"_blank\"><span class=\"shariff-icon\" style=\"\"><svg width=\"32px\" height=\"20px\" xmlns=\"http:\/\/www.w3.org\/2000\/svg\" viewBox=\"0 0 24 24\"><path fill=\"#000\" d=\"M14.258 10.152L23.176 0h-2.113l-7.747 8.813L7.133 0H0l9.352 13.328L0 23.973h2.113l8.176-9.309 6.531 9.309h7.133zm-2.895 3.293l-.949-1.328L2.875 1.56h3.246l6.086 8.523.945 1.328 7.91 11.078h-3.246zm0 0\"\/><\/svg><\/span><\/a><\/li><li class=\"shariff-button xing shariff-nocustomcolor\" style=\"background-color:#29888a;border-radius:1%\"><a href=\"https:\/\/www.xing.com\/spi\/shares\/new?url=https%3A%2F%2Fwww.sonnenseite.com%2Fde%2Fpolitik%2Fmarkus-soeder-plant-beteiligung-an-atomkraftwerken-in-tschechien-und-frankreich%2F\" title=\"Bei XING teilen\" aria-label=\"Bei XING teilen\" role=\"button\" rel=\"noopener nofollow\" class=\"shariff-link\" style=\";border-radius:1%; background-color:#126567; color:#fff\" target=\"_blank\"><span class=\"shariff-icon\" style=\"\"><svg width=\"32px\" height=\"20px\" xmlns=\"http:\/\/www.w3.org\/2000\/svg\" viewBox=\"0 0 25 32\"><path fill=\"#126567\" d=\"M10.7 11.9q-0.2 0.3-4.6 8.2-0.5 0.8-1.2 0.8h-4.3q-0.4 0-0.5-0.3t0-0.6l4.5-8q0 0 0 0l-2.9-5q-0.2-0.4 0-0.7 0.2-0.3 0.5-0.3h4.3q0.7 0 1.2 0.8zM25.1 0.4q0.2 0.3 0 0.7l-9.4 16.7 6 11q0.2 0.4 0 0.6-0.2 0.3-0.6 0.3h-4.3q-0.7 0-1.2-0.8l-6-11.1q0.3-0.6 9.5-16.8 0.4-0.8 1.2-0.8h4.3q0.4 0 0.5 0.3z\"\/><\/svg><\/span><\/a><\/li><li class=\"shariff-button linkedin shariff-nocustomcolor\" style=\"background-color:#1488bf;border-radius:1%\"><a href=\"https:\/\/www.linkedin.com\/sharing\/share-offsite\/?url=https%3A%2F%2Fwww.sonnenseite.com%2Fde%2Fpolitik%2Fmarkus-soeder-plant-beteiligung-an-atomkraftwerken-in-tschechien-und-frankreich%2F\" title=\"Bei LinkedIn teilen\" aria-label=\"Bei LinkedIn teilen\" role=\"button\" rel=\"noopener nofollow\" class=\"shariff-link\" style=\";border-radius:1%; background-color:#0077b5; color:#fff\" target=\"_blank\"><span class=\"shariff-icon\" style=\"\"><svg width=\"32px\" height=\"20px\" xmlns=\"http:\/\/www.w3.org\/2000\/svg\" viewBox=\"0 0 27 32\"><path fill=\"#0077b5\" d=\"M6.2 11.2v17.7h-5.9v-17.7h5.9zM6.6 5.7q0 1.3-0.9 2.2t-2.4 0.9h0q-1.5 0-2.4-0.9t-0.9-2.2 0.9-2.2 2.4-0.9 2.4 0.9 0.9 2.2zM27.4 18.7v10.1h-5.9v-9.5q0-1.9-0.7-2.9t-2.3-1.1q-1.1 0-1.9 0.6t-1.2 1.5q-0.2 0.5-0.2 1.4v9.9h-5.9q0-7.1 0-11.6t0-5.3l0-0.9h5.9v2.6h0q0.4-0.6 0.7-1t1-0.9 1.6-0.8 2-0.3q3 0 4.9 2t1.9 6z\"\/><\/svg><\/span><\/a><\/li><li class=\"shariff-button printer shariff-nocustomcolor\" style=\"background-color:#a8a8a8;border-radius:1%\"><a href=\"javascript:window.print()\" title=\"drucken\" aria-label=\"drucken\" role=\"button\" rel=\"noopener nofollow\" class=\"shariff-link\" style=\";border-radius:1%; background-color:#999; color:#fff\"><span class=\"shariff-icon\" style=\"\"><svg width=\"32px\" height=\"20px\" xmlns=\"http:\/\/www.w3.org\/2000\/svg\" viewBox=\"0 0 30 32\"><path fill=\"#999\" d=\"M6.8 27.4h16v-4.6h-16v4.6zM6.8 16h16v-6.8h-2.8q-0.7 0-1.2-0.5t-0.5-1.2v-2.8h-11.4v11.4zM27.4 17.2q0-0.5-0.3-0.8t-0.8-0.4-0.8 0.4-0.3 0.8 0.3 0.8 0.8 0.3 0.8-0.3 0.3-0.8zM29.7 17.2v7.4q0 0.2-0.2 0.4t-0.4 0.2h-4v2.8q0 0.7-0.5 1.2t-1.2 0.5h-17.2q-0.7 0-1.2-0.5t-0.5-1.2v-2.8h-4q-0.2 0-0.4-0.2t-0.2-0.4v-7.4q0-1.4 1-2.4t2.4-1h1.2v-9.7q0-0.7 0.5-1.2t1.2-0.5h12q0.7 0 1.6 0.4t1.3 0.8l2.7 2.7q0.5 0.5 0.9 1.4t0.4 1.6v4.6h1.1q1.4 0 2.4 1t1 2.4z\"\/><\/svg><\/span><\/a><\/li><li class=\"shariff-button mailto shariff-nocustomcolor\" style=\"background-color:#a8a8a8;border-radius:1%\"><a href=\"mailto:?body=https%3A%2F%2Fwww.sonnenseite.com%2Fde%2Fpolitik%2Fmarkus-soeder-plant-beteiligung-an-atomkraftwerken-in-tschechien-und-frankreich%2F&subject=Markus%20S%C3%B6der%20plant%20Beteiligung%20an%20Atomkraftwerken%20in%20Tschechien%20und%20Frankreich\" title=\"Per E-Mail versenden\" aria-label=\"Per E-Mail versenden\" role=\"button\" rel=\"noopener nofollow\" class=\"shariff-link\" style=\";border-radius:1%; background-color:#999; color:#fff\"><span class=\"shariff-icon\" style=\"\"><svg width=\"32px\" height=\"20px\" xmlns=\"http:\/\/www.w3.org\/2000\/svg\" viewBox=\"0 0 32 32\"><path fill=\"#999\" d=\"M32 12.7v14.2q0 1.2-0.8 2t-2 0.9h-26.3q-1.2 0-2-0.9t-0.8-2v-14.2q0.8 0.9 1.8 1.6 6.5 4.4 8.9 6.1 1 0.8 1.6 1.2t1.7 0.9 2 0.4h0.1q0.9 0 2-0.4t1.7-0.9 1.6-1.2q3-2.2 8.9-6.1 1-0.7 1.8-1.6zM32 7.4q0 1.4-0.9 2.7t-2.2 2.2q-6.7 4.7-8.4 5.8-0.2 0.1-0.7 0.5t-1 0.7-0.9 0.6-1.1 0.5-0.9 0.2h-0.1q-0.4 0-0.9-0.2t-1.1-0.5-0.9-0.6-1-0.7-0.7-0.5q-1.6-1.1-4.7-3.2t-3.6-2.6q-1.1-0.7-2.1-2t-1-2.5q0-1.4 0.7-2.3t2.1-0.9h26.3q1.2 0 2 0.8t0.9 2z\"\/><\/svg><\/span><\/a><\/li><\/ul><\/div>","protected":false},"excerpt":{"rendered":"<p>Markus S\u00f6der, der Vorsitzende der CSU, sorgte k\u00fcrzlich f\u00fcr Aufsehen mit seinem Plan, durch staatliche Beteiligungen [&hellip;]<\/p>\n","protected":false},"author":3,"featured_media":102947,"comment_status":"closed","ping_status":"closed","sticky":false,"template":"","format":"standard","meta":{"inline_featured_image":false,"footnotes":""},"categories":[21],"tags":[],"class_list":["post-102945","post","type-post","status-publish","format-standard","has-post-thumbnail","hentry","category-politik"],"yoast_head":"<!-- This site is optimized with the Yoast SEO plugin v26.5 - https:\/\/yoast.com\/wordpress\/plugins\/seo\/ -->\n<title>Markus S\u00f6der plant Beteiligung an Atomkraftwerken in Tschechien und Frankreich - Sonnenseite - \u00d6kologische Kommunikation mit Franz Alt<\/title>\n<meta name=\"description\" content=\"Markus S\u00f6der, der Vorsitzende der CSU, sorgte k\u00fcrzlich f\u00fcr Aufsehen mit seinem Plan, durch staatliche Beteiligungen \u2013 also mithilfe von Steuergeldern \u2013 an\" \/>\n<meta name=\"robots\" content=\"index, follow, max-snippet:-1, max-image-preview:large, max-video-preview:-1\" \/>\n<link rel=\"canonical\" href=\"https:\/\/www.sonnenseite.com\/de\/politik\/markus-soeder-plant-beteiligung-an-atomkraftwerken-in-tschechien-und-frankreich\/\" \/>\n<meta property=\"og:locale\" content=\"de_DE\" \/>\n<meta property=\"og:type\" content=\"article\" \/>\n<meta property=\"og:title\" content=\"Markus S\u00f6der plant Beteiligung an Atomkraftwerken in Tschechien und Frankreich - Sonnenseite - \u00d6kologische Kommunikation mit Franz Alt\" \/>\n<meta property=\"og:description\" content=\"Markus S\u00f6der, der Vorsitzende der CSU, sorgte k\u00fcrzlich f\u00fcr Aufsehen mit seinem Plan, durch staatliche Beteiligungen \u2013 also mithilfe von Steuergeldern \u2013 an\" \/>\n<meta property=\"og:url\" content=\"https:\/\/www.sonnenseite.com\/de\/politik\/markus-soeder-plant-beteiligung-an-atomkraftwerken-in-tschechien-und-frankreich\/\" \/>\n<meta property=\"og:site_name\" content=\"Sonnenseite\" \/>\n<meta property=\"article:publisher\" content=\"https:\/\/www.facebook.com\/pages\/Franz-Alt-SONNENSEITECOM\/221072987903953?fref=ts\" \/>\n<meta property=\"article:published_time\" content=\"2024-11-01T07:28:57+00:00\" \/>\n<meta property=\"article:modified_time\" content=\"2024-11-01T07:28:58+00:00\" \/>\n<meta property=\"og:image\" content=\"https:\/\/www.sonnenseite.com\/wp-content\/uploads\/2024\/11\/MarkusSoeder_preiselbauer.jpg\" \/>\n\t<meta property=\"og:image:width\" content=\"770\" \/>\n\t<meta property=\"og:image:height\" content=\"420\" \/>\n\t<meta property=\"og:image:type\" content=\"image\/jpeg\" \/>\n<meta name=\"author\" content=\"Bigi Alt\" \/>\n<meta name=\"twitter:card\" content=\"summary_large_image\" \/>\n<meta name=\"twitter:creator\" content=\"@franzalt\" \/>\n<meta name=\"twitter:site\" content=\"@franzalt\" \/>\n<meta name=\"twitter:label1\" content=\"Verfasst von\" \/>\n\t<meta name=\"twitter:data1\" content=\"Bigi Alt\" \/>\n\t<meta name=\"twitter:label2\" content=\"Gesch\u00e4tzte Lesezeit\" \/>\n\t<meta name=\"twitter:data2\" content=\"4\u00a0Minuten\" \/>\n<script type=\"application\/ld+json\" class=\"yoast-schema-graph\">{\"@context\":\"https:\/\/schema.org\",\"@graph\":[{\"@type\":\"Article\",\"@id\":\"https:\/\/www.sonnenseite.com\/de\/politik\/markus-soeder-plant-beteiligung-an-atomkraftwerken-in-tschechien-und-frankreich\/#article\",\"isPartOf\":{\"@id\":\"https:\/\/www.sonnenseite.com\/de\/politik\/markus-soeder-plant-beteiligung-an-atomkraftwerken-in-tschechien-und-frankreich\/\"},\"author\":{\"name\":\"Bigi Alt\",\"@id\":\"https:\/\/www.sonnenseite.com\/de\/#\/schema\/person\/50fda0e926597684c7cc6695238a4eb9\"},\"headline\":\"Markus S\u00f6der plant Beteiligung an Atomkraftwerken in Tschechien und Frankreich\",\"datePublished\":\"2024-11-01T07:28:57+00:00\",\"dateModified\":\"2024-11-01T07:28:58+00:00\",\"mainEntityOfPage\":{\"@id\":\"https:\/\/www.sonnenseite.com\/de\/politik\/markus-soeder-plant-beteiligung-an-atomkraftwerken-in-tschechien-und-frankreich\/\"},\"wordCount\":747,\"publisher\":{\"@id\":\"https:\/\/www.sonnenseite.com\/de\/#organization\"},\"image\":{\"@id\":\"https:\/\/www.sonnenseite.com\/de\/politik\/markus-soeder-plant-beteiligung-an-atomkraftwerken-in-tschechien-und-frankreich\/#primaryimage\"},\"thumbnailUrl\":\"https:\/\/www.sonnenseite.com\/wp-content\/uploads\/2024\/11\/MarkusSoeder_preiselbauer.jpg\",\"articleSection\":[\"Politik\"],\"inLanguage\":\"de\"},{\"@type\":\"WebPage\",\"@id\":\"https:\/\/www.sonnenseite.com\/de\/politik\/markus-soeder-plant-beteiligung-an-atomkraftwerken-in-tschechien-und-frankreich\/\",\"url\":\"https:\/\/www.sonnenseite.com\/de\/politik\/markus-soeder-plant-beteiligung-an-atomkraftwerken-in-tschechien-und-frankreich\/\",\"name\":\"Markus S\u00f6der plant Beteiligung an Atomkraftwerken in Tschechien und Frankreich - Sonnenseite - \u00d6kologische Kommunikation mit Franz Alt\",\"isPartOf\":{\"@id\":\"https:\/\/www.sonnenseite.com\/de\/#website\"},\"primaryImageOfPage\":{\"@id\":\"https:\/\/www.sonnenseite.com\/de\/politik\/markus-soeder-plant-beteiligung-an-atomkraftwerken-in-tschechien-und-frankreich\/#primaryimage\"},\"image\":{\"@id\":\"https:\/\/www.sonnenseite.com\/de\/politik\/markus-soeder-plant-beteiligung-an-atomkraftwerken-in-tschechien-und-frankreich\/#primaryimage\"},\"thumbnailUrl\":\"https:\/\/www.sonnenseite.com\/wp-content\/uploads\/2024\/11\/MarkusSoeder_preiselbauer.jpg\",\"datePublished\":\"2024-11-01T07:28:57+00:00\",\"dateModified\":\"2024-11-01T07:28:58+00:00\",\"description\":\"Markus S\u00f6der, der Vorsitzende der CSU, sorgte k\u00fcrzlich f\u00fcr Aufsehen mit seinem Plan, durch staatliche Beteiligungen \u2013 also mithilfe von Steuergeldern \u2013 an\",\"breadcrumb\":{\"@id\":\"https:\/\/www.sonnenseite.com\/de\/politik\/markus-soeder-plant-beteiligung-an-atomkraftwerken-in-tschechien-und-frankreich\/#breadcrumb\"},\"inLanguage\":\"de\",\"potentialAction\":[{\"@type\":\"ReadAction\",\"target\":[\"https:\/\/www.sonnenseite.com\/de\/politik\/markus-soeder-plant-beteiligung-an-atomkraftwerken-in-tschechien-und-frankreich\/\"]}]},{\"@type\":\"ImageObject\",\"inLanguage\":\"de\",\"@id\":\"https:\/\/www.sonnenseite.com\/de\/politik\/markus-soeder-plant-beteiligung-an-atomkraftwerken-in-tschechien-und-frankreich\/#primaryimage\",\"url\":\"https:\/\/www.sonnenseite.com\/wp-content\/uploads\/2024\/11\/MarkusSoeder_preiselbauer.jpg\",\"contentUrl\":\"https:\/\/www.sonnenseite.com\/wp-content\/uploads\/2024\/11\/MarkusSoeder_preiselbauer.jpg\",\"width\":770,\"height\":420,\"caption\":\"pixabay.com | preiselbauer | Markus S\u00f6der\"},{\"@type\":\"BreadcrumbList\",\"@id\":\"https:\/\/www.sonnenseite.com\/de\/politik\/markus-soeder-plant-beteiligung-an-atomkraftwerken-in-tschechien-und-frankreich\/#breadcrumb\",\"itemListElement\":[{\"@type\":\"ListItem\",\"position\":1,\"name\":\"Startseite\",\"item\":\"https:\/\/www.sonnenseite.com\/de\/\"},{\"@type\":\"ListItem\",\"position\":2,\"name\":\"Markus S\u00f6der plant Beteiligung an Atomkraftwerken in Tschechien und Frankreich\"}]},{\"@type\":\"WebSite\",\"@id\":\"https:\/\/www.sonnenseite.com\/de\/#website\",\"url\":\"https:\/\/www.sonnenseite.com\/de\/\",\"name\":\"Sonnenseite\",\"description\":\"\u00d6kologische Kommunikation mit Franz Alt\",\"publisher\":{\"@id\":\"https:\/\/www.sonnenseite.com\/de\/#organization\"},\"potentialAction\":[{\"@type\":\"SearchAction\",\"target\":{\"@type\":\"EntryPoint\",\"urlTemplate\":\"https:\/\/www.sonnenseite.com\/de\/?s={search_term_string}\"},\"query-input\":{\"@type\":\"PropertyValueSpecification\",\"valueRequired\":true,\"valueName\":\"search_term_string\"}}],\"inLanguage\":\"de\"},{\"@type\":\"Organization\",\"@id\":\"https:\/\/www.sonnenseite.com\/de\/#organization\",\"name\":\"Sonnenseite\",\"url\":\"https:\/\/www.sonnenseite.com\/de\/\",\"logo\":{\"@type\":\"ImageObject\",\"inLanguage\":\"de\",\"@id\":\"https:\/\/www.sonnenseite.com\/de\/#\/schema\/logo\/image\/\",\"url\":\"https:\/\/www.sonnenseite.com\/wp-content\/uploads\/2020\/05\/Sonnenseite_Logo.png\",\"contentUrl\":\"https:\/\/www.sonnenseite.com\/wp-content\/uploads\/2020\/05\/Sonnenseite_Logo.png\",\"width\":377,\"height\":90,\"caption\":\"Sonnenseite\"},\"image\":{\"@id\":\"https:\/\/www.sonnenseite.com\/de\/#\/schema\/logo\/image\/\"},\"sameAs\":[\"https:\/\/www.facebook.com\/pages\/Franz-Alt-SONNENSEITECOM\/221072987903953?fref=ts\",\"https:\/\/x.com\/franzalt\",\"http:\/\/www.youtube.com\/results?search_query&amp;amp;quot;franz_alt&amp;amp;quot;&amp;amp;amp;amp;search_type&amp;amp;amp;amp;aq=f\"]},{\"@type\":\"Person\",\"@id\":\"https:\/\/www.sonnenseite.com\/de\/#\/schema\/person\/50fda0e926597684c7cc6695238a4eb9\",\"name\":\"Bigi Alt\"}]}<\/script>\n<!-- \/ Yoast SEO plugin. -->","yoast_head_json":{"title":"Markus S\u00f6der plant Beteiligung an Atomkraftwerken in Tschechien und Frankreich - Sonnenseite - \u00d6kologische Kommunikation mit Franz Alt","description":"Markus S\u00f6der, der Vorsitzende der CSU, sorgte k\u00fcrzlich f\u00fcr Aufsehen mit seinem Plan, durch staatliche Beteiligungen \u2013 also mithilfe von Steuergeldern \u2013 an","robots":{"index":"index","follow":"follow","max-snippet":"max-snippet:-1","max-image-preview":"max-image-preview:large","max-video-preview":"max-video-preview:-1"},"canonical":"https:\/\/www.sonnenseite.com\/de\/politik\/markus-soeder-plant-beteiligung-an-atomkraftwerken-in-tschechien-und-frankreich\/","og_locale":"de_DE","og_type":"article","og_title":"Markus S\u00f6der plant Beteiligung an Atomkraftwerken in Tschechien und Frankreich - Sonnenseite - \u00d6kologische Kommunikation mit Franz Alt","og_description":"Markus S\u00f6der, der Vorsitzende der CSU, sorgte k\u00fcrzlich f\u00fcr Aufsehen mit seinem Plan, durch staatliche Beteiligungen \u2013 also mithilfe von Steuergeldern \u2013 an","og_url":"https:\/\/www.sonnenseite.com\/de\/politik\/markus-soeder-plant-beteiligung-an-atomkraftwerken-in-tschechien-und-frankreich\/","og_site_name":"Sonnenseite","article_publisher":"https:\/\/www.facebook.com\/pages\/Franz-Alt-SONNENSEITECOM\/221072987903953?fref=ts","article_published_time":"2024-11-01T07:28:57+00:00","article_modified_time":"2024-11-01T07:28:58+00:00","og_image":[{"width":770,"height":420,"url":"https:\/\/www.sonnenseite.com\/wp-content\/uploads\/2024\/11\/MarkusSoeder_preiselbauer.jpg","type":"image\/jpeg"}],"author":"Bigi Alt","twitter_card":"summary_large_image","twitter_creator":"@franzalt","twitter_site":"@franzalt","twitter_misc":{"Verfasst von":"Bigi Alt","Gesch\u00e4tzte Lesezeit":"4\u00a0Minuten"},"schema":{"@context":"https:\/\/schema.org","@graph":[{"@type":"Article","@id":"https:\/\/www.sonnenseite.com\/de\/politik\/markus-soeder-plant-beteiligung-an-atomkraftwerken-in-tschechien-und-frankreich\/#article","isPartOf":{"@id":"https:\/\/www.sonnenseite.com\/de\/politik\/markus-soeder-plant-beteiligung-an-atomkraftwerken-in-tschechien-und-frankreich\/"},"author":{"name":"Bigi Alt","@id":"https:\/\/www.sonnenseite.com\/de\/#\/schema\/person\/50fda0e926597684c7cc6695238a4eb9"},"headline":"Markus S\u00f6der plant Beteiligung an Atomkraftwerken in Tschechien und Frankreich","datePublished":"2024-11-01T07:28:57+00:00","dateModified":"2024-11-01T07:28:58+00:00","mainEntityOfPage":{"@id":"https:\/\/www.sonnenseite.com\/de\/politik\/markus-soeder-plant-beteiligung-an-atomkraftwerken-in-tschechien-und-frankreich\/"},"wordCount":747,"publisher":{"@id":"https:\/\/www.sonnenseite.com\/de\/#organization"},"image":{"@id":"https:\/\/www.sonnenseite.com\/de\/politik\/markus-soeder-plant-beteiligung-an-atomkraftwerken-in-tschechien-und-frankreich\/#primaryimage"},"thumbnailUrl":"https:\/\/www.sonnenseite.com\/wp-content\/uploads\/2024\/11\/MarkusSoeder_preiselbauer.jpg","articleSection":["Politik"],"inLanguage":"de"},{"@type":"WebPage","@id":"https:\/\/www.sonnenseite.com\/de\/politik\/markus-soeder-plant-beteiligung-an-atomkraftwerken-in-tschechien-und-frankreich\/","url":"https:\/\/www.sonnenseite.com\/de\/politik\/markus-soeder-plant-beteiligung-an-atomkraftwerken-in-tschechien-und-frankreich\/","name":"Markus S\u00f6der plant Beteiligung an Atomkraftwerken in Tschechien und Frankreich - Sonnenseite - \u00d6kologische Kommunikation mit Franz Alt","isPartOf":{"@id":"https:\/\/www.sonnenseite.com\/de\/#website"},"primaryImageOfPage":{"@id":"https:\/\/www.sonnenseite.com\/de\/politik\/markus-soeder-plant-beteiligung-an-atomkraftwerken-in-tschechien-und-frankreich\/#primaryimage"},"image":{"@id":"https:\/\/www.sonnenseite.com\/de\/politik\/markus-soeder-plant-beteiligung-an-atomkraftwerken-in-tschechien-und-frankreich\/#primaryimage"},"thumbnailUrl":"https:\/\/www.sonnenseite.com\/wp-content\/uploads\/2024\/11\/MarkusSoeder_preiselbauer.jpg","datePublished":"2024-11-01T07:28:57+00:00","dateModified":"2024-11-01T07:28:58+00:00","description":"Markus S\u00f6der, der Vorsitzende der CSU, sorgte k\u00fcrzlich f\u00fcr Aufsehen mit seinem Plan, durch staatliche Beteiligungen \u2013 also mithilfe von Steuergeldern \u2013 an","breadcrumb":{"@id":"https:\/\/www.sonnenseite.com\/de\/politik\/markus-soeder-plant-beteiligung-an-atomkraftwerken-in-tschechien-und-frankreich\/#breadcrumb"},"inLanguage":"de","potentialAction":[{"@type":"ReadAction","target":["https:\/\/www.sonnenseite.com\/de\/politik\/markus-soeder-plant-beteiligung-an-atomkraftwerken-in-tschechien-und-frankreich\/"]}]},{"@type":"ImageObject","inLanguage":"de","@id":"https:\/\/www.sonnenseite.com\/de\/politik\/markus-soeder-plant-beteiligung-an-atomkraftwerken-in-tschechien-und-frankreich\/#primaryimage","url":"https:\/\/www.sonnenseite.com\/wp-content\/uploads\/2024\/11\/MarkusSoeder_preiselbauer.jpg","contentUrl":"https:\/\/www.sonnenseite.com\/wp-content\/uploads\/2024\/11\/MarkusSoeder_preiselbauer.jpg","width":770,"height":420,"caption":"pixabay.com | preiselbauer | Markus S\u00f6der"},{"@type":"BreadcrumbList","@id":"https:\/\/www.sonnenseite.com\/de\/politik\/markus-soeder-plant-beteiligung-an-atomkraftwerken-in-tschechien-und-frankreich\/#breadcrumb","itemListElement":[{"@type":"ListItem","position":1,"name":"Startseite","item":"https:\/\/www.sonnenseite.com\/de\/"},{"@type":"ListItem","position":2,"name":"Markus S\u00f6der plant Beteiligung an Atomkraftwerken in Tschechien und Frankreich"}]},{"@type":"WebSite","@id":"https:\/\/www.sonnenseite.com\/de\/#website","url":"https:\/\/www.sonnenseite.com\/de\/","name":"Sonnenseite","description":"\u00d6kologische Kommunikation mit Franz Alt","publisher":{"@id":"https:\/\/www.sonnenseite.com\/de\/#organization"},"potentialAction":[{"@type":"SearchAction","target":{"@type":"EntryPoint","urlTemplate":"https:\/\/www.sonnenseite.com\/de\/?s={search_term_string}"},"query-input":{"@type":"PropertyValueSpecification","valueRequired":true,"valueName":"search_term_string"}}],"inLanguage":"de"},{"@type":"Organization","@id":"https:\/\/www.sonnenseite.com\/de\/#organization","name":"Sonnenseite","url":"https:\/\/www.sonnenseite.com\/de\/","logo":{"@type":"ImageObject","inLanguage":"de","@id":"https:\/\/www.sonnenseite.com\/de\/#\/schema\/logo\/image\/","url":"https:\/\/www.sonnenseite.com\/wp-content\/uploads\/2020\/05\/Sonnenseite_Logo.png","contentUrl":"https:\/\/www.sonnenseite.com\/wp-content\/uploads\/2020\/05\/Sonnenseite_Logo.png","width":377,"height":90,"caption":"Sonnenseite"},"image":{"@id":"https:\/\/www.sonnenseite.com\/de\/#\/schema\/logo\/image\/"},"sameAs":["https:\/\/www.facebook.com\/pages\/Franz-Alt-SONNENSEITECOM\/221072987903953?fref=ts","https:\/\/x.com\/franzalt","http:\/\/www.youtube.com\/results?search_query&amp;amp;quot;franz_alt&amp;amp;quot;&amp;amp;amp;amp;search_type&amp;amp;amp;amp;aq=f"]},{"@type":"Person","@id":"https:\/\/www.sonnenseite.com\/de\/#\/schema\/person\/50fda0e926597684c7cc6695238a4eb9","name":"Bigi Alt"}]}},"_links":{"self":[{"href":"https:\/\/www.sonnenseite.com\/de\/wp-json\/wp\/v2\/posts\/102945","targetHints":{"allow":["GET"]}}],"collection":[{"href":"https:\/\/www.sonnenseite.com\/de\/wp-json\/wp\/v2\/posts"}],"about":[{"href":"https:\/\/www.sonnenseite.com\/de\/wp-json\/wp\/v2\/types\/post"}],"author":[{"embeddable":true,"href":"https:\/\/www.sonnenseite.com\/de\/wp-json\/wp\/v2\/users\/3"}],"replies":[{"embeddable":true,"href":"https:\/\/www.sonnenseite.com\/de\/wp-json\/wp\/v2\/comments?post=102945"}],"version-history":[{"count":2,"href":"https:\/\/www.sonnenseite.com\/de\/wp-json\/wp\/v2\/posts\/102945\/revisions"}],"predecessor-version":[{"id":102949,"href":"https:\/\/www.sonnenseite.com\/de\/wp-json\/wp\/v2\/posts\/102945\/revisions\/102949"}],"wp:featuredmedia":[{"embeddable":true,"href":"https:\/\/www.sonnenseite.com\/de\/wp-json\/wp\/v2\/media\/102947"}],"wp:attachment":[{"href":"https:\/\/www.sonnenseite.com\/de\/wp-json\/wp\/v2\/media?parent=102945"}],"wp:term":[{"taxonomy":"category","embeddable":true,"href":"https:\/\/www.sonnenseite.com\/de\/wp-json\/wp\/v2\/categories?post=102945"},{"taxonomy":"post_tag","embeddable":true,"href":"https:\/\/www.sonnenseite.com\/de\/wp-json\/wp\/v2\/tags?post=102945"}],"curies":[{"name":"wp","href":"https:\/\/api.w.org\/{rel}","templated":true}]}}