{"id":103206,"date":"2024-11-12T13:23:50","date_gmt":"2024-11-12T12:23:50","guid":{"rendered":"https:\/\/www.sonnenseite.com\/?p=103206"},"modified":"2024-11-12T13:23:50","modified_gmt":"2024-11-12T12:23:50","slug":"cop29-festgefahrene-verhandlungen-um-die-klima-billionen","status":"publish","type":"post","link":"https:\/\/www.sonnenseite.com\/de\/politik\/cop29-festgefahrene-verhandlungen-um-die-klima-billionen\/","title":{"rendered":"COP29: Festgefahrene Verhandlungen um die Klima-Billionen"},"content":{"rendered":"\n<p>Die Gretchenfrage der Klimadiplomatie ist die Finanzierung. Der UN-Klimagipfel in Baku soll ein neues Ziel f\u00fcr die Unterst\u00fctzung der Entwicklungsl\u00e4nder durch die Industrienationen aushandeln. Doch zwischen den L\u00e4ndergruppen liegen tiefe Gr\u00e4ben.<a href=\"\/\/www.klimareporter.de\/klimakonferenzen\/festgefahrene-verhandlungen-um-die-klima-billionen\" target=\"_blank\" rel=\"noreferrer noopener\"><\/a><a href=\"mailto:?subject=Lesetipp%3A%20Festgefahrene%20Verhandlungen%20um%20die%20Klima-Billionen%20%E2%80%93%20Klimareporter%C2%B0&amp;body=Festgefahrene%20Verhandlungen%20um%20die%20Klima-Billionen%20%E2%80%93%20https%3A%2F%2Fwww.klimareporter.de%2Fklimakonferenzen%2Ffestgefahrene-verhandlungen-um-die-klima-billionen%0D%0ADer%20Klimagipfel%20soll%20ein%20neues%20Ziel%20f%C3%BCr%20die%20finanzielle%20Unterst%C3%BCtzung%20der%20Entwicklungsl%C3%A4nder%20durch%20die%20Industrienationen%20aushandeln.%20Doch%20es%20gibt%20tiefe%20Gr%C3%A4ben.\"><\/a><a href=\"https:\/\/www.klimareporter.de\/images\/karo3imgmanager\/resized\/standard-1\/matthew-tenbruggencate-k0nuqu-qr5k-unsplash-1100-733-80-c.webp\"><\/a><\/p>\n\n\n\n<p>Eine Skulptur auf dem Konferenzgel\u00e4nde in Baku soll die Botschaft vermitteln, dass die Menschheit leiden wird, wenn die Umweltprobleme nicht gel\u00f6st werden. (Bild: <a href=\"https:\/\/unsplash.com\/photos\/a-large-egg-sculpture-sitting-on-top-of-a-metal-pole-K0nUQu_Qr5k\" target=\"_blank\" rel=\"noreferrer noopener\">Matthew TenBruggencate\/\u200bUnsplash<\/a>)<\/p>\n\n\n\n<p>Die Europ\u00e4ische Union werde auch weiterhin eine f\u00fchrende Rolle bei den internationalen Klima-Bem\u00fchungen spielen, erkl\u00e4rte Ungarns Umweltministerin Anik\u00f3 Raisz, als sie k\u00fcrzlich die EU-Verhandlungsposition f\u00fcr den Weltklimagipfel <a href=\"https:\/\/unfccc.int\/cop29\" target=\"_blank\" rel=\"noreferrer noopener\">COP&nbsp;29<\/a> im November vorstellte. Au\u00dferdem rufe die EU zur &#8222;Solidarit\u00e4t mit gef\u00e4hrdeten L\u00e4ndern und Gemeinschaften in diesem gemeinsamen Kampf&#8220; auf.<\/p>\n\n\n\n<p>Wer die internationale Klimadiplomatie schon eine Zeit lang verfolgt, wei\u00df, dass &#8222;Solidarit\u00e4t mit gef\u00e4hrdeten L\u00e4ndern&#8220; eine Anspielung auf die Gretchenfrage der UN-Klimakonferenzen ist: die Klimafinanzierung, die von den Industriestaaten an die Entwicklungsl\u00e4nder zu leisten ist. Und gerade da sieht es in der gemeinsamen Position der EU-L\u00e4nder mau aus.&nbsp;<\/p>\n\n\n\n<p>Alte Forderungen&nbsp;\u2013 etwa, dass die <a href=\"https:\/\/www.klimareporter.de\/international\/sollte-china-klimageld-bezahlen\" target=\"_blank\" rel=\"noreferrer noopener\">Geberl\u00e4ndergruppe erweitert<\/a> werden soll und der Gro\u00dfteil des Geldes als private Investitionen flie\u00dfen muss&nbsp;\u2013 werden wiederholt. Eine Zusage f\u00fcr genauere Regeln oder eine Summeneinsch\u00e4tzung fehlen hingegen.<\/p>\n\n\n\n<p>Das l\u00e4sst schwierige Diskussionen auf der COP&nbsp;29 erwarten. Die Verhandlungen sind bei dem Thema Geld, wie die Historie der Klimakonferenzen zeigt, besonders z\u00e4h.<\/p>\n\n\n\n<p>So k\u00e4mpfen die \u00e4rmsten L\u00e4nder seit \u00fcber zehn Jahren f\u00fcr eine finanzielle Unterst\u00fctzung der Industrienationen zur Bew\u00e4ltigung klimabedingter Verluste und Sch\u00e4den \u2013 im Konferenzenglisch <a href=\"https:\/\/dgap.org\/de\/forschung\/glossar\/klimaaussenpolitik\/loss-and-damage\" target=\"_blank\" rel=\"noreferrer noopener\">&#8222;Loss and Damage&#8220;<\/a>. Zehn Jahre lang ist kaum etwas passiert.<\/p>\n\n\n\n<p>Erst 2022 <a href=\"https:\/\/www.klimareporter.de\/klimakonferenzen\/konto-ohne-einlage\" target=\"_blank\" rel=\"noreferrer noopener\">wurde beschlossen<\/a>, dass ein entsprechender Fonds auf den Weg gebracht werden soll. Auf dem letzten <a href=\"https:\/\/www.klimareporter.de\/klimakonferenzen\/ab-1-5-grad-gibt-es-nur-noch-verluste-und-schaeden\" target=\"_blank\" rel=\"noreferrer noopener\">Klimagipfel 2023 in Dubai<\/a> wurden schlie\u00dflich einige freiwillige Finanzzusagen gemacht \u2013 weit unterhalb dessen, was allein die <a href=\"https:\/\/www.klimareporter.de\/international\/ein-monstermonsun\" target=\"_blank\" rel=\"noreferrer noopener\">Flut in Pakistan<\/a> vor zwei Jahren an Sch\u00e4den angerichtet hat.<\/p>\n\n\n\n<h4 class=\"wp-block-heading\">Uneinigkeit bei jedem Aspekt des neuen Finanzziels<\/h4>\n\n\n\n<p>Bis heute existiert der Loss-and-Damage-Fonds nur auf dem Papier. Und Finanzzusagen und tats\u00e4chliche Geld\u00fcberweisungen sind im Kontext der internationalen Klimaverhandlungen zwei unterschiedliche Paar Schuhe.<\/p>\n\n\n\n<p>Dieses Jahr werden auf der COP&nbsp;29 in der aserbaidschanischen Hauptstadt Baku die Verhandlungen um den Loss-and-Damage-Fonds weitergehen. Doch dieses Jahr geht es noch um wesentlich mehr.<\/p>\n\n\n\n<p>Die Staaten m\u00fcssen sich <a href=\"https:\/\/www.klimareporter.de\/klimakonferenzen\/nur-mit-mehr-geld-gibt-es-global-mehr-klimaschutz\" target=\"_blank\" rel=\"noreferrer noopener\">auf ein neues generelles Klimafinanzierungsziel<\/a> einigen. Wie 2009 auf dem Gipfel in Kopenhagen beschlossen und sechs Jahre sp\u00e4ter im Pariser Klimaabkommen best\u00e4tigt, sind die Industrienationen verpflichtet, Entwicklungsl\u00e4nder finanziell bei Klimaschutz und Klimaanpassung zu unterst\u00fctzen.<\/p>\n\n\n\n<p>Die Industriel\u00e4nder sagten zu, zwischen 2020 und 2024 jedes Jahr 100 Milliarden US-Dollar bereitzustellen. In Baku muss sich die Weltgemeinschaft deshalb f\u00fcr die Jahre ab 2025 auf ein neues Ziel einigen.<\/p>\n\n\n\n<p>Das neue Finanzierungsziel stehe bei diesem Gipfel ganz oben auf der Tagesordnung, betont <a href=\"https:\/\/www.klimareporter.de\/klimakonferenzen\/1-3-billionen-dollar-pro-jahr-sind-noch-moderat\" target=\"_blank\" rel=\"noreferrer noopener\">Jan Kowalzig<\/a>, Finanzexperte bei der Entwicklungsorganisation Oxfam. &#8222;Wenn es hierbei keinen \u00fcberzeugenden Kompromiss gibt, ist dieser Gipfel kein Erfolg.&#8220;<\/p>\n\n\n\n<p>Das ist durchaus eine realistische Option. Schlie\u00dflich sind sich die einzelnen L\u00e4nder oder L\u00e4ndergruppen im Grunde bei jedem einzelnen Aspekt des neuen Finanzziels uneinig. Das betrifft die H\u00f6he genauso wie die Frage, welche L\u00e4nder zahlen und welche profitieren sollen, oder auch, was unter Klimafinanzierung f\u00e4llt und als solche angerechnet werden darf.<\/p>\n\n\n\n<h4 class=\"wp-block-heading\">100-Milliarden-Zusage nicht wirklich eingel\u00f6st<\/h4>\n\n\n\n<p>Viel Vertrauen haben die Industrienationen bereits damit verspielt, das ohnehin viel zu geringe 100-Milliarden-Dollar-Versprechen nicht vollst\u00e4ndig erf\u00fcllt zu haben. In den ersten zwei Jahren wurde die Summe deutlich verfehlt.<\/p>\n\n\n\n<p>2022 berichtete der Industriel\u00e4nderklub OECD erstmals, das Ziel sei erreicht worden. Zahlreiche Verhandler:innen aus dem globalen S\u00fcden, aber auch Umwelt- und Entwicklungsorganisationen kamen zu einem ganz anderen Ergebnis.<\/p>\n\n\n\n<p>Teil der Kritik ist, dass Projektmittel, die bereits als Entwicklungshilfe verbucht worden waren, schlicht in Klimafinanzierung <a href=\"https:\/\/www.klimareporter.de\/protest\/mit-trojanischem-pferd-gegen-die-g7\" target=\"_blank\" rel=\"noreferrer noopener\">umetikettiert worden seien<\/a>. Es habe in diesen F\u00e4llen also keine zus\u00e4tzliche finanzielle Unterst\u00fctzung gegeben. Eine Analyse des unabh\u00e4ngigen Center for Global Development errechnete, dass ein Viertel der Klimafinanzierung von 2022 aus bereits existierenden Entwicklungshilfeprojekten stammte.<\/p>\n\n\n\n<p>Die Berichterstattung zur Klimafinanzierung obliegt allein den Industriestaaten, in Deutschland dem Bundesentwicklungsministerium. Ohne Kontrollinstanz entscheidet das Ministerium, ob ein Projekt als Klimama\u00dfnahme angerechnet werden kann oder nicht.<\/p>\n\n\n\n<p>Eine Liste mit allen gef\u00f6rderten Projekten stellt die EU zwar ihren Mitgliedsstaaten online zur Verf\u00fcgung, darin sucht man konkrete Projektbeschreibungen oder weiterf\u00fchrende Links aber vergeblich. Letztes Jahr wurde etwa in Kamerun ein Projekt zur &#8222;Rehabilitation von Stra\u00dfenkindern, Jugendlichen und ehemaligen H\u00e4ftlingen in Yaound\u00e9&#8220; mit rund 55.500 Euro gef\u00f6rdert und als Klimafinanzierung verbucht. So ein Projekt ist sicherlich wichtig, aber zumindest auf den ersten Blick ist die Klimawirkung nicht ersichtlich.<\/p>\n\n\n\n<p>Zudem werden weltweit fast 70 Prozent des Geldes nicht als Zusch\u00fcsse, sondern <a href=\"https:\/\/www.klimareporter.de\/finanzen-wirtschaft\/deutschland-waehlt-den-einfachsten-weg-nicht-den-besten\" target=\"_blank\" rel=\"noreferrer noopener\">als Kredite<\/a> vergeben, und das gr\u00f6\u00dftenteils zu Marktkonditionen oder nur wenig besseren Bedingungen. Damit verdienen die Geberl\u00e4nder sogar noch an der Klimafinanzierung, und auch <a href=\"https:\/\/www.klimareporter.de\/tag\/schuldenkrise\" target=\"_blank\" rel=\"noreferrer noopener\">die Schuldenkrise<\/a> vieler L\u00e4nder des globalen S\u00fcdens wird weiter versch\u00e4rft.<\/p>\n\n\n\n<p>Wie man es dreht und wendet: Es sind keine 100 Milliarden Dollar, die den Empf\u00e4ngerl\u00e4ndern netto zur Verf\u00fcgung standen. Es gibt aber keine festen Regeln daf\u00fcr, was Klimafinanzierung eigentlich ist. Diese Unklarheit sei den Industrienationen zugutegekommen, sagt Oxfam-Experte Kowalzig.<\/p>\n\n\n\n<h4 class=\"wp-block-heading\">Unabh\u00e4ngige Sch\u00e4tzungen sehen viel h\u00f6heren Finanzbedarf&nbsp;<\/h4>\n\n\n\n<p>Der Begriff Klimafinanzierung soll deshalb in eine klare Definition gegossen werden, lautet eine Forderung der Entwicklungsl\u00e4nder. Bei den Vorverhandlungen, etwa <a href=\"https:\/\/www.klimareporter.de\/klimakonferenzen\/jetzt-gehts-um-geld\" target=\"_blank\" rel=\"noreferrer noopener\">auf der Klima-Zwischenkonferenz<\/a> vergangenen Juni in Bonn, gab es dazu keine Fortschritte. \u00c4hnlich sieht es mit der H\u00f6he des k\u00fcnftigen Finanzziels aus.<\/p>\n\n\n\n<p><a href=\"https:\/\/www.klimareporter.de\/klimakonferenzen\/festgefahrene-verhandlungen-um-die-klima-billionen\">Hier k\u00f6nnen Sie den Bericht weiterlesen<\/a><\/p>\n\n\n<h5 class=\"green\">Quelle<\/h5>\r\n\n\n\n<p>Der Bericht wurde von der\u00a0<a href=\"https:\/\/www.klimareporter.de\/klimakonferenzen\/festgefahrene-verhandlungen-um-die-klima-billionen\">Redaktion \u201eklimareporter.de\u201c (David Zauner) 2024<\/a>\u00a0verfasst &#8211; der Artikel darf nicht ohne Genehmigung\u00a0(<a href=\"mailto:post@klimareporter.de\">post@klimareporter.de<\/a>) weiterverbreitet werden!\u00a0<\/p>\n<div class=\"shariff shariff-align-flex-start shariff-widget-align-flex-start\"><div class=\"ShariffHeadline\">Diese Meldung teilen<\/div><ul class=\"shariff-buttons theme-round orientation-horizontal buttonsize-medium\"><li class=\"shariff-button facebook shariff-nocustomcolor\" style=\"background-color:#4273c8;border-radius:1%\"><a href=\"https:\/\/www.facebook.com\/sharer\/sharer.php?u=https%3A%2F%2Fwww.sonnenseite.com%2Fde%2Fpolitik%2Fcop29-festgefahrene-verhandlungen-um-die-klima-billionen%2F\" title=\"Bei Facebook teilen\" aria-label=\"Bei Facebook teilen\" role=\"button\" rel=\"nofollow\" class=\"shariff-link\" style=\";border-radius:1%; background-color:#3b5998; color:#fff\" target=\"_blank\"><span class=\"shariff-icon\" style=\"\"><svg width=\"32px\" height=\"20px\" xmlns=\"http:\/\/www.w3.org\/2000\/svg\" viewBox=\"0 0 18 32\"><path fill=\"#3b5998\" d=\"M17.1 0.2v4.7h-2.8q-1.5 0-2.1 0.6t-0.5 1.9v3.4h5.2l-0.7 5.3h-4.5v13.6h-5.5v-13.6h-4.5v-5.3h4.5v-3.9q0-3.3 1.9-5.2t5-1.8q2.6 0 4.1 0.2z\"\/><\/svg><\/span><\/a><\/li><li class=\"shariff-button twitter shariff-nocustomcolor\" style=\"background-color:#595959;border-radius:1%\"><a href=\"https:\/\/twitter.com\/share?url=https%3A%2F%2Fwww.sonnenseite.com%2Fde%2Fpolitik%2Fcop29-festgefahrene-verhandlungen-um-die-klima-billionen%2F&text=COP29%3A%20Festgefahrene%20Verhandlungen%20um%20die%20Klima-Billionen\" title=\"Bei X teilen\" aria-label=\"Bei X teilen\" role=\"button\" rel=\"noopener nofollow\" class=\"shariff-link\" style=\";border-radius:1%; background-color:#000; color:#fff\" target=\"_blank\"><span class=\"shariff-icon\" style=\"\"><svg width=\"32px\" height=\"20px\" xmlns=\"http:\/\/www.w3.org\/2000\/svg\" viewBox=\"0 0 24 24\"><path fill=\"#000\" d=\"M14.258 10.152L23.176 0h-2.113l-7.747 8.813L7.133 0H0l9.352 13.328L0 23.973h2.113l8.176-9.309 6.531 9.309h7.133zm-2.895 3.293l-.949-1.328L2.875 1.56h3.246l6.086 8.523.945 1.328 7.91 11.078h-3.246zm0 0\"\/><\/svg><\/span><\/a><\/li><li class=\"shariff-button xing shariff-nocustomcolor\" style=\"background-color:#29888a;border-radius:1%\"><a href=\"https:\/\/www.xing.com\/spi\/shares\/new?url=https%3A%2F%2Fwww.sonnenseite.com%2Fde%2Fpolitik%2Fcop29-festgefahrene-verhandlungen-um-die-klima-billionen%2F\" title=\"Bei XING teilen\" aria-label=\"Bei XING teilen\" role=\"button\" rel=\"noopener nofollow\" class=\"shariff-link\" style=\";border-radius:1%; background-color:#126567; color:#fff\" target=\"_blank\"><span class=\"shariff-icon\" style=\"\"><svg width=\"32px\" height=\"20px\" xmlns=\"http:\/\/www.w3.org\/2000\/svg\" viewBox=\"0 0 25 32\"><path fill=\"#126567\" d=\"M10.7 11.9q-0.2 0.3-4.6 8.2-0.5 0.8-1.2 0.8h-4.3q-0.4 0-0.5-0.3t0-0.6l4.5-8q0 0 0 0l-2.9-5q-0.2-0.4 0-0.7 0.2-0.3 0.5-0.3h4.3q0.7 0 1.2 0.8zM25.1 0.4q0.2 0.3 0 0.7l-9.4 16.7 6 11q0.2 0.4 0 0.6-0.2 0.3-0.6 0.3h-4.3q-0.7 0-1.2-0.8l-6-11.1q0.3-0.6 9.5-16.8 0.4-0.8 1.2-0.8h4.3q0.4 0 0.5 0.3z\"\/><\/svg><\/span><\/a><\/li><li class=\"shariff-button linkedin shariff-nocustomcolor\" style=\"background-color:#1488bf;border-radius:1%\"><a href=\"https:\/\/www.linkedin.com\/sharing\/share-offsite\/?url=https%3A%2F%2Fwww.sonnenseite.com%2Fde%2Fpolitik%2Fcop29-festgefahrene-verhandlungen-um-die-klima-billionen%2F\" title=\"Bei LinkedIn teilen\" aria-label=\"Bei LinkedIn teilen\" role=\"button\" rel=\"noopener nofollow\" class=\"shariff-link\" style=\";border-radius:1%; background-color:#0077b5; color:#fff\" target=\"_blank\"><span class=\"shariff-icon\" style=\"\"><svg width=\"32px\" height=\"20px\" xmlns=\"http:\/\/www.w3.org\/2000\/svg\" viewBox=\"0 0 27 32\"><path fill=\"#0077b5\" d=\"M6.2 11.2v17.7h-5.9v-17.7h5.9zM6.6 5.7q0 1.3-0.9 2.2t-2.4 0.9h0q-1.5 0-2.4-0.9t-0.9-2.2 0.9-2.2 2.4-0.9 2.4 0.9 0.9 2.2zM27.4 18.7v10.1h-5.9v-9.5q0-1.9-0.7-2.9t-2.3-1.1q-1.1 0-1.9 0.6t-1.2 1.5q-0.2 0.5-0.2 1.4v9.9h-5.9q0-7.1 0-11.6t0-5.3l0-0.9h5.9v2.6h0q0.4-0.6 0.7-1t1-0.9 1.6-0.8 2-0.3q3 0 4.9 2t1.9 6z\"\/><\/svg><\/span><\/a><\/li><li class=\"shariff-button printer shariff-nocustomcolor\" style=\"background-color:#a8a8a8;border-radius:1%\"><a href=\"javascript:window.print()\" title=\"drucken\" aria-label=\"drucken\" role=\"button\" rel=\"noopener nofollow\" class=\"shariff-link\" style=\";border-radius:1%; background-color:#999; color:#fff\"><span class=\"shariff-icon\" style=\"\"><svg width=\"32px\" height=\"20px\" xmlns=\"http:\/\/www.w3.org\/2000\/svg\" viewBox=\"0 0 30 32\"><path fill=\"#999\" d=\"M6.8 27.4h16v-4.6h-16v4.6zM6.8 16h16v-6.8h-2.8q-0.7 0-1.2-0.5t-0.5-1.2v-2.8h-11.4v11.4zM27.4 17.2q0-0.5-0.3-0.8t-0.8-0.4-0.8 0.4-0.3 0.8 0.3 0.8 0.8 0.3 0.8-0.3 0.3-0.8zM29.7 17.2v7.4q0 0.2-0.2 0.4t-0.4 0.2h-4v2.8q0 0.7-0.5 1.2t-1.2 0.5h-17.2q-0.7 0-1.2-0.5t-0.5-1.2v-2.8h-4q-0.2 0-0.4-0.2t-0.2-0.4v-7.4q0-1.4 1-2.4t2.4-1h1.2v-9.7q0-0.7 0.5-1.2t1.2-0.5h12q0.7 0 1.6 0.4t1.3 0.8l2.7 2.7q0.5 0.5 0.9 1.4t0.4 1.6v4.6h1.1q1.4 0 2.4 1t1 2.4z\"\/><\/svg><\/span><\/a><\/li><li class=\"shariff-button mailto shariff-nocustomcolor\" style=\"background-color:#a8a8a8;border-radius:1%\"><a href=\"mailto:?body=https%3A%2F%2Fwww.sonnenseite.com%2Fde%2Fpolitik%2Fcop29-festgefahrene-verhandlungen-um-die-klima-billionen%2F&subject=COP29%3A%20Festgefahrene%20Verhandlungen%20um%20die%20Klima-Billionen\" title=\"Per E-Mail versenden\" aria-label=\"Per E-Mail versenden\" role=\"button\" rel=\"noopener nofollow\" class=\"shariff-link\" style=\";border-radius:1%; background-color:#999; color:#fff\"><span class=\"shariff-icon\" style=\"\"><svg width=\"32px\" height=\"20px\" xmlns=\"http:\/\/www.w3.org\/2000\/svg\" viewBox=\"0 0 32 32\"><path fill=\"#999\" d=\"M32 12.7v14.2q0 1.2-0.8 2t-2 0.9h-26.3q-1.2 0-2-0.9t-0.8-2v-14.2q0.8 0.9 1.8 1.6 6.5 4.4 8.9 6.1 1 0.8 1.6 1.2t1.7 0.9 2 0.4h0.1q0.9 0 2-0.4t1.7-0.9 1.6-1.2q3-2.2 8.9-6.1 1-0.7 1.8-1.6zM32 7.4q0 1.4-0.9 2.7t-2.2 2.2q-6.7 4.7-8.4 5.8-0.2 0.1-0.7 0.5t-1 0.7-0.9 0.6-1.1 0.5-0.9 0.2h-0.1q-0.4 0-0.9-0.2t-1.1-0.5-0.9-0.6-1-0.7-0.7-0.5q-1.6-1.1-4.7-3.2t-3.6-2.6q-1.1-0.7-2.1-2t-1-2.5q0-1.4 0.7-2.3t2.1-0.9h26.3q1.2 0 2 0.8t0.9 2z\"\/><\/svg><\/span><\/a><\/li><\/ul><\/div>","protected":false},"excerpt":{"rendered":"<p>Die Gretchenfrage der Klimadiplomatie ist die Finanzierung. Der UN-Klimagipfel in Baku soll ein neues Ziel f\u00fcr [&hellip;]<\/p>\n","protected":false},"author":3,"featured_media":103209,"comment_status":"closed","ping_status":"closed","sticky":false,"template":"","format":"standard","meta":{"inline_featured_image":false,"footnotes":""},"categories":[21],"tags":[],"class_list":["post-103206","post","type-post","status-publish","format-standard","has-post-thumbnail","hentry","category-politik"],"yoast_head":"<!-- This site is optimized with the Yoast SEO plugin v26.5 - https:\/\/yoast.com\/wordpress\/plugins\/seo\/ -->\n<title>COP29: Festgefahrene Verhandlungen um die Klima-Billionen - Sonnenseite - \u00d6kologische Kommunikation mit Franz Alt<\/title>\n<meta name=\"description\" content=\"Die Gretchenfrage der Klimadiplomatie ist die Finanzierung. Der UN-Klimagipfel in Baku soll ein neues Ziel f\u00fcr die Unterst\u00fctzung der Entwicklungsl\u00e4nder\" \/>\n<meta name=\"robots\" content=\"index, follow, max-snippet:-1, max-image-preview:large, max-video-preview:-1\" \/>\n<link rel=\"canonical\" href=\"https:\/\/www.sonnenseite.com\/de\/politik\/cop29-festgefahrene-verhandlungen-um-die-klima-billionen\/\" \/>\n<meta property=\"og:locale\" content=\"de_DE\" \/>\n<meta property=\"og:type\" content=\"article\" \/>\n<meta property=\"og:title\" content=\"COP29: Festgefahrene Verhandlungen um die Klima-Billionen - Sonnenseite - \u00d6kologische Kommunikation mit Franz Alt\" \/>\n<meta property=\"og:description\" content=\"Die Gretchenfrage der Klimadiplomatie ist die Finanzierung. Der UN-Klimagipfel in Baku soll ein neues Ziel f\u00fcr die Unterst\u00fctzung der Entwicklungsl\u00e4nder\" \/>\n<meta property=\"og:url\" content=\"https:\/\/www.sonnenseite.com\/de\/politik\/cop29-festgefahrene-verhandlungen-um-die-klima-billionen\/\" \/>\n<meta property=\"og:site_name\" content=\"Sonnenseite\" \/>\n<meta property=\"article:publisher\" content=\"https:\/\/www.facebook.com\/pages\/Franz-Alt-SONNENSEITECOM\/221072987903953?fref=ts\" \/>\n<meta property=\"article:published_time\" content=\"2024-11-12T12:23:50+00:00\" \/>\n<meta property=\"og:image\" content=\"https:\/\/www.sonnenseite.com\/wp-content\/uploads\/2024\/11\/Cop29_Matthew-TenBruggencate.jpg\" \/>\n\t<meta property=\"og:image:width\" content=\"770\" \/>\n\t<meta property=\"og:image:height\" content=\"420\" \/>\n\t<meta property=\"og:image:type\" content=\"image\/jpeg\" \/>\n<meta name=\"author\" content=\"Bigi Alt\" \/>\n<meta name=\"twitter:card\" content=\"summary_large_image\" \/>\n<meta name=\"twitter:creator\" content=\"@franzalt\" \/>\n<meta name=\"twitter:site\" content=\"@franzalt\" \/>\n<meta name=\"twitter:label1\" content=\"Verfasst von\" \/>\n\t<meta name=\"twitter:data1\" content=\"Bigi Alt\" \/>\n\t<meta name=\"twitter:label2\" content=\"Gesch\u00e4tzte Lesezeit\" \/>\n\t<meta name=\"twitter:data2\" content=\"6\u00a0Minuten\" \/>\n<script type=\"application\/ld+json\" class=\"yoast-schema-graph\">{\"@context\":\"https:\/\/schema.org\",\"@graph\":[{\"@type\":\"Article\",\"@id\":\"https:\/\/www.sonnenseite.com\/de\/politik\/cop29-festgefahrene-verhandlungen-um-die-klima-billionen\/#article\",\"isPartOf\":{\"@id\":\"https:\/\/www.sonnenseite.com\/de\/politik\/cop29-festgefahrene-verhandlungen-um-die-klima-billionen\/\"},\"author\":{\"name\":\"Bigi Alt\",\"@id\":\"https:\/\/www.sonnenseite.com\/de\/#\/schema\/person\/50fda0e926597684c7cc6695238a4eb9\"},\"headline\":\"COP29: Festgefahrene Verhandlungen um die Klima-Billionen\",\"datePublished\":\"2024-11-12T12:23:50+00:00\",\"mainEntityOfPage\":{\"@id\":\"https:\/\/www.sonnenseite.com\/de\/politik\/cop29-festgefahrene-verhandlungen-um-die-klima-billionen\/\"},\"wordCount\":948,\"publisher\":{\"@id\":\"https:\/\/www.sonnenseite.com\/de\/#organization\"},\"image\":{\"@id\":\"https:\/\/www.sonnenseite.com\/de\/politik\/cop29-festgefahrene-verhandlungen-um-die-klima-billionen\/#primaryimage\"},\"thumbnailUrl\":\"https:\/\/www.sonnenseite.com\/wp-content\/uploads\/2024\/11\/Cop29_Matthew-TenBruggencate.jpg\",\"articleSection\":[\"Politik\"],\"inLanguage\":\"de\"},{\"@type\":\"WebPage\",\"@id\":\"https:\/\/www.sonnenseite.com\/de\/politik\/cop29-festgefahrene-verhandlungen-um-die-klima-billionen\/\",\"url\":\"https:\/\/www.sonnenseite.com\/de\/politik\/cop29-festgefahrene-verhandlungen-um-die-klima-billionen\/\",\"name\":\"COP29: Festgefahrene Verhandlungen um die Klima-Billionen - Sonnenseite - \u00d6kologische Kommunikation mit Franz Alt\",\"isPartOf\":{\"@id\":\"https:\/\/www.sonnenseite.com\/de\/#website\"},\"primaryImageOfPage\":{\"@id\":\"https:\/\/www.sonnenseite.com\/de\/politik\/cop29-festgefahrene-verhandlungen-um-die-klima-billionen\/#primaryimage\"},\"image\":{\"@id\":\"https:\/\/www.sonnenseite.com\/de\/politik\/cop29-festgefahrene-verhandlungen-um-die-klima-billionen\/#primaryimage\"},\"thumbnailUrl\":\"https:\/\/www.sonnenseite.com\/wp-content\/uploads\/2024\/11\/Cop29_Matthew-TenBruggencate.jpg\",\"datePublished\":\"2024-11-12T12:23:50+00:00\",\"description\":\"Die Gretchenfrage der Klimadiplomatie ist die Finanzierung. Der UN-Klimagipfel in Baku soll ein neues Ziel f\u00fcr die Unterst\u00fctzung der Entwicklungsl\u00e4nder\",\"breadcrumb\":{\"@id\":\"https:\/\/www.sonnenseite.com\/de\/politik\/cop29-festgefahrene-verhandlungen-um-die-klima-billionen\/#breadcrumb\"},\"inLanguage\":\"de\",\"potentialAction\":[{\"@type\":\"ReadAction\",\"target\":[\"https:\/\/www.sonnenseite.com\/de\/politik\/cop29-festgefahrene-verhandlungen-um-die-klima-billionen\/\"]}]},{\"@type\":\"ImageObject\",\"inLanguage\":\"de\",\"@id\":\"https:\/\/www.sonnenseite.com\/de\/politik\/cop29-festgefahrene-verhandlungen-um-die-klima-billionen\/#primaryimage\",\"url\":\"https:\/\/www.sonnenseite.com\/wp-content\/uploads\/2024\/11\/Cop29_Matthew-TenBruggencate.jpg\",\"contentUrl\":\"https:\/\/www.sonnenseite.com\/wp-content\/uploads\/2024\/11\/Cop29_Matthew-TenBruggencate.jpg\",\"width\":770,\"height\":420,\"caption\":\"unsplash.com | Matthew-TenBruggencate | Cop29\"},{\"@type\":\"BreadcrumbList\",\"@id\":\"https:\/\/www.sonnenseite.com\/de\/politik\/cop29-festgefahrene-verhandlungen-um-die-klima-billionen\/#breadcrumb\",\"itemListElement\":[{\"@type\":\"ListItem\",\"position\":1,\"name\":\"Startseite\",\"item\":\"https:\/\/www.sonnenseite.com\/de\/\"},{\"@type\":\"ListItem\",\"position\":2,\"name\":\"COP29: Festgefahrene Verhandlungen um die Klima-Billionen\"}]},{\"@type\":\"WebSite\",\"@id\":\"https:\/\/www.sonnenseite.com\/de\/#website\",\"url\":\"https:\/\/www.sonnenseite.com\/de\/\",\"name\":\"Sonnenseite\",\"description\":\"\u00d6kologische Kommunikation mit Franz Alt\",\"publisher\":{\"@id\":\"https:\/\/www.sonnenseite.com\/de\/#organization\"},\"potentialAction\":[{\"@type\":\"SearchAction\",\"target\":{\"@type\":\"EntryPoint\",\"urlTemplate\":\"https:\/\/www.sonnenseite.com\/de\/?s={search_term_string}\"},\"query-input\":{\"@type\":\"PropertyValueSpecification\",\"valueRequired\":true,\"valueName\":\"search_term_string\"}}],\"inLanguage\":\"de\"},{\"@type\":\"Organization\",\"@id\":\"https:\/\/www.sonnenseite.com\/de\/#organization\",\"name\":\"Sonnenseite\",\"url\":\"https:\/\/www.sonnenseite.com\/de\/\",\"logo\":{\"@type\":\"ImageObject\",\"inLanguage\":\"de\",\"@id\":\"https:\/\/www.sonnenseite.com\/de\/#\/schema\/logo\/image\/\",\"url\":\"https:\/\/www.sonnenseite.com\/wp-content\/uploads\/2020\/05\/Sonnenseite_Logo.png\",\"contentUrl\":\"https:\/\/www.sonnenseite.com\/wp-content\/uploads\/2020\/05\/Sonnenseite_Logo.png\",\"width\":377,\"height\":90,\"caption\":\"Sonnenseite\"},\"image\":{\"@id\":\"https:\/\/www.sonnenseite.com\/de\/#\/schema\/logo\/image\/\"},\"sameAs\":[\"https:\/\/www.facebook.com\/pages\/Franz-Alt-SONNENSEITECOM\/221072987903953?fref=ts\",\"https:\/\/x.com\/franzalt\",\"http:\/\/www.youtube.com\/results?search_query&amp;amp;quot;franz_alt&amp;amp;quot;&amp;amp;amp;amp;search_type&amp;amp;amp;amp;aq=f\"]},{\"@type\":\"Person\",\"@id\":\"https:\/\/www.sonnenseite.com\/de\/#\/schema\/person\/50fda0e926597684c7cc6695238a4eb9\",\"name\":\"Bigi Alt\"}]}<\/script>\n<!-- \/ Yoast SEO plugin. -->","yoast_head_json":{"title":"COP29: Festgefahrene Verhandlungen um die Klima-Billionen - Sonnenseite - \u00d6kologische Kommunikation mit Franz Alt","description":"Die Gretchenfrage der Klimadiplomatie ist die Finanzierung. Der UN-Klimagipfel in Baku soll ein neues Ziel f\u00fcr die Unterst\u00fctzung der Entwicklungsl\u00e4nder","robots":{"index":"index","follow":"follow","max-snippet":"max-snippet:-1","max-image-preview":"max-image-preview:large","max-video-preview":"max-video-preview:-1"},"canonical":"https:\/\/www.sonnenseite.com\/de\/politik\/cop29-festgefahrene-verhandlungen-um-die-klima-billionen\/","og_locale":"de_DE","og_type":"article","og_title":"COP29: Festgefahrene Verhandlungen um die Klima-Billionen - Sonnenseite - \u00d6kologische Kommunikation mit Franz Alt","og_description":"Die Gretchenfrage der Klimadiplomatie ist die Finanzierung. Der UN-Klimagipfel in Baku soll ein neues Ziel f\u00fcr die Unterst\u00fctzung der Entwicklungsl\u00e4nder","og_url":"https:\/\/www.sonnenseite.com\/de\/politik\/cop29-festgefahrene-verhandlungen-um-die-klima-billionen\/","og_site_name":"Sonnenseite","article_publisher":"https:\/\/www.facebook.com\/pages\/Franz-Alt-SONNENSEITECOM\/221072987903953?fref=ts","article_published_time":"2024-11-12T12:23:50+00:00","og_image":[{"width":770,"height":420,"url":"https:\/\/www.sonnenseite.com\/wp-content\/uploads\/2024\/11\/Cop29_Matthew-TenBruggencate.jpg","type":"image\/jpeg"}],"author":"Bigi Alt","twitter_card":"summary_large_image","twitter_creator":"@franzalt","twitter_site":"@franzalt","twitter_misc":{"Verfasst von":"Bigi Alt","Gesch\u00e4tzte Lesezeit":"6\u00a0Minuten"},"schema":{"@context":"https:\/\/schema.org","@graph":[{"@type":"Article","@id":"https:\/\/www.sonnenseite.com\/de\/politik\/cop29-festgefahrene-verhandlungen-um-die-klima-billionen\/#article","isPartOf":{"@id":"https:\/\/www.sonnenseite.com\/de\/politik\/cop29-festgefahrene-verhandlungen-um-die-klima-billionen\/"},"author":{"name":"Bigi Alt","@id":"https:\/\/www.sonnenseite.com\/de\/#\/schema\/person\/50fda0e926597684c7cc6695238a4eb9"},"headline":"COP29: Festgefahrene Verhandlungen um die Klima-Billionen","datePublished":"2024-11-12T12:23:50+00:00","mainEntityOfPage":{"@id":"https:\/\/www.sonnenseite.com\/de\/politik\/cop29-festgefahrene-verhandlungen-um-die-klima-billionen\/"},"wordCount":948,"publisher":{"@id":"https:\/\/www.sonnenseite.com\/de\/#organization"},"image":{"@id":"https:\/\/www.sonnenseite.com\/de\/politik\/cop29-festgefahrene-verhandlungen-um-die-klima-billionen\/#primaryimage"},"thumbnailUrl":"https:\/\/www.sonnenseite.com\/wp-content\/uploads\/2024\/11\/Cop29_Matthew-TenBruggencate.jpg","articleSection":["Politik"],"inLanguage":"de"},{"@type":"WebPage","@id":"https:\/\/www.sonnenseite.com\/de\/politik\/cop29-festgefahrene-verhandlungen-um-die-klima-billionen\/","url":"https:\/\/www.sonnenseite.com\/de\/politik\/cop29-festgefahrene-verhandlungen-um-die-klima-billionen\/","name":"COP29: Festgefahrene Verhandlungen um die Klima-Billionen - Sonnenseite - \u00d6kologische Kommunikation mit Franz Alt","isPartOf":{"@id":"https:\/\/www.sonnenseite.com\/de\/#website"},"primaryImageOfPage":{"@id":"https:\/\/www.sonnenseite.com\/de\/politik\/cop29-festgefahrene-verhandlungen-um-die-klima-billionen\/#primaryimage"},"image":{"@id":"https:\/\/www.sonnenseite.com\/de\/politik\/cop29-festgefahrene-verhandlungen-um-die-klima-billionen\/#primaryimage"},"thumbnailUrl":"https:\/\/www.sonnenseite.com\/wp-content\/uploads\/2024\/11\/Cop29_Matthew-TenBruggencate.jpg","datePublished":"2024-11-12T12:23:50+00:00","description":"Die Gretchenfrage der Klimadiplomatie ist die Finanzierung. Der UN-Klimagipfel in Baku soll ein neues Ziel f\u00fcr die Unterst\u00fctzung der Entwicklungsl\u00e4nder","breadcrumb":{"@id":"https:\/\/www.sonnenseite.com\/de\/politik\/cop29-festgefahrene-verhandlungen-um-die-klima-billionen\/#breadcrumb"},"inLanguage":"de","potentialAction":[{"@type":"ReadAction","target":["https:\/\/www.sonnenseite.com\/de\/politik\/cop29-festgefahrene-verhandlungen-um-die-klima-billionen\/"]}]},{"@type":"ImageObject","inLanguage":"de","@id":"https:\/\/www.sonnenseite.com\/de\/politik\/cop29-festgefahrene-verhandlungen-um-die-klima-billionen\/#primaryimage","url":"https:\/\/www.sonnenseite.com\/wp-content\/uploads\/2024\/11\/Cop29_Matthew-TenBruggencate.jpg","contentUrl":"https:\/\/www.sonnenseite.com\/wp-content\/uploads\/2024\/11\/Cop29_Matthew-TenBruggencate.jpg","width":770,"height":420,"caption":"unsplash.com | Matthew-TenBruggencate | Cop29"},{"@type":"BreadcrumbList","@id":"https:\/\/www.sonnenseite.com\/de\/politik\/cop29-festgefahrene-verhandlungen-um-die-klima-billionen\/#breadcrumb","itemListElement":[{"@type":"ListItem","position":1,"name":"Startseite","item":"https:\/\/www.sonnenseite.com\/de\/"},{"@type":"ListItem","position":2,"name":"COP29: Festgefahrene Verhandlungen um die Klima-Billionen"}]},{"@type":"WebSite","@id":"https:\/\/www.sonnenseite.com\/de\/#website","url":"https:\/\/www.sonnenseite.com\/de\/","name":"Sonnenseite","description":"\u00d6kologische Kommunikation mit Franz Alt","publisher":{"@id":"https:\/\/www.sonnenseite.com\/de\/#organization"},"potentialAction":[{"@type":"SearchAction","target":{"@type":"EntryPoint","urlTemplate":"https:\/\/www.sonnenseite.com\/de\/?s={search_term_string}"},"query-input":{"@type":"PropertyValueSpecification","valueRequired":true,"valueName":"search_term_string"}}],"inLanguage":"de"},{"@type":"Organization","@id":"https:\/\/www.sonnenseite.com\/de\/#organization","name":"Sonnenseite","url":"https:\/\/www.sonnenseite.com\/de\/","logo":{"@type":"ImageObject","inLanguage":"de","@id":"https:\/\/www.sonnenseite.com\/de\/#\/schema\/logo\/image\/","url":"https:\/\/www.sonnenseite.com\/wp-content\/uploads\/2020\/05\/Sonnenseite_Logo.png","contentUrl":"https:\/\/www.sonnenseite.com\/wp-content\/uploads\/2020\/05\/Sonnenseite_Logo.png","width":377,"height":90,"caption":"Sonnenseite"},"image":{"@id":"https:\/\/www.sonnenseite.com\/de\/#\/schema\/logo\/image\/"},"sameAs":["https:\/\/www.facebook.com\/pages\/Franz-Alt-SONNENSEITECOM\/221072987903953?fref=ts","https:\/\/x.com\/franzalt","http:\/\/www.youtube.com\/results?search_query&amp;amp;quot;franz_alt&amp;amp;quot;&amp;amp;amp;amp;search_type&amp;amp;amp;amp;aq=f"]},{"@type":"Person","@id":"https:\/\/www.sonnenseite.com\/de\/#\/schema\/person\/50fda0e926597684c7cc6695238a4eb9","name":"Bigi Alt"}]}},"_links":{"self":[{"href":"https:\/\/www.sonnenseite.com\/de\/wp-json\/wp\/v2\/posts\/103206","targetHints":{"allow":["GET"]}}],"collection":[{"href":"https:\/\/www.sonnenseite.com\/de\/wp-json\/wp\/v2\/posts"}],"about":[{"href":"https:\/\/www.sonnenseite.com\/de\/wp-json\/wp\/v2\/types\/post"}],"author":[{"embeddable":true,"href":"https:\/\/www.sonnenseite.com\/de\/wp-json\/wp\/v2\/users\/3"}],"replies":[{"embeddable":true,"href":"https:\/\/www.sonnenseite.com\/de\/wp-json\/wp\/v2\/comments?post=103206"}],"version-history":[{"count":2,"href":"https:\/\/www.sonnenseite.com\/de\/wp-json\/wp\/v2\/posts\/103206\/revisions"}],"predecessor-version":[{"id":103208,"href":"https:\/\/www.sonnenseite.com\/de\/wp-json\/wp\/v2\/posts\/103206\/revisions\/103208"}],"wp:featuredmedia":[{"embeddable":true,"href":"https:\/\/www.sonnenseite.com\/de\/wp-json\/wp\/v2\/media\/103209"}],"wp:attachment":[{"href":"https:\/\/www.sonnenseite.com\/de\/wp-json\/wp\/v2\/media?parent=103206"}],"wp:term":[{"taxonomy":"category","embeddable":true,"href":"https:\/\/www.sonnenseite.com\/de\/wp-json\/wp\/v2\/categories?post=103206"},{"taxonomy":"post_tag","embeddable":true,"href":"https:\/\/www.sonnenseite.com\/de\/wp-json\/wp\/v2\/tags?post=103206"}],"curies":[{"name":"wp","href":"https:\/\/api.w.org\/{rel}","templated":true}]}}