{"id":103347,"date":"2024-11-20T09:17:37","date_gmt":"2024-11-20T08:17:37","guid":{"rendered":"https:\/\/www.sonnenseite.com\/?p=103347"},"modified":"2024-11-20T09:17:38","modified_gmt":"2024-11-20T08:17:38","slug":"g20-gipfel-reicht-klima-strohhalm-nach-baku","status":"publish","type":"post","link":"https:\/\/www.sonnenseite.com\/de\/politik\/g20-gipfel-reicht-klima-strohhalm-nach-baku\/","title":{"rendered":"G20-Gipfel reicht Klima-Strohhalm nach\u00a0Baku"},"content":{"rendered":"\n<p>Der Weltklimagipfel in Baku schleppt sich dem Endspurt entgegen. Angesichts der stockenden Verhandlungen zu Emissionsminderung und Klimafinanzierung kommt der Impuls vom G20-Gipfel in Rio gerade noch rechtzeitig.<a href=\"\/\/www.klimareporter.de\/klimakonferenzen\/g20-reicht-klima-strohhalm-nach-baku\" target=\"_blank\" rel=\"noreferrer noopener\"><\/a><a href=\"mailto:?subject=Lesetipp%3A%20G20-Gipfel%20reicht%20Klima-Strohhalm%20nach%C2%A0Baku%20%E2%80%93%20Klimareporter%C2%B0&amp;body=G20-Gipfel%20reicht%20Klima-Strohhalm%20nach%C2%A0Baku%20%E2%80%93%20https%3A%2F%2Fwww.klimareporter.de%2Fklimakonferenzen%2Fg20-reicht-klima-strohhalm-nach-baku%0D%0AAngesichts%20stockender%20Verhandlungen%20zu%20Finanzierung%20und%20CO%E2%82%82-Minderung%20beim%20Weltklimagipfel%20in%20Baku%20kommt%20der%20Impuls%20vom%20G20-Gipfel%20in%20Rio%20gerade%20rechtzeitig.\"><\/a><\/p>\n\n\n\n<p>Aus Gruppentherapien ist das bekannt: F\u00e4llt ein Team auseinander, g\u00f6nnt sich nicht das Schwarze unter den Fingern\u00e4geln und ist der Chef auch noch unf\u00e4hig, hilft mitunter nur ein Ordnungsruf oder ein unerwarteter Impuls von au\u00dfen.<\/p>\n\n\n\n<p>Der Eindruck stellt sich ein, sieht man darauf, wie der Weltklimagipfel in der aserbaidschanischen Hauptstadt Baku auf die Beschl\u00fcsse <a href=\"https:\/\/www.merkur.de\/politik\/g20-gipfel-brasilien-rio-de-janeiro-bundeskanzler-olaf-scholz-steuern-superreiche-beschluesse-93416153.html\" target=\"_blank\" rel=\"noreferrer noopener\">des G20-Gipfels in Rio<\/a> reagiert \u2013 als h\u00e4tte es das &#8222;Go&#8220; der Staats- und Regierungschefs aus Brasilien gebraucht.<\/p>\n\n\n\n<p>Diese hatten sich in ihrer <a href=\"https:\/\/www.g20.org\/en\/documents\/g20-rio-de-janeiro-leaders-declaration\" target=\"_blank\" rel=\"noreferrer noopener\">Abschlusserkl\u00e4rung<\/a> daf\u00fcr ausgesprochen, in Baku am Ende auch wirklich ein neues kollektives und bezifferbares Ziel f\u00fcr die Klimafinanzierung zu beschlie\u00dfen, das sogenannte <a href=\"https:\/\/www.klimareporter.de\/klimakonferenzen\/nur-mit-mehr-geld-gibt-es-global-mehr-klimaschutz\" target=\"_blank\" rel=\"noreferrer noopener\">New Collective Quantified Goal<\/a> (NCQG). Nat\u00fcrlich nannten die Chefs in Rio keine konkreten Zahlen. Das \u00fcberlassen sie ihren Verhandlern in Baku.<\/p>\n\n\n\n<p>Der G20-Gipfel h\u00e4lt in der Erkl\u00e4rung am Pariser 1,5-Grad-Ziel fest und widmet sich auch den fossilen Energien. Zwar wird der Ausstieg aus Kohle, Gas und \u00d6l nicht explizit erw\u00e4hnt, aber zumindest die schrittweise Einstellung &#8222;ineffizienter Subventionen&#8220; f\u00fcr fossile Energietr\u00e4ger.<\/p>\n\n\n\n<h4 class=\"wp-block-heading\">Milliard\u00e4rs-Steuer hat gro\u00dfe Wirkung auf Baku<\/h4>\n\n\n\n<p>Am st\u00e4rksten wirkt bis nach Aserbaidschan \u2013 das zeigen die Reaktionen \u2013 die von den G20 beschlossene Absicht, bei einer Besteuerung von Milliardenverm\u00f6gen zusammenzuarbeiten und Individuen mit einem &#8222;ultrahohen Verm\u00f6gen&#8220; effizient zu besteuern.<\/p>\n\n\n\n<p>Die brasilianische Regierung, die derzeit den G20-Vorsitz innehat, hatte dazu bereits im Vorfeld eine <a href=\"https:\/\/www.klimareporter.de\/finanzen-wirtschaft\/der-30-milliarden-joker\" target=\"_blank\" rel=\"noreferrer noopener\">Verm\u00f6genssteuer<\/a> von mindestens zwei Prozent j\u00e4hrlich <a href=\"https:\/\/www.klimareporter.de\/finanzen-wirtschaft\/weltbank-und-iwf-erwarten-weiche-landung-der-weltwirtschaft\" target=\"_blank\" rel=\"noreferrer noopener\">ins Gespr\u00e4ch<\/a> gebracht, die die weltweit etwa dreitausend Milliard\u00e4re erfassen sollte. Diese Steuer k\u00f6nnte sch\u00e4tzungsweise 200 bis 250 Milliarden US-Dollar pro Jahr einbringen.<a href=\"https:\/\/www.klimareporter.de\/images\/karo3imgmanager\/resized\/standard-1\/foto-arbeitdelegationen-1100-733-80-c.webp\"><\/a><\/p>\n\n\n\n<p>Eine am Dienstag ver\u00f6ffentlichte <a href=\"https:\/\/www.klima-allianz.de\/fileadmin\/user_upload\/Dateien\/Daten\/Publikationen\/Hintergrund\/241118_Studie_Klimafinanzierung.pdf\" target=\"_blank\" rel=\"noreferrer noopener\">Analyse<\/a> von Umwelt- und Entwicklungsverb\u00e4nden veranschlagt das Aufkommen einer derartigen Superreichen-Steuer auf etwa 180 bis 230 Milliarden Dollar j\u00e4hrlich. Von dem Geld k\u00f6nnte dann bis zur H\u00e4lfte f\u00fcr die internationale Klimafinanzierung eingesetzt werden, wird weiter vorgeschlagen.<\/p>\n\n\n\n<p>Die Analyse zeigt \u00fcbrigens f\u00fcr Deutschland zus\u00e4tzliche Geldquellen von bis zu 96 Milliarden Euro auf. Mit denen k\u00f6nnte die Bundesregierung ihrer Verantwortung f\u00fcr die internationale Klimafinanzierung nachkommen, meinen die Autorinnen und Autoren.<\/p>\n\n\n\n<h4 class=\"wp-block-heading\">L\u00e4nder mit hohen Wachstumsraten sollen mehr tun<\/h4>\n\n\n\n<p>Zur\u00fcck nach Baku: F\u00fcr <a href=\"https:\/\/www.klimareporter.de\/international\/neuer-un-klimachef-kommt-aus-inselstaat\" target=\"_blank\" rel=\"noreferrer noopener\">Simon Stiell<\/a>, Exekutivsekret\u00e4r der UN-Klimarahmenkonvention, haben die G20-Staaten eine klare Botschaft an ihre Verhandler in Aserbaidschan gesandt: Sie sollten Baku nicht ohne ein erfolgreiches neues Finanzziel verlassen. Dies liege im Interesse aller L\u00e4nder.<\/p>\n\n\n\n<p>Der deutsche Chefverhandler <a href=\"https:\/\/www.klimareporter.de\/deutschland\/flasbarth-bleibt-im-amt\" target=\"_blank\" rel=\"noreferrer noopener\">Jochen Flasbarth<\/a> sieht die G20-Beschl\u00fcsse als einen &#8222;soliden Input&#8220; f\u00fcr den Klimagipfel. Ihm ist besonders das klare Bekenntnis zum 1,5-Grad-Ziel wichtig.<\/p>\n\n\n\n<p>Man m\u00fcsse sich immer vor Augen halten, wer bei der G20 alles mit am Tisch sitze, sagte Flasbarth bei einem Medientermin. \u00dcbersetzt hei\u00dft das wohl: Das sind bei Weitem nicht alles engagierte Klimasch\u00fctzer.<\/p>\n\n\n\n<p>Auch <a href=\"https:\/\/www.klimareporter.de\/klimakonferenzen\/bei-der-klimafinanzierung-braucht-es-einen-paradigmenwechsel\" target=\"_blank\" rel=\"noreferrer noopener\">Jennifer Morgan<\/a> begr\u00fc\u00dft die G20-Beschl\u00fcsse. Deutschlands Klimabeauftragte hat vor allem den &#8222;modernen Finanzansatz&#8220; im Blick, der <a href=\"https:\/\/www.klimareporter.de\/klimakonferenzen\/2-400-milliarden-dollar-klimageld-pro-jahr-sind-machbar\" target=\"_blank\" rel=\"noreferrer noopener\">alle Quellen<\/a> anzapfen m\u00f6chte. Genauso m\u00fcsse man auch in Baku an die Fragen herangehen, sagte Morgan. Dabei m\u00fcssten die L\u00e4nder mehr leisten, die in den letzten Jahren hohe Wachstumsraten hatten.<\/p>\n\n\n\n<p>Die Verantwortung, ob sich der Gipfel bei der Klimafinanzierung einigt, liegt f\u00fcr die Klimabeauftragte jetzt ma\u00dfgeblich bei der aserbaidschanischen Konferenzpr\u00e4sidentschaft. Diese setze sich bei dem Thema auch ambitioniert ein, ein gutes Ergebnis sei hier noch m\u00f6glich, betonte Morgan.<\/p>\n\n\n\n<h4 class=\"wp-block-heading\">\u00d6l- und Gaslobby bremst fossilen Ausstieg aus<\/h4>\n\n\n\n<p>Anders und deutlich schlechter stellt sich die Lage <a href=\"https:\/\/www.klimareporter.de\/klimakonferenzen\/2-400-milliarden-dollar-klimageld-pro-jahr-sind-machbar\" target=\"_blank\" rel=\"noreferrer noopener\">bei der Treibhausgasreduktion<\/a> dar, die \u00fcber die Einhaltung des 1,5-Grad-Limits entscheidet. Auf dem Weltklimagipfel wird die Minderung unter dem Begriff &#8222;Mitigation Work Program&#8220; verhandelt. Hierzu hat die G20 dem Gipfel offenbar nur einen rettenden Strohhalm her\u00fcbergereicht.<\/p>\n\n\n\n<p>Jennifer Morgan fordert die Gipfelpr\u00e4sidentschaft am Dienstag fast ultimativ auf, bei der Treibhausgasminderung mit &#8222;Hochgeschwindigkeit&#8220; und nicht im Bummelzug zu fahren. Bis dato l\u00e4gen zu dieser Frage nur &#8222;wei\u00dfe Bl\u00e4tter Papier&#8220; vor, kritisierte sie die Lage so scharf wie nie in den vergangenen Tagen.<\/p>\n\n\n\n<p>Wer konkret blockiert, dazu \u00e4u\u00dfert sich Morgan nicht. Auf den Konferenzfluren ist aber zu h\u00f6ren, dass vor allem \u00d6l- und Gasf\u00f6rderl\u00e4nder wie <a href=\"https:\/\/www.klimareporter.de\/tag\/saudi-arabien\" target=\"_blank\" rel=\"noreferrer noopener\">Saudi-Arabien<\/a> nahezu alles und jedes blockieren.<\/p>\n\n\n\n<p>F\u00fcr Greenpeace-Vorstand <a href=\"https:\/\/www.klimareporter.de\/deutschland\/wir-muessen-gegen-den-versuch-aufstehen-den-klimaschutz-diskurs-zu-diskreditieren\" target=\"_blank\" rel=\"noreferrer noopener\">Martin Kaiser<\/a> zeigen die G20-Beschl\u00fcsse, dass die \u00d6l- und Gaslobby den dringend n\u00f6tigen Ausstieg aus den fossilen Energien bis in die Verhandlungen in Baku hinein ausbremst. Die in wenigen Tagen die deutsche Verhandlungsf\u00fchrung \u00fcbernehmende Bundesau\u00dfenministerin <a href=\"https:\/\/www.klimareporter.de\/klimakonferenzen\/die-etwas-andere-politikerin\" target=\"_blank\" rel=\"noreferrer noopener\">Annalena Baerbock<\/a> m\u00fcsse jetzt den Ausstieg aus Kohle, \u00d6l und Gas gemeinsam mit den besonders verletzlichen L\u00e4ndern durchsetzen, meint Kaiser. &#8222;Wir brauchen keine Klimakonferenzen, die keine Fortschritte beschlie\u00dfen.&#8220;<\/p>\n\n\n\n<p>Auch f\u00fcr WWF-Klimareferentin Viviane Raddatz h\u00e4tte das G20-Signal st\u00e4rker ausfallen m\u00fcssen, damit es in Baku sicher ankommt. Dieses Signal aus Rio m\u00fcssten die Verhandelnden in Baku nun selbst verst\u00e4rken, um gute Ergebnisse zu erzielen.<\/p>\n\n\n\n<p>Die Hoffnung, ob diese &#8222;Verst\u00e4rkung&#8220; gelingt, ist nicht mehr als ein Strohhalm. Auch bleibt nicht mehr viel Zeit, um die Gruppentherapie in Baku zu einem halbwegs akzeptablen Ende zu bringen.<\/p>\n\n\n<h5 class=\"green\">Quelle<\/h5>\r\n\n\n\n<p>Der Bericht wurde von der\u00a0<a href=\"https:\/\/www.klimareporter.de\/klimakonferenzen\/g20-reicht-klima-strohhalm-nach-baku\">Redaktion \u201eklimareporter.de\u201c (J\u00f6rg Staude) 2024<\/a>\u00a0verfasst &#8211; der Artikel darf nicht ohne Genehmigung\u00a0(<a href=\"mailto:post@klimareporter.de\">post@klimareporter.de<\/a>) weiterverbreitet werden!\u00a0<\/p>\n<div class=\"shariff shariff-align-flex-start shariff-widget-align-flex-start\"><div class=\"ShariffHeadline\">Diese Meldung teilen<\/div><ul class=\"shariff-buttons theme-round orientation-horizontal buttonsize-medium\"><li class=\"shariff-button facebook shariff-nocustomcolor\" style=\"background-color:#4273c8;border-radius:1%\"><a href=\"https:\/\/www.facebook.com\/sharer\/sharer.php?u=https%3A%2F%2Fwww.sonnenseite.com%2Fde%2Fpolitik%2Fg20-gipfel-reicht-klima-strohhalm-nach-baku%2F\" title=\"Bei Facebook teilen\" aria-label=\"Bei Facebook teilen\" role=\"button\" rel=\"nofollow\" class=\"shariff-link\" style=\";border-radius:1%; background-color:#3b5998; color:#fff\" target=\"_blank\"><span class=\"shariff-icon\" style=\"\"><svg width=\"32px\" height=\"20px\" xmlns=\"http:\/\/www.w3.org\/2000\/svg\" viewBox=\"0 0 18 32\"><path fill=\"#3b5998\" d=\"M17.1 0.2v4.7h-2.8q-1.5 0-2.1 0.6t-0.5 1.9v3.4h5.2l-0.7 5.3h-4.5v13.6h-5.5v-13.6h-4.5v-5.3h4.5v-3.9q0-3.3 1.9-5.2t5-1.8q2.6 0 4.1 0.2z\"\/><\/svg><\/span><\/a><\/li><li class=\"shariff-button twitter shariff-nocustomcolor\" style=\"background-color:#595959;border-radius:1%\"><a href=\"https:\/\/twitter.com\/share?url=https%3A%2F%2Fwww.sonnenseite.com%2Fde%2Fpolitik%2Fg20-gipfel-reicht-klima-strohhalm-nach-baku%2F&text=G20-Gipfel%20reicht%20Klima-Strohhalm%20nach%C2%A0Baku\" title=\"Bei X teilen\" aria-label=\"Bei X teilen\" role=\"button\" rel=\"noopener nofollow\" class=\"shariff-link\" style=\";border-radius:1%; background-color:#000; color:#fff\" target=\"_blank\"><span class=\"shariff-icon\" style=\"\"><svg width=\"32px\" height=\"20px\" xmlns=\"http:\/\/www.w3.org\/2000\/svg\" viewBox=\"0 0 24 24\"><path fill=\"#000\" d=\"M14.258 10.152L23.176 0h-2.113l-7.747 8.813L7.133 0H0l9.352 13.328L0 23.973h2.113l8.176-9.309 6.531 9.309h7.133zm-2.895 3.293l-.949-1.328L2.875 1.56h3.246l6.086 8.523.945 1.328 7.91 11.078h-3.246zm0 0\"\/><\/svg><\/span><\/a><\/li><li class=\"shariff-button xing shariff-nocustomcolor\" style=\"background-color:#29888a;border-radius:1%\"><a href=\"https:\/\/www.xing.com\/spi\/shares\/new?url=https%3A%2F%2Fwww.sonnenseite.com%2Fde%2Fpolitik%2Fg20-gipfel-reicht-klima-strohhalm-nach-baku%2F\" title=\"Bei XING teilen\" aria-label=\"Bei XING teilen\" role=\"button\" rel=\"noopener nofollow\" class=\"shariff-link\" style=\";border-radius:1%; background-color:#126567; color:#fff\" target=\"_blank\"><span class=\"shariff-icon\" style=\"\"><svg width=\"32px\" height=\"20px\" xmlns=\"http:\/\/www.w3.org\/2000\/svg\" viewBox=\"0 0 25 32\"><path fill=\"#126567\" d=\"M10.7 11.9q-0.2 0.3-4.6 8.2-0.5 0.8-1.2 0.8h-4.3q-0.4 0-0.5-0.3t0-0.6l4.5-8q0 0 0 0l-2.9-5q-0.2-0.4 0-0.7 0.2-0.3 0.5-0.3h4.3q0.7 0 1.2 0.8zM25.1 0.4q0.2 0.3 0 0.7l-9.4 16.7 6 11q0.2 0.4 0 0.6-0.2 0.3-0.6 0.3h-4.3q-0.7 0-1.2-0.8l-6-11.1q0.3-0.6 9.5-16.8 0.4-0.8 1.2-0.8h4.3q0.4 0 0.5 0.3z\"\/><\/svg><\/span><\/a><\/li><li class=\"shariff-button linkedin shariff-nocustomcolor\" style=\"background-color:#1488bf;border-radius:1%\"><a href=\"https:\/\/www.linkedin.com\/sharing\/share-offsite\/?url=https%3A%2F%2Fwww.sonnenseite.com%2Fde%2Fpolitik%2Fg20-gipfel-reicht-klima-strohhalm-nach-baku%2F\" title=\"Bei LinkedIn teilen\" aria-label=\"Bei LinkedIn teilen\" role=\"button\" rel=\"noopener nofollow\" class=\"shariff-link\" style=\";border-radius:1%; background-color:#0077b5; color:#fff\" target=\"_blank\"><span class=\"shariff-icon\" style=\"\"><svg width=\"32px\" height=\"20px\" xmlns=\"http:\/\/www.w3.org\/2000\/svg\" viewBox=\"0 0 27 32\"><path fill=\"#0077b5\" d=\"M6.2 11.2v17.7h-5.9v-17.7h5.9zM6.6 5.7q0 1.3-0.9 2.2t-2.4 0.9h0q-1.5 0-2.4-0.9t-0.9-2.2 0.9-2.2 2.4-0.9 2.4 0.9 0.9 2.2zM27.4 18.7v10.1h-5.9v-9.5q0-1.9-0.7-2.9t-2.3-1.1q-1.1 0-1.9 0.6t-1.2 1.5q-0.2 0.5-0.2 1.4v9.9h-5.9q0-7.1 0-11.6t0-5.3l0-0.9h5.9v2.6h0q0.4-0.6 0.7-1t1-0.9 1.6-0.8 2-0.3q3 0 4.9 2t1.9 6z\"\/><\/svg><\/span><\/a><\/li><li class=\"shariff-button printer shariff-nocustomcolor\" style=\"background-color:#a8a8a8;border-radius:1%\"><a href=\"javascript:window.print()\" title=\"drucken\" aria-label=\"drucken\" role=\"button\" rel=\"noopener nofollow\" class=\"shariff-link\" style=\";border-radius:1%; background-color:#999; color:#fff\"><span class=\"shariff-icon\" style=\"\"><svg width=\"32px\" height=\"20px\" xmlns=\"http:\/\/www.w3.org\/2000\/svg\" viewBox=\"0 0 30 32\"><path fill=\"#999\" d=\"M6.8 27.4h16v-4.6h-16v4.6zM6.8 16h16v-6.8h-2.8q-0.7 0-1.2-0.5t-0.5-1.2v-2.8h-11.4v11.4zM27.4 17.2q0-0.5-0.3-0.8t-0.8-0.4-0.8 0.4-0.3 0.8 0.3 0.8 0.8 0.3 0.8-0.3 0.3-0.8zM29.7 17.2v7.4q0 0.2-0.2 0.4t-0.4 0.2h-4v2.8q0 0.7-0.5 1.2t-1.2 0.5h-17.2q-0.7 0-1.2-0.5t-0.5-1.2v-2.8h-4q-0.2 0-0.4-0.2t-0.2-0.4v-7.4q0-1.4 1-2.4t2.4-1h1.2v-9.7q0-0.7 0.5-1.2t1.2-0.5h12q0.7 0 1.6 0.4t1.3 0.8l2.7 2.7q0.5 0.5 0.9 1.4t0.4 1.6v4.6h1.1q1.4 0 2.4 1t1 2.4z\"\/><\/svg><\/span><\/a><\/li><li class=\"shariff-button mailto shariff-nocustomcolor\" style=\"background-color:#a8a8a8;border-radius:1%\"><a href=\"mailto:?body=https%3A%2F%2Fwww.sonnenseite.com%2Fde%2Fpolitik%2Fg20-gipfel-reicht-klima-strohhalm-nach-baku%2F&subject=G20-Gipfel%20reicht%20Klima-Strohhalm%20nach%C2%A0Baku\" title=\"Per E-Mail versenden\" aria-label=\"Per E-Mail versenden\" role=\"button\" rel=\"noopener nofollow\" class=\"shariff-link\" style=\";border-radius:1%; background-color:#999; color:#fff\"><span class=\"shariff-icon\" style=\"\"><svg width=\"32px\" height=\"20px\" xmlns=\"http:\/\/www.w3.org\/2000\/svg\" viewBox=\"0 0 32 32\"><path fill=\"#999\" d=\"M32 12.7v14.2q0 1.2-0.8 2t-2 0.9h-26.3q-1.2 0-2-0.9t-0.8-2v-14.2q0.8 0.9 1.8 1.6 6.5 4.4 8.9 6.1 1 0.8 1.6 1.2t1.7 0.9 2 0.4h0.1q0.9 0 2-0.4t1.7-0.9 1.6-1.2q3-2.2 8.9-6.1 1-0.7 1.8-1.6zM32 7.4q0 1.4-0.9 2.7t-2.2 2.2q-6.7 4.7-8.4 5.8-0.2 0.1-0.7 0.5t-1 0.7-0.9 0.6-1.1 0.5-0.9 0.2h-0.1q-0.4 0-0.9-0.2t-1.1-0.5-0.9-0.6-1-0.7-0.7-0.5q-1.6-1.1-4.7-3.2t-3.6-2.6q-1.1-0.7-2.1-2t-1-2.5q0-1.4 0.7-2.3t2.1-0.9h26.3q1.2 0 2 0.8t0.9 2z\"\/><\/svg><\/span><\/a><\/li><\/ul><\/div>","protected":false},"excerpt":{"rendered":"<p>Der Weltklimagipfel in Baku schleppt sich dem Endspurt entgegen. Angesichts der stockenden Verhandlungen zu Emissionsminderung und [&hellip;]<\/p>\n","protected":false},"author":3,"featured_media":76331,"comment_status":"closed","ping_status":"closed","sticky":false,"template":"","format":"standard","meta":{"inline_featured_image":false,"footnotes":""},"categories":[21],"tags":[],"class_list":["post-103347","post","type-post","status-publish","format-standard","has-post-thumbnail","hentry","category-politik"],"yoast_head":"<!-- This site is optimized with the Yoast SEO plugin v26.5 - https:\/\/yoast.com\/wordpress\/plugins\/seo\/ -->\n<title>G20-Gipfel reicht Klima-Strohhalm nach\u00a0Baku - Sonnenseite - \u00d6kologische Kommunikation mit Franz Alt<\/title>\n<meta name=\"description\" content=\"Der Weltklimagipfel in Baku schleppt sich dem Endspurt entgegen. Angesichts der stockenden Verhandlungen zu Emissionsminderung und Klimafinanzierung kommt\" \/>\n<meta name=\"robots\" content=\"index, follow, max-snippet:-1, max-image-preview:large, max-video-preview:-1\" \/>\n<link rel=\"canonical\" href=\"https:\/\/www.sonnenseite.com\/de\/politik\/g20-gipfel-reicht-klima-strohhalm-nach-baku\/\" \/>\n<meta property=\"og:locale\" content=\"de_DE\" \/>\n<meta property=\"og:type\" content=\"article\" \/>\n<meta property=\"og:title\" content=\"G20-Gipfel reicht Klima-Strohhalm nach\u00a0Baku - Sonnenseite - \u00d6kologische Kommunikation mit Franz Alt\" \/>\n<meta property=\"og:description\" content=\"Der Weltklimagipfel in Baku schleppt sich dem Endspurt entgegen. Angesichts der stockenden Verhandlungen zu Emissionsminderung und Klimafinanzierung kommt\" \/>\n<meta property=\"og:url\" content=\"https:\/\/www.sonnenseite.com\/de\/politik\/g20-gipfel-reicht-klima-strohhalm-nach-baku\/\" \/>\n<meta property=\"og:site_name\" content=\"Sonnenseite\" \/>\n<meta property=\"article:publisher\" content=\"https:\/\/www.facebook.com\/pages\/Franz-Alt-SONNENSEITECOM\/221072987903953?fref=ts\" \/>\n<meta property=\"article:published_time\" content=\"2024-11-20T08:17:37+00:00\" \/>\n<meta property=\"article:modified_time\" content=\"2024-11-20T08:17:38+00:00\" \/>\n<meta property=\"og:image\" content=\"https:\/\/www.sonnenseite.com\/wp-content\/uploads\/2021\/11\/G20_JaneUK.jpg\" \/>\n\t<meta property=\"og:image:width\" content=\"770\" \/>\n\t<meta property=\"og:image:height\" content=\"420\" \/>\n\t<meta property=\"og:image:type\" content=\"image\/jpeg\" \/>\n<meta name=\"author\" content=\"Bigi Alt\" \/>\n<meta name=\"twitter:card\" content=\"summary_large_image\" \/>\n<meta name=\"twitter:creator\" content=\"@franzalt\" \/>\n<meta name=\"twitter:site\" content=\"@franzalt\" \/>\n<meta name=\"twitter:label1\" content=\"Verfasst von\" \/>\n\t<meta name=\"twitter:data1\" content=\"Bigi Alt\" \/>\n\t<meta name=\"twitter:label2\" content=\"Gesch\u00e4tzte Lesezeit\" \/>\n\t<meta name=\"twitter:data2\" content=\"5\u00a0Minuten\" \/>\n<script type=\"application\/ld+json\" class=\"yoast-schema-graph\">{\"@context\":\"https:\/\/schema.org\",\"@graph\":[{\"@type\":\"Article\",\"@id\":\"https:\/\/www.sonnenseite.com\/de\/politik\/g20-gipfel-reicht-klima-strohhalm-nach-baku\/#article\",\"isPartOf\":{\"@id\":\"https:\/\/www.sonnenseite.com\/de\/politik\/g20-gipfel-reicht-klima-strohhalm-nach-baku\/\"},\"author\":{\"name\":\"Bigi Alt\",\"@id\":\"https:\/\/www.sonnenseite.com\/de\/#\/schema\/person\/50fda0e926597684c7cc6695238a4eb9\"},\"headline\":\"G20-Gipfel reicht Klima-Strohhalm nach\u00a0Baku\",\"datePublished\":\"2024-11-20T08:17:37+00:00\",\"dateModified\":\"2024-11-20T08:17:38+00:00\",\"mainEntityOfPage\":{\"@id\":\"https:\/\/www.sonnenseite.com\/de\/politik\/g20-gipfel-reicht-klima-strohhalm-nach-baku\/\"},\"wordCount\":891,\"publisher\":{\"@id\":\"https:\/\/www.sonnenseite.com\/de\/#organization\"},\"image\":{\"@id\":\"https:\/\/www.sonnenseite.com\/de\/politik\/g20-gipfel-reicht-klima-strohhalm-nach-baku\/#primaryimage\"},\"thumbnailUrl\":\"https:\/\/www.sonnenseite.com\/wp-content\/uploads\/2021\/11\/G20_JaneUK.jpg\",\"articleSection\":[\"Politik\"],\"inLanguage\":\"de\"},{\"@type\":\"WebPage\",\"@id\":\"https:\/\/www.sonnenseite.com\/de\/politik\/g20-gipfel-reicht-klima-strohhalm-nach-baku\/\",\"url\":\"https:\/\/www.sonnenseite.com\/de\/politik\/g20-gipfel-reicht-klima-strohhalm-nach-baku\/\",\"name\":\"G20-Gipfel reicht Klima-Strohhalm nach\u00a0Baku - Sonnenseite - \u00d6kologische Kommunikation mit Franz Alt\",\"isPartOf\":{\"@id\":\"https:\/\/www.sonnenseite.com\/de\/#website\"},\"primaryImageOfPage\":{\"@id\":\"https:\/\/www.sonnenseite.com\/de\/politik\/g20-gipfel-reicht-klima-strohhalm-nach-baku\/#primaryimage\"},\"image\":{\"@id\":\"https:\/\/www.sonnenseite.com\/de\/politik\/g20-gipfel-reicht-klima-strohhalm-nach-baku\/#primaryimage\"},\"thumbnailUrl\":\"https:\/\/www.sonnenseite.com\/wp-content\/uploads\/2021\/11\/G20_JaneUK.jpg\",\"datePublished\":\"2024-11-20T08:17:37+00:00\",\"dateModified\":\"2024-11-20T08:17:38+00:00\",\"description\":\"Der Weltklimagipfel in Baku schleppt sich dem Endspurt entgegen. Angesichts der stockenden Verhandlungen zu Emissionsminderung und Klimafinanzierung kommt\",\"breadcrumb\":{\"@id\":\"https:\/\/www.sonnenseite.com\/de\/politik\/g20-gipfel-reicht-klima-strohhalm-nach-baku\/#breadcrumb\"},\"inLanguage\":\"de\",\"potentialAction\":[{\"@type\":\"ReadAction\",\"target\":[\"https:\/\/www.sonnenseite.com\/de\/politik\/g20-gipfel-reicht-klima-strohhalm-nach-baku\/\"]}]},{\"@type\":\"ImageObject\",\"inLanguage\":\"de\",\"@id\":\"https:\/\/www.sonnenseite.com\/de\/politik\/g20-gipfel-reicht-klima-strohhalm-nach-baku\/#primaryimage\",\"url\":\"https:\/\/www.sonnenseite.com\/wp-content\/uploads\/2021\/11\/G20_JaneUK.jpg\",\"contentUrl\":\"https:\/\/www.sonnenseite.com\/wp-content\/uploads\/2021\/11\/G20_JaneUK.jpg\",\"width\":770,\"height\":420,\"caption\":\"Depositphotos.com | JaneUK | G20\"},{\"@type\":\"BreadcrumbList\",\"@id\":\"https:\/\/www.sonnenseite.com\/de\/politik\/g20-gipfel-reicht-klima-strohhalm-nach-baku\/#breadcrumb\",\"itemListElement\":[{\"@type\":\"ListItem\",\"position\":1,\"name\":\"Startseite\",\"item\":\"https:\/\/www.sonnenseite.com\/de\/\"},{\"@type\":\"ListItem\",\"position\":2,\"name\":\"G20-Gipfel reicht Klima-Strohhalm nach\u00a0Baku\"}]},{\"@type\":\"WebSite\",\"@id\":\"https:\/\/www.sonnenseite.com\/de\/#website\",\"url\":\"https:\/\/www.sonnenseite.com\/de\/\",\"name\":\"Sonnenseite\",\"description\":\"\u00d6kologische Kommunikation mit Franz Alt\",\"publisher\":{\"@id\":\"https:\/\/www.sonnenseite.com\/de\/#organization\"},\"potentialAction\":[{\"@type\":\"SearchAction\",\"target\":{\"@type\":\"EntryPoint\",\"urlTemplate\":\"https:\/\/www.sonnenseite.com\/de\/?s={search_term_string}\"},\"query-input\":{\"@type\":\"PropertyValueSpecification\",\"valueRequired\":true,\"valueName\":\"search_term_string\"}}],\"inLanguage\":\"de\"},{\"@type\":\"Organization\",\"@id\":\"https:\/\/www.sonnenseite.com\/de\/#organization\",\"name\":\"Sonnenseite\",\"url\":\"https:\/\/www.sonnenseite.com\/de\/\",\"logo\":{\"@type\":\"ImageObject\",\"inLanguage\":\"de\",\"@id\":\"https:\/\/www.sonnenseite.com\/de\/#\/schema\/logo\/image\/\",\"url\":\"https:\/\/www.sonnenseite.com\/wp-content\/uploads\/2020\/05\/Sonnenseite_Logo.png\",\"contentUrl\":\"https:\/\/www.sonnenseite.com\/wp-content\/uploads\/2020\/05\/Sonnenseite_Logo.png\",\"width\":377,\"height\":90,\"caption\":\"Sonnenseite\"},\"image\":{\"@id\":\"https:\/\/www.sonnenseite.com\/de\/#\/schema\/logo\/image\/\"},\"sameAs\":[\"https:\/\/www.facebook.com\/pages\/Franz-Alt-SONNENSEITECOM\/221072987903953?fref=ts\",\"https:\/\/x.com\/franzalt\",\"http:\/\/www.youtube.com\/results?search_query&amp;amp;quot;franz_alt&amp;amp;quot;&amp;amp;amp;amp;search_type&amp;amp;amp;amp;aq=f\"]},{\"@type\":\"Person\",\"@id\":\"https:\/\/www.sonnenseite.com\/de\/#\/schema\/person\/50fda0e926597684c7cc6695238a4eb9\",\"name\":\"Bigi Alt\"}]}<\/script>\n<!-- \/ Yoast SEO plugin. -->","yoast_head_json":{"title":"G20-Gipfel reicht Klima-Strohhalm nach\u00a0Baku - Sonnenseite - \u00d6kologische Kommunikation mit Franz Alt","description":"Der Weltklimagipfel in Baku schleppt sich dem Endspurt entgegen. Angesichts der stockenden Verhandlungen zu Emissionsminderung und Klimafinanzierung kommt","robots":{"index":"index","follow":"follow","max-snippet":"max-snippet:-1","max-image-preview":"max-image-preview:large","max-video-preview":"max-video-preview:-1"},"canonical":"https:\/\/www.sonnenseite.com\/de\/politik\/g20-gipfel-reicht-klima-strohhalm-nach-baku\/","og_locale":"de_DE","og_type":"article","og_title":"G20-Gipfel reicht Klima-Strohhalm nach\u00a0Baku - Sonnenseite - \u00d6kologische Kommunikation mit Franz Alt","og_description":"Der Weltklimagipfel in Baku schleppt sich dem Endspurt entgegen. Angesichts der stockenden Verhandlungen zu Emissionsminderung und Klimafinanzierung kommt","og_url":"https:\/\/www.sonnenseite.com\/de\/politik\/g20-gipfel-reicht-klima-strohhalm-nach-baku\/","og_site_name":"Sonnenseite","article_publisher":"https:\/\/www.facebook.com\/pages\/Franz-Alt-SONNENSEITECOM\/221072987903953?fref=ts","article_published_time":"2024-11-20T08:17:37+00:00","article_modified_time":"2024-11-20T08:17:38+00:00","og_image":[{"width":770,"height":420,"url":"https:\/\/www.sonnenseite.com\/wp-content\/uploads\/2021\/11\/G20_JaneUK.jpg","type":"image\/jpeg"}],"author":"Bigi Alt","twitter_card":"summary_large_image","twitter_creator":"@franzalt","twitter_site":"@franzalt","twitter_misc":{"Verfasst von":"Bigi Alt","Gesch\u00e4tzte Lesezeit":"5\u00a0Minuten"},"schema":{"@context":"https:\/\/schema.org","@graph":[{"@type":"Article","@id":"https:\/\/www.sonnenseite.com\/de\/politik\/g20-gipfel-reicht-klima-strohhalm-nach-baku\/#article","isPartOf":{"@id":"https:\/\/www.sonnenseite.com\/de\/politik\/g20-gipfel-reicht-klima-strohhalm-nach-baku\/"},"author":{"name":"Bigi Alt","@id":"https:\/\/www.sonnenseite.com\/de\/#\/schema\/person\/50fda0e926597684c7cc6695238a4eb9"},"headline":"G20-Gipfel reicht Klima-Strohhalm nach\u00a0Baku","datePublished":"2024-11-20T08:17:37+00:00","dateModified":"2024-11-20T08:17:38+00:00","mainEntityOfPage":{"@id":"https:\/\/www.sonnenseite.com\/de\/politik\/g20-gipfel-reicht-klima-strohhalm-nach-baku\/"},"wordCount":891,"publisher":{"@id":"https:\/\/www.sonnenseite.com\/de\/#organization"},"image":{"@id":"https:\/\/www.sonnenseite.com\/de\/politik\/g20-gipfel-reicht-klima-strohhalm-nach-baku\/#primaryimage"},"thumbnailUrl":"https:\/\/www.sonnenseite.com\/wp-content\/uploads\/2021\/11\/G20_JaneUK.jpg","articleSection":["Politik"],"inLanguage":"de"},{"@type":"WebPage","@id":"https:\/\/www.sonnenseite.com\/de\/politik\/g20-gipfel-reicht-klima-strohhalm-nach-baku\/","url":"https:\/\/www.sonnenseite.com\/de\/politik\/g20-gipfel-reicht-klima-strohhalm-nach-baku\/","name":"G20-Gipfel reicht Klima-Strohhalm nach\u00a0Baku - Sonnenseite - \u00d6kologische Kommunikation mit Franz Alt","isPartOf":{"@id":"https:\/\/www.sonnenseite.com\/de\/#website"},"primaryImageOfPage":{"@id":"https:\/\/www.sonnenseite.com\/de\/politik\/g20-gipfel-reicht-klima-strohhalm-nach-baku\/#primaryimage"},"image":{"@id":"https:\/\/www.sonnenseite.com\/de\/politik\/g20-gipfel-reicht-klima-strohhalm-nach-baku\/#primaryimage"},"thumbnailUrl":"https:\/\/www.sonnenseite.com\/wp-content\/uploads\/2021\/11\/G20_JaneUK.jpg","datePublished":"2024-11-20T08:17:37+00:00","dateModified":"2024-11-20T08:17:38+00:00","description":"Der Weltklimagipfel in Baku schleppt sich dem Endspurt entgegen. Angesichts der stockenden Verhandlungen zu Emissionsminderung und Klimafinanzierung kommt","breadcrumb":{"@id":"https:\/\/www.sonnenseite.com\/de\/politik\/g20-gipfel-reicht-klima-strohhalm-nach-baku\/#breadcrumb"},"inLanguage":"de","potentialAction":[{"@type":"ReadAction","target":["https:\/\/www.sonnenseite.com\/de\/politik\/g20-gipfel-reicht-klima-strohhalm-nach-baku\/"]}]},{"@type":"ImageObject","inLanguage":"de","@id":"https:\/\/www.sonnenseite.com\/de\/politik\/g20-gipfel-reicht-klima-strohhalm-nach-baku\/#primaryimage","url":"https:\/\/www.sonnenseite.com\/wp-content\/uploads\/2021\/11\/G20_JaneUK.jpg","contentUrl":"https:\/\/www.sonnenseite.com\/wp-content\/uploads\/2021\/11\/G20_JaneUK.jpg","width":770,"height":420,"caption":"Depositphotos.com | JaneUK | G20"},{"@type":"BreadcrumbList","@id":"https:\/\/www.sonnenseite.com\/de\/politik\/g20-gipfel-reicht-klima-strohhalm-nach-baku\/#breadcrumb","itemListElement":[{"@type":"ListItem","position":1,"name":"Startseite","item":"https:\/\/www.sonnenseite.com\/de\/"},{"@type":"ListItem","position":2,"name":"G20-Gipfel reicht Klima-Strohhalm nach\u00a0Baku"}]},{"@type":"WebSite","@id":"https:\/\/www.sonnenseite.com\/de\/#website","url":"https:\/\/www.sonnenseite.com\/de\/","name":"Sonnenseite","description":"\u00d6kologische Kommunikation mit Franz Alt","publisher":{"@id":"https:\/\/www.sonnenseite.com\/de\/#organization"},"potentialAction":[{"@type":"SearchAction","target":{"@type":"EntryPoint","urlTemplate":"https:\/\/www.sonnenseite.com\/de\/?s={search_term_string}"},"query-input":{"@type":"PropertyValueSpecification","valueRequired":true,"valueName":"search_term_string"}}],"inLanguage":"de"},{"@type":"Organization","@id":"https:\/\/www.sonnenseite.com\/de\/#organization","name":"Sonnenseite","url":"https:\/\/www.sonnenseite.com\/de\/","logo":{"@type":"ImageObject","inLanguage":"de","@id":"https:\/\/www.sonnenseite.com\/de\/#\/schema\/logo\/image\/","url":"https:\/\/www.sonnenseite.com\/wp-content\/uploads\/2020\/05\/Sonnenseite_Logo.png","contentUrl":"https:\/\/www.sonnenseite.com\/wp-content\/uploads\/2020\/05\/Sonnenseite_Logo.png","width":377,"height":90,"caption":"Sonnenseite"},"image":{"@id":"https:\/\/www.sonnenseite.com\/de\/#\/schema\/logo\/image\/"},"sameAs":["https:\/\/www.facebook.com\/pages\/Franz-Alt-SONNENSEITECOM\/221072987903953?fref=ts","https:\/\/x.com\/franzalt","http:\/\/www.youtube.com\/results?search_query&amp;amp;quot;franz_alt&amp;amp;quot;&amp;amp;amp;amp;search_type&amp;amp;amp;amp;aq=f"]},{"@type":"Person","@id":"https:\/\/www.sonnenseite.com\/de\/#\/schema\/person\/50fda0e926597684c7cc6695238a4eb9","name":"Bigi Alt"}]}},"_links":{"self":[{"href":"https:\/\/www.sonnenseite.com\/de\/wp-json\/wp\/v2\/posts\/103347","targetHints":{"allow":["GET"]}}],"collection":[{"href":"https:\/\/www.sonnenseite.com\/de\/wp-json\/wp\/v2\/posts"}],"about":[{"href":"https:\/\/www.sonnenseite.com\/de\/wp-json\/wp\/v2\/types\/post"}],"author":[{"embeddable":true,"href":"https:\/\/www.sonnenseite.com\/de\/wp-json\/wp\/v2\/users\/3"}],"replies":[{"embeddable":true,"href":"https:\/\/www.sonnenseite.com\/de\/wp-json\/wp\/v2\/comments?post=103347"}],"version-history":[{"count":1,"href":"https:\/\/www.sonnenseite.com\/de\/wp-json\/wp\/v2\/posts\/103347\/revisions"}],"predecessor-version":[{"id":103348,"href":"https:\/\/www.sonnenseite.com\/de\/wp-json\/wp\/v2\/posts\/103347\/revisions\/103348"}],"wp:featuredmedia":[{"embeddable":true,"href":"https:\/\/www.sonnenseite.com\/de\/wp-json\/wp\/v2\/media\/76331"}],"wp:attachment":[{"href":"https:\/\/www.sonnenseite.com\/de\/wp-json\/wp\/v2\/media?parent=103347"}],"wp:term":[{"taxonomy":"category","embeddable":true,"href":"https:\/\/www.sonnenseite.com\/de\/wp-json\/wp\/v2\/categories?post=103347"},{"taxonomy":"post_tag","embeddable":true,"href":"https:\/\/www.sonnenseite.com\/de\/wp-json\/wp\/v2\/tags?post=103347"}],"curies":[{"name":"wp","href":"https:\/\/api.w.org\/{rel}","templated":true}]}}