{"id":103552,"date":"2024-11-28T02:33:00","date_gmt":"2024-11-28T01:33:00","guid":{"rendered":"https:\/\/www.sonnenseite.com\/?p=103552"},"modified":"2024-11-27T18:33:57","modified_gmt":"2024-11-27T17:33:57","slug":"wie-umgehen-mit-dem-15-grad-ziel","status":"publish","type":"post","link":"https:\/\/www.sonnenseite.com\/de\/umwelt\/wie-umgehen-mit-dem-15-grad-ziel\/","title":{"rendered":"Wie umgehen mit dem 1,5-Grad-Ziel?"},"content":{"rendered":"\n<p>Deutsches Klima-Konsortium gibt Empfehlungen angesichts des absehbaren Verfehlens des 1,5-Grad-Ziels<a href=\"http:\/\/www.facebook.com\/sharer.php?t=Wie+soll+die+Klimapolitik+mit+dem+1%2C5-Grad-Ziel+umgehen%3F&amp;u=https%3A%2F%2Fwww.mpg.de%2F23728323%2Fklima-1-5-grad-ziel-pariser-abkommen\" target=\"_blank\" rel=\"noreferrer noopener\"><\/a><a href=\"https:\/\/www.linkedin.com\/sharing\/share-offsite\/?url=https%3A%2F%2Fwww.mpg.de%2F23728323%2Fklima-1-5-grad-ziel-pariser-abkommen\" target=\"_blank\" rel=\"noreferrer noopener\"><\/a><a href=\"https:\/\/reddit.com\/submit?title=Wie+soll+die+Klimapolitik+mit+dem+1%2C5-Grad-Ziel+umgehen%3F&amp;url=https%3A%2F%2Fwww.mpg.de%2F23728323%2Fklima-1-5-grad-ziel-pariser-abkommen\" target=\"_blank\" rel=\"noreferrer noopener\"><\/a><a href=\"http:\/\/twitter.com\/intent\/tweet?text=Wie+soll+die+Klimapolitik+mit+dem+1%2C5-Grad-Ziel+umgehen%3F&amp;url=https%3A%2F%2Fwww.mpg.de%2F23728323%2Fklima-1-5-grad-ziel-pariser-abkommen\" target=\"_blank\" rel=\"noreferrer noopener\"><\/a><a href=\"https:\/\/www.xing.com\/spi\/shares\/new?url=https%3A%2F%2Fwww.mpg.de%2F23728323%2Fklima-1-5-grad-ziel-pariser-abkommen\" target=\"_blank\" rel=\"noreferrer noopener\"><\/a><a href=\"mailto:?body=https%3A%2F%2Fwww.mpg.de%2F23728323%2Fklima-1-5-grad-ziel-pariser-abkommen&amp;subject=Wie%20soll%20die%20Klimapolitik%20mit%20dem%201%2C5-Grad-Ziel%20umgehen%3F\"><\/a><a href=\"https:\/\/www.mpg.de\/23728323\/klima-1-5-grad-ziel-pariser-abkommen\"><\/a><\/p>\n\n\n\n<p>Das 1,5-Grad-Ziel ist zwar nicht mehr einzuhalten, eine Begrenzung der Erderw\u00e4rmung auf unter 2 Grad Celsius sollte aber weiter angestrebt werden. Denn je geringer der Temperaturanstieg ausf\u00e4llt, desto weniger Opfer und Sch\u00e4den wird es etwa durch D\u00fcrren oder \u00dcberschwemmungen geben. Zu diesem Schluss kommen die Autorinnen und Autoren eines Positionspapiers, das das Deutsche Klima-Konsortium, darunter das Max-Planck-Institut f\u00fcr Meteorologie, ver\u00f6ffentlicht hat. Die Wissenschaftlerinnen und Wissenschaftler nehmen Stellung dazu, wie die Klimapolitik mit dem 1,5-Grad-Ziel umgehen soll, das im Pariser Klimaabkommen formuliert wurde.<\/p>\n\n\n\n<p>Unter dem Eindruck der zerst\u00f6rerischen j\u00fcngsten Wetterextreme \u2013 wie beispielsweise den Starkniederschl\u00e4gen in Mitteleuropa und in Spanien oder den Tropenst\u00fcrmen in den USA und auf den Philippinen \u2013 fand vom 11. bis 22. November 2024 die 29. Weltklimakonferenz (Conference of the Parties, COP) in Baku (Aserbaidschan) statt. Die <a href=\"https:\/\/www.consilium.europa.eu\/en\/press\/press-releases\/2024\/10\/14\/un-climate-change-conference-eu-calls-for-efforts-to-keep-the-15-c-goal-within-reach\/\">Europ\u00e4ische Union wirbt bei diesem internationalen Treffen f\u00fcr ambitionierte Klimaschutzpl\u00e4ne<\/a>, das 1,5-Grad-Ziel einzuhalten: die Begrenzung der globalen Erw\u00e4rmung auf maximal 1,5 Grad Celsius gegen\u00fcber der vorindustriellen Zeit.<\/p>\n\n\n\n<p>Ob dieses Ziel noch realistisch ist, wird inzwischen vielfach infrage gestellt: Immerhin <a href=\"https:\/\/climate.copernicus.eu\/copernicus-2024-virtually-certain-be-warmest-year-and-first-year-above-15degc\">prognostizierte der EU-Klimadienst Copernicus<\/a> k\u00fcrzlich, dass das Jahr 2024 das erste sein wird, in dem die Durchschnittstemperatur die des Zeitraums von 1850 bis 1900 um <a href=\"https:\/\/climate.copernicus.eu\/copernicus-2024-virtually-certain-be-warmest-year-and-first-year-above-15degc\">mehr als 1,5 Grad Celsius \u00fcbersteigt<\/a>. Zwar geht es beim 1,5-Grad-Ziel nicht um ein einzelnes Jahr, sondern um einen Mittelwert \u00fcber 20 Jahre \u2013 doch auch dieser d\u00fcrfte Anfang der 2030er-Jahre die 1,5-Grad-Marke \u00fcberschreiten. Vor diesem Hintergrund hat das Deutsche Klima-Konsortium (DKK), zu dessen Mitgliedern das Max-Planck-Institut f\u00fcr Meteorologie geh\u00f6rt, Empfehlungen zum Umgang mit dem 1,5-Grad-Ziel gegeben. Jochem Marotzke, Direktor am Max-Planck-Institut f\u00fcr Meteorologie, hat das Positionspapier mitverfasst. Das DKK ist ein Zusammenschluss von 27 Institutionen der deutschen Klima- und Klimafolgenforschung.<\/p>\n\n\n\n<p>In sechs Kernbotschaften stellen die Autorinnen und Autoren des Positionspapiers unter anderem klar, dass sie bef\u00fcrworten, das absehbare Verfehlen des 1,5-Grad-Ziels offen zu kommunizieren. Au\u00dferdem erinnern sie an die genaue Formulierung der Pariser Klimaziele: die globale Erw\u00e4rmung auf deutlich unter zwei Grad zu begrenzen und Anstrengungen zu unternehmen, den Temperaturanstieg auf 1,5 Grad Celsius\u00a0 zu limitieren. <\/p>\n\n\n\n<p>Daran festzuhalten, die Erderw\u00e4rmung m\u00f6glichst auf und 2 Grad Celsius zu begrenzen, ist wichtig, da es bei einem Temperaturanstieg um 2 statt 1,5 Grad Celsius zu deutlich gr\u00f6\u00dferen Sch\u00e4den durch Extremereignisse wie D\u00fcrren und \u00dcberschwemmungen kommt. Das Pariser Abkommen sieht au\u00dferdem Treibhausgasneutralit\u00e4t in der zweiten H\u00e4lfte des 21. Jahrhunderts vor. Es ist v\u00f6lkerrechtlich verbindlich und steht nicht zur Disposition.<\/p>\n\n\n\n<h3 class=\"wp-block-heading\">Die Kernbotschaften im Wortlaut<\/h3>\n\n\n\n<ol class=\"wp-block-list\">\n<li><strong>Das absehbare \u00dcberschreiten des Zielwertes von 1,5 Grad Celsius sollte offen kommuniziert und im politischen Handeln ber\u00fccksichtigt werden. <\/strong>Der sechste IPCC-Sachstandsbericht konstatiert, dass das 20-Jahresmittel der globalen Temperaturerh\u00f6hung vermutlich Anfang der 2030er-Jahre die 1,5-Grad-Grenze \u00fcberschritten haben wird. Die Gestaltung der Klimaanpassung sollte von aktuell plausiblen Temperaturszenarien ausgehen und sich auf diese vorbereiten. Ungeachtet dessen sind weiterhin alle Anstrengungen zu unternehmen, den Temperaturanstieg nach Ma\u00dfgabe des Pariser Abkommens zu begrenzen.<\/li>\n\n\n\n<li><strong>1,5 Grad Celsius stellen keine physikalische Schwelle des Klimawandels dar. Es gibt keinen trennscharfen \u00dcbergang von einem sicheren Klima zu einem gef\u00e4hrlichen Klimawandel.<\/strong> Schon heute verursacht der Klimawandel in vielen Teilen der Welt erhebliche und zum Teil irreversible Sch\u00e4den. Die Ver\u00e4nderung der lokalen Durchschnittstemperatur weicht an vielen Orten deutlich nach oben und unten vom globalen Mittel ab.<\/li>\n\n\n\n<li><strong>Mit jedem weiteren Zuwachs an globaler Erw\u00e4rmung werden \u00c4nderungen von Extremen weiterhin gr\u00f6\u00dfer.<\/strong> Der Weltklimarat IPCC hat in seinem Sonderbericht zum 1,5-Grad-Ziel die Unterschiede in den erwartbaren Klimafolgen zwischen 1,5 und 2 Grad Celsius herausgearbeitet. Hier wird dargelegt, dass es bei 2 Grad Celsius erheblich mehr Klimasch\u00e4den geben wird als bei 1,5 Celsius. Im sechsten Sachstandsbericht des IPCC ist belegt, dass es bei jedem halben Grad Celsius weiteren Temperaturanstieg deutlich mehr Hitzewellen, Starkniederschl\u00e4ge und \u00dcberflutungen gibt.<\/li>\n\n\n\n<li><strong>Das Pariser Abkommen ist v\u00f6lkerrechtlich verbindlich und steht daher nicht zur Disposition.<\/strong> Es benennt das Ziel, die Erw\u00e4rmung auf deutlich unter 2 Grad Celsius zu begrenzen und konkretisiert dies mit Verweis auf die 1,5 Grad Celsius. Artikel 2 konstatiert, dass die \u201eBedrohung durch Klimawandel\u00e4nderungen\u201c gemindert werden soll, indem \u201eder Anstieg der durchschnittlichen Erdtemperatur deutlich unter 2 Grad Celsius \u00fcber dem vorindustriellen Niveau gehalten wird und Anstrengungen unternommen werden, um den Temperaturanstieg auf 1,5 Grad Celsius \u00fcber dem vorindustriellen Niveau zu begrenzen, da erkannt wurde, dass dies die Risiken und Auswirkungen der Klima\u00e4nderungen erheblich verringern w\u00fcrde\u201c. In Artikel 4 benennt das Pariser Abkommen das Ziel der Treibhausgasneutralit\u00e4t und legt hierf\u00fcr einen Zeithorizont fest. Der Artikel f\u00fchrt aus, \u201eso bald wie m\u00f6glich den weltweiten Scheitelpunkt der Emissionen von Treibhausgasen zu erreichen [&#8230;], um in der zweiten H\u00e4lfte dieses Jahrhunderts ein Gleichgewicht zwischen den anthropogenen Emissionen von Treibhausgasen aus Quellen und dem Abbau solcher Gase durch Senken [&#8230;] herzustellen\u201c. In dem von 195 Staaten sowie der EU verabschiedeten Pariser Abkommen ist somit politisch festgelegt, was als gef\u00e4hrlicher Klimawandel betrachtet wird und was durch angemessene politische Ma\u00dfnahmen zu vermeiden ist.<\/li>\n\n\n\n<li><strong>F\u00fcr das Temperaturziel legt das Pariser Abkommen keinen konkreten Zeithorizont fest.<\/strong> Allerdings kann der genaue Wortlaut \u201e<em>deutlich<\/em> unter 2\u00b0C&#8230;gehalten wird\u201c (Pariser Abkommen, Art. 2, Betonung hinzugef\u00fcgt) als ein Hinweis darauf interpretiert werden, dass der klimatisch gemittelte Temperaturanstieg dauerhaft und zu jeder Zeit deutlich unter 2 Grad Celsius gehalten werden soll. Gleichwohl entstand im Klimawandeldiskurs das Konzept des \u201eOvershoot\u201c, also eines tempor\u00e4ren \u00dcberschreitens des Temperaturziels von 1,5 Grad Celsius. Gel\u00e4nge ein auch nur tempor\u00e4res \u00dcberschreiten des Temperaturziels von 1,5 Grad Celsius, erh\u00f6ht dies dennoch das Risiko von irreversiblen Sch\u00e4den, zum Beispiel Korallensterben, Gletscherschmelzen, Biodiversit\u00e4tsverlust, Absterben des Amazonasregenwaldes.<\/li>\n\n\n\n<li><strong>Es sind insbesondere die gesellschaftlichen Treiber wie Konsumverhalten und Unternehmensstrategien, die der Einhaltung des 1,5-Grad-Ziels entgegenwirken. <\/strong>Die Gesellschaftswissenschaften liefern dazu relevante Hinweise; ebenso zu politischen Handlungsoptionen f\u00fcr ein Umsteuern. Bisher sind die getroffenen politischen Entscheidungen f\u00fcr das Erreichen der klimapolitischen Ziele, insbesondere f\u00fcr das Ziel der tiefen Dekarbonisierung, unzureichend. Vor allem steht die gro\u00dfe soziale Ungleichheit in vielen Gesellschaften der Welt einer Dekarbonisierung bis 2050 im Weg. Gleichwohl gibt es Entwicklungen, die das Erreichen des 1,5-Grad- Ziels bef\u00f6rdern und daher deutlicher herausgestellt werden sollten. Dazu geh\u00f6rt, dass heute global fast doppelt so viel in erneuerbare Energien investiert wird wie in fossile Energieerzeugung oder auch, dass die Kosten f\u00fcr Solarenergie in den letzten 20 Jahren um etwa 90 Prozent gesunken sind.<\/li>\n<\/ol>\n\n\n<h5 class=\"green\">Quelle<\/h5>\r\n\n\n\n<p><a href=\"https:\/\/www.mpg.de\/23728323\/klima-1-5-grad-ziel-pariser-abkommen\">MAX-PLANCK-GESELLSCHAFT 2024<\/a><\/p>\n<div class=\"shariff shariff-align-flex-start shariff-widget-align-flex-start\"><div class=\"ShariffHeadline\">Diese Meldung teilen<\/div><ul class=\"shariff-buttons theme-round orientation-horizontal buttonsize-medium\"><li class=\"shariff-button facebook shariff-nocustomcolor\" style=\"background-color:#4273c8;border-radius:1%\"><a href=\"https:\/\/www.facebook.com\/sharer\/sharer.php?u=https%3A%2F%2Fwww.sonnenseite.com%2Fde%2Fumwelt%2Fwie-umgehen-mit-dem-15-grad-ziel%2F\" title=\"Bei Facebook teilen\" aria-label=\"Bei Facebook teilen\" role=\"button\" rel=\"nofollow\" class=\"shariff-link\" style=\";border-radius:1%; background-color:#3b5998; color:#fff\" target=\"_blank\"><span class=\"shariff-icon\" style=\"\"><svg width=\"32px\" height=\"20px\" xmlns=\"http:\/\/www.w3.org\/2000\/svg\" viewBox=\"0 0 18 32\"><path fill=\"#3b5998\" d=\"M17.1 0.2v4.7h-2.8q-1.5 0-2.1 0.6t-0.5 1.9v3.4h5.2l-0.7 5.3h-4.5v13.6h-5.5v-13.6h-4.5v-5.3h4.5v-3.9q0-3.3 1.9-5.2t5-1.8q2.6 0 4.1 0.2z\"\/><\/svg><\/span><\/a><\/li><li class=\"shariff-button twitter shariff-nocustomcolor\" style=\"background-color:#595959;border-radius:1%\"><a href=\"https:\/\/twitter.com\/share?url=https%3A%2F%2Fwww.sonnenseite.com%2Fde%2Fumwelt%2Fwie-umgehen-mit-dem-15-grad-ziel%2F&text=Wie%20umgehen%20mit%20dem%201%2C5-Grad-Ziel%3F\" title=\"Bei X teilen\" aria-label=\"Bei X teilen\" role=\"button\" rel=\"noopener nofollow\" class=\"shariff-link\" style=\";border-radius:1%; background-color:#000; color:#fff\" target=\"_blank\"><span class=\"shariff-icon\" style=\"\"><svg width=\"32px\" height=\"20px\" xmlns=\"http:\/\/www.w3.org\/2000\/svg\" viewBox=\"0 0 24 24\"><path fill=\"#000\" d=\"M14.258 10.152L23.176 0h-2.113l-7.747 8.813L7.133 0H0l9.352 13.328L0 23.973h2.113l8.176-9.309 6.531 9.309h7.133zm-2.895 3.293l-.949-1.328L2.875 1.56h3.246l6.086 8.523.945 1.328 7.91 11.078h-3.246zm0 0\"\/><\/svg><\/span><\/a><\/li><li class=\"shariff-button xing shariff-nocustomcolor\" style=\"background-color:#29888a;border-radius:1%\"><a href=\"https:\/\/www.xing.com\/spi\/shares\/new?url=https%3A%2F%2Fwww.sonnenseite.com%2Fde%2Fumwelt%2Fwie-umgehen-mit-dem-15-grad-ziel%2F\" title=\"Bei XING teilen\" aria-label=\"Bei XING teilen\" role=\"button\" rel=\"noopener nofollow\" class=\"shariff-link\" style=\";border-radius:1%; background-color:#126567; color:#fff\" target=\"_blank\"><span class=\"shariff-icon\" style=\"\"><svg width=\"32px\" height=\"20px\" xmlns=\"http:\/\/www.w3.org\/2000\/svg\" viewBox=\"0 0 25 32\"><path fill=\"#126567\" d=\"M10.7 11.9q-0.2 0.3-4.6 8.2-0.5 0.8-1.2 0.8h-4.3q-0.4 0-0.5-0.3t0-0.6l4.5-8q0 0 0 0l-2.9-5q-0.2-0.4 0-0.7 0.2-0.3 0.5-0.3h4.3q0.7 0 1.2 0.8zM25.1 0.4q0.2 0.3 0 0.7l-9.4 16.7 6 11q0.2 0.4 0 0.6-0.2 0.3-0.6 0.3h-4.3q-0.7 0-1.2-0.8l-6-11.1q0.3-0.6 9.5-16.8 0.4-0.8 1.2-0.8h4.3q0.4 0 0.5 0.3z\"\/><\/svg><\/span><\/a><\/li><li class=\"shariff-button linkedin shariff-nocustomcolor\" style=\"background-color:#1488bf;border-radius:1%\"><a href=\"https:\/\/www.linkedin.com\/sharing\/share-offsite\/?url=https%3A%2F%2Fwww.sonnenseite.com%2Fde%2Fumwelt%2Fwie-umgehen-mit-dem-15-grad-ziel%2F\" title=\"Bei LinkedIn teilen\" aria-label=\"Bei LinkedIn teilen\" role=\"button\" rel=\"noopener nofollow\" class=\"shariff-link\" style=\";border-radius:1%; background-color:#0077b5; color:#fff\" target=\"_blank\"><span class=\"shariff-icon\" style=\"\"><svg width=\"32px\" height=\"20px\" xmlns=\"http:\/\/www.w3.org\/2000\/svg\" viewBox=\"0 0 27 32\"><path fill=\"#0077b5\" d=\"M6.2 11.2v17.7h-5.9v-17.7h5.9zM6.6 5.7q0 1.3-0.9 2.2t-2.4 0.9h0q-1.5 0-2.4-0.9t-0.9-2.2 0.9-2.2 2.4-0.9 2.4 0.9 0.9 2.2zM27.4 18.7v10.1h-5.9v-9.5q0-1.9-0.7-2.9t-2.3-1.1q-1.1 0-1.9 0.6t-1.2 1.5q-0.2 0.5-0.2 1.4v9.9h-5.9q0-7.1 0-11.6t0-5.3l0-0.9h5.9v2.6h0q0.4-0.6 0.7-1t1-0.9 1.6-0.8 2-0.3q3 0 4.9 2t1.9 6z\"\/><\/svg><\/span><\/a><\/li><li class=\"shariff-button printer shariff-nocustomcolor\" style=\"background-color:#a8a8a8;border-radius:1%\"><a href=\"javascript:window.print()\" title=\"drucken\" aria-label=\"drucken\" role=\"button\" rel=\"noopener nofollow\" class=\"shariff-link\" style=\";border-radius:1%; background-color:#999; color:#fff\"><span class=\"shariff-icon\" style=\"\"><svg width=\"32px\" height=\"20px\" xmlns=\"http:\/\/www.w3.org\/2000\/svg\" viewBox=\"0 0 30 32\"><path fill=\"#999\" d=\"M6.8 27.4h16v-4.6h-16v4.6zM6.8 16h16v-6.8h-2.8q-0.7 0-1.2-0.5t-0.5-1.2v-2.8h-11.4v11.4zM27.4 17.2q0-0.5-0.3-0.8t-0.8-0.4-0.8 0.4-0.3 0.8 0.3 0.8 0.8 0.3 0.8-0.3 0.3-0.8zM29.7 17.2v7.4q0 0.2-0.2 0.4t-0.4 0.2h-4v2.8q0 0.7-0.5 1.2t-1.2 0.5h-17.2q-0.7 0-1.2-0.5t-0.5-1.2v-2.8h-4q-0.2 0-0.4-0.2t-0.2-0.4v-7.4q0-1.4 1-2.4t2.4-1h1.2v-9.7q0-0.7 0.5-1.2t1.2-0.5h12q0.7 0 1.6 0.4t1.3 0.8l2.7 2.7q0.5 0.5 0.9 1.4t0.4 1.6v4.6h1.1q1.4 0 2.4 1t1 2.4z\"\/><\/svg><\/span><\/a><\/li><li class=\"shariff-button mailto shariff-nocustomcolor\" style=\"background-color:#a8a8a8;border-radius:1%\"><a href=\"mailto:?body=https%3A%2F%2Fwww.sonnenseite.com%2Fde%2Fumwelt%2Fwie-umgehen-mit-dem-15-grad-ziel%2F&subject=Wie%20umgehen%20mit%20dem%201%2C5-Grad-Ziel%3F\" title=\"Per E-Mail versenden\" aria-label=\"Per E-Mail versenden\" role=\"button\" rel=\"noopener nofollow\" class=\"shariff-link\" style=\";border-radius:1%; background-color:#999; color:#fff\"><span class=\"shariff-icon\" style=\"\"><svg width=\"32px\" height=\"20px\" xmlns=\"http:\/\/www.w3.org\/2000\/svg\" viewBox=\"0 0 32 32\"><path fill=\"#999\" d=\"M32 12.7v14.2q0 1.2-0.8 2t-2 0.9h-26.3q-1.2 0-2-0.9t-0.8-2v-14.2q0.8 0.9 1.8 1.6 6.5 4.4 8.9 6.1 1 0.8 1.6 1.2t1.7 0.9 2 0.4h0.1q0.9 0 2-0.4t1.7-0.9 1.6-1.2q3-2.2 8.9-6.1 1-0.7 1.8-1.6zM32 7.4q0 1.4-0.9 2.7t-2.2 2.2q-6.7 4.7-8.4 5.8-0.2 0.1-0.7 0.5t-1 0.7-0.9 0.6-1.1 0.5-0.9 0.2h-0.1q-0.4 0-0.9-0.2t-1.1-0.5-0.9-0.6-1-0.7-0.7-0.5q-1.6-1.1-4.7-3.2t-3.6-2.6q-1.1-0.7-2.1-2t-1-2.5q0-1.4 0.7-2.3t2.1-0.9h26.3q1.2 0 2 0.8t0.9 2z\"\/><\/svg><\/span><\/a><\/li><\/ul><\/div>","protected":false},"excerpt":{"rendered":"<p>Deutsches Klima-Konsortium gibt Empfehlungen angesichts des absehbaren Verfehlens des 1,5-Grad-Ziels Das 1,5-Grad-Ziel ist zwar nicht mehr [&hellip;]<\/p>\n","protected":false},"author":3,"featured_media":17664,"comment_status":"closed","ping_status":"closed","sticky":false,"template":"","format":"standard","meta":{"inline_featured_image":false,"footnotes":""},"categories":[23],"tags":[],"class_list":["post-103552","post","type-post","status-publish","format-standard","has-post-thumbnail","hentry","category-umwelt"],"yoast_head":"<!-- This site is optimized with the Yoast SEO plugin v26.5 - https:\/\/yoast.com\/wordpress\/plugins\/seo\/ -->\n<title>Wie umgehen mit dem 1,5-Grad-Ziel? - Sonnenseite - \u00d6kologische Kommunikation mit Franz Alt<\/title>\n<meta name=\"description\" content=\"Deutsches Klima-Konsortium gibt Empfehlungen angesichts des absehbaren Verfehlens des 1,5-Grad-Ziels Das 1,5-Grad-Ziel ist zwar nicht mehr einzuhalten,\" \/>\n<meta name=\"robots\" content=\"index, follow, max-snippet:-1, max-image-preview:large, max-video-preview:-1\" \/>\n<link rel=\"canonical\" href=\"https:\/\/www.sonnenseite.com\/de\/umwelt\/wie-umgehen-mit-dem-15-grad-ziel\/\" \/>\n<meta property=\"og:locale\" content=\"de_DE\" \/>\n<meta property=\"og:type\" content=\"article\" \/>\n<meta property=\"og:title\" content=\"Wie umgehen mit dem 1,5-Grad-Ziel? - Sonnenseite - \u00d6kologische Kommunikation mit Franz Alt\" \/>\n<meta property=\"og:description\" content=\"Deutsches Klima-Konsortium gibt Empfehlungen angesichts des absehbaren Verfehlens des 1,5-Grad-Ziels Das 1,5-Grad-Ziel ist zwar nicht mehr einzuhalten,\" \/>\n<meta property=\"og:url\" content=\"https:\/\/www.sonnenseite.com\/de\/umwelt\/wie-umgehen-mit-dem-15-grad-ziel\/\" \/>\n<meta property=\"og:site_name\" content=\"Sonnenseite\" \/>\n<meta property=\"article:publisher\" content=\"https:\/\/www.facebook.com\/pages\/Franz-Alt-SONNENSEITECOM\/221072987903953?fref=ts\" \/>\n<meta property=\"article:published_time\" content=\"2024-11-28T01:33:00+00:00\" \/>\n<meta property=\"og:image\" content=\"https:\/\/www.sonnenseite.com\/wp-content\/uploads\/2018\/06\/hurrikan_mechanik.jpg\" \/>\n\t<meta property=\"og:image:width\" content=\"770\" \/>\n\t<meta property=\"og:image:height\" content=\"420\" \/>\n\t<meta property=\"og:image:type\" content=\"image\/jpeg\" \/>\n<meta name=\"author\" content=\"Bigi Alt\" \/>\n<meta name=\"twitter:card\" content=\"summary_large_image\" \/>\n<meta name=\"twitter:creator\" content=\"@franzalt\" \/>\n<meta name=\"twitter:site\" content=\"@franzalt\" \/>\n<meta name=\"twitter:label1\" content=\"Verfasst von\" \/>\n\t<meta name=\"twitter:data1\" content=\"Bigi Alt\" \/>\n\t<meta name=\"twitter:label2\" content=\"Gesch\u00e4tzte Lesezeit\" \/>\n\t<meta name=\"twitter:data2\" content=\"6\u00a0Minuten\" \/>\n<script type=\"application\/ld+json\" class=\"yoast-schema-graph\">{\"@context\":\"https:\/\/schema.org\",\"@graph\":[{\"@type\":\"Article\",\"@id\":\"https:\/\/www.sonnenseite.com\/de\/umwelt\/wie-umgehen-mit-dem-15-grad-ziel\/#article\",\"isPartOf\":{\"@id\":\"https:\/\/www.sonnenseite.com\/de\/umwelt\/wie-umgehen-mit-dem-15-grad-ziel\/\"},\"author\":{\"name\":\"Bigi Alt\",\"@id\":\"https:\/\/www.sonnenseite.com\/de\/#\/schema\/person\/50fda0e926597684c7cc6695238a4eb9\"},\"headline\":\"Wie umgehen mit dem 1,5-Grad-Ziel?\",\"datePublished\":\"2024-11-28T01:33:00+00:00\",\"mainEntityOfPage\":{\"@id\":\"https:\/\/www.sonnenseite.com\/de\/umwelt\/wie-umgehen-mit-dem-15-grad-ziel\/\"},\"wordCount\":1042,\"publisher\":{\"@id\":\"https:\/\/www.sonnenseite.com\/de\/#organization\"},\"image\":{\"@id\":\"https:\/\/www.sonnenseite.com\/de\/umwelt\/wie-umgehen-mit-dem-15-grad-ziel\/#primaryimage\"},\"thumbnailUrl\":\"https:\/\/www.sonnenseite.com\/wp-content\/uploads\/2018\/06\/hurrikan_mechanik.jpg\",\"articleSection\":[\"Umwelt\"],\"inLanguage\":\"de\"},{\"@type\":\"WebPage\",\"@id\":\"https:\/\/www.sonnenseite.com\/de\/umwelt\/wie-umgehen-mit-dem-15-grad-ziel\/\",\"url\":\"https:\/\/www.sonnenseite.com\/de\/umwelt\/wie-umgehen-mit-dem-15-grad-ziel\/\",\"name\":\"Wie umgehen mit dem 1,5-Grad-Ziel? - Sonnenseite - \u00d6kologische Kommunikation mit Franz Alt\",\"isPartOf\":{\"@id\":\"https:\/\/www.sonnenseite.com\/de\/#website\"},\"primaryImageOfPage\":{\"@id\":\"https:\/\/www.sonnenseite.com\/de\/umwelt\/wie-umgehen-mit-dem-15-grad-ziel\/#primaryimage\"},\"image\":{\"@id\":\"https:\/\/www.sonnenseite.com\/de\/umwelt\/wie-umgehen-mit-dem-15-grad-ziel\/#primaryimage\"},\"thumbnailUrl\":\"https:\/\/www.sonnenseite.com\/wp-content\/uploads\/2018\/06\/hurrikan_mechanik.jpg\",\"datePublished\":\"2024-11-28T01:33:00+00:00\",\"description\":\"Deutsches Klima-Konsortium gibt Empfehlungen angesichts des absehbaren Verfehlens des 1,5-Grad-Ziels Das 1,5-Grad-Ziel ist zwar nicht mehr einzuhalten,\",\"breadcrumb\":{\"@id\":\"https:\/\/www.sonnenseite.com\/de\/umwelt\/wie-umgehen-mit-dem-15-grad-ziel\/#breadcrumb\"},\"inLanguage\":\"de\",\"potentialAction\":[{\"@type\":\"ReadAction\",\"target\":[\"https:\/\/www.sonnenseite.com\/de\/umwelt\/wie-umgehen-mit-dem-15-grad-ziel\/\"]}]},{\"@type\":\"ImageObject\",\"inLanguage\":\"de\",\"@id\":\"https:\/\/www.sonnenseite.com\/de\/umwelt\/wie-umgehen-mit-dem-15-grad-ziel\/#primaryimage\",\"url\":\"https:\/\/www.sonnenseite.com\/wp-content\/uploads\/2018\/06\/hurrikan_mechanik.jpg\",\"contentUrl\":\"https:\/\/www.sonnenseite.com\/wp-content\/uploads\/2018\/06\/hurrikan_mechanik.jpg\",\"width\":770,\"height\":420,\"caption\":\"Depositphotos | mechanik\"},{\"@type\":\"BreadcrumbList\",\"@id\":\"https:\/\/www.sonnenseite.com\/de\/umwelt\/wie-umgehen-mit-dem-15-grad-ziel\/#breadcrumb\",\"itemListElement\":[{\"@type\":\"ListItem\",\"position\":1,\"name\":\"Startseite\",\"item\":\"https:\/\/www.sonnenseite.com\/de\/\"},{\"@type\":\"ListItem\",\"position\":2,\"name\":\"Wie umgehen mit dem 1,5-Grad-Ziel?\"}]},{\"@type\":\"WebSite\",\"@id\":\"https:\/\/www.sonnenseite.com\/de\/#website\",\"url\":\"https:\/\/www.sonnenseite.com\/de\/\",\"name\":\"Sonnenseite\",\"description\":\"\u00d6kologische Kommunikation mit Franz Alt\",\"publisher\":{\"@id\":\"https:\/\/www.sonnenseite.com\/de\/#organization\"},\"potentialAction\":[{\"@type\":\"SearchAction\",\"target\":{\"@type\":\"EntryPoint\",\"urlTemplate\":\"https:\/\/www.sonnenseite.com\/de\/?s={search_term_string}\"},\"query-input\":{\"@type\":\"PropertyValueSpecification\",\"valueRequired\":true,\"valueName\":\"search_term_string\"}}],\"inLanguage\":\"de\"},{\"@type\":\"Organization\",\"@id\":\"https:\/\/www.sonnenseite.com\/de\/#organization\",\"name\":\"Sonnenseite\",\"url\":\"https:\/\/www.sonnenseite.com\/de\/\",\"logo\":{\"@type\":\"ImageObject\",\"inLanguage\":\"de\",\"@id\":\"https:\/\/www.sonnenseite.com\/de\/#\/schema\/logo\/image\/\",\"url\":\"https:\/\/www.sonnenseite.com\/wp-content\/uploads\/2020\/05\/Sonnenseite_Logo.png\",\"contentUrl\":\"https:\/\/www.sonnenseite.com\/wp-content\/uploads\/2020\/05\/Sonnenseite_Logo.png\",\"width\":377,\"height\":90,\"caption\":\"Sonnenseite\"},\"image\":{\"@id\":\"https:\/\/www.sonnenseite.com\/de\/#\/schema\/logo\/image\/\"},\"sameAs\":[\"https:\/\/www.facebook.com\/pages\/Franz-Alt-SONNENSEITECOM\/221072987903953?fref=ts\",\"https:\/\/x.com\/franzalt\",\"http:\/\/www.youtube.com\/results?search_query&amp;amp;quot;franz_alt&amp;amp;quot;&amp;amp;amp;amp;search_type&amp;amp;amp;amp;aq=f\"]},{\"@type\":\"Person\",\"@id\":\"https:\/\/www.sonnenseite.com\/de\/#\/schema\/person\/50fda0e926597684c7cc6695238a4eb9\",\"name\":\"Bigi Alt\"}]}<\/script>\n<!-- \/ Yoast SEO plugin. -->","yoast_head_json":{"title":"Wie umgehen mit dem 1,5-Grad-Ziel? - Sonnenseite - \u00d6kologische Kommunikation mit Franz Alt","description":"Deutsches Klima-Konsortium gibt Empfehlungen angesichts des absehbaren Verfehlens des 1,5-Grad-Ziels Das 1,5-Grad-Ziel ist zwar nicht mehr einzuhalten,","robots":{"index":"index","follow":"follow","max-snippet":"max-snippet:-1","max-image-preview":"max-image-preview:large","max-video-preview":"max-video-preview:-1"},"canonical":"https:\/\/www.sonnenseite.com\/de\/umwelt\/wie-umgehen-mit-dem-15-grad-ziel\/","og_locale":"de_DE","og_type":"article","og_title":"Wie umgehen mit dem 1,5-Grad-Ziel? - Sonnenseite - \u00d6kologische Kommunikation mit Franz Alt","og_description":"Deutsches Klima-Konsortium gibt Empfehlungen angesichts des absehbaren Verfehlens des 1,5-Grad-Ziels Das 1,5-Grad-Ziel ist zwar nicht mehr einzuhalten,","og_url":"https:\/\/www.sonnenseite.com\/de\/umwelt\/wie-umgehen-mit-dem-15-grad-ziel\/","og_site_name":"Sonnenseite","article_publisher":"https:\/\/www.facebook.com\/pages\/Franz-Alt-SONNENSEITECOM\/221072987903953?fref=ts","article_published_time":"2024-11-28T01:33:00+00:00","og_image":[{"width":770,"height":420,"url":"https:\/\/www.sonnenseite.com\/wp-content\/uploads\/2018\/06\/hurrikan_mechanik.jpg","type":"image\/jpeg"}],"author":"Bigi Alt","twitter_card":"summary_large_image","twitter_creator":"@franzalt","twitter_site":"@franzalt","twitter_misc":{"Verfasst von":"Bigi Alt","Gesch\u00e4tzte Lesezeit":"6\u00a0Minuten"},"schema":{"@context":"https:\/\/schema.org","@graph":[{"@type":"Article","@id":"https:\/\/www.sonnenseite.com\/de\/umwelt\/wie-umgehen-mit-dem-15-grad-ziel\/#article","isPartOf":{"@id":"https:\/\/www.sonnenseite.com\/de\/umwelt\/wie-umgehen-mit-dem-15-grad-ziel\/"},"author":{"name":"Bigi Alt","@id":"https:\/\/www.sonnenseite.com\/de\/#\/schema\/person\/50fda0e926597684c7cc6695238a4eb9"},"headline":"Wie umgehen mit dem 1,5-Grad-Ziel?","datePublished":"2024-11-28T01:33:00+00:00","mainEntityOfPage":{"@id":"https:\/\/www.sonnenseite.com\/de\/umwelt\/wie-umgehen-mit-dem-15-grad-ziel\/"},"wordCount":1042,"publisher":{"@id":"https:\/\/www.sonnenseite.com\/de\/#organization"},"image":{"@id":"https:\/\/www.sonnenseite.com\/de\/umwelt\/wie-umgehen-mit-dem-15-grad-ziel\/#primaryimage"},"thumbnailUrl":"https:\/\/www.sonnenseite.com\/wp-content\/uploads\/2018\/06\/hurrikan_mechanik.jpg","articleSection":["Umwelt"],"inLanguage":"de"},{"@type":"WebPage","@id":"https:\/\/www.sonnenseite.com\/de\/umwelt\/wie-umgehen-mit-dem-15-grad-ziel\/","url":"https:\/\/www.sonnenseite.com\/de\/umwelt\/wie-umgehen-mit-dem-15-grad-ziel\/","name":"Wie umgehen mit dem 1,5-Grad-Ziel? - Sonnenseite - \u00d6kologische Kommunikation mit Franz Alt","isPartOf":{"@id":"https:\/\/www.sonnenseite.com\/de\/#website"},"primaryImageOfPage":{"@id":"https:\/\/www.sonnenseite.com\/de\/umwelt\/wie-umgehen-mit-dem-15-grad-ziel\/#primaryimage"},"image":{"@id":"https:\/\/www.sonnenseite.com\/de\/umwelt\/wie-umgehen-mit-dem-15-grad-ziel\/#primaryimage"},"thumbnailUrl":"https:\/\/www.sonnenseite.com\/wp-content\/uploads\/2018\/06\/hurrikan_mechanik.jpg","datePublished":"2024-11-28T01:33:00+00:00","description":"Deutsches Klima-Konsortium gibt Empfehlungen angesichts des absehbaren Verfehlens des 1,5-Grad-Ziels Das 1,5-Grad-Ziel ist zwar nicht mehr einzuhalten,","breadcrumb":{"@id":"https:\/\/www.sonnenseite.com\/de\/umwelt\/wie-umgehen-mit-dem-15-grad-ziel\/#breadcrumb"},"inLanguage":"de","potentialAction":[{"@type":"ReadAction","target":["https:\/\/www.sonnenseite.com\/de\/umwelt\/wie-umgehen-mit-dem-15-grad-ziel\/"]}]},{"@type":"ImageObject","inLanguage":"de","@id":"https:\/\/www.sonnenseite.com\/de\/umwelt\/wie-umgehen-mit-dem-15-grad-ziel\/#primaryimage","url":"https:\/\/www.sonnenseite.com\/wp-content\/uploads\/2018\/06\/hurrikan_mechanik.jpg","contentUrl":"https:\/\/www.sonnenseite.com\/wp-content\/uploads\/2018\/06\/hurrikan_mechanik.jpg","width":770,"height":420,"caption":"Depositphotos | mechanik"},{"@type":"BreadcrumbList","@id":"https:\/\/www.sonnenseite.com\/de\/umwelt\/wie-umgehen-mit-dem-15-grad-ziel\/#breadcrumb","itemListElement":[{"@type":"ListItem","position":1,"name":"Startseite","item":"https:\/\/www.sonnenseite.com\/de\/"},{"@type":"ListItem","position":2,"name":"Wie umgehen mit dem 1,5-Grad-Ziel?"}]},{"@type":"WebSite","@id":"https:\/\/www.sonnenseite.com\/de\/#website","url":"https:\/\/www.sonnenseite.com\/de\/","name":"Sonnenseite","description":"\u00d6kologische Kommunikation mit Franz Alt","publisher":{"@id":"https:\/\/www.sonnenseite.com\/de\/#organization"},"potentialAction":[{"@type":"SearchAction","target":{"@type":"EntryPoint","urlTemplate":"https:\/\/www.sonnenseite.com\/de\/?s={search_term_string}"},"query-input":{"@type":"PropertyValueSpecification","valueRequired":true,"valueName":"search_term_string"}}],"inLanguage":"de"},{"@type":"Organization","@id":"https:\/\/www.sonnenseite.com\/de\/#organization","name":"Sonnenseite","url":"https:\/\/www.sonnenseite.com\/de\/","logo":{"@type":"ImageObject","inLanguage":"de","@id":"https:\/\/www.sonnenseite.com\/de\/#\/schema\/logo\/image\/","url":"https:\/\/www.sonnenseite.com\/wp-content\/uploads\/2020\/05\/Sonnenseite_Logo.png","contentUrl":"https:\/\/www.sonnenseite.com\/wp-content\/uploads\/2020\/05\/Sonnenseite_Logo.png","width":377,"height":90,"caption":"Sonnenseite"},"image":{"@id":"https:\/\/www.sonnenseite.com\/de\/#\/schema\/logo\/image\/"},"sameAs":["https:\/\/www.facebook.com\/pages\/Franz-Alt-SONNENSEITECOM\/221072987903953?fref=ts","https:\/\/x.com\/franzalt","http:\/\/www.youtube.com\/results?search_query&amp;amp;quot;franz_alt&amp;amp;quot;&amp;amp;amp;amp;search_type&amp;amp;amp;amp;aq=f"]},{"@type":"Person","@id":"https:\/\/www.sonnenseite.com\/de\/#\/schema\/person\/50fda0e926597684c7cc6695238a4eb9","name":"Bigi Alt"}]}},"_links":{"self":[{"href":"https:\/\/www.sonnenseite.com\/de\/wp-json\/wp\/v2\/posts\/103552","targetHints":{"allow":["GET"]}}],"collection":[{"href":"https:\/\/www.sonnenseite.com\/de\/wp-json\/wp\/v2\/posts"}],"about":[{"href":"https:\/\/www.sonnenseite.com\/de\/wp-json\/wp\/v2\/types\/post"}],"author":[{"embeddable":true,"href":"https:\/\/www.sonnenseite.com\/de\/wp-json\/wp\/v2\/users\/3"}],"replies":[{"embeddable":true,"href":"https:\/\/www.sonnenseite.com\/de\/wp-json\/wp\/v2\/comments?post=103552"}],"version-history":[{"count":3,"href":"https:\/\/www.sonnenseite.com\/de\/wp-json\/wp\/v2\/posts\/103552\/revisions"}],"predecessor-version":[{"id":103555,"href":"https:\/\/www.sonnenseite.com\/de\/wp-json\/wp\/v2\/posts\/103552\/revisions\/103555"}],"wp:featuredmedia":[{"embeddable":true,"href":"https:\/\/www.sonnenseite.com\/de\/wp-json\/wp\/v2\/media\/17664"}],"wp:attachment":[{"href":"https:\/\/www.sonnenseite.com\/de\/wp-json\/wp\/v2\/media?parent=103552"}],"wp:term":[{"taxonomy":"category","embeddable":true,"href":"https:\/\/www.sonnenseite.com\/de\/wp-json\/wp\/v2\/categories?post=103552"},{"taxonomy":"post_tag","embeddable":true,"href":"https:\/\/www.sonnenseite.com\/de\/wp-json\/wp\/v2\/tags?post=103552"}],"curies":[{"name":"wp","href":"https:\/\/api.w.org\/{rel}","templated":true}]}}