{"id":103745,"date":"2024-12-06T02:25:00","date_gmt":"2024-12-06T01:25:00","guid":{"rendered":"https:\/\/www.sonnenseite.com\/?p=103745"},"modified":"2024-12-06T10:24:59","modified_gmt":"2024-12-06T09:24:59","slug":"europa-senkt-die-feinstaubgrenzwerte","status":"publish","type":"post","link":"https:\/\/www.sonnenseite.com\/de\/umwelt\/europa-senkt-die-feinstaubgrenzwerte\/","title":{"rendered":"Europa senkt die Feinstaubgrenzwerte"},"content":{"rendered":"\n<p>Gr\u00f6\u00dftes umweltbedingtes Gesundheitsrisiko: Luftverschmutzung &#8211; Neue EU-Richtlinie n\u00e4hert die Grenzwerte den WHO-Empfehlungen an.<br><br>Die Luftverschmutzung ist das gr\u00f6\u00dfte umweltbedingte Gesundheitsrisiko in Europa, da Schadstoffe sowohl f\u00fcr den Menschen als auch f\u00fcr die Umwelt \u00e4u\u00dferst negative Auswirkungen haben k\u00f6nnen. J\u00e4hrlich sind in Europa etwa 300 000 vorzeitige Todesf\u00e4lle auf die Luftverschmutzung zur\u00fcckzuf\u00fchren.<br><br>Im Jahr 2021 war alleine die Belastung mit Feinstaubpartikeln mit einem Durchmesser von weniger als 2,5 Mikrometer (PM2,5) f\u00fcr 6% der Lungenkrebs-Krankheitslast, 5% der Krankheitslast durch Chronisch Obstruktive Lungenerkrankung (COPD ), 9% der Schlaganfall-Krankheitslast, 8% der Krankheitslast durch isch\u00e4mische Herzerkrankungen und 8% der Krankheitslast durch Diabetes Typ 2 verantwortlich. Im Jahr 2020 gingen 28.900 vorzeitige Todesf\u00e4lle in Deutschland auf PM2,5 zur\u00fcck, so ein Papier des CPHP (Centre for Planetary Health Policy, Berlin).<br><br>Um die Herausforderung anzugehen, hat die Europ\u00e4ische Kommission im Oktober 2022 im Rahmen des Null-Schadstoff-Aktionsplans der EU die \u00dcberarbeitung und Konsolidierung von zwei Luftqualit\u00e4tsrichtlinien vorgeschlagen. Im Februar 2024 wurde zwischen den beiden gesetzgebenden Organen eine Einigung \u00fcber die endg\u00fcltige Form des Textes erzielt.<br><br>Am 14. Oktober 2024 hat der Rat\u00a0 eine Richtlinie zur Festlegung aktualisierter Luftqualit\u00e4tsnormen in der gesamten EU dann f\u00f6rmlich angenommen. Mit dieser neuen Richtlinie werden die EU-Vorschriften \u00fcber die Luftqualit\u00e4t vereinfacht, indem die beiden bestehenden EU-Richtlinien zu einer einzigen zusammengefasst werden. Ziel ist es, die Luftqualit\u00e4tsnormen an die Empfehlungen der Weltgesundheitsorganisation (WHO) anzugleichen.<br><br>Die\u00a0<strong><a href=\"https:\/\/eur-lex.europa.eu\/legal-content\/DE\/TXT\/?uri=CELEX:32024L2881\" target=\"_blank\" rel=\"noreferrer noopener\">Ver\u00f6ffentlichung im Amtsblatt der Europ\u00e4ischen Union<\/a><\/strong>\u00a0erfolgte am 20.11.2024. Damit tritt die Richtlinie (EU) 2024\/2881 des Europ\u00e4ischen Parlaments und des Rates vom 23. Oktober 2024 \u00fcber Luftqualit\u00e4t und saubere Luft f\u00fcr Europa (Neufassung) wie \u00fcblich am zwanzigsten Tag nach der Ver\u00f6ffentlichung in Kraft.<br><br><strong>Eine Pandemie in Zeitlupe<\/strong><br><br>Die Einigung bedeute eine \u201cAbkehr von veralteten Standards, die teilweise 15 bis 20 Jahre alt sind\u201d, erkl\u00e4rte der zust\u00e4ndige Verhandlungsf\u00fchrer im Europaparlament, der spanische Sozialdemokrat Javi L\u00f3pez. Die Luftverschmutzung sei eine \u201cPandemie in Zeitlupe\u201d, die in der EU immer noch zahlreiche Krankheiten verursache.<br><br>In der \u00fcberarbeiteten Richtlinie wird die Gesundheit der EU-B\u00fcrgerinnen und B\u00fcrger in den Vordergrund ger\u00fcckt; so werden im Hinblick auf Schadstoffe neue Luftqualit\u00e4tsnormen festgelegt, die bis 2030 erf\u00fcllt werden m\u00fcssen und enger an die Luftqualit\u00e4tsleitlinien der WHO angeglichen sind. Diese Anpassung an die strengeren Richtlinien der\u00a0 WHO war von Umweltverb\u00e4nden, Arbeitssicherheitsexperten\u00a0 und \u00c4rzten schon lange gefordert worden.<br><br>Zu diesen Schadstoffen geh\u00f6ren u.\u00a0a. Partikel PM<sub>10<\/sub>\u00a0und PM<sub>2,5<\/sub>, Stickstoffdioxid und Schwefeldioxid, die bekannterma\u00dfen alle Atembeschwerden verursachen. Die Mitgliedstaaten k\u00f6nnen eine Verl\u00e4ngerung der Frist \u2013 derzeit 2030 \u2013 beantragen, wenn bestimmte Bedingungen erf\u00fcllt sind.<br><br>Die Luftqualit\u00e4t wird anhand einheitlicher Methoden und Kriterien in der gesamten EU bewertet; die \u00fcberarbeitete Richtlinie enth\u00e4lt weitere Verbesserungen bei der \u00dcberwachung und Modellierung der Luftqualit\u00e4t.<br><br>Mit der \u00fcberarbeiteten Ma\u00dfnahme wird auch\u00a0<strong>fr\u00fchzeitiges Handeln<\/strong>\u00a0gew\u00e4hrleistet; so m\u00fcssen Luftqualit\u00e4tsfahrpl\u00e4ne\u00a0<strong>vor 2030<\/strong>\u00a0ausgearbeitet werden, falls das Risiko besteht, dass die neuen Normen bis zu diesem Zeitpunkt nicht erreicht werden.<br><br>Die Luftqualit\u00e4tsnormen werden im Einklang mit den\u00a0<strong>aktuellsten wissenschaftlichen Erkenntnissen<\/strong>\u00a0regelm\u00e4\u00dfig \u00fcberpr\u00fcft, um zu beurteilen, ob sie weiterhin angemessen sind.<br><br><strong>Und drinnen???<\/strong><br><br>Ein entscheidender Schritt hin zu mehr Luftqualit\u00e4t in der EU. Ein politischer Schritt, der Menschenleben rettet und Gesundheitsgef\u00e4hrdung durch Schadstoffe in der Luft, die wir atmen, verringert. Drau\u00dfen zumindest.<br><br>Mitte November herrschte in Wien, \u00d6sterreich, wieder einmal Smogalarm. Die Feinstaub-Grenzwerte an den Luftg\u00fctemesstellen waren \u00fcberschritten. Neugeborene, Schwangere oder Vorbelastete sollten deshalb l\u00e4ngere Aufenthalte im Freien meiden, und auch Gesunde auf Sport im Freien und k\u00f6rperlich anstrengende Bet\u00e4tigungen verzichten.<br><br>Wohl nicht ganz ernst gemeint, aber durchaus berechtigt, fragte da jemand in einem Kommentar: \u201c<strong>Darf ich drinnen auf dem Laufband laufen?\u00a0<\/strong>Weil wenn ich l\u00fcfte kommt ja die Feinstaub-Luft rein? Oder legt der sich eh wieder? Oder mit Maske?\u201d<br><br>Wie ernst oder auch nicht dieser Kommentar gemeint war, er trifft ins Schwarze. Die Qualit\u00e4t der Innenraumluft oder genauer gesagt, ihre Belastung etwa durch Aerosole mit Viren und Bakterien, war in der Pandemie ein gro\u00dfes Thema \u2026 und ist mit dem Ende der Pandemie in der Versenkung verschwunden wie Tausende von teuren mit Steuergeldern angeschafften Luftreinigern. Nun sind zwar die Coronaviren nicht mehr so geballt in der Luft in Innenr\u00e4umen zu finden, doch all die Partikel aus Abgasen und Abrieb, die drau\u00dfen in der Luft schweben, verschwinden ja nicht beim Passieren von T\u00fcren und Fenstern\u2026 Kerzen und Kamine in Wohnungen, Gabelstapler, Verpackungen und Schleif- und Schneidabrieb in Industriehallen, Logistikzentren und Werkst\u00e4tten f\u00fcgen dieser Luft weitere Mengen an Feinstaub hinzu.<br><br>F\u00fcr die Innenraumluft gibt es aber gar keine rechtlich verbindlichen Grenzwerte oder solche, die weit \u00fcber denen der Au\u00dfenluft liegen.\u00a0 Doch in der Luft drinnen halten zumindest wir Europ\u00e4er uns viel l\u00e4nger am Tag auf als in der Au\u00dfenluft. Paradoxe Regelungen, verkehrte Welt?<br><br>Um die Gesundheitsgef\u00e4hrdung von Menschen durch einen hohen Reststaubgehalt der Luft am Arbeitsplatz zu reduzieren, ist Eigeninitiative von Unternehmern, Arbeitsschutzbeauftragten, Produktionsleitern, Betriebsr\u00e4ten\u2026<br><br>Das kostet. Zeit. Auch Geld. Genauso wie die Umsetzung der EU-Richtlinie. Doch mittel- und langfristig gesehen zahlt eine solche Sorge f\u00fcr die Mitarbeiter sich aus.<br><br>Mit einfach einzusetzenden\u00a0<strong><a href=\"https:\/\/www.euromate.com\/group\/de\/luftqualitaet-messen\/\" target=\"_blank\" rel=\"noreferrer noopener\">Sensoren zur Messung der Luftqualit\u00e4t vor Ort<\/a><\/strong>\u00a0\u2013 drinnen! \u2013 unterst\u00fctzt Euromate jedwede Eigeninitiative zur<a href=\"https:\/\/www.euromate.com\/group\/de\/feinstaub\/\" target=\"_blank\" rel=\"noreferrer noopener\"> Verbesserung der Luftreinheit am Arbeitsplatz<\/a>.\u00a0 Denn erst wenn man wei\u00df, ob die Luft Schadstoffe enth\u00e4lt und wo und wann sich Verschmutzungsspitzen finden, gibt es eine solide Grundlage f\u00fcr mutige unternehmerische Entscheidungen.<\/p>\n\n\n<h5 class=\"green\">Quelle<\/h5>\r\n\n\n\n<p><a href=\"https:\/\/www.pressebox.de\/pressemitteilung\/euromate-gmbh\/europa-senkt-die-feinstaubgrenzwerte\/boxid\/1227258?hId=PM20241204x5574&amp;utm_source=PresseMail-PM20241204&amp;utm_medium=Email&amp;utm_campaign=1227258&amp;utm_content=5574\">PRESSEBOX 2024<\/a> | <a href=\"https:\/\/www.euromate.com\/group\/de\/blogs\/europa-senkt-die-feinstaubgrenzwerte\/\">Eine Story von EUROMATE GMBH 2024<\/a> <\/p>\n\n\n\n<p><\/p>\n<div class=\"shariff shariff-align-flex-start shariff-widget-align-flex-start\"><div class=\"ShariffHeadline\">Diese Meldung teilen<\/div><ul class=\"shariff-buttons theme-round orientation-horizontal buttonsize-medium\"><li class=\"shariff-button facebook shariff-nocustomcolor\" style=\"background-color:#4273c8;border-radius:1%\"><a href=\"https:\/\/www.facebook.com\/sharer\/sharer.php?u=https%3A%2F%2Fwww.sonnenseite.com%2Fde%2Fumwelt%2Feuropa-senkt-die-feinstaubgrenzwerte%2F\" title=\"Bei Facebook teilen\" aria-label=\"Bei Facebook teilen\" role=\"button\" rel=\"nofollow\" class=\"shariff-link\" style=\";border-radius:1%; background-color:#3b5998; color:#fff\" target=\"_blank\"><span class=\"shariff-icon\" style=\"\"><svg width=\"32px\" height=\"20px\" xmlns=\"http:\/\/www.w3.org\/2000\/svg\" viewBox=\"0 0 18 32\"><path fill=\"#3b5998\" d=\"M17.1 0.2v4.7h-2.8q-1.5 0-2.1 0.6t-0.5 1.9v3.4h5.2l-0.7 5.3h-4.5v13.6h-5.5v-13.6h-4.5v-5.3h4.5v-3.9q0-3.3 1.9-5.2t5-1.8q2.6 0 4.1 0.2z\"\/><\/svg><\/span><\/a><\/li><li class=\"shariff-button twitter shariff-nocustomcolor\" style=\"background-color:#595959;border-radius:1%\"><a href=\"https:\/\/twitter.com\/share?url=https%3A%2F%2Fwww.sonnenseite.com%2Fde%2Fumwelt%2Feuropa-senkt-die-feinstaubgrenzwerte%2F&text=Europa%20senkt%20die%20Feinstaubgrenzwerte\" title=\"Bei X teilen\" aria-label=\"Bei X teilen\" role=\"button\" rel=\"noopener nofollow\" class=\"shariff-link\" style=\";border-radius:1%; background-color:#000; color:#fff\" target=\"_blank\"><span class=\"shariff-icon\" style=\"\"><svg width=\"32px\" height=\"20px\" xmlns=\"http:\/\/www.w3.org\/2000\/svg\" viewBox=\"0 0 24 24\"><path fill=\"#000\" d=\"M14.258 10.152L23.176 0h-2.113l-7.747 8.813L7.133 0H0l9.352 13.328L0 23.973h2.113l8.176-9.309 6.531 9.309h7.133zm-2.895 3.293l-.949-1.328L2.875 1.56h3.246l6.086 8.523.945 1.328 7.91 11.078h-3.246zm0 0\"\/><\/svg><\/span><\/a><\/li><li class=\"shariff-button xing shariff-nocustomcolor\" style=\"background-color:#29888a;border-radius:1%\"><a href=\"https:\/\/www.xing.com\/spi\/shares\/new?url=https%3A%2F%2Fwww.sonnenseite.com%2Fde%2Fumwelt%2Feuropa-senkt-die-feinstaubgrenzwerte%2F\" title=\"Bei XING teilen\" aria-label=\"Bei XING teilen\" role=\"button\" rel=\"noopener nofollow\" class=\"shariff-link\" style=\";border-radius:1%; background-color:#126567; color:#fff\" target=\"_blank\"><span class=\"shariff-icon\" style=\"\"><svg width=\"32px\" height=\"20px\" xmlns=\"http:\/\/www.w3.org\/2000\/svg\" viewBox=\"0 0 25 32\"><path fill=\"#126567\" d=\"M10.7 11.9q-0.2 0.3-4.6 8.2-0.5 0.8-1.2 0.8h-4.3q-0.4 0-0.5-0.3t0-0.6l4.5-8q0 0 0 0l-2.9-5q-0.2-0.4 0-0.7 0.2-0.3 0.5-0.3h4.3q0.7 0 1.2 0.8zM25.1 0.4q0.2 0.3 0 0.7l-9.4 16.7 6 11q0.2 0.4 0 0.6-0.2 0.3-0.6 0.3h-4.3q-0.7 0-1.2-0.8l-6-11.1q0.3-0.6 9.5-16.8 0.4-0.8 1.2-0.8h4.3q0.4 0 0.5 0.3z\"\/><\/svg><\/span><\/a><\/li><li class=\"shariff-button linkedin shariff-nocustomcolor\" style=\"background-color:#1488bf;border-radius:1%\"><a href=\"https:\/\/www.linkedin.com\/sharing\/share-offsite\/?url=https%3A%2F%2Fwww.sonnenseite.com%2Fde%2Fumwelt%2Feuropa-senkt-die-feinstaubgrenzwerte%2F\" title=\"Bei LinkedIn teilen\" aria-label=\"Bei LinkedIn teilen\" role=\"button\" rel=\"noopener nofollow\" class=\"shariff-link\" style=\";border-radius:1%; background-color:#0077b5; color:#fff\" target=\"_blank\"><span class=\"shariff-icon\" style=\"\"><svg width=\"32px\" height=\"20px\" xmlns=\"http:\/\/www.w3.org\/2000\/svg\" viewBox=\"0 0 27 32\"><path fill=\"#0077b5\" d=\"M6.2 11.2v17.7h-5.9v-17.7h5.9zM6.6 5.7q0 1.3-0.9 2.2t-2.4 0.9h0q-1.5 0-2.4-0.9t-0.9-2.2 0.9-2.2 2.4-0.9 2.4 0.9 0.9 2.2zM27.4 18.7v10.1h-5.9v-9.5q0-1.9-0.7-2.9t-2.3-1.1q-1.1 0-1.9 0.6t-1.2 1.5q-0.2 0.5-0.2 1.4v9.9h-5.9q0-7.1 0-11.6t0-5.3l0-0.9h5.9v2.6h0q0.4-0.6 0.7-1t1-0.9 1.6-0.8 2-0.3q3 0 4.9 2t1.9 6z\"\/><\/svg><\/span><\/a><\/li><li class=\"shariff-button printer shariff-nocustomcolor\" style=\"background-color:#a8a8a8;border-radius:1%\"><a href=\"javascript:window.print()\" title=\"drucken\" aria-label=\"drucken\" role=\"button\" rel=\"noopener nofollow\" class=\"shariff-link\" style=\";border-radius:1%; background-color:#999; color:#fff\"><span class=\"shariff-icon\" style=\"\"><svg width=\"32px\" height=\"20px\" xmlns=\"http:\/\/www.w3.org\/2000\/svg\" viewBox=\"0 0 30 32\"><path fill=\"#999\" d=\"M6.8 27.4h16v-4.6h-16v4.6zM6.8 16h16v-6.8h-2.8q-0.7 0-1.2-0.5t-0.5-1.2v-2.8h-11.4v11.4zM27.4 17.2q0-0.5-0.3-0.8t-0.8-0.4-0.8 0.4-0.3 0.8 0.3 0.8 0.8 0.3 0.8-0.3 0.3-0.8zM29.7 17.2v7.4q0 0.2-0.2 0.4t-0.4 0.2h-4v2.8q0 0.7-0.5 1.2t-1.2 0.5h-17.2q-0.7 0-1.2-0.5t-0.5-1.2v-2.8h-4q-0.2 0-0.4-0.2t-0.2-0.4v-7.4q0-1.4 1-2.4t2.4-1h1.2v-9.7q0-0.7 0.5-1.2t1.2-0.5h12q0.7 0 1.6 0.4t1.3 0.8l2.7 2.7q0.5 0.5 0.9 1.4t0.4 1.6v4.6h1.1q1.4 0 2.4 1t1 2.4z\"\/><\/svg><\/span><\/a><\/li><li class=\"shariff-button mailto shariff-nocustomcolor\" style=\"background-color:#a8a8a8;border-radius:1%\"><a href=\"mailto:?body=https%3A%2F%2Fwww.sonnenseite.com%2Fde%2Fumwelt%2Feuropa-senkt-die-feinstaubgrenzwerte%2F&subject=Europa%20senkt%20die%20Feinstaubgrenzwerte\" title=\"Per E-Mail versenden\" aria-label=\"Per E-Mail versenden\" role=\"button\" rel=\"noopener nofollow\" class=\"shariff-link\" style=\";border-radius:1%; background-color:#999; color:#fff\"><span class=\"shariff-icon\" style=\"\"><svg width=\"32px\" height=\"20px\" xmlns=\"http:\/\/www.w3.org\/2000\/svg\" viewBox=\"0 0 32 32\"><path fill=\"#999\" d=\"M32 12.7v14.2q0 1.2-0.8 2t-2 0.9h-26.3q-1.2 0-2-0.9t-0.8-2v-14.2q0.8 0.9 1.8 1.6 6.5 4.4 8.9 6.1 1 0.8 1.6 1.2t1.7 0.9 2 0.4h0.1q0.9 0 2-0.4t1.7-0.9 1.6-1.2q3-2.2 8.9-6.1 1-0.7 1.8-1.6zM32 7.4q0 1.4-0.9 2.7t-2.2 2.2q-6.7 4.7-8.4 5.8-0.2 0.1-0.7 0.5t-1 0.7-0.9 0.6-1.1 0.5-0.9 0.2h-0.1q-0.4 0-0.9-0.2t-1.1-0.5-0.9-0.6-1-0.7-0.7-0.5q-1.6-1.1-4.7-3.2t-3.6-2.6q-1.1-0.7-2.1-2t-1-2.5q0-1.4 0.7-2.3t2.1-0.9h26.3q1.2 0 2 0.8t0.9 2z\"\/><\/svg><\/span><\/a><\/li><\/ul><\/div>","protected":false},"excerpt":{"rendered":"<p>Gr\u00f6\u00dftes umweltbedingtes Gesundheitsrisiko: Luftverschmutzung &#8211; Neue EU-Richtlinie n\u00e4hert die Grenzwerte den WHO-Empfehlungen an. Die Luftverschmutzung ist [&hellip;]<\/p>\n","protected":false},"author":3,"featured_media":103746,"comment_status":"closed","ping_status":"closed","sticky":false,"template":"","format":"standard","meta":{"inline_featured_image":false,"footnotes":""},"categories":[23],"tags":[],"class_list":["post-103745","post","type-post","status-publish","format-standard","has-post-thumbnail","hentry","category-umwelt"],"yoast_head":"<!-- This site is optimized with the Yoast SEO plugin v26.5 - https:\/\/yoast.com\/wordpress\/plugins\/seo\/ -->\n<title>Europa senkt die Feinstaubgrenzwerte - Sonnenseite - \u00d6kologische Kommunikation mit Franz Alt<\/title>\n<meta name=\"description\" content=\"Gr\u00f6\u00dftes umweltbedingtes Gesundheitsrisiko: Luftverschmutzung - Neue EU-Richtlinie n\u00e4hert die Grenzwerte den WHO-Empfehlungen an.Die Luftverschmutzung ist\" \/>\n<meta name=\"robots\" content=\"index, follow, max-snippet:-1, max-image-preview:large, max-video-preview:-1\" \/>\n<link rel=\"canonical\" href=\"https:\/\/www.sonnenseite.com\/de\/umwelt\/europa-senkt-die-feinstaubgrenzwerte\/\" \/>\n<meta property=\"og:locale\" content=\"de_DE\" \/>\n<meta property=\"og:type\" content=\"article\" \/>\n<meta property=\"og:title\" content=\"Europa senkt die Feinstaubgrenzwerte - Sonnenseite - \u00d6kologische Kommunikation mit Franz Alt\" \/>\n<meta property=\"og:description\" content=\"Gr\u00f6\u00dftes umweltbedingtes Gesundheitsrisiko: Luftverschmutzung - Neue EU-Richtlinie n\u00e4hert die Grenzwerte den WHO-Empfehlungen an.Die Luftverschmutzung ist\" \/>\n<meta property=\"og:url\" content=\"https:\/\/www.sonnenseite.com\/de\/umwelt\/europa-senkt-die-feinstaubgrenzwerte\/\" \/>\n<meta property=\"og:site_name\" content=\"Sonnenseite\" \/>\n<meta property=\"article:publisher\" content=\"https:\/\/www.facebook.com\/pages\/Franz-Alt-SONNENSEITECOM\/221072987903953?fref=ts\" \/>\n<meta property=\"article:published_time\" content=\"2024-12-06T01:25:00+00:00\" \/>\n<meta property=\"article:modified_time\" content=\"2024-12-06T09:24:59+00:00\" \/>\n<meta property=\"og:image\" content=\"https:\/\/www.sonnenseite.com\/wp-content\/uploads\/2024\/12\/Feinstaub_Francescoscatena.jpg\" \/>\n\t<meta property=\"og:image:width\" content=\"770\" \/>\n\t<meta property=\"og:image:height\" content=\"420\" \/>\n\t<meta property=\"og:image:type\" content=\"image\/jpeg\" \/>\n<meta name=\"author\" content=\"Bigi Alt\" \/>\n<meta name=\"twitter:card\" content=\"summary_large_image\" \/>\n<meta name=\"twitter:creator\" content=\"@franzalt\" \/>\n<meta name=\"twitter:site\" content=\"@franzalt\" \/>\n<meta name=\"twitter:label1\" content=\"Verfasst von\" \/>\n\t<meta name=\"twitter:data1\" content=\"Bigi Alt\" \/>\n\t<meta name=\"twitter:label2\" content=\"Gesch\u00e4tzte Lesezeit\" \/>\n\t<meta name=\"twitter:data2\" content=\"5\u00a0Minuten\" \/>\n<script type=\"application\/ld+json\" class=\"yoast-schema-graph\">{\"@context\":\"https:\/\/schema.org\",\"@graph\":[{\"@type\":\"Article\",\"@id\":\"https:\/\/www.sonnenseite.com\/de\/umwelt\/europa-senkt-die-feinstaubgrenzwerte\/#article\",\"isPartOf\":{\"@id\":\"https:\/\/www.sonnenseite.com\/de\/umwelt\/europa-senkt-die-feinstaubgrenzwerte\/\"},\"author\":{\"name\":\"Bigi Alt\",\"@id\":\"https:\/\/www.sonnenseite.com\/de\/#\/schema\/person\/50fda0e926597684c7cc6695238a4eb9\"},\"headline\":\"Europa senkt die Feinstaubgrenzwerte\",\"datePublished\":\"2024-12-06T01:25:00+00:00\",\"dateModified\":\"2024-12-06T09:24:59+00:00\",\"mainEntityOfPage\":{\"@id\":\"https:\/\/www.sonnenseite.com\/de\/umwelt\/europa-senkt-die-feinstaubgrenzwerte\/\"},\"wordCount\":909,\"publisher\":{\"@id\":\"https:\/\/www.sonnenseite.com\/de\/#organization\"},\"image\":{\"@id\":\"https:\/\/www.sonnenseite.com\/de\/umwelt\/europa-senkt-die-feinstaubgrenzwerte\/#primaryimage\"},\"thumbnailUrl\":\"https:\/\/www.sonnenseite.com\/wp-content\/uploads\/2024\/12\/Feinstaub_Francescoscatena.jpg\",\"articleSection\":[\"Umwelt\"],\"inLanguage\":\"de\"},{\"@type\":\"WebPage\",\"@id\":\"https:\/\/www.sonnenseite.com\/de\/umwelt\/europa-senkt-die-feinstaubgrenzwerte\/\",\"url\":\"https:\/\/www.sonnenseite.com\/de\/umwelt\/europa-senkt-die-feinstaubgrenzwerte\/\",\"name\":\"Europa senkt die Feinstaubgrenzwerte - Sonnenseite - \u00d6kologische Kommunikation mit Franz Alt\",\"isPartOf\":{\"@id\":\"https:\/\/www.sonnenseite.com\/de\/#website\"},\"primaryImageOfPage\":{\"@id\":\"https:\/\/www.sonnenseite.com\/de\/umwelt\/europa-senkt-die-feinstaubgrenzwerte\/#primaryimage\"},\"image\":{\"@id\":\"https:\/\/www.sonnenseite.com\/de\/umwelt\/europa-senkt-die-feinstaubgrenzwerte\/#primaryimage\"},\"thumbnailUrl\":\"https:\/\/www.sonnenseite.com\/wp-content\/uploads\/2024\/12\/Feinstaub_Francescoscatena.jpg\",\"datePublished\":\"2024-12-06T01:25:00+00:00\",\"dateModified\":\"2024-12-06T09:24:59+00:00\",\"description\":\"Gr\u00f6\u00dftes umweltbedingtes Gesundheitsrisiko: Luftverschmutzung - Neue EU-Richtlinie n\u00e4hert die Grenzwerte den WHO-Empfehlungen an.Die Luftverschmutzung ist\",\"breadcrumb\":{\"@id\":\"https:\/\/www.sonnenseite.com\/de\/umwelt\/europa-senkt-die-feinstaubgrenzwerte\/#breadcrumb\"},\"inLanguage\":\"de\",\"potentialAction\":[{\"@type\":\"ReadAction\",\"target\":[\"https:\/\/www.sonnenseite.com\/de\/umwelt\/europa-senkt-die-feinstaubgrenzwerte\/\"]}]},{\"@type\":\"ImageObject\",\"inLanguage\":\"de\",\"@id\":\"https:\/\/www.sonnenseite.com\/de\/umwelt\/europa-senkt-die-feinstaubgrenzwerte\/#primaryimage\",\"url\":\"https:\/\/www.sonnenseite.com\/wp-content\/uploads\/2024\/12\/Feinstaub_Francescoscatena.jpg\",\"contentUrl\":\"https:\/\/www.sonnenseite.com\/wp-content\/uploads\/2024\/12\/Feinstaub_Francescoscatena.jpg\",\"width\":770,\"height\":420,\"caption\":\"Depositphotos.com | Francescoscatena | \u201eFeinstaub ist einer der relevantesten Risikofaktoren, durch Umwelteinfl\u00fcsse zu erkranken\u201c, Dr. Lino Braadt\"},{\"@type\":\"BreadcrumbList\",\"@id\":\"https:\/\/www.sonnenseite.com\/de\/umwelt\/europa-senkt-die-feinstaubgrenzwerte\/#breadcrumb\",\"itemListElement\":[{\"@type\":\"ListItem\",\"position\":1,\"name\":\"Startseite\",\"item\":\"https:\/\/www.sonnenseite.com\/de\/\"},{\"@type\":\"ListItem\",\"position\":2,\"name\":\"Europa senkt die Feinstaubgrenzwerte\"}]},{\"@type\":\"WebSite\",\"@id\":\"https:\/\/www.sonnenseite.com\/de\/#website\",\"url\":\"https:\/\/www.sonnenseite.com\/de\/\",\"name\":\"Sonnenseite\",\"description\":\"\u00d6kologische Kommunikation mit Franz Alt\",\"publisher\":{\"@id\":\"https:\/\/www.sonnenseite.com\/de\/#organization\"},\"potentialAction\":[{\"@type\":\"SearchAction\",\"target\":{\"@type\":\"EntryPoint\",\"urlTemplate\":\"https:\/\/www.sonnenseite.com\/de\/?s={search_term_string}\"},\"query-input\":{\"@type\":\"PropertyValueSpecification\",\"valueRequired\":true,\"valueName\":\"search_term_string\"}}],\"inLanguage\":\"de\"},{\"@type\":\"Organization\",\"@id\":\"https:\/\/www.sonnenseite.com\/de\/#organization\",\"name\":\"Sonnenseite\",\"url\":\"https:\/\/www.sonnenseite.com\/de\/\",\"logo\":{\"@type\":\"ImageObject\",\"inLanguage\":\"de\",\"@id\":\"https:\/\/www.sonnenseite.com\/de\/#\/schema\/logo\/image\/\",\"url\":\"https:\/\/www.sonnenseite.com\/wp-content\/uploads\/2020\/05\/Sonnenseite_Logo.png\",\"contentUrl\":\"https:\/\/www.sonnenseite.com\/wp-content\/uploads\/2020\/05\/Sonnenseite_Logo.png\",\"width\":377,\"height\":90,\"caption\":\"Sonnenseite\"},\"image\":{\"@id\":\"https:\/\/www.sonnenseite.com\/de\/#\/schema\/logo\/image\/\"},\"sameAs\":[\"https:\/\/www.facebook.com\/pages\/Franz-Alt-SONNENSEITECOM\/221072987903953?fref=ts\",\"https:\/\/x.com\/franzalt\",\"http:\/\/www.youtube.com\/results?search_query&amp;amp;quot;franz_alt&amp;amp;quot;&amp;amp;amp;amp;search_type&amp;amp;amp;amp;aq=f\"]},{\"@type\":\"Person\",\"@id\":\"https:\/\/www.sonnenseite.com\/de\/#\/schema\/person\/50fda0e926597684c7cc6695238a4eb9\",\"name\":\"Bigi Alt\"}]}<\/script>\n<!-- \/ Yoast SEO plugin. -->","yoast_head_json":{"title":"Europa senkt die Feinstaubgrenzwerte - Sonnenseite - \u00d6kologische Kommunikation mit Franz Alt","description":"Gr\u00f6\u00dftes umweltbedingtes Gesundheitsrisiko: Luftverschmutzung - Neue EU-Richtlinie n\u00e4hert die Grenzwerte den WHO-Empfehlungen an.Die Luftverschmutzung ist","robots":{"index":"index","follow":"follow","max-snippet":"max-snippet:-1","max-image-preview":"max-image-preview:large","max-video-preview":"max-video-preview:-1"},"canonical":"https:\/\/www.sonnenseite.com\/de\/umwelt\/europa-senkt-die-feinstaubgrenzwerte\/","og_locale":"de_DE","og_type":"article","og_title":"Europa senkt die Feinstaubgrenzwerte - Sonnenseite - \u00d6kologische Kommunikation mit Franz Alt","og_description":"Gr\u00f6\u00dftes umweltbedingtes Gesundheitsrisiko: Luftverschmutzung - Neue EU-Richtlinie n\u00e4hert die Grenzwerte den WHO-Empfehlungen an.Die Luftverschmutzung ist","og_url":"https:\/\/www.sonnenseite.com\/de\/umwelt\/europa-senkt-die-feinstaubgrenzwerte\/","og_site_name":"Sonnenseite","article_publisher":"https:\/\/www.facebook.com\/pages\/Franz-Alt-SONNENSEITECOM\/221072987903953?fref=ts","article_published_time":"2024-12-06T01:25:00+00:00","article_modified_time":"2024-12-06T09:24:59+00:00","og_image":[{"width":770,"height":420,"url":"https:\/\/www.sonnenseite.com\/wp-content\/uploads\/2024\/12\/Feinstaub_Francescoscatena.jpg","type":"image\/jpeg"}],"author":"Bigi Alt","twitter_card":"summary_large_image","twitter_creator":"@franzalt","twitter_site":"@franzalt","twitter_misc":{"Verfasst von":"Bigi Alt","Gesch\u00e4tzte Lesezeit":"5\u00a0Minuten"},"schema":{"@context":"https:\/\/schema.org","@graph":[{"@type":"Article","@id":"https:\/\/www.sonnenseite.com\/de\/umwelt\/europa-senkt-die-feinstaubgrenzwerte\/#article","isPartOf":{"@id":"https:\/\/www.sonnenseite.com\/de\/umwelt\/europa-senkt-die-feinstaubgrenzwerte\/"},"author":{"name":"Bigi Alt","@id":"https:\/\/www.sonnenseite.com\/de\/#\/schema\/person\/50fda0e926597684c7cc6695238a4eb9"},"headline":"Europa senkt die Feinstaubgrenzwerte","datePublished":"2024-12-06T01:25:00+00:00","dateModified":"2024-12-06T09:24:59+00:00","mainEntityOfPage":{"@id":"https:\/\/www.sonnenseite.com\/de\/umwelt\/europa-senkt-die-feinstaubgrenzwerte\/"},"wordCount":909,"publisher":{"@id":"https:\/\/www.sonnenseite.com\/de\/#organization"},"image":{"@id":"https:\/\/www.sonnenseite.com\/de\/umwelt\/europa-senkt-die-feinstaubgrenzwerte\/#primaryimage"},"thumbnailUrl":"https:\/\/www.sonnenseite.com\/wp-content\/uploads\/2024\/12\/Feinstaub_Francescoscatena.jpg","articleSection":["Umwelt"],"inLanguage":"de"},{"@type":"WebPage","@id":"https:\/\/www.sonnenseite.com\/de\/umwelt\/europa-senkt-die-feinstaubgrenzwerte\/","url":"https:\/\/www.sonnenseite.com\/de\/umwelt\/europa-senkt-die-feinstaubgrenzwerte\/","name":"Europa senkt die Feinstaubgrenzwerte - Sonnenseite - \u00d6kologische Kommunikation mit Franz Alt","isPartOf":{"@id":"https:\/\/www.sonnenseite.com\/de\/#website"},"primaryImageOfPage":{"@id":"https:\/\/www.sonnenseite.com\/de\/umwelt\/europa-senkt-die-feinstaubgrenzwerte\/#primaryimage"},"image":{"@id":"https:\/\/www.sonnenseite.com\/de\/umwelt\/europa-senkt-die-feinstaubgrenzwerte\/#primaryimage"},"thumbnailUrl":"https:\/\/www.sonnenseite.com\/wp-content\/uploads\/2024\/12\/Feinstaub_Francescoscatena.jpg","datePublished":"2024-12-06T01:25:00+00:00","dateModified":"2024-12-06T09:24:59+00:00","description":"Gr\u00f6\u00dftes umweltbedingtes Gesundheitsrisiko: Luftverschmutzung - Neue EU-Richtlinie n\u00e4hert die Grenzwerte den WHO-Empfehlungen an.Die Luftverschmutzung ist","breadcrumb":{"@id":"https:\/\/www.sonnenseite.com\/de\/umwelt\/europa-senkt-die-feinstaubgrenzwerte\/#breadcrumb"},"inLanguage":"de","potentialAction":[{"@type":"ReadAction","target":["https:\/\/www.sonnenseite.com\/de\/umwelt\/europa-senkt-die-feinstaubgrenzwerte\/"]}]},{"@type":"ImageObject","inLanguage":"de","@id":"https:\/\/www.sonnenseite.com\/de\/umwelt\/europa-senkt-die-feinstaubgrenzwerte\/#primaryimage","url":"https:\/\/www.sonnenseite.com\/wp-content\/uploads\/2024\/12\/Feinstaub_Francescoscatena.jpg","contentUrl":"https:\/\/www.sonnenseite.com\/wp-content\/uploads\/2024\/12\/Feinstaub_Francescoscatena.jpg","width":770,"height":420,"caption":"Depositphotos.com | Francescoscatena | \u201eFeinstaub ist einer der relevantesten Risikofaktoren, durch Umwelteinfl\u00fcsse zu erkranken\u201c, Dr. Lino Braadt"},{"@type":"BreadcrumbList","@id":"https:\/\/www.sonnenseite.com\/de\/umwelt\/europa-senkt-die-feinstaubgrenzwerte\/#breadcrumb","itemListElement":[{"@type":"ListItem","position":1,"name":"Startseite","item":"https:\/\/www.sonnenseite.com\/de\/"},{"@type":"ListItem","position":2,"name":"Europa senkt die Feinstaubgrenzwerte"}]},{"@type":"WebSite","@id":"https:\/\/www.sonnenseite.com\/de\/#website","url":"https:\/\/www.sonnenseite.com\/de\/","name":"Sonnenseite","description":"\u00d6kologische Kommunikation mit Franz Alt","publisher":{"@id":"https:\/\/www.sonnenseite.com\/de\/#organization"},"potentialAction":[{"@type":"SearchAction","target":{"@type":"EntryPoint","urlTemplate":"https:\/\/www.sonnenseite.com\/de\/?s={search_term_string}"},"query-input":{"@type":"PropertyValueSpecification","valueRequired":true,"valueName":"search_term_string"}}],"inLanguage":"de"},{"@type":"Organization","@id":"https:\/\/www.sonnenseite.com\/de\/#organization","name":"Sonnenseite","url":"https:\/\/www.sonnenseite.com\/de\/","logo":{"@type":"ImageObject","inLanguage":"de","@id":"https:\/\/www.sonnenseite.com\/de\/#\/schema\/logo\/image\/","url":"https:\/\/www.sonnenseite.com\/wp-content\/uploads\/2020\/05\/Sonnenseite_Logo.png","contentUrl":"https:\/\/www.sonnenseite.com\/wp-content\/uploads\/2020\/05\/Sonnenseite_Logo.png","width":377,"height":90,"caption":"Sonnenseite"},"image":{"@id":"https:\/\/www.sonnenseite.com\/de\/#\/schema\/logo\/image\/"},"sameAs":["https:\/\/www.facebook.com\/pages\/Franz-Alt-SONNENSEITECOM\/221072987903953?fref=ts","https:\/\/x.com\/franzalt","http:\/\/www.youtube.com\/results?search_query&amp;amp;quot;franz_alt&amp;amp;quot;&amp;amp;amp;amp;search_type&amp;amp;amp;amp;aq=f"]},{"@type":"Person","@id":"https:\/\/www.sonnenseite.com\/de\/#\/schema\/person\/50fda0e926597684c7cc6695238a4eb9","name":"Bigi Alt"}]}},"_links":{"self":[{"href":"https:\/\/www.sonnenseite.com\/de\/wp-json\/wp\/v2\/posts\/103745","targetHints":{"allow":["GET"]}}],"collection":[{"href":"https:\/\/www.sonnenseite.com\/de\/wp-json\/wp\/v2\/posts"}],"about":[{"href":"https:\/\/www.sonnenseite.com\/de\/wp-json\/wp\/v2\/types\/post"}],"author":[{"embeddable":true,"href":"https:\/\/www.sonnenseite.com\/de\/wp-json\/wp\/v2\/users\/3"}],"replies":[{"embeddable":true,"href":"https:\/\/www.sonnenseite.com\/de\/wp-json\/wp\/v2\/comments?post=103745"}],"version-history":[{"count":3,"href":"https:\/\/www.sonnenseite.com\/de\/wp-json\/wp\/v2\/posts\/103745\/revisions"}],"predecessor-version":[{"id":103793,"href":"https:\/\/www.sonnenseite.com\/de\/wp-json\/wp\/v2\/posts\/103745\/revisions\/103793"}],"wp:featuredmedia":[{"embeddable":true,"href":"https:\/\/www.sonnenseite.com\/de\/wp-json\/wp\/v2\/media\/103746"}],"wp:attachment":[{"href":"https:\/\/www.sonnenseite.com\/de\/wp-json\/wp\/v2\/media?parent=103745"}],"wp:term":[{"taxonomy":"category","embeddable":true,"href":"https:\/\/www.sonnenseite.com\/de\/wp-json\/wp\/v2\/categories?post=103745"},{"taxonomy":"post_tag","embeddable":true,"href":"https:\/\/www.sonnenseite.com\/de\/wp-json\/wp\/v2\/tags?post=103745"}],"curies":[{"name":"wp","href":"https:\/\/api.w.org\/{rel}","templated":true}]}}