{"id":104021,"date":"2024-12-19T09:50:00","date_gmt":"2024-12-19T08:50:00","guid":{"rendered":"https:\/\/www.sonnenseite.com\/?p=104021"},"modified":"2024-12-30T13:51:35","modified_gmt":"2024-12-30T12:51:35","slug":"die-weltenergiewende-ist-moeglich","status":"publish","type":"post","link":"https:\/\/www.sonnenseite.com\/de\/franz-alt\/kommentare-interviews\/die-weltenergiewende-ist-moeglich\/","title":{"rendered":"Die Weltenergiewende ist m\u00f6glich"},"content":{"rendered":"\n<p>Die realisierbare Botschaft des 21. Jahrhunderts hei\u00dft: Der hundertprozentige Umstieg auf erneuerbare Energien ist in den n\u00e4chsten 10 bis 15 Jahren n\u00f6tig und m\u00f6glich, und finanzierbar \u2013 in Deutschland, in Europa und in der Welt. Diese solare Weltrevolution bringt einen Aufbruch in eine neue Menschheitsepoche.<\/p>\n\n\n\n<h4 class=\"wp-block-heading\">Die Welt-Energiewende ist m\u00f6glich<\/h4>\n\n\n\n<p>Hunderte von wissenschaftlichen Arbeiten kommen zum Ergebnis, dass 100\u202f% Erneuerbare Energien in relativ kurzer Zeit sowohl technisch m\u00f6glich und auch \u00f6konomisch attraktiv sind. Eine ambitionierte Klimapolitik muss daher immer ein 100\u202f% Erneuerbares Energien-Ziel beinhalten. Durch das derzeit immer schnellere Wachstum der erneuerbaren Energien und der Elektromobilit\u00e4t \u2013 vor allem in China und in den USA, in Norwegen, Schweden und in D\u00e4nemark sowie \u2013 \u00dcberraschung! \u2013 in Kenia kippen die M\u00e4rkte der fossilen Rohstoffe nach und nach weg. In Kenia d\u00fcrfen ab Januar 2025 nur noch Elektroautos importiert werden. <\/p>\n\n\n\n<p>In den letzten 20 Jahren wurde China zum <a href=\"https:\/\/www.sonnenseite.com\/de\/energie\/china-wind-solarkapazitaet-uebertrifft-erstmals-kohle\/\">weltgr\u00f6\u00dften Windenergie-Markt<\/a>. Allein 2023 wurden 80 Gigawatt Windenergie in China installiert \u2013 zwei Drittel der gesamten Welt-Kapazit\u00e4t. Damit gewinnt das Reich der Mitte zehn Prozent seines gesamten Stromverbrauchs aus Windkraft und will in Zukunft noch weit mehr Strom aus Windkraft statt wie bisher aus Kohle produzieren. China will in den n\u00e4chsten Jahren 300 Megawatt Windenergie aufbauen. Dieser Wandel macht China vom einst gr\u00f6\u00dften Treibhausgas-Emittenten der Welt zum weltweiten Vorreiter f\u00fcr erneuerbare Energien in der Welt. China gewann bisher noch 70 Prozent seines Stroms\u00a0 aus Kohle.<\/p>\n\n\n\n<p>Aber auch Indien, seit 2023 das bev\u00f6lkerungsreichste Land der Welt vor China, ist gesegnet mit erneuerbaren Energien. Die indische Regierung hat sich zum Ziel gesetzt, bis 2030 die H\u00e4lfte seines Stroms erneuerbar zu gewinnen und will mit diesem \u00f6kologischen Ziel zur \u00f6konomischen Supermacht aufsteigen, hat Indiens Premierminister Mode angek\u00fcndigt.<\/p>\n\n\n\n<p>In <a href=\"https:\/\/www.sonnenseite.com\/de\/wissenschaft\/studie-teile-indiens-werden-zum-klima-hotspot\/\">Indien und Pakistan hat die Klimakrise<\/a> schon heute katastrophale t\u00f6dliche Folgen. Im Juni 2024 lagen die Temperaturen in beiden L\u00e4ndern tagelang \u00fcber 40 Grad, an einigen Tagen bei 50 Grad. In den Krankenh\u00e4usern Pakistans stieg die Zahl der Hitzetoten um das Vierfache gegen\u00fcber den Vorjahren. <\/p>\n\n\n\n<p>Diese Katastrophe f\u00fchrte in <a href=\"https:\/\/www.spiegel.de\/wissenschaft\/mensch\/energiewende-pakistan-und-das-blitzschnelle-solar-wunder-a-eae8c326-3429-42e9-b4ec-53e77761a56a\">Pakistan zu einem weltweit einmaligen Solarboom<\/a>. Solarstrom und Solarmodule wurden konkurrenzlos billig. Die Kapazit\u00e4t wuchs innerhalb von zwei Jahren um den Faktor 28, weitgehend privat finanziert und aus China importiert. Diese Entwicklung ist Vorbild f\u00fcr hunderte Millionen armer Menschen im s\u00fcdlichen Afrika. In Pakistan haben 40 Millionen Menschen noch keinen Zugang zu einer geregelten Stromversorgung. Die Strompreise sind in Pakistan in den letzten drei Jahren um 155 Prozent gestiegen (<a href=\"https:\/\/www.spiegel.de\/wissenschaft\/mensch\/energiewende-pakistan-und-das-blitzschnelle-solar-wunder-a-eae8c326-3429-42e9-b4ec-53e77761a56a\">Christian St\u00f6cker, Spiegel-Kolumne 15.12. 2024<\/a>). Wer die M\u00f6glichkeit hat, steigt aber jetzt auf Solarstrom um und spart bis zu 80 Prozent Stromkosten. <\/p>\n\n\n\n<p>2022 hatte Pakistan 0.6 Gigawatt Solarstrom, Ende 2024 waren es 17 Gigawatt, also 28mal mehr. Eine Entwicklung, die nur f\u00fcr die alte zerst\u00f6rerische Energiewirtschaft bedrohlich ist. In den drei gro\u00dfen asiatischen Staaten Indien, China und Pakistan leben rund drei Milliarden Menschen. Sie gehen bei der gr\u00fcnen Energiewende voran.<\/p>\n\n\n\n<p>Von wegen der Ausbau der Erneuerbaren sei ein \u201edeutscher Alleingang\u201c wie noch im derzeitigen Bundestagswahlkampf von den ewig Gestrigen behauptet wird.<\/p>\n\n\n\n<p>In Deutschland ist der \u00dcbergang ins klimaneutrale Zeitalter weiterhin holprig. Es f\u00fchrt aber kein Weg zur\u00fcck. Denn die\u00a0Klimakrise\u00a0schreitet mit unbarmherzigem Tempo voran. Die Kosten, die St\u00fcrme, D\u00fcrren und \u00dcberschwemmungen verursachen, sind h\u00f6her als das, was die rechtzeitige Energiewende\u00a0 kostet. <\/p>\n\n\n\n<p>Der SPIEGEL : \u201eEs braucht einen Wandel im Bewusstsein. Investitionen in den Klimaschutz klingen hoch. Sie gehen in die Billionen. Sie sind aber kein rausgeschmissenes Geld. Sie kurbeln die Wirtschaft an und finanzieren die Infrastruktur von morgen. Damit werden k\u00fcnftige Generationen ihren Wohlstand erwirtschaften.\u201c (Spiegel, 15.Juli 2024). <\/p>\n\n\n\n<p>F\u00fcr Deutschland, das bis 2011 bei Solar- und Windenergie Weltf\u00fchrer war, gilt heute: Lernen von China.<\/p>\n\n\n<h5 class=\"green\">Quelle<\/h5>\r\n\n\n\n<p><a href=\"mailto:franzalt@sonnenseite.com\">Franz Alt 2024<\/a><\/p>\n<div class=\"shariff shariff-align-flex-start shariff-widget-align-flex-start\"><div class=\"ShariffHeadline\">Diese Meldung teilen<\/div><ul class=\"shariff-buttons theme-round orientation-horizontal buttonsize-medium\"><li class=\"shariff-button facebook shariff-nocustomcolor\" style=\"background-color:#4273c8;border-radius:1%\"><a href=\"https:\/\/www.facebook.com\/sharer\/sharer.php?u=https%3A%2F%2Fwww.sonnenseite.com%2Fde%2Ffranz-alt%2Fkommentare-interviews%2Fdie-weltenergiewende-ist-moeglich%2F\" title=\"Bei Facebook teilen\" aria-label=\"Bei Facebook teilen\" role=\"button\" rel=\"nofollow\" class=\"shariff-link\" style=\";border-radius:1%; background-color:#3b5998; color:#fff\" target=\"_blank\"><span class=\"shariff-icon\" style=\"\"><svg width=\"32px\" height=\"20px\" xmlns=\"http:\/\/www.w3.org\/2000\/svg\" viewBox=\"0 0 18 32\"><path fill=\"#3b5998\" d=\"M17.1 0.2v4.7h-2.8q-1.5 0-2.1 0.6t-0.5 1.9v3.4h5.2l-0.7 5.3h-4.5v13.6h-5.5v-13.6h-4.5v-5.3h4.5v-3.9q0-3.3 1.9-5.2t5-1.8q2.6 0 4.1 0.2z\"\/><\/svg><\/span><\/a><\/li><li class=\"shariff-button twitter shariff-nocustomcolor\" style=\"background-color:#595959;border-radius:1%\"><a href=\"https:\/\/twitter.com\/share?url=https%3A%2F%2Fwww.sonnenseite.com%2Fde%2Ffranz-alt%2Fkommentare-interviews%2Fdie-weltenergiewende-ist-moeglich%2F&text=Die%20Weltenergiewende%20ist%20m%C3%B6glich\" title=\"Bei X teilen\" aria-label=\"Bei X teilen\" role=\"button\" rel=\"noopener nofollow\" class=\"shariff-link\" style=\";border-radius:1%; background-color:#000; color:#fff\" target=\"_blank\"><span class=\"shariff-icon\" style=\"\"><svg width=\"32px\" height=\"20px\" xmlns=\"http:\/\/www.w3.org\/2000\/svg\" viewBox=\"0 0 24 24\"><path fill=\"#000\" d=\"M14.258 10.152L23.176 0h-2.113l-7.747 8.813L7.133 0H0l9.352 13.328L0 23.973h2.113l8.176-9.309 6.531 9.309h7.133zm-2.895 3.293l-.949-1.328L2.875 1.56h3.246l6.086 8.523.945 1.328 7.91 11.078h-3.246zm0 0\"\/><\/svg><\/span><\/a><\/li><li class=\"shariff-button xing shariff-nocustomcolor\" style=\"background-color:#29888a;border-radius:1%\"><a href=\"https:\/\/www.xing.com\/spi\/shares\/new?url=https%3A%2F%2Fwww.sonnenseite.com%2Fde%2Ffranz-alt%2Fkommentare-interviews%2Fdie-weltenergiewende-ist-moeglich%2F\" title=\"Bei XING teilen\" aria-label=\"Bei XING teilen\" role=\"button\" rel=\"noopener nofollow\" class=\"shariff-link\" style=\";border-radius:1%; background-color:#126567; color:#fff\" target=\"_blank\"><span class=\"shariff-icon\" style=\"\"><svg width=\"32px\" height=\"20px\" xmlns=\"http:\/\/www.w3.org\/2000\/svg\" viewBox=\"0 0 25 32\"><path fill=\"#126567\" d=\"M10.7 11.9q-0.2 0.3-4.6 8.2-0.5 0.8-1.2 0.8h-4.3q-0.4 0-0.5-0.3t0-0.6l4.5-8q0 0 0 0l-2.9-5q-0.2-0.4 0-0.7 0.2-0.3 0.5-0.3h4.3q0.7 0 1.2 0.8zM25.1 0.4q0.2 0.3 0 0.7l-9.4 16.7 6 11q0.2 0.4 0 0.6-0.2 0.3-0.6 0.3h-4.3q-0.7 0-1.2-0.8l-6-11.1q0.3-0.6 9.5-16.8 0.4-0.8 1.2-0.8h4.3q0.4 0 0.5 0.3z\"\/><\/svg><\/span><\/a><\/li><li class=\"shariff-button linkedin shariff-nocustomcolor\" style=\"background-color:#1488bf;border-radius:1%\"><a href=\"https:\/\/www.linkedin.com\/sharing\/share-offsite\/?url=https%3A%2F%2Fwww.sonnenseite.com%2Fde%2Ffranz-alt%2Fkommentare-interviews%2Fdie-weltenergiewende-ist-moeglich%2F\" title=\"Bei LinkedIn teilen\" aria-label=\"Bei LinkedIn teilen\" role=\"button\" rel=\"noopener nofollow\" class=\"shariff-link\" style=\";border-radius:1%; background-color:#0077b5; color:#fff\" target=\"_blank\"><span class=\"shariff-icon\" style=\"\"><svg width=\"32px\" height=\"20px\" xmlns=\"http:\/\/www.w3.org\/2000\/svg\" viewBox=\"0 0 27 32\"><path fill=\"#0077b5\" d=\"M6.2 11.2v17.7h-5.9v-17.7h5.9zM6.6 5.7q0 1.3-0.9 2.2t-2.4 0.9h0q-1.5 0-2.4-0.9t-0.9-2.2 0.9-2.2 2.4-0.9 2.4 0.9 0.9 2.2zM27.4 18.7v10.1h-5.9v-9.5q0-1.9-0.7-2.9t-2.3-1.1q-1.1 0-1.9 0.6t-1.2 1.5q-0.2 0.5-0.2 1.4v9.9h-5.9q0-7.1 0-11.6t0-5.3l0-0.9h5.9v2.6h0q0.4-0.6 0.7-1t1-0.9 1.6-0.8 2-0.3q3 0 4.9 2t1.9 6z\"\/><\/svg><\/span><\/a><\/li><li class=\"shariff-button printer shariff-nocustomcolor\" style=\"background-color:#a8a8a8;border-radius:1%\"><a href=\"javascript:window.print()\" title=\"drucken\" aria-label=\"drucken\" role=\"button\" rel=\"noopener nofollow\" class=\"shariff-link\" style=\";border-radius:1%; background-color:#999; color:#fff\"><span class=\"shariff-icon\" style=\"\"><svg width=\"32px\" height=\"20px\" xmlns=\"http:\/\/www.w3.org\/2000\/svg\" viewBox=\"0 0 30 32\"><path fill=\"#999\" d=\"M6.8 27.4h16v-4.6h-16v4.6zM6.8 16h16v-6.8h-2.8q-0.7 0-1.2-0.5t-0.5-1.2v-2.8h-11.4v11.4zM27.4 17.2q0-0.5-0.3-0.8t-0.8-0.4-0.8 0.4-0.3 0.8 0.3 0.8 0.8 0.3 0.8-0.3 0.3-0.8zM29.7 17.2v7.4q0 0.2-0.2 0.4t-0.4 0.2h-4v2.8q0 0.7-0.5 1.2t-1.2 0.5h-17.2q-0.7 0-1.2-0.5t-0.5-1.2v-2.8h-4q-0.2 0-0.4-0.2t-0.2-0.4v-7.4q0-1.4 1-2.4t2.4-1h1.2v-9.7q0-0.7 0.5-1.2t1.2-0.5h12q0.7 0 1.6 0.4t1.3 0.8l2.7 2.7q0.5 0.5 0.9 1.4t0.4 1.6v4.6h1.1q1.4 0 2.4 1t1 2.4z\"\/><\/svg><\/span><\/a><\/li><li class=\"shariff-button mailto shariff-nocustomcolor\" style=\"background-color:#a8a8a8;border-radius:1%\"><a href=\"mailto:?body=https%3A%2F%2Fwww.sonnenseite.com%2Fde%2Ffranz-alt%2Fkommentare-interviews%2Fdie-weltenergiewende-ist-moeglich%2F&subject=Die%20Weltenergiewende%20ist%20m%C3%B6glich\" title=\"Per E-Mail versenden\" aria-label=\"Per E-Mail versenden\" role=\"button\" rel=\"noopener nofollow\" class=\"shariff-link\" style=\";border-radius:1%; background-color:#999; color:#fff\"><span class=\"shariff-icon\" style=\"\"><svg width=\"32px\" height=\"20px\" xmlns=\"http:\/\/www.w3.org\/2000\/svg\" viewBox=\"0 0 32 32\"><path fill=\"#999\" d=\"M32 12.7v14.2q0 1.2-0.8 2t-2 0.9h-26.3q-1.2 0-2-0.9t-0.8-2v-14.2q0.8 0.9 1.8 1.6 6.5 4.4 8.9 6.1 1 0.8 1.6 1.2t1.7 0.9 2 0.4h0.1q0.9 0 2-0.4t1.7-0.9 1.6-1.2q3-2.2 8.9-6.1 1-0.7 1.8-1.6zM32 7.4q0 1.4-0.9 2.7t-2.2 2.2q-6.7 4.7-8.4 5.8-0.2 0.1-0.7 0.5t-1 0.7-0.9 0.6-1.1 0.5-0.9 0.2h-0.1q-0.4 0-0.9-0.2t-1.1-0.5-0.9-0.6-1-0.7-0.7-0.5q-1.6-1.1-4.7-3.2t-3.6-2.6q-1.1-0.7-2.1-2t-1-2.5q0-1.4 0.7-2.3t2.1-0.9h26.3q1.2 0 2 0.8t0.9 2z\"\/><\/svg><\/span><\/a><\/li><\/ul><\/div>","protected":false},"excerpt":{"rendered":"<p>Die realisierbare Botschaft des 21. Jahrhunderts hei\u00dft: Der hundertprozentige Umstieg auf erneuerbare Energien ist in den [&hellip;]<\/p>\n","protected":false},"author":3,"featured_media":60739,"comment_status":"closed","ping_status":"closed","sticky":false,"template":"","format":"standard","meta":{"inline_featured_image":false,"footnotes":""},"categories":[29],"tags":[],"class_list":["post-104021","post","type-post","status-publish","format-standard","has-post-thumbnail","hentry","category-kommentare-interviews"],"yoast_head":"<!-- This site is optimized with the Yoast SEO plugin v26.5 - https:\/\/yoast.com\/wordpress\/plugins\/seo\/ -->\n<title>Die Weltenergiewende ist m\u00f6glich - Sonnenseite - \u00d6kologische Kommunikation mit Franz Alt<\/title>\n<meta name=\"description\" content=\"Die realisierbare Botschaft des 21. Jahrhunderts hei\u00dft: Der hundertprozentige Umstieg auf erneuerbare Energien ist in den n\u00e4chsten 10 bis 15 Jahren n\u00f6tig\" \/>\n<meta name=\"robots\" content=\"index, follow, max-snippet:-1, max-image-preview:large, max-video-preview:-1\" \/>\n<link rel=\"canonical\" href=\"https:\/\/www.sonnenseite.com\/de\/franz-alt\/kommentare-interviews\/die-weltenergiewende-ist-moeglich\/\" \/>\n<meta property=\"og:locale\" content=\"de_DE\" \/>\n<meta property=\"og:type\" content=\"article\" \/>\n<meta property=\"og:title\" content=\"Die Weltenergiewende ist m\u00f6glich - Sonnenseite - \u00d6kologische Kommunikation mit Franz Alt\" \/>\n<meta property=\"og:description\" content=\"Die realisierbare Botschaft des 21. Jahrhunderts hei\u00dft: Der hundertprozentige Umstieg auf erneuerbare Energien ist in den n\u00e4chsten 10 bis 15 Jahren n\u00f6tig\" \/>\n<meta property=\"og:url\" content=\"https:\/\/www.sonnenseite.com\/de\/franz-alt\/kommentare-interviews\/die-weltenergiewende-ist-moeglich\/\" \/>\n<meta property=\"og:site_name\" content=\"Sonnenseite\" \/>\n<meta property=\"article:publisher\" content=\"https:\/\/www.facebook.com\/pages\/Franz-Alt-SONNENSEITECOM\/221072987903953?fref=ts\" \/>\n<meta property=\"article:published_time\" content=\"2024-12-19T08:50:00+00:00\" \/>\n<meta property=\"article:modified_time\" content=\"2024-12-30T12:51:35+00:00\" \/>\n<meta property=\"og:image\" content=\"https:\/\/www.sonnenseite.com\/wp-content\/uploads\/2020\/05\/Solar_Erde_SergeyNivens.jpg\" \/>\n\t<meta property=\"og:image:width\" content=\"770\" \/>\n\t<meta property=\"og:image:height\" content=\"420\" \/>\n\t<meta property=\"og:image:type\" content=\"image\/jpeg\" \/>\n<meta name=\"author\" content=\"Bigi Alt\" \/>\n<meta name=\"twitter:card\" content=\"summary_large_image\" \/>\n<meta name=\"twitter:creator\" content=\"@franzalt\" \/>\n<meta name=\"twitter:site\" content=\"@franzalt\" \/>\n<meta name=\"twitter:label1\" content=\"Verfasst von\" \/>\n\t<meta name=\"twitter:data1\" content=\"Bigi Alt\" \/>\n\t<meta name=\"twitter:label2\" content=\"Gesch\u00e4tzte Lesezeit\" \/>\n\t<meta name=\"twitter:data2\" content=\"4\u00a0Minuten\" \/>\n<script type=\"application\/ld+json\" class=\"yoast-schema-graph\">{\"@context\":\"https:\/\/schema.org\",\"@graph\":[{\"@type\":\"Article\",\"@id\":\"https:\/\/www.sonnenseite.com\/de\/franz-alt\/kommentare-interviews\/die-weltenergiewende-ist-moeglich\/#article\",\"isPartOf\":{\"@id\":\"https:\/\/www.sonnenseite.com\/de\/franz-alt\/kommentare-interviews\/die-weltenergiewende-ist-moeglich\/\"},\"author\":{\"name\":\"Bigi Alt\",\"@id\":\"https:\/\/www.sonnenseite.com\/de\/#\/schema\/person\/50fda0e926597684c7cc6695238a4eb9\"},\"headline\":\"Die Weltenergiewende ist m\u00f6glich\",\"datePublished\":\"2024-12-19T08:50:00+00:00\",\"dateModified\":\"2024-12-30T12:51:35+00:00\",\"mainEntityOfPage\":{\"@id\":\"https:\/\/www.sonnenseite.com\/de\/franz-alt\/kommentare-interviews\/die-weltenergiewende-ist-moeglich\/\"},\"wordCount\":606,\"publisher\":{\"@id\":\"https:\/\/www.sonnenseite.com\/de\/#organization\"},\"image\":{\"@id\":\"https:\/\/www.sonnenseite.com\/de\/franz-alt\/kommentare-interviews\/die-weltenergiewende-ist-moeglich\/#primaryimage\"},\"thumbnailUrl\":\"https:\/\/www.sonnenseite.com\/wp-content\/uploads\/2020\/05\/Solar_Erde_SergeyNivens.jpg\",\"articleSection\":[\"Kommentare &amp; Interviews\"],\"inLanguage\":\"de\"},{\"@type\":\"WebPage\",\"@id\":\"https:\/\/www.sonnenseite.com\/de\/franz-alt\/kommentare-interviews\/die-weltenergiewende-ist-moeglich\/\",\"url\":\"https:\/\/www.sonnenseite.com\/de\/franz-alt\/kommentare-interviews\/die-weltenergiewende-ist-moeglich\/\",\"name\":\"Die Weltenergiewende ist m\u00f6glich - Sonnenseite - \u00d6kologische Kommunikation mit Franz Alt\",\"isPartOf\":{\"@id\":\"https:\/\/www.sonnenseite.com\/de\/#website\"},\"primaryImageOfPage\":{\"@id\":\"https:\/\/www.sonnenseite.com\/de\/franz-alt\/kommentare-interviews\/die-weltenergiewende-ist-moeglich\/#primaryimage\"},\"image\":{\"@id\":\"https:\/\/www.sonnenseite.com\/de\/franz-alt\/kommentare-interviews\/die-weltenergiewende-ist-moeglich\/#primaryimage\"},\"thumbnailUrl\":\"https:\/\/www.sonnenseite.com\/wp-content\/uploads\/2020\/05\/Solar_Erde_SergeyNivens.jpg\",\"datePublished\":\"2024-12-19T08:50:00+00:00\",\"dateModified\":\"2024-12-30T12:51:35+00:00\",\"description\":\"Die realisierbare Botschaft des 21. Jahrhunderts hei\u00dft: Der hundertprozentige Umstieg auf erneuerbare Energien ist in den n\u00e4chsten 10 bis 15 Jahren n\u00f6tig\",\"breadcrumb\":{\"@id\":\"https:\/\/www.sonnenseite.com\/de\/franz-alt\/kommentare-interviews\/die-weltenergiewende-ist-moeglich\/#breadcrumb\"},\"inLanguage\":\"de\",\"potentialAction\":[{\"@type\":\"ReadAction\",\"target\":[\"https:\/\/www.sonnenseite.com\/de\/franz-alt\/kommentare-interviews\/die-weltenergiewende-ist-moeglich\/\"]}]},{\"@type\":\"ImageObject\",\"inLanguage\":\"de\",\"@id\":\"https:\/\/www.sonnenseite.com\/de\/franz-alt\/kommentare-interviews\/die-weltenergiewende-ist-moeglich\/#primaryimage\",\"url\":\"https:\/\/www.sonnenseite.com\/wp-content\/uploads\/2020\/05\/Solar_Erde_SergeyNivens.jpg\",\"contentUrl\":\"https:\/\/www.sonnenseite.com\/wp-content\/uploads\/2020\/05\/Solar_Erde_SergeyNivens.jpg\",\"width\":770,\"height\":420,\"caption\":\"Depositphotos | Sergey Nivens | Weltweit haben sich die Investitionen in Erneuerbare Energien laut den Zahlen der Internationalen Energieagentur (IEA) in den letzten f\u00fcnf Jahren fast verdoppelt, angef\u00fchrt von der Solarenergie.\"},{\"@type\":\"BreadcrumbList\",\"@id\":\"https:\/\/www.sonnenseite.com\/de\/franz-alt\/kommentare-interviews\/die-weltenergiewende-ist-moeglich\/#breadcrumb\",\"itemListElement\":[{\"@type\":\"ListItem\",\"position\":1,\"name\":\"Startseite\",\"item\":\"https:\/\/www.sonnenseite.com\/de\/\"},{\"@type\":\"ListItem\",\"position\":2,\"name\":\"Die Weltenergiewende ist m\u00f6glich\"}]},{\"@type\":\"WebSite\",\"@id\":\"https:\/\/www.sonnenseite.com\/de\/#website\",\"url\":\"https:\/\/www.sonnenseite.com\/de\/\",\"name\":\"Sonnenseite\",\"description\":\"\u00d6kologische Kommunikation mit Franz Alt\",\"publisher\":{\"@id\":\"https:\/\/www.sonnenseite.com\/de\/#organization\"},\"potentialAction\":[{\"@type\":\"SearchAction\",\"target\":{\"@type\":\"EntryPoint\",\"urlTemplate\":\"https:\/\/www.sonnenseite.com\/de\/?s={search_term_string}\"},\"query-input\":{\"@type\":\"PropertyValueSpecification\",\"valueRequired\":true,\"valueName\":\"search_term_string\"}}],\"inLanguage\":\"de\"},{\"@type\":\"Organization\",\"@id\":\"https:\/\/www.sonnenseite.com\/de\/#organization\",\"name\":\"Sonnenseite\",\"url\":\"https:\/\/www.sonnenseite.com\/de\/\",\"logo\":{\"@type\":\"ImageObject\",\"inLanguage\":\"de\",\"@id\":\"https:\/\/www.sonnenseite.com\/de\/#\/schema\/logo\/image\/\",\"url\":\"https:\/\/www.sonnenseite.com\/wp-content\/uploads\/2020\/05\/Sonnenseite_Logo.png\",\"contentUrl\":\"https:\/\/www.sonnenseite.com\/wp-content\/uploads\/2020\/05\/Sonnenseite_Logo.png\",\"width\":377,\"height\":90,\"caption\":\"Sonnenseite\"},\"image\":{\"@id\":\"https:\/\/www.sonnenseite.com\/de\/#\/schema\/logo\/image\/\"},\"sameAs\":[\"https:\/\/www.facebook.com\/pages\/Franz-Alt-SONNENSEITECOM\/221072987903953?fref=ts\",\"https:\/\/x.com\/franzalt\",\"http:\/\/www.youtube.com\/results?search_query&amp;amp;quot;franz_alt&amp;amp;quot;&amp;amp;amp;amp;search_type&amp;amp;amp;amp;aq=f\"]},{\"@type\":\"Person\",\"@id\":\"https:\/\/www.sonnenseite.com\/de\/#\/schema\/person\/50fda0e926597684c7cc6695238a4eb9\",\"name\":\"Bigi Alt\"}]}<\/script>\n<!-- \/ Yoast SEO plugin. -->","yoast_head_json":{"title":"Die Weltenergiewende ist m\u00f6glich - Sonnenseite - \u00d6kologische Kommunikation mit Franz Alt","description":"Die realisierbare Botschaft des 21. Jahrhunderts hei\u00dft: Der hundertprozentige Umstieg auf erneuerbare Energien ist in den n\u00e4chsten 10 bis 15 Jahren n\u00f6tig","robots":{"index":"index","follow":"follow","max-snippet":"max-snippet:-1","max-image-preview":"max-image-preview:large","max-video-preview":"max-video-preview:-1"},"canonical":"https:\/\/www.sonnenseite.com\/de\/franz-alt\/kommentare-interviews\/die-weltenergiewende-ist-moeglich\/","og_locale":"de_DE","og_type":"article","og_title":"Die Weltenergiewende ist m\u00f6glich - Sonnenseite - \u00d6kologische Kommunikation mit Franz Alt","og_description":"Die realisierbare Botschaft des 21. Jahrhunderts hei\u00dft: Der hundertprozentige Umstieg auf erneuerbare Energien ist in den n\u00e4chsten 10 bis 15 Jahren n\u00f6tig","og_url":"https:\/\/www.sonnenseite.com\/de\/franz-alt\/kommentare-interviews\/die-weltenergiewende-ist-moeglich\/","og_site_name":"Sonnenseite","article_publisher":"https:\/\/www.facebook.com\/pages\/Franz-Alt-SONNENSEITECOM\/221072987903953?fref=ts","article_published_time":"2024-12-19T08:50:00+00:00","article_modified_time":"2024-12-30T12:51:35+00:00","og_image":[{"width":770,"height":420,"url":"https:\/\/www.sonnenseite.com\/wp-content\/uploads\/2020\/05\/Solar_Erde_SergeyNivens.jpg","type":"image\/jpeg"}],"author":"Bigi Alt","twitter_card":"summary_large_image","twitter_creator":"@franzalt","twitter_site":"@franzalt","twitter_misc":{"Verfasst von":"Bigi Alt","Gesch\u00e4tzte Lesezeit":"4\u00a0Minuten"},"schema":{"@context":"https:\/\/schema.org","@graph":[{"@type":"Article","@id":"https:\/\/www.sonnenseite.com\/de\/franz-alt\/kommentare-interviews\/die-weltenergiewende-ist-moeglich\/#article","isPartOf":{"@id":"https:\/\/www.sonnenseite.com\/de\/franz-alt\/kommentare-interviews\/die-weltenergiewende-ist-moeglich\/"},"author":{"name":"Bigi Alt","@id":"https:\/\/www.sonnenseite.com\/de\/#\/schema\/person\/50fda0e926597684c7cc6695238a4eb9"},"headline":"Die Weltenergiewende ist m\u00f6glich","datePublished":"2024-12-19T08:50:00+00:00","dateModified":"2024-12-30T12:51:35+00:00","mainEntityOfPage":{"@id":"https:\/\/www.sonnenseite.com\/de\/franz-alt\/kommentare-interviews\/die-weltenergiewende-ist-moeglich\/"},"wordCount":606,"publisher":{"@id":"https:\/\/www.sonnenseite.com\/de\/#organization"},"image":{"@id":"https:\/\/www.sonnenseite.com\/de\/franz-alt\/kommentare-interviews\/die-weltenergiewende-ist-moeglich\/#primaryimage"},"thumbnailUrl":"https:\/\/www.sonnenseite.com\/wp-content\/uploads\/2020\/05\/Solar_Erde_SergeyNivens.jpg","articleSection":["Kommentare &amp; Interviews"],"inLanguage":"de"},{"@type":"WebPage","@id":"https:\/\/www.sonnenseite.com\/de\/franz-alt\/kommentare-interviews\/die-weltenergiewende-ist-moeglich\/","url":"https:\/\/www.sonnenseite.com\/de\/franz-alt\/kommentare-interviews\/die-weltenergiewende-ist-moeglich\/","name":"Die Weltenergiewende ist m\u00f6glich - Sonnenseite - \u00d6kologische Kommunikation mit Franz Alt","isPartOf":{"@id":"https:\/\/www.sonnenseite.com\/de\/#website"},"primaryImageOfPage":{"@id":"https:\/\/www.sonnenseite.com\/de\/franz-alt\/kommentare-interviews\/die-weltenergiewende-ist-moeglich\/#primaryimage"},"image":{"@id":"https:\/\/www.sonnenseite.com\/de\/franz-alt\/kommentare-interviews\/die-weltenergiewende-ist-moeglich\/#primaryimage"},"thumbnailUrl":"https:\/\/www.sonnenseite.com\/wp-content\/uploads\/2020\/05\/Solar_Erde_SergeyNivens.jpg","datePublished":"2024-12-19T08:50:00+00:00","dateModified":"2024-12-30T12:51:35+00:00","description":"Die realisierbare Botschaft des 21. Jahrhunderts hei\u00dft: Der hundertprozentige Umstieg auf erneuerbare Energien ist in den n\u00e4chsten 10 bis 15 Jahren n\u00f6tig","breadcrumb":{"@id":"https:\/\/www.sonnenseite.com\/de\/franz-alt\/kommentare-interviews\/die-weltenergiewende-ist-moeglich\/#breadcrumb"},"inLanguage":"de","potentialAction":[{"@type":"ReadAction","target":["https:\/\/www.sonnenseite.com\/de\/franz-alt\/kommentare-interviews\/die-weltenergiewende-ist-moeglich\/"]}]},{"@type":"ImageObject","inLanguage":"de","@id":"https:\/\/www.sonnenseite.com\/de\/franz-alt\/kommentare-interviews\/die-weltenergiewende-ist-moeglich\/#primaryimage","url":"https:\/\/www.sonnenseite.com\/wp-content\/uploads\/2020\/05\/Solar_Erde_SergeyNivens.jpg","contentUrl":"https:\/\/www.sonnenseite.com\/wp-content\/uploads\/2020\/05\/Solar_Erde_SergeyNivens.jpg","width":770,"height":420,"caption":"Depositphotos | Sergey Nivens | Weltweit haben sich die Investitionen in Erneuerbare Energien laut den Zahlen der Internationalen Energieagentur (IEA) in den letzten f\u00fcnf Jahren fast verdoppelt, angef\u00fchrt von der Solarenergie."},{"@type":"BreadcrumbList","@id":"https:\/\/www.sonnenseite.com\/de\/franz-alt\/kommentare-interviews\/die-weltenergiewende-ist-moeglich\/#breadcrumb","itemListElement":[{"@type":"ListItem","position":1,"name":"Startseite","item":"https:\/\/www.sonnenseite.com\/de\/"},{"@type":"ListItem","position":2,"name":"Die Weltenergiewende ist m\u00f6glich"}]},{"@type":"WebSite","@id":"https:\/\/www.sonnenseite.com\/de\/#website","url":"https:\/\/www.sonnenseite.com\/de\/","name":"Sonnenseite","description":"\u00d6kologische Kommunikation mit Franz Alt","publisher":{"@id":"https:\/\/www.sonnenseite.com\/de\/#organization"},"potentialAction":[{"@type":"SearchAction","target":{"@type":"EntryPoint","urlTemplate":"https:\/\/www.sonnenseite.com\/de\/?s={search_term_string}"},"query-input":{"@type":"PropertyValueSpecification","valueRequired":true,"valueName":"search_term_string"}}],"inLanguage":"de"},{"@type":"Organization","@id":"https:\/\/www.sonnenseite.com\/de\/#organization","name":"Sonnenseite","url":"https:\/\/www.sonnenseite.com\/de\/","logo":{"@type":"ImageObject","inLanguage":"de","@id":"https:\/\/www.sonnenseite.com\/de\/#\/schema\/logo\/image\/","url":"https:\/\/www.sonnenseite.com\/wp-content\/uploads\/2020\/05\/Sonnenseite_Logo.png","contentUrl":"https:\/\/www.sonnenseite.com\/wp-content\/uploads\/2020\/05\/Sonnenseite_Logo.png","width":377,"height":90,"caption":"Sonnenseite"},"image":{"@id":"https:\/\/www.sonnenseite.com\/de\/#\/schema\/logo\/image\/"},"sameAs":["https:\/\/www.facebook.com\/pages\/Franz-Alt-SONNENSEITECOM\/221072987903953?fref=ts","https:\/\/x.com\/franzalt","http:\/\/www.youtube.com\/results?search_query&amp;amp;quot;franz_alt&amp;amp;quot;&amp;amp;amp;amp;search_type&amp;amp;amp;amp;aq=f"]},{"@type":"Person","@id":"https:\/\/www.sonnenseite.com\/de\/#\/schema\/person\/50fda0e926597684c7cc6695238a4eb9","name":"Bigi Alt"}]}},"_links":{"self":[{"href":"https:\/\/www.sonnenseite.com\/de\/wp-json\/wp\/v2\/posts\/104021","targetHints":{"allow":["GET"]}}],"collection":[{"href":"https:\/\/www.sonnenseite.com\/de\/wp-json\/wp\/v2\/posts"}],"about":[{"href":"https:\/\/www.sonnenseite.com\/de\/wp-json\/wp\/v2\/types\/post"}],"author":[{"embeddable":true,"href":"https:\/\/www.sonnenseite.com\/de\/wp-json\/wp\/v2\/users\/3"}],"replies":[{"embeddable":true,"href":"https:\/\/www.sonnenseite.com\/de\/wp-json\/wp\/v2\/comments?post=104021"}],"version-history":[{"count":3,"href":"https:\/\/www.sonnenseite.com\/de\/wp-json\/wp\/v2\/posts\/104021\/revisions"}],"predecessor-version":[{"id":104024,"href":"https:\/\/www.sonnenseite.com\/de\/wp-json\/wp\/v2\/posts\/104021\/revisions\/104024"}],"wp:featuredmedia":[{"embeddable":true,"href":"https:\/\/www.sonnenseite.com\/de\/wp-json\/wp\/v2\/media\/60739"}],"wp:attachment":[{"href":"https:\/\/www.sonnenseite.com\/de\/wp-json\/wp\/v2\/media?parent=104021"}],"wp:term":[{"taxonomy":"category","embeddable":true,"href":"https:\/\/www.sonnenseite.com\/de\/wp-json\/wp\/v2\/categories?post=104021"},{"taxonomy":"post_tag","embeddable":true,"href":"https:\/\/www.sonnenseite.com\/de\/wp-json\/wp\/v2\/tags?post=104021"}],"curies":[{"name":"wp","href":"https:\/\/api.w.org\/{rel}","templated":true}]}}