{"id":104417,"date":"2025-01-08T10:12:12","date_gmt":"2025-01-08T09:12:12","guid":{"rendered":"https:\/\/www.sonnenseite.com\/?p=104417"},"modified":"2025-01-19T09:32:29","modified_gmt":"2025-01-19T08:32:29","slug":"wasseratlas-2025-wasser-muss-gerechter-verteilt-werden","status":"publish","type":"post","link":"https:\/\/www.sonnenseite.com\/de\/umwelt\/wasseratlas-2025-wasser-muss-gerechter-verteilt-werden\/","title":{"rendered":"Wasseratlas 2025: Wasser muss gerechter verteilt werden"},"content":{"rendered":"\n<p>Wie wir unsere wichtigste Ressource sch\u00fctzen und erhalten. Die Heinrich-B\u00f6ll-Stiftung und der Bund f\u00fcr Umwelt- und Naturschutz Deutschland (BUND) haben heute den Wasseratlas 2025 ver\u00f6ffentlicht. <\/p>\n\n\n\n<p>Er illustriert auf 60 Seiten anschaulich, warum die Ressource Wasser stark unter Druck steht und zeigt bestehende L\u00f6sungsans\u00e4tze, um die Verf\u00fcgbarkeit der Grundlage allen Lebens weltweit zu sichern.<\/p>\n\n\n\n<p>Der Wasserkreislauf unseres Planeten ger\u00e4t durch \u00dcbernutzung, Verschmutzung und die Zerst\u00f6rung intakter Landschaften zunehmend aus dem Gleichgewicht. Industrie, Digitalisierung, die Produktion von Kleidung, Fahrzeugen und Nahrungsmitteln beanspruchen weltweit gro\u00dfe Mengen an Wasser. Das gef\u00e4hrdet \u00d6kosysteme, die Nahrungsmittelversorgung und die Wasserqualit\u00e4t.<\/p>\n\n\n\n<p>Die Klimakrise verst\u00e4rkt diese Entwicklung zus\u00e4tzlich. Hierzulande sinken Grundwasserspiegel durch die erh\u00f6hten Temperaturen \u2013 pro Jahr verliert Deutschland 2,5 Kubikkilometer Wasser. H\u00f6here Temperaturen f\u00f6rdern zudem das Wachstum sch\u00e4dlicher Bakterien und Algen, verringern den Sauerstoffgehalt in Gew\u00e4ssern und verschlechtern die Lebensbedingungen f\u00fcr Mensch und Natur. Doch es gibt Strategien, um Wassermangel und -verschmutzung entgegenzuwirken.<\/p>\n\n\n\n<p><strong>Dr. Imme Scholz, Vorstand der Heinrich-B\u00f6ll-Stiftung:<\/strong> \u201eKlimakrise und Wasserkrise bedingen sich gegenseitig und treffen die sozial Schwachen am h\u00e4rtesten. Besonders in \u00e4rmeren L\u00e4ndern und Regionen verst\u00e4rken Wassermangel und Extremwetterereignisse wie D\u00fcrren oder \u00dcberschwemmungen die Armut, gef\u00e4hrden lokale Lebensgrundlagen und forcieren Migration und Konflikte. Weltweit werden mittlerweile j\u00e4hrlich \u00fcber 120 F\u00e4lle von Wasserkonflikten registriert. Grenz\u00fcberschreitende Wasserressourcen k\u00f6nnen am besten gerecht verteilt werden, wenn alle Seiten auf eine nachhaltige Nutzung setzen. Dazu braucht es eine engere internationale Zusammenarbeit, die auf klimaresilientes und gerechtes Wassermanagement setzt und dies auch bei Wirtschafts- und Handelsbeziehungen ber\u00fccksichtigt. Die UN-Wasserkonferenzen 2026 und 2028 bieten einen Rahmen, um entsprechende verbindliche Abkommen zu entwickeln.<\/p>\n\n\n\n<p>Etwa 2,2 Milliarden Menschen haben aktuell keinen regelm\u00e4\u00dfigen Zugang zu sauberem Trinkwasser. Doch Wasserkrisen gehen h\u00e4ufig nicht auf fehlende Wasserverf\u00fcgbarkeit, sondern auf ungerechte Verteilung zur\u00fcck. Die vielerorts vollzogene Privatisierung der Wasserversorgung hat negative Auswirkungen auf Preise, Infrastruktur und den Zugang zu sauberem Wasser, sowohl in reichen als auch in armen L\u00e4ndern. Um eine gerechte Verteilung und den Schutz der Wasserressourcen zu gew\u00e4hrleisten, muss Wasser als \u00f6ffentliches Gut anerkannt und die Wasserversorgung wieder in die \u00f6ffentliche Hand zur\u00fcckgef\u00fchrt werden.\u201c<\/p>\n\n\n<div class=\"wp-block-image\">\n<figure class=\"alignright size-full is-resized\"><img loading=\"lazy\" decoding=\"async\" width=\"495\" height=\"700\" src=\"https:\/\/www.sonnenseite.com\/wp-content\/uploads\/2025\/01\/BUND_wasseratlas-2025.webp\" alt=\"\" class=\"wp-image-104419\" style=\"width:293px;height:auto\" srcset=\"https:\/\/www.sonnenseite.com\/wp-content\/uploads\/2025\/01\/BUND_wasseratlas-2025.webp 495w, https:\/\/www.sonnenseite.com\/wp-content\/uploads\/2025\/01\/BUND_wasseratlas-2025-212x300.webp 212w\" sizes=\"auto, (max-width: 495px) 100vw, 495px\" \/><\/figure>\n<\/div>\n\n\n<p><strong>Olaf Bandt, BUND-Vorsitzender:<\/strong> \u201eUmdenken jetzt &#8211; auch in bisher noch wasserreichen L\u00e4ndern wie Deutschland m\u00fcssen wir ab sofort unsere Lebensgrundlage Wasser wirksam sch\u00fctzen. Daf\u00fcr braucht es einen sparsamen und gerechten Umgang mit Wasser. Es braucht nun verbindliche politische Regeln, die auch die Industrie und die Landwirtschaft verbindlich in die Pflicht nehmen. Die Preise f\u00fcr Gro\u00dfverbraucher m\u00fcssen transparent gestaltet werden und Anreize zum Wassersparen schaffen. Verursacher von Verschmutzungen m\u00fcssen an den entstehenden Kosten beteiligt werden. Auf europ\u00e4ischer Ebene muss in den laufenden Verhandlungen zur Aktualisierung der EU-Gew\u00e4sserrichtlinien die Chance ergriffen werden, neu auftretende Schadstoffe wie die Ewigkeitschemikalien PFAS streng zu regulieren und den Schutz der Ressource Wasser an die heutigen Herausforderungen anzupassen. Auch in Europa m\u00fcssen die Regierungen den gesellschaftlichen Wunsch nach einer ambitionierten Wasserpolitik erf\u00fcllen. Die Versorgung und der Schutz von Mensch und Natur muss dauerhaft gesichert sein.\u201c<\/p>\n\n\n\n<ul class=\"wp-block-list\">\n<li><strong>Der Atlas, Bilder und Grafiken<\/strong> stehen unter <a href=\"http:\/\/www.bund.net\/wasseratlas\" target=\"_blank\" rel=\"noreferrer noopener\">www.bund.net\/wasseratlas<\/a> und <a href=\"http:\/\/www.boell.de\/wasseratlas\" target=\"_blank\" rel=\"noreferrer noopener\">www.boell.de\/wasseratlas <\/a>zum Download bereit. <\/li>\n<\/ul>\n\n\n<h5 class=\"green\">Quelle<\/h5>\r\n\n\n\n<p><a href=\"http:\/\/www.bund.net\">BUND.net 2025<\/a><\/p>\n<div class=\"shariff shariff-align-flex-start shariff-widget-align-flex-start\"><div class=\"ShariffHeadline\">Diese Meldung teilen<\/div><ul class=\"shariff-buttons theme-round orientation-horizontal buttonsize-medium\"><li class=\"shariff-button facebook shariff-nocustomcolor\" style=\"background-color:#4273c8;border-radius:1%\"><a href=\"https:\/\/www.facebook.com\/sharer\/sharer.php?u=https%3A%2F%2Fwww.sonnenseite.com%2Fde%2Fumwelt%2Fwasseratlas-2025-wasser-muss-gerechter-verteilt-werden%2F\" title=\"Bei Facebook teilen\" aria-label=\"Bei Facebook teilen\" role=\"button\" rel=\"nofollow\" class=\"shariff-link\" style=\";border-radius:1%; background-color:#3b5998; color:#fff\" target=\"_blank\"><span class=\"shariff-icon\" style=\"\"><svg width=\"32px\" height=\"20px\" xmlns=\"http:\/\/www.w3.org\/2000\/svg\" viewBox=\"0 0 18 32\"><path fill=\"#3b5998\" d=\"M17.1 0.2v4.7h-2.8q-1.5 0-2.1 0.6t-0.5 1.9v3.4h5.2l-0.7 5.3h-4.5v13.6h-5.5v-13.6h-4.5v-5.3h4.5v-3.9q0-3.3 1.9-5.2t5-1.8q2.6 0 4.1 0.2z\"\/><\/svg><\/span><\/a><\/li><li class=\"shariff-button twitter shariff-nocustomcolor\" style=\"background-color:#595959;border-radius:1%\"><a href=\"https:\/\/twitter.com\/share?url=https%3A%2F%2Fwww.sonnenseite.com%2Fde%2Fumwelt%2Fwasseratlas-2025-wasser-muss-gerechter-verteilt-werden%2F&text=Wasseratlas%202025%3A%20Wasser%20muss%20gerechter%20verteilt%20werden\" title=\"Bei X teilen\" aria-label=\"Bei X teilen\" role=\"button\" rel=\"noopener nofollow\" class=\"shariff-link\" style=\";border-radius:1%; background-color:#000; color:#fff\" target=\"_blank\"><span class=\"shariff-icon\" style=\"\"><svg width=\"32px\" height=\"20px\" xmlns=\"http:\/\/www.w3.org\/2000\/svg\" viewBox=\"0 0 24 24\"><path fill=\"#000\" d=\"M14.258 10.152L23.176 0h-2.113l-7.747 8.813L7.133 0H0l9.352 13.328L0 23.973h2.113l8.176-9.309 6.531 9.309h7.133zm-2.895 3.293l-.949-1.328L2.875 1.56h3.246l6.086 8.523.945 1.328 7.91 11.078h-3.246zm0 0\"\/><\/svg><\/span><\/a><\/li><li class=\"shariff-button xing shariff-nocustomcolor\" style=\"background-color:#29888a;border-radius:1%\"><a href=\"https:\/\/www.xing.com\/spi\/shares\/new?url=https%3A%2F%2Fwww.sonnenseite.com%2Fde%2Fumwelt%2Fwasseratlas-2025-wasser-muss-gerechter-verteilt-werden%2F\" title=\"Bei XING teilen\" aria-label=\"Bei XING teilen\" role=\"button\" rel=\"noopener nofollow\" class=\"shariff-link\" style=\";border-radius:1%; background-color:#126567; color:#fff\" target=\"_blank\"><span class=\"shariff-icon\" style=\"\"><svg width=\"32px\" height=\"20px\" xmlns=\"http:\/\/www.w3.org\/2000\/svg\" viewBox=\"0 0 25 32\"><path fill=\"#126567\" d=\"M10.7 11.9q-0.2 0.3-4.6 8.2-0.5 0.8-1.2 0.8h-4.3q-0.4 0-0.5-0.3t0-0.6l4.5-8q0 0 0 0l-2.9-5q-0.2-0.4 0-0.7 0.2-0.3 0.5-0.3h4.3q0.7 0 1.2 0.8zM25.1 0.4q0.2 0.3 0 0.7l-9.4 16.7 6 11q0.2 0.4 0 0.6-0.2 0.3-0.6 0.3h-4.3q-0.7 0-1.2-0.8l-6-11.1q0.3-0.6 9.5-16.8 0.4-0.8 1.2-0.8h4.3q0.4 0 0.5 0.3z\"\/><\/svg><\/span><\/a><\/li><li class=\"shariff-button linkedin shariff-nocustomcolor\" style=\"background-color:#1488bf;border-radius:1%\"><a href=\"https:\/\/www.linkedin.com\/sharing\/share-offsite\/?url=https%3A%2F%2Fwww.sonnenseite.com%2Fde%2Fumwelt%2Fwasseratlas-2025-wasser-muss-gerechter-verteilt-werden%2F\" title=\"Bei LinkedIn teilen\" aria-label=\"Bei LinkedIn teilen\" role=\"button\" rel=\"noopener nofollow\" class=\"shariff-link\" style=\";border-radius:1%; background-color:#0077b5; color:#fff\" target=\"_blank\"><span class=\"shariff-icon\" style=\"\"><svg width=\"32px\" height=\"20px\" xmlns=\"http:\/\/www.w3.org\/2000\/svg\" viewBox=\"0 0 27 32\"><path fill=\"#0077b5\" d=\"M6.2 11.2v17.7h-5.9v-17.7h5.9zM6.6 5.7q0 1.3-0.9 2.2t-2.4 0.9h0q-1.5 0-2.4-0.9t-0.9-2.2 0.9-2.2 2.4-0.9 2.4 0.9 0.9 2.2zM27.4 18.7v10.1h-5.9v-9.5q0-1.9-0.7-2.9t-2.3-1.1q-1.1 0-1.9 0.6t-1.2 1.5q-0.2 0.5-0.2 1.4v9.9h-5.9q0-7.1 0-11.6t0-5.3l0-0.9h5.9v2.6h0q0.4-0.6 0.7-1t1-0.9 1.6-0.8 2-0.3q3 0 4.9 2t1.9 6z\"\/><\/svg><\/span><\/a><\/li><li class=\"shariff-button printer shariff-nocustomcolor\" style=\"background-color:#a8a8a8;border-radius:1%\"><a href=\"javascript:window.print()\" title=\"drucken\" aria-label=\"drucken\" role=\"button\" rel=\"noopener nofollow\" class=\"shariff-link\" style=\";border-radius:1%; background-color:#999; color:#fff\"><span class=\"shariff-icon\" style=\"\"><svg width=\"32px\" height=\"20px\" xmlns=\"http:\/\/www.w3.org\/2000\/svg\" viewBox=\"0 0 30 32\"><path fill=\"#999\" d=\"M6.8 27.4h16v-4.6h-16v4.6zM6.8 16h16v-6.8h-2.8q-0.7 0-1.2-0.5t-0.5-1.2v-2.8h-11.4v11.4zM27.4 17.2q0-0.5-0.3-0.8t-0.8-0.4-0.8 0.4-0.3 0.8 0.3 0.8 0.8 0.3 0.8-0.3 0.3-0.8zM29.7 17.2v7.4q0 0.2-0.2 0.4t-0.4 0.2h-4v2.8q0 0.7-0.5 1.2t-1.2 0.5h-17.2q-0.7 0-1.2-0.5t-0.5-1.2v-2.8h-4q-0.2 0-0.4-0.2t-0.2-0.4v-7.4q0-1.4 1-2.4t2.4-1h1.2v-9.7q0-0.7 0.5-1.2t1.2-0.5h12q0.7 0 1.6 0.4t1.3 0.8l2.7 2.7q0.5 0.5 0.9 1.4t0.4 1.6v4.6h1.1q1.4 0 2.4 1t1 2.4z\"\/><\/svg><\/span><\/a><\/li><li class=\"shariff-button mailto shariff-nocustomcolor\" style=\"background-color:#a8a8a8;border-radius:1%\"><a href=\"mailto:?body=https%3A%2F%2Fwww.sonnenseite.com%2Fde%2Fumwelt%2Fwasseratlas-2025-wasser-muss-gerechter-verteilt-werden%2F&subject=Wasseratlas%202025%3A%20Wasser%20muss%20gerechter%20verteilt%20werden\" title=\"Per E-Mail versenden\" aria-label=\"Per E-Mail versenden\" role=\"button\" rel=\"noopener nofollow\" class=\"shariff-link\" style=\";border-radius:1%; background-color:#999; color:#fff\"><span class=\"shariff-icon\" style=\"\"><svg width=\"32px\" height=\"20px\" xmlns=\"http:\/\/www.w3.org\/2000\/svg\" viewBox=\"0 0 32 32\"><path fill=\"#999\" d=\"M32 12.7v14.2q0 1.2-0.8 2t-2 0.9h-26.3q-1.2 0-2-0.9t-0.8-2v-14.2q0.8 0.9 1.8 1.6 6.5 4.4 8.9 6.1 1 0.8 1.6 1.2t1.7 0.9 2 0.4h0.1q0.9 0 2-0.4t1.7-0.9 1.6-1.2q3-2.2 8.9-6.1 1-0.7 1.8-1.6zM32 7.4q0 1.4-0.9 2.7t-2.2 2.2q-6.7 4.7-8.4 5.8-0.2 0.1-0.7 0.5t-1 0.7-0.9 0.6-1.1 0.5-0.9 0.2h-0.1q-0.4 0-0.9-0.2t-1.1-0.5-0.9-0.6-1-0.7-0.7-0.5q-1.6-1.1-4.7-3.2t-3.6-2.6q-1.1-0.7-2.1-2t-1-2.5q0-1.4 0.7-2.3t2.1-0.9h26.3q1.2 0 2 0.8t0.9 2z\"\/><\/svg><\/span><\/a><\/li><\/ul><\/div>","protected":false},"excerpt":{"rendered":"<p>Wie wir unsere wichtigste Ressource sch\u00fctzen und erhalten. Die Heinrich-B\u00f6ll-Stiftung und der Bund f\u00fcr Umwelt- und [&hellip;]<\/p>\n","protected":false},"author":3,"featured_media":5034,"comment_status":"closed","ping_status":"closed","sticky":false,"template":"","format":"standard","meta":{"inline_featured_image":false,"footnotes":""},"categories":[23],"tags":[],"class_list":["post-104417","post","type-post","status-publish","format-standard","has-post-thumbnail","hentry","category-umwelt"],"yoast_head":"<!-- This site is optimized with the Yoast SEO plugin v26.5 - https:\/\/yoast.com\/wordpress\/plugins\/seo\/ -->\n<title>Wasseratlas 2025: Wasser muss gerechter verteilt werden - Sonnenseite - \u00d6kologische Kommunikation mit Franz Alt<\/title>\n<meta name=\"description\" content=\"Wie wir unsere wichtigste Ressource sch\u00fctzen und erhalten. Die Heinrich-B\u00f6ll-Stiftung und der Bund f\u00fcr Umwelt- und Naturschutz Deutschland (BUND) haben\" \/>\n<meta name=\"robots\" content=\"index, follow, max-snippet:-1, max-image-preview:large, max-video-preview:-1\" \/>\n<link rel=\"canonical\" href=\"https:\/\/www.sonnenseite.com\/de\/umwelt\/wasseratlas-2025-wasser-muss-gerechter-verteilt-werden\/\" \/>\n<meta property=\"og:locale\" content=\"de_DE\" \/>\n<meta property=\"og:type\" content=\"article\" \/>\n<meta property=\"og:title\" content=\"Wasseratlas 2025: Wasser muss gerechter verteilt werden - Sonnenseite - \u00d6kologische Kommunikation mit Franz Alt\" \/>\n<meta property=\"og:description\" content=\"Wie wir unsere wichtigste Ressource sch\u00fctzen und erhalten. Die Heinrich-B\u00f6ll-Stiftung und der Bund f\u00fcr Umwelt- und Naturschutz Deutschland (BUND) haben\" \/>\n<meta property=\"og:url\" content=\"https:\/\/www.sonnenseite.com\/de\/umwelt\/wasseratlas-2025-wasser-muss-gerechter-verteilt-werden\/\" \/>\n<meta property=\"og:site_name\" content=\"Sonnenseite\" \/>\n<meta property=\"article:publisher\" content=\"https:\/\/www.facebook.com\/pages\/Franz-Alt-SONNENSEITECOM\/221072987903953?fref=ts\" \/>\n<meta property=\"article:published_time\" content=\"2025-01-08T09:12:12+00:00\" \/>\n<meta property=\"article:modified_time\" content=\"2025-01-19T08:32:29+00:00\" \/>\n<meta property=\"og:image\" content=\"https:\/\/www.sonnenseite.com\/wp-content\/uploads\/2019\/11\/wasser_Richard-Lister.jpg\" \/>\n\t<meta property=\"og:image:width\" content=\"770\" \/>\n\t<meta property=\"og:image:height\" content=\"420\" \/>\n\t<meta property=\"og:image:type\" content=\"image\/jpeg\" \/>\n<meta name=\"author\" content=\"Bigi Alt\" \/>\n<meta name=\"twitter:card\" content=\"summary_large_image\" \/>\n<meta name=\"twitter:creator\" content=\"@franzalt\" \/>\n<meta name=\"twitter:site\" content=\"@franzalt\" \/>\n<meta name=\"twitter:label1\" content=\"Verfasst von\" \/>\n\t<meta name=\"twitter:data1\" content=\"Bigi Alt\" \/>\n\t<meta name=\"twitter:label2\" content=\"Gesch\u00e4tzte Lesezeit\" \/>\n\t<meta name=\"twitter:data2\" content=\"4\u00a0Minuten\" \/>\n<script type=\"application\/ld+json\" class=\"yoast-schema-graph\">{\"@context\":\"https:\/\/schema.org\",\"@graph\":[{\"@type\":\"Article\",\"@id\":\"https:\/\/www.sonnenseite.com\/de\/umwelt\/wasseratlas-2025-wasser-muss-gerechter-verteilt-werden\/#article\",\"isPartOf\":{\"@id\":\"https:\/\/www.sonnenseite.com\/de\/umwelt\/wasseratlas-2025-wasser-muss-gerechter-verteilt-werden\/\"},\"author\":{\"name\":\"Bigi Alt\",\"@id\":\"https:\/\/www.sonnenseite.com\/de\/#\/schema\/person\/50fda0e926597684c7cc6695238a4eb9\"},\"headline\":\"Wasseratlas 2025: Wasser muss gerechter verteilt werden\",\"datePublished\":\"2025-01-08T09:12:12+00:00\",\"dateModified\":\"2025-01-19T08:32:29+00:00\",\"mainEntityOfPage\":{\"@id\":\"https:\/\/www.sonnenseite.com\/de\/umwelt\/wasseratlas-2025-wasser-muss-gerechter-verteilt-werden\/\"},\"wordCount\":537,\"publisher\":{\"@id\":\"https:\/\/www.sonnenseite.com\/de\/#organization\"},\"image\":{\"@id\":\"https:\/\/www.sonnenseite.com\/de\/umwelt\/wasseratlas-2025-wasser-muss-gerechter-verteilt-werden\/#primaryimage\"},\"thumbnailUrl\":\"https:\/\/www.sonnenseite.com\/wp-content\/uploads\/2019\/11\/wasser_Richard-Lister.jpg\",\"articleSection\":[\"Umwelt\"],\"inLanguage\":\"de\"},{\"@type\":\"WebPage\",\"@id\":\"https:\/\/www.sonnenseite.com\/de\/umwelt\/wasseratlas-2025-wasser-muss-gerechter-verteilt-werden\/\",\"url\":\"https:\/\/www.sonnenseite.com\/de\/umwelt\/wasseratlas-2025-wasser-muss-gerechter-verteilt-werden\/\",\"name\":\"Wasseratlas 2025: Wasser muss gerechter verteilt werden - Sonnenseite - \u00d6kologische Kommunikation mit Franz Alt\",\"isPartOf\":{\"@id\":\"https:\/\/www.sonnenseite.com\/de\/#website\"},\"primaryImageOfPage\":{\"@id\":\"https:\/\/www.sonnenseite.com\/de\/umwelt\/wasseratlas-2025-wasser-muss-gerechter-verteilt-werden\/#primaryimage\"},\"image\":{\"@id\":\"https:\/\/www.sonnenseite.com\/de\/umwelt\/wasseratlas-2025-wasser-muss-gerechter-verteilt-werden\/#primaryimage\"},\"thumbnailUrl\":\"https:\/\/www.sonnenseite.com\/wp-content\/uploads\/2019\/11\/wasser_Richard-Lister.jpg\",\"datePublished\":\"2025-01-08T09:12:12+00:00\",\"dateModified\":\"2025-01-19T08:32:29+00:00\",\"description\":\"Wie wir unsere wichtigste Ressource sch\u00fctzen und erhalten. Die Heinrich-B\u00f6ll-Stiftung und der Bund f\u00fcr Umwelt- und Naturschutz Deutschland (BUND) haben\",\"breadcrumb\":{\"@id\":\"https:\/\/www.sonnenseite.com\/de\/umwelt\/wasseratlas-2025-wasser-muss-gerechter-verteilt-werden\/#breadcrumb\"},\"inLanguage\":\"de\",\"potentialAction\":[{\"@type\":\"ReadAction\",\"target\":[\"https:\/\/www.sonnenseite.com\/de\/umwelt\/wasseratlas-2025-wasser-muss-gerechter-verteilt-werden\/\"]}]},{\"@type\":\"ImageObject\",\"inLanguage\":\"de\",\"@id\":\"https:\/\/www.sonnenseite.com\/de\/umwelt\/wasseratlas-2025-wasser-muss-gerechter-verteilt-werden\/#primaryimage\",\"url\":\"https:\/\/www.sonnenseite.com\/wp-content\/uploads\/2019\/11\/wasser_Richard-Lister.jpg\",\"contentUrl\":\"https:\/\/www.sonnenseite.com\/wp-content\/uploads\/2019\/11\/wasser_Richard-Lister.jpg\",\"width\":770,\"height\":420,\"caption\":\"Fotolia.com | Richard-Lister\"},{\"@type\":\"BreadcrumbList\",\"@id\":\"https:\/\/www.sonnenseite.com\/de\/umwelt\/wasseratlas-2025-wasser-muss-gerechter-verteilt-werden\/#breadcrumb\",\"itemListElement\":[{\"@type\":\"ListItem\",\"position\":1,\"name\":\"Startseite\",\"item\":\"https:\/\/www.sonnenseite.com\/de\/\"},{\"@type\":\"ListItem\",\"position\":2,\"name\":\"Wasseratlas 2025: Wasser muss gerechter verteilt werden\"}]},{\"@type\":\"WebSite\",\"@id\":\"https:\/\/www.sonnenseite.com\/de\/#website\",\"url\":\"https:\/\/www.sonnenseite.com\/de\/\",\"name\":\"Sonnenseite\",\"description\":\"\u00d6kologische Kommunikation mit Franz Alt\",\"publisher\":{\"@id\":\"https:\/\/www.sonnenseite.com\/de\/#organization\"},\"potentialAction\":[{\"@type\":\"SearchAction\",\"target\":{\"@type\":\"EntryPoint\",\"urlTemplate\":\"https:\/\/www.sonnenseite.com\/de\/?s={search_term_string}\"},\"query-input\":{\"@type\":\"PropertyValueSpecification\",\"valueRequired\":true,\"valueName\":\"search_term_string\"}}],\"inLanguage\":\"de\"},{\"@type\":\"Organization\",\"@id\":\"https:\/\/www.sonnenseite.com\/de\/#organization\",\"name\":\"Sonnenseite\",\"url\":\"https:\/\/www.sonnenseite.com\/de\/\",\"logo\":{\"@type\":\"ImageObject\",\"inLanguage\":\"de\",\"@id\":\"https:\/\/www.sonnenseite.com\/de\/#\/schema\/logo\/image\/\",\"url\":\"https:\/\/www.sonnenseite.com\/wp-content\/uploads\/2020\/05\/Sonnenseite_Logo.png\",\"contentUrl\":\"https:\/\/www.sonnenseite.com\/wp-content\/uploads\/2020\/05\/Sonnenseite_Logo.png\",\"width\":377,\"height\":90,\"caption\":\"Sonnenseite\"},\"image\":{\"@id\":\"https:\/\/www.sonnenseite.com\/de\/#\/schema\/logo\/image\/\"},\"sameAs\":[\"https:\/\/www.facebook.com\/pages\/Franz-Alt-SONNENSEITECOM\/221072987903953?fref=ts\",\"https:\/\/x.com\/franzalt\",\"http:\/\/www.youtube.com\/results?search_query&amp;amp;quot;franz_alt&amp;amp;quot;&amp;amp;amp;amp;search_type&amp;amp;amp;amp;aq=f\"]},{\"@type\":\"Person\",\"@id\":\"https:\/\/www.sonnenseite.com\/de\/#\/schema\/person\/50fda0e926597684c7cc6695238a4eb9\",\"name\":\"Bigi Alt\"}]}<\/script>\n<!-- \/ Yoast SEO plugin. -->","yoast_head_json":{"title":"Wasseratlas 2025: Wasser muss gerechter verteilt werden - Sonnenseite - \u00d6kologische Kommunikation mit Franz Alt","description":"Wie wir unsere wichtigste Ressource sch\u00fctzen und erhalten. Die Heinrich-B\u00f6ll-Stiftung und der Bund f\u00fcr Umwelt- und Naturschutz Deutschland (BUND) haben","robots":{"index":"index","follow":"follow","max-snippet":"max-snippet:-1","max-image-preview":"max-image-preview:large","max-video-preview":"max-video-preview:-1"},"canonical":"https:\/\/www.sonnenseite.com\/de\/umwelt\/wasseratlas-2025-wasser-muss-gerechter-verteilt-werden\/","og_locale":"de_DE","og_type":"article","og_title":"Wasseratlas 2025: Wasser muss gerechter verteilt werden - Sonnenseite - \u00d6kologische Kommunikation mit Franz Alt","og_description":"Wie wir unsere wichtigste Ressource sch\u00fctzen und erhalten. Die Heinrich-B\u00f6ll-Stiftung und der Bund f\u00fcr Umwelt- und Naturschutz Deutschland (BUND) haben","og_url":"https:\/\/www.sonnenseite.com\/de\/umwelt\/wasseratlas-2025-wasser-muss-gerechter-verteilt-werden\/","og_site_name":"Sonnenseite","article_publisher":"https:\/\/www.facebook.com\/pages\/Franz-Alt-SONNENSEITECOM\/221072987903953?fref=ts","article_published_time":"2025-01-08T09:12:12+00:00","article_modified_time":"2025-01-19T08:32:29+00:00","og_image":[{"width":770,"height":420,"url":"https:\/\/www.sonnenseite.com\/wp-content\/uploads\/2019\/11\/wasser_Richard-Lister.jpg","type":"image\/jpeg"}],"author":"Bigi Alt","twitter_card":"summary_large_image","twitter_creator":"@franzalt","twitter_site":"@franzalt","twitter_misc":{"Verfasst von":"Bigi Alt","Gesch\u00e4tzte Lesezeit":"4\u00a0Minuten"},"schema":{"@context":"https:\/\/schema.org","@graph":[{"@type":"Article","@id":"https:\/\/www.sonnenseite.com\/de\/umwelt\/wasseratlas-2025-wasser-muss-gerechter-verteilt-werden\/#article","isPartOf":{"@id":"https:\/\/www.sonnenseite.com\/de\/umwelt\/wasseratlas-2025-wasser-muss-gerechter-verteilt-werden\/"},"author":{"name":"Bigi Alt","@id":"https:\/\/www.sonnenseite.com\/de\/#\/schema\/person\/50fda0e926597684c7cc6695238a4eb9"},"headline":"Wasseratlas 2025: Wasser muss gerechter verteilt werden","datePublished":"2025-01-08T09:12:12+00:00","dateModified":"2025-01-19T08:32:29+00:00","mainEntityOfPage":{"@id":"https:\/\/www.sonnenseite.com\/de\/umwelt\/wasseratlas-2025-wasser-muss-gerechter-verteilt-werden\/"},"wordCount":537,"publisher":{"@id":"https:\/\/www.sonnenseite.com\/de\/#organization"},"image":{"@id":"https:\/\/www.sonnenseite.com\/de\/umwelt\/wasseratlas-2025-wasser-muss-gerechter-verteilt-werden\/#primaryimage"},"thumbnailUrl":"https:\/\/www.sonnenseite.com\/wp-content\/uploads\/2019\/11\/wasser_Richard-Lister.jpg","articleSection":["Umwelt"],"inLanguage":"de"},{"@type":"WebPage","@id":"https:\/\/www.sonnenseite.com\/de\/umwelt\/wasseratlas-2025-wasser-muss-gerechter-verteilt-werden\/","url":"https:\/\/www.sonnenseite.com\/de\/umwelt\/wasseratlas-2025-wasser-muss-gerechter-verteilt-werden\/","name":"Wasseratlas 2025: Wasser muss gerechter verteilt werden - Sonnenseite - \u00d6kologische Kommunikation mit Franz Alt","isPartOf":{"@id":"https:\/\/www.sonnenseite.com\/de\/#website"},"primaryImageOfPage":{"@id":"https:\/\/www.sonnenseite.com\/de\/umwelt\/wasseratlas-2025-wasser-muss-gerechter-verteilt-werden\/#primaryimage"},"image":{"@id":"https:\/\/www.sonnenseite.com\/de\/umwelt\/wasseratlas-2025-wasser-muss-gerechter-verteilt-werden\/#primaryimage"},"thumbnailUrl":"https:\/\/www.sonnenseite.com\/wp-content\/uploads\/2019\/11\/wasser_Richard-Lister.jpg","datePublished":"2025-01-08T09:12:12+00:00","dateModified":"2025-01-19T08:32:29+00:00","description":"Wie wir unsere wichtigste Ressource sch\u00fctzen und erhalten. Die Heinrich-B\u00f6ll-Stiftung und der Bund f\u00fcr Umwelt- und Naturschutz Deutschland (BUND) haben","breadcrumb":{"@id":"https:\/\/www.sonnenseite.com\/de\/umwelt\/wasseratlas-2025-wasser-muss-gerechter-verteilt-werden\/#breadcrumb"},"inLanguage":"de","potentialAction":[{"@type":"ReadAction","target":["https:\/\/www.sonnenseite.com\/de\/umwelt\/wasseratlas-2025-wasser-muss-gerechter-verteilt-werden\/"]}]},{"@type":"ImageObject","inLanguage":"de","@id":"https:\/\/www.sonnenseite.com\/de\/umwelt\/wasseratlas-2025-wasser-muss-gerechter-verteilt-werden\/#primaryimage","url":"https:\/\/www.sonnenseite.com\/wp-content\/uploads\/2019\/11\/wasser_Richard-Lister.jpg","contentUrl":"https:\/\/www.sonnenseite.com\/wp-content\/uploads\/2019\/11\/wasser_Richard-Lister.jpg","width":770,"height":420,"caption":"Fotolia.com | Richard-Lister"},{"@type":"BreadcrumbList","@id":"https:\/\/www.sonnenseite.com\/de\/umwelt\/wasseratlas-2025-wasser-muss-gerechter-verteilt-werden\/#breadcrumb","itemListElement":[{"@type":"ListItem","position":1,"name":"Startseite","item":"https:\/\/www.sonnenseite.com\/de\/"},{"@type":"ListItem","position":2,"name":"Wasseratlas 2025: Wasser muss gerechter verteilt werden"}]},{"@type":"WebSite","@id":"https:\/\/www.sonnenseite.com\/de\/#website","url":"https:\/\/www.sonnenseite.com\/de\/","name":"Sonnenseite","description":"\u00d6kologische Kommunikation mit Franz Alt","publisher":{"@id":"https:\/\/www.sonnenseite.com\/de\/#organization"},"potentialAction":[{"@type":"SearchAction","target":{"@type":"EntryPoint","urlTemplate":"https:\/\/www.sonnenseite.com\/de\/?s={search_term_string}"},"query-input":{"@type":"PropertyValueSpecification","valueRequired":true,"valueName":"search_term_string"}}],"inLanguage":"de"},{"@type":"Organization","@id":"https:\/\/www.sonnenseite.com\/de\/#organization","name":"Sonnenseite","url":"https:\/\/www.sonnenseite.com\/de\/","logo":{"@type":"ImageObject","inLanguage":"de","@id":"https:\/\/www.sonnenseite.com\/de\/#\/schema\/logo\/image\/","url":"https:\/\/www.sonnenseite.com\/wp-content\/uploads\/2020\/05\/Sonnenseite_Logo.png","contentUrl":"https:\/\/www.sonnenseite.com\/wp-content\/uploads\/2020\/05\/Sonnenseite_Logo.png","width":377,"height":90,"caption":"Sonnenseite"},"image":{"@id":"https:\/\/www.sonnenseite.com\/de\/#\/schema\/logo\/image\/"},"sameAs":["https:\/\/www.facebook.com\/pages\/Franz-Alt-SONNENSEITECOM\/221072987903953?fref=ts","https:\/\/x.com\/franzalt","http:\/\/www.youtube.com\/results?search_query&amp;amp;quot;franz_alt&amp;amp;quot;&amp;amp;amp;amp;search_type&amp;amp;amp;amp;aq=f"]},{"@type":"Person","@id":"https:\/\/www.sonnenseite.com\/de\/#\/schema\/person\/50fda0e926597684c7cc6695238a4eb9","name":"Bigi Alt"}]}},"_links":{"self":[{"href":"https:\/\/www.sonnenseite.com\/de\/wp-json\/wp\/v2\/posts\/104417","targetHints":{"allow":["GET"]}}],"collection":[{"href":"https:\/\/www.sonnenseite.com\/de\/wp-json\/wp\/v2\/posts"}],"about":[{"href":"https:\/\/www.sonnenseite.com\/de\/wp-json\/wp\/v2\/types\/post"}],"author":[{"embeddable":true,"href":"https:\/\/www.sonnenseite.com\/de\/wp-json\/wp\/v2\/users\/3"}],"replies":[{"embeddable":true,"href":"https:\/\/www.sonnenseite.com\/de\/wp-json\/wp\/v2\/comments?post=104417"}],"version-history":[{"count":2,"href":"https:\/\/www.sonnenseite.com\/de\/wp-json\/wp\/v2\/posts\/104417\/revisions"}],"predecessor-version":[{"id":104421,"href":"https:\/\/www.sonnenseite.com\/de\/wp-json\/wp\/v2\/posts\/104417\/revisions\/104421"}],"wp:featuredmedia":[{"embeddable":true,"href":"https:\/\/www.sonnenseite.com\/de\/wp-json\/wp\/v2\/media\/5034"}],"wp:attachment":[{"href":"https:\/\/www.sonnenseite.com\/de\/wp-json\/wp\/v2\/media?parent=104417"}],"wp:term":[{"taxonomy":"category","embeddable":true,"href":"https:\/\/www.sonnenseite.com\/de\/wp-json\/wp\/v2\/categories?post=104417"},{"taxonomy":"post_tag","embeddable":true,"href":"https:\/\/www.sonnenseite.com\/de\/wp-json\/wp\/v2\/tags?post=104417"}],"curies":[{"name":"wp","href":"https:\/\/api.w.org\/{rel}","templated":true}]}}