{"id":104916,"date":"2025-01-31T15:09:36","date_gmt":"2025-01-31T14:09:36","guid":{"rendered":"https:\/\/www.sonnenseite.com\/?p=104916"},"modified":"2025-01-31T15:09:37","modified_gmt":"2025-01-31T14:09:37","slug":"bundestag-glaettet-solarstrom-spitzen","status":"publish","type":"post","link":"https:\/\/www.sonnenseite.com\/de\/politik\/bundestag-glaettet-solarstrom-spitzen\/","title":{"rendered":"Bundestag gl\u00e4ttet Solarstrom-Spitzen"},"content":{"rendered":"\n<p>Der Bundestag hat heute einer Novellierung des Energiewirtschaftsrechts zur Vermeidung von tempor\u00e4ren Erzeugungs\u00fcbersch\u00fcssen verabschiedet. <\/p>\n\n\n\n<p>Der Bundesverband Solarwirtschaft begr\u00fc\u00dft, dass Union, SPD und Gr\u00fcne noch vor der Bundestagswahl die Energierechtsnovelle zugestimmt haben. Die Interessenvertretung der Solar- und Speicherwirtschaft informiert, was sich in Zukunft f\u00fcr Betreiber:innen von Solarstromanlagen \u00e4ndern wird:<\/p>\n\n\n\n<h4 class=\"wp-block-heading\">1. Verlagerung der Solarstromeinspeisung und deren EEG-Verg\u00fctung weg von Zeiten negativer B\u00f6rsenstrompreise<\/h4>\n\n\n\n<p>Betreiber:innen neuer Photovoltaikanlagen erhalten zuk\u00fcnftig keine EEG-Verg\u00fctung mehr f\u00fcr den Strom, den sie zu Zeiten negativer B\u00f6rsenstrompreise ins \u00f6ffentliche Stromnetz einspeisen. In diesen Zeiten besteht ein Strom\u00fcberangebot. Damit dies die Rentabilit\u00e4t von neuen Solarstromanlagen nicht nennenswert beeintr\u00e4chtigt, greift ein Kompensationsmechanismus: Die gef\u00f6rderte Solarstromeinspeisung, die zu Zeiten negativer Strompreise nicht verg\u00fctet wurde, kann durch eine Verl\u00e4ngerung des rund 20j\u00e4hrigen Verg\u00fctungszeitraums nachgeholt werden.<\/p>\n\n\n\n<p>Der finanzielle Nachteil f\u00fcr Betreiber:innen von Solaranlagen h\u00e4lt sich damit in Grenzen. Durch eine intelligente Nutzung und Zwischenspeicherung des selbst erzeugten Solarstroms zu Zeiten negativer Strompreise k\u00f6nnen sie sogar einen wirtschaftlichen Vorteil generieren. Sie tragen so dazu bei, Stromspitzen und negative Strompreise zu vermeiden und die Energiewende-Kosten zu senken.<\/p>\n\n\n\n<p>Betreiber:innen von bereits bestehenden Solarstromanlagen k\u00f6nnen auf freiwilliger Basis zu der Neuregelung optieren. Als Anreiz f\u00fcr einen freiwilligen Wechsel erhalten Betreiber von Bestandsanlagen eine Verg\u00fctungserh\u00f6hung von 0,6 ct\/kWh. F\u00fcr Bestandsanlagen gelten im Wesentlichen die Anforderungen zum jeweiligen Zeitpunkt der Inbetriebnahme.<\/p>\n\n\n\n<h4 class=\"wp-block-heading\">2. Installation von intelligenten Messsystemen (iMSys)<\/h4>\n\n\n\n<p>Um Stromspitzen auch zuk\u00fcnftig gut handhaben zu k\u00f6nnen, soll der Rollout von intelligenten Messsystemen (iMSys) und Steuerungstechnik deutlich beschleunigt werden.<br>Gesteuert werden m\u00fcssen PV-Anlagen ab einer Leistung von 7 kWp. Ausgenommen von der Steuerungspflicht sind sogenannte \u201eNulleinspeise-Anlagen\u201d, die keinen Strom ins Netz einspeisen sowie Steckersolarger\u00e4te f\u00fcr die keine Ausstattungspflicht besteht.<\/p>\n\n\n\n<p>Die maximal zul\u00e4ssigen, j\u00e4hrlich zu zahlenden Entgelte f\u00fcr intelligente Messsysteme und Steuerungstechnik werden angehoben. Allerdings k\u00f6nnen Anlagenbetreiber damit auch an vielf\u00e4ltigen Abrechnungs- und Tarifprodukten der neuen Energiewelt teilnehmen, wie beispielsweise dynamischen Stromtarifen. Die maximal zul\u00e4ssigen Entgelte steigen f\u00fcr Photovoltaikanlagen mit einer Leistung von 2 kW bis 15 kW um 30 Euro pro Jahr. Die Mehrzahl der Photovoltaiksysteme auf Einfamilienh\u00e4usern liegt in dieser Leistungsklasse. F\u00fcr Anlagen von 15 kW bis 25 kW steigen die Kosten um 40 Euro, und f\u00fcr Anlagen von 25 kW bis 100 kW um 20 Euro pro Jahr an. Hinzu kommen Kosten f\u00fcr den Einbau und Betrieb einer Steuerungseinrichtung am Netzanschlusspunkt in H\u00f6he von j\u00e4hrlich 50 Euro.<\/p>\n\n\n\n<h4 class=\"wp-block-heading\">3. Reduzierung der maximalen Einspeiseleistung von Photovoltaikanlagen<\/h4>\n\n\n\n<p>Die Einspeiseleistung \u2013 nicht gleichzusetzen mit der Einspeisemenge \u2013 von neuen Photovoltaikanlagen wird auf 60 Prozent beschr\u00e4nkt, solange diese nicht mit einem intelligenten Messystem ausgestattet sind. Da inzwischen nahezu alle neu installierten Solaranlagen mit einem intelligent betriebenen Speicher betrieben werden, d\u00fcrften Betreiber:innen dadurch in der Regel keine nennenswerten Nachteile entstehen. Solare Erzeugungsspitzen werden so nicht ins Stromnetz eingespeist, sondern entweder direkt vor Ort verbraucht, mit Hilfe von Speichern zeitversetzt vor Ort verbraucht oder zeitversetzt ins Netz eingespeist, wenn weniger Sonne scheint.<\/p>\n\n\n\n<p>Nur in den seltenen F\u00e4llen, bei denen neue Solarstromanlagen \u00fcber keinen Speicher verf\u00fcgen und den gesamten Strom ins \u00f6ffentliche Netz einspeisen m\u00fcssen, f\u00fchrt die beschlossene Kappung der Einspeiseleistung auf 60 Prozent zu Abregelungs- und damit Rentabilit\u00e4tsverlusten im unteren einstelligen Prozentbereich: In Lagen bester Sonneneinstrahlung belaufen sie sich in diesem Fall schlimmstenfalls auf ein Prozent bei Ost-West-Ausrichtung und auf maximal neun Prozent bei S\u00fcdausrichtung einer Solaranlage. An weniger sonnenreichen Standorten fallen die Verluste geringer aus. Mit dem Einsatz von Batteriespeichern und einem zeitlich gesteuerten Eigenverbrauch lassen sich diese durch eine Abregelung erzeugten Verluste jedoch weitgehend vermeiden. Das ergab eine Simulation der Hochschule f\u00fcr Technik und Wirtschaft Berlin.<\/p>\n\n\n\n<p>Die Reduzierung der Einspeiseleistung auf 60 Prozent gilt f\u00fcr alle Photovoltaiksysteme mit einer Leistung unter 100 Kilowatt (mit Ausnahme kleiner Steckersolarger\u00e4te), die nicht in der Direktvermarktung sind.<\/p>\n\n\n\n<h4 class=\"wp-block-heading\">4. Flexiblere Fahrweise von Speichern<\/h4>\n\n\n\n<p>Mehr als 80 Prozent der neuen Photovoltaikanlagen auf Eigenheimen werden in Kombination mit einem Batteriespeicher installiert. Diese Speicher k\u00f6nnen k\u00fcnftig auch zum Zwischenspeichern von Netzstrom genutzt werden und damit netz- und systemdienlicher betrieben werden. M\u00f6glich machen das die Pauschaloption f\u00fcr Heimspeicher und die Abgrenzungsoption f\u00fcr gr\u00f6\u00dfere Speicher. Beide Optionen dienen dazu, f\u00f6rderf\u00e4hige Solarstrommengen im Speicher von nicht f\u00f6rderf\u00e4higem Graustrom aus dem Netz abzugrenzen. Das erm\u00f6glicht eine flexible Nutzung der Speicher nicht nur f\u00fcr den Eigenverbrauch, sondern auch f\u00fcr den Stromhandel und Systemdienstleistungen. Voraussetzung f\u00fcr die praktische Anwendung ist eine noch zu formulierende Festlegung der Bundesnetzagentur und die Anlagen m\u00fcssen in der Direktvermarktung betrieben werden.<\/p>\n\n\n<h5 class=\"green\">Quelle<\/h5>\r\n\n\n\n<p><a href=\"https:\/\/www.solarwirtschaft.de\/2025\/01\/31\/bundestag-glaettet-solarstrom-spitzen\/\">Bundesverband Solarwirtschaft 2025<\/a><\/p>\n<div class=\"shariff shariff-align-flex-start shariff-widget-align-flex-start\"><div class=\"ShariffHeadline\">Diese Meldung teilen<\/div><ul class=\"shariff-buttons theme-round orientation-horizontal buttonsize-medium\"><li class=\"shariff-button facebook shariff-nocustomcolor\" style=\"background-color:#4273c8;border-radius:1%\"><a href=\"https:\/\/www.facebook.com\/sharer\/sharer.php?u=https%3A%2F%2Fwww.sonnenseite.com%2Fde%2Fpolitik%2Fbundestag-glaettet-solarstrom-spitzen%2F\" title=\"Bei Facebook teilen\" aria-label=\"Bei Facebook teilen\" role=\"button\" rel=\"nofollow\" class=\"shariff-link\" style=\";border-radius:1%; background-color:#3b5998; color:#fff\" target=\"_blank\"><span class=\"shariff-icon\" style=\"\"><svg width=\"32px\" height=\"20px\" xmlns=\"http:\/\/www.w3.org\/2000\/svg\" viewBox=\"0 0 18 32\"><path fill=\"#3b5998\" d=\"M17.1 0.2v4.7h-2.8q-1.5 0-2.1 0.6t-0.5 1.9v3.4h5.2l-0.7 5.3h-4.5v13.6h-5.5v-13.6h-4.5v-5.3h4.5v-3.9q0-3.3 1.9-5.2t5-1.8q2.6 0 4.1 0.2z\"\/><\/svg><\/span><\/a><\/li><li class=\"shariff-button twitter shariff-nocustomcolor\" style=\"background-color:#595959;border-radius:1%\"><a href=\"https:\/\/twitter.com\/share?url=https%3A%2F%2Fwww.sonnenseite.com%2Fde%2Fpolitik%2Fbundestag-glaettet-solarstrom-spitzen%2F&text=Bundestag%20gl%C3%A4ttet%20Solarstrom-Spitzen\" title=\"Bei X teilen\" aria-label=\"Bei X teilen\" role=\"button\" rel=\"noopener nofollow\" class=\"shariff-link\" style=\";border-radius:1%; background-color:#000; color:#fff\" target=\"_blank\"><span class=\"shariff-icon\" style=\"\"><svg width=\"32px\" height=\"20px\" xmlns=\"http:\/\/www.w3.org\/2000\/svg\" viewBox=\"0 0 24 24\"><path fill=\"#000\" d=\"M14.258 10.152L23.176 0h-2.113l-7.747 8.813L7.133 0H0l9.352 13.328L0 23.973h2.113l8.176-9.309 6.531 9.309h7.133zm-2.895 3.293l-.949-1.328L2.875 1.56h3.246l6.086 8.523.945 1.328 7.91 11.078h-3.246zm0 0\"\/><\/svg><\/span><\/a><\/li><li class=\"shariff-button xing shariff-nocustomcolor\" style=\"background-color:#29888a;border-radius:1%\"><a href=\"https:\/\/www.xing.com\/spi\/shares\/new?url=https%3A%2F%2Fwww.sonnenseite.com%2Fde%2Fpolitik%2Fbundestag-glaettet-solarstrom-spitzen%2F\" title=\"Bei XING teilen\" aria-label=\"Bei XING teilen\" role=\"button\" rel=\"noopener nofollow\" class=\"shariff-link\" style=\";border-radius:1%; background-color:#126567; color:#fff\" target=\"_blank\"><span class=\"shariff-icon\" style=\"\"><svg width=\"32px\" height=\"20px\" xmlns=\"http:\/\/www.w3.org\/2000\/svg\" viewBox=\"0 0 25 32\"><path fill=\"#126567\" d=\"M10.7 11.9q-0.2 0.3-4.6 8.2-0.5 0.8-1.2 0.8h-4.3q-0.4 0-0.5-0.3t0-0.6l4.5-8q0 0 0 0l-2.9-5q-0.2-0.4 0-0.7 0.2-0.3 0.5-0.3h4.3q0.7 0 1.2 0.8zM25.1 0.4q0.2 0.3 0 0.7l-9.4 16.7 6 11q0.2 0.4 0 0.6-0.2 0.3-0.6 0.3h-4.3q-0.7 0-1.2-0.8l-6-11.1q0.3-0.6 9.5-16.8 0.4-0.8 1.2-0.8h4.3q0.4 0 0.5 0.3z\"\/><\/svg><\/span><\/a><\/li><li class=\"shariff-button linkedin shariff-nocustomcolor\" style=\"background-color:#1488bf;border-radius:1%\"><a href=\"https:\/\/www.linkedin.com\/sharing\/share-offsite\/?url=https%3A%2F%2Fwww.sonnenseite.com%2Fde%2Fpolitik%2Fbundestag-glaettet-solarstrom-spitzen%2F\" title=\"Bei LinkedIn teilen\" aria-label=\"Bei LinkedIn teilen\" role=\"button\" rel=\"noopener nofollow\" class=\"shariff-link\" style=\";border-radius:1%; background-color:#0077b5; color:#fff\" target=\"_blank\"><span class=\"shariff-icon\" style=\"\"><svg width=\"32px\" height=\"20px\" xmlns=\"http:\/\/www.w3.org\/2000\/svg\" viewBox=\"0 0 27 32\"><path fill=\"#0077b5\" d=\"M6.2 11.2v17.7h-5.9v-17.7h5.9zM6.6 5.7q0 1.3-0.9 2.2t-2.4 0.9h0q-1.5 0-2.4-0.9t-0.9-2.2 0.9-2.2 2.4-0.9 2.4 0.9 0.9 2.2zM27.4 18.7v10.1h-5.9v-9.5q0-1.9-0.7-2.9t-2.3-1.1q-1.1 0-1.9 0.6t-1.2 1.5q-0.2 0.5-0.2 1.4v9.9h-5.9q0-7.1 0-11.6t0-5.3l0-0.9h5.9v2.6h0q0.4-0.6 0.7-1t1-0.9 1.6-0.8 2-0.3q3 0 4.9 2t1.9 6z\"\/><\/svg><\/span><\/a><\/li><li class=\"shariff-button printer shariff-nocustomcolor\" style=\"background-color:#a8a8a8;border-radius:1%\"><a href=\"javascript:window.print()\" title=\"drucken\" aria-label=\"drucken\" role=\"button\" rel=\"noopener nofollow\" class=\"shariff-link\" style=\";border-radius:1%; background-color:#999; color:#fff\"><span class=\"shariff-icon\" style=\"\"><svg width=\"32px\" height=\"20px\" xmlns=\"http:\/\/www.w3.org\/2000\/svg\" viewBox=\"0 0 30 32\"><path fill=\"#999\" d=\"M6.8 27.4h16v-4.6h-16v4.6zM6.8 16h16v-6.8h-2.8q-0.7 0-1.2-0.5t-0.5-1.2v-2.8h-11.4v11.4zM27.4 17.2q0-0.5-0.3-0.8t-0.8-0.4-0.8 0.4-0.3 0.8 0.3 0.8 0.8 0.3 0.8-0.3 0.3-0.8zM29.7 17.2v7.4q0 0.2-0.2 0.4t-0.4 0.2h-4v2.8q0 0.7-0.5 1.2t-1.2 0.5h-17.2q-0.7 0-1.2-0.5t-0.5-1.2v-2.8h-4q-0.2 0-0.4-0.2t-0.2-0.4v-7.4q0-1.4 1-2.4t2.4-1h1.2v-9.7q0-0.7 0.5-1.2t1.2-0.5h12q0.7 0 1.6 0.4t1.3 0.8l2.7 2.7q0.5 0.5 0.9 1.4t0.4 1.6v4.6h1.1q1.4 0 2.4 1t1 2.4z\"\/><\/svg><\/span><\/a><\/li><li class=\"shariff-button mailto shariff-nocustomcolor\" style=\"background-color:#a8a8a8;border-radius:1%\"><a href=\"mailto:?body=https%3A%2F%2Fwww.sonnenseite.com%2Fde%2Fpolitik%2Fbundestag-glaettet-solarstrom-spitzen%2F&subject=Bundestag%20gl%C3%A4ttet%20Solarstrom-Spitzen\" title=\"Per E-Mail versenden\" aria-label=\"Per E-Mail versenden\" role=\"button\" rel=\"noopener nofollow\" class=\"shariff-link\" style=\";border-radius:1%; background-color:#999; color:#fff\"><span class=\"shariff-icon\" style=\"\"><svg width=\"32px\" height=\"20px\" xmlns=\"http:\/\/www.w3.org\/2000\/svg\" viewBox=\"0 0 32 32\"><path fill=\"#999\" d=\"M32 12.7v14.2q0 1.2-0.8 2t-2 0.9h-26.3q-1.2 0-2-0.9t-0.8-2v-14.2q0.8 0.9 1.8 1.6 6.5 4.4 8.9 6.1 1 0.8 1.6 1.2t1.7 0.9 2 0.4h0.1q0.9 0 2-0.4t1.7-0.9 1.6-1.2q3-2.2 8.9-6.1 1-0.7 1.8-1.6zM32 7.4q0 1.4-0.9 2.7t-2.2 2.2q-6.7 4.7-8.4 5.8-0.2 0.1-0.7 0.5t-1 0.7-0.9 0.6-1.1 0.5-0.9 0.2h-0.1q-0.4 0-0.9-0.2t-1.1-0.5-0.9-0.6-1-0.7-0.7-0.5q-1.6-1.1-4.7-3.2t-3.6-2.6q-1.1-0.7-2.1-2t-1-2.5q0-1.4 0.7-2.3t2.1-0.9h26.3q1.2 0 2 0.8t0.9 2z\"\/><\/svg><\/span><\/a><\/li><\/ul><\/div>","protected":false},"excerpt":{"rendered":"<p>Der Bundestag hat heute einer Novellierung des Energiewirtschaftsrechts zur Vermeidung von tempor\u00e4ren Erzeugungs\u00fcbersch\u00fcssen verabschiedet. Der Bundesverband [&hellip;]<\/p>\n","protected":false},"author":3,"featured_media":60654,"comment_status":"closed","ping_status":"closed","sticky":false,"template":"","format":"standard","meta":{"inline_featured_image":false,"footnotes":""},"categories":[21],"tags":[],"class_list":["post-104916","post","type-post","status-publish","format-standard","has-post-thumbnail","hentry","category-politik"],"yoast_head":"<!-- This site is optimized with the Yoast SEO plugin v26.5 - https:\/\/yoast.com\/wordpress\/plugins\/seo\/ -->\n<title>Bundestag gl\u00e4ttet Solarstrom-Spitzen - Sonnenseite - \u00d6kologische Kommunikation mit Franz Alt<\/title>\n<meta name=\"description\" content=\"Der Bundestag hat heute einer Novellierung des Energiewirtschaftsrechts zur Vermeidung von tempor\u00e4ren Erzeugungs\u00fcbersch\u00fcssen verabschiedet. Der\" \/>\n<meta name=\"robots\" content=\"index, follow, max-snippet:-1, max-image-preview:large, max-video-preview:-1\" \/>\n<link rel=\"canonical\" href=\"https:\/\/www.sonnenseite.com\/de\/politik\/bundestag-glaettet-solarstrom-spitzen\/\" \/>\n<meta property=\"og:locale\" content=\"de_DE\" \/>\n<meta property=\"og:type\" content=\"article\" \/>\n<meta property=\"og:title\" content=\"Bundestag gl\u00e4ttet Solarstrom-Spitzen - Sonnenseite - \u00d6kologische Kommunikation mit Franz Alt\" \/>\n<meta property=\"og:description\" content=\"Der Bundestag hat heute einer Novellierung des Energiewirtschaftsrechts zur Vermeidung von tempor\u00e4ren Erzeugungs\u00fcbersch\u00fcssen verabschiedet. Der\" \/>\n<meta property=\"og:url\" content=\"https:\/\/www.sonnenseite.com\/de\/politik\/bundestag-glaettet-solarstrom-spitzen\/\" \/>\n<meta property=\"og:site_name\" content=\"Sonnenseite\" \/>\n<meta property=\"article:publisher\" content=\"https:\/\/www.facebook.com\/pages\/Franz-Alt-SONNENSEITECOM\/221072987903953?fref=ts\" \/>\n<meta property=\"article:published_time\" content=\"2025-01-31T14:09:36+00:00\" \/>\n<meta property=\"article:modified_time\" content=\"2025-01-31T14:09:37+00:00\" \/>\n<meta property=\"og:image\" content=\"https:\/\/www.sonnenseite.com\/wp-content\/uploads\/2020\/06\/Bundestag_Harald-Meyer-Kirk.jpg\" \/>\n\t<meta property=\"og:image:width\" content=\"770\" \/>\n\t<meta property=\"og:image:height\" content=\"420\" \/>\n\t<meta property=\"og:image:type\" content=\"image\/jpeg\" \/>\n<meta name=\"author\" content=\"Bigi Alt\" \/>\n<meta name=\"twitter:card\" content=\"summary_large_image\" \/>\n<meta name=\"twitter:creator\" content=\"@franzalt\" \/>\n<meta name=\"twitter:site\" content=\"@franzalt\" \/>\n<meta name=\"twitter:label1\" content=\"Verfasst von\" \/>\n\t<meta name=\"twitter:data1\" content=\"Bigi Alt\" \/>\n\t<meta name=\"twitter:label2\" content=\"Gesch\u00e4tzte Lesezeit\" \/>\n\t<meta name=\"twitter:data2\" content=\"5\u00a0Minuten\" \/>\n<script type=\"application\/ld+json\" class=\"yoast-schema-graph\">{\"@context\":\"https:\/\/schema.org\",\"@graph\":[{\"@type\":\"Article\",\"@id\":\"https:\/\/www.sonnenseite.com\/de\/politik\/bundestag-glaettet-solarstrom-spitzen\/#article\",\"isPartOf\":{\"@id\":\"https:\/\/www.sonnenseite.com\/de\/politik\/bundestag-glaettet-solarstrom-spitzen\/\"},\"author\":{\"name\":\"Bigi Alt\",\"@id\":\"https:\/\/www.sonnenseite.com\/de\/#\/schema\/person\/50fda0e926597684c7cc6695238a4eb9\"},\"headline\":\"Bundestag gl\u00e4ttet Solarstrom-Spitzen\",\"datePublished\":\"2025-01-31T14:09:36+00:00\",\"dateModified\":\"2025-01-31T14:09:37+00:00\",\"mainEntityOfPage\":{\"@id\":\"https:\/\/www.sonnenseite.com\/de\/politik\/bundestag-glaettet-solarstrom-spitzen\/\"},\"wordCount\":767,\"publisher\":{\"@id\":\"https:\/\/www.sonnenseite.com\/de\/#organization\"},\"image\":{\"@id\":\"https:\/\/www.sonnenseite.com\/de\/politik\/bundestag-glaettet-solarstrom-spitzen\/#primaryimage\"},\"thumbnailUrl\":\"https:\/\/www.sonnenseite.com\/wp-content\/uploads\/2020\/06\/Bundestag_Harald-Meyer-Kirk.jpg\",\"articleSection\":[\"Politik\"],\"inLanguage\":\"de\"},{\"@type\":\"WebPage\",\"@id\":\"https:\/\/www.sonnenseite.com\/de\/politik\/bundestag-glaettet-solarstrom-spitzen\/\",\"url\":\"https:\/\/www.sonnenseite.com\/de\/politik\/bundestag-glaettet-solarstrom-spitzen\/\",\"name\":\"Bundestag gl\u00e4ttet Solarstrom-Spitzen - Sonnenseite - \u00d6kologische Kommunikation mit Franz Alt\",\"isPartOf\":{\"@id\":\"https:\/\/www.sonnenseite.com\/de\/#website\"},\"primaryImageOfPage\":{\"@id\":\"https:\/\/www.sonnenseite.com\/de\/politik\/bundestag-glaettet-solarstrom-spitzen\/#primaryimage\"},\"image\":{\"@id\":\"https:\/\/www.sonnenseite.com\/de\/politik\/bundestag-glaettet-solarstrom-spitzen\/#primaryimage\"},\"thumbnailUrl\":\"https:\/\/www.sonnenseite.com\/wp-content\/uploads\/2020\/06\/Bundestag_Harald-Meyer-Kirk.jpg\",\"datePublished\":\"2025-01-31T14:09:36+00:00\",\"dateModified\":\"2025-01-31T14:09:37+00:00\",\"description\":\"Der Bundestag hat heute einer Novellierung des Energiewirtschaftsrechts zur Vermeidung von tempor\u00e4ren Erzeugungs\u00fcbersch\u00fcssen verabschiedet. Der\",\"breadcrumb\":{\"@id\":\"https:\/\/www.sonnenseite.com\/de\/politik\/bundestag-glaettet-solarstrom-spitzen\/#breadcrumb\"},\"inLanguage\":\"de\",\"potentialAction\":[{\"@type\":\"ReadAction\",\"target\":[\"https:\/\/www.sonnenseite.com\/de\/politik\/bundestag-glaettet-solarstrom-spitzen\/\"]}]},{\"@type\":\"ImageObject\",\"inLanguage\":\"de\",\"@id\":\"https:\/\/www.sonnenseite.com\/de\/politik\/bundestag-glaettet-solarstrom-spitzen\/#primaryimage\",\"url\":\"https:\/\/www.sonnenseite.com\/wp-content\/uploads\/2020\/06\/Bundestag_Harald-Meyer-Kirk.jpg\",\"contentUrl\":\"https:\/\/www.sonnenseite.com\/wp-content\/uploads\/2020\/06\/Bundestag_Harald-Meyer-Kirk.jpg\",\"width\":770,\"height\":420,\"caption\":\"pixabay.com | Harald-Meyer-Kirk\"},{\"@type\":\"BreadcrumbList\",\"@id\":\"https:\/\/www.sonnenseite.com\/de\/politik\/bundestag-glaettet-solarstrom-spitzen\/#breadcrumb\",\"itemListElement\":[{\"@type\":\"ListItem\",\"position\":1,\"name\":\"Startseite\",\"item\":\"https:\/\/www.sonnenseite.com\/de\/\"},{\"@type\":\"ListItem\",\"position\":2,\"name\":\"Bundestag gl\u00e4ttet Solarstrom-Spitzen\"}]},{\"@type\":\"WebSite\",\"@id\":\"https:\/\/www.sonnenseite.com\/de\/#website\",\"url\":\"https:\/\/www.sonnenseite.com\/de\/\",\"name\":\"Sonnenseite\",\"description\":\"\u00d6kologische Kommunikation mit Franz Alt\",\"publisher\":{\"@id\":\"https:\/\/www.sonnenseite.com\/de\/#organization\"},\"potentialAction\":[{\"@type\":\"SearchAction\",\"target\":{\"@type\":\"EntryPoint\",\"urlTemplate\":\"https:\/\/www.sonnenseite.com\/de\/?s={search_term_string}\"},\"query-input\":{\"@type\":\"PropertyValueSpecification\",\"valueRequired\":true,\"valueName\":\"search_term_string\"}}],\"inLanguage\":\"de\"},{\"@type\":\"Organization\",\"@id\":\"https:\/\/www.sonnenseite.com\/de\/#organization\",\"name\":\"Sonnenseite\",\"url\":\"https:\/\/www.sonnenseite.com\/de\/\",\"logo\":{\"@type\":\"ImageObject\",\"inLanguage\":\"de\",\"@id\":\"https:\/\/www.sonnenseite.com\/de\/#\/schema\/logo\/image\/\",\"url\":\"https:\/\/www.sonnenseite.com\/wp-content\/uploads\/2020\/05\/Sonnenseite_Logo.png\",\"contentUrl\":\"https:\/\/www.sonnenseite.com\/wp-content\/uploads\/2020\/05\/Sonnenseite_Logo.png\",\"width\":377,\"height\":90,\"caption\":\"Sonnenseite\"},\"image\":{\"@id\":\"https:\/\/www.sonnenseite.com\/de\/#\/schema\/logo\/image\/\"},\"sameAs\":[\"https:\/\/www.facebook.com\/pages\/Franz-Alt-SONNENSEITECOM\/221072987903953?fref=ts\",\"https:\/\/x.com\/franzalt\",\"http:\/\/www.youtube.com\/results?search_query&amp;amp;quot;franz_alt&amp;amp;quot;&amp;amp;amp;amp;search_type&amp;amp;amp;amp;aq=f\"]},{\"@type\":\"Person\",\"@id\":\"https:\/\/www.sonnenseite.com\/de\/#\/schema\/person\/50fda0e926597684c7cc6695238a4eb9\",\"name\":\"Bigi Alt\"}]}<\/script>\n<!-- \/ Yoast SEO plugin. -->","yoast_head_json":{"title":"Bundestag gl\u00e4ttet Solarstrom-Spitzen - Sonnenseite - \u00d6kologische Kommunikation mit Franz Alt","description":"Der Bundestag hat heute einer Novellierung des Energiewirtschaftsrechts zur Vermeidung von tempor\u00e4ren Erzeugungs\u00fcbersch\u00fcssen verabschiedet. Der","robots":{"index":"index","follow":"follow","max-snippet":"max-snippet:-1","max-image-preview":"max-image-preview:large","max-video-preview":"max-video-preview:-1"},"canonical":"https:\/\/www.sonnenseite.com\/de\/politik\/bundestag-glaettet-solarstrom-spitzen\/","og_locale":"de_DE","og_type":"article","og_title":"Bundestag gl\u00e4ttet Solarstrom-Spitzen - Sonnenseite - \u00d6kologische Kommunikation mit Franz Alt","og_description":"Der Bundestag hat heute einer Novellierung des Energiewirtschaftsrechts zur Vermeidung von tempor\u00e4ren Erzeugungs\u00fcbersch\u00fcssen verabschiedet. Der","og_url":"https:\/\/www.sonnenseite.com\/de\/politik\/bundestag-glaettet-solarstrom-spitzen\/","og_site_name":"Sonnenseite","article_publisher":"https:\/\/www.facebook.com\/pages\/Franz-Alt-SONNENSEITECOM\/221072987903953?fref=ts","article_published_time":"2025-01-31T14:09:36+00:00","article_modified_time":"2025-01-31T14:09:37+00:00","og_image":[{"width":770,"height":420,"url":"https:\/\/www.sonnenseite.com\/wp-content\/uploads\/2020\/06\/Bundestag_Harald-Meyer-Kirk.jpg","type":"image\/jpeg"}],"author":"Bigi Alt","twitter_card":"summary_large_image","twitter_creator":"@franzalt","twitter_site":"@franzalt","twitter_misc":{"Verfasst von":"Bigi Alt","Gesch\u00e4tzte Lesezeit":"5\u00a0Minuten"},"schema":{"@context":"https:\/\/schema.org","@graph":[{"@type":"Article","@id":"https:\/\/www.sonnenseite.com\/de\/politik\/bundestag-glaettet-solarstrom-spitzen\/#article","isPartOf":{"@id":"https:\/\/www.sonnenseite.com\/de\/politik\/bundestag-glaettet-solarstrom-spitzen\/"},"author":{"name":"Bigi Alt","@id":"https:\/\/www.sonnenseite.com\/de\/#\/schema\/person\/50fda0e926597684c7cc6695238a4eb9"},"headline":"Bundestag gl\u00e4ttet Solarstrom-Spitzen","datePublished":"2025-01-31T14:09:36+00:00","dateModified":"2025-01-31T14:09:37+00:00","mainEntityOfPage":{"@id":"https:\/\/www.sonnenseite.com\/de\/politik\/bundestag-glaettet-solarstrom-spitzen\/"},"wordCount":767,"publisher":{"@id":"https:\/\/www.sonnenseite.com\/de\/#organization"},"image":{"@id":"https:\/\/www.sonnenseite.com\/de\/politik\/bundestag-glaettet-solarstrom-spitzen\/#primaryimage"},"thumbnailUrl":"https:\/\/www.sonnenseite.com\/wp-content\/uploads\/2020\/06\/Bundestag_Harald-Meyer-Kirk.jpg","articleSection":["Politik"],"inLanguage":"de"},{"@type":"WebPage","@id":"https:\/\/www.sonnenseite.com\/de\/politik\/bundestag-glaettet-solarstrom-spitzen\/","url":"https:\/\/www.sonnenseite.com\/de\/politik\/bundestag-glaettet-solarstrom-spitzen\/","name":"Bundestag gl\u00e4ttet Solarstrom-Spitzen - Sonnenseite - \u00d6kologische Kommunikation mit Franz Alt","isPartOf":{"@id":"https:\/\/www.sonnenseite.com\/de\/#website"},"primaryImageOfPage":{"@id":"https:\/\/www.sonnenseite.com\/de\/politik\/bundestag-glaettet-solarstrom-spitzen\/#primaryimage"},"image":{"@id":"https:\/\/www.sonnenseite.com\/de\/politik\/bundestag-glaettet-solarstrom-spitzen\/#primaryimage"},"thumbnailUrl":"https:\/\/www.sonnenseite.com\/wp-content\/uploads\/2020\/06\/Bundestag_Harald-Meyer-Kirk.jpg","datePublished":"2025-01-31T14:09:36+00:00","dateModified":"2025-01-31T14:09:37+00:00","description":"Der Bundestag hat heute einer Novellierung des Energiewirtschaftsrechts zur Vermeidung von tempor\u00e4ren Erzeugungs\u00fcbersch\u00fcssen verabschiedet. Der","breadcrumb":{"@id":"https:\/\/www.sonnenseite.com\/de\/politik\/bundestag-glaettet-solarstrom-spitzen\/#breadcrumb"},"inLanguage":"de","potentialAction":[{"@type":"ReadAction","target":["https:\/\/www.sonnenseite.com\/de\/politik\/bundestag-glaettet-solarstrom-spitzen\/"]}]},{"@type":"ImageObject","inLanguage":"de","@id":"https:\/\/www.sonnenseite.com\/de\/politik\/bundestag-glaettet-solarstrom-spitzen\/#primaryimage","url":"https:\/\/www.sonnenseite.com\/wp-content\/uploads\/2020\/06\/Bundestag_Harald-Meyer-Kirk.jpg","contentUrl":"https:\/\/www.sonnenseite.com\/wp-content\/uploads\/2020\/06\/Bundestag_Harald-Meyer-Kirk.jpg","width":770,"height":420,"caption":"pixabay.com | Harald-Meyer-Kirk"},{"@type":"BreadcrumbList","@id":"https:\/\/www.sonnenseite.com\/de\/politik\/bundestag-glaettet-solarstrom-spitzen\/#breadcrumb","itemListElement":[{"@type":"ListItem","position":1,"name":"Startseite","item":"https:\/\/www.sonnenseite.com\/de\/"},{"@type":"ListItem","position":2,"name":"Bundestag gl\u00e4ttet Solarstrom-Spitzen"}]},{"@type":"WebSite","@id":"https:\/\/www.sonnenseite.com\/de\/#website","url":"https:\/\/www.sonnenseite.com\/de\/","name":"Sonnenseite","description":"\u00d6kologische Kommunikation mit Franz Alt","publisher":{"@id":"https:\/\/www.sonnenseite.com\/de\/#organization"},"potentialAction":[{"@type":"SearchAction","target":{"@type":"EntryPoint","urlTemplate":"https:\/\/www.sonnenseite.com\/de\/?s={search_term_string}"},"query-input":{"@type":"PropertyValueSpecification","valueRequired":true,"valueName":"search_term_string"}}],"inLanguage":"de"},{"@type":"Organization","@id":"https:\/\/www.sonnenseite.com\/de\/#organization","name":"Sonnenseite","url":"https:\/\/www.sonnenseite.com\/de\/","logo":{"@type":"ImageObject","inLanguage":"de","@id":"https:\/\/www.sonnenseite.com\/de\/#\/schema\/logo\/image\/","url":"https:\/\/www.sonnenseite.com\/wp-content\/uploads\/2020\/05\/Sonnenseite_Logo.png","contentUrl":"https:\/\/www.sonnenseite.com\/wp-content\/uploads\/2020\/05\/Sonnenseite_Logo.png","width":377,"height":90,"caption":"Sonnenseite"},"image":{"@id":"https:\/\/www.sonnenseite.com\/de\/#\/schema\/logo\/image\/"},"sameAs":["https:\/\/www.facebook.com\/pages\/Franz-Alt-SONNENSEITECOM\/221072987903953?fref=ts","https:\/\/x.com\/franzalt","http:\/\/www.youtube.com\/results?search_query&amp;amp;quot;franz_alt&amp;amp;quot;&amp;amp;amp;amp;search_type&amp;amp;amp;amp;aq=f"]},{"@type":"Person","@id":"https:\/\/www.sonnenseite.com\/de\/#\/schema\/person\/50fda0e926597684c7cc6695238a4eb9","name":"Bigi Alt"}]}},"_links":{"self":[{"href":"https:\/\/www.sonnenseite.com\/de\/wp-json\/wp\/v2\/posts\/104916","targetHints":{"allow":["GET"]}}],"collection":[{"href":"https:\/\/www.sonnenseite.com\/de\/wp-json\/wp\/v2\/posts"}],"about":[{"href":"https:\/\/www.sonnenseite.com\/de\/wp-json\/wp\/v2\/types\/post"}],"author":[{"embeddable":true,"href":"https:\/\/www.sonnenseite.com\/de\/wp-json\/wp\/v2\/users\/3"}],"replies":[{"embeddable":true,"href":"https:\/\/www.sonnenseite.com\/de\/wp-json\/wp\/v2\/comments?post=104916"}],"version-history":[{"count":1,"href":"https:\/\/www.sonnenseite.com\/de\/wp-json\/wp\/v2\/posts\/104916\/revisions"}],"predecessor-version":[{"id":104917,"href":"https:\/\/www.sonnenseite.com\/de\/wp-json\/wp\/v2\/posts\/104916\/revisions\/104917"}],"wp:featuredmedia":[{"embeddable":true,"href":"https:\/\/www.sonnenseite.com\/de\/wp-json\/wp\/v2\/media\/60654"}],"wp:attachment":[{"href":"https:\/\/www.sonnenseite.com\/de\/wp-json\/wp\/v2\/media?parent=104916"}],"wp:term":[{"taxonomy":"category","embeddable":true,"href":"https:\/\/www.sonnenseite.com\/de\/wp-json\/wp\/v2\/categories?post=104916"},{"taxonomy":"post_tag","embeddable":true,"href":"https:\/\/www.sonnenseite.com\/de\/wp-json\/wp\/v2\/tags?post=104916"}],"curies":[{"name":"wp","href":"https:\/\/api.w.org\/{rel}","templated":true}]}}