{"id":105508,"date":"2025-03-01T15:51:22","date_gmt":"2025-03-01T14:51:22","guid":{"rendered":"https:\/\/www.sonnenseite.com\/?p=105508"},"modified":"2025-03-07T10:11:32","modified_gmt":"2025-03-07T09:11:32","slug":"die-welt-ist-kein-basar","status":"publish","type":"post","link":"https:\/\/www.sonnenseite.com\/de\/franz-alt\/kommentare-interviews\/die-welt-ist-kein-basar\/","title":{"rendered":"Die Welt ist kein Basar"},"content":{"rendered":"\n<p>Im US-Wahlkampf hatte Donald Trump verk\u00fcndet, \u201ebinnen 24 Stunden\u201c den russisch-ukrainischen Krieg beenden zu wollen. Inzwischen ist Trump \u00fcber einen Monat im Amt, aber der schon drei Jahre andauernde Krieg geht weiter: Das T\u00f6ten, das Blutvergie\u00dfen, das Zerst\u00f6ren.<\/p>\n\n\n\n<p>In der UN-Vollversammlung stimmten die USA sogar zusammen mit Russland, Wei\u00dfrussland und Nordkorea f\u00fcr eine Resolution \u00fcber die Ukraine und auf Kosten der Ukraine ab.&nbsp; Die zunehmende N\u00e4he zwischen Trump und den Autokraten dieser Welt ist keine \u00dcberraschung mehr. Schon fr\u00fcher hatte Trump den chinesischen Diktator Xi als \u201ebrillant\u201c, den russischen Diktator Putin als \u201egenial\u201c und den nordkoreanischen Diktator Kim als \u201esehr ehrenwert\u201c bezeichnet. Und \u00fcber die EU hatte er schon 2019 gesagt: \u201eIch denke, die Europ\u00e4ische Union ist unser Feind\u201c.<\/p>\n\n\n\n<p>Tja: \u201eWenn man einen Clown w\u00e4hlt, bekommt man einen Zirkus\u201c, hat der <a href=\"https:\/\/www.congress.gov\/member\/martin-heinrich\/H001046\">demokratische Abgeordnete Martin Heinrich aus New Mexico<\/a> das derzeitige Trauerspiel in den USA genannt.<\/p>\n\n\n\n<p>Erst vor wenigen Tagen hatte Trump den demokratisch gew\u00e4hlten Pr\u00e4sidenten der Ukraine, Wolodymir Selenski, einen \u201eDiktator\u201c genannt, weil er Trump widersprochen hatte. Aber darauf angesprochen, fragt der US-Pr\u00e4sident ganz unschuldig, frech, naiv und unverfroren: \u201eHabe ich das wirklich gesagt? Ich kann mich nicht mehr daran erinnern.\u201c Trump verwechselt Politik st\u00e4ndig mit Geld, Gesch\u00e4ft und \u201eDeal\u201c. F\u00fcr ihn gilt nur das Gesetz des Dschungels. <\/p>\n\n\n\n<h4 class=\"wp-block-heading\">Was ist Trump&#8217;s &#8222;Deal&#8220; wert?<\/h4>\n\n\n\n<p>Er wollte in einem \u201eDeal\u201c, dass die USA und die Ukraine k\u00fcnftig gemeinsam die riesigen Bodensch\u00e4tze der Ukraine nutzen und daf\u00fcr im Gegenzug die USA weiterhin die Ukraine milit\u00e4risch unterst\u00fctzen. Das ist nichts anderes als Erpressung. Was aber ist ein \u201eDeal\u201c wert, der nichts als blanke Erpressung ist?<\/p>\n\n\n\n<p>Dieses geplante Rohstoff-Abkommen offenbart die Weltsicht des Donald Trump: Die Ukraine ist ein Rohstofflager, der Gaza-Streifen ist ein Immobilien-Paradies, Gr\u00f6nland interessant wegen seiner Bodensch\u00e4tze, der Panama-Kanal ist US-Au\u00dfenposten und den \u00c4rmsten sowie den Hungernden werden die Hilfsgelder gestrichen \u2013 egal um welchen Preis. Dieser &#8222;Deal&#8220;-Maker ist ein gnadenloser Nationalist, der sich im Umgang mit Diktatoren wohler f\u00fchlt als beim Treffen mit Vertretern liberaler Demokratien, die sich immerhin noch zu Menschenrechten, dem V\u00f6lkerrecht, zum Schutz der Minderheiten, zu Toleranz und Religionsfreiheit bekennen. Trumps Welt ist voll von \u201em\u00e4nnlicher Energie\u201c wie sie Elon Musk vorlebt, sie ist ein Kosmos der St\u00e4rkeren; eine Welt, in der Gro\u00dfm\u00e4chte Sonderrechte haben, \u00fcber das Schicksal anderer zu entscheiden.<\/p>\n\n\n\n<p>In dieser Situation ist die kriegsschwache Ukraine sowohl f\u00fcr Putin wie f\u00fcr Trump eine Beute. Der Immobilien-&#8222;Dealer&#8220; Trump wittert einen \u201eDeal\u201c und Rache-Politiker Putin will das alte Zaren-Reich wieder herstellen. Jetzt kommt es auf Europa an. Die Welt ist kein Basar.<\/p>\n\n\n\n<p>Das Ergebnis des peinlichen Eklats im Wei\u00dfen Haus: Der Streit um die Bodensch\u00e4tze geht ebenso weiter wie der schreckliche Krieg. Und auch Putins Appetit auf diese Mineralien wird noch gr\u00f6\u00dfer werden. Mit dieser Art von Politik bekommt die Welt niemals Frieden und Gerechtigkeit. Das zeigen die letzten 2.000 Jahre der Weltgeschichte, in denen nach dem Motto gehandelt wurde: \u201eWer Frieden will, muss den Krieg vorbereiten.\u201c Das einzig wirkliche Ergebnis: millionenfaches Sterben, Tod und Verderben.<\/p>\n\n\n\n<p>Einen gerechten Frieden wird es erst geben, wenn wir dieses t\u00f6dliche Motto vom Kopf auf die F\u00fc\u00dfe stellen. Dann k\u00f6nnte es lauten: <strong>\u201eWer Frieden will, muss den Frieden vorbereiten.\u201c<\/strong> In den Worten des <a href=\"https:\/\/www.sonnenseite.com\/de\/tipps\/heribert-prantl-den-frieden-gewinnen\/\">Kollegen Heribert Prantl<\/a>: &nbsp;Den Frieden gewinnen wir nur, wenn wir die Gewalt verlernen. Das Sch\u00f6ne an dieser Erkenntnis: Dazu kann jede und jeder beitragen.<\/p>\n\n\n\n<h4 class=\"wp-block-heading\">Wie ist Frieden m\u00f6glich? <\/h4>\n\n\n\n<p>Letztlich liegt der Frieden in unseren H\u00e4nden. Die Politik ist nur der Spiegel der Gesellschaft. Das zeigen auch die deutschen Wahlergebnisse der letzten Zeit.<\/p>\n\n\n<h5 class=\"green\">Quelle<\/h5>\r\n\n\n\n<p><a href=\"mailto:franzalt@sonnenseite.com\">Franz Alt 2025<\/a><\/p>\n<div class=\"shariff shariff-align-flex-start shariff-widget-align-flex-start\"><div class=\"ShariffHeadline\">Diese Meldung teilen<\/div><ul class=\"shariff-buttons theme-round orientation-horizontal buttonsize-medium\"><li class=\"shariff-button facebook shariff-nocustomcolor\" style=\"background-color:#4273c8;border-radius:1%\"><a href=\"https:\/\/www.facebook.com\/sharer\/sharer.php?u=https%3A%2F%2Fwww.sonnenseite.com%2Fde%2Ffranz-alt%2Fkommentare-interviews%2Fdie-welt-ist-kein-basar%2F\" title=\"Bei Facebook teilen\" aria-label=\"Bei Facebook teilen\" role=\"button\" rel=\"nofollow\" class=\"shariff-link\" style=\";border-radius:1%; background-color:#3b5998; color:#fff\" target=\"_blank\"><span class=\"shariff-icon\" style=\"\"><svg width=\"32px\" height=\"20px\" xmlns=\"http:\/\/www.w3.org\/2000\/svg\" viewBox=\"0 0 18 32\"><path fill=\"#3b5998\" d=\"M17.1 0.2v4.7h-2.8q-1.5 0-2.1 0.6t-0.5 1.9v3.4h5.2l-0.7 5.3h-4.5v13.6h-5.5v-13.6h-4.5v-5.3h4.5v-3.9q0-3.3 1.9-5.2t5-1.8q2.6 0 4.1 0.2z\"\/><\/svg><\/span><\/a><\/li><li class=\"shariff-button twitter shariff-nocustomcolor\" style=\"background-color:#595959;border-radius:1%\"><a href=\"https:\/\/twitter.com\/share?url=https%3A%2F%2Fwww.sonnenseite.com%2Fde%2Ffranz-alt%2Fkommentare-interviews%2Fdie-welt-ist-kein-basar%2F&text=Die%20Welt%20ist%20kein%20Basar\" title=\"Bei X teilen\" aria-label=\"Bei X teilen\" role=\"button\" rel=\"noopener nofollow\" class=\"shariff-link\" style=\";border-radius:1%; background-color:#000; color:#fff\" target=\"_blank\"><span class=\"shariff-icon\" style=\"\"><svg width=\"32px\" height=\"20px\" xmlns=\"http:\/\/www.w3.org\/2000\/svg\" viewBox=\"0 0 24 24\"><path fill=\"#000\" d=\"M14.258 10.152L23.176 0h-2.113l-7.747 8.813L7.133 0H0l9.352 13.328L0 23.973h2.113l8.176-9.309 6.531 9.309h7.133zm-2.895 3.293l-.949-1.328L2.875 1.56h3.246l6.086 8.523.945 1.328 7.91 11.078h-3.246zm0 0\"\/><\/svg><\/span><\/a><\/li><li class=\"shariff-button xing shariff-nocustomcolor\" style=\"background-color:#29888a;border-radius:1%\"><a href=\"https:\/\/www.xing.com\/spi\/shares\/new?url=https%3A%2F%2Fwww.sonnenseite.com%2Fde%2Ffranz-alt%2Fkommentare-interviews%2Fdie-welt-ist-kein-basar%2F\" title=\"Bei XING teilen\" aria-label=\"Bei XING teilen\" role=\"button\" rel=\"noopener nofollow\" class=\"shariff-link\" style=\";border-radius:1%; background-color:#126567; color:#fff\" target=\"_blank\"><span class=\"shariff-icon\" style=\"\"><svg width=\"32px\" height=\"20px\" xmlns=\"http:\/\/www.w3.org\/2000\/svg\" viewBox=\"0 0 25 32\"><path fill=\"#126567\" d=\"M10.7 11.9q-0.2 0.3-4.6 8.2-0.5 0.8-1.2 0.8h-4.3q-0.4 0-0.5-0.3t0-0.6l4.5-8q0 0 0 0l-2.9-5q-0.2-0.4 0-0.7 0.2-0.3 0.5-0.3h4.3q0.7 0 1.2 0.8zM25.1 0.4q0.2 0.3 0 0.7l-9.4 16.7 6 11q0.2 0.4 0 0.6-0.2 0.3-0.6 0.3h-4.3q-0.7 0-1.2-0.8l-6-11.1q0.3-0.6 9.5-16.8 0.4-0.8 1.2-0.8h4.3q0.4 0 0.5 0.3z\"\/><\/svg><\/span><\/a><\/li><li class=\"shariff-button linkedin shariff-nocustomcolor\" style=\"background-color:#1488bf;border-radius:1%\"><a href=\"https:\/\/www.linkedin.com\/sharing\/share-offsite\/?url=https%3A%2F%2Fwww.sonnenseite.com%2Fde%2Ffranz-alt%2Fkommentare-interviews%2Fdie-welt-ist-kein-basar%2F\" title=\"Bei LinkedIn teilen\" aria-label=\"Bei LinkedIn teilen\" role=\"button\" rel=\"noopener nofollow\" class=\"shariff-link\" style=\";border-radius:1%; background-color:#0077b5; color:#fff\" target=\"_blank\"><span class=\"shariff-icon\" style=\"\"><svg width=\"32px\" height=\"20px\" xmlns=\"http:\/\/www.w3.org\/2000\/svg\" viewBox=\"0 0 27 32\"><path fill=\"#0077b5\" d=\"M6.2 11.2v17.7h-5.9v-17.7h5.9zM6.6 5.7q0 1.3-0.9 2.2t-2.4 0.9h0q-1.5 0-2.4-0.9t-0.9-2.2 0.9-2.2 2.4-0.9 2.4 0.9 0.9 2.2zM27.4 18.7v10.1h-5.9v-9.5q0-1.9-0.7-2.9t-2.3-1.1q-1.1 0-1.9 0.6t-1.2 1.5q-0.2 0.5-0.2 1.4v9.9h-5.9q0-7.1 0-11.6t0-5.3l0-0.9h5.9v2.6h0q0.4-0.6 0.7-1t1-0.9 1.6-0.8 2-0.3q3 0 4.9 2t1.9 6z\"\/><\/svg><\/span><\/a><\/li><li class=\"shariff-button printer shariff-nocustomcolor\" style=\"background-color:#a8a8a8;border-radius:1%\"><a href=\"javascript:window.print()\" title=\"drucken\" aria-label=\"drucken\" role=\"button\" rel=\"noopener nofollow\" class=\"shariff-link\" style=\";border-radius:1%; background-color:#999; color:#fff\"><span class=\"shariff-icon\" style=\"\"><svg width=\"32px\" height=\"20px\" xmlns=\"http:\/\/www.w3.org\/2000\/svg\" viewBox=\"0 0 30 32\"><path fill=\"#999\" d=\"M6.8 27.4h16v-4.6h-16v4.6zM6.8 16h16v-6.8h-2.8q-0.7 0-1.2-0.5t-0.5-1.2v-2.8h-11.4v11.4zM27.4 17.2q0-0.5-0.3-0.8t-0.8-0.4-0.8 0.4-0.3 0.8 0.3 0.8 0.8 0.3 0.8-0.3 0.3-0.8zM29.7 17.2v7.4q0 0.2-0.2 0.4t-0.4 0.2h-4v2.8q0 0.7-0.5 1.2t-1.2 0.5h-17.2q-0.7 0-1.2-0.5t-0.5-1.2v-2.8h-4q-0.2 0-0.4-0.2t-0.2-0.4v-7.4q0-1.4 1-2.4t2.4-1h1.2v-9.7q0-0.7 0.5-1.2t1.2-0.5h12q0.7 0 1.6 0.4t1.3 0.8l2.7 2.7q0.5 0.5 0.9 1.4t0.4 1.6v4.6h1.1q1.4 0 2.4 1t1 2.4z\"\/><\/svg><\/span><\/a><\/li><li class=\"shariff-button mailto shariff-nocustomcolor\" style=\"background-color:#a8a8a8;border-radius:1%\"><a href=\"mailto:?body=https%3A%2F%2Fwww.sonnenseite.com%2Fde%2Ffranz-alt%2Fkommentare-interviews%2Fdie-welt-ist-kein-basar%2F&subject=Die%20Welt%20ist%20kein%20Basar\" title=\"Per E-Mail versenden\" aria-label=\"Per E-Mail versenden\" role=\"button\" rel=\"noopener nofollow\" class=\"shariff-link\" style=\";border-radius:1%; background-color:#999; color:#fff\"><span class=\"shariff-icon\" style=\"\"><svg width=\"32px\" height=\"20px\" xmlns=\"http:\/\/www.w3.org\/2000\/svg\" viewBox=\"0 0 32 32\"><path fill=\"#999\" d=\"M32 12.7v14.2q0 1.2-0.8 2t-2 0.9h-26.3q-1.2 0-2-0.9t-0.8-2v-14.2q0.8 0.9 1.8 1.6 6.5 4.4 8.9 6.1 1 0.8 1.6 1.2t1.7 0.9 2 0.4h0.1q0.9 0 2-0.4t1.7-0.9 1.6-1.2q3-2.2 8.9-6.1 1-0.7 1.8-1.6zM32 7.4q0 1.4-0.9 2.7t-2.2 2.2q-6.7 4.7-8.4 5.8-0.2 0.1-0.7 0.5t-1 0.7-0.9 0.6-1.1 0.5-0.9 0.2h-0.1q-0.4 0-0.9-0.2t-1.1-0.5-0.9-0.6-1-0.7-0.7-0.5q-1.6-1.1-4.7-3.2t-3.6-2.6q-1.1-0.7-2.1-2t-1-2.5q0-1.4 0.7-2.3t2.1-0.9h26.3q1.2 0 2 0.8t0.9 2z\"\/><\/svg><\/span><\/a><\/li><\/ul><\/div>","protected":false},"excerpt":{"rendered":"<p>Im US-Wahlkampf hatte Donald Trump verk\u00fcndet, \u201ebinnen 24 Stunden\u201c den russisch-ukrainischen Krieg beenden zu wollen. Inzwischen [&hellip;]<\/p>\n","protected":false},"author":3,"featured_media":105509,"comment_status":"closed","ping_status":"closed","sticky":false,"template":"","format":"standard","meta":{"inline_featured_image":false,"footnotes":""},"categories":[29],"tags":[],"class_list":["post-105508","post","type-post","status-publish","format-standard","has-post-thumbnail","hentry","category-kommentare-interviews"],"yoast_head":"<!-- This site is optimized with the Yoast SEO plugin v26.5 - https:\/\/yoast.com\/wordpress\/plugins\/seo\/ -->\n<title>Die Welt ist kein Basar - Sonnenseite - \u00d6kologische Kommunikation mit Franz Alt<\/title>\n<meta name=\"description\" content=\"Im US-Wahlkampf hatte Donald Trump verk\u00fcndet, \u201ebinnen 24 Stunden\u201c den russisch-ukrainischen Krieg beenden zu wollen. Inzwischen ist Trump \u00fcber einen Monat\" \/>\n<meta name=\"robots\" content=\"index, follow, max-snippet:-1, max-image-preview:large, max-video-preview:-1\" \/>\n<link rel=\"canonical\" href=\"https:\/\/www.sonnenseite.com\/de\/franz-alt\/kommentare-interviews\/die-welt-ist-kein-basar\/\" \/>\n<meta property=\"og:locale\" content=\"de_DE\" \/>\n<meta property=\"og:type\" content=\"article\" \/>\n<meta property=\"og:title\" content=\"Die Welt ist kein Basar - Sonnenseite - \u00d6kologische Kommunikation mit Franz Alt\" \/>\n<meta property=\"og:description\" content=\"Im US-Wahlkampf hatte Donald Trump verk\u00fcndet, \u201ebinnen 24 Stunden\u201c den russisch-ukrainischen Krieg beenden zu wollen. Inzwischen ist Trump \u00fcber einen Monat\" \/>\n<meta property=\"og:url\" content=\"https:\/\/www.sonnenseite.com\/de\/franz-alt\/kommentare-interviews\/die-welt-ist-kein-basar\/\" \/>\n<meta property=\"og:site_name\" content=\"Sonnenseite\" \/>\n<meta property=\"article:publisher\" content=\"https:\/\/www.facebook.com\/pages\/Franz-Alt-SONNENSEITECOM\/221072987903953?fref=ts\" \/>\n<meta property=\"article:published_time\" content=\"2025-03-01T14:51:22+00:00\" \/>\n<meta property=\"article:modified_time\" content=\"2025-03-07T09:11:32+00:00\" \/>\n<meta property=\"og:image\" content=\"https:\/\/www.sonnenseite.com\/wp-content\/uploads\/2025\/03\/Trump_Selenski_Klyona.jpg\" \/>\n\t<meta property=\"og:image:width\" content=\"770\" \/>\n\t<meta property=\"og:image:height\" content=\"420\" \/>\n\t<meta property=\"og:image:type\" content=\"image\/jpeg\" \/>\n<meta name=\"author\" content=\"Bigi Alt\" \/>\n<meta name=\"twitter:card\" content=\"summary_large_image\" \/>\n<meta name=\"twitter:creator\" content=\"@franzalt\" \/>\n<meta name=\"twitter:site\" content=\"@franzalt\" \/>\n<meta name=\"twitter:label1\" content=\"Verfasst von\" \/>\n\t<meta name=\"twitter:data1\" content=\"Bigi Alt\" \/>\n\t<meta name=\"twitter:label2\" content=\"Gesch\u00e4tzte Lesezeit\" \/>\n\t<meta name=\"twitter:data2\" content=\"4\u00a0Minuten\" \/>\n<script type=\"application\/ld+json\" class=\"yoast-schema-graph\">{\"@context\":\"https:\/\/schema.org\",\"@graph\":[{\"@type\":\"Article\",\"@id\":\"https:\/\/www.sonnenseite.com\/de\/franz-alt\/kommentare-interviews\/die-welt-ist-kein-basar\/#article\",\"isPartOf\":{\"@id\":\"https:\/\/www.sonnenseite.com\/de\/franz-alt\/kommentare-interviews\/die-welt-ist-kein-basar\/\"},\"author\":{\"name\":\"Bigi Alt\",\"@id\":\"https:\/\/www.sonnenseite.com\/de\/#\/schema\/person\/50fda0e926597684c7cc6695238a4eb9\"},\"headline\":\"Die Welt ist kein Basar\",\"datePublished\":\"2025-03-01T14:51:22+00:00\",\"dateModified\":\"2025-03-07T09:11:32+00:00\",\"mainEntityOfPage\":{\"@id\":\"https:\/\/www.sonnenseite.com\/de\/franz-alt\/kommentare-interviews\/die-welt-ist-kein-basar\/\"},\"wordCount\":622,\"publisher\":{\"@id\":\"https:\/\/www.sonnenseite.com\/de\/#organization\"},\"image\":{\"@id\":\"https:\/\/www.sonnenseite.com\/de\/franz-alt\/kommentare-interviews\/die-welt-ist-kein-basar\/#primaryimage\"},\"thumbnailUrl\":\"https:\/\/www.sonnenseite.com\/wp-content\/uploads\/2025\/03\/Trump_Selenski_Klyona.jpg\",\"articleSection\":[\"Kommentare &amp; Interviews\"],\"inLanguage\":\"de\"},{\"@type\":\"WebPage\",\"@id\":\"https:\/\/www.sonnenseite.com\/de\/franz-alt\/kommentare-interviews\/die-welt-ist-kein-basar\/\",\"url\":\"https:\/\/www.sonnenseite.com\/de\/franz-alt\/kommentare-interviews\/die-welt-ist-kein-basar\/\",\"name\":\"Die Welt ist kein Basar - Sonnenseite - \u00d6kologische Kommunikation mit Franz Alt\",\"isPartOf\":{\"@id\":\"https:\/\/www.sonnenseite.com\/de\/#website\"},\"primaryImageOfPage\":{\"@id\":\"https:\/\/www.sonnenseite.com\/de\/franz-alt\/kommentare-interviews\/die-welt-ist-kein-basar\/#primaryimage\"},\"image\":{\"@id\":\"https:\/\/www.sonnenseite.com\/de\/franz-alt\/kommentare-interviews\/die-welt-ist-kein-basar\/#primaryimage\"},\"thumbnailUrl\":\"https:\/\/www.sonnenseite.com\/wp-content\/uploads\/2025\/03\/Trump_Selenski_Klyona.jpg\",\"datePublished\":\"2025-03-01T14:51:22+00:00\",\"dateModified\":\"2025-03-07T09:11:32+00:00\",\"description\":\"Im US-Wahlkampf hatte Donald Trump verk\u00fcndet, \u201ebinnen 24 Stunden\u201c den russisch-ukrainischen Krieg beenden zu wollen. Inzwischen ist Trump \u00fcber einen Monat\",\"breadcrumb\":{\"@id\":\"https:\/\/www.sonnenseite.com\/de\/franz-alt\/kommentare-interviews\/die-welt-ist-kein-basar\/#breadcrumb\"},\"inLanguage\":\"de\",\"potentialAction\":[{\"@type\":\"ReadAction\",\"target\":[\"https:\/\/www.sonnenseite.com\/de\/franz-alt\/kommentare-interviews\/die-welt-ist-kein-basar\/\"]}]},{\"@type\":\"ImageObject\",\"inLanguage\":\"de\",\"@id\":\"https:\/\/www.sonnenseite.com\/de\/franz-alt\/kommentare-interviews\/die-welt-ist-kein-basar\/#primaryimage\",\"url\":\"https:\/\/www.sonnenseite.com\/wp-content\/uploads\/2025\/03\/Trump_Selenski_Klyona.jpg\",\"contentUrl\":\"https:\/\/www.sonnenseite.com\/wp-content\/uploads\/2025\/03\/Trump_Selenski_Klyona.jpg\",\"width\":770,\"height\":420,\"caption\":\"Depositphotos.com | Klyona | US-Pr\u00e4sident Donald Trump und der ukrainische Pr\u00e4sident Wolodymyr Selenskyj\"},{\"@type\":\"BreadcrumbList\",\"@id\":\"https:\/\/www.sonnenseite.com\/de\/franz-alt\/kommentare-interviews\/die-welt-ist-kein-basar\/#breadcrumb\",\"itemListElement\":[{\"@type\":\"ListItem\",\"position\":1,\"name\":\"Startseite\",\"item\":\"https:\/\/www.sonnenseite.com\/de\/\"},{\"@type\":\"ListItem\",\"position\":2,\"name\":\"Die Welt ist kein Basar\"}]},{\"@type\":\"WebSite\",\"@id\":\"https:\/\/www.sonnenseite.com\/de\/#website\",\"url\":\"https:\/\/www.sonnenseite.com\/de\/\",\"name\":\"Sonnenseite\",\"description\":\"\u00d6kologische Kommunikation mit Franz Alt\",\"publisher\":{\"@id\":\"https:\/\/www.sonnenseite.com\/de\/#organization\"},\"potentialAction\":[{\"@type\":\"SearchAction\",\"target\":{\"@type\":\"EntryPoint\",\"urlTemplate\":\"https:\/\/www.sonnenseite.com\/de\/?s={search_term_string}\"},\"query-input\":{\"@type\":\"PropertyValueSpecification\",\"valueRequired\":true,\"valueName\":\"search_term_string\"}}],\"inLanguage\":\"de\"},{\"@type\":\"Organization\",\"@id\":\"https:\/\/www.sonnenseite.com\/de\/#organization\",\"name\":\"Sonnenseite\",\"url\":\"https:\/\/www.sonnenseite.com\/de\/\",\"logo\":{\"@type\":\"ImageObject\",\"inLanguage\":\"de\",\"@id\":\"https:\/\/www.sonnenseite.com\/de\/#\/schema\/logo\/image\/\",\"url\":\"https:\/\/www.sonnenseite.com\/wp-content\/uploads\/2020\/05\/Sonnenseite_Logo.png\",\"contentUrl\":\"https:\/\/www.sonnenseite.com\/wp-content\/uploads\/2020\/05\/Sonnenseite_Logo.png\",\"width\":377,\"height\":90,\"caption\":\"Sonnenseite\"},\"image\":{\"@id\":\"https:\/\/www.sonnenseite.com\/de\/#\/schema\/logo\/image\/\"},\"sameAs\":[\"https:\/\/www.facebook.com\/pages\/Franz-Alt-SONNENSEITECOM\/221072987903953?fref=ts\",\"https:\/\/x.com\/franzalt\",\"http:\/\/www.youtube.com\/results?search_query&amp;amp;quot;franz_alt&amp;amp;quot;&amp;amp;amp;amp;search_type&amp;amp;amp;amp;aq=f\"]},{\"@type\":\"Person\",\"@id\":\"https:\/\/www.sonnenseite.com\/de\/#\/schema\/person\/50fda0e926597684c7cc6695238a4eb9\",\"name\":\"Bigi Alt\"}]}<\/script>\n<!-- \/ Yoast SEO plugin. -->","yoast_head_json":{"title":"Die Welt ist kein Basar - Sonnenseite - \u00d6kologische Kommunikation mit Franz Alt","description":"Im US-Wahlkampf hatte Donald Trump verk\u00fcndet, \u201ebinnen 24 Stunden\u201c den russisch-ukrainischen Krieg beenden zu wollen. Inzwischen ist Trump \u00fcber einen Monat","robots":{"index":"index","follow":"follow","max-snippet":"max-snippet:-1","max-image-preview":"max-image-preview:large","max-video-preview":"max-video-preview:-1"},"canonical":"https:\/\/www.sonnenseite.com\/de\/franz-alt\/kommentare-interviews\/die-welt-ist-kein-basar\/","og_locale":"de_DE","og_type":"article","og_title":"Die Welt ist kein Basar - Sonnenseite - \u00d6kologische Kommunikation mit Franz Alt","og_description":"Im US-Wahlkampf hatte Donald Trump verk\u00fcndet, \u201ebinnen 24 Stunden\u201c den russisch-ukrainischen Krieg beenden zu wollen. Inzwischen ist Trump \u00fcber einen Monat","og_url":"https:\/\/www.sonnenseite.com\/de\/franz-alt\/kommentare-interviews\/die-welt-ist-kein-basar\/","og_site_name":"Sonnenseite","article_publisher":"https:\/\/www.facebook.com\/pages\/Franz-Alt-SONNENSEITECOM\/221072987903953?fref=ts","article_published_time":"2025-03-01T14:51:22+00:00","article_modified_time":"2025-03-07T09:11:32+00:00","og_image":[{"width":770,"height":420,"url":"https:\/\/www.sonnenseite.com\/wp-content\/uploads\/2025\/03\/Trump_Selenski_Klyona.jpg","type":"image\/jpeg"}],"author":"Bigi Alt","twitter_card":"summary_large_image","twitter_creator":"@franzalt","twitter_site":"@franzalt","twitter_misc":{"Verfasst von":"Bigi Alt","Gesch\u00e4tzte Lesezeit":"4\u00a0Minuten"},"schema":{"@context":"https:\/\/schema.org","@graph":[{"@type":"Article","@id":"https:\/\/www.sonnenseite.com\/de\/franz-alt\/kommentare-interviews\/die-welt-ist-kein-basar\/#article","isPartOf":{"@id":"https:\/\/www.sonnenseite.com\/de\/franz-alt\/kommentare-interviews\/die-welt-ist-kein-basar\/"},"author":{"name":"Bigi Alt","@id":"https:\/\/www.sonnenseite.com\/de\/#\/schema\/person\/50fda0e926597684c7cc6695238a4eb9"},"headline":"Die Welt ist kein Basar","datePublished":"2025-03-01T14:51:22+00:00","dateModified":"2025-03-07T09:11:32+00:00","mainEntityOfPage":{"@id":"https:\/\/www.sonnenseite.com\/de\/franz-alt\/kommentare-interviews\/die-welt-ist-kein-basar\/"},"wordCount":622,"publisher":{"@id":"https:\/\/www.sonnenseite.com\/de\/#organization"},"image":{"@id":"https:\/\/www.sonnenseite.com\/de\/franz-alt\/kommentare-interviews\/die-welt-ist-kein-basar\/#primaryimage"},"thumbnailUrl":"https:\/\/www.sonnenseite.com\/wp-content\/uploads\/2025\/03\/Trump_Selenski_Klyona.jpg","articleSection":["Kommentare &amp; Interviews"],"inLanguage":"de"},{"@type":"WebPage","@id":"https:\/\/www.sonnenseite.com\/de\/franz-alt\/kommentare-interviews\/die-welt-ist-kein-basar\/","url":"https:\/\/www.sonnenseite.com\/de\/franz-alt\/kommentare-interviews\/die-welt-ist-kein-basar\/","name":"Die Welt ist kein Basar - Sonnenseite - \u00d6kologische Kommunikation mit Franz Alt","isPartOf":{"@id":"https:\/\/www.sonnenseite.com\/de\/#website"},"primaryImageOfPage":{"@id":"https:\/\/www.sonnenseite.com\/de\/franz-alt\/kommentare-interviews\/die-welt-ist-kein-basar\/#primaryimage"},"image":{"@id":"https:\/\/www.sonnenseite.com\/de\/franz-alt\/kommentare-interviews\/die-welt-ist-kein-basar\/#primaryimage"},"thumbnailUrl":"https:\/\/www.sonnenseite.com\/wp-content\/uploads\/2025\/03\/Trump_Selenski_Klyona.jpg","datePublished":"2025-03-01T14:51:22+00:00","dateModified":"2025-03-07T09:11:32+00:00","description":"Im US-Wahlkampf hatte Donald Trump verk\u00fcndet, \u201ebinnen 24 Stunden\u201c den russisch-ukrainischen Krieg beenden zu wollen. Inzwischen ist Trump \u00fcber einen Monat","breadcrumb":{"@id":"https:\/\/www.sonnenseite.com\/de\/franz-alt\/kommentare-interviews\/die-welt-ist-kein-basar\/#breadcrumb"},"inLanguage":"de","potentialAction":[{"@type":"ReadAction","target":["https:\/\/www.sonnenseite.com\/de\/franz-alt\/kommentare-interviews\/die-welt-ist-kein-basar\/"]}]},{"@type":"ImageObject","inLanguage":"de","@id":"https:\/\/www.sonnenseite.com\/de\/franz-alt\/kommentare-interviews\/die-welt-ist-kein-basar\/#primaryimage","url":"https:\/\/www.sonnenseite.com\/wp-content\/uploads\/2025\/03\/Trump_Selenski_Klyona.jpg","contentUrl":"https:\/\/www.sonnenseite.com\/wp-content\/uploads\/2025\/03\/Trump_Selenski_Klyona.jpg","width":770,"height":420,"caption":"Depositphotos.com | Klyona | US-Pr\u00e4sident Donald Trump und der ukrainische Pr\u00e4sident Wolodymyr Selenskyj"},{"@type":"BreadcrumbList","@id":"https:\/\/www.sonnenseite.com\/de\/franz-alt\/kommentare-interviews\/die-welt-ist-kein-basar\/#breadcrumb","itemListElement":[{"@type":"ListItem","position":1,"name":"Startseite","item":"https:\/\/www.sonnenseite.com\/de\/"},{"@type":"ListItem","position":2,"name":"Die Welt ist kein Basar"}]},{"@type":"WebSite","@id":"https:\/\/www.sonnenseite.com\/de\/#website","url":"https:\/\/www.sonnenseite.com\/de\/","name":"Sonnenseite","description":"\u00d6kologische Kommunikation mit Franz Alt","publisher":{"@id":"https:\/\/www.sonnenseite.com\/de\/#organization"},"potentialAction":[{"@type":"SearchAction","target":{"@type":"EntryPoint","urlTemplate":"https:\/\/www.sonnenseite.com\/de\/?s={search_term_string}"},"query-input":{"@type":"PropertyValueSpecification","valueRequired":true,"valueName":"search_term_string"}}],"inLanguage":"de"},{"@type":"Organization","@id":"https:\/\/www.sonnenseite.com\/de\/#organization","name":"Sonnenseite","url":"https:\/\/www.sonnenseite.com\/de\/","logo":{"@type":"ImageObject","inLanguage":"de","@id":"https:\/\/www.sonnenseite.com\/de\/#\/schema\/logo\/image\/","url":"https:\/\/www.sonnenseite.com\/wp-content\/uploads\/2020\/05\/Sonnenseite_Logo.png","contentUrl":"https:\/\/www.sonnenseite.com\/wp-content\/uploads\/2020\/05\/Sonnenseite_Logo.png","width":377,"height":90,"caption":"Sonnenseite"},"image":{"@id":"https:\/\/www.sonnenseite.com\/de\/#\/schema\/logo\/image\/"},"sameAs":["https:\/\/www.facebook.com\/pages\/Franz-Alt-SONNENSEITECOM\/221072987903953?fref=ts","https:\/\/x.com\/franzalt","http:\/\/www.youtube.com\/results?search_query&amp;amp;quot;franz_alt&amp;amp;quot;&amp;amp;amp;amp;search_type&amp;amp;amp;amp;aq=f"]},{"@type":"Person","@id":"https:\/\/www.sonnenseite.com\/de\/#\/schema\/person\/50fda0e926597684c7cc6695238a4eb9","name":"Bigi Alt"}]}},"_links":{"self":[{"href":"https:\/\/www.sonnenseite.com\/de\/wp-json\/wp\/v2\/posts\/105508","targetHints":{"allow":["GET"]}}],"collection":[{"href":"https:\/\/www.sonnenseite.com\/de\/wp-json\/wp\/v2\/posts"}],"about":[{"href":"https:\/\/www.sonnenseite.com\/de\/wp-json\/wp\/v2\/types\/post"}],"author":[{"embeddable":true,"href":"https:\/\/www.sonnenseite.com\/de\/wp-json\/wp\/v2\/users\/3"}],"replies":[{"embeddable":true,"href":"https:\/\/www.sonnenseite.com\/de\/wp-json\/wp\/v2\/comments?post=105508"}],"version-history":[{"count":2,"href":"https:\/\/www.sonnenseite.com\/de\/wp-json\/wp\/v2\/posts\/105508\/revisions"}],"predecessor-version":[{"id":105513,"href":"https:\/\/www.sonnenseite.com\/de\/wp-json\/wp\/v2\/posts\/105508\/revisions\/105513"}],"wp:featuredmedia":[{"embeddable":true,"href":"https:\/\/www.sonnenseite.com\/de\/wp-json\/wp\/v2\/media\/105509"}],"wp:attachment":[{"href":"https:\/\/www.sonnenseite.com\/de\/wp-json\/wp\/v2\/media?parent=105508"}],"wp:term":[{"taxonomy":"category","embeddable":true,"href":"https:\/\/www.sonnenseite.com\/de\/wp-json\/wp\/v2\/categories?post=105508"},{"taxonomy":"post_tag","embeddable":true,"href":"https:\/\/www.sonnenseite.com\/de\/wp-json\/wp\/v2\/tags?post=105508"}],"curies":[{"name":"wp","href":"https:\/\/api.w.org\/{rel}","templated":true}]}}