{"id":105615,"date":"2025-03-07T03:13:00","date_gmt":"2025-03-07T02:13:00","guid":{"rendered":"https:\/\/www.sonnenseite.com\/?p=105615"},"modified":"2025-03-19T12:20:51","modified_gmt":"2025-03-19T11:20:51","slug":"strategisches-positionspapier-zur-staerkung-der-solarindustrie","status":"publish","type":"post","link":"https:\/\/www.sonnenseite.com\/de\/wirtschaft\/strategisches-positionspapier-zur-staerkung-der-solarindustrie\/","title":{"rendered":"Strategisches Positionspapier zur St\u00e4rkung der Solarindustrie"},"content":{"rendered":"\n<p> Impulse f\u00fcr die Koalitionsverhandlungen 2025<\/p>\n\n\n\n<p>Die f\u00fchrenden deutschen Solarforschungseinrichtungen, die Fachabteilung \u00bbPhotovoltaik Produktionsmittel\u00ab des Industrieverbands VDMA und das Produktionsplanungs-Unternehmen RCT Solutions, haben ein gemeinsames Positionspapier zur St\u00e4rkung der deutschen und europ\u00e4ischen Solarindustrie ver\u00f6ffentlicht. Dieses wird nun an die Parteien \u00fcbermittelt, die nach der Bundestagswahl im Bundestag vertreten sind. Ziel ist es, die vorgeschlagenen Ma\u00dfnahmen in die Koalitionsverhandlungen einzubringen und damit die Grundlage f\u00fcr eine widerstandsf\u00e4hige und wettbewerbsf\u00e4hige Solarindustrie in Deutschland zu schaffen.<\/p>\n\n\n\n<p>Szenarioanalysen zur zuk\u00fcnftigen globalen Energieversorgung sehen die Photovoltaik als die wichtigste Technologie zur Energieversorgung. W\u00e4hrend Deutschland in den fr\u00fchen 2000er Jahren eine f\u00fchrende Rolle in der Solarindustrie einnahm, hat eine gezielte chinesische Industriepolitik \u2013 zun\u00e4chst zur F\u00f6rderung der Solarfertigung, sp\u00e4ter auch des Maschinenbaus \u2013 dazu gef\u00fchrt, dass deutsche Unternehmen entlang der Wertsch\u00f6pfungskette massiv Marktanteile verloren haben. Die deutsche Solarindustrie hat die f\u00fchrende Rolle bei der fortschreitenden Energiewende verloren.<\/p>\n\n\n\n<h4 class=\"wp-block-heading\">Solarindustrie: Von der Abh\u00e4ngigkeit zur Resilienz<\/h4>\n\n\n\n<p>Das muss sich \u00e4ndern, denn eine starke Industrie in Schl\u00fcsselbranchen ist eine wirtschaftliche Chance und st\u00e4rkt unsere geopolitische Resilienz. Eine wettbewerbsf\u00e4hige Solarindustrie am Standort Deutschland reduziert strategische Abh\u00e4ngigkeiten und sichert langfristig Innovations- und Wertsch\u00f6pfungspotenziale. Die internationale Spitzenstellung europ\u00e4ischer Photovoltaik-Forschungseinrichtungen und der innovative Maschinenbau bilden eine exzellente Basis, um die nachhaltige Produktion von Hightech-Photovoltaikprodukten in Deutschland\/Europa sicherzustellen.<\/p>\n\n\n\n<p>\u00bbMit dem PV PILOT-Projekt arbeiten wir gemeinsam mit dem ISC, dem ISFH und dem HZB, RCT Solutions und der VDMA-Fachabteilung \u00bbPhotovoltaik Produktionsmittel\u00ab an einer Strategie, wie die Solarindustrie in Deutschland durch Forschung &amp; Entwicklung, Pilot-Technologie und Turnkey-Konzepte nachhaltig gest\u00e4rkt werden kann\u00ab, so Prof. Dr. Andreas Bett, Leiter des Fraunhofer-Institut f\u00fcr Solar Energiesysteme. \u00bbDurch die Kooperation der wichtigen Akteure erarbeiten wir L\u00f6sungen, welche die Industrie nachhaltig unterst\u00fctzen.\u00ab<\/p>\n\n\n\n<h4 class=\"wp-block-heading\">Drei zentrale Ma\u00dfnahmen f\u00fcr eine resiliente Solarindustrie<\/h4>\n\n\n\n<p>Das Positionspapier schl\u00e4gt konkrete Ma\u00dfnahmen vor, um die Solarindustrie in Deutschland nachhaltig zu st\u00e4rken:<\/p>\n\n\n\n<p><strong>Ma\u00dfnahme 1: Ausbau der Produktion von innovativen Hightech-Produkten in Deutschland \/ Europa<\/strong><\/p>\n\n\n\n<ul class=\"wp-block-list\">\n<li>Produktionskapazit\u00e4t ausbauen und st\u00e4rken: Bestehende Produktionsst\u00e4tten f\u00fcr High-Tech-Produkte erweitern und neue Kapazit\u00e4ten schaffen. Solche Strukturen sind essenziell, um Effizienz und Innovation in der deutschen und europ\u00e4ischen Solarindustrie zu f\u00f6rdern.<\/li>\n\n\n\n<li>F\u00f6rderinstrumente nutzen: Nutzung europ\u00e4ischer Programme wie des Net Zero Industry Act (NZIA) und des Temporary Crisis and Transition Framework (TCTF) zur Unterst\u00fctzung von Investitionen und strategischer Entwicklung.<\/li>\n<\/ul>\n\n\n\n<p><strong>Ma\u00dfnahme 2: Maschinenbau mit Technologie-Know-how international nutzen und vermarkten<\/strong><\/p>\n\n\n\n<ul class=\"wp-block-list\">\n<li>Technologieentwicklung vorantreiben: St\u00e4rkung des deutschen Maschinenbaus und der lokalen Industrie, um modernste Produktionstechnologien f\u00fcr den internationalen Wettbewerb zu entwickeln und einzusetzen. Dies beinhaltet auch die Zusammenarbeit mit internationalen Partnern, um technologische L\u00f6sungen auf Augenh\u00f6he zu entwickeln und so den globalen Standard mitzugestalten.<\/li>\n\n\n\n<li>Geschlossene Wertsch\u00f6pfungsketten f\u00f6rdern: Aufbau einer robusten Produktionsinfrastruktur, die auf europ\u00e4ischen Ressourcen aufbaut und Abh\u00e4ngigkeiten von au\u00dfereurop\u00e4ischen Akteuren wie China reduziert. Gleichzeitig sollte sichergestellt werden, dass Kooperationen mit chinesischen Unternehmen ausgewogen gestaltet werden.<\/li>\n\n\n\n<li>Exportf\u00f6rderprogramme nutzen und innovative Produktentwicklung und Demonstrationsumgebungen st\u00e4rken: Maschinenbauer und Konsortien ben\u00f6tigen praxisnahe Plattformen, um ihre Technologien weiterzuentwickeln und als \u00bbEuropean \/ German Turnkey\u00ab-L\u00f6sungen international anzubieten.<\/li>\n<\/ul>\n\n\n\n<p><strong>Ma\u00dfnahme 3: Ausbau der Forschungs- und Entwicklungsinfrastruktur f\u00fcr eine innovative Solarindustrie<\/strong><\/p>\n\n\n\n<ul class=\"wp-block-list\">\n<li>Forschung st\u00e4rken: Die Forschungsf\u00f6rderung sollte wieder auf das Real-Niveau von 2019\/2020 zur\u00fcckgef\u00fchrt werden, also mindestens 100 Mio. Euro pro Jahr. Dies ist notwendig, um die Substanz und Innovationsf\u00e4higkeit der gesamten Branche \u2013 einschlie\u00dflich der Forschungsinstitute, des Maschinenbaus und anderer Schl\u00fcsselakteure \u2013 zu sichern.<\/li>\n\n\n\n<li>Fokussierung der F\u00f6rderung auf Innovation: Die Weiterentwicklung der kristallinen Siliziumtechnologie, der Perowskit- und anderer D\u00fcnnschichttechnologien sowie f\u00fcr Tandemzellen muss intensiv unterst\u00fctzt werden, um technologische Spitzenpositionen zur\u00fcckzugewinnen.<\/li>\n<\/ul>\n\n\n\n<p>\u00bbMit dieser Initiative setzen wir uns sowohl f\u00fcr die deutsche Solarforschung als auch f\u00fcr die Industrie ein \u2013 insbesondere f\u00fcr den Maschinenbau, der das R\u00fcckgrat der deutschen PV-Wertsch\u00f6pfung bildet\u00ab, so Dr. Puzant Baliozian, VDMA, Leiter Fachabteilung Photovoltaik Produktionsmittel.<\/p>\n\n\n\n<ul class=\"wp-block-list\">\n<li><a href=\"https:\/\/www.ise.fraunhofer.de\/content\/dam\/ise\/de\/documents\/presseinformationen\/2025\/202503_Positionspapier-Empfehlungen-zur-Staerkung-der-Solarindustrie%20.pdf\">Positionspapier: Empfehlungen zur St\u00e4rkung der Solarindustrie [\u00a0PDF\u00a0 0,17 MB\u00a0]<\/a><\/li>\n<\/ul>\n\n\n<h5 class=\"green\">Quelle<\/h5>\r\n\n\n\n<p><a href=\"https:\/\/www.ise.fraunhofer.de\/de\/presse-und-medien\/presseinformationen\/2025\/strategisches-positionspapier-zur-staerkung-der-solarindustrie-impulse-koalitionsverhandlungen-2025.html\">Fraunhofer ISE 2025<\/a><\/p>\n<div class=\"shariff shariff-align-flex-start shariff-widget-align-flex-start\"><div class=\"ShariffHeadline\">Diese Meldung teilen<\/div><ul class=\"shariff-buttons theme-round orientation-horizontal buttonsize-medium\"><li class=\"shariff-button facebook shariff-nocustomcolor\" style=\"background-color:#4273c8;border-radius:1%\"><a href=\"https:\/\/www.facebook.com\/sharer\/sharer.php?u=https%3A%2F%2Fwww.sonnenseite.com%2Fde%2Fwirtschaft%2Fstrategisches-positionspapier-zur-staerkung-der-solarindustrie%2F\" title=\"Bei Facebook teilen\" aria-label=\"Bei Facebook teilen\" role=\"button\" rel=\"nofollow\" class=\"shariff-link\" style=\";border-radius:1%; background-color:#3b5998; color:#fff\" target=\"_blank\"><span class=\"shariff-icon\" style=\"\"><svg width=\"32px\" height=\"20px\" xmlns=\"http:\/\/www.w3.org\/2000\/svg\" viewBox=\"0 0 18 32\"><path fill=\"#3b5998\" d=\"M17.1 0.2v4.7h-2.8q-1.5 0-2.1 0.6t-0.5 1.9v3.4h5.2l-0.7 5.3h-4.5v13.6h-5.5v-13.6h-4.5v-5.3h4.5v-3.9q0-3.3 1.9-5.2t5-1.8q2.6 0 4.1 0.2z\"\/><\/svg><\/span><\/a><\/li><li class=\"shariff-button twitter shariff-nocustomcolor\" style=\"background-color:#595959;border-radius:1%\"><a href=\"https:\/\/twitter.com\/share?url=https%3A%2F%2Fwww.sonnenseite.com%2Fde%2Fwirtschaft%2Fstrategisches-positionspapier-zur-staerkung-der-solarindustrie%2F&text=Strategisches%20Positionspapier%20zur%20St%C3%A4rkung%20der%20Solarindustrie\" title=\"Bei X teilen\" aria-label=\"Bei X teilen\" role=\"button\" rel=\"noopener nofollow\" class=\"shariff-link\" style=\";border-radius:1%; background-color:#000; color:#fff\" target=\"_blank\"><span class=\"shariff-icon\" style=\"\"><svg width=\"32px\" height=\"20px\" xmlns=\"http:\/\/www.w3.org\/2000\/svg\" viewBox=\"0 0 24 24\"><path fill=\"#000\" d=\"M14.258 10.152L23.176 0h-2.113l-7.747 8.813L7.133 0H0l9.352 13.328L0 23.973h2.113l8.176-9.309 6.531 9.309h7.133zm-2.895 3.293l-.949-1.328L2.875 1.56h3.246l6.086 8.523.945 1.328 7.91 11.078h-3.246zm0 0\"\/><\/svg><\/span><\/a><\/li><li class=\"shariff-button xing shariff-nocustomcolor\" style=\"background-color:#29888a;border-radius:1%\"><a href=\"https:\/\/www.xing.com\/spi\/shares\/new?url=https%3A%2F%2Fwww.sonnenseite.com%2Fde%2Fwirtschaft%2Fstrategisches-positionspapier-zur-staerkung-der-solarindustrie%2F\" title=\"Bei XING teilen\" aria-label=\"Bei XING teilen\" role=\"button\" rel=\"noopener nofollow\" class=\"shariff-link\" style=\";border-radius:1%; background-color:#126567; color:#fff\" target=\"_blank\"><span class=\"shariff-icon\" style=\"\"><svg width=\"32px\" height=\"20px\" xmlns=\"http:\/\/www.w3.org\/2000\/svg\" viewBox=\"0 0 25 32\"><path fill=\"#126567\" d=\"M10.7 11.9q-0.2 0.3-4.6 8.2-0.5 0.8-1.2 0.8h-4.3q-0.4 0-0.5-0.3t0-0.6l4.5-8q0 0 0 0l-2.9-5q-0.2-0.4 0-0.7 0.2-0.3 0.5-0.3h4.3q0.7 0 1.2 0.8zM25.1 0.4q0.2 0.3 0 0.7l-9.4 16.7 6 11q0.2 0.4 0 0.6-0.2 0.3-0.6 0.3h-4.3q-0.7 0-1.2-0.8l-6-11.1q0.3-0.6 9.5-16.8 0.4-0.8 1.2-0.8h4.3q0.4 0 0.5 0.3z\"\/><\/svg><\/span><\/a><\/li><li class=\"shariff-button linkedin shariff-nocustomcolor\" style=\"background-color:#1488bf;border-radius:1%\"><a href=\"https:\/\/www.linkedin.com\/sharing\/share-offsite\/?url=https%3A%2F%2Fwww.sonnenseite.com%2Fde%2Fwirtschaft%2Fstrategisches-positionspapier-zur-staerkung-der-solarindustrie%2F\" title=\"Bei LinkedIn teilen\" aria-label=\"Bei LinkedIn teilen\" role=\"button\" rel=\"noopener nofollow\" class=\"shariff-link\" style=\";border-radius:1%; background-color:#0077b5; color:#fff\" target=\"_blank\"><span class=\"shariff-icon\" style=\"\"><svg width=\"32px\" height=\"20px\" xmlns=\"http:\/\/www.w3.org\/2000\/svg\" viewBox=\"0 0 27 32\"><path fill=\"#0077b5\" d=\"M6.2 11.2v17.7h-5.9v-17.7h5.9zM6.6 5.7q0 1.3-0.9 2.2t-2.4 0.9h0q-1.5 0-2.4-0.9t-0.9-2.2 0.9-2.2 2.4-0.9 2.4 0.9 0.9 2.2zM27.4 18.7v10.1h-5.9v-9.5q0-1.9-0.7-2.9t-2.3-1.1q-1.1 0-1.9 0.6t-1.2 1.5q-0.2 0.5-0.2 1.4v9.9h-5.9q0-7.1 0-11.6t0-5.3l0-0.9h5.9v2.6h0q0.4-0.6 0.7-1t1-0.9 1.6-0.8 2-0.3q3 0 4.9 2t1.9 6z\"\/><\/svg><\/span><\/a><\/li><li class=\"shariff-button printer shariff-nocustomcolor\" style=\"background-color:#a8a8a8;border-radius:1%\"><a href=\"javascript:window.print()\" title=\"drucken\" aria-label=\"drucken\" role=\"button\" rel=\"noopener nofollow\" class=\"shariff-link\" style=\";border-radius:1%; background-color:#999; color:#fff\"><span class=\"shariff-icon\" style=\"\"><svg width=\"32px\" height=\"20px\" xmlns=\"http:\/\/www.w3.org\/2000\/svg\" viewBox=\"0 0 30 32\"><path fill=\"#999\" d=\"M6.8 27.4h16v-4.6h-16v4.6zM6.8 16h16v-6.8h-2.8q-0.7 0-1.2-0.5t-0.5-1.2v-2.8h-11.4v11.4zM27.4 17.2q0-0.5-0.3-0.8t-0.8-0.4-0.8 0.4-0.3 0.8 0.3 0.8 0.8 0.3 0.8-0.3 0.3-0.8zM29.7 17.2v7.4q0 0.2-0.2 0.4t-0.4 0.2h-4v2.8q0 0.7-0.5 1.2t-1.2 0.5h-17.2q-0.7 0-1.2-0.5t-0.5-1.2v-2.8h-4q-0.2 0-0.4-0.2t-0.2-0.4v-7.4q0-1.4 1-2.4t2.4-1h1.2v-9.7q0-0.7 0.5-1.2t1.2-0.5h12q0.7 0 1.6 0.4t1.3 0.8l2.7 2.7q0.5 0.5 0.9 1.4t0.4 1.6v4.6h1.1q1.4 0 2.4 1t1 2.4z\"\/><\/svg><\/span><\/a><\/li><li class=\"shariff-button mailto shariff-nocustomcolor\" style=\"background-color:#a8a8a8;border-radius:1%\"><a href=\"mailto:?body=https%3A%2F%2Fwww.sonnenseite.com%2Fde%2Fwirtschaft%2Fstrategisches-positionspapier-zur-staerkung-der-solarindustrie%2F&subject=Strategisches%20Positionspapier%20zur%20St%C3%A4rkung%20der%20Solarindustrie\" title=\"Per E-Mail versenden\" aria-label=\"Per E-Mail versenden\" role=\"button\" rel=\"noopener nofollow\" class=\"shariff-link\" style=\";border-radius:1%; background-color:#999; color:#fff\"><span class=\"shariff-icon\" style=\"\"><svg width=\"32px\" height=\"20px\" xmlns=\"http:\/\/www.w3.org\/2000\/svg\" viewBox=\"0 0 32 32\"><path fill=\"#999\" d=\"M32 12.7v14.2q0 1.2-0.8 2t-2 0.9h-26.3q-1.2 0-2-0.9t-0.8-2v-14.2q0.8 0.9 1.8 1.6 6.5 4.4 8.9 6.1 1 0.8 1.6 1.2t1.7 0.9 2 0.4h0.1q0.9 0 2-0.4t1.7-0.9 1.6-1.2q3-2.2 8.9-6.1 1-0.7 1.8-1.6zM32 7.4q0 1.4-0.9 2.7t-2.2 2.2q-6.7 4.7-8.4 5.8-0.2 0.1-0.7 0.5t-1 0.7-0.9 0.6-1.1 0.5-0.9 0.2h-0.1q-0.4 0-0.9-0.2t-1.1-0.5-0.9-0.6-1-0.7-0.7-0.5q-1.6-1.1-4.7-3.2t-3.6-2.6q-1.1-0.7-2.1-2t-1-2.5q0-1.4 0.7-2.3t2.1-0.9h26.3q1.2 0 2 0.8t0.9 2z\"\/><\/svg><\/span><\/a><\/li><\/ul><\/div>","protected":false},"excerpt":{"rendered":"<p>Impulse f\u00fcr die Koalitionsverhandlungen 2025 Die f\u00fchrenden deutschen Solarforschungseinrichtungen, die Fachabteilung \u00bbPhotovoltaik Produktionsmittel\u00ab des Industrieverbands VDMA [&hellip;]<\/p>\n","protected":false},"author":3,"featured_media":77150,"comment_status":"closed","ping_status":"closed","sticky":false,"template":"","format":"standard","meta":{"inline_featured_image":false,"footnotes":""},"categories":[24],"tags":[],"class_list":["post-105615","post","type-post","status-publish","format-standard","has-post-thumbnail","hentry","category-wirtschaft"],"yoast_head":"<!-- This site is optimized with the Yoast SEO plugin v26.5 - https:\/\/yoast.com\/wordpress\/plugins\/seo\/ -->\n<title>Strategisches Positionspapier zur St\u00e4rkung der Solarindustrie - Sonnenseite - \u00d6kologische Kommunikation mit Franz Alt<\/title>\n<meta name=\"description\" content=\"Impulse f\u00fcr die Koalitionsverhandlungen 2025 Die f\u00fchrenden deutschen Solarforschungseinrichtungen, die Fachabteilung \u00bbPhotovoltaik Produktionsmittel\u00ab des\" \/>\n<meta name=\"robots\" content=\"index, follow, max-snippet:-1, max-image-preview:large, max-video-preview:-1\" \/>\n<link rel=\"canonical\" href=\"https:\/\/www.sonnenseite.com\/de\/wirtschaft\/strategisches-positionspapier-zur-staerkung-der-solarindustrie\/\" \/>\n<meta property=\"og:locale\" content=\"de_DE\" \/>\n<meta property=\"og:type\" content=\"article\" \/>\n<meta property=\"og:title\" content=\"Strategisches Positionspapier zur St\u00e4rkung der Solarindustrie - Sonnenseite - \u00d6kologische Kommunikation mit Franz Alt\" \/>\n<meta property=\"og:description\" content=\"Impulse f\u00fcr die Koalitionsverhandlungen 2025 Die f\u00fchrenden deutschen Solarforschungseinrichtungen, die Fachabteilung \u00bbPhotovoltaik Produktionsmittel\u00ab des\" \/>\n<meta property=\"og:url\" content=\"https:\/\/www.sonnenseite.com\/de\/wirtschaft\/strategisches-positionspapier-zur-staerkung-der-solarindustrie\/\" \/>\n<meta property=\"og:site_name\" content=\"Sonnenseite\" \/>\n<meta property=\"article:publisher\" content=\"https:\/\/www.facebook.com\/pages\/Franz-Alt-SONNENSEITECOM\/221072987903953?fref=ts\" \/>\n<meta property=\"article:published_time\" content=\"2025-03-07T02:13:00+00:00\" \/>\n<meta property=\"article:modified_time\" content=\"2025-03-19T11:20:51+00:00\" \/>\n<meta property=\"og:image\" content=\"https:\/\/www.sonnenseite.com\/wp-content\/uploads\/2021\/11\/Solar_Haende_AndrewLozovyi.jpg\" \/>\n\t<meta property=\"og:image:width\" content=\"770\" \/>\n\t<meta property=\"og:image:height\" content=\"420\" \/>\n\t<meta property=\"og:image:type\" content=\"image\/jpeg\" \/>\n<meta name=\"author\" content=\"Bigi Alt\" \/>\n<meta name=\"twitter:card\" content=\"summary_large_image\" \/>\n<meta name=\"twitter:creator\" content=\"@franzalt\" \/>\n<meta name=\"twitter:site\" content=\"@franzalt\" \/>\n<meta name=\"twitter:label1\" content=\"Verfasst von\" \/>\n\t<meta name=\"twitter:data1\" content=\"Bigi Alt\" \/>\n\t<meta name=\"twitter:label2\" content=\"Gesch\u00e4tzte Lesezeit\" \/>\n\t<meta name=\"twitter:data2\" content=\"4\u00a0Minuten\" \/>\n<script type=\"application\/ld+json\" class=\"yoast-schema-graph\">{\"@context\":\"https:\/\/schema.org\",\"@graph\":[{\"@type\":\"Article\",\"@id\":\"https:\/\/www.sonnenseite.com\/de\/wirtschaft\/strategisches-positionspapier-zur-staerkung-der-solarindustrie\/#article\",\"isPartOf\":{\"@id\":\"https:\/\/www.sonnenseite.com\/de\/wirtschaft\/strategisches-positionspapier-zur-staerkung-der-solarindustrie\/\"},\"author\":{\"name\":\"Bigi Alt\",\"@id\":\"https:\/\/www.sonnenseite.com\/de\/#\/schema\/person\/50fda0e926597684c7cc6695238a4eb9\"},\"headline\":\"Strategisches Positionspapier zur St\u00e4rkung der Solarindustrie\",\"datePublished\":\"2025-03-07T02:13:00+00:00\",\"dateModified\":\"2025-03-19T11:20:51+00:00\",\"mainEntityOfPage\":{\"@id\":\"https:\/\/www.sonnenseite.com\/de\/wirtschaft\/strategisches-positionspapier-zur-staerkung-der-solarindustrie\/\"},\"wordCount\":671,\"publisher\":{\"@id\":\"https:\/\/www.sonnenseite.com\/de\/#organization\"},\"image\":{\"@id\":\"https:\/\/www.sonnenseite.com\/de\/wirtschaft\/strategisches-positionspapier-zur-staerkung-der-solarindustrie\/#primaryimage\"},\"thumbnailUrl\":\"https:\/\/www.sonnenseite.com\/wp-content\/uploads\/2021\/11\/Solar_Haende_AndrewLozovyi.jpg\",\"articleSection\":[\"Wirtschaft\"],\"inLanguage\":\"de\"},{\"@type\":\"WebPage\",\"@id\":\"https:\/\/www.sonnenseite.com\/de\/wirtschaft\/strategisches-positionspapier-zur-staerkung-der-solarindustrie\/\",\"url\":\"https:\/\/www.sonnenseite.com\/de\/wirtschaft\/strategisches-positionspapier-zur-staerkung-der-solarindustrie\/\",\"name\":\"Strategisches Positionspapier zur St\u00e4rkung der Solarindustrie - Sonnenseite - \u00d6kologische Kommunikation mit Franz Alt\",\"isPartOf\":{\"@id\":\"https:\/\/www.sonnenseite.com\/de\/#website\"},\"primaryImageOfPage\":{\"@id\":\"https:\/\/www.sonnenseite.com\/de\/wirtschaft\/strategisches-positionspapier-zur-staerkung-der-solarindustrie\/#primaryimage\"},\"image\":{\"@id\":\"https:\/\/www.sonnenseite.com\/de\/wirtschaft\/strategisches-positionspapier-zur-staerkung-der-solarindustrie\/#primaryimage\"},\"thumbnailUrl\":\"https:\/\/www.sonnenseite.com\/wp-content\/uploads\/2021\/11\/Solar_Haende_AndrewLozovyi.jpg\",\"datePublished\":\"2025-03-07T02:13:00+00:00\",\"dateModified\":\"2025-03-19T11:20:51+00:00\",\"description\":\"Impulse f\u00fcr die Koalitionsverhandlungen 2025 Die f\u00fchrenden deutschen Solarforschungseinrichtungen, die Fachabteilung \u00bbPhotovoltaik Produktionsmittel\u00ab des\",\"breadcrumb\":{\"@id\":\"https:\/\/www.sonnenseite.com\/de\/wirtschaft\/strategisches-positionspapier-zur-staerkung-der-solarindustrie\/#breadcrumb\"},\"inLanguage\":\"de\",\"potentialAction\":[{\"@type\":\"ReadAction\",\"target\":[\"https:\/\/www.sonnenseite.com\/de\/wirtschaft\/strategisches-positionspapier-zur-staerkung-der-solarindustrie\/\"]}]},{\"@type\":\"ImageObject\",\"inLanguage\":\"de\",\"@id\":\"https:\/\/www.sonnenseite.com\/de\/wirtschaft\/strategisches-positionspapier-zur-staerkung-der-solarindustrie\/#primaryimage\",\"url\":\"https:\/\/www.sonnenseite.com\/wp-content\/uploads\/2021\/11\/Solar_Haende_AndrewLozovyi.jpg\",\"contentUrl\":\"https:\/\/www.sonnenseite.com\/wp-content\/uploads\/2021\/11\/Solar_Haende_AndrewLozovyi.jpg\",\"width\":770,\"height\":420,\"caption\":\"Depositphotos.com | Andrew Lozovyi\"},{\"@type\":\"BreadcrumbList\",\"@id\":\"https:\/\/www.sonnenseite.com\/de\/wirtschaft\/strategisches-positionspapier-zur-staerkung-der-solarindustrie\/#breadcrumb\",\"itemListElement\":[{\"@type\":\"ListItem\",\"position\":1,\"name\":\"Startseite\",\"item\":\"https:\/\/www.sonnenseite.com\/de\/\"},{\"@type\":\"ListItem\",\"position\":2,\"name\":\"Strategisches Positionspapier zur St\u00e4rkung der Solarindustrie\"}]},{\"@type\":\"WebSite\",\"@id\":\"https:\/\/www.sonnenseite.com\/de\/#website\",\"url\":\"https:\/\/www.sonnenseite.com\/de\/\",\"name\":\"Sonnenseite\",\"description\":\"\u00d6kologische Kommunikation mit Franz Alt\",\"publisher\":{\"@id\":\"https:\/\/www.sonnenseite.com\/de\/#organization\"},\"potentialAction\":[{\"@type\":\"SearchAction\",\"target\":{\"@type\":\"EntryPoint\",\"urlTemplate\":\"https:\/\/www.sonnenseite.com\/de\/?s={search_term_string}\"},\"query-input\":{\"@type\":\"PropertyValueSpecification\",\"valueRequired\":true,\"valueName\":\"search_term_string\"}}],\"inLanguage\":\"de\"},{\"@type\":\"Organization\",\"@id\":\"https:\/\/www.sonnenseite.com\/de\/#organization\",\"name\":\"Sonnenseite\",\"url\":\"https:\/\/www.sonnenseite.com\/de\/\",\"logo\":{\"@type\":\"ImageObject\",\"inLanguage\":\"de\",\"@id\":\"https:\/\/www.sonnenseite.com\/de\/#\/schema\/logo\/image\/\",\"url\":\"https:\/\/www.sonnenseite.com\/wp-content\/uploads\/2020\/05\/Sonnenseite_Logo.png\",\"contentUrl\":\"https:\/\/www.sonnenseite.com\/wp-content\/uploads\/2020\/05\/Sonnenseite_Logo.png\",\"width\":377,\"height\":90,\"caption\":\"Sonnenseite\"},\"image\":{\"@id\":\"https:\/\/www.sonnenseite.com\/de\/#\/schema\/logo\/image\/\"},\"sameAs\":[\"https:\/\/www.facebook.com\/pages\/Franz-Alt-SONNENSEITECOM\/221072987903953?fref=ts\",\"https:\/\/x.com\/franzalt\",\"http:\/\/www.youtube.com\/results?search_query&amp;amp;quot;franz_alt&amp;amp;quot;&amp;amp;amp;amp;search_type&amp;amp;amp;amp;aq=f\"]},{\"@type\":\"Person\",\"@id\":\"https:\/\/www.sonnenseite.com\/de\/#\/schema\/person\/50fda0e926597684c7cc6695238a4eb9\",\"name\":\"Bigi Alt\"}]}<\/script>\n<!-- \/ Yoast SEO plugin. -->","yoast_head_json":{"title":"Strategisches Positionspapier zur St\u00e4rkung der Solarindustrie - Sonnenseite - \u00d6kologische Kommunikation mit Franz Alt","description":"Impulse f\u00fcr die Koalitionsverhandlungen 2025 Die f\u00fchrenden deutschen Solarforschungseinrichtungen, die Fachabteilung \u00bbPhotovoltaik Produktionsmittel\u00ab des","robots":{"index":"index","follow":"follow","max-snippet":"max-snippet:-1","max-image-preview":"max-image-preview:large","max-video-preview":"max-video-preview:-1"},"canonical":"https:\/\/www.sonnenseite.com\/de\/wirtschaft\/strategisches-positionspapier-zur-staerkung-der-solarindustrie\/","og_locale":"de_DE","og_type":"article","og_title":"Strategisches Positionspapier zur St\u00e4rkung der Solarindustrie - Sonnenseite - \u00d6kologische Kommunikation mit Franz Alt","og_description":"Impulse f\u00fcr die Koalitionsverhandlungen 2025 Die f\u00fchrenden deutschen Solarforschungseinrichtungen, die Fachabteilung \u00bbPhotovoltaik Produktionsmittel\u00ab des","og_url":"https:\/\/www.sonnenseite.com\/de\/wirtschaft\/strategisches-positionspapier-zur-staerkung-der-solarindustrie\/","og_site_name":"Sonnenseite","article_publisher":"https:\/\/www.facebook.com\/pages\/Franz-Alt-SONNENSEITECOM\/221072987903953?fref=ts","article_published_time":"2025-03-07T02:13:00+00:00","article_modified_time":"2025-03-19T11:20:51+00:00","og_image":[{"width":770,"height":420,"url":"https:\/\/www.sonnenseite.com\/wp-content\/uploads\/2021\/11\/Solar_Haende_AndrewLozovyi.jpg","type":"image\/jpeg"}],"author":"Bigi Alt","twitter_card":"summary_large_image","twitter_creator":"@franzalt","twitter_site":"@franzalt","twitter_misc":{"Verfasst von":"Bigi Alt","Gesch\u00e4tzte Lesezeit":"4\u00a0Minuten"},"schema":{"@context":"https:\/\/schema.org","@graph":[{"@type":"Article","@id":"https:\/\/www.sonnenseite.com\/de\/wirtschaft\/strategisches-positionspapier-zur-staerkung-der-solarindustrie\/#article","isPartOf":{"@id":"https:\/\/www.sonnenseite.com\/de\/wirtschaft\/strategisches-positionspapier-zur-staerkung-der-solarindustrie\/"},"author":{"name":"Bigi Alt","@id":"https:\/\/www.sonnenseite.com\/de\/#\/schema\/person\/50fda0e926597684c7cc6695238a4eb9"},"headline":"Strategisches Positionspapier zur St\u00e4rkung der Solarindustrie","datePublished":"2025-03-07T02:13:00+00:00","dateModified":"2025-03-19T11:20:51+00:00","mainEntityOfPage":{"@id":"https:\/\/www.sonnenseite.com\/de\/wirtschaft\/strategisches-positionspapier-zur-staerkung-der-solarindustrie\/"},"wordCount":671,"publisher":{"@id":"https:\/\/www.sonnenseite.com\/de\/#organization"},"image":{"@id":"https:\/\/www.sonnenseite.com\/de\/wirtschaft\/strategisches-positionspapier-zur-staerkung-der-solarindustrie\/#primaryimage"},"thumbnailUrl":"https:\/\/www.sonnenseite.com\/wp-content\/uploads\/2021\/11\/Solar_Haende_AndrewLozovyi.jpg","articleSection":["Wirtschaft"],"inLanguage":"de"},{"@type":"WebPage","@id":"https:\/\/www.sonnenseite.com\/de\/wirtschaft\/strategisches-positionspapier-zur-staerkung-der-solarindustrie\/","url":"https:\/\/www.sonnenseite.com\/de\/wirtschaft\/strategisches-positionspapier-zur-staerkung-der-solarindustrie\/","name":"Strategisches Positionspapier zur St\u00e4rkung der Solarindustrie - Sonnenseite - \u00d6kologische Kommunikation mit Franz Alt","isPartOf":{"@id":"https:\/\/www.sonnenseite.com\/de\/#website"},"primaryImageOfPage":{"@id":"https:\/\/www.sonnenseite.com\/de\/wirtschaft\/strategisches-positionspapier-zur-staerkung-der-solarindustrie\/#primaryimage"},"image":{"@id":"https:\/\/www.sonnenseite.com\/de\/wirtschaft\/strategisches-positionspapier-zur-staerkung-der-solarindustrie\/#primaryimage"},"thumbnailUrl":"https:\/\/www.sonnenseite.com\/wp-content\/uploads\/2021\/11\/Solar_Haende_AndrewLozovyi.jpg","datePublished":"2025-03-07T02:13:00+00:00","dateModified":"2025-03-19T11:20:51+00:00","description":"Impulse f\u00fcr die Koalitionsverhandlungen 2025 Die f\u00fchrenden deutschen Solarforschungseinrichtungen, die Fachabteilung \u00bbPhotovoltaik Produktionsmittel\u00ab des","breadcrumb":{"@id":"https:\/\/www.sonnenseite.com\/de\/wirtschaft\/strategisches-positionspapier-zur-staerkung-der-solarindustrie\/#breadcrumb"},"inLanguage":"de","potentialAction":[{"@type":"ReadAction","target":["https:\/\/www.sonnenseite.com\/de\/wirtschaft\/strategisches-positionspapier-zur-staerkung-der-solarindustrie\/"]}]},{"@type":"ImageObject","inLanguage":"de","@id":"https:\/\/www.sonnenseite.com\/de\/wirtschaft\/strategisches-positionspapier-zur-staerkung-der-solarindustrie\/#primaryimage","url":"https:\/\/www.sonnenseite.com\/wp-content\/uploads\/2021\/11\/Solar_Haende_AndrewLozovyi.jpg","contentUrl":"https:\/\/www.sonnenseite.com\/wp-content\/uploads\/2021\/11\/Solar_Haende_AndrewLozovyi.jpg","width":770,"height":420,"caption":"Depositphotos.com | Andrew Lozovyi"},{"@type":"BreadcrumbList","@id":"https:\/\/www.sonnenseite.com\/de\/wirtschaft\/strategisches-positionspapier-zur-staerkung-der-solarindustrie\/#breadcrumb","itemListElement":[{"@type":"ListItem","position":1,"name":"Startseite","item":"https:\/\/www.sonnenseite.com\/de\/"},{"@type":"ListItem","position":2,"name":"Strategisches Positionspapier zur St\u00e4rkung der Solarindustrie"}]},{"@type":"WebSite","@id":"https:\/\/www.sonnenseite.com\/de\/#website","url":"https:\/\/www.sonnenseite.com\/de\/","name":"Sonnenseite","description":"\u00d6kologische Kommunikation mit Franz Alt","publisher":{"@id":"https:\/\/www.sonnenseite.com\/de\/#organization"},"potentialAction":[{"@type":"SearchAction","target":{"@type":"EntryPoint","urlTemplate":"https:\/\/www.sonnenseite.com\/de\/?s={search_term_string}"},"query-input":{"@type":"PropertyValueSpecification","valueRequired":true,"valueName":"search_term_string"}}],"inLanguage":"de"},{"@type":"Organization","@id":"https:\/\/www.sonnenseite.com\/de\/#organization","name":"Sonnenseite","url":"https:\/\/www.sonnenseite.com\/de\/","logo":{"@type":"ImageObject","inLanguage":"de","@id":"https:\/\/www.sonnenseite.com\/de\/#\/schema\/logo\/image\/","url":"https:\/\/www.sonnenseite.com\/wp-content\/uploads\/2020\/05\/Sonnenseite_Logo.png","contentUrl":"https:\/\/www.sonnenseite.com\/wp-content\/uploads\/2020\/05\/Sonnenseite_Logo.png","width":377,"height":90,"caption":"Sonnenseite"},"image":{"@id":"https:\/\/www.sonnenseite.com\/de\/#\/schema\/logo\/image\/"},"sameAs":["https:\/\/www.facebook.com\/pages\/Franz-Alt-SONNENSEITECOM\/221072987903953?fref=ts","https:\/\/x.com\/franzalt","http:\/\/www.youtube.com\/results?search_query&amp;amp;quot;franz_alt&amp;amp;quot;&amp;amp;amp;amp;search_type&amp;amp;amp;amp;aq=f"]},{"@type":"Person","@id":"https:\/\/www.sonnenseite.com\/de\/#\/schema\/person\/50fda0e926597684c7cc6695238a4eb9","name":"Bigi Alt"}]}},"_links":{"self":[{"href":"https:\/\/www.sonnenseite.com\/de\/wp-json\/wp\/v2\/posts\/105615","targetHints":{"allow":["GET"]}}],"collection":[{"href":"https:\/\/www.sonnenseite.com\/de\/wp-json\/wp\/v2\/posts"}],"about":[{"href":"https:\/\/www.sonnenseite.com\/de\/wp-json\/wp\/v2\/types\/post"}],"author":[{"embeddable":true,"href":"https:\/\/www.sonnenseite.com\/de\/wp-json\/wp\/v2\/users\/3"}],"replies":[{"embeddable":true,"href":"https:\/\/www.sonnenseite.com\/de\/wp-json\/wp\/v2\/comments?post=105615"}],"version-history":[{"count":1,"href":"https:\/\/www.sonnenseite.com\/de\/wp-json\/wp\/v2\/posts\/105615\/revisions"}],"predecessor-version":[{"id":105616,"href":"https:\/\/www.sonnenseite.com\/de\/wp-json\/wp\/v2\/posts\/105615\/revisions\/105616"}],"wp:featuredmedia":[{"embeddable":true,"href":"https:\/\/www.sonnenseite.com\/de\/wp-json\/wp\/v2\/media\/77150"}],"wp:attachment":[{"href":"https:\/\/www.sonnenseite.com\/de\/wp-json\/wp\/v2\/media?parent=105615"}],"wp:term":[{"taxonomy":"category","embeddable":true,"href":"https:\/\/www.sonnenseite.com\/de\/wp-json\/wp\/v2\/categories?post=105615"},{"taxonomy":"post_tag","embeddable":true,"href":"https:\/\/www.sonnenseite.com\/de\/wp-json\/wp\/v2\/tags?post=105615"}],"curies":[{"name":"wp","href":"https:\/\/api.w.org\/{rel}","templated":true}]}}