{"id":105732,"date":"2025-03-11T15:00:52","date_gmt":"2025-03-11T14:00:52","guid":{"rendered":"https:\/\/www.sonnenseite.com\/?p=105732"},"modified":"2025-03-11T15:00:53","modified_gmt":"2025-03-11T14:00:53","slug":"kein-natur-und-klimaschutz-im-sondervermoegen","status":"publish","type":"post","link":"https:\/\/www.sonnenseite.com\/de\/politik\/kein-natur-und-klimaschutz-im-sondervermoegen\/","title":{"rendered":"Kein Natur- und Klimaschutz im Sonderverm\u00f6gen"},"content":{"rendered":"\n<p>Deutsche Umwelthilfe fordert von Union und SPD zw\u00f6lf notwendige Investitionen. Union und SPD ignorieren Sicherheitsbedrohung durch Klima- und Biodiversit\u00e4tskrise.<\/p>\n\n\n\n<p>DUH benennt zw\u00f6lf notwendige Investitionen in den Bereichen Erneuerbare Energien, Geb\u00e4ude, Schiene, Naturschutz und Klimakatastrophenanpassung. DUH-Bundesgesch\u00e4ftsf\u00fchrerin Barbara Metz: \u201eJede Milliarde, die wir jetzt nicht in Klimaschutz investieren, wird uns schnell hundertfach teurer zu stehen kommen\u201c<\/p>\n\n\n\n<p>Vor der ersten Lesung zum Sonderverm\u00f6gen im Bundestag ruft die Deutsche Umwelthilfe (DUH) alle Abgeordneten auf, nicht ohne massive Nachbesserungen f\u00fcr Natur- und Klimaschutz zuzustimmen. Sowohl das Sonderverm\u00f6gen f\u00fcr Infrastruktur als auch die Aufhebung der Schuldenbremse f\u00fcr Verteidigungsausgaben wollen Union und SPD noch mit dem alten Bundestag beschlie\u00dfen, eine erste Lesung soll im Laufe der Woche stattfinden.<br><br>Barbara Metz, Bundesgesch\u00e4ftsf\u00fchrerin der DUH: <em>\u201eUnion und SPD scheinen nicht zu verstehen, dass es keine Sicherheit ohne konsequenten Klimaschutz gibt. W\u00e4hrend Milliarden in Panzer flie\u00dfen, bleibt der Schutz unseres Planeten auf der Strecke. Jede Milliarde, die wir heute nicht in den Klimaschutz investieren, wird uns morgen hundertfach teurer zu stehen kommen \u2013 mit \u00dcberschwemmungen, Hitzewellen, Ernteausf\u00e4llen und kollabierenden \u00d6kosystemen. Dagegen m\u00fcssen wir uns jetzt dringend wappnen! Zu einem sicheren Deutschland geh\u00f6rt au\u00dferdem, dass wir uns nicht l\u00e4nger von Despoten und ihrem \u00d6l und Gas abh\u00e4ngig machen. Unser Schutzschild gegen Autokraten und Krieg sind Erneuerbare Energien und Energieeinsparung. Wir fordern von allen Abgeordneten Haltung, Mut und Weitblick: Das Sonderverm\u00f6gen muss auf die richtige Spur gebracht werden und Investitionen in Natur- und Klimaschutz enthalten.\u201c<\/em><\/p>\n\n\n\n<h3 class=\"wp-block-heading\">Ein zukunftsf\u00e4higes Sonderverm\u00f6gen muss aus Sicht der DUH insbesondere folgende Punkte enthalten:<\/h3>\n\n\n\n<p><strong>Naturschutz und Klimaanpassung:<\/strong><\/p>\n\n\n\n<ul class=\"wp-block-list\">\n<li>Fonds f\u00fcr die Wiederherstellung der Natur, um die Aktionspl\u00e4ne der Nationalen Biodiversit\u00e4tsstrategie schnellstm\u00f6glich umzusetzen und Synergien zum Nat\u00fcrlichen Klimaschutz und der Klimaanpassung zu schaffen<\/li>\n\n\n\n<li>Aktionsprogramm Wasser muss mit einem guten finanziellen Rahmen ausgestattet werden<\/li>\n\n\n\n<li>St\u00e4dte m\u00fcssen mit Blick auf Extremwetterereignisse und die steigende Zahl von Hitzetoten umgebaut werden \u2013 durch unmittelbare und ma\u00dfnahmengebundene Zuweisungen\/Umlagen (Personal, Entsiegelungsma\u00dfnahmen, Baumpflanzungen etc.)<\/li>\n<\/ul>\n\n\n\n<p><br><strong>Schieneninfrastruktur:<\/strong><\/p>\n\n\n\n<ul class=\"wp-block-list\">\n<li>Finanzmittel f\u00fcr Ausbau, Modernisierung und Elektrifizierung der Schieneninfrastruktur (die Deutsche Bahn selbst sieht daf\u00fcr bis 2030 einen Bedarf von 163 Milliarden Euro)<\/li>\n\n\n\n<li>Da vor allem Regionalbahnlinien von den Bundesl\u00e4ndern bestellt werden, m\u00fcssen auch L\u00e4nderfinanzen im Sonderverm\u00f6gen st\u00e4rker ber\u00fccksichtigt werden bzw. muss die auf Landesebene noch strengere Schuldenbremse erheblich gelockert werden<\/li>\n\n\n\n<li>Finanzmittel f\u00fcr die Stra\u00dfe sollten priorit\u00e4r in Sanierung von Stra\u00dfen und Br\u00fccken flie\u00dfen und nicht in teure, unn\u00f6tige und klimasch\u00e4dliche Neubauprojekte. Dann sind sie auch ohne Sonderverm\u00f6gen mehr als ausreichend<\/li>\n<\/ul>\n\n\n\n<p><br><strong>Geb\u00e4ude und W\u00e4rme:<\/strong><\/p>\n\n\n\n<ul class=\"wp-block-list\">\n<li>Aufstockung der Bundesf\u00f6rderung f\u00fcr effiziente Geb\u00e4ude (BEG) in Form von weiteren Einkommensboni, sozialer Staffelung und attraktiveren F\u00f6rders\u00e4tzen<\/li>\n\n\n\n<li>Umfassende Investitionszulage f\u00fcr gemeinn\u00fctzigen Wohnungssektor inklusive Geld f\u00fcr Ankauf und klimagerechte Modernisierung (ehemaliger) Sozialwohnungsbest\u00e4nde, die in dauerhaft bezahlbaren Wohnraum umgewidmet werden<\/li>\n\n\n\n<li>Investitionen in die Sanierung von \u00f6ffentlichen Geb\u00e4uden und Geb\u00e4uden von gemeinn\u00fctzigen Tr\u00e4gern<\/li>\n\n\n\n<li>Aufstockung und Verstetigung des Bundesprogramms effizienter W\u00e4rmenetze (BEW) f\u00fcr die Dekarbonisierung von W\u00e4rmenetzen<\/li>\n<\/ul>\n\n\n\n<p><br><strong>Erneuerbare Energien:<\/strong><\/p>\n\n\n\n<ul class=\"wp-block-list\">\n<li>Finanzierung des Ausbaus der Stromnetze auf \u00dcbertragungsnetz- und Verteilnetzebene<\/li>\n\n\n\n<li>Finanzierung Erneuerbarer Energien und Speicher \u2013 Ausbaupl\u00e4ne f\u00fcr Gaskraftwerke sollten halbiert werden, um keine Mittel f\u00fcr fossile Energie zu verschwenden<\/li>\n<\/ul>\n\n\n<h5 class=\"green\">Quelle<\/h5>\r\n\n\n\n<p><a href=\"http:\/\/www.duh.de\">Deutsche Umwelthilfe 2025<\/a><\/p>\n<div class=\"shariff shariff-align-flex-start shariff-widget-align-flex-start\"><div class=\"ShariffHeadline\">Diese Meldung teilen<\/div><ul class=\"shariff-buttons theme-round orientation-horizontal buttonsize-medium\"><li class=\"shariff-button facebook shariff-nocustomcolor\" style=\"background-color:#4273c8;border-radius:1%\"><a href=\"https:\/\/www.facebook.com\/sharer\/sharer.php?u=https%3A%2F%2Fwww.sonnenseite.com%2Fde%2Fpolitik%2Fkein-natur-und-klimaschutz-im-sondervermoegen%2F\" title=\"Bei Facebook teilen\" aria-label=\"Bei Facebook teilen\" role=\"button\" rel=\"nofollow\" class=\"shariff-link\" style=\";border-radius:1%; background-color:#3b5998; color:#fff\" target=\"_blank\"><span class=\"shariff-icon\" style=\"\"><svg width=\"32px\" height=\"20px\" xmlns=\"http:\/\/www.w3.org\/2000\/svg\" viewBox=\"0 0 18 32\"><path fill=\"#3b5998\" d=\"M17.1 0.2v4.7h-2.8q-1.5 0-2.1 0.6t-0.5 1.9v3.4h5.2l-0.7 5.3h-4.5v13.6h-5.5v-13.6h-4.5v-5.3h4.5v-3.9q0-3.3 1.9-5.2t5-1.8q2.6 0 4.1 0.2z\"\/><\/svg><\/span><\/a><\/li><li class=\"shariff-button twitter shariff-nocustomcolor\" style=\"background-color:#595959;border-radius:1%\"><a href=\"https:\/\/twitter.com\/share?url=https%3A%2F%2Fwww.sonnenseite.com%2Fde%2Fpolitik%2Fkein-natur-und-klimaschutz-im-sondervermoegen%2F&text=Kein%20Natur-%20und%20Klimaschutz%20im%20Sonderverm%C3%B6gen\" title=\"Bei X teilen\" aria-label=\"Bei X teilen\" role=\"button\" rel=\"noopener nofollow\" class=\"shariff-link\" style=\";border-radius:1%; background-color:#000; color:#fff\" target=\"_blank\"><span class=\"shariff-icon\" style=\"\"><svg width=\"32px\" height=\"20px\" xmlns=\"http:\/\/www.w3.org\/2000\/svg\" viewBox=\"0 0 24 24\"><path fill=\"#000\" d=\"M14.258 10.152L23.176 0h-2.113l-7.747 8.813L7.133 0H0l9.352 13.328L0 23.973h2.113l8.176-9.309 6.531 9.309h7.133zm-2.895 3.293l-.949-1.328L2.875 1.56h3.246l6.086 8.523.945 1.328 7.91 11.078h-3.246zm0 0\"\/><\/svg><\/span><\/a><\/li><li class=\"shariff-button xing shariff-nocustomcolor\" style=\"background-color:#29888a;border-radius:1%\"><a href=\"https:\/\/www.xing.com\/spi\/shares\/new?url=https%3A%2F%2Fwww.sonnenseite.com%2Fde%2Fpolitik%2Fkein-natur-und-klimaschutz-im-sondervermoegen%2F\" title=\"Bei XING teilen\" aria-label=\"Bei XING teilen\" role=\"button\" rel=\"noopener nofollow\" class=\"shariff-link\" style=\";border-radius:1%; background-color:#126567; color:#fff\" target=\"_blank\"><span class=\"shariff-icon\" style=\"\"><svg width=\"32px\" height=\"20px\" xmlns=\"http:\/\/www.w3.org\/2000\/svg\" viewBox=\"0 0 25 32\"><path fill=\"#126567\" d=\"M10.7 11.9q-0.2 0.3-4.6 8.2-0.5 0.8-1.2 0.8h-4.3q-0.4 0-0.5-0.3t0-0.6l4.5-8q0 0 0 0l-2.9-5q-0.2-0.4 0-0.7 0.2-0.3 0.5-0.3h4.3q0.7 0 1.2 0.8zM25.1 0.4q0.2 0.3 0 0.7l-9.4 16.7 6 11q0.2 0.4 0 0.6-0.2 0.3-0.6 0.3h-4.3q-0.7 0-1.2-0.8l-6-11.1q0.3-0.6 9.5-16.8 0.4-0.8 1.2-0.8h4.3q0.4 0 0.5 0.3z\"\/><\/svg><\/span><\/a><\/li><li class=\"shariff-button linkedin shariff-nocustomcolor\" style=\"background-color:#1488bf;border-radius:1%\"><a href=\"https:\/\/www.linkedin.com\/sharing\/share-offsite\/?url=https%3A%2F%2Fwww.sonnenseite.com%2Fde%2Fpolitik%2Fkein-natur-und-klimaschutz-im-sondervermoegen%2F\" title=\"Bei LinkedIn teilen\" aria-label=\"Bei LinkedIn teilen\" role=\"button\" rel=\"noopener nofollow\" class=\"shariff-link\" style=\";border-radius:1%; background-color:#0077b5; color:#fff\" target=\"_blank\"><span class=\"shariff-icon\" style=\"\"><svg width=\"32px\" height=\"20px\" xmlns=\"http:\/\/www.w3.org\/2000\/svg\" viewBox=\"0 0 27 32\"><path fill=\"#0077b5\" d=\"M6.2 11.2v17.7h-5.9v-17.7h5.9zM6.6 5.7q0 1.3-0.9 2.2t-2.4 0.9h0q-1.5 0-2.4-0.9t-0.9-2.2 0.9-2.2 2.4-0.9 2.4 0.9 0.9 2.2zM27.4 18.7v10.1h-5.9v-9.5q0-1.9-0.7-2.9t-2.3-1.1q-1.1 0-1.9 0.6t-1.2 1.5q-0.2 0.5-0.2 1.4v9.9h-5.9q0-7.1 0-11.6t0-5.3l0-0.9h5.9v2.6h0q0.4-0.6 0.7-1t1-0.9 1.6-0.8 2-0.3q3 0 4.9 2t1.9 6z\"\/><\/svg><\/span><\/a><\/li><li class=\"shariff-button printer shariff-nocustomcolor\" style=\"background-color:#a8a8a8;border-radius:1%\"><a href=\"javascript:window.print()\" title=\"drucken\" aria-label=\"drucken\" role=\"button\" rel=\"noopener nofollow\" class=\"shariff-link\" style=\";border-radius:1%; background-color:#999; color:#fff\"><span class=\"shariff-icon\" style=\"\"><svg width=\"32px\" height=\"20px\" xmlns=\"http:\/\/www.w3.org\/2000\/svg\" viewBox=\"0 0 30 32\"><path fill=\"#999\" d=\"M6.8 27.4h16v-4.6h-16v4.6zM6.8 16h16v-6.8h-2.8q-0.7 0-1.2-0.5t-0.5-1.2v-2.8h-11.4v11.4zM27.4 17.2q0-0.5-0.3-0.8t-0.8-0.4-0.8 0.4-0.3 0.8 0.3 0.8 0.8 0.3 0.8-0.3 0.3-0.8zM29.7 17.2v7.4q0 0.2-0.2 0.4t-0.4 0.2h-4v2.8q0 0.7-0.5 1.2t-1.2 0.5h-17.2q-0.7 0-1.2-0.5t-0.5-1.2v-2.8h-4q-0.2 0-0.4-0.2t-0.2-0.4v-7.4q0-1.4 1-2.4t2.4-1h1.2v-9.7q0-0.7 0.5-1.2t1.2-0.5h12q0.7 0 1.6 0.4t1.3 0.8l2.7 2.7q0.5 0.5 0.9 1.4t0.4 1.6v4.6h1.1q1.4 0 2.4 1t1 2.4z\"\/><\/svg><\/span><\/a><\/li><li class=\"shariff-button mailto shariff-nocustomcolor\" style=\"background-color:#a8a8a8;border-radius:1%\"><a href=\"mailto:?body=https%3A%2F%2Fwww.sonnenseite.com%2Fde%2Fpolitik%2Fkein-natur-und-klimaschutz-im-sondervermoegen%2F&subject=Kein%20Natur-%20und%20Klimaschutz%20im%20Sonderverm%C3%B6gen\" title=\"Per E-Mail versenden\" aria-label=\"Per E-Mail versenden\" role=\"button\" rel=\"noopener nofollow\" class=\"shariff-link\" style=\";border-radius:1%; background-color:#999; color:#fff\"><span class=\"shariff-icon\" style=\"\"><svg width=\"32px\" height=\"20px\" xmlns=\"http:\/\/www.w3.org\/2000\/svg\" viewBox=\"0 0 32 32\"><path fill=\"#999\" d=\"M32 12.7v14.2q0 1.2-0.8 2t-2 0.9h-26.3q-1.2 0-2-0.9t-0.8-2v-14.2q0.8 0.9 1.8 1.6 6.5 4.4 8.9 6.1 1 0.8 1.6 1.2t1.7 0.9 2 0.4h0.1q0.9 0 2-0.4t1.7-0.9 1.6-1.2q3-2.2 8.9-6.1 1-0.7 1.8-1.6zM32 7.4q0 1.4-0.9 2.7t-2.2 2.2q-6.7 4.7-8.4 5.8-0.2 0.1-0.7 0.5t-1 0.7-0.9 0.6-1.1 0.5-0.9 0.2h-0.1q-0.4 0-0.9-0.2t-1.1-0.5-0.9-0.6-1-0.7-0.7-0.5q-1.6-1.1-4.7-3.2t-3.6-2.6q-1.1-0.7-2.1-2t-1-2.5q0-1.4 0.7-2.3t2.1-0.9h26.3q1.2 0 2 0.8t0.9 2z\"\/><\/svg><\/span><\/a><\/li><\/ul><\/div>","protected":false},"excerpt":{"rendered":"<p>Deutsche Umwelthilfe fordert von Union und SPD zw\u00f6lf notwendige Investitionen. Union und SPD ignorieren Sicherheitsbedrohung durch [&hellip;]<\/p>\n","protected":false},"author":3,"featured_media":59844,"comment_status":"closed","ping_status":"closed","sticky":false,"template":"","format":"standard","meta":{"inline_featured_image":false,"footnotes":""},"categories":[21],"tags":[],"class_list":["post-105732","post","type-post","status-publish","format-standard","has-post-thumbnail","hentry","category-politik"],"yoast_head":"<!-- This site is optimized with the Yoast SEO plugin v26.5 - https:\/\/yoast.com\/wordpress\/plugins\/seo\/ -->\n<title>Kein Natur- und Klimaschutz im Sonderverm\u00f6gen - Sonnenseite - \u00d6kologische Kommunikation mit Franz Alt<\/title>\n<meta name=\"description\" content=\"Deutsche Umwelthilfe fordert von Union und SPD zw\u00f6lf notwendige Investitionen. Union und SPD ignorieren Sicherheitsbedrohung durch Klima- und\" \/>\n<meta name=\"robots\" content=\"index, follow, max-snippet:-1, max-image-preview:large, max-video-preview:-1\" \/>\n<link rel=\"canonical\" href=\"https:\/\/www.sonnenseite.com\/de\/politik\/kein-natur-und-klimaschutz-im-sondervermoegen\/\" \/>\n<meta property=\"og:locale\" content=\"de_DE\" \/>\n<meta property=\"og:type\" content=\"article\" \/>\n<meta property=\"og:title\" content=\"Kein Natur- und Klimaschutz im Sonderverm\u00f6gen - Sonnenseite - \u00d6kologische Kommunikation mit Franz Alt\" \/>\n<meta property=\"og:description\" content=\"Deutsche Umwelthilfe fordert von Union und SPD zw\u00f6lf notwendige Investitionen. Union und SPD ignorieren Sicherheitsbedrohung durch Klima- und\" \/>\n<meta property=\"og:url\" content=\"https:\/\/www.sonnenseite.com\/de\/politik\/kein-natur-und-klimaschutz-im-sondervermoegen\/\" \/>\n<meta property=\"og:site_name\" content=\"Sonnenseite\" \/>\n<meta property=\"article:publisher\" content=\"https:\/\/www.facebook.com\/pages\/Franz-Alt-SONNENSEITECOM\/221072987903953?fref=ts\" \/>\n<meta property=\"article:published_time\" content=\"2025-03-11T14:00:52+00:00\" \/>\n<meta property=\"article:modified_time\" content=\"2025-03-11T14:00:53+00:00\" \/>\n<meta property=\"og:image\" content=\"https:\/\/www.sonnenseite.com\/wp-content\/uploads\/2020\/07\/Schiene_AntoineBeauvillain.jpg\" \/>\n\t<meta property=\"og:image:width\" content=\"770\" \/>\n\t<meta property=\"og:image:height\" content=\"420\" \/>\n\t<meta property=\"og:image:type\" content=\"image\/jpeg\" \/>\n<meta name=\"author\" content=\"Bigi Alt\" \/>\n<meta name=\"twitter:card\" content=\"summary_large_image\" \/>\n<meta name=\"twitter:creator\" content=\"@franzalt\" \/>\n<meta name=\"twitter:site\" content=\"@franzalt\" \/>\n<meta name=\"twitter:label1\" content=\"Verfasst von\" \/>\n\t<meta name=\"twitter:data1\" content=\"Bigi Alt\" \/>\n\t<meta name=\"twitter:label2\" content=\"Gesch\u00e4tzte Lesezeit\" \/>\n\t<meta name=\"twitter:data2\" content=\"3\u00a0Minuten\" \/>\n<script type=\"application\/ld+json\" class=\"yoast-schema-graph\">{\"@context\":\"https:\/\/schema.org\",\"@graph\":[{\"@type\":\"Article\",\"@id\":\"https:\/\/www.sonnenseite.com\/de\/politik\/kein-natur-und-klimaschutz-im-sondervermoegen\/#article\",\"isPartOf\":{\"@id\":\"https:\/\/www.sonnenseite.com\/de\/politik\/kein-natur-und-klimaschutz-im-sondervermoegen\/\"},\"author\":{\"name\":\"Bigi Alt\",\"@id\":\"https:\/\/www.sonnenseite.com\/de\/#\/schema\/person\/50fda0e926597684c7cc6695238a4eb9\"},\"headline\":\"Kein Natur- und Klimaschutz im Sonderverm\u00f6gen\",\"datePublished\":\"2025-03-11T14:00:52+00:00\",\"dateModified\":\"2025-03-11T14:00:53+00:00\",\"mainEntityOfPage\":{\"@id\":\"https:\/\/www.sonnenseite.com\/de\/politik\/kein-natur-und-klimaschutz-im-sondervermoegen\/\"},\"wordCount\":561,\"publisher\":{\"@id\":\"https:\/\/www.sonnenseite.com\/de\/#organization\"},\"image\":{\"@id\":\"https:\/\/www.sonnenseite.com\/de\/politik\/kein-natur-und-klimaschutz-im-sondervermoegen\/#primaryimage\"},\"thumbnailUrl\":\"https:\/\/www.sonnenseite.com\/wp-content\/uploads\/2020\/07\/Schiene_AntoineBeauvillain.jpg\",\"articleSection\":[\"Politik\"],\"inLanguage\":\"de\"},{\"@type\":\"WebPage\",\"@id\":\"https:\/\/www.sonnenseite.com\/de\/politik\/kein-natur-und-klimaschutz-im-sondervermoegen\/\",\"url\":\"https:\/\/www.sonnenseite.com\/de\/politik\/kein-natur-und-klimaschutz-im-sondervermoegen\/\",\"name\":\"Kein Natur- und Klimaschutz im Sonderverm\u00f6gen - Sonnenseite - \u00d6kologische Kommunikation mit Franz Alt\",\"isPartOf\":{\"@id\":\"https:\/\/www.sonnenseite.com\/de\/#website\"},\"primaryImageOfPage\":{\"@id\":\"https:\/\/www.sonnenseite.com\/de\/politik\/kein-natur-und-klimaschutz-im-sondervermoegen\/#primaryimage\"},\"image\":{\"@id\":\"https:\/\/www.sonnenseite.com\/de\/politik\/kein-natur-und-klimaschutz-im-sondervermoegen\/#primaryimage\"},\"thumbnailUrl\":\"https:\/\/www.sonnenseite.com\/wp-content\/uploads\/2020\/07\/Schiene_AntoineBeauvillain.jpg\",\"datePublished\":\"2025-03-11T14:00:52+00:00\",\"dateModified\":\"2025-03-11T14:00:53+00:00\",\"description\":\"Deutsche Umwelthilfe fordert von Union und SPD zw\u00f6lf notwendige Investitionen. Union und SPD ignorieren Sicherheitsbedrohung durch Klima- und\",\"breadcrumb\":{\"@id\":\"https:\/\/www.sonnenseite.com\/de\/politik\/kein-natur-und-klimaschutz-im-sondervermoegen\/#breadcrumb\"},\"inLanguage\":\"de\",\"potentialAction\":[{\"@type\":\"ReadAction\",\"target\":[\"https:\/\/www.sonnenseite.com\/de\/politik\/kein-natur-und-klimaschutz-im-sondervermoegen\/\"]}]},{\"@type\":\"ImageObject\",\"inLanguage\":\"de\",\"@id\":\"https:\/\/www.sonnenseite.com\/de\/politik\/kein-natur-und-klimaschutz-im-sondervermoegen\/#primaryimage\",\"url\":\"https:\/\/www.sonnenseite.com\/wp-content\/uploads\/2020\/07\/Schiene_AntoineBeauvillain.jpg\",\"contentUrl\":\"https:\/\/www.sonnenseite.com\/wp-content\/uploads\/2020\/07\/Schiene_AntoineBeauvillain.jpg\",\"width\":770,\"height\":420,\"caption\":\"unsplash.com | Antoine Beauvillain\"},{\"@type\":\"BreadcrumbList\",\"@id\":\"https:\/\/www.sonnenseite.com\/de\/politik\/kein-natur-und-klimaschutz-im-sondervermoegen\/#breadcrumb\",\"itemListElement\":[{\"@type\":\"ListItem\",\"position\":1,\"name\":\"Startseite\",\"item\":\"https:\/\/www.sonnenseite.com\/de\/\"},{\"@type\":\"ListItem\",\"position\":2,\"name\":\"Kein Natur- und Klimaschutz im Sonderverm\u00f6gen\"}]},{\"@type\":\"WebSite\",\"@id\":\"https:\/\/www.sonnenseite.com\/de\/#website\",\"url\":\"https:\/\/www.sonnenseite.com\/de\/\",\"name\":\"Sonnenseite\",\"description\":\"\u00d6kologische Kommunikation mit Franz Alt\",\"publisher\":{\"@id\":\"https:\/\/www.sonnenseite.com\/de\/#organization\"},\"potentialAction\":[{\"@type\":\"SearchAction\",\"target\":{\"@type\":\"EntryPoint\",\"urlTemplate\":\"https:\/\/www.sonnenseite.com\/de\/?s={search_term_string}\"},\"query-input\":{\"@type\":\"PropertyValueSpecification\",\"valueRequired\":true,\"valueName\":\"search_term_string\"}}],\"inLanguage\":\"de\"},{\"@type\":\"Organization\",\"@id\":\"https:\/\/www.sonnenseite.com\/de\/#organization\",\"name\":\"Sonnenseite\",\"url\":\"https:\/\/www.sonnenseite.com\/de\/\",\"logo\":{\"@type\":\"ImageObject\",\"inLanguage\":\"de\",\"@id\":\"https:\/\/www.sonnenseite.com\/de\/#\/schema\/logo\/image\/\",\"url\":\"https:\/\/www.sonnenseite.com\/wp-content\/uploads\/2020\/05\/Sonnenseite_Logo.png\",\"contentUrl\":\"https:\/\/www.sonnenseite.com\/wp-content\/uploads\/2020\/05\/Sonnenseite_Logo.png\",\"width\":377,\"height\":90,\"caption\":\"Sonnenseite\"},\"image\":{\"@id\":\"https:\/\/www.sonnenseite.com\/de\/#\/schema\/logo\/image\/\"},\"sameAs\":[\"https:\/\/www.facebook.com\/pages\/Franz-Alt-SONNENSEITECOM\/221072987903953?fref=ts\",\"https:\/\/x.com\/franzalt\",\"http:\/\/www.youtube.com\/results?search_query&amp;amp;quot;franz_alt&amp;amp;quot;&amp;amp;amp;amp;search_type&amp;amp;amp;amp;aq=f\"]},{\"@type\":\"Person\",\"@id\":\"https:\/\/www.sonnenseite.com\/de\/#\/schema\/person\/50fda0e926597684c7cc6695238a4eb9\",\"name\":\"Bigi Alt\"}]}<\/script>\n<!-- \/ Yoast SEO plugin. -->","yoast_head_json":{"title":"Kein Natur- und Klimaschutz im Sonderverm\u00f6gen - Sonnenseite - \u00d6kologische Kommunikation mit Franz Alt","description":"Deutsche Umwelthilfe fordert von Union und SPD zw\u00f6lf notwendige Investitionen. Union und SPD ignorieren Sicherheitsbedrohung durch Klima- und","robots":{"index":"index","follow":"follow","max-snippet":"max-snippet:-1","max-image-preview":"max-image-preview:large","max-video-preview":"max-video-preview:-1"},"canonical":"https:\/\/www.sonnenseite.com\/de\/politik\/kein-natur-und-klimaschutz-im-sondervermoegen\/","og_locale":"de_DE","og_type":"article","og_title":"Kein Natur- und Klimaschutz im Sonderverm\u00f6gen - Sonnenseite - \u00d6kologische Kommunikation mit Franz Alt","og_description":"Deutsche Umwelthilfe fordert von Union und SPD zw\u00f6lf notwendige Investitionen. Union und SPD ignorieren Sicherheitsbedrohung durch Klima- und","og_url":"https:\/\/www.sonnenseite.com\/de\/politik\/kein-natur-und-klimaschutz-im-sondervermoegen\/","og_site_name":"Sonnenseite","article_publisher":"https:\/\/www.facebook.com\/pages\/Franz-Alt-SONNENSEITECOM\/221072987903953?fref=ts","article_published_time":"2025-03-11T14:00:52+00:00","article_modified_time":"2025-03-11T14:00:53+00:00","og_image":[{"width":770,"height":420,"url":"https:\/\/www.sonnenseite.com\/wp-content\/uploads\/2020\/07\/Schiene_AntoineBeauvillain.jpg","type":"image\/jpeg"}],"author":"Bigi Alt","twitter_card":"summary_large_image","twitter_creator":"@franzalt","twitter_site":"@franzalt","twitter_misc":{"Verfasst von":"Bigi Alt","Gesch\u00e4tzte Lesezeit":"3\u00a0Minuten"},"schema":{"@context":"https:\/\/schema.org","@graph":[{"@type":"Article","@id":"https:\/\/www.sonnenseite.com\/de\/politik\/kein-natur-und-klimaschutz-im-sondervermoegen\/#article","isPartOf":{"@id":"https:\/\/www.sonnenseite.com\/de\/politik\/kein-natur-und-klimaschutz-im-sondervermoegen\/"},"author":{"name":"Bigi Alt","@id":"https:\/\/www.sonnenseite.com\/de\/#\/schema\/person\/50fda0e926597684c7cc6695238a4eb9"},"headline":"Kein Natur- und Klimaschutz im Sonderverm\u00f6gen","datePublished":"2025-03-11T14:00:52+00:00","dateModified":"2025-03-11T14:00:53+00:00","mainEntityOfPage":{"@id":"https:\/\/www.sonnenseite.com\/de\/politik\/kein-natur-und-klimaschutz-im-sondervermoegen\/"},"wordCount":561,"publisher":{"@id":"https:\/\/www.sonnenseite.com\/de\/#organization"},"image":{"@id":"https:\/\/www.sonnenseite.com\/de\/politik\/kein-natur-und-klimaschutz-im-sondervermoegen\/#primaryimage"},"thumbnailUrl":"https:\/\/www.sonnenseite.com\/wp-content\/uploads\/2020\/07\/Schiene_AntoineBeauvillain.jpg","articleSection":["Politik"],"inLanguage":"de"},{"@type":"WebPage","@id":"https:\/\/www.sonnenseite.com\/de\/politik\/kein-natur-und-klimaschutz-im-sondervermoegen\/","url":"https:\/\/www.sonnenseite.com\/de\/politik\/kein-natur-und-klimaschutz-im-sondervermoegen\/","name":"Kein Natur- und Klimaschutz im Sonderverm\u00f6gen - Sonnenseite - \u00d6kologische Kommunikation mit Franz Alt","isPartOf":{"@id":"https:\/\/www.sonnenseite.com\/de\/#website"},"primaryImageOfPage":{"@id":"https:\/\/www.sonnenseite.com\/de\/politik\/kein-natur-und-klimaschutz-im-sondervermoegen\/#primaryimage"},"image":{"@id":"https:\/\/www.sonnenseite.com\/de\/politik\/kein-natur-und-klimaschutz-im-sondervermoegen\/#primaryimage"},"thumbnailUrl":"https:\/\/www.sonnenseite.com\/wp-content\/uploads\/2020\/07\/Schiene_AntoineBeauvillain.jpg","datePublished":"2025-03-11T14:00:52+00:00","dateModified":"2025-03-11T14:00:53+00:00","description":"Deutsche Umwelthilfe fordert von Union und SPD zw\u00f6lf notwendige Investitionen. Union und SPD ignorieren Sicherheitsbedrohung durch Klima- und","breadcrumb":{"@id":"https:\/\/www.sonnenseite.com\/de\/politik\/kein-natur-und-klimaschutz-im-sondervermoegen\/#breadcrumb"},"inLanguage":"de","potentialAction":[{"@type":"ReadAction","target":["https:\/\/www.sonnenseite.com\/de\/politik\/kein-natur-und-klimaschutz-im-sondervermoegen\/"]}]},{"@type":"ImageObject","inLanguage":"de","@id":"https:\/\/www.sonnenseite.com\/de\/politik\/kein-natur-und-klimaschutz-im-sondervermoegen\/#primaryimage","url":"https:\/\/www.sonnenseite.com\/wp-content\/uploads\/2020\/07\/Schiene_AntoineBeauvillain.jpg","contentUrl":"https:\/\/www.sonnenseite.com\/wp-content\/uploads\/2020\/07\/Schiene_AntoineBeauvillain.jpg","width":770,"height":420,"caption":"unsplash.com | Antoine Beauvillain"},{"@type":"BreadcrumbList","@id":"https:\/\/www.sonnenseite.com\/de\/politik\/kein-natur-und-klimaschutz-im-sondervermoegen\/#breadcrumb","itemListElement":[{"@type":"ListItem","position":1,"name":"Startseite","item":"https:\/\/www.sonnenseite.com\/de\/"},{"@type":"ListItem","position":2,"name":"Kein Natur- und Klimaschutz im Sonderverm\u00f6gen"}]},{"@type":"WebSite","@id":"https:\/\/www.sonnenseite.com\/de\/#website","url":"https:\/\/www.sonnenseite.com\/de\/","name":"Sonnenseite","description":"\u00d6kologische Kommunikation mit Franz Alt","publisher":{"@id":"https:\/\/www.sonnenseite.com\/de\/#organization"},"potentialAction":[{"@type":"SearchAction","target":{"@type":"EntryPoint","urlTemplate":"https:\/\/www.sonnenseite.com\/de\/?s={search_term_string}"},"query-input":{"@type":"PropertyValueSpecification","valueRequired":true,"valueName":"search_term_string"}}],"inLanguage":"de"},{"@type":"Organization","@id":"https:\/\/www.sonnenseite.com\/de\/#organization","name":"Sonnenseite","url":"https:\/\/www.sonnenseite.com\/de\/","logo":{"@type":"ImageObject","inLanguage":"de","@id":"https:\/\/www.sonnenseite.com\/de\/#\/schema\/logo\/image\/","url":"https:\/\/www.sonnenseite.com\/wp-content\/uploads\/2020\/05\/Sonnenseite_Logo.png","contentUrl":"https:\/\/www.sonnenseite.com\/wp-content\/uploads\/2020\/05\/Sonnenseite_Logo.png","width":377,"height":90,"caption":"Sonnenseite"},"image":{"@id":"https:\/\/www.sonnenseite.com\/de\/#\/schema\/logo\/image\/"},"sameAs":["https:\/\/www.facebook.com\/pages\/Franz-Alt-SONNENSEITECOM\/221072987903953?fref=ts","https:\/\/x.com\/franzalt","http:\/\/www.youtube.com\/results?search_query&amp;amp;quot;franz_alt&amp;amp;quot;&amp;amp;amp;amp;search_type&amp;amp;amp;amp;aq=f"]},{"@type":"Person","@id":"https:\/\/www.sonnenseite.com\/de\/#\/schema\/person\/50fda0e926597684c7cc6695238a4eb9","name":"Bigi Alt"}]}},"_links":{"self":[{"href":"https:\/\/www.sonnenseite.com\/de\/wp-json\/wp\/v2\/posts\/105732","targetHints":{"allow":["GET"]}}],"collection":[{"href":"https:\/\/www.sonnenseite.com\/de\/wp-json\/wp\/v2\/posts"}],"about":[{"href":"https:\/\/www.sonnenseite.com\/de\/wp-json\/wp\/v2\/types\/post"}],"author":[{"embeddable":true,"href":"https:\/\/www.sonnenseite.com\/de\/wp-json\/wp\/v2\/users\/3"}],"replies":[{"embeddable":true,"href":"https:\/\/www.sonnenseite.com\/de\/wp-json\/wp\/v2\/comments?post=105732"}],"version-history":[{"count":1,"href":"https:\/\/www.sonnenseite.com\/de\/wp-json\/wp\/v2\/posts\/105732\/revisions"}],"predecessor-version":[{"id":105733,"href":"https:\/\/www.sonnenseite.com\/de\/wp-json\/wp\/v2\/posts\/105732\/revisions\/105733"}],"wp:featuredmedia":[{"embeddable":true,"href":"https:\/\/www.sonnenseite.com\/de\/wp-json\/wp\/v2\/media\/59844"}],"wp:attachment":[{"href":"https:\/\/www.sonnenseite.com\/de\/wp-json\/wp\/v2\/media?parent=105732"}],"wp:term":[{"taxonomy":"category","embeddable":true,"href":"https:\/\/www.sonnenseite.com\/de\/wp-json\/wp\/v2\/categories?post=105732"},{"taxonomy":"post_tag","embeddable":true,"href":"https:\/\/www.sonnenseite.com\/de\/wp-json\/wp\/v2\/tags?post=105732"}],"curies":[{"name":"wp","href":"https:\/\/api.w.org\/{rel}","templated":true}]}}