{"id":105759,"date":"2025-03-12T16:17:34","date_gmt":"2025-03-12T15:17:34","guid":{"rendered":"https:\/\/www.sonnenseite.com\/?p=105759"},"modified":"2025-03-30T10:14:05","modified_gmt":"2025-03-30T08:14:05","slug":"leistung-von-solarmodulen-oft-zu-hoch-angegeben","status":"publish","type":"post","link":"https:\/\/www.sonnenseite.com\/de\/energie\/leistung-von-solarmodulen-oft-zu-hoch-angegeben\/","title":{"rendered":"Leistung von Solarmodulen oft zu hoch angegeben"},"content":{"rendered":"\n<p>Die Leistung von PV-Modulen entspricht oft nicht den Herstellerangaben. Nach Messungen des Fraunhofer ISE liegt die Minderleistung im Jahr 2024 bei 1,3 Prozent.<\/p>\n\n\n\n<p>Ein Forschungsteam des Fraunhofer-Instituts f\u00fcr Solare Energiesysteme ISE hat \u00fcber 70.000 Leistungsmessungen an Photovoltaik-Modulen ausgewertet, die im Kalibrierlabor des Instituts, CalLab PV Modules, seit 2012 durchgef\u00fchrt wurden. Dabei stellten die Forschenden fest, dass seit etwa 2017 die negative Diskrepanz zwischen der Leistungsangabe der PV-Modulhersteller und den Messergebnissen des Forschungsinstituts ansteigt. Bis zum Jahr 2016 wurde im Labor im Durchschnitt mehr Leistung gemessen als vom Hersteller versprochen. Seither ist ein negativer Trend zu erkennen, der sich insbesondere in den Jahren 2020 bis 2023 abzeichnet und zu einer durchschnittlichen Minderleistung von etwa 1,3 Prozent f\u00fchrte. Neueste Daten aus dem Jahr 2024 zeigen eine leichte Trendwende.<\/p>\n\n\n<div class=\"wp-block-image\">\n<figure class=\"alignleft size-full is-resized\"><a href=\"https:\/\/www.sonnenseite.com\/wp-content\/uploads\/2025\/03\/FraunhoferISE-Leistungsmessungen.png\"><img loading=\"lazy\" decoding=\"async\" width=\"674\" height=\"668\" src=\"https:\/\/www.sonnenseite.com\/wp-content\/uploads\/2025\/03\/FraunhoferISE-Leistungsmessungen.png\" alt=\"\" class=\"wp-image-105760\" style=\"width:406px;height:auto\" srcset=\"https:\/\/www.sonnenseite.com\/wp-content\/uploads\/2025\/03\/FraunhoferISE-Leistungsmessungen.png 674w, https:\/\/www.sonnenseite.com\/wp-content\/uploads\/2025\/03\/FraunhoferISE-Leistungsmessungen-300x297.png 300w, https:\/\/www.sonnenseite.com\/wp-content\/uploads\/2025\/03\/FraunhoferISE-Leistungsmessungen-150x150.png 150w\" sizes=\"auto, (max-width: 674px) 100vw, 674px\" \/><\/a><figcaption class=\"wp-element-caption\">\u00a9 Fraunhofer ISE | Bis zum Jahr 2016 wurde im Labor des Fraunhofer ISE im Durchschnitt mehr Leistung gemessen als vom Hersteller versprochen. Seither ist ein negativer Trend zu erkennen, der sich insbesondere in den Jahren 2020 bis 2023 abzeichnet.<\/figcaption><\/figure>\n<\/div>\n\n\n<p>Das CalLab PV Modules des Fraunhofer ISE untersuchte seit 2012 \u00fcber 70.000 Solarmodule. F\u00fcr eine \u00fcbergreifende \u00dcberpr\u00fcfung der Leistungskonformit\u00e4t griffen Wissenschaftlerinnen und Wissenschaftler des Instituts auf diesen umfangreichen Datensatz zur\u00fcck und analysierten 1034 der gesammelten Leistungsmessungen, die von monokristallinen Silizium PV-Modulen unter standardisierten Bedingungen erstellt wurden.<\/p>\n\n\n\n<p>Die Analyse der Leistungsmessungen von PV-Modulen zeigte, dass von 2012 bis 2016 Messabweichungen im \u00fcblichen Bereich existierten, der Unterschied lag im Durchschnitt stets unter einem Prozent. Insbesondere wurden h\u00e4ufig auch positive Abweichungen gemessen. Im Jahr 2016 lag der Unterschied zwischen den Leistungsangaben des Herstellers und der gemessenen Leistung im Labor des Instituts bei durchschnittlich 0,6 Prozent. \u00bbSeitdem zeigen die Daten einen negativen Trend\u00ab, sagte Daniel Phillip, Leiter der Abteilung Modulcharakterisierung und Zuverl\u00e4ssigkeit am Fraunhofer ISE. \u00bbF\u00fcr das Jahr 2023 gipfelte das in einer negativen Abweichung zwischen Hersteller-Angabe und unserer \u00dcberpr\u00fcfung von etwa 1,3 Prozent. Eine positive Abweichung wurde so gut wie nicht mehr beobachtet.\u00ab<\/p>\n\n\n\n<p>Bereits letztes Jahr ver\u00f6ffentlichten die Wissenschaftlerinnen und Wissenschaftler eine Statistik zur angegebenen und im Labor gemessenen Leistung. Im Rahmen des 40. PV-Symposiums diese Woche in Bad Staffelstein stellen sie aktualisierte Daten zur Leistungskonformit\u00e4t vor, die nun auch die erhobenen Daten aus 2024 beinhalten. \u00bbIm Jahr 2024 beobachten wir eine leichte Trendwende, aber immer noch im Mittel starke negative Abweichungen von 1,2 Prozent\u00ab, erkl\u00e4rte Daniel Philipp. Dies k\u00f6nnte ein Hinweis darauf sein, dass die Herstellerfirmen die Tendenz zu \u00bboptimistischen\u00ab Leistungsangaben als Problem erkannt haben. \u00bbWenn wir davon ausgehen, dass unsere Daten repr\u00e4sentativ f\u00fcr den deutschen Installationsmarkt sind, entspricht eine durchschnittliche Minderleistung von 1,2 Prozent bei einem Zubau von 16,2 Gigawatt im Jahr 2024 einer Gesamtleistung von etwa 195 Megawatt.\u00ab Dies entspricht der Nennleistung von einem der gr\u00f6\u00dften Solarparks in Deutschland.&nbsp;<\/p>\n\n\n\n<p>\u00bbDie Erkenntnisse machen auch deutlich, wie wichtig eine verl\u00e4ssliche, kontinuierliche und unabh\u00e4ngige Infrastruktur zur Qualit\u00e4ts\u00fcberpr\u00fcfung von PV-Modulen ist\u00ab, sagte Prof. Andreas Bett, Institutsleiter am Fraunhofer ISE, \u00bbgerade auch dann, wenn f\u00fcr den deutschen und europ\u00e4ischen PV-Markt eine \u00fcber &nbsp;90-prozentige Importabh\u00e4ngigkeit bei den PV-Komponenten vorliegt.\u00ab<\/p>\n\n\n\n<p>Die Daten wurden f\u00fcr die Auswertung nach geeigneten Kriterien gefiltert. Zun\u00e4chst entfernten die Wissenschaftlerinnen und Wissenschaftler inkonsistente Daten, beispielweise Module ohne Seriennummer, Typenbezeichnung, defekte Module und Module ohne Nominalwert. Danach wurden weitere Filter angewendet, die statistische Verzerrungen zum Beispiel aufgrund der unterschiedlichen Pr\u00fcfmusteranzahl je Messkampagne des gleichen Projekts und Typs ausschlie\u00dfen und die sicherstellen, dass nur Messdaten von neuwertigen Modulen in die Auswertung flossen.<\/p>\n\n\n\n<p>Um ein Ergebnis zu erzielen, dass vor allem repr\u00e4sentativ f\u00fcr Modulabnehmer ist, wurden dar\u00fcber hinaus nur Daten aus Projekten betrachtet, bei denen der Auftraggeber und der Hersteller nicht \u00fcbereinstimmen. Au\u00dferdem wurden nur Modulhersteller in die Betrachtung einbezogen, die im jeweiligen Betrachtungsjahr zu den Top 10 Herstellen geh\u00f6rten, sodass insgesamt Module von 15 Herstellern in die Auswertung einflossen.<\/p>\n\n\n\n<p>Dank umfassender Ma\u00dfnahmen zur Qualit\u00e4tssicherung kann das CalLab PV Modules des Fraunhofer ISE ein stabiles Kalibrierniveau \u00fcber viele Jahre nachweisen, was sich auch in regelm\u00e4\u00dfigen <a href=\"https:\/\/www.ise.fraunhofer.de\/de\/presse-und-medien\/presseinformationen\/2023\/fraunhofer-ise-und-physikalisch-technische-bundesanstalt-beweisen-hohe-uebereinstimmung-beim-vermessen-von-pv-modulen.html\">Ringvergleichen<\/a> zeigt. Nur dadurch k\u00f6nnen robuste Schlussfolgerungen aus solchen statistischen Langzeitbeobachtungen gezogen werden.&nbsp;&nbsp;<\/p>\n\n\n<h5 class=\"green\">Quelle<\/h5>\r\n\n\n\n<p><a href=\"https:\/\/www.ise.fraunhofer.de\/de\/presse-und-medien\/presseinformationen\/2025\/leistung-von-solarmodulen-oft-zu-hoch-angegeben.html\">Fraunhofer ISE 2025<\/a><\/p>\n<div class=\"shariff shariff-align-flex-start shariff-widget-align-flex-start\"><div class=\"ShariffHeadline\">Diese Meldung teilen<\/div><ul class=\"shariff-buttons theme-round orientation-horizontal buttonsize-medium\"><li class=\"shariff-button facebook shariff-nocustomcolor\" style=\"background-color:#4273c8;border-radius:1%\"><a href=\"https:\/\/www.facebook.com\/sharer\/sharer.php?u=https%3A%2F%2Fwww.sonnenseite.com%2Fde%2Fenergie%2Fleistung-von-solarmodulen-oft-zu-hoch-angegeben%2F\" title=\"Bei Facebook teilen\" aria-label=\"Bei Facebook teilen\" role=\"button\" rel=\"nofollow\" class=\"shariff-link\" style=\";border-radius:1%; background-color:#3b5998; color:#fff\" target=\"_blank\"><span class=\"shariff-icon\" style=\"\"><svg width=\"32px\" height=\"20px\" xmlns=\"http:\/\/www.w3.org\/2000\/svg\" viewBox=\"0 0 18 32\"><path fill=\"#3b5998\" d=\"M17.1 0.2v4.7h-2.8q-1.5 0-2.1 0.6t-0.5 1.9v3.4h5.2l-0.7 5.3h-4.5v13.6h-5.5v-13.6h-4.5v-5.3h4.5v-3.9q0-3.3 1.9-5.2t5-1.8q2.6 0 4.1 0.2z\"\/><\/svg><\/span><\/a><\/li><li class=\"shariff-button twitter shariff-nocustomcolor\" style=\"background-color:#595959;border-radius:1%\"><a href=\"https:\/\/twitter.com\/share?url=https%3A%2F%2Fwww.sonnenseite.com%2Fde%2Fenergie%2Fleistung-von-solarmodulen-oft-zu-hoch-angegeben%2F&text=Leistung%20von%20Solarmodulen%20oft%20zu%20hoch%20angegeben\" title=\"Bei X teilen\" aria-label=\"Bei X teilen\" role=\"button\" rel=\"noopener nofollow\" class=\"shariff-link\" style=\";border-radius:1%; background-color:#000; color:#fff\" target=\"_blank\"><span class=\"shariff-icon\" style=\"\"><svg width=\"32px\" height=\"20px\" xmlns=\"http:\/\/www.w3.org\/2000\/svg\" viewBox=\"0 0 24 24\"><path fill=\"#000\" d=\"M14.258 10.152L23.176 0h-2.113l-7.747 8.813L7.133 0H0l9.352 13.328L0 23.973h2.113l8.176-9.309 6.531 9.309h7.133zm-2.895 3.293l-.949-1.328L2.875 1.56h3.246l6.086 8.523.945 1.328 7.91 11.078h-3.246zm0 0\"\/><\/svg><\/span><\/a><\/li><li class=\"shariff-button xing shariff-nocustomcolor\" style=\"background-color:#29888a;border-radius:1%\"><a href=\"https:\/\/www.xing.com\/spi\/shares\/new?url=https%3A%2F%2Fwww.sonnenseite.com%2Fde%2Fenergie%2Fleistung-von-solarmodulen-oft-zu-hoch-angegeben%2F\" title=\"Bei XING teilen\" aria-label=\"Bei XING teilen\" role=\"button\" rel=\"noopener nofollow\" class=\"shariff-link\" style=\";border-radius:1%; background-color:#126567; color:#fff\" target=\"_blank\"><span class=\"shariff-icon\" style=\"\"><svg width=\"32px\" height=\"20px\" xmlns=\"http:\/\/www.w3.org\/2000\/svg\" viewBox=\"0 0 25 32\"><path fill=\"#126567\" d=\"M10.7 11.9q-0.2 0.3-4.6 8.2-0.5 0.8-1.2 0.8h-4.3q-0.4 0-0.5-0.3t0-0.6l4.5-8q0 0 0 0l-2.9-5q-0.2-0.4 0-0.7 0.2-0.3 0.5-0.3h4.3q0.7 0 1.2 0.8zM25.1 0.4q0.2 0.3 0 0.7l-9.4 16.7 6 11q0.2 0.4 0 0.6-0.2 0.3-0.6 0.3h-4.3q-0.7 0-1.2-0.8l-6-11.1q0.3-0.6 9.5-16.8 0.4-0.8 1.2-0.8h4.3q0.4 0 0.5 0.3z\"\/><\/svg><\/span><\/a><\/li><li class=\"shariff-button linkedin shariff-nocustomcolor\" style=\"background-color:#1488bf;border-radius:1%\"><a href=\"https:\/\/www.linkedin.com\/sharing\/share-offsite\/?url=https%3A%2F%2Fwww.sonnenseite.com%2Fde%2Fenergie%2Fleistung-von-solarmodulen-oft-zu-hoch-angegeben%2F\" title=\"Bei LinkedIn teilen\" aria-label=\"Bei LinkedIn teilen\" role=\"button\" rel=\"noopener nofollow\" class=\"shariff-link\" style=\";border-radius:1%; background-color:#0077b5; color:#fff\" target=\"_blank\"><span class=\"shariff-icon\" style=\"\"><svg width=\"32px\" height=\"20px\" xmlns=\"http:\/\/www.w3.org\/2000\/svg\" viewBox=\"0 0 27 32\"><path fill=\"#0077b5\" d=\"M6.2 11.2v17.7h-5.9v-17.7h5.9zM6.6 5.7q0 1.3-0.9 2.2t-2.4 0.9h0q-1.5 0-2.4-0.9t-0.9-2.2 0.9-2.2 2.4-0.9 2.4 0.9 0.9 2.2zM27.4 18.7v10.1h-5.9v-9.5q0-1.9-0.7-2.9t-2.3-1.1q-1.1 0-1.9 0.6t-1.2 1.5q-0.2 0.5-0.2 1.4v9.9h-5.9q0-7.1 0-11.6t0-5.3l0-0.9h5.9v2.6h0q0.4-0.6 0.7-1t1-0.9 1.6-0.8 2-0.3q3 0 4.9 2t1.9 6z\"\/><\/svg><\/span><\/a><\/li><li class=\"shariff-button printer shariff-nocustomcolor\" style=\"background-color:#a8a8a8;border-radius:1%\"><a href=\"javascript:window.print()\" title=\"drucken\" aria-label=\"drucken\" role=\"button\" rel=\"noopener nofollow\" class=\"shariff-link\" style=\";border-radius:1%; background-color:#999; color:#fff\"><span class=\"shariff-icon\" style=\"\"><svg width=\"32px\" height=\"20px\" xmlns=\"http:\/\/www.w3.org\/2000\/svg\" viewBox=\"0 0 30 32\"><path fill=\"#999\" d=\"M6.8 27.4h16v-4.6h-16v4.6zM6.8 16h16v-6.8h-2.8q-0.7 0-1.2-0.5t-0.5-1.2v-2.8h-11.4v11.4zM27.4 17.2q0-0.5-0.3-0.8t-0.8-0.4-0.8 0.4-0.3 0.8 0.3 0.8 0.8 0.3 0.8-0.3 0.3-0.8zM29.7 17.2v7.4q0 0.2-0.2 0.4t-0.4 0.2h-4v2.8q0 0.7-0.5 1.2t-1.2 0.5h-17.2q-0.7 0-1.2-0.5t-0.5-1.2v-2.8h-4q-0.2 0-0.4-0.2t-0.2-0.4v-7.4q0-1.4 1-2.4t2.4-1h1.2v-9.7q0-0.7 0.5-1.2t1.2-0.5h12q0.7 0 1.6 0.4t1.3 0.8l2.7 2.7q0.5 0.5 0.9 1.4t0.4 1.6v4.6h1.1q1.4 0 2.4 1t1 2.4z\"\/><\/svg><\/span><\/a><\/li><li class=\"shariff-button mailto shariff-nocustomcolor\" style=\"background-color:#a8a8a8;border-radius:1%\"><a href=\"mailto:?body=https%3A%2F%2Fwww.sonnenseite.com%2Fde%2Fenergie%2Fleistung-von-solarmodulen-oft-zu-hoch-angegeben%2F&subject=Leistung%20von%20Solarmodulen%20oft%20zu%20hoch%20angegeben\" title=\"Per E-Mail versenden\" aria-label=\"Per E-Mail versenden\" role=\"button\" rel=\"noopener nofollow\" class=\"shariff-link\" style=\";border-radius:1%; background-color:#999; color:#fff\"><span class=\"shariff-icon\" style=\"\"><svg width=\"32px\" height=\"20px\" xmlns=\"http:\/\/www.w3.org\/2000\/svg\" viewBox=\"0 0 32 32\"><path fill=\"#999\" d=\"M32 12.7v14.2q0 1.2-0.8 2t-2 0.9h-26.3q-1.2 0-2-0.9t-0.8-2v-14.2q0.8 0.9 1.8 1.6 6.5 4.4 8.9 6.1 1 0.8 1.6 1.2t1.7 0.9 2 0.4h0.1q0.9 0 2-0.4t1.7-0.9 1.6-1.2q3-2.2 8.9-6.1 1-0.7 1.8-1.6zM32 7.4q0 1.4-0.9 2.7t-2.2 2.2q-6.7 4.7-8.4 5.8-0.2 0.1-0.7 0.5t-1 0.7-0.9 0.6-1.1 0.5-0.9 0.2h-0.1q-0.4 0-0.9-0.2t-1.1-0.5-0.9-0.6-1-0.7-0.7-0.5q-1.6-1.1-4.7-3.2t-3.6-2.6q-1.1-0.7-2.1-2t-1-2.5q0-1.4 0.7-2.3t2.1-0.9h26.3q1.2 0 2 0.8t0.9 2z\"\/><\/svg><\/span><\/a><\/li><\/ul><\/div>","protected":false},"excerpt":{"rendered":"<p>Die Leistung von PV-Modulen entspricht oft nicht den Herstellerangaben. Nach Messungen des Fraunhofer ISE liegt die [&hellip;]<\/p>\n","protected":false},"author":3,"featured_media":17254,"comment_status":"closed","ping_status":"closed","sticky":false,"template":"","format":"standard","meta":{"inline_featured_image":false,"footnotes":""},"categories":[22],"tags":[],"class_list":["post-105759","post","type-post","status-publish","format-standard","has-post-thumbnail","hentry","category-energie"],"yoast_head":"<!-- This site is optimized with the Yoast SEO plugin v26.5 - https:\/\/yoast.com\/wordpress\/plugins\/seo\/ -->\n<title>Leistung von Solarmodulen oft zu hoch angegeben - Sonnenseite - \u00d6kologische Kommunikation mit Franz Alt<\/title>\n<meta name=\"description\" content=\"Die Leistung von PV-Modulen entspricht oft nicht den Herstellerangaben. Nach Messungen des Fraunhofer ISE liegt die Minderleistung im Jahr 2024 bei 1,3\" \/>\n<meta name=\"robots\" content=\"index, follow, max-snippet:-1, max-image-preview:large, max-video-preview:-1\" \/>\n<link rel=\"canonical\" href=\"https:\/\/www.sonnenseite.com\/de\/energie\/leistung-von-solarmodulen-oft-zu-hoch-angegeben\/\" \/>\n<meta property=\"og:locale\" content=\"de_DE\" \/>\n<meta property=\"og:type\" content=\"article\" \/>\n<meta property=\"og:title\" content=\"Leistung von Solarmodulen oft zu hoch angegeben - Sonnenseite - \u00d6kologische Kommunikation mit Franz Alt\" \/>\n<meta property=\"og:description\" content=\"Die Leistung von PV-Modulen entspricht oft nicht den Herstellerangaben. Nach Messungen des Fraunhofer ISE liegt die Minderleistung im Jahr 2024 bei 1,3\" \/>\n<meta property=\"og:url\" content=\"https:\/\/www.sonnenseite.com\/de\/energie\/leistung-von-solarmodulen-oft-zu-hoch-angegeben\/\" \/>\n<meta property=\"og:site_name\" content=\"Sonnenseite\" \/>\n<meta property=\"article:publisher\" content=\"https:\/\/www.facebook.com\/pages\/Franz-Alt-SONNENSEITECOM\/221072987903953?fref=ts\" \/>\n<meta property=\"article:published_time\" content=\"2025-03-12T15:17:34+00:00\" \/>\n<meta property=\"article:modified_time\" content=\"2025-03-30T08:14:05+00:00\" \/>\n<meta property=\"og:image\" content=\"https:\/\/www.sonnenseite.com\/wp-content\/uploads\/2018\/06\/Solarmodul_Schatten_gilas.jpg\" \/>\n\t<meta property=\"og:image:width\" content=\"770\" \/>\n\t<meta property=\"og:image:height\" content=\"420\" \/>\n\t<meta property=\"og:image:type\" content=\"image\/jpeg\" \/>\n<meta name=\"author\" content=\"Bigi Alt\" \/>\n<meta name=\"twitter:card\" content=\"summary_large_image\" \/>\n<meta name=\"twitter:creator\" content=\"@franzalt\" \/>\n<meta name=\"twitter:site\" content=\"@franzalt\" \/>\n<meta name=\"twitter:label1\" content=\"Verfasst von\" \/>\n\t<meta name=\"twitter:data1\" content=\"Bigi Alt\" \/>\n\t<meta name=\"twitter:label2\" content=\"Gesch\u00e4tzte Lesezeit\" \/>\n\t<meta name=\"twitter:data2\" content=\"5\u00a0Minuten\" \/>\n<script type=\"application\/ld+json\" class=\"yoast-schema-graph\">{\"@context\":\"https:\/\/schema.org\",\"@graph\":[{\"@type\":\"Article\",\"@id\":\"https:\/\/www.sonnenseite.com\/de\/energie\/leistung-von-solarmodulen-oft-zu-hoch-angegeben\/#article\",\"isPartOf\":{\"@id\":\"https:\/\/www.sonnenseite.com\/de\/energie\/leistung-von-solarmodulen-oft-zu-hoch-angegeben\/\"},\"author\":{\"name\":\"Bigi Alt\",\"@id\":\"https:\/\/www.sonnenseite.com\/de\/#\/schema\/person\/50fda0e926597684c7cc6695238a4eb9\"},\"headline\":\"Leistung von Solarmodulen oft zu hoch angegeben\",\"datePublished\":\"2025-03-12T15:17:34+00:00\",\"dateModified\":\"2025-03-30T08:14:05+00:00\",\"mainEntityOfPage\":{\"@id\":\"https:\/\/www.sonnenseite.com\/de\/energie\/leistung-von-solarmodulen-oft-zu-hoch-angegeben\/\"},\"wordCount\":666,\"publisher\":{\"@id\":\"https:\/\/www.sonnenseite.com\/de\/#organization\"},\"image\":{\"@id\":\"https:\/\/www.sonnenseite.com\/de\/energie\/leistung-von-solarmodulen-oft-zu-hoch-angegeben\/#primaryimage\"},\"thumbnailUrl\":\"https:\/\/www.sonnenseite.com\/wp-content\/uploads\/2018\/06\/Solarmodul_Schatten_gilas.jpg\",\"articleSection\":[\"Energie\"],\"inLanguage\":\"de\"},{\"@type\":\"WebPage\",\"@id\":\"https:\/\/www.sonnenseite.com\/de\/energie\/leistung-von-solarmodulen-oft-zu-hoch-angegeben\/\",\"url\":\"https:\/\/www.sonnenseite.com\/de\/energie\/leistung-von-solarmodulen-oft-zu-hoch-angegeben\/\",\"name\":\"Leistung von Solarmodulen oft zu hoch angegeben - Sonnenseite - \u00d6kologische Kommunikation mit Franz Alt\",\"isPartOf\":{\"@id\":\"https:\/\/www.sonnenseite.com\/de\/#website\"},\"primaryImageOfPage\":{\"@id\":\"https:\/\/www.sonnenseite.com\/de\/energie\/leistung-von-solarmodulen-oft-zu-hoch-angegeben\/#primaryimage\"},\"image\":{\"@id\":\"https:\/\/www.sonnenseite.com\/de\/energie\/leistung-von-solarmodulen-oft-zu-hoch-angegeben\/#primaryimage\"},\"thumbnailUrl\":\"https:\/\/www.sonnenseite.com\/wp-content\/uploads\/2018\/06\/Solarmodul_Schatten_gilas.jpg\",\"datePublished\":\"2025-03-12T15:17:34+00:00\",\"dateModified\":\"2025-03-30T08:14:05+00:00\",\"description\":\"Die Leistung von PV-Modulen entspricht oft nicht den Herstellerangaben. Nach Messungen des Fraunhofer ISE liegt die Minderleistung im Jahr 2024 bei 1,3\",\"breadcrumb\":{\"@id\":\"https:\/\/www.sonnenseite.com\/de\/energie\/leistung-von-solarmodulen-oft-zu-hoch-angegeben\/#breadcrumb\"},\"inLanguage\":\"de\",\"potentialAction\":[{\"@type\":\"ReadAction\",\"target\":[\"https:\/\/www.sonnenseite.com\/de\/energie\/leistung-von-solarmodulen-oft-zu-hoch-angegeben\/\"]}]},{\"@type\":\"ImageObject\",\"inLanguage\":\"de\",\"@id\":\"https:\/\/www.sonnenseite.com\/de\/energie\/leistung-von-solarmodulen-oft-zu-hoch-angegeben\/#primaryimage\",\"url\":\"https:\/\/www.sonnenseite.com\/wp-content\/uploads\/2018\/06\/Solarmodul_Schatten_gilas.jpg\",\"contentUrl\":\"https:\/\/www.sonnenseite.com\/wp-content\/uploads\/2018\/06\/Solarmodul_Schatten_gilas.jpg\",\"width\":770,\"height\":420,\"caption\":\"Depositphotos | gilas\"},{\"@type\":\"BreadcrumbList\",\"@id\":\"https:\/\/www.sonnenseite.com\/de\/energie\/leistung-von-solarmodulen-oft-zu-hoch-angegeben\/#breadcrumb\",\"itemListElement\":[{\"@type\":\"ListItem\",\"position\":1,\"name\":\"Startseite\",\"item\":\"https:\/\/www.sonnenseite.com\/de\/\"},{\"@type\":\"ListItem\",\"position\":2,\"name\":\"Leistung von Solarmodulen oft zu hoch angegeben\"}]},{\"@type\":\"WebSite\",\"@id\":\"https:\/\/www.sonnenseite.com\/de\/#website\",\"url\":\"https:\/\/www.sonnenseite.com\/de\/\",\"name\":\"Sonnenseite\",\"description\":\"\u00d6kologische Kommunikation mit Franz Alt\",\"publisher\":{\"@id\":\"https:\/\/www.sonnenseite.com\/de\/#organization\"},\"potentialAction\":[{\"@type\":\"SearchAction\",\"target\":{\"@type\":\"EntryPoint\",\"urlTemplate\":\"https:\/\/www.sonnenseite.com\/de\/?s={search_term_string}\"},\"query-input\":{\"@type\":\"PropertyValueSpecification\",\"valueRequired\":true,\"valueName\":\"search_term_string\"}}],\"inLanguage\":\"de\"},{\"@type\":\"Organization\",\"@id\":\"https:\/\/www.sonnenseite.com\/de\/#organization\",\"name\":\"Sonnenseite\",\"url\":\"https:\/\/www.sonnenseite.com\/de\/\",\"logo\":{\"@type\":\"ImageObject\",\"inLanguage\":\"de\",\"@id\":\"https:\/\/www.sonnenseite.com\/de\/#\/schema\/logo\/image\/\",\"url\":\"https:\/\/www.sonnenseite.com\/wp-content\/uploads\/2020\/05\/Sonnenseite_Logo.png\",\"contentUrl\":\"https:\/\/www.sonnenseite.com\/wp-content\/uploads\/2020\/05\/Sonnenseite_Logo.png\",\"width\":377,\"height\":90,\"caption\":\"Sonnenseite\"},\"image\":{\"@id\":\"https:\/\/www.sonnenseite.com\/de\/#\/schema\/logo\/image\/\"},\"sameAs\":[\"https:\/\/www.facebook.com\/pages\/Franz-Alt-SONNENSEITECOM\/221072987903953?fref=ts\",\"https:\/\/x.com\/franzalt\",\"http:\/\/www.youtube.com\/results?search_query&amp;amp;quot;franz_alt&amp;amp;quot;&amp;amp;amp;amp;search_type&amp;amp;amp;amp;aq=f\"]},{\"@type\":\"Person\",\"@id\":\"https:\/\/www.sonnenseite.com\/de\/#\/schema\/person\/50fda0e926597684c7cc6695238a4eb9\",\"name\":\"Bigi Alt\"}]}<\/script>\n<!-- \/ Yoast SEO plugin. -->","yoast_head_json":{"title":"Leistung von Solarmodulen oft zu hoch angegeben - Sonnenseite - \u00d6kologische Kommunikation mit Franz Alt","description":"Die Leistung von PV-Modulen entspricht oft nicht den Herstellerangaben. Nach Messungen des Fraunhofer ISE liegt die Minderleistung im Jahr 2024 bei 1,3","robots":{"index":"index","follow":"follow","max-snippet":"max-snippet:-1","max-image-preview":"max-image-preview:large","max-video-preview":"max-video-preview:-1"},"canonical":"https:\/\/www.sonnenseite.com\/de\/energie\/leistung-von-solarmodulen-oft-zu-hoch-angegeben\/","og_locale":"de_DE","og_type":"article","og_title":"Leistung von Solarmodulen oft zu hoch angegeben - Sonnenseite - \u00d6kologische Kommunikation mit Franz Alt","og_description":"Die Leistung von PV-Modulen entspricht oft nicht den Herstellerangaben. Nach Messungen des Fraunhofer ISE liegt die Minderleistung im Jahr 2024 bei 1,3","og_url":"https:\/\/www.sonnenseite.com\/de\/energie\/leistung-von-solarmodulen-oft-zu-hoch-angegeben\/","og_site_name":"Sonnenseite","article_publisher":"https:\/\/www.facebook.com\/pages\/Franz-Alt-SONNENSEITECOM\/221072987903953?fref=ts","article_published_time":"2025-03-12T15:17:34+00:00","article_modified_time":"2025-03-30T08:14:05+00:00","og_image":[{"width":770,"height":420,"url":"https:\/\/www.sonnenseite.com\/wp-content\/uploads\/2018\/06\/Solarmodul_Schatten_gilas.jpg","type":"image\/jpeg"}],"author":"Bigi Alt","twitter_card":"summary_large_image","twitter_creator":"@franzalt","twitter_site":"@franzalt","twitter_misc":{"Verfasst von":"Bigi Alt","Gesch\u00e4tzte Lesezeit":"5\u00a0Minuten"},"schema":{"@context":"https:\/\/schema.org","@graph":[{"@type":"Article","@id":"https:\/\/www.sonnenseite.com\/de\/energie\/leistung-von-solarmodulen-oft-zu-hoch-angegeben\/#article","isPartOf":{"@id":"https:\/\/www.sonnenseite.com\/de\/energie\/leistung-von-solarmodulen-oft-zu-hoch-angegeben\/"},"author":{"name":"Bigi Alt","@id":"https:\/\/www.sonnenseite.com\/de\/#\/schema\/person\/50fda0e926597684c7cc6695238a4eb9"},"headline":"Leistung von Solarmodulen oft zu hoch angegeben","datePublished":"2025-03-12T15:17:34+00:00","dateModified":"2025-03-30T08:14:05+00:00","mainEntityOfPage":{"@id":"https:\/\/www.sonnenseite.com\/de\/energie\/leistung-von-solarmodulen-oft-zu-hoch-angegeben\/"},"wordCount":666,"publisher":{"@id":"https:\/\/www.sonnenseite.com\/de\/#organization"},"image":{"@id":"https:\/\/www.sonnenseite.com\/de\/energie\/leistung-von-solarmodulen-oft-zu-hoch-angegeben\/#primaryimage"},"thumbnailUrl":"https:\/\/www.sonnenseite.com\/wp-content\/uploads\/2018\/06\/Solarmodul_Schatten_gilas.jpg","articleSection":["Energie"],"inLanguage":"de"},{"@type":"WebPage","@id":"https:\/\/www.sonnenseite.com\/de\/energie\/leistung-von-solarmodulen-oft-zu-hoch-angegeben\/","url":"https:\/\/www.sonnenseite.com\/de\/energie\/leistung-von-solarmodulen-oft-zu-hoch-angegeben\/","name":"Leistung von Solarmodulen oft zu hoch angegeben - Sonnenseite - \u00d6kologische Kommunikation mit Franz Alt","isPartOf":{"@id":"https:\/\/www.sonnenseite.com\/de\/#website"},"primaryImageOfPage":{"@id":"https:\/\/www.sonnenseite.com\/de\/energie\/leistung-von-solarmodulen-oft-zu-hoch-angegeben\/#primaryimage"},"image":{"@id":"https:\/\/www.sonnenseite.com\/de\/energie\/leistung-von-solarmodulen-oft-zu-hoch-angegeben\/#primaryimage"},"thumbnailUrl":"https:\/\/www.sonnenseite.com\/wp-content\/uploads\/2018\/06\/Solarmodul_Schatten_gilas.jpg","datePublished":"2025-03-12T15:17:34+00:00","dateModified":"2025-03-30T08:14:05+00:00","description":"Die Leistung von PV-Modulen entspricht oft nicht den Herstellerangaben. Nach Messungen des Fraunhofer ISE liegt die Minderleistung im Jahr 2024 bei 1,3","breadcrumb":{"@id":"https:\/\/www.sonnenseite.com\/de\/energie\/leistung-von-solarmodulen-oft-zu-hoch-angegeben\/#breadcrumb"},"inLanguage":"de","potentialAction":[{"@type":"ReadAction","target":["https:\/\/www.sonnenseite.com\/de\/energie\/leistung-von-solarmodulen-oft-zu-hoch-angegeben\/"]}]},{"@type":"ImageObject","inLanguage":"de","@id":"https:\/\/www.sonnenseite.com\/de\/energie\/leistung-von-solarmodulen-oft-zu-hoch-angegeben\/#primaryimage","url":"https:\/\/www.sonnenseite.com\/wp-content\/uploads\/2018\/06\/Solarmodul_Schatten_gilas.jpg","contentUrl":"https:\/\/www.sonnenseite.com\/wp-content\/uploads\/2018\/06\/Solarmodul_Schatten_gilas.jpg","width":770,"height":420,"caption":"Depositphotos | gilas"},{"@type":"BreadcrumbList","@id":"https:\/\/www.sonnenseite.com\/de\/energie\/leistung-von-solarmodulen-oft-zu-hoch-angegeben\/#breadcrumb","itemListElement":[{"@type":"ListItem","position":1,"name":"Startseite","item":"https:\/\/www.sonnenseite.com\/de\/"},{"@type":"ListItem","position":2,"name":"Leistung von Solarmodulen oft zu hoch angegeben"}]},{"@type":"WebSite","@id":"https:\/\/www.sonnenseite.com\/de\/#website","url":"https:\/\/www.sonnenseite.com\/de\/","name":"Sonnenseite","description":"\u00d6kologische Kommunikation mit Franz Alt","publisher":{"@id":"https:\/\/www.sonnenseite.com\/de\/#organization"},"potentialAction":[{"@type":"SearchAction","target":{"@type":"EntryPoint","urlTemplate":"https:\/\/www.sonnenseite.com\/de\/?s={search_term_string}"},"query-input":{"@type":"PropertyValueSpecification","valueRequired":true,"valueName":"search_term_string"}}],"inLanguage":"de"},{"@type":"Organization","@id":"https:\/\/www.sonnenseite.com\/de\/#organization","name":"Sonnenseite","url":"https:\/\/www.sonnenseite.com\/de\/","logo":{"@type":"ImageObject","inLanguage":"de","@id":"https:\/\/www.sonnenseite.com\/de\/#\/schema\/logo\/image\/","url":"https:\/\/www.sonnenseite.com\/wp-content\/uploads\/2020\/05\/Sonnenseite_Logo.png","contentUrl":"https:\/\/www.sonnenseite.com\/wp-content\/uploads\/2020\/05\/Sonnenseite_Logo.png","width":377,"height":90,"caption":"Sonnenseite"},"image":{"@id":"https:\/\/www.sonnenseite.com\/de\/#\/schema\/logo\/image\/"},"sameAs":["https:\/\/www.facebook.com\/pages\/Franz-Alt-SONNENSEITECOM\/221072987903953?fref=ts","https:\/\/x.com\/franzalt","http:\/\/www.youtube.com\/results?search_query&amp;amp;quot;franz_alt&amp;amp;quot;&amp;amp;amp;amp;search_type&amp;amp;amp;amp;aq=f"]},{"@type":"Person","@id":"https:\/\/www.sonnenseite.com\/de\/#\/schema\/person\/50fda0e926597684c7cc6695238a4eb9","name":"Bigi Alt"}]}},"_links":{"self":[{"href":"https:\/\/www.sonnenseite.com\/de\/wp-json\/wp\/v2\/posts\/105759","targetHints":{"allow":["GET"]}}],"collection":[{"href":"https:\/\/www.sonnenseite.com\/de\/wp-json\/wp\/v2\/posts"}],"about":[{"href":"https:\/\/www.sonnenseite.com\/de\/wp-json\/wp\/v2\/types\/post"}],"author":[{"embeddable":true,"href":"https:\/\/www.sonnenseite.com\/de\/wp-json\/wp\/v2\/users\/3"}],"replies":[{"embeddable":true,"href":"https:\/\/www.sonnenseite.com\/de\/wp-json\/wp\/v2\/comments?post=105759"}],"version-history":[{"count":2,"href":"https:\/\/www.sonnenseite.com\/de\/wp-json\/wp\/v2\/posts\/105759\/revisions"}],"predecessor-version":[{"id":105766,"href":"https:\/\/www.sonnenseite.com\/de\/wp-json\/wp\/v2\/posts\/105759\/revisions\/105766"}],"wp:featuredmedia":[{"embeddable":true,"href":"https:\/\/www.sonnenseite.com\/de\/wp-json\/wp\/v2\/media\/17254"}],"wp:attachment":[{"href":"https:\/\/www.sonnenseite.com\/de\/wp-json\/wp\/v2\/media?parent=105759"}],"wp:term":[{"taxonomy":"category","embeddable":true,"href":"https:\/\/www.sonnenseite.com\/de\/wp-json\/wp\/v2\/categories?post=105759"},{"taxonomy":"post_tag","embeddable":true,"href":"https:\/\/www.sonnenseite.com\/de\/wp-json\/wp\/v2\/tags?post=105759"}],"curies":[{"name":"wp","href":"https:\/\/api.w.org\/{rel}","templated":true}]}}