{"id":105767,"date":"2025-03-14T02:44:00","date_gmt":"2025-03-14T01:44:00","guid":{"rendered":"https:\/\/www.sonnenseite.com\/?p=105767"},"modified":"2025-03-12T16:44:48","modified_gmt":"2025-03-12T15:44:48","slug":"warum-solarenergie-der-schluessel-zu-unserem-zukuenftigen-verkehrsnetz-ist","status":"publish","type":"post","link":"https:\/\/www.sonnenseite.com\/de\/zukunft\/warum-solarenergie-der-schluessel-zu-unserem-zukuenftigen-verkehrsnetz-ist\/","title":{"rendered":"Warum Solarenergie der Schl\u00fcssel zu unserem zuk\u00fcnftigen Verkehrsnetz ist"},"content":{"rendered":"\n<p>Die synergetische Beziehung zwischen Solard\u00e4chern und Elektrofahrzeugen. Von Philippe Agafonovas ist CEO von <a href=\"https:\/\/www.sunstyle.com\/?utm_source=Stone+Junction&amp;utm_medium=Opinion+piece&amp;utm_campaign=SUN006\">SunStyle<\/a><\/p>\n\n\n\n<p>In Regionen wie Deutschland und Kalifornien zeichnet sich ein scheinbar paradoxes Problem ab: eine \u00dcberproduktion von Solarstrom. Doch kann es in einer Welt, die dringend saubere Energiel\u00f6sungen ben\u00f6tigt, wirklich zu viel Solarstrom geben? Philippe Agafonovas, CEO von\u00a0<a href=\"https:\/\/click.agilitypr.delivery\/ls\/click?upn=u001.eJ4VnaQZm4FAq5wQ3krzVgz1XPN06QIeQesEAaAEZd-2BguLQcNn787mkbYVbY1jeRmYHUyUru0H66fc4o0j-2FHXJe260laUrSOUEufHOj9zo-2FPgoE73Wm-2FLl-2BmMIECXTBrND6gamyvOTwh-2FlKOkToGLA-3D-3DA6Or_GSvxR-2Bs5EKYI77FxGJpw3KSI0pOsGFcHLf22hShQFxe8GmdXlW3ZisjBOLxz7n-2BYRnuhO4t0tlEK08bR5aXG0wrGUvIR-2BYIJUvQCFCAZw5wWIxeLDQXZ1lIeuFVeXZEf0Jb-2BQFgCt-2BmnyzodFgTGNDFGC0s5v1-2FxDzOH6CrrKer34FGqXkgH94b3bb-2B7QVEcxLxWPnmSTK70WvcyYhjP8cfUyyNr0ewkgZnJAoqV4XKVj92F6CC3eeUH8BhWoQ4RKX-2BBzDP66dnrK-2B8QBIWwpX3LYUGoJQupHrqcYbDPKtM73DM-2F6eZ7ozbsUsX-2FR5nYPGPaj6gO1GaPDT0oIFihf9EFXw4vT7F47p-2FT4K0bVRrlqZVZdO-2BQSmcslrUDNeyqmmOk0g-2FOGzxUPeIOd6O9cIORImAm73-2Bizya6zk-2F-2F9TgsmHQi6fcZYPDDhMy1zatVpThICc4216P-2FoIjyzrE-2BWB-2FPy276Z0kVv7Njpyx10sL1KFk9AYbMGft2DJsP6GIo\">SunStyle<\/a>, einem innovativen Anbieter von Solard\u00e4chern, erkl\u00e4rt hier die synergetische Beziehung zwischen dem Ausbau der Solarenergieinfrastruktur und der zunehmenden Zahl an Elektrofahrzeugen (EVs) auf unseren Stra\u00dfen.<\/p>\n\n\n\n<p>Angesichts der Schlagzeilen \u00fcber die \u00dcberproduktion in Deutschland und Kalifornien k\u00f6nnte man meinen, dass zu viel Solarstrom ein wachsendes Problem darstellt. Solarstrom ist fluktuierend und erreicht ihren Spitzenwert zur Mittagszeit, wenn die Sonneneinstrahlung am st\u00e4rksten ist. Die Stromnachfrage hingegen ist h\u00e4ufig in den fr\u00fchen Morgen- und Abendstunden am h\u00f6chsten, so dass es zu einem Missverh\u00e4ltnis zwischen der Erzeugung und dem Bedarf an Solarenergie kommt.<\/p>\n\n\n\n<p>In Regionen mit hoher Solarenergienutzung, wie Kalifornien und Deutschland, gibt es F\u00e4lle, in denen die Solarstromerzeugung den unmittelbaren Bedarf des Netzes \u00fcbersteigt. In solchen F\u00e4llen m\u00fcssen Netzbetreiber die Erzeugung drosseln oder den \u00fcbersch\u00fcssigen Strom, manchmal sogar gegen Bezahlung, an benachbarte Regionen exportieren.<\/p>\n\n\n\n<p>Zu einer Drosselung kommt es, wenn Solarenergie erzeugt wird, aber aufgrund unzureichender Nachfrage oder Speicherkapazit\u00e4t nicht genutzt werden kann. Mancherorts wird die Solarenergie zunehmend eingeschr\u00e4nkt,&nbsp;da die Netze nicht immer f\u00fcr die Bew\u00e4ltigung gro\u00dfer, pl\u00f6tzlicher Zufl\u00fcsse w\u00e4hrend Spitzenzeiten ger\u00fcstet sind. In Kalifornien ist diese Art des Einspeisemanagements aufgrund des enormen Zuwachses an Solarkapazit\u00e4t, gepaart mit begrenzten Speicherkapazit\u00e4ten und Engp\u00e4ssen in der \u00dcbertragung, besonders h\u00e4ufig geworden.<\/p>\n\n\n\n<p>Jedoch liegt das Problem weniger in einer \u00fcberm\u00e4\u00dfigen Solarproduktion an sich, sondern eher darin, dass die Infrastruktur, wie Energiespeichersysteme und die Netzflexibilit\u00e4t, nicht mit dem Tempo des Solarausbaus Schritt h\u00e4lt. Ohne gro\u00dffl\u00e4chige Speicherl\u00f6sungen geht \u00fcbersch\u00fcssige Solarenergie somit oft verloren.<\/p>\n\n\n\n<p>Elektrofahrzeuge k\u00f6nnten eine zentrale Rolle dabei spielen, Solarenergie besser in das Energiesystem zu integrieren. Der Ausbau der Solarenergie und der Zuwachs an Elektrofahrzeugen sollten daher gemeinsam betrachtet werden, sodass das tempor\u00e4re Problem der Drosselung und des Einspeisemanagements eher als Chance betrachtet werden kann.<\/p>\n\n\n\n<h4 class=\"wp-block-heading\">Fortschrittliche Nutzungen<\/h4>\n\n\n<div class=\"wp-block-image\">\n<figure class=\"alignleft size-full is-resized\"><img loading=\"lazy\" decoding=\"async\" width=\"770\" height=\"420\" src=\"https:\/\/www.sonnenseite.com\/wp-content\/uploads\/2024\/05\/E-Auto_Ladepunkte_VectorMine.jpg\" alt=\"Depositphotos.com | VectorMine | E-Auto Ladepunkte\" class=\"wp-image-99611\" style=\"width:396px;height:auto\" srcset=\"https:\/\/www.sonnenseite.com\/wp-content\/uploads\/2024\/05\/E-Auto_Ladepunkte_VectorMine.jpg 770w, https:\/\/www.sonnenseite.com\/wp-content\/uploads\/2024\/05\/E-Auto_Ladepunkte_VectorMine-300x164.jpg 300w, https:\/\/www.sonnenseite.com\/wp-content\/uploads\/2024\/05\/E-Auto_Ladepunkte_VectorMine-768x419.jpg 768w\" sizes=\"auto, (max-width: 770px) 100vw, 770px\" \/><figcaption class=\"wp-element-caption\">\u00a9 Depositphotos.com | VectorMine<\/figcaption><\/figure>\n<\/div>\n\n\n<p>Je mehr Elektrofahrzeuge auf unseren Stra\u00dfen unterwegs sind, desto mehr Strom wird ben\u00f6tigt, was die Gesamtnachfrage nach Energie steigert. Wenn dieser zus\u00e4tzliche Bedarf durch Solarstrom gedeckt wird, kann dies die Produktion von Solarenergie weiter ankurbeln. Solarstrom kann beispielsweise direkt f\u00fcr das Aufladen von Elektrofahrzeugen \u00fcber private Solaranlagen oder solargetriebene Ladestationen genutzt werden, was eine starke Synergie zwischen Solarproduktion und der Nutzung von Elektrofahrzeugen schafft.<\/p>\n\n\n\n<p>Regierungen und Unternehmen legen zunehmend Wert darauf, erneuerbare Energien zur Versorgung von Elektrofahrzeugen einzusetzen, um Klimaziele zu erreichen und Nachhaltigkeit zu f\u00f6rdern. Dazu geh\u00f6rt der gezielte Ausbau von Solarkapazit\u00e4ten, um den steigenden Strombedarf durch die wachsende Nutzung von Elektrofahrzeugen zu decken.<\/p>\n\n\n\n<p>Eine der spannendsten M\u00f6glichkeiten ist die Nutzung von Elektrofahrzeugen nicht nur als Stromverbraucher, sondern als Teil eines dezentralen Energiespeichernetzwerks. Elektrofahrzeuge mit Vehicle-to-Grid (V2G)-F\u00e4higkeit k\u00f6nnen \u00fcbersch\u00fcssige Solarenergie in ihren Batterien speichern und bei Bedarf wieder in das Netz einspeisen. Dies kann dazu beitragen, Energieangebot und -nachfrage auszugleichen, insbesondere zu Spitzenzeiten.<\/p>\n\n\n\n<p>Tags\u00fcber, wenn Solarenergie im \u00dcberfluss vorhanden ist, k\u00f6nnen Elektrofahrzeuge diese Energie speichern. Sp\u00e4ter, wenn die Solarproduktion nachl\u00e4sst, kann die gespeicherte Energie entweder f\u00fcr den Eigenbedarf des Fahrzeugs oder zur Netzunterst\u00fctzung genutzt werden. Dies verringert den Bedarf an Energiedrosselungen und f\u00fchrt zu einer effizienteren Nutzung der Solarenergie.<\/p>\n\n\n\n<p>Viele Energieversorger und Ladestationen bieten zeitabh\u00e4ngige Tarife an, was bedeutet, dass Strom w\u00e4hrend Zeiten niedriger Nachfrage oder hoher Erzeugung, wie zur Mittagszeit, g\u00fcnstiger ist. Besitzer k\u00f6nnen ihre Fahrzeuge dementsprechend so einstellen, dass sie w\u00e4hrend dieser kosteng\u00fcnstigen Zeiten aufgeladen werden, die oft mit den Spitzenzeiten der Solarproduktion \u00fcbereinstimmt.<\/p>\n\n\n\n<p>Durch Fortschritte in der intelligenten Ladetechnologie k\u00f6nnen Elektrofahrzeuge so geladen werden, dass die Netzstabilit\u00e4t optimiert wird. Intelligente Ladeger\u00e4te k\u00f6nnen mit dem Netz kommunizieren und die besten Ladezeiten basierend auf der Verf\u00fcgbarkeit erneuerbarer Energien ermitteln. Dies gew\u00e4hrleistet, dass Elektrofahrzeuge dann aufgeladen werden, wenn Solarenergie im \u00dcberfluss vorhanden ist, und reduziert die Netzbelastung bei gleichzeitiger Verbesserung der Integration erneuerbarer Energien.<\/p>\n\n\n\n<h4 class=\"wp-block-heading\">Die Chance<\/h4>\n\n\n\n<p>Elektrofahrzeuge, die mit Solarstrom betrieben werden, bieten eine umweltfreundlichere Alternative zu Verbrennungsmotoren und reduzieren die Treibhausgasemissionen erheblich. Wenn Solarenergie im selben Tempo wie die Verbreitung von Elektrofahrzeugen w\u00e4chst, k\u00f6nnte dies nicht nur zur Dekarbonisierung des Stromnetzes, sondern auch des Verkehrssektor beitragen, der ein signifikanter Verursacher globaler Emissionen ist.<\/p>\n\n\n\n<p>Weltweit ist der Verkehrssektor f\u00fcr etwa 24 Prozent der gesamten CO2-Emissionen verantwortlich. Der Stra\u00dfenverkehr (Pkw, Lkw, Busse) ist der gr\u00f6\u00dfte Verursacher und tr\u00e4gt fast 75 Prozent zu den gesamten verkehrsbedingten Emissionen bei. In der DACH-Region tr\u00e4gt der Verkehrssektor zwischen 20 und 32 Prozent zu den gesamten Kohlenstoffemissionen der jeweiligen L\u00e4nder bei, wobei der Stra\u00dfenverkehr die Hauptquelle darstellt. Jedes Land unternimmt Ma\u00dfnahmen zur Reduzierung der Emissionen durch Elektrifizierung, \u00f6ffentliche Verkehrsmittel und alternative Kraftstoffe. Eine erhebliche Reduzierung der Verkehrsemissionen bleibt jedoch aufgrund der steigenden Fahrzeugzahlen und des zunehmenden G\u00fcterverkehrs eine Herausforderung.<\/p>\n\n\n\n<p>In den DACH-L\u00e4ndern wird die zunehmende Nutzung von Solarenergie, auch wenn sie kurzfristig zu Problemen wie einer Drosselung f\u00fchrt, zweifellos ein wesentlicher Teil der L\u00f6sung f\u00fcr die Bereitstellung umweltfreundlicher Transportmittel sein. Insbesondere durch die Kombination von Elektrofahrzeugen mit Solarenergie sowie die synergistische Einf\u00fchrung beider Technologien k\u00f6nnen wir die CO2-Emissionen des Stra\u00dfenverkehrs erheblich reduzieren.<\/p>\n\n\n<h5 class=\"green\">Quelle<\/h5>\r\n\n\n\n<p>Philippe Agafonovas ist CEO von\u00a0<a href=\"https:\/\/click.agilitypr.delivery\/ls\/click?upn=u001.eJ4VnaQZm4FAq5wQ3krzVgz1XPN06QIeQesEAaAEZd-2BguLQcNn787mkbYVbY1jeRmYHUyUru0H66fc4o0j-2FHXJe260laUrSOUEufHOj9zo-2FPgoE73Wm-2FLl-2BmMIECXTBrND6gamyvOTwh-2FlKOkToGLA-3D-3DriLx_GSvxR-2Bs5EKYI77FxGJpw3KSI0pOsGFcHLf22hShQFxe8GmdXlW3ZisjBOLxz7n-2BYRnuhO4t0tlEK08bR5aXG0wrGUvIR-2BYIJUvQCFCAZw5wWIxeLDQXZ1lIeuFVeXZEf0Jb-2BQFgCt-2BmnyzodFgTGNDFGC0s5v1-2FxDzOH6CrrKer34FGqXkgH94b3bb-2B7QVEcxLxWPnmSTK70WvcyYhjP8cfUyyNr0ewkgZnJAoqV4XKVj92F6CC3eeUH8BhWoQ4RKX-2BBzDP66dnrK-2B8QBIWwpX3LYUGoJQupHrqcYbDPKtM73DM-2F6eZ7ozbsUsX-2FR5nYPGPaj6gO1GaPDT0oIFihfw-2FekRWWTQTTNKxMpo7swoO0fS4qs072EaaGjaoWIZtpcBKA-2BzG3P-2BKvhGLDMt3-2Fqs9BnMkwCau8tP8ZzAtVgwifikDyz5YO6Pr-2BCVAEzjY2nOZR8QWEhYnMhZda74G5KuywzIFlOIGzEOsh9hjQeofzOvYCr7PMXJ6on-2BOh-2Fnei\">SunStyle<\/a>, einem Schweizer Hersteller von Solard\u00e4chern.<\/p>\n<div class=\"shariff shariff-align-flex-start shariff-widget-align-flex-start\"><div class=\"ShariffHeadline\">Diese Meldung teilen<\/div><ul class=\"shariff-buttons theme-round orientation-horizontal buttonsize-medium\"><li class=\"shariff-button facebook shariff-nocustomcolor\" style=\"background-color:#4273c8;border-radius:1%\"><a href=\"https:\/\/www.facebook.com\/sharer\/sharer.php?u=https%3A%2F%2Fwww.sonnenseite.com%2Fde%2Fzukunft%2Fwarum-solarenergie-der-schluessel-zu-unserem-zukuenftigen-verkehrsnetz-ist%2F\" title=\"Bei Facebook teilen\" aria-label=\"Bei Facebook teilen\" role=\"button\" rel=\"nofollow\" class=\"shariff-link\" style=\";border-radius:1%; background-color:#3b5998; color:#fff\" target=\"_blank\"><span class=\"shariff-icon\" style=\"\"><svg width=\"32px\" height=\"20px\" xmlns=\"http:\/\/www.w3.org\/2000\/svg\" viewBox=\"0 0 18 32\"><path fill=\"#3b5998\" d=\"M17.1 0.2v4.7h-2.8q-1.5 0-2.1 0.6t-0.5 1.9v3.4h5.2l-0.7 5.3h-4.5v13.6h-5.5v-13.6h-4.5v-5.3h4.5v-3.9q0-3.3 1.9-5.2t5-1.8q2.6 0 4.1 0.2z\"\/><\/svg><\/span><\/a><\/li><li class=\"shariff-button twitter shariff-nocustomcolor\" style=\"background-color:#595959;border-radius:1%\"><a href=\"https:\/\/twitter.com\/share?url=https%3A%2F%2Fwww.sonnenseite.com%2Fde%2Fzukunft%2Fwarum-solarenergie-der-schluessel-zu-unserem-zukuenftigen-verkehrsnetz-ist%2F&text=Warum%20Solarenergie%20der%20Schl%C3%BCssel%20zu%20unserem%20zuk%C3%BCnftigen%20Verkehrsnetz%20ist\" title=\"Bei X teilen\" aria-label=\"Bei X teilen\" role=\"button\" rel=\"noopener nofollow\" class=\"shariff-link\" style=\";border-radius:1%; background-color:#000; color:#fff\" target=\"_blank\"><span class=\"shariff-icon\" style=\"\"><svg width=\"32px\" height=\"20px\" xmlns=\"http:\/\/www.w3.org\/2000\/svg\" viewBox=\"0 0 24 24\"><path fill=\"#000\" d=\"M14.258 10.152L23.176 0h-2.113l-7.747 8.813L7.133 0H0l9.352 13.328L0 23.973h2.113l8.176-9.309 6.531 9.309h7.133zm-2.895 3.293l-.949-1.328L2.875 1.56h3.246l6.086 8.523.945 1.328 7.91 11.078h-3.246zm0 0\"\/><\/svg><\/span><\/a><\/li><li class=\"shariff-button xing shariff-nocustomcolor\" style=\"background-color:#29888a;border-radius:1%\"><a href=\"https:\/\/www.xing.com\/spi\/shares\/new?url=https%3A%2F%2Fwww.sonnenseite.com%2Fde%2Fzukunft%2Fwarum-solarenergie-der-schluessel-zu-unserem-zukuenftigen-verkehrsnetz-ist%2F\" title=\"Bei XING teilen\" aria-label=\"Bei XING teilen\" role=\"button\" rel=\"noopener nofollow\" class=\"shariff-link\" style=\";border-radius:1%; background-color:#126567; color:#fff\" target=\"_blank\"><span class=\"shariff-icon\" style=\"\"><svg width=\"32px\" height=\"20px\" xmlns=\"http:\/\/www.w3.org\/2000\/svg\" viewBox=\"0 0 25 32\"><path fill=\"#126567\" d=\"M10.7 11.9q-0.2 0.3-4.6 8.2-0.5 0.8-1.2 0.8h-4.3q-0.4 0-0.5-0.3t0-0.6l4.5-8q0 0 0 0l-2.9-5q-0.2-0.4 0-0.7 0.2-0.3 0.5-0.3h4.3q0.7 0 1.2 0.8zM25.1 0.4q0.2 0.3 0 0.7l-9.4 16.7 6 11q0.2 0.4 0 0.6-0.2 0.3-0.6 0.3h-4.3q-0.7 0-1.2-0.8l-6-11.1q0.3-0.6 9.5-16.8 0.4-0.8 1.2-0.8h4.3q0.4 0 0.5 0.3z\"\/><\/svg><\/span><\/a><\/li><li class=\"shariff-button linkedin shariff-nocustomcolor\" style=\"background-color:#1488bf;border-radius:1%\"><a href=\"https:\/\/www.linkedin.com\/sharing\/share-offsite\/?url=https%3A%2F%2Fwww.sonnenseite.com%2Fde%2Fzukunft%2Fwarum-solarenergie-der-schluessel-zu-unserem-zukuenftigen-verkehrsnetz-ist%2F\" title=\"Bei LinkedIn teilen\" aria-label=\"Bei LinkedIn teilen\" role=\"button\" rel=\"noopener nofollow\" class=\"shariff-link\" style=\";border-radius:1%; background-color:#0077b5; color:#fff\" target=\"_blank\"><span class=\"shariff-icon\" style=\"\"><svg width=\"32px\" height=\"20px\" xmlns=\"http:\/\/www.w3.org\/2000\/svg\" viewBox=\"0 0 27 32\"><path fill=\"#0077b5\" d=\"M6.2 11.2v17.7h-5.9v-17.7h5.9zM6.6 5.7q0 1.3-0.9 2.2t-2.4 0.9h0q-1.5 0-2.4-0.9t-0.9-2.2 0.9-2.2 2.4-0.9 2.4 0.9 0.9 2.2zM27.4 18.7v10.1h-5.9v-9.5q0-1.9-0.7-2.9t-2.3-1.1q-1.1 0-1.9 0.6t-1.2 1.5q-0.2 0.5-0.2 1.4v9.9h-5.9q0-7.1 0-11.6t0-5.3l0-0.9h5.9v2.6h0q0.4-0.6 0.7-1t1-0.9 1.6-0.8 2-0.3q3 0 4.9 2t1.9 6z\"\/><\/svg><\/span><\/a><\/li><li class=\"shariff-button printer shariff-nocustomcolor\" style=\"background-color:#a8a8a8;border-radius:1%\"><a href=\"javascript:window.print()\" title=\"drucken\" aria-label=\"drucken\" role=\"button\" rel=\"noopener nofollow\" class=\"shariff-link\" style=\";border-radius:1%; background-color:#999; color:#fff\"><span class=\"shariff-icon\" style=\"\"><svg width=\"32px\" height=\"20px\" xmlns=\"http:\/\/www.w3.org\/2000\/svg\" viewBox=\"0 0 30 32\"><path fill=\"#999\" d=\"M6.8 27.4h16v-4.6h-16v4.6zM6.8 16h16v-6.8h-2.8q-0.7 0-1.2-0.5t-0.5-1.2v-2.8h-11.4v11.4zM27.4 17.2q0-0.5-0.3-0.8t-0.8-0.4-0.8 0.4-0.3 0.8 0.3 0.8 0.8 0.3 0.8-0.3 0.3-0.8zM29.7 17.2v7.4q0 0.2-0.2 0.4t-0.4 0.2h-4v2.8q0 0.7-0.5 1.2t-1.2 0.5h-17.2q-0.7 0-1.2-0.5t-0.5-1.2v-2.8h-4q-0.2 0-0.4-0.2t-0.2-0.4v-7.4q0-1.4 1-2.4t2.4-1h1.2v-9.7q0-0.7 0.5-1.2t1.2-0.5h12q0.7 0 1.6 0.4t1.3 0.8l2.7 2.7q0.5 0.5 0.9 1.4t0.4 1.6v4.6h1.1q1.4 0 2.4 1t1 2.4z\"\/><\/svg><\/span><\/a><\/li><li class=\"shariff-button mailto shariff-nocustomcolor\" style=\"background-color:#a8a8a8;border-radius:1%\"><a href=\"mailto:?body=https%3A%2F%2Fwww.sonnenseite.com%2Fde%2Fzukunft%2Fwarum-solarenergie-der-schluessel-zu-unserem-zukuenftigen-verkehrsnetz-ist%2F&subject=Warum%20Solarenergie%20der%20Schl%C3%BCssel%20zu%20unserem%20zuk%C3%BCnftigen%20Verkehrsnetz%20ist\" title=\"Per E-Mail versenden\" aria-label=\"Per E-Mail versenden\" role=\"button\" rel=\"noopener nofollow\" class=\"shariff-link\" style=\";border-radius:1%; background-color:#999; color:#fff\"><span class=\"shariff-icon\" style=\"\"><svg width=\"32px\" height=\"20px\" xmlns=\"http:\/\/www.w3.org\/2000\/svg\" viewBox=\"0 0 32 32\"><path fill=\"#999\" d=\"M32 12.7v14.2q0 1.2-0.8 2t-2 0.9h-26.3q-1.2 0-2-0.9t-0.8-2v-14.2q0.8 0.9 1.8 1.6 6.5 4.4 8.9 6.1 1 0.8 1.6 1.2t1.7 0.9 2 0.4h0.1q0.9 0 2-0.4t1.7-0.9 1.6-1.2q3-2.2 8.9-6.1 1-0.7 1.8-1.6zM32 7.4q0 1.4-0.9 2.7t-2.2 2.2q-6.7 4.7-8.4 5.8-0.2 0.1-0.7 0.5t-1 0.7-0.9 0.6-1.1 0.5-0.9 0.2h-0.1q-0.4 0-0.9-0.2t-1.1-0.5-0.9-0.6-1-0.7-0.7-0.5q-1.6-1.1-4.7-3.2t-3.6-2.6q-1.1-0.7-2.1-2t-1-2.5q0-1.4 0.7-2.3t2.1-0.9h26.3q1.2 0 2 0.8t0.9 2z\"\/><\/svg><\/span><\/a><\/li><\/ul><\/div>","protected":false},"excerpt":{"rendered":"<p>Die synergetische Beziehung zwischen Solard\u00e4chern und Elektrofahrzeugen. Von Philippe Agafonovas ist CEO von SunStyle In Regionen [&hellip;]<\/p>\n","protected":false},"author":3,"featured_media":12032,"comment_status":"closed","ping_status":"closed","sticky":false,"template":"","format":"standard","meta":{"inline_featured_image":false,"footnotes":""},"categories":[27],"tags":[],"class_list":["post-105767","post","type-post","status-publish","format-standard","has-post-thumbnail","hentry","category-zukunft"],"yoast_head":"<!-- This site is optimized with the Yoast SEO plugin v26.5 - https:\/\/yoast.com\/wordpress\/plugins\/seo\/ -->\n<title>Warum Solarenergie der Schl\u00fcssel zu unserem zuk\u00fcnftigen Verkehrsnetz ist - Sonnenseite - \u00d6kologische Kommunikation mit Franz Alt<\/title>\n<meta name=\"description\" content=\"Die synergetische Beziehung zwischen Solard\u00e4chern und Elektrofahrzeugen. Von Philippe Agafonovas ist CEO von SunStyle In Regionen wie Deutschland und\" \/>\n<meta name=\"robots\" content=\"index, follow, max-snippet:-1, max-image-preview:large, max-video-preview:-1\" \/>\n<link rel=\"canonical\" href=\"https:\/\/www.sonnenseite.com\/de\/zukunft\/warum-solarenergie-der-schluessel-zu-unserem-zukuenftigen-verkehrsnetz-ist\/\" \/>\n<meta property=\"og:locale\" content=\"de_DE\" \/>\n<meta property=\"og:type\" content=\"article\" \/>\n<meta property=\"og:title\" content=\"Warum Solarenergie der Schl\u00fcssel zu unserem zuk\u00fcnftigen Verkehrsnetz ist - Sonnenseite - \u00d6kologische Kommunikation mit Franz Alt\" \/>\n<meta property=\"og:description\" content=\"Die synergetische Beziehung zwischen Solard\u00e4chern und Elektrofahrzeugen. Von Philippe Agafonovas ist CEO von SunStyle In Regionen wie Deutschland und\" \/>\n<meta property=\"og:url\" content=\"https:\/\/www.sonnenseite.com\/de\/zukunft\/warum-solarenergie-der-schluessel-zu-unserem-zukuenftigen-verkehrsnetz-ist\/\" \/>\n<meta property=\"og:site_name\" content=\"Sonnenseite\" \/>\n<meta property=\"article:publisher\" content=\"https:\/\/www.facebook.com\/pages\/Franz-Alt-SONNENSEITECOM\/221072987903953?fref=ts\" \/>\n<meta property=\"article:published_time\" content=\"2025-03-14T01:44:00+00:00\" \/>\n<meta property=\"og:image\" content=\"https:\/\/www.sonnenseite.com\/wp-content\/uploads\/2019\/01\/Solarenergie_geralt.jpg\" \/>\n\t<meta property=\"og:image:width\" content=\"770\" \/>\n\t<meta property=\"og:image:height\" content=\"420\" \/>\n\t<meta property=\"og:image:type\" content=\"image\/jpeg\" \/>\n<meta name=\"author\" content=\"Bigi Alt\" \/>\n<meta name=\"twitter:card\" content=\"summary_large_image\" \/>\n<meta name=\"twitter:creator\" content=\"@franzalt\" \/>\n<meta name=\"twitter:site\" content=\"@franzalt\" \/>\n<meta name=\"twitter:label1\" content=\"Verfasst von\" \/>\n\t<meta name=\"twitter:data1\" content=\"Bigi Alt\" \/>\n\t<meta name=\"twitter:label2\" content=\"Gesch\u00e4tzte Lesezeit\" \/>\n\t<meta name=\"twitter:data2\" content=\"6\u00a0Minuten\" \/>\n<script type=\"application\/ld+json\" class=\"yoast-schema-graph\">{\"@context\":\"https:\/\/schema.org\",\"@graph\":[{\"@type\":\"Article\",\"@id\":\"https:\/\/www.sonnenseite.com\/de\/zukunft\/warum-solarenergie-der-schluessel-zu-unserem-zukuenftigen-verkehrsnetz-ist\/#article\",\"isPartOf\":{\"@id\":\"https:\/\/www.sonnenseite.com\/de\/zukunft\/warum-solarenergie-der-schluessel-zu-unserem-zukuenftigen-verkehrsnetz-ist\/\"},\"author\":{\"name\":\"Bigi Alt\",\"@id\":\"https:\/\/www.sonnenseite.com\/de\/#\/schema\/person\/50fda0e926597684c7cc6695238a4eb9\"},\"headline\":\"Warum Solarenergie der Schl\u00fcssel zu unserem zuk\u00fcnftigen Verkehrsnetz ist\",\"datePublished\":\"2025-03-14T01:44:00+00:00\",\"mainEntityOfPage\":{\"@id\":\"https:\/\/www.sonnenseite.com\/de\/zukunft\/warum-solarenergie-der-schluessel-zu-unserem-zukuenftigen-verkehrsnetz-ist\/\"},\"wordCount\":942,\"publisher\":{\"@id\":\"https:\/\/www.sonnenseite.com\/de\/#organization\"},\"image\":{\"@id\":\"https:\/\/www.sonnenseite.com\/de\/zukunft\/warum-solarenergie-der-schluessel-zu-unserem-zukuenftigen-verkehrsnetz-ist\/#primaryimage\"},\"thumbnailUrl\":\"https:\/\/www.sonnenseite.com\/wp-content\/uploads\/2019\/01\/Solarenergie_geralt.jpg\",\"articleSection\":[\"Zukunft\"],\"inLanguage\":\"de\"},{\"@type\":\"WebPage\",\"@id\":\"https:\/\/www.sonnenseite.com\/de\/zukunft\/warum-solarenergie-der-schluessel-zu-unserem-zukuenftigen-verkehrsnetz-ist\/\",\"url\":\"https:\/\/www.sonnenseite.com\/de\/zukunft\/warum-solarenergie-der-schluessel-zu-unserem-zukuenftigen-verkehrsnetz-ist\/\",\"name\":\"Warum Solarenergie der Schl\u00fcssel zu unserem zuk\u00fcnftigen Verkehrsnetz ist - Sonnenseite - \u00d6kologische Kommunikation mit Franz Alt\",\"isPartOf\":{\"@id\":\"https:\/\/www.sonnenseite.com\/de\/#website\"},\"primaryImageOfPage\":{\"@id\":\"https:\/\/www.sonnenseite.com\/de\/zukunft\/warum-solarenergie-der-schluessel-zu-unserem-zukuenftigen-verkehrsnetz-ist\/#primaryimage\"},\"image\":{\"@id\":\"https:\/\/www.sonnenseite.com\/de\/zukunft\/warum-solarenergie-der-schluessel-zu-unserem-zukuenftigen-verkehrsnetz-ist\/#primaryimage\"},\"thumbnailUrl\":\"https:\/\/www.sonnenseite.com\/wp-content\/uploads\/2019\/01\/Solarenergie_geralt.jpg\",\"datePublished\":\"2025-03-14T01:44:00+00:00\",\"description\":\"Die synergetische Beziehung zwischen Solard\u00e4chern und Elektrofahrzeugen. Von Philippe Agafonovas ist CEO von SunStyle In Regionen wie Deutschland und\",\"breadcrumb\":{\"@id\":\"https:\/\/www.sonnenseite.com\/de\/zukunft\/warum-solarenergie-der-schluessel-zu-unserem-zukuenftigen-verkehrsnetz-ist\/#breadcrumb\"},\"inLanguage\":\"de\",\"potentialAction\":[{\"@type\":\"ReadAction\",\"target\":[\"https:\/\/www.sonnenseite.com\/de\/zukunft\/warum-solarenergie-der-schluessel-zu-unserem-zukuenftigen-verkehrsnetz-ist\/\"]}]},{\"@type\":\"ImageObject\",\"inLanguage\":\"de\",\"@id\":\"https:\/\/www.sonnenseite.com\/de\/zukunft\/warum-solarenergie-der-schluessel-zu-unserem-zukuenftigen-verkehrsnetz-ist\/#primaryimage\",\"url\":\"https:\/\/www.sonnenseite.com\/wp-content\/uploads\/2019\/01\/Solarenergie_geralt.jpg\",\"contentUrl\":\"https:\/\/www.sonnenseite.com\/wp-content\/uploads\/2019\/01\/Solarenergie_geralt.jpg\",\"width\":770,\"height\":420,\"caption\":\"pixabay.com | geralt\"},{\"@type\":\"BreadcrumbList\",\"@id\":\"https:\/\/www.sonnenseite.com\/de\/zukunft\/warum-solarenergie-der-schluessel-zu-unserem-zukuenftigen-verkehrsnetz-ist\/#breadcrumb\",\"itemListElement\":[{\"@type\":\"ListItem\",\"position\":1,\"name\":\"Startseite\",\"item\":\"https:\/\/www.sonnenseite.com\/de\/\"},{\"@type\":\"ListItem\",\"position\":2,\"name\":\"Warum Solarenergie der Schl\u00fcssel zu unserem zuk\u00fcnftigen Verkehrsnetz ist\"}]},{\"@type\":\"WebSite\",\"@id\":\"https:\/\/www.sonnenseite.com\/de\/#website\",\"url\":\"https:\/\/www.sonnenseite.com\/de\/\",\"name\":\"Sonnenseite\",\"description\":\"\u00d6kologische Kommunikation mit Franz Alt\",\"publisher\":{\"@id\":\"https:\/\/www.sonnenseite.com\/de\/#organization\"},\"potentialAction\":[{\"@type\":\"SearchAction\",\"target\":{\"@type\":\"EntryPoint\",\"urlTemplate\":\"https:\/\/www.sonnenseite.com\/de\/?s={search_term_string}\"},\"query-input\":{\"@type\":\"PropertyValueSpecification\",\"valueRequired\":true,\"valueName\":\"search_term_string\"}}],\"inLanguage\":\"de\"},{\"@type\":\"Organization\",\"@id\":\"https:\/\/www.sonnenseite.com\/de\/#organization\",\"name\":\"Sonnenseite\",\"url\":\"https:\/\/www.sonnenseite.com\/de\/\",\"logo\":{\"@type\":\"ImageObject\",\"inLanguage\":\"de\",\"@id\":\"https:\/\/www.sonnenseite.com\/de\/#\/schema\/logo\/image\/\",\"url\":\"https:\/\/www.sonnenseite.com\/wp-content\/uploads\/2020\/05\/Sonnenseite_Logo.png\",\"contentUrl\":\"https:\/\/www.sonnenseite.com\/wp-content\/uploads\/2020\/05\/Sonnenseite_Logo.png\",\"width\":377,\"height\":90,\"caption\":\"Sonnenseite\"},\"image\":{\"@id\":\"https:\/\/www.sonnenseite.com\/de\/#\/schema\/logo\/image\/\"},\"sameAs\":[\"https:\/\/www.facebook.com\/pages\/Franz-Alt-SONNENSEITECOM\/221072987903953?fref=ts\",\"https:\/\/x.com\/franzalt\",\"http:\/\/www.youtube.com\/results?search_query&amp;amp;quot;franz_alt&amp;amp;quot;&amp;amp;amp;amp;search_type&amp;amp;amp;amp;aq=f\"]},{\"@type\":\"Person\",\"@id\":\"https:\/\/www.sonnenseite.com\/de\/#\/schema\/person\/50fda0e926597684c7cc6695238a4eb9\",\"name\":\"Bigi Alt\"}]}<\/script>\n<!-- \/ Yoast SEO plugin. -->","yoast_head_json":{"title":"Warum Solarenergie der Schl\u00fcssel zu unserem zuk\u00fcnftigen Verkehrsnetz ist - Sonnenseite - \u00d6kologische Kommunikation mit Franz Alt","description":"Die synergetische Beziehung zwischen Solard\u00e4chern und Elektrofahrzeugen. Von Philippe Agafonovas ist CEO von SunStyle In Regionen wie Deutschland und","robots":{"index":"index","follow":"follow","max-snippet":"max-snippet:-1","max-image-preview":"max-image-preview:large","max-video-preview":"max-video-preview:-1"},"canonical":"https:\/\/www.sonnenseite.com\/de\/zukunft\/warum-solarenergie-der-schluessel-zu-unserem-zukuenftigen-verkehrsnetz-ist\/","og_locale":"de_DE","og_type":"article","og_title":"Warum Solarenergie der Schl\u00fcssel zu unserem zuk\u00fcnftigen Verkehrsnetz ist - Sonnenseite - \u00d6kologische Kommunikation mit Franz Alt","og_description":"Die synergetische Beziehung zwischen Solard\u00e4chern und Elektrofahrzeugen. Von Philippe Agafonovas ist CEO von SunStyle In Regionen wie Deutschland und","og_url":"https:\/\/www.sonnenseite.com\/de\/zukunft\/warum-solarenergie-der-schluessel-zu-unserem-zukuenftigen-verkehrsnetz-ist\/","og_site_name":"Sonnenseite","article_publisher":"https:\/\/www.facebook.com\/pages\/Franz-Alt-SONNENSEITECOM\/221072987903953?fref=ts","article_published_time":"2025-03-14T01:44:00+00:00","og_image":[{"width":770,"height":420,"url":"https:\/\/www.sonnenseite.com\/wp-content\/uploads\/2019\/01\/Solarenergie_geralt.jpg","type":"image\/jpeg"}],"author":"Bigi Alt","twitter_card":"summary_large_image","twitter_creator":"@franzalt","twitter_site":"@franzalt","twitter_misc":{"Verfasst von":"Bigi Alt","Gesch\u00e4tzte Lesezeit":"6\u00a0Minuten"},"schema":{"@context":"https:\/\/schema.org","@graph":[{"@type":"Article","@id":"https:\/\/www.sonnenseite.com\/de\/zukunft\/warum-solarenergie-der-schluessel-zu-unserem-zukuenftigen-verkehrsnetz-ist\/#article","isPartOf":{"@id":"https:\/\/www.sonnenseite.com\/de\/zukunft\/warum-solarenergie-der-schluessel-zu-unserem-zukuenftigen-verkehrsnetz-ist\/"},"author":{"name":"Bigi Alt","@id":"https:\/\/www.sonnenseite.com\/de\/#\/schema\/person\/50fda0e926597684c7cc6695238a4eb9"},"headline":"Warum Solarenergie der Schl\u00fcssel zu unserem zuk\u00fcnftigen Verkehrsnetz ist","datePublished":"2025-03-14T01:44:00+00:00","mainEntityOfPage":{"@id":"https:\/\/www.sonnenseite.com\/de\/zukunft\/warum-solarenergie-der-schluessel-zu-unserem-zukuenftigen-verkehrsnetz-ist\/"},"wordCount":942,"publisher":{"@id":"https:\/\/www.sonnenseite.com\/de\/#organization"},"image":{"@id":"https:\/\/www.sonnenseite.com\/de\/zukunft\/warum-solarenergie-der-schluessel-zu-unserem-zukuenftigen-verkehrsnetz-ist\/#primaryimage"},"thumbnailUrl":"https:\/\/www.sonnenseite.com\/wp-content\/uploads\/2019\/01\/Solarenergie_geralt.jpg","articleSection":["Zukunft"],"inLanguage":"de"},{"@type":"WebPage","@id":"https:\/\/www.sonnenseite.com\/de\/zukunft\/warum-solarenergie-der-schluessel-zu-unserem-zukuenftigen-verkehrsnetz-ist\/","url":"https:\/\/www.sonnenseite.com\/de\/zukunft\/warum-solarenergie-der-schluessel-zu-unserem-zukuenftigen-verkehrsnetz-ist\/","name":"Warum Solarenergie der Schl\u00fcssel zu unserem zuk\u00fcnftigen Verkehrsnetz ist - Sonnenseite - \u00d6kologische Kommunikation mit Franz Alt","isPartOf":{"@id":"https:\/\/www.sonnenseite.com\/de\/#website"},"primaryImageOfPage":{"@id":"https:\/\/www.sonnenseite.com\/de\/zukunft\/warum-solarenergie-der-schluessel-zu-unserem-zukuenftigen-verkehrsnetz-ist\/#primaryimage"},"image":{"@id":"https:\/\/www.sonnenseite.com\/de\/zukunft\/warum-solarenergie-der-schluessel-zu-unserem-zukuenftigen-verkehrsnetz-ist\/#primaryimage"},"thumbnailUrl":"https:\/\/www.sonnenseite.com\/wp-content\/uploads\/2019\/01\/Solarenergie_geralt.jpg","datePublished":"2025-03-14T01:44:00+00:00","description":"Die synergetische Beziehung zwischen Solard\u00e4chern und Elektrofahrzeugen. Von Philippe Agafonovas ist CEO von SunStyle In Regionen wie Deutschland und","breadcrumb":{"@id":"https:\/\/www.sonnenseite.com\/de\/zukunft\/warum-solarenergie-der-schluessel-zu-unserem-zukuenftigen-verkehrsnetz-ist\/#breadcrumb"},"inLanguage":"de","potentialAction":[{"@type":"ReadAction","target":["https:\/\/www.sonnenseite.com\/de\/zukunft\/warum-solarenergie-der-schluessel-zu-unserem-zukuenftigen-verkehrsnetz-ist\/"]}]},{"@type":"ImageObject","inLanguage":"de","@id":"https:\/\/www.sonnenseite.com\/de\/zukunft\/warum-solarenergie-der-schluessel-zu-unserem-zukuenftigen-verkehrsnetz-ist\/#primaryimage","url":"https:\/\/www.sonnenseite.com\/wp-content\/uploads\/2019\/01\/Solarenergie_geralt.jpg","contentUrl":"https:\/\/www.sonnenseite.com\/wp-content\/uploads\/2019\/01\/Solarenergie_geralt.jpg","width":770,"height":420,"caption":"pixabay.com | geralt"},{"@type":"BreadcrumbList","@id":"https:\/\/www.sonnenseite.com\/de\/zukunft\/warum-solarenergie-der-schluessel-zu-unserem-zukuenftigen-verkehrsnetz-ist\/#breadcrumb","itemListElement":[{"@type":"ListItem","position":1,"name":"Startseite","item":"https:\/\/www.sonnenseite.com\/de\/"},{"@type":"ListItem","position":2,"name":"Warum Solarenergie der Schl\u00fcssel zu unserem zuk\u00fcnftigen Verkehrsnetz ist"}]},{"@type":"WebSite","@id":"https:\/\/www.sonnenseite.com\/de\/#website","url":"https:\/\/www.sonnenseite.com\/de\/","name":"Sonnenseite","description":"\u00d6kologische Kommunikation mit Franz Alt","publisher":{"@id":"https:\/\/www.sonnenseite.com\/de\/#organization"},"potentialAction":[{"@type":"SearchAction","target":{"@type":"EntryPoint","urlTemplate":"https:\/\/www.sonnenseite.com\/de\/?s={search_term_string}"},"query-input":{"@type":"PropertyValueSpecification","valueRequired":true,"valueName":"search_term_string"}}],"inLanguage":"de"},{"@type":"Organization","@id":"https:\/\/www.sonnenseite.com\/de\/#organization","name":"Sonnenseite","url":"https:\/\/www.sonnenseite.com\/de\/","logo":{"@type":"ImageObject","inLanguage":"de","@id":"https:\/\/www.sonnenseite.com\/de\/#\/schema\/logo\/image\/","url":"https:\/\/www.sonnenseite.com\/wp-content\/uploads\/2020\/05\/Sonnenseite_Logo.png","contentUrl":"https:\/\/www.sonnenseite.com\/wp-content\/uploads\/2020\/05\/Sonnenseite_Logo.png","width":377,"height":90,"caption":"Sonnenseite"},"image":{"@id":"https:\/\/www.sonnenseite.com\/de\/#\/schema\/logo\/image\/"},"sameAs":["https:\/\/www.facebook.com\/pages\/Franz-Alt-SONNENSEITECOM\/221072987903953?fref=ts","https:\/\/x.com\/franzalt","http:\/\/www.youtube.com\/results?search_query&amp;amp;quot;franz_alt&amp;amp;quot;&amp;amp;amp;amp;search_type&amp;amp;amp;amp;aq=f"]},{"@type":"Person","@id":"https:\/\/www.sonnenseite.com\/de\/#\/schema\/person\/50fda0e926597684c7cc6695238a4eb9","name":"Bigi Alt"}]}},"_links":{"self":[{"href":"https:\/\/www.sonnenseite.com\/de\/wp-json\/wp\/v2\/posts\/105767","targetHints":{"allow":["GET"]}}],"collection":[{"href":"https:\/\/www.sonnenseite.com\/de\/wp-json\/wp\/v2\/posts"}],"about":[{"href":"https:\/\/www.sonnenseite.com\/de\/wp-json\/wp\/v2\/types\/post"}],"author":[{"embeddable":true,"href":"https:\/\/www.sonnenseite.com\/de\/wp-json\/wp\/v2\/users\/3"}],"replies":[{"embeddable":true,"href":"https:\/\/www.sonnenseite.com\/de\/wp-json\/wp\/v2\/comments?post=105767"}],"version-history":[{"count":2,"href":"https:\/\/www.sonnenseite.com\/de\/wp-json\/wp\/v2\/posts\/105767\/revisions"}],"predecessor-version":[{"id":105769,"href":"https:\/\/www.sonnenseite.com\/de\/wp-json\/wp\/v2\/posts\/105767\/revisions\/105769"}],"wp:featuredmedia":[{"embeddable":true,"href":"https:\/\/www.sonnenseite.com\/de\/wp-json\/wp\/v2\/media\/12032"}],"wp:attachment":[{"href":"https:\/\/www.sonnenseite.com\/de\/wp-json\/wp\/v2\/media?parent=105767"}],"wp:term":[{"taxonomy":"category","embeddable":true,"href":"https:\/\/www.sonnenseite.com\/de\/wp-json\/wp\/v2\/categories?post=105767"},{"taxonomy":"post_tag","embeddable":true,"href":"https:\/\/www.sonnenseite.com\/de\/wp-json\/wp\/v2\/tags?post=105767"}],"curies":[{"name":"wp","href":"https:\/\/api.w.org\/{rel}","templated":true}]}}