{"id":106199,"date":"2025-04-01T14:32:40","date_gmt":"2025-04-01T12:32:40","guid":{"rendered":"https:\/\/www.sonnenseite.com\/?p=106199"},"modified":"2025-04-01T14:32:41","modified_gmt":"2025-04-01T12:32:41","slug":"michael-sladek-preis-fuer-buergerenergie","status":"publish","type":"post","link":"https:\/\/www.sonnenseite.com\/de\/tipps\/michael-sladek-preis-fuer-buergerenergie\/","title":{"rendered":"Michael-Sladek-Preis f\u00fcr B\u00fcrgerenergie"},"content":{"rendered":"\n<p>Am 16. Mai 2025 wird in Berlin erstmals der mit insgesamt 10.000 \u20ac dotierte \u201eMichael-Sladek-Preis f\u00fcr B\u00fcrgerenergie\u201c im Rahmen des B\u00fcrgerenergie-Konvents durch das B\u00fcndnis B\u00fcrgerenergie in Kooperation mit der Stiftung Neue Energie und der Naturstrom-Stiftung verliehen. <\/p>\n\n\n\n<p>Michael Sladek (1946-2024) hat unz\u00e4hlige Menschen zum Handeln ermutigt, seine Wirkung f\u00fcr eine b\u00fcrgernahe, konsequente Energiewende und effektiven Klimaschutz ist deutlich sichtbar. Mit dem Preis sollen Menschen ausgezeichnet werden, die sich durch seine Worte und Taten haben inspirieren lassen und die B\u00fcrgerenergie in Deutschland durch ihr ehrenamtliches und nebenberufliches Engagement entscheidend mitgepr\u00e4gt haben. Nominierungen werden bis zum 3. April 2025, 12:00 Uhr entgegengenommen. <br><br><strong>Sebastian Sladek<\/strong>, Vorstand der EWS Elektrizit\u00e4tswerke Sch\u00f6nau eG, erkl\u00e4rt: \u201eMein Vater Michael Sladek war seit ihren fr\u00fchsten Anf\u00e4ngen ein passionierter Vordenker und Akteur der B\u00fcrgerenergiewende und hat mit den Elektrizit\u00e4tswerken Sch\u00f6nau ein Unternehmen mitgegr\u00fcndet, das in ihrem 30-j\u00e4hrigen Bestehen den Werten der b\u00fcrgereigenen Energieversorgung immer tief verbunden geblieben ist. Die dezentrale, klimafreundliche und b\u00fcrgernahe Energieversorgung ist f\u00fcr den nachhaltigen Schutz unserer Lebensgrundlagen von immenser Bedeutung. Es freut mich sehr, dass der Michael-Sladek-Preis f\u00fcr B\u00fcrgerenergie einen Beitrag dazu leisten wird, das Erbe meines Vaters in die Zukunft zu tragen.\u201c <br><br><strong>Hermann Falk, <\/strong>Stiftungsvorstand Naturstrom-Stiftung und Gesch\u00e4ftsf\u00fchrendes Stiftungsratsmitglied der Stiftung Neue Energie, erkl\u00e4rt: \u201eGerade heute darf und muss die Energieversorgung demokratisiert werden. Bew\u00e4hrte Bausteine auf diesem Weg sind die Gr\u00fcndung von B\u00fcrgerenergiegenossenschaften und der regionale Netzkauf, wie es die Stromrebellen um Michael Sladek 1997 vorgemacht haben. Wenn diesem B\u00fcrgerengagement jetzt der politische Gegenwind entgegenbl\u00e4st, wissen wir aus geschichtlicher Erfahrung, dass Aufgeben keine Alternative ist.\u201c <br><br><strong>Malte Zieher<\/strong>, Gesch\u00e4ftsf\u00fchrender Vorstand und Senior Berater des B\u00fcndnis B\u00fcrgerenergie e.V., erkl\u00e4rt: \u201eMichael Sladek war ein unerschrockener und erfolgreicher K\u00e4mpfer f\u00fcr die B\u00fcrgerenergie und dem B\u00fcndnis B\u00fcrgerenergie als Mitgr\u00fcnder, Vorstand und Aufsichtsrat sehr verbunden. Es ist uns eine gro\u00dfe Ehre, dass wir gemeinsam mit der Stiftung Neue Energie und der Naturstrom-Stiftung den Michael-Sladek-Preis auf dem B\u00fcrgerenergie-Konvent verleihen k\u00f6nnen.\u201c <\/p>\n\n\n\n<ul class=\"wp-block-list\">\n<li><strong>Nominierung<\/strong> <br>Nominierungen werden bis zum 3. April 2025 um 12:00 Uhr entgegengenommen. Die Jury kann den Preis nur an Menschen vergeben, die von mindestens drei Personen nominiert wurden. Daher bitten wir um m\u00f6glichst viele Nominierungen. <a href=\"https:\/\/forms.office.com\/pages\/responsepage.aspx?id=3slB64Ux9kS5tNYuEkYqVR8sm_WFphZErlkEWZsYu-NURTcwSUFPMFdKT1MzSTdDTVg0RlgwR0swWC4u&amp;route=shorturl\">Jetzt Menschen f\u00fcr den Michael-Sladek-Preis nominieren.<\/a> <\/li>\n\n\n\n<li><strong>Preisverleihung<\/strong> Der Preis wird am 16. Mai 2025 um 19:30 Uhr im Rahmen des B\u00fcrgerenergie-Konvents an mehrere Menschen verliehen und ist mit insgesamt 10.000 \u20ac dotiert. Veranstaltungsort: Festsaal der Berliner Stadtmission, Lehrter Stra\u00dfe 68, 10557 Berlin. <\/li>\n<\/ul>\n\n\n\n<p><\/p>\n\n\n\n<hr class=\"wp-block-separator has-alpha-channel-opacity\"\/>\n\n\n<div class=\"wp-block-image\">\n<figure class=\"alignleft size-full is-resized\"><img loading=\"lazy\" decoding=\"async\" width=\"770\" height=\"420\" src=\"https:\/\/www.sonnenseite.com\/wp-content\/uploads\/2024\/09\/michael-sladek1946-2024.jpg\" alt=\"ews-schoenau.de\" class=\"wp-image-102098\" style=\"width:298px;height:auto\" srcset=\"https:\/\/www.sonnenseite.com\/wp-content\/uploads\/2024\/09\/michael-sladek1946-2024.jpg 770w, https:\/\/www.sonnenseite.com\/wp-content\/uploads\/2024\/09\/michael-sladek1946-2024-300x164.jpg 300w, https:\/\/www.sonnenseite.com\/wp-content\/uploads\/2024\/09\/michael-sladek1946-2024-768x419.jpg 768w\" sizes=\"auto, (max-width: 770px) 100vw, 770px\" \/><figcaption class=\"wp-element-caption\">Elektrizit\u00e4tswerke Sch\u00f6nau (EWS) | ews-schoenau.de | Michael Sladek *\u202f1946  \u271d\ufe0e\ufe0e\u202f2024<\/figcaption><\/figure>\n<\/div>\n\n\n<p><strong>Michael Sladek<\/strong> war Sch\u00f6nauer Stromrebell, Mitgr\u00fcnder der Elektrizit\u00e4tswerke Sch\u00f6nau (EWS) und dem B\u00fcndnis B\u00fcrgerenergie als Mitgr\u00fcnder, Vorstand und Aufsichtsrat sehr verbunden. <br><br>Nach der Atomkatastrophe von Tschernobyl haben Michael Sladek und seine Frau Ursula gemeinsam mit anderen Sch\u00f6nauer B\u00fcrger*innen die Sch\u00f6nauer Energieinitiativen gegr\u00fcndet, um sich aktiv gegen Atomkraft und f\u00fcr eine menschen- und umweltfreundliche Energieversorgung einzusetzen. 1997 konnten die von den Mitgliedern der B\u00fcrgerinitiative gegr\u00fcndeten Elektrizit\u00e4tswerke Sch\u00f6nau (EWS) nach langj\u00e4hrigen Auseinandersetzungen und zwei gewonnenen B\u00fcrgerentscheiden das Sch\u00f6nauer Stromnetz \u00fcbernehmen und in den folgenden Jahren einen bundesweit aktiven \u00f6kologischen und genossenschaftlich organisierten Energieversorger aufbauen. <br><br>Ihr unerm\u00fcdliches und leidenschaftliches Engagement machten Michael Sladek und die Sch\u00f6nauer B\u00fcrgerinitiative bundesweit als Stromrebellen bekannt. Er ermutigte und unterst\u00fctzte viele Menschen und Initiativen in ganz Deutschland dabei, sich selbst aktiv f\u00fcr eine b\u00fcrgereigene und klimafreundliche Energieversorgung einzusetzen. Trotz seines vielf\u00e4ltigen Engagements hat er niemals seine Arbeit als Arzt aufgegeben. Michael Sladek verstarb am 24. September 2024 nach schwerer Krankheit in seiner Heimat im Schwarzwald. Doch sein Schaffen wirkt nach. Unz\u00e4hlige Menschen haben sich von ihm inspirieren lassen.<\/p>\n\n\n\n<ul class=\"wp-block-list\">\n<li>Mehr Informationen \u00fcber\u00a0<a href=\"https:\/\/www.ews-schoenau.de\/ews\/wir-trauern-um-michael-sladek\/\">Michael Sladek<\/a> <\/li>\n\n\n\n<li>Das <a href=\"https:\/\/www.buendnis-buergerenergie.de\/konvent\/konvent-2025\/programm\">Programm<\/a> des B\u00fcrgerenergie-Konvents und <a href=\"https:\/\/www.buendnis-buergerenergie.de\/konvent\/konvent-2025\">weitere Informationen zur Veranstaltung<\/a> finden sich hier.\u00a0<\/li>\n<\/ul>\n\n\n<h5 class=\"green\">Quelle<\/h5>\r\n\n\n\n<p><a href=\"https:\/\/www.buendnis-buergerenergie.de\/\">B\u00fcndnis B\u00fcrgerenergie (BBEn) e.V. 2025<\/a><\/p>\n<div class=\"shariff shariff-align-flex-start shariff-widget-align-flex-start\"><div class=\"ShariffHeadline\">Diese Meldung teilen<\/div><ul class=\"shariff-buttons theme-round orientation-horizontal buttonsize-medium\"><li class=\"shariff-button facebook shariff-nocustomcolor\" style=\"background-color:#4273c8;border-radius:1%\"><a href=\"https:\/\/www.facebook.com\/sharer\/sharer.php?u=https%3A%2F%2Fwww.sonnenseite.com%2Fde%2Ftipps%2Fmichael-sladek-preis-fuer-buergerenergie%2F\" title=\"Bei Facebook teilen\" aria-label=\"Bei Facebook teilen\" role=\"button\" rel=\"nofollow\" class=\"shariff-link\" style=\";border-radius:1%; background-color:#3b5998; color:#fff\" target=\"_blank\"><span class=\"shariff-icon\" style=\"\"><svg width=\"32px\" height=\"20px\" xmlns=\"http:\/\/www.w3.org\/2000\/svg\" viewBox=\"0 0 18 32\"><path fill=\"#3b5998\" d=\"M17.1 0.2v4.7h-2.8q-1.5 0-2.1 0.6t-0.5 1.9v3.4h5.2l-0.7 5.3h-4.5v13.6h-5.5v-13.6h-4.5v-5.3h4.5v-3.9q0-3.3 1.9-5.2t5-1.8q2.6 0 4.1 0.2z\"\/><\/svg><\/span><\/a><\/li><li class=\"shariff-button twitter shariff-nocustomcolor\" style=\"background-color:#595959;border-radius:1%\"><a href=\"https:\/\/twitter.com\/share?url=https%3A%2F%2Fwww.sonnenseite.com%2Fde%2Ftipps%2Fmichael-sladek-preis-fuer-buergerenergie%2F&text=Michael-Sladek-Preis%20f%C3%BCr%20B%C3%BCrgerenergie\" title=\"Bei X teilen\" aria-label=\"Bei X teilen\" role=\"button\" rel=\"noopener nofollow\" class=\"shariff-link\" style=\";border-radius:1%; background-color:#000; color:#fff\" target=\"_blank\"><span class=\"shariff-icon\" style=\"\"><svg width=\"32px\" height=\"20px\" xmlns=\"http:\/\/www.w3.org\/2000\/svg\" viewBox=\"0 0 24 24\"><path fill=\"#000\" d=\"M14.258 10.152L23.176 0h-2.113l-7.747 8.813L7.133 0H0l9.352 13.328L0 23.973h2.113l8.176-9.309 6.531 9.309h7.133zm-2.895 3.293l-.949-1.328L2.875 1.56h3.246l6.086 8.523.945 1.328 7.91 11.078h-3.246zm0 0\"\/><\/svg><\/span><\/a><\/li><li class=\"shariff-button xing shariff-nocustomcolor\" style=\"background-color:#29888a;border-radius:1%\"><a href=\"https:\/\/www.xing.com\/spi\/shares\/new?url=https%3A%2F%2Fwww.sonnenseite.com%2Fde%2Ftipps%2Fmichael-sladek-preis-fuer-buergerenergie%2F\" title=\"Bei XING teilen\" aria-label=\"Bei XING teilen\" role=\"button\" rel=\"noopener nofollow\" class=\"shariff-link\" style=\";border-radius:1%; background-color:#126567; color:#fff\" target=\"_blank\"><span class=\"shariff-icon\" style=\"\"><svg width=\"32px\" height=\"20px\" xmlns=\"http:\/\/www.w3.org\/2000\/svg\" viewBox=\"0 0 25 32\"><path fill=\"#126567\" d=\"M10.7 11.9q-0.2 0.3-4.6 8.2-0.5 0.8-1.2 0.8h-4.3q-0.4 0-0.5-0.3t0-0.6l4.5-8q0 0 0 0l-2.9-5q-0.2-0.4 0-0.7 0.2-0.3 0.5-0.3h4.3q0.7 0 1.2 0.8zM25.1 0.4q0.2 0.3 0 0.7l-9.4 16.7 6 11q0.2 0.4 0 0.6-0.2 0.3-0.6 0.3h-4.3q-0.7 0-1.2-0.8l-6-11.1q0.3-0.6 9.5-16.8 0.4-0.8 1.2-0.8h4.3q0.4 0 0.5 0.3z\"\/><\/svg><\/span><\/a><\/li><li class=\"shariff-button linkedin shariff-nocustomcolor\" style=\"background-color:#1488bf;border-radius:1%\"><a href=\"https:\/\/www.linkedin.com\/sharing\/share-offsite\/?url=https%3A%2F%2Fwww.sonnenseite.com%2Fde%2Ftipps%2Fmichael-sladek-preis-fuer-buergerenergie%2F\" title=\"Bei LinkedIn teilen\" aria-label=\"Bei LinkedIn teilen\" role=\"button\" rel=\"noopener nofollow\" class=\"shariff-link\" style=\";border-radius:1%; background-color:#0077b5; color:#fff\" target=\"_blank\"><span class=\"shariff-icon\" style=\"\"><svg width=\"32px\" height=\"20px\" xmlns=\"http:\/\/www.w3.org\/2000\/svg\" viewBox=\"0 0 27 32\"><path fill=\"#0077b5\" d=\"M6.2 11.2v17.7h-5.9v-17.7h5.9zM6.6 5.7q0 1.3-0.9 2.2t-2.4 0.9h0q-1.5 0-2.4-0.9t-0.9-2.2 0.9-2.2 2.4-0.9 2.4 0.9 0.9 2.2zM27.4 18.7v10.1h-5.9v-9.5q0-1.9-0.7-2.9t-2.3-1.1q-1.1 0-1.9 0.6t-1.2 1.5q-0.2 0.5-0.2 1.4v9.9h-5.9q0-7.1 0-11.6t0-5.3l0-0.9h5.9v2.6h0q0.4-0.6 0.7-1t1-0.9 1.6-0.8 2-0.3q3 0 4.9 2t1.9 6z\"\/><\/svg><\/span><\/a><\/li><li class=\"shariff-button printer shariff-nocustomcolor\" style=\"background-color:#a8a8a8;border-radius:1%\"><a href=\"javascript:window.print()\" title=\"drucken\" aria-label=\"drucken\" role=\"button\" rel=\"noopener nofollow\" class=\"shariff-link\" style=\";border-radius:1%; background-color:#999; color:#fff\"><span class=\"shariff-icon\" style=\"\"><svg width=\"32px\" height=\"20px\" xmlns=\"http:\/\/www.w3.org\/2000\/svg\" viewBox=\"0 0 30 32\"><path fill=\"#999\" d=\"M6.8 27.4h16v-4.6h-16v4.6zM6.8 16h16v-6.8h-2.8q-0.7 0-1.2-0.5t-0.5-1.2v-2.8h-11.4v11.4zM27.4 17.2q0-0.5-0.3-0.8t-0.8-0.4-0.8 0.4-0.3 0.8 0.3 0.8 0.8 0.3 0.8-0.3 0.3-0.8zM29.7 17.2v7.4q0 0.2-0.2 0.4t-0.4 0.2h-4v2.8q0 0.7-0.5 1.2t-1.2 0.5h-17.2q-0.7 0-1.2-0.5t-0.5-1.2v-2.8h-4q-0.2 0-0.4-0.2t-0.2-0.4v-7.4q0-1.4 1-2.4t2.4-1h1.2v-9.7q0-0.7 0.5-1.2t1.2-0.5h12q0.7 0 1.6 0.4t1.3 0.8l2.7 2.7q0.5 0.5 0.9 1.4t0.4 1.6v4.6h1.1q1.4 0 2.4 1t1 2.4z\"\/><\/svg><\/span><\/a><\/li><li class=\"shariff-button mailto shariff-nocustomcolor\" style=\"background-color:#a8a8a8;border-radius:1%\"><a href=\"mailto:?body=https%3A%2F%2Fwww.sonnenseite.com%2Fde%2Ftipps%2Fmichael-sladek-preis-fuer-buergerenergie%2F&subject=Michael-Sladek-Preis%20f%C3%BCr%20B%C3%BCrgerenergie\" title=\"Per E-Mail versenden\" aria-label=\"Per E-Mail versenden\" role=\"button\" rel=\"noopener nofollow\" class=\"shariff-link\" style=\";border-radius:1%; background-color:#999; color:#fff\"><span class=\"shariff-icon\" style=\"\"><svg width=\"32px\" height=\"20px\" xmlns=\"http:\/\/www.w3.org\/2000\/svg\" viewBox=\"0 0 32 32\"><path fill=\"#999\" d=\"M32 12.7v14.2q0 1.2-0.8 2t-2 0.9h-26.3q-1.2 0-2-0.9t-0.8-2v-14.2q0.8 0.9 1.8 1.6 6.5 4.4 8.9 6.1 1 0.8 1.6 1.2t1.7 0.9 2 0.4h0.1q0.9 0 2-0.4t1.7-0.9 1.6-1.2q3-2.2 8.9-6.1 1-0.7 1.8-1.6zM32 7.4q0 1.4-0.9 2.7t-2.2 2.2q-6.7 4.7-8.4 5.8-0.2 0.1-0.7 0.5t-1 0.7-0.9 0.6-1.1 0.5-0.9 0.2h-0.1q-0.4 0-0.9-0.2t-1.1-0.5-0.9-0.6-1-0.7-0.7-0.5q-1.6-1.1-4.7-3.2t-3.6-2.6q-1.1-0.7-2.1-2t-1-2.5q0-1.4 0.7-2.3t2.1-0.9h26.3q1.2 0 2 0.8t0.9 2z\"\/><\/svg><\/span><\/a><\/li><\/ul><\/div>","protected":false},"excerpt":{"rendered":"<p>Am 16. Mai 2025 wird in Berlin erstmals der mit insgesamt 10.000 \u20ac dotierte \u201eMichael-Sladek-Preis f\u00fcr [&hellip;]<\/p>\n","protected":false},"author":3,"featured_media":106201,"comment_status":"closed","ping_status":"closed","sticky":false,"template":"","format":"standard","meta":{"inline_featured_image":false,"footnotes":""},"categories":[28],"tags":[],"class_list":["post-106199","post","type-post","status-publish","format-standard","has-post-thumbnail","hentry","category-tipps"],"yoast_head":"<!-- This site is optimized with the Yoast SEO plugin v26.5 - https:\/\/yoast.com\/wordpress\/plugins\/seo\/ -->\n<title>Michael-Sladek-Preis f\u00fcr B\u00fcrgerenergie - Sonnenseite - \u00d6kologische Kommunikation mit Franz Alt<\/title>\n<meta name=\"description\" content=\"Am 16. Mai 2025 wird in Berlin erstmals der mit insgesamt 10.000 \u20ac dotierte \u201eMichael-Sladek-Preis f\u00fcr B\u00fcrgerenergie\u201c im Rahmen des B\u00fcrgerenergie-Konvents\" \/>\n<meta name=\"robots\" content=\"index, follow, max-snippet:-1, max-image-preview:large, max-video-preview:-1\" \/>\n<link rel=\"canonical\" href=\"https:\/\/www.sonnenseite.com\/de\/tipps\/michael-sladek-preis-fuer-buergerenergie\/\" \/>\n<meta property=\"og:locale\" content=\"de_DE\" \/>\n<meta property=\"og:type\" content=\"article\" \/>\n<meta property=\"og:title\" content=\"Michael-Sladek-Preis f\u00fcr B\u00fcrgerenergie - Sonnenseite - \u00d6kologische Kommunikation mit Franz Alt\" \/>\n<meta property=\"og:description\" content=\"Am 16. Mai 2025 wird in Berlin erstmals der mit insgesamt 10.000 \u20ac dotierte \u201eMichael-Sladek-Preis f\u00fcr B\u00fcrgerenergie\u201c im Rahmen des B\u00fcrgerenergie-Konvents\" \/>\n<meta property=\"og:url\" content=\"https:\/\/www.sonnenseite.com\/de\/tipps\/michael-sladek-preis-fuer-buergerenergie\/\" \/>\n<meta property=\"og:site_name\" content=\"Sonnenseite\" \/>\n<meta property=\"article:publisher\" content=\"https:\/\/www.facebook.com\/pages\/Franz-Alt-SONNENSEITECOM\/221072987903953?fref=ts\" \/>\n<meta property=\"article:published_time\" content=\"2025-04-01T12:32:40+00:00\" \/>\n<meta property=\"article:modified_time\" content=\"2025-04-01T12:32:41+00:00\" \/>\n<meta property=\"og:image\" content=\"https:\/\/www.sonnenseite.com\/wp-content\/uploads\/2025\/04\/Michael-Sladek-Preis01-2025.jpg\" \/>\n\t<meta property=\"og:image:width\" content=\"770\" \/>\n\t<meta property=\"og:image:height\" content=\"420\" \/>\n\t<meta property=\"og:image:type\" content=\"image\/jpeg\" \/>\n<meta name=\"author\" content=\"Bigi Alt\" \/>\n<meta name=\"twitter:card\" content=\"summary_large_image\" \/>\n<meta name=\"twitter:creator\" content=\"@franzalt\" \/>\n<meta name=\"twitter:site\" content=\"@franzalt\" \/>\n<meta name=\"twitter:label1\" content=\"Verfasst von\" \/>\n\t<meta name=\"twitter:data1\" content=\"Bigi Alt\" \/>\n\t<meta name=\"twitter:label2\" content=\"Gesch\u00e4tzte Lesezeit\" \/>\n\t<meta name=\"twitter:data2\" content=\"4\u00a0Minuten\" \/>\n<script type=\"application\/ld+json\" class=\"yoast-schema-graph\">{\"@context\":\"https:\/\/schema.org\",\"@graph\":[{\"@type\":\"Article\",\"@id\":\"https:\/\/www.sonnenseite.com\/de\/tipps\/michael-sladek-preis-fuer-buergerenergie\/#article\",\"isPartOf\":{\"@id\":\"https:\/\/www.sonnenseite.com\/de\/tipps\/michael-sladek-preis-fuer-buergerenergie\/\"},\"author\":{\"name\":\"Bigi Alt\",\"@id\":\"https:\/\/www.sonnenseite.com\/de\/#\/schema\/person\/50fda0e926597684c7cc6695238a4eb9\"},\"headline\":\"Michael-Sladek-Preis f\u00fcr B\u00fcrgerenergie\",\"datePublished\":\"2025-04-01T12:32:40+00:00\",\"dateModified\":\"2025-04-01T12:32:41+00:00\",\"mainEntityOfPage\":{\"@id\":\"https:\/\/www.sonnenseite.com\/de\/tipps\/michael-sladek-preis-fuer-buergerenergie\/\"},\"wordCount\":653,\"publisher\":{\"@id\":\"https:\/\/www.sonnenseite.com\/de\/#organization\"},\"image\":{\"@id\":\"https:\/\/www.sonnenseite.com\/de\/tipps\/michael-sladek-preis-fuer-buergerenergie\/#primaryimage\"},\"thumbnailUrl\":\"https:\/\/www.sonnenseite.com\/wp-content\/uploads\/2025\/04\/Michael-Sladek-Preis01-2025.jpg\",\"articleSection\":[\"Tipps\"],\"inLanguage\":\"de\"},{\"@type\":\"WebPage\",\"@id\":\"https:\/\/www.sonnenseite.com\/de\/tipps\/michael-sladek-preis-fuer-buergerenergie\/\",\"url\":\"https:\/\/www.sonnenseite.com\/de\/tipps\/michael-sladek-preis-fuer-buergerenergie\/\",\"name\":\"Michael-Sladek-Preis f\u00fcr B\u00fcrgerenergie - Sonnenseite - \u00d6kologische Kommunikation mit Franz Alt\",\"isPartOf\":{\"@id\":\"https:\/\/www.sonnenseite.com\/de\/#website\"},\"primaryImageOfPage\":{\"@id\":\"https:\/\/www.sonnenseite.com\/de\/tipps\/michael-sladek-preis-fuer-buergerenergie\/#primaryimage\"},\"image\":{\"@id\":\"https:\/\/www.sonnenseite.com\/de\/tipps\/michael-sladek-preis-fuer-buergerenergie\/#primaryimage\"},\"thumbnailUrl\":\"https:\/\/www.sonnenseite.com\/wp-content\/uploads\/2025\/04\/Michael-Sladek-Preis01-2025.jpg\",\"datePublished\":\"2025-04-01T12:32:40+00:00\",\"dateModified\":\"2025-04-01T12:32:41+00:00\",\"description\":\"Am 16. Mai 2025 wird in Berlin erstmals der mit insgesamt 10.000 \u20ac dotierte \u201eMichael-Sladek-Preis f\u00fcr B\u00fcrgerenergie\u201c im Rahmen des B\u00fcrgerenergie-Konvents\",\"breadcrumb\":{\"@id\":\"https:\/\/www.sonnenseite.com\/de\/tipps\/michael-sladek-preis-fuer-buergerenergie\/#breadcrumb\"},\"inLanguage\":\"de\",\"potentialAction\":[{\"@type\":\"ReadAction\",\"target\":[\"https:\/\/www.sonnenseite.com\/de\/tipps\/michael-sladek-preis-fuer-buergerenergie\/\"]}]},{\"@type\":\"ImageObject\",\"inLanguage\":\"de\",\"@id\":\"https:\/\/www.sonnenseite.com\/de\/tipps\/michael-sladek-preis-fuer-buergerenergie\/#primaryimage\",\"url\":\"https:\/\/www.sonnenseite.com\/wp-content\/uploads\/2025\/04\/Michael-Sladek-Preis01-2025.jpg\",\"contentUrl\":\"https:\/\/www.sonnenseite.com\/wp-content\/uploads\/2025\/04\/Michael-Sladek-Preis01-2025.jpg\",\"width\":770,\"height\":420,\"caption\":\"B\u00fcndnis B\u00fcrgerenergie (BBEn) e.V.\"},{\"@type\":\"BreadcrumbList\",\"@id\":\"https:\/\/www.sonnenseite.com\/de\/tipps\/michael-sladek-preis-fuer-buergerenergie\/#breadcrumb\",\"itemListElement\":[{\"@type\":\"ListItem\",\"position\":1,\"name\":\"Startseite\",\"item\":\"https:\/\/www.sonnenseite.com\/de\/\"},{\"@type\":\"ListItem\",\"position\":2,\"name\":\"Michael-Sladek-Preis f\u00fcr B\u00fcrgerenergie\"}]},{\"@type\":\"WebSite\",\"@id\":\"https:\/\/www.sonnenseite.com\/de\/#website\",\"url\":\"https:\/\/www.sonnenseite.com\/de\/\",\"name\":\"Sonnenseite\",\"description\":\"\u00d6kologische Kommunikation mit Franz Alt\",\"publisher\":{\"@id\":\"https:\/\/www.sonnenseite.com\/de\/#organization\"},\"potentialAction\":[{\"@type\":\"SearchAction\",\"target\":{\"@type\":\"EntryPoint\",\"urlTemplate\":\"https:\/\/www.sonnenseite.com\/de\/?s={search_term_string}\"},\"query-input\":{\"@type\":\"PropertyValueSpecification\",\"valueRequired\":true,\"valueName\":\"search_term_string\"}}],\"inLanguage\":\"de\"},{\"@type\":\"Organization\",\"@id\":\"https:\/\/www.sonnenseite.com\/de\/#organization\",\"name\":\"Sonnenseite\",\"url\":\"https:\/\/www.sonnenseite.com\/de\/\",\"logo\":{\"@type\":\"ImageObject\",\"inLanguage\":\"de\",\"@id\":\"https:\/\/www.sonnenseite.com\/de\/#\/schema\/logo\/image\/\",\"url\":\"https:\/\/www.sonnenseite.com\/wp-content\/uploads\/2020\/05\/Sonnenseite_Logo.png\",\"contentUrl\":\"https:\/\/www.sonnenseite.com\/wp-content\/uploads\/2020\/05\/Sonnenseite_Logo.png\",\"width\":377,\"height\":90,\"caption\":\"Sonnenseite\"},\"image\":{\"@id\":\"https:\/\/www.sonnenseite.com\/de\/#\/schema\/logo\/image\/\"},\"sameAs\":[\"https:\/\/www.facebook.com\/pages\/Franz-Alt-SONNENSEITECOM\/221072987903953?fref=ts\",\"https:\/\/x.com\/franzalt\",\"http:\/\/www.youtube.com\/results?search_query&amp;amp;quot;franz_alt&amp;amp;quot;&amp;amp;amp;amp;search_type&amp;amp;amp;amp;aq=f\"]},{\"@type\":\"Person\",\"@id\":\"https:\/\/www.sonnenseite.com\/de\/#\/schema\/person\/50fda0e926597684c7cc6695238a4eb9\",\"name\":\"Bigi Alt\"}]}<\/script>\n<!-- \/ Yoast SEO plugin. -->","yoast_head_json":{"title":"Michael-Sladek-Preis f\u00fcr B\u00fcrgerenergie - Sonnenseite - \u00d6kologische Kommunikation mit Franz Alt","description":"Am 16. Mai 2025 wird in Berlin erstmals der mit insgesamt 10.000 \u20ac dotierte \u201eMichael-Sladek-Preis f\u00fcr B\u00fcrgerenergie\u201c im Rahmen des B\u00fcrgerenergie-Konvents","robots":{"index":"index","follow":"follow","max-snippet":"max-snippet:-1","max-image-preview":"max-image-preview:large","max-video-preview":"max-video-preview:-1"},"canonical":"https:\/\/www.sonnenseite.com\/de\/tipps\/michael-sladek-preis-fuer-buergerenergie\/","og_locale":"de_DE","og_type":"article","og_title":"Michael-Sladek-Preis f\u00fcr B\u00fcrgerenergie - Sonnenseite - \u00d6kologische Kommunikation mit Franz Alt","og_description":"Am 16. Mai 2025 wird in Berlin erstmals der mit insgesamt 10.000 \u20ac dotierte \u201eMichael-Sladek-Preis f\u00fcr B\u00fcrgerenergie\u201c im Rahmen des B\u00fcrgerenergie-Konvents","og_url":"https:\/\/www.sonnenseite.com\/de\/tipps\/michael-sladek-preis-fuer-buergerenergie\/","og_site_name":"Sonnenseite","article_publisher":"https:\/\/www.facebook.com\/pages\/Franz-Alt-SONNENSEITECOM\/221072987903953?fref=ts","article_published_time":"2025-04-01T12:32:40+00:00","article_modified_time":"2025-04-01T12:32:41+00:00","og_image":[{"width":770,"height":420,"url":"https:\/\/www.sonnenseite.com\/wp-content\/uploads\/2025\/04\/Michael-Sladek-Preis01-2025.jpg","type":"image\/jpeg"}],"author":"Bigi Alt","twitter_card":"summary_large_image","twitter_creator":"@franzalt","twitter_site":"@franzalt","twitter_misc":{"Verfasst von":"Bigi Alt","Gesch\u00e4tzte Lesezeit":"4\u00a0Minuten"},"schema":{"@context":"https:\/\/schema.org","@graph":[{"@type":"Article","@id":"https:\/\/www.sonnenseite.com\/de\/tipps\/michael-sladek-preis-fuer-buergerenergie\/#article","isPartOf":{"@id":"https:\/\/www.sonnenseite.com\/de\/tipps\/michael-sladek-preis-fuer-buergerenergie\/"},"author":{"name":"Bigi Alt","@id":"https:\/\/www.sonnenseite.com\/de\/#\/schema\/person\/50fda0e926597684c7cc6695238a4eb9"},"headline":"Michael-Sladek-Preis f\u00fcr B\u00fcrgerenergie","datePublished":"2025-04-01T12:32:40+00:00","dateModified":"2025-04-01T12:32:41+00:00","mainEntityOfPage":{"@id":"https:\/\/www.sonnenseite.com\/de\/tipps\/michael-sladek-preis-fuer-buergerenergie\/"},"wordCount":653,"publisher":{"@id":"https:\/\/www.sonnenseite.com\/de\/#organization"},"image":{"@id":"https:\/\/www.sonnenseite.com\/de\/tipps\/michael-sladek-preis-fuer-buergerenergie\/#primaryimage"},"thumbnailUrl":"https:\/\/www.sonnenseite.com\/wp-content\/uploads\/2025\/04\/Michael-Sladek-Preis01-2025.jpg","articleSection":["Tipps"],"inLanguage":"de"},{"@type":"WebPage","@id":"https:\/\/www.sonnenseite.com\/de\/tipps\/michael-sladek-preis-fuer-buergerenergie\/","url":"https:\/\/www.sonnenseite.com\/de\/tipps\/michael-sladek-preis-fuer-buergerenergie\/","name":"Michael-Sladek-Preis f\u00fcr B\u00fcrgerenergie - Sonnenseite - \u00d6kologische Kommunikation mit Franz Alt","isPartOf":{"@id":"https:\/\/www.sonnenseite.com\/de\/#website"},"primaryImageOfPage":{"@id":"https:\/\/www.sonnenseite.com\/de\/tipps\/michael-sladek-preis-fuer-buergerenergie\/#primaryimage"},"image":{"@id":"https:\/\/www.sonnenseite.com\/de\/tipps\/michael-sladek-preis-fuer-buergerenergie\/#primaryimage"},"thumbnailUrl":"https:\/\/www.sonnenseite.com\/wp-content\/uploads\/2025\/04\/Michael-Sladek-Preis01-2025.jpg","datePublished":"2025-04-01T12:32:40+00:00","dateModified":"2025-04-01T12:32:41+00:00","description":"Am 16. Mai 2025 wird in Berlin erstmals der mit insgesamt 10.000 \u20ac dotierte \u201eMichael-Sladek-Preis f\u00fcr B\u00fcrgerenergie\u201c im Rahmen des B\u00fcrgerenergie-Konvents","breadcrumb":{"@id":"https:\/\/www.sonnenseite.com\/de\/tipps\/michael-sladek-preis-fuer-buergerenergie\/#breadcrumb"},"inLanguage":"de","potentialAction":[{"@type":"ReadAction","target":["https:\/\/www.sonnenseite.com\/de\/tipps\/michael-sladek-preis-fuer-buergerenergie\/"]}]},{"@type":"ImageObject","inLanguage":"de","@id":"https:\/\/www.sonnenseite.com\/de\/tipps\/michael-sladek-preis-fuer-buergerenergie\/#primaryimage","url":"https:\/\/www.sonnenseite.com\/wp-content\/uploads\/2025\/04\/Michael-Sladek-Preis01-2025.jpg","contentUrl":"https:\/\/www.sonnenseite.com\/wp-content\/uploads\/2025\/04\/Michael-Sladek-Preis01-2025.jpg","width":770,"height":420,"caption":"B\u00fcndnis B\u00fcrgerenergie (BBEn) e.V."},{"@type":"BreadcrumbList","@id":"https:\/\/www.sonnenseite.com\/de\/tipps\/michael-sladek-preis-fuer-buergerenergie\/#breadcrumb","itemListElement":[{"@type":"ListItem","position":1,"name":"Startseite","item":"https:\/\/www.sonnenseite.com\/de\/"},{"@type":"ListItem","position":2,"name":"Michael-Sladek-Preis f\u00fcr B\u00fcrgerenergie"}]},{"@type":"WebSite","@id":"https:\/\/www.sonnenseite.com\/de\/#website","url":"https:\/\/www.sonnenseite.com\/de\/","name":"Sonnenseite","description":"\u00d6kologische Kommunikation mit Franz Alt","publisher":{"@id":"https:\/\/www.sonnenseite.com\/de\/#organization"},"potentialAction":[{"@type":"SearchAction","target":{"@type":"EntryPoint","urlTemplate":"https:\/\/www.sonnenseite.com\/de\/?s={search_term_string}"},"query-input":{"@type":"PropertyValueSpecification","valueRequired":true,"valueName":"search_term_string"}}],"inLanguage":"de"},{"@type":"Organization","@id":"https:\/\/www.sonnenseite.com\/de\/#organization","name":"Sonnenseite","url":"https:\/\/www.sonnenseite.com\/de\/","logo":{"@type":"ImageObject","inLanguage":"de","@id":"https:\/\/www.sonnenseite.com\/de\/#\/schema\/logo\/image\/","url":"https:\/\/www.sonnenseite.com\/wp-content\/uploads\/2020\/05\/Sonnenseite_Logo.png","contentUrl":"https:\/\/www.sonnenseite.com\/wp-content\/uploads\/2020\/05\/Sonnenseite_Logo.png","width":377,"height":90,"caption":"Sonnenseite"},"image":{"@id":"https:\/\/www.sonnenseite.com\/de\/#\/schema\/logo\/image\/"},"sameAs":["https:\/\/www.facebook.com\/pages\/Franz-Alt-SONNENSEITECOM\/221072987903953?fref=ts","https:\/\/x.com\/franzalt","http:\/\/www.youtube.com\/results?search_query&amp;amp;quot;franz_alt&amp;amp;quot;&amp;amp;amp;amp;search_type&amp;amp;amp;amp;aq=f"]},{"@type":"Person","@id":"https:\/\/www.sonnenseite.com\/de\/#\/schema\/person\/50fda0e926597684c7cc6695238a4eb9","name":"Bigi Alt"}]}},"_links":{"self":[{"href":"https:\/\/www.sonnenseite.com\/de\/wp-json\/wp\/v2\/posts\/106199","targetHints":{"allow":["GET"]}}],"collection":[{"href":"https:\/\/www.sonnenseite.com\/de\/wp-json\/wp\/v2\/posts"}],"about":[{"href":"https:\/\/www.sonnenseite.com\/de\/wp-json\/wp\/v2\/types\/post"}],"author":[{"embeddable":true,"href":"https:\/\/www.sonnenseite.com\/de\/wp-json\/wp\/v2\/users\/3"}],"replies":[{"embeddable":true,"href":"https:\/\/www.sonnenseite.com\/de\/wp-json\/wp\/v2\/comments?post=106199"}],"version-history":[{"count":2,"href":"https:\/\/www.sonnenseite.com\/de\/wp-json\/wp\/v2\/posts\/106199\/revisions"}],"predecessor-version":[{"id":106203,"href":"https:\/\/www.sonnenseite.com\/de\/wp-json\/wp\/v2\/posts\/106199\/revisions\/106203"}],"wp:featuredmedia":[{"embeddable":true,"href":"https:\/\/www.sonnenseite.com\/de\/wp-json\/wp\/v2\/media\/106201"}],"wp:attachment":[{"href":"https:\/\/www.sonnenseite.com\/de\/wp-json\/wp\/v2\/media?parent=106199"}],"wp:term":[{"taxonomy":"category","embeddable":true,"href":"https:\/\/www.sonnenseite.com\/de\/wp-json\/wp\/v2\/categories?post=106199"},{"taxonomy":"post_tag","embeddable":true,"href":"https:\/\/www.sonnenseite.com\/de\/wp-json\/wp\/v2\/tags?post=106199"}],"curies":[{"name":"wp","href":"https:\/\/api.w.org\/{rel}","templated":true}]}}