{"id":106445,"date":"2025-04-19T03:10:00","date_gmt":"2025-04-19T01:10:00","guid":{"rendered":"https:\/\/www.sonnenseite.com\/?p=106445"},"modified":"2025-04-19T13:12:54","modified_gmt":"2025-04-19T11:12:54","slug":"friedensfaehig-statt-kriegstuechtig-friedensbewegung-sammelt-sich-zum-ostermarsch","status":"publish","type":"post","link":"https:\/\/www.sonnenseite.com\/de\/tipps\/friedensfaehig-statt-kriegstuechtig-friedensbewegung-sammelt-sich-zum-ostermarsch\/","title":{"rendered":"Friedensf\u00e4hig statt kriegst\u00fcchtig &#8211; Friedensbewegung sammelt sich zum Ostermarsch!"},"content":{"rendered":"\n<p>Die Netzwerke der deutschen Friedensbewegung, die <em><a href=\"https:\/\/www.koop-frieden.de\/\">Kooperation f\u00fcr den Frieden<\/a><\/em> und der <em><a href=\"https:\/\/friedensratschlag.de\/\">Bundesausschuss Friedensratschlag<\/a><\/em> rufen alle Friedensinitiativen vor Ort dazu auf, mit thematischer Vielfalt Menschen friedlich auf die Stra\u00dfe zu bringen, um gegen die aktuelle Regierungspolitik und f\u00fcr Friedensf\u00e4higkeit zu protestieren. Positiv werten die Netzwerke, dass die Proteste der Friedensbewegung in den letzten Wochen und Monaten an St\u00e4rke und Relevanz zugenommen haben.<\/p>\n\n\n\n<p>Die diesj\u00e4hrigen Osterm\u00e4rsche finden in Zeiten extremer Zuspitzungen statt. Der beherrschende Tenor in Politik und Medien ist der eines bevorstehenden milit\u00e4rischen Konfliktes mit der best\u00e4ndigen Aufforderung, kriegst\u00fcchtig zu sein. Diese &#8222;Kriegsert\u00fcchtigung&#8220; und Militarisierung durchdringt alle zivilen Einrichtungen. Begleitet wird diese Drohkulisse von einer Ver\u00e4chtlichmachung angedachter Konzepte einer erneuerten europ\u00e4ischen Friedens- und Sicherheitsordnung. Das erf\u00fcllt viele Menschen mit Sorgen und \u00c4ngsten.<\/p>\n\n\n\n<p>Diese Sorgen und \u00c4ngste finden in den Osterm\u00e4rschen ein politisches Ventil!<\/p>\n\n\n\n<p>Die anstehenden Osterm\u00e4rsche sind notwendig, um die Gesamtheit gesellschaftlicher Probleme in den Zusammenhang von Aufr\u00fcstung und Kriegsvorbereitung zu stellen. Wir m\u00fcssen dabei Antifaschismus und Frieden zusammen denken. Der Kern unseres gesellschaftlichen Zusammenhalts ist eine Kultur des Friedens, die auf der Wahrung von Menschen- und Grundrechten, auf Dialog und auf dem Engagement f\u00fcr Abr\u00fcstung und Entspannung fu\u00dft und eine zivile statt eine milit\u00e4rische Sicherheitspolitik voranbringt.<\/p>\n\n\n<div class=\"wp-block-image\">\n<figure class=\"alignright size-full is-resized\"><img loading=\"lazy\" decoding=\"async\" width=\"500\" height=\"792\" src=\"https:\/\/www.sonnenseite.com\/wp-content\/uploads\/2022\/12\/FranzAlt_Frieden-ist-noch-immer-moeglcih.jpg\" alt=\"HERDER Verlag\" class=\"wp-image-87755\" style=\"width:222px;height:auto\" srcset=\"https:\/\/www.sonnenseite.com\/wp-content\/uploads\/2022\/12\/FranzAlt_Frieden-ist-noch-immer-moeglcih.jpg 500w, https:\/\/www.sonnenseite.com\/wp-content\/uploads\/2022\/12\/FranzAlt_Frieden-ist-noch-immer-moeglcih-189x300.jpg 189w\" sizes=\"auto, (max-width: 500px) 100vw, 500px\" \/><\/figure>\n<\/div>\n\n\n<p>Mit Blick auf die gewaltt\u00e4tigen Konflikte, wie in der Ukraine, dem Nahen Osten und anderswo, m\u00fcssen alle Initiativen zu Waffenruhen, die das T\u00f6ten beenden, unterst\u00fctzt werden. F\u00fcr einen gerechten und nachhaltigen Frieden allerdings muss es internationale Friedenskonferenzen unter Einbeziehung aller Kriegsparteien und relevanten Gruppen sowie der Zivilgesellschaft geben. Weitere Waffenlieferungen oder sogar die Entsendung von Soldat*innen sind der falsche Weg.<\/p>\n\n\n\n<p>Die friedenspolitischen Forderungen f\u00fcr die Initiativen und Menschen vor Ort sind vielf\u00e4ltig und gepr\u00e4gt vom jeweiligen politischen Engagement. Unter dem Titel &#8222;Friedensf\u00e4hig statt kriegst\u00fcchtig&#8220; geh\u00f6ren dazu Forderungen wie:<\/p>\n\n\n\n<ul class=\"wp-block-list\">\n<li>Abr\u00fcstungsverhandlungen ja &#8211; Europ\u00e4ische Aufr\u00fcstung nein<\/li>\n\n\n\n<li>Keine neuen US-Raketen in Deutschland<\/li>\n\n\n\n<li>Diplomatie statt Kriegsverl\u00e4ngerung in der Ukraine<\/li>\n\n\n\n<li>Keine Waffenlieferungen an Israel<\/li>\n\n\n\n<li>Geld f\u00fcr Soziales, Gesundheit, Bildung, Klima usw. statt f\u00fcr R\u00fcstung<\/li>\n\n\n\n<li>Entwicklung sozialer Verteidigung statt R\u00fcstungsforschung, zivile Konfliktbearbeitung statt Wehrdienst<\/li>\n\n\n\n<li>Schutz von Kriegsdienstverweiger*innen und Gefl\u00fcchteten<\/li>\n<\/ul>\n\n\n\n<hr class=\"wp-block-separator has-alpha-channel-opacity\"\/>\n\n\n\n<ul class=\"wp-block-list\">\n<li>Auf der Seite des Netzwerk Friedenskooperative finden sich die Termine f\u00fcr den Ostermarsch nach Tagen oder Bundesl\u00e4ndern sortiert: <a href=\"https:\/\/www.friedenskooperative.de\/ostermarsch-2025\/termine\">https:\/\/www.friedenskooperative.de\/ostermarsch-2025\/termine<\/a><\/li>\n\n\n\n<li><a href=\"https:\/\/www.sonnenseite.com\/de\/franz-alt\/kommentare-interviews\/wer-frieden-will-muss-den-frieden-vorbereiten-3\/\">Franz Alt &#8222;Wer Frieden will, muss den Frieden vorbereiten&#8220;<\/a> | Die Erfolgsgeschichte der Europ\u00e4ischen Union zeigt, dass Frieden zwischen einst verfeindeten Nationen m\u00f6glich ist. Seit bald 80 Jahren hat noch nie ein Mitgliedsland der EU ein anderes EU-Land milit\u00e4risch angegriffen.<\/li>\n\n\n\n<li><a href=\"https:\/\/www.sonnenseite.com\/de\/tipps\/frieden-ist-noch-immer-moeglich\/\">Franz Alt \u201eFrieden ist NOCH IMMER m\u00f6glich: Die Kraft der Bergpredigt\u201c<\/a> | <a href=\"https:\/\/www.herder.de\/religion-spiritualitaet\/shop\/p3\/79001-frieden-ist-noch-immer-moeglich-gebundene-ausgabe\/\" target=\"_blank\" rel=\"noreferrer noopener\">Herder Verlag 2022<\/a><\/li>\n\n\n\n<li><a href=\"https:\/\/www.amazon.de\/gp\/product\/3710900166\/ref=as_li_tl?ie=UTF8&amp;camp=1638&amp;creative=6742&amp;creativeASIN=3710900166&amp;linkCode=as2&amp;tag=drfranzaltferns\" target=\"_blank\" rel=\"noreferrer noopener\">Franz Alt (Herausgeber), Michail Gorbatschow (Autor) \u201eKommt endlich zur Vernunft \u2013 Nie wieder Krieg!: Ein Appell von Michail Gorbatschow an die Welt\u201c<\/a><\/li>\n<\/ul>\n\n\n<h5 class=\"green\">Quelle<\/h5>\r\n\n\n\n<p><a href=\"https:\/\/www.koop-frieden.de\/\">Kooperation f\u00fcr den Frieden 2025<\/a><\/p>\n<div class=\"shariff shariff-align-flex-start shariff-widget-align-flex-start\"><div class=\"ShariffHeadline\">Diese Meldung teilen<\/div><ul class=\"shariff-buttons theme-round orientation-horizontal buttonsize-medium\"><li class=\"shariff-button facebook shariff-nocustomcolor\" style=\"background-color:#4273c8;border-radius:1%\"><a href=\"https:\/\/www.facebook.com\/sharer\/sharer.php?u=https%3A%2F%2Fwww.sonnenseite.com%2Fde%2Ftipps%2Ffriedensfaehig-statt-kriegstuechtig-friedensbewegung-sammelt-sich-zum-ostermarsch%2F\" title=\"Bei Facebook teilen\" aria-label=\"Bei Facebook teilen\" role=\"button\" rel=\"nofollow\" class=\"shariff-link\" style=\";border-radius:1%; background-color:#3b5998; color:#fff\" target=\"_blank\"><span class=\"shariff-icon\" style=\"\"><svg width=\"32px\" height=\"20px\" xmlns=\"http:\/\/www.w3.org\/2000\/svg\" viewBox=\"0 0 18 32\"><path fill=\"#3b5998\" d=\"M17.1 0.2v4.7h-2.8q-1.5 0-2.1 0.6t-0.5 1.9v3.4h5.2l-0.7 5.3h-4.5v13.6h-5.5v-13.6h-4.5v-5.3h4.5v-3.9q0-3.3 1.9-5.2t5-1.8q2.6 0 4.1 0.2z\"\/><\/svg><\/span><\/a><\/li><li class=\"shariff-button twitter shariff-nocustomcolor\" style=\"background-color:#595959;border-radius:1%\"><a href=\"https:\/\/twitter.com\/share?url=https%3A%2F%2Fwww.sonnenseite.com%2Fde%2Ftipps%2Ffriedensfaehig-statt-kriegstuechtig-friedensbewegung-sammelt-sich-zum-ostermarsch%2F&text=Friedensf%C3%A4hig%20statt%20kriegst%C3%BCchtig%20%E2%80%93%20Friedensbewegung%20sammelt%20sich%20zum%20Ostermarsch%21\" title=\"Bei X teilen\" aria-label=\"Bei X teilen\" role=\"button\" rel=\"noopener nofollow\" class=\"shariff-link\" style=\";border-radius:1%; background-color:#000; color:#fff\" target=\"_blank\"><span class=\"shariff-icon\" style=\"\"><svg width=\"32px\" height=\"20px\" xmlns=\"http:\/\/www.w3.org\/2000\/svg\" viewBox=\"0 0 24 24\"><path fill=\"#000\" d=\"M14.258 10.152L23.176 0h-2.113l-7.747 8.813L7.133 0H0l9.352 13.328L0 23.973h2.113l8.176-9.309 6.531 9.309h7.133zm-2.895 3.293l-.949-1.328L2.875 1.56h3.246l6.086 8.523.945 1.328 7.91 11.078h-3.246zm0 0\"\/><\/svg><\/span><\/a><\/li><li class=\"shariff-button xing shariff-nocustomcolor\" style=\"background-color:#29888a;border-radius:1%\"><a href=\"https:\/\/www.xing.com\/spi\/shares\/new?url=https%3A%2F%2Fwww.sonnenseite.com%2Fde%2Ftipps%2Ffriedensfaehig-statt-kriegstuechtig-friedensbewegung-sammelt-sich-zum-ostermarsch%2F\" title=\"Bei XING teilen\" aria-label=\"Bei XING teilen\" role=\"button\" rel=\"noopener nofollow\" class=\"shariff-link\" style=\";border-radius:1%; background-color:#126567; color:#fff\" target=\"_blank\"><span class=\"shariff-icon\" style=\"\"><svg width=\"32px\" height=\"20px\" xmlns=\"http:\/\/www.w3.org\/2000\/svg\" viewBox=\"0 0 25 32\"><path fill=\"#126567\" d=\"M10.7 11.9q-0.2 0.3-4.6 8.2-0.5 0.8-1.2 0.8h-4.3q-0.4 0-0.5-0.3t0-0.6l4.5-8q0 0 0 0l-2.9-5q-0.2-0.4 0-0.7 0.2-0.3 0.5-0.3h4.3q0.7 0 1.2 0.8zM25.1 0.4q0.2 0.3 0 0.7l-9.4 16.7 6 11q0.2 0.4 0 0.6-0.2 0.3-0.6 0.3h-4.3q-0.7 0-1.2-0.8l-6-11.1q0.3-0.6 9.5-16.8 0.4-0.8 1.2-0.8h4.3q0.4 0 0.5 0.3z\"\/><\/svg><\/span><\/a><\/li><li class=\"shariff-button linkedin shariff-nocustomcolor\" style=\"background-color:#1488bf;border-radius:1%\"><a href=\"https:\/\/www.linkedin.com\/sharing\/share-offsite\/?url=https%3A%2F%2Fwww.sonnenseite.com%2Fde%2Ftipps%2Ffriedensfaehig-statt-kriegstuechtig-friedensbewegung-sammelt-sich-zum-ostermarsch%2F\" title=\"Bei LinkedIn teilen\" aria-label=\"Bei LinkedIn teilen\" role=\"button\" rel=\"noopener nofollow\" class=\"shariff-link\" style=\";border-radius:1%; background-color:#0077b5; color:#fff\" target=\"_blank\"><span class=\"shariff-icon\" style=\"\"><svg width=\"32px\" height=\"20px\" xmlns=\"http:\/\/www.w3.org\/2000\/svg\" viewBox=\"0 0 27 32\"><path fill=\"#0077b5\" d=\"M6.2 11.2v17.7h-5.9v-17.7h5.9zM6.6 5.7q0 1.3-0.9 2.2t-2.4 0.9h0q-1.5 0-2.4-0.9t-0.9-2.2 0.9-2.2 2.4-0.9 2.4 0.9 0.9 2.2zM27.4 18.7v10.1h-5.9v-9.5q0-1.9-0.7-2.9t-2.3-1.1q-1.1 0-1.9 0.6t-1.2 1.5q-0.2 0.5-0.2 1.4v9.9h-5.9q0-7.1 0-11.6t0-5.3l0-0.9h5.9v2.6h0q0.4-0.6 0.7-1t1-0.9 1.6-0.8 2-0.3q3 0 4.9 2t1.9 6z\"\/><\/svg><\/span><\/a><\/li><li class=\"shariff-button printer shariff-nocustomcolor\" style=\"background-color:#a8a8a8;border-radius:1%\"><a href=\"javascript:window.print()\" title=\"drucken\" aria-label=\"drucken\" role=\"button\" rel=\"noopener nofollow\" class=\"shariff-link\" style=\";border-radius:1%; background-color:#999; color:#fff\"><span class=\"shariff-icon\" style=\"\"><svg width=\"32px\" height=\"20px\" xmlns=\"http:\/\/www.w3.org\/2000\/svg\" viewBox=\"0 0 30 32\"><path fill=\"#999\" d=\"M6.8 27.4h16v-4.6h-16v4.6zM6.8 16h16v-6.8h-2.8q-0.7 0-1.2-0.5t-0.5-1.2v-2.8h-11.4v11.4zM27.4 17.2q0-0.5-0.3-0.8t-0.8-0.4-0.8 0.4-0.3 0.8 0.3 0.8 0.8 0.3 0.8-0.3 0.3-0.8zM29.7 17.2v7.4q0 0.2-0.2 0.4t-0.4 0.2h-4v2.8q0 0.7-0.5 1.2t-1.2 0.5h-17.2q-0.7 0-1.2-0.5t-0.5-1.2v-2.8h-4q-0.2 0-0.4-0.2t-0.2-0.4v-7.4q0-1.4 1-2.4t2.4-1h1.2v-9.7q0-0.7 0.5-1.2t1.2-0.5h12q0.7 0 1.6 0.4t1.3 0.8l2.7 2.7q0.5 0.5 0.9 1.4t0.4 1.6v4.6h1.1q1.4 0 2.4 1t1 2.4z\"\/><\/svg><\/span><\/a><\/li><li class=\"shariff-button mailto shariff-nocustomcolor\" style=\"background-color:#a8a8a8;border-radius:1%\"><a href=\"mailto:?body=https%3A%2F%2Fwww.sonnenseite.com%2Fde%2Ftipps%2Ffriedensfaehig-statt-kriegstuechtig-friedensbewegung-sammelt-sich-zum-ostermarsch%2F&subject=Friedensf%C3%A4hig%20statt%20kriegst%C3%BCchtig%20%E2%80%93%20Friedensbewegung%20sammelt%20sich%20zum%20Ostermarsch%21\" title=\"Per E-Mail versenden\" aria-label=\"Per E-Mail versenden\" role=\"button\" rel=\"noopener nofollow\" class=\"shariff-link\" style=\";border-radius:1%; background-color:#999; color:#fff\"><span class=\"shariff-icon\" style=\"\"><svg width=\"32px\" height=\"20px\" xmlns=\"http:\/\/www.w3.org\/2000\/svg\" viewBox=\"0 0 32 32\"><path fill=\"#999\" d=\"M32 12.7v14.2q0 1.2-0.8 2t-2 0.9h-26.3q-1.2 0-2-0.9t-0.8-2v-14.2q0.8 0.9 1.8 1.6 6.5 4.4 8.9 6.1 1 0.8 1.6 1.2t1.7 0.9 2 0.4h0.1q0.9 0 2-0.4t1.7-0.9 1.6-1.2q3-2.2 8.9-6.1 1-0.7 1.8-1.6zM32 7.4q0 1.4-0.9 2.7t-2.2 2.2q-6.7 4.7-8.4 5.8-0.2 0.1-0.7 0.5t-1 0.7-0.9 0.6-1.1 0.5-0.9 0.2h-0.1q-0.4 0-0.9-0.2t-1.1-0.5-0.9-0.6-1-0.7-0.7-0.5q-1.6-1.1-4.7-3.2t-3.6-2.6q-1.1-0.7-2.1-2t-1-2.5q0-1.4 0.7-2.3t2.1-0.9h26.3q1.2 0 2 0.8t0.9 2z\"\/><\/svg><\/span><\/a><\/li><\/ul><\/div>","protected":false},"excerpt":{"rendered":"<p>Die Netzwerke der deutschen Friedensbewegung, die Kooperation f\u00fcr den Frieden und der Bundesausschuss Friedensratschlag rufen alle [&hellip;]<\/p>\n","protected":false},"author":3,"featured_media":106450,"comment_status":"closed","ping_status":"closed","sticky":false,"template":"","format":"standard","meta":{"inline_featured_image":false,"footnotes":""},"categories":[28],"tags":[],"class_list":["post-106445","post","type-post","status-publish","format-standard","has-post-thumbnail","hentry","category-tipps"],"yoast_head":"<!-- This site is optimized with the Yoast SEO plugin v26.5 - https:\/\/yoast.com\/wordpress\/plugins\/seo\/ -->\n<title>Friedensf\u00e4hig statt kriegst\u00fcchtig - Friedensbewegung sammelt sich zum Ostermarsch! - Sonnenseite - \u00d6kologische Kommunikation mit Franz Alt<\/title>\n<meta name=\"description\" content=\"Die Netzwerke der deutschen Friedensbewegung, die Kooperation f\u00fcr den Frieden und der Bundesausschuss Friedensratschlag rufen alle Friedensinitiativen vor\" \/>\n<meta name=\"robots\" content=\"index, follow, max-snippet:-1, max-image-preview:large, max-video-preview:-1\" \/>\n<link rel=\"canonical\" href=\"https:\/\/www.sonnenseite.com\/de\/tipps\/friedensfaehig-statt-kriegstuechtig-friedensbewegung-sammelt-sich-zum-ostermarsch\/\" \/>\n<meta property=\"og:locale\" content=\"de_DE\" \/>\n<meta property=\"og:type\" content=\"article\" \/>\n<meta property=\"og:title\" content=\"Friedensf\u00e4hig statt kriegst\u00fcchtig - Friedensbewegung sammelt sich zum Ostermarsch! - Sonnenseite - \u00d6kologische Kommunikation mit Franz Alt\" \/>\n<meta property=\"og:description\" content=\"Die Netzwerke der deutschen Friedensbewegung, die Kooperation f\u00fcr den Frieden und der Bundesausschuss Friedensratschlag rufen alle Friedensinitiativen vor\" \/>\n<meta property=\"og:url\" content=\"https:\/\/www.sonnenseite.com\/de\/tipps\/friedensfaehig-statt-kriegstuechtig-friedensbewegung-sammelt-sich-zum-ostermarsch\/\" \/>\n<meta property=\"og:site_name\" content=\"Sonnenseite\" \/>\n<meta property=\"article:publisher\" content=\"https:\/\/www.facebook.com\/pages\/Franz-Alt-SONNENSEITECOM\/221072987903953?fref=ts\" \/>\n<meta property=\"article:published_time\" content=\"2025-04-19T01:10:00+00:00\" \/>\n<meta property=\"article:modified_time\" content=\"2025-04-19T11:12:54+00:00\" \/>\n<meta property=\"og:image\" content=\"https:\/\/www.sonnenseite.com\/wp-content\/uploads\/2025\/04\/ostermarsch-2025.jpg\" \/>\n\t<meta property=\"og:image:width\" content=\"770\" \/>\n\t<meta property=\"og:image:height\" content=\"420\" \/>\n\t<meta property=\"og:image:type\" content=\"image\/jpeg\" \/>\n<meta name=\"author\" content=\"Bigi Alt\" \/>\n<meta name=\"twitter:card\" content=\"summary_large_image\" \/>\n<meta name=\"twitter:creator\" content=\"@franzalt\" \/>\n<meta name=\"twitter:site\" content=\"@franzalt\" \/>\n<meta name=\"twitter:label1\" content=\"Verfasst von\" \/>\n\t<meta name=\"twitter:data1\" content=\"Bigi Alt\" \/>\n\t<meta name=\"twitter:label2\" content=\"Gesch\u00e4tzte Lesezeit\" \/>\n\t<meta name=\"twitter:data2\" content=\"3\u00a0Minuten\" \/>\n<script type=\"application\/ld+json\" class=\"yoast-schema-graph\">{\"@context\":\"https:\/\/schema.org\",\"@graph\":[{\"@type\":\"Article\",\"@id\":\"https:\/\/www.sonnenseite.com\/de\/tipps\/friedensfaehig-statt-kriegstuechtig-friedensbewegung-sammelt-sich-zum-ostermarsch\/#article\",\"isPartOf\":{\"@id\":\"https:\/\/www.sonnenseite.com\/de\/tipps\/friedensfaehig-statt-kriegstuechtig-friedensbewegung-sammelt-sich-zum-ostermarsch\/\"},\"author\":{\"name\":\"Bigi Alt\",\"@id\":\"https:\/\/www.sonnenseite.com\/de\/#\/schema\/person\/50fda0e926597684c7cc6695238a4eb9\"},\"headline\":\"Friedensf\u00e4hig statt kriegst\u00fcchtig &#8211; Friedensbewegung sammelt sich zum Ostermarsch!\",\"datePublished\":\"2025-04-19T01:10:00+00:00\",\"dateModified\":\"2025-04-19T11:12:54+00:00\",\"mainEntityOfPage\":{\"@id\":\"https:\/\/www.sonnenseite.com\/de\/tipps\/friedensfaehig-statt-kriegstuechtig-friedensbewegung-sammelt-sich-zum-ostermarsch\/\"},\"wordCount\":492,\"publisher\":{\"@id\":\"https:\/\/www.sonnenseite.com\/de\/#organization\"},\"image\":{\"@id\":\"https:\/\/www.sonnenseite.com\/de\/tipps\/friedensfaehig-statt-kriegstuechtig-friedensbewegung-sammelt-sich-zum-ostermarsch\/#primaryimage\"},\"thumbnailUrl\":\"https:\/\/www.sonnenseite.com\/wp-content\/uploads\/2025\/04\/ostermarsch-2025.jpg\",\"articleSection\":[\"Tipps\"],\"inLanguage\":\"de\"},{\"@type\":\"WebPage\",\"@id\":\"https:\/\/www.sonnenseite.com\/de\/tipps\/friedensfaehig-statt-kriegstuechtig-friedensbewegung-sammelt-sich-zum-ostermarsch\/\",\"url\":\"https:\/\/www.sonnenseite.com\/de\/tipps\/friedensfaehig-statt-kriegstuechtig-friedensbewegung-sammelt-sich-zum-ostermarsch\/\",\"name\":\"Friedensf\u00e4hig statt kriegst\u00fcchtig - Friedensbewegung sammelt sich zum Ostermarsch! - Sonnenseite - \u00d6kologische Kommunikation mit Franz Alt\",\"isPartOf\":{\"@id\":\"https:\/\/www.sonnenseite.com\/de\/#website\"},\"primaryImageOfPage\":{\"@id\":\"https:\/\/www.sonnenseite.com\/de\/tipps\/friedensfaehig-statt-kriegstuechtig-friedensbewegung-sammelt-sich-zum-ostermarsch\/#primaryimage\"},\"image\":{\"@id\":\"https:\/\/www.sonnenseite.com\/de\/tipps\/friedensfaehig-statt-kriegstuechtig-friedensbewegung-sammelt-sich-zum-ostermarsch\/#primaryimage\"},\"thumbnailUrl\":\"https:\/\/www.sonnenseite.com\/wp-content\/uploads\/2025\/04\/ostermarsch-2025.jpg\",\"datePublished\":\"2025-04-19T01:10:00+00:00\",\"dateModified\":\"2025-04-19T11:12:54+00:00\",\"description\":\"Die Netzwerke der deutschen Friedensbewegung, die Kooperation f\u00fcr den Frieden und der Bundesausschuss Friedensratschlag rufen alle Friedensinitiativen vor\",\"breadcrumb\":{\"@id\":\"https:\/\/www.sonnenseite.com\/de\/tipps\/friedensfaehig-statt-kriegstuechtig-friedensbewegung-sammelt-sich-zum-ostermarsch\/#breadcrumb\"},\"inLanguage\":\"de\",\"potentialAction\":[{\"@type\":\"ReadAction\",\"target\":[\"https:\/\/www.sonnenseite.com\/de\/tipps\/friedensfaehig-statt-kriegstuechtig-friedensbewegung-sammelt-sich-zum-ostermarsch\/\"]}]},{\"@type\":\"ImageObject\",\"inLanguage\":\"de\",\"@id\":\"https:\/\/www.sonnenseite.com\/de\/tipps\/friedensfaehig-statt-kriegstuechtig-friedensbewegung-sammelt-sich-zum-ostermarsch\/#primaryimage\",\"url\":\"https:\/\/www.sonnenseite.com\/wp-content\/uploads\/2025\/04\/ostermarsch-2025.jpg\",\"contentUrl\":\"https:\/\/www.sonnenseite.com\/wp-content\/uploads\/2025\/04\/ostermarsch-2025.jpg\",\"width\":770,\"height\":420,\"caption\":\"www.friedenskooperative.de\"},{\"@type\":\"BreadcrumbList\",\"@id\":\"https:\/\/www.sonnenseite.com\/de\/tipps\/friedensfaehig-statt-kriegstuechtig-friedensbewegung-sammelt-sich-zum-ostermarsch\/#breadcrumb\",\"itemListElement\":[{\"@type\":\"ListItem\",\"position\":1,\"name\":\"Startseite\",\"item\":\"https:\/\/www.sonnenseite.com\/de\/\"},{\"@type\":\"ListItem\",\"position\":2,\"name\":\"Friedensf\u00e4hig statt kriegst\u00fcchtig &#8211; Friedensbewegung sammelt sich zum Ostermarsch!\"}]},{\"@type\":\"WebSite\",\"@id\":\"https:\/\/www.sonnenseite.com\/de\/#website\",\"url\":\"https:\/\/www.sonnenseite.com\/de\/\",\"name\":\"Sonnenseite\",\"description\":\"\u00d6kologische Kommunikation mit Franz Alt\",\"publisher\":{\"@id\":\"https:\/\/www.sonnenseite.com\/de\/#organization\"},\"potentialAction\":[{\"@type\":\"SearchAction\",\"target\":{\"@type\":\"EntryPoint\",\"urlTemplate\":\"https:\/\/www.sonnenseite.com\/de\/?s={search_term_string}\"},\"query-input\":{\"@type\":\"PropertyValueSpecification\",\"valueRequired\":true,\"valueName\":\"search_term_string\"}}],\"inLanguage\":\"de\"},{\"@type\":\"Organization\",\"@id\":\"https:\/\/www.sonnenseite.com\/de\/#organization\",\"name\":\"Sonnenseite\",\"url\":\"https:\/\/www.sonnenseite.com\/de\/\",\"logo\":{\"@type\":\"ImageObject\",\"inLanguage\":\"de\",\"@id\":\"https:\/\/www.sonnenseite.com\/de\/#\/schema\/logo\/image\/\",\"url\":\"https:\/\/www.sonnenseite.com\/wp-content\/uploads\/2020\/05\/Sonnenseite_Logo.png\",\"contentUrl\":\"https:\/\/www.sonnenseite.com\/wp-content\/uploads\/2020\/05\/Sonnenseite_Logo.png\",\"width\":377,\"height\":90,\"caption\":\"Sonnenseite\"},\"image\":{\"@id\":\"https:\/\/www.sonnenseite.com\/de\/#\/schema\/logo\/image\/\"},\"sameAs\":[\"https:\/\/www.facebook.com\/pages\/Franz-Alt-SONNENSEITECOM\/221072987903953?fref=ts\",\"https:\/\/x.com\/franzalt\",\"http:\/\/www.youtube.com\/results?search_query&amp;amp;quot;franz_alt&amp;amp;quot;&amp;amp;amp;amp;search_type&amp;amp;amp;amp;aq=f\"]},{\"@type\":\"Person\",\"@id\":\"https:\/\/www.sonnenseite.com\/de\/#\/schema\/person\/50fda0e926597684c7cc6695238a4eb9\",\"name\":\"Bigi Alt\"}]}<\/script>\n<!-- \/ Yoast SEO plugin. -->","yoast_head_json":{"title":"Friedensf\u00e4hig statt kriegst\u00fcchtig - Friedensbewegung sammelt sich zum Ostermarsch! - Sonnenseite - \u00d6kologische Kommunikation mit Franz Alt","description":"Die Netzwerke der deutschen Friedensbewegung, die Kooperation f\u00fcr den Frieden und der Bundesausschuss Friedensratschlag rufen alle Friedensinitiativen vor","robots":{"index":"index","follow":"follow","max-snippet":"max-snippet:-1","max-image-preview":"max-image-preview:large","max-video-preview":"max-video-preview:-1"},"canonical":"https:\/\/www.sonnenseite.com\/de\/tipps\/friedensfaehig-statt-kriegstuechtig-friedensbewegung-sammelt-sich-zum-ostermarsch\/","og_locale":"de_DE","og_type":"article","og_title":"Friedensf\u00e4hig statt kriegst\u00fcchtig - Friedensbewegung sammelt sich zum Ostermarsch! - Sonnenseite - \u00d6kologische Kommunikation mit Franz Alt","og_description":"Die Netzwerke der deutschen Friedensbewegung, die Kooperation f\u00fcr den Frieden und der Bundesausschuss Friedensratschlag rufen alle Friedensinitiativen vor","og_url":"https:\/\/www.sonnenseite.com\/de\/tipps\/friedensfaehig-statt-kriegstuechtig-friedensbewegung-sammelt-sich-zum-ostermarsch\/","og_site_name":"Sonnenseite","article_publisher":"https:\/\/www.facebook.com\/pages\/Franz-Alt-SONNENSEITECOM\/221072987903953?fref=ts","article_published_time":"2025-04-19T01:10:00+00:00","article_modified_time":"2025-04-19T11:12:54+00:00","og_image":[{"width":770,"height":420,"url":"https:\/\/www.sonnenseite.com\/wp-content\/uploads\/2025\/04\/ostermarsch-2025.jpg","type":"image\/jpeg"}],"author":"Bigi Alt","twitter_card":"summary_large_image","twitter_creator":"@franzalt","twitter_site":"@franzalt","twitter_misc":{"Verfasst von":"Bigi Alt","Gesch\u00e4tzte Lesezeit":"3\u00a0Minuten"},"schema":{"@context":"https:\/\/schema.org","@graph":[{"@type":"Article","@id":"https:\/\/www.sonnenseite.com\/de\/tipps\/friedensfaehig-statt-kriegstuechtig-friedensbewegung-sammelt-sich-zum-ostermarsch\/#article","isPartOf":{"@id":"https:\/\/www.sonnenseite.com\/de\/tipps\/friedensfaehig-statt-kriegstuechtig-friedensbewegung-sammelt-sich-zum-ostermarsch\/"},"author":{"name":"Bigi Alt","@id":"https:\/\/www.sonnenseite.com\/de\/#\/schema\/person\/50fda0e926597684c7cc6695238a4eb9"},"headline":"Friedensf\u00e4hig statt kriegst\u00fcchtig &#8211; Friedensbewegung sammelt sich zum Ostermarsch!","datePublished":"2025-04-19T01:10:00+00:00","dateModified":"2025-04-19T11:12:54+00:00","mainEntityOfPage":{"@id":"https:\/\/www.sonnenseite.com\/de\/tipps\/friedensfaehig-statt-kriegstuechtig-friedensbewegung-sammelt-sich-zum-ostermarsch\/"},"wordCount":492,"publisher":{"@id":"https:\/\/www.sonnenseite.com\/de\/#organization"},"image":{"@id":"https:\/\/www.sonnenseite.com\/de\/tipps\/friedensfaehig-statt-kriegstuechtig-friedensbewegung-sammelt-sich-zum-ostermarsch\/#primaryimage"},"thumbnailUrl":"https:\/\/www.sonnenseite.com\/wp-content\/uploads\/2025\/04\/ostermarsch-2025.jpg","articleSection":["Tipps"],"inLanguage":"de"},{"@type":"WebPage","@id":"https:\/\/www.sonnenseite.com\/de\/tipps\/friedensfaehig-statt-kriegstuechtig-friedensbewegung-sammelt-sich-zum-ostermarsch\/","url":"https:\/\/www.sonnenseite.com\/de\/tipps\/friedensfaehig-statt-kriegstuechtig-friedensbewegung-sammelt-sich-zum-ostermarsch\/","name":"Friedensf\u00e4hig statt kriegst\u00fcchtig - Friedensbewegung sammelt sich zum Ostermarsch! - Sonnenseite - \u00d6kologische Kommunikation mit Franz Alt","isPartOf":{"@id":"https:\/\/www.sonnenseite.com\/de\/#website"},"primaryImageOfPage":{"@id":"https:\/\/www.sonnenseite.com\/de\/tipps\/friedensfaehig-statt-kriegstuechtig-friedensbewegung-sammelt-sich-zum-ostermarsch\/#primaryimage"},"image":{"@id":"https:\/\/www.sonnenseite.com\/de\/tipps\/friedensfaehig-statt-kriegstuechtig-friedensbewegung-sammelt-sich-zum-ostermarsch\/#primaryimage"},"thumbnailUrl":"https:\/\/www.sonnenseite.com\/wp-content\/uploads\/2025\/04\/ostermarsch-2025.jpg","datePublished":"2025-04-19T01:10:00+00:00","dateModified":"2025-04-19T11:12:54+00:00","description":"Die Netzwerke der deutschen Friedensbewegung, die Kooperation f\u00fcr den Frieden und der Bundesausschuss Friedensratschlag rufen alle Friedensinitiativen vor","breadcrumb":{"@id":"https:\/\/www.sonnenseite.com\/de\/tipps\/friedensfaehig-statt-kriegstuechtig-friedensbewegung-sammelt-sich-zum-ostermarsch\/#breadcrumb"},"inLanguage":"de","potentialAction":[{"@type":"ReadAction","target":["https:\/\/www.sonnenseite.com\/de\/tipps\/friedensfaehig-statt-kriegstuechtig-friedensbewegung-sammelt-sich-zum-ostermarsch\/"]}]},{"@type":"ImageObject","inLanguage":"de","@id":"https:\/\/www.sonnenseite.com\/de\/tipps\/friedensfaehig-statt-kriegstuechtig-friedensbewegung-sammelt-sich-zum-ostermarsch\/#primaryimage","url":"https:\/\/www.sonnenseite.com\/wp-content\/uploads\/2025\/04\/ostermarsch-2025.jpg","contentUrl":"https:\/\/www.sonnenseite.com\/wp-content\/uploads\/2025\/04\/ostermarsch-2025.jpg","width":770,"height":420,"caption":"www.friedenskooperative.de"},{"@type":"BreadcrumbList","@id":"https:\/\/www.sonnenseite.com\/de\/tipps\/friedensfaehig-statt-kriegstuechtig-friedensbewegung-sammelt-sich-zum-ostermarsch\/#breadcrumb","itemListElement":[{"@type":"ListItem","position":1,"name":"Startseite","item":"https:\/\/www.sonnenseite.com\/de\/"},{"@type":"ListItem","position":2,"name":"Friedensf\u00e4hig statt kriegst\u00fcchtig &#8211; Friedensbewegung sammelt sich zum Ostermarsch!"}]},{"@type":"WebSite","@id":"https:\/\/www.sonnenseite.com\/de\/#website","url":"https:\/\/www.sonnenseite.com\/de\/","name":"Sonnenseite","description":"\u00d6kologische Kommunikation mit Franz Alt","publisher":{"@id":"https:\/\/www.sonnenseite.com\/de\/#organization"},"potentialAction":[{"@type":"SearchAction","target":{"@type":"EntryPoint","urlTemplate":"https:\/\/www.sonnenseite.com\/de\/?s={search_term_string}"},"query-input":{"@type":"PropertyValueSpecification","valueRequired":true,"valueName":"search_term_string"}}],"inLanguage":"de"},{"@type":"Organization","@id":"https:\/\/www.sonnenseite.com\/de\/#organization","name":"Sonnenseite","url":"https:\/\/www.sonnenseite.com\/de\/","logo":{"@type":"ImageObject","inLanguage":"de","@id":"https:\/\/www.sonnenseite.com\/de\/#\/schema\/logo\/image\/","url":"https:\/\/www.sonnenseite.com\/wp-content\/uploads\/2020\/05\/Sonnenseite_Logo.png","contentUrl":"https:\/\/www.sonnenseite.com\/wp-content\/uploads\/2020\/05\/Sonnenseite_Logo.png","width":377,"height":90,"caption":"Sonnenseite"},"image":{"@id":"https:\/\/www.sonnenseite.com\/de\/#\/schema\/logo\/image\/"},"sameAs":["https:\/\/www.facebook.com\/pages\/Franz-Alt-SONNENSEITECOM\/221072987903953?fref=ts","https:\/\/x.com\/franzalt","http:\/\/www.youtube.com\/results?search_query&amp;amp;quot;franz_alt&amp;amp;quot;&amp;amp;amp;amp;search_type&amp;amp;amp;amp;aq=f"]},{"@type":"Person","@id":"https:\/\/www.sonnenseite.com\/de\/#\/schema\/person\/50fda0e926597684c7cc6695238a4eb9","name":"Bigi Alt"}]}},"_links":{"self":[{"href":"https:\/\/www.sonnenseite.com\/de\/wp-json\/wp\/v2\/posts\/106445","targetHints":{"allow":["GET"]}}],"collection":[{"href":"https:\/\/www.sonnenseite.com\/de\/wp-json\/wp\/v2\/posts"}],"about":[{"href":"https:\/\/www.sonnenseite.com\/de\/wp-json\/wp\/v2\/types\/post"}],"author":[{"embeddable":true,"href":"https:\/\/www.sonnenseite.com\/de\/wp-json\/wp\/v2\/users\/3"}],"replies":[{"embeddable":true,"href":"https:\/\/www.sonnenseite.com\/de\/wp-json\/wp\/v2\/comments?post=106445"}],"version-history":[{"count":4,"href":"https:\/\/www.sonnenseite.com\/de\/wp-json\/wp\/v2\/posts\/106445\/revisions"}],"predecessor-version":[{"id":106449,"href":"https:\/\/www.sonnenseite.com\/de\/wp-json\/wp\/v2\/posts\/106445\/revisions\/106449"}],"wp:featuredmedia":[{"embeddable":true,"href":"https:\/\/www.sonnenseite.com\/de\/wp-json\/wp\/v2\/media\/106450"}],"wp:attachment":[{"href":"https:\/\/www.sonnenseite.com\/de\/wp-json\/wp\/v2\/media?parent=106445"}],"wp:term":[{"taxonomy":"category","embeddable":true,"href":"https:\/\/www.sonnenseite.com\/de\/wp-json\/wp\/v2\/categories?post=106445"},{"taxonomy":"post_tag","embeddable":true,"href":"https:\/\/www.sonnenseite.com\/de\/wp-json\/wp\/v2\/tags?post=106445"}],"curies":[{"name":"wp","href":"https:\/\/api.w.org\/{rel}","templated":true}]}}