{"id":107496,"date":"2025-06-15T09:25:53","date_gmt":"2025-06-15T07:25:53","guid":{"rendered":"https:\/\/www.sonnenseite.com\/?p=107496"},"modified":"2025-06-15T09:25:54","modified_gmt":"2025-06-15T07:25:54","slug":"wie-populisten-das-heizungsgesetz-behinderten","status":"publish","type":"post","link":"https:\/\/www.sonnenseite.com\/de\/politik\/wie-populisten-das-heizungsgesetz-behinderten\/","title":{"rendered":"Wie Populisten das Heizungsgesetz behinderten"},"content":{"rendered":"\n<p>Forscher haben den Diskurs \u00fcber das Heizungsgesetz analysiert.<\/p>\n\n\n\n<p>Als das Heizungsgesetz im September 2023 verabschiedet wurde, hatten die Ampel-Parteien einige Monate harter Auseinandersetzungen hinter sich. Der Plan, rasch von Gas und \u00d6l auf erneuerbare Energien umzusteigen, hatte einen Sturm der Entr\u00fcstung ausgel\u00f6st. In einer kurzen Studie in der Zeitschrift &#8222;Energy Research &amp; Social Science&#8220; untersuchen Forschende des Forschungsinstituts f\u00fcr Nachhaltigkeit in Potsdam, der Bauhaus-Universit\u00e4t Weimar und der Universit\u00e4t Hamburg die Strategien dahinter und erkl\u00e4ren, was wir daraus lernen k\u00f6nnen.<\/p>\n\n\n\n<p>&#8222;Angesichts des langsamen Tempos der Transformation zur Nachhaltigkeit und der zunehmenden Konflikte m\u00fcssen wir die Rolle etablierter und rechtspopulistischer Akteure besser verstehen. Wir argumentieren in unserer Studie, dass das Konzept der klimapolitischen Obstruktion &#8211; also der Verhinderung ambitionierter Klimapolitik &#8211; hilfreich ist, um den Widerstand gegen das Gesetz zu verstehen. Bei unserer Analyse haben wir f\u00fcnf Diskursstr\u00e4nge identifiziert, mit denen die Gegner des Gesetzes dieses verhindern wollten&#8220;, erl\u00e4utert Erstautor Tobias Haas vom Forschungsinstitut f\u00fcr Nachhaltigkeit (RIFS). Die Forschenden werteten Dokumente aus Ministerien und Parlamenten, Medienbeitr\u00e4ge sowie Stellungnahmen von Politikerinnen und Politikern verschiedener Parteien aus.<\/p>\n\n\n\n<h4 class=\"wp-block-heading\">Emotionale Debatte<\/h4>\n\n\n\n<p><strong>In ihrer Studie beschreiben sie f\u00fcnf Diskursstr\u00e4nge:<\/strong><\/p>\n\n\n\n<ul class=\"wp-block-list\">\n<li>Mehrere Politiker und Medienvertreter \u00e4u\u00dferten den Kritikpunkt, dass das Geb\u00e4udeenergiegesetz eine Form der Enteignung darstelle: Es gef\u00e4hrde das Recht der Menschen auf freie Verf\u00fcgung \u00fcber ihr Immobilieneigentum. In einem Beitrag des Magazins &#8222;Focus&#8220; war die Rede von einer &#8222;Enteignung durch die Hintert\u00fcr&#8220;, die rechtsextreme AfD argumentierte in ihrer Kampagne &#8222;Heizhammer stoppen!&#8220; \u00e4hnlich.<\/li>\n\n\n\n<li>Der zweite Kritikpunkt unterstellt eine Art Entrechtung der B\u00fcrgerinnen und B\u00fcrger. Dieses Argument basiert auf der Annahme, dass die Menschen selbst am besten wissen, was f\u00fcr sie gut ist, und dass das Gesetz eine bevormundende Form der Regulierung darstellt. So ver\u00f6ffentlichte die CSU in einer Social-Media-Kampagne unter dem Motto &#8222;Nein zu staatlicher Heizungsspionage&#8220; eine Foto-Montage von Minister Habeck, der durchs Fenster in ein Wohnzimmer sp\u00e4ht. Der th\u00fcringische CDU-Landesvorsitzende Moritz Voigt warf Habeck sogar vor, eine &#8222;Energie-Stasi&#8220; aufbauen zu wollen. Es f\u00e4llt auf, dass sich der Ton und die Narrative der CDU\/CSU kaum von denen der AfD unterscheiden. Die Vorw\u00fcrfe basieren auf einem libert\u00e4ren Freiheitsverst\u00e4ndnis, das den Einzelnen vor staatlicher Bevormundung sch\u00fctzen will.<\/li>\n\n\n\n<li>Drittens wurde vor allem von der extremen Rechten behauptet, die Gr\u00fcnen wollten eine ideologisch motivierte Heizungspolitik betreiben und damit den Wohlstand Deutschlands gef\u00e4hrden. Ein h\u00e4ufig ge\u00e4u\u00dfertes Argument war die Forderung nach technologischer Offenheit, die auch darauf abzielte, die Priorisierung von Klimaschutzans\u00e4tzen zu verhindern.<\/li>\n\n\n\n<li>Der vierte Diskursstrang sieht eine gr\u00fcne \u00c4mterpatronage am Werk. So schrieb die AfD: &#8222;Die Hauptverantwortlichen schieben einander die lukrativsten Posten zu und best\u00e4rken sich gegenseitig in ihrem ideologischen Wahn.&#8220; \u00dcber Jahre hinweg aufgebaute Netzwerke werden als Verteilung lukrativer Posten im Bekanntenkreis umgedeutet &#8211; ein Narrativ, das durch die &#8222;Trauzeugen-Aff\u00e4re&#8220; gen\u00e4hrt wurde. Dahinter steht die Annahme, dass eine &#8222;gr\u00fcne Elite&#8220; das &#8222;gemeine Volk&#8220; verachtet und nur auf eigene Bereicherung aus ist.<\/li>\n\n\n\n<li>Im f\u00fcnften Diskursstrang laufen die Elemente der vier Str\u00e4nge in der Forderung zusammen, beim Klimaschutz alle Menschen mitzunehmen. Kritikerinnen und Kritiker des Gesetzes argumentierten, dass das Gesetz auf breiten Widerstand sto\u00dfe und die Gefahr einer grundlegenden Delegitimierung der Klimapolitik berge.<\/li>\n<\/ul>\n\n\n\n<h4 class=\"wp-block-heading\">Fokus auf Chancen und Fairness<\/h4>\n\n\n\n<p>&#8222;Ein gemeinsamer Nenner der Kritik ist, dass sie einer klassischen populistischen Logik folgt: Sie konstruiert eine Dichotomie zwischen dem Willen des Volkes und einer Elite, die diesen Willen aus eigenn\u00fctzigen oder klimapolitischen Motiven missachtet&#8220;, sagt Ko-Autorin Franziska Mey (RIFS). Diese Polarisierung sei auch bei anderen Transformationskonflikten zu beobachten. Politik und Medien sollten sich auf populistische Taktiken und Fehlinformationen, die oft den Diskurs verzerren und Gesetzesvorschl\u00e4ge schw\u00e4chen, vorbereiten.<\/p>\n\n\n\n<p>Generell, so das Fazit der Autorinnen und Autoren, sei eine effektive Kommunikation entscheidend: Bef\u00fcrworter eines Vorschlags sollten die Chancen klar kommunizieren. Um Vertrauen in der Bev\u00f6lkerung aufzubauen, m\u00fcssten sie L\u00f6sungen f\u00fcr einen sozial gerechten \u00dcbergang entwickeln. &#8222;Die Beseitigung sozialer und wirtschaftlicher Ungleichheiten wie der Energiearmut ist unerl\u00e4sslich, um Widerstand zu verhindern, der h\u00e4ufig auf real existierenden und manchmal auf gef\u00fchlten Ungerechtigkeiten beruht, und um einen fairen \u00dcbergang zu f\u00f6rdern&#8220;, so Tobias Haas.<\/p>\n\n\n\n<p>Weitere Forschung zur Nachhaltigkeitstransformation sei notwendig, um die Verz\u00f6gerungen bei der Umsetzung von Klimapolitik besser zu verstehen. Kritisch untersucht werden m\u00fcssten die verschiedenen Arten klimapolitischer Obstruktion und die Rolle etablierter Akteure und Netzwerke.<\/p>\n\n\n\n<ul class=\"wp-block-list\">\n<li><em>Haas, T., Sander, H., F\u00fcnfgeld, A., &amp; Mey, F. (2025). Climate obstruction at work: Right-wing populism and the German heating law. Energy research and social science, 123: 104034. <\/em><a href=\"https:\/\/doi.org\/10.1016\/j.erss.2025.104034\" target=\"_blank\" rel=\"noreferrer noopener\">https:\/\/doi.org\/10.1016\/j.erss.2025.104034<\/a>.<\/li>\n<\/ul>\n\n\n<h5 class=\"green\">Quelle<\/h5>\r\n\n\n\n<p><a href=\"https:\/\/www.rifs-potsdam.de\/de\/news\/wie-populisten-das-heizungsgesetz-behinderten\">RIFS 2025<\/a> | <a href=\"mailto:bianca.schroeder@rifs-potsdam.de\">Dr. Bianca Schr\u00f6der<\/a> <\/p>\n<div class=\"shariff shariff-align-flex-start shariff-widget-align-flex-start\"><div class=\"ShariffHeadline\">Diese Meldung teilen<\/div><ul class=\"shariff-buttons theme-round orientation-horizontal buttonsize-medium\"><li class=\"shariff-button facebook shariff-nocustomcolor\" style=\"background-color:#4273c8;border-radius:1%\"><a href=\"https:\/\/www.facebook.com\/sharer\/sharer.php?u=https%3A%2F%2Fwww.sonnenseite.com%2Fde%2Fpolitik%2Fwie-populisten-das-heizungsgesetz-behinderten%2F\" title=\"Bei Facebook teilen\" aria-label=\"Bei Facebook teilen\" role=\"button\" rel=\"nofollow\" class=\"shariff-link\" style=\";border-radius:1%; background-color:#3b5998; color:#fff\" target=\"_blank\"><span class=\"shariff-icon\" style=\"\"><svg width=\"32px\" height=\"20px\" xmlns=\"http:\/\/www.w3.org\/2000\/svg\" viewBox=\"0 0 18 32\"><path fill=\"#3b5998\" d=\"M17.1 0.2v4.7h-2.8q-1.5 0-2.1 0.6t-0.5 1.9v3.4h5.2l-0.7 5.3h-4.5v13.6h-5.5v-13.6h-4.5v-5.3h4.5v-3.9q0-3.3 1.9-5.2t5-1.8q2.6 0 4.1 0.2z\"\/><\/svg><\/span><\/a><\/li><li class=\"shariff-button twitter shariff-nocustomcolor\" style=\"background-color:#595959;border-radius:1%\"><a href=\"https:\/\/twitter.com\/share?url=https%3A%2F%2Fwww.sonnenseite.com%2Fde%2Fpolitik%2Fwie-populisten-das-heizungsgesetz-behinderten%2F&text=Wie%20Populisten%20das%20Heizungsgesetz%20behinderten\" title=\"Bei X teilen\" aria-label=\"Bei X teilen\" role=\"button\" rel=\"noopener nofollow\" class=\"shariff-link\" style=\";border-radius:1%; background-color:#000; color:#fff\" target=\"_blank\"><span class=\"shariff-icon\" style=\"\"><svg width=\"32px\" height=\"20px\" xmlns=\"http:\/\/www.w3.org\/2000\/svg\" viewBox=\"0 0 24 24\"><path fill=\"#000\" d=\"M14.258 10.152L23.176 0h-2.113l-7.747 8.813L7.133 0H0l9.352 13.328L0 23.973h2.113l8.176-9.309 6.531 9.309h7.133zm-2.895 3.293l-.949-1.328L2.875 1.56h3.246l6.086 8.523.945 1.328 7.91 11.078h-3.246zm0 0\"\/><\/svg><\/span><\/a><\/li><li class=\"shariff-button xing shariff-nocustomcolor\" style=\"background-color:#29888a;border-radius:1%\"><a href=\"https:\/\/www.xing.com\/spi\/shares\/new?url=https%3A%2F%2Fwww.sonnenseite.com%2Fde%2Fpolitik%2Fwie-populisten-das-heizungsgesetz-behinderten%2F\" title=\"Bei XING teilen\" aria-label=\"Bei XING teilen\" role=\"button\" rel=\"noopener nofollow\" class=\"shariff-link\" style=\";border-radius:1%; background-color:#126567; color:#fff\" target=\"_blank\"><span class=\"shariff-icon\" style=\"\"><svg width=\"32px\" height=\"20px\" xmlns=\"http:\/\/www.w3.org\/2000\/svg\" viewBox=\"0 0 25 32\"><path fill=\"#126567\" d=\"M10.7 11.9q-0.2 0.3-4.6 8.2-0.5 0.8-1.2 0.8h-4.3q-0.4 0-0.5-0.3t0-0.6l4.5-8q0 0 0 0l-2.9-5q-0.2-0.4 0-0.7 0.2-0.3 0.5-0.3h4.3q0.7 0 1.2 0.8zM25.1 0.4q0.2 0.3 0 0.7l-9.4 16.7 6 11q0.2 0.4 0 0.6-0.2 0.3-0.6 0.3h-4.3q-0.7 0-1.2-0.8l-6-11.1q0.3-0.6 9.5-16.8 0.4-0.8 1.2-0.8h4.3q0.4 0 0.5 0.3z\"\/><\/svg><\/span><\/a><\/li><li class=\"shariff-button linkedin shariff-nocustomcolor\" style=\"background-color:#1488bf;border-radius:1%\"><a href=\"https:\/\/www.linkedin.com\/sharing\/share-offsite\/?url=https%3A%2F%2Fwww.sonnenseite.com%2Fde%2Fpolitik%2Fwie-populisten-das-heizungsgesetz-behinderten%2F\" title=\"Bei LinkedIn teilen\" aria-label=\"Bei LinkedIn teilen\" role=\"button\" rel=\"noopener nofollow\" class=\"shariff-link\" style=\";border-radius:1%; background-color:#0077b5; color:#fff\" target=\"_blank\"><span class=\"shariff-icon\" style=\"\"><svg width=\"32px\" height=\"20px\" xmlns=\"http:\/\/www.w3.org\/2000\/svg\" viewBox=\"0 0 27 32\"><path fill=\"#0077b5\" d=\"M6.2 11.2v17.7h-5.9v-17.7h5.9zM6.6 5.7q0 1.3-0.9 2.2t-2.4 0.9h0q-1.5 0-2.4-0.9t-0.9-2.2 0.9-2.2 2.4-0.9 2.4 0.9 0.9 2.2zM27.4 18.7v10.1h-5.9v-9.5q0-1.9-0.7-2.9t-2.3-1.1q-1.1 0-1.9 0.6t-1.2 1.5q-0.2 0.5-0.2 1.4v9.9h-5.9q0-7.1 0-11.6t0-5.3l0-0.9h5.9v2.6h0q0.4-0.6 0.7-1t1-0.9 1.6-0.8 2-0.3q3 0 4.9 2t1.9 6z\"\/><\/svg><\/span><\/a><\/li><li class=\"shariff-button printer shariff-nocustomcolor\" style=\"background-color:#a8a8a8;border-radius:1%\"><a href=\"javascript:window.print()\" title=\"drucken\" aria-label=\"drucken\" role=\"button\" rel=\"noopener nofollow\" class=\"shariff-link\" style=\";border-radius:1%; background-color:#999; color:#fff\"><span class=\"shariff-icon\" style=\"\"><svg width=\"32px\" height=\"20px\" xmlns=\"http:\/\/www.w3.org\/2000\/svg\" viewBox=\"0 0 30 32\"><path fill=\"#999\" d=\"M6.8 27.4h16v-4.6h-16v4.6zM6.8 16h16v-6.8h-2.8q-0.7 0-1.2-0.5t-0.5-1.2v-2.8h-11.4v11.4zM27.4 17.2q0-0.5-0.3-0.8t-0.8-0.4-0.8 0.4-0.3 0.8 0.3 0.8 0.8 0.3 0.8-0.3 0.3-0.8zM29.7 17.2v7.4q0 0.2-0.2 0.4t-0.4 0.2h-4v2.8q0 0.7-0.5 1.2t-1.2 0.5h-17.2q-0.7 0-1.2-0.5t-0.5-1.2v-2.8h-4q-0.2 0-0.4-0.2t-0.2-0.4v-7.4q0-1.4 1-2.4t2.4-1h1.2v-9.7q0-0.7 0.5-1.2t1.2-0.5h12q0.7 0 1.6 0.4t1.3 0.8l2.7 2.7q0.5 0.5 0.9 1.4t0.4 1.6v4.6h1.1q1.4 0 2.4 1t1 2.4z\"\/><\/svg><\/span><\/a><\/li><li class=\"shariff-button mailto shariff-nocustomcolor\" style=\"background-color:#a8a8a8;border-radius:1%\"><a href=\"mailto:?body=https%3A%2F%2Fwww.sonnenseite.com%2Fde%2Fpolitik%2Fwie-populisten-das-heizungsgesetz-behinderten%2F&subject=Wie%20Populisten%20das%20Heizungsgesetz%20behinderten\" title=\"Per E-Mail versenden\" aria-label=\"Per E-Mail versenden\" role=\"button\" rel=\"noopener nofollow\" class=\"shariff-link\" style=\";border-radius:1%; background-color:#999; color:#fff\"><span class=\"shariff-icon\" style=\"\"><svg width=\"32px\" height=\"20px\" xmlns=\"http:\/\/www.w3.org\/2000\/svg\" viewBox=\"0 0 32 32\"><path fill=\"#999\" d=\"M32 12.7v14.2q0 1.2-0.8 2t-2 0.9h-26.3q-1.2 0-2-0.9t-0.8-2v-14.2q0.8 0.9 1.8 1.6 6.5 4.4 8.9 6.1 1 0.8 1.6 1.2t1.7 0.9 2 0.4h0.1q0.9 0 2-0.4t1.7-0.9 1.6-1.2q3-2.2 8.9-6.1 1-0.7 1.8-1.6zM32 7.4q0 1.4-0.9 2.7t-2.2 2.2q-6.7 4.7-8.4 5.8-0.2 0.1-0.7 0.5t-1 0.7-0.9 0.6-1.1 0.5-0.9 0.2h-0.1q-0.4 0-0.9-0.2t-1.1-0.5-0.9-0.6-1-0.7-0.7-0.5q-1.6-1.1-4.7-3.2t-3.6-2.6q-1.1-0.7-2.1-2t-1-2.5q0-1.4 0.7-2.3t2.1-0.9h26.3q1.2 0 2 0.8t0.9 2z\"\/><\/svg><\/span><\/a><\/li><\/ul><\/div>","protected":false},"excerpt":{"rendered":"<p>Forscher haben den Diskurs \u00fcber das Heizungsgesetz analysiert. Als das Heizungsgesetz im September 2023 verabschiedet wurde, [&hellip;]<\/p>\n","protected":false},"author":3,"featured_media":33292,"comment_status":"closed","ping_status":"closed","sticky":false,"template":"","format":"standard","meta":{"inline_featured_image":false,"footnotes":""},"categories":[21],"tags":[],"class_list":["post-107496","post","type-post","status-publish","format-standard","has-post-thumbnail","hentry","category-politik"],"yoast_head":"<!-- This site is optimized with the Yoast SEO plugin v26.5 - https:\/\/yoast.com\/wordpress\/plugins\/seo\/ -->\n<title>Wie Populisten das Heizungsgesetz behinderten - Sonnenseite - \u00d6kologische Kommunikation mit Franz Alt<\/title>\n<meta name=\"description\" content=\"Forscher haben den Diskurs \u00fcber das Heizungsgesetz analysiert. Als das Heizungsgesetz im September 2023 verabschiedet wurde, hatten die Ampel-Parteien\" \/>\n<meta name=\"robots\" content=\"index, follow, max-snippet:-1, max-image-preview:large, max-video-preview:-1\" \/>\n<link rel=\"canonical\" href=\"https:\/\/www.sonnenseite.com\/de\/politik\/wie-populisten-das-heizungsgesetz-behinderten\/\" \/>\n<meta property=\"og:locale\" content=\"de_DE\" \/>\n<meta property=\"og:type\" content=\"article\" \/>\n<meta property=\"og:title\" content=\"Wie Populisten das Heizungsgesetz behinderten - Sonnenseite - \u00d6kologische Kommunikation mit Franz Alt\" \/>\n<meta property=\"og:description\" content=\"Forscher haben den Diskurs \u00fcber das Heizungsgesetz analysiert. Als das Heizungsgesetz im September 2023 verabschiedet wurde, hatten die Ampel-Parteien\" \/>\n<meta property=\"og:url\" content=\"https:\/\/www.sonnenseite.com\/de\/politik\/wie-populisten-das-heizungsgesetz-behinderten\/\" \/>\n<meta property=\"og:site_name\" content=\"Sonnenseite\" \/>\n<meta property=\"article:publisher\" content=\"https:\/\/www.facebook.com\/pages\/Franz-Alt-SONNENSEITECOM\/221072987903953?fref=ts\" \/>\n<meta property=\"article:published_time\" content=\"2025-06-15T07:25:53+00:00\" \/>\n<meta property=\"article:modified_time\" content=\"2025-06-15T07:25:54+00:00\" \/>\n<meta property=\"og:image\" content=\"https:\/\/www.sonnenseite.com\/wp-content\/uploads\/2016\/10\/gesetz_geralt.jpg\" \/>\n\t<meta property=\"og:image:width\" content=\"770\" \/>\n\t<meta property=\"og:image:height\" content=\"420\" \/>\n\t<meta property=\"og:image:type\" content=\"image\/jpeg\" \/>\n<meta name=\"author\" content=\"Bigi Alt\" \/>\n<meta name=\"twitter:card\" content=\"summary_large_image\" \/>\n<meta name=\"twitter:creator\" content=\"@franzalt\" \/>\n<meta name=\"twitter:site\" content=\"@franzalt\" \/>\n<meta name=\"twitter:label1\" content=\"Verfasst von\" \/>\n\t<meta name=\"twitter:data1\" content=\"Bigi Alt\" \/>\n\t<meta name=\"twitter:label2\" content=\"Gesch\u00e4tzte Lesezeit\" \/>\n\t<meta name=\"twitter:data2\" content=\"5\u00a0Minuten\" \/>\n<script type=\"application\/ld+json\" class=\"yoast-schema-graph\">{\"@context\":\"https:\/\/schema.org\",\"@graph\":[{\"@type\":\"Article\",\"@id\":\"https:\/\/www.sonnenseite.com\/de\/politik\/wie-populisten-das-heizungsgesetz-behinderten\/#article\",\"isPartOf\":{\"@id\":\"https:\/\/www.sonnenseite.com\/de\/politik\/wie-populisten-das-heizungsgesetz-behinderten\/\"},\"author\":{\"name\":\"Bigi Alt\",\"@id\":\"https:\/\/www.sonnenseite.com\/de\/#\/schema\/person\/50fda0e926597684c7cc6695238a4eb9\"},\"headline\":\"Wie Populisten das Heizungsgesetz behinderten\",\"datePublished\":\"2025-06-15T07:25:53+00:00\",\"dateModified\":\"2025-06-15T07:25:54+00:00\",\"mainEntityOfPage\":{\"@id\":\"https:\/\/www.sonnenseite.com\/de\/politik\/wie-populisten-das-heizungsgesetz-behinderten\/\"},\"wordCount\":776,\"publisher\":{\"@id\":\"https:\/\/www.sonnenseite.com\/de\/#organization\"},\"image\":{\"@id\":\"https:\/\/www.sonnenseite.com\/de\/politik\/wie-populisten-das-heizungsgesetz-behinderten\/#primaryimage\"},\"thumbnailUrl\":\"https:\/\/www.sonnenseite.com\/wp-content\/uploads\/2016\/10\/gesetz_geralt.jpg\",\"articleSection\":[\"Politik\"],\"inLanguage\":\"de\"},{\"@type\":\"WebPage\",\"@id\":\"https:\/\/www.sonnenseite.com\/de\/politik\/wie-populisten-das-heizungsgesetz-behinderten\/\",\"url\":\"https:\/\/www.sonnenseite.com\/de\/politik\/wie-populisten-das-heizungsgesetz-behinderten\/\",\"name\":\"Wie Populisten das Heizungsgesetz behinderten - Sonnenseite - \u00d6kologische Kommunikation mit Franz Alt\",\"isPartOf\":{\"@id\":\"https:\/\/www.sonnenseite.com\/de\/#website\"},\"primaryImageOfPage\":{\"@id\":\"https:\/\/www.sonnenseite.com\/de\/politik\/wie-populisten-das-heizungsgesetz-behinderten\/#primaryimage\"},\"image\":{\"@id\":\"https:\/\/www.sonnenseite.com\/de\/politik\/wie-populisten-das-heizungsgesetz-behinderten\/#primaryimage\"},\"thumbnailUrl\":\"https:\/\/www.sonnenseite.com\/wp-content\/uploads\/2016\/10\/gesetz_geralt.jpg\",\"datePublished\":\"2025-06-15T07:25:53+00:00\",\"dateModified\":\"2025-06-15T07:25:54+00:00\",\"description\":\"Forscher haben den Diskurs \u00fcber das Heizungsgesetz analysiert. Als das Heizungsgesetz im September 2023 verabschiedet wurde, hatten die Ampel-Parteien\",\"breadcrumb\":{\"@id\":\"https:\/\/www.sonnenseite.com\/de\/politik\/wie-populisten-das-heizungsgesetz-behinderten\/#breadcrumb\"},\"inLanguage\":\"de\",\"potentialAction\":[{\"@type\":\"ReadAction\",\"target\":[\"https:\/\/www.sonnenseite.com\/de\/politik\/wie-populisten-das-heizungsgesetz-behinderten\/\"]}]},{\"@type\":\"ImageObject\",\"inLanguage\":\"de\",\"@id\":\"https:\/\/www.sonnenseite.com\/de\/politik\/wie-populisten-das-heizungsgesetz-behinderten\/#primaryimage\",\"url\":\"https:\/\/www.sonnenseite.com\/wp-content\/uploads\/2016\/10\/gesetz_geralt.jpg\",\"contentUrl\":\"https:\/\/www.sonnenseite.com\/wp-content\/uploads\/2016\/10\/gesetz_geralt.jpg\",\"width\":770,\"height\":420,\"caption\":\"pixabay.com | geralt | Populistische Taktiken und Fehlinformationen verzerren oft den Diskurs und schw\u00e4chen Gesetzesvorschl\u00e4ge.\"},{\"@type\":\"BreadcrumbList\",\"@id\":\"https:\/\/www.sonnenseite.com\/de\/politik\/wie-populisten-das-heizungsgesetz-behinderten\/#breadcrumb\",\"itemListElement\":[{\"@type\":\"ListItem\",\"position\":1,\"name\":\"Startseite\",\"item\":\"https:\/\/www.sonnenseite.com\/de\/\"},{\"@type\":\"ListItem\",\"position\":2,\"name\":\"Wie Populisten das Heizungsgesetz behinderten\"}]},{\"@type\":\"WebSite\",\"@id\":\"https:\/\/www.sonnenseite.com\/de\/#website\",\"url\":\"https:\/\/www.sonnenseite.com\/de\/\",\"name\":\"Sonnenseite\",\"description\":\"\u00d6kologische Kommunikation mit Franz Alt\",\"publisher\":{\"@id\":\"https:\/\/www.sonnenseite.com\/de\/#organization\"},\"potentialAction\":[{\"@type\":\"SearchAction\",\"target\":{\"@type\":\"EntryPoint\",\"urlTemplate\":\"https:\/\/www.sonnenseite.com\/de\/?s={search_term_string}\"},\"query-input\":{\"@type\":\"PropertyValueSpecification\",\"valueRequired\":true,\"valueName\":\"search_term_string\"}}],\"inLanguage\":\"de\"},{\"@type\":\"Organization\",\"@id\":\"https:\/\/www.sonnenseite.com\/de\/#organization\",\"name\":\"Sonnenseite\",\"url\":\"https:\/\/www.sonnenseite.com\/de\/\",\"logo\":{\"@type\":\"ImageObject\",\"inLanguage\":\"de\",\"@id\":\"https:\/\/www.sonnenseite.com\/de\/#\/schema\/logo\/image\/\",\"url\":\"https:\/\/www.sonnenseite.com\/wp-content\/uploads\/2020\/05\/Sonnenseite_Logo.png\",\"contentUrl\":\"https:\/\/www.sonnenseite.com\/wp-content\/uploads\/2020\/05\/Sonnenseite_Logo.png\",\"width\":377,\"height\":90,\"caption\":\"Sonnenseite\"},\"image\":{\"@id\":\"https:\/\/www.sonnenseite.com\/de\/#\/schema\/logo\/image\/\"},\"sameAs\":[\"https:\/\/www.facebook.com\/pages\/Franz-Alt-SONNENSEITECOM\/221072987903953?fref=ts\",\"https:\/\/x.com\/franzalt\",\"http:\/\/www.youtube.com\/results?search_query&amp;amp;quot;franz_alt&amp;amp;quot;&amp;amp;amp;amp;search_type&amp;amp;amp;amp;aq=f\"]},{\"@type\":\"Person\",\"@id\":\"https:\/\/www.sonnenseite.com\/de\/#\/schema\/person\/50fda0e926597684c7cc6695238a4eb9\",\"name\":\"Bigi Alt\"}]}<\/script>\n<!-- \/ Yoast SEO plugin. -->","yoast_head_json":{"title":"Wie Populisten das Heizungsgesetz behinderten - Sonnenseite - \u00d6kologische Kommunikation mit Franz Alt","description":"Forscher haben den Diskurs \u00fcber das Heizungsgesetz analysiert. Als das Heizungsgesetz im September 2023 verabschiedet wurde, hatten die Ampel-Parteien","robots":{"index":"index","follow":"follow","max-snippet":"max-snippet:-1","max-image-preview":"max-image-preview:large","max-video-preview":"max-video-preview:-1"},"canonical":"https:\/\/www.sonnenseite.com\/de\/politik\/wie-populisten-das-heizungsgesetz-behinderten\/","og_locale":"de_DE","og_type":"article","og_title":"Wie Populisten das Heizungsgesetz behinderten - Sonnenseite - \u00d6kologische Kommunikation mit Franz Alt","og_description":"Forscher haben den Diskurs \u00fcber das Heizungsgesetz analysiert. Als das Heizungsgesetz im September 2023 verabschiedet wurde, hatten die Ampel-Parteien","og_url":"https:\/\/www.sonnenseite.com\/de\/politik\/wie-populisten-das-heizungsgesetz-behinderten\/","og_site_name":"Sonnenseite","article_publisher":"https:\/\/www.facebook.com\/pages\/Franz-Alt-SONNENSEITECOM\/221072987903953?fref=ts","article_published_time":"2025-06-15T07:25:53+00:00","article_modified_time":"2025-06-15T07:25:54+00:00","og_image":[{"width":770,"height":420,"url":"https:\/\/www.sonnenseite.com\/wp-content\/uploads\/2016\/10\/gesetz_geralt.jpg","type":"image\/jpeg"}],"author":"Bigi Alt","twitter_card":"summary_large_image","twitter_creator":"@franzalt","twitter_site":"@franzalt","twitter_misc":{"Verfasst von":"Bigi Alt","Gesch\u00e4tzte Lesezeit":"5\u00a0Minuten"},"schema":{"@context":"https:\/\/schema.org","@graph":[{"@type":"Article","@id":"https:\/\/www.sonnenseite.com\/de\/politik\/wie-populisten-das-heizungsgesetz-behinderten\/#article","isPartOf":{"@id":"https:\/\/www.sonnenseite.com\/de\/politik\/wie-populisten-das-heizungsgesetz-behinderten\/"},"author":{"name":"Bigi Alt","@id":"https:\/\/www.sonnenseite.com\/de\/#\/schema\/person\/50fda0e926597684c7cc6695238a4eb9"},"headline":"Wie Populisten das Heizungsgesetz behinderten","datePublished":"2025-06-15T07:25:53+00:00","dateModified":"2025-06-15T07:25:54+00:00","mainEntityOfPage":{"@id":"https:\/\/www.sonnenseite.com\/de\/politik\/wie-populisten-das-heizungsgesetz-behinderten\/"},"wordCount":776,"publisher":{"@id":"https:\/\/www.sonnenseite.com\/de\/#organization"},"image":{"@id":"https:\/\/www.sonnenseite.com\/de\/politik\/wie-populisten-das-heizungsgesetz-behinderten\/#primaryimage"},"thumbnailUrl":"https:\/\/www.sonnenseite.com\/wp-content\/uploads\/2016\/10\/gesetz_geralt.jpg","articleSection":["Politik"],"inLanguage":"de"},{"@type":"WebPage","@id":"https:\/\/www.sonnenseite.com\/de\/politik\/wie-populisten-das-heizungsgesetz-behinderten\/","url":"https:\/\/www.sonnenseite.com\/de\/politik\/wie-populisten-das-heizungsgesetz-behinderten\/","name":"Wie Populisten das Heizungsgesetz behinderten - Sonnenseite - \u00d6kologische Kommunikation mit Franz Alt","isPartOf":{"@id":"https:\/\/www.sonnenseite.com\/de\/#website"},"primaryImageOfPage":{"@id":"https:\/\/www.sonnenseite.com\/de\/politik\/wie-populisten-das-heizungsgesetz-behinderten\/#primaryimage"},"image":{"@id":"https:\/\/www.sonnenseite.com\/de\/politik\/wie-populisten-das-heizungsgesetz-behinderten\/#primaryimage"},"thumbnailUrl":"https:\/\/www.sonnenseite.com\/wp-content\/uploads\/2016\/10\/gesetz_geralt.jpg","datePublished":"2025-06-15T07:25:53+00:00","dateModified":"2025-06-15T07:25:54+00:00","description":"Forscher haben den Diskurs \u00fcber das Heizungsgesetz analysiert. Als das Heizungsgesetz im September 2023 verabschiedet wurde, hatten die Ampel-Parteien","breadcrumb":{"@id":"https:\/\/www.sonnenseite.com\/de\/politik\/wie-populisten-das-heizungsgesetz-behinderten\/#breadcrumb"},"inLanguage":"de","potentialAction":[{"@type":"ReadAction","target":["https:\/\/www.sonnenseite.com\/de\/politik\/wie-populisten-das-heizungsgesetz-behinderten\/"]}]},{"@type":"ImageObject","inLanguage":"de","@id":"https:\/\/www.sonnenseite.com\/de\/politik\/wie-populisten-das-heizungsgesetz-behinderten\/#primaryimage","url":"https:\/\/www.sonnenseite.com\/wp-content\/uploads\/2016\/10\/gesetz_geralt.jpg","contentUrl":"https:\/\/www.sonnenseite.com\/wp-content\/uploads\/2016\/10\/gesetz_geralt.jpg","width":770,"height":420,"caption":"pixabay.com | geralt | Populistische Taktiken und Fehlinformationen verzerren oft den Diskurs und schw\u00e4chen Gesetzesvorschl\u00e4ge."},{"@type":"BreadcrumbList","@id":"https:\/\/www.sonnenseite.com\/de\/politik\/wie-populisten-das-heizungsgesetz-behinderten\/#breadcrumb","itemListElement":[{"@type":"ListItem","position":1,"name":"Startseite","item":"https:\/\/www.sonnenseite.com\/de\/"},{"@type":"ListItem","position":2,"name":"Wie Populisten das Heizungsgesetz behinderten"}]},{"@type":"WebSite","@id":"https:\/\/www.sonnenseite.com\/de\/#website","url":"https:\/\/www.sonnenseite.com\/de\/","name":"Sonnenseite","description":"\u00d6kologische Kommunikation mit Franz Alt","publisher":{"@id":"https:\/\/www.sonnenseite.com\/de\/#organization"},"potentialAction":[{"@type":"SearchAction","target":{"@type":"EntryPoint","urlTemplate":"https:\/\/www.sonnenseite.com\/de\/?s={search_term_string}"},"query-input":{"@type":"PropertyValueSpecification","valueRequired":true,"valueName":"search_term_string"}}],"inLanguage":"de"},{"@type":"Organization","@id":"https:\/\/www.sonnenseite.com\/de\/#organization","name":"Sonnenseite","url":"https:\/\/www.sonnenseite.com\/de\/","logo":{"@type":"ImageObject","inLanguage":"de","@id":"https:\/\/www.sonnenseite.com\/de\/#\/schema\/logo\/image\/","url":"https:\/\/www.sonnenseite.com\/wp-content\/uploads\/2020\/05\/Sonnenseite_Logo.png","contentUrl":"https:\/\/www.sonnenseite.com\/wp-content\/uploads\/2020\/05\/Sonnenseite_Logo.png","width":377,"height":90,"caption":"Sonnenseite"},"image":{"@id":"https:\/\/www.sonnenseite.com\/de\/#\/schema\/logo\/image\/"},"sameAs":["https:\/\/www.facebook.com\/pages\/Franz-Alt-SONNENSEITECOM\/221072987903953?fref=ts","https:\/\/x.com\/franzalt","http:\/\/www.youtube.com\/results?search_query&amp;amp;quot;franz_alt&amp;amp;quot;&amp;amp;amp;amp;search_type&amp;amp;amp;amp;aq=f"]},{"@type":"Person","@id":"https:\/\/www.sonnenseite.com\/de\/#\/schema\/person\/50fda0e926597684c7cc6695238a4eb9","name":"Bigi Alt"}]}},"_links":{"self":[{"href":"https:\/\/www.sonnenseite.com\/de\/wp-json\/wp\/v2\/posts\/107496","targetHints":{"allow":["GET"]}}],"collection":[{"href":"https:\/\/www.sonnenseite.com\/de\/wp-json\/wp\/v2\/posts"}],"about":[{"href":"https:\/\/www.sonnenseite.com\/de\/wp-json\/wp\/v2\/types\/post"}],"author":[{"embeddable":true,"href":"https:\/\/www.sonnenseite.com\/de\/wp-json\/wp\/v2\/users\/3"}],"replies":[{"embeddable":true,"href":"https:\/\/www.sonnenseite.com\/de\/wp-json\/wp\/v2\/comments?post=107496"}],"version-history":[{"count":2,"href":"https:\/\/www.sonnenseite.com\/de\/wp-json\/wp\/v2\/posts\/107496\/revisions"}],"predecessor-version":[{"id":107498,"href":"https:\/\/www.sonnenseite.com\/de\/wp-json\/wp\/v2\/posts\/107496\/revisions\/107498"}],"wp:featuredmedia":[{"embeddable":true,"href":"https:\/\/www.sonnenseite.com\/de\/wp-json\/wp\/v2\/media\/33292"}],"wp:attachment":[{"href":"https:\/\/www.sonnenseite.com\/de\/wp-json\/wp\/v2\/media?parent=107496"}],"wp:term":[{"taxonomy":"category","embeddable":true,"href":"https:\/\/www.sonnenseite.com\/de\/wp-json\/wp\/v2\/categories?post=107496"},{"taxonomy":"post_tag","embeddable":true,"href":"https:\/\/www.sonnenseite.com\/de\/wp-json\/wp\/v2\/tags?post=107496"}],"curies":[{"name":"wp","href":"https:\/\/api.w.org\/{rel}","templated":true}]}}