{"id":107643,"date":"2025-06-23T02:52:00","date_gmt":"2025-06-23T00:52:00","guid":{"rendered":"https:\/\/www.sonnenseite.com\/?p=107643"},"modified":"2025-06-28T09:59:40","modified_gmt":"2025-06-28T07:59:40","slug":"wasserentnahmen-in-zeiten-der-klimakrise","status":"publish","type":"post","link":"https:\/\/www.sonnenseite.com\/de\/umwelt\/wasserentnahmen-in-zeiten-der-klimakrise\/","title":{"rendered":"Wasserentnahmen in Zeiten der Klimakrise"},"content":{"rendered":"\n<p>BUND fordert faireren Umgang mit einer knappen Ressource &#8211; Bundeseinheitliche Wasserentgelte notwendig<\/p>\n\n\n\n<ul class=\"wp-block-list\">\n<li>Industrielle Wasserentnahmen: Aktuelle Auswertung zeigt bundesweit gro\u00dfe Unterschiede<\/li>\n\n\n\n<li>Wasser darf nicht zur n\u00e4chsten sozialen Verteilungsfrage werden<\/li>\n\n\n\n<li>Ressource muss besser gesch\u00fctzt werden<\/li>\n<\/ul>\n\n\n<div class=\"wp-block-image\">\n<figure class=\"alignleft size-full is-resized\"><a href=\"https:\/\/www.sonnenseite.com\/wp-content\/uploads\/2025\/06\/BUND_Ausnahmen-bei-der-Wasserentnahme-fuer-Industrie-und-Wirtschaft.jpg\"><img loading=\"lazy\" decoding=\"async\" width=\"852\" height=\"600\" src=\"https:\/\/www.sonnenseite.com\/wp-content\/uploads\/2025\/06\/BUND_Ausnahmen-bei-der-Wasserentnahme-fuer-Industrie-und-Wirtschaft.jpg\" alt=\"\" class=\"wp-image-107644\" style=\"width:397px;height:auto\" srcset=\"https:\/\/www.sonnenseite.com\/wp-content\/uploads\/2025\/06\/BUND_Ausnahmen-bei-der-Wasserentnahme-fuer-Industrie-und-Wirtschaft.jpg 852w, https:\/\/www.sonnenseite.com\/wp-content\/uploads\/2025\/06\/BUND_Ausnahmen-bei-der-Wasserentnahme-fuer-Industrie-und-Wirtschaft-300x211.jpg 300w, https:\/\/www.sonnenseite.com\/wp-content\/uploads\/2025\/06\/BUND_Ausnahmen-bei-der-Wasserentnahme-fuer-Industrie-und-Wirtschaft-768x541.jpg 768w\" sizes=\"auto, (max-width: 852px) 100vw, 852px\" \/><\/a><\/figure>\n<\/div>\n\n\n<p>Angesichts zunehmender Wasserknappheit und wachsender Nutzungskonflikte fordert der Bund f\u00fcr Umwelt und Naturschutz Deutschland (BUND) eine bundesweit einheitliche Regelung f\u00fcr Wasserentnahmeentgelte. Eine aktuelle Auswertung der Entgelte durch den BUND in den Bundesl\u00e4ndern zeigt: Derzeit regeln die L\u00e4nder das Entgelt uneinheitlich. In Bayern, Hessen und Th\u00fcringen gibt es beispielsweise keine eigenen Gesetze zur Erhebung des Wasserentnahmeentgeltes. In anderen Bundesl\u00e4ndern werden Industrie und Wirtschaft durch viele Ausnahmen von der Entgeltzahlung teilweise befreit. Der BUND fordert die Bundesregierung auf, f\u00fcr Fairness und Transparenz zu sorgen.<\/p>\n\n\n\n<p>Verena Graichen, BUND-Gesch\u00e4ftsf\u00fchrerin Politik: \u201eGrundwasser ist eine begrenzte Ressource. Es kann nicht sein, dass sich Unternehmen mancherorts umsonst daran bedienen k\u00f6nnen. Denn die Folgekosten von Grundwasserstress zahlen wir alle. Deutschland muss umdenken: Es braucht einen sparsamen, gerechten und \u00f6kologischen Umgang mit Wasser. Die Politik ist aufgefordert zu handeln und die Wasserentgelte bundeseinheitlich zu regeln.\u201c<\/p>\n\n\n\n<p>Ein Beispiel: Das Wasserentnahmeentgelt von Grundwasser betr\u00e4gt in Rheinland-Pfalz 0,06 Euro je Kubikmeter, wovon BASF 26 Millionen Kubikmeter im Jahr f\u00f6rdern darf. Die Trinkwasserkosten f\u00fcr B\u00fcrger*innen betragen derzeit 1,92 Euro je Kubikmeter (netto) bei den Technischen Werken Ludwigshafen.<\/p>\n\n\n<div class=\"wp-block-image\">\n<figure class=\"alignright size-large is-resized\"><a href=\"https:\/\/www.sonnenseite.com\/wp-content\/uploads\/2025\/06\/BUND_grundwasserstress-karte-deutschland-studie.webp\"><img loading=\"lazy\" decoding=\"async\" width=\"1024\" height=\"722\" src=\"https:\/\/www.sonnenseite.com\/wp-content\/uploads\/2025\/06\/BUND_grundwasserstress-karte-deutschland-studie-1024x722.webp\" alt=\"\" class=\"wp-image-107554\" style=\"width:378px;height:auto\" srcset=\"https:\/\/www.sonnenseite.com\/wp-content\/uploads\/2025\/06\/BUND_grundwasserstress-karte-deutschland-studie-1024x722.webp 1024w, https:\/\/www.sonnenseite.com\/wp-content\/uploads\/2025\/06\/BUND_grundwasserstress-karte-deutschland-studie-300x211.webp 300w, https:\/\/www.sonnenseite.com\/wp-content\/uploads\/2025\/06\/BUND_grundwasserstress-karte-deutschland-studie-768x541.webp 768w, https:\/\/www.sonnenseite.com\/wp-content\/uploads\/2025\/06\/BUND_grundwasserstress-karte-deutschland-studie-1536x1083.webp 1536w, https:\/\/www.sonnenseite.com\/wp-content\/uploads\/2025\/06\/BUND_grundwasserstress-karte-deutschland-studie-2048x1444.webp 2048w\" sizes=\"auto, (max-width: 1024px) 100vw, 1024px\" \/><\/a><\/figure>\n<\/div>\n\n\n<p>Eine j\u00fcngst vom <a href=\"https:\/\/www.bund.net\/service\/publikationen\/detail\/publication\/grundwasserstress-in-deutschland\/\">BUND ver\u00f6ffentlichte Studie<\/a> zur <a href=\"https:\/\/www.bund.net\/themen\/aktuelles\/detail-aktuelles\/news\/grundwasser-in-gefahr-bund-legt-studie-zur-wasserknappheit-vor\/\" target=\"_blank\" rel=\"noreferrer noopener\">Grundwassernutzung<\/a> belegt dabei, dass jeder zweite Landkreis bereits potentiell von Grundwasserstress betroffen ist. Eine aktuelle Umfrage zeigt zudem: 65 Prozent der Menschen w\u00fcnschen sich, dass auch Gro\u00dfverbraucher in der Industrie endlich angemessen f\u00fcr unsere wertvollste Ressource Wasser zahlen sollen.<\/p>\n\n\n\n<p>Graichen: \u201eDie Menschen w\u00fcnschen sich Gerechtigkeit und politische Steuerung. Wasser darf nicht zur n\u00e4chsten sozialen Verteilungsfrage werden. Die Bundes- und Landespolitik ist gefragt, klare Priorit\u00e4ten zu setzen: \u00d6ffentliche Versorgung und \u00d6kosysteme m\u00fcssen Vorrang vor \u00fcberm\u00e4\u00dfiger industrieller Nutzung haben.\u201c<\/p>\n\n\n\n<h3 class=\"wp-block-heading\">Einheitliche Regelung bei Wasserentnahmeentgelt f\u00fcr Gew\u00e4sserschutz \u00fcberf\u00e4llig<\/h3>\n\n\n\n<p>Deutschland ist weit davon entfernt, die europ\u00e4ischen Vorgabe, alle Gew\u00e4sser bis sp\u00e4testens 2027 in einen guten Zustand zu bringen, umzusetzen. Es fehlt an Personal und Geld f\u00fcr den Schutz des Wassers.<\/p>\n\n\n\n<p>Graichen: \u201eMit Wasserentnahmeentgelten k\u00f6nnte die Politik Gew\u00e4sserschutz nachhaltig finanzieren. Bei den Entgelten muss das Verursacherprinzip gelten. Wirtschaftszweige, die viel Wasser nutzen, m\u00fcssen auch daf\u00fcr bezahlen. Alles andere ist ungerecht.\u201c<\/p>\n\n\n\n<h3 class=\"wp-block-heading\">Der BUND fordert einen 5-Punkte-Plan zum schnellen Handeln in der Gew\u00e4sserpolitik:<\/h3>\n\n\n\n<ul class=\"wp-block-list\">\n<li>einen sorgsameren Umgang bei Wasserentnahmen,<\/li>\n\n\n\n<li>eine erhebliche Verringerung der Verschmutzung der Gew\u00e4sser verbunden mit der St\u00e4rkung des Verursacherprinzips,<\/li>\n\n\n\n<li>eine st\u00e4rkere F\u00f6rderung naturbasierter L\u00f6sungen bei Fl\u00fcssen und Mooren f\u00fcr den Klimaschutz,<\/li>\n\n\n\n<li>eine F\u00f6rderung der Landwirtschaft als Wassersch\u00fctzer sowie<\/li>\n\n\n\n<li>eine ambitionierte Umsetzung der Nationalen Wasserstrategie und der Wasserrahmenrichtlinie durch Bund und L\u00e4nder, mit mehr Geld und mehr Personal f\u00fcr die Wasserwirtschaft.<\/li>\n<\/ul>\n\n\n\n<h3 class=\"wp-block-heading\">Hintergrund<\/h3>\n\n\n\n<p>Das Wasserentnahmeentgelt soll in erster Linie dem vorsorgenden Ressourcenschutz dienen, wobei das Entgelt als lenkende Gegenleistungsabgabe erhoben wird. Der Entnehmende erh\u00e4lt einen individuellen Sondervorteil, indem er auf den Wasserhaushalt zugreifen darf, der als Gut der Allgemeinheit gilt. F\u00fcr diesen Sondervorteil soll zuk\u00fcnftig ein entsprechendes Entgelt entrichtet werden, dessen H\u00f6he aktuell die L\u00e4nder selbst bestimmen. Jedoch kann auch von Bundesseite ein einheitliches Wasserentnahmeentgelt eingef\u00fchrt werden.<\/p>\n\n\n\n<p>Die <a href=\"https:\/\/eur-lex.europa.eu\/legal-content\/EN\/TXT\/PDF\/?uri=SWD:2025:25:FIN\" target=\"_blank\" rel=\"noreferrer noopener\">Europ\u00e4ische Kommission empfiehlt<\/a> in ihrem j\u00fcngsten Bericht zur Umsetzung der Wasserrahmenrichtlinie, dass Deutschland die Nutzung von Entnahmegenehmigungen und -geb\u00fchren f\u00fcr alle Wassernutzer bundesweit erh\u00f6ht und harmonisiert, um die Umweltziele in den Bewirtschaftungspl\u00e4nen zu erreichen. Insbesondere in den Bundesl\u00e4ndern Bayern, Th\u00fcringen und Hessen, in denen keine Geb\u00fchren f\u00fcr die Grundwasserentnahme durch die (Bergbau-)Industrie, die Landwirtschaft oder die Gemeinden erhoben werden. In den meisten Bundesl\u00e4ndern, die eine Geb\u00fchr erheben, bezieht sich diese sowohl auf die Entnahme von Grundwasser als auch auf die Entnahme von Wasser aus Oberfl\u00e4chengew\u00e4ssern. In Berlin und im Saarland bezieht sich die Abgabe nur auf die Entnahme von Grundwasser. In diesen Bundesl\u00e4ndern ist die Entnahme von Oberfl\u00e4chenwasser daher geb\u00fchrenfrei.<\/p>\n\n\n\n<p>Angesichts der durch den Klimawandel vermehrt auftretenden D\u00fcrreperioden und des Risikos einer \u00fcberm\u00e4\u00dfigen Wasserentnahme ist Deutschland angehalten, die tats\u00e4chlich entnommenen Mengen zu \u00fcberwachen. Au\u00dferdem sollte die uneinheitliche Nutzung von Ausnahmen von den Wassergeb\u00fchren harmonisiert werden. Dies betrifft zum Beispiel die Grundwasserentnahmegeb\u00fchren f\u00fcr Industrie, Landwirtschaft und\/oder Kommunen, aber auch unterschiedliche Regelungen f\u00fcr Oberfl\u00e4chenwasserentnahmen, Entnahmegeb\u00fchren und Ausnahmen in den einzelnen Bundesl\u00e4ndern.<\/p>\n\n\n\n<p>Die Nationale Wasserstrategie sieht mit Aktion 11 vor, dass die Wasserentnahmeentgelte weiterentwickelt und bundesweit eingef\u00fchrt werden sollen. Durch das Entgelt soll zudem eine Lenkungswirkung hin zu einem bewussteren Umgang mit der Ressource Wasser erreicht werden.<\/p>\n\n\n\n<ul class=\"wp-block-list\">\n<li><a href=\"https:\/\/www.bund.net\/fileadmin\/user_upload_bund\/publikationen\/fluesse\/Wasserentnahmeentgelte-Laender-Bericht-BUND-2025.pdf\" target=\"_blank\" rel=\"noreferrer noopener\">BUND Auswertung Wasserentnahmeentgelte<\/a><\/li>\n\n\n\n<li>BUND-<a href=\"https:\/\/www.bund.net\/themen\/aktuelles\/detail-aktuelles\/news\/grundwasser-in-gefahr-bund-legt-studie-zur-wasserknappheit-vor\/\" target=\"_blank\" rel=\"noreferrer noopener\">Grundwasserstudie<\/a> zum Wasserstress in Deutschland<\/li>\n\n\n\n<li><a href=\"https:\/\/www.bund.net\/fileadmin\/user_upload_bund\/publikationen\/fluesse\/Schutz-des-Wassers-Fuenf-Punkte-Plan-BUND-2025.pdf\" target=\"_blank\" rel=\"noreferrer noopener\">F\u00fcnf-Punkte-Plan Wasserschutz<\/a><\/li>\n\n\n\n<li>Aktuelle <a href=\"https:\/\/www.bund.net\/themen\/aktuelles\/detail-aktuelles\/news\/umfrage-mehrheit-wuenscht-sich-hoehere-wasserentgelte-fuer-die-industrie\/\" target=\"_blank\" rel=\"noreferrer noopener\">Umfrage<\/a>: H\u00f6here Entgelte f\u00fcr Industrie<\/li>\n\n\n\n<li>Tipps zum <a href=\"https:\/\/www.bund.net\/themen\/aktuelles\/detail-aktuelles\/news\/das-wasser-wird-knapp-das-koennen-sie-tun-um-wasser-zu-sparen\/\" target=\"_blank\" rel=\"noreferrer noopener\">Wassersparen<\/a><\/li>\n\n\n\n<li>Europ\u00e4ische Kommission zur Wasserrahmenrichtlinie \u2013 <a href=\"https:\/\/eur-lex.europa.eu\/legal-content\/EN\/TXT\/PDF\/?uri=SWD:2025:25:FIN\" target=\"_blank\" rel=\"noreferrer noopener\">Arbeitsunterlagen<\/a> f\u00fcr Deutschland<\/li>\n<\/ul>\n\n\n<h5 class=\"green\">Quelle<\/h5>\r\n\n\n\n<p><a href=\"https:\/\/www.bund.net\/service\/presse\/pressemitteilungen\/detail\/news\/wasserentnahmen-in-zeiten-der-klimakrise-bund-fordert-faireren-umgang-mit-einer-knappen-ressource\/\">BUND.net 2025<\/a><\/p>\n<div class=\"shariff shariff-align-flex-start shariff-widget-align-flex-start\"><div class=\"ShariffHeadline\">Diese Meldung teilen<\/div><ul class=\"shariff-buttons theme-round orientation-horizontal buttonsize-medium\"><li class=\"shariff-button facebook shariff-nocustomcolor\" style=\"background-color:#4273c8;border-radius:1%\"><a href=\"https:\/\/www.facebook.com\/sharer\/sharer.php?u=https%3A%2F%2Fwww.sonnenseite.com%2Fde%2Fumwelt%2Fwasserentnahmen-in-zeiten-der-klimakrise%2F\" title=\"Bei Facebook teilen\" aria-label=\"Bei Facebook teilen\" role=\"button\" rel=\"nofollow\" class=\"shariff-link\" style=\";border-radius:1%; background-color:#3b5998; color:#fff\" target=\"_blank\"><span class=\"shariff-icon\" style=\"\"><svg width=\"32px\" height=\"20px\" xmlns=\"http:\/\/www.w3.org\/2000\/svg\" viewBox=\"0 0 18 32\"><path fill=\"#3b5998\" d=\"M17.1 0.2v4.7h-2.8q-1.5 0-2.1 0.6t-0.5 1.9v3.4h5.2l-0.7 5.3h-4.5v13.6h-5.5v-13.6h-4.5v-5.3h4.5v-3.9q0-3.3 1.9-5.2t5-1.8q2.6 0 4.1 0.2z\"\/><\/svg><\/span><\/a><\/li><li class=\"shariff-button twitter shariff-nocustomcolor\" style=\"background-color:#595959;border-radius:1%\"><a href=\"https:\/\/twitter.com\/share?url=https%3A%2F%2Fwww.sonnenseite.com%2Fde%2Fumwelt%2Fwasserentnahmen-in-zeiten-der-klimakrise%2F&text=Wasserentnahmen%20in%20Zeiten%20der%20Klimakrise\" title=\"Bei X teilen\" aria-label=\"Bei X teilen\" role=\"button\" rel=\"noopener nofollow\" class=\"shariff-link\" style=\";border-radius:1%; background-color:#000; color:#fff\" target=\"_blank\"><span class=\"shariff-icon\" style=\"\"><svg width=\"32px\" height=\"20px\" xmlns=\"http:\/\/www.w3.org\/2000\/svg\" viewBox=\"0 0 24 24\"><path fill=\"#000\" d=\"M14.258 10.152L23.176 0h-2.113l-7.747 8.813L7.133 0H0l9.352 13.328L0 23.973h2.113l8.176-9.309 6.531 9.309h7.133zm-2.895 3.293l-.949-1.328L2.875 1.56h3.246l6.086 8.523.945 1.328 7.91 11.078h-3.246zm0 0\"\/><\/svg><\/span><\/a><\/li><li class=\"shariff-button xing shariff-nocustomcolor\" style=\"background-color:#29888a;border-radius:1%\"><a href=\"https:\/\/www.xing.com\/spi\/shares\/new?url=https%3A%2F%2Fwww.sonnenseite.com%2Fde%2Fumwelt%2Fwasserentnahmen-in-zeiten-der-klimakrise%2F\" title=\"Bei XING teilen\" aria-label=\"Bei XING teilen\" role=\"button\" rel=\"noopener nofollow\" class=\"shariff-link\" style=\";border-radius:1%; background-color:#126567; color:#fff\" target=\"_blank\"><span class=\"shariff-icon\" style=\"\"><svg width=\"32px\" height=\"20px\" xmlns=\"http:\/\/www.w3.org\/2000\/svg\" viewBox=\"0 0 25 32\"><path fill=\"#126567\" d=\"M10.7 11.9q-0.2 0.3-4.6 8.2-0.5 0.8-1.2 0.8h-4.3q-0.4 0-0.5-0.3t0-0.6l4.5-8q0 0 0 0l-2.9-5q-0.2-0.4 0-0.7 0.2-0.3 0.5-0.3h4.3q0.7 0 1.2 0.8zM25.1 0.4q0.2 0.3 0 0.7l-9.4 16.7 6 11q0.2 0.4 0 0.6-0.2 0.3-0.6 0.3h-4.3q-0.7 0-1.2-0.8l-6-11.1q0.3-0.6 9.5-16.8 0.4-0.8 1.2-0.8h4.3q0.4 0 0.5 0.3z\"\/><\/svg><\/span><\/a><\/li><li class=\"shariff-button linkedin shariff-nocustomcolor\" style=\"background-color:#1488bf;border-radius:1%\"><a href=\"https:\/\/www.linkedin.com\/sharing\/share-offsite\/?url=https%3A%2F%2Fwww.sonnenseite.com%2Fde%2Fumwelt%2Fwasserentnahmen-in-zeiten-der-klimakrise%2F\" title=\"Bei LinkedIn teilen\" aria-label=\"Bei LinkedIn teilen\" role=\"button\" rel=\"noopener nofollow\" class=\"shariff-link\" style=\";border-radius:1%; background-color:#0077b5; color:#fff\" target=\"_blank\"><span class=\"shariff-icon\" style=\"\"><svg width=\"32px\" height=\"20px\" xmlns=\"http:\/\/www.w3.org\/2000\/svg\" viewBox=\"0 0 27 32\"><path fill=\"#0077b5\" d=\"M6.2 11.2v17.7h-5.9v-17.7h5.9zM6.6 5.7q0 1.3-0.9 2.2t-2.4 0.9h0q-1.5 0-2.4-0.9t-0.9-2.2 0.9-2.2 2.4-0.9 2.4 0.9 0.9 2.2zM27.4 18.7v10.1h-5.9v-9.5q0-1.9-0.7-2.9t-2.3-1.1q-1.1 0-1.9 0.6t-1.2 1.5q-0.2 0.5-0.2 1.4v9.9h-5.9q0-7.1 0-11.6t0-5.3l0-0.9h5.9v2.6h0q0.4-0.6 0.7-1t1-0.9 1.6-0.8 2-0.3q3 0 4.9 2t1.9 6z\"\/><\/svg><\/span><\/a><\/li><li class=\"shariff-button printer shariff-nocustomcolor\" style=\"background-color:#a8a8a8;border-radius:1%\"><a href=\"javascript:window.print()\" title=\"drucken\" aria-label=\"drucken\" role=\"button\" rel=\"noopener nofollow\" class=\"shariff-link\" style=\";border-radius:1%; background-color:#999; color:#fff\"><span class=\"shariff-icon\" style=\"\"><svg width=\"32px\" height=\"20px\" xmlns=\"http:\/\/www.w3.org\/2000\/svg\" viewBox=\"0 0 30 32\"><path fill=\"#999\" d=\"M6.8 27.4h16v-4.6h-16v4.6zM6.8 16h16v-6.8h-2.8q-0.7 0-1.2-0.5t-0.5-1.2v-2.8h-11.4v11.4zM27.4 17.2q0-0.5-0.3-0.8t-0.8-0.4-0.8 0.4-0.3 0.8 0.3 0.8 0.8 0.3 0.8-0.3 0.3-0.8zM29.7 17.2v7.4q0 0.2-0.2 0.4t-0.4 0.2h-4v2.8q0 0.7-0.5 1.2t-1.2 0.5h-17.2q-0.7 0-1.2-0.5t-0.5-1.2v-2.8h-4q-0.2 0-0.4-0.2t-0.2-0.4v-7.4q0-1.4 1-2.4t2.4-1h1.2v-9.7q0-0.7 0.5-1.2t1.2-0.5h12q0.7 0 1.6 0.4t1.3 0.8l2.7 2.7q0.5 0.5 0.9 1.4t0.4 1.6v4.6h1.1q1.4 0 2.4 1t1 2.4z\"\/><\/svg><\/span><\/a><\/li><li class=\"shariff-button mailto shariff-nocustomcolor\" style=\"background-color:#a8a8a8;border-radius:1%\"><a href=\"mailto:?body=https%3A%2F%2Fwww.sonnenseite.com%2Fde%2Fumwelt%2Fwasserentnahmen-in-zeiten-der-klimakrise%2F&subject=Wasserentnahmen%20in%20Zeiten%20der%20Klimakrise\" title=\"Per E-Mail versenden\" aria-label=\"Per E-Mail versenden\" role=\"button\" rel=\"noopener nofollow\" class=\"shariff-link\" style=\";border-radius:1%; background-color:#999; color:#fff\"><span class=\"shariff-icon\" style=\"\"><svg width=\"32px\" height=\"20px\" xmlns=\"http:\/\/www.w3.org\/2000\/svg\" viewBox=\"0 0 32 32\"><path fill=\"#999\" d=\"M32 12.7v14.2q0 1.2-0.8 2t-2 0.9h-26.3q-1.2 0-2-0.9t-0.8-2v-14.2q0.8 0.9 1.8 1.6 6.5 4.4 8.9 6.1 1 0.8 1.6 1.2t1.7 0.9 2 0.4h0.1q0.9 0 2-0.4t1.7-0.9 1.6-1.2q3-2.2 8.9-6.1 1-0.7 1.8-1.6zM32 7.4q0 1.4-0.9 2.7t-2.2 2.2q-6.7 4.7-8.4 5.8-0.2 0.1-0.7 0.5t-1 0.7-0.9 0.6-1.1 0.5-0.9 0.2h-0.1q-0.4 0-0.9-0.2t-1.1-0.5-0.9-0.6-1-0.7-0.7-0.5q-1.6-1.1-4.7-3.2t-3.6-2.6q-1.1-0.7-2.1-2t-1-2.5q0-1.4 0.7-2.3t2.1-0.9h26.3q1.2 0 2 0.8t0.9 2z\"\/><\/svg><\/span><\/a><\/li><\/ul><\/div>","protected":false},"excerpt":{"rendered":"<p>BUND fordert faireren Umgang mit einer knappen Ressource &#8211; Bundeseinheitliche Wasserentgelte notwendig Angesichts zunehmender Wasserknappheit und [&hellip;]<\/p>\n","protected":false},"author":3,"featured_media":16340,"comment_status":"closed","ping_status":"closed","sticky":false,"template":"","format":"standard","meta":{"inline_featured_image":false,"footnotes":""},"categories":[23],"tags":[],"class_list":["post-107643","post","type-post","status-publish","format-standard","has-post-thumbnail","hentry","category-umwelt"],"yoast_head":"<!-- This site is optimized with the Yoast SEO plugin v26.5 - https:\/\/yoast.com\/wordpress\/plugins\/seo\/ -->\n<title>Wasserentnahmen in Zeiten der Klimakrise - Sonnenseite - \u00d6kologische Kommunikation mit Franz Alt<\/title>\n<meta name=\"description\" content=\"BUND fordert faireren Umgang mit einer knappen Ressource - Bundeseinheitliche Wasserentgelte notwendig Industrielle Wasserentnahmen: Aktuelle Auswertung\" \/>\n<meta name=\"robots\" content=\"index, follow, max-snippet:-1, max-image-preview:large, max-video-preview:-1\" \/>\n<link rel=\"canonical\" href=\"https:\/\/www.sonnenseite.com\/de\/umwelt\/wasserentnahmen-in-zeiten-der-klimakrise\/\" \/>\n<meta property=\"og:locale\" content=\"de_DE\" \/>\n<meta property=\"og:type\" content=\"article\" \/>\n<meta property=\"og:title\" content=\"Wasserentnahmen in Zeiten der Klimakrise - Sonnenseite - \u00d6kologische Kommunikation mit Franz Alt\" \/>\n<meta property=\"og:description\" content=\"BUND fordert faireren Umgang mit einer knappen Ressource - Bundeseinheitliche Wasserentgelte notwendig Industrielle Wasserentnahmen: Aktuelle Auswertung\" \/>\n<meta property=\"og:url\" content=\"https:\/\/www.sonnenseite.com\/de\/umwelt\/wasserentnahmen-in-zeiten-der-klimakrise\/\" \/>\n<meta property=\"og:site_name\" content=\"Sonnenseite\" \/>\n<meta property=\"article:publisher\" content=\"https:\/\/www.facebook.com\/pages\/Franz-Alt-SONNENSEITECOM\/221072987903953?fref=ts\" \/>\n<meta property=\"article:published_time\" content=\"2025-06-23T00:52:00+00:00\" \/>\n<meta property=\"article:modified_time\" content=\"2025-06-28T07:59:40+00:00\" \/>\n<meta property=\"og:image\" content=\"https:\/\/www.sonnenseite.com\/wp-content\/uploads\/2018\/08\/haende_wasser_Antagain.jpg\" \/>\n\t<meta property=\"og:image:width\" content=\"770\" \/>\n\t<meta property=\"og:image:height\" content=\"420\" \/>\n\t<meta property=\"og:image:type\" content=\"image\/jpeg\" \/>\n<meta name=\"author\" content=\"Bigi Alt\" \/>\n<meta name=\"twitter:card\" content=\"summary_large_image\" \/>\n<meta name=\"twitter:creator\" content=\"@franzalt\" \/>\n<meta name=\"twitter:site\" content=\"@franzalt\" \/>\n<meta name=\"twitter:label1\" content=\"Verfasst von\" \/>\n\t<meta name=\"twitter:data1\" content=\"Bigi Alt\" \/>\n\t<meta name=\"twitter:label2\" content=\"Gesch\u00e4tzte Lesezeit\" \/>\n\t<meta name=\"twitter:data2\" content=\"5\u00a0Minuten\" \/>\n<script type=\"application\/ld+json\" class=\"yoast-schema-graph\">{\"@context\":\"https:\/\/schema.org\",\"@graph\":[{\"@type\":\"Article\",\"@id\":\"https:\/\/www.sonnenseite.com\/de\/umwelt\/wasserentnahmen-in-zeiten-der-klimakrise\/#article\",\"isPartOf\":{\"@id\":\"https:\/\/www.sonnenseite.com\/de\/umwelt\/wasserentnahmen-in-zeiten-der-klimakrise\/\"},\"author\":{\"name\":\"Bigi Alt\",\"@id\":\"https:\/\/www.sonnenseite.com\/de\/#\/schema\/person\/50fda0e926597684c7cc6695238a4eb9\"},\"headline\":\"Wasserentnahmen in Zeiten der Klimakrise\",\"datePublished\":\"2025-06-23T00:52:00+00:00\",\"dateModified\":\"2025-06-28T07:59:40+00:00\",\"mainEntityOfPage\":{\"@id\":\"https:\/\/www.sonnenseite.com\/de\/umwelt\/wasserentnahmen-in-zeiten-der-klimakrise\/\"},\"wordCount\":818,\"publisher\":{\"@id\":\"https:\/\/www.sonnenseite.com\/de\/#organization\"},\"image\":{\"@id\":\"https:\/\/www.sonnenseite.com\/de\/umwelt\/wasserentnahmen-in-zeiten-der-klimakrise\/#primaryimage\"},\"thumbnailUrl\":\"https:\/\/www.sonnenseite.com\/wp-content\/uploads\/2018\/08\/haende_wasser_Antagain.jpg\",\"articleSection\":[\"Umwelt\"],\"inLanguage\":\"de\"},{\"@type\":\"WebPage\",\"@id\":\"https:\/\/www.sonnenseite.com\/de\/umwelt\/wasserentnahmen-in-zeiten-der-klimakrise\/\",\"url\":\"https:\/\/www.sonnenseite.com\/de\/umwelt\/wasserentnahmen-in-zeiten-der-klimakrise\/\",\"name\":\"Wasserentnahmen in Zeiten der Klimakrise - Sonnenseite - \u00d6kologische Kommunikation mit Franz Alt\",\"isPartOf\":{\"@id\":\"https:\/\/www.sonnenseite.com\/de\/#website\"},\"primaryImageOfPage\":{\"@id\":\"https:\/\/www.sonnenseite.com\/de\/umwelt\/wasserentnahmen-in-zeiten-der-klimakrise\/#primaryimage\"},\"image\":{\"@id\":\"https:\/\/www.sonnenseite.com\/de\/umwelt\/wasserentnahmen-in-zeiten-der-klimakrise\/#primaryimage\"},\"thumbnailUrl\":\"https:\/\/www.sonnenseite.com\/wp-content\/uploads\/2018\/08\/haende_wasser_Antagain.jpg\",\"datePublished\":\"2025-06-23T00:52:00+00:00\",\"dateModified\":\"2025-06-28T07:59:40+00:00\",\"description\":\"BUND fordert faireren Umgang mit einer knappen Ressource - Bundeseinheitliche Wasserentgelte notwendig Industrielle Wasserentnahmen: Aktuelle Auswertung\",\"breadcrumb\":{\"@id\":\"https:\/\/www.sonnenseite.com\/de\/umwelt\/wasserentnahmen-in-zeiten-der-klimakrise\/#breadcrumb\"},\"inLanguage\":\"de\",\"potentialAction\":[{\"@type\":\"ReadAction\",\"target\":[\"https:\/\/www.sonnenseite.com\/de\/umwelt\/wasserentnahmen-in-zeiten-der-klimakrise\/\"]}]},{\"@type\":\"ImageObject\",\"inLanguage\":\"de\",\"@id\":\"https:\/\/www.sonnenseite.com\/de\/umwelt\/wasserentnahmen-in-zeiten-der-klimakrise\/#primaryimage\",\"url\":\"https:\/\/www.sonnenseite.com\/wp-content\/uploads\/2018\/08\/haende_wasser_Antagain.jpg\",\"contentUrl\":\"https:\/\/www.sonnenseite.com\/wp-content\/uploads\/2018\/08\/haende_wasser_Antagain.jpg\",\"width\":770,\"height\":420,\"caption\":\"istockphoto.com | Antagain | Wasser ist die Grundlage f\u00fcr das Leben auf der Erde. Doch die ungleiche Verteilung dieser Ressource sowie der hohe Verbrauch der Industrie- und Schwellenl\u00e4nder haben zu einem weltweiten Wassermangel gef\u00fchrt.\"},{\"@type\":\"BreadcrumbList\",\"@id\":\"https:\/\/www.sonnenseite.com\/de\/umwelt\/wasserentnahmen-in-zeiten-der-klimakrise\/#breadcrumb\",\"itemListElement\":[{\"@type\":\"ListItem\",\"position\":1,\"name\":\"Startseite\",\"item\":\"https:\/\/www.sonnenseite.com\/de\/\"},{\"@type\":\"ListItem\",\"position\":2,\"name\":\"Wasserentnahmen in Zeiten der Klimakrise\"}]},{\"@type\":\"WebSite\",\"@id\":\"https:\/\/www.sonnenseite.com\/de\/#website\",\"url\":\"https:\/\/www.sonnenseite.com\/de\/\",\"name\":\"Sonnenseite\",\"description\":\"\u00d6kologische Kommunikation mit Franz Alt\",\"publisher\":{\"@id\":\"https:\/\/www.sonnenseite.com\/de\/#organization\"},\"potentialAction\":[{\"@type\":\"SearchAction\",\"target\":{\"@type\":\"EntryPoint\",\"urlTemplate\":\"https:\/\/www.sonnenseite.com\/de\/?s={search_term_string}\"},\"query-input\":{\"@type\":\"PropertyValueSpecification\",\"valueRequired\":true,\"valueName\":\"search_term_string\"}}],\"inLanguage\":\"de\"},{\"@type\":\"Organization\",\"@id\":\"https:\/\/www.sonnenseite.com\/de\/#organization\",\"name\":\"Sonnenseite\",\"url\":\"https:\/\/www.sonnenseite.com\/de\/\",\"logo\":{\"@type\":\"ImageObject\",\"inLanguage\":\"de\",\"@id\":\"https:\/\/www.sonnenseite.com\/de\/#\/schema\/logo\/image\/\",\"url\":\"https:\/\/www.sonnenseite.com\/wp-content\/uploads\/2020\/05\/Sonnenseite_Logo.png\",\"contentUrl\":\"https:\/\/www.sonnenseite.com\/wp-content\/uploads\/2020\/05\/Sonnenseite_Logo.png\",\"width\":377,\"height\":90,\"caption\":\"Sonnenseite\"},\"image\":{\"@id\":\"https:\/\/www.sonnenseite.com\/de\/#\/schema\/logo\/image\/\"},\"sameAs\":[\"https:\/\/www.facebook.com\/pages\/Franz-Alt-SONNENSEITECOM\/221072987903953?fref=ts\",\"https:\/\/x.com\/franzalt\",\"http:\/\/www.youtube.com\/results?search_query&amp;amp;quot;franz_alt&amp;amp;quot;&amp;amp;amp;amp;search_type&amp;amp;amp;amp;aq=f\"]},{\"@type\":\"Person\",\"@id\":\"https:\/\/www.sonnenseite.com\/de\/#\/schema\/person\/50fda0e926597684c7cc6695238a4eb9\",\"name\":\"Bigi Alt\"}]}<\/script>\n<!-- \/ Yoast SEO plugin. -->","yoast_head_json":{"title":"Wasserentnahmen in Zeiten der Klimakrise - Sonnenseite - \u00d6kologische Kommunikation mit Franz Alt","description":"BUND fordert faireren Umgang mit einer knappen Ressource - Bundeseinheitliche Wasserentgelte notwendig Industrielle Wasserentnahmen: Aktuelle Auswertung","robots":{"index":"index","follow":"follow","max-snippet":"max-snippet:-1","max-image-preview":"max-image-preview:large","max-video-preview":"max-video-preview:-1"},"canonical":"https:\/\/www.sonnenseite.com\/de\/umwelt\/wasserentnahmen-in-zeiten-der-klimakrise\/","og_locale":"de_DE","og_type":"article","og_title":"Wasserentnahmen in Zeiten der Klimakrise - Sonnenseite - \u00d6kologische Kommunikation mit Franz Alt","og_description":"BUND fordert faireren Umgang mit einer knappen Ressource - Bundeseinheitliche Wasserentgelte notwendig Industrielle Wasserentnahmen: Aktuelle Auswertung","og_url":"https:\/\/www.sonnenseite.com\/de\/umwelt\/wasserentnahmen-in-zeiten-der-klimakrise\/","og_site_name":"Sonnenseite","article_publisher":"https:\/\/www.facebook.com\/pages\/Franz-Alt-SONNENSEITECOM\/221072987903953?fref=ts","article_published_time":"2025-06-23T00:52:00+00:00","article_modified_time":"2025-06-28T07:59:40+00:00","og_image":[{"width":770,"height":420,"url":"https:\/\/www.sonnenseite.com\/wp-content\/uploads\/2018\/08\/haende_wasser_Antagain.jpg","type":"image\/jpeg"}],"author":"Bigi Alt","twitter_card":"summary_large_image","twitter_creator":"@franzalt","twitter_site":"@franzalt","twitter_misc":{"Verfasst von":"Bigi Alt","Gesch\u00e4tzte Lesezeit":"5\u00a0Minuten"},"schema":{"@context":"https:\/\/schema.org","@graph":[{"@type":"Article","@id":"https:\/\/www.sonnenseite.com\/de\/umwelt\/wasserentnahmen-in-zeiten-der-klimakrise\/#article","isPartOf":{"@id":"https:\/\/www.sonnenseite.com\/de\/umwelt\/wasserentnahmen-in-zeiten-der-klimakrise\/"},"author":{"name":"Bigi Alt","@id":"https:\/\/www.sonnenseite.com\/de\/#\/schema\/person\/50fda0e926597684c7cc6695238a4eb9"},"headline":"Wasserentnahmen in Zeiten der Klimakrise","datePublished":"2025-06-23T00:52:00+00:00","dateModified":"2025-06-28T07:59:40+00:00","mainEntityOfPage":{"@id":"https:\/\/www.sonnenseite.com\/de\/umwelt\/wasserentnahmen-in-zeiten-der-klimakrise\/"},"wordCount":818,"publisher":{"@id":"https:\/\/www.sonnenseite.com\/de\/#organization"},"image":{"@id":"https:\/\/www.sonnenseite.com\/de\/umwelt\/wasserentnahmen-in-zeiten-der-klimakrise\/#primaryimage"},"thumbnailUrl":"https:\/\/www.sonnenseite.com\/wp-content\/uploads\/2018\/08\/haende_wasser_Antagain.jpg","articleSection":["Umwelt"],"inLanguage":"de"},{"@type":"WebPage","@id":"https:\/\/www.sonnenseite.com\/de\/umwelt\/wasserentnahmen-in-zeiten-der-klimakrise\/","url":"https:\/\/www.sonnenseite.com\/de\/umwelt\/wasserentnahmen-in-zeiten-der-klimakrise\/","name":"Wasserentnahmen in Zeiten der Klimakrise - Sonnenseite - \u00d6kologische Kommunikation mit Franz Alt","isPartOf":{"@id":"https:\/\/www.sonnenseite.com\/de\/#website"},"primaryImageOfPage":{"@id":"https:\/\/www.sonnenseite.com\/de\/umwelt\/wasserentnahmen-in-zeiten-der-klimakrise\/#primaryimage"},"image":{"@id":"https:\/\/www.sonnenseite.com\/de\/umwelt\/wasserentnahmen-in-zeiten-der-klimakrise\/#primaryimage"},"thumbnailUrl":"https:\/\/www.sonnenseite.com\/wp-content\/uploads\/2018\/08\/haende_wasser_Antagain.jpg","datePublished":"2025-06-23T00:52:00+00:00","dateModified":"2025-06-28T07:59:40+00:00","description":"BUND fordert faireren Umgang mit einer knappen Ressource - Bundeseinheitliche Wasserentgelte notwendig Industrielle Wasserentnahmen: Aktuelle Auswertung","breadcrumb":{"@id":"https:\/\/www.sonnenseite.com\/de\/umwelt\/wasserentnahmen-in-zeiten-der-klimakrise\/#breadcrumb"},"inLanguage":"de","potentialAction":[{"@type":"ReadAction","target":["https:\/\/www.sonnenseite.com\/de\/umwelt\/wasserentnahmen-in-zeiten-der-klimakrise\/"]}]},{"@type":"ImageObject","inLanguage":"de","@id":"https:\/\/www.sonnenseite.com\/de\/umwelt\/wasserentnahmen-in-zeiten-der-klimakrise\/#primaryimage","url":"https:\/\/www.sonnenseite.com\/wp-content\/uploads\/2018\/08\/haende_wasser_Antagain.jpg","contentUrl":"https:\/\/www.sonnenseite.com\/wp-content\/uploads\/2018\/08\/haende_wasser_Antagain.jpg","width":770,"height":420,"caption":"istockphoto.com | Antagain | Wasser ist die Grundlage f\u00fcr das Leben auf der Erde. Doch die ungleiche Verteilung dieser Ressource sowie der hohe Verbrauch der Industrie- und Schwellenl\u00e4nder haben zu einem weltweiten Wassermangel gef\u00fchrt."},{"@type":"BreadcrumbList","@id":"https:\/\/www.sonnenseite.com\/de\/umwelt\/wasserentnahmen-in-zeiten-der-klimakrise\/#breadcrumb","itemListElement":[{"@type":"ListItem","position":1,"name":"Startseite","item":"https:\/\/www.sonnenseite.com\/de\/"},{"@type":"ListItem","position":2,"name":"Wasserentnahmen in Zeiten der Klimakrise"}]},{"@type":"WebSite","@id":"https:\/\/www.sonnenseite.com\/de\/#website","url":"https:\/\/www.sonnenseite.com\/de\/","name":"Sonnenseite","description":"\u00d6kologische Kommunikation mit Franz Alt","publisher":{"@id":"https:\/\/www.sonnenseite.com\/de\/#organization"},"potentialAction":[{"@type":"SearchAction","target":{"@type":"EntryPoint","urlTemplate":"https:\/\/www.sonnenseite.com\/de\/?s={search_term_string}"},"query-input":{"@type":"PropertyValueSpecification","valueRequired":true,"valueName":"search_term_string"}}],"inLanguage":"de"},{"@type":"Organization","@id":"https:\/\/www.sonnenseite.com\/de\/#organization","name":"Sonnenseite","url":"https:\/\/www.sonnenseite.com\/de\/","logo":{"@type":"ImageObject","inLanguage":"de","@id":"https:\/\/www.sonnenseite.com\/de\/#\/schema\/logo\/image\/","url":"https:\/\/www.sonnenseite.com\/wp-content\/uploads\/2020\/05\/Sonnenseite_Logo.png","contentUrl":"https:\/\/www.sonnenseite.com\/wp-content\/uploads\/2020\/05\/Sonnenseite_Logo.png","width":377,"height":90,"caption":"Sonnenseite"},"image":{"@id":"https:\/\/www.sonnenseite.com\/de\/#\/schema\/logo\/image\/"},"sameAs":["https:\/\/www.facebook.com\/pages\/Franz-Alt-SONNENSEITECOM\/221072987903953?fref=ts","https:\/\/x.com\/franzalt","http:\/\/www.youtube.com\/results?search_query&amp;amp;quot;franz_alt&amp;amp;quot;&amp;amp;amp;amp;search_type&amp;amp;amp;amp;aq=f"]},{"@type":"Person","@id":"https:\/\/www.sonnenseite.com\/de\/#\/schema\/person\/50fda0e926597684c7cc6695238a4eb9","name":"Bigi Alt"}]}},"_links":{"self":[{"href":"https:\/\/www.sonnenseite.com\/de\/wp-json\/wp\/v2\/posts\/107643","targetHints":{"allow":["GET"]}}],"collection":[{"href":"https:\/\/www.sonnenseite.com\/de\/wp-json\/wp\/v2\/posts"}],"about":[{"href":"https:\/\/www.sonnenseite.com\/de\/wp-json\/wp\/v2\/types\/post"}],"author":[{"embeddable":true,"href":"https:\/\/www.sonnenseite.com\/de\/wp-json\/wp\/v2\/users\/3"}],"replies":[{"embeddable":true,"href":"https:\/\/www.sonnenseite.com\/de\/wp-json\/wp\/v2\/comments?post=107643"}],"version-history":[{"count":1,"href":"https:\/\/www.sonnenseite.com\/de\/wp-json\/wp\/v2\/posts\/107643\/revisions"}],"predecessor-version":[{"id":107646,"href":"https:\/\/www.sonnenseite.com\/de\/wp-json\/wp\/v2\/posts\/107643\/revisions\/107646"}],"wp:featuredmedia":[{"embeddable":true,"href":"https:\/\/www.sonnenseite.com\/de\/wp-json\/wp\/v2\/media\/16340"}],"wp:attachment":[{"href":"https:\/\/www.sonnenseite.com\/de\/wp-json\/wp\/v2\/media?parent=107643"}],"wp:term":[{"taxonomy":"category","embeddable":true,"href":"https:\/\/www.sonnenseite.com\/de\/wp-json\/wp\/v2\/categories?post=107643"},{"taxonomy":"post_tag","embeddable":true,"href":"https:\/\/www.sonnenseite.com\/de\/wp-json\/wp\/v2\/tags?post=107643"}],"curies":[{"name":"wp","href":"https:\/\/api.w.org\/{rel}","templated":true}]}}