{"id":107656,"date":"2025-06-26T02:29:00","date_gmt":"2025-06-26T00:29:00","guid":{"rendered":"https:\/\/www.sonnenseite.com\/?p=107656"},"modified":"2025-06-23T11:13:04","modified_gmt":"2025-06-23T09:13:04","slug":"stadtbaeume-kuehlen-auch-bei-extremer-hitze","status":"publish","type":"post","link":"https:\/\/www.sonnenseite.com\/de\/umwelt\/stadtbaeume-kuehlen-auch-bei-extremer-hitze\/","title":{"rendered":"Stadtb\u00e4ume k\u00fchlen auch bei extremer Hitze"},"content":{"rendered":"\n<p>Platanen in St\u00e4dten leisten selbst bei grosser Hitze noch einen wichtigen Beitrag zur Abk\u00fchlung. <\/p>\n\n\n\n<p>Das zeigt eine neue Studie unter Leitung der Eidgen\u00f6ssischen Forschungsanstalt f\u00fcr Wald, Schnee und Landschaft (WSL). Nun gilt es herauszufinden, welche Baumarten besonders gut k\u00fchlen.<\/p>\n\n\n\n<blockquote class=\"wp-block-quote is-layout-flow wp-block-quote-is-layout-flow\">\n<ul class=\"wp-block-list\">\n<li>Platanen verdunsten auch bei extremer Hitze \u00fcber 39\u202f\u00b0C weiterhin reichlich Wasser und k\u00fchlen damit ihre Umgebung.<\/li>\n\n\n\n<li>Fr\u00fchere Annahmen, dass B\u00e4ume bei etwa 30 \u2013 35\u202f\u00b0C ihre Blattporen schliessen und den Wasserfluss deutlich reduzieren, wurden durch die Messungen widerlegt.<\/li>\n\n\n\n<li>Um die Anpassung von St\u00e4dten an ein w\u00e4rmeres Klima besser zu planen, ist es nun wichtig herauszufinden, wie andere Baumarten auf extreme Hitze reagieren.<\/li>\n<\/ul>\n<\/blockquote>\n\n\n\n<p>Wenn die Sonne brennt, k\u00fchlen Stadtb\u00e4ume die Umgebung, indem sie Wasser \u00fcber ihre Bl\u00e4tter verdunsten. Angesichts der zu erwartenden Zunahme von Hitzewellen, wie Klimamodelle vorhersagen, tragen sie entscheidend dazu bei, St\u00e4dte lebenswert zu halten. B\u00e4ume stossen jedoch irgendwann auch an ihre Grenzen: Steigen die Blatttemperaturen \u00fcber 30 bis 35 \u00b0C, funktioniert die Fotosynthese nicht mehr \u2013 die Blattporen schliessen sich, um Wasserverlust zu vermeiden.<\/p>\n\n\n\n<p>Ein Forschungsteam der Eidg. Forschungsanstalt f\u00fcr Wald, Schnee und Landschaft WSL und der EPFL hat nun gezielt untersucht, wie sich Platanen unter extremen Bedingungen verhalten \u2013 mit \u00fcberraschendem Ergebnis: Die B\u00e4ume verdunsteten auch bei Temperaturen \u00fcber 39\u202f\u00b0C weiterhin viel mehr Wasser als erwartet und k\u00fchlten so effektiv die Umgebung. Studienleiter Christoph Bachofen und sein Team installierten im Fr\u00fchjahr 2023 Messger\u00e4te an acht Platanen im Genfer Vorort Lancy. Die Sensoren erfassten den Saftfluss in den St\u00e4mmen, der R\u00fcckschl\u00fcsse auf die verdunstete Wassermenge und damit die K\u00fchlleistung erlaubt. Ausgerechnet in jenem Sommer erlebte Genf zwei Hitzewellen mit Rekordtemperaturen bis fast 40 \u00b0C.<\/p>\n\n\n\n<h3 class=\"wp-block-heading\">Wie B\u00e4ume auf extreme Bedingungen reagieren <a href=\"https:\/\/www.wsl.ch\/de\/news\/stadtbaeume-kuehlen-auch-bei-extremer-hitze\/#c1053975\"><\/a><\/h3>\n\n\n<div class=\"wp-block-image \">\n<figure class=\"alignleft\"><a class=\"lightbox\" href=\"https:\/\/www.wsl.ch\/fileadmin\/user_upload\/News\/2025\/06_Stadtbaeume_Hitzewellen_News\/20230523_105209.jpg\" target=\"_blank\" rel=\"noreferrer noopener\"><img decoding=\"async\" src=\"https:\/\/www.wsl.ch\/fileadmin\/_processed_\/4\/6\/csm_20230523_105209_88fb492687.jpg\" alt=\"Christoph Bachofen schneidet mit einer Stangenschere Bl\u00e4tter von einer grossen Plantane auf einem gepflasterten Platz.\"\/><\/a><figcaption class=\"wp-element-caption\">Christoph Bachofen schneidet mit einer Stangenschere Bl\u00e4tter von den Platanen f\u00fcr Messungen des Trockenstresses. (Foto: Marion Peillon)<\/figcaption><\/figure>\n<\/div>\n\n\n<p>Anders als erwartet stellten die B\u00e4ume ihren Wasserfluss nicht ein \u2013 im Gegenteil: Mit zunehmender Hitze nahm er sogar noch zu, obwohl die Luft gleichzeitig extrem trocken war. \u00abOffensichtlich haben wir noch nicht vollst\u00e4ndig verstanden, wie B\u00e4ume auf extreme Bedingungen reagieren\u00bb, erkl\u00e4rt Bachofen.&nbsp;Die Forschenden vermuten, dass unter anderem tiefliegende Wasserreserven im Boden den Platanen halfen.<\/p>\n\n\n\n<p>Das Ausmass des Wasserflusses war \u00fcberraschend und wirft wichtige Fragen auf: Wenn B\u00e4ume anders auf Hitze reagieren als bislang gedacht, sind&nbsp;auch die Prognosen zu ihrem K\u00fchleffekt ungenau\u2013 und die Modelle, mit denen sich die zuk\u00fcnftige Hitzeverteilung in St\u00e4dten vorhersagen l\u00e4sst, w\u00e4ren unzuverl\u00e4ssig.<\/p>\n\n\n\n<p>Dass B\u00e4ume selbst unter extremer Hitze viel Wasser verdunsten, ist eine gute Nachricht f\u00fcr das Stadtklima. \u00abTage mit \u00fcber 30 Grad Celsius werden h\u00e4ufiger\u00bb, so Bachofen. Der n\u00e4chste wichtige Schritt f\u00fcr die Forschung ist nun herauszufinden, wie effektiv auch andere Baumarten unter extremer Hitze transpirieren. Das w\u00fcrde erm\u00f6glichen, Empfehlungen zu entwickeln, welche Arten nicht nur mit Luftverschmutzung und Streusalz, sondern auch mit grosser Hitze zurechtkommen. Denn die K\u00fchlleistung ist nur eine von vielen Aufgaben, die Stadtb\u00e4ume \u00fcbernehmen \u2013 doch sie wird in Zukunft immer wichtiger.<\/p>\n\n\n\n<ul class=\"wp-block-list\">\n<li>Bachofen C., Peillon M., Meili N., Bourgeois I., Grossiord C. (2025) High transpirational cooling by urban trees despite extreme summer heatwaves. Urban For. Urban Green. 107, 128819 (11 pp.). https:\/\/doi.org\/10.1016\/j.ufug.2025.128819 | <a href=\"https:\/\/www.dora.lib4ri.ch\/wsl\/islandora\/object\/wsl:40264\" target=\"_blank\" rel=\"noreferrer noopener\">Institutional Repository DORA<\/a><\/li>\n<\/ul>\n\n\n<h5 class=\"green\">Quelle<\/h5>\r\n\n\n\n<p><a href=\"https:\/\/www.wsl.ch\/de\/news\/stadtbaeume-kuehlen-auch-bei-extremer-hitze\/\">Eidgen\u00f6ssischen Forschungsanstalt f\u00fcr Wald, Schnee und Landschaft (WSL) 2025<\/a><\/p>\n<div class=\"shariff shariff-align-flex-start shariff-widget-align-flex-start\"><div class=\"ShariffHeadline\">Diese Meldung teilen<\/div><ul class=\"shariff-buttons theme-round orientation-horizontal buttonsize-medium\"><li class=\"shariff-button facebook shariff-nocustomcolor\" style=\"background-color:#4273c8;border-radius:1%\"><a href=\"https:\/\/www.facebook.com\/sharer\/sharer.php?u=https%3A%2F%2Fwww.sonnenseite.com%2Fde%2Fumwelt%2Fstadtbaeume-kuehlen-auch-bei-extremer-hitze%2F\" title=\"Bei Facebook teilen\" aria-label=\"Bei Facebook teilen\" role=\"button\" rel=\"nofollow\" class=\"shariff-link\" style=\";border-radius:1%; background-color:#3b5998; color:#fff\" target=\"_blank\"><span class=\"shariff-icon\" style=\"\"><svg width=\"32px\" height=\"20px\" xmlns=\"http:\/\/www.w3.org\/2000\/svg\" viewBox=\"0 0 18 32\"><path fill=\"#3b5998\" d=\"M17.1 0.2v4.7h-2.8q-1.5 0-2.1 0.6t-0.5 1.9v3.4h5.2l-0.7 5.3h-4.5v13.6h-5.5v-13.6h-4.5v-5.3h4.5v-3.9q0-3.3 1.9-5.2t5-1.8q2.6 0 4.1 0.2z\"\/><\/svg><\/span><\/a><\/li><li class=\"shariff-button twitter shariff-nocustomcolor\" style=\"background-color:#595959;border-radius:1%\"><a href=\"https:\/\/twitter.com\/share?url=https%3A%2F%2Fwww.sonnenseite.com%2Fde%2Fumwelt%2Fstadtbaeume-kuehlen-auch-bei-extremer-hitze%2F&text=Stadtb%C3%A4ume%20k%C3%BChlen%20auch%20bei%20extremer%20Hitze\" title=\"Bei X teilen\" aria-label=\"Bei X teilen\" role=\"button\" rel=\"noopener nofollow\" class=\"shariff-link\" style=\";border-radius:1%; background-color:#000; color:#fff\" target=\"_blank\"><span class=\"shariff-icon\" style=\"\"><svg width=\"32px\" height=\"20px\" xmlns=\"http:\/\/www.w3.org\/2000\/svg\" viewBox=\"0 0 24 24\"><path fill=\"#000\" d=\"M14.258 10.152L23.176 0h-2.113l-7.747 8.813L7.133 0H0l9.352 13.328L0 23.973h2.113l8.176-9.309 6.531 9.309h7.133zm-2.895 3.293l-.949-1.328L2.875 1.56h3.246l6.086 8.523.945 1.328 7.91 11.078h-3.246zm0 0\"\/><\/svg><\/span><\/a><\/li><li class=\"shariff-button xing shariff-nocustomcolor\" style=\"background-color:#29888a;border-radius:1%\"><a href=\"https:\/\/www.xing.com\/spi\/shares\/new?url=https%3A%2F%2Fwww.sonnenseite.com%2Fde%2Fumwelt%2Fstadtbaeume-kuehlen-auch-bei-extremer-hitze%2F\" title=\"Bei XING teilen\" aria-label=\"Bei XING teilen\" role=\"button\" rel=\"noopener nofollow\" class=\"shariff-link\" style=\";border-radius:1%; background-color:#126567; color:#fff\" target=\"_blank\"><span class=\"shariff-icon\" style=\"\"><svg width=\"32px\" height=\"20px\" xmlns=\"http:\/\/www.w3.org\/2000\/svg\" viewBox=\"0 0 25 32\"><path fill=\"#126567\" d=\"M10.7 11.9q-0.2 0.3-4.6 8.2-0.5 0.8-1.2 0.8h-4.3q-0.4 0-0.5-0.3t0-0.6l4.5-8q0 0 0 0l-2.9-5q-0.2-0.4 0-0.7 0.2-0.3 0.5-0.3h4.3q0.7 0 1.2 0.8zM25.1 0.4q0.2 0.3 0 0.7l-9.4 16.7 6 11q0.2 0.4 0 0.6-0.2 0.3-0.6 0.3h-4.3q-0.7 0-1.2-0.8l-6-11.1q0.3-0.6 9.5-16.8 0.4-0.8 1.2-0.8h4.3q0.4 0 0.5 0.3z\"\/><\/svg><\/span><\/a><\/li><li class=\"shariff-button linkedin shariff-nocustomcolor\" style=\"background-color:#1488bf;border-radius:1%\"><a href=\"https:\/\/www.linkedin.com\/sharing\/share-offsite\/?url=https%3A%2F%2Fwww.sonnenseite.com%2Fde%2Fumwelt%2Fstadtbaeume-kuehlen-auch-bei-extremer-hitze%2F\" title=\"Bei LinkedIn teilen\" aria-label=\"Bei LinkedIn teilen\" role=\"button\" rel=\"noopener nofollow\" class=\"shariff-link\" style=\";border-radius:1%; background-color:#0077b5; color:#fff\" target=\"_blank\"><span class=\"shariff-icon\" style=\"\"><svg width=\"32px\" height=\"20px\" xmlns=\"http:\/\/www.w3.org\/2000\/svg\" viewBox=\"0 0 27 32\"><path fill=\"#0077b5\" d=\"M6.2 11.2v17.7h-5.9v-17.7h5.9zM6.6 5.7q0 1.3-0.9 2.2t-2.4 0.9h0q-1.5 0-2.4-0.9t-0.9-2.2 0.9-2.2 2.4-0.9 2.4 0.9 0.9 2.2zM27.4 18.7v10.1h-5.9v-9.5q0-1.9-0.7-2.9t-2.3-1.1q-1.1 0-1.9 0.6t-1.2 1.5q-0.2 0.5-0.2 1.4v9.9h-5.9q0-7.1 0-11.6t0-5.3l0-0.9h5.9v2.6h0q0.4-0.6 0.7-1t1-0.9 1.6-0.8 2-0.3q3 0 4.9 2t1.9 6z\"\/><\/svg><\/span><\/a><\/li><li class=\"shariff-button printer shariff-nocustomcolor\" style=\"background-color:#a8a8a8;border-radius:1%\"><a href=\"javascript:window.print()\" title=\"drucken\" aria-label=\"drucken\" role=\"button\" rel=\"noopener nofollow\" class=\"shariff-link\" style=\";border-radius:1%; background-color:#999; color:#fff\"><span class=\"shariff-icon\" style=\"\"><svg width=\"32px\" height=\"20px\" xmlns=\"http:\/\/www.w3.org\/2000\/svg\" viewBox=\"0 0 30 32\"><path fill=\"#999\" d=\"M6.8 27.4h16v-4.6h-16v4.6zM6.8 16h16v-6.8h-2.8q-0.7 0-1.2-0.5t-0.5-1.2v-2.8h-11.4v11.4zM27.4 17.2q0-0.5-0.3-0.8t-0.8-0.4-0.8 0.4-0.3 0.8 0.3 0.8 0.8 0.3 0.8-0.3 0.3-0.8zM29.7 17.2v7.4q0 0.2-0.2 0.4t-0.4 0.2h-4v2.8q0 0.7-0.5 1.2t-1.2 0.5h-17.2q-0.7 0-1.2-0.5t-0.5-1.2v-2.8h-4q-0.2 0-0.4-0.2t-0.2-0.4v-7.4q0-1.4 1-2.4t2.4-1h1.2v-9.7q0-0.7 0.5-1.2t1.2-0.5h12q0.7 0 1.6 0.4t1.3 0.8l2.7 2.7q0.5 0.5 0.9 1.4t0.4 1.6v4.6h1.1q1.4 0 2.4 1t1 2.4z\"\/><\/svg><\/span><\/a><\/li><li class=\"shariff-button mailto shariff-nocustomcolor\" style=\"background-color:#a8a8a8;border-radius:1%\"><a href=\"mailto:?body=https%3A%2F%2Fwww.sonnenseite.com%2Fde%2Fumwelt%2Fstadtbaeume-kuehlen-auch-bei-extremer-hitze%2F&subject=Stadtb%C3%A4ume%20k%C3%BChlen%20auch%20bei%20extremer%20Hitze\" title=\"Per E-Mail versenden\" aria-label=\"Per E-Mail versenden\" role=\"button\" rel=\"noopener nofollow\" class=\"shariff-link\" style=\";border-radius:1%; background-color:#999; color:#fff\"><span class=\"shariff-icon\" style=\"\"><svg width=\"32px\" height=\"20px\" xmlns=\"http:\/\/www.w3.org\/2000\/svg\" viewBox=\"0 0 32 32\"><path fill=\"#999\" d=\"M32 12.7v14.2q0 1.2-0.8 2t-2 0.9h-26.3q-1.2 0-2-0.9t-0.8-2v-14.2q0.8 0.9 1.8 1.6 6.5 4.4 8.9 6.1 1 0.8 1.6 1.2t1.7 0.9 2 0.4h0.1q0.9 0 2-0.4t1.7-0.9 1.6-1.2q3-2.2 8.9-6.1 1-0.7 1.8-1.6zM32 7.4q0 1.4-0.9 2.7t-2.2 2.2q-6.7 4.7-8.4 5.8-0.2 0.1-0.7 0.5t-1 0.7-0.9 0.6-1.1 0.5-0.9 0.2h-0.1q-0.4 0-0.9-0.2t-1.1-0.5-0.9-0.6-1-0.7-0.7-0.5q-1.6-1.1-4.7-3.2t-3.6-2.6q-1.1-0.7-2.1-2t-1-2.5q0-1.4 0.7-2.3t2.1-0.9h26.3q1.2 0 2 0.8t0.9 2z\"\/><\/svg><\/span><\/a><\/li><\/ul><\/div>","protected":false},"excerpt":{"rendered":"<p>Platanen in St\u00e4dten leisten selbst bei grosser Hitze noch einen wichtigen Beitrag zur Abk\u00fchlung. Das zeigt [&hellip;]<\/p>\n","protected":false},"author":3,"featured_media":107659,"comment_status":"closed","ping_status":"closed","sticky":false,"template":"","format":"standard","meta":{"inline_featured_image":false,"footnotes":""},"categories":[23],"tags":[],"class_list":["post-107656","post","type-post","status-publish","format-standard","has-post-thumbnail","hentry","category-umwelt"],"yoast_head":"<!-- This site is optimized with the Yoast SEO plugin v26.5 - https:\/\/yoast.com\/wordpress\/plugins\/seo\/ -->\n<title>Stadtb\u00e4ume k\u00fchlen auch bei extremer Hitze - Sonnenseite - \u00d6kologische Kommunikation mit Franz Alt<\/title>\n<meta name=\"description\" content=\"Platanen in St\u00e4dten leisten selbst bei grosser Hitze noch einen wichtigen Beitrag zur Abk\u00fchlung. Das zeigt eine neue Studie unter Leitung der\" \/>\n<meta name=\"robots\" content=\"index, follow, max-snippet:-1, max-image-preview:large, max-video-preview:-1\" \/>\n<link rel=\"canonical\" href=\"https:\/\/www.sonnenseite.com\/de\/umwelt\/stadtbaeume-kuehlen-auch-bei-extremer-hitze\/\" \/>\n<meta property=\"og:locale\" content=\"de_DE\" \/>\n<meta property=\"og:type\" content=\"article\" \/>\n<meta property=\"og:title\" content=\"Stadtb\u00e4ume k\u00fchlen auch bei extremer Hitze - Sonnenseite - \u00d6kologische Kommunikation mit Franz Alt\" \/>\n<meta property=\"og:description\" content=\"Platanen in St\u00e4dten leisten selbst bei grosser Hitze noch einen wichtigen Beitrag zur Abk\u00fchlung. Das zeigt eine neue Studie unter Leitung der\" \/>\n<meta property=\"og:url\" content=\"https:\/\/www.sonnenseite.com\/de\/umwelt\/stadtbaeume-kuehlen-auch-bei-extremer-hitze\/\" \/>\n<meta property=\"og:site_name\" content=\"Sonnenseite\" \/>\n<meta property=\"article:publisher\" content=\"https:\/\/www.facebook.com\/pages\/Franz-Alt-SONNENSEITECOM\/221072987903953?fref=ts\" \/>\n<meta property=\"article:published_time\" content=\"2025-06-26T00:29:00+00:00\" \/>\n<meta property=\"og:image\" content=\"https:\/\/www.sonnenseite.com\/wp-content\/uploads\/2025\/06\/WSLch_Christoph-Bachofen_Stadtbaeume.jpg\" \/>\n\t<meta property=\"og:image:width\" content=\"769\" \/>\n\t<meta property=\"og:image:height\" content=\"420\" \/>\n\t<meta property=\"og:image:type\" content=\"image\/jpeg\" \/>\n<meta name=\"author\" content=\"Bigi Alt\" \/>\n<meta name=\"twitter:card\" content=\"summary_large_image\" \/>\n<meta name=\"twitter:creator\" content=\"@franzalt\" \/>\n<meta name=\"twitter:site\" content=\"@franzalt\" \/>\n<meta name=\"twitter:label1\" content=\"Verfasst von\" \/>\n\t<meta name=\"twitter:data1\" content=\"Bigi Alt\" \/>\n\t<meta name=\"twitter:label2\" content=\"Gesch\u00e4tzte Lesezeit\" \/>\n\t<meta name=\"twitter:data2\" content=\"3\u00a0Minuten\" \/>\n<script type=\"application\/ld+json\" class=\"yoast-schema-graph\">{\"@context\":\"https:\/\/schema.org\",\"@graph\":[{\"@type\":\"Article\",\"@id\":\"https:\/\/www.sonnenseite.com\/de\/umwelt\/stadtbaeume-kuehlen-auch-bei-extremer-hitze\/#article\",\"isPartOf\":{\"@id\":\"https:\/\/www.sonnenseite.com\/de\/umwelt\/stadtbaeume-kuehlen-auch-bei-extremer-hitze\/\"},\"author\":{\"name\":\"Bigi Alt\",\"@id\":\"https:\/\/www.sonnenseite.com\/de\/#\/schema\/person\/50fda0e926597684c7cc6695238a4eb9\"},\"headline\":\"Stadtb\u00e4ume k\u00fchlen auch bei extremer Hitze\",\"datePublished\":\"2025-06-26T00:29:00+00:00\",\"mainEntityOfPage\":{\"@id\":\"https:\/\/www.sonnenseite.com\/de\/umwelt\/stadtbaeume-kuehlen-auch-bei-extremer-hitze\/\"},\"wordCount\":561,\"publisher\":{\"@id\":\"https:\/\/www.sonnenseite.com\/de\/#organization\"},\"image\":{\"@id\":\"https:\/\/www.sonnenseite.com\/de\/umwelt\/stadtbaeume-kuehlen-auch-bei-extremer-hitze\/#primaryimage\"},\"thumbnailUrl\":\"https:\/\/www.sonnenseite.com\/wp-content\/uploads\/2025\/06\/WSLch_Christoph-Bachofen_Stadtbaeume.jpg\",\"articleSection\":[\"Umwelt\"],\"inLanguage\":\"de\"},{\"@type\":\"WebPage\",\"@id\":\"https:\/\/www.sonnenseite.com\/de\/umwelt\/stadtbaeume-kuehlen-auch-bei-extremer-hitze\/\",\"url\":\"https:\/\/www.sonnenseite.com\/de\/umwelt\/stadtbaeume-kuehlen-auch-bei-extremer-hitze\/\",\"name\":\"Stadtb\u00e4ume k\u00fchlen auch bei extremer Hitze - Sonnenseite - \u00d6kologische Kommunikation mit Franz Alt\",\"isPartOf\":{\"@id\":\"https:\/\/www.sonnenseite.com\/de\/#website\"},\"primaryImageOfPage\":{\"@id\":\"https:\/\/www.sonnenseite.com\/de\/umwelt\/stadtbaeume-kuehlen-auch-bei-extremer-hitze\/#primaryimage\"},\"image\":{\"@id\":\"https:\/\/www.sonnenseite.com\/de\/umwelt\/stadtbaeume-kuehlen-auch-bei-extremer-hitze\/#primaryimage\"},\"thumbnailUrl\":\"https:\/\/www.sonnenseite.com\/wp-content\/uploads\/2025\/06\/WSLch_Christoph-Bachofen_Stadtbaeume.jpg\",\"datePublished\":\"2025-06-26T00:29:00+00:00\",\"description\":\"Platanen in St\u00e4dten leisten selbst bei grosser Hitze noch einen wichtigen Beitrag zur Abk\u00fchlung. Das zeigt eine neue Studie unter Leitung der\",\"breadcrumb\":{\"@id\":\"https:\/\/www.sonnenseite.com\/de\/umwelt\/stadtbaeume-kuehlen-auch-bei-extremer-hitze\/#breadcrumb\"},\"inLanguage\":\"de\",\"potentialAction\":[{\"@type\":\"ReadAction\",\"target\":[\"https:\/\/www.sonnenseite.com\/de\/umwelt\/stadtbaeume-kuehlen-auch-bei-extremer-hitze\/\"]}]},{\"@type\":\"ImageObject\",\"inLanguage\":\"de\",\"@id\":\"https:\/\/www.sonnenseite.com\/de\/umwelt\/stadtbaeume-kuehlen-auch-bei-extremer-hitze\/#primaryimage\",\"url\":\"https:\/\/www.sonnenseite.com\/wp-content\/uploads\/2025\/06\/WSLch_Christoph-Bachofen_Stadtbaeume.jpg\",\"contentUrl\":\"https:\/\/www.sonnenseite.com\/wp-content\/uploads\/2025\/06\/WSLch_Christoph-Bachofen_Stadtbaeume.jpg\",\"width\":769,\"height\":420,\"caption\":\"wsl.ch \/ Platz im Genfer Vorort Lancy: An diesen acht Platanen fand der Versuch statt. (Foto: Christoph Bachofen)\"},{\"@type\":\"BreadcrumbList\",\"@id\":\"https:\/\/www.sonnenseite.com\/de\/umwelt\/stadtbaeume-kuehlen-auch-bei-extremer-hitze\/#breadcrumb\",\"itemListElement\":[{\"@type\":\"ListItem\",\"position\":1,\"name\":\"Startseite\",\"item\":\"https:\/\/www.sonnenseite.com\/de\/\"},{\"@type\":\"ListItem\",\"position\":2,\"name\":\"Stadtb\u00e4ume k\u00fchlen auch bei extremer Hitze\"}]},{\"@type\":\"WebSite\",\"@id\":\"https:\/\/www.sonnenseite.com\/de\/#website\",\"url\":\"https:\/\/www.sonnenseite.com\/de\/\",\"name\":\"Sonnenseite\",\"description\":\"\u00d6kologische Kommunikation mit Franz Alt\",\"publisher\":{\"@id\":\"https:\/\/www.sonnenseite.com\/de\/#organization\"},\"potentialAction\":[{\"@type\":\"SearchAction\",\"target\":{\"@type\":\"EntryPoint\",\"urlTemplate\":\"https:\/\/www.sonnenseite.com\/de\/?s={search_term_string}\"},\"query-input\":{\"@type\":\"PropertyValueSpecification\",\"valueRequired\":true,\"valueName\":\"search_term_string\"}}],\"inLanguage\":\"de\"},{\"@type\":\"Organization\",\"@id\":\"https:\/\/www.sonnenseite.com\/de\/#organization\",\"name\":\"Sonnenseite\",\"url\":\"https:\/\/www.sonnenseite.com\/de\/\",\"logo\":{\"@type\":\"ImageObject\",\"inLanguage\":\"de\",\"@id\":\"https:\/\/www.sonnenseite.com\/de\/#\/schema\/logo\/image\/\",\"url\":\"https:\/\/www.sonnenseite.com\/wp-content\/uploads\/2020\/05\/Sonnenseite_Logo.png\",\"contentUrl\":\"https:\/\/www.sonnenseite.com\/wp-content\/uploads\/2020\/05\/Sonnenseite_Logo.png\",\"width\":377,\"height\":90,\"caption\":\"Sonnenseite\"},\"image\":{\"@id\":\"https:\/\/www.sonnenseite.com\/de\/#\/schema\/logo\/image\/\"},\"sameAs\":[\"https:\/\/www.facebook.com\/pages\/Franz-Alt-SONNENSEITECOM\/221072987903953?fref=ts\",\"https:\/\/x.com\/franzalt\",\"http:\/\/www.youtube.com\/results?search_query&amp;amp;quot;franz_alt&amp;amp;quot;&amp;amp;amp;amp;search_type&amp;amp;amp;amp;aq=f\"]},{\"@type\":\"Person\",\"@id\":\"https:\/\/www.sonnenseite.com\/de\/#\/schema\/person\/50fda0e926597684c7cc6695238a4eb9\",\"name\":\"Bigi Alt\"}]}<\/script>\n<!-- \/ Yoast SEO plugin. -->","yoast_head_json":{"title":"Stadtb\u00e4ume k\u00fchlen auch bei extremer Hitze - Sonnenseite - \u00d6kologische Kommunikation mit Franz Alt","description":"Platanen in St\u00e4dten leisten selbst bei grosser Hitze noch einen wichtigen Beitrag zur Abk\u00fchlung. Das zeigt eine neue Studie unter Leitung der","robots":{"index":"index","follow":"follow","max-snippet":"max-snippet:-1","max-image-preview":"max-image-preview:large","max-video-preview":"max-video-preview:-1"},"canonical":"https:\/\/www.sonnenseite.com\/de\/umwelt\/stadtbaeume-kuehlen-auch-bei-extremer-hitze\/","og_locale":"de_DE","og_type":"article","og_title":"Stadtb\u00e4ume k\u00fchlen auch bei extremer Hitze - Sonnenseite - \u00d6kologische Kommunikation mit Franz Alt","og_description":"Platanen in St\u00e4dten leisten selbst bei grosser Hitze noch einen wichtigen Beitrag zur Abk\u00fchlung. Das zeigt eine neue Studie unter Leitung der","og_url":"https:\/\/www.sonnenseite.com\/de\/umwelt\/stadtbaeume-kuehlen-auch-bei-extremer-hitze\/","og_site_name":"Sonnenseite","article_publisher":"https:\/\/www.facebook.com\/pages\/Franz-Alt-SONNENSEITECOM\/221072987903953?fref=ts","article_published_time":"2025-06-26T00:29:00+00:00","og_image":[{"width":769,"height":420,"url":"https:\/\/www.sonnenseite.com\/wp-content\/uploads\/2025\/06\/WSLch_Christoph-Bachofen_Stadtbaeume.jpg","type":"image\/jpeg"}],"author":"Bigi Alt","twitter_card":"summary_large_image","twitter_creator":"@franzalt","twitter_site":"@franzalt","twitter_misc":{"Verfasst von":"Bigi Alt","Gesch\u00e4tzte Lesezeit":"3\u00a0Minuten"},"schema":{"@context":"https:\/\/schema.org","@graph":[{"@type":"Article","@id":"https:\/\/www.sonnenseite.com\/de\/umwelt\/stadtbaeume-kuehlen-auch-bei-extremer-hitze\/#article","isPartOf":{"@id":"https:\/\/www.sonnenseite.com\/de\/umwelt\/stadtbaeume-kuehlen-auch-bei-extremer-hitze\/"},"author":{"name":"Bigi Alt","@id":"https:\/\/www.sonnenseite.com\/de\/#\/schema\/person\/50fda0e926597684c7cc6695238a4eb9"},"headline":"Stadtb\u00e4ume k\u00fchlen auch bei extremer Hitze","datePublished":"2025-06-26T00:29:00+00:00","mainEntityOfPage":{"@id":"https:\/\/www.sonnenseite.com\/de\/umwelt\/stadtbaeume-kuehlen-auch-bei-extremer-hitze\/"},"wordCount":561,"publisher":{"@id":"https:\/\/www.sonnenseite.com\/de\/#organization"},"image":{"@id":"https:\/\/www.sonnenseite.com\/de\/umwelt\/stadtbaeume-kuehlen-auch-bei-extremer-hitze\/#primaryimage"},"thumbnailUrl":"https:\/\/www.sonnenseite.com\/wp-content\/uploads\/2025\/06\/WSLch_Christoph-Bachofen_Stadtbaeume.jpg","articleSection":["Umwelt"],"inLanguage":"de"},{"@type":"WebPage","@id":"https:\/\/www.sonnenseite.com\/de\/umwelt\/stadtbaeume-kuehlen-auch-bei-extremer-hitze\/","url":"https:\/\/www.sonnenseite.com\/de\/umwelt\/stadtbaeume-kuehlen-auch-bei-extremer-hitze\/","name":"Stadtb\u00e4ume k\u00fchlen auch bei extremer Hitze - Sonnenseite - \u00d6kologische Kommunikation mit Franz Alt","isPartOf":{"@id":"https:\/\/www.sonnenseite.com\/de\/#website"},"primaryImageOfPage":{"@id":"https:\/\/www.sonnenseite.com\/de\/umwelt\/stadtbaeume-kuehlen-auch-bei-extremer-hitze\/#primaryimage"},"image":{"@id":"https:\/\/www.sonnenseite.com\/de\/umwelt\/stadtbaeume-kuehlen-auch-bei-extremer-hitze\/#primaryimage"},"thumbnailUrl":"https:\/\/www.sonnenseite.com\/wp-content\/uploads\/2025\/06\/WSLch_Christoph-Bachofen_Stadtbaeume.jpg","datePublished":"2025-06-26T00:29:00+00:00","description":"Platanen in St\u00e4dten leisten selbst bei grosser Hitze noch einen wichtigen Beitrag zur Abk\u00fchlung. Das zeigt eine neue Studie unter Leitung der","breadcrumb":{"@id":"https:\/\/www.sonnenseite.com\/de\/umwelt\/stadtbaeume-kuehlen-auch-bei-extremer-hitze\/#breadcrumb"},"inLanguage":"de","potentialAction":[{"@type":"ReadAction","target":["https:\/\/www.sonnenseite.com\/de\/umwelt\/stadtbaeume-kuehlen-auch-bei-extremer-hitze\/"]}]},{"@type":"ImageObject","inLanguage":"de","@id":"https:\/\/www.sonnenseite.com\/de\/umwelt\/stadtbaeume-kuehlen-auch-bei-extremer-hitze\/#primaryimage","url":"https:\/\/www.sonnenseite.com\/wp-content\/uploads\/2025\/06\/WSLch_Christoph-Bachofen_Stadtbaeume.jpg","contentUrl":"https:\/\/www.sonnenseite.com\/wp-content\/uploads\/2025\/06\/WSLch_Christoph-Bachofen_Stadtbaeume.jpg","width":769,"height":420,"caption":"wsl.ch \/ Platz im Genfer Vorort Lancy: An diesen acht Platanen fand der Versuch statt. (Foto: Christoph Bachofen)"},{"@type":"BreadcrumbList","@id":"https:\/\/www.sonnenseite.com\/de\/umwelt\/stadtbaeume-kuehlen-auch-bei-extremer-hitze\/#breadcrumb","itemListElement":[{"@type":"ListItem","position":1,"name":"Startseite","item":"https:\/\/www.sonnenseite.com\/de\/"},{"@type":"ListItem","position":2,"name":"Stadtb\u00e4ume k\u00fchlen auch bei extremer Hitze"}]},{"@type":"WebSite","@id":"https:\/\/www.sonnenseite.com\/de\/#website","url":"https:\/\/www.sonnenseite.com\/de\/","name":"Sonnenseite","description":"\u00d6kologische Kommunikation mit Franz Alt","publisher":{"@id":"https:\/\/www.sonnenseite.com\/de\/#organization"},"potentialAction":[{"@type":"SearchAction","target":{"@type":"EntryPoint","urlTemplate":"https:\/\/www.sonnenseite.com\/de\/?s={search_term_string}"},"query-input":{"@type":"PropertyValueSpecification","valueRequired":true,"valueName":"search_term_string"}}],"inLanguage":"de"},{"@type":"Organization","@id":"https:\/\/www.sonnenseite.com\/de\/#organization","name":"Sonnenseite","url":"https:\/\/www.sonnenseite.com\/de\/","logo":{"@type":"ImageObject","inLanguage":"de","@id":"https:\/\/www.sonnenseite.com\/de\/#\/schema\/logo\/image\/","url":"https:\/\/www.sonnenseite.com\/wp-content\/uploads\/2020\/05\/Sonnenseite_Logo.png","contentUrl":"https:\/\/www.sonnenseite.com\/wp-content\/uploads\/2020\/05\/Sonnenseite_Logo.png","width":377,"height":90,"caption":"Sonnenseite"},"image":{"@id":"https:\/\/www.sonnenseite.com\/de\/#\/schema\/logo\/image\/"},"sameAs":["https:\/\/www.facebook.com\/pages\/Franz-Alt-SONNENSEITECOM\/221072987903953?fref=ts","https:\/\/x.com\/franzalt","http:\/\/www.youtube.com\/results?search_query&amp;amp;quot;franz_alt&amp;amp;quot;&amp;amp;amp;amp;search_type&amp;amp;amp;amp;aq=f"]},{"@type":"Person","@id":"https:\/\/www.sonnenseite.com\/de\/#\/schema\/person\/50fda0e926597684c7cc6695238a4eb9","name":"Bigi Alt"}]}},"_links":{"self":[{"href":"https:\/\/www.sonnenseite.com\/de\/wp-json\/wp\/v2\/posts\/107656","targetHints":{"allow":["GET"]}}],"collection":[{"href":"https:\/\/www.sonnenseite.com\/de\/wp-json\/wp\/v2\/posts"}],"about":[{"href":"https:\/\/www.sonnenseite.com\/de\/wp-json\/wp\/v2\/types\/post"}],"author":[{"embeddable":true,"href":"https:\/\/www.sonnenseite.com\/de\/wp-json\/wp\/v2\/users\/3"}],"replies":[{"embeddable":true,"href":"https:\/\/www.sonnenseite.com\/de\/wp-json\/wp\/v2\/comments?post=107656"}],"version-history":[{"count":2,"href":"https:\/\/www.sonnenseite.com\/de\/wp-json\/wp\/v2\/posts\/107656\/revisions"}],"predecessor-version":[{"id":107658,"href":"https:\/\/www.sonnenseite.com\/de\/wp-json\/wp\/v2\/posts\/107656\/revisions\/107658"}],"wp:featuredmedia":[{"embeddable":true,"href":"https:\/\/www.sonnenseite.com\/de\/wp-json\/wp\/v2\/media\/107659"}],"wp:attachment":[{"href":"https:\/\/www.sonnenseite.com\/de\/wp-json\/wp\/v2\/media?parent=107656"}],"wp:term":[{"taxonomy":"category","embeddable":true,"href":"https:\/\/www.sonnenseite.com\/de\/wp-json\/wp\/v2\/categories?post=107656"},{"taxonomy":"post_tag","embeddable":true,"href":"https:\/\/www.sonnenseite.com\/de\/wp-json\/wp\/v2\/tags?post=107656"}],"curies":[{"name":"wp","href":"https:\/\/api.w.org\/{rel}","templated":true}]}}