{"id":108015,"date":"2025-07-08T15:30:57","date_gmt":"2025-07-08T13:30:57","guid":{"rendered":"https:\/\/www.sonnenseite.com\/?p=108015"},"modified":"2025-07-08T15:40:22","modified_gmt":"2025-07-08T13:40:22","slug":"polen-hat-zum-ersten-mal-mehr-energie-aus-erneuerbaren-energien-als-aus-kohle","status":"publish","type":"post","link":"https:\/\/www.sonnenseite.com\/de\/energie\/polen-hat-zum-ersten-mal-mehr-energie-aus-erneuerbaren-energien-als-aus-kohle\/","title":{"rendered":"Polen hat zum ersten Mal mehr Energie aus erneuerbaren Energien als aus Kohle!"},"content":{"rendered":"\n<p>Nach Sch\u00e4tzungen des Thinktanks Forum Energii haben erneuerbare Energiequellen im Juni erstmals in der Geschichte Polens die Kohle bei der Stromerzeugung \u00fcberholt. <\/p>\n\n\n\n<p>Dar\u00fcber hinaus sank der Anteil der Kohle im gesamten zweiten Quartal 2025 erstmals in der Geschichte unter die H\u00e4lfte. Dank der Rekordwerte bei der gr\u00fcnen Energie sind die Gro\u00dfhandelspreise f\u00fcr Strom deutlich gesunken. Um diesen Trend auch im Herbst und Winter aufrechtzuerhalten, muss die Novelle des Windkraftgesetzes in Kraft treten, die in K\u00fcrze auf den Schreibtisch des polnischen Pr\u00e4sidenten gelangen wird.<\/p>\n\n\n\n<p>Wie das Energieforum [1] angibt, <strong>wurden im Juni 44,1 % des Stroms in Polen aus erneuerbaren Energiequellen erzeugt, w\u00e4hrend der Anteil der Kohle bei 43,7 % lag.<\/strong> Das zweite Quartal 2025 war auch das erste in der Geschichte der polnischen Energiewirtschaft, in dem der Anteil der Kohle am Energiemix unter die H\u00e4lfte fiel \u2013 genauer gesagt lag er bei 45,2 %.<\/p>\n\n\n\n<p>Dank der Rekordwerte der erneuerbaren Energien sank der durchschnittliche Gro\u00dfhandelspreis f\u00fcr Strom an der B\u00f6rse im zweiten Quartal auf 375 PLN pro MWh (zum Vergleich: Im zweiten Quartal 2024 lag der Preis bei 409 PLN\/MWh).<\/p>\n\n\n\n<p>\u201eDas sind sehr positive Nachrichten, denn erneuerbare Energien produzieren g\u00fcnstige Energie. Wir d\u00fcrfen jedoch nicht vergessen, dass wir von solchen Ergebnissen im Herbst und Winter nur tr\u00e4umen k\u00f6nnen. Zwar produzieren Windkraftanlagen in dieser Zeit mehr Energie, aber ihre Leistung ist derzeit im Verh\u00e4ltnis zum Bedarf zu gering. Um die Energiepreise langfristig zu senken und die L\u00fccke zu schlie\u00dfen, die durch die stillgelegten Kohlekraftwerke entsteht, m\u00fcssen wir Windkraftanlagen ausbauen. Hoffen wir, dass das vom Sejm verabschiedete Windkraftgesetz schnell an Pr\u00e4sident Duda weitergeleitet und von ihm unterzeichnet wird\u201d, sagt Marek J\u00f3zefiak, Sprecher und Experte f\u00fcr Umweltpolitik bei Greenpeace Polska.<\/p>\n\n\n\n<p>Polen verf\u00fcgt derzeit \u00fcber Solarkraftwerke mit einer Leistung von 23 Gigawatt (GW) und Onshore-Windkraftanlagen mit einer Leistung von nur 11 GW. Im Herbst und Winter produzieren Solarkraftwerke nur wenig Energie, w\u00e4hrend der Strombedarf sogar um ein Drittel h\u00f6her ist als im Sommer.<\/p>\n\n\n\n<p>\u201ePr\u00e4sident Andrzej Duda hat k\u00fcrzlich gesagt, dass er kein Fan von Windr\u00e4dern ist. Hoffen wir, dass der Pr\u00e4sident auf die Stimme der polnischen Industrie, der Energiewirtschaft und der Kommunalverwaltungen h\u00f6rt, die in ihnen eine Chance sehen. Es sei auch daran erinnert, dass das neue Windkraftgesetz einen F\u00f6rdermechanismus f\u00fcr Menschen einf\u00fchrt, die in der N\u00e4he von Windr\u00e4dern wohnen, in H\u00f6he von bis zu 20.000 Zloty pro Jahr. Windr\u00e4der werden auch erhebliche Pachteinnahmen f\u00fcr Landwirte und Steuereinnahmen f\u00fcr l\u00e4ndliche Gemeinden bringen, betont Marek J\u00f3zefiak von Greenpeace.<\/p>\n\n\n\n<p>Nach Angaben des Polnischen Windenergieverbands wird der Ausbau der Windkraftanlagen 50.000 bis 100.000 neue Arbeitspl\u00e4tze schaffen. Die Stahlindustrie sagt ganz offen, dass die Freigabe der Windenergie f\u00fcr die Wettbewerbsf\u00e4higkeit der Branche von entscheidender Bedeutung ist. Windkraftanlagen sind auch eine Chance f\u00fcr die Entwicklung l\u00e4ndlicher Gebiete.<\/p>\n\n\n\n<p>\u201eIn den n\u00e4chsten zehn Jahren werden die polnischen Kohlekraftwerke in den wohlverdienten Ruhestand gehen. Wenn wir in dieser Zeit nicht gen\u00fcgend Windkraftanlagen und andere erneuerbare Energiequellen bauen, wird die L\u00fccke, die die Kohle hinterl\u00e4sst, mit Gas gef\u00fcllt werden, also mit teurem Importbrennstoff. Anstatt unsere Energieunabh\u00e4ngigkeit zu st\u00e4rken und den polnischen l\u00e4ndlichen Raum zu entwickeln, werden wir Milliarden nach Katar, Norwegen oder in die USA schicken. Das w\u00e4re ein Schuss ins eigene Knie. Wir d\u00fcrfen nicht vergessen, dass wir mit der Inbetriebnahme eines Atomkraftwerks erst in einigen Jahren rechnen k\u00f6nnen\u201d, f\u00fcgt Marek J\u00f3zefiak hinzu.<\/p>\n\n\n\n<ul class=\"wp-block-list\">\n<li>[1] Sch\u00e4tzungen des Energieforums auf der Grundlage von Daten von ENTSO-E und der Energiemarktagentur.<\/li>\n<\/ul>\n\n\n<h5 class=\"green\">Quelle<\/h5>\r\n\n\n\n<p><a href=\"https:\/\/www.greenpeace.org\/poland\/aktualnosci\/37288\/polska-po-raz-pierwszy-ma-wiecej-energii-z-oze-niz-z-wegla\/\">Greenpeace Polen 2025<\/a> | Translated with\u00a0<a href=\"http:\/\/www.deepl.com\/Translator\" target=\"_blank\" rel=\"noreferrer noopener\">www.DeepL.com\/Translator<\/a><\/p>\n<div class=\"shariff shariff-align-flex-start shariff-widget-align-flex-start\"><div class=\"ShariffHeadline\">Diese Meldung teilen<\/div><ul class=\"shariff-buttons theme-round orientation-horizontal buttonsize-medium\"><li class=\"shariff-button facebook shariff-nocustomcolor\" style=\"background-color:#4273c8;border-radius:1%\"><a href=\"https:\/\/www.facebook.com\/sharer\/sharer.php?u=https%3A%2F%2Fwww.sonnenseite.com%2Fde%2Fenergie%2Fpolen-hat-zum-ersten-mal-mehr-energie-aus-erneuerbaren-energien-als-aus-kohle%2F\" title=\"Bei Facebook teilen\" aria-label=\"Bei Facebook teilen\" role=\"button\" rel=\"nofollow\" class=\"shariff-link\" style=\";border-radius:1%; background-color:#3b5998; color:#fff\" target=\"_blank\"><span class=\"shariff-icon\" style=\"\"><svg width=\"32px\" height=\"20px\" xmlns=\"http:\/\/www.w3.org\/2000\/svg\" viewBox=\"0 0 18 32\"><path fill=\"#3b5998\" d=\"M17.1 0.2v4.7h-2.8q-1.5 0-2.1 0.6t-0.5 1.9v3.4h5.2l-0.7 5.3h-4.5v13.6h-5.5v-13.6h-4.5v-5.3h4.5v-3.9q0-3.3 1.9-5.2t5-1.8q2.6 0 4.1 0.2z\"\/><\/svg><\/span><\/a><\/li><li class=\"shariff-button twitter shariff-nocustomcolor\" style=\"background-color:#595959;border-radius:1%\"><a href=\"https:\/\/twitter.com\/share?url=https%3A%2F%2Fwww.sonnenseite.com%2Fde%2Fenergie%2Fpolen-hat-zum-ersten-mal-mehr-energie-aus-erneuerbaren-energien-als-aus-kohle%2F&text=Polen%20hat%20zum%20ersten%20Mal%20mehr%20Energie%20aus%20erneuerbaren%20Energien%20als%20aus%20Kohle%21\" title=\"Bei X teilen\" aria-label=\"Bei X teilen\" role=\"button\" rel=\"noopener nofollow\" class=\"shariff-link\" style=\";border-radius:1%; background-color:#000; color:#fff\" target=\"_blank\"><span class=\"shariff-icon\" style=\"\"><svg width=\"32px\" height=\"20px\" xmlns=\"http:\/\/www.w3.org\/2000\/svg\" viewBox=\"0 0 24 24\"><path fill=\"#000\" d=\"M14.258 10.152L23.176 0h-2.113l-7.747 8.813L7.133 0H0l9.352 13.328L0 23.973h2.113l8.176-9.309 6.531 9.309h7.133zm-2.895 3.293l-.949-1.328L2.875 1.56h3.246l6.086 8.523.945 1.328 7.91 11.078h-3.246zm0 0\"\/><\/svg><\/span><\/a><\/li><li class=\"shariff-button xing shariff-nocustomcolor\" style=\"background-color:#29888a;border-radius:1%\"><a href=\"https:\/\/www.xing.com\/spi\/shares\/new?url=https%3A%2F%2Fwww.sonnenseite.com%2Fde%2Fenergie%2Fpolen-hat-zum-ersten-mal-mehr-energie-aus-erneuerbaren-energien-als-aus-kohle%2F\" title=\"Bei XING teilen\" aria-label=\"Bei XING teilen\" role=\"button\" rel=\"noopener nofollow\" class=\"shariff-link\" style=\";border-radius:1%; background-color:#126567; color:#fff\" target=\"_blank\"><span class=\"shariff-icon\" style=\"\"><svg width=\"32px\" height=\"20px\" xmlns=\"http:\/\/www.w3.org\/2000\/svg\" viewBox=\"0 0 25 32\"><path fill=\"#126567\" d=\"M10.7 11.9q-0.2 0.3-4.6 8.2-0.5 0.8-1.2 0.8h-4.3q-0.4 0-0.5-0.3t0-0.6l4.5-8q0 0 0 0l-2.9-5q-0.2-0.4 0-0.7 0.2-0.3 0.5-0.3h4.3q0.7 0 1.2 0.8zM25.1 0.4q0.2 0.3 0 0.7l-9.4 16.7 6 11q0.2 0.4 0 0.6-0.2 0.3-0.6 0.3h-4.3q-0.7 0-1.2-0.8l-6-11.1q0.3-0.6 9.5-16.8 0.4-0.8 1.2-0.8h4.3q0.4 0 0.5 0.3z\"\/><\/svg><\/span><\/a><\/li><li class=\"shariff-button linkedin shariff-nocustomcolor\" style=\"background-color:#1488bf;border-radius:1%\"><a href=\"https:\/\/www.linkedin.com\/sharing\/share-offsite\/?url=https%3A%2F%2Fwww.sonnenseite.com%2Fde%2Fenergie%2Fpolen-hat-zum-ersten-mal-mehr-energie-aus-erneuerbaren-energien-als-aus-kohle%2F\" title=\"Bei LinkedIn teilen\" aria-label=\"Bei LinkedIn teilen\" role=\"button\" rel=\"noopener nofollow\" class=\"shariff-link\" style=\";border-radius:1%; background-color:#0077b5; color:#fff\" target=\"_blank\"><span class=\"shariff-icon\" style=\"\"><svg width=\"32px\" height=\"20px\" xmlns=\"http:\/\/www.w3.org\/2000\/svg\" viewBox=\"0 0 27 32\"><path fill=\"#0077b5\" d=\"M6.2 11.2v17.7h-5.9v-17.7h5.9zM6.6 5.7q0 1.3-0.9 2.2t-2.4 0.9h0q-1.5 0-2.4-0.9t-0.9-2.2 0.9-2.2 2.4-0.9 2.4 0.9 0.9 2.2zM27.4 18.7v10.1h-5.9v-9.5q0-1.9-0.7-2.9t-2.3-1.1q-1.1 0-1.9 0.6t-1.2 1.5q-0.2 0.5-0.2 1.4v9.9h-5.9q0-7.1 0-11.6t0-5.3l0-0.9h5.9v2.6h0q0.4-0.6 0.7-1t1-0.9 1.6-0.8 2-0.3q3 0 4.9 2t1.9 6z\"\/><\/svg><\/span><\/a><\/li><li class=\"shariff-button printer shariff-nocustomcolor\" style=\"background-color:#a8a8a8;border-radius:1%\"><a href=\"javascript:window.print()\" title=\"drucken\" aria-label=\"drucken\" role=\"button\" rel=\"noopener nofollow\" class=\"shariff-link\" style=\";border-radius:1%; background-color:#999; color:#fff\"><span class=\"shariff-icon\" style=\"\"><svg width=\"32px\" height=\"20px\" xmlns=\"http:\/\/www.w3.org\/2000\/svg\" viewBox=\"0 0 30 32\"><path fill=\"#999\" d=\"M6.8 27.4h16v-4.6h-16v4.6zM6.8 16h16v-6.8h-2.8q-0.7 0-1.2-0.5t-0.5-1.2v-2.8h-11.4v11.4zM27.4 17.2q0-0.5-0.3-0.8t-0.8-0.4-0.8 0.4-0.3 0.8 0.3 0.8 0.8 0.3 0.8-0.3 0.3-0.8zM29.7 17.2v7.4q0 0.2-0.2 0.4t-0.4 0.2h-4v2.8q0 0.7-0.5 1.2t-1.2 0.5h-17.2q-0.7 0-1.2-0.5t-0.5-1.2v-2.8h-4q-0.2 0-0.4-0.2t-0.2-0.4v-7.4q0-1.4 1-2.4t2.4-1h1.2v-9.7q0-0.7 0.5-1.2t1.2-0.5h12q0.7 0 1.6 0.4t1.3 0.8l2.7 2.7q0.5 0.5 0.9 1.4t0.4 1.6v4.6h1.1q1.4 0 2.4 1t1 2.4z\"\/><\/svg><\/span><\/a><\/li><li class=\"shariff-button mailto shariff-nocustomcolor\" style=\"background-color:#a8a8a8;border-radius:1%\"><a href=\"mailto:?body=https%3A%2F%2Fwww.sonnenseite.com%2Fde%2Fenergie%2Fpolen-hat-zum-ersten-mal-mehr-energie-aus-erneuerbaren-energien-als-aus-kohle%2F&subject=Polen%20hat%20zum%20ersten%20Mal%20mehr%20Energie%20aus%20erneuerbaren%20Energien%20als%20aus%20Kohle%21\" title=\"Per E-Mail versenden\" aria-label=\"Per E-Mail versenden\" role=\"button\" rel=\"noopener nofollow\" class=\"shariff-link\" style=\";border-radius:1%; background-color:#999; color:#fff\"><span class=\"shariff-icon\" style=\"\"><svg width=\"32px\" height=\"20px\" xmlns=\"http:\/\/www.w3.org\/2000\/svg\" viewBox=\"0 0 32 32\"><path fill=\"#999\" d=\"M32 12.7v14.2q0 1.2-0.8 2t-2 0.9h-26.3q-1.2 0-2-0.9t-0.8-2v-14.2q0.8 0.9 1.8 1.6 6.5 4.4 8.9 6.1 1 0.8 1.6 1.2t1.7 0.9 2 0.4h0.1q0.9 0 2-0.4t1.7-0.9 1.6-1.2q3-2.2 8.9-6.1 1-0.7 1.8-1.6zM32 7.4q0 1.4-0.9 2.7t-2.2 2.2q-6.7 4.7-8.4 5.8-0.2 0.1-0.7 0.5t-1 0.7-0.9 0.6-1.1 0.5-0.9 0.2h-0.1q-0.4 0-0.9-0.2t-1.1-0.5-0.9-0.6-1-0.7-0.7-0.5q-1.6-1.1-4.7-3.2t-3.6-2.6q-1.1-0.7-2.1-2t-1-2.5q0-1.4 0.7-2.3t2.1-0.9h26.3q1.2 0 2 0.8t0.9 2z\"\/><\/svg><\/span><\/a><\/li><\/ul><\/div>","protected":false},"excerpt":{"rendered":"<p>Nach Sch\u00e4tzungen des Thinktanks Forum Energii haben erneuerbare Energiequellen im Juni erstmals in der Geschichte Polens [&hellip;]<\/p>\n","protected":false},"author":3,"featured_media":12528,"comment_status":"closed","ping_status":"closed","sticky":false,"template":"","format":"standard","meta":{"inline_featured_image":false,"footnotes":""},"categories":[22],"tags":[],"class_list":["post-108015","post","type-post","status-publish","format-standard","has-post-thumbnail","hentry","category-energie"],"yoast_head":"<!-- This site is optimized with the Yoast SEO plugin v26.5 - https:\/\/yoast.com\/wordpress\/plugins\/seo\/ -->\n<title>Polen hat zum ersten Mal mehr Energie aus erneuerbaren Energien als aus Kohle! - Sonnenseite - \u00d6kologische Kommunikation mit Franz Alt<\/title>\n<meta name=\"description\" content=\"Nach Sch\u00e4tzungen des Thinktanks Forum Energii haben erneuerbare Energiequellen im Juni erstmals in der Geschichte Polens die Kohle bei der Stromerzeugung\" \/>\n<meta name=\"robots\" content=\"index, follow, max-snippet:-1, max-image-preview:large, max-video-preview:-1\" \/>\n<link rel=\"canonical\" href=\"https:\/\/www.sonnenseite.com\/de\/energie\/polen-hat-zum-ersten-mal-mehr-energie-aus-erneuerbaren-energien-als-aus-kohle\/\" \/>\n<meta property=\"og:locale\" content=\"de_DE\" \/>\n<meta property=\"og:type\" content=\"article\" \/>\n<meta property=\"og:title\" content=\"Polen hat zum ersten Mal mehr Energie aus erneuerbaren Energien als aus Kohle! - Sonnenseite - \u00d6kologische Kommunikation mit Franz Alt\" \/>\n<meta property=\"og:description\" content=\"Nach Sch\u00e4tzungen des Thinktanks Forum Energii haben erneuerbare Energiequellen im Juni erstmals in der Geschichte Polens die Kohle bei der Stromerzeugung\" \/>\n<meta property=\"og:url\" content=\"https:\/\/www.sonnenseite.com\/de\/energie\/polen-hat-zum-ersten-mal-mehr-energie-aus-erneuerbaren-energien-als-aus-kohle\/\" \/>\n<meta property=\"og:site_name\" content=\"Sonnenseite\" \/>\n<meta property=\"article:publisher\" content=\"https:\/\/www.facebook.com\/pages\/Franz-Alt-SONNENSEITECOM\/221072987903953?fref=ts\" \/>\n<meta property=\"article:published_time\" content=\"2025-07-08T13:30:57+00:00\" \/>\n<meta property=\"article:modified_time\" content=\"2025-07-08T13:40:22+00:00\" \/>\n<meta property=\"og:image\" content=\"https:\/\/www.sonnenseite.com\/wp-content\/uploads\/2019\/01\/Polen_kaboompics.jpg\" \/>\n\t<meta property=\"og:image:width\" content=\"770\" \/>\n\t<meta property=\"og:image:height\" content=\"420\" \/>\n\t<meta property=\"og:image:type\" content=\"image\/jpeg\" \/>\n<meta name=\"author\" content=\"Bigi Alt\" \/>\n<meta name=\"twitter:card\" content=\"summary_large_image\" \/>\n<meta name=\"twitter:creator\" content=\"@franzalt\" \/>\n<meta name=\"twitter:site\" content=\"@franzalt\" \/>\n<meta name=\"twitter:label1\" content=\"Verfasst von\" \/>\n\t<meta name=\"twitter:data1\" content=\"Bigi Alt\" \/>\n\t<meta name=\"twitter:label2\" content=\"Gesch\u00e4tzte Lesezeit\" \/>\n\t<meta name=\"twitter:data2\" content=\"4\u00a0Minuten\" \/>\n<script type=\"application\/ld+json\" class=\"yoast-schema-graph\">{\"@context\":\"https:\/\/schema.org\",\"@graph\":[{\"@type\":\"Article\",\"@id\":\"https:\/\/www.sonnenseite.com\/de\/energie\/polen-hat-zum-ersten-mal-mehr-energie-aus-erneuerbaren-energien-als-aus-kohle\/#article\",\"isPartOf\":{\"@id\":\"https:\/\/www.sonnenseite.com\/de\/energie\/polen-hat-zum-ersten-mal-mehr-energie-aus-erneuerbaren-energien-als-aus-kohle\/\"},\"author\":{\"name\":\"Bigi Alt\",\"@id\":\"https:\/\/www.sonnenseite.com\/de\/#\/schema\/person\/50fda0e926597684c7cc6695238a4eb9\"},\"headline\":\"Polen hat zum ersten Mal mehr Energie aus erneuerbaren Energien als aus Kohle!\",\"datePublished\":\"2025-07-08T13:30:57+00:00\",\"dateModified\":\"2025-07-08T13:40:22+00:00\",\"mainEntityOfPage\":{\"@id\":\"https:\/\/www.sonnenseite.com\/de\/energie\/polen-hat-zum-ersten-mal-mehr-energie-aus-erneuerbaren-energien-als-aus-kohle\/\"},\"wordCount\":619,\"publisher\":{\"@id\":\"https:\/\/www.sonnenseite.com\/de\/#organization\"},\"image\":{\"@id\":\"https:\/\/www.sonnenseite.com\/de\/energie\/polen-hat-zum-ersten-mal-mehr-energie-aus-erneuerbaren-energien-als-aus-kohle\/#primaryimage\"},\"thumbnailUrl\":\"https:\/\/www.sonnenseite.com\/wp-content\/uploads\/2019\/01\/Polen_kaboompics.jpg\",\"articleSection\":[\"Energie\"],\"inLanguage\":\"de\"},{\"@type\":\"WebPage\",\"@id\":\"https:\/\/www.sonnenseite.com\/de\/energie\/polen-hat-zum-ersten-mal-mehr-energie-aus-erneuerbaren-energien-als-aus-kohle\/\",\"url\":\"https:\/\/www.sonnenseite.com\/de\/energie\/polen-hat-zum-ersten-mal-mehr-energie-aus-erneuerbaren-energien-als-aus-kohle\/\",\"name\":\"Polen hat zum ersten Mal mehr Energie aus erneuerbaren Energien als aus Kohle! - Sonnenseite - \u00d6kologische Kommunikation mit Franz Alt\",\"isPartOf\":{\"@id\":\"https:\/\/www.sonnenseite.com\/de\/#website\"},\"primaryImageOfPage\":{\"@id\":\"https:\/\/www.sonnenseite.com\/de\/energie\/polen-hat-zum-ersten-mal-mehr-energie-aus-erneuerbaren-energien-als-aus-kohle\/#primaryimage\"},\"image\":{\"@id\":\"https:\/\/www.sonnenseite.com\/de\/energie\/polen-hat-zum-ersten-mal-mehr-energie-aus-erneuerbaren-energien-als-aus-kohle\/#primaryimage\"},\"thumbnailUrl\":\"https:\/\/www.sonnenseite.com\/wp-content\/uploads\/2019\/01\/Polen_kaboompics.jpg\",\"datePublished\":\"2025-07-08T13:30:57+00:00\",\"dateModified\":\"2025-07-08T13:40:22+00:00\",\"description\":\"Nach Sch\u00e4tzungen des Thinktanks Forum Energii haben erneuerbare Energiequellen im Juni erstmals in der Geschichte Polens die Kohle bei der Stromerzeugung\",\"breadcrumb\":{\"@id\":\"https:\/\/www.sonnenseite.com\/de\/energie\/polen-hat-zum-ersten-mal-mehr-energie-aus-erneuerbaren-energien-als-aus-kohle\/#breadcrumb\"},\"inLanguage\":\"de\",\"potentialAction\":[{\"@type\":\"ReadAction\",\"target\":[\"https:\/\/www.sonnenseite.com\/de\/energie\/polen-hat-zum-ersten-mal-mehr-energie-aus-erneuerbaren-energien-als-aus-kohle\/\"]}]},{\"@type\":\"ImageObject\",\"inLanguage\":\"de\",\"@id\":\"https:\/\/www.sonnenseite.com\/de\/energie\/polen-hat-zum-ersten-mal-mehr-energie-aus-erneuerbaren-energien-als-aus-kohle\/#primaryimage\",\"url\":\"https:\/\/www.sonnenseite.com\/wp-content\/uploads\/2019\/01\/Polen_kaboompics.jpg\",\"contentUrl\":\"https:\/\/www.sonnenseite.com\/wp-content\/uploads\/2019\/01\/Polen_kaboompics.jpg\",\"width\":770,\"height\":420,\"caption\":\"pixabay.com | kaboompics\"},{\"@type\":\"BreadcrumbList\",\"@id\":\"https:\/\/www.sonnenseite.com\/de\/energie\/polen-hat-zum-ersten-mal-mehr-energie-aus-erneuerbaren-energien-als-aus-kohle\/#breadcrumb\",\"itemListElement\":[{\"@type\":\"ListItem\",\"position\":1,\"name\":\"Startseite\",\"item\":\"https:\/\/www.sonnenseite.com\/de\/\"},{\"@type\":\"ListItem\",\"position\":2,\"name\":\"Polen hat zum ersten Mal mehr Energie aus erneuerbaren Energien als aus Kohle!\"}]},{\"@type\":\"WebSite\",\"@id\":\"https:\/\/www.sonnenseite.com\/de\/#website\",\"url\":\"https:\/\/www.sonnenseite.com\/de\/\",\"name\":\"Sonnenseite\",\"description\":\"\u00d6kologische Kommunikation mit Franz Alt\",\"publisher\":{\"@id\":\"https:\/\/www.sonnenseite.com\/de\/#organization\"},\"potentialAction\":[{\"@type\":\"SearchAction\",\"target\":{\"@type\":\"EntryPoint\",\"urlTemplate\":\"https:\/\/www.sonnenseite.com\/de\/?s={search_term_string}\"},\"query-input\":{\"@type\":\"PropertyValueSpecification\",\"valueRequired\":true,\"valueName\":\"search_term_string\"}}],\"inLanguage\":\"de\"},{\"@type\":\"Organization\",\"@id\":\"https:\/\/www.sonnenseite.com\/de\/#organization\",\"name\":\"Sonnenseite\",\"url\":\"https:\/\/www.sonnenseite.com\/de\/\",\"logo\":{\"@type\":\"ImageObject\",\"inLanguage\":\"de\",\"@id\":\"https:\/\/www.sonnenseite.com\/de\/#\/schema\/logo\/image\/\",\"url\":\"https:\/\/www.sonnenseite.com\/wp-content\/uploads\/2020\/05\/Sonnenseite_Logo.png\",\"contentUrl\":\"https:\/\/www.sonnenseite.com\/wp-content\/uploads\/2020\/05\/Sonnenseite_Logo.png\",\"width\":377,\"height\":90,\"caption\":\"Sonnenseite\"},\"image\":{\"@id\":\"https:\/\/www.sonnenseite.com\/de\/#\/schema\/logo\/image\/\"},\"sameAs\":[\"https:\/\/www.facebook.com\/pages\/Franz-Alt-SONNENSEITECOM\/221072987903953?fref=ts\",\"https:\/\/x.com\/franzalt\",\"http:\/\/www.youtube.com\/results?search_query&amp;amp;quot;franz_alt&amp;amp;quot;&amp;amp;amp;amp;search_type&amp;amp;amp;amp;aq=f\"]},{\"@type\":\"Person\",\"@id\":\"https:\/\/www.sonnenseite.com\/de\/#\/schema\/person\/50fda0e926597684c7cc6695238a4eb9\",\"name\":\"Bigi Alt\"}]}<\/script>\n<!-- \/ Yoast SEO plugin. -->","yoast_head_json":{"title":"Polen hat zum ersten Mal mehr Energie aus erneuerbaren Energien als aus Kohle! - Sonnenseite - \u00d6kologische Kommunikation mit Franz Alt","description":"Nach Sch\u00e4tzungen des Thinktanks Forum Energii haben erneuerbare Energiequellen im Juni erstmals in der Geschichte Polens die Kohle bei der Stromerzeugung","robots":{"index":"index","follow":"follow","max-snippet":"max-snippet:-1","max-image-preview":"max-image-preview:large","max-video-preview":"max-video-preview:-1"},"canonical":"https:\/\/www.sonnenseite.com\/de\/energie\/polen-hat-zum-ersten-mal-mehr-energie-aus-erneuerbaren-energien-als-aus-kohle\/","og_locale":"de_DE","og_type":"article","og_title":"Polen hat zum ersten Mal mehr Energie aus erneuerbaren Energien als aus Kohle! - Sonnenseite - \u00d6kologische Kommunikation mit Franz Alt","og_description":"Nach Sch\u00e4tzungen des Thinktanks Forum Energii haben erneuerbare Energiequellen im Juni erstmals in der Geschichte Polens die Kohle bei der Stromerzeugung","og_url":"https:\/\/www.sonnenseite.com\/de\/energie\/polen-hat-zum-ersten-mal-mehr-energie-aus-erneuerbaren-energien-als-aus-kohle\/","og_site_name":"Sonnenseite","article_publisher":"https:\/\/www.facebook.com\/pages\/Franz-Alt-SONNENSEITECOM\/221072987903953?fref=ts","article_published_time":"2025-07-08T13:30:57+00:00","article_modified_time":"2025-07-08T13:40:22+00:00","og_image":[{"width":770,"height":420,"url":"https:\/\/www.sonnenseite.com\/wp-content\/uploads\/2019\/01\/Polen_kaboompics.jpg","type":"image\/jpeg"}],"author":"Bigi Alt","twitter_card":"summary_large_image","twitter_creator":"@franzalt","twitter_site":"@franzalt","twitter_misc":{"Verfasst von":"Bigi Alt","Gesch\u00e4tzte Lesezeit":"4\u00a0Minuten"},"schema":{"@context":"https:\/\/schema.org","@graph":[{"@type":"Article","@id":"https:\/\/www.sonnenseite.com\/de\/energie\/polen-hat-zum-ersten-mal-mehr-energie-aus-erneuerbaren-energien-als-aus-kohle\/#article","isPartOf":{"@id":"https:\/\/www.sonnenseite.com\/de\/energie\/polen-hat-zum-ersten-mal-mehr-energie-aus-erneuerbaren-energien-als-aus-kohle\/"},"author":{"name":"Bigi Alt","@id":"https:\/\/www.sonnenseite.com\/de\/#\/schema\/person\/50fda0e926597684c7cc6695238a4eb9"},"headline":"Polen hat zum ersten Mal mehr Energie aus erneuerbaren Energien als aus Kohle!","datePublished":"2025-07-08T13:30:57+00:00","dateModified":"2025-07-08T13:40:22+00:00","mainEntityOfPage":{"@id":"https:\/\/www.sonnenseite.com\/de\/energie\/polen-hat-zum-ersten-mal-mehr-energie-aus-erneuerbaren-energien-als-aus-kohle\/"},"wordCount":619,"publisher":{"@id":"https:\/\/www.sonnenseite.com\/de\/#organization"},"image":{"@id":"https:\/\/www.sonnenseite.com\/de\/energie\/polen-hat-zum-ersten-mal-mehr-energie-aus-erneuerbaren-energien-als-aus-kohle\/#primaryimage"},"thumbnailUrl":"https:\/\/www.sonnenseite.com\/wp-content\/uploads\/2019\/01\/Polen_kaboompics.jpg","articleSection":["Energie"],"inLanguage":"de"},{"@type":"WebPage","@id":"https:\/\/www.sonnenseite.com\/de\/energie\/polen-hat-zum-ersten-mal-mehr-energie-aus-erneuerbaren-energien-als-aus-kohle\/","url":"https:\/\/www.sonnenseite.com\/de\/energie\/polen-hat-zum-ersten-mal-mehr-energie-aus-erneuerbaren-energien-als-aus-kohle\/","name":"Polen hat zum ersten Mal mehr Energie aus erneuerbaren Energien als aus Kohle! - Sonnenseite - \u00d6kologische Kommunikation mit Franz Alt","isPartOf":{"@id":"https:\/\/www.sonnenseite.com\/de\/#website"},"primaryImageOfPage":{"@id":"https:\/\/www.sonnenseite.com\/de\/energie\/polen-hat-zum-ersten-mal-mehr-energie-aus-erneuerbaren-energien-als-aus-kohle\/#primaryimage"},"image":{"@id":"https:\/\/www.sonnenseite.com\/de\/energie\/polen-hat-zum-ersten-mal-mehr-energie-aus-erneuerbaren-energien-als-aus-kohle\/#primaryimage"},"thumbnailUrl":"https:\/\/www.sonnenseite.com\/wp-content\/uploads\/2019\/01\/Polen_kaboompics.jpg","datePublished":"2025-07-08T13:30:57+00:00","dateModified":"2025-07-08T13:40:22+00:00","description":"Nach Sch\u00e4tzungen des Thinktanks Forum Energii haben erneuerbare Energiequellen im Juni erstmals in der Geschichte Polens die Kohle bei der Stromerzeugung","breadcrumb":{"@id":"https:\/\/www.sonnenseite.com\/de\/energie\/polen-hat-zum-ersten-mal-mehr-energie-aus-erneuerbaren-energien-als-aus-kohle\/#breadcrumb"},"inLanguage":"de","potentialAction":[{"@type":"ReadAction","target":["https:\/\/www.sonnenseite.com\/de\/energie\/polen-hat-zum-ersten-mal-mehr-energie-aus-erneuerbaren-energien-als-aus-kohle\/"]}]},{"@type":"ImageObject","inLanguage":"de","@id":"https:\/\/www.sonnenseite.com\/de\/energie\/polen-hat-zum-ersten-mal-mehr-energie-aus-erneuerbaren-energien-als-aus-kohle\/#primaryimage","url":"https:\/\/www.sonnenseite.com\/wp-content\/uploads\/2019\/01\/Polen_kaboompics.jpg","contentUrl":"https:\/\/www.sonnenseite.com\/wp-content\/uploads\/2019\/01\/Polen_kaboompics.jpg","width":770,"height":420,"caption":"pixabay.com | kaboompics"},{"@type":"BreadcrumbList","@id":"https:\/\/www.sonnenseite.com\/de\/energie\/polen-hat-zum-ersten-mal-mehr-energie-aus-erneuerbaren-energien-als-aus-kohle\/#breadcrumb","itemListElement":[{"@type":"ListItem","position":1,"name":"Startseite","item":"https:\/\/www.sonnenseite.com\/de\/"},{"@type":"ListItem","position":2,"name":"Polen hat zum ersten Mal mehr Energie aus erneuerbaren Energien als aus Kohle!"}]},{"@type":"WebSite","@id":"https:\/\/www.sonnenseite.com\/de\/#website","url":"https:\/\/www.sonnenseite.com\/de\/","name":"Sonnenseite","description":"\u00d6kologische Kommunikation mit Franz Alt","publisher":{"@id":"https:\/\/www.sonnenseite.com\/de\/#organization"},"potentialAction":[{"@type":"SearchAction","target":{"@type":"EntryPoint","urlTemplate":"https:\/\/www.sonnenseite.com\/de\/?s={search_term_string}"},"query-input":{"@type":"PropertyValueSpecification","valueRequired":true,"valueName":"search_term_string"}}],"inLanguage":"de"},{"@type":"Organization","@id":"https:\/\/www.sonnenseite.com\/de\/#organization","name":"Sonnenseite","url":"https:\/\/www.sonnenseite.com\/de\/","logo":{"@type":"ImageObject","inLanguage":"de","@id":"https:\/\/www.sonnenseite.com\/de\/#\/schema\/logo\/image\/","url":"https:\/\/www.sonnenseite.com\/wp-content\/uploads\/2020\/05\/Sonnenseite_Logo.png","contentUrl":"https:\/\/www.sonnenseite.com\/wp-content\/uploads\/2020\/05\/Sonnenseite_Logo.png","width":377,"height":90,"caption":"Sonnenseite"},"image":{"@id":"https:\/\/www.sonnenseite.com\/de\/#\/schema\/logo\/image\/"},"sameAs":["https:\/\/www.facebook.com\/pages\/Franz-Alt-SONNENSEITECOM\/221072987903953?fref=ts","https:\/\/x.com\/franzalt","http:\/\/www.youtube.com\/results?search_query&amp;amp;quot;franz_alt&amp;amp;quot;&amp;amp;amp;amp;search_type&amp;amp;amp;amp;aq=f"]},{"@type":"Person","@id":"https:\/\/www.sonnenseite.com\/de\/#\/schema\/person\/50fda0e926597684c7cc6695238a4eb9","name":"Bigi Alt"}]}},"_links":{"self":[{"href":"https:\/\/www.sonnenseite.com\/de\/wp-json\/wp\/v2\/posts\/108015","targetHints":{"allow":["GET"]}}],"collection":[{"href":"https:\/\/www.sonnenseite.com\/de\/wp-json\/wp\/v2\/posts"}],"about":[{"href":"https:\/\/www.sonnenseite.com\/de\/wp-json\/wp\/v2\/types\/post"}],"author":[{"embeddable":true,"href":"https:\/\/www.sonnenseite.com\/de\/wp-json\/wp\/v2\/users\/3"}],"replies":[{"embeddable":true,"href":"https:\/\/www.sonnenseite.com\/de\/wp-json\/wp\/v2\/comments?post=108015"}],"version-history":[{"count":2,"href":"https:\/\/www.sonnenseite.com\/de\/wp-json\/wp\/v2\/posts\/108015\/revisions"}],"predecessor-version":[{"id":108019,"href":"https:\/\/www.sonnenseite.com\/de\/wp-json\/wp\/v2\/posts\/108015\/revisions\/108019"}],"wp:featuredmedia":[{"embeddable":true,"href":"https:\/\/www.sonnenseite.com\/de\/wp-json\/wp\/v2\/media\/12528"}],"wp:attachment":[{"href":"https:\/\/www.sonnenseite.com\/de\/wp-json\/wp\/v2\/media?parent=108015"}],"wp:term":[{"taxonomy":"category","embeddable":true,"href":"https:\/\/www.sonnenseite.com\/de\/wp-json\/wp\/v2\/categories?post=108015"},{"taxonomy":"post_tag","embeddable":true,"href":"https:\/\/www.sonnenseite.com\/de\/wp-json\/wp\/v2\/tags?post=108015"}],"curies":[{"name":"wp","href":"https:\/\/api.w.org\/{rel}","templated":true}]}}