{"id":108269,"date":"2025-07-26T17:45:05","date_gmt":"2025-07-26T15:45:05","guid":{"rendered":"https:\/\/www.sonnenseite.com\/?p=108269"},"modified":"2025-08-13T09:01:42","modified_gmt":"2025-08-13T07:01:42","slug":"vattenfall-chef-die-energiewende-ist-unumkehrbar","status":"publish","type":"post","link":"https:\/\/www.sonnenseite.com\/de\/franz-alt\/kommentare-interviews\/vattenfall-chef-die-energiewende-ist-unumkehrbar\/","title":{"rendered":"Vattenfall-Chef: \u201eDie Energiewende ist unumkehrbar\u201c"},"content":{"rendered":"\n<p>Die gro\u00dfen Energieversorger stellen die neue Wirtschafts- und Energieministerin Katherina Reiche buchst\u00e4blich ins Abseits. <\/p>\n\n\n\n<p>Reiches Energie-Politik sch\u00e4tzt der <a href=\"https:\/\/www.vattenfall.de\">Deutschland-Chef des drittgr\u00f6\u00dften Energiekonzerns Vattenfal<\/a>l, Robert Zurawski, &nbsp;als wirtschaftsfeindlich ein. Er sagt in einem Interview mit der <a href=\"https:\/\/www.sueddeutsche.de\/wirtschaft\/vattenfall-energiewende-strom-interview-zurawski-li.3280732?reduced=true\">S\u00fcddeutschen Zeitung am 21. Juli 2025<\/a>: \u201eDie Energiewende ist mittlerweile unumkehrbar\u201c.<\/p>\n\n\n<div class=\"wp-block-image\">\n<figure class=\"alignleft size-full is-resized\"><a href=\"https:\/\/www.sonnenseite.com\/wp-content\/uploads\/2025\/07\/Robert-Zurawski-Vattenfall.jpg\"><img loading=\"lazy\" decoding=\"async\" width=\"769\" height=\"420\" src=\"https:\/\/www.sonnenseite.com\/wp-content\/uploads\/2025\/07\/Robert-Zurawski-Vattenfall.jpg\" alt=\"\" class=\"wp-image-108272\" style=\"width:366px;height:auto\" srcset=\"https:\/\/www.sonnenseite.com\/wp-content\/uploads\/2025\/07\/Robert-Zurawski-Vattenfall.jpg 769w, https:\/\/www.sonnenseite.com\/wp-content\/uploads\/2025\/07\/Robert-Zurawski-Vattenfall-300x164.jpg 300w\" sizes=\"auto, (max-width: 769px) 100vw, 769px\" \/><\/a><figcaption class=\"wp-element-caption\">Robert Zurawski 2025 &#8211; Vattenfall<\/figcaption><\/figure>\n<\/div>\n\n\n<p>Der Vattenfall-Chef widerspricht Reiche mit ihrem Plan, 20 neue Gaskraftwerke zu bauen. Vattenfall werde nicht in Gaskraftwerke investieren, sondern in erneuerbare Energien: \u201eEigentlich sind wir in Deutschland jetzt der perfekte Stromkonzern. Wir erzeugen Strom aus erneuerbaren Energien, wir haben riesige Pumpspeicher, handeln Energie und sind die Nummer drei beim Stromvertrieb, mit mehr als f\u00fcnf Millionen Kunden. Und wir bauen noch zu.\u201c<\/p>\n\n\n\n<p>Der Vattenfall-Chef an die Adresse von Frau Reiche, die beim Ausbau der Erneuerbaren bremsen will: \u201eEine Delle beim Ausbau der Erneuerbaren k\u00f6nnen wir uns nicht leisten\u2026 Europa bleibt nur wettbewerbsf\u00e4hig, wenn es fossile Energie hinter sich l\u00e4sst. Nicht umgekehrt\u201c.<\/p>\n\n\n\n<p>Der CO<sub>2<\/sub>-Aussto\u00df, so der Vattenfall-Chef, werde im EU-Emissionshandel immer teurer. Beim Gas steigen die Netzkosten, wenn immer weniger Kunden das Verteil-Netz finanzieren. Und schlie\u00dflich setzt der Vattenfall-Chef \u2013 wieder im Gegensatz zu Frau Reiche \u2013 auf die W\u00e4rmepumpe: \u201eBei W\u00e4rmepumpen gibt es in den letzten f\u00fcnf Jahren extrem technische Fortschritte. Wir sind auf gutem Weg.\u201c<\/p>\n\n\n\n<p>Schon vor vielen Jahren haben mir Vattenfall-Manager gestanden, dass sie Milliarden h\u00e4tten sparen k\u00f6nnen, wenn Sie fr\u00fcher meinen Buch-Titel aus dem Jahr 1992 verstanden h\u00e4tten: \u201eDie Sonne schickt uns keine Rechnung\u201c.<\/p>\n\n\n\n<p>\u00c4hnlich argumentiert der Chef der EnBW, wenn auch er inzwischen sagt: &nbsp;\u201eDie Sonne schickt uns tats\u00e4chlich keine Rechnung.\u201c<\/p>\n\n\n\n<p>Die Argumente der Energieversorger richten sich auch gegen Bundeskanzler Merz, der mehrfach behauptet hat, die deutschen zwei Prozent der weltweiten Emissionen seien unerheblich f\u00fcr das Weltklima. Das ist so als w\u00fcrden Steuerhinterzieher argumentieren, auf ihren Beitrag komme es ohnehin nicht an. Es ist unglaublich, dass ein deutscher Bundeskanzler so verantwortungslos argumentiert.<\/p>\n\n\n\n<p>Liebe Frau Reiche und lieber Herr Bundeskanzler: Mit Ihrer fossilen Gas-Politik schaden Sie der deutschen Wirtschaft, Sie treten auf die Bremse. Obwohl Ihre Regierung doch gerade einen \u201eAufschwung\u201c versprochen hat. Sonne und Wind schicken eben doch keine Rechnung. Die alten Energieversorger haben es inzwischen gelernt. Vielleicht verstehen Sie es auch noch. Es w\u00e4re w\u00fcnschenswert und hilfreich. Die solare Energiewende ist tats\u00e4chlich unumkehrbar.<\/p>\n\n\n\n<p>Die Welt erlebt jetzt gerade die solare Weltrevolution, weil die Erneuerbaren unschlagbar preiswert sind &#8211; und umweltfreundlich dazu. Und sie machen uns unabh\u00e4ngig von ausl\u00e4ndischen fossilen Importen.<\/p>\n\n\n\n<p>Die Solarwelt hat in diesen Tagen einen historischen Moment erlebt &nbsp;Was soeben am<a href=\"https:\/\/www.sonnenseite.com\/de\/politik\/igh-gutachten-klimaschutz-verpflichtend-das-ist-kein-wunschzettel-das-ist-internationales-recht\/\"> Internationalen Gerichtshof (IGH)<\/a> geschehen ist, ist revolution\u00e4r. In einem Gutachten erkennt das h\u00f6chste Gericht der Welt an, dass die globale Erderw\u00e4rmung die Menschenrechte verletzt \u2013 und best\u00e4tigt, dass die Staaten den Treibhausgasausstoss st\u00e4rker reduzieren m\u00fcssen.<\/p>\n\n\n\n<p>Eine enorme Quelle der Hoffnung f\u00fcr alle, die seit Jahren f\u00fcr Klimagerechtigkeit k\u00e4mpfen.<\/p>\n\n\n\n<ul class=\"wp-block-list\">\n<li><a href=\"https:\/\/www.nina-scheer.de\/2025\/07\/22\/brief-monitoringprozess-zur-energiewende-moegliche-unvereinbarkeiten-mit-dem-koalitionsvertrag\/\">Brief: Monitoringprozess zur Energiewende \u2013 M\u00f6gliche Unvereinbarkeiten mit dem Koalitionsvertrag<\/a> | Da mein Brief \u201eMonitoringprozess zur Energiewende \u2013 M\u00f6gliche Unvereinbarkeiten mit dem Koalitionsvertrag\u201c an Wirtschafts- und Energieministerin Katherina Reiche inzwischen medial abrufbar ist, habe ich mich aufgrund einiger Nachfragen und der mit dem Brief auch \u00f6ffentlich zu diskutierenden Fragestellungen sowie zur besseren Transparenz entschieden, ihn nun auch meinerseits \u00f6ffentlich verf\u00fcgbar zu stellen: <a href=\"https:\/\/www.nina-scheer.de\/wp-content\/uploads\/sites\/1229\/2025\/07\/2025-07-21-Monitoringbericht_zur_Energiewende_MdB_Scheer_g.pdf\">Brief als PDF<\/a><\/li>\n<\/ul>\n\n\n\n<ul class=\"wp-block-list\">\n<li><a href=\"https:\/\/www.sonnenseite.com\/de\/politik\/warum-energieministerin-reiche-den-ausbau-der-erneuerbaren-ausbremsen-will\/\">Sven Giegold &#8222;Warum Energieministerin Reiche den Ausbau der Erneuerbaren ausbremsen will&#8220;<\/a><\/li>\n\n\n\n<li><a href=\"https:\/\/www.sonnenseite.com\/de\/politik\/wirtschaftsministerin-reiche-will-wie-bereits-2012-die-wirtschaft-der-erneuerbaren-energien-erneut-unwirtschaftlich-machen\/\">Hans-Josef Fell: &#8222;Wirtschaftsministerin Reiche will Erneuerbaren Energien unwirtschaftlich machen&#8220;<\/a><\/li>\n<\/ul>\n\n\n<h5 class=\"green\">Quelle<\/h5>\r\n\n\n\n<p><a href=\"mailto:franzalt@sonnenseite.com\">Franz Alt 2025<\/a><\/p>\n<div class=\"shariff shariff-align-flex-start shariff-widget-align-flex-start\"><div class=\"ShariffHeadline\">Diese Meldung teilen<\/div><ul class=\"shariff-buttons theme-round orientation-horizontal buttonsize-medium\"><li class=\"shariff-button facebook shariff-nocustomcolor\" style=\"background-color:#4273c8;border-radius:1%\"><a href=\"https:\/\/www.facebook.com\/sharer\/sharer.php?u=https%3A%2F%2Fwww.sonnenseite.com%2Fde%2Ffranz-alt%2Fkommentare-interviews%2Fvattenfall-chef-die-energiewende-ist-unumkehrbar%2F\" title=\"Bei Facebook teilen\" aria-label=\"Bei Facebook teilen\" role=\"button\" rel=\"nofollow\" class=\"shariff-link\" style=\";border-radius:1%; background-color:#3b5998; color:#fff\" target=\"_blank\"><span class=\"shariff-icon\" style=\"\"><svg width=\"32px\" height=\"20px\" xmlns=\"http:\/\/www.w3.org\/2000\/svg\" viewBox=\"0 0 18 32\"><path fill=\"#3b5998\" d=\"M17.1 0.2v4.7h-2.8q-1.5 0-2.1 0.6t-0.5 1.9v3.4h5.2l-0.7 5.3h-4.5v13.6h-5.5v-13.6h-4.5v-5.3h4.5v-3.9q0-3.3 1.9-5.2t5-1.8q2.6 0 4.1 0.2z\"\/><\/svg><\/span><\/a><\/li><li class=\"shariff-button twitter shariff-nocustomcolor\" style=\"background-color:#595959;border-radius:1%\"><a href=\"https:\/\/twitter.com\/share?url=https%3A%2F%2Fwww.sonnenseite.com%2Fde%2Ffranz-alt%2Fkommentare-interviews%2Fvattenfall-chef-die-energiewende-ist-unumkehrbar%2F&text=Vattenfall-Chef%3A%20%E2%80%9EDie%20Energiewende%20ist%20unumkehrbar%E2%80%9C\" title=\"Bei X teilen\" aria-label=\"Bei X teilen\" role=\"button\" rel=\"noopener nofollow\" class=\"shariff-link\" style=\";border-radius:1%; background-color:#000; color:#fff\" target=\"_blank\"><span class=\"shariff-icon\" style=\"\"><svg width=\"32px\" height=\"20px\" xmlns=\"http:\/\/www.w3.org\/2000\/svg\" viewBox=\"0 0 24 24\"><path fill=\"#000\" d=\"M14.258 10.152L23.176 0h-2.113l-7.747 8.813L7.133 0H0l9.352 13.328L0 23.973h2.113l8.176-9.309 6.531 9.309h7.133zm-2.895 3.293l-.949-1.328L2.875 1.56h3.246l6.086 8.523.945 1.328 7.91 11.078h-3.246zm0 0\"\/><\/svg><\/span><\/a><\/li><li class=\"shariff-button xing shariff-nocustomcolor\" style=\"background-color:#29888a;border-radius:1%\"><a href=\"https:\/\/www.xing.com\/spi\/shares\/new?url=https%3A%2F%2Fwww.sonnenseite.com%2Fde%2Ffranz-alt%2Fkommentare-interviews%2Fvattenfall-chef-die-energiewende-ist-unumkehrbar%2F\" title=\"Bei XING teilen\" aria-label=\"Bei XING teilen\" role=\"button\" rel=\"noopener nofollow\" class=\"shariff-link\" style=\";border-radius:1%; background-color:#126567; color:#fff\" target=\"_blank\"><span class=\"shariff-icon\" style=\"\"><svg width=\"32px\" height=\"20px\" xmlns=\"http:\/\/www.w3.org\/2000\/svg\" viewBox=\"0 0 25 32\"><path fill=\"#126567\" d=\"M10.7 11.9q-0.2 0.3-4.6 8.2-0.5 0.8-1.2 0.8h-4.3q-0.4 0-0.5-0.3t0-0.6l4.5-8q0 0 0 0l-2.9-5q-0.2-0.4 0-0.7 0.2-0.3 0.5-0.3h4.3q0.7 0 1.2 0.8zM25.1 0.4q0.2 0.3 0 0.7l-9.4 16.7 6 11q0.2 0.4 0 0.6-0.2 0.3-0.6 0.3h-4.3q-0.7 0-1.2-0.8l-6-11.1q0.3-0.6 9.5-16.8 0.4-0.8 1.2-0.8h4.3q0.4 0 0.5 0.3z\"\/><\/svg><\/span><\/a><\/li><li class=\"shariff-button linkedin shariff-nocustomcolor\" style=\"background-color:#1488bf;border-radius:1%\"><a href=\"https:\/\/www.linkedin.com\/sharing\/share-offsite\/?url=https%3A%2F%2Fwww.sonnenseite.com%2Fde%2Ffranz-alt%2Fkommentare-interviews%2Fvattenfall-chef-die-energiewende-ist-unumkehrbar%2F\" title=\"Bei LinkedIn teilen\" aria-label=\"Bei LinkedIn teilen\" role=\"button\" rel=\"noopener nofollow\" class=\"shariff-link\" style=\";border-radius:1%; background-color:#0077b5; color:#fff\" target=\"_blank\"><span class=\"shariff-icon\" style=\"\"><svg width=\"32px\" height=\"20px\" xmlns=\"http:\/\/www.w3.org\/2000\/svg\" viewBox=\"0 0 27 32\"><path fill=\"#0077b5\" d=\"M6.2 11.2v17.7h-5.9v-17.7h5.9zM6.6 5.7q0 1.3-0.9 2.2t-2.4 0.9h0q-1.5 0-2.4-0.9t-0.9-2.2 0.9-2.2 2.4-0.9 2.4 0.9 0.9 2.2zM27.4 18.7v10.1h-5.9v-9.5q0-1.9-0.7-2.9t-2.3-1.1q-1.1 0-1.9 0.6t-1.2 1.5q-0.2 0.5-0.2 1.4v9.9h-5.9q0-7.1 0-11.6t0-5.3l0-0.9h5.9v2.6h0q0.4-0.6 0.7-1t1-0.9 1.6-0.8 2-0.3q3 0 4.9 2t1.9 6z\"\/><\/svg><\/span><\/a><\/li><li class=\"shariff-button printer shariff-nocustomcolor\" style=\"background-color:#a8a8a8;border-radius:1%\"><a href=\"javascript:window.print()\" title=\"drucken\" aria-label=\"drucken\" role=\"button\" rel=\"noopener nofollow\" class=\"shariff-link\" style=\";border-radius:1%; background-color:#999; color:#fff\"><span class=\"shariff-icon\" style=\"\"><svg width=\"32px\" height=\"20px\" xmlns=\"http:\/\/www.w3.org\/2000\/svg\" viewBox=\"0 0 30 32\"><path fill=\"#999\" d=\"M6.8 27.4h16v-4.6h-16v4.6zM6.8 16h16v-6.8h-2.8q-0.7 0-1.2-0.5t-0.5-1.2v-2.8h-11.4v11.4zM27.4 17.2q0-0.5-0.3-0.8t-0.8-0.4-0.8 0.4-0.3 0.8 0.3 0.8 0.8 0.3 0.8-0.3 0.3-0.8zM29.7 17.2v7.4q0 0.2-0.2 0.4t-0.4 0.2h-4v2.8q0 0.7-0.5 1.2t-1.2 0.5h-17.2q-0.7 0-1.2-0.5t-0.5-1.2v-2.8h-4q-0.2 0-0.4-0.2t-0.2-0.4v-7.4q0-1.4 1-2.4t2.4-1h1.2v-9.7q0-0.7 0.5-1.2t1.2-0.5h12q0.7 0 1.6 0.4t1.3 0.8l2.7 2.7q0.5 0.5 0.9 1.4t0.4 1.6v4.6h1.1q1.4 0 2.4 1t1 2.4z\"\/><\/svg><\/span><\/a><\/li><li class=\"shariff-button mailto shariff-nocustomcolor\" style=\"background-color:#a8a8a8;border-radius:1%\"><a href=\"mailto:?body=https%3A%2F%2Fwww.sonnenseite.com%2Fde%2Ffranz-alt%2Fkommentare-interviews%2Fvattenfall-chef-die-energiewende-ist-unumkehrbar%2F&subject=Vattenfall-Chef%3A%20%E2%80%9EDie%20Energiewende%20ist%20unumkehrbar%E2%80%9C\" title=\"Per E-Mail versenden\" aria-label=\"Per E-Mail versenden\" role=\"button\" rel=\"noopener nofollow\" class=\"shariff-link\" style=\";border-radius:1%; background-color:#999; color:#fff\"><span class=\"shariff-icon\" style=\"\"><svg width=\"32px\" height=\"20px\" xmlns=\"http:\/\/www.w3.org\/2000\/svg\" viewBox=\"0 0 32 32\"><path fill=\"#999\" d=\"M32 12.7v14.2q0 1.2-0.8 2t-2 0.9h-26.3q-1.2 0-2-0.9t-0.8-2v-14.2q0.8 0.9 1.8 1.6 6.5 4.4 8.9 6.1 1 0.8 1.6 1.2t1.7 0.9 2 0.4h0.1q0.9 0 2-0.4t1.7-0.9 1.6-1.2q3-2.2 8.9-6.1 1-0.7 1.8-1.6zM32 7.4q0 1.4-0.9 2.7t-2.2 2.2q-6.7 4.7-8.4 5.8-0.2 0.1-0.7 0.5t-1 0.7-0.9 0.6-1.1 0.5-0.9 0.2h-0.1q-0.4 0-0.9-0.2t-1.1-0.5-0.9-0.6-1-0.7-0.7-0.5q-1.6-1.1-4.7-3.2t-3.6-2.6q-1.1-0.7-2.1-2t-1-2.5q0-1.4 0.7-2.3t2.1-0.9h26.3q1.2 0 2 0.8t0.9 2z\"\/><\/svg><\/span><\/a><\/li><\/ul><\/div>","protected":false},"excerpt":{"rendered":"<p>Die gro\u00dfen Energieversorger stellen die neue Wirtschafts- und Energieministerin Katherina Reiche buchst\u00e4blich ins Abseits. Reiches Energie-Politik [&hellip;]<\/p>\n","protected":false},"author":3,"featured_media":16918,"comment_status":"closed","ping_status":"closed","sticky":false,"template":"","format":"standard","meta":{"inline_featured_image":false,"footnotes":""},"categories":[29],"tags":[],"class_list":["post-108269","post","type-post","status-publish","format-standard","has-post-thumbnail","hentry","category-kommentare-interviews"],"yoast_head":"<!-- This site is optimized with the Yoast SEO plugin v26.5 - https:\/\/yoast.com\/wordpress\/plugins\/seo\/ -->\n<title>Vattenfall-Chef: \u201eDie Energiewende ist unumkehrbar\u201c - Sonnenseite - \u00d6kologische Kommunikation mit Franz Alt<\/title>\n<meta name=\"description\" content=\"Die gro\u00dfen Energieversorger stellen die neue Wirtschafts- und Energieministerin Katherina Reiche buchst\u00e4blich ins Abseits. Reiches Energie-Politik sch\u00e4tzt\" \/>\n<meta name=\"robots\" content=\"index, follow, max-snippet:-1, max-image-preview:large, max-video-preview:-1\" \/>\n<link rel=\"canonical\" href=\"https:\/\/www.sonnenseite.com\/de\/franz-alt\/kommentare-interviews\/vattenfall-chef-die-energiewende-ist-unumkehrbar\/\" \/>\n<meta property=\"og:locale\" content=\"de_DE\" \/>\n<meta property=\"og:type\" content=\"article\" \/>\n<meta property=\"og:title\" content=\"Vattenfall-Chef: \u201eDie Energiewende ist unumkehrbar\u201c - Sonnenseite - \u00d6kologische Kommunikation mit Franz Alt\" \/>\n<meta property=\"og:description\" content=\"Die gro\u00dfen Energieversorger stellen die neue Wirtschafts- und Energieministerin Katherina Reiche buchst\u00e4blich ins Abseits. Reiches Energie-Politik sch\u00e4tzt\" \/>\n<meta property=\"og:url\" content=\"https:\/\/www.sonnenseite.com\/de\/franz-alt\/kommentare-interviews\/vattenfall-chef-die-energiewende-ist-unumkehrbar\/\" \/>\n<meta property=\"og:site_name\" content=\"Sonnenseite\" \/>\n<meta property=\"article:publisher\" content=\"https:\/\/www.facebook.com\/pages\/Franz-Alt-SONNENSEITECOM\/221072987903953?fref=ts\" \/>\n<meta property=\"article:published_time\" content=\"2025-07-26T15:45:05+00:00\" \/>\n<meta property=\"article:modified_time\" content=\"2025-08-13T07:01:42+00:00\" \/>\n<meta property=\"og:image\" content=\"https:\/\/www.sonnenseite.com\/wp-content\/uploads\/2019\/07\/Energiewende_VRD.jpg\" \/>\n\t<meta property=\"og:image:width\" content=\"770\" \/>\n\t<meta property=\"og:image:height\" content=\"420\" \/>\n\t<meta property=\"og:image:type\" content=\"image\/jpeg\" \/>\n<meta name=\"author\" content=\"Bigi Alt\" \/>\n<meta name=\"twitter:card\" content=\"summary_large_image\" \/>\n<meta name=\"twitter:creator\" content=\"@franzalt\" \/>\n<meta name=\"twitter:site\" content=\"@franzalt\" \/>\n<meta name=\"twitter:label1\" content=\"Verfasst von\" \/>\n\t<meta name=\"twitter:data1\" content=\"Bigi Alt\" \/>\n\t<meta name=\"twitter:label2\" content=\"Gesch\u00e4tzte Lesezeit\" \/>\n\t<meta name=\"twitter:data2\" content=\"4\u00a0Minuten\" \/>\n<script type=\"application\/ld+json\" class=\"yoast-schema-graph\">{\"@context\":\"https:\/\/schema.org\",\"@graph\":[{\"@type\":\"Article\",\"@id\":\"https:\/\/www.sonnenseite.com\/de\/franz-alt\/kommentare-interviews\/vattenfall-chef-die-energiewende-ist-unumkehrbar\/#article\",\"isPartOf\":{\"@id\":\"https:\/\/www.sonnenseite.com\/de\/franz-alt\/kommentare-interviews\/vattenfall-chef-die-energiewende-ist-unumkehrbar\/\"},\"author\":{\"name\":\"Bigi Alt\",\"@id\":\"https:\/\/www.sonnenseite.com\/de\/#\/schema\/person\/50fda0e926597684c7cc6695238a4eb9\"},\"headline\":\"Vattenfall-Chef: \u201eDie Energiewende ist unumkehrbar\u201c\",\"datePublished\":\"2025-07-26T15:45:05+00:00\",\"dateModified\":\"2025-08-13T07:01:42+00:00\",\"mainEntityOfPage\":{\"@id\":\"https:\/\/www.sonnenseite.com\/de\/franz-alt\/kommentare-interviews\/vattenfall-chef-die-energiewende-ist-unumkehrbar\/\"},\"wordCount\":578,\"publisher\":{\"@id\":\"https:\/\/www.sonnenseite.com\/de\/#organization\"},\"image\":{\"@id\":\"https:\/\/www.sonnenseite.com\/de\/franz-alt\/kommentare-interviews\/vattenfall-chef-die-energiewende-ist-unumkehrbar\/#primaryimage\"},\"thumbnailUrl\":\"https:\/\/www.sonnenseite.com\/wp-content\/uploads\/2019\/07\/Energiewende_VRD.jpg\",\"articleSection\":[\"Kommentare &amp; Interviews\"],\"inLanguage\":\"de\"},{\"@type\":\"WebPage\",\"@id\":\"https:\/\/www.sonnenseite.com\/de\/franz-alt\/kommentare-interviews\/vattenfall-chef-die-energiewende-ist-unumkehrbar\/\",\"url\":\"https:\/\/www.sonnenseite.com\/de\/franz-alt\/kommentare-interviews\/vattenfall-chef-die-energiewende-ist-unumkehrbar\/\",\"name\":\"Vattenfall-Chef: \u201eDie Energiewende ist unumkehrbar\u201c - Sonnenseite - \u00d6kologische Kommunikation mit Franz Alt\",\"isPartOf\":{\"@id\":\"https:\/\/www.sonnenseite.com\/de\/#website\"},\"primaryImageOfPage\":{\"@id\":\"https:\/\/www.sonnenseite.com\/de\/franz-alt\/kommentare-interviews\/vattenfall-chef-die-energiewende-ist-unumkehrbar\/#primaryimage\"},\"image\":{\"@id\":\"https:\/\/www.sonnenseite.com\/de\/franz-alt\/kommentare-interviews\/vattenfall-chef-die-energiewende-ist-unumkehrbar\/#primaryimage\"},\"thumbnailUrl\":\"https:\/\/www.sonnenseite.com\/wp-content\/uploads\/2019\/07\/Energiewende_VRD.jpg\",\"datePublished\":\"2025-07-26T15:45:05+00:00\",\"dateModified\":\"2025-08-13T07:01:42+00:00\",\"description\":\"Die gro\u00dfen Energieversorger stellen die neue Wirtschafts- und Energieministerin Katherina Reiche buchst\u00e4blich ins Abseits. Reiches Energie-Politik sch\u00e4tzt\",\"breadcrumb\":{\"@id\":\"https:\/\/www.sonnenseite.com\/de\/franz-alt\/kommentare-interviews\/vattenfall-chef-die-energiewende-ist-unumkehrbar\/#breadcrumb\"},\"inLanguage\":\"de\",\"potentialAction\":[{\"@type\":\"ReadAction\",\"target\":[\"https:\/\/www.sonnenseite.com\/de\/franz-alt\/kommentare-interviews\/vattenfall-chef-die-energiewende-ist-unumkehrbar\/\"]}]},{\"@type\":\"ImageObject\",\"inLanguage\":\"de\",\"@id\":\"https:\/\/www.sonnenseite.com\/de\/franz-alt\/kommentare-interviews\/vattenfall-chef-die-energiewende-ist-unumkehrbar\/#primaryimage\",\"url\":\"https:\/\/www.sonnenseite.com\/wp-content\/uploads\/2019\/07\/Energiewende_VRD.jpg\",\"contentUrl\":\"https:\/\/www.sonnenseite.com\/wp-content\/uploads\/2019\/07\/Energiewende_VRD.jpg\",\"width\":770,\"height\":420,\"caption\":\"Fotolia.com | VRD | Vorschlag von Energieministerin Katherina Reiche: Erneuerbare Energien sollen k\u00fcnftig f\u00fcr den Ausbau der Stromnetze zahlen \u2013 w\u00e4hrend Kohle und Gas das Netz weiterhin kostenlos nutzen d\u00fcrfen.\"},{\"@type\":\"BreadcrumbList\",\"@id\":\"https:\/\/www.sonnenseite.com\/de\/franz-alt\/kommentare-interviews\/vattenfall-chef-die-energiewende-ist-unumkehrbar\/#breadcrumb\",\"itemListElement\":[{\"@type\":\"ListItem\",\"position\":1,\"name\":\"Startseite\",\"item\":\"https:\/\/www.sonnenseite.com\/de\/\"},{\"@type\":\"ListItem\",\"position\":2,\"name\":\"Vattenfall-Chef: \u201eDie Energiewende ist unumkehrbar\u201c\"}]},{\"@type\":\"WebSite\",\"@id\":\"https:\/\/www.sonnenseite.com\/de\/#website\",\"url\":\"https:\/\/www.sonnenseite.com\/de\/\",\"name\":\"Sonnenseite\",\"description\":\"\u00d6kologische Kommunikation mit Franz Alt\",\"publisher\":{\"@id\":\"https:\/\/www.sonnenseite.com\/de\/#organization\"},\"potentialAction\":[{\"@type\":\"SearchAction\",\"target\":{\"@type\":\"EntryPoint\",\"urlTemplate\":\"https:\/\/www.sonnenseite.com\/de\/?s={search_term_string}\"},\"query-input\":{\"@type\":\"PropertyValueSpecification\",\"valueRequired\":true,\"valueName\":\"search_term_string\"}}],\"inLanguage\":\"de\"},{\"@type\":\"Organization\",\"@id\":\"https:\/\/www.sonnenseite.com\/de\/#organization\",\"name\":\"Sonnenseite\",\"url\":\"https:\/\/www.sonnenseite.com\/de\/\",\"logo\":{\"@type\":\"ImageObject\",\"inLanguage\":\"de\",\"@id\":\"https:\/\/www.sonnenseite.com\/de\/#\/schema\/logo\/image\/\",\"url\":\"https:\/\/www.sonnenseite.com\/wp-content\/uploads\/2020\/05\/Sonnenseite_Logo.png\",\"contentUrl\":\"https:\/\/www.sonnenseite.com\/wp-content\/uploads\/2020\/05\/Sonnenseite_Logo.png\",\"width\":377,\"height\":90,\"caption\":\"Sonnenseite\"},\"image\":{\"@id\":\"https:\/\/www.sonnenseite.com\/de\/#\/schema\/logo\/image\/\"},\"sameAs\":[\"https:\/\/www.facebook.com\/pages\/Franz-Alt-SONNENSEITECOM\/221072987903953?fref=ts\",\"https:\/\/x.com\/franzalt\",\"http:\/\/www.youtube.com\/results?search_query&amp;amp;quot;franz_alt&amp;amp;quot;&amp;amp;amp;amp;search_type&amp;amp;amp;amp;aq=f\"]},{\"@type\":\"Person\",\"@id\":\"https:\/\/www.sonnenseite.com\/de\/#\/schema\/person\/50fda0e926597684c7cc6695238a4eb9\",\"name\":\"Bigi Alt\"}]}<\/script>\n<!-- \/ Yoast SEO plugin. -->","yoast_head_json":{"title":"Vattenfall-Chef: \u201eDie Energiewende ist unumkehrbar\u201c - Sonnenseite - \u00d6kologische Kommunikation mit Franz Alt","description":"Die gro\u00dfen Energieversorger stellen die neue Wirtschafts- und Energieministerin Katherina Reiche buchst\u00e4blich ins Abseits. Reiches Energie-Politik sch\u00e4tzt","robots":{"index":"index","follow":"follow","max-snippet":"max-snippet:-1","max-image-preview":"max-image-preview:large","max-video-preview":"max-video-preview:-1"},"canonical":"https:\/\/www.sonnenseite.com\/de\/franz-alt\/kommentare-interviews\/vattenfall-chef-die-energiewende-ist-unumkehrbar\/","og_locale":"de_DE","og_type":"article","og_title":"Vattenfall-Chef: \u201eDie Energiewende ist unumkehrbar\u201c - Sonnenseite - \u00d6kologische Kommunikation mit Franz Alt","og_description":"Die gro\u00dfen Energieversorger stellen die neue Wirtschafts- und Energieministerin Katherina Reiche buchst\u00e4blich ins Abseits. Reiches Energie-Politik sch\u00e4tzt","og_url":"https:\/\/www.sonnenseite.com\/de\/franz-alt\/kommentare-interviews\/vattenfall-chef-die-energiewende-ist-unumkehrbar\/","og_site_name":"Sonnenseite","article_publisher":"https:\/\/www.facebook.com\/pages\/Franz-Alt-SONNENSEITECOM\/221072987903953?fref=ts","article_published_time":"2025-07-26T15:45:05+00:00","article_modified_time":"2025-08-13T07:01:42+00:00","og_image":[{"width":770,"height":420,"url":"https:\/\/www.sonnenseite.com\/wp-content\/uploads\/2019\/07\/Energiewende_VRD.jpg","type":"image\/jpeg"}],"author":"Bigi Alt","twitter_card":"summary_large_image","twitter_creator":"@franzalt","twitter_site":"@franzalt","twitter_misc":{"Verfasst von":"Bigi Alt","Gesch\u00e4tzte Lesezeit":"4\u00a0Minuten"},"schema":{"@context":"https:\/\/schema.org","@graph":[{"@type":"Article","@id":"https:\/\/www.sonnenseite.com\/de\/franz-alt\/kommentare-interviews\/vattenfall-chef-die-energiewende-ist-unumkehrbar\/#article","isPartOf":{"@id":"https:\/\/www.sonnenseite.com\/de\/franz-alt\/kommentare-interviews\/vattenfall-chef-die-energiewende-ist-unumkehrbar\/"},"author":{"name":"Bigi Alt","@id":"https:\/\/www.sonnenseite.com\/de\/#\/schema\/person\/50fda0e926597684c7cc6695238a4eb9"},"headline":"Vattenfall-Chef: \u201eDie Energiewende ist unumkehrbar\u201c","datePublished":"2025-07-26T15:45:05+00:00","dateModified":"2025-08-13T07:01:42+00:00","mainEntityOfPage":{"@id":"https:\/\/www.sonnenseite.com\/de\/franz-alt\/kommentare-interviews\/vattenfall-chef-die-energiewende-ist-unumkehrbar\/"},"wordCount":578,"publisher":{"@id":"https:\/\/www.sonnenseite.com\/de\/#organization"},"image":{"@id":"https:\/\/www.sonnenseite.com\/de\/franz-alt\/kommentare-interviews\/vattenfall-chef-die-energiewende-ist-unumkehrbar\/#primaryimage"},"thumbnailUrl":"https:\/\/www.sonnenseite.com\/wp-content\/uploads\/2019\/07\/Energiewende_VRD.jpg","articleSection":["Kommentare &amp; Interviews"],"inLanguage":"de"},{"@type":"WebPage","@id":"https:\/\/www.sonnenseite.com\/de\/franz-alt\/kommentare-interviews\/vattenfall-chef-die-energiewende-ist-unumkehrbar\/","url":"https:\/\/www.sonnenseite.com\/de\/franz-alt\/kommentare-interviews\/vattenfall-chef-die-energiewende-ist-unumkehrbar\/","name":"Vattenfall-Chef: \u201eDie Energiewende ist unumkehrbar\u201c - Sonnenseite - \u00d6kologische Kommunikation mit Franz Alt","isPartOf":{"@id":"https:\/\/www.sonnenseite.com\/de\/#website"},"primaryImageOfPage":{"@id":"https:\/\/www.sonnenseite.com\/de\/franz-alt\/kommentare-interviews\/vattenfall-chef-die-energiewende-ist-unumkehrbar\/#primaryimage"},"image":{"@id":"https:\/\/www.sonnenseite.com\/de\/franz-alt\/kommentare-interviews\/vattenfall-chef-die-energiewende-ist-unumkehrbar\/#primaryimage"},"thumbnailUrl":"https:\/\/www.sonnenseite.com\/wp-content\/uploads\/2019\/07\/Energiewende_VRD.jpg","datePublished":"2025-07-26T15:45:05+00:00","dateModified":"2025-08-13T07:01:42+00:00","description":"Die gro\u00dfen Energieversorger stellen die neue Wirtschafts- und Energieministerin Katherina Reiche buchst\u00e4blich ins Abseits. Reiches Energie-Politik sch\u00e4tzt","breadcrumb":{"@id":"https:\/\/www.sonnenseite.com\/de\/franz-alt\/kommentare-interviews\/vattenfall-chef-die-energiewende-ist-unumkehrbar\/#breadcrumb"},"inLanguage":"de","potentialAction":[{"@type":"ReadAction","target":["https:\/\/www.sonnenseite.com\/de\/franz-alt\/kommentare-interviews\/vattenfall-chef-die-energiewende-ist-unumkehrbar\/"]}]},{"@type":"ImageObject","inLanguage":"de","@id":"https:\/\/www.sonnenseite.com\/de\/franz-alt\/kommentare-interviews\/vattenfall-chef-die-energiewende-ist-unumkehrbar\/#primaryimage","url":"https:\/\/www.sonnenseite.com\/wp-content\/uploads\/2019\/07\/Energiewende_VRD.jpg","contentUrl":"https:\/\/www.sonnenseite.com\/wp-content\/uploads\/2019\/07\/Energiewende_VRD.jpg","width":770,"height":420,"caption":"Fotolia.com | VRD | Vorschlag von Energieministerin Katherina Reiche: Erneuerbare Energien sollen k\u00fcnftig f\u00fcr den Ausbau der Stromnetze zahlen \u2013 w\u00e4hrend Kohle und Gas das Netz weiterhin kostenlos nutzen d\u00fcrfen."},{"@type":"BreadcrumbList","@id":"https:\/\/www.sonnenseite.com\/de\/franz-alt\/kommentare-interviews\/vattenfall-chef-die-energiewende-ist-unumkehrbar\/#breadcrumb","itemListElement":[{"@type":"ListItem","position":1,"name":"Startseite","item":"https:\/\/www.sonnenseite.com\/de\/"},{"@type":"ListItem","position":2,"name":"Vattenfall-Chef: \u201eDie Energiewende ist unumkehrbar\u201c"}]},{"@type":"WebSite","@id":"https:\/\/www.sonnenseite.com\/de\/#website","url":"https:\/\/www.sonnenseite.com\/de\/","name":"Sonnenseite","description":"\u00d6kologische Kommunikation mit Franz Alt","publisher":{"@id":"https:\/\/www.sonnenseite.com\/de\/#organization"},"potentialAction":[{"@type":"SearchAction","target":{"@type":"EntryPoint","urlTemplate":"https:\/\/www.sonnenseite.com\/de\/?s={search_term_string}"},"query-input":{"@type":"PropertyValueSpecification","valueRequired":true,"valueName":"search_term_string"}}],"inLanguage":"de"},{"@type":"Organization","@id":"https:\/\/www.sonnenseite.com\/de\/#organization","name":"Sonnenseite","url":"https:\/\/www.sonnenseite.com\/de\/","logo":{"@type":"ImageObject","inLanguage":"de","@id":"https:\/\/www.sonnenseite.com\/de\/#\/schema\/logo\/image\/","url":"https:\/\/www.sonnenseite.com\/wp-content\/uploads\/2020\/05\/Sonnenseite_Logo.png","contentUrl":"https:\/\/www.sonnenseite.com\/wp-content\/uploads\/2020\/05\/Sonnenseite_Logo.png","width":377,"height":90,"caption":"Sonnenseite"},"image":{"@id":"https:\/\/www.sonnenseite.com\/de\/#\/schema\/logo\/image\/"},"sameAs":["https:\/\/www.facebook.com\/pages\/Franz-Alt-SONNENSEITECOM\/221072987903953?fref=ts","https:\/\/x.com\/franzalt","http:\/\/www.youtube.com\/results?search_query&amp;amp;quot;franz_alt&amp;amp;quot;&amp;amp;amp;amp;search_type&amp;amp;amp;amp;aq=f"]},{"@type":"Person","@id":"https:\/\/www.sonnenseite.com\/de\/#\/schema\/person\/50fda0e926597684c7cc6695238a4eb9","name":"Bigi Alt"}]}},"_links":{"self":[{"href":"https:\/\/www.sonnenseite.com\/de\/wp-json\/wp\/v2\/posts\/108269","targetHints":{"allow":["GET"]}}],"collection":[{"href":"https:\/\/www.sonnenseite.com\/de\/wp-json\/wp\/v2\/posts"}],"about":[{"href":"https:\/\/www.sonnenseite.com\/de\/wp-json\/wp\/v2\/types\/post"}],"author":[{"embeddable":true,"href":"https:\/\/www.sonnenseite.com\/de\/wp-json\/wp\/v2\/users\/3"}],"replies":[{"embeddable":true,"href":"https:\/\/www.sonnenseite.com\/de\/wp-json\/wp\/v2\/comments?post=108269"}],"version-history":[{"count":8,"href":"https:\/\/www.sonnenseite.com\/de\/wp-json\/wp\/v2\/posts\/108269\/revisions"}],"predecessor-version":[{"id":108419,"href":"https:\/\/www.sonnenseite.com\/de\/wp-json\/wp\/v2\/posts\/108269\/revisions\/108419"}],"wp:featuredmedia":[{"embeddable":true,"href":"https:\/\/www.sonnenseite.com\/de\/wp-json\/wp\/v2\/media\/16918"}],"wp:attachment":[{"href":"https:\/\/www.sonnenseite.com\/de\/wp-json\/wp\/v2\/media?parent=108269"}],"wp:term":[{"taxonomy":"category","embeddable":true,"href":"https:\/\/www.sonnenseite.com\/de\/wp-json\/wp\/v2\/categories?post=108269"},{"taxonomy":"post_tag","embeddable":true,"href":"https:\/\/www.sonnenseite.com\/de\/wp-json\/wp\/v2\/tags?post=108269"}],"curies":[{"name":"wp","href":"https:\/\/api.w.org\/{rel}","templated":true}]}}