{"id":108677,"date":"2025-08-08T10:05:04","date_gmt":"2025-08-08T08:05:04","guid":{"rendered":"https:\/\/www.sonnenseite.com\/?p=108677"},"modified":"2025-08-08T10:05:05","modified_gmt":"2025-08-08T08:05:05","slug":"am-kipppunkt-wo-das-klima-zu-kollabieren-droht-und-wie-wir-uns-noch-retten-koennen","status":"publish","type":"post","link":"https:\/\/www.sonnenseite.com\/de\/umwelt\/am-kipppunkt-wo-das-klima-zu-kollabieren-droht-und-wie-wir-uns-noch-retten-koennen\/","title":{"rendered":"Am Kipppunkt: Wo das Klima zu kollabieren droht \u2013 und wie wir uns noch retten k\u00f6nnen"},"content":{"rendered":"\n<p>Kipppunkte sind pl\u00f6tzliche Ereignisse, bei denen sich kontinuierliche Entwicklungen \u2013 zum Beispiel das langsame Ansteigen der irdischen Temperatur \u2013 in rasanter Geschwindigkeit in ganz neue, f\u00fcr die menschliche Zivilisation nicht mehr tragbare Klimazust\u00e4nde verwandeln k\u00f6nnen.<\/p>\n\n\n\n<p>Solche seit vielen Jahrzehnten bekannten Kipppunkte im Klimasystem der Erde sind hochgef\u00e4hrlich \u2013 und n\u00e4her, als viele glauben.<\/p>\n\n\n<div class=\"wp-block-image\">\n<figure class=\"alignright size-full is-resized\"><a href=\"https:\/\/www.sonnenseite.com\/wp-content\/uploads\/2025\/08\/Brackel_Staud_AmKipppunkt.jpg\"><img loading=\"lazy\" decoding=\"async\" width=\"400\" height=\"630\" src=\"https:\/\/www.sonnenseite.com\/wp-content\/uploads\/2025\/08\/Brackel_Staud_AmKipppunkt.jpg\" alt=\"\" class=\"wp-image-108678\" style=\"width:255px;height:auto\" srcset=\"https:\/\/www.sonnenseite.com\/wp-content\/uploads\/2025\/08\/Brackel_Staud_AmKipppunkt.jpg 400w, https:\/\/www.sonnenseite.com\/wp-content\/uploads\/2025\/08\/Brackel_Staud_AmKipppunkt-190x300.jpg 190w\" sizes=\"auto, (max-width: 400px) 100vw, 400px\" \/><\/a><\/figure>\n<\/div>\n\n\n<p>Doch Kipppunkte gibt es nicht nur im Klimasystem der Erde, sondern zum Beispiel auch im Bereich der Wirtschaft. Ein Beispiel ist die abrupte Abl\u00f6sung der Pferdefuhrwerke als Transportmittel durch Autos, die in den USA kurz nach 1900 nur etwa ein Jahrzehnt dauerte und damals kaum jemand vorhergesehen hatte.<\/p>\n\n\n\n<p>Benjamin von Brackel und Toralf Staud, zwei seit Jahrzehnten im Klimaschutz aktive Autoren und <em>Spiegel<\/em>-Bestseller-Autoren, haben dazu k\u00fcrzlich ein neues Buch ver\u00f6ffentlicht: <a href=\"https:\/\/www.kiwi-verlag.de\/buch\/neuheiten?utm_source=google&amp;utm_medium=paid.search&amp;utm_campaign=always-on&amp;gad_source=1&amp;gad_campaignid=20973712947&amp;gclid=CjwKCAjwwNbEBhBpEiwAFYLtGAOBQ32MGatotROrFR5yydUzwU50e05XkTbdAf_5y01xI-TJgbz_PxoCOyYQAvD_BwE\"><strong>\u201eAm Kipppunkt \u2013 Wo das Klima zu kollabieren droht \u2013 und wie wir uns noch retten k\u00f6nnen\u201c<\/strong>, erschienen im Verlag Kiepenheuer &amp; Witsch.<\/a><\/p>\n\n\n\n<p>Ein spannend geschriebenes Buch, das Hintergr\u00fcnde, historische und neueste wissenschaftliche Erkenntnisse mit zahlreichen authentischen Erz\u00e4hlungen von Klimaforscher:innen und Klimaschutz-Aktivist:innen verbindet.<\/p>\n\n\n\n<h4 class=\"wp-block-heading\">Negative Kipppunkte im Klimasystem der Erde<\/h4>\n\n\n\n<p>Solche abrupten und hochgef\u00e4hrlichen Ver\u00e4nderungen \u2013 zum Beispiel Temperaturspr\u00fcnge innerhalb weniger Jahre oder Jahrzehnte \u2013 sind in der Klimaforschung eindeutig nachgewiesen.<br>\u00c4hnliche pl\u00f6tzliche Ver\u00e4nderungen k\u00f6nnten bereits in den n\u00e4chsten Jahren oder Jahrzehnten eintreten \u2013 insbesondere, wenn der mangelnde Klimaschutz mit weiter steigenden Emissionen ungebremst fortgef\u00fchrt wird.<\/p>\n\n\n\n<p><strong>M\u00f6gliche Kipppunkte mit gravierenden Folgen:<\/strong><\/p>\n\n\n\n<ul class=\"wp-block-list\">\n<li>\u202fDas pl\u00f6tzliche Abbrechen riesiger Gletscherareale in der Westantarktis, das einen raschen Meeresspiegelanstieg von einigen Dezimetern bis zu mehreren Metern ausl\u00f6sen kann.<\/li>\n\n\n\n<li>\u00c4hnliche Folgen \u2013 zwar weniger abrupt, aber dennoch verheerend \u2013 kann das beschleunigte Abschmelzen der Gr\u00f6nlandgletscher haben.<\/li>\n\n\n\n<li>Pl\u00f6tzliche Ver\u00e4nderungen gro\u00dfer Meeresstr\u00f6mungen, insbesondere des Golfstroms. Dieser gilt als Warmwasserheizung f\u00fcr West- und Nordeuropa. Rei\u00dft er ab, kann es in Europa im Jahresmittel bis zu 4\u202f\u00b0C k\u00e4lter werden \u2013 mit einem Klima \u00e4hnlich dem heutigen in Nordkanada.<\/li>\n\n\n\n<li>Pl\u00f6tzliche Ver\u00e4nderungen der gro\u00dfen zirkul\u00e4ren Luftstr\u00f6mungen, vor allem des bei uns das Wetter bestimmenden Jetstreams. Aktuell erleben wir ein stehendes Jetstream-Band von Irland bis nach Deutschland, das anhaltend Regen und Wolken bringt \u2013 der gef\u00fchlt ausgebliebene Sommer.<\/li>\n\n\n\n<li>Zerst\u00f6rung gro\u00dffl\u00e4chiger Naturr\u00e4ume wie der Korallenriffe, des Amazonas-Regenwalds oder der borealen W\u00e4lder in den n\u00f6rdlichen Breiten, wie sie bei uns in Mittel- und Nordeuropa vorkommen.<\/li>\n<\/ul>\n\n\n\n<h4 class=\"wp-block-heading\">Positive Kipppunkte beim Klimaschutz<\/h4>\n\n\n\n<p>Klimaschutz muss sehr schnell kommen: In wenigen Jahrzehnten muss es ein Ende aller Klimagasemissionen geben, gleichzeitig m\u00fcssen gro\u00dfe Mengen CO\u2082 aus der Atmosph\u00e4re entfernt werden. Das erfordert abrupte Ver\u00e4nderungen des heutigen fossilen und atomaren Wirtschaftssystems hin zu einer Solarwirtschaft.<\/p>\n\n\n\n<p><strong>Solche Kipppunkte beschreiben von Brackel und Staud in ihrem Buch ebenfalls:<\/strong><\/p>\n\n\n\n<ul class=\"wp-block-list\">\n<li>\u202fDie vollst\u00e4ndige Abl\u00f6sung der heutigen fossilen Energieversorgung auf Basis von Erd\u00f6l, Erdgas und Kohle durch Erneuerbare. Die Autoren gehen ausf\u00fchrlich auf die historische Entwicklung der Solarenergie ein, die zun\u00e4chst durch Forschung und erste politische Unterst\u00fctzung in den USA unter Jimmy Carter begann, dann aber durch das deutsche EEG massiv beschleunigt wurde und so zum weltweiten Durchbruch f\u00fchrte. Sie beschreiben auch meinen Beitrag, zusammen mit meinem fr\u00fcheren wissenschaftlichen Mitarbeiter und sp\u00e4teren Abteilungsleiter Energie im Bundeswirtschaftsministerium, Volker Oschmann \u2013 sowohl f\u00fcr das EEG als auch f\u00fcr den Ausbau der Solarenergie in China und weltweit.<\/li>\n\n\n\n<li>\u202fDie Elektromobilit\u00e4tsrevolution: Norwegen wird als erstes Land mit offensiver Elektromobilit\u00e4t ausf\u00fchrlich vorgestellt. Heute wird dort fast kein Auto mit Verbrennungsmotor mehr gekauft. Auch China hat fr\u00fch und konsequent auf E-Mobilit\u00e4t gesetzt, was der chinesischen Wirtschaft die Weltmarktf\u00fchrerschaft eingebracht hat und jetzt die europ\u00e4ische, japanische und US-Automobilindustrie stark unter Druck setzt.<\/li>\n\n\n\n<li>\u202fDie Fleischwende hin zu veganer Ern\u00e4hrung. Im Buch wird diese Entwicklung als noch sehr z\u00e4h beschrieben, vor allem in Deutschland. Dennoch zeigen sich bereits erste gro\u00dfe Erfolge mit veganer Ern\u00e4hrung in verschiedenen L\u00e4ndern, insbesondere D\u00e4nemark. Dies k\u00f6nnte auf einen kommenden positiven Kipppunkt hinweisen: die gro\u00dffl\u00e4chige Verbreitung veganer Ern\u00e4hrung.<\/li>\n<\/ul>\n\n\n\n<h4 class=\"wp-block-heading\">Auch ohne Kipppunkte steuert die Erd\u00fcberhitzung auf immer mehr Katastrophen zu, die aktuell ganze L\u00e4nder erfassen<\/h4>\n\n\n\n<p>Sobald Kipppunkte ausgel\u00f6st werden, wird das Leben von mehreren hundert Millionen Menschen nicht mehr so sein wie heute \u2013 etwa wenn nach dem Zerbrechen gro\u00dfer Gletscher in der Westantarktis ganze Stadtgebiete wie Shanghai, Miami, New York, Mumbai oder Amsterdam gro\u00dffl\u00e4chig unter den Meeresspiegel sinken.<\/p>\n\n\n\n<p>Doch wir sollten uns nicht t\u00e4uschen: Auch ohne dass Kipppunkte abrupt Klimaver\u00e4nderungen verursachen, gibt es bereits heute Entwicklungen, die das Leben von Millionen Menschen bedrohen und sie zu Fluchtbewegungen zwingen.<\/p>\n\n\n\n<p>Ein aktuelles Beispiel ist eine beispiellose Hitzewelle im Nahen und Mittleren Osten, insbesondere im Iran, Irak, Kuwait, der Arabischen Halbinsel bis hinein in die T\u00fcrkei. <a href=\"https:\/\/www.watson.ch\/international\/naher-osten\/450908766-hitzerekord-fuer-mai-in-den-emiraten-51-6-grad-gemessen\" target=\"_blank\" rel=\"noreferrer noopener\">Dort wurden in den vergangenen Wochen teilweise seit Mai au\u00dfergew\u00f6hnlich hohe Temperaturen von \u00fcber 50\u202f\u00b0C gemessen.<\/a><\/p>\n\n\n\n<p>Zudem kommt h\u00e4ufig eine hohe Luftfeuchtigkeit hinzu, die die extrem hohen Temperaturen noch unertr\u00e4glicher macht. Viele Hitzetote sind zu vermuten, auch wenn eine Berichterstattung dar\u00fcber bisher fehlt.<\/p>\n\n\n\n<h4 class=\"wp-block-heading\">Teheran leidet unter Hitze und Wassermangel<\/h4>\n\n\n\n<p>In solch schweren Hitzeperioden brauchen die betroffenen Menschen vor allem Trinkwasser.&nbsp;<a href=\"https:\/\/www.derbund.ch\/iran-hitzewelle-mit-ueber-50-grad-im-suedwesten-437012142134\" target=\"_blank\" rel=\"noreferrer noopener\">Doch genau dieses fehlt nun den Menschen im Iran, insbesondere in der Hauptstadt Teheran.<\/a><\/p>\n\n\n\n<p>Nach monatelanger D\u00fcrre sind 80 % aller Trinkwasserstauseen fast leer. Es wird bef\u00fcrchtet, dass bei anhaltender Trockenheit die Trinkwasserspeicher im September komplett ersch\u00f6pft sein werden. Stundenlange Wassersperrungen lassen die Menschen in Teheran bereits jetzt d\u00fcrsten. W\u00e4hrend der langen Stromausf\u00e4lle, verursacht durch die Hitze, schalten viele Klimaanlagen, die nicht solarbetrieben sind, ab. <a href=\"https:\/\/www.n-tv.de\/panorama\/Iran-schickt-Arbeitnehmer-teils-in-den-Hitze-Lockdown-article25119740.html\" target=\"_blank\" rel=\"noreferrer noopener\">Die Regierung hat bereits Ausgangssperren bis 17:00 Uhr verh\u00e4ngt und das \u00f6ffentliche Leben weitgehend eingeschr\u00e4nkt.<\/a> Doch was n\u00fctzen Ausgangssperren, wenn die Menschen in v\u00f6llig \u00fcberhitzten R\u00e4umen ohne Trinkwasser ausharren m\u00fcssen? Viele fliehen daher bereits aus Teheran in den Norden Irans zum Kaspischen Meer, weil das Leben in Teheran, aber auch in vielen anderen Regionen w\u00e4hrend solcher Hitzewellen nicht mehr ertragbar ist.<\/p>\n\n\n\n<p>Die Auswirkungen der Hitze erscheinen weitaus schlimmer als die bereits f\u00fcrchterlichen Bombenangriffe Israels und der USA vor einigen Wochen.<\/p>\n\n\n\n<p><a href=\"https:\/\/www.tagesschau.de\/ausland\/europa\/spanien-hitzewelle-102.html\" target=\"_blank\" rel=\"noreferrer noopener\">Auch in anderen Regionen, zum Beispiel in Spanien, werden Hitze und D\u00fcrren immer unertr\u00e4glicher.<\/a><br>In einer Gemeinde auf Mallorca wird inzwischen so drastisch Wasser gespart, dass an drei Tagen in der Woche die Wasserversorgung komplett abgestellt wird.<\/p>\n\n\n\n<p>Der Iran, Kuwait, Irak, die Arabischen Emirate, Saudi-Arabien und andere \u00d6lstaaten erleben nun immer deutlicher, wohin ihr \u00d6lreichtum und die z\u00fcgellose Ausbeutung sowie Vermarktung der Erd\u00f6l- und Erdgaslagerst\u00e4tten f\u00fchren: Nach wenigen Jahrzehnten \u00fcberbordenden Reichtums f\u00fcr die \u00d6lscheichs geraten sie nun in unertr\u00e4gliche und t\u00f6dliche Hitze- und D\u00fcrreperioden, die die gesamte Bev\u00f6lkerung betreffen.<\/p>\n\n\n\n<p>Bislang ist mir kein politisches Umdenken der \u00d6lscheich-Eliten in den Regierungen des Nahen und Mittleren Ostens bekannt. Ihre weiteren Erd\u00f6l- und Erdgasgesch\u00e4fte werden in den kommenden Jahren und Jahrzehnten mit immer mehr Klimagas-Emissionen zu noch schlimmeren Hitzewellen mit 55 oder gar 60 \u00b0C Spitzentemperaturen f\u00fchren. Ein menschliches Leben wird dann f\u00fcr gro\u00dfe Teile der Bev\u00f6lkerung nicht mehr m\u00f6glich sein \u2013 genauso wie in vielen anderen Weltregionen mit hohen Sommertemperaturen, von Indien \u00fcber Arabien und Afrika bis hin zu den USA oder Mexiko. Wenn dann abrupt auch noch Klimakipppunkte eintreten, wird es auch in weiten Teilen anderer Weltregionen f\u00fcr die Menschen sehr ernst werden.<\/p>\n\n\n\n<p><strong>Es bleibt nur eines:<\/strong> Das schnelle Beenden aller Klimagasemissionen in wenigen Jahrzehnten und das Herausholen der Kohlenstoffmengen aus der Atmosph\u00e4re, die die Menschheit in den letzten hundert Jahren emittiert hat. Daf\u00fcr aber braucht es noch viel mehr wirtschaftliche Kipppunkte f\u00fcr Klimaschutztechnologien und -wirtschaftsweisen, wie sie bei der Solar- und E-Mobilit\u00e4tswirtschaft bereits global auf den Weg gebracht wurden.<\/p>\n\n\n\n<ul class=\"wp-block-list\">\n<li>Benjamin von Brackel und Toralf Staud, zwei seit Jahrzehnten im Klimaschutz aktive Autoren und\u00a0<em>Spiegel<\/em>-Bestseller-Autoren, haben dazu k\u00fcrzlich ein neues Buch ver\u00f6ffentlicht:\u00a0<a href=\"https:\/\/www.kiwi-verlag.de\/buch\/neuheiten?utm_source=google&amp;utm_medium=paid.search&amp;utm_campaign=always-on&amp;gad_source=1&amp;gad_campaignid=20973712947&amp;gclid=CjwKCAjwwNbEBhBpEiwAFYLtGAOBQ32MGatotROrFR5yydUzwU50e05XkTbdAf_5y01xI-TJgbz_PxoCOyYQAvD_BwE\" target=\"_blank\" rel=\"noreferrer noopener\">\u201eAm Kipppunkt \u2013 Wo das Klima zu kollabieren droht \u2013 und wie wir uns noch retten k\u00f6nnen\u201c | Kiepenheuer &amp; Witsch 2025<\/a> | <a href=\"https:\/\/www.book2look.com\/book\/9783462007909\" target=\"_blank\" rel=\"noreferrer noopener\">Leseprobe<\/a><\/li>\n<\/ul>\n\n\n<h5 class=\"green\">Quelle<\/h5>\r\n\n\n\n<p><a href=\"http:\/\/www.hans-josef-fell.de\/\" target=\"_blank\" rel=\"noreferrer noopener\">Hans-Josef Fell 2025<\/a>\u00a0|\u00a0<a href=\"http:\/\/energywatchgroup.org\/\" target=\"_blank\" rel=\"noreferrer noopener\">Pr\u00e4sident der Energy Watch Group (EWG) und Autor des EEG<\/a><\/p>\n<div class=\"shariff shariff-align-flex-start shariff-widget-align-flex-start\"><div class=\"ShariffHeadline\">Diese Meldung teilen<\/div><ul class=\"shariff-buttons theme-round orientation-horizontal buttonsize-medium\"><li class=\"shariff-button facebook shariff-nocustomcolor\" style=\"background-color:#4273c8;border-radius:1%\"><a href=\"https:\/\/www.facebook.com\/sharer\/sharer.php?u=https%3A%2F%2Fwww.sonnenseite.com%2Fde%2Fumwelt%2Fam-kipppunkt-wo-das-klima-zu-kollabieren-droht-und-wie-wir-uns-noch-retten-koennen%2F\" title=\"Bei Facebook teilen\" aria-label=\"Bei Facebook teilen\" role=\"button\" rel=\"nofollow\" class=\"shariff-link\" style=\";border-radius:1%; background-color:#3b5998; color:#fff\" target=\"_blank\"><span class=\"shariff-icon\" style=\"\"><svg width=\"32px\" height=\"20px\" xmlns=\"http:\/\/www.w3.org\/2000\/svg\" viewBox=\"0 0 18 32\"><path fill=\"#3b5998\" d=\"M17.1 0.2v4.7h-2.8q-1.5 0-2.1 0.6t-0.5 1.9v3.4h5.2l-0.7 5.3h-4.5v13.6h-5.5v-13.6h-4.5v-5.3h4.5v-3.9q0-3.3 1.9-5.2t5-1.8q2.6 0 4.1 0.2z\"\/><\/svg><\/span><\/a><\/li><li class=\"shariff-button twitter shariff-nocustomcolor\" style=\"background-color:#595959;border-radius:1%\"><a href=\"https:\/\/twitter.com\/share?url=https%3A%2F%2Fwww.sonnenseite.com%2Fde%2Fumwelt%2Fam-kipppunkt-wo-das-klima-zu-kollabieren-droht-und-wie-wir-uns-noch-retten-koennen%2F&text=Am%20Kipppunkt%3A%20Wo%20das%20Klima%20zu%20kollabieren%20droht%20%E2%80%93%20und%20wie%20wir%20uns%20noch%20retten%20k%C3%B6nnen\" title=\"Bei X teilen\" aria-label=\"Bei X teilen\" role=\"button\" rel=\"noopener nofollow\" class=\"shariff-link\" style=\";border-radius:1%; background-color:#000; color:#fff\" target=\"_blank\"><span class=\"shariff-icon\" style=\"\"><svg width=\"32px\" height=\"20px\" xmlns=\"http:\/\/www.w3.org\/2000\/svg\" viewBox=\"0 0 24 24\"><path fill=\"#000\" d=\"M14.258 10.152L23.176 0h-2.113l-7.747 8.813L7.133 0H0l9.352 13.328L0 23.973h2.113l8.176-9.309 6.531 9.309h7.133zm-2.895 3.293l-.949-1.328L2.875 1.56h3.246l6.086 8.523.945 1.328 7.91 11.078h-3.246zm0 0\"\/><\/svg><\/span><\/a><\/li><li class=\"shariff-button xing shariff-nocustomcolor\" style=\"background-color:#29888a;border-radius:1%\"><a href=\"https:\/\/www.xing.com\/spi\/shares\/new?url=https%3A%2F%2Fwww.sonnenseite.com%2Fde%2Fumwelt%2Fam-kipppunkt-wo-das-klima-zu-kollabieren-droht-und-wie-wir-uns-noch-retten-koennen%2F\" title=\"Bei XING teilen\" aria-label=\"Bei XING teilen\" role=\"button\" rel=\"noopener nofollow\" class=\"shariff-link\" style=\";border-radius:1%; background-color:#126567; color:#fff\" target=\"_blank\"><span class=\"shariff-icon\" style=\"\"><svg width=\"32px\" height=\"20px\" xmlns=\"http:\/\/www.w3.org\/2000\/svg\" viewBox=\"0 0 25 32\"><path fill=\"#126567\" d=\"M10.7 11.9q-0.2 0.3-4.6 8.2-0.5 0.8-1.2 0.8h-4.3q-0.4 0-0.5-0.3t0-0.6l4.5-8q0 0 0 0l-2.9-5q-0.2-0.4 0-0.7 0.2-0.3 0.5-0.3h4.3q0.7 0 1.2 0.8zM25.1 0.4q0.2 0.3 0 0.7l-9.4 16.7 6 11q0.2 0.4 0 0.6-0.2 0.3-0.6 0.3h-4.3q-0.7 0-1.2-0.8l-6-11.1q0.3-0.6 9.5-16.8 0.4-0.8 1.2-0.8h4.3q0.4 0 0.5 0.3z\"\/><\/svg><\/span><\/a><\/li><li class=\"shariff-button linkedin shariff-nocustomcolor\" style=\"background-color:#1488bf;border-radius:1%\"><a href=\"https:\/\/www.linkedin.com\/sharing\/share-offsite\/?url=https%3A%2F%2Fwww.sonnenseite.com%2Fde%2Fumwelt%2Fam-kipppunkt-wo-das-klima-zu-kollabieren-droht-und-wie-wir-uns-noch-retten-koennen%2F\" title=\"Bei LinkedIn teilen\" aria-label=\"Bei LinkedIn teilen\" role=\"button\" rel=\"noopener nofollow\" class=\"shariff-link\" style=\";border-radius:1%; background-color:#0077b5; color:#fff\" target=\"_blank\"><span class=\"shariff-icon\" style=\"\"><svg width=\"32px\" height=\"20px\" xmlns=\"http:\/\/www.w3.org\/2000\/svg\" viewBox=\"0 0 27 32\"><path fill=\"#0077b5\" d=\"M6.2 11.2v17.7h-5.9v-17.7h5.9zM6.6 5.7q0 1.3-0.9 2.2t-2.4 0.9h0q-1.5 0-2.4-0.9t-0.9-2.2 0.9-2.2 2.4-0.9 2.4 0.9 0.9 2.2zM27.4 18.7v10.1h-5.9v-9.5q0-1.9-0.7-2.9t-2.3-1.1q-1.1 0-1.9 0.6t-1.2 1.5q-0.2 0.5-0.2 1.4v9.9h-5.9q0-7.1 0-11.6t0-5.3l0-0.9h5.9v2.6h0q0.4-0.6 0.7-1t1-0.9 1.6-0.8 2-0.3q3 0 4.9 2t1.9 6z\"\/><\/svg><\/span><\/a><\/li><li class=\"shariff-button printer shariff-nocustomcolor\" style=\"background-color:#a8a8a8;border-radius:1%\"><a href=\"javascript:window.print()\" title=\"drucken\" aria-label=\"drucken\" role=\"button\" rel=\"noopener nofollow\" class=\"shariff-link\" style=\";border-radius:1%; background-color:#999; color:#fff\"><span class=\"shariff-icon\" style=\"\"><svg width=\"32px\" height=\"20px\" xmlns=\"http:\/\/www.w3.org\/2000\/svg\" viewBox=\"0 0 30 32\"><path fill=\"#999\" d=\"M6.8 27.4h16v-4.6h-16v4.6zM6.8 16h16v-6.8h-2.8q-0.7 0-1.2-0.5t-0.5-1.2v-2.8h-11.4v11.4zM27.4 17.2q0-0.5-0.3-0.8t-0.8-0.4-0.8 0.4-0.3 0.8 0.3 0.8 0.8 0.3 0.8-0.3 0.3-0.8zM29.7 17.2v7.4q0 0.2-0.2 0.4t-0.4 0.2h-4v2.8q0 0.7-0.5 1.2t-1.2 0.5h-17.2q-0.7 0-1.2-0.5t-0.5-1.2v-2.8h-4q-0.2 0-0.4-0.2t-0.2-0.4v-7.4q0-1.4 1-2.4t2.4-1h1.2v-9.7q0-0.7 0.5-1.2t1.2-0.5h12q0.7 0 1.6 0.4t1.3 0.8l2.7 2.7q0.5 0.5 0.9 1.4t0.4 1.6v4.6h1.1q1.4 0 2.4 1t1 2.4z\"\/><\/svg><\/span><\/a><\/li><li class=\"shariff-button mailto shariff-nocustomcolor\" style=\"background-color:#a8a8a8;border-radius:1%\"><a href=\"mailto:?body=https%3A%2F%2Fwww.sonnenseite.com%2Fde%2Fumwelt%2Fam-kipppunkt-wo-das-klima-zu-kollabieren-droht-und-wie-wir-uns-noch-retten-koennen%2F&subject=Am%20Kipppunkt%3A%20Wo%20das%20Klima%20zu%20kollabieren%20droht%20%E2%80%93%20und%20wie%20wir%20uns%20noch%20retten%20k%C3%B6nnen\" title=\"Per E-Mail versenden\" aria-label=\"Per E-Mail versenden\" role=\"button\" rel=\"noopener nofollow\" class=\"shariff-link\" style=\";border-radius:1%; background-color:#999; color:#fff\"><span class=\"shariff-icon\" style=\"\"><svg width=\"32px\" height=\"20px\" xmlns=\"http:\/\/www.w3.org\/2000\/svg\" viewBox=\"0 0 32 32\"><path fill=\"#999\" d=\"M32 12.7v14.2q0 1.2-0.8 2t-2 0.9h-26.3q-1.2 0-2-0.9t-0.8-2v-14.2q0.8 0.9 1.8 1.6 6.5 4.4 8.9 6.1 1 0.8 1.6 1.2t1.7 0.9 2 0.4h0.1q0.9 0 2-0.4t1.7-0.9 1.6-1.2q3-2.2 8.9-6.1 1-0.7 1.8-1.6zM32 7.4q0 1.4-0.9 2.7t-2.2 2.2q-6.7 4.7-8.4 5.8-0.2 0.1-0.7 0.5t-1 0.7-0.9 0.6-1.1 0.5-0.9 0.2h-0.1q-0.4 0-0.9-0.2t-1.1-0.5-0.9-0.6-1-0.7-0.7-0.5q-1.6-1.1-4.7-3.2t-3.6-2.6q-1.1-0.7-2.1-2t-1-2.5q0-1.4 0.7-2.3t2.1-0.9h26.3q1.2 0 2 0.8t0.9 2z\"\/><\/svg><\/span><\/a><\/li><\/ul><\/div>","protected":false},"excerpt":{"rendered":"<p>Kipppunkte sind pl\u00f6tzliche Ereignisse, bei denen sich kontinuierliche Entwicklungen \u2013 zum Beispiel das langsame Ansteigen der [&hellip;]<\/p>\n","protected":false},"author":3,"featured_media":4714,"comment_status":"closed","ping_status":"closed","sticky":false,"template":"","format":"standard","meta":{"inline_featured_image":false,"footnotes":""},"categories":[23],"tags":[],"class_list":["post-108677","post","type-post","status-publish","format-standard","has-post-thumbnail","hentry","category-umwelt"],"yoast_head":"<!-- This site is optimized with the Yoast SEO plugin v26.5 - https:\/\/yoast.com\/wordpress\/plugins\/seo\/ -->\n<title>Am Kipppunkt: Wo das Klima zu kollabieren droht \u2013 und wie wir uns noch retten k\u00f6nnen - Sonnenseite - \u00d6kologische Kommunikation mit Franz Alt<\/title>\n<meta name=\"description\" content=\"Kipppunkte sind pl\u00f6tzliche Ereignisse, bei denen sich kontinuierliche Entwicklungen \u2013 zum Beispiel das langsame Ansteigen der irdischen Temperatur \u2013 in\" \/>\n<meta name=\"robots\" content=\"index, follow, max-snippet:-1, max-image-preview:large, max-video-preview:-1\" \/>\n<link rel=\"canonical\" href=\"https:\/\/www.sonnenseite.com\/de\/umwelt\/am-kipppunkt-wo-das-klima-zu-kollabieren-droht-und-wie-wir-uns-noch-retten-koennen\/\" \/>\n<meta property=\"og:locale\" content=\"de_DE\" \/>\n<meta property=\"og:type\" content=\"article\" \/>\n<meta property=\"og:title\" content=\"Am Kipppunkt: Wo das Klima zu kollabieren droht \u2013 und wie wir uns noch retten k\u00f6nnen - Sonnenseite - \u00d6kologische Kommunikation mit Franz Alt\" \/>\n<meta property=\"og:description\" content=\"Kipppunkte sind pl\u00f6tzliche Ereignisse, bei denen sich kontinuierliche Entwicklungen \u2013 zum Beispiel das langsame Ansteigen der irdischen Temperatur \u2013 in\" \/>\n<meta property=\"og:url\" content=\"https:\/\/www.sonnenseite.com\/de\/umwelt\/am-kipppunkt-wo-das-klima-zu-kollabieren-droht-und-wie-wir-uns-noch-retten-koennen\/\" \/>\n<meta property=\"og:site_name\" content=\"Sonnenseite\" \/>\n<meta property=\"article:publisher\" content=\"https:\/\/www.facebook.com\/pages\/Franz-Alt-SONNENSEITECOM\/221072987903953?fref=ts\" \/>\n<meta property=\"article:published_time\" content=\"2025-08-08T08:05:04+00:00\" \/>\n<meta property=\"article:modified_time\" content=\"2025-08-08T08:05:05+00:00\" \/>\n<meta property=\"og:image\" content=\"https:\/\/www.sonnenseite.com\/wp-content\/uploads\/2019\/12\/Erde_Abgrund_alphaspirit.jpg\" \/>\n\t<meta property=\"og:image:width\" content=\"770\" \/>\n\t<meta property=\"og:image:height\" content=\"420\" \/>\n\t<meta property=\"og:image:type\" content=\"image\/jpeg\" \/>\n<meta name=\"author\" content=\"Bigi Alt\" \/>\n<meta name=\"twitter:card\" content=\"summary_large_image\" \/>\n<meta name=\"twitter:creator\" content=\"@franzalt\" \/>\n<meta name=\"twitter:site\" content=\"@franzalt\" \/>\n<meta name=\"twitter:label1\" content=\"Verfasst von\" \/>\n\t<meta name=\"twitter:data1\" content=\"Bigi Alt\" \/>\n\t<meta name=\"twitter:label2\" content=\"Gesch\u00e4tzte Lesezeit\" \/>\n\t<meta name=\"twitter:data2\" content=\"8\u00a0Minuten\" \/>\n<script type=\"application\/ld+json\" class=\"yoast-schema-graph\">{\"@context\":\"https:\/\/schema.org\",\"@graph\":[{\"@type\":\"Article\",\"@id\":\"https:\/\/www.sonnenseite.com\/de\/umwelt\/am-kipppunkt-wo-das-klima-zu-kollabieren-droht-und-wie-wir-uns-noch-retten-koennen\/#article\",\"isPartOf\":{\"@id\":\"https:\/\/www.sonnenseite.com\/de\/umwelt\/am-kipppunkt-wo-das-klima-zu-kollabieren-droht-und-wie-wir-uns-noch-retten-koennen\/\"},\"author\":{\"name\":\"Bigi Alt\",\"@id\":\"https:\/\/www.sonnenseite.com\/de\/#\/schema\/person\/50fda0e926597684c7cc6695238a4eb9\"},\"headline\":\"Am Kipppunkt: Wo das Klima zu kollabieren droht \u2013 und wie wir uns noch retten k\u00f6nnen\",\"datePublished\":\"2025-08-08T08:05:04+00:00\",\"dateModified\":\"2025-08-08T08:05:05+00:00\",\"mainEntityOfPage\":{\"@id\":\"https:\/\/www.sonnenseite.com\/de\/umwelt\/am-kipppunkt-wo-das-klima-zu-kollabieren-droht-und-wie-wir-uns-noch-retten-koennen\/\"},\"wordCount\":1355,\"publisher\":{\"@id\":\"https:\/\/www.sonnenseite.com\/de\/#organization\"},\"image\":{\"@id\":\"https:\/\/www.sonnenseite.com\/de\/umwelt\/am-kipppunkt-wo-das-klima-zu-kollabieren-droht-und-wie-wir-uns-noch-retten-koennen\/#primaryimage\"},\"thumbnailUrl\":\"https:\/\/www.sonnenseite.com\/wp-content\/uploads\/2019\/12\/Erde_Abgrund_alphaspirit.jpg\",\"articleSection\":[\"Umwelt\"],\"inLanguage\":\"de\"},{\"@type\":\"WebPage\",\"@id\":\"https:\/\/www.sonnenseite.com\/de\/umwelt\/am-kipppunkt-wo-das-klima-zu-kollabieren-droht-und-wie-wir-uns-noch-retten-koennen\/\",\"url\":\"https:\/\/www.sonnenseite.com\/de\/umwelt\/am-kipppunkt-wo-das-klima-zu-kollabieren-droht-und-wie-wir-uns-noch-retten-koennen\/\",\"name\":\"Am Kipppunkt: Wo das Klima zu kollabieren droht \u2013 und wie wir uns noch retten k\u00f6nnen - Sonnenseite - \u00d6kologische Kommunikation mit Franz Alt\",\"isPartOf\":{\"@id\":\"https:\/\/www.sonnenseite.com\/de\/#website\"},\"primaryImageOfPage\":{\"@id\":\"https:\/\/www.sonnenseite.com\/de\/umwelt\/am-kipppunkt-wo-das-klima-zu-kollabieren-droht-und-wie-wir-uns-noch-retten-koennen\/#primaryimage\"},\"image\":{\"@id\":\"https:\/\/www.sonnenseite.com\/de\/umwelt\/am-kipppunkt-wo-das-klima-zu-kollabieren-droht-und-wie-wir-uns-noch-retten-koennen\/#primaryimage\"},\"thumbnailUrl\":\"https:\/\/www.sonnenseite.com\/wp-content\/uploads\/2019\/12\/Erde_Abgrund_alphaspirit.jpg\",\"datePublished\":\"2025-08-08T08:05:04+00:00\",\"dateModified\":\"2025-08-08T08:05:05+00:00\",\"description\":\"Kipppunkte sind pl\u00f6tzliche Ereignisse, bei denen sich kontinuierliche Entwicklungen \u2013 zum Beispiel das langsame Ansteigen der irdischen Temperatur \u2013 in\",\"breadcrumb\":{\"@id\":\"https:\/\/www.sonnenseite.com\/de\/umwelt\/am-kipppunkt-wo-das-klima-zu-kollabieren-droht-und-wie-wir-uns-noch-retten-koennen\/#breadcrumb\"},\"inLanguage\":\"de\",\"potentialAction\":[{\"@type\":\"ReadAction\",\"target\":[\"https:\/\/www.sonnenseite.com\/de\/umwelt\/am-kipppunkt-wo-das-klima-zu-kollabieren-droht-und-wie-wir-uns-noch-retten-koennen\/\"]}]},{\"@type\":\"ImageObject\",\"inLanguage\":\"de\",\"@id\":\"https:\/\/www.sonnenseite.com\/de\/umwelt\/am-kipppunkt-wo-das-klima-zu-kollabieren-droht-und-wie-wir-uns-noch-retten-koennen\/#primaryimage\",\"url\":\"https:\/\/www.sonnenseite.com\/wp-content\/uploads\/2019\/12\/Erde_Abgrund_alphaspirit.jpg\",\"contentUrl\":\"https:\/\/www.sonnenseite.com\/wp-content\/uploads\/2019\/12\/Erde_Abgrund_alphaspirit.jpg\",\"width\":770,\"height\":420,\"caption\":\"ClipDealer.com | alphaspirit | Benjamin von Brackel und Toralf Staud liefern, was man \u00fcber Kipppunkte wirklich wissen muss. Sie schildern die jahrzehntelange Erforschung der Kipppunkte, ihre m\u00f6glichen Folgen und die Kontroversen der Fachwelt \u2013 eine der gr\u00f6\u00dften Detektivgeschichten unserer Zeit, deren Ausgang \u00fcber nichts weniger entscheidet als \u00fcber das Schicksal unserer Zivilisation.\"},{\"@type\":\"BreadcrumbList\",\"@id\":\"https:\/\/www.sonnenseite.com\/de\/umwelt\/am-kipppunkt-wo-das-klima-zu-kollabieren-droht-und-wie-wir-uns-noch-retten-koennen\/#breadcrumb\",\"itemListElement\":[{\"@type\":\"ListItem\",\"position\":1,\"name\":\"Startseite\",\"item\":\"https:\/\/www.sonnenseite.com\/de\/\"},{\"@type\":\"ListItem\",\"position\":2,\"name\":\"Am Kipppunkt: Wo das Klima zu kollabieren droht \u2013 und wie wir uns noch retten k\u00f6nnen\"}]},{\"@type\":\"WebSite\",\"@id\":\"https:\/\/www.sonnenseite.com\/de\/#website\",\"url\":\"https:\/\/www.sonnenseite.com\/de\/\",\"name\":\"Sonnenseite\",\"description\":\"\u00d6kologische Kommunikation mit Franz Alt\",\"publisher\":{\"@id\":\"https:\/\/www.sonnenseite.com\/de\/#organization\"},\"potentialAction\":[{\"@type\":\"SearchAction\",\"target\":{\"@type\":\"EntryPoint\",\"urlTemplate\":\"https:\/\/www.sonnenseite.com\/de\/?s={search_term_string}\"},\"query-input\":{\"@type\":\"PropertyValueSpecification\",\"valueRequired\":true,\"valueName\":\"search_term_string\"}}],\"inLanguage\":\"de\"},{\"@type\":\"Organization\",\"@id\":\"https:\/\/www.sonnenseite.com\/de\/#organization\",\"name\":\"Sonnenseite\",\"url\":\"https:\/\/www.sonnenseite.com\/de\/\",\"logo\":{\"@type\":\"ImageObject\",\"inLanguage\":\"de\",\"@id\":\"https:\/\/www.sonnenseite.com\/de\/#\/schema\/logo\/image\/\",\"url\":\"https:\/\/www.sonnenseite.com\/wp-content\/uploads\/2020\/05\/Sonnenseite_Logo.png\",\"contentUrl\":\"https:\/\/www.sonnenseite.com\/wp-content\/uploads\/2020\/05\/Sonnenseite_Logo.png\",\"width\":377,\"height\":90,\"caption\":\"Sonnenseite\"},\"image\":{\"@id\":\"https:\/\/www.sonnenseite.com\/de\/#\/schema\/logo\/image\/\"},\"sameAs\":[\"https:\/\/www.facebook.com\/pages\/Franz-Alt-SONNENSEITECOM\/221072987903953?fref=ts\",\"https:\/\/x.com\/franzalt\",\"http:\/\/www.youtube.com\/results?search_query&amp;amp;quot;franz_alt&amp;amp;quot;&amp;amp;amp;amp;search_type&amp;amp;amp;amp;aq=f\"]},{\"@type\":\"Person\",\"@id\":\"https:\/\/www.sonnenseite.com\/de\/#\/schema\/person\/50fda0e926597684c7cc6695238a4eb9\",\"name\":\"Bigi Alt\"}]}<\/script>\n<!-- \/ Yoast SEO plugin. -->","yoast_head_json":{"title":"Am Kipppunkt: Wo das Klima zu kollabieren droht \u2013 und wie wir uns noch retten k\u00f6nnen - Sonnenseite - \u00d6kologische Kommunikation mit Franz Alt","description":"Kipppunkte sind pl\u00f6tzliche Ereignisse, bei denen sich kontinuierliche Entwicklungen \u2013 zum Beispiel das langsame Ansteigen der irdischen Temperatur \u2013 in","robots":{"index":"index","follow":"follow","max-snippet":"max-snippet:-1","max-image-preview":"max-image-preview:large","max-video-preview":"max-video-preview:-1"},"canonical":"https:\/\/www.sonnenseite.com\/de\/umwelt\/am-kipppunkt-wo-das-klima-zu-kollabieren-droht-und-wie-wir-uns-noch-retten-koennen\/","og_locale":"de_DE","og_type":"article","og_title":"Am Kipppunkt: Wo das Klima zu kollabieren droht \u2013 und wie wir uns noch retten k\u00f6nnen - Sonnenseite - \u00d6kologische Kommunikation mit Franz Alt","og_description":"Kipppunkte sind pl\u00f6tzliche Ereignisse, bei denen sich kontinuierliche Entwicklungen \u2013 zum Beispiel das langsame Ansteigen der irdischen Temperatur \u2013 in","og_url":"https:\/\/www.sonnenseite.com\/de\/umwelt\/am-kipppunkt-wo-das-klima-zu-kollabieren-droht-und-wie-wir-uns-noch-retten-koennen\/","og_site_name":"Sonnenseite","article_publisher":"https:\/\/www.facebook.com\/pages\/Franz-Alt-SONNENSEITECOM\/221072987903953?fref=ts","article_published_time":"2025-08-08T08:05:04+00:00","article_modified_time":"2025-08-08T08:05:05+00:00","og_image":[{"width":770,"height":420,"url":"https:\/\/www.sonnenseite.com\/wp-content\/uploads\/2019\/12\/Erde_Abgrund_alphaspirit.jpg","type":"image\/jpeg"}],"author":"Bigi Alt","twitter_card":"summary_large_image","twitter_creator":"@franzalt","twitter_site":"@franzalt","twitter_misc":{"Verfasst von":"Bigi Alt","Gesch\u00e4tzte Lesezeit":"8\u00a0Minuten"},"schema":{"@context":"https:\/\/schema.org","@graph":[{"@type":"Article","@id":"https:\/\/www.sonnenseite.com\/de\/umwelt\/am-kipppunkt-wo-das-klima-zu-kollabieren-droht-und-wie-wir-uns-noch-retten-koennen\/#article","isPartOf":{"@id":"https:\/\/www.sonnenseite.com\/de\/umwelt\/am-kipppunkt-wo-das-klima-zu-kollabieren-droht-und-wie-wir-uns-noch-retten-koennen\/"},"author":{"name":"Bigi Alt","@id":"https:\/\/www.sonnenseite.com\/de\/#\/schema\/person\/50fda0e926597684c7cc6695238a4eb9"},"headline":"Am Kipppunkt: Wo das Klima zu kollabieren droht \u2013 und wie wir uns noch retten k\u00f6nnen","datePublished":"2025-08-08T08:05:04+00:00","dateModified":"2025-08-08T08:05:05+00:00","mainEntityOfPage":{"@id":"https:\/\/www.sonnenseite.com\/de\/umwelt\/am-kipppunkt-wo-das-klima-zu-kollabieren-droht-und-wie-wir-uns-noch-retten-koennen\/"},"wordCount":1355,"publisher":{"@id":"https:\/\/www.sonnenseite.com\/de\/#organization"},"image":{"@id":"https:\/\/www.sonnenseite.com\/de\/umwelt\/am-kipppunkt-wo-das-klima-zu-kollabieren-droht-und-wie-wir-uns-noch-retten-koennen\/#primaryimage"},"thumbnailUrl":"https:\/\/www.sonnenseite.com\/wp-content\/uploads\/2019\/12\/Erde_Abgrund_alphaspirit.jpg","articleSection":["Umwelt"],"inLanguage":"de"},{"@type":"WebPage","@id":"https:\/\/www.sonnenseite.com\/de\/umwelt\/am-kipppunkt-wo-das-klima-zu-kollabieren-droht-und-wie-wir-uns-noch-retten-koennen\/","url":"https:\/\/www.sonnenseite.com\/de\/umwelt\/am-kipppunkt-wo-das-klima-zu-kollabieren-droht-und-wie-wir-uns-noch-retten-koennen\/","name":"Am Kipppunkt: Wo das Klima zu kollabieren droht \u2013 und wie wir uns noch retten k\u00f6nnen - Sonnenseite - \u00d6kologische Kommunikation mit Franz Alt","isPartOf":{"@id":"https:\/\/www.sonnenseite.com\/de\/#website"},"primaryImageOfPage":{"@id":"https:\/\/www.sonnenseite.com\/de\/umwelt\/am-kipppunkt-wo-das-klima-zu-kollabieren-droht-und-wie-wir-uns-noch-retten-koennen\/#primaryimage"},"image":{"@id":"https:\/\/www.sonnenseite.com\/de\/umwelt\/am-kipppunkt-wo-das-klima-zu-kollabieren-droht-und-wie-wir-uns-noch-retten-koennen\/#primaryimage"},"thumbnailUrl":"https:\/\/www.sonnenseite.com\/wp-content\/uploads\/2019\/12\/Erde_Abgrund_alphaspirit.jpg","datePublished":"2025-08-08T08:05:04+00:00","dateModified":"2025-08-08T08:05:05+00:00","description":"Kipppunkte sind pl\u00f6tzliche Ereignisse, bei denen sich kontinuierliche Entwicklungen \u2013 zum Beispiel das langsame Ansteigen der irdischen Temperatur \u2013 in","breadcrumb":{"@id":"https:\/\/www.sonnenseite.com\/de\/umwelt\/am-kipppunkt-wo-das-klima-zu-kollabieren-droht-und-wie-wir-uns-noch-retten-koennen\/#breadcrumb"},"inLanguage":"de","potentialAction":[{"@type":"ReadAction","target":["https:\/\/www.sonnenseite.com\/de\/umwelt\/am-kipppunkt-wo-das-klima-zu-kollabieren-droht-und-wie-wir-uns-noch-retten-koennen\/"]}]},{"@type":"ImageObject","inLanguage":"de","@id":"https:\/\/www.sonnenseite.com\/de\/umwelt\/am-kipppunkt-wo-das-klima-zu-kollabieren-droht-und-wie-wir-uns-noch-retten-koennen\/#primaryimage","url":"https:\/\/www.sonnenseite.com\/wp-content\/uploads\/2019\/12\/Erde_Abgrund_alphaspirit.jpg","contentUrl":"https:\/\/www.sonnenseite.com\/wp-content\/uploads\/2019\/12\/Erde_Abgrund_alphaspirit.jpg","width":770,"height":420,"caption":"ClipDealer.com | alphaspirit | Benjamin von Brackel und Toralf Staud liefern, was man \u00fcber Kipppunkte wirklich wissen muss. Sie schildern die jahrzehntelange Erforschung der Kipppunkte, ihre m\u00f6glichen Folgen und die Kontroversen der Fachwelt \u2013 eine der gr\u00f6\u00dften Detektivgeschichten unserer Zeit, deren Ausgang \u00fcber nichts weniger entscheidet als \u00fcber das Schicksal unserer Zivilisation."},{"@type":"BreadcrumbList","@id":"https:\/\/www.sonnenseite.com\/de\/umwelt\/am-kipppunkt-wo-das-klima-zu-kollabieren-droht-und-wie-wir-uns-noch-retten-koennen\/#breadcrumb","itemListElement":[{"@type":"ListItem","position":1,"name":"Startseite","item":"https:\/\/www.sonnenseite.com\/de\/"},{"@type":"ListItem","position":2,"name":"Am Kipppunkt: Wo das Klima zu kollabieren droht \u2013 und wie wir uns noch retten k\u00f6nnen"}]},{"@type":"WebSite","@id":"https:\/\/www.sonnenseite.com\/de\/#website","url":"https:\/\/www.sonnenseite.com\/de\/","name":"Sonnenseite","description":"\u00d6kologische Kommunikation mit Franz Alt","publisher":{"@id":"https:\/\/www.sonnenseite.com\/de\/#organization"},"potentialAction":[{"@type":"SearchAction","target":{"@type":"EntryPoint","urlTemplate":"https:\/\/www.sonnenseite.com\/de\/?s={search_term_string}"},"query-input":{"@type":"PropertyValueSpecification","valueRequired":true,"valueName":"search_term_string"}}],"inLanguage":"de"},{"@type":"Organization","@id":"https:\/\/www.sonnenseite.com\/de\/#organization","name":"Sonnenseite","url":"https:\/\/www.sonnenseite.com\/de\/","logo":{"@type":"ImageObject","inLanguage":"de","@id":"https:\/\/www.sonnenseite.com\/de\/#\/schema\/logo\/image\/","url":"https:\/\/www.sonnenseite.com\/wp-content\/uploads\/2020\/05\/Sonnenseite_Logo.png","contentUrl":"https:\/\/www.sonnenseite.com\/wp-content\/uploads\/2020\/05\/Sonnenseite_Logo.png","width":377,"height":90,"caption":"Sonnenseite"},"image":{"@id":"https:\/\/www.sonnenseite.com\/de\/#\/schema\/logo\/image\/"},"sameAs":["https:\/\/www.facebook.com\/pages\/Franz-Alt-SONNENSEITECOM\/221072987903953?fref=ts","https:\/\/x.com\/franzalt","http:\/\/www.youtube.com\/results?search_query&amp;amp;quot;franz_alt&amp;amp;quot;&amp;amp;amp;amp;search_type&amp;amp;amp;amp;aq=f"]},{"@type":"Person","@id":"https:\/\/www.sonnenseite.com\/de\/#\/schema\/person\/50fda0e926597684c7cc6695238a4eb9","name":"Bigi Alt"}]}},"_links":{"self":[{"href":"https:\/\/www.sonnenseite.com\/de\/wp-json\/wp\/v2\/posts\/108677","targetHints":{"allow":["GET"]}}],"collection":[{"href":"https:\/\/www.sonnenseite.com\/de\/wp-json\/wp\/v2\/posts"}],"about":[{"href":"https:\/\/www.sonnenseite.com\/de\/wp-json\/wp\/v2\/types\/post"}],"author":[{"embeddable":true,"href":"https:\/\/www.sonnenseite.com\/de\/wp-json\/wp\/v2\/users\/3"}],"replies":[{"embeddable":true,"href":"https:\/\/www.sonnenseite.com\/de\/wp-json\/wp\/v2\/comments?post=108677"}],"version-history":[{"count":3,"href":"https:\/\/www.sonnenseite.com\/de\/wp-json\/wp\/v2\/posts\/108677\/revisions"}],"predecessor-version":[{"id":108682,"href":"https:\/\/www.sonnenseite.com\/de\/wp-json\/wp\/v2\/posts\/108677\/revisions\/108682"}],"wp:featuredmedia":[{"embeddable":true,"href":"https:\/\/www.sonnenseite.com\/de\/wp-json\/wp\/v2\/media\/4714"}],"wp:attachment":[{"href":"https:\/\/www.sonnenseite.com\/de\/wp-json\/wp\/v2\/media?parent=108677"}],"wp:term":[{"taxonomy":"category","embeddable":true,"href":"https:\/\/www.sonnenseite.com\/de\/wp-json\/wp\/v2\/categories?post=108677"},{"taxonomy":"post_tag","embeddable":true,"href":"https:\/\/www.sonnenseite.com\/de\/wp-json\/wp\/v2\/tags?post=108677"}],"curies":[{"name":"wp","href":"https:\/\/api.w.org\/{rel}","templated":true}]}}