{"id":108728,"date":"2025-08-09T03:40:00","date_gmt":"2025-08-09T01:40:00","guid":{"rendered":"https:\/\/www.sonnenseite.com\/?p=108728"},"modified":"2025-08-08T14:40:32","modified_gmt":"2025-08-08T12:40:32","slug":"perito-moreno-gletscher-in-patagonien-verliert-seine-stabilitaet","status":"publish","type":"post","link":"https:\/\/www.sonnenseite.com\/de\/wissenschaft\/perito-moreno-gletscher-in-patagonien-verliert-seine-stabilitaet\/","title":{"rendered":"Perito-Moreno-Gletscher in Patagonien verliert seine Stabilit\u00e4t"},"content":{"rendered":"\n<p>Eines der eindrucksvollsten Naturschauspiele der Welt wird zu unseren Lebzeiten sehr wahrscheinlich nicht mehr zu sehen sein. <\/p>\n\n\n\n<p>Noch zwischen 1940 und 2011 schnitten die Eismassen des Perito-Moreno-Gletschers im S\u00fcden Argentiniens recht h\u00e4ufig einen Teil des Lago Argentino vom Rest dieses riesigen Sees ab und stauten das Wasser mehrere Meter hoch auf. Bis der steigende Wasserdruck sich schlie\u00dflich einen Weg durch den Damm aus Eis suchte. Nicht nur dieser gewaltige Durchbruch, sondern auch die imposante Hochhaus-hohe Gletscher-Kulisse, von der immer wieder gro\u00dfe Eismassen abbrachen und in den See st\u00fcrzten, lockten viele Touristen in diese sonst recht einsame Weltgegend. Damit d\u00fcrfte es jetzt f\u00fcr einige Jahrzehnte vorbei sein, legt die Studie eines Forschungsteams des Instituts f\u00fcr Geographie der Friedrich-Alexander-Universit\u00e4t (FAU) Erlangen-N\u00fcrnberg nahe. <\/p>\n\n\n\n<p>In der <a href=\"https:\/\/www.nature.com\/articles\/s43247-025-02515-7\">Fachzeitschrift Nature Communications Earth and Environment<\/a> berichtet die Gruppe von einem rasanten Schwinden des Gletschers, der bisher als stabil galt. W\u00e4hrend andere Eismassen in Patagonien sich stark zur\u00fcckzogen, pendelte der Perito-Moreno-Gletscher bis vor kurzem im Jahreszyklus um vielleicht 50 Meter hin und her. Seit 2019 aber hat sich die Situation dramatisch ge\u00e4ndert.<\/p>\n\n\n\n<p>Gemeinsam mit dem Deutschen Zentrum f\u00fcr Luft- und Raumfahrt (DLR) und Partnern in Argentinien hat die FAU-Gruppe zum Vermessen des Gletschers ein spezielles Radarsystem eingesetzt.&nbsp; Dieses Georadar kann durch das Eis hindurch den festen Boden unter dem Gletscher abtasten. \u201eDas ist bei den in Patagonien h\u00e4ufigen gro\u00dfen Wassermengen im Eis enorm herausfordernd\u201c, erkl\u00e4rt FAU-Forscher Moritz Koch.<\/p>\n\n\n\n<h4 class=\"wp-block-heading\">Radarmessung per Helikopter und per Satellit<\/h4>\n\n\n\n<p>Obendrein hat der Perito Moreno Gletscher mit etwa 250 Quadratkilometern ungef\u00e4hr die dreifache Fl\u00e4che der Stadt Erlangen. Um in diesem riesigen Gebiet schnell und effizient die Dicke des Eises und das Bett des Gletschers zu vermessen, wurde das Radar an einem Helikopter befestigt. Zus\u00e4tzlich wertete das Team hochaufgel\u00f6ste Satellitendaten der deutschen TanDEM-X Mission aus, die mit einem Radarsystem aus dem Weltraum die H\u00f6he der Erdoberfl\u00e4che und damit auch des Gletschers misst.<\/p>\n\n\n\n<p>So entstand eine Karte des bisher unbekannten Gletscherbettes und die jahrzehntelange Entwicklung der Eismassen lie\u00df sich analysieren. Rund zwei Jahrzehnte verlor der Perito Moreno Gletscher demnach vom Jahr 2000 bis 2019 jedes Jahr rund 34 Zentimeter Dicke und schmolz damit relativ langsam. Danach beschleunigte sich dieses Schrumpfen am Ende der Gletscherzunge enorm auf das rund 16-fache der vorherigen Werte und lag von 2019 bis 2024 bei einer Rate von 5,5\u202fbis 6,5 Meter im Jahr. Alle zw\u00f6lf Monate verringerte sich die Dicke des Eises um die H\u00f6he eines Einfamilienhauses. Der Perito Moreno wird aber nicht nur d\u00fcnner, sondern auch k\u00fcrzer: Stellenweise wich die Gletscherzunge \u00fcber 800\u202fMeter weit zur\u00fcck. Der Gletscher ist demnach rasant auf dem R\u00fcckzug. Er wird daher den Lago Argentino in absehbarer Zukunft nicht mehr in zwei H\u00e4lften zerschneiden.<\/p>\n\n\n\n<p>Die Karte des Untergrunds zeigte dann rasch den Hintergrund dieser Beschleunigung. \u201eUnter der Gletscherzunge gibt es einen Felsr\u00fccken, der wie ein Ankerpunkt wirkt\u201c, erkl\u00e4rt Moritz Koch. Diese Barriere im Untergrund hielt den Gletscher anscheinend viele Jahrzehnte lang im Gleichgewicht. Nach g\u00e4ngigen Vorstellungen bildete sich nach st\u00e4rkeren Schneef\u00e4llen in den Bergen mehr Eis, der Perito Moreno r\u00fcckte vor und bildete vielleicht einen Eisdamm zur Magellan-Halbinsel auf der anderen Seite des Lago Argentino aus. Verringerten sich die Niederschl\u00e4ge, wich das Eis wieder ein paar Meter zur\u00fcck. Insgesamt aber sorgte der Ankerpunkt im Untergrund daf\u00fcr, dass der Gletscher relativ wenig um sein Gleichgewicht herum schwankte.<\/p>\n\n\n<div class=\"wp-block-image\">\n<figure class=\"aligncenter size-full is-resized\"><a href=\"https:\/\/www.sonnenseite.com\/wp-content\/uploads\/2025\/08\/FAU_Perito-Moreno-Gletscher-Patagonien01_MoritzKoch.jpg\"><img loading=\"lazy\" decoding=\"async\" width=\"769\" height=\"420\" src=\"https:\/\/www.sonnenseite.com\/wp-content\/uploads\/2025\/08\/FAU_Perito-Moreno-Gletscher-Patagonien01_MoritzKoch.jpg\" alt=\"\" class=\"wp-image-108732\" style=\"width:629px;height:auto\" srcset=\"https:\/\/www.sonnenseite.com\/wp-content\/uploads\/2025\/08\/FAU_Perito-Moreno-Gletscher-Patagonien01_MoritzKoch.jpg 769w, https:\/\/www.sonnenseite.com\/wp-content\/uploads\/2025\/08\/FAU_Perito-Moreno-Gletscher-Patagonien01_MoritzKoch-300x164.jpg 300w\" sizes=\"auto, (max-width: 769px) 100vw, 769px\" \/><\/a><figcaption class=\"wp-element-caption\">\u00a9 FAU \/ Moritz Koch | Der Perito-Moreno-Gletscher von unten gesehen, von der Halbinsel Magallanes aus, im Oktober 2024.<\/figcaption><\/figure>\n<\/div>\n\n\n<h4 class=\"wp-block-heading\">Vom Ankerpunkt gel\u00f6st<\/h4>\n\n\n\n<p>Genau das hat sich inzwischen ge\u00e4ndert: \u201eUnsere Daten zeigen, dass sich der Gletscher aktuell von seinem Ankerpunkt l\u00f6st\u201c, fasst FAU-Forscher Moritz Koch ein zentrales Ergebnis der Studie zusammen. Hat der Gletscher erst einmal seinen Halt verloren, beschleunigen sich die Vorg\u00e4nge enorm. Wird die Eisdecke d\u00fcnner und damit leichter, gibt das Wasser des Lago Argentino dem fest auf dem Seegrund liegenden Gletscher mehr Auftrieb. Dadurch bricht mehr Eis von der Gletscherzunge ab und der R\u00fcckzug beschleunigt sich weiter.<\/p>\n\n\n\n<p>Ist die Fl\u00e4che des Perito Moreno bereits jetzt um zwei Quadratkilometer geschrumpft, k\u00f6nnten so weitere 15 Quadratkilometer und damit die Fl\u00e4che von mehr als zweitausend Fu\u00dfballfeldern verloren gehen, zeigen erste Modellrechnungen. \u201eAuch wenn das Eis dann an einer anderen Stelle weiter talaufw\u00e4rts ein neues Gleichgewicht findet, hat der Klimawandel schon jetzt eines der eindrucksvollsten Naturschauspiele der Erde zerst\u00f6rt\u201c, meint Moritz Koch. Und damit auch der Wirtschaft dieser entlegenen Region einen schweren Schlag versetzt, die sehr stark vom Tourismus rund um dieses Naturspektakel abh\u00e4ngt.<\/p>\n\n\n\n<p><a href=\"https:\/\/www.nature.com\/articles\/s43247-025-02515-7\">Zur Originalpublikation<\/a><\/p>\n\n\n<h5 class=\"green\">Quelle<\/h5>\r\n\n\n\n<p><a href=\"https:\/\/www.fau.de\/2025\/08\/news\/schmelzende-gletscher-wenn-der-ankerpunkt-nicht-mehr-haelt\/\">Institut f\u00fcr Geographie der Friedrich-Alexander-Universit\u00e4t (FAU) Erlangen-N\u00fcrnberg 2025<\/a><\/p>\n<div class=\"shariff shariff-align-flex-start shariff-widget-align-flex-start\"><div class=\"ShariffHeadline\">Diese Meldung teilen<\/div><ul class=\"shariff-buttons theme-round orientation-horizontal buttonsize-medium\"><li class=\"shariff-button facebook shariff-nocustomcolor\" style=\"background-color:#4273c8;border-radius:1%\"><a href=\"https:\/\/www.facebook.com\/sharer\/sharer.php?u=https%3A%2F%2Fwww.sonnenseite.com%2Fde%2Fwissenschaft%2Fperito-moreno-gletscher-in-patagonien-verliert-seine-stabilitaet%2F\" title=\"Bei Facebook teilen\" aria-label=\"Bei Facebook teilen\" role=\"button\" rel=\"nofollow\" class=\"shariff-link\" style=\";border-radius:1%; background-color:#3b5998; color:#fff\" target=\"_blank\"><span class=\"shariff-icon\" style=\"\"><svg width=\"32px\" height=\"20px\" xmlns=\"http:\/\/www.w3.org\/2000\/svg\" viewBox=\"0 0 18 32\"><path fill=\"#3b5998\" d=\"M17.1 0.2v4.7h-2.8q-1.5 0-2.1 0.6t-0.5 1.9v3.4h5.2l-0.7 5.3h-4.5v13.6h-5.5v-13.6h-4.5v-5.3h4.5v-3.9q0-3.3 1.9-5.2t5-1.8q2.6 0 4.1 0.2z\"\/><\/svg><\/span><\/a><\/li><li class=\"shariff-button twitter shariff-nocustomcolor\" style=\"background-color:#595959;border-radius:1%\"><a href=\"https:\/\/twitter.com\/share?url=https%3A%2F%2Fwww.sonnenseite.com%2Fde%2Fwissenschaft%2Fperito-moreno-gletscher-in-patagonien-verliert-seine-stabilitaet%2F&text=Perito-Moreno-Gletscher%20in%20Patagonien%20verliert%20seine%20Stabilit%C3%A4t\" title=\"Bei X teilen\" aria-label=\"Bei X teilen\" role=\"button\" rel=\"noopener nofollow\" class=\"shariff-link\" style=\";border-radius:1%; background-color:#000; color:#fff\" target=\"_blank\"><span class=\"shariff-icon\" style=\"\"><svg width=\"32px\" height=\"20px\" xmlns=\"http:\/\/www.w3.org\/2000\/svg\" viewBox=\"0 0 24 24\"><path fill=\"#000\" d=\"M14.258 10.152L23.176 0h-2.113l-7.747 8.813L7.133 0H0l9.352 13.328L0 23.973h2.113l8.176-9.309 6.531 9.309h7.133zm-2.895 3.293l-.949-1.328L2.875 1.56h3.246l6.086 8.523.945 1.328 7.91 11.078h-3.246zm0 0\"\/><\/svg><\/span><\/a><\/li><li class=\"shariff-button xing shariff-nocustomcolor\" style=\"background-color:#29888a;border-radius:1%\"><a href=\"https:\/\/www.xing.com\/spi\/shares\/new?url=https%3A%2F%2Fwww.sonnenseite.com%2Fde%2Fwissenschaft%2Fperito-moreno-gletscher-in-patagonien-verliert-seine-stabilitaet%2F\" title=\"Bei XING teilen\" aria-label=\"Bei XING teilen\" role=\"button\" rel=\"noopener nofollow\" class=\"shariff-link\" style=\";border-radius:1%; background-color:#126567; color:#fff\" target=\"_blank\"><span class=\"shariff-icon\" style=\"\"><svg width=\"32px\" height=\"20px\" xmlns=\"http:\/\/www.w3.org\/2000\/svg\" viewBox=\"0 0 25 32\"><path fill=\"#126567\" d=\"M10.7 11.9q-0.2 0.3-4.6 8.2-0.5 0.8-1.2 0.8h-4.3q-0.4 0-0.5-0.3t0-0.6l4.5-8q0 0 0 0l-2.9-5q-0.2-0.4 0-0.7 0.2-0.3 0.5-0.3h4.3q0.7 0 1.2 0.8zM25.1 0.4q0.2 0.3 0 0.7l-9.4 16.7 6 11q0.2 0.4 0 0.6-0.2 0.3-0.6 0.3h-4.3q-0.7 0-1.2-0.8l-6-11.1q0.3-0.6 9.5-16.8 0.4-0.8 1.2-0.8h4.3q0.4 0 0.5 0.3z\"\/><\/svg><\/span><\/a><\/li><li class=\"shariff-button linkedin shariff-nocustomcolor\" style=\"background-color:#1488bf;border-radius:1%\"><a href=\"https:\/\/www.linkedin.com\/sharing\/share-offsite\/?url=https%3A%2F%2Fwww.sonnenseite.com%2Fde%2Fwissenschaft%2Fperito-moreno-gletscher-in-patagonien-verliert-seine-stabilitaet%2F\" title=\"Bei LinkedIn teilen\" aria-label=\"Bei LinkedIn teilen\" role=\"button\" rel=\"noopener nofollow\" class=\"shariff-link\" style=\";border-radius:1%; background-color:#0077b5; color:#fff\" target=\"_blank\"><span class=\"shariff-icon\" style=\"\"><svg width=\"32px\" height=\"20px\" xmlns=\"http:\/\/www.w3.org\/2000\/svg\" viewBox=\"0 0 27 32\"><path fill=\"#0077b5\" d=\"M6.2 11.2v17.7h-5.9v-17.7h5.9zM6.6 5.7q0 1.3-0.9 2.2t-2.4 0.9h0q-1.5 0-2.4-0.9t-0.9-2.2 0.9-2.2 2.4-0.9 2.4 0.9 0.9 2.2zM27.4 18.7v10.1h-5.9v-9.5q0-1.9-0.7-2.9t-2.3-1.1q-1.1 0-1.9 0.6t-1.2 1.5q-0.2 0.5-0.2 1.4v9.9h-5.9q0-7.1 0-11.6t0-5.3l0-0.9h5.9v2.6h0q0.4-0.6 0.7-1t1-0.9 1.6-0.8 2-0.3q3 0 4.9 2t1.9 6z\"\/><\/svg><\/span><\/a><\/li><li class=\"shariff-button printer shariff-nocustomcolor\" style=\"background-color:#a8a8a8;border-radius:1%\"><a href=\"javascript:window.print()\" title=\"drucken\" aria-label=\"drucken\" role=\"button\" rel=\"noopener nofollow\" class=\"shariff-link\" style=\";border-radius:1%; background-color:#999; color:#fff\"><span class=\"shariff-icon\" style=\"\"><svg width=\"32px\" height=\"20px\" xmlns=\"http:\/\/www.w3.org\/2000\/svg\" viewBox=\"0 0 30 32\"><path fill=\"#999\" d=\"M6.8 27.4h16v-4.6h-16v4.6zM6.8 16h16v-6.8h-2.8q-0.7 0-1.2-0.5t-0.5-1.2v-2.8h-11.4v11.4zM27.4 17.2q0-0.5-0.3-0.8t-0.8-0.4-0.8 0.4-0.3 0.8 0.3 0.8 0.8 0.3 0.8-0.3 0.3-0.8zM29.7 17.2v7.4q0 0.2-0.2 0.4t-0.4 0.2h-4v2.8q0 0.7-0.5 1.2t-1.2 0.5h-17.2q-0.7 0-1.2-0.5t-0.5-1.2v-2.8h-4q-0.2 0-0.4-0.2t-0.2-0.4v-7.4q0-1.4 1-2.4t2.4-1h1.2v-9.7q0-0.7 0.5-1.2t1.2-0.5h12q0.7 0 1.6 0.4t1.3 0.8l2.7 2.7q0.5 0.5 0.9 1.4t0.4 1.6v4.6h1.1q1.4 0 2.4 1t1 2.4z\"\/><\/svg><\/span><\/a><\/li><li class=\"shariff-button mailto shariff-nocustomcolor\" style=\"background-color:#a8a8a8;border-radius:1%\"><a href=\"mailto:?body=https%3A%2F%2Fwww.sonnenseite.com%2Fde%2Fwissenschaft%2Fperito-moreno-gletscher-in-patagonien-verliert-seine-stabilitaet%2F&subject=Perito-Moreno-Gletscher%20in%20Patagonien%20verliert%20seine%20Stabilit%C3%A4t\" title=\"Per E-Mail versenden\" aria-label=\"Per E-Mail versenden\" role=\"button\" rel=\"noopener nofollow\" class=\"shariff-link\" style=\";border-radius:1%; background-color:#999; color:#fff\"><span class=\"shariff-icon\" style=\"\"><svg width=\"32px\" height=\"20px\" xmlns=\"http:\/\/www.w3.org\/2000\/svg\" viewBox=\"0 0 32 32\"><path fill=\"#999\" d=\"M32 12.7v14.2q0 1.2-0.8 2t-2 0.9h-26.3q-1.2 0-2-0.9t-0.8-2v-14.2q0.8 0.9 1.8 1.6 6.5 4.4 8.9 6.1 1 0.8 1.6 1.2t1.7 0.9 2 0.4h0.1q0.9 0 2-0.4t1.7-0.9 1.6-1.2q3-2.2 8.9-6.1 1-0.7 1.8-1.6zM32 7.4q0 1.4-0.9 2.7t-2.2 2.2q-6.7 4.7-8.4 5.8-0.2 0.1-0.7 0.5t-1 0.7-0.9 0.6-1.1 0.5-0.9 0.2h-0.1q-0.4 0-0.9-0.2t-1.1-0.5-0.9-0.6-1-0.7-0.7-0.5q-1.6-1.1-4.7-3.2t-3.6-2.6q-1.1-0.7-2.1-2t-1-2.5q0-1.4 0.7-2.3t2.1-0.9h26.3q1.2 0 2 0.8t0.9 2z\"\/><\/svg><\/span><\/a><\/li><\/ul><\/div>","protected":false},"excerpt":{"rendered":"<p>Eines der eindrucksvollsten Naturschauspiele der Welt wird zu unseren Lebzeiten sehr wahrscheinlich nicht mehr zu sehen [&hellip;]<\/p>\n","protected":false},"author":3,"featured_media":108730,"comment_status":"closed","ping_status":"closed","sticky":false,"template":"","format":"standard","meta":{"inline_featured_image":false,"footnotes":""},"categories":[26],"tags":[],"class_list":["post-108728","post","type-post","status-publish","format-standard","has-post-thumbnail","hentry","category-wissenschaft"],"yoast_head":"<!-- This site is optimized with the Yoast SEO plugin v26.5 - https:\/\/yoast.com\/wordpress\/plugins\/seo\/ -->\n<title>Perito-Moreno-Gletscher in Patagonien verliert seine Stabilit\u00e4t - Sonnenseite - \u00d6kologische Kommunikation mit Franz Alt<\/title>\n<meta name=\"description\" content=\"Eines der eindrucksvollsten Naturschauspiele der Welt wird zu unseren Lebzeiten sehr wahrscheinlich nicht mehr zu sehen sein. Noch zwischen 1940 und 2011\" \/>\n<meta name=\"robots\" content=\"index, follow, max-snippet:-1, max-image-preview:large, max-video-preview:-1\" \/>\n<link rel=\"canonical\" href=\"https:\/\/www.sonnenseite.com\/de\/wissenschaft\/perito-moreno-gletscher-in-patagonien-verliert-seine-stabilitaet\/\" \/>\n<meta property=\"og:locale\" content=\"de_DE\" \/>\n<meta property=\"og:type\" content=\"article\" \/>\n<meta property=\"og:title\" content=\"Perito-Moreno-Gletscher in Patagonien verliert seine Stabilit\u00e4t - Sonnenseite - \u00d6kologische Kommunikation mit Franz Alt\" \/>\n<meta property=\"og:description\" content=\"Eines der eindrucksvollsten Naturschauspiele der Welt wird zu unseren Lebzeiten sehr wahrscheinlich nicht mehr zu sehen sein. Noch zwischen 1940 und 2011\" \/>\n<meta property=\"og:url\" content=\"https:\/\/www.sonnenseite.com\/de\/wissenschaft\/perito-moreno-gletscher-in-patagonien-verliert-seine-stabilitaet\/\" \/>\n<meta property=\"og:site_name\" content=\"Sonnenseite\" \/>\n<meta property=\"article:publisher\" content=\"https:\/\/www.facebook.com\/pages\/Franz-Alt-SONNENSEITECOM\/221072987903953?fref=ts\" \/>\n<meta property=\"article:published_time\" content=\"2025-08-09T01:40:00+00:00\" \/>\n<meta property=\"og:image\" content=\"https:\/\/www.sonnenseite.com\/wp-content\/uploads\/2025\/08\/FAU_Perito-Moreno-Gletscher-Patagonien.jpg\" \/>\n\t<meta property=\"og:image:width\" content=\"769\" \/>\n\t<meta property=\"og:image:height\" content=\"420\" \/>\n\t<meta property=\"og:image:type\" content=\"image\/jpeg\" \/>\n<meta name=\"author\" content=\"Bigi Alt\" \/>\n<meta name=\"twitter:card\" content=\"summary_large_image\" \/>\n<meta name=\"twitter:creator\" content=\"@franzalt\" \/>\n<meta name=\"twitter:site\" content=\"@franzalt\" \/>\n<meta name=\"twitter:label1\" content=\"Verfasst von\" \/>\n\t<meta name=\"twitter:data1\" content=\"Bigi Alt\" \/>\n\t<meta name=\"twitter:label2\" content=\"Gesch\u00e4tzte Lesezeit\" \/>\n\t<meta name=\"twitter:data2\" content=\"5\u00a0Minuten\" \/>\n<script type=\"application\/ld+json\" class=\"yoast-schema-graph\">{\"@context\":\"https:\/\/schema.org\",\"@graph\":[{\"@type\":\"Article\",\"@id\":\"https:\/\/www.sonnenseite.com\/de\/wissenschaft\/perito-moreno-gletscher-in-patagonien-verliert-seine-stabilitaet\/#article\",\"isPartOf\":{\"@id\":\"https:\/\/www.sonnenseite.com\/de\/wissenschaft\/perito-moreno-gletscher-in-patagonien-verliert-seine-stabilitaet\/\"},\"author\":{\"name\":\"Bigi Alt\",\"@id\":\"https:\/\/www.sonnenseite.com\/de\/#\/schema\/person\/50fda0e926597684c7cc6695238a4eb9\"},\"headline\":\"Perito-Moreno-Gletscher in Patagonien verliert seine Stabilit\u00e4t\",\"datePublished\":\"2025-08-09T01:40:00+00:00\",\"mainEntityOfPage\":{\"@id\":\"https:\/\/www.sonnenseite.com\/de\/wissenschaft\/perito-moreno-gletscher-in-patagonien-verliert-seine-stabilitaet\/\"},\"wordCount\":777,\"publisher\":{\"@id\":\"https:\/\/www.sonnenseite.com\/de\/#organization\"},\"image\":{\"@id\":\"https:\/\/www.sonnenseite.com\/de\/wissenschaft\/perito-moreno-gletscher-in-patagonien-verliert-seine-stabilitaet\/#primaryimage\"},\"thumbnailUrl\":\"https:\/\/www.sonnenseite.com\/wp-content\/uploads\/2025\/08\/FAU_Perito-Moreno-Gletscher-Patagonien.jpg\",\"articleSection\":[\"Wissenschaft\"],\"inLanguage\":\"de\"},{\"@type\":\"WebPage\",\"@id\":\"https:\/\/www.sonnenseite.com\/de\/wissenschaft\/perito-moreno-gletscher-in-patagonien-verliert-seine-stabilitaet\/\",\"url\":\"https:\/\/www.sonnenseite.com\/de\/wissenschaft\/perito-moreno-gletscher-in-patagonien-verliert-seine-stabilitaet\/\",\"name\":\"Perito-Moreno-Gletscher in Patagonien verliert seine Stabilit\u00e4t - Sonnenseite - \u00d6kologische Kommunikation mit Franz Alt\",\"isPartOf\":{\"@id\":\"https:\/\/www.sonnenseite.com\/de\/#website\"},\"primaryImageOfPage\":{\"@id\":\"https:\/\/www.sonnenseite.com\/de\/wissenschaft\/perito-moreno-gletscher-in-patagonien-verliert-seine-stabilitaet\/#primaryimage\"},\"image\":{\"@id\":\"https:\/\/www.sonnenseite.com\/de\/wissenschaft\/perito-moreno-gletscher-in-patagonien-verliert-seine-stabilitaet\/#primaryimage\"},\"thumbnailUrl\":\"https:\/\/www.sonnenseite.com\/wp-content\/uploads\/2025\/08\/FAU_Perito-Moreno-Gletscher-Patagonien.jpg\",\"datePublished\":\"2025-08-09T01:40:00+00:00\",\"description\":\"Eines der eindrucksvollsten Naturschauspiele der Welt wird zu unseren Lebzeiten sehr wahrscheinlich nicht mehr zu sehen sein. Noch zwischen 1940 und 2011\",\"breadcrumb\":{\"@id\":\"https:\/\/www.sonnenseite.com\/de\/wissenschaft\/perito-moreno-gletscher-in-patagonien-verliert-seine-stabilitaet\/#breadcrumb\"},\"inLanguage\":\"de\",\"potentialAction\":[{\"@type\":\"ReadAction\",\"target\":[\"https:\/\/www.sonnenseite.com\/de\/wissenschaft\/perito-moreno-gletscher-in-patagonien-verliert-seine-stabilitaet\/\"]}]},{\"@type\":\"ImageObject\",\"inLanguage\":\"de\",\"@id\":\"https:\/\/www.sonnenseite.com\/de\/wissenschaft\/perito-moreno-gletscher-in-patagonien-verliert-seine-stabilitaet\/#primaryimage\",\"url\":\"https:\/\/www.sonnenseite.com\/wp-content\/uploads\/2025\/08\/FAU_Perito-Moreno-Gletscher-Patagonien.jpg\",\"contentUrl\":\"https:\/\/www.sonnenseite.com\/wp-content\/uploads\/2025\/08\/FAU_Perito-Moreno-Gletscher-Patagonien.jpg\",\"width\":769,\"height\":420,\"caption\":\"Frontseite des Perito Moreno-Gletschers. (Bild: Moritz Koch - Friedrich-Alexander-Universit\u00e4t (FAU))\"},{\"@type\":\"BreadcrumbList\",\"@id\":\"https:\/\/www.sonnenseite.com\/de\/wissenschaft\/perito-moreno-gletscher-in-patagonien-verliert-seine-stabilitaet\/#breadcrumb\",\"itemListElement\":[{\"@type\":\"ListItem\",\"position\":1,\"name\":\"Startseite\",\"item\":\"https:\/\/www.sonnenseite.com\/de\/\"},{\"@type\":\"ListItem\",\"position\":2,\"name\":\"Perito-Moreno-Gletscher in Patagonien verliert seine Stabilit\u00e4t\"}]},{\"@type\":\"WebSite\",\"@id\":\"https:\/\/www.sonnenseite.com\/de\/#website\",\"url\":\"https:\/\/www.sonnenseite.com\/de\/\",\"name\":\"Sonnenseite\",\"description\":\"\u00d6kologische Kommunikation mit Franz Alt\",\"publisher\":{\"@id\":\"https:\/\/www.sonnenseite.com\/de\/#organization\"},\"potentialAction\":[{\"@type\":\"SearchAction\",\"target\":{\"@type\":\"EntryPoint\",\"urlTemplate\":\"https:\/\/www.sonnenseite.com\/de\/?s={search_term_string}\"},\"query-input\":{\"@type\":\"PropertyValueSpecification\",\"valueRequired\":true,\"valueName\":\"search_term_string\"}}],\"inLanguage\":\"de\"},{\"@type\":\"Organization\",\"@id\":\"https:\/\/www.sonnenseite.com\/de\/#organization\",\"name\":\"Sonnenseite\",\"url\":\"https:\/\/www.sonnenseite.com\/de\/\",\"logo\":{\"@type\":\"ImageObject\",\"inLanguage\":\"de\",\"@id\":\"https:\/\/www.sonnenseite.com\/de\/#\/schema\/logo\/image\/\",\"url\":\"https:\/\/www.sonnenseite.com\/wp-content\/uploads\/2020\/05\/Sonnenseite_Logo.png\",\"contentUrl\":\"https:\/\/www.sonnenseite.com\/wp-content\/uploads\/2020\/05\/Sonnenseite_Logo.png\",\"width\":377,\"height\":90,\"caption\":\"Sonnenseite\"},\"image\":{\"@id\":\"https:\/\/www.sonnenseite.com\/de\/#\/schema\/logo\/image\/\"},\"sameAs\":[\"https:\/\/www.facebook.com\/pages\/Franz-Alt-SONNENSEITECOM\/221072987903953?fref=ts\",\"https:\/\/x.com\/franzalt\",\"http:\/\/www.youtube.com\/results?search_query&amp;amp;quot;franz_alt&amp;amp;quot;&amp;amp;amp;amp;search_type&amp;amp;amp;amp;aq=f\"]},{\"@type\":\"Person\",\"@id\":\"https:\/\/www.sonnenseite.com\/de\/#\/schema\/person\/50fda0e926597684c7cc6695238a4eb9\",\"name\":\"Bigi Alt\"}]}<\/script>\n<!-- \/ Yoast SEO plugin. -->","yoast_head_json":{"title":"Perito-Moreno-Gletscher in Patagonien verliert seine Stabilit\u00e4t - Sonnenseite - \u00d6kologische Kommunikation mit Franz Alt","description":"Eines der eindrucksvollsten Naturschauspiele der Welt wird zu unseren Lebzeiten sehr wahrscheinlich nicht mehr zu sehen sein. Noch zwischen 1940 und 2011","robots":{"index":"index","follow":"follow","max-snippet":"max-snippet:-1","max-image-preview":"max-image-preview:large","max-video-preview":"max-video-preview:-1"},"canonical":"https:\/\/www.sonnenseite.com\/de\/wissenschaft\/perito-moreno-gletscher-in-patagonien-verliert-seine-stabilitaet\/","og_locale":"de_DE","og_type":"article","og_title":"Perito-Moreno-Gletscher in Patagonien verliert seine Stabilit\u00e4t - Sonnenseite - \u00d6kologische Kommunikation mit Franz Alt","og_description":"Eines der eindrucksvollsten Naturschauspiele der Welt wird zu unseren Lebzeiten sehr wahrscheinlich nicht mehr zu sehen sein. Noch zwischen 1940 und 2011","og_url":"https:\/\/www.sonnenseite.com\/de\/wissenschaft\/perito-moreno-gletscher-in-patagonien-verliert-seine-stabilitaet\/","og_site_name":"Sonnenseite","article_publisher":"https:\/\/www.facebook.com\/pages\/Franz-Alt-SONNENSEITECOM\/221072987903953?fref=ts","article_published_time":"2025-08-09T01:40:00+00:00","og_image":[{"width":769,"height":420,"url":"https:\/\/www.sonnenseite.com\/wp-content\/uploads\/2025\/08\/FAU_Perito-Moreno-Gletscher-Patagonien.jpg","type":"image\/jpeg"}],"author":"Bigi Alt","twitter_card":"summary_large_image","twitter_creator":"@franzalt","twitter_site":"@franzalt","twitter_misc":{"Verfasst von":"Bigi Alt","Gesch\u00e4tzte Lesezeit":"5\u00a0Minuten"},"schema":{"@context":"https:\/\/schema.org","@graph":[{"@type":"Article","@id":"https:\/\/www.sonnenseite.com\/de\/wissenschaft\/perito-moreno-gletscher-in-patagonien-verliert-seine-stabilitaet\/#article","isPartOf":{"@id":"https:\/\/www.sonnenseite.com\/de\/wissenschaft\/perito-moreno-gletscher-in-patagonien-verliert-seine-stabilitaet\/"},"author":{"name":"Bigi Alt","@id":"https:\/\/www.sonnenseite.com\/de\/#\/schema\/person\/50fda0e926597684c7cc6695238a4eb9"},"headline":"Perito-Moreno-Gletscher in Patagonien verliert seine Stabilit\u00e4t","datePublished":"2025-08-09T01:40:00+00:00","mainEntityOfPage":{"@id":"https:\/\/www.sonnenseite.com\/de\/wissenschaft\/perito-moreno-gletscher-in-patagonien-verliert-seine-stabilitaet\/"},"wordCount":777,"publisher":{"@id":"https:\/\/www.sonnenseite.com\/de\/#organization"},"image":{"@id":"https:\/\/www.sonnenseite.com\/de\/wissenschaft\/perito-moreno-gletscher-in-patagonien-verliert-seine-stabilitaet\/#primaryimage"},"thumbnailUrl":"https:\/\/www.sonnenseite.com\/wp-content\/uploads\/2025\/08\/FAU_Perito-Moreno-Gletscher-Patagonien.jpg","articleSection":["Wissenschaft"],"inLanguage":"de"},{"@type":"WebPage","@id":"https:\/\/www.sonnenseite.com\/de\/wissenschaft\/perito-moreno-gletscher-in-patagonien-verliert-seine-stabilitaet\/","url":"https:\/\/www.sonnenseite.com\/de\/wissenschaft\/perito-moreno-gletscher-in-patagonien-verliert-seine-stabilitaet\/","name":"Perito-Moreno-Gletscher in Patagonien verliert seine Stabilit\u00e4t - Sonnenseite - \u00d6kologische Kommunikation mit Franz Alt","isPartOf":{"@id":"https:\/\/www.sonnenseite.com\/de\/#website"},"primaryImageOfPage":{"@id":"https:\/\/www.sonnenseite.com\/de\/wissenschaft\/perito-moreno-gletscher-in-patagonien-verliert-seine-stabilitaet\/#primaryimage"},"image":{"@id":"https:\/\/www.sonnenseite.com\/de\/wissenschaft\/perito-moreno-gletscher-in-patagonien-verliert-seine-stabilitaet\/#primaryimage"},"thumbnailUrl":"https:\/\/www.sonnenseite.com\/wp-content\/uploads\/2025\/08\/FAU_Perito-Moreno-Gletscher-Patagonien.jpg","datePublished":"2025-08-09T01:40:00+00:00","description":"Eines der eindrucksvollsten Naturschauspiele der Welt wird zu unseren Lebzeiten sehr wahrscheinlich nicht mehr zu sehen sein. Noch zwischen 1940 und 2011","breadcrumb":{"@id":"https:\/\/www.sonnenseite.com\/de\/wissenschaft\/perito-moreno-gletscher-in-patagonien-verliert-seine-stabilitaet\/#breadcrumb"},"inLanguage":"de","potentialAction":[{"@type":"ReadAction","target":["https:\/\/www.sonnenseite.com\/de\/wissenschaft\/perito-moreno-gletscher-in-patagonien-verliert-seine-stabilitaet\/"]}]},{"@type":"ImageObject","inLanguage":"de","@id":"https:\/\/www.sonnenseite.com\/de\/wissenschaft\/perito-moreno-gletscher-in-patagonien-verliert-seine-stabilitaet\/#primaryimage","url":"https:\/\/www.sonnenseite.com\/wp-content\/uploads\/2025\/08\/FAU_Perito-Moreno-Gletscher-Patagonien.jpg","contentUrl":"https:\/\/www.sonnenseite.com\/wp-content\/uploads\/2025\/08\/FAU_Perito-Moreno-Gletscher-Patagonien.jpg","width":769,"height":420,"caption":"Frontseite des Perito Moreno-Gletschers. (Bild: Moritz Koch - Friedrich-Alexander-Universit\u00e4t (FAU))"},{"@type":"BreadcrumbList","@id":"https:\/\/www.sonnenseite.com\/de\/wissenschaft\/perito-moreno-gletscher-in-patagonien-verliert-seine-stabilitaet\/#breadcrumb","itemListElement":[{"@type":"ListItem","position":1,"name":"Startseite","item":"https:\/\/www.sonnenseite.com\/de\/"},{"@type":"ListItem","position":2,"name":"Perito-Moreno-Gletscher in Patagonien verliert seine Stabilit\u00e4t"}]},{"@type":"WebSite","@id":"https:\/\/www.sonnenseite.com\/de\/#website","url":"https:\/\/www.sonnenseite.com\/de\/","name":"Sonnenseite","description":"\u00d6kologische Kommunikation mit Franz Alt","publisher":{"@id":"https:\/\/www.sonnenseite.com\/de\/#organization"},"potentialAction":[{"@type":"SearchAction","target":{"@type":"EntryPoint","urlTemplate":"https:\/\/www.sonnenseite.com\/de\/?s={search_term_string}"},"query-input":{"@type":"PropertyValueSpecification","valueRequired":true,"valueName":"search_term_string"}}],"inLanguage":"de"},{"@type":"Organization","@id":"https:\/\/www.sonnenseite.com\/de\/#organization","name":"Sonnenseite","url":"https:\/\/www.sonnenseite.com\/de\/","logo":{"@type":"ImageObject","inLanguage":"de","@id":"https:\/\/www.sonnenseite.com\/de\/#\/schema\/logo\/image\/","url":"https:\/\/www.sonnenseite.com\/wp-content\/uploads\/2020\/05\/Sonnenseite_Logo.png","contentUrl":"https:\/\/www.sonnenseite.com\/wp-content\/uploads\/2020\/05\/Sonnenseite_Logo.png","width":377,"height":90,"caption":"Sonnenseite"},"image":{"@id":"https:\/\/www.sonnenseite.com\/de\/#\/schema\/logo\/image\/"},"sameAs":["https:\/\/www.facebook.com\/pages\/Franz-Alt-SONNENSEITECOM\/221072987903953?fref=ts","https:\/\/x.com\/franzalt","http:\/\/www.youtube.com\/results?search_query&amp;amp;quot;franz_alt&amp;amp;quot;&amp;amp;amp;amp;search_type&amp;amp;amp;amp;aq=f"]},{"@type":"Person","@id":"https:\/\/www.sonnenseite.com\/de\/#\/schema\/person\/50fda0e926597684c7cc6695238a4eb9","name":"Bigi Alt"}]}},"_links":{"self":[{"href":"https:\/\/www.sonnenseite.com\/de\/wp-json\/wp\/v2\/posts\/108728","targetHints":{"allow":["GET"]}}],"collection":[{"href":"https:\/\/www.sonnenseite.com\/de\/wp-json\/wp\/v2\/posts"}],"about":[{"href":"https:\/\/www.sonnenseite.com\/de\/wp-json\/wp\/v2\/types\/post"}],"author":[{"embeddable":true,"href":"https:\/\/www.sonnenseite.com\/de\/wp-json\/wp\/v2\/users\/3"}],"replies":[{"embeddable":true,"href":"https:\/\/www.sonnenseite.com\/de\/wp-json\/wp\/v2\/comments?post=108728"}],"version-history":[{"count":3,"href":"https:\/\/www.sonnenseite.com\/de\/wp-json\/wp\/v2\/posts\/108728\/revisions"}],"predecessor-version":[{"id":108735,"href":"https:\/\/www.sonnenseite.com\/de\/wp-json\/wp\/v2\/posts\/108728\/revisions\/108735"}],"wp:featuredmedia":[{"embeddable":true,"href":"https:\/\/www.sonnenseite.com\/de\/wp-json\/wp\/v2\/media\/108730"}],"wp:attachment":[{"href":"https:\/\/www.sonnenseite.com\/de\/wp-json\/wp\/v2\/media?parent=108728"}],"wp:term":[{"taxonomy":"category","embeddable":true,"href":"https:\/\/www.sonnenseite.com\/de\/wp-json\/wp\/v2\/categories?post=108728"},{"taxonomy":"post_tag","embeddable":true,"href":"https:\/\/www.sonnenseite.com\/de\/wp-json\/wp\/v2\/tags?post=108728"}],"curies":[{"name":"wp","href":"https:\/\/api.w.org\/{rel}","templated":true}]}}