{"id":108745,"date":"2025-08-09T10:10:03","date_gmt":"2025-08-09T08:10:03","guid":{"rendered":"https:\/\/www.sonnenseite.com\/?p=108745"},"modified":"2025-08-09T10:10:04","modified_gmt":"2025-08-09T08:10:04","slug":"bundesregierung-beruft-neue-mitglieder-in-expertenrat-fuer-klimafragen","status":"publish","type":"post","link":"https:\/\/www.sonnenseite.com\/de\/politik\/bundesregierung-beruft-neue-mitglieder-in-expertenrat-fuer-klimafragen\/","title":{"rendered":"Bundesregierung beruft neue Mitglieder in Expertenrat f\u00fcr Klimafragen"},"content":{"rendered":"\n<p>Auf Vorschlag des Bundesumweltministers hat die Bundesregierung heute die Mitglieder des Expertenrats f\u00fcr Klimafragen f\u00fcr die n\u00e4chsten f\u00fcnf Jahre benannt. Am 1. September beginnt die zweite Amtsperiode des Expertenrats. Der <a href=\"https:\/\/expertenrat-klima.de\/news\/bundesregierung-beruft-mitglieder-fuer-die-zweite-amtsperiode\/\">Expertenrat f\u00fcr Klimafragen (ERK)<\/a> pr\u00fcft als unabh\u00e4ngiges wissenschaftliches Beratungsgremium der Bundesregierung wesentliche Datengrundlagen f\u00fcr die nationale Klimapolitik.<\/p>\n\n\n\n<p>Bundesumweltminister Carsten Schneider: &#8222;Ich danke den bisherigen Ratsmitgliedern sehr herzlich \u2013 auch im Namen der Bundesregierung \u2013 f\u00fcr die geleistete Arbeit in der vergangenen Amtsperiode. Sie haben in den vergangenen f\u00fcnf Jahren den Expertenrat als unabh\u00e4ngiges wissenschaftliches Beratungsgremium der Bundesregierung etabliert und mit den ver\u00f6ffentlichten Gutachten und Stellungnahmen zahlreiche Impulse f\u00fcr die Weiterentwicklung der nationalen Klimapolitik gegeben.&#8220;<\/p>\n\n\n\n<p>Die zweite Amtsperiode des Expertenrats f\u00fcr Klimafragen beginnt am 1. September 2025 und endet am 30. August 2030. Erneut berufen wurden die bisherigen Ratsmitglieder Prof. Dr. Marc Oliver Bettz\u00fcge (Energiewirtschaftliches Institut an der Universit\u00e4t zu K\u00f6ln) sowie Dr. Barbara Schlomann (Fraunhofer Institut f\u00fcr System- und Innovationsforschung Karlsruhe).<\/p>\n\n\n\n<p>Neu benannte Mitglieder sind Prof. Dr. Dr. Tanja Kneiske (Fraunhofer-Einrichtung f\u00fcr Energieinfrastrukturen und Geotechnologien Cottbus), Prof. Dr. Allister Loder (Technische Universit\u00e4t M\u00fcnchen) sowie Prof. Dr. Julia Pongratz (Ludwig-Maximilians-Universit\u00e4t M\u00fcnchen). Mit den heute benannten Ratsmitgliedern konnten Fachleute gewonnen werden, die \u00fcber ein breites Spektrum an Kompetenz f\u00fcr die anstehenden Aufgaben verf\u00fcgen. Die in Teilen neue Zusammensetzung des Expertenrates verspricht Kontinuit\u00e4t und zugleich neue Perspektiven bei der Bew\u00e4ltigung der bevorstehenden Aufgaben.<\/p>\n\n\n\n<p>Der Expertenrat f\u00fcr Klimafragen ist ein auf Basis des deutschen Bundes-Klimaschutzgesetzes (KSG) im August 2020 eingerichtetes Gremium aus f\u00fcnf sachverst\u00e4ndigen Personen verschiedener Disziplinen. Er pr\u00fcft die vom Umweltbundesamt vorgelegten Emissionsdaten und legt der Bundesregierung und dem Deutschen Bundestag eine Bewertung vor. Dabei bezieht er soziale Expertise mit ein.<\/p>\n\n\n<h5 class=\"green\">Quelle<\/h5>\r\n\n\n\n<p><a href=\"https:\/\/www.bundesumweltministerium.de\/\" target=\"_blank\" rel=\"noreferrer noopener\">BMUKN 2025<\/a><\/p>\n<div class=\"shariff shariff-align-flex-start shariff-widget-align-flex-start\"><div class=\"ShariffHeadline\">Diese Meldung teilen<\/div><ul class=\"shariff-buttons theme-round orientation-horizontal buttonsize-medium\"><li class=\"shariff-button facebook shariff-nocustomcolor\" style=\"background-color:#4273c8;border-radius:1%\"><a href=\"https:\/\/www.facebook.com\/sharer\/sharer.php?u=https%3A%2F%2Fwww.sonnenseite.com%2Fde%2Fpolitik%2Fbundesregierung-beruft-neue-mitglieder-in-expertenrat-fuer-klimafragen%2F\" title=\"Bei Facebook teilen\" aria-label=\"Bei Facebook teilen\" role=\"button\" rel=\"nofollow\" class=\"shariff-link\" style=\";border-radius:1%; background-color:#3b5998; color:#fff\" target=\"_blank\"><span class=\"shariff-icon\" style=\"\"><svg width=\"32px\" height=\"20px\" xmlns=\"http:\/\/www.w3.org\/2000\/svg\" viewBox=\"0 0 18 32\"><path fill=\"#3b5998\" d=\"M17.1 0.2v4.7h-2.8q-1.5 0-2.1 0.6t-0.5 1.9v3.4h5.2l-0.7 5.3h-4.5v13.6h-5.5v-13.6h-4.5v-5.3h4.5v-3.9q0-3.3 1.9-5.2t5-1.8q2.6 0 4.1 0.2z\"\/><\/svg><\/span><\/a><\/li><li class=\"shariff-button twitter shariff-nocustomcolor\" style=\"background-color:#595959;border-radius:1%\"><a href=\"https:\/\/twitter.com\/share?url=https%3A%2F%2Fwww.sonnenseite.com%2Fde%2Fpolitik%2Fbundesregierung-beruft-neue-mitglieder-in-expertenrat-fuer-klimafragen%2F&text=Bundesregierung%20beruft%20neue%20Mitglieder%20in%20Expertenrat%20f%C3%BCr%20Klimafragen\" title=\"Bei X teilen\" aria-label=\"Bei X teilen\" role=\"button\" rel=\"noopener nofollow\" class=\"shariff-link\" style=\";border-radius:1%; background-color:#000; color:#fff\" target=\"_blank\"><span class=\"shariff-icon\" style=\"\"><svg width=\"32px\" height=\"20px\" xmlns=\"http:\/\/www.w3.org\/2000\/svg\" viewBox=\"0 0 24 24\"><path fill=\"#000\" d=\"M14.258 10.152L23.176 0h-2.113l-7.747 8.813L7.133 0H0l9.352 13.328L0 23.973h2.113l8.176-9.309 6.531 9.309h7.133zm-2.895 3.293l-.949-1.328L2.875 1.56h3.246l6.086 8.523.945 1.328 7.91 11.078h-3.246zm0 0\"\/><\/svg><\/span><\/a><\/li><li class=\"shariff-button xing shariff-nocustomcolor\" style=\"background-color:#29888a;border-radius:1%\"><a href=\"https:\/\/www.xing.com\/spi\/shares\/new?url=https%3A%2F%2Fwww.sonnenseite.com%2Fde%2Fpolitik%2Fbundesregierung-beruft-neue-mitglieder-in-expertenrat-fuer-klimafragen%2F\" title=\"Bei XING teilen\" aria-label=\"Bei XING teilen\" role=\"button\" rel=\"noopener nofollow\" class=\"shariff-link\" style=\";border-radius:1%; background-color:#126567; color:#fff\" target=\"_blank\"><span class=\"shariff-icon\" style=\"\"><svg width=\"32px\" height=\"20px\" xmlns=\"http:\/\/www.w3.org\/2000\/svg\" viewBox=\"0 0 25 32\"><path fill=\"#126567\" d=\"M10.7 11.9q-0.2 0.3-4.6 8.2-0.5 0.8-1.2 0.8h-4.3q-0.4 0-0.5-0.3t0-0.6l4.5-8q0 0 0 0l-2.9-5q-0.2-0.4 0-0.7 0.2-0.3 0.5-0.3h4.3q0.7 0 1.2 0.8zM25.1 0.4q0.2 0.3 0 0.7l-9.4 16.7 6 11q0.2 0.4 0 0.6-0.2 0.3-0.6 0.3h-4.3q-0.7 0-1.2-0.8l-6-11.1q0.3-0.6 9.5-16.8 0.4-0.8 1.2-0.8h4.3q0.4 0 0.5 0.3z\"\/><\/svg><\/span><\/a><\/li><li class=\"shariff-button linkedin shariff-nocustomcolor\" style=\"background-color:#1488bf;border-radius:1%\"><a href=\"https:\/\/www.linkedin.com\/sharing\/share-offsite\/?url=https%3A%2F%2Fwww.sonnenseite.com%2Fde%2Fpolitik%2Fbundesregierung-beruft-neue-mitglieder-in-expertenrat-fuer-klimafragen%2F\" title=\"Bei LinkedIn teilen\" aria-label=\"Bei LinkedIn teilen\" role=\"button\" rel=\"noopener nofollow\" class=\"shariff-link\" style=\";border-radius:1%; background-color:#0077b5; color:#fff\" target=\"_blank\"><span class=\"shariff-icon\" style=\"\"><svg width=\"32px\" height=\"20px\" xmlns=\"http:\/\/www.w3.org\/2000\/svg\" viewBox=\"0 0 27 32\"><path fill=\"#0077b5\" d=\"M6.2 11.2v17.7h-5.9v-17.7h5.9zM6.6 5.7q0 1.3-0.9 2.2t-2.4 0.9h0q-1.5 0-2.4-0.9t-0.9-2.2 0.9-2.2 2.4-0.9 2.4 0.9 0.9 2.2zM27.4 18.7v10.1h-5.9v-9.5q0-1.9-0.7-2.9t-2.3-1.1q-1.1 0-1.9 0.6t-1.2 1.5q-0.2 0.5-0.2 1.4v9.9h-5.9q0-7.1 0-11.6t0-5.3l0-0.9h5.9v2.6h0q0.4-0.6 0.7-1t1-0.9 1.6-0.8 2-0.3q3 0 4.9 2t1.9 6z\"\/><\/svg><\/span><\/a><\/li><li class=\"shariff-button printer shariff-nocustomcolor\" style=\"background-color:#a8a8a8;border-radius:1%\"><a href=\"javascript:window.print()\" title=\"drucken\" aria-label=\"drucken\" role=\"button\" rel=\"noopener nofollow\" class=\"shariff-link\" style=\";border-radius:1%; background-color:#999; color:#fff\"><span class=\"shariff-icon\" style=\"\"><svg width=\"32px\" height=\"20px\" xmlns=\"http:\/\/www.w3.org\/2000\/svg\" viewBox=\"0 0 30 32\"><path fill=\"#999\" d=\"M6.8 27.4h16v-4.6h-16v4.6zM6.8 16h16v-6.8h-2.8q-0.7 0-1.2-0.5t-0.5-1.2v-2.8h-11.4v11.4zM27.4 17.2q0-0.5-0.3-0.8t-0.8-0.4-0.8 0.4-0.3 0.8 0.3 0.8 0.8 0.3 0.8-0.3 0.3-0.8zM29.7 17.2v7.4q0 0.2-0.2 0.4t-0.4 0.2h-4v2.8q0 0.7-0.5 1.2t-1.2 0.5h-17.2q-0.7 0-1.2-0.5t-0.5-1.2v-2.8h-4q-0.2 0-0.4-0.2t-0.2-0.4v-7.4q0-1.4 1-2.4t2.4-1h1.2v-9.7q0-0.7 0.5-1.2t1.2-0.5h12q0.7 0 1.6 0.4t1.3 0.8l2.7 2.7q0.5 0.5 0.9 1.4t0.4 1.6v4.6h1.1q1.4 0 2.4 1t1 2.4z\"\/><\/svg><\/span><\/a><\/li><li class=\"shariff-button mailto shariff-nocustomcolor\" style=\"background-color:#a8a8a8;border-radius:1%\"><a href=\"mailto:?body=https%3A%2F%2Fwww.sonnenseite.com%2Fde%2Fpolitik%2Fbundesregierung-beruft-neue-mitglieder-in-expertenrat-fuer-klimafragen%2F&subject=Bundesregierung%20beruft%20neue%20Mitglieder%20in%20Expertenrat%20f%C3%BCr%20Klimafragen\" title=\"Per E-Mail versenden\" aria-label=\"Per E-Mail versenden\" role=\"button\" rel=\"noopener nofollow\" class=\"shariff-link\" style=\";border-radius:1%; background-color:#999; color:#fff\"><span class=\"shariff-icon\" style=\"\"><svg width=\"32px\" height=\"20px\" xmlns=\"http:\/\/www.w3.org\/2000\/svg\" viewBox=\"0 0 32 32\"><path fill=\"#999\" d=\"M32 12.7v14.2q0 1.2-0.8 2t-2 0.9h-26.3q-1.2 0-2-0.9t-0.8-2v-14.2q0.8 0.9 1.8 1.6 6.5 4.4 8.9 6.1 1 0.8 1.6 1.2t1.7 0.9 2 0.4h0.1q0.9 0 2-0.4t1.7-0.9 1.6-1.2q3-2.2 8.9-6.1 1-0.7 1.8-1.6zM32 7.4q0 1.4-0.9 2.7t-2.2 2.2q-6.7 4.7-8.4 5.8-0.2 0.1-0.7 0.5t-1 0.7-0.9 0.6-1.1 0.5-0.9 0.2h-0.1q-0.4 0-0.9-0.2t-1.1-0.5-0.9-0.6-1-0.7-0.7-0.5q-1.6-1.1-4.7-3.2t-3.6-2.6q-1.1-0.7-2.1-2t-1-2.5q0-1.4 0.7-2.3t2.1-0.9h26.3q1.2 0 2 0.8t0.9 2z\"\/><\/svg><\/span><\/a><\/li><\/ul><\/div>","protected":false},"excerpt":{"rendered":"<p>Auf Vorschlag des Bundesumweltministers hat die Bundesregierung heute die Mitglieder des Expertenrats f\u00fcr Klimafragen f\u00fcr die [&hellip;]<\/p>\n","protected":false},"author":3,"featured_media":107699,"comment_status":"closed","ping_status":"closed","sticky":false,"template":"","format":"standard","meta":{"inline_featured_image":false,"footnotes":""},"categories":[21],"tags":[],"class_list":["post-108745","post","type-post","status-publish","format-standard","has-post-thumbnail","hentry","category-politik"],"yoast_head":"<!-- This site is optimized with the Yoast SEO plugin v26.5 - https:\/\/yoast.com\/wordpress\/plugins\/seo\/ -->\n<title>Bundesregierung beruft neue Mitglieder in Expertenrat f\u00fcr Klimafragen - Sonnenseite - \u00d6kologische Kommunikation mit Franz Alt<\/title>\n<meta name=\"description\" content=\"Auf Vorschlag des Bundesumweltministers hat die Bundesregierung heute die Mitglieder des Expertenrats f\u00fcr Klimafragen f\u00fcr die n\u00e4chsten f\u00fcnf Jahre benannt.\" \/>\n<meta name=\"robots\" content=\"index, follow, max-snippet:-1, max-image-preview:large, max-video-preview:-1\" \/>\n<link rel=\"canonical\" href=\"https:\/\/www.sonnenseite.com\/de\/politik\/bundesregierung-beruft-neue-mitglieder-in-expertenrat-fuer-klimafragen\/\" \/>\n<meta property=\"og:locale\" content=\"de_DE\" \/>\n<meta property=\"og:type\" content=\"article\" \/>\n<meta property=\"og:title\" content=\"Bundesregierung beruft neue Mitglieder in Expertenrat f\u00fcr Klimafragen - Sonnenseite - \u00d6kologische Kommunikation mit Franz Alt\" \/>\n<meta property=\"og:description\" content=\"Auf Vorschlag des Bundesumweltministers hat die Bundesregierung heute die Mitglieder des Expertenrats f\u00fcr Klimafragen f\u00fcr die n\u00e4chsten f\u00fcnf Jahre benannt.\" \/>\n<meta property=\"og:url\" content=\"https:\/\/www.sonnenseite.com\/de\/politik\/bundesregierung-beruft-neue-mitglieder-in-expertenrat-fuer-klimafragen\/\" \/>\n<meta property=\"og:site_name\" content=\"Sonnenseite\" \/>\n<meta property=\"article:publisher\" content=\"https:\/\/www.facebook.com\/pages\/Franz-Alt-SONNENSEITECOM\/221072987903953?fref=ts\" \/>\n<meta property=\"article:published_time\" content=\"2025-08-09T08:10:03+00:00\" \/>\n<meta property=\"article:modified_time\" content=\"2025-08-09T08:10:04+00:00\" \/>\n<meta property=\"og:image\" content=\"https:\/\/www.sonnenseite.com\/wp-content\/uploads\/2025\/06\/Klima_Geld_PhotoAventure.jpg\" \/>\n\t<meta property=\"og:image:width\" content=\"769\" \/>\n\t<meta property=\"og:image:height\" content=\"420\" \/>\n\t<meta property=\"og:image:type\" content=\"image\/jpeg\" \/>\n<meta name=\"author\" content=\"Bigi Alt\" \/>\n<meta name=\"twitter:card\" content=\"summary_large_image\" \/>\n<meta name=\"twitter:creator\" content=\"@franzalt\" \/>\n<meta name=\"twitter:site\" content=\"@franzalt\" \/>\n<meta name=\"twitter:label1\" content=\"Verfasst von\" \/>\n\t<meta name=\"twitter:data1\" content=\"Bigi Alt\" \/>\n\t<meta name=\"twitter:label2\" content=\"Gesch\u00e4tzte Lesezeit\" \/>\n\t<meta name=\"twitter:data2\" content=\"2\u00a0Minuten\" \/>\n<script type=\"application\/ld+json\" class=\"yoast-schema-graph\">{\"@context\":\"https:\/\/schema.org\",\"@graph\":[{\"@type\":\"Article\",\"@id\":\"https:\/\/www.sonnenseite.com\/de\/politik\/bundesregierung-beruft-neue-mitglieder-in-expertenrat-fuer-klimafragen\/#article\",\"isPartOf\":{\"@id\":\"https:\/\/www.sonnenseite.com\/de\/politik\/bundesregierung-beruft-neue-mitglieder-in-expertenrat-fuer-klimafragen\/\"},\"author\":{\"name\":\"Bigi Alt\",\"@id\":\"https:\/\/www.sonnenseite.com\/de\/#\/schema\/person\/50fda0e926597684c7cc6695238a4eb9\"},\"headline\":\"Bundesregierung beruft neue Mitglieder in Expertenrat f\u00fcr Klimafragen\",\"datePublished\":\"2025-08-09T08:10:03+00:00\",\"dateModified\":\"2025-08-09T08:10:04+00:00\",\"mainEntityOfPage\":{\"@id\":\"https:\/\/www.sonnenseite.com\/de\/politik\/bundesregierung-beruft-neue-mitglieder-in-expertenrat-fuer-klimafragen\/\"},\"wordCount\":301,\"publisher\":{\"@id\":\"https:\/\/www.sonnenseite.com\/de\/#organization\"},\"image\":{\"@id\":\"https:\/\/www.sonnenseite.com\/de\/politik\/bundesregierung-beruft-neue-mitglieder-in-expertenrat-fuer-klimafragen\/#primaryimage\"},\"thumbnailUrl\":\"https:\/\/www.sonnenseite.com\/wp-content\/uploads\/2025\/06\/Klima_Geld_PhotoAventure.jpg\",\"articleSection\":[\"Politik\"],\"inLanguage\":\"de\"},{\"@type\":\"WebPage\",\"@id\":\"https:\/\/www.sonnenseite.com\/de\/politik\/bundesregierung-beruft-neue-mitglieder-in-expertenrat-fuer-klimafragen\/\",\"url\":\"https:\/\/www.sonnenseite.com\/de\/politik\/bundesregierung-beruft-neue-mitglieder-in-expertenrat-fuer-klimafragen\/\",\"name\":\"Bundesregierung beruft neue Mitglieder in Expertenrat f\u00fcr Klimafragen - Sonnenseite - \u00d6kologische Kommunikation mit Franz Alt\",\"isPartOf\":{\"@id\":\"https:\/\/www.sonnenseite.com\/de\/#website\"},\"primaryImageOfPage\":{\"@id\":\"https:\/\/www.sonnenseite.com\/de\/politik\/bundesregierung-beruft-neue-mitglieder-in-expertenrat-fuer-klimafragen\/#primaryimage\"},\"image\":{\"@id\":\"https:\/\/www.sonnenseite.com\/de\/politik\/bundesregierung-beruft-neue-mitglieder-in-expertenrat-fuer-klimafragen\/#primaryimage\"},\"thumbnailUrl\":\"https:\/\/www.sonnenseite.com\/wp-content\/uploads\/2025\/06\/Klima_Geld_PhotoAventure.jpg\",\"datePublished\":\"2025-08-09T08:10:03+00:00\",\"dateModified\":\"2025-08-09T08:10:04+00:00\",\"description\":\"Auf Vorschlag des Bundesumweltministers hat die Bundesregierung heute die Mitglieder des Expertenrats f\u00fcr Klimafragen f\u00fcr die n\u00e4chsten f\u00fcnf Jahre benannt.\",\"breadcrumb\":{\"@id\":\"https:\/\/www.sonnenseite.com\/de\/politik\/bundesregierung-beruft-neue-mitglieder-in-expertenrat-fuer-klimafragen\/#breadcrumb\"},\"inLanguage\":\"de\",\"potentialAction\":[{\"@type\":\"ReadAction\",\"target\":[\"https:\/\/www.sonnenseite.com\/de\/politik\/bundesregierung-beruft-neue-mitglieder-in-expertenrat-fuer-klimafragen\/\"]}]},{\"@type\":\"ImageObject\",\"inLanguage\":\"de\",\"@id\":\"https:\/\/www.sonnenseite.com\/de\/politik\/bundesregierung-beruft-neue-mitglieder-in-expertenrat-fuer-klimafragen\/#primaryimage\",\"url\":\"https:\/\/www.sonnenseite.com\/wp-content\/uploads\/2025\/06\/Klima_Geld_PhotoAventure.jpg\",\"contentUrl\":\"https:\/\/www.sonnenseite.com\/wp-content\/uploads\/2025\/06\/Klima_Geld_PhotoAventure.jpg\",\"width\":769,\"height\":420,\"caption\":\"Depositphotos.com | PhotoAventure\"},{\"@type\":\"BreadcrumbList\",\"@id\":\"https:\/\/www.sonnenseite.com\/de\/politik\/bundesregierung-beruft-neue-mitglieder-in-expertenrat-fuer-klimafragen\/#breadcrumb\",\"itemListElement\":[{\"@type\":\"ListItem\",\"position\":1,\"name\":\"Startseite\",\"item\":\"https:\/\/www.sonnenseite.com\/de\/\"},{\"@type\":\"ListItem\",\"position\":2,\"name\":\"Bundesregierung beruft neue Mitglieder in Expertenrat f\u00fcr Klimafragen\"}]},{\"@type\":\"WebSite\",\"@id\":\"https:\/\/www.sonnenseite.com\/de\/#website\",\"url\":\"https:\/\/www.sonnenseite.com\/de\/\",\"name\":\"Sonnenseite\",\"description\":\"\u00d6kologische Kommunikation mit Franz Alt\",\"publisher\":{\"@id\":\"https:\/\/www.sonnenseite.com\/de\/#organization\"},\"potentialAction\":[{\"@type\":\"SearchAction\",\"target\":{\"@type\":\"EntryPoint\",\"urlTemplate\":\"https:\/\/www.sonnenseite.com\/de\/?s={search_term_string}\"},\"query-input\":{\"@type\":\"PropertyValueSpecification\",\"valueRequired\":true,\"valueName\":\"search_term_string\"}}],\"inLanguage\":\"de\"},{\"@type\":\"Organization\",\"@id\":\"https:\/\/www.sonnenseite.com\/de\/#organization\",\"name\":\"Sonnenseite\",\"url\":\"https:\/\/www.sonnenseite.com\/de\/\",\"logo\":{\"@type\":\"ImageObject\",\"inLanguage\":\"de\",\"@id\":\"https:\/\/www.sonnenseite.com\/de\/#\/schema\/logo\/image\/\",\"url\":\"https:\/\/www.sonnenseite.com\/wp-content\/uploads\/2020\/05\/Sonnenseite_Logo.png\",\"contentUrl\":\"https:\/\/www.sonnenseite.com\/wp-content\/uploads\/2020\/05\/Sonnenseite_Logo.png\",\"width\":377,\"height\":90,\"caption\":\"Sonnenseite\"},\"image\":{\"@id\":\"https:\/\/www.sonnenseite.com\/de\/#\/schema\/logo\/image\/\"},\"sameAs\":[\"https:\/\/www.facebook.com\/pages\/Franz-Alt-SONNENSEITECOM\/221072987903953?fref=ts\",\"https:\/\/x.com\/franzalt\",\"http:\/\/www.youtube.com\/results?search_query&amp;amp;quot;franz_alt&amp;amp;quot;&amp;amp;amp;amp;search_type&amp;amp;amp;amp;aq=f\"]},{\"@type\":\"Person\",\"@id\":\"https:\/\/www.sonnenseite.com\/de\/#\/schema\/person\/50fda0e926597684c7cc6695238a4eb9\",\"name\":\"Bigi Alt\"}]}<\/script>\n<!-- \/ Yoast SEO plugin. -->","yoast_head_json":{"title":"Bundesregierung beruft neue Mitglieder in Expertenrat f\u00fcr Klimafragen - Sonnenseite - \u00d6kologische Kommunikation mit Franz Alt","description":"Auf Vorschlag des Bundesumweltministers hat die Bundesregierung heute die Mitglieder des Expertenrats f\u00fcr Klimafragen f\u00fcr die n\u00e4chsten f\u00fcnf Jahre benannt.","robots":{"index":"index","follow":"follow","max-snippet":"max-snippet:-1","max-image-preview":"max-image-preview:large","max-video-preview":"max-video-preview:-1"},"canonical":"https:\/\/www.sonnenseite.com\/de\/politik\/bundesregierung-beruft-neue-mitglieder-in-expertenrat-fuer-klimafragen\/","og_locale":"de_DE","og_type":"article","og_title":"Bundesregierung beruft neue Mitglieder in Expertenrat f\u00fcr Klimafragen - Sonnenseite - \u00d6kologische Kommunikation mit Franz Alt","og_description":"Auf Vorschlag des Bundesumweltministers hat die Bundesregierung heute die Mitglieder des Expertenrats f\u00fcr Klimafragen f\u00fcr die n\u00e4chsten f\u00fcnf Jahre benannt.","og_url":"https:\/\/www.sonnenseite.com\/de\/politik\/bundesregierung-beruft-neue-mitglieder-in-expertenrat-fuer-klimafragen\/","og_site_name":"Sonnenseite","article_publisher":"https:\/\/www.facebook.com\/pages\/Franz-Alt-SONNENSEITECOM\/221072987903953?fref=ts","article_published_time":"2025-08-09T08:10:03+00:00","article_modified_time":"2025-08-09T08:10:04+00:00","og_image":[{"width":769,"height":420,"url":"https:\/\/www.sonnenseite.com\/wp-content\/uploads\/2025\/06\/Klima_Geld_PhotoAventure.jpg","type":"image\/jpeg"}],"author":"Bigi Alt","twitter_card":"summary_large_image","twitter_creator":"@franzalt","twitter_site":"@franzalt","twitter_misc":{"Verfasst von":"Bigi Alt","Gesch\u00e4tzte Lesezeit":"2\u00a0Minuten"},"schema":{"@context":"https:\/\/schema.org","@graph":[{"@type":"Article","@id":"https:\/\/www.sonnenseite.com\/de\/politik\/bundesregierung-beruft-neue-mitglieder-in-expertenrat-fuer-klimafragen\/#article","isPartOf":{"@id":"https:\/\/www.sonnenseite.com\/de\/politik\/bundesregierung-beruft-neue-mitglieder-in-expertenrat-fuer-klimafragen\/"},"author":{"name":"Bigi Alt","@id":"https:\/\/www.sonnenseite.com\/de\/#\/schema\/person\/50fda0e926597684c7cc6695238a4eb9"},"headline":"Bundesregierung beruft neue Mitglieder in Expertenrat f\u00fcr Klimafragen","datePublished":"2025-08-09T08:10:03+00:00","dateModified":"2025-08-09T08:10:04+00:00","mainEntityOfPage":{"@id":"https:\/\/www.sonnenseite.com\/de\/politik\/bundesregierung-beruft-neue-mitglieder-in-expertenrat-fuer-klimafragen\/"},"wordCount":301,"publisher":{"@id":"https:\/\/www.sonnenseite.com\/de\/#organization"},"image":{"@id":"https:\/\/www.sonnenseite.com\/de\/politik\/bundesregierung-beruft-neue-mitglieder-in-expertenrat-fuer-klimafragen\/#primaryimage"},"thumbnailUrl":"https:\/\/www.sonnenseite.com\/wp-content\/uploads\/2025\/06\/Klima_Geld_PhotoAventure.jpg","articleSection":["Politik"],"inLanguage":"de"},{"@type":"WebPage","@id":"https:\/\/www.sonnenseite.com\/de\/politik\/bundesregierung-beruft-neue-mitglieder-in-expertenrat-fuer-klimafragen\/","url":"https:\/\/www.sonnenseite.com\/de\/politik\/bundesregierung-beruft-neue-mitglieder-in-expertenrat-fuer-klimafragen\/","name":"Bundesregierung beruft neue Mitglieder in Expertenrat f\u00fcr Klimafragen - Sonnenseite - \u00d6kologische Kommunikation mit Franz Alt","isPartOf":{"@id":"https:\/\/www.sonnenseite.com\/de\/#website"},"primaryImageOfPage":{"@id":"https:\/\/www.sonnenseite.com\/de\/politik\/bundesregierung-beruft-neue-mitglieder-in-expertenrat-fuer-klimafragen\/#primaryimage"},"image":{"@id":"https:\/\/www.sonnenseite.com\/de\/politik\/bundesregierung-beruft-neue-mitglieder-in-expertenrat-fuer-klimafragen\/#primaryimage"},"thumbnailUrl":"https:\/\/www.sonnenseite.com\/wp-content\/uploads\/2025\/06\/Klima_Geld_PhotoAventure.jpg","datePublished":"2025-08-09T08:10:03+00:00","dateModified":"2025-08-09T08:10:04+00:00","description":"Auf Vorschlag des Bundesumweltministers hat die Bundesregierung heute die Mitglieder des Expertenrats f\u00fcr Klimafragen f\u00fcr die n\u00e4chsten f\u00fcnf Jahre benannt.","breadcrumb":{"@id":"https:\/\/www.sonnenseite.com\/de\/politik\/bundesregierung-beruft-neue-mitglieder-in-expertenrat-fuer-klimafragen\/#breadcrumb"},"inLanguage":"de","potentialAction":[{"@type":"ReadAction","target":["https:\/\/www.sonnenseite.com\/de\/politik\/bundesregierung-beruft-neue-mitglieder-in-expertenrat-fuer-klimafragen\/"]}]},{"@type":"ImageObject","inLanguage":"de","@id":"https:\/\/www.sonnenseite.com\/de\/politik\/bundesregierung-beruft-neue-mitglieder-in-expertenrat-fuer-klimafragen\/#primaryimage","url":"https:\/\/www.sonnenseite.com\/wp-content\/uploads\/2025\/06\/Klima_Geld_PhotoAventure.jpg","contentUrl":"https:\/\/www.sonnenseite.com\/wp-content\/uploads\/2025\/06\/Klima_Geld_PhotoAventure.jpg","width":769,"height":420,"caption":"Depositphotos.com | PhotoAventure"},{"@type":"BreadcrumbList","@id":"https:\/\/www.sonnenseite.com\/de\/politik\/bundesregierung-beruft-neue-mitglieder-in-expertenrat-fuer-klimafragen\/#breadcrumb","itemListElement":[{"@type":"ListItem","position":1,"name":"Startseite","item":"https:\/\/www.sonnenseite.com\/de\/"},{"@type":"ListItem","position":2,"name":"Bundesregierung beruft neue Mitglieder in Expertenrat f\u00fcr Klimafragen"}]},{"@type":"WebSite","@id":"https:\/\/www.sonnenseite.com\/de\/#website","url":"https:\/\/www.sonnenseite.com\/de\/","name":"Sonnenseite","description":"\u00d6kologische Kommunikation mit Franz Alt","publisher":{"@id":"https:\/\/www.sonnenseite.com\/de\/#organization"},"potentialAction":[{"@type":"SearchAction","target":{"@type":"EntryPoint","urlTemplate":"https:\/\/www.sonnenseite.com\/de\/?s={search_term_string}"},"query-input":{"@type":"PropertyValueSpecification","valueRequired":true,"valueName":"search_term_string"}}],"inLanguage":"de"},{"@type":"Organization","@id":"https:\/\/www.sonnenseite.com\/de\/#organization","name":"Sonnenseite","url":"https:\/\/www.sonnenseite.com\/de\/","logo":{"@type":"ImageObject","inLanguage":"de","@id":"https:\/\/www.sonnenseite.com\/de\/#\/schema\/logo\/image\/","url":"https:\/\/www.sonnenseite.com\/wp-content\/uploads\/2020\/05\/Sonnenseite_Logo.png","contentUrl":"https:\/\/www.sonnenseite.com\/wp-content\/uploads\/2020\/05\/Sonnenseite_Logo.png","width":377,"height":90,"caption":"Sonnenseite"},"image":{"@id":"https:\/\/www.sonnenseite.com\/de\/#\/schema\/logo\/image\/"},"sameAs":["https:\/\/www.facebook.com\/pages\/Franz-Alt-SONNENSEITECOM\/221072987903953?fref=ts","https:\/\/x.com\/franzalt","http:\/\/www.youtube.com\/results?search_query&amp;amp;quot;franz_alt&amp;amp;quot;&amp;amp;amp;amp;search_type&amp;amp;amp;amp;aq=f"]},{"@type":"Person","@id":"https:\/\/www.sonnenseite.com\/de\/#\/schema\/person\/50fda0e926597684c7cc6695238a4eb9","name":"Bigi Alt"}]}},"_links":{"self":[{"href":"https:\/\/www.sonnenseite.com\/de\/wp-json\/wp\/v2\/posts\/108745","targetHints":{"allow":["GET"]}}],"collection":[{"href":"https:\/\/www.sonnenseite.com\/de\/wp-json\/wp\/v2\/posts"}],"about":[{"href":"https:\/\/www.sonnenseite.com\/de\/wp-json\/wp\/v2\/types\/post"}],"author":[{"embeddable":true,"href":"https:\/\/www.sonnenseite.com\/de\/wp-json\/wp\/v2\/users\/3"}],"replies":[{"embeddable":true,"href":"https:\/\/www.sonnenseite.com\/de\/wp-json\/wp\/v2\/comments?post=108745"}],"version-history":[{"count":1,"href":"https:\/\/www.sonnenseite.com\/de\/wp-json\/wp\/v2\/posts\/108745\/revisions"}],"predecessor-version":[{"id":108746,"href":"https:\/\/www.sonnenseite.com\/de\/wp-json\/wp\/v2\/posts\/108745\/revisions\/108746"}],"wp:featuredmedia":[{"embeddable":true,"href":"https:\/\/www.sonnenseite.com\/de\/wp-json\/wp\/v2\/media\/107699"}],"wp:attachment":[{"href":"https:\/\/www.sonnenseite.com\/de\/wp-json\/wp\/v2\/media?parent=108745"}],"wp:term":[{"taxonomy":"category","embeddable":true,"href":"https:\/\/www.sonnenseite.com\/de\/wp-json\/wp\/v2\/categories?post=108745"},{"taxonomy":"post_tag","embeddable":true,"href":"https:\/\/www.sonnenseite.com\/de\/wp-json\/wp\/v2\/tags?post=108745"}],"curies":[{"name":"wp","href":"https:\/\/api.w.org\/{rel}","templated":true}]}}