{"id":109290,"date":"2025-09-06T17:46:31","date_gmt":"2025-09-06T15:46:31","guid":{"rendered":"https:\/\/www.sonnenseite.com\/?p=109290"},"modified":"2025-09-23T14:08:05","modified_gmt":"2025-09-23T12:08:05","slug":"keine-energiewende-ohne-verkehrswende","status":"publish","type":"post","link":"https:\/\/www.sonnenseite.com\/de\/franz-alt\/kommentare-interviews\/keine-energiewende-ohne-verkehrswende\/","title":{"rendered":"Keine Energiewende ohne Verkehrswende"},"content":{"rendered":"\n<p>Warum die Verkehrswende in einem Land stockt, in dem die Auto-Lobby eine der st\u00e4rksten gesellschaftlichen Kr\u00e4fte ist? <\/p>\n\n\n\n<p>Der ADAC hat etwa 20 Millionen Mitglieder. Der ADFC, die Interessenvertretung f\u00fcr Fahrradfahrer 230.000 und Fuss e. V, der sich f\u00fcr die Interessen der Fu\u00dfg\u00e4nger einsetzt: um die tausend! Am Fu\u00dfverkehr h\u00e4ngen keine Arbeitspl\u00e4tze und Industrien, \u00fcberproportional viele Kinder und \u00e4ltere Menschen sind zu Fu\u00df unterwegs, mehr Frauen als M\u00e4nner. Eher Arme als Reiche. Fu\u00dfg\u00e4nger sind eher die Schw\u00e4cheren einer Gesellschaft und damit die Benachteiligten.<\/p>\n\n\n\n<h4 class=\"wp-block-heading\">Was ist eine lebenswerte Stadt? <\/h4>\n\n\n\n<p>Eine, die f\u00fcr alle da ist. Eine, in der man sich sicher f\u00fchlt, Kinder, Alte, Frauen, M\u00e4nner, Arme und Reiche. Einige europ\u00e4ische St\u00e4dte zeigen, dass dieses Zusammenleben auch besser geht als in den meisten deutschen St\u00e4dten: zum Beispiel Wien, Z\u00fcrich, Helsinki, Amsterdam, Barcelona und Paris. Sie alle haben mehr Radwege, mehr Fu\u00dfg\u00e4ngerzonen, bessere Busverbindungen, weniger Autos. Immerhin wird jetzt fast \u00fcberall \u00fcber eine nachhaltige Verkehrswende diskutiert, aber eine Gruppe wird h\u00e4ufig vergessen: die Fu\u00dfg\u00e4nger. F\u00fcr sie \u201el\u00e4uft\u201c es einfach nicht.<\/p>\n\n\n<div class=\"wp-block-image\">\n<figure class=\"alignright size-full is-resized\"><a href=\"https:\/\/www.sonnenseite.com\/wp-content\/uploads\/2025\/09\/CarlosMoreno_15-Minuten-Stadt.jpg\"><img loading=\"lazy\" decoding=\"async\" width=\"522\" height=\"827\" src=\"https:\/\/www.sonnenseite.com\/wp-content\/uploads\/2025\/09\/CarlosMoreno_15-Minuten-Stadt.jpg\" alt=\"\" class=\"wp-image-109296\" style=\"width:229px;height:auto\" srcset=\"https:\/\/www.sonnenseite.com\/wp-content\/uploads\/2025\/09\/CarlosMoreno_15-Minuten-Stadt.jpg 522w, https:\/\/www.sonnenseite.com\/wp-content\/uploads\/2025\/09\/CarlosMoreno_15-Minuten-Stadt-189x300.jpg 189w\" sizes=\"auto, (max-width: 522px) 100vw, 522px\" \/><\/a><\/figure>\n<\/div>\n\n\n<p>In vielen Kommunen wird aber \u00fcber die <a href=\"https:\/\/www.beesmart.city\/de\/smart-city-blog\/interview-5-minuten-mit-carlos-moreno\">15-Minuten-Stadt<\/a> diskutiert. Unsere Alltagswege sollen auf h\u00f6chstens 15 Minuten verk\u00fcrzt, das hei\u00dft Wohnen, Arbeiten, Einkaufen und Freizeitangebote aufeinander abgestimmt werden. Entwickelt von <a href=\"https:\/\/www.rolandberger.com\/de\/Insights\/Publications\/Carlos-Moreno-%C3%BCber-die-Stadt-der-kurzen-Wege.html\">Professor&nbsp;Carlos Moreno<\/a>,&nbsp;zielt die 15-Minuten-Stadt darauf ab, die Lebensqualit\u00e4t zu verbessern, die Abh\u00e4ngigkeit vom Auto zu reduzieren und eine nachhaltigere, ges\u00fcndere und lebenswertere st\u00e4dtische Umgebung zu schaffen.&nbsp;<\/p>\n\n\n\n<p><strong>Zum Beispiel Paris:<\/strong> Die franz\u00f6sische Hauptstadt gilt als eine der dichtesten St\u00e4dte der Welt. \u00dcber 20.000 Einwohner verteilen sich hier im Durchschnitt auf einen Quadratkilometer. Autofahrer, \u00f6ffentliche Verkehrsmittel, Fahrrad- und Rollerfahrer, Fu\u00dfg\u00e4nger \u2013 sie alle streiten sich t\u00e4glich um den n\u00f6tigen Platz auf den engen Stra\u00dfen von Paris. Knapp vier Millionen Menschen pendeln t\u00e4glich aus den Vororten nach Paris. 60 Prozent nutzten bisher daf\u00fcr das Auto.<\/p>\n\n\n\n<p>Die Pariser Oberb\u00fcrgermeisterin Anne Hidalgo konnte einen Volksentscheid f\u00fcr die 15-Minuten-Stadt f\u00fcr sich gewinnen und damit auch die letzte Kommunalwahl. Jetzt haben in vielen Stra\u00dfen von Paris Fu\u00dfg\u00e4nger, Busse und Radfahrer Vorrang vor dem Auto. Paris ist jetzt auf besten Weg zur 15-Minuten-Stadt. Und weltweit hat das Pariser Modell schon viele Nachahmer: London und New York, Amsterdam und Kopenhagen, Oslo, Gent und Barcelona zum Beispiel..<\/p>\n\n\n\n<p>Auch in Deutschland verfolgen St\u00e4dte wie&nbsp;Berlin, M\u00fcnchen und K\u00f6ln&nbsp; entsprechende Strategien, um Lebensqualit\u00e4t zu steigern und Klimaziele durch weniger Autoverkehr zu erreichen. Keine Energiewende ohne Verkehrswende.<\/p>\n\n\n\n<p>Das Konzept dieser intelligenten Verkehrswende&nbsp;ist jenen Politikerinnen und Politikern zur Nachahmung empfohlen, denen die Umwelt und das Leben der k\u00fcnftigen Generationen am Herzen liegt.<\/p>\n\n\n\n<ul class=\"wp-block-list\">\n<li><a href=\"https:\/\/www.alexander-verlag.com\/programm\/titel\/542-die-15-minuten-stadt.html\">Carlos Moreno (Autor), Richard Sennett (Vorwort), Saskia Sassen (Nachwort) &#8222;Die 15-Minuten-Stadt: Ein Konzept f\u00fcr lebenswerte St\u00e4dte&#8220; | Alexander Verlag Berlin 2024<\/a> | <a href=\"https:\/\/www.alexander-verlag.com\/images\/verlag\/medien\/542-9783895816215-lp.pdf\" target=\"_blank\" rel=\"noreferrer noopener\">Leseprobe (PDF)<\/a><\/li>\n<\/ul>\n\n\n<h5 class=\"green\">Quelle<\/h5>\r\n\n\n\n<p><a href=\"mailto:franzalt@sonnenseite.com\">Franz Alt 2025<\/a><\/p>\n<div class=\"shariff shariff-align-flex-start shariff-widget-align-flex-start\"><div class=\"ShariffHeadline\">Diese Meldung teilen<\/div><ul class=\"shariff-buttons theme-round orientation-horizontal buttonsize-medium\"><li class=\"shariff-button facebook shariff-nocustomcolor\" style=\"background-color:#4273c8;border-radius:1%\"><a href=\"https:\/\/www.facebook.com\/sharer\/sharer.php?u=https%3A%2F%2Fwww.sonnenseite.com%2Fde%2Ffranz-alt%2Fkommentare-interviews%2Fkeine-energiewende-ohne-verkehrswende%2F\" title=\"Bei Facebook teilen\" aria-label=\"Bei Facebook teilen\" role=\"button\" rel=\"nofollow\" class=\"shariff-link\" style=\";border-radius:1%; background-color:#3b5998; color:#fff\" target=\"_blank\"><span class=\"shariff-icon\" style=\"\"><svg width=\"32px\" height=\"20px\" xmlns=\"http:\/\/www.w3.org\/2000\/svg\" viewBox=\"0 0 18 32\"><path fill=\"#3b5998\" d=\"M17.1 0.2v4.7h-2.8q-1.5 0-2.1 0.6t-0.5 1.9v3.4h5.2l-0.7 5.3h-4.5v13.6h-5.5v-13.6h-4.5v-5.3h4.5v-3.9q0-3.3 1.9-5.2t5-1.8q2.6 0 4.1 0.2z\"\/><\/svg><\/span><\/a><\/li><li class=\"shariff-button twitter shariff-nocustomcolor\" style=\"background-color:#595959;border-radius:1%\"><a href=\"https:\/\/twitter.com\/share?url=https%3A%2F%2Fwww.sonnenseite.com%2Fde%2Ffranz-alt%2Fkommentare-interviews%2Fkeine-energiewende-ohne-verkehrswende%2F&text=Keine%20Energiewende%20ohne%20Verkehrswende\" title=\"Bei X teilen\" aria-label=\"Bei X teilen\" role=\"button\" rel=\"noopener nofollow\" class=\"shariff-link\" style=\";border-radius:1%; background-color:#000; color:#fff\" target=\"_blank\"><span class=\"shariff-icon\" style=\"\"><svg width=\"32px\" height=\"20px\" xmlns=\"http:\/\/www.w3.org\/2000\/svg\" viewBox=\"0 0 24 24\"><path fill=\"#000\" d=\"M14.258 10.152L23.176 0h-2.113l-7.747 8.813L7.133 0H0l9.352 13.328L0 23.973h2.113l8.176-9.309 6.531 9.309h7.133zm-2.895 3.293l-.949-1.328L2.875 1.56h3.246l6.086 8.523.945 1.328 7.91 11.078h-3.246zm0 0\"\/><\/svg><\/span><\/a><\/li><li class=\"shariff-button xing shariff-nocustomcolor\" style=\"background-color:#29888a;border-radius:1%\"><a href=\"https:\/\/www.xing.com\/spi\/shares\/new?url=https%3A%2F%2Fwww.sonnenseite.com%2Fde%2Ffranz-alt%2Fkommentare-interviews%2Fkeine-energiewende-ohne-verkehrswende%2F\" title=\"Bei XING teilen\" aria-label=\"Bei XING teilen\" role=\"button\" rel=\"noopener nofollow\" class=\"shariff-link\" style=\";border-radius:1%; background-color:#126567; color:#fff\" target=\"_blank\"><span class=\"shariff-icon\" style=\"\"><svg width=\"32px\" height=\"20px\" xmlns=\"http:\/\/www.w3.org\/2000\/svg\" viewBox=\"0 0 25 32\"><path fill=\"#126567\" d=\"M10.7 11.9q-0.2 0.3-4.6 8.2-0.5 0.8-1.2 0.8h-4.3q-0.4 0-0.5-0.3t0-0.6l4.5-8q0 0 0 0l-2.9-5q-0.2-0.4 0-0.7 0.2-0.3 0.5-0.3h4.3q0.7 0 1.2 0.8zM25.1 0.4q0.2 0.3 0 0.7l-9.4 16.7 6 11q0.2 0.4 0 0.6-0.2 0.3-0.6 0.3h-4.3q-0.7 0-1.2-0.8l-6-11.1q0.3-0.6 9.5-16.8 0.4-0.8 1.2-0.8h4.3q0.4 0 0.5 0.3z\"\/><\/svg><\/span><\/a><\/li><li class=\"shariff-button linkedin shariff-nocustomcolor\" style=\"background-color:#1488bf;border-radius:1%\"><a href=\"https:\/\/www.linkedin.com\/sharing\/share-offsite\/?url=https%3A%2F%2Fwww.sonnenseite.com%2Fde%2Ffranz-alt%2Fkommentare-interviews%2Fkeine-energiewende-ohne-verkehrswende%2F\" title=\"Bei LinkedIn teilen\" aria-label=\"Bei LinkedIn teilen\" role=\"button\" rel=\"noopener nofollow\" class=\"shariff-link\" style=\";border-radius:1%; background-color:#0077b5; color:#fff\" target=\"_blank\"><span class=\"shariff-icon\" style=\"\"><svg width=\"32px\" height=\"20px\" xmlns=\"http:\/\/www.w3.org\/2000\/svg\" viewBox=\"0 0 27 32\"><path fill=\"#0077b5\" d=\"M6.2 11.2v17.7h-5.9v-17.7h5.9zM6.6 5.7q0 1.3-0.9 2.2t-2.4 0.9h0q-1.5 0-2.4-0.9t-0.9-2.2 0.9-2.2 2.4-0.9 2.4 0.9 0.9 2.2zM27.4 18.7v10.1h-5.9v-9.5q0-1.9-0.7-2.9t-2.3-1.1q-1.1 0-1.9 0.6t-1.2 1.5q-0.2 0.5-0.2 1.4v9.9h-5.9q0-7.1 0-11.6t0-5.3l0-0.9h5.9v2.6h0q0.4-0.6 0.7-1t1-0.9 1.6-0.8 2-0.3q3 0 4.9 2t1.9 6z\"\/><\/svg><\/span><\/a><\/li><li class=\"shariff-button printer shariff-nocustomcolor\" style=\"background-color:#a8a8a8;border-radius:1%\"><a href=\"javascript:window.print()\" title=\"drucken\" aria-label=\"drucken\" role=\"button\" rel=\"noopener nofollow\" class=\"shariff-link\" style=\";border-radius:1%; background-color:#999; color:#fff\"><span class=\"shariff-icon\" style=\"\"><svg width=\"32px\" height=\"20px\" xmlns=\"http:\/\/www.w3.org\/2000\/svg\" viewBox=\"0 0 30 32\"><path fill=\"#999\" d=\"M6.8 27.4h16v-4.6h-16v4.6zM6.8 16h16v-6.8h-2.8q-0.7 0-1.2-0.5t-0.5-1.2v-2.8h-11.4v11.4zM27.4 17.2q0-0.5-0.3-0.8t-0.8-0.4-0.8 0.4-0.3 0.8 0.3 0.8 0.8 0.3 0.8-0.3 0.3-0.8zM29.7 17.2v7.4q0 0.2-0.2 0.4t-0.4 0.2h-4v2.8q0 0.7-0.5 1.2t-1.2 0.5h-17.2q-0.7 0-1.2-0.5t-0.5-1.2v-2.8h-4q-0.2 0-0.4-0.2t-0.2-0.4v-7.4q0-1.4 1-2.4t2.4-1h1.2v-9.7q0-0.7 0.5-1.2t1.2-0.5h12q0.7 0 1.6 0.4t1.3 0.8l2.7 2.7q0.5 0.5 0.9 1.4t0.4 1.6v4.6h1.1q1.4 0 2.4 1t1 2.4z\"\/><\/svg><\/span><\/a><\/li><li class=\"shariff-button mailto shariff-nocustomcolor\" style=\"background-color:#a8a8a8;border-radius:1%\"><a href=\"mailto:?body=https%3A%2F%2Fwww.sonnenseite.com%2Fde%2Ffranz-alt%2Fkommentare-interviews%2Fkeine-energiewende-ohne-verkehrswende%2F&subject=Keine%20Energiewende%20ohne%20Verkehrswende\" title=\"Per E-Mail versenden\" aria-label=\"Per E-Mail versenden\" role=\"button\" rel=\"noopener nofollow\" class=\"shariff-link\" style=\";border-radius:1%; background-color:#999; color:#fff\"><span class=\"shariff-icon\" style=\"\"><svg width=\"32px\" height=\"20px\" xmlns=\"http:\/\/www.w3.org\/2000\/svg\" viewBox=\"0 0 32 32\"><path fill=\"#999\" d=\"M32 12.7v14.2q0 1.2-0.8 2t-2 0.9h-26.3q-1.2 0-2-0.9t-0.8-2v-14.2q0.8 0.9 1.8 1.6 6.5 4.4 8.9 6.1 1 0.8 1.6 1.2t1.7 0.9 2 0.4h0.1q0.9 0 2-0.4t1.7-0.9 1.6-1.2q3-2.2 8.9-6.1 1-0.7 1.8-1.6zM32 7.4q0 1.4-0.9 2.7t-2.2 2.2q-6.7 4.7-8.4 5.8-0.2 0.1-0.7 0.5t-1 0.7-0.9 0.6-1.1 0.5-0.9 0.2h-0.1q-0.4 0-0.9-0.2t-1.1-0.5-0.9-0.6-1-0.7-0.7-0.5q-1.6-1.1-4.7-3.2t-3.6-2.6q-1.1-0.7-2.1-2t-1-2.5q0-1.4 0.7-2.3t2.1-0.9h26.3q1.2 0 2 0.8t0.9 2z\"\/><\/svg><\/span><\/a><\/li><\/ul><\/div>","protected":false},"excerpt":{"rendered":"<p>Warum die Verkehrswende in einem Land stockt, in dem die Auto-Lobby eine der st\u00e4rksten gesellschaftlichen Kr\u00e4fte [&hellip;]<\/p>\n","protected":false},"author":3,"featured_media":109299,"comment_status":"closed","ping_status":"closed","sticky":false,"template":"","format":"standard","meta":{"inline_featured_image":false,"footnotes":""},"categories":[29],"tags":[],"class_list":["post-109290","post","type-post","status-publish","format-standard","has-post-thumbnail","hentry","category-kommentare-interviews"],"yoast_head":"<!-- This site is optimized with the Yoast SEO plugin v26.5 - https:\/\/yoast.com\/wordpress\/plugins\/seo\/ -->\n<title>Keine Energiewende ohne Verkehrswende - Sonnenseite - \u00d6kologische Kommunikation mit Franz Alt<\/title>\n<meta name=\"description\" content=\"Warum die Verkehrswende in einem Land stockt, in dem die Auto-Lobby eine der st\u00e4rksten gesellschaftlichen Kr\u00e4fte ist? Der ADAC hat etwa 20 Millionen\" \/>\n<meta name=\"robots\" content=\"index, follow, max-snippet:-1, max-image-preview:large, max-video-preview:-1\" \/>\n<link rel=\"canonical\" href=\"https:\/\/www.sonnenseite.com\/de\/franz-alt\/kommentare-interviews\/keine-energiewende-ohne-verkehrswende\/\" \/>\n<meta property=\"og:locale\" content=\"de_DE\" \/>\n<meta property=\"og:type\" content=\"article\" \/>\n<meta property=\"og:title\" content=\"Keine Energiewende ohne Verkehrswende - Sonnenseite - \u00d6kologische Kommunikation mit Franz Alt\" \/>\n<meta property=\"og:description\" content=\"Warum die Verkehrswende in einem Land stockt, in dem die Auto-Lobby eine der st\u00e4rksten gesellschaftlichen Kr\u00e4fte ist? Der ADAC hat etwa 20 Millionen\" \/>\n<meta property=\"og:url\" content=\"https:\/\/www.sonnenseite.com\/de\/franz-alt\/kommentare-interviews\/keine-energiewende-ohne-verkehrswende\/\" \/>\n<meta property=\"og:site_name\" content=\"Sonnenseite\" \/>\n<meta property=\"article:publisher\" content=\"https:\/\/www.facebook.com\/pages\/Franz-Alt-SONNENSEITECOM\/221072987903953?fref=ts\" \/>\n<meta property=\"article:published_time\" content=\"2025-09-06T15:46:31+00:00\" \/>\n<meta property=\"article:modified_time\" content=\"2025-09-23T12:08:05+00:00\" \/>\n<meta property=\"og:image\" content=\"https:\/\/www.sonnenseite.com\/wp-content\/uploads\/2025\/09\/CarlosMoreno_15-Minuten-Stad770t-1.jpg\" \/>\n\t<meta property=\"og:image:width\" content=\"770\" \/>\n\t<meta property=\"og:image:height\" content=\"420\" \/>\n\t<meta property=\"og:image:type\" content=\"image\/jpeg\" \/>\n<meta name=\"author\" content=\"Bigi Alt\" \/>\n<meta name=\"twitter:card\" content=\"summary_large_image\" \/>\n<meta name=\"twitter:creator\" content=\"@franzalt\" \/>\n<meta name=\"twitter:site\" content=\"@franzalt\" \/>\n<meta name=\"twitter:label1\" content=\"Verfasst von\" \/>\n\t<meta name=\"twitter:data1\" content=\"Bigi Alt\" \/>\n\t<meta name=\"twitter:label2\" content=\"Gesch\u00e4tzte Lesezeit\" \/>\n\t<meta name=\"twitter:data2\" content=\"3\u00a0Minuten\" \/>\n<script type=\"application\/ld+json\" class=\"yoast-schema-graph\">{\"@context\":\"https:\/\/schema.org\",\"@graph\":[{\"@type\":\"Article\",\"@id\":\"https:\/\/www.sonnenseite.com\/de\/franz-alt\/kommentare-interviews\/keine-energiewende-ohne-verkehrswende\/#article\",\"isPartOf\":{\"@id\":\"https:\/\/www.sonnenseite.com\/de\/franz-alt\/kommentare-interviews\/keine-energiewende-ohne-verkehrswende\/\"},\"author\":{\"name\":\"Bigi Alt\",\"@id\":\"https:\/\/www.sonnenseite.com\/de\/#\/schema\/person\/50fda0e926597684c7cc6695238a4eb9\"},\"headline\":\"Keine Energiewende ohne Verkehrswende\",\"datePublished\":\"2025-09-06T15:46:31+00:00\",\"dateModified\":\"2025-09-23T12:08:05+00:00\",\"mainEntityOfPage\":{\"@id\":\"https:\/\/www.sonnenseite.com\/de\/franz-alt\/kommentare-interviews\/keine-energiewende-ohne-verkehrswende\/\"},\"wordCount\":490,\"publisher\":{\"@id\":\"https:\/\/www.sonnenseite.com\/de\/#organization\"},\"image\":{\"@id\":\"https:\/\/www.sonnenseite.com\/de\/franz-alt\/kommentare-interviews\/keine-energiewende-ohne-verkehrswende\/#primaryimage\"},\"thumbnailUrl\":\"https:\/\/www.sonnenseite.com\/wp-content\/uploads\/2025\/09\/CarlosMoreno_15-Minuten-Stad770t-1.jpg\",\"articleSection\":[\"Kommentare &amp; Interviews\"],\"inLanguage\":\"de\"},{\"@type\":\"WebPage\",\"@id\":\"https:\/\/www.sonnenseite.com\/de\/franz-alt\/kommentare-interviews\/keine-energiewende-ohne-verkehrswende\/\",\"url\":\"https:\/\/www.sonnenseite.com\/de\/franz-alt\/kommentare-interviews\/keine-energiewende-ohne-verkehrswende\/\",\"name\":\"Keine Energiewende ohne Verkehrswende - Sonnenseite - \u00d6kologische Kommunikation mit Franz Alt\",\"isPartOf\":{\"@id\":\"https:\/\/www.sonnenseite.com\/de\/#website\"},\"primaryImageOfPage\":{\"@id\":\"https:\/\/www.sonnenseite.com\/de\/franz-alt\/kommentare-interviews\/keine-energiewende-ohne-verkehrswende\/#primaryimage\"},\"image\":{\"@id\":\"https:\/\/www.sonnenseite.com\/de\/franz-alt\/kommentare-interviews\/keine-energiewende-ohne-verkehrswende\/#primaryimage\"},\"thumbnailUrl\":\"https:\/\/www.sonnenseite.com\/wp-content\/uploads\/2025\/09\/CarlosMoreno_15-Minuten-Stad770t-1.jpg\",\"datePublished\":\"2025-09-06T15:46:31+00:00\",\"dateModified\":\"2025-09-23T12:08:05+00:00\",\"description\":\"Warum die Verkehrswende in einem Land stockt, in dem die Auto-Lobby eine der st\u00e4rksten gesellschaftlichen Kr\u00e4fte ist? Der ADAC hat etwa 20 Millionen\",\"breadcrumb\":{\"@id\":\"https:\/\/www.sonnenseite.com\/de\/franz-alt\/kommentare-interviews\/keine-energiewende-ohne-verkehrswende\/#breadcrumb\"},\"inLanguage\":\"de\",\"potentialAction\":[{\"@type\":\"ReadAction\",\"target\":[\"https:\/\/www.sonnenseite.com\/de\/franz-alt\/kommentare-interviews\/keine-energiewende-ohne-verkehrswende\/\"]}]},{\"@type\":\"ImageObject\",\"inLanguage\":\"de\",\"@id\":\"https:\/\/www.sonnenseite.com\/de\/franz-alt\/kommentare-interviews\/keine-energiewende-ohne-verkehrswende\/#primaryimage\",\"url\":\"https:\/\/www.sonnenseite.com\/wp-content\/uploads\/2025\/09\/CarlosMoreno_15-Minuten-Stad770t-1.jpg\",\"contentUrl\":\"https:\/\/www.sonnenseite.com\/wp-content\/uploads\/2025\/09\/CarlosMoreno_15-Minuten-Stad770t-1.jpg\",\"width\":770,\"height\":420,\"caption\":\"Alexander Verlag Berlin | Die 15-Minuten-Stadt: Ein Konzept f\u00fcr lebenswerte St\u00e4dte | Erstmals liegt das Konzept zur 15-Minuten-Stadt auf Deutsch vor!\"},{\"@type\":\"BreadcrumbList\",\"@id\":\"https:\/\/www.sonnenseite.com\/de\/franz-alt\/kommentare-interviews\/keine-energiewende-ohne-verkehrswende\/#breadcrumb\",\"itemListElement\":[{\"@type\":\"ListItem\",\"position\":1,\"name\":\"Startseite\",\"item\":\"https:\/\/www.sonnenseite.com\/de\/\"},{\"@type\":\"ListItem\",\"position\":2,\"name\":\"Keine Energiewende ohne Verkehrswende\"}]},{\"@type\":\"WebSite\",\"@id\":\"https:\/\/www.sonnenseite.com\/de\/#website\",\"url\":\"https:\/\/www.sonnenseite.com\/de\/\",\"name\":\"Sonnenseite\",\"description\":\"\u00d6kologische Kommunikation mit Franz Alt\",\"publisher\":{\"@id\":\"https:\/\/www.sonnenseite.com\/de\/#organization\"},\"potentialAction\":[{\"@type\":\"SearchAction\",\"target\":{\"@type\":\"EntryPoint\",\"urlTemplate\":\"https:\/\/www.sonnenseite.com\/de\/?s={search_term_string}\"},\"query-input\":{\"@type\":\"PropertyValueSpecification\",\"valueRequired\":true,\"valueName\":\"search_term_string\"}}],\"inLanguage\":\"de\"},{\"@type\":\"Organization\",\"@id\":\"https:\/\/www.sonnenseite.com\/de\/#organization\",\"name\":\"Sonnenseite\",\"url\":\"https:\/\/www.sonnenseite.com\/de\/\",\"logo\":{\"@type\":\"ImageObject\",\"inLanguage\":\"de\",\"@id\":\"https:\/\/www.sonnenseite.com\/de\/#\/schema\/logo\/image\/\",\"url\":\"https:\/\/www.sonnenseite.com\/wp-content\/uploads\/2020\/05\/Sonnenseite_Logo.png\",\"contentUrl\":\"https:\/\/www.sonnenseite.com\/wp-content\/uploads\/2020\/05\/Sonnenseite_Logo.png\",\"width\":377,\"height\":90,\"caption\":\"Sonnenseite\"},\"image\":{\"@id\":\"https:\/\/www.sonnenseite.com\/de\/#\/schema\/logo\/image\/\"},\"sameAs\":[\"https:\/\/www.facebook.com\/pages\/Franz-Alt-SONNENSEITECOM\/221072987903953?fref=ts\",\"https:\/\/x.com\/franzalt\",\"http:\/\/www.youtube.com\/results?search_query&amp;amp;quot;franz_alt&amp;amp;quot;&amp;amp;amp;amp;search_type&amp;amp;amp;amp;aq=f\"]},{\"@type\":\"Person\",\"@id\":\"https:\/\/www.sonnenseite.com\/de\/#\/schema\/person\/50fda0e926597684c7cc6695238a4eb9\",\"name\":\"Bigi Alt\"}]}<\/script>\n<!-- \/ Yoast SEO plugin. -->","yoast_head_json":{"title":"Keine Energiewende ohne Verkehrswende - Sonnenseite - \u00d6kologische Kommunikation mit Franz Alt","description":"Warum die Verkehrswende in einem Land stockt, in dem die Auto-Lobby eine der st\u00e4rksten gesellschaftlichen Kr\u00e4fte ist? Der ADAC hat etwa 20 Millionen","robots":{"index":"index","follow":"follow","max-snippet":"max-snippet:-1","max-image-preview":"max-image-preview:large","max-video-preview":"max-video-preview:-1"},"canonical":"https:\/\/www.sonnenseite.com\/de\/franz-alt\/kommentare-interviews\/keine-energiewende-ohne-verkehrswende\/","og_locale":"de_DE","og_type":"article","og_title":"Keine Energiewende ohne Verkehrswende - Sonnenseite - \u00d6kologische Kommunikation mit Franz Alt","og_description":"Warum die Verkehrswende in einem Land stockt, in dem die Auto-Lobby eine der st\u00e4rksten gesellschaftlichen Kr\u00e4fte ist? Der ADAC hat etwa 20 Millionen","og_url":"https:\/\/www.sonnenseite.com\/de\/franz-alt\/kommentare-interviews\/keine-energiewende-ohne-verkehrswende\/","og_site_name":"Sonnenseite","article_publisher":"https:\/\/www.facebook.com\/pages\/Franz-Alt-SONNENSEITECOM\/221072987903953?fref=ts","article_published_time":"2025-09-06T15:46:31+00:00","article_modified_time":"2025-09-23T12:08:05+00:00","og_image":[{"width":770,"height":420,"url":"https:\/\/www.sonnenseite.com\/wp-content\/uploads\/2025\/09\/CarlosMoreno_15-Minuten-Stad770t-1.jpg","type":"image\/jpeg"}],"author":"Bigi Alt","twitter_card":"summary_large_image","twitter_creator":"@franzalt","twitter_site":"@franzalt","twitter_misc":{"Verfasst von":"Bigi Alt","Gesch\u00e4tzte Lesezeit":"3\u00a0Minuten"},"schema":{"@context":"https:\/\/schema.org","@graph":[{"@type":"Article","@id":"https:\/\/www.sonnenseite.com\/de\/franz-alt\/kommentare-interviews\/keine-energiewende-ohne-verkehrswende\/#article","isPartOf":{"@id":"https:\/\/www.sonnenseite.com\/de\/franz-alt\/kommentare-interviews\/keine-energiewende-ohne-verkehrswende\/"},"author":{"name":"Bigi Alt","@id":"https:\/\/www.sonnenseite.com\/de\/#\/schema\/person\/50fda0e926597684c7cc6695238a4eb9"},"headline":"Keine Energiewende ohne Verkehrswende","datePublished":"2025-09-06T15:46:31+00:00","dateModified":"2025-09-23T12:08:05+00:00","mainEntityOfPage":{"@id":"https:\/\/www.sonnenseite.com\/de\/franz-alt\/kommentare-interviews\/keine-energiewende-ohne-verkehrswende\/"},"wordCount":490,"publisher":{"@id":"https:\/\/www.sonnenseite.com\/de\/#organization"},"image":{"@id":"https:\/\/www.sonnenseite.com\/de\/franz-alt\/kommentare-interviews\/keine-energiewende-ohne-verkehrswende\/#primaryimage"},"thumbnailUrl":"https:\/\/www.sonnenseite.com\/wp-content\/uploads\/2025\/09\/CarlosMoreno_15-Minuten-Stad770t-1.jpg","articleSection":["Kommentare &amp; Interviews"],"inLanguage":"de"},{"@type":"WebPage","@id":"https:\/\/www.sonnenseite.com\/de\/franz-alt\/kommentare-interviews\/keine-energiewende-ohne-verkehrswende\/","url":"https:\/\/www.sonnenseite.com\/de\/franz-alt\/kommentare-interviews\/keine-energiewende-ohne-verkehrswende\/","name":"Keine Energiewende ohne Verkehrswende - Sonnenseite - \u00d6kologische Kommunikation mit Franz Alt","isPartOf":{"@id":"https:\/\/www.sonnenseite.com\/de\/#website"},"primaryImageOfPage":{"@id":"https:\/\/www.sonnenseite.com\/de\/franz-alt\/kommentare-interviews\/keine-energiewende-ohne-verkehrswende\/#primaryimage"},"image":{"@id":"https:\/\/www.sonnenseite.com\/de\/franz-alt\/kommentare-interviews\/keine-energiewende-ohne-verkehrswende\/#primaryimage"},"thumbnailUrl":"https:\/\/www.sonnenseite.com\/wp-content\/uploads\/2025\/09\/CarlosMoreno_15-Minuten-Stad770t-1.jpg","datePublished":"2025-09-06T15:46:31+00:00","dateModified":"2025-09-23T12:08:05+00:00","description":"Warum die Verkehrswende in einem Land stockt, in dem die Auto-Lobby eine der st\u00e4rksten gesellschaftlichen Kr\u00e4fte ist? Der ADAC hat etwa 20 Millionen","breadcrumb":{"@id":"https:\/\/www.sonnenseite.com\/de\/franz-alt\/kommentare-interviews\/keine-energiewende-ohne-verkehrswende\/#breadcrumb"},"inLanguage":"de","potentialAction":[{"@type":"ReadAction","target":["https:\/\/www.sonnenseite.com\/de\/franz-alt\/kommentare-interviews\/keine-energiewende-ohne-verkehrswende\/"]}]},{"@type":"ImageObject","inLanguage":"de","@id":"https:\/\/www.sonnenseite.com\/de\/franz-alt\/kommentare-interviews\/keine-energiewende-ohne-verkehrswende\/#primaryimage","url":"https:\/\/www.sonnenseite.com\/wp-content\/uploads\/2025\/09\/CarlosMoreno_15-Minuten-Stad770t-1.jpg","contentUrl":"https:\/\/www.sonnenseite.com\/wp-content\/uploads\/2025\/09\/CarlosMoreno_15-Minuten-Stad770t-1.jpg","width":770,"height":420,"caption":"Alexander Verlag Berlin | Die 15-Minuten-Stadt: Ein Konzept f\u00fcr lebenswerte St\u00e4dte | Erstmals liegt das Konzept zur 15-Minuten-Stadt auf Deutsch vor!"},{"@type":"BreadcrumbList","@id":"https:\/\/www.sonnenseite.com\/de\/franz-alt\/kommentare-interviews\/keine-energiewende-ohne-verkehrswende\/#breadcrumb","itemListElement":[{"@type":"ListItem","position":1,"name":"Startseite","item":"https:\/\/www.sonnenseite.com\/de\/"},{"@type":"ListItem","position":2,"name":"Keine Energiewende ohne Verkehrswende"}]},{"@type":"WebSite","@id":"https:\/\/www.sonnenseite.com\/de\/#website","url":"https:\/\/www.sonnenseite.com\/de\/","name":"Sonnenseite","description":"\u00d6kologische Kommunikation mit Franz Alt","publisher":{"@id":"https:\/\/www.sonnenseite.com\/de\/#organization"},"potentialAction":[{"@type":"SearchAction","target":{"@type":"EntryPoint","urlTemplate":"https:\/\/www.sonnenseite.com\/de\/?s={search_term_string}"},"query-input":{"@type":"PropertyValueSpecification","valueRequired":true,"valueName":"search_term_string"}}],"inLanguage":"de"},{"@type":"Organization","@id":"https:\/\/www.sonnenseite.com\/de\/#organization","name":"Sonnenseite","url":"https:\/\/www.sonnenseite.com\/de\/","logo":{"@type":"ImageObject","inLanguage":"de","@id":"https:\/\/www.sonnenseite.com\/de\/#\/schema\/logo\/image\/","url":"https:\/\/www.sonnenseite.com\/wp-content\/uploads\/2020\/05\/Sonnenseite_Logo.png","contentUrl":"https:\/\/www.sonnenseite.com\/wp-content\/uploads\/2020\/05\/Sonnenseite_Logo.png","width":377,"height":90,"caption":"Sonnenseite"},"image":{"@id":"https:\/\/www.sonnenseite.com\/de\/#\/schema\/logo\/image\/"},"sameAs":["https:\/\/www.facebook.com\/pages\/Franz-Alt-SONNENSEITECOM\/221072987903953?fref=ts","https:\/\/x.com\/franzalt","http:\/\/www.youtube.com\/results?search_query&amp;amp;quot;franz_alt&amp;amp;quot;&amp;amp;amp;amp;search_type&amp;amp;amp;amp;aq=f"]},{"@type":"Person","@id":"https:\/\/www.sonnenseite.com\/de\/#\/schema\/person\/50fda0e926597684c7cc6695238a4eb9","name":"Bigi Alt"}]}},"_links":{"self":[{"href":"https:\/\/www.sonnenseite.com\/de\/wp-json\/wp\/v2\/posts\/109290","targetHints":{"allow":["GET"]}}],"collection":[{"href":"https:\/\/www.sonnenseite.com\/de\/wp-json\/wp\/v2\/posts"}],"about":[{"href":"https:\/\/www.sonnenseite.com\/de\/wp-json\/wp\/v2\/types\/post"}],"author":[{"embeddable":true,"href":"https:\/\/www.sonnenseite.com\/de\/wp-json\/wp\/v2\/users\/3"}],"replies":[{"embeddable":true,"href":"https:\/\/www.sonnenseite.com\/de\/wp-json\/wp\/v2\/comments?post=109290"}],"version-history":[{"count":5,"href":"https:\/\/www.sonnenseite.com\/de\/wp-json\/wp\/v2\/posts\/109290\/revisions"}],"predecessor-version":[{"id":109301,"href":"https:\/\/www.sonnenseite.com\/de\/wp-json\/wp\/v2\/posts\/109290\/revisions\/109301"}],"wp:featuredmedia":[{"embeddable":true,"href":"https:\/\/www.sonnenseite.com\/de\/wp-json\/wp\/v2\/media\/109299"}],"wp:attachment":[{"href":"https:\/\/www.sonnenseite.com\/de\/wp-json\/wp\/v2\/media?parent=109290"}],"wp:term":[{"taxonomy":"category","embeddable":true,"href":"https:\/\/www.sonnenseite.com\/de\/wp-json\/wp\/v2\/categories?post=109290"},{"taxonomy":"post_tag","embeddable":true,"href":"https:\/\/www.sonnenseite.com\/de\/wp-json\/wp\/v2\/tags?post=109290"}],"curies":[{"name":"wp","href":"https:\/\/api.w.org\/{rel}","templated":true}]}}