{"id":109619,"date":"2025-09-17T13:25:00","date_gmt":"2025-09-17T11:25:00","guid":{"rendered":"https:\/\/www.sonnenseite.com\/?p=109619"},"modified":"2025-09-17T14:07:51","modified_gmt":"2025-09-17T12:07:51","slug":"verkehrswende-busverkehr-verdoppeln-bahnverkehr-steigern","status":"publish","type":"post","link":"https:\/\/www.sonnenseite.com\/de\/mobilitaet\/verkehrswende-busverkehr-verdoppeln-bahnverkehr-steigern\/","title":{"rendered":"Verkehrswende: Busverkehr verdoppeln, Bahnverkehr steigern"},"content":{"rendered":"\n<p>Eine neue Studie im Auftrag des UBA zeigt: F\u00fcr die Klimaziele im Verkehr muss der \u00d6PNV massiv ausgebaut werden. Bis 2045 sind in Summe zus\u00e4tzlich 91,6 Milliarden Euro n\u00f6tig. Fast alle Menschen sollen im nahen Umkreis st\u00fcndlich Bus- oder Bahnanschluss haben.<\/p>\n\n\n\n<p>Der beste Anreiz, damit mehr Menschen das eigene Auto stehen lassen, ist ein fl\u00e4chendeckend gut ausgebauter und verl\u00e4sslicher Nahverkehr.<br>Das bedeutet, dass auch auf dem Land 95 Prozent der Menschen in Deutschland in einem Umkreis von 500 Metern mindestens einmal pro Stunde Anbindung an Bus oder Bahn haben sollten.<br>Aber auch in St\u00e4dten sollte das Angebot weiter verbessert werden. Wo der herk\u00f6mmliche \u00d6PNV \u2013 wie in manchen l\u00e4ndlichen Regionen \u2013 an seine Grenzen st\u00f6\u00dft, k\u00f6nnen flexible Modelle wie Rufbusse das Angebot erg\u00e4nzen.<br>Denn auch dort muss Mobilit\u00e4t ohne eigenes Auto m\u00f6glich sein \u2013 f\u00fcr Kinder, Seniorinnen und Senioren oder Menschen mit geringem Einkommen, die kein Auto besitzen.<\/p>\n\n\n\n<p>Die Studie zeigt, dass der Busverkehr verdoppelt werden und der Schienenverkehr um die H\u00e4lfte wachsen m\u00fcsste, um die Klimaziele im Verkehrssektor bis 2045 zu erreichen. Allerdings braucht es daf\u00fcr mehr als neue Busse und Bahnen: Ben\u00f6tigt werden eine verl\u00e4ssliche und langfristige Finanzierung des Betriebs des \u00f6ffentlichen Verkehrs, um verl\u00e4ssliche Takte und bedarfsgerechte Verbindungen sicherzustellen, insbesondere zwischen St\u00e4dten und ihrem Umland. Damit dieser Ausbau gelingt, empfiehlt das Umweltbundesamt (\u2060<a target=\"_blank\" href=\"https:\/\/www.umweltbundesamt.de\/service\/glossar\/u?tag=UBA#alphabar\" rel=\"noreferrer noopener\">UBA<\/a>\u2060), im geplanten Modernisierungspakt Nahverkehr fl\u00e4chendeckende Bedien- und Erreichbarkeitsstandards zwischen Bund, L\u00e4ndern und Kommunen festzulegen.<\/p>\n\n\n\n<h3 class=\"wp-block-heading\">Rund 91,6 Milliarden Euro zus\u00e4tzlich bis 2045 notwendig<\/h3>\n\n\n\n<p>Zus\u00e4tzlich zu den zu erwartenden Mitteln der \u00f6ffentlichen Hand, die im Jahr 2030 voraussichtlich bei rund 22 Milliarden Euro, 2035 bei 24,3 Milliarden Euro und 2045 bei 29,3 Milliarden Euro liegen, werden f\u00fcr den Ausbau des \u00d6PNV-Angebots einschlie\u00dflich Lohn- und Kostensteigerungen sowie einer Modernisierung des Fuhrparks im Jahr 2030 rund 6,7 Milliarden Euro, 2035 14,4 Milliarden Euro und im Jahr 2045 36,9 Milliarden Euro zus\u00e4tzlich erforderlich sein.<\/p>\n\n\n\n<p>Die H\u00f6he der Finanzierungsl\u00fccke, also der Gesamtaufwand f\u00fcr den \u00d6PNV abz\u00fcglich der voraussichtlich zur Verf\u00fcgung stehenden Mittel des Bundes f\u00fcr konsumtive Bedarfe und der prognostizierten Einnahmen, liegt aufaddiert f\u00fcr die Jahre 2024 bis 2045 bei 91,6 Mrd. Euro. Die Gesamtaufwendungen f\u00fcr den \u00d6PNV-Betrieb betr\u00fcgen laut Zielszenario jeweils im Jahr 2030 45,7 und im Jahr 2035 58,3 Milliarden Euro. Im Jahr 2045 w\u00fcrde der Betrieb des \u00d6PNV mit den skizzierten Angebotsausweitungen insgesamt 93,2 Milliarden Euro kosten.\u201c<\/p>\n\n\n\n<p>Ein Gro\u00dfteil der f\u00fcr den \u00d6PNV verf\u00fcgbaren Mittel besteht gegenw\u00e4rtig aus Geldern, die der Bund den L\u00e4ndern j\u00e4hrlich zur Finanzierung des Schienenpersonennahverkehrs zur Verf\u00fcgung stellt. Aktuell sind diese Regionalisierungsmittel nur bis 2031 gesetzlich fixiert. Um mehr Planungssicherheit zu schaffen, sollten sie m\u00f6glichst zeitnah f\u00fcr die n\u00e4chsten 20 Jahre festgelegt werden. Gleichzeitig braucht es verbindliche Regelungen f\u00fcr Bund, L\u00e4nder und Kommunen zur Umsetzung der \u00d6PNV-Betriebsleistungen. Ein Infrastrukturfonds k\u00f6nnte zus\u00e4tzlich helfen, die f\u00fcr den Ausbau erforderlichen Investitionen in die Nahverkehrsinfrastruktur zu finanzieren.<\/p>\n\n\n\n<h3 class=\"wp-block-heading\">Deutschlandticket dauerhaft sichern und Einnahmen stabilisieren<\/h3>\n\n\n\n<p>Das Deutschlandticket hat sich als einfaches und attraktives Tarifmodell etabliert. F\u00fcr viele Pendlerinnen und Pendler bietet es Planbarkeit und finanzielle Entlastung. Es sollte daher verstetigt werden. Allerdings bringt es in seiner bisherigen Form erhebliche Einnahmeausf\u00e4lle f\u00fcr die \u00f6ffentliche Hand mit sich. Durch einen gezielten Ausbau des Angebots, insbesondere in l\u00e4ndlichen Regionen und im Umland von St\u00e4dten, k\u00f6nnten neue Nutzergruppen gewonnen und damit auch zus\u00e4tzliche Einnahmen erzielt werden. Dennoch bleibt eine Finanzierungsl\u00fccke, die dauerhaft durch \u00f6ffentliche Mittel ausgeglichen werden muss.<\/p>\n\n\n\n<p>Nicht nur Staat und Fahrg\u00e4ste profitieren von einem leistungsf\u00e4higen Nahverkehr. Auch andere Gruppen ziehen Vorteile aus einem verl\u00e4sslichen Verkehrsangebot. Die Studie im Auftrag des UBA schl\u00e4gt deshalb vor, die Finanzierung des Nahverkehrs durch Beitr\u00e4ge von jenen zu erweitern, die besonders von einem guten \u00d6PNV profitieren. Ein Beispiel ist ein verpflichtender Arbeitgeberbeitrag \u2013 wie er in Frankreich bereits erfolgreich erhoben wird. Je nach Ausgestaltung k\u00f6nnten so zwei bis drei Milliarden Euro pro Jahr zus\u00e4tzlich bereitgestellt werden. Voraussetzung daf\u00fcr ist jedoch ein bundesweit einheitlicher, rechtssicherer Rahmen, der solche Beitr\u00e4ge an ein konkretes \u00d6PNV-Angebot bindet.<\/p>\n\n\n\n<ul class=\"wp-block-list\">\n<li><a href=\"https:\/\/www.umweltbundesamt.de\/publikationen\/luftreinhaltung-klimaschutz-durch-staerkung-des\">Luftreinhaltung und Klimaschutz durch St\u00e4rkung des \u00d6PNV: Finanzierungsgrundlagen erweitern und verstetigen<\/a><\/li>\n<\/ul>\n\n\n<h5 class=\"green\">Quelle<\/h5>\r\n\n\n\n<p><a href=\"https:\/\/www.umweltbundesamt.de\/themen\/verkehrswende-busverkehr-verdoppeln-bahnverkehr\">Umweltbundesamt 2025<\/a><\/p>\n\n\n\n<p><\/p>\n<div class=\"shariff shariff-align-flex-start shariff-widget-align-flex-start\"><div class=\"ShariffHeadline\">Diese Meldung teilen<\/div><ul class=\"shariff-buttons theme-round orientation-horizontal buttonsize-medium\"><li class=\"shariff-button facebook shariff-nocustomcolor\" style=\"background-color:#4273c8;border-radius:1%\"><a href=\"https:\/\/www.facebook.com\/sharer\/sharer.php?u=https%3A%2F%2Fwww.sonnenseite.com%2Fde%2Fmobilitaet%2Fverkehrswende-busverkehr-verdoppeln-bahnverkehr-steigern%2F\" title=\"Bei Facebook teilen\" aria-label=\"Bei Facebook teilen\" role=\"button\" rel=\"nofollow\" class=\"shariff-link\" style=\";border-radius:1%; background-color:#3b5998; color:#fff\" target=\"_blank\"><span class=\"shariff-icon\" style=\"\"><svg width=\"32px\" height=\"20px\" xmlns=\"http:\/\/www.w3.org\/2000\/svg\" viewBox=\"0 0 18 32\"><path fill=\"#3b5998\" d=\"M17.1 0.2v4.7h-2.8q-1.5 0-2.1 0.6t-0.5 1.9v3.4h5.2l-0.7 5.3h-4.5v13.6h-5.5v-13.6h-4.5v-5.3h4.5v-3.9q0-3.3 1.9-5.2t5-1.8q2.6 0 4.1 0.2z\"\/><\/svg><\/span><\/a><\/li><li class=\"shariff-button twitter shariff-nocustomcolor\" style=\"background-color:#595959;border-radius:1%\"><a href=\"https:\/\/twitter.com\/share?url=https%3A%2F%2Fwww.sonnenseite.com%2Fde%2Fmobilitaet%2Fverkehrswende-busverkehr-verdoppeln-bahnverkehr-steigern%2F&text=Verkehrswende%3A%20Busverkehr%20verdoppeln%2C%20Bahnverkehr%20steigern\" title=\"Bei X teilen\" aria-label=\"Bei X teilen\" role=\"button\" rel=\"noopener nofollow\" class=\"shariff-link\" style=\";border-radius:1%; background-color:#000; color:#fff\" target=\"_blank\"><span class=\"shariff-icon\" style=\"\"><svg width=\"32px\" height=\"20px\" xmlns=\"http:\/\/www.w3.org\/2000\/svg\" viewBox=\"0 0 24 24\"><path fill=\"#000\" d=\"M14.258 10.152L23.176 0h-2.113l-7.747 8.813L7.133 0H0l9.352 13.328L0 23.973h2.113l8.176-9.309 6.531 9.309h7.133zm-2.895 3.293l-.949-1.328L2.875 1.56h3.246l6.086 8.523.945 1.328 7.91 11.078h-3.246zm0 0\"\/><\/svg><\/span><\/a><\/li><li class=\"shariff-button xing shariff-nocustomcolor\" style=\"background-color:#29888a;border-radius:1%\"><a href=\"https:\/\/www.xing.com\/spi\/shares\/new?url=https%3A%2F%2Fwww.sonnenseite.com%2Fde%2Fmobilitaet%2Fverkehrswende-busverkehr-verdoppeln-bahnverkehr-steigern%2F\" title=\"Bei XING teilen\" aria-label=\"Bei XING teilen\" role=\"button\" rel=\"noopener nofollow\" class=\"shariff-link\" style=\";border-radius:1%; background-color:#126567; color:#fff\" target=\"_blank\"><span class=\"shariff-icon\" style=\"\"><svg width=\"32px\" height=\"20px\" xmlns=\"http:\/\/www.w3.org\/2000\/svg\" viewBox=\"0 0 25 32\"><path fill=\"#126567\" d=\"M10.7 11.9q-0.2 0.3-4.6 8.2-0.5 0.8-1.2 0.8h-4.3q-0.4 0-0.5-0.3t0-0.6l4.5-8q0 0 0 0l-2.9-5q-0.2-0.4 0-0.7 0.2-0.3 0.5-0.3h4.3q0.7 0 1.2 0.8zM25.1 0.4q0.2 0.3 0 0.7l-9.4 16.7 6 11q0.2 0.4 0 0.6-0.2 0.3-0.6 0.3h-4.3q-0.7 0-1.2-0.8l-6-11.1q0.3-0.6 9.5-16.8 0.4-0.8 1.2-0.8h4.3q0.4 0 0.5 0.3z\"\/><\/svg><\/span><\/a><\/li><li class=\"shariff-button linkedin shariff-nocustomcolor\" style=\"background-color:#1488bf;border-radius:1%\"><a href=\"https:\/\/www.linkedin.com\/sharing\/share-offsite\/?url=https%3A%2F%2Fwww.sonnenseite.com%2Fde%2Fmobilitaet%2Fverkehrswende-busverkehr-verdoppeln-bahnverkehr-steigern%2F\" title=\"Bei LinkedIn teilen\" aria-label=\"Bei LinkedIn teilen\" role=\"button\" rel=\"noopener nofollow\" class=\"shariff-link\" style=\";border-radius:1%; background-color:#0077b5; color:#fff\" target=\"_blank\"><span class=\"shariff-icon\" style=\"\"><svg width=\"32px\" height=\"20px\" xmlns=\"http:\/\/www.w3.org\/2000\/svg\" viewBox=\"0 0 27 32\"><path fill=\"#0077b5\" d=\"M6.2 11.2v17.7h-5.9v-17.7h5.9zM6.6 5.7q0 1.3-0.9 2.2t-2.4 0.9h0q-1.5 0-2.4-0.9t-0.9-2.2 0.9-2.2 2.4-0.9 2.4 0.9 0.9 2.2zM27.4 18.7v10.1h-5.9v-9.5q0-1.9-0.7-2.9t-2.3-1.1q-1.1 0-1.9 0.6t-1.2 1.5q-0.2 0.5-0.2 1.4v9.9h-5.9q0-7.1 0-11.6t0-5.3l0-0.9h5.9v2.6h0q0.4-0.6 0.7-1t1-0.9 1.6-0.8 2-0.3q3 0 4.9 2t1.9 6z\"\/><\/svg><\/span><\/a><\/li><li class=\"shariff-button printer shariff-nocustomcolor\" style=\"background-color:#a8a8a8;border-radius:1%\"><a href=\"javascript:window.print()\" title=\"drucken\" aria-label=\"drucken\" role=\"button\" rel=\"noopener nofollow\" class=\"shariff-link\" style=\";border-radius:1%; background-color:#999; color:#fff\"><span class=\"shariff-icon\" style=\"\"><svg width=\"32px\" height=\"20px\" xmlns=\"http:\/\/www.w3.org\/2000\/svg\" viewBox=\"0 0 30 32\"><path fill=\"#999\" d=\"M6.8 27.4h16v-4.6h-16v4.6zM6.8 16h16v-6.8h-2.8q-0.7 0-1.2-0.5t-0.5-1.2v-2.8h-11.4v11.4zM27.4 17.2q0-0.5-0.3-0.8t-0.8-0.4-0.8 0.4-0.3 0.8 0.3 0.8 0.8 0.3 0.8-0.3 0.3-0.8zM29.7 17.2v7.4q0 0.2-0.2 0.4t-0.4 0.2h-4v2.8q0 0.7-0.5 1.2t-1.2 0.5h-17.2q-0.7 0-1.2-0.5t-0.5-1.2v-2.8h-4q-0.2 0-0.4-0.2t-0.2-0.4v-7.4q0-1.4 1-2.4t2.4-1h1.2v-9.7q0-0.7 0.5-1.2t1.2-0.5h12q0.7 0 1.6 0.4t1.3 0.8l2.7 2.7q0.5 0.5 0.9 1.4t0.4 1.6v4.6h1.1q1.4 0 2.4 1t1 2.4z\"\/><\/svg><\/span><\/a><\/li><li class=\"shariff-button mailto shariff-nocustomcolor\" style=\"background-color:#a8a8a8;border-radius:1%\"><a href=\"mailto:?body=https%3A%2F%2Fwww.sonnenseite.com%2Fde%2Fmobilitaet%2Fverkehrswende-busverkehr-verdoppeln-bahnverkehr-steigern%2F&subject=Verkehrswende%3A%20Busverkehr%20verdoppeln%2C%20Bahnverkehr%20steigern\" title=\"Per E-Mail versenden\" aria-label=\"Per E-Mail versenden\" role=\"button\" rel=\"noopener nofollow\" class=\"shariff-link\" style=\";border-radius:1%; background-color:#999; color:#fff\"><span class=\"shariff-icon\" style=\"\"><svg width=\"32px\" height=\"20px\" xmlns=\"http:\/\/www.w3.org\/2000\/svg\" viewBox=\"0 0 32 32\"><path fill=\"#999\" d=\"M32 12.7v14.2q0 1.2-0.8 2t-2 0.9h-26.3q-1.2 0-2-0.9t-0.8-2v-14.2q0.8 0.9 1.8 1.6 6.5 4.4 8.9 6.1 1 0.8 1.6 1.2t1.7 0.9 2 0.4h0.1q0.9 0 2-0.4t1.7-0.9 1.6-1.2q3-2.2 8.9-6.1 1-0.7 1.8-1.6zM32 7.4q0 1.4-0.9 2.7t-2.2 2.2q-6.7 4.7-8.4 5.8-0.2 0.1-0.7 0.5t-1 0.7-0.9 0.6-1.1 0.5-0.9 0.2h-0.1q-0.4 0-0.9-0.2t-1.1-0.5-0.9-0.6-1-0.7-0.7-0.5q-1.6-1.1-4.7-3.2t-3.6-2.6q-1.1-0.7-2.1-2t-1-2.5q0-1.4 0.7-2.3t2.1-0.9h26.3q1.2 0 2 0.8t0.9 2z\"\/><\/svg><\/span><\/a><\/li><\/ul><\/div>","protected":false},"excerpt":{"rendered":"<p>Eine neue Studie im Auftrag des UBA zeigt: F\u00fcr die Klimaziele im Verkehr muss der \u00d6PNV [&hellip;]<\/p>\n","protected":false},"author":3,"featured_media":19325,"comment_status":"closed","ping_status":"closed","sticky":false,"template":"","format":"standard","meta":{"inline_featured_image":false,"footnotes":""},"categories":[25],"tags":[],"class_list":["post-109619","post","type-post","status-publish","format-standard","has-post-thumbnail","hentry","category-mobilitaet"],"yoast_head":"<!-- This site is optimized with the Yoast SEO plugin v26.5 - https:\/\/yoast.com\/wordpress\/plugins\/seo\/ -->\n<title>Verkehrswende: Busverkehr verdoppeln, Bahnverkehr steigern - Sonnenseite - \u00d6kologische Kommunikation mit Franz Alt<\/title>\n<meta name=\"description\" content=\"Eine neue Studie im Auftrag des UBA zeigt: F\u00fcr die Klimaziele im Verkehr muss der \u00d6PNV massiv ausgebaut werden. Bis 2045 sind in Summe zus\u00e4tzlich 91,6\" \/>\n<meta name=\"robots\" content=\"index, follow, max-snippet:-1, max-image-preview:large, max-video-preview:-1\" \/>\n<link rel=\"canonical\" href=\"https:\/\/www.sonnenseite.com\/de\/mobilitaet\/verkehrswende-busverkehr-verdoppeln-bahnverkehr-steigern\/\" \/>\n<meta property=\"og:locale\" content=\"de_DE\" \/>\n<meta property=\"og:type\" content=\"article\" \/>\n<meta property=\"og:title\" content=\"Verkehrswende: Busverkehr verdoppeln, Bahnverkehr steigern - Sonnenseite - \u00d6kologische Kommunikation mit Franz Alt\" \/>\n<meta property=\"og:description\" content=\"Eine neue Studie im Auftrag des UBA zeigt: F\u00fcr die Klimaziele im Verkehr muss der \u00d6PNV massiv ausgebaut werden. Bis 2045 sind in Summe zus\u00e4tzlich 91,6\" \/>\n<meta property=\"og:url\" content=\"https:\/\/www.sonnenseite.com\/de\/mobilitaet\/verkehrswende-busverkehr-verdoppeln-bahnverkehr-steigern\/\" \/>\n<meta property=\"og:site_name\" content=\"Sonnenseite\" \/>\n<meta property=\"article:publisher\" content=\"https:\/\/www.facebook.com\/pages\/Franz-Alt-SONNENSEITECOM\/221072987903953?fref=ts\" \/>\n<meta property=\"article:published_time\" content=\"2025-09-17T11:25:00+00:00\" \/>\n<meta property=\"article:modified_time\" content=\"2025-09-17T12:07:51+00:00\" \/>\n<meta property=\"og:image\" content=\"https:\/\/www.sonnenseite.com\/wp-content\/uploads\/2018\/04\/Elektrobus_philipus.jpg\" \/>\n\t<meta property=\"og:image:width\" content=\"770\" \/>\n\t<meta property=\"og:image:height\" content=\"420\" \/>\n\t<meta property=\"og:image:type\" content=\"image\/jpeg\" \/>\n<meta name=\"author\" content=\"Bigi Alt\" \/>\n<meta name=\"twitter:card\" content=\"summary_large_image\" \/>\n<meta name=\"twitter:creator\" content=\"@franzalt\" \/>\n<meta name=\"twitter:site\" content=\"@franzalt\" \/>\n<meta name=\"twitter:label1\" content=\"Verfasst von\" \/>\n\t<meta name=\"twitter:data1\" content=\"Bigi Alt\" \/>\n\t<meta name=\"twitter:label2\" content=\"Gesch\u00e4tzte Lesezeit\" \/>\n\t<meta name=\"twitter:data2\" content=\"4\u00a0Minuten\" \/>\n<script type=\"application\/ld+json\" class=\"yoast-schema-graph\">{\"@context\":\"https:\/\/schema.org\",\"@graph\":[{\"@type\":\"Article\",\"@id\":\"https:\/\/www.sonnenseite.com\/de\/mobilitaet\/verkehrswende-busverkehr-verdoppeln-bahnverkehr-steigern\/#article\",\"isPartOf\":{\"@id\":\"https:\/\/www.sonnenseite.com\/de\/mobilitaet\/verkehrswende-busverkehr-verdoppeln-bahnverkehr-steigern\/\"},\"author\":{\"name\":\"Bigi Alt\",\"@id\":\"https:\/\/www.sonnenseite.com\/de\/#\/schema\/person\/50fda0e926597684c7cc6695238a4eb9\"},\"headline\":\"Verkehrswende: Busverkehr verdoppeln, Bahnverkehr steigern\",\"datePublished\":\"2025-09-17T11:25:00+00:00\",\"dateModified\":\"2025-09-17T12:07:51+00:00\",\"mainEntityOfPage\":{\"@id\":\"https:\/\/www.sonnenseite.com\/de\/mobilitaet\/verkehrswende-busverkehr-verdoppeln-bahnverkehr-steigern\/\"},\"wordCount\":692,\"publisher\":{\"@id\":\"https:\/\/www.sonnenseite.com\/de\/#organization\"},\"image\":{\"@id\":\"https:\/\/www.sonnenseite.com\/de\/mobilitaet\/verkehrswende-busverkehr-verdoppeln-bahnverkehr-steigern\/#primaryimage\"},\"thumbnailUrl\":\"https:\/\/www.sonnenseite.com\/wp-content\/uploads\/2018\/04\/Elektrobus_philipus.jpg\",\"articleSection\":[\"Mobilit\u00e4t\"],\"inLanguage\":\"de\"},{\"@type\":\"WebPage\",\"@id\":\"https:\/\/www.sonnenseite.com\/de\/mobilitaet\/verkehrswende-busverkehr-verdoppeln-bahnverkehr-steigern\/\",\"url\":\"https:\/\/www.sonnenseite.com\/de\/mobilitaet\/verkehrswende-busverkehr-verdoppeln-bahnverkehr-steigern\/\",\"name\":\"Verkehrswende: Busverkehr verdoppeln, Bahnverkehr steigern - Sonnenseite - \u00d6kologische Kommunikation mit Franz Alt\",\"isPartOf\":{\"@id\":\"https:\/\/www.sonnenseite.com\/de\/#website\"},\"primaryImageOfPage\":{\"@id\":\"https:\/\/www.sonnenseite.com\/de\/mobilitaet\/verkehrswende-busverkehr-verdoppeln-bahnverkehr-steigern\/#primaryimage\"},\"image\":{\"@id\":\"https:\/\/www.sonnenseite.com\/de\/mobilitaet\/verkehrswende-busverkehr-verdoppeln-bahnverkehr-steigern\/#primaryimage\"},\"thumbnailUrl\":\"https:\/\/www.sonnenseite.com\/wp-content\/uploads\/2018\/04\/Elektrobus_philipus.jpg\",\"datePublished\":\"2025-09-17T11:25:00+00:00\",\"dateModified\":\"2025-09-17T12:07:51+00:00\",\"description\":\"Eine neue Studie im Auftrag des UBA zeigt: F\u00fcr die Klimaziele im Verkehr muss der \u00d6PNV massiv ausgebaut werden. Bis 2045 sind in Summe zus\u00e4tzlich 91,6\",\"breadcrumb\":{\"@id\":\"https:\/\/www.sonnenseite.com\/de\/mobilitaet\/verkehrswende-busverkehr-verdoppeln-bahnverkehr-steigern\/#breadcrumb\"},\"inLanguage\":\"de\",\"potentialAction\":[{\"@type\":\"ReadAction\",\"target\":[\"https:\/\/www.sonnenseite.com\/de\/mobilitaet\/verkehrswende-busverkehr-verdoppeln-bahnverkehr-steigern\/\"]}]},{\"@type\":\"ImageObject\",\"inLanguage\":\"de\",\"@id\":\"https:\/\/www.sonnenseite.com\/de\/mobilitaet\/verkehrswende-busverkehr-verdoppeln-bahnverkehr-steigern\/#primaryimage\",\"url\":\"https:\/\/www.sonnenseite.com\/wp-content\/uploads\/2018\/04\/Elektrobus_philipus.jpg\",\"contentUrl\":\"https:\/\/www.sonnenseite.com\/wp-content\/uploads\/2018\/04\/Elektrobus_philipus.jpg\",\"width\":770,\"height\":420,\"caption\":\"Depositphotos | philipus | Im \u00f6ffentlichen Nahverkehr ist mit den ersten Elektrobussen die Verkehrswende bereits im Gange.\"},{\"@type\":\"BreadcrumbList\",\"@id\":\"https:\/\/www.sonnenseite.com\/de\/mobilitaet\/verkehrswende-busverkehr-verdoppeln-bahnverkehr-steigern\/#breadcrumb\",\"itemListElement\":[{\"@type\":\"ListItem\",\"position\":1,\"name\":\"Startseite\",\"item\":\"https:\/\/www.sonnenseite.com\/de\/\"},{\"@type\":\"ListItem\",\"position\":2,\"name\":\"Verkehrswende: Busverkehr verdoppeln, Bahnverkehr steigern\"}]},{\"@type\":\"WebSite\",\"@id\":\"https:\/\/www.sonnenseite.com\/de\/#website\",\"url\":\"https:\/\/www.sonnenseite.com\/de\/\",\"name\":\"Sonnenseite\",\"description\":\"\u00d6kologische Kommunikation mit Franz Alt\",\"publisher\":{\"@id\":\"https:\/\/www.sonnenseite.com\/de\/#organization\"},\"potentialAction\":[{\"@type\":\"SearchAction\",\"target\":{\"@type\":\"EntryPoint\",\"urlTemplate\":\"https:\/\/www.sonnenseite.com\/de\/?s={search_term_string}\"},\"query-input\":{\"@type\":\"PropertyValueSpecification\",\"valueRequired\":true,\"valueName\":\"search_term_string\"}}],\"inLanguage\":\"de\"},{\"@type\":\"Organization\",\"@id\":\"https:\/\/www.sonnenseite.com\/de\/#organization\",\"name\":\"Sonnenseite\",\"url\":\"https:\/\/www.sonnenseite.com\/de\/\",\"logo\":{\"@type\":\"ImageObject\",\"inLanguage\":\"de\",\"@id\":\"https:\/\/www.sonnenseite.com\/de\/#\/schema\/logo\/image\/\",\"url\":\"https:\/\/www.sonnenseite.com\/wp-content\/uploads\/2020\/05\/Sonnenseite_Logo.png\",\"contentUrl\":\"https:\/\/www.sonnenseite.com\/wp-content\/uploads\/2020\/05\/Sonnenseite_Logo.png\",\"width\":377,\"height\":90,\"caption\":\"Sonnenseite\"},\"image\":{\"@id\":\"https:\/\/www.sonnenseite.com\/de\/#\/schema\/logo\/image\/\"},\"sameAs\":[\"https:\/\/www.facebook.com\/pages\/Franz-Alt-SONNENSEITECOM\/221072987903953?fref=ts\",\"https:\/\/x.com\/franzalt\",\"http:\/\/www.youtube.com\/results?search_query&amp;amp;quot;franz_alt&amp;amp;quot;&amp;amp;amp;amp;search_type&amp;amp;amp;amp;aq=f\"]},{\"@type\":\"Person\",\"@id\":\"https:\/\/www.sonnenseite.com\/de\/#\/schema\/person\/50fda0e926597684c7cc6695238a4eb9\",\"name\":\"Bigi Alt\"}]}<\/script>\n<!-- \/ Yoast SEO plugin. -->","yoast_head_json":{"title":"Verkehrswende: Busverkehr verdoppeln, Bahnverkehr steigern - Sonnenseite - \u00d6kologische Kommunikation mit Franz Alt","description":"Eine neue Studie im Auftrag des UBA zeigt: F\u00fcr die Klimaziele im Verkehr muss der \u00d6PNV massiv ausgebaut werden. Bis 2045 sind in Summe zus\u00e4tzlich 91,6","robots":{"index":"index","follow":"follow","max-snippet":"max-snippet:-1","max-image-preview":"max-image-preview:large","max-video-preview":"max-video-preview:-1"},"canonical":"https:\/\/www.sonnenseite.com\/de\/mobilitaet\/verkehrswende-busverkehr-verdoppeln-bahnverkehr-steigern\/","og_locale":"de_DE","og_type":"article","og_title":"Verkehrswende: Busverkehr verdoppeln, Bahnverkehr steigern - Sonnenseite - \u00d6kologische Kommunikation mit Franz Alt","og_description":"Eine neue Studie im Auftrag des UBA zeigt: F\u00fcr die Klimaziele im Verkehr muss der \u00d6PNV massiv ausgebaut werden. Bis 2045 sind in Summe zus\u00e4tzlich 91,6","og_url":"https:\/\/www.sonnenseite.com\/de\/mobilitaet\/verkehrswende-busverkehr-verdoppeln-bahnverkehr-steigern\/","og_site_name":"Sonnenseite","article_publisher":"https:\/\/www.facebook.com\/pages\/Franz-Alt-SONNENSEITECOM\/221072987903953?fref=ts","article_published_time":"2025-09-17T11:25:00+00:00","article_modified_time":"2025-09-17T12:07:51+00:00","og_image":[{"width":770,"height":420,"url":"https:\/\/www.sonnenseite.com\/wp-content\/uploads\/2018\/04\/Elektrobus_philipus.jpg","type":"image\/jpeg"}],"author":"Bigi Alt","twitter_card":"summary_large_image","twitter_creator":"@franzalt","twitter_site":"@franzalt","twitter_misc":{"Verfasst von":"Bigi Alt","Gesch\u00e4tzte Lesezeit":"4\u00a0Minuten"},"schema":{"@context":"https:\/\/schema.org","@graph":[{"@type":"Article","@id":"https:\/\/www.sonnenseite.com\/de\/mobilitaet\/verkehrswende-busverkehr-verdoppeln-bahnverkehr-steigern\/#article","isPartOf":{"@id":"https:\/\/www.sonnenseite.com\/de\/mobilitaet\/verkehrswende-busverkehr-verdoppeln-bahnverkehr-steigern\/"},"author":{"name":"Bigi Alt","@id":"https:\/\/www.sonnenseite.com\/de\/#\/schema\/person\/50fda0e926597684c7cc6695238a4eb9"},"headline":"Verkehrswende: Busverkehr verdoppeln, Bahnverkehr steigern","datePublished":"2025-09-17T11:25:00+00:00","dateModified":"2025-09-17T12:07:51+00:00","mainEntityOfPage":{"@id":"https:\/\/www.sonnenseite.com\/de\/mobilitaet\/verkehrswende-busverkehr-verdoppeln-bahnverkehr-steigern\/"},"wordCount":692,"publisher":{"@id":"https:\/\/www.sonnenseite.com\/de\/#organization"},"image":{"@id":"https:\/\/www.sonnenseite.com\/de\/mobilitaet\/verkehrswende-busverkehr-verdoppeln-bahnverkehr-steigern\/#primaryimage"},"thumbnailUrl":"https:\/\/www.sonnenseite.com\/wp-content\/uploads\/2018\/04\/Elektrobus_philipus.jpg","articleSection":["Mobilit\u00e4t"],"inLanguage":"de"},{"@type":"WebPage","@id":"https:\/\/www.sonnenseite.com\/de\/mobilitaet\/verkehrswende-busverkehr-verdoppeln-bahnverkehr-steigern\/","url":"https:\/\/www.sonnenseite.com\/de\/mobilitaet\/verkehrswende-busverkehr-verdoppeln-bahnverkehr-steigern\/","name":"Verkehrswende: Busverkehr verdoppeln, Bahnverkehr steigern - Sonnenseite - \u00d6kologische Kommunikation mit Franz Alt","isPartOf":{"@id":"https:\/\/www.sonnenseite.com\/de\/#website"},"primaryImageOfPage":{"@id":"https:\/\/www.sonnenseite.com\/de\/mobilitaet\/verkehrswende-busverkehr-verdoppeln-bahnverkehr-steigern\/#primaryimage"},"image":{"@id":"https:\/\/www.sonnenseite.com\/de\/mobilitaet\/verkehrswende-busverkehr-verdoppeln-bahnverkehr-steigern\/#primaryimage"},"thumbnailUrl":"https:\/\/www.sonnenseite.com\/wp-content\/uploads\/2018\/04\/Elektrobus_philipus.jpg","datePublished":"2025-09-17T11:25:00+00:00","dateModified":"2025-09-17T12:07:51+00:00","description":"Eine neue Studie im Auftrag des UBA zeigt: F\u00fcr die Klimaziele im Verkehr muss der \u00d6PNV massiv ausgebaut werden. Bis 2045 sind in Summe zus\u00e4tzlich 91,6","breadcrumb":{"@id":"https:\/\/www.sonnenseite.com\/de\/mobilitaet\/verkehrswende-busverkehr-verdoppeln-bahnverkehr-steigern\/#breadcrumb"},"inLanguage":"de","potentialAction":[{"@type":"ReadAction","target":["https:\/\/www.sonnenseite.com\/de\/mobilitaet\/verkehrswende-busverkehr-verdoppeln-bahnverkehr-steigern\/"]}]},{"@type":"ImageObject","inLanguage":"de","@id":"https:\/\/www.sonnenseite.com\/de\/mobilitaet\/verkehrswende-busverkehr-verdoppeln-bahnverkehr-steigern\/#primaryimage","url":"https:\/\/www.sonnenseite.com\/wp-content\/uploads\/2018\/04\/Elektrobus_philipus.jpg","contentUrl":"https:\/\/www.sonnenseite.com\/wp-content\/uploads\/2018\/04\/Elektrobus_philipus.jpg","width":770,"height":420,"caption":"Depositphotos | philipus | Im \u00f6ffentlichen Nahverkehr ist mit den ersten Elektrobussen die Verkehrswende bereits im Gange."},{"@type":"BreadcrumbList","@id":"https:\/\/www.sonnenseite.com\/de\/mobilitaet\/verkehrswende-busverkehr-verdoppeln-bahnverkehr-steigern\/#breadcrumb","itemListElement":[{"@type":"ListItem","position":1,"name":"Startseite","item":"https:\/\/www.sonnenseite.com\/de\/"},{"@type":"ListItem","position":2,"name":"Verkehrswende: Busverkehr verdoppeln, Bahnverkehr steigern"}]},{"@type":"WebSite","@id":"https:\/\/www.sonnenseite.com\/de\/#website","url":"https:\/\/www.sonnenseite.com\/de\/","name":"Sonnenseite","description":"\u00d6kologische Kommunikation mit Franz Alt","publisher":{"@id":"https:\/\/www.sonnenseite.com\/de\/#organization"},"potentialAction":[{"@type":"SearchAction","target":{"@type":"EntryPoint","urlTemplate":"https:\/\/www.sonnenseite.com\/de\/?s={search_term_string}"},"query-input":{"@type":"PropertyValueSpecification","valueRequired":true,"valueName":"search_term_string"}}],"inLanguage":"de"},{"@type":"Organization","@id":"https:\/\/www.sonnenseite.com\/de\/#organization","name":"Sonnenseite","url":"https:\/\/www.sonnenseite.com\/de\/","logo":{"@type":"ImageObject","inLanguage":"de","@id":"https:\/\/www.sonnenseite.com\/de\/#\/schema\/logo\/image\/","url":"https:\/\/www.sonnenseite.com\/wp-content\/uploads\/2020\/05\/Sonnenseite_Logo.png","contentUrl":"https:\/\/www.sonnenseite.com\/wp-content\/uploads\/2020\/05\/Sonnenseite_Logo.png","width":377,"height":90,"caption":"Sonnenseite"},"image":{"@id":"https:\/\/www.sonnenseite.com\/de\/#\/schema\/logo\/image\/"},"sameAs":["https:\/\/www.facebook.com\/pages\/Franz-Alt-SONNENSEITECOM\/221072987903953?fref=ts","https:\/\/x.com\/franzalt","http:\/\/www.youtube.com\/results?search_query&amp;amp;quot;franz_alt&amp;amp;quot;&amp;amp;amp;amp;search_type&amp;amp;amp;amp;aq=f"]},{"@type":"Person","@id":"https:\/\/www.sonnenseite.com\/de\/#\/schema\/person\/50fda0e926597684c7cc6695238a4eb9","name":"Bigi Alt"}]}},"_links":{"self":[{"href":"https:\/\/www.sonnenseite.com\/de\/wp-json\/wp\/v2\/posts\/109619","targetHints":{"allow":["GET"]}}],"collection":[{"href":"https:\/\/www.sonnenseite.com\/de\/wp-json\/wp\/v2\/posts"}],"about":[{"href":"https:\/\/www.sonnenseite.com\/de\/wp-json\/wp\/v2\/types\/post"}],"author":[{"embeddable":true,"href":"https:\/\/www.sonnenseite.com\/de\/wp-json\/wp\/v2\/users\/3"}],"replies":[{"embeddable":true,"href":"https:\/\/www.sonnenseite.com\/de\/wp-json\/wp\/v2\/comments?post=109619"}],"version-history":[{"count":1,"href":"https:\/\/www.sonnenseite.com\/de\/wp-json\/wp\/v2\/posts\/109619\/revisions"}],"predecessor-version":[{"id":109620,"href":"https:\/\/www.sonnenseite.com\/de\/wp-json\/wp\/v2\/posts\/109619\/revisions\/109620"}],"wp:featuredmedia":[{"embeddable":true,"href":"https:\/\/www.sonnenseite.com\/de\/wp-json\/wp\/v2\/media\/19325"}],"wp:attachment":[{"href":"https:\/\/www.sonnenseite.com\/de\/wp-json\/wp\/v2\/media?parent=109619"}],"wp:term":[{"taxonomy":"category","embeddable":true,"href":"https:\/\/www.sonnenseite.com\/de\/wp-json\/wp\/v2\/categories?post=109619"},{"taxonomy":"post_tag","embeddable":true,"href":"https:\/\/www.sonnenseite.com\/de\/wp-json\/wp\/v2\/tags?post=109619"}],"curies":[{"name":"wp","href":"https:\/\/api.w.org\/{rel}","templated":true}]}}