{"id":109714,"date":"2025-09-20T13:26:57","date_gmt":"2025-09-20T11:26:57","guid":{"rendered":"https:\/\/www.sonnenseite.com\/?p=109714"},"modified":"2025-09-20T13:26:58","modified_gmt":"2025-09-20T11:26:58","slug":"eu-klimaziel-fuer-2035-schlechtes-europaeisches-klima","status":"publish","type":"post","link":"https:\/\/www.sonnenseite.com\/de\/politik\/eu-klimaziel-fuer-2035-schlechtes-europaeisches-klima\/","title":{"rendered":"EU-Klimaziel f\u00fcr 2035: Schlechtes europ\u00e4isches Klima"},"content":{"rendered":"\n<p>Der EU-Rat hat statt eines verbindlichen Klimaziels nur eine Absichtserkl\u00e4rung beschlossen. Ausgerechnet Deutschland setzte sich nicht wirklich f\u00fcr ein ambitioniertes Ziel ein. An den Klimagipfel in Brasilien sendet Europa ein Signal der Unentschlossenheit.<\/p>\n\n\n\n<p>Es ist ein fatales Signal. Ausgerechnet jetzt, da die Europ\u00e4ische Union gebraucht wird wie selten zuvor, um den internationalen Klimaverhandlungen Richtung und Glaubw\u00fcrdigkeit zu geben, taucht die EU ab.<\/p>\n\n\n\n<p>Die EU-Umweltminister konnten sich nicht auf ein klares CO<sub>2<\/sub>-Reduktionsziel f\u00fcr 2035 einigen, das eigentlich als starkes Signal in den bevorstehenden <a href=\"https:\/\/www.klimareporter.de\/tag\/cop-30\" target=\"_blank\" rel=\"noreferrer noopener\">UN-Klimagipfel<\/a> in Brasilien h\u00e4tte getragen werden sollen. Auch die Festlegung des Ziels f\u00fcr 2040 wurde kurzerhand vertagt.<\/p>\n\n\n\n<p>Zur\u00fcck bleibt ein Bild der Uneinigkeit&nbsp;\u2013 und der Eindruck, dass die EU, die zuletzt wieder als globaler <a href=\"https:\/\/www.klimareporter.de\/europaeische-union\/im-klimasturm\" target=\"_blank\" rel=\"noreferrer noopener\">Vorreiter<\/a> in Sachen Klimaschutz galt, ihre Ambitionen zur\u00fcckschraubt.<\/p>\n\n\n\n<p>Dabei w\u00e4re genau jetzt F\u00fchrung gefragt. Nach dem <a href=\"https:\/\/www.klimareporter.de\/international\/raus-aus-paris-rein-in-die-erde\" target=\"_blank\" rel=\"noreferrer noopener\">Ausstieg<\/a> der Trump-USA aus dem Pariser Klimaabkommen und angesichts weltweit&nbsp;\u2013 trotz aller Beschl\u00fcsse&nbsp;\u2013 weiter <a href=\"https:\/\/www.klimareporter.de\/gesellschaft\/der-peak-beim-co2-liegt-noch-vor-uns\" target=\"_blank\" rel=\"noreferrer noopener\">steigender<\/a> Treibhausgas-Emissionen schaut die Welt\u00f6ffentlichkeit auf Europa. Jenes Europa, das in den letzten Jahrzehnten gezeigt hat, wie sich Wachstum und CO<sub>2<\/sub>-Einsparung <a href=\"https:\/\/www.pik-potsdam.de\/de\/aktuelles\/nachrichten\/gruenes-wachstum-30-prozent-der-regionen-weltweit-entkoppeln-wirtschaftswachstum-von-co2-emissionen\" target=\"_blank\" rel=\"noreferrer noopener\">vereinbaren lassen<\/a>.<\/p>\n\n\n\n<p>Doch statt den eigenen Anspruch zu best\u00e4tigen, verharrt die EU im Klein-Klein nationaler Egoismen. Ergebnis: Statt eines verbindlichen Beschlusses gibt es nur eine <a href=\"https:\/\/data.consilium.europa.eu\/doc\/document\/ST-12986-2025-INIT\/en\/pdf\" target=\"_blank\" rel=\"noreferrer noopener\">Absichtserkl\u00e4rung<\/a>, die einen &#8222;CO<sub>2<\/sub>-Korridor&#8220; zwischen 66,25 und 72,5 Prozent Emissionsminderung bis 2035 gegen\u00fcber dem Basisjahr 1990 skizziert.<\/p>\n\n\n\n<p>Ein Notnagel, mehr nicht, um bei der UN-Generalversammlung n\u00e4chste Woche nicht ganz ohne Arbeitsprobe dazustehen.<\/p>\n\n\n\n<h4 class=\"wp-block-heading\">Sollte Merz darauf gezielt haben, w\u00e4re das perfide<\/h4>\n\n\n\n<p>Besonders peinlich ist, dass ausgerechnet Deutschland, das sich gerne als Vorreiter pr\u00e4sentiert, nicht entschlossen auf ein anspruchsvolles Ergebnis gedr\u00e4ngt hat.<\/p>\n\n\n\n<p>Im Koalitionsvertrag hat die Ampel festgeschrieben, dass sie ein EU-Ziel von minus 90 Prozent bis 2040 unterst\u00fctzt. Zudem strebt die Bundesrepublik selbst Klimaneutralit\u00e4t <a href=\"https:\/\/www.klimareporter.de\/deutschland\/bundestag-beschliesst-neues-klimaschutzgesetz\" target=\"_blank\" rel=\"noreferrer noopener\">bis\u00a02045<\/a> an\u00a0\u2013 f\u00fcnf Jahre fr\u00fcher als die EU insgesamt.<a href=\"https:\/\/www.klimareporter.de\/images\/karo3imgmanager\/resized\/1701-1800\/RS19158_171792173_80d29e4225_o-1740-1100-733-80-c.webp\"><\/a><\/p>\n\n\n\n<p>Doch in der Br\u00fcsseler Verhandlungsrunde war davon nichts zu sp\u00fcren, <a href=\"https:\/\/www.klimareporter.de\/europaeische-union\/politisches-schauspiel-ums-eu-klimaziel\" target=\"_blank\" rel=\"noreferrer noopener\">offenbar auf Druck<\/a> von Kanzler Friedrich Merz (CDU). Bundesumweltminister Carsten Schneider (SPD) blieb zu Hause und schickte seinen Staatssekret\u00e4r, wohl um der Peinlichkeit zu entgehen.<\/p>\n\n\n\n<p>Nun soll der <a href=\"https:\/\/de.wikipedia.org\/wiki\/Europ%C3%A4ischer_Rat\" target=\"_blank\" rel=\"noreferrer noopener\">EU\u2011Gipfel<\/a> Ende Oktober das Thema behandeln. Doch das ist ein riskantes Man\u00f6ver. Denn hier ist Einstimmigkeit gefordert&nbsp;\u2013 und die wird sich kaum herstellen lassen. Ungarns Premier Viktor Orb\u00e1n hat bereits signalisiert, dass er sch\u00e4rfere Klimaziele nicht mittr\u00e4gt, und auch andere L\u00e4nder wie Italien stehen auf der Bremse.<\/p>\n\n\n\n<p>Wer die Debatte an den Gipfel der EU-Regierungschefs verlagert, spielt also mit der realen Gefahr, dass Europa am Ende ganz ohne Beschluss dasteht und auch das von der EU-Kommission vorgegebene 2040er Ziel wackelt.<\/p>\n\n\n\n<p>Sollte Merz darauf gezielt haben&nbsp;\u2013 wie Kritiker vermuten&nbsp;\u2013, um auch die deutsche Klimapolitik entsch\u00e4rfen zu k\u00f6nnen, w\u00e4re das perfide.<\/p>\n\n\n\n<p>Zwar hofft man im deutschen Umweltministerium, dass noch eine Sondersitzung der EU-Umweltminister vor dem Klimagipfel im November in Brasilien einberufen wird, um ein CO<sub>2<\/sub>-Ziel zu fixieren. Sollte das tats\u00e4chlich geschehen, lie\u00dfe sich das angekratzte Image der EU vielleicht ein St\u00fcck weit reparieren.<\/p>\n\n\n\n<p>Doch Glanz verbreiten wird das nicht mehr. Denn der Schaden ist l\u00e4ngst angerichtet. Europa hat die Chance vertan, geschlossen und selbstbewusst aufzutreten.<\/p>\n\n\n\n<p>Das Ganze ist mehr als nur ein diplomatisches \u00c4rgernis. Es zeigt, wie fragil die EU-Klimapolitik verglichen mit den Zeiten geworden ist, als Kommissionspr\u00e4sidentin Ursula von der Leyen 2019 den europ\u00e4ischen <a href=\"https:\/\/www.klimareporter.de\/europaeische-union\/so-etwas-gab-es-noch-nie\" target=\"_blank\" rel=\"noreferrer noopener\">&#8222;Green Deal&#8220; ausrief<\/a>&nbsp;\u2013 und wie sehr nationale Interessen den gemeinsamen Anspruch untergraben.<\/p>\n\n\n\n<p>Es stehen ambitionierte Ziele auf dem Papier, doch sobald es konkret wird, dominiert die Angst vor Widerst\u00e4nden im eigenen Land. Diese Dynamik droht den Green Deal weiter zu entkernen, bevor er seine volle Wirkung entfaltet.<\/p>\n\n\n<h5 class=\"green\">Quelle<\/h5>\r\n\n\n\n<p>Der Bericht wurde von der\u00a0<a href=\"https:\/\/www.klimareporter.de\/europaeische-union\/schlechtes-europaeisches-klima\">Redaktion \u201eklimareporter.de\u201c (Joachim Wille) 2025<\/a>\u00a0verfasst &#8211; der Artikel darf nicht ohne Genehmigung\u00a0(<a href=\"mailto:post@klimareporter.de\">post@klimareporter.de<\/a>) weiterverbreitet werden!\u00a0<\/p>\n<div class=\"shariff shariff-align-flex-start shariff-widget-align-flex-start\"><div class=\"ShariffHeadline\">Diese Meldung teilen<\/div><ul class=\"shariff-buttons theme-round orientation-horizontal buttonsize-medium\"><li class=\"shariff-button facebook shariff-nocustomcolor\" style=\"background-color:#4273c8;border-radius:1%\"><a href=\"https:\/\/www.facebook.com\/sharer\/sharer.php?u=https%3A%2F%2Fwww.sonnenseite.com%2Fde%2Fpolitik%2Feu-klimaziel-fuer-2035-schlechtes-europaeisches-klima%2F\" title=\"Bei Facebook teilen\" aria-label=\"Bei Facebook teilen\" role=\"button\" rel=\"nofollow\" class=\"shariff-link\" style=\";border-radius:1%; background-color:#3b5998; color:#fff\" target=\"_blank\"><span class=\"shariff-icon\" style=\"\"><svg width=\"32px\" height=\"20px\" xmlns=\"http:\/\/www.w3.org\/2000\/svg\" viewBox=\"0 0 18 32\"><path fill=\"#3b5998\" d=\"M17.1 0.2v4.7h-2.8q-1.5 0-2.1 0.6t-0.5 1.9v3.4h5.2l-0.7 5.3h-4.5v13.6h-5.5v-13.6h-4.5v-5.3h4.5v-3.9q0-3.3 1.9-5.2t5-1.8q2.6 0 4.1 0.2z\"\/><\/svg><\/span><\/a><\/li><li class=\"shariff-button twitter shariff-nocustomcolor\" style=\"background-color:#595959;border-radius:1%\"><a href=\"https:\/\/twitter.com\/share?url=https%3A%2F%2Fwww.sonnenseite.com%2Fde%2Fpolitik%2Feu-klimaziel-fuer-2035-schlechtes-europaeisches-klima%2F&text=EU-Klimaziel%20f%C3%BCr%202035%3A%20Schlechtes%20europ%C3%A4isches%20Klima\" title=\"Bei X teilen\" aria-label=\"Bei X teilen\" role=\"button\" rel=\"noopener nofollow\" class=\"shariff-link\" style=\";border-radius:1%; background-color:#000; color:#fff\" target=\"_blank\"><span class=\"shariff-icon\" style=\"\"><svg width=\"32px\" height=\"20px\" xmlns=\"http:\/\/www.w3.org\/2000\/svg\" viewBox=\"0 0 24 24\"><path fill=\"#000\" d=\"M14.258 10.152L23.176 0h-2.113l-7.747 8.813L7.133 0H0l9.352 13.328L0 23.973h2.113l8.176-9.309 6.531 9.309h7.133zm-2.895 3.293l-.949-1.328L2.875 1.56h3.246l6.086 8.523.945 1.328 7.91 11.078h-3.246zm0 0\"\/><\/svg><\/span><\/a><\/li><li class=\"shariff-button xing shariff-nocustomcolor\" style=\"background-color:#29888a;border-radius:1%\"><a href=\"https:\/\/www.xing.com\/spi\/shares\/new?url=https%3A%2F%2Fwww.sonnenseite.com%2Fde%2Fpolitik%2Feu-klimaziel-fuer-2035-schlechtes-europaeisches-klima%2F\" title=\"Bei XING teilen\" aria-label=\"Bei XING teilen\" role=\"button\" rel=\"noopener nofollow\" class=\"shariff-link\" style=\";border-radius:1%; background-color:#126567; color:#fff\" target=\"_blank\"><span class=\"shariff-icon\" style=\"\"><svg width=\"32px\" height=\"20px\" xmlns=\"http:\/\/www.w3.org\/2000\/svg\" viewBox=\"0 0 25 32\"><path fill=\"#126567\" d=\"M10.7 11.9q-0.2 0.3-4.6 8.2-0.5 0.8-1.2 0.8h-4.3q-0.4 0-0.5-0.3t0-0.6l4.5-8q0 0 0 0l-2.9-5q-0.2-0.4 0-0.7 0.2-0.3 0.5-0.3h4.3q0.7 0 1.2 0.8zM25.1 0.4q0.2 0.3 0 0.7l-9.4 16.7 6 11q0.2 0.4 0 0.6-0.2 0.3-0.6 0.3h-4.3q-0.7 0-1.2-0.8l-6-11.1q0.3-0.6 9.5-16.8 0.4-0.8 1.2-0.8h4.3q0.4 0 0.5 0.3z\"\/><\/svg><\/span><\/a><\/li><li class=\"shariff-button linkedin shariff-nocustomcolor\" style=\"background-color:#1488bf;border-radius:1%\"><a href=\"https:\/\/www.linkedin.com\/sharing\/share-offsite\/?url=https%3A%2F%2Fwww.sonnenseite.com%2Fde%2Fpolitik%2Feu-klimaziel-fuer-2035-schlechtes-europaeisches-klima%2F\" title=\"Bei LinkedIn teilen\" aria-label=\"Bei LinkedIn teilen\" role=\"button\" rel=\"noopener nofollow\" class=\"shariff-link\" style=\";border-radius:1%; background-color:#0077b5; color:#fff\" target=\"_blank\"><span class=\"shariff-icon\" style=\"\"><svg width=\"32px\" height=\"20px\" xmlns=\"http:\/\/www.w3.org\/2000\/svg\" viewBox=\"0 0 27 32\"><path fill=\"#0077b5\" d=\"M6.2 11.2v17.7h-5.9v-17.7h5.9zM6.6 5.7q0 1.3-0.9 2.2t-2.4 0.9h0q-1.5 0-2.4-0.9t-0.9-2.2 0.9-2.2 2.4-0.9 2.4 0.9 0.9 2.2zM27.4 18.7v10.1h-5.9v-9.5q0-1.9-0.7-2.9t-2.3-1.1q-1.1 0-1.9 0.6t-1.2 1.5q-0.2 0.5-0.2 1.4v9.9h-5.9q0-7.1 0-11.6t0-5.3l0-0.9h5.9v2.6h0q0.4-0.6 0.7-1t1-0.9 1.6-0.8 2-0.3q3 0 4.9 2t1.9 6z\"\/><\/svg><\/span><\/a><\/li><li class=\"shariff-button printer shariff-nocustomcolor\" style=\"background-color:#a8a8a8;border-radius:1%\"><a href=\"javascript:window.print()\" title=\"drucken\" aria-label=\"drucken\" role=\"button\" rel=\"noopener nofollow\" class=\"shariff-link\" style=\";border-radius:1%; background-color:#999; color:#fff\"><span class=\"shariff-icon\" style=\"\"><svg width=\"32px\" height=\"20px\" xmlns=\"http:\/\/www.w3.org\/2000\/svg\" viewBox=\"0 0 30 32\"><path fill=\"#999\" d=\"M6.8 27.4h16v-4.6h-16v4.6zM6.8 16h16v-6.8h-2.8q-0.7 0-1.2-0.5t-0.5-1.2v-2.8h-11.4v11.4zM27.4 17.2q0-0.5-0.3-0.8t-0.8-0.4-0.8 0.4-0.3 0.8 0.3 0.8 0.8 0.3 0.8-0.3 0.3-0.8zM29.7 17.2v7.4q0 0.2-0.2 0.4t-0.4 0.2h-4v2.8q0 0.7-0.5 1.2t-1.2 0.5h-17.2q-0.7 0-1.2-0.5t-0.5-1.2v-2.8h-4q-0.2 0-0.4-0.2t-0.2-0.4v-7.4q0-1.4 1-2.4t2.4-1h1.2v-9.7q0-0.7 0.5-1.2t1.2-0.5h12q0.7 0 1.6 0.4t1.3 0.8l2.7 2.7q0.5 0.5 0.9 1.4t0.4 1.6v4.6h1.1q1.4 0 2.4 1t1 2.4z\"\/><\/svg><\/span><\/a><\/li><li class=\"shariff-button mailto shariff-nocustomcolor\" style=\"background-color:#a8a8a8;border-radius:1%\"><a href=\"mailto:?body=https%3A%2F%2Fwww.sonnenseite.com%2Fde%2Fpolitik%2Feu-klimaziel-fuer-2035-schlechtes-europaeisches-klima%2F&subject=EU-Klimaziel%20f%C3%BCr%202035%3A%20Schlechtes%20europ%C3%A4isches%20Klima\" title=\"Per E-Mail versenden\" aria-label=\"Per E-Mail versenden\" role=\"button\" rel=\"noopener nofollow\" class=\"shariff-link\" style=\";border-radius:1%; background-color:#999; color:#fff\"><span class=\"shariff-icon\" style=\"\"><svg width=\"32px\" height=\"20px\" xmlns=\"http:\/\/www.w3.org\/2000\/svg\" viewBox=\"0 0 32 32\"><path fill=\"#999\" d=\"M32 12.7v14.2q0 1.2-0.8 2t-2 0.9h-26.3q-1.2 0-2-0.9t-0.8-2v-14.2q0.8 0.9 1.8 1.6 6.5 4.4 8.9 6.1 1 0.8 1.6 1.2t1.7 0.9 2 0.4h0.1q0.9 0 2-0.4t1.7-0.9 1.6-1.2q3-2.2 8.9-6.1 1-0.7 1.8-1.6zM32 7.4q0 1.4-0.9 2.7t-2.2 2.2q-6.7 4.7-8.4 5.8-0.2 0.1-0.7 0.5t-1 0.7-0.9 0.6-1.1 0.5-0.9 0.2h-0.1q-0.4 0-0.9-0.2t-1.1-0.5-0.9-0.6-1-0.7-0.7-0.5q-1.6-1.1-4.7-3.2t-3.6-2.6q-1.1-0.7-2.1-2t-1-2.5q0-1.4 0.7-2.3t2.1-0.9h26.3q1.2 0 2 0.8t0.9 2z\"\/><\/svg><\/span><\/a><\/li><\/ul><\/div>","protected":false},"excerpt":{"rendered":"<p>Der EU-Rat hat statt eines verbindlichen Klimaziels nur eine Absichtserkl\u00e4rung beschlossen. Ausgerechnet Deutschland setzte sich nicht [&hellip;]<\/p>\n","protected":false},"author":3,"featured_media":60266,"comment_status":"closed","ping_status":"closed","sticky":false,"template":"","format":"standard","meta":{"inline_featured_image":false,"footnotes":""},"categories":[21],"tags":[],"class_list":["post-109714","post","type-post","status-publish","format-standard","has-post-thumbnail","hentry","category-politik"],"yoast_head":"<!-- This site is optimized with the Yoast SEO plugin v26.5 - https:\/\/yoast.com\/wordpress\/plugins\/seo\/ -->\n<title>EU-Klimaziel f\u00fcr 2035: Schlechtes europ\u00e4isches Klima - Sonnenseite - \u00d6kologische Kommunikation mit Franz Alt<\/title>\n<meta name=\"description\" content=\"Der EU-Rat hat statt eines verbindlichen Klimaziels nur eine Absichtserkl\u00e4rung beschlossen. Ausgerechnet Deutschland setzte sich nicht wirklich f\u00fcr ein\" \/>\n<meta name=\"robots\" content=\"index, follow, max-snippet:-1, max-image-preview:large, max-video-preview:-1\" \/>\n<link rel=\"canonical\" href=\"https:\/\/www.sonnenseite.com\/de\/politik\/eu-klimaziel-fuer-2035-schlechtes-europaeisches-klima\/\" \/>\n<meta property=\"og:locale\" content=\"de_DE\" \/>\n<meta property=\"og:type\" content=\"article\" \/>\n<meta property=\"og:title\" content=\"EU-Klimaziel f\u00fcr 2035: Schlechtes europ\u00e4isches Klima - Sonnenseite - \u00d6kologische Kommunikation mit Franz Alt\" \/>\n<meta property=\"og:description\" content=\"Der EU-Rat hat statt eines verbindlichen Klimaziels nur eine Absichtserkl\u00e4rung beschlossen. Ausgerechnet Deutschland setzte sich nicht wirklich f\u00fcr ein\" \/>\n<meta property=\"og:url\" content=\"https:\/\/www.sonnenseite.com\/de\/politik\/eu-klimaziel-fuer-2035-schlechtes-europaeisches-klima\/\" \/>\n<meta property=\"og:site_name\" content=\"Sonnenseite\" \/>\n<meta property=\"article:publisher\" content=\"https:\/\/www.facebook.com\/pages\/Franz-Alt-SONNENSEITECOM\/221072987903953?fref=ts\" \/>\n<meta property=\"article:published_time\" content=\"2025-09-20T11:26:57+00:00\" \/>\n<meta property=\"article:modified_time\" content=\"2025-09-20T11:26:58+00:00\" \/>\n<meta property=\"og:image\" content=\"https:\/\/www.sonnenseite.com\/wp-content\/uploads\/2020\/06\/Europa01_Lupo.jpg\" \/>\n\t<meta property=\"og:image:width\" content=\"770\" \/>\n\t<meta property=\"og:image:height\" content=\"420\" \/>\n\t<meta property=\"og:image:type\" content=\"image\/jpeg\" \/>\n<meta name=\"author\" content=\"Bigi Alt\" \/>\n<meta name=\"twitter:card\" content=\"summary_large_image\" \/>\n<meta name=\"twitter:creator\" content=\"@franzalt\" \/>\n<meta name=\"twitter:site\" content=\"@franzalt\" \/>\n<meta name=\"twitter:label1\" content=\"Verfasst von\" \/>\n\t<meta name=\"twitter:data1\" content=\"Bigi Alt\" \/>\n\t<meta name=\"twitter:label2\" content=\"Gesch\u00e4tzte Lesezeit\" \/>\n\t<meta name=\"twitter:data2\" content=\"4\u00a0Minuten\" \/>\n<script type=\"application\/ld+json\" class=\"yoast-schema-graph\">{\"@context\":\"https:\/\/schema.org\",\"@graph\":[{\"@type\":\"Article\",\"@id\":\"https:\/\/www.sonnenseite.com\/de\/politik\/eu-klimaziel-fuer-2035-schlechtes-europaeisches-klima\/#article\",\"isPartOf\":{\"@id\":\"https:\/\/www.sonnenseite.com\/de\/politik\/eu-klimaziel-fuer-2035-schlechtes-europaeisches-klima\/\"},\"author\":{\"name\":\"Bigi Alt\",\"@id\":\"https:\/\/www.sonnenseite.com\/de\/#\/schema\/person\/50fda0e926597684c7cc6695238a4eb9\"},\"headline\":\"EU-Klimaziel f\u00fcr 2035: Schlechtes europ\u00e4isches Klima\",\"datePublished\":\"2025-09-20T11:26:57+00:00\",\"dateModified\":\"2025-09-20T11:26:58+00:00\",\"mainEntityOfPage\":{\"@id\":\"https:\/\/www.sonnenseite.com\/de\/politik\/eu-klimaziel-fuer-2035-schlechtes-europaeisches-klima\/\"},\"wordCount\":637,\"publisher\":{\"@id\":\"https:\/\/www.sonnenseite.com\/de\/#organization\"},\"image\":{\"@id\":\"https:\/\/www.sonnenseite.com\/de\/politik\/eu-klimaziel-fuer-2035-schlechtes-europaeisches-klima\/#primaryimage\"},\"thumbnailUrl\":\"https:\/\/www.sonnenseite.com\/wp-content\/uploads\/2020\/06\/Europa01_Lupo.jpg\",\"articleSection\":[\"Politik\"],\"inLanguage\":\"de\"},{\"@type\":\"WebPage\",\"@id\":\"https:\/\/www.sonnenseite.com\/de\/politik\/eu-klimaziel-fuer-2035-schlechtes-europaeisches-klima\/\",\"url\":\"https:\/\/www.sonnenseite.com\/de\/politik\/eu-klimaziel-fuer-2035-schlechtes-europaeisches-klima\/\",\"name\":\"EU-Klimaziel f\u00fcr 2035: Schlechtes europ\u00e4isches Klima - Sonnenseite - \u00d6kologische Kommunikation mit Franz Alt\",\"isPartOf\":{\"@id\":\"https:\/\/www.sonnenseite.com\/de\/#website\"},\"primaryImageOfPage\":{\"@id\":\"https:\/\/www.sonnenseite.com\/de\/politik\/eu-klimaziel-fuer-2035-schlechtes-europaeisches-klima\/#primaryimage\"},\"image\":{\"@id\":\"https:\/\/www.sonnenseite.com\/de\/politik\/eu-klimaziel-fuer-2035-schlechtes-europaeisches-klima\/#primaryimage\"},\"thumbnailUrl\":\"https:\/\/www.sonnenseite.com\/wp-content\/uploads\/2020\/06\/Europa01_Lupo.jpg\",\"datePublished\":\"2025-09-20T11:26:57+00:00\",\"dateModified\":\"2025-09-20T11:26:58+00:00\",\"description\":\"Der EU-Rat hat statt eines verbindlichen Klimaziels nur eine Absichtserkl\u00e4rung beschlossen. Ausgerechnet Deutschland setzte sich nicht wirklich f\u00fcr ein\",\"breadcrumb\":{\"@id\":\"https:\/\/www.sonnenseite.com\/de\/politik\/eu-klimaziel-fuer-2035-schlechtes-europaeisches-klima\/#breadcrumb\"},\"inLanguage\":\"de\",\"potentialAction\":[{\"@type\":\"ReadAction\",\"target\":[\"https:\/\/www.sonnenseite.com\/de\/politik\/eu-klimaziel-fuer-2035-schlechtes-europaeisches-klima\/\"]}]},{\"@type\":\"ImageObject\",\"inLanguage\":\"de\",\"@id\":\"https:\/\/www.sonnenseite.com\/de\/politik\/eu-klimaziel-fuer-2035-schlechtes-europaeisches-klima\/#primaryimage\",\"url\":\"https:\/\/www.sonnenseite.com\/wp-content\/uploads\/2020\/06\/Europa01_Lupo.jpg\",\"contentUrl\":\"https:\/\/www.sonnenseite.com\/wp-content\/uploads\/2020\/06\/Europa01_Lupo.jpg\",\"width\":770,\"height\":420,\"caption\":\"pixelio.de | Lupo | Europa hat einmal mehr die Chance vertan, geschlossen und selbstbewusst aufzutreten.\"},{\"@type\":\"BreadcrumbList\",\"@id\":\"https:\/\/www.sonnenseite.com\/de\/politik\/eu-klimaziel-fuer-2035-schlechtes-europaeisches-klima\/#breadcrumb\",\"itemListElement\":[{\"@type\":\"ListItem\",\"position\":1,\"name\":\"Startseite\",\"item\":\"https:\/\/www.sonnenseite.com\/de\/\"},{\"@type\":\"ListItem\",\"position\":2,\"name\":\"EU-Klimaziel f\u00fcr 2035: Schlechtes europ\u00e4isches Klima\"}]},{\"@type\":\"WebSite\",\"@id\":\"https:\/\/www.sonnenseite.com\/de\/#website\",\"url\":\"https:\/\/www.sonnenseite.com\/de\/\",\"name\":\"Sonnenseite\",\"description\":\"\u00d6kologische Kommunikation mit Franz Alt\",\"publisher\":{\"@id\":\"https:\/\/www.sonnenseite.com\/de\/#organization\"},\"potentialAction\":[{\"@type\":\"SearchAction\",\"target\":{\"@type\":\"EntryPoint\",\"urlTemplate\":\"https:\/\/www.sonnenseite.com\/de\/?s={search_term_string}\"},\"query-input\":{\"@type\":\"PropertyValueSpecification\",\"valueRequired\":true,\"valueName\":\"search_term_string\"}}],\"inLanguage\":\"de\"},{\"@type\":\"Organization\",\"@id\":\"https:\/\/www.sonnenseite.com\/de\/#organization\",\"name\":\"Sonnenseite\",\"url\":\"https:\/\/www.sonnenseite.com\/de\/\",\"logo\":{\"@type\":\"ImageObject\",\"inLanguage\":\"de\",\"@id\":\"https:\/\/www.sonnenseite.com\/de\/#\/schema\/logo\/image\/\",\"url\":\"https:\/\/www.sonnenseite.com\/wp-content\/uploads\/2020\/05\/Sonnenseite_Logo.png\",\"contentUrl\":\"https:\/\/www.sonnenseite.com\/wp-content\/uploads\/2020\/05\/Sonnenseite_Logo.png\",\"width\":377,\"height\":90,\"caption\":\"Sonnenseite\"},\"image\":{\"@id\":\"https:\/\/www.sonnenseite.com\/de\/#\/schema\/logo\/image\/\"},\"sameAs\":[\"https:\/\/www.facebook.com\/pages\/Franz-Alt-SONNENSEITECOM\/221072987903953?fref=ts\",\"https:\/\/x.com\/franzalt\",\"http:\/\/www.youtube.com\/results?search_query&amp;amp;quot;franz_alt&amp;amp;quot;&amp;amp;amp;amp;search_type&amp;amp;amp;amp;aq=f\"]},{\"@type\":\"Person\",\"@id\":\"https:\/\/www.sonnenseite.com\/de\/#\/schema\/person\/50fda0e926597684c7cc6695238a4eb9\",\"name\":\"Bigi Alt\"}]}<\/script>\n<!-- \/ Yoast SEO plugin. -->","yoast_head_json":{"title":"EU-Klimaziel f\u00fcr 2035: Schlechtes europ\u00e4isches Klima - Sonnenseite - \u00d6kologische Kommunikation mit Franz Alt","description":"Der EU-Rat hat statt eines verbindlichen Klimaziels nur eine Absichtserkl\u00e4rung beschlossen. Ausgerechnet Deutschland setzte sich nicht wirklich f\u00fcr ein","robots":{"index":"index","follow":"follow","max-snippet":"max-snippet:-1","max-image-preview":"max-image-preview:large","max-video-preview":"max-video-preview:-1"},"canonical":"https:\/\/www.sonnenseite.com\/de\/politik\/eu-klimaziel-fuer-2035-schlechtes-europaeisches-klima\/","og_locale":"de_DE","og_type":"article","og_title":"EU-Klimaziel f\u00fcr 2035: Schlechtes europ\u00e4isches Klima - Sonnenseite - \u00d6kologische Kommunikation mit Franz Alt","og_description":"Der EU-Rat hat statt eines verbindlichen Klimaziels nur eine Absichtserkl\u00e4rung beschlossen. Ausgerechnet Deutschland setzte sich nicht wirklich f\u00fcr ein","og_url":"https:\/\/www.sonnenseite.com\/de\/politik\/eu-klimaziel-fuer-2035-schlechtes-europaeisches-klima\/","og_site_name":"Sonnenseite","article_publisher":"https:\/\/www.facebook.com\/pages\/Franz-Alt-SONNENSEITECOM\/221072987903953?fref=ts","article_published_time":"2025-09-20T11:26:57+00:00","article_modified_time":"2025-09-20T11:26:58+00:00","og_image":[{"width":770,"height":420,"url":"https:\/\/www.sonnenseite.com\/wp-content\/uploads\/2020\/06\/Europa01_Lupo.jpg","type":"image\/jpeg"}],"author":"Bigi Alt","twitter_card":"summary_large_image","twitter_creator":"@franzalt","twitter_site":"@franzalt","twitter_misc":{"Verfasst von":"Bigi Alt","Gesch\u00e4tzte Lesezeit":"4\u00a0Minuten"},"schema":{"@context":"https:\/\/schema.org","@graph":[{"@type":"Article","@id":"https:\/\/www.sonnenseite.com\/de\/politik\/eu-klimaziel-fuer-2035-schlechtes-europaeisches-klima\/#article","isPartOf":{"@id":"https:\/\/www.sonnenseite.com\/de\/politik\/eu-klimaziel-fuer-2035-schlechtes-europaeisches-klima\/"},"author":{"name":"Bigi Alt","@id":"https:\/\/www.sonnenseite.com\/de\/#\/schema\/person\/50fda0e926597684c7cc6695238a4eb9"},"headline":"EU-Klimaziel f\u00fcr 2035: Schlechtes europ\u00e4isches Klima","datePublished":"2025-09-20T11:26:57+00:00","dateModified":"2025-09-20T11:26:58+00:00","mainEntityOfPage":{"@id":"https:\/\/www.sonnenseite.com\/de\/politik\/eu-klimaziel-fuer-2035-schlechtes-europaeisches-klima\/"},"wordCount":637,"publisher":{"@id":"https:\/\/www.sonnenseite.com\/de\/#organization"},"image":{"@id":"https:\/\/www.sonnenseite.com\/de\/politik\/eu-klimaziel-fuer-2035-schlechtes-europaeisches-klima\/#primaryimage"},"thumbnailUrl":"https:\/\/www.sonnenseite.com\/wp-content\/uploads\/2020\/06\/Europa01_Lupo.jpg","articleSection":["Politik"],"inLanguage":"de"},{"@type":"WebPage","@id":"https:\/\/www.sonnenseite.com\/de\/politik\/eu-klimaziel-fuer-2035-schlechtes-europaeisches-klima\/","url":"https:\/\/www.sonnenseite.com\/de\/politik\/eu-klimaziel-fuer-2035-schlechtes-europaeisches-klima\/","name":"EU-Klimaziel f\u00fcr 2035: Schlechtes europ\u00e4isches Klima - Sonnenseite - \u00d6kologische Kommunikation mit Franz Alt","isPartOf":{"@id":"https:\/\/www.sonnenseite.com\/de\/#website"},"primaryImageOfPage":{"@id":"https:\/\/www.sonnenseite.com\/de\/politik\/eu-klimaziel-fuer-2035-schlechtes-europaeisches-klima\/#primaryimage"},"image":{"@id":"https:\/\/www.sonnenseite.com\/de\/politik\/eu-klimaziel-fuer-2035-schlechtes-europaeisches-klima\/#primaryimage"},"thumbnailUrl":"https:\/\/www.sonnenseite.com\/wp-content\/uploads\/2020\/06\/Europa01_Lupo.jpg","datePublished":"2025-09-20T11:26:57+00:00","dateModified":"2025-09-20T11:26:58+00:00","description":"Der EU-Rat hat statt eines verbindlichen Klimaziels nur eine Absichtserkl\u00e4rung beschlossen. Ausgerechnet Deutschland setzte sich nicht wirklich f\u00fcr ein","breadcrumb":{"@id":"https:\/\/www.sonnenseite.com\/de\/politik\/eu-klimaziel-fuer-2035-schlechtes-europaeisches-klima\/#breadcrumb"},"inLanguage":"de","potentialAction":[{"@type":"ReadAction","target":["https:\/\/www.sonnenseite.com\/de\/politik\/eu-klimaziel-fuer-2035-schlechtes-europaeisches-klima\/"]}]},{"@type":"ImageObject","inLanguage":"de","@id":"https:\/\/www.sonnenseite.com\/de\/politik\/eu-klimaziel-fuer-2035-schlechtes-europaeisches-klima\/#primaryimage","url":"https:\/\/www.sonnenseite.com\/wp-content\/uploads\/2020\/06\/Europa01_Lupo.jpg","contentUrl":"https:\/\/www.sonnenseite.com\/wp-content\/uploads\/2020\/06\/Europa01_Lupo.jpg","width":770,"height":420,"caption":"pixelio.de | Lupo | Europa hat einmal mehr die Chance vertan, geschlossen und selbstbewusst aufzutreten."},{"@type":"BreadcrumbList","@id":"https:\/\/www.sonnenseite.com\/de\/politik\/eu-klimaziel-fuer-2035-schlechtes-europaeisches-klima\/#breadcrumb","itemListElement":[{"@type":"ListItem","position":1,"name":"Startseite","item":"https:\/\/www.sonnenseite.com\/de\/"},{"@type":"ListItem","position":2,"name":"EU-Klimaziel f\u00fcr 2035: Schlechtes europ\u00e4isches Klima"}]},{"@type":"WebSite","@id":"https:\/\/www.sonnenseite.com\/de\/#website","url":"https:\/\/www.sonnenseite.com\/de\/","name":"Sonnenseite","description":"\u00d6kologische Kommunikation mit Franz Alt","publisher":{"@id":"https:\/\/www.sonnenseite.com\/de\/#organization"},"potentialAction":[{"@type":"SearchAction","target":{"@type":"EntryPoint","urlTemplate":"https:\/\/www.sonnenseite.com\/de\/?s={search_term_string}"},"query-input":{"@type":"PropertyValueSpecification","valueRequired":true,"valueName":"search_term_string"}}],"inLanguage":"de"},{"@type":"Organization","@id":"https:\/\/www.sonnenseite.com\/de\/#organization","name":"Sonnenseite","url":"https:\/\/www.sonnenseite.com\/de\/","logo":{"@type":"ImageObject","inLanguage":"de","@id":"https:\/\/www.sonnenseite.com\/de\/#\/schema\/logo\/image\/","url":"https:\/\/www.sonnenseite.com\/wp-content\/uploads\/2020\/05\/Sonnenseite_Logo.png","contentUrl":"https:\/\/www.sonnenseite.com\/wp-content\/uploads\/2020\/05\/Sonnenseite_Logo.png","width":377,"height":90,"caption":"Sonnenseite"},"image":{"@id":"https:\/\/www.sonnenseite.com\/de\/#\/schema\/logo\/image\/"},"sameAs":["https:\/\/www.facebook.com\/pages\/Franz-Alt-SONNENSEITECOM\/221072987903953?fref=ts","https:\/\/x.com\/franzalt","http:\/\/www.youtube.com\/results?search_query&amp;amp;quot;franz_alt&amp;amp;quot;&amp;amp;amp;amp;search_type&amp;amp;amp;amp;aq=f"]},{"@type":"Person","@id":"https:\/\/www.sonnenseite.com\/de\/#\/schema\/person\/50fda0e926597684c7cc6695238a4eb9","name":"Bigi Alt"}]}},"_links":{"self":[{"href":"https:\/\/www.sonnenseite.com\/de\/wp-json\/wp\/v2\/posts\/109714","targetHints":{"allow":["GET"]}}],"collection":[{"href":"https:\/\/www.sonnenseite.com\/de\/wp-json\/wp\/v2\/posts"}],"about":[{"href":"https:\/\/www.sonnenseite.com\/de\/wp-json\/wp\/v2\/types\/post"}],"author":[{"embeddable":true,"href":"https:\/\/www.sonnenseite.com\/de\/wp-json\/wp\/v2\/users\/3"}],"replies":[{"embeddable":true,"href":"https:\/\/www.sonnenseite.com\/de\/wp-json\/wp\/v2\/comments?post=109714"}],"version-history":[{"count":2,"href":"https:\/\/www.sonnenseite.com\/de\/wp-json\/wp\/v2\/posts\/109714\/revisions"}],"predecessor-version":[{"id":109716,"href":"https:\/\/www.sonnenseite.com\/de\/wp-json\/wp\/v2\/posts\/109714\/revisions\/109716"}],"wp:featuredmedia":[{"embeddable":true,"href":"https:\/\/www.sonnenseite.com\/de\/wp-json\/wp\/v2\/media\/60266"}],"wp:attachment":[{"href":"https:\/\/www.sonnenseite.com\/de\/wp-json\/wp\/v2\/media?parent=109714"}],"wp:term":[{"taxonomy":"category","embeddable":true,"href":"https:\/\/www.sonnenseite.com\/de\/wp-json\/wp\/v2\/categories?post=109714"},{"taxonomy":"post_tag","embeddable":true,"href":"https:\/\/www.sonnenseite.com\/de\/wp-json\/wp\/v2\/tags?post=109714"}],"curies":[{"name":"wp","href":"https:\/\/api.w.org\/{rel}","templated":true}]}}