{"id":110484,"date":"2025-10-28T12:03:23","date_gmt":"2025-10-28T11:03:23","guid":{"rendered":"https:\/\/www.sonnenseite.com\/?p=110484"},"modified":"2025-10-28T12:03:24","modified_gmt":"2025-10-28T11:03:24","slug":"un-bericht-stellt-fest-dass-die-klimaschutzverpflichtungen-der-laender-unzureichend-sind","status":"publish","type":"post","link":"https:\/\/www.sonnenseite.com\/de\/umwelt\/un-bericht-stellt-fest-dass-die-klimaschutzverpflichtungen-der-laender-unzureichend-sind\/","title":{"rendered":"UN-Bericht stellt fest, dass die Klimaschutzverpflichtungen der L\u00e4nder unzureichend sind"},"content":{"rendered":"\n<p>Die UNFCCC hat heute ihren <a href=\"https:\/\/unfccc.int\/documents\/650664\">NDC-Synthesebericht<\/a> ver\u00f6ffentlicht, in dem die Klimapl\u00e4ne von 64 L\u00e4ndern, die etwa 30 % der weltweiten Emissionen abdecken, \u00fcberpr\u00fcft werden. <\/p>\n\n\n\n<p>Der Bericht fasst die eingereichten Pl\u00e4ne und die darin vorgesehenen Emissionsreduktionen zusammen und kommt zu dem Ergebnis, dass die derzeitigen Zusagen zu einer Verringerung der Emissionen um etwa 17 % gegen\u00fcber dem Niveau von 2019 f\u00fchren w\u00fcrden, was weit hinter dem zur\u00fcckbleibt, was erforderlich ist, um die Erw\u00e4rmung auf 1,5 \u00b0C zu begrenzen. Die Analyse ber\u00fccksichtigt die bis zum 30. September 2025 eingegangenen Beitr\u00e4ge.<\/p>\n\n\n\n<p>L\u00e4nder, die 64 % der weltweiten Emissionen verursachen, haben noch keine neuen NDCs offiziell eingereicht und sind in dieser Analyse nicht ber\u00fccksichtigt.<\/p>\n\n\n\n<p><strong>Es folgt eine Erkl\u00e4rung von Melanie Robinson, Direktorin des Global Climate, Economics and Finance Program des World Resources Institute:<\/strong><\/p>\n\n\n\n<p>\u201eDieser Bericht macht die erschreckende Kluft zwischen den Versprechungen der Regierungen und dem, was zum Schutz der Menschen und des Planeten erforderlich ist, deutlich. Der \u00dcbergang zu einer kohlenstoffarmen Wirtschaft ist zwar bereits im Gange, aber es ist klar, dass die L\u00e4nder von einem Joggen zu einem Sprint \u00fcbergehen m\u00fcssen.<\/p>\n\n\n\n<p>Einige L\u00e4nder haben erkannt, dass sie wirtschaftliche Vorteile erzielen k\u00f6nnen, wenn sie zu den Vorreitern der globalen Energiewende geh\u00f6ren. Aber zu viele Nationen hinken hinterher und erkennen nicht, dass Klimaschutzma\u00dfnahmen weniger kosten als die Bew\u00e4ltigung der Klimafolgen \u2013 und dass Investitionen in die neue Wirtschaft ein Katalysator f\u00fcr Wachstum sind, der Arbeitspl\u00e4tze, Wohlstand und Sicherheit f\u00f6rdert.<\/p>\n\n\n\n<p>Die Analyse der Vereinten Nationen zeigt, dass die nationalen Klimapl\u00e4ne beginnen, die globalen Emissionen zu senken: Die Ziele f\u00fcr 2035 w\u00fcrden die Emissionen im Vergleich zu den bisherigen NDC-Zielen f\u00fcr 2030 um etwa 6 % senken, und die Emissionen w\u00fcrden bis 2030 ihren H\u00f6chststand erreichen, wenn diese NDCs umgesetzt w\u00fcrden. Dieser Fortschritt wird jedoch durch die gro\u00dfe L\u00fccke, die noch geschlossen werden muss, um eine \u00dcberschreitung der 1,5 \u00b0C-Grenze des Pariser Abkommens zu vermeiden, in den Schatten gestellt.<\/p>\n\n\n\n<p>\u201eDer Bericht zeichnet ein unvollst\u00e4ndiges Bild, da L\u00e4nder, die fast zwei Drittel der globalen Emissionen verursachen, entweder die Frist f\u00fcr die Aufnahme im September verpasst haben oder noch keine neuen Pl\u00e4ne vorgelegt haben. Diejenigen, die noch zur Einreichung verpflichtet sind, m\u00fcssen ehrgeizige Klimaziele vorlegen, wenn sie wettbewerbsf\u00e4hig bleiben, Investitionen anziehen und ihrer Belegschaft zugutekommen wollen.<\/p>\n\n\n\n<p>\u201eErfreulicherweise zeigt die Analyse Beispiele f\u00fcr echte Dynamik auf, da immer mehr L\u00e4nder erneuerbare Energien ausbauen, den Verkehr dekarbonisieren und Anpassungsma\u00dfnahmen sowie einen gerechten \u00dcbergang in ihre Pl\u00e4ne integrieren. Dies sind vielversprechende Entwicklungen, die sowohl L\u00e4nder als auch St\u00e4dte aufgreifen, replizieren und skalieren k\u00f6nnen.<\/p>\n\n\n\n<p>\u201eDie Staats- und Regierungschefs sollten diesen Bericht nicht als Warnung, sondern als Aufruf zum Handeln betrachten. Die COP30 muss einen praktischen Plan vorlegen, um die Ma\u00dfnahmen in diesem Jahrzehnt zu beschleunigen \u2013 denn jeder vermiedene Bruchteil eines Grads bedeutet gerettete Leben, reichlichere Nahrungsmittel und Wasser, bessere Lebensbedingungen und st\u00e4rkere Volkswirtschaften.\u201c<\/p>\n\n\n\n<h5 class=\"wp-block-heading\">Quelle<\/h5>\n\n\n\n<p><a href=\"https:\/\/www.wri.org\/news\/statement-un-report-finds-country-climate-commitments-falling-short\">WRI \/ World Resources Institute 2025<\/a> <a href=\"mailto:franzalt@sonnenseite.com\"><\/a>| Translated with\u00a0<a href=\"http:\/\/www.deepl.com\/Translator\" target=\"_blank\" rel=\"noreferrer noopener\">www.DeepL.com\/Translator<\/a><\/p>\n<div class=\"shariff shariff-align-flex-start shariff-widget-align-flex-start\"><div class=\"ShariffHeadline\">Diese Meldung teilen<\/div><ul class=\"shariff-buttons theme-round orientation-horizontal buttonsize-medium\"><li class=\"shariff-button facebook shariff-nocustomcolor\" style=\"background-color:#4273c8;border-radius:1%\"><a href=\"https:\/\/www.facebook.com\/sharer\/sharer.php?u=https%3A%2F%2Fwww.sonnenseite.com%2Fde%2Fumwelt%2Fun-bericht-stellt-fest-dass-die-klimaschutzverpflichtungen-der-laender-unzureichend-sind%2F\" title=\"Bei Facebook teilen\" aria-label=\"Bei Facebook teilen\" role=\"button\" rel=\"nofollow\" class=\"shariff-link\" style=\";border-radius:1%; background-color:#3b5998; color:#fff\" target=\"_blank\"><span class=\"shariff-icon\" style=\"\"><svg width=\"32px\" height=\"20px\" xmlns=\"http:\/\/www.w3.org\/2000\/svg\" viewBox=\"0 0 18 32\"><path fill=\"#3b5998\" d=\"M17.1 0.2v4.7h-2.8q-1.5 0-2.1 0.6t-0.5 1.9v3.4h5.2l-0.7 5.3h-4.5v13.6h-5.5v-13.6h-4.5v-5.3h4.5v-3.9q0-3.3 1.9-5.2t5-1.8q2.6 0 4.1 0.2z\"\/><\/svg><\/span><\/a><\/li><li class=\"shariff-button twitter shariff-nocustomcolor\" style=\"background-color:#595959;border-radius:1%\"><a href=\"https:\/\/twitter.com\/share?url=https%3A%2F%2Fwww.sonnenseite.com%2Fde%2Fumwelt%2Fun-bericht-stellt-fest-dass-die-klimaschutzverpflichtungen-der-laender-unzureichend-sind%2F&text=UN-Bericht%20stellt%20fest%2C%20dass%20die%20Klimaschutzverpflichtungen%20der%20L%C3%A4nder%20unzureichend%20sind\" title=\"Bei X teilen\" aria-label=\"Bei X teilen\" role=\"button\" rel=\"noopener nofollow\" class=\"shariff-link\" style=\";border-radius:1%; background-color:#000; color:#fff\" target=\"_blank\"><span class=\"shariff-icon\" style=\"\"><svg width=\"32px\" height=\"20px\" xmlns=\"http:\/\/www.w3.org\/2000\/svg\" viewBox=\"0 0 24 24\"><path fill=\"#000\" d=\"M14.258 10.152L23.176 0h-2.113l-7.747 8.813L7.133 0H0l9.352 13.328L0 23.973h2.113l8.176-9.309 6.531 9.309h7.133zm-2.895 3.293l-.949-1.328L2.875 1.56h3.246l6.086 8.523.945 1.328 7.91 11.078h-3.246zm0 0\"\/><\/svg><\/span><\/a><\/li><li class=\"shariff-button xing shariff-nocustomcolor\" style=\"background-color:#29888a;border-radius:1%\"><a href=\"https:\/\/www.xing.com\/spi\/shares\/new?url=https%3A%2F%2Fwww.sonnenseite.com%2Fde%2Fumwelt%2Fun-bericht-stellt-fest-dass-die-klimaschutzverpflichtungen-der-laender-unzureichend-sind%2F\" title=\"Bei XING teilen\" aria-label=\"Bei XING teilen\" role=\"button\" rel=\"noopener nofollow\" class=\"shariff-link\" style=\";border-radius:1%; background-color:#126567; color:#fff\" target=\"_blank\"><span class=\"shariff-icon\" style=\"\"><svg width=\"32px\" height=\"20px\" xmlns=\"http:\/\/www.w3.org\/2000\/svg\" viewBox=\"0 0 25 32\"><path fill=\"#126567\" d=\"M10.7 11.9q-0.2 0.3-4.6 8.2-0.5 0.8-1.2 0.8h-4.3q-0.4 0-0.5-0.3t0-0.6l4.5-8q0 0 0 0l-2.9-5q-0.2-0.4 0-0.7 0.2-0.3 0.5-0.3h4.3q0.7 0 1.2 0.8zM25.1 0.4q0.2 0.3 0 0.7l-9.4 16.7 6 11q0.2 0.4 0 0.6-0.2 0.3-0.6 0.3h-4.3q-0.7 0-1.2-0.8l-6-11.1q0.3-0.6 9.5-16.8 0.4-0.8 1.2-0.8h4.3q0.4 0 0.5 0.3z\"\/><\/svg><\/span><\/a><\/li><li class=\"shariff-button linkedin shariff-nocustomcolor\" style=\"background-color:#1488bf;border-radius:1%\"><a href=\"https:\/\/www.linkedin.com\/sharing\/share-offsite\/?url=https%3A%2F%2Fwww.sonnenseite.com%2Fde%2Fumwelt%2Fun-bericht-stellt-fest-dass-die-klimaschutzverpflichtungen-der-laender-unzureichend-sind%2F\" title=\"Bei LinkedIn teilen\" aria-label=\"Bei LinkedIn teilen\" role=\"button\" rel=\"noopener nofollow\" class=\"shariff-link\" style=\";border-radius:1%; background-color:#0077b5; color:#fff\" target=\"_blank\"><span class=\"shariff-icon\" style=\"\"><svg width=\"32px\" height=\"20px\" xmlns=\"http:\/\/www.w3.org\/2000\/svg\" viewBox=\"0 0 27 32\"><path fill=\"#0077b5\" d=\"M6.2 11.2v17.7h-5.9v-17.7h5.9zM6.6 5.7q0 1.3-0.9 2.2t-2.4 0.9h0q-1.5 0-2.4-0.9t-0.9-2.2 0.9-2.2 2.4-0.9 2.4 0.9 0.9 2.2zM27.4 18.7v10.1h-5.9v-9.5q0-1.9-0.7-2.9t-2.3-1.1q-1.1 0-1.9 0.6t-1.2 1.5q-0.2 0.5-0.2 1.4v9.9h-5.9q0-7.1 0-11.6t0-5.3l0-0.9h5.9v2.6h0q0.4-0.6 0.7-1t1-0.9 1.6-0.8 2-0.3q3 0 4.9 2t1.9 6z\"\/><\/svg><\/span><\/a><\/li><li class=\"shariff-button printer shariff-nocustomcolor\" style=\"background-color:#a8a8a8;border-radius:1%\"><a href=\"javascript:window.print()\" title=\"drucken\" aria-label=\"drucken\" role=\"button\" rel=\"noopener nofollow\" class=\"shariff-link\" style=\";border-radius:1%; background-color:#999; color:#fff\"><span class=\"shariff-icon\" style=\"\"><svg width=\"32px\" height=\"20px\" xmlns=\"http:\/\/www.w3.org\/2000\/svg\" viewBox=\"0 0 30 32\"><path fill=\"#999\" d=\"M6.8 27.4h16v-4.6h-16v4.6zM6.8 16h16v-6.8h-2.8q-0.7 0-1.2-0.5t-0.5-1.2v-2.8h-11.4v11.4zM27.4 17.2q0-0.5-0.3-0.8t-0.8-0.4-0.8 0.4-0.3 0.8 0.3 0.8 0.8 0.3 0.8-0.3 0.3-0.8zM29.7 17.2v7.4q0 0.2-0.2 0.4t-0.4 0.2h-4v2.8q0 0.7-0.5 1.2t-1.2 0.5h-17.2q-0.7 0-1.2-0.5t-0.5-1.2v-2.8h-4q-0.2 0-0.4-0.2t-0.2-0.4v-7.4q0-1.4 1-2.4t2.4-1h1.2v-9.7q0-0.7 0.5-1.2t1.2-0.5h12q0.7 0 1.6 0.4t1.3 0.8l2.7 2.7q0.5 0.5 0.9 1.4t0.4 1.6v4.6h1.1q1.4 0 2.4 1t1 2.4z\"\/><\/svg><\/span><\/a><\/li><li class=\"shariff-button mailto shariff-nocustomcolor\" style=\"background-color:#a8a8a8;border-radius:1%\"><a href=\"mailto:?body=https%3A%2F%2Fwww.sonnenseite.com%2Fde%2Fumwelt%2Fun-bericht-stellt-fest-dass-die-klimaschutzverpflichtungen-der-laender-unzureichend-sind%2F&subject=UN-Bericht%20stellt%20fest%2C%20dass%20die%20Klimaschutzverpflichtungen%20der%20L%C3%A4nder%20unzureichend%20sind\" title=\"Per E-Mail versenden\" aria-label=\"Per E-Mail versenden\" role=\"button\" rel=\"noopener nofollow\" class=\"shariff-link\" style=\";border-radius:1%; background-color:#999; color:#fff\"><span class=\"shariff-icon\" style=\"\"><svg width=\"32px\" height=\"20px\" xmlns=\"http:\/\/www.w3.org\/2000\/svg\" viewBox=\"0 0 32 32\"><path fill=\"#999\" d=\"M32 12.7v14.2q0 1.2-0.8 2t-2 0.9h-26.3q-1.2 0-2-0.9t-0.8-2v-14.2q0.8 0.9 1.8 1.6 6.5 4.4 8.9 6.1 1 0.8 1.6 1.2t1.7 0.9 2 0.4h0.1q0.9 0 2-0.4t1.7-0.9 1.6-1.2q3-2.2 8.9-6.1 1-0.7 1.8-1.6zM32 7.4q0 1.4-0.9 2.7t-2.2 2.2q-6.7 4.7-8.4 5.8-0.2 0.1-0.7 0.5t-1 0.7-0.9 0.6-1.1 0.5-0.9 0.2h-0.1q-0.4 0-0.9-0.2t-1.1-0.5-0.9-0.6-1-0.7-0.7-0.5q-1.6-1.1-4.7-3.2t-3.6-2.6q-1.1-0.7-2.1-2t-1-2.5q0-1.4 0.7-2.3t2.1-0.9h26.3q1.2 0 2 0.8t0.9 2z\"\/><\/svg><\/span><\/a><\/li><\/ul><\/div>","protected":false},"excerpt":{"rendered":"<p>Die UNFCCC hat heute ihren NDC-Synthesebericht ver\u00f6ffentlicht, in dem die Klimapl\u00e4ne von 64 L\u00e4ndern, die etwa [&hellip;]<\/p>\n","protected":false},"author":3,"featured_media":102341,"comment_status":"closed","ping_status":"closed","sticky":false,"template":"","format":"standard","meta":{"inline_featured_image":false,"footnotes":""},"categories":[23],"tags":[],"class_list":["post-110484","post","type-post","status-publish","format-standard","has-post-thumbnail","hentry","category-umwelt"],"yoast_head":"<!-- This site is optimized with the Yoast SEO plugin v26.5 - https:\/\/yoast.com\/wordpress\/plugins\/seo\/ -->\n<title>UN-Bericht stellt fest, dass die Klimaschutzverpflichtungen der L\u00e4nder unzureichend sind - Sonnenseite - \u00d6kologische Kommunikation mit Franz Alt<\/title>\n<meta name=\"description\" content=\"Die UNFCCC hat heute ihren NDC-Synthesebericht ver\u00f6ffentlicht, in dem die Klimapl\u00e4ne von 64 L\u00e4ndern, die etwa 30 % der weltweiten Emissionen abdecken,\" \/>\n<meta name=\"robots\" content=\"index, follow, max-snippet:-1, max-image-preview:large, max-video-preview:-1\" \/>\n<link rel=\"canonical\" href=\"https:\/\/www.sonnenseite.com\/de\/umwelt\/un-bericht-stellt-fest-dass-die-klimaschutzverpflichtungen-der-laender-unzureichend-sind\/\" \/>\n<meta property=\"og:locale\" content=\"de_DE\" \/>\n<meta property=\"og:type\" content=\"article\" \/>\n<meta property=\"og:title\" content=\"UN-Bericht stellt fest, dass die Klimaschutzverpflichtungen der L\u00e4nder unzureichend sind - Sonnenseite - \u00d6kologische Kommunikation mit Franz Alt\" \/>\n<meta property=\"og:description\" content=\"Die UNFCCC hat heute ihren NDC-Synthesebericht ver\u00f6ffentlicht, in dem die Klimapl\u00e4ne von 64 L\u00e4ndern, die etwa 30 % der weltweiten Emissionen abdecken,\" \/>\n<meta property=\"og:url\" content=\"https:\/\/www.sonnenseite.com\/de\/umwelt\/un-bericht-stellt-fest-dass-die-klimaschutzverpflichtungen-der-laender-unzureichend-sind\/\" \/>\n<meta property=\"og:site_name\" content=\"Sonnenseite\" \/>\n<meta property=\"article:publisher\" content=\"https:\/\/www.facebook.com\/pages\/Franz-Alt-SONNENSEITECOM\/221072987903953?fref=ts\" \/>\n<meta property=\"article:published_time\" content=\"2025-10-28T11:03:23+00:00\" \/>\n<meta property=\"article:modified_time\" content=\"2025-10-28T11:03:24+00:00\" \/>\n<meta property=\"og:image\" content=\"https:\/\/www.sonnenseite.com\/wp-content\/uploads\/2024\/10\/Wald_FelixMittermeier.jpg\" \/>\n\t<meta property=\"og:image:width\" content=\"770\" \/>\n\t<meta property=\"og:image:height\" content=\"420\" \/>\n\t<meta property=\"og:image:type\" content=\"image\/jpeg\" \/>\n<meta name=\"author\" content=\"Bigi Alt\" \/>\n<meta name=\"twitter:card\" content=\"summary_large_image\" \/>\n<meta name=\"twitter:creator\" content=\"@franzalt\" \/>\n<meta name=\"twitter:site\" content=\"@franzalt\" \/>\n<meta name=\"twitter:label1\" content=\"Verfasst von\" \/>\n\t<meta name=\"twitter:data1\" content=\"Bigi Alt\" \/>\n\t<meta name=\"twitter:label2\" content=\"Gesch\u00e4tzte Lesezeit\" \/>\n\t<meta name=\"twitter:data2\" content=\"3\u00a0Minuten\" \/>\n<script type=\"application\/ld+json\" class=\"yoast-schema-graph\">{\"@context\":\"https:\/\/schema.org\",\"@graph\":[{\"@type\":\"Article\",\"@id\":\"https:\/\/www.sonnenseite.com\/de\/umwelt\/un-bericht-stellt-fest-dass-die-klimaschutzverpflichtungen-der-laender-unzureichend-sind\/#article\",\"isPartOf\":{\"@id\":\"https:\/\/www.sonnenseite.com\/de\/umwelt\/un-bericht-stellt-fest-dass-die-klimaschutzverpflichtungen-der-laender-unzureichend-sind\/\"},\"author\":{\"name\":\"Bigi Alt\",\"@id\":\"https:\/\/www.sonnenseite.com\/de\/#\/schema\/person\/50fda0e926597684c7cc6695238a4eb9\"},\"headline\":\"UN-Bericht stellt fest, dass die Klimaschutzverpflichtungen der L\u00e4nder unzureichend sind\",\"datePublished\":\"2025-10-28T11:03:23+00:00\",\"dateModified\":\"2025-10-28T11:03:24+00:00\",\"mainEntityOfPage\":{\"@id\":\"https:\/\/www.sonnenseite.com\/de\/umwelt\/un-bericht-stellt-fest-dass-die-klimaschutzverpflichtungen-der-laender-unzureichend-sind\/\"},\"wordCount\":514,\"publisher\":{\"@id\":\"https:\/\/www.sonnenseite.com\/de\/#organization\"},\"image\":{\"@id\":\"https:\/\/www.sonnenseite.com\/de\/umwelt\/un-bericht-stellt-fest-dass-die-klimaschutzverpflichtungen-der-laender-unzureichend-sind\/#primaryimage\"},\"thumbnailUrl\":\"https:\/\/www.sonnenseite.com\/wp-content\/uploads\/2024\/10\/Wald_FelixMittermeier.jpg\",\"articleSection\":[\"Umwelt\"],\"inLanguage\":\"de\"},{\"@type\":\"WebPage\",\"@id\":\"https:\/\/www.sonnenseite.com\/de\/umwelt\/un-bericht-stellt-fest-dass-die-klimaschutzverpflichtungen-der-laender-unzureichend-sind\/\",\"url\":\"https:\/\/www.sonnenseite.com\/de\/umwelt\/un-bericht-stellt-fest-dass-die-klimaschutzverpflichtungen-der-laender-unzureichend-sind\/\",\"name\":\"UN-Bericht stellt fest, dass die Klimaschutzverpflichtungen der L\u00e4nder unzureichend sind - Sonnenseite - \u00d6kologische Kommunikation mit Franz Alt\",\"isPartOf\":{\"@id\":\"https:\/\/www.sonnenseite.com\/de\/#website\"},\"primaryImageOfPage\":{\"@id\":\"https:\/\/www.sonnenseite.com\/de\/umwelt\/un-bericht-stellt-fest-dass-die-klimaschutzverpflichtungen-der-laender-unzureichend-sind\/#primaryimage\"},\"image\":{\"@id\":\"https:\/\/www.sonnenseite.com\/de\/umwelt\/un-bericht-stellt-fest-dass-die-klimaschutzverpflichtungen-der-laender-unzureichend-sind\/#primaryimage\"},\"thumbnailUrl\":\"https:\/\/www.sonnenseite.com\/wp-content\/uploads\/2024\/10\/Wald_FelixMittermeier.jpg\",\"datePublished\":\"2025-10-28T11:03:23+00:00\",\"dateModified\":\"2025-10-28T11:03:24+00:00\",\"description\":\"Die UNFCCC hat heute ihren NDC-Synthesebericht ver\u00f6ffentlicht, in dem die Klimapl\u00e4ne von 64 L\u00e4ndern, die etwa 30 % der weltweiten Emissionen abdecken,\",\"breadcrumb\":{\"@id\":\"https:\/\/www.sonnenseite.com\/de\/umwelt\/un-bericht-stellt-fest-dass-die-klimaschutzverpflichtungen-der-laender-unzureichend-sind\/#breadcrumb\"},\"inLanguage\":\"de\",\"potentialAction\":[{\"@type\":\"ReadAction\",\"target\":[\"https:\/\/www.sonnenseite.com\/de\/umwelt\/un-bericht-stellt-fest-dass-die-klimaschutzverpflichtungen-der-laender-unzureichend-sind\/\"]}]},{\"@type\":\"ImageObject\",\"inLanguage\":\"de\",\"@id\":\"https:\/\/www.sonnenseite.com\/de\/umwelt\/un-bericht-stellt-fest-dass-die-klimaschutzverpflichtungen-der-laender-unzureichend-sind\/#primaryimage\",\"url\":\"https:\/\/www.sonnenseite.com\/wp-content\/uploads\/2024\/10\/Wald_FelixMittermeier.jpg\",\"contentUrl\":\"https:\/\/www.sonnenseite.com\/wp-content\/uploads\/2024\/10\/Wald_FelixMittermeier.jpg\",\"width\":770,\"height\":420,\"caption\":\"pixabay.com | Felix Mittermeier\"},{\"@type\":\"BreadcrumbList\",\"@id\":\"https:\/\/www.sonnenseite.com\/de\/umwelt\/un-bericht-stellt-fest-dass-die-klimaschutzverpflichtungen-der-laender-unzureichend-sind\/#breadcrumb\",\"itemListElement\":[{\"@type\":\"ListItem\",\"position\":1,\"name\":\"Startseite\",\"item\":\"https:\/\/www.sonnenseite.com\/de\/\"},{\"@type\":\"ListItem\",\"position\":2,\"name\":\"UN-Bericht stellt fest, dass die Klimaschutzverpflichtungen der L\u00e4nder unzureichend sind\"}]},{\"@type\":\"WebSite\",\"@id\":\"https:\/\/www.sonnenseite.com\/de\/#website\",\"url\":\"https:\/\/www.sonnenseite.com\/de\/\",\"name\":\"Sonnenseite\",\"description\":\"\u00d6kologische Kommunikation mit Franz Alt\",\"publisher\":{\"@id\":\"https:\/\/www.sonnenseite.com\/de\/#organization\"},\"potentialAction\":[{\"@type\":\"SearchAction\",\"target\":{\"@type\":\"EntryPoint\",\"urlTemplate\":\"https:\/\/www.sonnenseite.com\/de\/?s={search_term_string}\"},\"query-input\":{\"@type\":\"PropertyValueSpecification\",\"valueRequired\":true,\"valueName\":\"search_term_string\"}}],\"inLanguage\":\"de\"},{\"@type\":\"Organization\",\"@id\":\"https:\/\/www.sonnenseite.com\/de\/#organization\",\"name\":\"Sonnenseite\",\"url\":\"https:\/\/www.sonnenseite.com\/de\/\",\"logo\":{\"@type\":\"ImageObject\",\"inLanguage\":\"de\",\"@id\":\"https:\/\/www.sonnenseite.com\/de\/#\/schema\/logo\/image\/\",\"url\":\"https:\/\/www.sonnenseite.com\/wp-content\/uploads\/2020\/05\/Sonnenseite_Logo.png\",\"contentUrl\":\"https:\/\/www.sonnenseite.com\/wp-content\/uploads\/2020\/05\/Sonnenseite_Logo.png\",\"width\":377,\"height\":90,\"caption\":\"Sonnenseite\"},\"image\":{\"@id\":\"https:\/\/www.sonnenseite.com\/de\/#\/schema\/logo\/image\/\"},\"sameAs\":[\"https:\/\/www.facebook.com\/pages\/Franz-Alt-SONNENSEITECOM\/221072987903953?fref=ts\",\"https:\/\/x.com\/franzalt\",\"http:\/\/www.youtube.com\/results?search_query&amp;amp;quot;franz_alt&amp;amp;quot;&amp;amp;amp;amp;search_type&amp;amp;amp;amp;aq=f\"]},{\"@type\":\"Person\",\"@id\":\"https:\/\/www.sonnenseite.com\/de\/#\/schema\/person\/50fda0e926597684c7cc6695238a4eb9\",\"name\":\"Bigi Alt\"}]}<\/script>\n<!-- \/ Yoast SEO plugin. -->","yoast_head_json":{"title":"UN-Bericht stellt fest, dass die Klimaschutzverpflichtungen der L\u00e4nder unzureichend sind - Sonnenseite - \u00d6kologische Kommunikation mit Franz Alt","description":"Die UNFCCC hat heute ihren NDC-Synthesebericht ver\u00f6ffentlicht, in dem die Klimapl\u00e4ne von 64 L\u00e4ndern, die etwa 30 % der weltweiten Emissionen abdecken,","robots":{"index":"index","follow":"follow","max-snippet":"max-snippet:-1","max-image-preview":"max-image-preview:large","max-video-preview":"max-video-preview:-1"},"canonical":"https:\/\/www.sonnenseite.com\/de\/umwelt\/un-bericht-stellt-fest-dass-die-klimaschutzverpflichtungen-der-laender-unzureichend-sind\/","og_locale":"de_DE","og_type":"article","og_title":"UN-Bericht stellt fest, dass die Klimaschutzverpflichtungen der L\u00e4nder unzureichend sind - Sonnenseite - \u00d6kologische Kommunikation mit Franz Alt","og_description":"Die UNFCCC hat heute ihren NDC-Synthesebericht ver\u00f6ffentlicht, in dem die Klimapl\u00e4ne von 64 L\u00e4ndern, die etwa 30 % der weltweiten Emissionen abdecken,","og_url":"https:\/\/www.sonnenseite.com\/de\/umwelt\/un-bericht-stellt-fest-dass-die-klimaschutzverpflichtungen-der-laender-unzureichend-sind\/","og_site_name":"Sonnenseite","article_publisher":"https:\/\/www.facebook.com\/pages\/Franz-Alt-SONNENSEITECOM\/221072987903953?fref=ts","article_published_time":"2025-10-28T11:03:23+00:00","article_modified_time":"2025-10-28T11:03:24+00:00","og_image":[{"width":770,"height":420,"url":"https:\/\/www.sonnenseite.com\/wp-content\/uploads\/2024\/10\/Wald_FelixMittermeier.jpg","type":"image\/jpeg"}],"author":"Bigi Alt","twitter_card":"summary_large_image","twitter_creator":"@franzalt","twitter_site":"@franzalt","twitter_misc":{"Verfasst von":"Bigi Alt","Gesch\u00e4tzte Lesezeit":"3\u00a0Minuten"},"schema":{"@context":"https:\/\/schema.org","@graph":[{"@type":"Article","@id":"https:\/\/www.sonnenseite.com\/de\/umwelt\/un-bericht-stellt-fest-dass-die-klimaschutzverpflichtungen-der-laender-unzureichend-sind\/#article","isPartOf":{"@id":"https:\/\/www.sonnenseite.com\/de\/umwelt\/un-bericht-stellt-fest-dass-die-klimaschutzverpflichtungen-der-laender-unzureichend-sind\/"},"author":{"name":"Bigi Alt","@id":"https:\/\/www.sonnenseite.com\/de\/#\/schema\/person\/50fda0e926597684c7cc6695238a4eb9"},"headline":"UN-Bericht stellt fest, dass die Klimaschutzverpflichtungen der L\u00e4nder unzureichend sind","datePublished":"2025-10-28T11:03:23+00:00","dateModified":"2025-10-28T11:03:24+00:00","mainEntityOfPage":{"@id":"https:\/\/www.sonnenseite.com\/de\/umwelt\/un-bericht-stellt-fest-dass-die-klimaschutzverpflichtungen-der-laender-unzureichend-sind\/"},"wordCount":514,"publisher":{"@id":"https:\/\/www.sonnenseite.com\/de\/#organization"},"image":{"@id":"https:\/\/www.sonnenseite.com\/de\/umwelt\/un-bericht-stellt-fest-dass-die-klimaschutzverpflichtungen-der-laender-unzureichend-sind\/#primaryimage"},"thumbnailUrl":"https:\/\/www.sonnenseite.com\/wp-content\/uploads\/2024\/10\/Wald_FelixMittermeier.jpg","articleSection":["Umwelt"],"inLanguage":"de"},{"@type":"WebPage","@id":"https:\/\/www.sonnenseite.com\/de\/umwelt\/un-bericht-stellt-fest-dass-die-klimaschutzverpflichtungen-der-laender-unzureichend-sind\/","url":"https:\/\/www.sonnenseite.com\/de\/umwelt\/un-bericht-stellt-fest-dass-die-klimaschutzverpflichtungen-der-laender-unzureichend-sind\/","name":"UN-Bericht stellt fest, dass die Klimaschutzverpflichtungen der L\u00e4nder unzureichend sind - Sonnenseite - \u00d6kologische Kommunikation mit Franz Alt","isPartOf":{"@id":"https:\/\/www.sonnenseite.com\/de\/#website"},"primaryImageOfPage":{"@id":"https:\/\/www.sonnenseite.com\/de\/umwelt\/un-bericht-stellt-fest-dass-die-klimaschutzverpflichtungen-der-laender-unzureichend-sind\/#primaryimage"},"image":{"@id":"https:\/\/www.sonnenseite.com\/de\/umwelt\/un-bericht-stellt-fest-dass-die-klimaschutzverpflichtungen-der-laender-unzureichend-sind\/#primaryimage"},"thumbnailUrl":"https:\/\/www.sonnenseite.com\/wp-content\/uploads\/2024\/10\/Wald_FelixMittermeier.jpg","datePublished":"2025-10-28T11:03:23+00:00","dateModified":"2025-10-28T11:03:24+00:00","description":"Die UNFCCC hat heute ihren NDC-Synthesebericht ver\u00f6ffentlicht, in dem die Klimapl\u00e4ne von 64 L\u00e4ndern, die etwa 30 % der weltweiten Emissionen abdecken,","breadcrumb":{"@id":"https:\/\/www.sonnenseite.com\/de\/umwelt\/un-bericht-stellt-fest-dass-die-klimaschutzverpflichtungen-der-laender-unzureichend-sind\/#breadcrumb"},"inLanguage":"de","potentialAction":[{"@type":"ReadAction","target":["https:\/\/www.sonnenseite.com\/de\/umwelt\/un-bericht-stellt-fest-dass-die-klimaschutzverpflichtungen-der-laender-unzureichend-sind\/"]}]},{"@type":"ImageObject","inLanguage":"de","@id":"https:\/\/www.sonnenseite.com\/de\/umwelt\/un-bericht-stellt-fest-dass-die-klimaschutzverpflichtungen-der-laender-unzureichend-sind\/#primaryimage","url":"https:\/\/www.sonnenseite.com\/wp-content\/uploads\/2024\/10\/Wald_FelixMittermeier.jpg","contentUrl":"https:\/\/www.sonnenseite.com\/wp-content\/uploads\/2024\/10\/Wald_FelixMittermeier.jpg","width":770,"height":420,"caption":"pixabay.com | Felix Mittermeier"},{"@type":"BreadcrumbList","@id":"https:\/\/www.sonnenseite.com\/de\/umwelt\/un-bericht-stellt-fest-dass-die-klimaschutzverpflichtungen-der-laender-unzureichend-sind\/#breadcrumb","itemListElement":[{"@type":"ListItem","position":1,"name":"Startseite","item":"https:\/\/www.sonnenseite.com\/de\/"},{"@type":"ListItem","position":2,"name":"UN-Bericht stellt fest, dass die Klimaschutzverpflichtungen der L\u00e4nder unzureichend sind"}]},{"@type":"WebSite","@id":"https:\/\/www.sonnenseite.com\/de\/#website","url":"https:\/\/www.sonnenseite.com\/de\/","name":"Sonnenseite","description":"\u00d6kologische Kommunikation mit Franz Alt","publisher":{"@id":"https:\/\/www.sonnenseite.com\/de\/#organization"},"potentialAction":[{"@type":"SearchAction","target":{"@type":"EntryPoint","urlTemplate":"https:\/\/www.sonnenseite.com\/de\/?s={search_term_string}"},"query-input":{"@type":"PropertyValueSpecification","valueRequired":true,"valueName":"search_term_string"}}],"inLanguage":"de"},{"@type":"Organization","@id":"https:\/\/www.sonnenseite.com\/de\/#organization","name":"Sonnenseite","url":"https:\/\/www.sonnenseite.com\/de\/","logo":{"@type":"ImageObject","inLanguage":"de","@id":"https:\/\/www.sonnenseite.com\/de\/#\/schema\/logo\/image\/","url":"https:\/\/www.sonnenseite.com\/wp-content\/uploads\/2020\/05\/Sonnenseite_Logo.png","contentUrl":"https:\/\/www.sonnenseite.com\/wp-content\/uploads\/2020\/05\/Sonnenseite_Logo.png","width":377,"height":90,"caption":"Sonnenseite"},"image":{"@id":"https:\/\/www.sonnenseite.com\/de\/#\/schema\/logo\/image\/"},"sameAs":["https:\/\/www.facebook.com\/pages\/Franz-Alt-SONNENSEITECOM\/221072987903953?fref=ts","https:\/\/x.com\/franzalt","http:\/\/www.youtube.com\/results?search_query&amp;amp;quot;franz_alt&amp;amp;quot;&amp;amp;amp;amp;search_type&amp;amp;amp;amp;aq=f"]},{"@type":"Person","@id":"https:\/\/www.sonnenseite.com\/de\/#\/schema\/person\/50fda0e926597684c7cc6695238a4eb9","name":"Bigi Alt"}]}},"_links":{"self":[{"href":"https:\/\/www.sonnenseite.com\/de\/wp-json\/wp\/v2\/posts\/110484","targetHints":{"allow":["GET"]}}],"collection":[{"href":"https:\/\/www.sonnenseite.com\/de\/wp-json\/wp\/v2\/posts"}],"about":[{"href":"https:\/\/www.sonnenseite.com\/de\/wp-json\/wp\/v2\/types\/post"}],"author":[{"embeddable":true,"href":"https:\/\/www.sonnenseite.com\/de\/wp-json\/wp\/v2\/users\/3"}],"replies":[{"embeddable":true,"href":"https:\/\/www.sonnenseite.com\/de\/wp-json\/wp\/v2\/comments?post=110484"}],"version-history":[{"count":1,"href":"https:\/\/www.sonnenseite.com\/de\/wp-json\/wp\/v2\/posts\/110484\/revisions"}],"predecessor-version":[{"id":110485,"href":"https:\/\/www.sonnenseite.com\/de\/wp-json\/wp\/v2\/posts\/110484\/revisions\/110485"}],"wp:featuredmedia":[{"embeddable":true,"href":"https:\/\/www.sonnenseite.com\/de\/wp-json\/wp\/v2\/media\/102341"}],"wp:attachment":[{"href":"https:\/\/www.sonnenseite.com\/de\/wp-json\/wp\/v2\/media?parent=110484"}],"wp:term":[{"taxonomy":"category","embeddable":true,"href":"https:\/\/www.sonnenseite.com\/de\/wp-json\/wp\/v2\/categories?post=110484"},{"taxonomy":"post_tag","embeddable":true,"href":"https:\/\/www.sonnenseite.com\/de\/wp-json\/wp\/v2\/tags?post=110484"}],"curies":[{"name":"wp","href":"https:\/\/api.w.org\/{rel}","templated":true}]}}