{"id":110515,"date":"2025-10-30T08:56:40","date_gmt":"2025-10-30T07:56:40","guid":{"rendered":"https:\/\/www.sonnenseite.com\/?p=110515"},"modified":"2025-10-30T09:03:14","modified_gmt":"2025-10-30T08:03:14","slug":"studie-von-kfw-und-deloitte-unternehmen-mit-klimaschutz-sind-erfolgreicher","status":"publish","type":"post","link":"https:\/\/www.sonnenseite.com\/de\/wirtschaft\/studie-von-kfw-und-deloitte-unternehmen-mit-klimaschutz-sind-erfolgreicher\/","title":{"rendered":"Studie von KfW und Deloitte: Unternehmen mit Klimaschutz sind erfolgreicher"},"content":{"rendered":"\n<p>Dass es noch keine globale CO<sub>2<\/sub>-Bepreisung gibt, ist f\u00fcr die staatliche F\u00f6rderbank KfW kein Grund, regionale Systeme wie den europ\u00e4ischen Emissionshandel abzuschaffen. Gr\u00fcnde daf\u00fcr legten jetzt die Bank und die Beratungsgesellschaft Deloitte vor.<a href=\"whatsapp:\/\/send?text=%20https:\/\/www.klimareporter.de\/finanzen-wirtschaft\/foerderbank-unternehmen-mit-klimaschutz-sind-erfolgreicher\" target=\"_blank\" rel=\"noreferrer noopener\"><\/a><a href=\"mailto:?subject=Lesetipp%3A%20F%C3%B6rderbank%3A%20Unternehmen%20mit%20Klimaschutz%20sind%20erfolgreicher%20%E2%80%93%20Klimareporter%C2%B0&amp;body=F%C3%B6rderbank%3A%20Unternehmen%20mit%20Klimaschutz%20sind%20erfolgreicher%20%E2%80%93%20https%3A%2F%2Fwww.klimareporter.de%2Ffinanzen-wirtschaft%2Ffoerderbank-unternehmen-mit-klimaschutz-sind-erfolgreicher%0D%0A\"><\/a><\/p>\n\n\n\n<p>Die Bleiweste macht in der deutschen Industrie gerade Karriere. Anfang Oktober beklagte der Chef des Chemiekonzerns <a href=\"https:\/\/de.wikipedia.org\/wiki\/Evonik_Industries\" target=\"_blank\" rel=\"noreferrer noopener\">Evonik<\/a>, Christian Kullmann, in einem <a href=\"https:\/\/www.faz.net\/aktuell\/wirtschaft\/unternehmen\/evonik-chef-christian-kullmann-kritisiert-regulierung-110722024.html\" target=\"_blank\" rel=\"noreferrer noopener\"><em>FAZ<\/em>-Interview<\/a>, andere L\u00e4nder seien erfolgreicher, weil sie ohne die Bleiweste einer zus\u00e4tzlichen CO<sub>2<\/sub>-Geb\u00fchr arbeiteten.<\/p>\n\n\n\n<p>Am Tag nach dem gut platzierten Interview zog die Bleiweste <a href=\"https:\/\/www.klimareporter.de\/deutschland\/industrie-sieht-klimaschutz-nur-noch-als-ballast\" target=\"_blank\" rel=\"noreferrer noopener\">auf dem Klimakongress<\/a>&nbsp;der deutschen Industrie Kreise. Die Weste m\u00fcsse weg, pflichtete BASF-Vorstandschef Markus Kamieth Kullmann bei.&nbsp;<\/p>\n\n\n\n<p>Der Vizechef der Unionsfraktion im Bundestag, <a href=\"https:\/\/www.klimareporter.de\/deutschland\/den-rucksack-der-ueberregulierung-abwerfen\" target=\"_blank\" rel=\"noreferrer noopener\">Andreas Jung<\/a>, versicherte seinerseits, die Regierung arbeite daran, die Bleiweste mit einer Reform des europ\u00e4ischen Emissionshandels quasi in ein d\u00fcnnes Hemdchen zu verwandeln.<\/p>\n\n\n\n<p>Der Evonik-Chef durfte jetzt in einem <a href=\"https:\/\/www.sueddeutsche.de\/wirtschaft\/evonik-christian-kullmann-emissionshandel-industrie-eu-li.3329647\" target=\"_blank\" rel=\"noreferrer noopener\">Interview mit der <em>S\u00fcddeutschen Zeitung<\/em><\/a> nachlegen und wetterte mit ziemlich genau denselben Worten gegen die angebliche Bleiweste.<\/p>\n\n\n\n<p>Auch wenn eine These h\u00e4ufig wiederholt wird, muss sie nicht wahrer werden, das ist bekannt. Eine jetzt von der staatlichen F\u00f6rderbank KfW zusammen mit der weltgr\u00f6\u00dften Beratungsgesellschaft Deloitte explizit zur Weltklimakonferenz vorgelegte <a href=\"https:\/\/www.kfw.de\/%C3%9Cber-die-KfW\/Newsroom\/Aktuelles\/Pressemitteilungen-Details_867584.html\" target=\"_blank\" rel=\"noreferrer noopener\">Studie<\/a> sieht jedenfalls in Klimaschutz keineswegs eine Bleiweste, sondern vielmehr eine Art R\u00fcstung, die Wettbewerbsf\u00e4higkeit und Resilienz der deutschen Wirtschaft st\u00e4rkt.<\/p>\n\n\n\n<h4 class=\"wp-block-heading\">KfW: Klimaschutz lohnt sich auch volkswirtschaftlich<\/h4>\n\n\n\n<p>Die Fakten sprechen da f\u00fcr KfW-Vorstandschef <a href=\"https:\/\/de.wikipedia.org\/wiki\/Stefan_Wintels\" target=\"_blank\" rel=\"noreferrer noopener\">Stefan Wintels<\/a> eine klare Sprache. &#8222;Unternehmen, die in Klimaschutz investieren, sind erfolgreicher&#8220;, erkl\u00e4rte Wintels bei der Studienpr\u00e4sentation zu Wochenbeginn w\u00f6rtlich, und man wei\u00df nicht, ob er dabei auch die \u00c4u\u00dferungen des Evonik-Chefs im Sinn hatte.<\/p>\n\n\n\n<p>Gr\u00fcnde f\u00fcr den Mehrerfolg mit Klimaschutz hatte der KfW-Chef einige parat. So profitierten die Unternehmen, weil sie besser auf Risiken vorbereitet seien, und sie verf\u00fcgten \u00fcber mehr Resilienz, weil sie von schwankenden Energie- und CO<sub>2<\/sub>-Preisen weniger abh\u00e4ngig w\u00fcrden. Auch biete Klimaschutz Potenzial f\u00fcr sinkende Kosten, etwa mit dem Einsatz erneuerbarer Energien sowie mit Speichertechnologien.<a href=\"https:\/\/www.klimareporter.de\/images\/karo3imgmanager\/resized\/standard-1\/wesseling-germany-lyondellbasell-01-1100-733-80-ccb.webp\"><\/a><\/p>\n\n\n\n<p>&#8222;Klimaschutz ist kein Wachstumshindernis, sondern ein Schl\u00fcssel zu Innovationen, starken M\u00e4rkten und langfristiger Wettbewerbsf\u00e4higkeit&#8220;, bilanzierte der KfW-Chef.<\/p>\n\n\n\n<p>Wintels wies auch auf entsprechende weltweite Trends hin. Die <a href=\"https:\/\/www.klimareporter.de\/international\/die-eu-dreht-auf-die-usa-stuerzen-ab\" target=\"_blank\" rel=\"noreferrer noopener\">globalen Investitionen<\/a> in saubere Energien seien mit j\u00e4hrlich rund <a href=\"https:\/\/www.pv-magazine.com\/2025\/01\/31\/global-clean-energy-investment-hit-2-1-trillion-in-2024-says-bnef\/\" target=\"_blank\" rel=\"noreferrer noopener\">zwei Billionen<\/a> US-Dollar inzwischen doppelt so hoch wie die Investitionen in fossile Energien&nbsp;\u2013 w\u00e4hrend es vor zehn Jahren noch umgekehrt gewesen sei.<\/p>\n\n\n\n<p>Weil die absehbaren <a href=\"https:\/\/www.klimareporter.de\/finanzen-wirtschaft\/business-as-usual-hat-wenig-sinn\" target=\"_blank\" rel=\"noreferrer noopener\">Kosten des Nichthandelns<\/a> mittlerweile die n\u00f6tigen Investitionen zur Begrenzung des Klimawandels deutlich \u00fcberstiegen, lohnten sich Investitionen in Klimaschutz auch volkswirtschaftlich, hob der KfW-Vorstandschef hervor. Dieser Aspekt komme in der \u00f6ffentlichen Diskussion h\u00e4ufig zu kurz, bedauerte Wintels.<\/p>\n\n\n\n<p>Laut der Studie summierten sich allein in den letzten f\u00fcnf Jahren die klimabedingten Sch\u00e4den weltweit auf mehr als eine Billion US-Dollar.<\/p>\n\n\n\n<h4 class=\"wp-block-heading\">Hohe Energiepreise bleiben eine Belastung<\/h4>\n\n\n\n<p>Diese Sch\u00e4den betr\u00e4fen Unternehmen oft auch ganz direkt, machte <a href=\"https:\/\/www.deloitte.com\/de\/de\/about\/people\/profiles.hawalter+3c91a90a.html\" target=\"_blank\" rel=\"noreferrer noopener\">Hans-J\u00fcrgen Walter<\/a> von Deloitte bei der Pr\u00e4sentation deutlich. Nach seinen Angaben sind bereits zwei Drittel der Unternehmen in der EU von physischen Sch\u00e4den und Risiken betroffen.<\/p>\n\n\n\n<p>&#8222;Jede Verz\u00f6gerung bei der Emissionsreduzierung in der Gegenwart wird Unternehmen in Zukunft in wirtschaftlicher Hinsicht teuer zu stehen kommen&#8220;, betonte der Finanzexperte.<\/p>\n\n\n\n<p>Nat\u00fcrlich muss auch in den Augen von KfW und Deloitte die Klimaschutz-&#8222;R\u00fcstung&#8220; hier und da verst\u00e4rkt oder umgebaut werden, darunter bei den Energiekosten.<\/p>\n\n\n\n<p>Auch wenn der Ausbau der Erneuerbaren vorangehe und einzelne Kosten s\u00e4nken, w\u00fcrden die Systemkosten f\u00fcr Netz, Speicherung und Steuerung den Strompreis auf absehbare Zeit h\u00f6her halten als in anderen L\u00e4ndern, r\u00e4umte KfW-Chef Wintels ein.<\/p>\n\n\n\n<p>Die vergleichsweise hohen Energiepreise sieht auch er als eine Belastung f\u00fcr den Standort Deutschland. Die Wirtschaftspolitik m\u00fcsse hier gegensteuern, zum Beispiel durch die Senkung der Stromsteuer und gezielte Ausgleichsma\u00dfnahmen, um Deutschland f\u00fcr energieintensive Industrien attraktiv zu halten und den Transformationsprozess abzusichern.<\/p>\n\n\n\n<p>Was die gerade von der Chemiebranche so sehr beklagte CO<sub>2<\/sub>-Bepreisung angeht, pl\u00e4diert die KfW-Deloitte-Studie nicht f\u00fcrs Aussetzen oder Abschaffen, sondern hebt die urspr\u00fcngliche Idee des Zusammenspiels von CO<sub>2<\/sub>-Preis und Emissionshandel hervor.<\/p>\n\n\n\n<p>Dieser Ansatz schaffe Anreize, die Emissionen dort zu reduzieren, wo dies besonders kosteneffizient erreichbar ist, betont die Studie. Zugleich steige so die Nachfrage nach umweltfreundlichen Produkten, da deren Verwendung wirtschaftlich attraktiver wird. Das erleichtere wiederum m\u00f6gliche Gesch\u00e4fte auf gr\u00fcnen M\u00e4rkten.<\/p>\n\n\n\n<h4 class=\"wp-block-heading\">Europ\u00e4ische CO<sub>2<\/sub>-Bepreisung als &#8222;zweitbeste L\u00f6sung&#8220;<\/h4>\n\n\n\n<p>KfW und Deloitte sprechen sich damit f\u00fcr eine sogenannte &#8222;anreizkombatible CO<sub>2<\/sub>-Bepreisung&#8220; aus. Beim CO<sub>2<\/sub>-Preis komme es darauf an, dass er einem verl\u00e4sslichen, planbaren Pfad folge, um Investitionsanreize f\u00fcr die privaten Investoren zu bieten, erl\u00e4utert Finanzexperte Walter. &#8222;Angesichts der langen Investitionshorizonte ist langfristige Planbarkeit hier besonders wichtig&#8220;, sagt er auf Nachfrage von Klimareporter\u00b0.<\/p>\n\n\n\n<p>In der Studie wird auch klargestellt, dass die aktuellen CO<sub>2<\/sub>-Preise die tats\u00e4chlichen <a href=\"https:\/\/www.umweltbundesamt.de\/daten\/umwelt-wirtschaft\/gesellschaftliche-kosten-von-umweltbelastungen\" target=\"_blank\" rel=\"noreferrer noopener\">sozialen Kosten<\/a> der Emissionen noch nicht vollst\u00e4ndig widerspiegeln. Zudem profitierten Technologien, die fossile Brennstoffe nutzen, wie Verbrennungsmotoren und herk\u00f6mmlicher Flugkraftstoff, derzeit von <a href=\"https:\/\/www.klimareporter.de\/verkehr\/staat-verhindert-dass-co2-preis-wirkt\" target=\"_blank\" rel=\"noreferrer noopener\">erheblichen Subventionen<\/a> sowie einem k\u00fcnstlich niedrig gehaltenen CO<sub>2<\/sub>-Preis, wird kritisiert.<\/p>\n\n\n\n<p>W\u00fcrden dagegen bei der Bepreisung die tats\u00e4chlichen Kosten der CO<sub>2<\/sub>-Emissionen angemessen ber\u00fccksichtigt, falle die wirtschaftliche Abw\u00e4gung deutlich zugunsten sauberer Technologien wie erneuerbarer Energien, W\u00e4rmepumpen und Elektrofahrzeugen aus, sind sich die Studienautoren sicher.<\/p>\n\n\n\n<p>Dabei sehen die staatliche F\u00f6rderbank und die Berater von Deloitte auch, dass eine globale L\u00f6sung mit fairen CO<sub>2<\/sub>-Preisen noch &#8222;in weiter Ferne&#8220; liegt, wie sie schreiben. Regionale CO<sub>2<\/sub>-Bepreisungen wie das <a href=\"https:\/\/www.klimareporter.de\/europaeische-union\/der-emissionshandel-funktioniert-oder-auch-nicht\" target=\"_blank\" rel=\"noreferrer noopener\">EU-Emissionshandelssystem<\/a> k\u00f6nnten deswegen h\u00f6here Kosten f\u00fcr Unternehmen in diesen Regionen bedeuten und die Wettbewerbsf\u00e4higkeit ihrer Produkte verringern, r\u00e4umt die Studie ein.<\/p>\n\n\n\n<p>KfW und Deloitte pl\u00e4dieren dennoch im Sinne einer zweitbesten L\u00f6sung, wie sie es nennen, f\u00fcr einen ambitionierten regionalen CO<sub>2<\/sub>-Preis, kombiniert mit zus\u00e4tzlichen kosten- oder risikomindernden Ma\u00dfnahmen f\u00fcr gr\u00fcne Technologien.<\/p>\n\n\n\n<p>Das k\u00f6nnten laut Studie internationale Handelsabkommen mit einheitlichen Standards und CO<sub>2<\/sub>\u2011Preis-Strategien sein. Hilfreich sei auch der ab 2026 geplante <a href=\"https:\/\/www.klimareporter.de\/europaeische-union\/holpriger-start-von-eu-klimainstrument\" target=\"_blank\" rel=\"noreferrer noopener\">EU-Grenzausgleich<\/a> f\u00fcr CO<sub>2<\/sub>-Emissionen (<a href=\"https:\/\/www.klimareporter.de\/de.wikipedia.org\/wiki\/Carbon_Border_Adjustment_Mechanism\" target=\"_blank\" rel=\"noreferrer noopener\">CBAM<\/a>), mit dem unter anderem die geringeren CO<sub>2<\/sub>-Kosten importierter Waren ausgeglichen werden sollen.<\/p>\n\n\n\n<p>Unabh\u00e4ngig von der zweitbesten L\u00f6sung sieht sich die Chemieindustrie aus Sicht des Deloitte-Experten Walter noch dem besonderen Problem gegen\u00fcber, dass CO<sub>2<\/sub> hier nicht nur einen emittierten Stoff darstelle, sondern auch <a href=\"https:\/\/www.klimareporter.de\/technik\/gutes-und-schlechtes-co2-als-rohstoff\" target=\"_blank\" rel=\"noreferrer noopener\">einen Rohstoff<\/a>. Die hiesige Branche m\u00fcsse deswegen schauen, wie sie zu einer ausgeglichenen Umweltbilanz komme.<\/p>\n\n\n\n<p>Zuerst m\u00fcsste die deutsche Industrie, die Chemie eingeschlossen, vermutlich erst einmal wieder ein ausgeglichenes Verh\u00e4ltnis zur CO<sub>2<\/sub>-Bepreisung bekommen und die argumentative Bleiweste ablegen.<\/p>\n\n\n\n<ul class=\"wp-block-list\">\n<li>Die vollst\u00e4ndige Studie &#8222;The economic benefits of climate action \u2013 How decarbonization can enhance competitiveness and growth&#8220; kann hier heruntergeladen werden: <a href=\"https:\/\/www-kfw-de.translate.goog\/PDF\/Download-Center\/Konzernthemen\/Research\/PDF-Dokumente-Studien-und-Materialien\/PDF-Dateien-Paper-and-Proceedings-(EN)\/Economic-benefits-of-climate-action_Deloitte_KfW.pdf?_x_tr_sl=en&amp;_x_tr_tl=de&amp;_x_tr_hl=de\" target=\"_blank\" rel=\"noreferrer noopener\">KfW-Studien (PDF, 6 MB, nicht barrierefrei)<\/a><\/li>\n<\/ul>\n\n\n<h5 class=\"green\">Quelle<\/h5>\r\n\n\n\n<p>Der Bericht wurde von der&nbsp;<a href=\"https:\/\/www.klimareporter.de\/finanzen-wirtschaft\/foerderbank-unternehmen-mit-klimaschutz-sind-erfolgreicher\">Redaktion \u201eklimareporter.de\u201c (J\u00f6rg Staude) 2025<\/a>&nbsp;verfasst &#8211; der Artikel darf nicht ohne Genehmigung&nbsp;(<a href=\"mailto:post@klimareporter.de\">post@klimareporter.de<\/a>) weiterverbreitet werden!&nbsp;<\/p>\n<div class=\"shariff shariff-align-flex-start shariff-widget-align-flex-start\"><div class=\"ShariffHeadline\">Diese Meldung teilen<\/div><ul class=\"shariff-buttons theme-round orientation-horizontal buttonsize-medium\"><li class=\"shariff-button facebook shariff-nocustomcolor\" style=\"background-color:#4273c8;border-radius:1%\"><a href=\"https:\/\/www.facebook.com\/sharer\/sharer.php?u=https%3A%2F%2Fwww.sonnenseite.com%2Fde%2Fwirtschaft%2Fstudie-von-kfw-und-deloitte-unternehmen-mit-klimaschutz-sind-erfolgreicher%2F\" title=\"Bei Facebook teilen\" aria-label=\"Bei Facebook teilen\" role=\"button\" rel=\"nofollow\" class=\"shariff-link\" style=\";border-radius:1%; background-color:#3b5998; color:#fff\" target=\"_blank\"><span class=\"shariff-icon\" style=\"\"><svg width=\"32px\" height=\"20px\" xmlns=\"http:\/\/www.w3.org\/2000\/svg\" viewBox=\"0 0 18 32\"><path fill=\"#3b5998\" d=\"M17.1 0.2v4.7h-2.8q-1.5 0-2.1 0.6t-0.5 1.9v3.4h5.2l-0.7 5.3h-4.5v13.6h-5.5v-13.6h-4.5v-5.3h4.5v-3.9q0-3.3 1.9-5.2t5-1.8q2.6 0 4.1 0.2z\"\/><\/svg><\/span><\/a><\/li><li class=\"shariff-button twitter shariff-nocustomcolor\" style=\"background-color:#595959;border-radius:1%\"><a href=\"https:\/\/twitter.com\/share?url=https%3A%2F%2Fwww.sonnenseite.com%2Fde%2Fwirtschaft%2Fstudie-von-kfw-und-deloitte-unternehmen-mit-klimaschutz-sind-erfolgreicher%2F&text=Studie%20von%20KfW%20und%20Deloitte%3A%20Unternehmen%20mit%20Klimaschutz%20sind%20erfolgreicher\" title=\"Bei X teilen\" aria-label=\"Bei X teilen\" role=\"button\" rel=\"noopener nofollow\" class=\"shariff-link\" style=\";border-radius:1%; background-color:#000; color:#fff\" target=\"_blank\"><span class=\"shariff-icon\" style=\"\"><svg width=\"32px\" height=\"20px\" xmlns=\"http:\/\/www.w3.org\/2000\/svg\" viewBox=\"0 0 24 24\"><path fill=\"#000\" d=\"M14.258 10.152L23.176 0h-2.113l-7.747 8.813L7.133 0H0l9.352 13.328L0 23.973h2.113l8.176-9.309 6.531 9.309h7.133zm-2.895 3.293l-.949-1.328L2.875 1.56h3.246l6.086 8.523.945 1.328 7.91 11.078h-3.246zm0 0\"\/><\/svg><\/span><\/a><\/li><li class=\"shariff-button xing shariff-nocustomcolor\" style=\"background-color:#29888a;border-radius:1%\"><a href=\"https:\/\/www.xing.com\/spi\/shares\/new?url=https%3A%2F%2Fwww.sonnenseite.com%2Fde%2Fwirtschaft%2Fstudie-von-kfw-und-deloitte-unternehmen-mit-klimaschutz-sind-erfolgreicher%2F\" title=\"Bei XING teilen\" aria-label=\"Bei XING teilen\" role=\"button\" rel=\"noopener nofollow\" class=\"shariff-link\" style=\";border-radius:1%; background-color:#126567; color:#fff\" target=\"_blank\"><span class=\"shariff-icon\" style=\"\"><svg width=\"32px\" height=\"20px\" xmlns=\"http:\/\/www.w3.org\/2000\/svg\" viewBox=\"0 0 25 32\"><path fill=\"#126567\" d=\"M10.7 11.9q-0.2 0.3-4.6 8.2-0.5 0.8-1.2 0.8h-4.3q-0.4 0-0.5-0.3t0-0.6l4.5-8q0 0 0 0l-2.9-5q-0.2-0.4 0-0.7 0.2-0.3 0.5-0.3h4.3q0.7 0 1.2 0.8zM25.1 0.4q0.2 0.3 0 0.7l-9.4 16.7 6 11q0.2 0.4 0 0.6-0.2 0.3-0.6 0.3h-4.3q-0.7 0-1.2-0.8l-6-11.1q0.3-0.6 9.5-16.8 0.4-0.8 1.2-0.8h4.3q0.4 0 0.5 0.3z\"\/><\/svg><\/span><\/a><\/li><li class=\"shariff-button linkedin shariff-nocustomcolor\" style=\"background-color:#1488bf;border-radius:1%\"><a href=\"https:\/\/www.linkedin.com\/sharing\/share-offsite\/?url=https%3A%2F%2Fwww.sonnenseite.com%2Fde%2Fwirtschaft%2Fstudie-von-kfw-und-deloitte-unternehmen-mit-klimaschutz-sind-erfolgreicher%2F\" title=\"Bei LinkedIn teilen\" aria-label=\"Bei LinkedIn teilen\" role=\"button\" rel=\"noopener nofollow\" class=\"shariff-link\" style=\";border-radius:1%; background-color:#0077b5; color:#fff\" target=\"_blank\"><span class=\"shariff-icon\" style=\"\"><svg width=\"32px\" height=\"20px\" xmlns=\"http:\/\/www.w3.org\/2000\/svg\" viewBox=\"0 0 27 32\"><path fill=\"#0077b5\" d=\"M6.2 11.2v17.7h-5.9v-17.7h5.9zM6.6 5.7q0 1.3-0.9 2.2t-2.4 0.9h0q-1.5 0-2.4-0.9t-0.9-2.2 0.9-2.2 2.4-0.9 2.4 0.9 0.9 2.2zM27.4 18.7v10.1h-5.9v-9.5q0-1.9-0.7-2.9t-2.3-1.1q-1.1 0-1.9 0.6t-1.2 1.5q-0.2 0.5-0.2 1.4v9.9h-5.9q0-7.1 0-11.6t0-5.3l0-0.9h5.9v2.6h0q0.4-0.6 0.7-1t1-0.9 1.6-0.8 2-0.3q3 0 4.9 2t1.9 6z\"\/><\/svg><\/span><\/a><\/li><li class=\"shariff-button printer shariff-nocustomcolor\" style=\"background-color:#a8a8a8;border-radius:1%\"><a href=\"javascript:window.print()\" title=\"drucken\" aria-label=\"drucken\" role=\"button\" rel=\"noopener nofollow\" class=\"shariff-link\" style=\";border-radius:1%; background-color:#999; color:#fff\"><span class=\"shariff-icon\" style=\"\"><svg width=\"32px\" height=\"20px\" xmlns=\"http:\/\/www.w3.org\/2000\/svg\" viewBox=\"0 0 30 32\"><path fill=\"#999\" d=\"M6.8 27.4h16v-4.6h-16v4.6zM6.8 16h16v-6.8h-2.8q-0.7 0-1.2-0.5t-0.5-1.2v-2.8h-11.4v11.4zM27.4 17.2q0-0.5-0.3-0.8t-0.8-0.4-0.8 0.4-0.3 0.8 0.3 0.8 0.8 0.3 0.8-0.3 0.3-0.8zM29.7 17.2v7.4q0 0.2-0.2 0.4t-0.4 0.2h-4v2.8q0 0.7-0.5 1.2t-1.2 0.5h-17.2q-0.7 0-1.2-0.5t-0.5-1.2v-2.8h-4q-0.2 0-0.4-0.2t-0.2-0.4v-7.4q0-1.4 1-2.4t2.4-1h1.2v-9.7q0-0.7 0.5-1.2t1.2-0.5h12q0.7 0 1.6 0.4t1.3 0.8l2.7 2.7q0.5 0.5 0.9 1.4t0.4 1.6v4.6h1.1q1.4 0 2.4 1t1 2.4z\"\/><\/svg><\/span><\/a><\/li><li class=\"shariff-button mailto shariff-nocustomcolor\" style=\"background-color:#a8a8a8;border-radius:1%\"><a href=\"mailto:?body=https%3A%2F%2Fwww.sonnenseite.com%2Fde%2Fwirtschaft%2Fstudie-von-kfw-und-deloitte-unternehmen-mit-klimaschutz-sind-erfolgreicher%2F&subject=Studie%20von%20KfW%20und%20Deloitte%3A%20Unternehmen%20mit%20Klimaschutz%20sind%20erfolgreicher\" title=\"Per E-Mail versenden\" aria-label=\"Per E-Mail versenden\" role=\"button\" rel=\"noopener nofollow\" class=\"shariff-link\" style=\";border-radius:1%; background-color:#999; color:#fff\"><span class=\"shariff-icon\" style=\"\"><svg width=\"32px\" height=\"20px\" xmlns=\"http:\/\/www.w3.org\/2000\/svg\" viewBox=\"0 0 32 32\"><path fill=\"#999\" d=\"M32 12.7v14.2q0 1.2-0.8 2t-2 0.9h-26.3q-1.2 0-2-0.9t-0.8-2v-14.2q0.8 0.9 1.8 1.6 6.5 4.4 8.9 6.1 1 0.8 1.6 1.2t1.7 0.9 2 0.4h0.1q0.9 0 2-0.4t1.7-0.9 1.6-1.2q3-2.2 8.9-6.1 1-0.7 1.8-1.6zM32 7.4q0 1.4-0.9 2.7t-2.2 2.2q-6.7 4.7-8.4 5.8-0.2 0.1-0.7 0.5t-1 0.7-0.9 0.6-1.1 0.5-0.9 0.2h-0.1q-0.4 0-0.9-0.2t-1.1-0.5-0.9-0.6-1-0.7-0.7-0.5q-1.6-1.1-4.7-3.2t-3.6-2.6q-1.1-0.7-2.1-2t-1-2.5q0-1.4 0.7-2.3t2.1-0.9h26.3q1.2 0 2 0.8t0.9 2z\"\/><\/svg><\/span><\/a><\/li><\/ul><\/div>","protected":false},"excerpt":{"rendered":"<p>Dass es noch keine globale CO2-Bepreisung gibt, ist f\u00fcr die staatliche F\u00f6rderbank KfW kein Grund, regionale [&hellip;]<\/p>\n","protected":false},"author":3,"featured_media":38447,"comment_status":"closed","ping_status":"closed","sticky":false,"template":"","format":"standard","meta":{"inline_featured_image":false,"footnotes":""},"categories":[24],"tags":[],"class_list":["post-110515","post","type-post","status-publish","format-standard","has-post-thumbnail","hentry","category-wirtschaft"],"yoast_head":"<!-- This site is optimized with the Yoast SEO plugin v26.5 - https:\/\/yoast.com\/wordpress\/plugins\/seo\/ -->\n<title>Studie von KfW und Deloitte: Unternehmen mit Klimaschutz sind erfolgreicher - Sonnenseite - \u00d6kologische Kommunikation mit Franz Alt<\/title>\n<meta name=\"description\" content=\"Dass es noch keine globale CO2-Bepreisung gibt, ist f\u00fcr die staatliche F\u00f6rderbank KfW kein Grund, regionale Systeme wie den europ\u00e4ischen Emissionshandel\" \/>\n<meta name=\"robots\" content=\"index, follow, max-snippet:-1, max-image-preview:large, max-video-preview:-1\" \/>\n<link rel=\"canonical\" href=\"https:\/\/www.sonnenseite.com\/de\/wirtschaft\/studie-von-kfw-und-deloitte-unternehmen-mit-klimaschutz-sind-erfolgreicher\/\" \/>\n<meta property=\"og:locale\" content=\"de_DE\" \/>\n<meta property=\"og:type\" content=\"article\" \/>\n<meta property=\"og:title\" content=\"Studie von KfW und Deloitte: Unternehmen mit Klimaschutz sind erfolgreicher - Sonnenseite - \u00d6kologische Kommunikation mit Franz Alt\" \/>\n<meta property=\"og:description\" content=\"Dass es noch keine globale CO2-Bepreisung gibt, ist f\u00fcr die staatliche F\u00f6rderbank KfW kein Grund, regionale Systeme wie den europ\u00e4ischen Emissionshandel\" \/>\n<meta property=\"og:url\" content=\"https:\/\/www.sonnenseite.com\/de\/wirtschaft\/studie-von-kfw-und-deloitte-unternehmen-mit-klimaschutz-sind-erfolgreicher\/\" \/>\n<meta property=\"og:site_name\" content=\"Sonnenseite\" \/>\n<meta property=\"article:publisher\" content=\"https:\/\/www.facebook.com\/pages\/Franz-Alt-SONNENSEITECOM\/221072987903953?fref=ts\" \/>\n<meta property=\"article:published_time\" content=\"2025-10-30T07:56:40+00:00\" \/>\n<meta property=\"article:modified_time\" content=\"2025-10-30T08:03:14+00:00\" \/>\n<meta property=\"og:image\" content=\"https:\/\/www.sonnenseite.com\/wp-content\/uploads\/2016\/03\/industrie_IanBrodie.jpg\" \/>\n\t<meta property=\"og:image:width\" content=\"770\" \/>\n\t<meta property=\"og:image:height\" content=\"420\" \/>\n\t<meta property=\"og:image:type\" content=\"image\/jpeg\" \/>\n<meta name=\"author\" content=\"Bigi Alt\" \/>\n<meta name=\"twitter:card\" content=\"summary_large_image\" \/>\n<meta name=\"twitter:creator\" content=\"@franzalt\" \/>\n<meta name=\"twitter:site\" content=\"@franzalt\" \/>\n<meta name=\"twitter:label1\" content=\"Verfasst von\" \/>\n\t<meta name=\"twitter:data1\" content=\"Bigi Alt\" \/>\n\t<meta name=\"twitter:label2\" content=\"Gesch\u00e4tzte Lesezeit\" \/>\n\t<meta name=\"twitter:data2\" content=\"7\u00a0Minuten\" \/>\n<script type=\"application\/ld+json\" class=\"yoast-schema-graph\">{\"@context\":\"https:\/\/schema.org\",\"@graph\":[{\"@type\":\"Article\",\"@id\":\"https:\/\/www.sonnenseite.com\/de\/wirtschaft\/studie-von-kfw-und-deloitte-unternehmen-mit-klimaschutz-sind-erfolgreicher\/#article\",\"isPartOf\":{\"@id\":\"https:\/\/www.sonnenseite.com\/de\/wirtschaft\/studie-von-kfw-und-deloitte-unternehmen-mit-klimaschutz-sind-erfolgreicher\/\"},\"author\":{\"name\":\"Bigi Alt\",\"@id\":\"https:\/\/www.sonnenseite.com\/de\/#\/schema\/person\/50fda0e926597684c7cc6695238a4eb9\"},\"headline\":\"Studie von KfW und Deloitte: Unternehmen mit Klimaschutz sind erfolgreicher\",\"datePublished\":\"2025-10-30T07:56:40+00:00\",\"dateModified\":\"2025-10-30T08:03:14+00:00\",\"mainEntityOfPage\":{\"@id\":\"https:\/\/www.sonnenseite.com\/de\/wirtschaft\/studie-von-kfw-und-deloitte-unternehmen-mit-klimaschutz-sind-erfolgreicher\/\"},\"wordCount\":1151,\"publisher\":{\"@id\":\"https:\/\/www.sonnenseite.com\/de\/#organization\"},\"image\":{\"@id\":\"https:\/\/www.sonnenseite.com\/de\/wirtschaft\/studie-von-kfw-und-deloitte-unternehmen-mit-klimaschutz-sind-erfolgreicher\/#primaryimage\"},\"thumbnailUrl\":\"https:\/\/www.sonnenseite.com\/wp-content\/uploads\/2016\/03\/industrie_IanBrodie.jpg\",\"articleSection\":[\"Wirtschaft\"],\"inLanguage\":\"de\"},{\"@type\":\"WebPage\",\"@id\":\"https:\/\/www.sonnenseite.com\/de\/wirtschaft\/studie-von-kfw-und-deloitte-unternehmen-mit-klimaschutz-sind-erfolgreicher\/\",\"url\":\"https:\/\/www.sonnenseite.com\/de\/wirtschaft\/studie-von-kfw-und-deloitte-unternehmen-mit-klimaschutz-sind-erfolgreicher\/\",\"name\":\"Studie von KfW und Deloitte: Unternehmen mit Klimaschutz sind erfolgreicher - Sonnenseite - \u00d6kologische Kommunikation mit Franz Alt\",\"isPartOf\":{\"@id\":\"https:\/\/www.sonnenseite.com\/de\/#website\"},\"primaryImageOfPage\":{\"@id\":\"https:\/\/www.sonnenseite.com\/de\/wirtschaft\/studie-von-kfw-und-deloitte-unternehmen-mit-klimaschutz-sind-erfolgreicher\/#primaryimage\"},\"image\":{\"@id\":\"https:\/\/www.sonnenseite.com\/de\/wirtschaft\/studie-von-kfw-und-deloitte-unternehmen-mit-klimaschutz-sind-erfolgreicher\/#primaryimage\"},\"thumbnailUrl\":\"https:\/\/www.sonnenseite.com\/wp-content\/uploads\/2016\/03\/industrie_IanBrodie.jpg\",\"datePublished\":\"2025-10-30T07:56:40+00:00\",\"dateModified\":\"2025-10-30T08:03:14+00:00\",\"description\":\"Dass es noch keine globale CO2-Bepreisung gibt, ist f\u00fcr die staatliche F\u00f6rderbank KfW kein Grund, regionale Systeme wie den europ\u00e4ischen Emissionshandel\",\"breadcrumb\":{\"@id\":\"https:\/\/www.sonnenseite.com\/de\/wirtschaft\/studie-von-kfw-und-deloitte-unternehmen-mit-klimaschutz-sind-erfolgreicher\/#breadcrumb\"},\"inLanguage\":\"de\",\"potentialAction\":[{\"@type\":\"ReadAction\",\"target\":[\"https:\/\/www.sonnenseite.com\/de\/wirtschaft\/studie-von-kfw-und-deloitte-unternehmen-mit-klimaschutz-sind-erfolgreicher\/\"]}]},{\"@type\":\"ImageObject\",\"inLanguage\":\"de\",\"@id\":\"https:\/\/www.sonnenseite.com\/de\/wirtschaft\/studie-von-kfw-und-deloitte-unternehmen-mit-klimaschutz-sind-erfolgreicher\/#primaryimage\",\"url\":\"https:\/\/www.sonnenseite.com\/wp-content\/uploads\/2016\/03\/industrie_IanBrodie.jpg\",\"contentUrl\":\"https:\/\/www.sonnenseite.com\/wp-content\/uploads\/2016\/03\/industrie_IanBrodie.jpg\",\"width\":770,\"height\":420,\"caption\":\"Fotolia.com | Ian Brodie | Will Deutschlands Chemieindustrie den Klimaschutz und damit ihre eigene Zukunft ausbremsen?\"},{\"@type\":\"BreadcrumbList\",\"@id\":\"https:\/\/www.sonnenseite.com\/de\/wirtschaft\/studie-von-kfw-und-deloitte-unternehmen-mit-klimaschutz-sind-erfolgreicher\/#breadcrumb\",\"itemListElement\":[{\"@type\":\"ListItem\",\"position\":1,\"name\":\"Startseite\",\"item\":\"https:\/\/www.sonnenseite.com\/de\/\"},{\"@type\":\"ListItem\",\"position\":2,\"name\":\"Studie von KfW und Deloitte: Unternehmen mit Klimaschutz sind erfolgreicher\"}]},{\"@type\":\"WebSite\",\"@id\":\"https:\/\/www.sonnenseite.com\/de\/#website\",\"url\":\"https:\/\/www.sonnenseite.com\/de\/\",\"name\":\"Sonnenseite\",\"description\":\"\u00d6kologische Kommunikation mit Franz Alt\",\"publisher\":{\"@id\":\"https:\/\/www.sonnenseite.com\/de\/#organization\"},\"potentialAction\":[{\"@type\":\"SearchAction\",\"target\":{\"@type\":\"EntryPoint\",\"urlTemplate\":\"https:\/\/www.sonnenseite.com\/de\/?s={search_term_string}\"},\"query-input\":{\"@type\":\"PropertyValueSpecification\",\"valueRequired\":true,\"valueName\":\"search_term_string\"}}],\"inLanguage\":\"de\"},{\"@type\":\"Organization\",\"@id\":\"https:\/\/www.sonnenseite.com\/de\/#organization\",\"name\":\"Sonnenseite\",\"url\":\"https:\/\/www.sonnenseite.com\/de\/\",\"logo\":{\"@type\":\"ImageObject\",\"inLanguage\":\"de\",\"@id\":\"https:\/\/www.sonnenseite.com\/de\/#\/schema\/logo\/image\/\",\"url\":\"https:\/\/www.sonnenseite.com\/wp-content\/uploads\/2020\/05\/Sonnenseite_Logo.png\",\"contentUrl\":\"https:\/\/www.sonnenseite.com\/wp-content\/uploads\/2020\/05\/Sonnenseite_Logo.png\",\"width\":377,\"height\":90,\"caption\":\"Sonnenseite\"},\"image\":{\"@id\":\"https:\/\/www.sonnenseite.com\/de\/#\/schema\/logo\/image\/\"},\"sameAs\":[\"https:\/\/www.facebook.com\/pages\/Franz-Alt-SONNENSEITECOM\/221072987903953?fref=ts\",\"https:\/\/x.com\/franzalt\",\"http:\/\/www.youtube.com\/results?search_query&amp;amp;quot;franz_alt&amp;amp;quot;&amp;amp;amp;amp;search_type&amp;amp;amp;amp;aq=f\"]},{\"@type\":\"Person\",\"@id\":\"https:\/\/www.sonnenseite.com\/de\/#\/schema\/person\/50fda0e926597684c7cc6695238a4eb9\",\"name\":\"Bigi Alt\"}]}<\/script>\n<!-- \/ Yoast SEO plugin. -->","yoast_head_json":{"title":"Studie von KfW und Deloitte: Unternehmen mit Klimaschutz sind erfolgreicher - Sonnenseite - \u00d6kologische Kommunikation mit Franz Alt","description":"Dass es noch keine globale CO2-Bepreisung gibt, ist f\u00fcr die staatliche F\u00f6rderbank KfW kein Grund, regionale Systeme wie den europ\u00e4ischen Emissionshandel","robots":{"index":"index","follow":"follow","max-snippet":"max-snippet:-1","max-image-preview":"max-image-preview:large","max-video-preview":"max-video-preview:-1"},"canonical":"https:\/\/www.sonnenseite.com\/de\/wirtschaft\/studie-von-kfw-und-deloitte-unternehmen-mit-klimaschutz-sind-erfolgreicher\/","og_locale":"de_DE","og_type":"article","og_title":"Studie von KfW und Deloitte: Unternehmen mit Klimaschutz sind erfolgreicher - Sonnenseite - \u00d6kologische Kommunikation mit Franz Alt","og_description":"Dass es noch keine globale CO2-Bepreisung gibt, ist f\u00fcr die staatliche F\u00f6rderbank KfW kein Grund, regionale Systeme wie den europ\u00e4ischen Emissionshandel","og_url":"https:\/\/www.sonnenseite.com\/de\/wirtschaft\/studie-von-kfw-und-deloitte-unternehmen-mit-klimaschutz-sind-erfolgreicher\/","og_site_name":"Sonnenseite","article_publisher":"https:\/\/www.facebook.com\/pages\/Franz-Alt-SONNENSEITECOM\/221072987903953?fref=ts","article_published_time":"2025-10-30T07:56:40+00:00","article_modified_time":"2025-10-30T08:03:14+00:00","og_image":[{"width":770,"height":420,"url":"https:\/\/www.sonnenseite.com\/wp-content\/uploads\/2016\/03\/industrie_IanBrodie.jpg","type":"image\/jpeg"}],"author":"Bigi Alt","twitter_card":"summary_large_image","twitter_creator":"@franzalt","twitter_site":"@franzalt","twitter_misc":{"Verfasst von":"Bigi Alt","Gesch\u00e4tzte Lesezeit":"7\u00a0Minuten"},"schema":{"@context":"https:\/\/schema.org","@graph":[{"@type":"Article","@id":"https:\/\/www.sonnenseite.com\/de\/wirtschaft\/studie-von-kfw-und-deloitte-unternehmen-mit-klimaschutz-sind-erfolgreicher\/#article","isPartOf":{"@id":"https:\/\/www.sonnenseite.com\/de\/wirtschaft\/studie-von-kfw-und-deloitte-unternehmen-mit-klimaschutz-sind-erfolgreicher\/"},"author":{"name":"Bigi Alt","@id":"https:\/\/www.sonnenseite.com\/de\/#\/schema\/person\/50fda0e926597684c7cc6695238a4eb9"},"headline":"Studie von KfW und Deloitte: Unternehmen mit Klimaschutz sind erfolgreicher","datePublished":"2025-10-30T07:56:40+00:00","dateModified":"2025-10-30T08:03:14+00:00","mainEntityOfPage":{"@id":"https:\/\/www.sonnenseite.com\/de\/wirtschaft\/studie-von-kfw-und-deloitte-unternehmen-mit-klimaschutz-sind-erfolgreicher\/"},"wordCount":1151,"publisher":{"@id":"https:\/\/www.sonnenseite.com\/de\/#organization"},"image":{"@id":"https:\/\/www.sonnenseite.com\/de\/wirtschaft\/studie-von-kfw-und-deloitte-unternehmen-mit-klimaschutz-sind-erfolgreicher\/#primaryimage"},"thumbnailUrl":"https:\/\/www.sonnenseite.com\/wp-content\/uploads\/2016\/03\/industrie_IanBrodie.jpg","articleSection":["Wirtschaft"],"inLanguage":"de"},{"@type":"WebPage","@id":"https:\/\/www.sonnenseite.com\/de\/wirtschaft\/studie-von-kfw-und-deloitte-unternehmen-mit-klimaschutz-sind-erfolgreicher\/","url":"https:\/\/www.sonnenseite.com\/de\/wirtschaft\/studie-von-kfw-und-deloitte-unternehmen-mit-klimaschutz-sind-erfolgreicher\/","name":"Studie von KfW und Deloitte: Unternehmen mit Klimaschutz sind erfolgreicher - Sonnenseite - \u00d6kologische Kommunikation mit Franz Alt","isPartOf":{"@id":"https:\/\/www.sonnenseite.com\/de\/#website"},"primaryImageOfPage":{"@id":"https:\/\/www.sonnenseite.com\/de\/wirtschaft\/studie-von-kfw-und-deloitte-unternehmen-mit-klimaschutz-sind-erfolgreicher\/#primaryimage"},"image":{"@id":"https:\/\/www.sonnenseite.com\/de\/wirtschaft\/studie-von-kfw-und-deloitte-unternehmen-mit-klimaschutz-sind-erfolgreicher\/#primaryimage"},"thumbnailUrl":"https:\/\/www.sonnenseite.com\/wp-content\/uploads\/2016\/03\/industrie_IanBrodie.jpg","datePublished":"2025-10-30T07:56:40+00:00","dateModified":"2025-10-30T08:03:14+00:00","description":"Dass es noch keine globale CO2-Bepreisung gibt, ist f\u00fcr die staatliche F\u00f6rderbank KfW kein Grund, regionale Systeme wie den europ\u00e4ischen Emissionshandel","breadcrumb":{"@id":"https:\/\/www.sonnenseite.com\/de\/wirtschaft\/studie-von-kfw-und-deloitte-unternehmen-mit-klimaschutz-sind-erfolgreicher\/#breadcrumb"},"inLanguage":"de","potentialAction":[{"@type":"ReadAction","target":["https:\/\/www.sonnenseite.com\/de\/wirtschaft\/studie-von-kfw-und-deloitte-unternehmen-mit-klimaschutz-sind-erfolgreicher\/"]}]},{"@type":"ImageObject","inLanguage":"de","@id":"https:\/\/www.sonnenseite.com\/de\/wirtschaft\/studie-von-kfw-und-deloitte-unternehmen-mit-klimaschutz-sind-erfolgreicher\/#primaryimage","url":"https:\/\/www.sonnenseite.com\/wp-content\/uploads\/2016\/03\/industrie_IanBrodie.jpg","contentUrl":"https:\/\/www.sonnenseite.com\/wp-content\/uploads\/2016\/03\/industrie_IanBrodie.jpg","width":770,"height":420,"caption":"Fotolia.com | Ian Brodie | Will Deutschlands Chemieindustrie den Klimaschutz und damit ihre eigene Zukunft ausbremsen?"},{"@type":"BreadcrumbList","@id":"https:\/\/www.sonnenseite.com\/de\/wirtschaft\/studie-von-kfw-und-deloitte-unternehmen-mit-klimaschutz-sind-erfolgreicher\/#breadcrumb","itemListElement":[{"@type":"ListItem","position":1,"name":"Startseite","item":"https:\/\/www.sonnenseite.com\/de\/"},{"@type":"ListItem","position":2,"name":"Studie von KfW und Deloitte: Unternehmen mit Klimaschutz sind erfolgreicher"}]},{"@type":"WebSite","@id":"https:\/\/www.sonnenseite.com\/de\/#website","url":"https:\/\/www.sonnenseite.com\/de\/","name":"Sonnenseite","description":"\u00d6kologische Kommunikation mit Franz Alt","publisher":{"@id":"https:\/\/www.sonnenseite.com\/de\/#organization"},"potentialAction":[{"@type":"SearchAction","target":{"@type":"EntryPoint","urlTemplate":"https:\/\/www.sonnenseite.com\/de\/?s={search_term_string}"},"query-input":{"@type":"PropertyValueSpecification","valueRequired":true,"valueName":"search_term_string"}}],"inLanguage":"de"},{"@type":"Organization","@id":"https:\/\/www.sonnenseite.com\/de\/#organization","name":"Sonnenseite","url":"https:\/\/www.sonnenseite.com\/de\/","logo":{"@type":"ImageObject","inLanguage":"de","@id":"https:\/\/www.sonnenseite.com\/de\/#\/schema\/logo\/image\/","url":"https:\/\/www.sonnenseite.com\/wp-content\/uploads\/2020\/05\/Sonnenseite_Logo.png","contentUrl":"https:\/\/www.sonnenseite.com\/wp-content\/uploads\/2020\/05\/Sonnenseite_Logo.png","width":377,"height":90,"caption":"Sonnenseite"},"image":{"@id":"https:\/\/www.sonnenseite.com\/de\/#\/schema\/logo\/image\/"},"sameAs":["https:\/\/www.facebook.com\/pages\/Franz-Alt-SONNENSEITECOM\/221072987903953?fref=ts","https:\/\/x.com\/franzalt","http:\/\/www.youtube.com\/results?search_query&amp;amp;quot;franz_alt&amp;amp;quot;&amp;amp;amp;amp;search_type&amp;amp;amp;amp;aq=f"]},{"@type":"Person","@id":"https:\/\/www.sonnenseite.com\/de\/#\/schema\/person\/50fda0e926597684c7cc6695238a4eb9","name":"Bigi Alt"}]}},"_links":{"self":[{"href":"https:\/\/www.sonnenseite.com\/de\/wp-json\/wp\/v2\/posts\/110515","targetHints":{"allow":["GET"]}}],"collection":[{"href":"https:\/\/www.sonnenseite.com\/de\/wp-json\/wp\/v2\/posts"}],"about":[{"href":"https:\/\/www.sonnenseite.com\/de\/wp-json\/wp\/v2\/types\/post"}],"author":[{"embeddable":true,"href":"https:\/\/www.sonnenseite.com\/de\/wp-json\/wp\/v2\/users\/3"}],"replies":[{"embeddable":true,"href":"https:\/\/www.sonnenseite.com\/de\/wp-json\/wp\/v2\/comments?post=110515"}],"version-history":[{"count":4,"href":"https:\/\/www.sonnenseite.com\/de\/wp-json\/wp\/v2\/posts\/110515\/revisions"}],"predecessor-version":[{"id":110522,"href":"https:\/\/www.sonnenseite.com\/de\/wp-json\/wp\/v2\/posts\/110515\/revisions\/110522"}],"wp:featuredmedia":[{"embeddable":true,"href":"https:\/\/www.sonnenseite.com\/de\/wp-json\/wp\/v2\/media\/38447"}],"wp:attachment":[{"href":"https:\/\/www.sonnenseite.com\/de\/wp-json\/wp\/v2\/media?parent=110515"}],"wp:term":[{"taxonomy":"category","embeddable":true,"href":"https:\/\/www.sonnenseite.com\/de\/wp-json\/wp\/v2\/categories?post=110515"},{"taxonomy":"post_tag","embeddable":true,"href":"https:\/\/www.sonnenseite.com\/de\/wp-json\/wp\/v2\/tags?post=110515"}],"curies":[{"name":"wp","href":"https:\/\/api.w.org\/{rel}","templated":true}]}}