{"id":110564,"date":"2025-11-01T03:37:00","date_gmt":"2025-11-01T02:37:00","guid":{"rendered":"https:\/\/www.sonnenseite.com\/?p=110564"},"modified":"2025-10-31T14:04:12","modified_gmt":"2025-10-31T13:04:12","slug":"cop30-muss-signal-gegen-trump-und-fuer-klimaschutz-setzen","status":"publish","type":"post","link":"https:\/\/www.sonnenseite.com\/de\/politik\/cop30-muss-signal-gegen-trump-und-fuer-klimaschutz-setzen\/","title":{"rendered":"COP30 muss Signal gegen Trump und f\u00fcr Klimaschutz setzen"},"content":{"rendered":"\n<p>Wuppertal Institut formuliert Erwartungen an diesj\u00e4hrige UN-Klimakonferenz in Bel\u00e9m.<\/p>\n\n\n\n<ul class=\"wp-block-list\"><\/ul>\n\n\n\n<p>Vom 10. bis 21. November 2025 findet die 30. Konferenz der Vertragsparteien des UN-Rahmen\u00fcbereinkommens \u00fcber Klimaver\u00e4nderungen (Conference of the Parties, COP30) im brasilianischen Bel\u00e9m statt. Angesichts geopolitischer Spannungen und wachsender internationaler Verwerfungen \u2013 darunter die erneut ablehnende Haltung der US-Regierung gegen\u00fcber internationalen Klimaabkommen \u2013 steht die COP30 unter besonderem Druck. Die Konferenz muss beweisen, dass ambitionierter Klimaschutz auch ohne die USA m\u00f6glich bleibt.<\/p>\n\n\n\n<p>Die diesj\u00e4hrige Weltklimakonferenz findet vor dem Hintergrund zunehmender internationaler Spannungen statt. Die Trump-Administration versucht mit allen Mitteln, die Energiewende nicht nur national, sondern auch international auszubremsen \u2013 und f\u00e4hrt auch in der Handelspolitik einen ausgesprochen konfrontativen Kurs. Auch seitens der Europ\u00e4ischen Union und China kommt es zunehmend zu Ein- und Beschr\u00e4nkungen des internationalen Handels. Daneben haben die geopolitischen Spannungen aufgrund der Kriege in der Ukraine und in Gaza weiter zugenommen. Hinzu kommen in vielen L\u00e4ndern weltweit gesellschaftliche Polarisierungstendenzen und die gezielte Verbreitung von Fehlinformationen, die eine ambitionierte Klimapolitik heute deutlich schwerer umsetzbar machen.<\/p>\n\n\n\n<p>&#8222;Angesichts der globalen Krisen muss von der COP30 die klare Botschaft ausgehen, dass eine erfolgreiche Klimapolitik nicht nur ein optionales Extra ist, sondern ganz konkret vor einer Zuspitzung weiterer Konflikte sch\u00fctzt. Mit Blick auf die Blockadehaltung der Trump-Administration ist es umso wichtiger, dass die Weltgemeinschaft auch ohne die USA weiter am Pariser Klimaabkommen und seinen Zielen festh\u00e4lt sowie entsprechende Ma\u00dfnahmen zur Umsetzung konsequent weiter verfolgt und beschleunigt umsetzt&#8220;, betont Prof. Dr.-Ing. Manfred Fischedick, Pr\u00e4sident und wissenschaftlicher Gesch\u00e4ftsf\u00fchrer des Wuppertal Instituts. Dieses Bekenntnis muss insbesondere auch die Ergebnisse der ersten globalen Bestandsaufnahme (Global Stocktake, GST) einschlie\u00dfen, die 2023 in Dubai abgeschlossen wurde. Die Dubai-Konferenz hatte erstmals vereinbart, dass eine weltweite Abkehr von der Nutzung fossiler Brennstoffe n\u00f6tig ist; zudem hatte die Konferenz Ziele f\u00fcr die Verbesserung der Energieeffizienz, den Ausbau erneuerbarer Energien sowie die Beendigung von Entwaldung und Walddegradation vereinbart.<\/p>\n\n\n\n<h4 class=\"wp-block-heading\">National festgelegte Beitr\u00e4ge bleiben bisher hinter Pariser Zielen zur\u00fcck<\/h4>\n\n\n\n<p>Der zentrale Mechanismus f\u00fcr die Erreichung der Klimaschutzziele sind die national festgelegten Beitr\u00e4ge (Nationally Determined Contributions, NDCs) der Vertragsparteien. Zur COP m\u00fcssen alle Staaten neue NDCs f\u00fcr den Zeitraum bis 2035 vorlegen \u2013 bisher haben dies jedoch weniger als die H\u00e4lfte der Vertragsparteien getan. Zudem reicht das Ambitionsniveau der eingereichten NDCs nicht aus, um einen ad\u00e4quaten Beitrag daf\u00fcr zu leisten, die Erderw\u00e4rmung auf unter 2\u202fGrad Celsius, idealerweise 1,5\u202fGrad Celsius, zu begrenzen. &#8222;Die Konferenz in Bel\u00e9m sollte daher alle Staaten auffordern, ihre NDCs weiter im Sinne des Pariser Abkommens und der Ergebnisse des Global Stocktake zu verbessern&#8220;, sagt Wolfgang Obergassel, Co-Leiter des Forschungsbereichs internationale Klimapolitik am Wuppertal Institut, und erg\u00e4nzt: &#8222;Zudem ist es extrem wichtig, dass die L\u00e4nder in ihren NDCs spezifizieren, wie sie konkret zu den in Dubai vereinbarten globalen Zielen beitragen werden. Daneben ist ein Monitoring-Mechanismus sinnvoll zu implementieren, um die tats\u00e4chliche Erreichung dieser Ziele zu \u00fcberwachen und bei Bedarf nachsteuern zu k\u00f6nnen.&#8220;<\/p>\n\n\n\n<h4 class=\"wp-block-heading\">Integrierte L\u00f6sungen f\u00fcr Klima und Biodiversit\u00e4t notwendig<\/h4>\n\n\n\n<p>&#8222;Da die Konferenz am Rande des brasilianischen Regenwaldes stattfindet, w\u00e4re es ein starkes Signal, wenn die brasilianische COP-Pr\u00e4sidentschaft dies nutzen w\u00fcrde, um auf die Verzahnung der Klima- und Biodiversit\u00e4tskrise hinzuweisen und um f\u00fcr eine st\u00e4rkere Kooperation und Integration mit der Biodiversit\u00e4tskonvention zu werben&#8220;, stellt Dr. Chris H\u00f6hne, Senior Researcher im Forschungsbereich internationale Klimapolitik am Wuppertal Institut, heraus. &#8222;Die Klima- und Biodiversit\u00e4tskrise l\u00e4sst sich nur integriert l\u00f6sen, aber bisher fehlt ein gemeinsames Forum, um solche L\u00f6sungen zu verhandeln.&#8220;<\/p>\n\n\n\n<p>Zudem k\u00f6nnte das Thema gerechter Strukturwandel (Just Transition) st\u00e4rker in den Fokus r\u00fccken. Nach Fortschritten bei den Zwischenverhandlungen in Bonn w\u00e4chst die Hoffnung auf die Entwicklung eines holistischen Mechanismus, der Gerechtigkeitsaspekte als Grundlage ambitionierten Klimaschutzes verankert. H\u00f6hne erg\u00e4nzt, dass es f\u00fcr ambitionierten Klimaschutz vonn\u00f6ten ist, internationale sowie inl\u00e4ndische Gerechtigkeitsaspekte zu ber\u00fccksichtigen, um Klimaschutz auf breiter Legitimationsbasis voranzutreiben. Nur so l\u00e4sst sich die notwendige Akzeptanz und Teilhabe f\u00fcr die erforderlichen Ver\u00e4nderungsprozesse erreichen.<\/p>\n\n\n\n<h4 class=\"wp-block-heading\">Wuppertal Institut gibt bei Sideevents Impulse f\u00fcr die Zukunft<br>\u00a0<\/h4>\n\n\n\n<p>Das Wuppertal Institut organisiert im Rahmen der COP30 eine Reihe von Sideevents, um seine Forschungsprojekte und -ergebnisse vorzustellen und den Austausch mit Delegiert*innen und Praxispartner*innen zu f\u00f6rdern. Der thematische Schwerpunkt liegt dabei auf den internationalen Kohlenstoffm\u00e4rkten \u2013 also in denen CO2-Emissionen einen Preis bekommen und Kohlenstoffzertifikate gehandelt werden \u2013 sowie auf transformativen Klimapartnerschaften zwischen dem Globalen Norden und Globalen S\u00fcden.<\/p>\n\n\n\n<ul class=\"wp-block-list\">\n<li><a href=\"https:\/\/wupperinst.org\/a\/wi\/a\/s\/ad\/9110\/\" target=\"_blank\" rel=\"noreferrer noopener\">Wuppertal Institut auf der COP30<\/a><\/li>\n\n\n\n<li><a href=\"https:\/\/wupperinst.org\/themen\/klima\/cop\" target=\"_blank\" rel=\"noreferrer noopener\">Weltklimakonferenz in Bel\u00e9m<\/a><\/li>\n\n\n\n<li><a href=\"https:\/\/unfccc.int\/\" target=\"_blank\" rel=\"noreferrer noopener\">UNFCCC<\/a><\/li>\n\n\n\n<li><a href=\"https:\/\/cop30.br\/en\" target=\"_blank\" rel=\"noreferrer noopener\">COP30 in Brasilien<\/a><\/li>\n<\/ul>\n\n\n<h5 class=\"green\">Quelle<\/h5>\r\n\n\n\n<p><a href=\"https:\/\/wupperinst.org\/a\/wi\/a\/s\/ad\/9118\">Wuppertal Institut f\u00fcr Klima, Umwelt, Energie gGmbH 2025<\/a><\/p>\n<div class=\"shariff shariff-align-flex-start shariff-widget-align-flex-start\"><div class=\"ShariffHeadline\">Diese Meldung teilen<\/div><ul class=\"shariff-buttons theme-round orientation-horizontal buttonsize-medium\"><li class=\"shariff-button facebook shariff-nocustomcolor\" style=\"background-color:#4273c8;border-radius:1%\"><a href=\"https:\/\/www.facebook.com\/sharer\/sharer.php?u=https%3A%2F%2Fwww.sonnenseite.com%2Fde%2Fpolitik%2Fcop30-muss-signal-gegen-trump-und-fuer-klimaschutz-setzen%2F\" title=\"Bei Facebook teilen\" aria-label=\"Bei Facebook teilen\" role=\"button\" rel=\"nofollow\" class=\"shariff-link\" style=\";border-radius:1%; background-color:#3b5998; color:#fff\" target=\"_blank\"><span class=\"shariff-icon\" style=\"\"><svg width=\"32px\" height=\"20px\" xmlns=\"http:\/\/www.w3.org\/2000\/svg\" viewBox=\"0 0 18 32\"><path fill=\"#3b5998\" d=\"M17.1 0.2v4.7h-2.8q-1.5 0-2.1 0.6t-0.5 1.9v3.4h5.2l-0.7 5.3h-4.5v13.6h-5.5v-13.6h-4.5v-5.3h4.5v-3.9q0-3.3 1.9-5.2t5-1.8q2.6 0 4.1 0.2z\"\/><\/svg><\/span><\/a><\/li><li class=\"shariff-button twitter shariff-nocustomcolor\" style=\"background-color:#595959;border-radius:1%\"><a href=\"https:\/\/twitter.com\/share?url=https%3A%2F%2Fwww.sonnenseite.com%2Fde%2Fpolitik%2Fcop30-muss-signal-gegen-trump-und-fuer-klimaschutz-setzen%2F&text=COP30%20muss%20Signal%20gegen%20Trump%20und%20f%C3%BCr%20Klimaschutz%20setzen\" title=\"Bei X teilen\" aria-label=\"Bei X teilen\" role=\"button\" rel=\"noopener nofollow\" class=\"shariff-link\" style=\";border-radius:1%; background-color:#000; color:#fff\" target=\"_blank\"><span class=\"shariff-icon\" style=\"\"><svg width=\"32px\" height=\"20px\" xmlns=\"http:\/\/www.w3.org\/2000\/svg\" viewBox=\"0 0 24 24\"><path fill=\"#000\" d=\"M14.258 10.152L23.176 0h-2.113l-7.747 8.813L7.133 0H0l9.352 13.328L0 23.973h2.113l8.176-9.309 6.531 9.309h7.133zm-2.895 3.293l-.949-1.328L2.875 1.56h3.246l6.086 8.523.945 1.328 7.91 11.078h-3.246zm0 0\"\/><\/svg><\/span><\/a><\/li><li class=\"shariff-button xing shariff-nocustomcolor\" style=\"background-color:#29888a;border-radius:1%\"><a href=\"https:\/\/www.xing.com\/spi\/shares\/new?url=https%3A%2F%2Fwww.sonnenseite.com%2Fde%2Fpolitik%2Fcop30-muss-signal-gegen-trump-und-fuer-klimaschutz-setzen%2F\" title=\"Bei XING teilen\" aria-label=\"Bei XING teilen\" role=\"button\" rel=\"noopener nofollow\" class=\"shariff-link\" style=\";border-radius:1%; background-color:#126567; color:#fff\" target=\"_blank\"><span class=\"shariff-icon\" style=\"\"><svg width=\"32px\" height=\"20px\" xmlns=\"http:\/\/www.w3.org\/2000\/svg\" viewBox=\"0 0 25 32\"><path fill=\"#126567\" d=\"M10.7 11.9q-0.2 0.3-4.6 8.2-0.5 0.8-1.2 0.8h-4.3q-0.4 0-0.5-0.3t0-0.6l4.5-8q0 0 0 0l-2.9-5q-0.2-0.4 0-0.7 0.2-0.3 0.5-0.3h4.3q0.7 0 1.2 0.8zM25.1 0.4q0.2 0.3 0 0.7l-9.4 16.7 6 11q0.2 0.4 0 0.6-0.2 0.3-0.6 0.3h-4.3q-0.7 0-1.2-0.8l-6-11.1q0.3-0.6 9.5-16.8 0.4-0.8 1.2-0.8h4.3q0.4 0 0.5 0.3z\"\/><\/svg><\/span><\/a><\/li><li class=\"shariff-button linkedin shariff-nocustomcolor\" style=\"background-color:#1488bf;border-radius:1%\"><a href=\"https:\/\/www.linkedin.com\/sharing\/share-offsite\/?url=https%3A%2F%2Fwww.sonnenseite.com%2Fde%2Fpolitik%2Fcop30-muss-signal-gegen-trump-und-fuer-klimaschutz-setzen%2F\" title=\"Bei LinkedIn teilen\" aria-label=\"Bei LinkedIn teilen\" role=\"button\" rel=\"noopener nofollow\" class=\"shariff-link\" style=\";border-radius:1%; background-color:#0077b5; color:#fff\" target=\"_blank\"><span class=\"shariff-icon\" style=\"\"><svg width=\"32px\" height=\"20px\" xmlns=\"http:\/\/www.w3.org\/2000\/svg\" viewBox=\"0 0 27 32\"><path fill=\"#0077b5\" d=\"M6.2 11.2v17.7h-5.9v-17.7h5.9zM6.6 5.7q0 1.3-0.9 2.2t-2.4 0.9h0q-1.5 0-2.4-0.9t-0.9-2.2 0.9-2.2 2.4-0.9 2.4 0.9 0.9 2.2zM27.4 18.7v10.1h-5.9v-9.5q0-1.9-0.7-2.9t-2.3-1.1q-1.1 0-1.9 0.6t-1.2 1.5q-0.2 0.5-0.2 1.4v9.9h-5.9q0-7.1 0-11.6t0-5.3l0-0.9h5.9v2.6h0q0.4-0.6 0.7-1t1-0.9 1.6-0.8 2-0.3q3 0 4.9 2t1.9 6z\"\/><\/svg><\/span><\/a><\/li><li class=\"shariff-button printer shariff-nocustomcolor\" style=\"background-color:#a8a8a8;border-radius:1%\"><a href=\"javascript:window.print()\" title=\"drucken\" aria-label=\"drucken\" role=\"button\" rel=\"noopener nofollow\" class=\"shariff-link\" style=\";border-radius:1%; background-color:#999; color:#fff\"><span class=\"shariff-icon\" style=\"\"><svg width=\"32px\" height=\"20px\" xmlns=\"http:\/\/www.w3.org\/2000\/svg\" viewBox=\"0 0 30 32\"><path fill=\"#999\" d=\"M6.8 27.4h16v-4.6h-16v4.6zM6.8 16h16v-6.8h-2.8q-0.7 0-1.2-0.5t-0.5-1.2v-2.8h-11.4v11.4zM27.4 17.2q0-0.5-0.3-0.8t-0.8-0.4-0.8 0.4-0.3 0.8 0.3 0.8 0.8 0.3 0.8-0.3 0.3-0.8zM29.7 17.2v7.4q0 0.2-0.2 0.4t-0.4 0.2h-4v2.8q0 0.7-0.5 1.2t-1.2 0.5h-17.2q-0.7 0-1.2-0.5t-0.5-1.2v-2.8h-4q-0.2 0-0.4-0.2t-0.2-0.4v-7.4q0-1.4 1-2.4t2.4-1h1.2v-9.7q0-0.7 0.5-1.2t1.2-0.5h12q0.7 0 1.6 0.4t1.3 0.8l2.7 2.7q0.5 0.5 0.9 1.4t0.4 1.6v4.6h1.1q1.4 0 2.4 1t1 2.4z\"\/><\/svg><\/span><\/a><\/li><li class=\"shariff-button mailto shariff-nocustomcolor\" style=\"background-color:#a8a8a8;border-radius:1%\"><a href=\"mailto:?body=https%3A%2F%2Fwww.sonnenseite.com%2Fde%2Fpolitik%2Fcop30-muss-signal-gegen-trump-und-fuer-klimaschutz-setzen%2F&subject=COP30%20muss%20Signal%20gegen%20Trump%20und%20f%C3%BCr%20Klimaschutz%20setzen\" title=\"Per E-Mail versenden\" aria-label=\"Per E-Mail versenden\" role=\"button\" rel=\"noopener nofollow\" class=\"shariff-link\" style=\";border-radius:1%; background-color:#999; color:#fff\"><span class=\"shariff-icon\" style=\"\"><svg width=\"32px\" height=\"20px\" xmlns=\"http:\/\/www.w3.org\/2000\/svg\" viewBox=\"0 0 32 32\"><path fill=\"#999\" d=\"M32 12.7v14.2q0 1.2-0.8 2t-2 0.9h-26.3q-1.2 0-2-0.9t-0.8-2v-14.2q0.8 0.9 1.8 1.6 6.5 4.4 8.9 6.1 1 0.8 1.6 1.2t1.7 0.9 2 0.4h0.1q0.9 0 2-0.4t1.7-0.9 1.6-1.2q3-2.2 8.9-6.1 1-0.7 1.8-1.6zM32 7.4q0 1.4-0.9 2.7t-2.2 2.2q-6.7 4.7-8.4 5.8-0.2 0.1-0.7 0.5t-1 0.7-0.9 0.6-1.1 0.5-0.9 0.2h-0.1q-0.4 0-0.9-0.2t-1.1-0.5-0.9-0.6-1-0.7-0.7-0.5q-1.6-1.1-4.7-3.2t-3.6-2.6q-1.1-0.7-2.1-2t-1-2.5q0-1.4 0.7-2.3t2.1-0.9h26.3q1.2 0 2 0.8t0.9 2z\"\/><\/svg><\/span><\/a><\/li><\/ul><\/div>","protected":false},"excerpt":{"rendered":"<p>Wuppertal Institut formuliert Erwartungen an diesj\u00e4hrige UN-Klimakonferenz in Bel\u00e9m. Vom 10. bis 21. November 2025 findet [&hellip;]<\/p>\n","protected":false},"author":3,"featured_media":110571,"comment_status":"closed","ping_status":"closed","sticky":false,"template":"","format":"standard","meta":{"inline_featured_image":false,"footnotes":""},"categories":[21],"tags":[],"class_list":["post-110564","post","type-post","status-publish","format-standard","has-post-thumbnail","hentry","category-politik"],"yoast_head":"<!-- This site is optimized with the Yoast SEO plugin v26.5 - https:\/\/yoast.com\/wordpress\/plugins\/seo\/ -->\n<title>COP30 muss Signal gegen Trump und f\u00fcr Klimaschutz setzen - Sonnenseite - \u00d6kologische Kommunikation mit Franz Alt<\/title>\n<meta name=\"description\" content=\"Wuppertal Institut formuliert Erwartungen an diesj\u00e4hrige UN-Klimakonferenz in Bel\u00e9m. Vom 10. bis 21. November 2025 findet die 30. Konferenz der\" \/>\n<meta name=\"robots\" content=\"index, follow, max-snippet:-1, max-image-preview:large, max-video-preview:-1\" \/>\n<link rel=\"canonical\" href=\"https:\/\/www.sonnenseite.com\/de\/politik\/cop30-muss-signal-gegen-trump-und-fuer-klimaschutz-setzen\/\" \/>\n<meta property=\"og:locale\" content=\"de_DE\" \/>\n<meta property=\"og:type\" content=\"article\" \/>\n<meta property=\"og:title\" content=\"COP30 muss Signal gegen Trump und f\u00fcr Klimaschutz setzen - Sonnenseite - \u00d6kologische Kommunikation mit Franz Alt\" \/>\n<meta property=\"og:description\" content=\"Wuppertal Institut formuliert Erwartungen an diesj\u00e4hrige UN-Klimakonferenz in Bel\u00e9m. Vom 10. bis 21. November 2025 findet die 30. Konferenz der\" \/>\n<meta property=\"og:url\" content=\"https:\/\/www.sonnenseite.com\/de\/politik\/cop30-muss-signal-gegen-trump-und-fuer-klimaschutz-setzen\/\" \/>\n<meta property=\"og:site_name\" content=\"Sonnenseite\" \/>\n<meta property=\"article:publisher\" content=\"https:\/\/www.facebook.com\/pages\/Franz-Alt-SONNENSEITECOM\/221072987903953?fref=ts\" \/>\n<meta property=\"article:published_time\" content=\"2025-11-01T02:37:00+00:00\" \/>\n<meta property=\"og:image\" content=\"https:\/\/www.sonnenseite.com\/wp-content\/uploads\/2025\/11\/COP30_DOERS.jpg\" \/>\n\t<meta property=\"og:image:width\" content=\"770\" \/>\n\t<meta property=\"og:image:height\" content=\"420\" \/>\n\t<meta property=\"og:image:type\" content=\"image\/jpeg\" \/>\n<meta name=\"author\" content=\"Bigi Alt\" \/>\n<meta name=\"twitter:card\" content=\"summary_large_image\" \/>\n<meta name=\"twitter:creator\" content=\"@franzalt\" \/>\n<meta name=\"twitter:site\" content=\"@franzalt\" \/>\n<meta name=\"twitter:label1\" content=\"Verfasst von\" \/>\n\t<meta name=\"twitter:data1\" content=\"Bigi Alt\" \/>\n\t<meta name=\"twitter:label2\" content=\"Gesch\u00e4tzte Lesezeit\" \/>\n\t<meta name=\"twitter:data2\" content=\"5\u00a0Minuten\" \/>\n<script type=\"application\/ld+json\" class=\"yoast-schema-graph\">{\"@context\":\"https:\/\/schema.org\",\"@graph\":[{\"@type\":\"Article\",\"@id\":\"https:\/\/www.sonnenseite.com\/de\/politik\/cop30-muss-signal-gegen-trump-und-fuer-klimaschutz-setzen\/#article\",\"isPartOf\":{\"@id\":\"https:\/\/www.sonnenseite.com\/de\/politik\/cop30-muss-signal-gegen-trump-und-fuer-klimaschutz-setzen\/\"},\"author\":{\"name\":\"Bigi Alt\",\"@id\":\"https:\/\/www.sonnenseite.com\/de\/#\/schema\/person\/50fda0e926597684c7cc6695238a4eb9\"},\"headline\":\"COP30 muss Signal gegen Trump und f\u00fcr Klimaschutz setzen\",\"datePublished\":\"2025-11-01T02:37:00+00:00\",\"mainEntityOfPage\":{\"@id\":\"https:\/\/www.sonnenseite.com\/de\/politik\/cop30-muss-signal-gegen-trump-und-fuer-klimaschutz-setzen\/\"},\"wordCount\":782,\"publisher\":{\"@id\":\"https:\/\/www.sonnenseite.com\/de\/#organization\"},\"image\":{\"@id\":\"https:\/\/www.sonnenseite.com\/de\/politik\/cop30-muss-signal-gegen-trump-und-fuer-klimaschutz-setzen\/#primaryimage\"},\"thumbnailUrl\":\"https:\/\/www.sonnenseite.com\/wp-content\/uploads\/2025\/11\/COP30_DOERS.jpg\",\"articleSection\":[\"Politik\"],\"inLanguage\":\"de\"},{\"@type\":\"WebPage\",\"@id\":\"https:\/\/www.sonnenseite.com\/de\/politik\/cop30-muss-signal-gegen-trump-und-fuer-klimaschutz-setzen\/\",\"url\":\"https:\/\/www.sonnenseite.com\/de\/politik\/cop30-muss-signal-gegen-trump-und-fuer-klimaschutz-setzen\/\",\"name\":\"COP30 muss Signal gegen Trump und f\u00fcr Klimaschutz setzen - Sonnenseite - \u00d6kologische Kommunikation mit Franz Alt\",\"isPartOf\":{\"@id\":\"https:\/\/www.sonnenseite.com\/de\/#website\"},\"primaryImageOfPage\":{\"@id\":\"https:\/\/www.sonnenseite.com\/de\/politik\/cop30-muss-signal-gegen-trump-und-fuer-klimaschutz-setzen\/#primaryimage\"},\"image\":{\"@id\":\"https:\/\/www.sonnenseite.com\/de\/politik\/cop30-muss-signal-gegen-trump-und-fuer-klimaschutz-setzen\/#primaryimage\"},\"thumbnailUrl\":\"https:\/\/www.sonnenseite.com\/wp-content\/uploads\/2025\/11\/COP30_DOERS.jpg\",\"datePublished\":\"2025-11-01T02:37:00+00:00\",\"description\":\"Wuppertal Institut formuliert Erwartungen an diesj\u00e4hrige UN-Klimakonferenz in Bel\u00e9m. Vom 10. bis 21. November 2025 findet die 30. Konferenz der\",\"breadcrumb\":{\"@id\":\"https:\/\/www.sonnenseite.com\/de\/politik\/cop30-muss-signal-gegen-trump-und-fuer-klimaschutz-setzen\/#breadcrumb\"},\"inLanguage\":\"de\",\"potentialAction\":[{\"@type\":\"ReadAction\",\"target\":[\"https:\/\/www.sonnenseite.com\/de\/politik\/cop30-muss-signal-gegen-trump-und-fuer-klimaschutz-setzen\/\"]}]},{\"@type\":\"ImageObject\",\"inLanguage\":\"de\",\"@id\":\"https:\/\/www.sonnenseite.com\/de\/politik\/cop30-muss-signal-gegen-trump-und-fuer-klimaschutz-setzen\/#primaryimage\",\"url\":\"https:\/\/www.sonnenseite.com\/wp-content\/uploads\/2025\/11\/COP30_DOERS.jpg\",\"contentUrl\":\"https:\/\/www.sonnenseite.com\/wp-content\/uploads\/2025\/11\/COP30_DOERS.jpg\",\"width\":770,\"height\":420,\"caption\":\"Depositphotos.com | DOERS | COP30 Brasil\"},{\"@type\":\"BreadcrumbList\",\"@id\":\"https:\/\/www.sonnenseite.com\/de\/politik\/cop30-muss-signal-gegen-trump-und-fuer-klimaschutz-setzen\/#breadcrumb\",\"itemListElement\":[{\"@type\":\"ListItem\",\"position\":1,\"name\":\"Startseite\",\"item\":\"https:\/\/www.sonnenseite.com\/de\/\"},{\"@type\":\"ListItem\",\"position\":2,\"name\":\"COP30 muss Signal gegen Trump und f\u00fcr Klimaschutz setzen\"}]},{\"@type\":\"WebSite\",\"@id\":\"https:\/\/www.sonnenseite.com\/de\/#website\",\"url\":\"https:\/\/www.sonnenseite.com\/de\/\",\"name\":\"Sonnenseite\",\"description\":\"\u00d6kologische Kommunikation mit Franz Alt\",\"publisher\":{\"@id\":\"https:\/\/www.sonnenseite.com\/de\/#organization\"},\"potentialAction\":[{\"@type\":\"SearchAction\",\"target\":{\"@type\":\"EntryPoint\",\"urlTemplate\":\"https:\/\/www.sonnenseite.com\/de\/?s={search_term_string}\"},\"query-input\":{\"@type\":\"PropertyValueSpecification\",\"valueRequired\":true,\"valueName\":\"search_term_string\"}}],\"inLanguage\":\"de\"},{\"@type\":\"Organization\",\"@id\":\"https:\/\/www.sonnenseite.com\/de\/#organization\",\"name\":\"Sonnenseite\",\"url\":\"https:\/\/www.sonnenseite.com\/de\/\",\"logo\":{\"@type\":\"ImageObject\",\"inLanguage\":\"de\",\"@id\":\"https:\/\/www.sonnenseite.com\/de\/#\/schema\/logo\/image\/\",\"url\":\"https:\/\/www.sonnenseite.com\/wp-content\/uploads\/2020\/05\/Sonnenseite_Logo.png\",\"contentUrl\":\"https:\/\/www.sonnenseite.com\/wp-content\/uploads\/2020\/05\/Sonnenseite_Logo.png\",\"width\":377,\"height\":90,\"caption\":\"Sonnenseite\"},\"image\":{\"@id\":\"https:\/\/www.sonnenseite.com\/de\/#\/schema\/logo\/image\/\"},\"sameAs\":[\"https:\/\/www.facebook.com\/pages\/Franz-Alt-SONNENSEITECOM\/221072987903953?fref=ts\",\"https:\/\/x.com\/franzalt\",\"http:\/\/www.youtube.com\/results?search_query&amp;amp;quot;franz_alt&amp;amp;quot;&amp;amp;amp;amp;search_type&amp;amp;amp;amp;aq=f\"]},{\"@type\":\"Person\",\"@id\":\"https:\/\/www.sonnenseite.com\/de\/#\/schema\/person\/50fda0e926597684c7cc6695238a4eb9\",\"name\":\"Bigi Alt\"}]}<\/script>\n<!-- \/ Yoast SEO plugin. -->","yoast_head_json":{"title":"COP30 muss Signal gegen Trump und f\u00fcr Klimaschutz setzen - Sonnenseite - \u00d6kologische Kommunikation mit Franz Alt","description":"Wuppertal Institut formuliert Erwartungen an diesj\u00e4hrige UN-Klimakonferenz in Bel\u00e9m. Vom 10. bis 21. November 2025 findet die 30. Konferenz der","robots":{"index":"index","follow":"follow","max-snippet":"max-snippet:-1","max-image-preview":"max-image-preview:large","max-video-preview":"max-video-preview:-1"},"canonical":"https:\/\/www.sonnenseite.com\/de\/politik\/cop30-muss-signal-gegen-trump-und-fuer-klimaschutz-setzen\/","og_locale":"de_DE","og_type":"article","og_title":"COP30 muss Signal gegen Trump und f\u00fcr Klimaschutz setzen - Sonnenseite - \u00d6kologische Kommunikation mit Franz Alt","og_description":"Wuppertal Institut formuliert Erwartungen an diesj\u00e4hrige UN-Klimakonferenz in Bel\u00e9m. Vom 10. bis 21. November 2025 findet die 30. Konferenz der","og_url":"https:\/\/www.sonnenseite.com\/de\/politik\/cop30-muss-signal-gegen-trump-und-fuer-klimaschutz-setzen\/","og_site_name":"Sonnenseite","article_publisher":"https:\/\/www.facebook.com\/pages\/Franz-Alt-SONNENSEITECOM\/221072987903953?fref=ts","article_published_time":"2025-11-01T02:37:00+00:00","og_image":[{"width":770,"height":420,"url":"https:\/\/www.sonnenseite.com\/wp-content\/uploads\/2025\/11\/COP30_DOERS.jpg","type":"image\/jpeg"}],"author":"Bigi Alt","twitter_card":"summary_large_image","twitter_creator":"@franzalt","twitter_site":"@franzalt","twitter_misc":{"Verfasst von":"Bigi Alt","Gesch\u00e4tzte Lesezeit":"5\u00a0Minuten"},"schema":{"@context":"https:\/\/schema.org","@graph":[{"@type":"Article","@id":"https:\/\/www.sonnenseite.com\/de\/politik\/cop30-muss-signal-gegen-trump-und-fuer-klimaschutz-setzen\/#article","isPartOf":{"@id":"https:\/\/www.sonnenseite.com\/de\/politik\/cop30-muss-signal-gegen-trump-und-fuer-klimaschutz-setzen\/"},"author":{"name":"Bigi Alt","@id":"https:\/\/www.sonnenseite.com\/de\/#\/schema\/person\/50fda0e926597684c7cc6695238a4eb9"},"headline":"COP30 muss Signal gegen Trump und f\u00fcr Klimaschutz setzen","datePublished":"2025-11-01T02:37:00+00:00","mainEntityOfPage":{"@id":"https:\/\/www.sonnenseite.com\/de\/politik\/cop30-muss-signal-gegen-trump-und-fuer-klimaschutz-setzen\/"},"wordCount":782,"publisher":{"@id":"https:\/\/www.sonnenseite.com\/de\/#organization"},"image":{"@id":"https:\/\/www.sonnenseite.com\/de\/politik\/cop30-muss-signal-gegen-trump-und-fuer-klimaschutz-setzen\/#primaryimage"},"thumbnailUrl":"https:\/\/www.sonnenseite.com\/wp-content\/uploads\/2025\/11\/COP30_DOERS.jpg","articleSection":["Politik"],"inLanguage":"de"},{"@type":"WebPage","@id":"https:\/\/www.sonnenseite.com\/de\/politik\/cop30-muss-signal-gegen-trump-und-fuer-klimaschutz-setzen\/","url":"https:\/\/www.sonnenseite.com\/de\/politik\/cop30-muss-signal-gegen-trump-und-fuer-klimaschutz-setzen\/","name":"COP30 muss Signal gegen Trump und f\u00fcr Klimaschutz setzen - Sonnenseite - \u00d6kologische Kommunikation mit Franz Alt","isPartOf":{"@id":"https:\/\/www.sonnenseite.com\/de\/#website"},"primaryImageOfPage":{"@id":"https:\/\/www.sonnenseite.com\/de\/politik\/cop30-muss-signal-gegen-trump-und-fuer-klimaschutz-setzen\/#primaryimage"},"image":{"@id":"https:\/\/www.sonnenseite.com\/de\/politik\/cop30-muss-signal-gegen-trump-und-fuer-klimaschutz-setzen\/#primaryimage"},"thumbnailUrl":"https:\/\/www.sonnenseite.com\/wp-content\/uploads\/2025\/11\/COP30_DOERS.jpg","datePublished":"2025-11-01T02:37:00+00:00","description":"Wuppertal Institut formuliert Erwartungen an diesj\u00e4hrige UN-Klimakonferenz in Bel\u00e9m. Vom 10. bis 21. November 2025 findet die 30. Konferenz der","breadcrumb":{"@id":"https:\/\/www.sonnenseite.com\/de\/politik\/cop30-muss-signal-gegen-trump-und-fuer-klimaschutz-setzen\/#breadcrumb"},"inLanguage":"de","potentialAction":[{"@type":"ReadAction","target":["https:\/\/www.sonnenseite.com\/de\/politik\/cop30-muss-signal-gegen-trump-und-fuer-klimaschutz-setzen\/"]}]},{"@type":"ImageObject","inLanguage":"de","@id":"https:\/\/www.sonnenseite.com\/de\/politik\/cop30-muss-signal-gegen-trump-und-fuer-klimaschutz-setzen\/#primaryimage","url":"https:\/\/www.sonnenseite.com\/wp-content\/uploads\/2025\/11\/COP30_DOERS.jpg","contentUrl":"https:\/\/www.sonnenseite.com\/wp-content\/uploads\/2025\/11\/COP30_DOERS.jpg","width":770,"height":420,"caption":"Depositphotos.com | DOERS | COP30 Brasil"},{"@type":"BreadcrumbList","@id":"https:\/\/www.sonnenseite.com\/de\/politik\/cop30-muss-signal-gegen-trump-und-fuer-klimaschutz-setzen\/#breadcrumb","itemListElement":[{"@type":"ListItem","position":1,"name":"Startseite","item":"https:\/\/www.sonnenseite.com\/de\/"},{"@type":"ListItem","position":2,"name":"COP30 muss Signal gegen Trump und f\u00fcr Klimaschutz setzen"}]},{"@type":"WebSite","@id":"https:\/\/www.sonnenseite.com\/de\/#website","url":"https:\/\/www.sonnenseite.com\/de\/","name":"Sonnenseite","description":"\u00d6kologische Kommunikation mit Franz Alt","publisher":{"@id":"https:\/\/www.sonnenseite.com\/de\/#organization"},"potentialAction":[{"@type":"SearchAction","target":{"@type":"EntryPoint","urlTemplate":"https:\/\/www.sonnenseite.com\/de\/?s={search_term_string}"},"query-input":{"@type":"PropertyValueSpecification","valueRequired":true,"valueName":"search_term_string"}}],"inLanguage":"de"},{"@type":"Organization","@id":"https:\/\/www.sonnenseite.com\/de\/#organization","name":"Sonnenseite","url":"https:\/\/www.sonnenseite.com\/de\/","logo":{"@type":"ImageObject","inLanguage":"de","@id":"https:\/\/www.sonnenseite.com\/de\/#\/schema\/logo\/image\/","url":"https:\/\/www.sonnenseite.com\/wp-content\/uploads\/2020\/05\/Sonnenseite_Logo.png","contentUrl":"https:\/\/www.sonnenseite.com\/wp-content\/uploads\/2020\/05\/Sonnenseite_Logo.png","width":377,"height":90,"caption":"Sonnenseite"},"image":{"@id":"https:\/\/www.sonnenseite.com\/de\/#\/schema\/logo\/image\/"},"sameAs":["https:\/\/www.facebook.com\/pages\/Franz-Alt-SONNENSEITECOM\/221072987903953?fref=ts","https:\/\/x.com\/franzalt","http:\/\/www.youtube.com\/results?search_query&amp;amp;quot;franz_alt&amp;amp;quot;&amp;amp;amp;amp;search_type&amp;amp;amp;amp;aq=f"]},{"@type":"Person","@id":"https:\/\/www.sonnenseite.com\/de\/#\/schema\/person\/50fda0e926597684c7cc6695238a4eb9","name":"Bigi Alt"}]}},"_links":{"self":[{"href":"https:\/\/www.sonnenseite.com\/de\/wp-json\/wp\/v2\/posts\/110564","targetHints":{"allow":["GET"]}}],"collection":[{"href":"https:\/\/www.sonnenseite.com\/de\/wp-json\/wp\/v2\/posts"}],"about":[{"href":"https:\/\/www.sonnenseite.com\/de\/wp-json\/wp\/v2\/types\/post"}],"author":[{"embeddable":true,"href":"https:\/\/www.sonnenseite.com\/de\/wp-json\/wp\/v2\/users\/3"}],"replies":[{"embeddable":true,"href":"https:\/\/www.sonnenseite.com\/de\/wp-json\/wp\/v2\/comments?post=110564"}],"version-history":[{"count":2,"href":"https:\/\/www.sonnenseite.com\/de\/wp-json\/wp\/v2\/posts\/110564\/revisions"}],"predecessor-version":[{"id":110566,"href":"https:\/\/www.sonnenseite.com\/de\/wp-json\/wp\/v2\/posts\/110564\/revisions\/110566"}],"wp:featuredmedia":[{"embeddable":true,"href":"https:\/\/www.sonnenseite.com\/de\/wp-json\/wp\/v2\/media\/110571"}],"wp:attachment":[{"href":"https:\/\/www.sonnenseite.com\/de\/wp-json\/wp\/v2\/media?parent=110564"}],"wp:term":[{"taxonomy":"category","embeddable":true,"href":"https:\/\/www.sonnenseite.com\/de\/wp-json\/wp\/v2\/categories?post=110564"},{"taxonomy":"post_tag","embeddable":true,"href":"https:\/\/www.sonnenseite.com\/de\/wp-json\/wp\/v2\/tags?post=110564"}],"curies":[{"name":"wp","href":"https:\/\/api.w.org\/{rel}","templated":true}]}}