{"id":110618,"date":"2025-11-03T02:29:00","date_gmt":"2025-11-03T01:29:00","guid":{"rendered":"https:\/\/www.sonnenseite.com\/?p=110618"},"modified":"2025-11-02T10:10:25","modified_gmt":"2025-11-02T09:10:25","slug":"hitzewellen-in-nord-und-mitteleuropa-extremer-und-chaotischer","status":"publish","type":"post","link":"https:\/\/www.sonnenseite.com\/de\/umwelt\/hitzewellen-in-nord-und-mitteleuropa-extremer-und-chaotischer\/","title":{"rendered":"Hitzewellen in Nord- und Mitteleuropa extremer und chaotischer"},"content":{"rendered":"\n<p>Durch den Klimawandel werden Hitzewellen in Europa nicht nur h\u00e4ufiger und hei\u00dfer, sondern auch unberechenbarer. <\/p>\n\n\n\n<p>Ein internationales Team um Klimaforscher Dr. Goratz Beobide-Arsuaga vom Earth and Society Research Hub (ESRAH) der Universit\u00e4t Hamburg konnte nun zeigen, dass durch die Erderw\u00e4rmung auch die nat\u00fcrlichen Schwankungen des Klimas extremer werden. Die Studie erschien nun im Journal Nature Communications.<\/p>\n\n\n\n<p>\u201eEuropa ist ein echter Hotspot. Die Intensit\u00e4t von Hitzewellen nimmt hier drei- bis viermal schneller zu als in anderen Regionen der Nordhalbkugel\u201c, sagt Beobide-Arsuaga. Bisher dachte man, diese Zunahme liege allein an steigenden Durchschnittstemperaturen. \u201eJetzt sehen wir, dass sich auch die innere Dynamik des Klimas ver\u00e4ndert. Und das kann die Hitze weiter verst\u00e4rken.\u201c<\/p>\n\n\n\n<p>F\u00fcr Mittel- und Nordeuropa bedeutet das laut der Studie ein instabileres Klima und extremere, pl\u00f6tzliche Hitzewellen. Der Hauptgrund daf\u00fcr: Die Bodenfeuchte. In Deutschland, Polen, Tschechien oder etwa D\u00e4nemark wechseln sich im Sommer feuchte und trockene Phasen h\u00e4ufiger ab. Feuchte B\u00f6den k\u00fchlen zwar, aber nur, solange sie wirklich nass sind. Wenn sie zwischen feucht und trocken schwanken, k\u00f6nnen sie Hitzewellen verst\u00e4rken. Verliert der Boden an Feuchtigkeit, verdunstet weniger Wasser, die Luft k\u00fchlt sich kaum ab und heizt sich noch st\u00e4rker auf.<\/p>\n\n\n\n<h4 class=\"wp-block-heading\">\u201eChaotische Sommer, die man fr\u00fcher eher im S\u00fcden kannte\u201c<\/h4>\n\n\n\n<p>Im S\u00fcden Europas hingegen, etwa in Spanien, Italien, Griechenland oder auf dem Balkan, sind die B\u00f6den bereits so trocken, dass sie bei weiterer Austrocknung kaum noch mit der Atmosph\u00e4re in Wechselwirkung treten. Es gibt schlicht kein Wasser mehr, das verdunsten und Einfluss auf das Wetter haben k\u00f6nnte. Dadurch werden die Schwankungen dort kleiner, die Temperaturen aber dauerhaft sehr hoch. \u201eWenn der Boden noch reagieren kann, wird die Atmosph\u00e4re unruhig. Wenn er v\u00f6llig ausgetrocknet ist, beruhigt sich das System auf hohem Niveau\u201c, erkl\u00e4rt Beobide-Arsuaga. \u201eDarum erleben wir in Mitteleuropa zunehmend chaotische Sommer, die man fr\u00fcher eher im S\u00fcden kannte.\u201c<\/p>\n\n\n\n<p>Die Ver\u00e4nderungen sind keine ferne Zukunft: \u201eIn Zentraleuropa beobachten wir diese Entwicklung schon jetzt\u201c, sagt Beobide-Arsuaga. \u201eDie vergangenen Sommer waren ungew\u00f6hnlich trocken, die Hitzewellen intensiver und sprunghafter \u2013 genau das Muster, das unsere Modelle f\u00fcr die kommenden Jahrzehnte vorhersagen.\u201c<\/p>\n\n\n\n<h4 class=\"wp-block-heading\">Nat\u00fcrliche Klimaschwankungen von globaler Erw\u00e4rmung getrennt<\/h4>\n\n\n\n<p>F\u00fcr ihre Untersuchung analysierten die Forschenden umfassende Datens\u00e4tze von Klimasimulationen, darunter rund 250 Rechenmodelle aus f\u00fcnf gro\u00dfen internationalen sogenannten Modellensembles aus Deutschland, Frankreich, Kanada, Japan und Australien. Mit diesen Daten konnten die Forschenden erstmals den Effekt der sogenannten \u201einternen Variabilit\u00e4t\u201c, also der nat\u00fcrlichen Schwankungen des Klimasystems, vom allgemeinen Erw\u00e4rmungstrend trennen.<\/p>\n\n\n\n<p>Neben den physikalischen Mechanismen liefert die Studie auch methodisch einen Durchbruch. Um die Ver\u00e4nderungen pr\u00e4zise zu erfassen, zogen die Forschenden den langfristigen Erw\u00e4rmungstrend aus den Modellen ab, \u00fcbrig blieb nur das \u201eFlackern\u201c des Klimasystems selbst. Beobide-Arsuaga konnte zeigen, dass sich die Schwankungen selbst im Zuge der globalen Erw\u00e4rmung ver\u00e4ndern.<\/p>\n\n\n\n<h4 class=\"wp-block-heading\">Neue Herausforderungen f\u00fcr die Klima-Anpassung<\/h4>\n\n\n\n<p>F\u00fcr die Anpassung an den Klimawandel bedeutet das: Es reicht nicht mehr, nur auf steigende Durchschnittstemperaturen zu reagieren. L\u00e4nder wie Deutschland m\u00fcssen sich auf eine mehr Unberechenbarkeit einstellen. \u201eEin Sommer kann relativ mild verlaufen, der n\u00e4chste aber pl\u00f6tzlich Rekordwerte sprengen\u201c, sagt Beobide-Arsuaga. \u201eDie Variabilit\u00e4t selbst wird zum Risiko.\u201c<\/p>\n\n\n\n<p>\u201eWir bringen hier zwei Welten zusammen: Erkenntnisse \u00fcber Bodendynamik und die moderne Klimamodellierung\u201c, sagt Beobide-Arsuaga. \u201eZum ersten Mal zeigen wir, dass die Theorie tats\u00e4chlich in den Modellen sichtbar wird.\u201c Die Ergebnisse liefern eine neue Grundlage f\u00fcr k\u00fcnftige Risikoanalysen und Anpassungsstrategien f\u00fcr ganz unterschiedliche Bereiche, von der Stadtplanung bis zur Landwirtschaft. \u201eWer nur Mittelwerte betrachtet, untersch\u00e4tzt die Belastung, die extreme Jahre bringen k\u00f6nnen\u201c, erkl\u00e4rt der Forscher.<\/p>\n\n\n\n<ul class=\"wp-block-list\">\n<li>Beobide-Arsuaga G, Suarez-Gutierrez, L, Barkhordarian, A, Olonscheck, D, Baehr J (2025): <a href=\"https:\/\/www.nature.com\/articles\/s41467-025-65392-w\" target=\"_blank\" rel=\"noreferrer noopener\">Increasing central and northern European summer heatwave intensity due to forced changes in internal variability<\/a>; Nature Communications; DOI:\u00a0doi.org\/10.1038\/s41467-025-65392-w<\/li>\n<\/ul>\n\n\n<h5 class=\"green\">Quelle<\/h5>\r\n\n\n\n<p><a href=\"https:\/\/www.cen.uni-hamburg.de\/about-cen\/news\/06-news-2025\/2025-10-30-heatwaves-becoming-more-intense-and-unpredictable.html\">Universit\u00e4t Hamburg 2025<\/a><\/p>\n<div class=\"shariff shariff-align-flex-start shariff-widget-align-flex-start\"><div class=\"ShariffHeadline\">Diese Meldung teilen<\/div><ul class=\"shariff-buttons theme-round orientation-horizontal buttonsize-medium\"><li class=\"shariff-button facebook shariff-nocustomcolor\" style=\"background-color:#4273c8;border-radius:1%\"><a href=\"https:\/\/www.facebook.com\/sharer\/sharer.php?u=https%3A%2F%2Fwww.sonnenseite.com%2Fde%2Fumwelt%2Fhitzewellen-in-nord-und-mitteleuropa-extremer-und-chaotischer%2F\" title=\"Bei Facebook teilen\" aria-label=\"Bei Facebook teilen\" role=\"button\" rel=\"nofollow\" class=\"shariff-link\" style=\";border-radius:1%; background-color:#3b5998; color:#fff\" target=\"_blank\"><span class=\"shariff-icon\" style=\"\"><svg width=\"32px\" height=\"20px\" xmlns=\"http:\/\/www.w3.org\/2000\/svg\" viewBox=\"0 0 18 32\"><path fill=\"#3b5998\" d=\"M17.1 0.2v4.7h-2.8q-1.5 0-2.1 0.6t-0.5 1.9v3.4h5.2l-0.7 5.3h-4.5v13.6h-5.5v-13.6h-4.5v-5.3h4.5v-3.9q0-3.3 1.9-5.2t5-1.8q2.6 0 4.1 0.2z\"\/><\/svg><\/span><\/a><\/li><li class=\"shariff-button twitter shariff-nocustomcolor\" style=\"background-color:#595959;border-radius:1%\"><a href=\"https:\/\/twitter.com\/share?url=https%3A%2F%2Fwww.sonnenseite.com%2Fde%2Fumwelt%2Fhitzewellen-in-nord-und-mitteleuropa-extremer-und-chaotischer%2F&text=Hitzewellen%20in%20Nord-%20und%20Mitteleuropa%20extremer%20und%20chaotischer\" title=\"Bei X teilen\" aria-label=\"Bei X teilen\" role=\"button\" rel=\"noopener nofollow\" class=\"shariff-link\" style=\";border-radius:1%; background-color:#000; color:#fff\" target=\"_blank\"><span class=\"shariff-icon\" style=\"\"><svg width=\"32px\" height=\"20px\" xmlns=\"http:\/\/www.w3.org\/2000\/svg\" viewBox=\"0 0 24 24\"><path fill=\"#000\" d=\"M14.258 10.152L23.176 0h-2.113l-7.747 8.813L7.133 0H0l9.352 13.328L0 23.973h2.113l8.176-9.309 6.531 9.309h7.133zm-2.895 3.293l-.949-1.328L2.875 1.56h3.246l6.086 8.523.945 1.328 7.91 11.078h-3.246zm0 0\"\/><\/svg><\/span><\/a><\/li><li class=\"shariff-button xing shariff-nocustomcolor\" style=\"background-color:#29888a;border-radius:1%\"><a href=\"https:\/\/www.xing.com\/spi\/shares\/new?url=https%3A%2F%2Fwww.sonnenseite.com%2Fde%2Fumwelt%2Fhitzewellen-in-nord-und-mitteleuropa-extremer-und-chaotischer%2F\" title=\"Bei XING teilen\" aria-label=\"Bei XING teilen\" role=\"button\" rel=\"noopener nofollow\" class=\"shariff-link\" style=\";border-radius:1%; background-color:#126567; color:#fff\" target=\"_blank\"><span class=\"shariff-icon\" style=\"\"><svg width=\"32px\" height=\"20px\" xmlns=\"http:\/\/www.w3.org\/2000\/svg\" viewBox=\"0 0 25 32\"><path fill=\"#126567\" d=\"M10.7 11.9q-0.2 0.3-4.6 8.2-0.5 0.8-1.2 0.8h-4.3q-0.4 0-0.5-0.3t0-0.6l4.5-8q0 0 0 0l-2.9-5q-0.2-0.4 0-0.7 0.2-0.3 0.5-0.3h4.3q0.7 0 1.2 0.8zM25.1 0.4q0.2 0.3 0 0.7l-9.4 16.7 6 11q0.2 0.4 0 0.6-0.2 0.3-0.6 0.3h-4.3q-0.7 0-1.2-0.8l-6-11.1q0.3-0.6 9.5-16.8 0.4-0.8 1.2-0.8h4.3q0.4 0 0.5 0.3z\"\/><\/svg><\/span><\/a><\/li><li class=\"shariff-button linkedin shariff-nocustomcolor\" style=\"background-color:#1488bf;border-radius:1%\"><a href=\"https:\/\/www.linkedin.com\/sharing\/share-offsite\/?url=https%3A%2F%2Fwww.sonnenseite.com%2Fde%2Fumwelt%2Fhitzewellen-in-nord-und-mitteleuropa-extremer-und-chaotischer%2F\" title=\"Bei LinkedIn teilen\" aria-label=\"Bei LinkedIn teilen\" role=\"button\" rel=\"noopener nofollow\" class=\"shariff-link\" style=\";border-radius:1%; background-color:#0077b5; color:#fff\" target=\"_blank\"><span class=\"shariff-icon\" style=\"\"><svg width=\"32px\" height=\"20px\" xmlns=\"http:\/\/www.w3.org\/2000\/svg\" viewBox=\"0 0 27 32\"><path fill=\"#0077b5\" d=\"M6.2 11.2v17.7h-5.9v-17.7h5.9zM6.6 5.7q0 1.3-0.9 2.2t-2.4 0.9h0q-1.5 0-2.4-0.9t-0.9-2.2 0.9-2.2 2.4-0.9 2.4 0.9 0.9 2.2zM27.4 18.7v10.1h-5.9v-9.5q0-1.9-0.7-2.9t-2.3-1.1q-1.1 0-1.9 0.6t-1.2 1.5q-0.2 0.5-0.2 1.4v9.9h-5.9q0-7.1 0-11.6t0-5.3l0-0.9h5.9v2.6h0q0.4-0.6 0.7-1t1-0.9 1.6-0.8 2-0.3q3 0 4.9 2t1.9 6z\"\/><\/svg><\/span><\/a><\/li><li class=\"shariff-button printer shariff-nocustomcolor\" style=\"background-color:#a8a8a8;border-radius:1%\"><a href=\"javascript:window.print()\" title=\"drucken\" aria-label=\"drucken\" role=\"button\" rel=\"noopener nofollow\" class=\"shariff-link\" style=\";border-radius:1%; background-color:#999; color:#fff\"><span class=\"shariff-icon\" style=\"\"><svg width=\"32px\" height=\"20px\" xmlns=\"http:\/\/www.w3.org\/2000\/svg\" viewBox=\"0 0 30 32\"><path fill=\"#999\" d=\"M6.8 27.4h16v-4.6h-16v4.6zM6.8 16h16v-6.8h-2.8q-0.7 0-1.2-0.5t-0.5-1.2v-2.8h-11.4v11.4zM27.4 17.2q0-0.5-0.3-0.8t-0.8-0.4-0.8 0.4-0.3 0.8 0.3 0.8 0.8 0.3 0.8-0.3 0.3-0.8zM29.7 17.2v7.4q0 0.2-0.2 0.4t-0.4 0.2h-4v2.8q0 0.7-0.5 1.2t-1.2 0.5h-17.2q-0.7 0-1.2-0.5t-0.5-1.2v-2.8h-4q-0.2 0-0.4-0.2t-0.2-0.4v-7.4q0-1.4 1-2.4t2.4-1h1.2v-9.7q0-0.7 0.5-1.2t1.2-0.5h12q0.7 0 1.6 0.4t1.3 0.8l2.7 2.7q0.5 0.5 0.9 1.4t0.4 1.6v4.6h1.1q1.4 0 2.4 1t1 2.4z\"\/><\/svg><\/span><\/a><\/li><li class=\"shariff-button mailto shariff-nocustomcolor\" style=\"background-color:#a8a8a8;border-radius:1%\"><a href=\"mailto:?body=https%3A%2F%2Fwww.sonnenseite.com%2Fde%2Fumwelt%2Fhitzewellen-in-nord-und-mitteleuropa-extremer-und-chaotischer%2F&subject=Hitzewellen%20in%20Nord-%20und%20Mitteleuropa%20extremer%20und%20chaotischer\" title=\"Per E-Mail versenden\" aria-label=\"Per E-Mail versenden\" role=\"button\" rel=\"noopener nofollow\" class=\"shariff-link\" style=\";border-radius:1%; background-color:#999; color:#fff\"><span class=\"shariff-icon\" style=\"\"><svg width=\"32px\" height=\"20px\" xmlns=\"http:\/\/www.w3.org\/2000\/svg\" viewBox=\"0 0 32 32\"><path fill=\"#999\" d=\"M32 12.7v14.2q0 1.2-0.8 2t-2 0.9h-26.3q-1.2 0-2-0.9t-0.8-2v-14.2q0.8 0.9 1.8 1.6 6.5 4.4 8.9 6.1 1 0.8 1.6 1.2t1.7 0.9 2 0.4h0.1q0.9 0 2-0.4t1.7-0.9 1.6-1.2q3-2.2 8.9-6.1 1-0.7 1.8-1.6zM32 7.4q0 1.4-0.9 2.7t-2.2 2.2q-6.7 4.7-8.4 5.8-0.2 0.1-0.7 0.5t-1 0.7-0.9 0.6-1.1 0.5-0.9 0.2h-0.1q-0.4 0-0.9-0.2t-1.1-0.5-0.9-0.6-1-0.7-0.7-0.5q-1.6-1.1-4.7-3.2t-3.6-2.6q-1.1-0.7-2.1-2t-1-2.5q0-1.4 0.7-2.3t2.1-0.9h26.3q1.2 0 2 0.8t0.9 2z\"\/><\/svg><\/span><\/a><\/li><\/ul><\/div>","protected":false},"excerpt":{"rendered":"<p>Durch den Klimawandel werden Hitzewellen in Europa nicht nur h\u00e4ufiger und hei\u00dfer, sondern auch unberechenbarer. Ein [&hellip;]<\/p>\n","protected":false},"author":3,"featured_media":110620,"comment_status":"closed","ping_status":"closed","sticky":false,"template":"","format":"standard","meta":{"inline_featured_image":false,"footnotes":""},"categories":[23],"tags":[],"class_list":["post-110618","post","type-post","status-publish","format-standard","has-post-thumbnail","hentry","category-umwelt"],"yoast_head":"<!-- This site is optimized with the Yoast SEO plugin v26.5 - https:\/\/yoast.com\/wordpress\/plugins\/seo\/ -->\n<title>Hitzewellen in Nord- und Mitteleuropa extremer und chaotischer - Sonnenseite - \u00d6kologische Kommunikation mit Franz Alt<\/title>\n<meta name=\"description\" content=\"Durch den Klimawandel werden Hitzewellen in Europa nicht nur h\u00e4ufiger und hei\u00dfer, sondern auch unberechenbarer. Ein internationales Team um Klimaforscher\" \/>\n<meta name=\"robots\" content=\"index, follow, max-snippet:-1, max-image-preview:large, max-video-preview:-1\" \/>\n<link rel=\"canonical\" href=\"https:\/\/www.sonnenseite.com\/de\/umwelt\/hitzewellen-in-nord-und-mitteleuropa-extremer-und-chaotischer\/\" \/>\n<meta property=\"og:locale\" content=\"de_DE\" \/>\n<meta property=\"og:type\" content=\"article\" \/>\n<meta property=\"og:title\" content=\"Hitzewellen in Nord- und Mitteleuropa extremer und chaotischer - Sonnenseite - \u00d6kologische Kommunikation mit Franz Alt\" \/>\n<meta property=\"og:description\" content=\"Durch den Klimawandel werden Hitzewellen in Europa nicht nur h\u00e4ufiger und hei\u00dfer, sondern auch unberechenbarer. Ein internationales Team um Klimaforscher\" \/>\n<meta property=\"og:url\" content=\"https:\/\/www.sonnenseite.com\/de\/umwelt\/hitzewellen-in-nord-und-mitteleuropa-extremer-und-chaotischer\/\" \/>\n<meta property=\"og:site_name\" content=\"Sonnenseite\" \/>\n<meta property=\"article:publisher\" content=\"https:\/\/www.facebook.com\/pages\/Franz-Alt-SONNENSEITECOM\/221072987903953?fref=ts\" \/>\n<meta property=\"article:published_time\" content=\"2025-11-03T01:29:00+00:00\" \/>\n<meta property=\"og:image\" content=\"https:\/\/www.sonnenseite.com\/wp-content\/uploads\/2025\/11\/Forggensse_trocken_Alexander-Hauk.jpg\" \/>\n\t<meta property=\"og:image:width\" content=\"770\" \/>\n\t<meta property=\"og:image:height\" content=\"420\" \/>\n\t<meta property=\"og:image:type\" content=\"image\/jpeg\" \/>\n<meta name=\"author\" content=\"Bigi Alt\" \/>\n<meta name=\"twitter:card\" content=\"summary_large_image\" \/>\n<meta name=\"twitter:creator\" content=\"@franzalt\" \/>\n<meta name=\"twitter:site\" content=\"@franzalt\" \/>\n<meta name=\"twitter:label1\" content=\"Verfasst von\" \/>\n\t<meta name=\"twitter:data1\" content=\"Bigi Alt\" \/>\n\t<meta name=\"twitter:label2\" content=\"Gesch\u00e4tzte Lesezeit\" \/>\n\t<meta name=\"twitter:data2\" content=\"4\u00a0Minuten\" \/>\n<script type=\"application\/ld+json\" class=\"yoast-schema-graph\">{\"@context\":\"https:\/\/schema.org\",\"@graph\":[{\"@type\":\"Article\",\"@id\":\"https:\/\/www.sonnenseite.com\/de\/umwelt\/hitzewellen-in-nord-und-mitteleuropa-extremer-und-chaotischer\/#article\",\"isPartOf\":{\"@id\":\"https:\/\/www.sonnenseite.com\/de\/umwelt\/hitzewellen-in-nord-und-mitteleuropa-extremer-und-chaotischer\/\"},\"author\":{\"name\":\"Bigi Alt\",\"@id\":\"https:\/\/www.sonnenseite.com\/de\/#\/schema\/person\/50fda0e926597684c7cc6695238a4eb9\"},\"headline\":\"Hitzewellen in Nord- und Mitteleuropa extremer und chaotischer\",\"datePublished\":\"2025-11-03T01:29:00+00:00\",\"mainEntityOfPage\":{\"@id\":\"https:\/\/www.sonnenseite.com\/de\/umwelt\/hitzewellen-in-nord-und-mitteleuropa-extremer-und-chaotischer\/\"},\"wordCount\":662,\"publisher\":{\"@id\":\"https:\/\/www.sonnenseite.com\/de\/#organization\"},\"image\":{\"@id\":\"https:\/\/www.sonnenseite.com\/de\/umwelt\/hitzewellen-in-nord-und-mitteleuropa-extremer-und-chaotischer\/#primaryimage\"},\"thumbnailUrl\":\"https:\/\/www.sonnenseite.com\/wp-content\/uploads\/2025\/11\/Forggensse_trocken_Alexander-Hauk.jpg\",\"articleSection\":[\"Umwelt\"],\"inLanguage\":\"de\"},{\"@type\":\"WebPage\",\"@id\":\"https:\/\/www.sonnenseite.com\/de\/umwelt\/hitzewellen-in-nord-und-mitteleuropa-extremer-und-chaotischer\/\",\"url\":\"https:\/\/www.sonnenseite.com\/de\/umwelt\/hitzewellen-in-nord-und-mitteleuropa-extremer-und-chaotischer\/\",\"name\":\"Hitzewellen in Nord- und Mitteleuropa extremer und chaotischer - Sonnenseite - \u00d6kologische Kommunikation mit Franz Alt\",\"isPartOf\":{\"@id\":\"https:\/\/www.sonnenseite.com\/de\/#website\"},\"primaryImageOfPage\":{\"@id\":\"https:\/\/www.sonnenseite.com\/de\/umwelt\/hitzewellen-in-nord-und-mitteleuropa-extremer-und-chaotischer\/#primaryimage\"},\"image\":{\"@id\":\"https:\/\/www.sonnenseite.com\/de\/umwelt\/hitzewellen-in-nord-und-mitteleuropa-extremer-und-chaotischer\/#primaryimage\"},\"thumbnailUrl\":\"https:\/\/www.sonnenseite.com\/wp-content\/uploads\/2025\/11\/Forggensse_trocken_Alexander-Hauk.jpg\",\"datePublished\":\"2025-11-03T01:29:00+00:00\",\"description\":\"Durch den Klimawandel werden Hitzewellen in Europa nicht nur h\u00e4ufiger und hei\u00dfer, sondern auch unberechenbarer. Ein internationales Team um Klimaforscher\",\"breadcrumb\":{\"@id\":\"https:\/\/www.sonnenseite.com\/de\/umwelt\/hitzewellen-in-nord-und-mitteleuropa-extremer-und-chaotischer\/#breadcrumb\"},\"inLanguage\":\"de\",\"potentialAction\":[{\"@type\":\"ReadAction\",\"target\":[\"https:\/\/www.sonnenseite.com\/de\/umwelt\/hitzewellen-in-nord-und-mitteleuropa-extremer-und-chaotischer\/\"]}]},{\"@type\":\"ImageObject\",\"inLanguage\":\"de\",\"@id\":\"https:\/\/www.sonnenseite.com\/de\/umwelt\/hitzewellen-in-nord-und-mitteleuropa-extremer-und-chaotischer\/#primaryimage\",\"url\":\"https:\/\/www.sonnenseite.com\/wp-content\/uploads\/2025\/11\/Forggensse_trocken_Alexander-Hauk.jpg\",\"contentUrl\":\"https:\/\/www.sonnenseite.com\/wp-content\/uploads\/2025\/11\/Forggensse_trocken_Alexander-Hauk.jpg\",\"width\":770,\"height\":420,\"caption\":\"pixelio.de | Alexander-Hauk | Forggensse - F\u00fcr die Anpassung an den Klimawandel bedeutet das: Es reicht nicht mehr, nur auf steigende Durchschnittstemperaturen zu reagieren. L\u00e4nder wie Deutschland m\u00fcssen sich auf eine mehr Unberechenbarkeit einstellen.\"},{\"@type\":\"BreadcrumbList\",\"@id\":\"https:\/\/www.sonnenseite.com\/de\/umwelt\/hitzewellen-in-nord-und-mitteleuropa-extremer-und-chaotischer\/#breadcrumb\",\"itemListElement\":[{\"@type\":\"ListItem\",\"position\":1,\"name\":\"Startseite\",\"item\":\"https:\/\/www.sonnenseite.com\/de\/\"},{\"@type\":\"ListItem\",\"position\":2,\"name\":\"Hitzewellen in Nord- und Mitteleuropa extremer und chaotischer\"}]},{\"@type\":\"WebSite\",\"@id\":\"https:\/\/www.sonnenseite.com\/de\/#website\",\"url\":\"https:\/\/www.sonnenseite.com\/de\/\",\"name\":\"Sonnenseite\",\"description\":\"\u00d6kologische Kommunikation mit Franz Alt\",\"publisher\":{\"@id\":\"https:\/\/www.sonnenseite.com\/de\/#organization\"},\"potentialAction\":[{\"@type\":\"SearchAction\",\"target\":{\"@type\":\"EntryPoint\",\"urlTemplate\":\"https:\/\/www.sonnenseite.com\/de\/?s={search_term_string}\"},\"query-input\":{\"@type\":\"PropertyValueSpecification\",\"valueRequired\":true,\"valueName\":\"search_term_string\"}}],\"inLanguage\":\"de\"},{\"@type\":\"Organization\",\"@id\":\"https:\/\/www.sonnenseite.com\/de\/#organization\",\"name\":\"Sonnenseite\",\"url\":\"https:\/\/www.sonnenseite.com\/de\/\",\"logo\":{\"@type\":\"ImageObject\",\"inLanguage\":\"de\",\"@id\":\"https:\/\/www.sonnenseite.com\/de\/#\/schema\/logo\/image\/\",\"url\":\"https:\/\/www.sonnenseite.com\/wp-content\/uploads\/2020\/05\/Sonnenseite_Logo.png\",\"contentUrl\":\"https:\/\/www.sonnenseite.com\/wp-content\/uploads\/2020\/05\/Sonnenseite_Logo.png\",\"width\":377,\"height\":90,\"caption\":\"Sonnenseite\"},\"image\":{\"@id\":\"https:\/\/www.sonnenseite.com\/de\/#\/schema\/logo\/image\/\"},\"sameAs\":[\"https:\/\/www.facebook.com\/pages\/Franz-Alt-SONNENSEITECOM\/221072987903953?fref=ts\",\"https:\/\/x.com\/franzalt\",\"http:\/\/www.youtube.com\/results?search_query&amp;amp;quot;franz_alt&amp;amp;quot;&amp;amp;amp;amp;search_type&amp;amp;amp;amp;aq=f\"]},{\"@type\":\"Person\",\"@id\":\"https:\/\/www.sonnenseite.com\/de\/#\/schema\/person\/50fda0e926597684c7cc6695238a4eb9\",\"name\":\"Bigi Alt\"}]}<\/script>\n<!-- \/ Yoast SEO plugin. -->","yoast_head_json":{"title":"Hitzewellen in Nord- und Mitteleuropa extremer und chaotischer - Sonnenseite - \u00d6kologische Kommunikation mit Franz Alt","description":"Durch den Klimawandel werden Hitzewellen in Europa nicht nur h\u00e4ufiger und hei\u00dfer, sondern auch unberechenbarer. Ein internationales Team um Klimaforscher","robots":{"index":"index","follow":"follow","max-snippet":"max-snippet:-1","max-image-preview":"max-image-preview:large","max-video-preview":"max-video-preview:-1"},"canonical":"https:\/\/www.sonnenseite.com\/de\/umwelt\/hitzewellen-in-nord-und-mitteleuropa-extremer-und-chaotischer\/","og_locale":"de_DE","og_type":"article","og_title":"Hitzewellen in Nord- und Mitteleuropa extremer und chaotischer - Sonnenseite - \u00d6kologische Kommunikation mit Franz Alt","og_description":"Durch den Klimawandel werden Hitzewellen in Europa nicht nur h\u00e4ufiger und hei\u00dfer, sondern auch unberechenbarer. Ein internationales Team um Klimaforscher","og_url":"https:\/\/www.sonnenseite.com\/de\/umwelt\/hitzewellen-in-nord-und-mitteleuropa-extremer-und-chaotischer\/","og_site_name":"Sonnenseite","article_publisher":"https:\/\/www.facebook.com\/pages\/Franz-Alt-SONNENSEITECOM\/221072987903953?fref=ts","article_published_time":"2025-11-03T01:29:00+00:00","og_image":[{"width":770,"height":420,"url":"https:\/\/www.sonnenseite.com\/wp-content\/uploads\/2025\/11\/Forggensse_trocken_Alexander-Hauk.jpg","type":"image\/jpeg"}],"author":"Bigi Alt","twitter_card":"summary_large_image","twitter_creator":"@franzalt","twitter_site":"@franzalt","twitter_misc":{"Verfasst von":"Bigi Alt","Gesch\u00e4tzte Lesezeit":"4\u00a0Minuten"},"schema":{"@context":"https:\/\/schema.org","@graph":[{"@type":"Article","@id":"https:\/\/www.sonnenseite.com\/de\/umwelt\/hitzewellen-in-nord-und-mitteleuropa-extremer-und-chaotischer\/#article","isPartOf":{"@id":"https:\/\/www.sonnenseite.com\/de\/umwelt\/hitzewellen-in-nord-und-mitteleuropa-extremer-und-chaotischer\/"},"author":{"name":"Bigi Alt","@id":"https:\/\/www.sonnenseite.com\/de\/#\/schema\/person\/50fda0e926597684c7cc6695238a4eb9"},"headline":"Hitzewellen in Nord- und Mitteleuropa extremer und chaotischer","datePublished":"2025-11-03T01:29:00+00:00","mainEntityOfPage":{"@id":"https:\/\/www.sonnenseite.com\/de\/umwelt\/hitzewellen-in-nord-und-mitteleuropa-extremer-und-chaotischer\/"},"wordCount":662,"publisher":{"@id":"https:\/\/www.sonnenseite.com\/de\/#organization"},"image":{"@id":"https:\/\/www.sonnenseite.com\/de\/umwelt\/hitzewellen-in-nord-und-mitteleuropa-extremer-und-chaotischer\/#primaryimage"},"thumbnailUrl":"https:\/\/www.sonnenseite.com\/wp-content\/uploads\/2025\/11\/Forggensse_trocken_Alexander-Hauk.jpg","articleSection":["Umwelt"],"inLanguage":"de"},{"@type":"WebPage","@id":"https:\/\/www.sonnenseite.com\/de\/umwelt\/hitzewellen-in-nord-und-mitteleuropa-extremer-und-chaotischer\/","url":"https:\/\/www.sonnenseite.com\/de\/umwelt\/hitzewellen-in-nord-und-mitteleuropa-extremer-und-chaotischer\/","name":"Hitzewellen in Nord- und Mitteleuropa extremer und chaotischer - Sonnenseite - \u00d6kologische Kommunikation mit Franz Alt","isPartOf":{"@id":"https:\/\/www.sonnenseite.com\/de\/#website"},"primaryImageOfPage":{"@id":"https:\/\/www.sonnenseite.com\/de\/umwelt\/hitzewellen-in-nord-und-mitteleuropa-extremer-und-chaotischer\/#primaryimage"},"image":{"@id":"https:\/\/www.sonnenseite.com\/de\/umwelt\/hitzewellen-in-nord-und-mitteleuropa-extremer-und-chaotischer\/#primaryimage"},"thumbnailUrl":"https:\/\/www.sonnenseite.com\/wp-content\/uploads\/2025\/11\/Forggensse_trocken_Alexander-Hauk.jpg","datePublished":"2025-11-03T01:29:00+00:00","description":"Durch den Klimawandel werden Hitzewellen in Europa nicht nur h\u00e4ufiger und hei\u00dfer, sondern auch unberechenbarer. Ein internationales Team um Klimaforscher","breadcrumb":{"@id":"https:\/\/www.sonnenseite.com\/de\/umwelt\/hitzewellen-in-nord-und-mitteleuropa-extremer-und-chaotischer\/#breadcrumb"},"inLanguage":"de","potentialAction":[{"@type":"ReadAction","target":["https:\/\/www.sonnenseite.com\/de\/umwelt\/hitzewellen-in-nord-und-mitteleuropa-extremer-und-chaotischer\/"]}]},{"@type":"ImageObject","inLanguage":"de","@id":"https:\/\/www.sonnenseite.com\/de\/umwelt\/hitzewellen-in-nord-und-mitteleuropa-extremer-und-chaotischer\/#primaryimage","url":"https:\/\/www.sonnenseite.com\/wp-content\/uploads\/2025\/11\/Forggensse_trocken_Alexander-Hauk.jpg","contentUrl":"https:\/\/www.sonnenseite.com\/wp-content\/uploads\/2025\/11\/Forggensse_trocken_Alexander-Hauk.jpg","width":770,"height":420,"caption":"pixelio.de | Alexander-Hauk | Forggensse - F\u00fcr die Anpassung an den Klimawandel bedeutet das: Es reicht nicht mehr, nur auf steigende Durchschnittstemperaturen zu reagieren. L\u00e4nder wie Deutschland m\u00fcssen sich auf eine mehr Unberechenbarkeit einstellen."},{"@type":"BreadcrumbList","@id":"https:\/\/www.sonnenseite.com\/de\/umwelt\/hitzewellen-in-nord-und-mitteleuropa-extremer-und-chaotischer\/#breadcrumb","itemListElement":[{"@type":"ListItem","position":1,"name":"Startseite","item":"https:\/\/www.sonnenseite.com\/de\/"},{"@type":"ListItem","position":2,"name":"Hitzewellen in Nord- und Mitteleuropa extremer und chaotischer"}]},{"@type":"WebSite","@id":"https:\/\/www.sonnenseite.com\/de\/#website","url":"https:\/\/www.sonnenseite.com\/de\/","name":"Sonnenseite","description":"\u00d6kologische Kommunikation mit Franz Alt","publisher":{"@id":"https:\/\/www.sonnenseite.com\/de\/#organization"},"potentialAction":[{"@type":"SearchAction","target":{"@type":"EntryPoint","urlTemplate":"https:\/\/www.sonnenseite.com\/de\/?s={search_term_string}"},"query-input":{"@type":"PropertyValueSpecification","valueRequired":true,"valueName":"search_term_string"}}],"inLanguage":"de"},{"@type":"Organization","@id":"https:\/\/www.sonnenseite.com\/de\/#organization","name":"Sonnenseite","url":"https:\/\/www.sonnenseite.com\/de\/","logo":{"@type":"ImageObject","inLanguage":"de","@id":"https:\/\/www.sonnenseite.com\/de\/#\/schema\/logo\/image\/","url":"https:\/\/www.sonnenseite.com\/wp-content\/uploads\/2020\/05\/Sonnenseite_Logo.png","contentUrl":"https:\/\/www.sonnenseite.com\/wp-content\/uploads\/2020\/05\/Sonnenseite_Logo.png","width":377,"height":90,"caption":"Sonnenseite"},"image":{"@id":"https:\/\/www.sonnenseite.com\/de\/#\/schema\/logo\/image\/"},"sameAs":["https:\/\/www.facebook.com\/pages\/Franz-Alt-SONNENSEITECOM\/221072987903953?fref=ts","https:\/\/x.com\/franzalt","http:\/\/www.youtube.com\/results?search_query&amp;amp;quot;franz_alt&amp;amp;quot;&amp;amp;amp;amp;search_type&amp;amp;amp;amp;aq=f"]},{"@type":"Person","@id":"https:\/\/www.sonnenseite.com\/de\/#\/schema\/person\/50fda0e926597684c7cc6695238a4eb9","name":"Bigi Alt"}]}},"_links":{"self":[{"href":"https:\/\/www.sonnenseite.com\/de\/wp-json\/wp\/v2\/posts\/110618","targetHints":{"allow":["GET"]}}],"collection":[{"href":"https:\/\/www.sonnenseite.com\/de\/wp-json\/wp\/v2\/posts"}],"about":[{"href":"https:\/\/www.sonnenseite.com\/de\/wp-json\/wp\/v2\/types\/post"}],"author":[{"embeddable":true,"href":"https:\/\/www.sonnenseite.com\/de\/wp-json\/wp\/v2\/users\/3"}],"replies":[{"embeddable":true,"href":"https:\/\/www.sonnenseite.com\/de\/wp-json\/wp\/v2\/comments?post=110618"}],"version-history":[{"count":1,"href":"https:\/\/www.sonnenseite.com\/de\/wp-json\/wp\/v2\/posts\/110618\/revisions"}],"predecessor-version":[{"id":110619,"href":"https:\/\/www.sonnenseite.com\/de\/wp-json\/wp\/v2\/posts\/110618\/revisions\/110619"}],"wp:featuredmedia":[{"embeddable":true,"href":"https:\/\/www.sonnenseite.com\/de\/wp-json\/wp\/v2\/media\/110620"}],"wp:attachment":[{"href":"https:\/\/www.sonnenseite.com\/de\/wp-json\/wp\/v2\/media?parent=110618"}],"wp:term":[{"taxonomy":"category","embeddable":true,"href":"https:\/\/www.sonnenseite.com\/de\/wp-json\/wp\/v2\/categories?post=110618"},{"taxonomy":"post_tag","embeddable":true,"href":"https:\/\/www.sonnenseite.com\/de\/wp-json\/wp\/v2\/tags?post=110618"}],"curies":[{"name":"wp","href":"https:\/\/api.w.org\/{rel}","templated":true}]}}