{"id":110675,"date":"2025-11-05T11:14:26","date_gmt":"2025-11-05T10:14:26","guid":{"rendered":"https:\/\/www.sonnenseite.com\/?p=110675"},"modified":"2025-11-05T11:14:34","modified_gmt":"2025-11-05T10:14:34","slug":"klimafaktenpapier-2025-der-forschungsstand-zur-globalen-erwaermung-in-kompakter-form","status":"publish","type":"post","link":"https:\/\/www.sonnenseite.com\/de\/umwelt\/klimafaktenpapier-2025-der-forschungsstand-zur-globalen-erwaermung-in-kompakter-form\/","title":{"rendered":"Klimafaktenpapier 2025: Der Forschungsstand zur globalen Erw\u00e4rmung in kompakter Form"},"content":{"rendered":"\n<p>Seit f\u00fcnf Jahren ver\u00f6ffentlichen wir gemeinsam mit anderen Institutionen eine regelm\u00e4\u00dfig aktualisierte Forschungszusammenfassung. Sie dokumentiert die massiven Ver\u00e4nderungen des Klimasystems \u2013 und eine breite Unterst\u00fctzung in der Bev\u00f6lkerung f\u00fcr ambitionierte Klimapolitik.<\/p>\n\n\n<div class=\"wp-block-image\">\n<figure class=\"alignleft size-full is-resized\"><a href=\"https:\/\/www.sonnenseite.com\/wp-content\/uploads\/2025\/11\/klimafakten-klimafaktenpapier2025-report.png\"><img loading=\"lazy\" decoding=\"async\" width=\"522\" height=\"727\" src=\"https:\/\/www.sonnenseite.com\/wp-content\/uploads\/2025\/11\/klimafakten-klimafaktenpapier2025-report.png\" alt=\"\" class=\"wp-image-110680\" style=\"width:298px;height:auto\" srcset=\"https:\/\/www.sonnenseite.com\/wp-content\/uploads\/2025\/11\/klimafakten-klimafaktenpapier2025-report.png 522w, https:\/\/www.sonnenseite.com\/wp-content\/uploads\/2025\/11\/klimafakten-klimafaktenpapier2025-report-215x300.png 215w\" sizes=\"auto, (max-width: 522px) 100vw, 522px\" \/><\/a><\/figure>\n<\/div>\n\n\n<p><a href=\"https:\/\/www.klimafakten.de\/sites\/default\/files\/2025-11\/Klimafaktenpapier2025.pdf\" target=\"_blank\" rel=\"noreferrer noopener\"><\/a>Die globale Erw\u00e4rmung schreitet weiterhin schnell und ungebremst voran. Mehrere Indikatoren haben in diesem oder dem vergangenen Jahr Rekordwerte erreicht. Das geht aus dem <a href=\"https:\/\/www.klimafakten.de\/kommunikation\/was-wir-heute-uebers-klima-wissen-basisfakten-zum-klimawandel-die-der-wissenschaft\" target=\"_blank\" rel=\"noreferrer noopener\">Klimafaktenpapier hervor, einer Zusammenfassung des aktuellen Wissensstandes zum Klimawandel<\/a>. Vorgelegt wird das Papier von sechs f\u00fchrenden Organisationen der Klimaforschung und -kommunikation anl\u00e4sslich der diesj\u00e4hrigen UN-Klimakonferenz. Das Klimafaktenpapier erscheint seit 2020 und wird regelm\u00e4\u00dfig aktualisiert.<\/p>\n\n\n\n<p>Erstmals enth\u00e4lt das Klimafaktenpapier neben naturwissenschaftlichen Daten auch Befunde aus den Sozialwissenschaften. \u201eDie Sorge um das Klima bleibt in der Gesellschaft weiterhin gro\u00df. Eine repr\u00e4sentative Umfrage unter rund 130.000 Personen in 125 L\u00e4ndern zeigte, dass sich weltweit 89 Prozent der Menschen von ihren Regierungen eine ambitionierte Klimapolitik w\u00fcnschen\u201c, sagt Thomas Hickler, Vorstand des Deutschen Klima-Konsortiums (DKK) und Professor am Senckenberg Biodiversit\u00e4t und Klima Forschungszentrum in Frankfurt am Main.<\/p>\n\n\n\n<blockquote class=\"wp-block-quote is-layout-flow wp-block-quote-is-layout-flow\">\n<p>\u201eDie Sorge um das Klima ist in der Gesellschaft weiterhin gro\u00df. Eine repr\u00e4sentative Umfrage unter rund 130.000 Personen in 125 L\u00e4ndern zeigte, dass sich weltweit 89 Prozent der Menschen von ihren Regierungen eine ambitionierte Klimapolitik w\u00fcnschen.\u201c<\/p>\n<\/blockquote>\n\n\n\n<p>Die Daten zeigen: Seit fast 50 Jahren war jedes Jahr w\u00e4rmer als der Durchschnitt des 20. Jahrhunderts. Zudem traten die zehn global w\u00e4rmsten Jahre seit Beginn der Aufzeichnungen s\u00e4mtlich in den vergangenen zehn Jahren auf \u2013 mit 2024 als j\u00fcngstem Rekordjahr. Laut dem Copernicus-Klimadienst ist Europa der Kontinent, der sich am schnellsten erw\u00e4rmt. \u201eWir sehen seit Jahren die Auswirkungen des Klimawandels wie etwa eine Zunahme von extremen Wetterereignissen. Wir sehen aber auch die bisher erzielten Erfolge des Klimaschutzes, auf die es aufzubauen gilt. Jedes vermiedene Zehntelgrad Erderw\u00e4rmung hilft und leistet nicht zuletzt einen Beitrag zur Reduzierung der andernfalls enormen Kosten der Klimaanpassung\u201c, betont Andreas Becker, Leiter der Abteilung Klima\u00fcberwachung des Deutschen Wetterdienstes (DWD).<\/p>\n\n\n\n<h4 class=\"wp-block-heading\">Das Eis schwindet, die Meere schwellen an, Extremwetter nehmen zu<\/h4>\n\n\n\n<p>\u201eWir beobachten, dass weltweit Meer- und Festlandeis schrumpfen, der Anstieg des Meeresspiegels sich beschleunigt und Wetterextreme wie Hitzewellen, D\u00fcrren und Starkregen zunehmen\u201c, so Professor Hans-Otto P\u00f6rtner vom Alfred-Wegener-Institut, Helmholtz-Zentrum f\u00fcr Polar- und Meeresforschung (AWI). Gleichzeitig bleibt die aktuelle Klimapolitik hinter den aus dem Pariser Abkommen abgeleiteten Klimazielen zur\u00fcck; die 1,5 Grad-Grenze wird nach wissenschaftlicher Einsch\u00e4tzung innerhalb des n\u00e4chsten Jahrzehnts \u00fcberschritten.<\/p>\n\n\n<div class=\"wp-block-image\">\n<figure class=\"aligncenter size-large is-resized\"><a href=\"https:\/\/www.sonnenseite.com\/wp-content\/uploads\/2025\/11\/klimafakten-klimafaktenpapier2025.webp\"><img loading=\"lazy\" decoding=\"async\" width=\"1024\" height=\"718\" src=\"https:\/\/www.sonnenseite.com\/wp-content\/uploads\/2025\/11\/klimafakten-klimafaktenpapier2025-1024x718.webp\" alt=\"\" class=\"wp-image-110676\" style=\"width:524px;height:auto\" srcset=\"https:\/\/www.sonnenseite.com\/wp-content\/uploads\/2025\/11\/klimafakten-klimafaktenpapier2025-1024x718.webp 1024w, https:\/\/www.sonnenseite.com\/wp-content\/uploads\/2025\/11\/klimafakten-klimafaktenpapier2025-300x210.webp 300w, https:\/\/www.sonnenseite.com\/wp-content\/uploads\/2025\/11\/klimafakten-klimafaktenpapier2025-768x539.webp 768w, https:\/\/www.sonnenseite.com\/wp-content\/uploads\/2025\/11\/klimafakten-klimafaktenpapier2025-1536x1078.webp 1536w, https:\/\/www.sonnenseite.com\/wp-content\/uploads\/2025\/11\/klimafakten-klimafaktenpapier2025-2048x1437.webp 2048w\" sizes=\"auto, (max-width: 1024px) 100vw, 1024px\" \/><\/a><\/figure>\n<\/div>\n\n\n<p>Bei einem weiteren Temperaturanstieg steigen auch die Risiken erheblich, dass es zu abrupten, unumkehrbaren und sich teils selbst verst\u00e4rkenden Ver\u00e4nderungen kommt. Auch k\u00f6nnen sogenannte Kipppunkten im Erd- und <a href=\"https:\/\/www.klimafakten.de\/overlay\/glossar\/584\">Klimasystem<\/a> erreicht werden. \u201eDie tropischen Korallenriffe haben wir vermutlich bereits verloren\u201c, sagt Frank B\u00f6ttcher, Veranstalter des ExtremWetterKongresses. \u201eSp\u00e4testens ab 1,5 Grad Erw\u00e4rmung betreten wir auch bei weiteren Kippelementen, etwa den Eisschilden auf Gr\u00f6nland und der Antarktis oder der Atlantischen Umw\u00e4lzzirkulation, den Hochrisikobereich.\u201c<\/p>\n\n\n\n<p>\u201eAngesichts des Forschungsstandes zum Klima ist es gef\u00e4hrlich, bestehende Klimaschutzinstrumente, die auf EU-Ebene bereits beschlossen wurden, wieder in Frage zu stellen\u201c, betont Carel Mohn, Gesch\u00e4ftsf\u00fchrer des Wissenschaftsportals Klimafakten. \u201eGanz im Gegenteil br\u00e4uchte es noch entschlossenere und ambitioniertere Politiken als bisher, um sich an bereits unvermeidliche Klimaver\u00e4nderungen anzupassen und mit dem Aussto\u00df von Treibhausgasen aufzuh\u00f6ren.\u201c<\/p>\n\n\n<div class=\"wp-block-image\">\n<figure class=\"aligncenter size-large is-resized\"><a href=\"https:\/\/www.sonnenseite.com\/wp-content\/uploads\/2025\/11\/klimafaktenpapier2025_top10waermstejahre.webp\"><img loading=\"lazy\" decoding=\"async\" width=\"1024\" height=\"583\" src=\"https:\/\/www.sonnenseite.com\/wp-content\/uploads\/2025\/11\/klimafaktenpapier2025_top10waermstejahre-1024x583.webp\" alt=\"\" class=\"wp-image-110678\" style=\"width:578px;height:auto\" srcset=\"https:\/\/www.sonnenseite.com\/wp-content\/uploads\/2025\/11\/klimafaktenpapier2025_top10waermstejahre-1024x583.webp 1024w, https:\/\/www.sonnenseite.com\/wp-content\/uploads\/2025\/11\/klimafaktenpapier2025_top10waermstejahre-300x171.webp 300w, https:\/\/www.sonnenseite.com\/wp-content\/uploads\/2025\/11\/klimafaktenpapier2025_top10waermstejahre-768x437.webp 768w, https:\/\/www.sonnenseite.com\/wp-content\/uploads\/2025\/11\/klimafaktenpapier2025_top10waermstejahre-1536x874.webp 1536w, https:\/\/www.sonnenseite.com\/wp-content\/uploads\/2025\/11\/klimafaktenpapier2025_top10waermstejahre.webp 1829w\" sizes=\"auto, (max-width: 1024px) 100vw, 1024px\" \/><\/a><\/figure>\n<\/div>\n\n\n<p>Das Klimafaktenpapier wurde erstmals 2020 ver\u00f6ffentlicht und jetzt zum vierten Mal aktualisiert. Herausgeber sind das Deutsche Klimakonsortium (DKK), die Deutsche Meteorologische Gesellschaft (DMG), der Deutsche Wetterdienst (DWD), der ExtremWetterKongress Hamburg, die Dialog-Plattform Helmholtz-Klima sowie Klimafakten. Basis des Papiers sind Synthesereports, etwa der Sechste Sachstandsbericht des <a href=\"https:\/\/www.klimafakten.de\/overlay\/glossar\/610\">IPCC<\/a>, ausgew\u00e4hlte Studien aus der begutachteten Forschungsliteratur und Beobachtungsdaten von wissenschaftlichen Monitoringdiensten, u. a. von den im DKK und im Helmholtz-Forschungsverbund zusammengeschlossenen Einrichtungen, von meteorologischen Institutionen wie der US-amerikanischen NOAA, der WMO oder dem DWD.&nbsp;<\/p>\n\n\n\n<p>&#8222;Das Dokument hat sich mittlerweile zu einem exzellenten Referenzpapier entwickelt, das auch und insbesondere Laien die wichtigsten Fakten und die hohe Brisanz des aktuellen Klimawandels auf wenigen Seiten nahebringt&#8220;, sagt Prof. Dr. Clemens Simmer, Vorsitzender Deutsche Meteorologische Gesellschaft.<\/p>\n\n\n\n<ul class=\"wp-block-list\">\n<li>Die aktuelle Version des Dokuments gibt es <a href=\"https:\/\/www.klimafakten.de\/kommunikation\/klimafaktenpapier-basisfakten-zum-klimawandel-die-der-wissenschaft-unumstritten-sind\" target=\"_blank\" rel=\"noreferrer noopener\">hier zum Herunterladen<\/a><\/li>\n<\/ul>\n\n\n<h5 class=\"green\">Quelle<\/h5>\r\n\n\n\n<p><a href=\"https:\/\/www.klimafakten.de\/kommunikation\/klimafaktenpapier-jetzt-aktualisiert-der-forschungsstand-zur-globalen-erwaermung\">Klimafakten 2025<\/a><\/p>\n<div class=\"shariff shariff-align-flex-start shariff-widget-align-flex-start\"><div class=\"ShariffHeadline\">Diese Meldung teilen<\/div><ul class=\"shariff-buttons theme-round orientation-horizontal buttonsize-medium\"><li class=\"shariff-button facebook shariff-nocustomcolor\" style=\"background-color:#4273c8;border-radius:1%\"><a href=\"https:\/\/www.facebook.com\/sharer\/sharer.php?u=https%3A%2F%2Fwww.sonnenseite.com%2Fde%2Fumwelt%2Fklimafaktenpapier-2025-der-forschungsstand-zur-globalen-erwaermung-in-kompakter-form%2F\" title=\"Bei Facebook teilen\" aria-label=\"Bei Facebook teilen\" role=\"button\" rel=\"nofollow\" class=\"shariff-link\" style=\";border-radius:1%; background-color:#3b5998; color:#fff\" target=\"_blank\"><span class=\"shariff-icon\" style=\"\"><svg width=\"32px\" height=\"20px\" xmlns=\"http:\/\/www.w3.org\/2000\/svg\" viewBox=\"0 0 18 32\"><path fill=\"#3b5998\" d=\"M17.1 0.2v4.7h-2.8q-1.5 0-2.1 0.6t-0.5 1.9v3.4h5.2l-0.7 5.3h-4.5v13.6h-5.5v-13.6h-4.5v-5.3h4.5v-3.9q0-3.3 1.9-5.2t5-1.8q2.6 0 4.1 0.2z\"\/><\/svg><\/span><\/a><\/li><li class=\"shariff-button twitter shariff-nocustomcolor\" style=\"background-color:#595959;border-radius:1%\"><a href=\"https:\/\/twitter.com\/share?url=https%3A%2F%2Fwww.sonnenseite.com%2Fde%2Fumwelt%2Fklimafaktenpapier-2025-der-forschungsstand-zur-globalen-erwaermung-in-kompakter-form%2F&text=Klimafaktenpapier%202025%3A%20Der%20Forschungsstand%20zur%20globalen%20Erw%C3%A4rmung%20in%20kompakter%20Form\" title=\"Bei X teilen\" aria-label=\"Bei X teilen\" role=\"button\" rel=\"noopener nofollow\" class=\"shariff-link\" style=\";border-radius:1%; background-color:#000; color:#fff\" target=\"_blank\"><span class=\"shariff-icon\" style=\"\"><svg width=\"32px\" height=\"20px\" xmlns=\"http:\/\/www.w3.org\/2000\/svg\" viewBox=\"0 0 24 24\"><path fill=\"#000\" d=\"M14.258 10.152L23.176 0h-2.113l-7.747 8.813L7.133 0H0l9.352 13.328L0 23.973h2.113l8.176-9.309 6.531 9.309h7.133zm-2.895 3.293l-.949-1.328L2.875 1.56h3.246l6.086 8.523.945 1.328 7.91 11.078h-3.246zm0 0\"\/><\/svg><\/span><\/a><\/li><li class=\"shariff-button xing shariff-nocustomcolor\" style=\"background-color:#29888a;border-radius:1%\"><a href=\"https:\/\/www.xing.com\/spi\/shares\/new?url=https%3A%2F%2Fwww.sonnenseite.com%2Fde%2Fumwelt%2Fklimafaktenpapier-2025-der-forschungsstand-zur-globalen-erwaermung-in-kompakter-form%2F\" title=\"Bei XING teilen\" aria-label=\"Bei XING teilen\" role=\"button\" rel=\"noopener nofollow\" class=\"shariff-link\" style=\";border-radius:1%; background-color:#126567; color:#fff\" target=\"_blank\"><span class=\"shariff-icon\" style=\"\"><svg width=\"32px\" height=\"20px\" xmlns=\"http:\/\/www.w3.org\/2000\/svg\" viewBox=\"0 0 25 32\"><path fill=\"#126567\" d=\"M10.7 11.9q-0.2 0.3-4.6 8.2-0.5 0.8-1.2 0.8h-4.3q-0.4 0-0.5-0.3t0-0.6l4.5-8q0 0 0 0l-2.9-5q-0.2-0.4 0-0.7 0.2-0.3 0.5-0.3h4.3q0.7 0 1.2 0.8zM25.1 0.4q0.2 0.3 0 0.7l-9.4 16.7 6 11q0.2 0.4 0 0.6-0.2 0.3-0.6 0.3h-4.3q-0.7 0-1.2-0.8l-6-11.1q0.3-0.6 9.5-16.8 0.4-0.8 1.2-0.8h4.3q0.4 0 0.5 0.3z\"\/><\/svg><\/span><\/a><\/li><li class=\"shariff-button linkedin shariff-nocustomcolor\" style=\"background-color:#1488bf;border-radius:1%\"><a href=\"https:\/\/www.linkedin.com\/sharing\/share-offsite\/?url=https%3A%2F%2Fwww.sonnenseite.com%2Fde%2Fumwelt%2Fklimafaktenpapier-2025-der-forschungsstand-zur-globalen-erwaermung-in-kompakter-form%2F\" title=\"Bei LinkedIn teilen\" aria-label=\"Bei LinkedIn teilen\" role=\"button\" rel=\"noopener nofollow\" class=\"shariff-link\" style=\";border-radius:1%; background-color:#0077b5; color:#fff\" target=\"_blank\"><span class=\"shariff-icon\" style=\"\"><svg width=\"32px\" height=\"20px\" xmlns=\"http:\/\/www.w3.org\/2000\/svg\" viewBox=\"0 0 27 32\"><path fill=\"#0077b5\" d=\"M6.2 11.2v17.7h-5.9v-17.7h5.9zM6.6 5.7q0 1.3-0.9 2.2t-2.4 0.9h0q-1.5 0-2.4-0.9t-0.9-2.2 0.9-2.2 2.4-0.9 2.4 0.9 0.9 2.2zM27.4 18.7v10.1h-5.9v-9.5q0-1.9-0.7-2.9t-2.3-1.1q-1.1 0-1.9 0.6t-1.2 1.5q-0.2 0.5-0.2 1.4v9.9h-5.9q0-7.1 0-11.6t0-5.3l0-0.9h5.9v2.6h0q0.4-0.6 0.7-1t1-0.9 1.6-0.8 2-0.3q3 0 4.9 2t1.9 6z\"\/><\/svg><\/span><\/a><\/li><li class=\"shariff-button printer shariff-nocustomcolor\" style=\"background-color:#a8a8a8;border-radius:1%\"><a href=\"javascript:window.print()\" title=\"drucken\" aria-label=\"drucken\" role=\"button\" rel=\"noopener nofollow\" class=\"shariff-link\" style=\";border-radius:1%; background-color:#999; color:#fff\"><span class=\"shariff-icon\" style=\"\"><svg width=\"32px\" height=\"20px\" xmlns=\"http:\/\/www.w3.org\/2000\/svg\" viewBox=\"0 0 30 32\"><path fill=\"#999\" d=\"M6.8 27.4h16v-4.6h-16v4.6zM6.8 16h16v-6.8h-2.8q-0.7 0-1.2-0.5t-0.5-1.2v-2.8h-11.4v11.4zM27.4 17.2q0-0.5-0.3-0.8t-0.8-0.4-0.8 0.4-0.3 0.8 0.3 0.8 0.8 0.3 0.8-0.3 0.3-0.8zM29.7 17.2v7.4q0 0.2-0.2 0.4t-0.4 0.2h-4v2.8q0 0.7-0.5 1.2t-1.2 0.5h-17.2q-0.7 0-1.2-0.5t-0.5-1.2v-2.8h-4q-0.2 0-0.4-0.2t-0.2-0.4v-7.4q0-1.4 1-2.4t2.4-1h1.2v-9.7q0-0.7 0.5-1.2t1.2-0.5h12q0.7 0 1.6 0.4t1.3 0.8l2.7 2.7q0.5 0.5 0.9 1.4t0.4 1.6v4.6h1.1q1.4 0 2.4 1t1 2.4z\"\/><\/svg><\/span><\/a><\/li><li class=\"shariff-button mailto shariff-nocustomcolor\" style=\"background-color:#a8a8a8;border-radius:1%\"><a href=\"mailto:?body=https%3A%2F%2Fwww.sonnenseite.com%2Fde%2Fumwelt%2Fklimafaktenpapier-2025-der-forschungsstand-zur-globalen-erwaermung-in-kompakter-form%2F&subject=Klimafaktenpapier%202025%3A%20Der%20Forschungsstand%20zur%20globalen%20Erw%C3%A4rmung%20in%20kompakter%20Form\" title=\"Per E-Mail versenden\" aria-label=\"Per E-Mail versenden\" role=\"button\" rel=\"noopener nofollow\" class=\"shariff-link\" style=\";border-radius:1%; background-color:#999; color:#fff\"><span class=\"shariff-icon\" style=\"\"><svg width=\"32px\" height=\"20px\" xmlns=\"http:\/\/www.w3.org\/2000\/svg\" viewBox=\"0 0 32 32\"><path fill=\"#999\" d=\"M32 12.7v14.2q0 1.2-0.8 2t-2 0.9h-26.3q-1.2 0-2-0.9t-0.8-2v-14.2q0.8 0.9 1.8 1.6 6.5 4.4 8.9 6.1 1 0.8 1.6 1.2t1.7 0.9 2 0.4h0.1q0.9 0 2-0.4t1.7-0.9 1.6-1.2q3-2.2 8.9-6.1 1-0.7 1.8-1.6zM32 7.4q0 1.4-0.9 2.7t-2.2 2.2q-6.7 4.7-8.4 5.8-0.2 0.1-0.7 0.5t-1 0.7-0.9 0.6-1.1 0.5-0.9 0.2h-0.1q-0.4 0-0.9-0.2t-1.1-0.5-0.9-0.6-1-0.7-0.7-0.5q-1.6-1.1-4.7-3.2t-3.6-2.6q-1.1-0.7-2.1-2t-1-2.5q0-1.4 0.7-2.3t2.1-0.9h26.3q1.2 0 2 0.8t0.9 2z\"\/><\/svg><\/span><\/a><\/li><\/ul><\/div>","protected":false},"excerpt":{"rendered":"<p>Seit f\u00fcnf Jahren ver\u00f6ffentlichen wir gemeinsam mit anderen Institutionen eine regelm\u00e4\u00dfig aktualisierte Forschungszusammenfassung. Sie dokumentiert die [&hellip;]<\/p>\n","protected":false},"author":3,"featured_media":83578,"comment_status":"closed","ping_status":"closed","sticky":false,"template":"","format":"standard","meta":{"inline_featured_image":false,"footnotes":""},"categories":[23],"tags":[],"class_list":["post-110675","post","type-post","status-publish","format-standard","has-post-thumbnail","hentry","category-umwelt"],"yoast_head":"<!-- This site is optimized with the Yoast SEO plugin v26.5 - https:\/\/yoast.com\/wordpress\/plugins\/seo\/ -->\n<title>Klimafaktenpapier 2025: Der Forschungsstand zur globalen Erw\u00e4rmung in kompakter Form - Sonnenseite - \u00d6kologische Kommunikation mit Franz Alt<\/title>\n<meta name=\"description\" content=\"Seit f\u00fcnf Jahren ver\u00f6ffentlichen wir gemeinsam mit anderen Institutionen eine regelm\u00e4\u00dfig aktualisierte Forschungszusammenfassung. Sie dokumentiert die\" \/>\n<meta name=\"robots\" content=\"index, follow, max-snippet:-1, max-image-preview:large, max-video-preview:-1\" \/>\n<link rel=\"canonical\" href=\"https:\/\/www.sonnenseite.com\/de\/umwelt\/klimafaktenpapier-2025-der-forschungsstand-zur-globalen-erwaermung-in-kompakter-form\/\" \/>\n<meta property=\"og:locale\" content=\"de_DE\" \/>\n<meta property=\"og:type\" content=\"article\" \/>\n<meta property=\"og:title\" content=\"Klimafaktenpapier 2025: Der Forschungsstand zur globalen Erw\u00e4rmung in kompakter Form - Sonnenseite - \u00d6kologische Kommunikation mit Franz Alt\" \/>\n<meta property=\"og:description\" content=\"Seit f\u00fcnf Jahren ver\u00f6ffentlichen wir gemeinsam mit anderen Institutionen eine regelm\u00e4\u00dfig aktualisierte Forschungszusammenfassung. Sie dokumentiert die\" \/>\n<meta property=\"og:url\" content=\"https:\/\/www.sonnenseite.com\/de\/umwelt\/klimafaktenpapier-2025-der-forschungsstand-zur-globalen-erwaermung-in-kompakter-form\/\" \/>\n<meta property=\"og:site_name\" content=\"Sonnenseite\" \/>\n<meta property=\"article:publisher\" content=\"https:\/\/www.facebook.com\/pages\/Franz-Alt-SONNENSEITECOM\/221072987903953?fref=ts\" \/>\n<meta property=\"article:published_time\" content=\"2025-11-05T10:14:26+00:00\" \/>\n<meta property=\"article:modified_time\" content=\"2025-11-05T10:14:34+00:00\" \/>\n<meta property=\"og:image\" content=\"https:\/\/www.sonnenseite.com\/wp-content\/uploads\/2022\/07\/Klimawandel_geralt.jpg\" \/>\n\t<meta property=\"og:image:width\" content=\"770\" \/>\n\t<meta property=\"og:image:height\" content=\"420\" \/>\n\t<meta property=\"og:image:type\" content=\"image\/jpeg\" \/>\n<meta name=\"author\" content=\"Bigi Alt\" \/>\n<meta name=\"twitter:card\" content=\"summary_large_image\" \/>\n<meta name=\"twitter:creator\" content=\"@franzalt\" \/>\n<meta name=\"twitter:site\" content=\"@franzalt\" \/>\n<meta name=\"twitter:label1\" content=\"Verfasst von\" \/>\n\t<meta name=\"twitter:data1\" content=\"Bigi Alt\" \/>\n\t<meta name=\"twitter:label2\" content=\"Gesch\u00e4tzte Lesezeit\" \/>\n\t<meta name=\"twitter:data2\" content=\"5\u00a0Minuten\" \/>\n<script type=\"application\/ld+json\" class=\"yoast-schema-graph\">{\"@context\":\"https:\/\/schema.org\",\"@graph\":[{\"@type\":\"Article\",\"@id\":\"https:\/\/www.sonnenseite.com\/de\/umwelt\/klimafaktenpapier-2025-der-forschungsstand-zur-globalen-erwaermung-in-kompakter-form\/#article\",\"isPartOf\":{\"@id\":\"https:\/\/www.sonnenseite.com\/de\/umwelt\/klimafaktenpapier-2025-der-forschungsstand-zur-globalen-erwaermung-in-kompakter-form\/\"},\"author\":{\"name\":\"Bigi Alt\",\"@id\":\"https:\/\/www.sonnenseite.com\/de\/#\/schema\/person\/50fda0e926597684c7cc6695238a4eb9\"},\"headline\":\"Klimafaktenpapier 2025: Der Forschungsstand zur globalen Erw\u00e4rmung in kompakter Form\",\"datePublished\":\"2025-11-05T10:14:26+00:00\",\"dateModified\":\"2025-11-05T10:14:34+00:00\",\"mainEntityOfPage\":{\"@id\":\"https:\/\/www.sonnenseite.com\/de\/umwelt\/klimafaktenpapier-2025-der-forschungsstand-zur-globalen-erwaermung-in-kompakter-form\/\"},\"wordCount\":674,\"publisher\":{\"@id\":\"https:\/\/www.sonnenseite.com\/de\/#organization\"},\"image\":{\"@id\":\"https:\/\/www.sonnenseite.com\/de\/umwelt\/klimafaktenpapier-2025-der-forschungsstand-zur-globalen-erwaermung-in-kompakter-form\/#primaryimage\"},\"thumbnailUrl\":\"https:\/\/www.sonnenseite.com\/wp-content\/uploads\/2022\/07\/Klimawandel_geralt.jpg\",\"articleSection\":[\"Umwelt\"],\"inLanguage\":\"de\"},{\"@type\":\"WebPage\",\"@id\":\"https:\/\/www.sonnenseite.com\/de\/umwelt\/klimafaktenpapier-2025-der-forschungsstand-zur-globalen-erwaermung-in-kompakter-form\/\",\"url\":\"https:\/\/www.sonnenseite.com\/de\/umwelt\/klimafaktenpapier-2025-der-forschungsstand-zur-globalen-erwaermung-in-kompakter-form\/\",\"name\":\"Klimafaktenpapier 2025: Der Forschungsstand zur globalen Erw\u00e4rmung in kompakter Form - Sonnenseite - \u00d6kologische Kommunikation mit Franz Alt\",\"isPartOf\":{\"@id\":\"https:\/\/www.sonnenseite.com\/de\/#website\"},\"primaryImageOfPage\":{\"@id\":\"https:\/\/www.sonnenseite.com\/de\/umwelt\/klimafaktenpapier-2025-der-forschungsstand-zur-globalen-erwaermung-in-kompakter-form\/#primaryimage\"},\"image\":{\"@id\":\"https:\/\/www.sonnenseite.com\/de\/umwelt\/klimafaktenpapier-2025-der-forschungsstand-zur-globalen-erwaermung-in-kompakter-form\/#primaryimage\"},\"thumbnailUrl\":\"https:\/\/www.sonnenseite.com\/wp-content\/uploads\/2022\/07\/Klimawandel_geralt.jpg\",\"datePublished\":\"2025-11-05T10:14:26+00:00\",\"dateModified\":\"2025-11-05T10:14:34+00:00\",\"description\":\"Seit f\u00fcnf Jahren ver\u00f6ffentlichen wir gemeinsam mit anderen Institutionen eine regelm\u00e4\u00dfig aktualisierte Forschungszusammenfassung. Sie dokumentiert die\",\"breadcrumb\":{\"@id\":\"https:\/\/www.sonnenseite.com\/de\/umwelt\/klimafaktenpapier-2025-der-forschungsstand-zur-globalen-erwaermung-in-kompakter-form\/#breadcrumb\"},\"inLanguage\":\"de\",\"potentialAction\":[{\"@type\":\"ReadAction\",\"target\":[\"https:\/\/www.sonnenseite.com\/de\/umwelt\/klimafaktenpapier-2025-der-forschungsstand-zur-globalen-erwaermung-in-kompakter-form\/\"]}]},{\"@type\":\"ImageObject\",\"inLanguage\":\"de\",\"@id\":\"https:\/\/www.sonnenseite.com\/de\/umwelt\/klimafaktenpapier-2025-der-forschungsstand-zur-globalen-erwaermung-in-kompakter-form\/#primaryimage\",\"url\":\"https:\/\/www.sonnenseite.com\/wp-content\/uploads\/2022\/07\/Klimawandel_geralt.jpg\",\"contentUrl\":\"https:\/\/www.sonnenseite.com\/wp-content\/uploads\/2022\/07\/Klimawandel_geralt.jpg\",\"width\":770,\"height\":420,\"caption\":\"pixabay.com | geralt\"},{\"@type\":\"BreadcrumbList\",\"@id\":\"https:\/\/www.sonnenseite.com\/de\/umwelt\/klimafaktenpapier-2025-der-forschungsstand-zur-globalen-erwaermung-in-kompakter-form\/#breadcrumb\",\"itemListElement\":[{\"@type\":\"ListItem\",\"position\":1,\"name\":\"Startseite\",\"item\":\"https:\/\/www.sonnenseite.com\/de\/\"},{\"@type\":\"ListItem\",\"position\":2,\"name\":\"Klimafaktenpapier 2025: Der Forschungsstand zur globalen Erw\u00e4rmung in kompakter Form\"}]},{\"@type\":\"WebSite\",\"@id\":\"https:\/\/www.sonnenseite.com\/de\/#website\",\"url\":\"https:\/\/www.sonnenseite.com\/de\/\",\"name\":\"Sonnenseite\",\"description\":\"\u00d6kologische Kommunikation mit Franz Alt\",\"publisher\":{\"@id\":\"https:\/\/www.sonnenseite.com\/de\/#organization\"},\"potentialAction\":[{\"@type\":\"SearchAction\",\"target\":{\"@type\":\"EntryPoint\",\"urlTemplate\":\"https:\/\/www.sonnenseite.com\/de\/?s={search_term_string}\"},\"query-input\":{\"@type\":\"PropertyValueSpecification\",\"valueRequired\":true,\"valueName\":\"search_term_string\"}}],\"inLanguage\":\"de\"},{\"@type\":\"Organization\",\"@id\":\"https:\/\/www.sonnenseite.com\/de\/#organization\",\"name\":\"Sonnenseite\",\"url\":\"https:\/\/www.sonnenseite.com\/de\/\",\"logo\":{\"@type\":\"ImageObject\",\"inLanguage\":\"de\",\"@id\":\"https:\/\/www.sonnenseite.com\/de\/#\/schema\/logo\/image\/\",\"url\":\"https:\/\/www.sonnenseite.com\/wp-content\/uploads\/2020\/05\/Sonnenseite_Logo.png\",\"contentUrl\":\"https:\/\/www.sonnenseite.com\/wp-content\/uploads\/2020\/05\/Sonnenseite_Logo.png\",\"width\":377,\"height\":90,\"caption\":\"Sonnenseite\"},\"image\":{\"@id\":\"https:\/\/www.sonnenseite.com\/de\/#\/schema\/logo\/image\/\"},\"sameAs\":[\"https:\/\/www.facebook.com\/pages\/Franz-Alt-SONNENSEITECOM\/221072987903953?fref=ts\",\"https:\/\/x.com\/franzalt\",\"http:\/\/www.youtube.com\/results?search_query&amp;amp;quot;franz_alt&amp;amp;quot;&amp;amp;amp;amp;search_type&amp;amp;amp;amp;aq=f\"]},{\"@type\":\"Person\",\"@id\":\"https:\/\/www.sonnenseite.com\/de\/#\/schema\/person\/50fda0e926597684c7cc6695238a4eb9\",\"name\":\"Bigi Alt\"}]}<\/script>\n<!-- \/ Yoast SEO plugin. -->","yoast_head_json":{"title":"Klimafaktenpapier 2025: Der Forschungsstand zur globalen Erw\u00e4rmung in kompakter Form - Sonnenseite - \u00d6kologische Kommunikation mit Franz Alt","description":"Seit f\u00fcnf Jahren ver\u00f6ffentlichen wir gemeinsam mit anderen Institutionen eine regelm\u00e4\u00dfig aktualisierte Forschungszusammenfassung. Sie dokumentiert die","robots":{"index":"index","follow":"follow","max-snippet":"max-snippet:-1","max-image-preview":"max-image-preview:large","max-video-preview":"max-video-preview:-1"},"canonical":"https:\/\/www.sonnenseite.com\/de\/umwelt\/klimafaktenpapier-2025-der-forschungsstand-zur-globalen-erwaermung-in-kompakter-form\/","og_locale":"de_DE","og_type":"article","og_title":"Klimafaktenpapier 2025: Der Forschungsstand zur globalen Erw\u00e4rmung in kompakter Form - Sonnenseite - \u00d6kologische Kommunikation mit Franz Alt","og_description":"Seit f\u00fcnf Jahren ver\u00f6ffentlichen wir gemeinsam mit anderen Institutionen eine regelm\u00e4\u00dfig aktualisierte Forschungszusammenfassung. Sie dokumentiert die","og_url":"https:\/\/www.sonnenseite.com\/de\/umwelt\/klimafaktenpapier-2025-der-forschungsstand-zur-globalen-erwaermung-in-kompakter-form\/","og_site_name":"Sonnenseite","article_publisher":"https:\/\/www.facebook.com\/pages\/Franz-Alt-SONNENSEITECOM\/221072987903953?fref=ts","article_published_time":"2025-11-05T10:14:26+00:00","article_modified_time":"2025-11-05T10:14:34+00:00","og_image":[{"width":770,"height":420,"url":"https:\/\/www.sonnenseite.com\/wp-content\/uploads\/2022\/07\/Klimawandel_geralt.jpg","type":"image\/jpeg"}],"author":"Bigi Alt","twitter_card":"summary_large_image","twitter_creator":"@franzalt","twitter_site":"@franzalt","twitter_misc":{"Verfasst von":"Bigi Alt","Gesch\u00e4tzte Lesezeit":"5\u00a0Minuten"},"schema":{"@context":"https:\/\/schema.org","@graph":[{"@type":"Article","@id":"https:\/\/www.sonnenseite.com\/de\/umwelt\/klimafaktenpapier-2025-der-forschungsstand-zur-globalen-erwaermung-in-kompakter-form\/#article","isPartOf":{"@id":"https:\/\/www.sonnenseite.com\/de\/umwelt\/klimafaktenpapier-2025-der-forschungsstand-zur-globalen-erwaermung-in-kompakter-form\/"},"author":{"name":"Bigi Alt","@id":"https:\/\/www.sonnenseite.com\/de\/#\/schema\/person\/50fda0e926597684c7cc6695238a4eb9"},"headline":"Klimafaktenpapier 2025: Der Forschungsstand zur globalen Erw\u00e4rmung in kompakter Form","datePublished":"2025-11-05T10:14:26+00:00","dateModified":"2025-11-05T10:14:34+00:00","mainEntityOfPage":{"@id":"https:\/\/www.sonnenseite.com\/de\/umwelt\/klimafaktenpapier-2025-der-forschungsstand-zur-globalen-erwaermung-in-kompakter-form\/"},"wordCount":674,"publisher":{"@id":"https:\/\/www.sonnenseite.com\/de\/#organization"},"image":{"@id":"https:\/\/www.sonnenseite.com\/de\/umwelt\/klimafaktenpapier-2025-der-forschungsstand-zur-globalen-erwaermung-in-kompakter-form\/#primaryimage"},"thumbnailUrl":"https:\/\/www.sonnenseite.com\/wp-content\/uploads\/2022\/07\/Klimawandel_geralt.jpg","articleSection":["Umwelt"],"inLanguage":"de"},{"@type":"WebPage","@id":"https:\/\/www.sonnenseite.com\/de\/umwelt\/klimafaktenpapier-2025-der-forschungsstand-zur-globalen-erwaermung-in-kompakter-form\/","url":"https:\/\/www.sonnenseite.com\/de\/umwelt\/klimafaktenpapier-2025-der-forschungsstand-zur-globalen-erwaermung-in-kompakter-form\/","name":"Klimafaktenpapier 2025: Der Forschungsstand zur globalen Erw\u00e4rmung in kompakter Form - Sonnenseite - \u00d6kologische Kommunikation mit Franz Alt","isPartOf":{"@id":"https:\/\/www.sonnenseite.com\/de\/#website"},"primaryImageOfPage":{"@id":"https:\/\/www.sonnenseite.com\/de\/umwelt\/klimafaktenpapier-2025-der-forschungsstand-zur-globalen-erwaermung-in-kompakter-form\/#primaryimage"},"image":{"@id":"https:\/\/www.sonnenseite.com\/de\/umwelt\/klimafaktenpapier-2025-der-forschungsstand-zur-globalen-erwaermung-in-kompakter-form\/#primaryimage"},"thumbnailUrl":"https:\/\/www.sonnenseite.com\/wp-content\/uploads\/2022\/07\/Klimawandel_geralt.jpg","datePublished":"2025-11-05T10:14:26+00:00","dateModified":"2025-11-05T10:14:34+00:00","description":"Seit f\u00fcnf Jahren ver\u00f6ffentlichen wir gemeinsam mit anderen Institutionen eine regelm\u00e4\u00dfig aktualisierte Forschungszusammenfassung. Sie dokumentiert die","breadcrumb":{"@id":"https:\/\/www.sonnenseite.com\/de\/umwelt\/klimafaktenpapier-2025-der-forschungsstand-zur-globalen-erwaermung-in-kompakter-form\/#breadcrumb"},"inLanguage":"de","potentialAction":[{"@type":"ReadAction","target":["https:\/\/www.sonnenseite.com\/de\/umwelt\/klimafaktenpapier-2025-der-forschungsstand-zur-globalen-erwaermung-in-kompakter-form\/"]}]},{"@type":"ImageObject","inLanguage":"de","@id":"https:\/\/www.sonnenseite.com\/de\/umwelt\/klimafaktenpapier-2025-der-forschungsstand-zur-globalen-erwaermung-in-kompakter-form\/#primaryimage","url":"https:\/\/www.sonnenseite.com\/wp-content\/uploads\/2022\/07\/Klimawandel_geralt.jpg","contentUrl":"https:\/\/www.sonnenseite.com\/wp-content\/uploads\/2022\/07\/Klimawandel_geralt.jpg","width":770,"height":420,"caption":"pixabay.com | geralt"},{"@type":"BreadcrumbList","@id":"https:\/\/www.sonnenseite.com\/de\/umwelt\/klimafaktenpapier-2025-der-forschungsstand-zur-globalen-erwaermung-in-kompakter-form\/#breadcrumb","itemListElement":[{"@type":"ListItem","position":1,"name":"Startseite","item":"https:\/\/www.sonnenseite.com\/de\/"},{"@type":"ListItem","position":2,"name":"Klimafaktenpapier 2025: Der Forschungsstand zur globalen Erw\u00e4rmung in kompakter Form"}]},{"@type":"WebSite","@id":"https:\/\/www.sonnenseite.com\/de\/#website","url":"https:\/\/www.sonnenseite.com\/de\/","name":"Sonnenseite","description":"\u00d6kologische Kommunikation mit Franz Alt","publisher":{"@id":"https:\/\/www.sonnenseite.com\/de\/#organization"},"potentialAction":[{"@type":"SearchAction","target":{"@type":"EntryPoint","urlTemplate":"https:\/\/www.sonnenseite.com\/de\/?s={search_term_string}"},"query-input":{"@type":"PropertyValueSpecification","valueRequired":true,"valueName":"search_term_string"}}],"inLanguage":"de"},{"@type":"Organization","@id":"https:\/\/www.sonnenseite.com\/de\/#organization","name":"Sonnenseite","url":"https:\/\/www.sonnenseite.com\/de\/","logo":{"@type":"ImageObject","inLanguage":"de","@id":"https:\/\/www.sonnenseite.com\/de\/#\/schema\/logo\/image\/","url":"https:\/\/www.sonnenseite.com\/wp-content\/uploads\/2020\/05\/Sonnenseite_Logo.png","contentUrl":"https:\/\/www.sonnenseite.com\/wp-content\/uploads\/2020\/05\/Sonnenseite_Logo.png","width":377,"height":90,"caption":"Sonnenseite"},"image":{"@id":"https:\/\/www.sonnenseite.com\/de\/#\/schema\/logo\/image\/"},"sameAs":["https:\/\/www.facebook.com\/pages\/Franz-Alt-SONNENSEITECOM\/221072987903953?fref=ts","https:\/\/x.com\/franzalt","http:\/\/www.youtube.com\/results?search_query&amp;amp;quot;franz_alt&amp;amp;quot;&amp;amp;amp;amp;search_type&amp;amp;amp;amp;aq=f"]},{"@type":"Person","@id":"https:\/\/www.sonnenseite.com\/de\/#\/schema\/person\/50fda0e926597684c7cc6695238a4eb9","name":"Bigi Alt"}]}},"_links":{"self":[{"href":"https:\/\/www.sonnenseite.com\/de\/wp-json\/wp\/v2\/posts\/110675","targetHints":{"allow":["GET"]}}],"collection":[{"href":"https:\/\/www.sonnenseite.com\/de\/wp-json\/wp\/v2\/posts"}],"about":[{"href":"https:\/\/www.sonnenseite.com\/de\/wp-json\/wp\/v2\/types\/post"}],"author":[{"embeddable":true,"href":"https:\/\/www.sonnenseite.com\/de\/wp-json\/wp\/v2\/users\/3"}],"replies":[{"embeddable":true,"href":"https:\/\/www.sonnenseite.com\/de\/wp-json\/wp\/v2\/comments?post=110675"}],"version-history":[{"count":2,"href":"https:\/\/www.sonnenseite.com\/de\/wp-json\/wp\/v2\/posts\/110675\/revisions"}],"predecessor-version":[{"id":110683,"href":"https:\/\/www.sonnenseite.com\/de\/wp-json\/wp\/v2\/posts\/110675\/revisions\/110683"}],"wp:featuredmedia":[{"embeddable":true,"href":"https:\/\/www.sonnenseite.com\/de\/wp-json\/wp\/v2\/media\/83578"}],"wp:attachment":[{"href":"https:\/\/www.sonnenseite.com\/de\/wp-json\/wp\/v2\/media?parent=110675"}],"wp:term":[{"taxonomy":"category","embeddable":true,"href":"https:\/\/www.sonnenseite.com\/de\/wp-json\/wp\/v2\/categories?post=110675"},{"taxonomy":"post_tag","embeddable":true,"href":"https:\/\/www.sonnenseite.com\/de\/wp-json\/wp\/v2\/tags?post=110675"}],"curies":[{"name":"wp","href":"https:\/\/api.w.org\/{rel}","templated":true}]}}