{"id":110707,"date":"2025-11-07T02:37:00","date_gmt":"2025-11-07T01:37:00","guid":{"rendered":"https:\/\/www.sonnenseite.com\/?p=110707"},"modified":"2025-11-06T12:37:57","modified_gmt":"2025-11-06T11:37:57","slug":"klimawandel-in-den-alpen-schnell-und-gefaehrlich","status":"publish","type":"post","link":"https:\/\/www.sonnenseite.com\/de\/umwelt\/klimawandel-in-den-alpen-schnell-und-gefaehrlich\/","title":{"rendered":"Klimawandel in den Alpen: schnell und gef\u00e4hrlich"},"content":{"rendered":"\n<p>Forschende des SLF gehen zahlreichen Folgen des Klimawandels in den Alpen nach, damit die Menschen dort sich darauf vorbereiten k\u00f6nnen. Denn die stehen vor grossen Herausforderungen. Ihr Lebensraum ver\u00e4ndert sich rasant.<\/p>\n\n\n\n<p>Klimawandel mit Turbo: In den Alpen, mitten in Europa, steigen die Temperaturen doppelt so schnell wie im globalen Durchschnitt. Gletscher schmelzen, Berge br\u00f6ckeln, Tier- und Pflanzenwelt ver\u00e4ndern sich. Mitten im Geschehen erforschen Wissenschafterinnen und Wissenschafter des SLF in Davos, welche Prozesse dabei ablaufen \u2013 und worauf sich die Menschen in den Bergen einstellen m\u00fcssen. Eine \u00dcbersicht \u00fcber aktuelle Forschung des SLF und deren Ergebnisse zu:<\/p>\n\n\n\n<h4 class=\"wp-block-heading\"><br>Alpine Naturgefahren<\/h4>\n\n\n\n<p>Der Klimawandel intensiviert vielerorts Naturgefahren in den Bergen und stellt den Alpenraum damit vor besondere Herausforderungen. Das geht aus einer Studie hervor, die SLF-Permafrost-Experte Samuel Weber und Glaziologin Myl\u00e8ne Jacquemart von der WSL und ETH Z\u00fcrich gemeinsam koordiniert haben. Das internationale Team hat mehr als dreihundert wissenschaftliche Arbeiten aus den vergangenen drei Jahrzehnten ausgewertet. Daher gehen die Forschenden davon aus, dass Steinschl\u00e4ge, Murg\u00e4nge und Bergst\u00fcrze h\u00e4ufiger werden. \u00abDieser Wandel stellt die Gesellschaft im Alpenraum vor grosse Herausforderungen\u00bb, betonen Jacquemart und Weber.<br><\/p>\n\n\n\n<h4 class=\"wp-block-heading\">Permafrost<\/h4>\n\n\n\n<p>Die Temperaturen des Permafrosts nehmen in ganz Europa in den Gebirgsregionen stark zu. Die gr\u00f6sste Erw\u00e4rmung beobachten Forschende an den h\u00f6chstgelegenen und n\u00f6rdlichsten Standorten \u2013 teilweise in zehn Metern Tiefe um mehr als 1 Grad\u00b0 Celsius in den vergangenen zehn Jahren. Belegt haben das mehr als zwanzig Permafrost-Forschende unter der Leitung der SLF-Wissenschafterin Jeannette N\u00f6tzli. 64 Messreihen aus neun europ\u00e4ischen L\u00e4ndern von Spitzbergen im hohen Norden \u00fcber die Alpen bis zur Sierra Nevada in S\u00fcdspanien haben sie daf\u00fcr gesammelt und ausgewertet. Das Ergebnis pr\u00e4sentieren sie in einer Studie . In Berggebieten f\u00fchrt das zu einer Zunahme von Naturgefahren wie Felsst\u00fcrzen und Murg\u00e4ngen.<\/p>\n\n\n\n<h4 class=\"wp-block-heading\"><br>Schneemengen<\/h4>\n\n\n\n<p>Minus acht Zentimeter pro Jahrzehnt: In manchen H\u00f6henlagen der Schweizer Alpen ist die durchschnittliche Schneeh\u00f6he zwischen November und April in den vergangenen Jahrzehnten deutlich kleiner geworden. Das belegen neue Resultate aus dem Projekt SPASS (SPatial Snow climatology for Switzerland), bei dem Forschende des SLF an Hand eines Modells die zeitliche und r\u00e4umliche Entwicklung der Schneedecke in der Schweiz seit 1962 simuliert haben. \u00abWir sehen hier ganz klar die Folgen des Klimawandels\u00bb, sagt Christoph Marty, Klimatologe am WSL-Institut f\u00fcr Schnee- und Lawinenforschung SLF in Davos.<\/p>\n\n\n\n<h4 class=\"wp-block-heading\"><br>Bergfr\u00fchling und Biodiversit\u00e4t<\/h4>\n\n\n\n<p>Pflanzen spriessen immer fr\u00fcher aus der Erde, sobald der Schnee weg ist \u2013 im Schnitt sechs Tage fr\u00fcher als noch vor 25 Jahren. \u00abIm Durchschnitt ist die Umgebungstemperatur nach dem Verschwinden der Schneedecke in Folge des Klimawandels um fast zwei Grad w\u00e4rmer als noch vor 25 Jahren\u00bb, erkl\u00e4rt SLF-Forscher Michael Zehnder. Dadurch werde sich die Biodiversit\u00e4t in den Alpen ver\u00e4ndern. Fehlt die isolierende Schneedecke im Fr\u00fchjahr, k\u00f6nnen B\u00f6den zudem st\u00e4rker durchfrieren und Pflanzen sind extremeren Temperaturen ausgesetzt. Sp\u00e4tfr\u00f6ste k\u00f6nnen sich dann beispielsweise negativ auf den Ertrag an Heidelbeeren auswirken.<\/p>\n\n\n\n<h4 class=\"wp-block-heading\"><br>H\u00f6heren Wohnlagen f\u00fcr Murmeltiere<\/h4>\n\n\n\n<p>Murmeltiere ziehen wegen des Klimawandels um \u2013 aber nicht weit. Das geht aus einer Studie der SLF-Biologin Anne Kempel hervor. Sie hat untersucht, in welcher H\u00f6henlage sich Murmeltiere derzeit \u00fcberwiegend aufhalten, und ihr Ergebnis mit Daten aus dem Jahr 1982 verglichen. Ihre Vermutung: Wegen der vom Klimawandel verursachten, w\u00e4rmeren Temperaturen wandern die Tiere in h\u00f6here Lagen. \u00abDas stimmt so aber nur bedingt\u00bb, sagt die Forscherin.<\/p>\n\n\n\n<h4 class=\"wp-block-heading\"><br>Hitze in Berggew\u00e4ssern<\/h4>\n\n\n\n<p>Die Wassertemperaturen in europ\u00e4ischen Berggew\u00e4ssern steigen seit Jahrzehnten. Der Klimawandel gef\u00e4hrdet damit Wasserqualit\u00e4t, Fische, Industrie- und Stromproduktion \u2013 und h\u00e4lt der Trend an, werden \u00f6kologische Kippunkte erreicht. Klar ist: Die in Zeiten des Klimawandels immer w\u00e4rmer werdende Luft erw\u00e4rmt auch Fliessgew\u00e4sser. Aber das ist nicht der einzige, wichtige Effekt. Bei extremen Wassertemperaturen spielen Bodenfeuchtigkeit, Grund- und Schmelzwasser ebenfalls eine Rolle. SLF-Hydrologin Amber van Hamel hat Zeitreihen aus 177 Gew\u00e4ssern und deren Einzugsgebieten in den Alpen, den Pyren\u00e4en, dem franz\u00f6sischen Zentralmassiv und den Bergen Skandinaviens untersucht : \u00abDie Zahl von Extremereignissen ist deutlich gestiegen.\u00bb<\/p>\n\n\n\n<hr class=\"wp-block-separator has-alpha-channel-opacity\"\/>\n\n\n\n<ul class=\"wp-block-list\">\n<li><a href=\"https:\/\/www.slf.ch\/de\/news\/klimawandel-in-den-alpen-potenziell-bedrohlich\/\">Originalpublikation: Klimawandel in den Alpen: potenziell bedrohlich<\/a><\/li>\n\n\n\n<li><a href=\"https:\/\/www.slf.ch\/de\/news\/klimawandel-fuehrt-zu-mehr-alpinen-gefahren\/\" target=\"_blank\" rel=\"noreferrer noopener\">https:\/\/www.slf.ch\/de\/news\/klimawandel-fuehrt-zu-mehr-alpinen-gefahren\/<\/a> Mehr \u00fcber alpine Naturgefahren<\/li>\n\n\n\n<li><a href=\"https:\/\/www.nature.com\/articles\/s41467-024-54831-9\" target=\"_blank\" rel=\"noreferrer noopener\">https:\/\/www.nature.com\/articles\/s41467-024-54831-9<\/a> Mehr \u00fcber Permafrost<\/li>\n\n\n\n<li><a href=\"https:\/\/www.slf.ch\/de\/news\/bergfruehling-beginnt-immer-frueher\/\" target=\"_blank\" rel=\"noreferrer noopener\">https:\/\/www.slf.ch\/de\/news\/bergfruehling-beginnt-immer-frueher\/<\/a> Mehr \u00fcber den Bergfr\u00fchling<\/li>\n\n\n\n<li><a href=\"https:\/\/www.slf.ch\/de\/news\/klimawandel-laesst-murmeltiere-vorerst-kalt\/\" target=\"_blank\" rel=\"noreferrer noopener\">https:\/\/www.slf.ch\/de\/news\/klimawandel-laesst-murmeltiere-vorerst-kalt\/<\/a> Mehr \u00fcber Murmeltiere<\/li>\n\n\n\n<li><a href=\"https:\/\/agupubs.onlinelibrary.wiley.com\/doi\/10.1029\/2024WR037518\" target=\"_blank\" rel=\"noreferrer noopener\">https:\/\/agupubs.onlinelibrary.wiley.com\/doi\/10.1029\/2024WR037518<\/a> Mehr \u00fcber Hitze in Berggew\u00e4ssern<\/li>\n<\/ul>\n\n\n<h5 class=\"green\">Quelle<\/h5>\r\n\n\n\n<p><a href=\"https:\/\/www.wsl.ch\/de\/\">Eidgen\u00f6ssische Forschungsanstalt f\u00fcr Wald, Schnee und Landschaft WSL 2025<\/a><\/p>\n<div class=\"shariff shariff-align-flex-start shariff-widget-align-flex-start\"><div class=\"ShariffHeadline\">Diese Meldung teilen<\/div><ul class=\"shariff-buttons theme-round orientation-horizontal buttonsize-medium\"><li class=\"shariff-button facebook shariff-nocustomcolor\" style=\"background-color:#4273c8;border-radius:1%\"><a href=\"https:\/\/www.facebook.com\/sharer\/sharer.php?u=https%3A%2F%2Fwww.sonnenseite.com%2Fde%2Fumwelt%2Fklimawandel-in-den-alpen-schnell-und-gefaehrlich%2F\" title=\"Bei Facebook teilen\" aria-label=\"Bei Facebook teilen\" role=\"button\" rel=\"nofollow\" class=\"shariff-link\" style=\";border-radius:1%; background-color:#3b5998; color:#fff\" target=\"_blank\"><span class=\"shariff-icon\" style=\"\"><svg width=\"32px\" height=\"20px\" xmlns=\"http:\/\/www.w3.org\/2000\/svg\" viewBox=\"0 0 18 32\"><path fill=\"#3b5998\" d=\"M17.1 0.2v4.7h-2.8q-1.5 0-2.1 0.6t-0.5 1.9v3.4h5.2l-0.7 5.3h-4.5v13.6h-5.5v-13.6h-4.5v-5.3h4.5v-3.9q0-3.3 1.9-5.2t5-1.8q2.6 0 4.1 0.2z\"\/><\/svg><\/span><\/a><\/li><li class=\"shariff-button twitter shariff-nocustomcolor\" style=\"background-color:#595959;border-radius:1%\"><a href=\"https:\/\/twitter.com\/share?url=https%3A%2F%2Fwww.sonnenseite.com%2Fde%2Fumwelt%2Fklimawandel-in-den-alpen-schnell-und-gefaehrlich%2F&text=Klimawandel%20in%20den%20Alpen%3A%20schnell%20und%20gef%C3%A4hrlich\" title=\"Bei X teilen\" aria-label=\"Bei X teilen\" role=\"button\" rel=\"noopener nofollow\" class=\"shariff-link\" style=\";border-radius:1%; background-color:#000; color:#fff\" target=\"_blank\"><span class=\"shariff-icon\" style=\"\"><svg width=\"32px\" height=\"20px\" xmlns=\"http:\/\/www.w3.org\/2000\/svg\" viewBox=\"0 0 24 24\"><path fill=\"#000\" d=\"M14.258 10.152L23.176 0h-2.113l-7.747 8.813L7.133 0H0l9.352 13.328L0 23.973h2.113l8.176-9.309 6.531 9.309h7.133zm-2.895 3.293l-.949-1.328L2.875 1.56h3.246l6.086 8.523.945 1.328 7.91 11.078h-3.246zm0 0\"\/><\/svg><\/span><\/a><\/li><li class=\"shariff-button xing shariff-nocustomcolor\" style=\"background-color:#29888a;border-radius:1%\"><a href=\"https:\/\/www.xing.com\/spi\/shares\/new?url=https%3A%2F%2Fwww.sonnenseite.com%2Fde%2Fumwelt%2Fklimawandel-in-den-alpen-schnell-und-gefaehrlich%2F\" title=\"Bei XING teilen\" aria-label=\"Bei XING teilen\" role=\"button\" rel=\"noopener nofollow\" class=\"shariff-link\" style=\";border-radius:1%; background-color:#126567; color:#fff\" target=\"_blank\"><span class=\"shariff-icon\" style=\"\"><svg width=\"32px\" height=\"20px\" xmlns=\"http:\/\/www.w3.org\/2000\/svg\" viewBox=\"0 0 25 32\"><path fill=\"#126567\" d=\"M10.7 11.9q-0.2 0.3-4.6 8.2-0.5 0.8-1.2 0.8h-4.3q-0.4 0-0.5-0.3t0-0.6l4.5-8q0 0 0 0l-2.9-5q-0.2-0.4 0-0.7 0.2-0.3 0.5-0.3h4.3q0.7 0 1.2 0.8zM25.1 0.4q0.2 0.3 0 0.7l-9.4 16.7 6 11q0.2 0.4 0 0.6-0.2 0.3-0.6 0.3h-4.3q-0.7 0-1.2-0.8l-6-11.1q0.3-0.6 9.5-16.8 0.4-0.8 1.2-0.8h4.3q0.4 0 0.5 0.3z\"\/><\/svg><\/span><\/a><\/li><li class=\"shariff-button linkedin shariff-nocustomcolor\" style=\"background-color:#1488bf;border-radius:1%\"><a href=\"https:\/\/www.linkedin.com\/sharing\/share-offsite\/?url=https%3A%2F%2Fwww.sonnenseite.com%2Fde%2Fumwelt%2Fklimawandel-in-den-alpen-schnell-und-gefaehrlich%2F\" title=\"Bei LinkedIn teilen\" aria-label=\"Bei LinkedIn teilen\" role=\"button\" rel=\"noopener nofollow\" class=\"shariff-link\" style=\";border-radius:1%; background-color:#0077b5; color:#fff\" target=\"_blank\"><span class=\"shariff-icon\" style=\"\"><svg width=\"32px\" height=\"20px\" xmlns=\"http:\/\/www.w3.org\/2000\/svg\" viewBox=\"0 0 27 32\"><path fill=\"#0077b5\" d=\"M6.2 11.2v17.7h-5.9v-17.7h5.9zM6.6 5.7q0 1.3-0.9 2.2t-2.4 0.9h0q-1.5 0-2.4-0.9t-0.9-2.2 0.9-2.2 2.4-0.9 2.4 0.9 0.9 2.2zM27.4 18.7v10.1h-5.9v-9.5q0-1.9-0.7-2.9t-2.3-1.1q-1.1 0-1.9 0.6t-1.2 1.5q-0.2 0.5-0.2 1.4v9.9h-5.9q0-7.1 0-11.6t0-5.3l0-0.9h5.9v2.6h0q0.4-0.6 0.7-1t1-0.9 1.6-0.8 2-0.3q3 0 4.9 2t1.9 6z\"\/><\/svg><\/span><\/a><\/li><li class=\"shariff-button printer shariff-nocustomcolor\" style=\"background-color:#a8a8a8;border-radius:1%\"><a href=\"javascript:window.print()\" title=\"drucken\" aria-label=\"drucken\" role=\"button\" rel=\"noopener nofollow\" class=\"shariff-link\" style=\";border-radius:1%; background-color:#999; color:#fff\"><span class=\"shariff-icon\" style=\"\"><svg width=\"32px\" height=\"20px\" xmlns=\"http:\/\/www.w3.org\/2000\/svg\" viewBox=\"0 0 30 32\"><path fill=\"#999\" d=\"M6.8 27.4h16v-4.6h-16v4.6zM6.8 16h16v-6.8h-2.8q-0.7 0-1.2-0.5t-0.5-1.2v-2.8h-11.4v11.4zM27.4 17.2q0-0.5-0.3-0.8t-0.8-0.4-0.8 0.4-0.3 0.8 0.3 0.8 0.8 0.3 0.8-0.3 0.3-0.8zM29.7 17.2v7.4q0 0.2-0.2 0.4t-0.4 0.2h-4v2.8q0 0.7-0.5 1.2t-1.2 0.5h-17.2q-0.7 0-1.2-0.5t-0.5-1.2v-2.8h-4q-0.2 0-0.4-0.2t-0.2-0.4v-7.4q0-1.4 1-2.4t2.4-1h1.2v-9.7q0-0.7 0.5-1.2t1.2-0.5h12q0.7 0 1.6 0.4t1.3 0.8l2.7 2.7q0.5 0.5 0.9 1.4t0.4 1.6v4.6h1.1q1.4 0 2.4 1t1 2.4z\"\/><\/svg><\/span><\/a><\/li><li class=\"shariff-button mailto shariff-nocustomcolor\" style=\"background-color:#a8a8a8;border-radius:1%\"><a href=\"mailto:?body=https%3A%2F%2Fwww.sonnenseite.com%2Fde%2Fumwelt%2Fklimawandel-in-den-alpen-schnell-und-gefaehrlich%2F&subject=Klimawandel%20in%20den%20Alpen%3A%20schnell%20und%20gef%C3%A4hrlich\" title=\"Per E-Mail versenden\" aria-label=\"Per E-Mail versenden\" role=\"button\" rel=\"noopener nofollow\" class=\"shariff-link\" style=\";border-radius:1%; background-color:#999; color:#fff\"><span class=\"shariff-icon\" style=\"\"><svg width=\"32px\" height=\"20px\" xmlns=\"http:\/\/www.w3.org\/2000\/svg\" viewBox=\"0 0 32 32\"><path fill=\"#999\" d=\"M32 12.7v14.2q0 1.2-0.8 2t-2 0.9h-26.3q-1.2 0-2-0.9t-0.8-2v-14.2q0.8 0.9 1.8 1.6 6.5 4.4 8.9 6.1 1 0.8 1.6 1.2t1.7 0.9 2 0.4h0.1q0.9 0 2-0.4t1.7-0.9 1.6-1.2q3-2.2 8.9-6.1 1-0.7 1.8-1.6zM32 7.4q0 1.4-0.9 2.7t-2.2 2.2q-6.7 4.7-8.4 5.8-0.2 0.1-0.7 0.5t-1 0.7-0.9 0.6-1.1 0.5-0.9 0.2h-0.1q-0.4 0-0.9-0.2t-1.1-0.5-0.9-0.6-1-0.7-0.7-0.5q-1.6-1.1-4.7-3.2t-3.6-2.6q-1.1-0.7-2.1-2t-1-2.5q0-1.4 0.7-2.3t2.1-0.9h26.3q1.2 0 2 0.8t0.9 2z\"\/><\/svg><\/span><\/a><\/li><\/ul><\/div>","protected":false},"excerpt":{"rendered":"<p>Forschende des SLF gehen zahlreichen Folgen des Klimawandels in den Alpen nach, damit die Menschen dort [&hellip;]<\/p>\n","protected":false},"author":3,"featured_media":110709,"comment_status":"closed","ping_status":"closed","sticky":false,"template":"","format":"standard","meta":{"inline_featured_image":false,"footnotes":""},"categories":[23],"tags":[],"class_list":["post-110707","post","type-post","status-publish","format-standard","has-post-thumbnail","hentry","category-umwelt"],"yoast_head":"<!-- This site is optimized with the Yoast SEO plugin v26.5 - https:\/\/yoast.com\/wordpress\/plugins\/seo\/ -->\n<title>Klimawandel in den Alpen: schnell und gef\u00e4hrlich - Sonnenseite - \u00d6kologische Kommunikation mit Franz Alt<\/title>\n<meta name=\"description\" content=\"Forschende des SLF gehen zahlreichen Folgen des Klimawandels in den Alpen nach, damit die Menschen dort sich darauf vorbereiten k\u00f6nnen. Denn die stehen\" \/>\n<meta name=\"robots\" content=\"index, follow, max-snippet:-1, max-image-preview:large, max-video-preview:-1\" \/>\n<link rel=\"canonical\" href=\"https:\/\/www.sonnenseite.com\/de\/umwelt\/klimawandel-in-den-alpen-schnell-und-gefaehrlich\/\" \/>\n<meta property=\"og:locale\" content=\"de_DE\" \/>\n<meta property=\"og:type\" content=\"article\" \/>\n<meta property=\"og:title\" content=\"Klimawandel in den Alpen: schnell und gef\u00e4hrlich - Sonnenseite - \u00d6kologische Kommunikation mit Franz Alt\" \/>\n<meta property=\"og:description\" content=\"Forschende des SLF gehen zahlreichen Folgen des Klimawandels in den Alpen nach, damit die Menschen dort sich darauf vorbereiten k\u00f6nnen. Denn die stehen\" \/>\n<meta property=\"og:url\" content=\"https:\/\/www.sonnenseite.com\/de\/umwelt\/klimawandel-in-den-alpen-schnell-und-gefaehrlich\/\" \/>\n<meta property=\"og:site_name\" content=\"Sonnenseite\" \/>\n<meta property=\"article:publisher\" content=\"https:\/\/www.facebook.com\/pages\/Franz-Alt-SONNENSEITECOM\/221072987903953?fref=ts\" \/>\n<meta property=\"article:published_time\" content=\"2025-11-07T01:37:00+00:00\" \/>\n<meta property=\"og:image\" content=\"https:\/\/www.sonnenseite.com\/wp-content\/uploads\/2025\/11\/Skipiste_michelangeloop.jpg\" \/>\n\t<meta property=\"og:image:width\" content=\"770\" \/>\n\t<meta property=\"og:image:height\" content=\"420\" \/>\n\t<meta property=\"og:image:type\" content=\"image\/jpeg\" \/>\n<meta name=\"author\" content=\"Bigi Alt\" \/>\n<meta name=\"twitter:card\" content=\"summary_large_image\" \/>\n<meta name=\"twitter:creator\" content=\"@franzalt\" \/>\n<meta name=\"twitter:site\" content=\"@franzalt\" \/>\n<meta name=\"twitter:label1\" content=\"Verfasst von\" \/>\n\t<meta name=\"twitter:data1\" content=\"Bigi Alt\" \/>\n\t<meta name=\"twitter:label2\" content=\"Gesch\u00e4tzte Lesezeit\" \/>\n\t<meta name=\"twitter:data2\" content=\"4\u00a0Minuten\" \/>\n<script type=\"application\/ld+json\" class=\"yoast-schema-graph\">{\"@context\":\"https:\/\/schema.org\",\"@graph\":[{\"@type\":\"Article\",\"@id\":\"https:\/\/www.sonnenseite.com\/de\/umwelt\/klimawandel-in-den-alpen-schnell-und-gefaehrlich\/#article\",\"isPartOf\":{\"@id\":\"https:\/\/www.sonnenseite.com\/de\/umwelt\/klimawandel-in-den-alpen-schnell-und-gefaehrlich\/\"},\"author\":{\"name\":\"Bigi Alt\",\"@id\":\"https:\/\/www.sonnenseite.com\/de\/#\/schema\/person\/50fda0e926597684c7cc6695238a4eb9\"},\"headline\":\"Klimawandel in den Alpen: schnell und gef\u00e4hrlich\",\"datePublished\":\"2025-11-07T01:37:00+00:00\",\"mainEntityOfPage\":{\"@id\":\"https:\/\/www.sonnenseite.com\/de\/umwelt\/klimawandel-in-den-alpen-schnell-und-gefaehrlich\/\"},\"wordCount\":753,\"publisher\":{\"@id\":\"https:\/\/www.sonnenseite.com\/de\/#organization\"},\"image\":{\"@id\":\"https:\/\/www.sonnenseite.com\/de\/umwelt\/klimawandel-in-den-alpen-schnell-und-gefaehrlich\/#primaryimage\"},\"thumbnailUrl\":\"https:\/\/www.sonnenseite.com\/wp-content\/uploads\/2025\/11\/Skipiste_michelangeloop.jpg\",\"articleSection\":[\"Umwelt\"],\"inLanguage\":\"de\"},{\"@type\":\"WebPage\",\"@id\":\"https:\/\/www.sonnenseite.com\/de\/umwelt\/klimawandel-in-den-alpen-schnell-und-gefaehrlich\/\",\"url\":\"https:\/\/www.sonnenseite.com\/de\/umwelt\/klimawandel-in-den-alpen-schnell-und-gefaehrlich\/\",\"name\":\"Klimawandel in den Alpen: schnell und gef\u00e4hrlich - Sonnenseite - \u00d6kologische Kommunikation mit Franz Alt\",\"isPartOf\":{\"@id\":\"https:\/\/www.sonnenseite.com\/de\/#website\"},\"primaryImageOfPage\":{\"@id\":\"https:\/\/www.sonnenseite.com\/de\/umwelt\/klimawandel-in-den-alpen-schnell-und-gefaehrlich\/#primaryimage\"},\"image\":{\"@id\":\"https:\/\/www.sonnenseite.com\/de\/umwelt\/klimawandel-in-den-alpen-schnell-und-gefaehrlich\/#primaryimage\"},\"thumbnailUrl\":\"https:\/\/www.sonnenseite.com\/wp-content\/uploads\/2025\/11\/Skipiste_michelangeloop.jpg\",\"datePublished\":\"2025-11-07T01:37:00+00:00\",\"description\":\"Forschende des SLF gehen zahlreichen Folgen des Klimawandels in den Alpen nach, damit die Menschen dort sich darauf vorbereiten k\u00f6nnen. Denn die stehen\",\"breadcrumb\":{\"@id\":\"https:\/\/www.sonnenseite.com\/de\/umwelt\/klimawandel-in-den-alpen-schnell-und-gefaehrlich\/#breadcrumb\"},\"inLanguage\":\"de\",\"potentialAction\":[{\"@type\":\"ReadAction\",\"target\":[\"https:\/\/www.sonnenseite.com\/de\/umwelt\/klimawandel-in-den-alpen-schnell-und-gefaehrlich\/\"]}]},{\"@type\":\"ImageObject\",\"inLanguage\":\"de\",\"@id\":\"https:\/\/www.sonnenseite.com\/de\/umwelt\/klimawandel-in-den-alpen-schnell-und-gefaehrlich\/#primaryimage\",\"url\":\"https:\/\/www.sonnenseite.com\/wp-content\/uploads\/2025\/11\/Skipiste_michelangeloop.jpg\",\"contentUrl\":\"https:\/\/www.sonnenseite.com\/wp-content\/uploads\/2025\/11\/Skipiste_michelangeloop.jpg\",\"width\":770,\"height\":420,\"caption\":\"Depositphotos.com | michelangeloop | K\u00fcnstliche Skipiste\"},{\"@type\":\"BreadcrumbList\",\"@id\":\"https:\/\/www.sonnenseite.com\/de\/umwelt\/klimawandel-in-den-alpen-schnell-und-gefaehrlich\/#breadcrumb\",\"itemListElement\":[{\"@type\":\"ListItem\",\"position\":1,\"name\":\"Startseite\",\"item\":\"https:\/\/www.sonnenseite.com\/de\/\"},{\"@type\":\"ListItem\",\"position\":2,\"name\":\"Klimawandel in den Alpen: schnell und gef\u00e4hrlich\"}]},{\"@type\":\"WebSite\",\"@id\":\"https:\/\/www.sonnenseite.com\/de\/#website\",\"url\":\"https:\/\/www.sonnenseite.com\/de\/\",\"name\":\"Sonnenseite\",\"description\":\"\u00d6kologische Kommunikation mit Franz Alt\",\"publisher\":{\"@id\":\"https:\/\/www.sonnenseite.com\/de\/#organization\"},\"potentialAction\":[{\"@type\":\"SearchAction\",\"target\":{\"@type\":\"EntryPoint\",\"urlTemplate\":\"https:\/\/www.sonnenseite.com\/de\/?s={search_term_string}\"},\"query-input\":{\"@type\":\"PropertyValueSpecification\",\"valueRequired\":true,\"valueName\":\"search_term_string\"}}],\"inLanguage\":\"de\"},{\"@type\":\"Organization\",\"@id\":\"https:\/\/www.sonnenseite.com\/de\/#organization\",\"name\":\"Sonnenseite\",\"url\":\"https:\/\/www.sonnenseite.com\/de\/\",\"logo\":{\"@type\":\"ImageObject\",\"inLanguage\":\"de\",\"@id\":\"https:\/\/www.sonnenseite.com\/de\/#\/schema\/logo\/image\/\",\"url\":\"https:\/\/www.sonnenseite.com\/wp-content\/uploads\/2020\/05\/Sonnenseite_Logo.png\",\"contentUrl\":\"https:\/\/www.sonnenseite.com\/wp-content\/uploads\/2020\/05\/Sonnenseite_Logo.png\",\"width\":377,\"height\":90,\"caption\":\"Sonnenseite\"},\"image\":{\"@id\":\"https:\/\/www.sonnenseite.com\/de\/#\/schema\/logo\/image\/\"},\"sameAs\":[\"https:\/\/www.facebook.com\/pages\/Franz-Alt-SONNENSEITECOM\/221072987903953?fref=ts\",\"https:\/\/x.com\/franzalt\",\"http:\/\/www.youtube.com\/results?search_query&amp;amp;quot;franz_alt&amp;amp;quot;&amp;amp;amp;amp;search_type&amp;amp;amp;amp;aq=f\"]},{\"@type\":\"Person\",\"@id\":\"https:\/\/www.sonnenseite.com\/de\/#\/schema\/person\/50fda0e926597684c7cc6695238a4eb9\",\"name\":\"Bigi Alt\"}]}<\/script>\n<!-- \/ Yoast SEO plugin. -->","yoast_head_json":{"title":"Klimawandel in den Alpen: schnell und gef\u00e4hrlich - Sonnenseite - \u00d6kologische Kommunikation mit Franz Alt","description":"Forschende des SLF gehen zahlreichen Folgen des Klimawandels in den Alpen nach, damit die Menschen dort sich darauf vorbereiten k\u00f6nnen. Denn die stehen","robots":{"index":"index","follow":"follow","max-snippet":"max-snippet:-1","max-image-preview":"max-image-preview:large","max-video-preview":"max-video-preview:-1"},"canonical":"https:\/\/www.sonnenseite.com\/de\/umwelt\/klimawandel-in-den-alpen-schnell-und-gefaehrlich\/","og_locale":"de_DE","og_type":"article","og_title":"Klimawandel in den Alpen: schnell und gef\u00e4hrlich - Sonnenseite - \u00d6kologische Kommunikation mit Franz Alt","og_description":"Forschende des SLF gehen zahlreichen Folgen des Klimawandels in den Alpen nach, damit die Menschen dort sich darauf vorbereiten k\u00f6nnen. Denn die stehen","og_url":"https:\/\/www.sonnenseite.com\/de\/umwelt\/klimawandel-in-den-alpen-schnell-und-gefaehrlich\/","og_site_name":"Sonnenseite","article_publisher":"https:\/\/www.facebook.com\/pages\/Franz-Alt-SONNENSEITECOM\/221072987903953?fref=ts","article_published_time":"2025-11-07T01:37:00+00:00","og_image":[{"width":770,"height":420,"url":"https:\/\/www.sonnenseite.com\/wp-content\/uploads\/2025\/11\/Skipiste_michelangeloop.jpg","type":"image\/jpeg"}],"author":"Bigi Alt","twitter_card":"summary_large_image","twitter_creator":"@franzalt","twitter_site":"@franzalt","twitter_misc":{"Verfasst von":"Bigi Alt","Gesch\u00e4tzte Lesezeit":"4\u00a0Minuten"},"schema":{"@context":"https:\/\/schema.org","@graph":[{"@type":"Article","@id":"https:\/\/www.sonnenseite.com\/de\/umwelt\/klimawandel-in-den-alpen-schnell-und-gefaehrlich\/#article","isPartOf":{"@id":"https:\/\/www.sonnenseite.com\/de\/umwelt\/klimawandel-in-den-alpen-schnell-und-gefaehrlich\/"},"author":{"name":"Bigi Alt","@id":"https:\/\/www.sonnenseite.com\/de\/#\/schema\/person\/50fda0e926597684c7cc6695238a4eb9"},"headline":"Klimawandel in den Alpen: schnell und gef\u00e4hrlich","datePublished":"2025-11-07T01:37:00+00:00","mainEntityOfPage":{"@id":"https:\/\/www.sonnenseite.com\/de\/umwelt\/klimawandel-in-den-alpen-schnell-und-gefaehrlich\/"},"wordCount":753,"publisher":{"@id":"https:\/\/www.sonnenseite.com\/de\/#organization"},"image":{"@id":"https:\/\/www.sonnenseite.com\/de\/umwelt\/klimawandel-in-den-alpen-schnell-und-gefaehrlich\/#primaryimage"},"thumbnailUrl":"https:\/\/www.sonnenseite.com\/wp-content\/uploads\/2025\/11\/Skipiste_michelangeloop.jpg","articleSection":["Umwelt"],"inLanguage":"de"},{"@type":"WebPage","@id":"https:\/\/www.sonnenseite.com\/de\/umwelt\/klimawandel-in-den-alpen-schnell-und-gefaehrlich\/","url":"https:\/\/www.sonnenseite.com\/de\/umwelt\/klimawandel-in-den-alpen-schnell-und-gefaehrlich\/","name":"Klimawandel in den Alpen: schnell und gef\u00e4hrlich - Sonnenseite - \u00d6kologische Kommunikation mit Franz Alt","isPartOf":{"@id":"https:\/\/www.sonnenseite.com\/de\/#website"},"primaryImageOfPage":{"@id":"https:\/\/www.sonnenseite.com\/de\/umwelt\/klimawandel-in-den-alpen-schnell-und-gefaehrlich\/#primaryimage"},"image":{"@id":"https:\/\/www.sonnenseite.com\/de\/umwelt\/klimawandel-in-den-alpen-schnell-und-gefaehrlich\/#primaryimage"},"thumbnailUrl":"https:\/\/www.sonnenseite.com\/wp-content\/uploads\/2025\/11\/Skipiste_michelangeloop.jpg","datePublished":"2025-11-07T01:37:00+00:00","description":"Forschende des SLF gehen zahlreichen Folgen des Klimawandels in den Alpen nach, damit die Menschen dort sich darauf vorbereiten k\u00f6nnen. Denn die stehen","breadcrumb":{"@id":"https:\/\/www.sonnenseite.com\/de\/umwelt\/klimawandel-in-den-alpen-schnell-und-gefaehrlich\/#breadcrumb"},"inLanguage":"de","potentialAction":[{"@type":"ReadAction","target":["https:\/\/www.sonnenseite.com\/de\/umwelt\/klimawandel-in-den-alpen-schnell-und-gefaehrlich\/"]}]},{"@type":"ImageObject","inLanguage":"de","@id":"https:\/\/www.sonnenseite.com\/de\/umwelt\/klimawandel-in-den-alpen-schnell-und-gefaehrlich\/#primaryimage","url":"https:\/\/www.sonnenseite.com\/wp-content\/uploads\/2025\/11\/Skipiste_michelangeloop.jpg","contentUrl":"https:\/\/www.sonnenseite.com\/wp-content\/uploads\/2025\/11\/Skipiste_michelangeloop.jpg","width":770,"height":420,"caption":"Depositphotos.com | michelangeloop | K\u00fcnstliche Skipiste"},{"@type":"BreadcrumbList","@id":"https:\/\/www.sonnenseite.com\/de\/umwelt\/klimawandel-in-den-alpen-schnell-und-gefaehrlich\/#breadcrumb","itemListElement":[{"@type":"ListItem","position":1,"name":"Startseite","item":"https:\/\/www.sonnenseite.com\/de\/"},{"@type":"ListItem","position":2,"name":"Klimawandel in den Alpen: schnell und gef\u00e4hrlich"}]},{"@type":"WebSite","@id":"https:\/\/www.sonnenseite.com\/de\/#website","url":"https:\/\/www.sonnenseite.com\/de\/","name":"Sonnenseite","description":"\u00d6kologische Kommunikation mit Franz Alt","publisher":{"@id":"https:\/\/www.sonnenseite.com\/de\/#organization"},"potentialAction":[{"@type":"SearchAction","target":{"@type":"EntryPoint","urlTemplate":"https:\/\/www.sonnenseite.com\/de\/?s={search_term_string}"},"query-input":{"@type":"PropertyValueSpecification","valueRequired":true,"valueName":"search_term_string"}}],"inLanguage":"de"},{"@type":"Organization","@id":"https:\/\/www.sonnenseite.com\/de\/#organization","name":"Sonnenseite","url":"https:\/\/www.sonnenseite.com\/de\/","logo":{"@type":"ImageObject","inLanguage":"de","@id":"https:\/\/www.sonnenseite.com\/de\/#\/schema\/logo\/image\/","url":"https:\/\/www.sonnenseite.com\/wp-content\/uploads\/2020\/05\/Sonnenseite_Logo.png","contentUrl":"https:\/\/www.sonnenseite.com\/wp-content\/uploads\/2020\/05\/Sonnenseite_Logo.png","width":377,"height":90,"caption":"Sonnenseite"},"image":{"@id":"https:\/\/www.sonnenseite.com\/de\/#\/schema\/logo\/image\/"},"sameAs":["https:\/\/www.facebook.com\/pages\/Franz-Alt-SONNENSEITECOM\/221072987903953?fref=ts","https:\/\/x.com\/franzalt","http:\/\/www.youtube.com\/results?search_query&amp;amp;quot;franz_alt&amp;amp;quot;&amp;amp;amp;amp;search_type&amp;amp;amp;amp;aq=f"]},{"@type":"Person","@id":"https:\/\/www.sonnenseite.com\/de\/#\/schema\/person\/50fda0e926597684c7cc6695238a4eb9","name":"Bigi Alt"}]}},"_links":{"self":[{"href":"https:\/\/www.sonnenseite.com\/de\/wp-json\/wp\/v2\/posts\/110707","targetHints":{"allow":["GET"]}}],"collection":[{"href":"https:\/\/www.sonnenseite.com\/de\/wp-json\/wp\/v2\/posts"}],"about":[{"href":"https:\/\/www.sonnenseite.com\/de\/wp-json\/wp\/v2\/types\/post"}],"author":[{"embeddable":true,"href":"https:\/\/www.sonnenseite.com\/de\/wp-json\/wp\/v2\/users\/3"}],"replies":[{"embeddable":true,"href":"https:\/\/www.sonnenseite.com\/de\/wp-json\/wp\/v2\/comments?post=110707"}],"version-history":[{"count":1,"href":"https:\/\/www.sonnenseite.com\/de\/wp-json\/wp\/v2\/posts\/110707\/revisions"}],"predecessor-version":[{"id":110708,"href":"https:\/\/www.sonnenseite.com\/de\/wp-json\/wp\/v2\/posts\/110707\/revisions\/110708"}],"wp:featuredmedia":[{"embeddable":true,"href":"https:\/\/www.sonnenseite.com\/de\/wp-json\/wp\/v2\/media\/110709"}],"wp:attachment":[{"href":"https:\/\/www.sonnenseite.com\/de\/wp-json\/wp\/v2\/media?parent=110707"}],"wp:term":[{"taxonomy":"category","embeddable":true,"href":"https:\/\/www.sonnenseite.com\/de\/wp-json\/wp\/v2\/categories?post=110707"},{"taxonomy":"post_tag","embeddable":true,"href":"https:\/\/www.sonnenseite.com\/de\/wp-json\/wp\/v2\/tags?post=110707"}],"curies":[{"name":"wp","href":"https:\/\/api.w.org\/{rel}","templated":true}]}}