{"id":110840,"date":"2025-11-14T02:28:00","date_gmt":"2025-11-14T01:28:00","guid":{"rendered":"https:\/\/www.sonnenseite.com\/?p=110840"},"modified":"2025-11-12T18:30:04","modified_gmt":"2025-11-12T17:30:04","slug":"weniger-kunststoff-wie-lebensmittel-zukuenftig-nachhaltiger-verpackt-werden-koennen","status":"publish","type":"post","link":"https:\/\/www.sonnenseite.com\/de\/wirtschaft\/weniger-kunststoff-wie-lebensmittel-zukuenftig-nachhaltiger-verpackt-werden-koennen\/","title":{"rendered":"Weniger Kunststoff: Wie Lebensmittel zuk\u00fcnftig nachhaltiger verpackt werden k\u00f6nnen"},"content":{"rendered":"\n<p>Welche innovativen Wege gibt es, um den Einsatz von Kunststoffen in Lebensmittelverpackungen zu reduzieren? Eine Reihe von Forschungsprojekten, die vom Bundesministerium f\u00fcr Landwirtschaft, Ern\u00e4hrung und Heimat (BMLEH) gef\u00f6rdert werden, hat Innovationen entwickelt, die dazu beitragen k\u00f6nnen, Verpackungen von Lebensmitteln nachhaltiger zu gestalten. Die Vorhaben zeigen auf, wie Mehrwegsysteme verbessert, Datenbanken und Zertifizierungen f\u00fcr mehr Transparenz genutzt und nachhaltige Materialien entwickelt werden k\u00f6nnen. Gestern stellten die Projekte ihre Forschungsergebnisse auf einer Fachtagung in Berlin vor. Diese war Teil des RePack-Netzwerks, das die Vorhaben begleitet und vernetzt.<\/p>\n\n\n\n<h4 class=\"wp-block-heading\">Was ist das RePack-Netzwerk?<\/h4>\n\n\n\n<p>F\u00fchrende Institute der Nachhaltigkeits- und Verpackungsforschung unter Leitung des Instituts f\u00fcr \u00f6kologische Wirtschaftsforschung (I\u00d6W) unterst\u00fctzen die Innovationsprojekte und b\u00fcndeln \u00fcbergreifende Erkenntnisse. Auftraggeber des&nbsp;<a href=\"https:\/\/www.repack-netzwerk.de\/\" target=\"_blank\" rel=\"noreferrer noopener\">RePack-Netzwerks<\/a> ist das BMLEH, Projekttr\u00e4ger die Bundesanstalt f\u00fcr Landwirtschaft und Ern\u00e4hrung (BLE). \u201eUm innovative Ans\u00e4tze in die Praxis zu bringen, kommt Vernetzung zwischen allen Akteuren eine entscheidende Rolle zu\u201c, so <strong>Wolfgang L\u00f6he<\/strong> vom BMLEH. Er betont, dass Veranstaltungsformate wie die Fachtagung dabei zentral sind.<\/p>\n\n\n\n<p><strong>Frieder Rubik<\/strong>, Projektleiter des RePack-Netzwerks, der am I\u00d6W zu nachhaltigen Produktions- und Konsummustern sowie Kreislaufwirtschaft forscht, betont: \u201eDiese Forschungsprojekte zeigen, wie durch die Verbindung von Innovationen und vernetztem Denken konkrete L\u00f6sungen f\u00fcr nachhaltige Lebensmittelverpackungen entstehen. Nur durch die Zusammenarbeit aller beteiligten Akteure \u2013 von Produktion \u00fcber Handel bis hin zu Verbraucher*innen \u2013 kann eine echte Kreislaufwirtschaft entstehen.\u201c&nbsp;<\/p>\n\n\n\n<h4 class=\"wp-block-heading\">Marktreife<\/h4>\n\n\n\n<p>\u201eDie Innovationen des Programms sind w\u00e4hrend ihrer Laufzeit von der industriellen Forschung in die experimentelle Entwicklung \u00fcbergegangen\u201c, so <strong>Michaela Filipini<\/strong> von der BLE. \u201eTeilweise wurden Prototypen entwickelt und Demonstrationen im realen Einsatz durchgef\u00fchrt, manche Innovationen stehen kurz vor der Marktreife.\u201c Damit alle der Innovationen auf dem Markt erfolgreich zum Einsatz kommen k\u00f6nnen, ist eine weitere Zusammenarbeit zwischen Forschung, Innovatoren und Anwendungspraxis erforderlich.<\/p>\n\n\n\n<h4 class=\"wp-block-heading\">Mehrwegsysteme verbessern<\/h4>\n\n\n\n<p>Um Abfall zu vermeiden, sind wiederverwendbare Verpackungen ein wesentlicher Hebel. Das Projekt&nbsp;<a href=\"https:\/\/www.repack-netzwerk.de\/projekte\/pfabo\/\" target=\"_blank\" rel=\"noreferrer noopener\">PFABO<\/a> entwickelte ein <strong>unternehmens\u00fcbergreifendes Mehrwegsystem<\/strong>, das sowohl die Logistik als auch die Reinigung und R\u00fcckgabe von Mehrwegverpackungen digital vernetzt. Automatisierte R\u00fcckgabestationen und ein digitales Tracking durch Codes erm\u00f6glichen es, die eingesetzten Verpackungen effizient nachzuverfolgen und k\u00f6nnen dazu beitragen, Akzeptanz und Wirtschaftlichkeit zu steigern. Das System wird sowohl in der Industrie als auch f\u00fcr Endverbraucher*innen bereits angewendet. Das Projekt&nbsp;<a href=\"https:\/\/www.repack-netzwerk.de\/projekte\/repaid\/\" target=\"_blank\" rel=\"noreferrer noopener\">REPAID<\/a> testete verschiedene <strong>soziale und technische Innovationen in Gastronomiebetrieben<\/strong>, um die Ausleih- und R\u00fcckgabequoten von Mehrwegbeh\u00e4ltern im To-go-Bereich zu erh\u00f6hen. Soziale Anreize und technische Verbesserungen, etwa an R\u00fccknahmeautomaten, wurden praxisnah erprobt und liefern Empfehlungen f\u00fcr Gastronomie und Politik.<\/p>\n\n\n\n<h4 class=\"wp-block-heading\">Nachhaltigere Materialien und neue Recyclingverfahren<\/h4>\n\n\n\n<p>Ein Schwerpunkt des Forschungsprogramms, um fossile Kunststoffe in Lebensmittelverpackungen zu reduzieren und die Kreislaufwirtschaft zu f\u00f6rdern, ist die Entwicklung neuer Materialien und Recyclingverfahren. Sechs Projekte sind in diesem Bereich t\u00e4tig:<\/p>\n\n\n\n<ul class=\"wp-block-list\">\n<li>Das Projekt\u00a0<a href=\"https:\/\/www.repack-netzwerk.de\/projekte\/kompopack\/\" target=\"_blank\" rel=\"noreferrer noopener\">KompoPack<\/a> nutzt R\u00fcckst\u00e4nde aus der Lebensmittelproduktion als Rohstoff und stellt daraus eine <strong>heimkompostierbare Folienbeschichtung<\/strong> her, die herk\u00f6mmliche Bio-Kunststoffe ersetzen kann und bereits industriell angewendet wird.<\/li>\n\n\n\n<li>Das Projekt\u00a0<a href=\"https:\/\/www.repack-netzwerk.de\/projekte\/mobile\/\" target=\"_blank\" rel=\"noreferrer noopener\">Mobile<\/a> entwickelte eine <strong>monomaterialbasierte Barrierefolie<\/strong>, die vollst\u00e4ndig recyclingf\u00e4hig ist und dabei eine hohe Schutzfunktion f\u00fcr die Lebensmittel beh\u00e4lt.<\/li>\n\n\n\n<li>Im Projekt\u00a0<a href=\"https:\/\/www.repack-netzwerk.de\/projekte\/business\/\" target=\"_blank\" rel=\"noreferrer noopener\">BUSINESS<\/a> wird <strong>biobasiertes Polyethylenfuranoat (PEF) aus Agrarreststoffen<\/strong> erforscht, um etwa Speiseeisbecher herzustellen, die rezykliert und auch als Mehrwegsystem eingesetzt werden k\u00f6nnen.<\/li>\n\n\n\n<li>Das Projekt\u00a0<a href=\"https:\/\/www.repack-netzwerk.de\/projekte\/zyklopla\/\" target=\"_blank\" rel=\"noreferrer noopener\">ZykloPLA<\/a> forscht an einem <strong>chemischen Recyclingprozess f\u00fcr den biobasierten Kunststoff Polymilchs\u00e4ure (PLA)<\/strong>, mit dem Ziel, ihn als Verpackungsmaterial f\u00fcr Lebensmittel in einer zirkul\u00e4ren Nutzung einzusetzen.<\/li>\n\n\n\n<li>Im Projekt\u00a0<a href=\"https:\/\/www.repack-netzwerk.de\/projekte\/utitrans\/\" target=\"_blank\" rel=\"noreferrer noopener\">UTITRANS<\/a> werden <strong>naturbasierte Thermoisolierverpackungen aus heimischen Fasern<\/strong> als nachhaltige Alternative zu Polystyrol und Polypropylen entwickelt, um die Transportbeh\u00e4ltnisse von Lebensmitteln vom Erzeuger zum Handel umweltfreundlicher zu gestalten.<\/li>\n\n\n\n<li>Das Projekt\u00a0<a href=\"https:\/\/www.repack-netzwerk.de\/projekte\/extraherb\/\" target=\"_blank\" rel=\"noreferrer noopener\">ExtraHerb<\/a> betrachtet die <strong>Lieferkette von Topfkr\u00e4utern<\/strong> und entwickelt auf Basis von Verbraucherdaten nachhaltige Verpackungsl\u00f6sungen, die den Kunststoffverbrauch reduzieren und gleichzeitig die Haltbarkeit und Qualit\u00e4t sichern.<\/li>\n<\/ul>\n\n\n<h5 class=\"green\">Quelle<\/h5>\r\n\n\n\n<p><a href=\"https:\/\/www.ioew.de\/news\/article\/weniger-kunststoff-wie-lebensmittel-zukuenftig-nachhaltiger-verpackt-werden-koennen\">Institut f\u00fcr \u00f6kologische Wirtschaftsforschung GmbH (I\u00d6W) 2025<\/a><\/p>\n<div class=\"shariff shariff-align-flex-start shariff-widget-align-flex-start\"><div class=\"ShariffHeadline\">Diese Meldung teilen<\/div><ul class=\"shariff-buttons theme-round orientation-horizontal buttonsize-medium\"><li class=\"shariff-button facebook shariff-nocustomcolor\" style=\"background-color:#4273c8;border-radius:1%\"><a href=\"https:\/\/www.facebook.com\/sharer\/sharer.php?u=https%3A%2F%2Fwww.sonnenseite.com%2Fde%2Fwirtschaft%2Fweniger-kunststoff-wie-lebensmittel-zukuenftig-nachhaltiger-verpackt-werden-koennen%2F\" title=\"Bei Facebook teilen\" aria-label=\"Bei Facebook teilen\" role=\"button\" rel=\"nofollow\" class=\"shariff-link\" style=\";border-radius:1%; background-color:#3b5998; color:#fff\" target=\"_blank\"><span class=\"shariff-icon\" style=\"\"><svg width=\"32px\" height=\"20px\" xmlns=\"http:\/\/www.w3.org\/2000\/svg\" viewBox=\"0 0 18 32\"><path fill=\"#3b5998\" d=\"M17.1 0.2v4.7h-2.8q-1.5 0-2.1 0.6t-0.5 1.9v3.4h5.2l-0.7 5.3h-4.5v13.6h-5.5v-13.6h-4.5v-5.3h4.5v-3.9q0-3.3 1.9-5.2t5-1.8q2.6 0 4.1 0.2z\"\/><\/svg><\/span><\/a><\/li><li class=\"shariff-button twitter shariff-nocustomcolor\" style=\"background-color:#595959;border-radius:1%\"><a href=\"https:\/\/twitter.com\/share?url=https%3A%2F%2Fwww.sonnenseite.com%2Fde%2Fwirtschaft%2Fweniger-kunststoff-wie-lebensmittel-zukuenftig-nachhaltiger-verpackt-werden-koennen%2F&text=Weniger%20Kunststoff%3A%20Wie%20Lebensmittel%20zuk%C3%BCnftig%20nachhaltiger%20verpackt%20werden%20k%C3%B6nnen\" title=\"Bei X teilen\" aria-label=\"Bei X teilen\" role=\"button\" rel=\"noopener nofollow\" class=\"shariff-link\" style=\";border-radius:1%; background-color:#000; color:#fff\" target=\"_blank\"><span class=\"shariff-icon\" style=\"\"><svg width=\"32px\" height=\"20px\" xmlns=\"http:\/\/www.w3.org\/2000\/svg\" viewBox=\"0 0 24 24\"><path fill=\"#000\" d=\"M14.258 10.152L23.176 0h-2.113l-7.747 8.813L7.133 0H0l9.352 13.328L0 23.973h2.113l8.176-9.309 6.531 9.309h7.133zm-2.895 3.293l-.949-1.328L2.875 1.56h3.246l6.086 8.523.945 1.328 7.91 11.078h-3.246zm0 0\"\/><\/svg><\/span><\/a><\/li><li class=\"shariff-button xing shariff-nocustomcolor\" style=\"background-color:#29888a;border-radius:1%\"><a href=\"https:\/\/www.xing.com\/spi\/shares\/new?url=https%3A%2F%2Fwww.sonnenseite.com%2Fde%2Fwirtschaft%2Fweniger-kunststoff-wie-lebensmittel-zukuenftig-nachhaltiger-verpackt-werden-koennen%2F\" title=\"Bei XING teilen\" aria-label=\"Bei XING teilen\" role=\"button\" rel=\"noopener nofollow\" class=\"shariff-link\" style=\";border-radius:1%; background-color:#126567; color:#fff\" target=\"_blank\"><span class=\"shariff-icon\" style=\"\"><svg width=\"32px\" height=\"20px\" xmlns=\"http:\/\/www.w3.org\/2000\/svg\" viewBox=\"0 0 25 32\"><path fill=\"#126567\" d=\"M10.7 11.9q-0.2 0.3-4.6 8.2-0.5 0.8-1.2 0.8h-4.3q-0.4 0-0.5-0.3t0-0.6l4.5-8q0 0 0 0l-2.9-5q-0.2-0.4 0-0.7 0.2-0.3 0.5-0.3h4.3q0.7 0 1.2 0.8zM25.1 0.4q0.2 0.3 0 0.7l-9.4 16.7 6 11q0.2 0.4 0 0.6-0.2 0.3-0.6 0.3h-4.3q-0.7 0-1.2-0.8l-6-11.1q0.3-0.6 9.5-16.8 0.4-0.8 1.2-0.8h4.3q0.4 0 0.5 0.3z\"\/><\/svg><\/span><\/a><\/li><li class=\"shariff-button linkedin shariff-nocustomcolor\" style=\"background-color:#1488bf;border-radius:1%\"><a href=\"https:\/\/www.linkedin.com\/sharing\/share-offsite\/?url=https%3A%2F%2Fwww.sonnenseite.com%2Fde%2Fwirtschaft%2Fweniger-kunststoff-wie-lebensmittel-zukuenftig-nachhaltiger-verpackt-werden-koennen%2F\" title=\"Bei LinkedIn teilen\" aria-label=\"Bei LinkedIn teilen\" role=\"button\" rel=\"noopener nofollow\" class=\"shariff-link\" style=\";border-radius:1%; background-color:#0077b5; color:#fff\" target=\"_blank\"><span class=\"shariff-icon\" style=\"\"><svg width=\"32px\" height=\"20px\" xmlns=\"http:\/\/www.w3.org\/2000\/svg\" viewBox=\"0 0 27 32\"><path fill=\"#0077b5\" d=\"M6.2 11.2v17.7h-5.9v-17.7h5.9zM6.6 5.7q0 1.3-0.9 2.2t-2.4 0.9h0q-1.5 0-2.4-0.9t-0.9-2.2 0.9-2.2 2.4-0.9 2.4 0.9 0.9 2.2zM27.4 18.7v10.1h-5.9v-9.5q0-1.9-0.7-2.9t-2.3-1.1q-1.1 0-1.9 0.6t-1.2 1.5q-0.2 0.5-0.2 1.4v9.9h-5.9q0-7.1 0-11.6t0-5.3l0-0.9h5.9v2.6h0q0.4-0.6 0.7-1t1-0.9 1.6-0.8 2-0.3q3 0 4.9 2t1.9 6z\"\/><\/svg><\/span><\/a><\/li><li class=\"shariff-button printer shariff-nocustomcolor\" style=\"background-color:#a8a8a8;border-radius:1%\"><a href=\"javascript:window.print()\" title=\"drucken\" aria-label=\"drucken\" role=\"button\" rel=\"noopener nofollow\" class=\"shariff-link\" style=\";border-radius:1%; background-color:#999; color:#fff\"><span class=\"shariff-icon\" style=\"\"><svg width=\"32px\" height=\"20px\" xmlns=\"http:\/\/www.w3.org\/2000\/svg\" viewBox=\"0 0 30 32\"><path fill=\"#999\" d=\"M6.8 27.4h16v-4.6h-16v4.6zM6.8 16h16v-6.8h-2.8q-0.7 0-1.2-0.5t-0.5-1.2v-2.8h-11.4v11.4zM27.4 17.2q0-0.5-0.3-0.8t-0.8-0.4-0.8 0.4-0.3 0.8 0.3 0.8 0.8 0.3 0.8-0.3 0.3-0.8zM29.7 17.2v7.4q0 0.2-0.2 0.4t-0.4 0.2h-4v2.8q0 0.7-0.5 1.2t-1.2 0.5h-17.2q-0.7 0-1.2-0.5t-0.5-1.2v-2.8h-4q-0.2 0-0.4-0.2t-0.2-0.4v-7.4q0-1.4 1-2.4t2.4-1h1.2v-9.7q0-0.7 0.5-1.2t1.2-0.5h12q0.7 0 1.6 0.4t1.3 0.8l2.7 2.7q0.5 0.5 0.9 1.4t0.4 1.6v4.6h1.1q1.4 0 2.4 1t1 2.4z\"\/><\/svg><\/span><\/a><\/li><li class=\"shariff-button mailto shariff-nocustomcolor\" style=\"background-color:#a8a8a8;border-radius:1%\"><a href=\"mailto:?body=https%3A%2F%2Fwww.sonnenseite.com%2Fde%2Fwirtschaft%2Fweniger-kunststoff-wie-lebensmittel-zukuenftig-nachhaltiger-verpackt-werden-koennen%2F&subject=Weniger%20Kunststoff%3A%20Wie%20Lebensmittel%20zuk%C3%BCnftig%20nachhaltiger%20verpackt%20werden%20k%C3%B6nnen\" title=\"Per E-Mail versenden\" aria-label=\"Per E-Mail versenden\" role=\"button\" rel=\"noopener nofollow\" class=\"shariff-link\" style=\";border-radius:1%; background-color:#999; color:#fff\"><span class=\"shariff-icon\" style=\"\"><svg width=\"32px\" height=\"20px\" xmlns=\"http:\/\/www.w3.org\/2000\/svg\" viewBox=\"0 0 32 32\"><path fill=\"#999\" d=\"M32 12.7v14.2q0 1.2-0.8 2t-2 0.9h-26.3q-1.2 0-2-0.9t-0.8-2v-14.2q0.8 0.9 1.8 1.6 6.5 4.4 8.9 6.1 1 0.8 1.6 1.2t1.7 0.9 2 0.4h0.1q0.9 0 2-0.4t1.7-0.9 1.6-1.2q3-2.2 8.9-6.1 1-0.7 1.8-1.6zM32 7.4q0 1.4-0.9 2.7t-2.2 2.2q-6.7 4.7-8.4 5.8-0.2 0.1-0.7 0.5t-1 0.7-0.9 0.6-1.1 0.5-0.9 0.2h-0.1q-0.4 0-0.9-0.2t-1.1-0.5-0.9-0.6-1-0.7-0.7-0.5q-1.6-1.1-4.7-3.2t-3.6-2.6q-1.1-0.7-2.1-2t-1-2.5q0-1.4 0.7-2.3t2.1-0.9h26.3q1.2 0 2 0.8t0.9 2z\"\/><\/svg><\/span><\/a><\/li><\/ul><\/div>","protected":false},"excerpt":{"rendered":"<p>Welche innovativen Wege gibt es, um den Einsatz von Kunststoffen in Lebensmittelverpackungen zu reduzieren? Eine Reihe [&hellip;]<\/p>\n","protected":false},"author":3,"featured_media":19027,"comment_status":"closed","ping_status":"closed","sticky":false,"template":"","format":"standard","meta":{"inline_featured_image":false,"footnotes":""},"categories":[24],"tags":[],"class_list":["post-110840","post","type-post","status-publish","format-standard","has-post-thumbnail","hentry","category-wirtschaft"],"yoast_head":"<!-- This site is optimized with the Yoast SEO plugin v26.5 - https:\/\/yoast.com\/wordpress\/plugins\/seo\/ -->\n<title>Weniger Kunststoff: Wie Lebensmittel zuk\u00fcnftig nachhaltiger verpackt werden k\u00f6nnen - Sonnenseite - \u00d6kologische Kommunikation mit Franz Alt<\/title>\n<meta name=\"description\" content=\"Welche innovativen Wege gibt es, um den Einsatz von Kunststoffen in Lebensmittelverpackungen zu reduzieren? Eine Reihe von Forschungsprojekten, die vom\" \/>\n<meta name=\"robots\" content=\"index, follow, max-snippet:-1, max-image-preview:large, max-video-preview:-1\" \/>\n<link rel=\"canonical\" href=\"https:\/\/www.sonnenseite.com\/de\/wirtschaft\/weniger-kunststoff-wie-lebensmittel-zukuenftig-nachhaltiger-verpackt-werden-koennen\/\" \/>\n<meta property=\"og:locale\" content=\"de_DE\" \/>\n<meta property=\"og:type\" content=\"article\" \/>\n<meta property=\"og:title\" content=\"Weniger Kunststoff: Wie Lebensmittel zuk\u00fcnftig nachhaltiger verpackt werden k\u00f6nnen - Sonnenseite - \u00d6kologische Kommunikation mit Franz Alt\" \/>\n<meta property=\"og:description\" content=\"Welche innovativen Wege gibt es, um den Einsatz von Kunststoffen in Lebensmittelverpackungen zu reduzieren? Eine Reihe von Forschungsprojekten, die vom\" \/>\n<meta property=\"og:url\" content=\"https:\/\/www.sonnenseite.com\/de\/wirtschaft\/weniger-kunststoff-wie-lebensmittel-zukuenftig-nachhaltiger-verpackt-werden-koennen\/\" \/>\n<meta property=\"og:site_name\" content=\"Sonnenseite\" \/>\n<meta property=\"article:publisher\" content=\"https:\/\/www.facebook.com\/pages\/Franz-Alt-SONNENSEITECOM\/221072987903953?fref=ts\" \/>\n<meta property=\"article:published_time\" content=\"2025-11-14T01:28:00+00:00\" \/>\n<meta property=\"og:image\" content=\"https:\/\/www.sonnenseite.com\/wp-content\/uploads\/2018\/04\/Obst_Plastik_trexec.jpg\" \/>\n\t<meta property=\"og:image:width\" content=\"770\" \/>\n\t<meta property=\"og:image:height\" content=\"420\" \/>\n\t<meta property=\"og:image:type\" content=\"image\/jpeg\" \/>\n<meta name=\"author\" content=\"Bigi Alt\" \/>\n<meta name=\"twitter:card\" content=\"summary_large_image\" \/>\n<meta name=\"twitter:creator\" content=\"@franzalt\" \/>\n<meta name=\"twitter:site\" content=\"@franzalt\" \/>\n<meta name=\"twitter:label1\" content=\"Verfasst von\" \/>\n\t<meta name=\"twitter:data1\" content=\"Bigi Alt\" \/>\n\t<meta name=\"twitter:label2\" content=\"Gesch\u00e4tzte Lesezeit\" \/>\n\t<meta name=\"twitter:data2\" content=\"4\u00a0Minuten\" \/>\n<script type=\"application\/ld+json\" class=\"yoast-schema-graph\">{\"@context\":\"https:\/\/schema.org\",\"@graph\":[{\"@type\":\"Article\",\"@id\":\"https:\/\/www.sonnenseite.com\/de\/wirtschaft\/weniger-kunststoff-wie-lebensmittel-zukuenftig-nachhaltiger-verpackt-werden-koennen\/#article\",\"isPartOf\":{\"@id\":\"https:\/\/www.sonnenseite.com\/de\/wirtschaft\/weniger-kunststoff-wie-lebensmittel-zukuenftig-nachhaltiger-verpackt-werden-koennen\/\"},\"author\":{\"name\":\"Bigi Alt\",\"@id\":\"https:\/\/www.sonnenseite.com\/de\/#\/schema\/person\/50fda0e926597684c7cc6695238a4eb9\"},\"headline\":\"Weniger Kunststoff: Wie Lebensmittel zuk\u00fcnftig nachhaltiger verpackt werden k\u00f6nnen\",\"datePublished\":\"2025-11-14T01:28:00+00:00\",\"mainEntityOfPage\":{\"@id\":\"https:\/\/www.sonnenseite.com\/de\/wirtschaft\/weniger-kunststoff-wie-lebensmittel-zukuenftig-nachhaltiger-verpackt-werden-koennen\/\"},\"wordCount\":648,\"publisher\":{\"@id\":\"https:\/\/www.sonnenseite.com\/de\/#organization\"},\"image\":{\"@id\":\"https:\/\/www.sonnenseite.com\/de\/wirtschaft\/weniger-kunststoff-wie-lebensmittel-zukuenftig-nachhaltiger-verpackt-werden-koennen\/#primaryimage\"},\"thumbnailUrl\":\"https:\/\/www.sonnenseite.com\/wp-content\/uploads\/2018\/04\/Obst_Plastik_trexec.jpg\",\"articleSection\":[\"Wirtschaft\"],\"inLanguage\":\"de\"},{\"@type\":\"WebPage\",\"@id\":\"https:\/\/www.sonnenseite.com\/de\/wirtschaft\/weniger-kunststoff-wie-lebensmittel-zukuenftig-nachhaltiger-verpackt-werden-koennen\/\",\"url\":\"https:\/\/www.sonnenseite.com\/de\/wirtschaft\/weniger-kunststoff-wie-lebensmittel-zukuenftig-nachhaltiger-verpackt-werden-koennen\/\",\"name\":\"Weniger Kunststoff: Wie Lebensmittel zuk\u00fcnftig nachhaltiger verpackt werden k\u00f6nnen - Sonnenseite - \u00d6kologische Kommunikation mit Franz Alt\",\"isPartOf\":{\"@id\":\"https:\/\/www.sonnenseite.com\/de\/#website\"},\"primaryImageOfPage\":{\"@id\":\"https:\/\/www.sonnenseite.com\/de\/wirtschaft\/weniger-kunststoff-wie-lebensmittel-zukuenftig-nachhaltiger-verpackt-werden-koennen\/#primaryimage\"},\"image\":{\"@id\":\"https:\/\/www.sonnenseite.com\/de\/wirtschaft\/weniger-kunststoff-wie-lebensmittel-zukuenftig-nachhaltiger-verpackt-werden-koennen\/#primaryimage\"},\"thumbnailUrl\":\"https:\/\/www.sonnenseite.com\/wp-content\/uploads\/2018\/04\/Obst_Plastik_trexec.jpg\",\"datePublished\":\"2025-11-14T01:28:00+00:00\",\"description\":\"Welche innovativen Wege gibt es, um den Einsatz von Kunststoffen in Lebensmittelverpackungen zu reduzieren? Eine Reihe von Forschungsprojekten, die vom\",\"breadcrumb\":{\"@id\":\"https:\/\/www.sonnenseite.com\/de\/wirtschaft\/weniger-kunststoff-wie-lebensmittel-zukuenftig-nachhaltiger-verpackt-werden-koennen\/#breadcrumb\"},\"inLanguage\":\"de\",\"potentialAction\":[{\"@type\":\"ReadAction\",\"target\":[\"https:\/\/www.sonnenseite.com\/de\/wirtschaft\/weniger-kunststoff-wie-lebensmittel-zukuenftig-nachhaltiger-verpackt-werden-koennen\/\"]}]},{\"@type\":\"ImageObject\",\"inLanguage\":\"de\",\"@id\":\"https:\/\/www.sonnenseite.com\/de\/wirtschaft\/weniger-kunststoff-wie-lebensmittel-zukuenftig-nachhaltiger-verpackt-werden-koennen\/#primaryimage\",\"url\":\"https:\/\/www.sonnenseite.com\/wp-content\/uploads\/2018\/04\/Obst_Plastik_trexec.jpg\",\"contentUrl\":\"https:\/\/www.sonnenseite.com\/wp-content\/uploads\/2018\/04\/Obst_Plastik_trexec.jpg\",\"width\":770,\"height\":420,\"caption\":\"Depositphotos | trexec\"},{\"@type\":\"BreadcrumbList\",\"@id\":\"https:\/\/www.sonnenseite.com\/de\/wirtschaft\/weniger-kunststoff-wie-lebensmittel-zukuenftig-nachhaltiger-verpackt-werden-koennen\/#breadcrumb\",\"itemListElement\":[{\"@type\":\"ListItem\",\"position\":1,\"name\":\"Startseite\",\"item\":\"https:\/\/www.sonnenseite.com\/de\/\"},{\"@type\":\"ListItem\",\"position\":2,\"name\":\"Weniger Kunststoff: Wie Lebensmittel zuk\u00fcnftig nachhaltiger verpackt werden k\u00f6nnen\"}]},{\"@type\":\"WebSite\",\"@id\":\"https:\/\/www.sonnenseite.com\/de\/#website\",\"url\":\"https:\/\/www.sonnenseite.com\/de\/\",\"name\":\"Sonnenseite\",\"description\":\"\u00d6kologische Kommunikation mit Franz Alt\",\"publisher\":{\"@id\":\"https:\/\/www.sonnenseite.com\/de\/#organization\"},\"potentialAction\":[{\"@type\":\"SearchAction\",\"target\":{\"@type\":\"EntryPoint\",\"urlTemplate\":\"https:\/\/www.sonnenseite.com\/de\/?s={search_term_string}\"},\"query-input\":{\"@type\":\"PropertyValueSpecification\",\"valueRequired\":true,\"valueName\":\"search_term_string\"}}],\"inLanguage\":\"de\"},{\"@type\":\"Organization\",\"@id\":\"https:\/\/www.sonnenseite.com\/de\/#organization\",\"name\":\"Sonnenseite\",\"url\":\"https:\/\/www.sonnenseite.com\/de\/\",\"logo\":{\"@type\":\"ImageObject\",\"inLanguage\":\"de\",\"@id\":\"https:\/\/www.sonnenseite.com\/de\/#\/schema\/logo\/image\/\",\"url\":\"https:\/\/www.sonnenseite.com\/wp-content\/uploads\/2020\/05\/Sonnenseite_Logo.png\",\"contentUrl\":\"https:\/\/www.sonnenseite.com\/wp-content\/uploads\/2020\/05\/Sonnenseite_Logo.png\",\"width\":377,\"height\":90,\"caption\":\"Sonnenseite\"},\"image\":{\"@id\":\"https:\/\/www.sonnenseite.com\/de\/#\/schema\/logo\/image\/\"},\"sameAs\":[\"https:\/\/www.facebook.com\/pages\/Franz-Alt-SONNENSEITECOM\/221072987903953?fref=ts\",\"https:\/\/x.com\/franzalt\",\"http:\/\/www.youtube.com\/results?search_query&amp;amp;quot;franz_alt&amp;amp;quot;&amp;amp;amp;amp;search_type&amp;amp;amp;amp;aq=f\"]},{\"@type\":\"Person\",\"@id\":\"https:\/\/www.sonnenseite.com\/de\/#\/schema\/person\/50fda0e926597684c7cc6695238a4eb9\",\"name\":\"Bigi Alt\"}]}<\/script>\n<!-- \/ Yoast SEO plugin. -->","yoast_head_json":{"title":"Weniger Kunststoff: Wie Lebensmittel zuk\u00fcnftig nachhaltiger verpackt werden k\u00f6nnen - Sonnenseite - \u00d6kologische Kommunikation mit Franz Alt","description":"Welche innovativen Wege gibt es, um den Einsatz von Kunststoffen in Lebensmittelverpackungen zu reduzieren? Eine Reihe von Forschungsprojekten, die vom","robots":{"index":"index","follow":"follow","max-snippet":"max-snippet:-1","max-image-preview":"max-image-preview:large","max-video-preview":"max-video-preview:-1"},"canonical":"https:\/\/www.sonnenseite.com\/de\/wirtschaft\/weniger-kunststoff-wie-lebensmittel-zukuenftig-nachhaltiger-verpackt-werden-koennen\/","og_locale":"de_DE","og_type":"article","og_title":"Weniger Kunststoff: Wie Lebensmittel zuk\u00fcnftig nachhaltiger verpackt werden k\u00f6nnen - Sonnenseite - \u00d6kologische Kommunikation mit Franz Alt","og_description":"Welche innovativen Wege gibt es, um den Einsatz von Kunststoffen in Lebensmittelverpackungen zu reduzieren? Eine Reihe von Forschungsprojekten, die vom","og_url":"https:\/\/www.sonnenseite.com\/de\/wirtschaft\/weniger-kunststoff-wie-lebensmittel-zukuenftig-nachhaltiger-verpackt-werden-koennen\/","og_site_name":"Sonnenseite","article_publisher":"https:\/\/www.facebook.com\/pages\/Franz-Alt-SONNENSEITECOM\/221072987903953?fref=ts","article_published_time":"2025-11-14T01:28:00+00:00","og_image":[{"width":770,"height":420,"url":"https:\/\/www.sonnenseite.com\/wp-content\/uploads\/2018\/04\/Obst_Plastik_trexec.jpg","type":"image\/jpeg"}],"author":"Bigi Alt","twitter_card":"summary_large_image","twitter_creator":"@franzalt","twitter_site":"@franzalt","twitter_misc":{"Verfasst von":"Bigi Alt","Gesch\u00e4tzte Lesezeit":"4\u00a0Minuten"},"schema":{"@context":"https:\/\/schema.org","@graph":[{"@type":"Article","@id":"https:\/\/www.sonnenseite.com\/de\/wirtschaft\/weniger-kunststoff-wie-lebensmittel-zukuenftig-nachhaltiger-verpackt-werden-koennen\/#article","isPartOf":{"@id":"https:\/\/www.sonnenseite.com\/de\/wirtschaft\/weniger-kunststoff-wie-lebensmittel-zukuenftig-nachhaltiger-verpackt-werden-koennen\/"},"author":{"name":"Bigi Alt","@id":"https:\/\/www.sonnenseite.com\/de\/#\/schema\/person\/50fda0e926597684c7cc6695238a4eb9"},"headline":"Weniger Kunststoff: Wie Lebensmittel zuk\u00fcnftig nachhaltiger verpackt werden k\u00f6nnen","datePublished":"2025-11-14T01:28:00+00:00","mainEntityOfPage":{"@id":"https:\/\/www.sonnenseite.com\/de\/wirtschaft\/weniger-kunststoff-wie-lebensmittel-zukuenftig-nachhaltiger-verpackt-werden-koennen\/"},"wordCount":648,"publisher":{"@id":"https:\/\/www.sonnenseite.com\/de\/#organization"},"image":{"@id":"https:\/\/www.sonnenseite.com\/de\/wirtschaft\/weniger-kunststoff-wie-lebensmittel-zukuenftig-nachhaltiger-verpackt-werden-koennen\/#primaryimage"},"thumbnailUrl":"https:\/\/www.sonnenseite.com\/wp-content\/uploads\/2018\/04\/Obst_Plastik_trexec.jpg","articleSection":["Wirtschaft"],"inLanguage":"de"},{"@type":"WebPage","@id":"https:\/\/www.sonnenseite.com\/de\/wirtschaft\/weniger-kunststoff-wie-lebensmittel-zukuenftig-nachhaltiger-verpackt-werden-koennen\/","url":"https:\/\/www.sonnenseite.com\/de\/wirtschaft\/weniger-kunststoff-wie-lebensmittel-zukuenftig-nachhaltiger-verpackt-werden-koennen\/","name":"Weniger Kunststoff: Wie Lebensmittel zuk\u00fcnftig nachhaltiger verpackt werden k\u00f6nnen - Sonnenseite - \u00d6kologische Kommunikation mit Franz Alt","isPartOf":{"@id":"https:\/\/www.sonnenseite.com\/de\/#website"},"primaryImageOfPage":{"@id":"https:\/\/www.sonnenseite.com\/de\/wirtschaft\/weniger-kunststoff-wie-lebensmittel-zukuenftig-nachhaltiger-verpackt-werden-koennen\/#primaryimage"},"image":{"@id":"https:\/\/www.sonnenseite.com\/de\/wirtschaft\/weniger-kunststoff-wie-lebensmittel-zukuenftig-nachhaltiger-verpackt-werden-koennen\/#primaryimage"},"thumbnailUrl":"https:\/\/www.sonnenseite.com\/wp-content\/uploads\/2018\/04\/Obst_Plastik_trexec.jpg","datePublished":"2025-11-14T01:28:00+00:00","description":"Welche innovativen Wege gibt es, um den Einsatz von Kunststoffen in Lebensmittelverpackungen zu reduzieren? Eine Reihe von Forschungsprojekten, die vom","breadcrumb":{"@id":"https:\/\/www.sonnenseite.com\/de\/wirtschaft\/weniger-kunststoff-wie-lebensmittel-zukuenftig-nachhaltiger-verpackt-werden-koennen\/#breadcrumb"},"inLanguage":"de","potentialAction":[{"@type":"ReadAction","target":["https:\/\/www.sonnenseite.com\/de\/wirtschaft\/weniger-kunststoff-wie-lebensmittel-zukuenftig-nachhaltiger-verpackt-werden-koennen\/"]}]},{"@type":"ImageObject","inLanguage":"de","@id":"https:\/\/www.sonnenseite.com\/de\/wirtschaft\/weniger-kunststoff-wie-lebensmittel-zukuenftig-nachhaltiger-verpackt-werden-koennen\/#primaryimage","url":"https:\/\/www.sonnenseite.com\/wp-content\/uploads\/2018\/04\/Obst_Plastik_trexec.jpg","contentUrl":"https:\/\/www.sonnenseite.com\/wp-content\/uploads\/2018\/04\/Obst_Plastik_trexec.jpg","width":770,"height":420,"caption":"Depositphotos | trexec"},{"@type":"BreadcrumbList","@id":"https:\/\/www.sonnenseite.com\/de\/wirtschaft\/weniger-kunststoff-wie-lebensmittel-zukuenftig-nachhaltiger-verpackt-werden-koennen\/#breadcrumb","itemListElement":[{"@type":"ListItem","position":1,"name":"Startseite","item":"https:\/\/www.sonnenseite.com\/de\/"},{"@type":"ListItem","position":2,"name":"Weniger Kunststoff: Wie Lebensmittel zuk\u00fcnftig nachhaltiger verpackt werden k\u00f6nnen"}]},{"@type":"WebSite","@id":"https:\/\/www.sonnenseite.com\/de\/#website","url":"https:\/\/www.sonnenseite.com\/de\/","name":"Sonnenseite","description":"\u00d6kologische Kommunikation mit Franz Alt","publisher":{"@id":"https:\/\/www.sonnenseite.com\/de\/#organization"},"potentialAction":[{"@type":"SearchAction","target":{"@type":"EntryPoint","urlTemplate":"https:\/\/www.sonnenseite.com\/de\/?s={search_term_string}"},"query-input":{"@type":"PropertyValueSpecification","valueRequired":true,"valueName":"search_term_string"}}],"inLanguage":"de"},{"@type":"Organization","@id":"https:\/\/www.sonnenseite.com\/de\/#organization","name":"Sonnenseite","url":"https:\/\/www.sonnenseite.com\/de\/","logo":{"@type":"ImageObject","inLanguage":"de","@id":"https:\/\/www.sonnenseite.com\/de\/#\/schema\/logo\/image\/","url":"https:\/\/www.sonnenseite.com\/wp-content\/uploads\/2020\/05\/Sonnenseite_Logo.png","contentUrl":"https:\/\/www.sonnenseite.com\/wp-content\/uploads\/2020\/05\/Sonnenseite_Logo.png","width":377,"height":90,"caption":"Sonnenseite"},"image":{"@id":"https:\/\/www.sonnenseite.com\/de\/#\/schema\/logo\/image\/"},"sameAs":["https:\/\/www.facebook.com\/pages\/Franz-Alt-SONNENSEITECOM\/221072987903953?fref=ts","https:\/\/x.com\/franzalt","http:\/\/www.youtube.com\/results?search_query&amp;amp;quot;franz_alt&amp;amp;quot;&amp;amp;amp;amp;search_type&amp;amp;amp;amp;aq=f"]},{"@type":"Person","@id":"https:\/\/www.sonnenseite.com\/de\/#\/schema\/person\/50fda0e926597684c7cc6695238a4eb9","name":"Bigi Alt"}]}},"_links":{"self":[{"href":"https:\/\/www.sonnenseite.com\/de\/wp-json\/wp\/v2\/posts\/110840","targetHints":{"allow":["GET"]}}],"collection":[{"href":"https:\/\/www.sonnenseite.com\/de\/wp-json\/wp\/v2\/posts"}],"about":[{"href":"https:\/\/www.sonnenseite.com\/de\/wp-json\/wp\/v2\/types\/post"}],"author":[{"embeddable":true,"href":"https:\/\/www.sonnenseite.com\/de\/wp-json\/wp\/v2\/users\/3"}],"replies":[{"embeddable":true,"href":"https:\/\/www.sonnenseite.com\/de\/wp-json\/wp\/v2\/comments?post=110840"}],"version-history":[{"count":1,"href":"https:\/\/www.sonnenseite.com\/de\/wp-json\/wp\/v2\/posts\/110840\/revisions"}],"predecessor-version":[{"id":110841,"href":"https:\/\/www.sonnenseite.com\/de\/wp-json\/wp\/v2\/posts\/110840\/revisions\/110841"}],"wp:featuredmedia":[{"embeddable":true,"href":"https:\/\/www.sonnenseite.com\/de\/wp-json\/wp\/v2\/media\/19027"}],"wp:attachment":[{"href":"https:\/\/www.sonnenseite.com\/de\/wp-json\/wp\/v2\/media?parent=110840"}],"wp:term":[{"taxonomy":"category","embeddable":true,"href":"https:\/\/www.sonnenseite.com\/de\/wp-json\/wp\/v2\/categories?post=110840"},{"taxonomy":"post_tag","embeddable":true,"href":"https:\/\/www.sonnenseite.com\/de\/wp-json\/wp\/v2\/tags?post=110840"}],"curies":[{"name":"wp","href":"https:\/\/api.w.org\/{rel}","templated":true}]}}