{"id":110899,"date":"2025-11-15T09:54:57","date_gmt":"2025-11-15T08:54:57","guid":{"rendered":"https:\/\/www.sonnenseite.com\/?p=110899"},"modified":"2025-11-15T09:54:58","modified_gmt":"2025-11-15T08:54:58","slug":"globale-co%e2%82%82-emissionen-von-wegen-trendwende","status":"publish","type":"post","link":"https:\/\/www.sonnenseite.com\/de\/umwelt\/globale-co%e2%82%82-emissionen-von-wegen-trendwende\/","title":{"rendered":"Globale CO\u2082-Emissionen: Von wegen Trendwende"},"content":{"rendered":"\n<p>Die weltweiten CO<sub>2<\/sub>-Emissionen steigen auch dieses Jahr weiter, zeigt der neue Bericht des Global Carbon Project. Zwar sinkt der CO<sub>2<\/sub>-Aussto\u00df in der EU und nun auch in China. Aber das reicht noch lange nicht. Von Tine Heni<a href=\"whatsapp:\/\/send?text=%20https:\/\/www.klimareporter.de\/erdsystem\/globale-co2-emissionen-von-wegen-trendwende\" target=\"_blank\" rel=\"noreferrer noopener\"><\/a><a href=\"mailto:?subject=Lesetipp%3A%20Globale%20CO%E2%82%82-Emissionen%3A%20Von%20wegen%20Trendwende%20%E2%80%93%20Klimareporter%C2%B0&amp;body=Globale%20CO%E2%82%82-Emissionen%3A%20Von%20wegen%20Trendwende%20%E2%80%93%20https%3A%2F%2Fwww.klimareporter.de%2Ferdsystem%2Fglobale-co2-emissionen-von-wegen-trendwende%0D%0ADie%20CO%E2%82%82-Emissionen%20steigen%20auch%202025%20weiter%2C%20zeigt%20der%20Bericht%20des%20Global%20Carbon%20Project.%20Zwar%20sinkt%20der%20Aussto%C3%9F%20in%20der%20EU%20und%20nun%20auch%20in%20China.%20Aber%20das%20reich\"><\/a><\/p>\n\n\n\n<p>Eine erfreuliche Nachricht in den dunklen Zeiten: Chinas CO<sub>2<\/sub>-Emissionen sinken. Und das bereits seit M\u00e4rz 2024, wie <em>Carbon Brief<\/em>, ein britisches Fachmedium, Anfang der Woche <a href=\"https:\/\/www.carbonbrief.org\/analysis-chinas-co2-emissions-have-now-been-flat-or-falling-for-18-months\/\" target=\"_blank\" rel=\"noreferrer noopener\">meldete<\/a>.<\/p>\n\n\n\n<p>Konkret sei der CO<sub>2<\/sub>-Aussto\u00df der Volksrepublik in der ersten H\u00e4lfte des Jahres 2025 im Vergleich zum Vorjahreszeitraum um etwa ein Prozent geschrumpft.<\/p>\n\n\n\n<p>Doch jetzt gibt es Einspruch zu dieser Aussage. Denn laut dem neuen Bericht des internationalen <a href=\"https:\/\/www.globalcarbonproject.org\/\" target=\"_blank\" rel=\"noreferrer noopener\">Global Carbon Project<\/a>, das mit dem Weltklimaforschungsprogramm <a href=\"https:\/\/en.wikipedia.org\/wiki\/World_Climate_Research_Programme\" target=\"_blank\" rel=\"noreferrer noopener\">WCRP<\/a> kooperiert, sind die chinesischen CO<sub>2<\/sub>-Emissionen 2025 doch noch gestiegen. Sie l\u00e4gen knapp ein halbes Prozent h\u00f6her als 2024.<\/p>\n\n\n\n<p>Wie kann das sein? Zun\u00e4chst ist zu beachten, dass die Abweichung gering ist. Die beiden Prozentwerte liegen nicht besonders weit auseinander.<\/p>\n\n\n\n<p>Au\u00dferdem haben die Forscher:innen im Global Carbon Report ber\u00fccksichtigt, dass 2024 ein Schaltjahr war und somit etwas mehr Zeit blieb, um fossile Brennstoffe zu verbrennen. &#8222;Das macht bei so kleinen Zahlen dann schon einen Unterschied&#8220;, sagt Mitautorin <a href=\"https:\/\/www.awi.de\/ueber-uns\/service\/judith-hauck.html\" target=\"_blank\" rel=\"noreferrer noopener\">Judith Hauck<\/a> vom Alfred-Wegener-Institut in Bremerhaven.<\/p>\n\n\n\n<p>Es gebe zudem eine Sch\u00e4tzunsicherheit. &#8222;Unsere Sch\u00e4tzungen liegen konkret zwischen minus 0,9 und plus zwei Prozent&#8220;, so Hauck. Entsprechend seien stagnierende oder sogar <a href=\"https:\/\/www.klimareporter.de\/international\/der-wandel-braucht-mehr-als-neue-solar-und-wind-kapazitaeten\" target=\"_blank\" rel=\"noreferrer noopener\">sinkende CO<sub>2<\/sub>-Werte f\u00fcr China<\/a> auch laut dem Global Carbon Report durchaus m\u00f6glich.<\/p>\n\n\n\n<h4 class=\"wp-block-heading\">&#8222;Zunehmend beunruhigend&#8220;<\/h4>\n\n\n\n<p>In der Europ\u00e4ischen Union entwickeln sich die CO<sub>2<\/sub>-Emissionen laut dem Bericht derweil ganz \u00e4hnlich wie in China: Gegen\u00fcber 2024 sind sie ebenfalls um knapp ein halbes Prozent angestiegen. Und auch hier ist es denkbar, dass sie in Wahrheit gleich geblieben oder sogar geschrumpft sind. Die Gr\u00fcnde sind vielf\u00e4ltig, beispielsweise hat der Solarausbau <a href=\"https:\/\/www.klimareporter.de\/international\/die-eu-dreht-auf-die-usa-stuerzen-ab\" target=\"_blank\" rel=\"noreferrer noopener\">zugelegt<\/a>.<\/p>\n\n\n\n<p>Grund zum Feiern besteht trotzdem nicht. Denn in vielen Weltregionen haben sich die fossilen CO<sub>2<\/sub>-Emissionen deutlich erh\u00f6ht.<\/p>\n\n\n\n<p>So nahm in <a href=\"https:\/\/www.klimareporter.de\/international\/die-eu-dreht-auf-die-usa-stuerzen-ab\" target=\"_blank\" rel=\"noreferrer noopener\">den USA<\/a> der CO<sub>2<\/sub>-Aussto\u00df um fast zwei Prozent zu, in Indien waren es rund 1,5 Prozent. Und auch in allen restlichen L\u00e4ndern zusammengerechnet wuchsen die CO<sub>2<\/sub>-Emissionen um mehr als ein Prozent.<\/p>\n\n\n\n<p>Somit steigt der globale CO<sub>2<\/sub>-Aussto\u00df weiter. Insgesamt liegt er im Jahr 2025 bei knapp 38 Milliarden Tonnen und damit um 1,1 Prozent h\u00f6her als im Vorjahr.<\/p>\n\n\n\n<p>Bezogen auf die Quellen zeigen die Projektionen, dass die globalen Emissionen aus fossilen Rohstoffen&nbsp;\u2013 <a href=\"https:\/\/www.klimareporter.de\/strom\/kohleboom-statt-klimaschutz\" target=\"_blank\" rel=\"noreferrer noopener\">Kohle<\/a>, \u00d6l und Gas&nbsp;\u2013 in diesem Jahr nochmals ansteigen. In Europa sinken zwar die Emissionen aus der Kohleverbrennung, aber die Emissionen aus \u00d6l und Gas steigen an.<\/p>\n\n\n\n<p>Damit folgt der Anstieg dem Trend der letzten Jahre&nbsp;\u2013 auch 2024 <a href=\"https:\/\/www.klimareporter.de\/gesellschaft\/der-peak-beim-co2-liegt-noch-vor-uns\" target=\"_blank\" rel=\"noreferrer noopener\">nahmen die Emissionen zu<\/a>. Ein Trend, der bereits seit \u00fcber 50 Jahren anh\u00e4lt.<\/p>\n\n\n\n<p>&#8222;Die positiven Geschichten, die wir erz\u00e4hlen, werden immer wieder von diesen anderweitigen Trends \u00fcberschattet&#8220;, kommentiert <a href=\"https:\/\/www.pik-potsdam.de\/members\/minx\" target=\"_blank\" rel=\"noreferrer noopener\">Jan Minx<\/a> vom Potsdam-Institut f\u00fcr Klimafolgenforschung den Bericht, an dem er selbst nicht beteiligt war. &#8222;Und es wird zunehmend beunruhigend, dass wir diese Trendwende als globale Gesellschaft einfach nicht hinbekommen.&#8220;<\/p>\n\n\n\n<h4 class=\"wp-block-heading\">Dekarbonisierung schreitet voran<\/h4>\n\n\n\n<p>So weit die schlechten Nachrichten, jetzt zu den guten: Die Dekarbonisierung der Energiesysteme schreitet trotzdem in vielen L\u00e4ndern voran.<\/p>\n\n\n\n<p>Denn die weltweiten CO<sub>2<\/sub>-Emissionen sind zwischen 2015 und 2024 wesentlich langsamer angestiegen als in den zehn Jahren davor. In dieser Dekade stiegen sie nur um durchschnittlich 0,3 Prozent pro Jahr, in den zehn Jahren davor waren es noch j\u00e4hrlich fast zwei Prozent.\u00a0<a href=\"https:\/\/www.klimareporter.de\/images\/karo3imgmanager\/resized\/standard-1\/shutterstock-2461386819-1100-733-80-ccb.webp\"><\/a><\/p>\n\n\n\n<p>Insgesamt ist es sogar 35 L\u00e4ndern&nbsp;\u2013 darunter den USA und der EU&nbsp;\u2013 in den letzten zehn Jahren gelungen, ihren fossilen CO<sub>2<\/sub>-Aussto\u00df zu reduzieren, <a href=\"https:\/\/www.klimareporter.de\/gesellschaft\/so-schlimm-ist-es-gar-nicht\" target=\"_blank\" rel=\"noreferrer noopener\">w\u00e4hrend<\/a> ihre Volkswirtschaften wuchsen. In der Dekade davor waren es nur knapp halb so viele L\u00e4nder.<\/p>\n\n\n\n<p>&#8222;Und diese L\u00e4nder liegen nicht mehr nur in Europa, wo die Klimavorreiterrolle traditionell gesehen wird&#8220;, betont Umweltforscherin Hauck. &#8222;Jetzt sind <a href=\"https:\/\/www.klimareporter.de\/strom\/gratis-strom-zur-mittagszeit\" target=\"_blank\" rel=\"noreferrer noopener\">Australien<\/a>, S\u00fcdkorea, Taiwan, <a href=\"https:\/\/www.klimareporter.de\/international\/suedostasien-setzt-endlich-auf-erneuerbare\" target=\"_blank\" rel=\"noreferrer noopener\">Thailand<\/a>, Jordanien hinzugekommen. Auch au\u00dferhalb Europas bewegt sich etwas.&#8220;<\/p>\n\n\n\n<p>Ein weiterer Grund zur Hoffnung sind die sinkenden <a href=\"https:\/\/www.klimareporter.de\/tag\/landnutzung\" target=\"_blank\" rel=\"noreferrer noopener\">Landnutzungsemissionen<\/a>, also der CO<sub>2<\/sub>-Aussto\u00df, der durch die Trockenlegung von Mooren oder das Abbrennen von W\u00e4ldern entsteht.<\/p>\n\n\n\n<p>Die Top-drei-Emittenten bei der Landnutzung sind diejenigen tropischen Regionen, die auf den jeweiligen Kontinenten einen gro\u00dfen Regenwaldanteil haben: Brasilien, <a href=\"https:\/\/www.klimareporter.de\/tag\/indonesien\" target=\"_blank\" rel=\"noreferrer noopener\">Indonesien<\/a> und Kongo. Zusammen verursachten <a href=\"https:\/\/www.klimareporter.de\/erdsystem\/waldvernichtung-auf-hohem-niveau\" target=\"_blank\" rel=\"noreferrer noopener\">diese drei L\u00e4nder<\/a> fast zwei Drittel der Landnutzungsemissionen des letzten Jahrzehnts.<\/p>\n\n\n\n<p>Doch auch hier gibt es positive Nachrichten, denn besonders in Brasilien sieht man den Erfolg der umweltpolitischen Ma\u00dfnahmen. Seit Pr\u00e4sident Lula da Silva 2023 erneut das <a href=\"https:\/\/www.klimareporter.de\/klimakonferenzen\/lula-retter-des-regenwaldes-und-des-klimas\" target=\"_blank\" rel=\"noreferrer noopener\">Amt \u00fcbernommen<\/a> hat, haben sich die Entwaldungsraten halbiert, wie <a href=\"https:\/\/www.klimareporter.de\/erdsystem\/langlebige-co2-speicherung-ist-noch-nicht-definiert\" target=\"_blank\" rel=\"noreferrer noopener\">Julia Pongratz<\/a>, Professorin an der Ludwig-Maximilians-Universit\u00e4t M\u00fcnchen, erkl\u00e4rt.<\/p>\n\n\n\n<p>&#8222;Der R\u00fcckgang der Emissionen aus der Landnutzung zeigt, wie erfolgreich Umweltpolitik sein kann&#8220;, sagt Landnutzungsexpertin Pongratz, ebenfalls Mitautorin des Berichts. &#8222;Die Entwaldungsraten im Amazonasgebiet sind zur\u00fcckgegangen und befinden sich in dieser Saison auf dem niedrigsten Stand seit 2014.&#8220;<\/p>\n\n\n\n<h4 class=\"wp-block-heading\">Trendwende reicht nicht&nbsp;\u2013 nur die Netto-Null z\u00e4hlt<\/h4>\n\n\n\n<p>&#8222;Trotzdem muss man bitte im Kopf behalten: N\u00f6tig ist zwar erstmal die Trendwende, aber dann brauchen wir vor allem <a href=\"https:\/\/www.klimareporter.de\/finanzen-wirtschaft\/klimaneutral-werden-gar-nicht-so-teuer\" target=\"_blank\" rel=\"noreferrer noopener\">Netto-Null-Emission<\/a>&#8222;, mahnt Klimaforscherin Pongratz. &#8222;Und das ist dann auch noch mal ein ganz weiter Weg.&#8220;<\/p>\n\n\n\n<p>Denn bereits jetzt ist das verbleibende CO<sub>2<\/sub>-Budget, um die globale Erw\u00e4rmung mit 50 Prozent Wahrscheinlichkeit auf 1,5 Grad zu begrenzen, praktisch aufgebraucht: Wenn das aktuelle Emissionsniveau gehalten wird, verbleiben <a href=\"https:\/\/www.klimareporter.de\/erdsystem\/co2-budget-wesentlich-kleiner-als-gedacht\" target=\"_blank\" rel=\"noreferrer noopener\">nur noch vier Jahre<\/a>, um das anzustrebende Erw\u00e4rmungslimit aus dem <a href=\"https:\/\/www.klimareporter.de\/klimakonferenzen\/so-geht-klimaschutz-im-21-jahrhundert\" target=\"_blank\" rel=\"noreferrer noopener\">Pariser Klimavertrag<\/a> einzuhalten.<\/p>\n\n\n\n<p>Um die Erw\u00e4rmung bei zwei Grad zu stoppen&nbsp;\u2013 das Minimalziel von Paris und eigentlich <a href=\"https:\/\/www.klimareporter.de\/erdsystem\/kipppunkte-1-5-grad-sind-kein-richtwert-sondern-ein-limit\" target=\"_blank\" rel=\"noreferrer noopener\">schon zu riskant<\/a>&nbsp;\u2013, w\u00fcrde das CO<sub>2<\/sub>-Budget derzeit noch 25 Jahre reichen, auch dies nur mit einer 50-prozentigen Chance.&nbsp;<\/p>\n\n\n\n<p>&#8222;Die internationalen Klimaziele werden zunehmend schwerer erreichbar&#8220;, kommentiert Nachhaltigkeitsforscher Minx. &#8222;Wir d\u00fcrfen nicht untersch\u00e4tzen, dass wir jedes Jahr, in dem wir die Trendwende nicht schaffen, weniger Zeit haben und dass wir dann von einem h\u00f6heren Sockel runterm\u00fcssen. Denn eins ist ja klar: Wo wir hinm\u00fcssen, das \u00e4ndert sich nicht.&#8220;<\/p>\n\n\n<h5 class=\"green\">Quelle<\/h5>\r\n\n\n\n<p>Der Bericht wurde von der\u00a0<a href=\"https:\/\/www.klimareporter.de\/erdsystem\/globale-co2-emissionen-von-wegen-trendwende\">Redaktion \u201eklimareporter.de\u201c (Tine Heni) 2025<\/a>\u00a0verfasst &#8211; der Artikel darf nicht ohne Genehmigung\u00a0(<a href=\"mailto:post@klimareporter.de\">post@klimareporter.de<\/a>) weiterverbreitet werden!\u00a0<\/p>\n<div class=\"shariff shariff-align-flex-start shariff-widget-align-flex-start\"><div class=\"ShariffHeadline\">Diese Meldung teilen<\/div><ul class=\"shariff-buttons theme-round orientation-horizontal buttonsize-medium\"><li class=\"shariff-button facebook shariff-nocustomcolor\" style=\"background-color:#4273c8;border-radius:1%\"><a href=\"https:\/\/www.facebook.com\/sharer\/sharer.php?u=https%3A%2F%2Fwww.sonnenseite.com%2Fde%2Fumwelt%2Fglobale-co%25e2%2582%2582-emissionen-von-wegen-trendwende%2F\" title=\"Bei Facebook teilen\" aria-label=\"Bei Facebook teilen\" role=\"button\" rel=\"nofollow\" class=\"shariff-link\" style=\";border-radius:1%; background-color:#3b5998; color:#fff\" target=\"_blank\"><span class=\"shariff-icon\" style=\"\"><svg width=\"32px\" height=\"20px\" xmlns=\"http:\/\/www.w3.org\/2000\/svg\" viewBox=\"0 0 18 32\"><path fill=\"#3b5998\" d=\"M17.1 0.2v4.7h-2.8q-1.5 0-2.1 0.6t-0.5 1.9v3.4h5.2l-0.7 5.3h-4.5v13.6h-5.5v-13.6h-4.5v-5.3h4.5v-3.9q0-3.3 1.9-5.2t5-1.8q2.6 0 4.1 0.2z\"\/><\/svg><\/span><\/a><\/li><li class=\"shariff-button twitter shariff-nocustomcolor\" style=\"background-color:#595959;border-radius:1%\"><a href=\"https:\/\/twitter.com\/share?url=https%3A%2F%2Fwww.sonnenseite.com%2Fde%2Fumwelt%2Fglobale-co%25e2%2582%2582-emissionen-von-wegen-trendwende%2F&text=Globale%20CO%E2%82%82-Emissionen%3A%20Von%20wegen%20Trendwende\" title=\"Bei X teilen\" aria-label=\"Bei X teilen\" role=\"button\" rel=\"noopener nofollow\" class=\"shariff-link\" style=\";border-radius:1%; background-color:#000; color:#fff\" target=\"_blank\"><span class=\"shariff-icon\" style=\"\"><svg width=\"32px\" height=\"20px\" xmlns=\"http:\/\/www.w3.org\/2000\/svg\" viewBox=\"0 0 24 24\"><path fill=\"#000\" d=\"M14.258 10.152L23.176 0h-2.113l-7.747 8.813L7.133 0H0l9.352 13.328L0 23.973h2.113l8.176-9.309 6.531 9.309h7.133zm-2.895 3.293l-.949-1.328L2.875 1.56h3.246l6.086 8.523.945 1.328 7.91 11.078h-3.246zm0 0\"\/><\/svg><\/span><\/a><\/li><li class=\"shariff-button xing shariff-nocustomcolor\" style=\"background-color:#29888a;border-radius:1%\"><a href=\"https:\/\/www.xing.com\/spi\/shares\/new?url=https%3A%2F%2Fwww.sonnenseite.com%2Fde%2Fumwelt%2Fglobale-co%25e2%2582%2582-emissionen-von-wegen-trendwende%2F\" title=\"Bei XING teilen\" aria-label=\"Bei XING teilen\" role=\"button\" rel=\"noopener nofollow\" class=\"shariff-link\" style=\";border-radius:1%; background-color:#126567; color:#fff\" target=\"_blank\"><span class=\"shariff-icon\" style=\"\"><svg width=\"32px\" height=\"20px\" xmlns=\"http:\/\/www.w3.org\/2000\/svg\" viewBox=\"0 0 25 32\"><path fill=\"#126567\" d=\"M10.7 11.9q-0.2 0.3-4.6 8.2-0.5 0.8-1.2 0.8h-4.3q-0.4 0-0.5-0.3t0-0.6l4.5-8q0 0 0 0l-2.9-5q-0.2-0.4 0-0.7 0.2-0.3 0.5-0.3h4.3q0.7 0 1.2 0.8zM25.1 0.4q0.2 0.3 0 0.7l-9.4 16.7 6 11q0.2 0.4 0 0.6-0.2 0.3-0.6 0.3h-4.3q-0.7 0-1.2-0.8l-6-11.1q0.3-0.6 9.5-16.8 0.4-0.8 1.2-0.8h4.3q0.4 0 0.5 0.3z\"\/><\/svg><\/span><\/a><\/li><li class=\"shariff-button linkedin shariff-nocustomcolor\" style=\"background-color:#1488bf;border-radius:1%\"><a href=\"https:\/\/www.linkedin.com\/sharing\/share-offsite\/?url=https%3A%2F%2Fwww.sonnenseite.com%2Fde%2Fumwelt%2Fglobale-co%25e2%2582%2582-emissionen-von-wegen-trendwende%2F\" title=\"Bei LinkedIn teilen\" aria-label=\"Bei LinkedIn teilen\" role=\"button\" rel=\"noopener nofollow\" class=\"shariff-link\" style=\";border-radius:1%; background-color:#0077b5; color:#fff\" target=\"_blank\"><span class=\"shariff-icon\" style=\"\"><svg width=\"32px\" height=\"20px\" xmlns=\"http:\/\/www.w3.org\/2000\/svg\" viewBox=\"0 0 27 32\"><path fill=\"#0077b5\" d=\"M6.2 11.2v17.7h-5.9v-17.7h5.9zM6.6 5.7q0 1.3-0.9 2.2t-2.4 0.9h0q-1.5 0-2.4-0.9t-0.9-2.2 0.9-2.2 2.4-0.9 2.4 0.9 0.9 2.2zM27.4 18.7v10.1h-5.9v-9.5q0-1.9-0.7-2.9t-2.3-1.1q-1.1 0-1.9 0.6t-1.2 1.5q-0.2 0.5-0.2 1.4v9.9h-5.9q0-7.1 0-11.6t0-5.3l0-0.9h5.9v2.6h0q0.4-0.6 0.7-1t1-0.9 1.6-0.8 2-0.3q3 0 4.9 2t1.9 6z\"\/><\/svg><\/span><\/a><\/li><li class=\"shariff-button printer shariff-nocustomcolor\" style=\"background-color:#a8a8a8;border-radius:1%\"><a href=\"javascript:window.print()\" title=\"drucken\" aria-label=\"drucken\" role=\"button\" rel=\"noopener nofollow\" class=\"shariff-link\" style=\";border-radius:1%; background-color:#999; color:#fff\"><span class=\"shariff-icon\" style=\"\"><svg width=\"32px\" height=\"20px\" xmlns=\"http:\/\/www.w3.org\/2000\/svg\" viewBox=\"0 0 30 32\"><path fill=\"#999\" d=\"M6.8 27.4h16v-4.6h-16v4.6zM6.8 16h16v-6.8h-2.8q-0.7 0-1.2-0.5t-0.5-1.2v-2.8h-11.4v11.4zM27.4 17.2q0-0.5-0.3-0.8t-0.8-0.4-0.8 0.4-0.3 0.8 0.3 0.8 0.8 0.3 0.8-0.3 0.3-0.8zM29.7 17.2v7.4q0 0.2-0.2 0.4t-0.4 0.2h-4v2.8q0 0.7-0.5 1.2t-1.2 0.5h-17.2q-0.7 0-1.2-0.5t-0.5-1.2v-2.8h-4q-0.2 0-0.4-0.2t-0.2-0.4v-7.4q0-1.4 1-2.4t2.4-1h1.2v-9.7q0-0.7 0.5-1.2t1.2-0.5h12q0.7 0 1.6 0.4t1.3 0.8l2.7 2.7q0.5 0.5 0.9 1.4t0.4 1.6v4.6h1.1q1.4 0 2.4 1t1 2.4z\"\/><\/svg><\/span><\/a><\/li><li class=\"shariff-button mailto shariff-nocustomcolor\" style=\"background-color:#a8a8a8;border-radius:1%\"><a href=\"mailto:?body=https%3A%2F%2Fwww.sonnenseite.com%2Fde%2Fumwelt%2Fglobale-co%25e2%2582%2582-emissionen-von-wegen-trendwende%2F&subject=Globale%20CO%E2%82%82-Emissionen%3A%20Von%20wegen%20Trendwende\" title=\"Per E-Mail versenden\" aria-label=\"Per E-Mail versenden\" role=\"button\" rel=\"noopener nofollow\" class=\"shariff-link\" style=\";border-radius:1%; background-color:#999; color:#fff\"><span class=\"shariff-icon\" style=\"\"><svg width=\"32px\" height=\"20px\" xmlns=\"http:\/\/www.w3.org\/2000\/svg\" viewBox=\"0 0 32 32\"><path fill=\"#999\" d=\"M32 12.7v14.2q0 1.2-0.8 2t-2 0.9h-26.3q-1.2 0-2-0.9t-0.8-2v-14.2q0.8 0.9 1.8 1.6 6.5 4.4 8.9 6.1 1 0.8 1.6 1.2t1.7 0.9 2 0.4h0.1q0.9 0 2-0.4t1.7-0.9 1.6-1.2q3-2.2 8.9-6.1 1-0.7 1.8-1.6zM32 7.4q0 1.4-0.9 2.7t-2.2 2.2q-6.7 4.7-8.4 5.8-0.2 0.1-0.7 0.5t-1 0.7-0.9 0.6-1.1 0.5-0.9 0.2h-0.1q-0.4 0-0.9-0.2t-1.1-0.5-0.9-0.6-1-0.7-0.7-0.5q-1.6-1.1-4.7-3.2t-3.6-2.6q-1.1-0.7-2.1-2t-1-2.5q0-1.4 0.7-2.3t2.1-0.9h26.3q1.2 0 2 0.8t0.9 2z\"\/><\/svg><\/span><\/a><\/li><\/ul><\/div>","protected":false},"excerpt":{"rendered":"<p>Die weltweiten CO2-Emissionen steigen auch dieses Jahr weiter, zeigt der neue Bericht des Global Carbon Project. [&hellip;]<\/p>\n","protected":false},"author":3,"featured_media":17547,"comment_status":"closed","ping_status":"closed","sticky":false,"template":"","format":"standard","meta":{"inline_featured_image":false,"footnotes":""},"categories":[23],"tags":[],"class_list":["post-110899","post","type-post","status-publish","format-standard","has-post-thumbnail","hentry","category-umwelt"],"yoast_head":"<!-- This site is optimized with the Yoast SEO plugin v26.5 - https:\/\/yoast.com\/wordpress\/plugins\/seo\/ -->\n<title>Globale CO\u2082-Emissionen: Von wegen Trendwende - Sonnenseite - \u00d6kologische Kommunikation mit Franz Alt<\/title>\n<meta name=\"description\" content=\"Die weltweiten CO2-Emissionen steigen auch dieses Jahr weiter, zeigt der neue Bericht des Global Carbon Project. Zwar sinkt der CO2-Aussto\u00df in der EU und\" \/>\n<meta name=\"robots\" content=\"index, follow, max-snippet:-1, max-image-preview:large, max-video-preview:-1\" \/>\n<link rel=\"canonical\" href=\"https:\/\/www.sonnenseite.com\/de\/umwelt\/globale-co%e2%82%82-emissionen-von-wegen-trendwende\/\" \/>\n<meta property=\"og:locale\" content=\"de_DE\" \/>\n<meta property=\"og:type\" content=\"article\" \/>\n<meta property=\"og:title\" content=\"Globale CO\u2082-Emissionen: Von wegen Trendwende - Sonnenseite - \u00d6kologische Kommunikation mit Franz Alt\" \/>\n<meta property=\"og:description\" content=\"Die weltweiten CO2-Emissionen steigen auch dieses Jahr weiter, zeigt der neue Bericht des Global Carbon Project. Zwar sinkt der CO2-Aussto\u00df in der EU und\" \/>\n<meta property=\"og:url\" content=\"https:\/\/www.sonnenseite.com\/de\/umwelt\/globale-co%e2%82%82-emissionen-von-wegen-trendwende\/\" \/>\n<meta property=\"og:site_name\" content=\"Sonnenseite\" \/>\n<meta property=\"article:publisher\" content=\"https:\/\/www.facebook.com\/pages\/Franz-Alt-SONNENSEITECOM\/221072987903953?fref=ts\" \/>\n<meta property=\"article:published_time\" content=\"2025-11-15T08:54:57+00:00\" \/>\n<meta property=\"article:modified_time\" content=\"2025-11-15T08:54:58+00:00\" \/>\n<meta property=\"og:image\" content=\"https:\/\/www.sonnenseite.com\/wp-content\/uploads\/2018\/06\/CO2_drizzd.jpg\" \/>\n\t<meta property=\"og:image:width\" content=\"770\" \/>\n\t<meta property=\"og:image:height\" content=\"420\" \/>\n\t<meta property=\"og:image:type\" content=\"image\/jpeg\" \/>\n<meta name=\"author\" content=\"Bigi Alt\" \/>\n<meta name=\"twitter:card\" content=\"summary_large_image\" \/>\n<meta name=\"twitter:creator\" content=\"@franzalt\" \/>\n<meta name=\"twitter:site\" content=\"@franzalt\" \/>\n<meta name=\"twitter:label1\" content=\"Verfasst von\" \/>\n\t<meta name=\"twitter:data1\" content=\"Bigi Alt\" \/>\n\t<meta name=\"twitter:label2\" content=\"Gesch\u00e4tzte Lesezeit\" \/>\n\t<meta name=\"twitter:data2\" content=\"6\u00a0Minuten\" \/>\n<script type=\"application\/ld+json\" class=\"yoast-schema-graph\">{\"@context\":\"https:\/\/schema.org\",\"@graph\":[{\"@type\":\"Article\",\"@id\":\"https:\/\/www.sonnenseite.com\/de\/umwelt\/globale-co%e2%82%82-emissionen-von-wegen-trendwende\/#article\",\"isPartOf\":{\"@id\":\"https:\/\/www.sonnenseite.com\/de\/umwelt\/globale-co%e2%82%82-emissionen-von-wegen-trendwende\/\"},\"author\":{\"name\":\"Bigi Alt\",\"@id\":\"https:\/\/www.sonnenseite.com\/de\/#\/schema\/person\/50fda0e926597684c7cc6695238a4eb9\"},\"headline\":\"Globale CO\u2082-Emissionen: Von wegen Trendwende\",\"datePublished\":\"2025-11-15T08:54:57+00:00\",\"dateModified\":\"2025-11-15T08:54:58+00:00\",\"mainEntityOfPage\":{\"@id\":\"https:\/\/www.sonnenseite.com\/de\/umwelt\/globale-co%e2%82%82-emissionen-von-wegen-trendwende\/\"},\"wordCount\":989,\"publisher\":{\"@id\":\"https:\/\/www.sonnenseite.com\/de\/#organization\"},\"image\":{\"@id\":\"https:\/\/www.sonnenseite.com\/de\/umwelt\/globale-co%e2%82%82-emissionen-von-wegen-trendwende\/#primaryimage\"},\"thumbnailUrl\":\"https:\/\/www.sonnenseite.com\/wp-content\/uploads\/2018\/06\/CO2_drizzd.jpg\",\"articleSection\":[\"Umwelt\"],\"inLanguage\":\"de\"},{\"@type\":\"WebPage\",\"@id\":\"https:\/\/www.sonnenseite.com\/de\/umwelt\/globale-co%e2%82%82-emissionen-von-wegen-trendwende\/\",\"url\":\"https:\/\/www.sonnenseite.com\/de\/umwelt\/globale-co%e2%82%82-emissionen-von-wegen-trendwende\/\",\"name\":\"Globale CO\u2082-Emissionen: Von wegen Trendwende - Sonnenseite - \u00d6kologische Kommunikation mit Franz Alt\",\"isPartOf\":{\"@id\":\"https:\/\/www.sonnenseite.com\/de\/#website\"},\"primaryImageOfPage\":{\"@id\":\"https:\/\/www.sonnenseite.com\/de\/umwelt\/globale-co%e2%82%82-emissionen-von-wegen-trendwende\/#primaryimage\"},\"image\":{\"@id\":\"https:\/\/www.sonnenseite.com\/de\/umwelt\/globale-co%e2%82%82-emissionen-von-wegen-trendwende\/#primaryimage\"},\"thumbnailUrl\":\"https:\/\/www.sonnenseite.com\/wp-content\/uploads\/2018\/06\/CO2_drizzd.jpg\",\"datePublished\":\"2025-11-15T08:54:57+00:00\",\"dateModified\":\"2025-11-15T08:54:58+00:00\",\"description\":\"Die weltweiten CO2-Emissionen steigen auch dieses Jahr weiter, zeigt der neue Bericht des Global Carbon Project. Zwar sinkt der CO2-Aussto\u00df in der EU und\",\"breadcrumb\":{\"@id\":\"https:\/\/www.sonnenseite.com\/de\/umwelt\/globale-co%e2%82%82-emissionen-von-wegen-trendwende\/#breadcrumb\"},\"inLanguage\":\"de\",\"potentialAction\":[{\"@type\":\"ReadAction\",\"target\":[\"https:\/\/www.sonnenseite.com\/de\/umwelt\/globale-co%e2%82%82-emissionen-von-wegen-trendwende\/\"]}]},{\"@type\":\"ImageObject\",\"inLanguage\":\"de\",\"@id\":\"https:\/\/www.sonnenseite.com\/de\/umwelt\/globale-co%e2%82%82-emissionen-von-wegen-trendwende\/#primaryimage\",\"url\":\"https:\/\/www.sonnenseite.com\/wp-content\/uploads\/2018\/06\/CO2_drizzd.jpg\",\"contentUrl\":\"https:\/\/www.sonnenseite.com\/wp-content\/uploads\/2018\/06\/CO2_drizzd.jpg\",\"width\":770,\"height\":420,\"caption\":\"bigstock | drizzd\"},{\"@type\":\"BreadcrumbList\",\"@id\":\"https:\/\/www.sonnenseite.com\/de\/umwelt\/globale-co%e2%82%82-emissionen-von-wegen-trendwende\/#breadcrumb\",\"itemListElement\":[{\"@type\":\"ListItem\",\"position\":1,\"name\":\"Startseite\",\"item\":\"https:\/\/www.sonnenseite.com\/de\/\"},{\"@type\":\"ListItem\",\"position\":2,\"name\":\"Globale CO\u2082-Emissionen: Von wegen Trendwende\"}]},{\"@type\":\"WebSite\",\"@id\":\"https:\/\/www.sonnenseite.com\/de\/#website\",\"url\":\"https:\/\/www.sonnenseite.com\/de\/\",\"name\":\"Sonnenseite\",\"description\":\"\u00d6kologische Kommunikation mit Franz Alt\",\"publisher\":{\"@id\":\"https:\/\/www.sonnenseite.com\/de\/#organization\"},\"potentialAction\":[{\"@type\":\"SearchAction\",\"target\":{\"@type\":\"EntryPoint\",\"urlTemplate\":\"https:\/\/www.sonnenseite.com\/de\/?s={search_term_string}\"},\"query-input\":{\"@type\":\"PropertyValueSpecification\",\"valueRequired\":true,\"valueName\":\"search_term_string\"}}],\"inLanguage\":\"de\"},{\"@type\":\"Organization\",\"@id\":\"https:\/\/www.sonnenseite.com\/de\/#organization\",\"name\":\"Sonnenseite\",\"url\":\"https:\/\/www.sonnenseite.com\/de\/\",\"logo\":{\"@type\":\"ImageObject\",\"inLanguage\":\"de\",\"@id\":\"https:\/\/www.sonnenseite.com\/de\/#\/schema\/logo\/image\/\",\"url\":\"https:\/\/www.sonnenseite.com\/wp-content\/uploads\/2020\/05\/Sonnenseite_Logo.png\",\"contentUrl\":\"https:\/\/www.sonnenseite.com\/wp-content\/uploads\/2020\/05\/Sonnenseite_Logo.png\",\"width\":377,\"height\":90,\"caption\":\"Sonnenseite\"},\"image\":{\"@id\":\"https:\/\/www.sonnenseite.com\/de\/#\/schema\/logo\/image\/\"},\"sameAs\":[\"https:\/\/www.facebook.com\/pages\/Franz-Alt-SONNENSEITECOM\/221072987903953?fref=ts\",\"https:\/\/x.com\/franzalt\",\"http:\/\/www.youtube.com\/results?search_query&amp;amp;quot;franz_alt&amp;amp;quot;&amp;amp;amp;amp;search_type&amp;amp;amp;amp;aq=f\"]},{\"@type\":\"Person\",\"@id\":\"https:\/\/www.sonnenseite.com\/de\/#\/schema\/person\/50fda0e926597684c7cc6695238a4eb9\",\"name\":\"Bigi Alt\"}]}<\/script>\n<!-- \/ Yoast SEO plugin. -->","yoast_head_json":{"title":"Globale CO\u2082-Emissionen: Von wegen Trendwende - Sonnenseite - \u00d6kologische Kommunikation mit Franz Alt","description":"Die weltweiten CO2-Emissionen steigen auch dieses Jahr weiter, zeigt der neue Bericht des Global Carbon Project. Zwar sinkt der CO2-Aussto\u00df in der EU und","robots":{"index":"index","follow":"follow","max-snippet":"max-snippet:-1","max-image-preview":"max-image-preview:large","max-video-preview":"max-video-preview:-1"},"canonical":"https:\/\/www.sonnenseite.com\/de\/umwelt\/globale-co%e2%82%82-emissionen-von-wegen-trendwende\/","og_locale":"de_DE","og_type":"article","og_title":"Globale CO\u2082-Emissionen: Von wegen Trendwende - Sonnenseite - \u00d6kologische Kommunikation mit Franz Alt","og_description":"Die weltweiten CO2-Emissionen steigen auch dieses Jahr weiter, zeigt der neue Bericht des Global Carbon Project. Zwar sinkt der CO2-Aussto\u00df in der EU und","og_url":"https:\/\/www.sonnenseite.com\/de\/umwelt\/globale-co%e2%82%82-emissionen-von-wegen-trendwende\/","og_site_name":"Sonnenseite","article_publisher":"https:\/\/www.facebook.com\/pages\/Franz-Alt-SONNENSEITECOM\/221072987903953?fref=ts","article_published_time":"2025-11-15T08:54:57+00:00","article_modified_time":"2025-11-15T08:54:58+00:00","og_image":[{"width":770,"height":420,"url":"https:\/\/www.sonnenseite.com\/wp-content\/uploads\/2018\/06\/CO2_drizzd.jpg","type":"image\/jpeg"}],"author":"Bigi Alt","twitter_card":"summary_large_image","twitter_creator":"@franzalt","twitter_site":"@franzalt","twitter_misc":{"Verfasst von":"Bigi Alt","Gesch\u00e4tzte Lesezeit":"6\u00a0Minuten"},"schema":{"@context":"https:\/\/schema.org","@graph":[{"@type":"Article","@id":"https:\/\/www.sonnenseite.com\/de\/umwelt\/globale-co%e2%82%82-emissionen-von-wegen-trendwende\/#article","isPartOf":{"@id":"https:\/\/www.sonnenseite.com\/de\/umwelt\/globale-co%e2%82%82-emissionen-von-wegen-trendwende\/"},"author":{"name":"Bigi Alt","@id":"https:\/\/www.sonnenseite.com\/de\/#\/schema\/person\/50fda0e926597684c7cc6695238a4eb9"},"headline":"Globale CO\u2082-Emissionen: Von wegen Trendwende","datePublished":"2025-11-15T08:54:57+00:00","dateModified":"2025-11-15T08:54:58+00:00","mainEntityOfPage":{"@id":"https:\/\/www.sonnenseite.com\/de\/umwelt\/globale-co%e2%82%82-emissionen-von-wegen-trendwende\/"},"wordCount":989,"publisher":{"@id":"https:\/\/www.sonnenseite.com\/de\/#organization"},"image":{"@id":"https:\/\/www.sonnenseite.com\/de\/umwelt\/globale-co%e2%82%82-emissionen-von-wegen-trendwende\/#primaryimage"},"thumbnailUrl":"https:\/\/www.sonnenseite.com\/wp-content\/uploads\/2018\/06\/CO2_drizzd.jpg","articleSection":["Umwelt"],"inLanguage":"de"},{"@type":"WebPage","@id":"https:\/\/www.sonnenseite.com\/de\/umwelt\/globale-co%e2%82%82-emissionen-von-wegen-trendwende\/","url":"https:\/\/www.sonnenseite.com\/de\/umwelt\/globale-co%e2%82%82-emissionen-von-wegen-trendwende\/","name":"Globale CO\u2082-Emissionen: Von wegen Trendwende - Sonnenseite - \u00d6kologische Kommunikation mit Franz Alt","isPartOf":{"@id":"https:\/\/www.sonnenseite.com\/de\/#website"},"primaryImageOfPage":{"@id":"https:\/\/www.sonnenseite.com\/de\/umwelt\/globale-co%e2%82%82-emissionen-von-wegen-trendwende\/#primaryimage"},"image":{"@id":"https:\/\/www.sonnenseite.com\/de\/umwelt\/globale-co%e2%82%82-emissionen-von-wegen-trendwende\/#primaryimage"},"thumbnailUrl":"https:\/\/www.sonnenseite.com\/wp-content\/uploads\/2018\/06\/CO2_drizzd.jpg","datePublished":"2025-11-15T08:54:57+00:00","dateModified":"2025-11-15T08:54:58+00:00","description":"Die weltweiten CO2-Emissionen steigen auch dieses Jahr weiter, zeigt der neue Bericht des Global Carbon Project. Zwar sinkt der CO2-Aussto\u00df in der EU und","breadcrumb":{"@id":"https:\/\/www.sonnenseite.com\/de\/umwelt\/globale-co%e2%82%82-emissionen-von-wegen-trendwende\/#breadcrumb"},"inLanguage":"de","potentialAction":[{"@type":"ReadAction","target":["https:\/\/www.sonnenseite.com\/de\/umwelt\/globale-co%e2%82%82-emissionen-von-wegen-trendwende\/"]}]},{"@type":"ImageObject","inLanguage":"de","@id":"https:\/\/www.sonnenseite.com\/de\/umwelt\/globale-co%e2%82%82-emissionen-von-wegen-trendwende\/#primaryimage","url":"https:\/\/www.sonnenseite.com\/wp-content\/uploads\/2018\/06\/CO2_drizzd.jpg","contentUrl":"https:\/\/www.sonnenseite.com\/wp-content\/uploads\/2018\/06\/CO2_drizzd.jpg","width":770,"height":420,"caption":"bigstock | drizzd"},{"@type":"BreadcrumbList","@id":"https:\/\/www.sonnenseite.com\/de\/umwelt\/globale-co%e2%82%82-emissionen-von-wegen-trendwende\/#breadcrumb","itemListElement":[{"@type":"ListItem","position":1,"name":"Startseite","item":"https:\/\/www.sonnenseite.com\/de\/"},{"@type":"ListItem","position":2,"name":"Globale CO\u2082-Emissionen: Von wegen Trendwende"}]},{"@type":"WebSite","@id":"https:\/\/www.sonnenseite.com\/de\/#website","url":"https:\/\/www.sonnenseite.com\/de\/","name":"Sonnenseite","description":"\u00d6kologische Kommunikation mit Franz Alt","publisher":{"@id":"https:\/\/www.sonnenseite.com\/de\/#organization"},"potentialAction":[{"@type":"SearchAction","target":{"@type":"EntryPoint","urlTemplate":"https:\/\/www.sonnenseite.com\/de\/?s={search_term_string}"},"query-input":{"@type":"PropertyValueSpecification","valueRequired":true,"valueName":"search_term_string"}}],"inLanguage":"de"},{"@type":"Organization","@id":"https:\/\/www.sonnenseite.com\/de\/#organization","name":"Sonnenseite","url":"https:\/\/www.sonnenseite.com\/de\/","logo":{"@type":"ImageObject","inLanguage":"de","@id":"https:\/\/www.sonnenseite.com\/de\/#\/schema\/logo\/image\/","url":"https:\/\/www.sonnenseite.com\/wp-content\/uploads\/2020\/05\/Sonnenseite_Logo.png","contentUrl":"https:\/\/www.sonnenseite.com\/wp-content\/uploads\/2020\/05\/Sonnenseite_Logo.png","width":377,"height":90,"caption":"Sonnenseite"},"image":{"@id":"https:\/\/www.sonnenseite.com\/de\/#\/schema\/logo\/image\/"},"sameAs":["https:\/\/www.facebook.com\/pages\/Franz-Alt-SONNENSEITECOM\/221072987903953?fref=ts","https:\/\/x.com\/franzalt","http:\/\/www.youtube.com\/results?search_query&amp;amp;quot;franz_alt&amp;amp;quot;&amp;amp;amp;amp;search_type&amp;amp;amp;amp;aq=f"]},{"@type":"Person","@id":"https:\/\/www.sonnenseite.com\/de\/#\/schema\/person\/50fda0e926597684c7cc6695238a4eb9","name":"Bigi Alt"}]}},"_links":{"self":[{"href":"https:\/\/www.sonnenseite.com\/de\/wp-json\/wp\/v2\/posts\/110899","targetHints":{"allow":["GET"]}}],"collection":[{"href":"https:\/\/www.sonnenseite.com\/de\/wp-json\/wp\/v2\/posts"}],"about":[{"href":"https:\/\/www.sonnenseite.com\/de\/wp-json\/wp\/v2\/types\/post"}],"author":[{"embeddable":true,"href":"https:\/\/www.sonnenseite.com\/de\/wp-json\/wp\/v2\/users\/3"}],"replies":[{"embeddable":true,"href":"https:\/\/www.sonnenseite.com\/de\/wp-json\/wp\/v2\/comments?post=110899"}],"version-history":[{"count":1,"href":"https:\/\/www.sonnenseite.com\/de\/wp-json\/wp\/v2\/posts\/110899\/revisions"}],"predecessor-version":[{"id":110900,"href":"https:\/\/www.sonnenseite.com\/de\/wp-json\/wp\/v2\/posts\/110899\/revisions\/110900"}],"wp:featuredmedia":[{"embeddable":true,"href":"https:\/\/www.sonnenseite.com\/de\/wp-json\/wp\/v2\/media\/17547"}],"wp:attachment":[{"href":"https:\/\/www.sonnenseite.com\/de\/wp-json\/wp\/v2\/media?parent=110899"}],"wp:term":[{"taxonomy":"category","embeddable":true,"href":"https:\/\/www.sonnenseite.com\/de\/wp-json\/wp\/v2\/categories?post=110899"},{"taxonomy":"post_tag","embeddable":true,"href":"https:\/\/www.sonnenseite.com\/de\/wp-json\/wp\/v2\/tags?post=110899"}],"curies":[{"name":"wp","href":"https:\/\/api.w.org\/{rel}","templated":true}]}}